{"id":10304,"date":"2023-01-18T10:22:51","date_gmt":"2023-01-18T16:22:51","guid":{"rendered":"https:\/\/puntodincontro.mx\/?p=10304"},"modified":"2023-01-18T19:07:01","modified_gmt":"2023-01-19T01:07:01","slug":"vuelo-directo-ciudad-de-mexico-roma-comienza-la-cuenta-regresiva","status":"publish","type":"post","link":"https:\/\/puntodincontro.mx\/es\/2023\/01\/18\/volo-diretto-citta-del-messico-roma-inizia-il-conto-alla-rovescia\/","title":{"rendered":"Vuelo directo Ciudad de M\u00e9xico-Roma: comienza la cuenta regresiva"},"content":{"rendered":"<p class=\"translation-block\"><strong>10:10 hrs.<\/strong> - <a href=\"https:\/\/aeromexico.com\/es-mx\" target=\"_blank\">Aerom\u00e9xico<\/a> ha iniciado oficialmente la cuenta regresiva hacia el 26 de marzo, fecha de inauguraci\u00f3n de la nueva ruta directa entre <a href=\"https:\/\/puntodincontro.mx\/es\/2022\/11\/07\/aeromexico-vuelo-directo-cdmx-roma-desde-marzo-de-2023\/\" target=\"_blank\" rel=\"noreferrer noopener\">Roma Fiumicino y la Ciudad de M\u00e9xico<\/a>. Desde el Hotel Bulgari, en el coraz\u00f3n de Mil\u00e1n, la compa\u00f1\u00eda quiso subrayar una vez m\u00e1s la importancia de esta conexi\u00f3n, que representar\u00e1 una oportunidad para toda Italia, no solo para el aeropuerto romano.<\/p>\n\n\n\n<p class=\"translation-block\">Cuatro vuelos semanales, que aumentar\u00e1n a cinco a partir del 1\u00ba de junio y ser\u00e1n <a href=\"https:\/\/puntodincontro.mx\/es\/2022\/11\/30\/aeromexico-el-vuelo-roma-cdmx-sera-diario-a-partir-del-16-de-junio\/\" target=\"_blank\" rel=\"noreferrer noopener\">diarios<\/a> entre el 15 de junio y el 15 de septiembre, una intensificaci\u00f3n a gran escala de la capacidad, que toma en cuenta \u00abla alt\u00edsima demanda, confirmada por las reservaciones tan pronto como fueron abiertas las ventas\u00bb \u2014declar\u00f3 Giancarlo Mulinelli, vicepresidente senior de ventas globales de Aerom\u00e9xico\u2014 \u00abalcanzamos el 60% a\u00fan sin el punto de venta italiano, que fue abierto m\u00e1s tarde\u00bb.<\/p>\n\n\n\n<p>Los horarios \u2014salida de Italia a las 23.15 horas y llegada a M\u00e9xico a las 15.15 horas\u2014 garantizan la posibilidad de conexi\u00f3n en el Bel Paese \u00abgracias al acuerdo comercial con Ita Airways y tambi\u00e9n con algunos aeropuertos europeos\u00bb, adem\u00e1s de abrir la posibilidad de continuar hacia la red dom\u00e9stica de Aerom\u00e9xico (42 destinos), as\u00ed como a ciudades en Norte, Centro y Sudam\u00e9rica.<\/p>\n\n\n\n<p>Las expectativas de tr\u00e1fico originadas en el mercado italiano son altas y la aerol\u00ednea estima una \u00abcorrecta mezcla de segmentos de clientes, entre los cuales destaca el de negocios, considerando el n\u00famero de empresas italianas que operan en M\u00e9xico, as\u00ed como el de viajeros que visitan a amigos y familiares y, por supuesto, el componente tur\u00edstico\u00bb.<\/p>\n\n\n\n<p>En este frente, el directivo subray\u00f3 la importancia de la comercializaci\u00f3n, un sector con el que la aerol\u00ednea \u00abtiene una relaci\u00f3n beneficiosa para ambas partes: tanto en Italia como a nivel mundial, el porcentaje de ventas tramitadas por agencias es significativo, superior al 50% del total. Tambi\u00e9n hemos establecido contactos con todos los principales operadores tur\u00edsticos que ofrecen M\u00e9xico como destino. Es importante, en esta fase como lo ha sido en los \u00faltimos meses, escucharnos unos a otros para entender mejor en qu\u00e9 direcci\u00f3n movernos\u00bb.<\/p>\n\n\n\n<p>Adem\u00e1s, \u00abno debe subestimarse el tr\u00e1fico relacionado con cruceros que une la terminal de Fiumicino con el cercano puerto de Civitavecchia\u00bb \u2014observ\u00f3 Pasquale Speranza, director regional de ventas para Europa y Asia\u2014 \u00abque constituir\u00e1 un importante atractivo para los flujos provenientes de M\u00e9xico\u00bb.<\/p>\n\n\n\n<p>En la ruta se utilizar\u00e1 un Boeing 787-8 Dreamliner, as\u00ed como en el resto de conexiones europeas servidas por la compa\u00f1\u00eda: \u00abLos vuelos entre M\u00e9xico y Europa (adem\u00e1s de Roma, est\u00e1n disponibles Madrid, \u00c1msterdam, Londres y Par\u00eds) ser\u00e1n 56 por semana: un aumento de m\u00e1s de 20% en comparaci\u00f3n con el verano de 2022\u00bb.<\/p>\n\n\n\n<p>Federico Scriboni, jefe de Desarrollo Aeron\u00e1utico de Aeroporti di Roma, deline\u00f3 las caracter\u00edsticas del mercado Italia-M\u00e9xico: \u00abEn 2019, el tr\u00e1fico Italia-M\u00e9xico sum\u00f3 m\u00e1s de 220 mil pasajeros, \u00a1imaginemos ahora, con la conexi\u00f3n directa, hasta d\u00f3nde podremos llegar!\u00bb.<\/p>\n\n\n\n<p>En total, entre enero y noviembre de 2022 \u00ablas llegadas de italianos a M\u00e9xico rondaron las 106,400 personas\u00bb \u2014agreg\u00f3 Georgina Rosaura Marina Robles, c\u00f3nsul adjunta en el Consulado General de M\u00e9xico en Mil\u00e1n\u2014 \u00abun dato que coloca a Italia en el 14\u00ba lugar por n\u00famero de visitantes a M\u00e9xico. Ahora, el nuevo vuelo es una oportunidad para fortalecer a\u00fan m\u00e1s el v\u00ednculo entre los dos pa\u00edses, muy similares en cultura, gastronom\u00eda y poblaci\u00f3n. Es una invitaci\u00f3n a descubrir nuevos destinos, m\u00e1s all\u00e1 de Canc\u00fan\u00bb.<\/p>\n\n\n\n<div style=\"height:12px\" aria-hidden=\"true\" class=\"wp-block-spacer\"><\/div>\n\n\n<!-- Ad space powered by WP AdCenter v2.5.7 - https:\/\/wpadcenter.com\/ --><div class=\"wpadcenter-adgroup\" ><div class=\"wpadcenter-adgroup__row wpadcenter-aligncenter\"><div class=\"wpadcenter-ad-container\" ><div id=\"wpadcenter-ad-18464\" class=\"ad-placement\"><div class=\"wpadcenter-ad-inner\" ><a id=\"wpadcenter_ad\" data-value=\"18464\" data-placement=\"\" href=\"https:\/\/www.productosremo.com\/\" target=\"_blank\" class=\"wpadcenter-ad-inner__item\" ><img decoding=\"async\"   src=\"https:\/\/puntodincontro.mx\/wp-content\/uploads\/2021\/08\/remobanner.jpg\" class=\"attachment-post-thumbnail size-post-thumbnail wp-post-image\" alt=\"\" srcset=\"https:\/\/puntodincontro.mx\/wp-content\/uploads\/2021\/08\/remobanner.jpg 200w, https:\/\/puntodincontro.mx\/wp-content\/uploads\/2021\/08\/remobanner-16x5.jpg 16w\" sizes=\"(max-width: 200px) 100vw, 200px\" \/><\/a><\/div><\/div><\/div><div class=\"wpadcenter-ad-container\" ><div id=\"wpadcenter-ad-5305\" class=\"ad-placement\"><div class=\"wpadcenter-ad-inner\" ><a id=\"wpadcenter_ad\" data-value=\"5305\" data-placement=\"\" href=\"https:\/\/faitalia.com.mx\/\" target=\"_blank\" class=\"wpadcenter-ad-inner__item\" ><img decoding=\"async\"   src=\"https:\/\/puntodincontro.mx\/wp-content\/uploads\/2022\/05\/gruppodino.jpg\" class=\"attachment-post-thumbnail size-post-thumbnail wp-post-image\" alt=\"\" srcset=\"https:\/\/puntodincontro.mx\/wp-content\/uploads\/2022\/05\/gruppodino.jpg 200w, https:\/\/puntodincontro.mx\/wp-content\/uploads\/2022\/05\/gruppodino-18x5.jpg 18w\" sizes=\"(max-width: 200px) 100vw, 200px\" \/><\/a><\/div><\/div><\/div><div class=\"wpadcenter-ad-container\" ><div id=\"wpadcenter-ad-3781\" class=\"ad-placement\"><div class=\"wpadcenter-ad-inner\" ><a id=\"wpadcenter_ad\" data-value=\"3781\" data-placement=\"\" href=\"https:\/\/cannizzo.com.mx\/\" target=\"_blank\" class=\"wpadcenter-ad-inner__item\" ><img decoding=\"async\"   src=\"https:\/\/puntodincontro.mx\/wp-content\/uploads\/2022\/03\/cannizzo2.jpg\" class=\"attachment-post-thumbnail size-post-thumbnail wp-post-image\" alt=\"\" srcset=\"https:\/\/puntodincontro.mx\/wp-content\/uploads\/2022\/03\/cannizzo2.jpg 200w, https:\/\/puntodincontro.mx\/wp-content\/uploads\/2022\/03\/cannizzo2-18x5.jpg 18w\" sizes=\"(max-width: 200px) 100vw, 200px\" \/><\/a><\/div><\/div><\/div><\/div><div class=\"wpadcenter-adgroup__row wpadcenter-aligncenter\"><div class=\"wpadcenter-ad-container\" ><div id=\"wpadcenter-ad-1704\" class=\"ad-placement\"><div class=\"wpadcenter-ad-inner\" ><a id=\"wpadcenter_ad\" data-value=\"1704\" data-placement=\"\" href=\"https:\/\/puntodincontro.mx\/es\/2021\/12\/24\/inps-verificacion-de-supervivencia-de-los-pensionados-en-el-extranjero\/\" target=\"_blank\" class=\"wpadcenter-ad-inner__item\" ><img decoding=\"async\"   src=\"https:\/\/puntodincontro.mx\/wp-content\/uploads\/2021\/11\/logo-ital.jpg\" class=\"attachment-post-thumbnail size-post-thumbnail wp-post-image\" alt=\"Patronato ITAL Messico\" srcset=\"https:\/\/puntodincontro.mx\/wp-content\/uploads\/2021\/11\/logo-ital.jpg 200w, https:\/\/puntodincontro.mx\/wp-content\/uploads\/2021\/11\/logo-ital-16x5.jpg 16w\" sizes=\"(max-width: 200px) 100vw, 200px\" \/><\/a><\/div><\/div><\/div><div class=\"wpadcenter-ad-container\" ><div id=\"wpadcenter-ad-1538\" class=\"ad-placement\"><div class=\"wpadcenter-ad-inner\" ><a id=\"wpadcenter_ad\" data-value=\"1538\" data-placement=\"\" href=\"https:\/\/asociacionitaliana.org\/\" target=\"_blank\" class=\"wpadcenter-ad-inner__item\" ><img decoding=\"async\"   src=\"https:\/\/puntodincontro.mx\/wp-content\/uploads\/2021\/11\/aialogo.jpg\" class=\"attachment-post-thumbnail size-post-thumbnail wp-post-image\" alt=\"Associazione Italiana di Assistenza IAP\" srcset=\"https:\/\/puntodincontro.mx\/wp-content\/uploads\/2021\/11\/aialogo.jpg 200w, https:\/\/puntodincontro.mx\/wp-content\/uploads\/2021\/11\/aialogo-18x5.jpg 18w\" sizes=\"(max-width: 200px) 100vw, 200px\" \/><\/a><\/div><\/div><\/div><div class=\"wpadcenter-ad-container\" ><div id=\"wpadcenter-ad-1513\" class=\"ad-placement\"><div class=\"wpadcenter-ad-inner\" ><a id=\"wpadcenter_ad\" data-value=\"1513\" data-placement=\"\" href=\"https:\/\/gcinmuebles.mx\" target=\"_blank\" class=\"wpadcenter-ad-inner__item\" ><img decoding=\"async\"   src=\"https:\/\/puntodincontro.mx\/wp-content\/uploads\/2021\/10\/gcinmuebleslogopunto-1.jpg\" class=\"attachment-post-thumbnail size-post-thumbnail wp-post-image\" alt=\"\" srcset=\"https:\/\/puntodincontro.mx\/wp-content\/uploads\/2021\/10\/gcinmuebleslogopunto-1.jpg 200w, https:\/\/puntodincontro.mx\/wp-content\/uploads\/2021\/10\/gcinmuebleslogopunto-1-18x5.jpg 18w\" sizes=\"(max-width: 200px) 100vw, 200px\" \/><\/a><\/div><\/div><\/div><\/div><div class=\"wpadcenter-adgroup__row wpadcenter-aligncenter\"><div class=\"wpadcenter-ad-container\" ><div id=\"wpadcenter-ad-1374\" class=\"ad-placement\"><div class=\"wpadcenter-ad-inner\" ><a id=\"wpadcenter_ad\" data-value=\"1374\" data-placement=\"\" href=\"https:\/\/www.9colonne.it\/\" target=\"_blank\" class=\"wpadcenter-ad-inner__item\" ><img decoding=\"async\"   src=\"https:\/\/puntodincontro.mx\/wp-content\/uploads\/2021\/10\/Banner9colonne.gif\" class=\"attachment-post-thumbnail size-post-thumbnail wp-post-image\" alt=\"\" \/><\/a><\/div><\/div><\/div><div class=\"wpadcenter-ad-container\" ><div id=\"wpadcenter-ad-276\" class=\"ad-placement\"><div class=\"wpadcenter-ad-inner\" ><a id=\"wpadcenter_ad\" data-value=\"276\" data-placement=\"\" href=\"http:\/\/www.camaraitaliana.mx\/\" target=\"_blank\" class=\"wpadcenter-ad-inner__item\" ><img decoding=\"async\"   src=\"https:\/\/puntodincontro.mx\/wp-content\/uploads\/2021\/08\/ccimnuovo.jpg\" class=\"attachment-post-thumbnail size-post-thumbnail wp-post-image\" alt=\"\" srcset=\"https:\/\/puntodincontro.mx\/wp-content\/uploads\/2021\/08\/ccimnuovo.jpg 200w, https:\/\/puntodincontro.mx\/wp-content\/uploads\/2021\/08\/ccimnuovo-18x5.jpg 18w\" sizes=\"(max-width: 200px) 100vw, 200px\" \/><\/a><\/div><\/div><\/div><div class=\"wpadcenter-ad-container\" ><div id=\"wpadcenter-ad-272\" class=\"ad-placement\"><div class=\"wpadcenter-ad-inner\" ><a id=\"wpadcenter_ad\" data-value=\"272\" data-placement=\"\" href=\"http:\/\/corix.us\/\" target=\"_blank\" class=\"wpadcenter-ad-inner__item\" ><img decoding=\"async\"   src=\"https:\/\/puntodincontro.mx\/wp-content\/uploads\/2021\/08\/corixbanner-1.jpg\" class=\"attachment-post-thumbnail size-post-thumbnail wp-post-image\" alt=\"\" srcset=\"https:\/\/puntodincontro.mx\/wp-content\/uploads\/2021\/08\/corixbanner-1.jpg 200w, https:\/\/puntodincontro.mx\/wp-content\/uploads\/2021\/08\/corixbanner-1-16x5.jpg 16w\" sizes=\"(max-width: 200px) 100vw, 200px\" \/><\/a><\/div><\/div><\/div><\/div><div class=\"wpadcenter-adgroup__row wpadcenter-aligncenter\"><div class=\"wpadcenter-ad-container\" ><div id=\"wpadcenter-ad-266\" class=\"ad-placement\"><div class=\"wpadcenter-ad-inner\" ><a id=\"wpadcenter_ad\" data-value=\"266\" data-placement=\"\" href=\"https:\/\/www.prinsel.com.mx\/\" target=\"_blank\" class=\"wpadcenter-ad-inner__item\" ><img decoding=\"async\"   src=\"https:\/\/puntodincontro.mx\/wp-content\/uploads\/2021\/08\/prinselbanner-1.jpg\" class=\"attachment-post-thumbnail size-post-thumbnail wp-post-image\" alt=\"\" srcset=\"https:\/\/puntodincontro.mx\/wp-content\/uploads\/2021\/08\/prinselbanner-1.jpg 200w, https:\/\/puntodincontro.mx\/wp-content\/uploads\/2021\/08\/prinselbanner-1-16x5.jpg 16w\" sizes=\"(max-width: 200px) 100vw, 200px\" \/><\/a><\/div><\/div><\/div><div class=\"wpadcenter-ad-container\" ><div id=\"wpadcenter-ad-261\" class=\"ad-placement\"><div class=\"wpadcenter-ad-inner\" ><a id=\"wpadcenter_ad\" data-value=\"261\" data-placement=\"\" href=\"https:\/\/ambcittadelmessico.esteri.it\/ambasciata_cittadelmessico\/it\/\" target=\"_blank\" class=\"wpadcenter-ad-inner__item\" ><img decoding=\"async\"   src=\"https:\/\/puntodincontro.mx\/wp-content\/uploads\/2021\/08\/ambasciatabanner-1.jpg\" class=\"attachment-post-thumbnail size-post-thumbnail wp-post-image\" alt=\"\" srcset=\"https:\/\/puntodincontro.mx\/wp-content\/uploads\/2021\/08\/ambasciatabanner-1.jpg 200w, https:\/\/puntodincontro.mx\/wp-content\/uploads\/2021\/08\/ambasciatabanner-1-16x5.jpg 16w\" sizes=\"(max-width: 200px) 100vw, 200px\" \/><\/a><\/div><\/div><\/div><\/div><\/div>\n\n\n<div style=\"height:12px\" aria-hidden=\"true\" class=\"wp-block-spacer\"><\/div>","protected":false},"excerpt":{"rendered":"<p>Ore 10.10 &#8211; Aerom\u00e9xico ha dato ufficialmente il via al conto alla rovescia verso il 26 marzo, data di apertura della nuova rotta diretta tra Roma Fiumicino e Citt\u00e0 del Messico. Dall&#8217;Hotel Bulgari, nel cuore di Milano, la compagnia ha voluto sottolineare una volta di pi\u00f9 quanto il collegamento rappresenter\u00e0 un\u2019opportunit\u00e0 per tutta l\u2019Italia, non soltanto per lo scalo romano. Quattro frequenze alla settimana, che saliranno a cinque dal 1\u00b0 giugno per poi diventare giornaliere dal 15 giugno fino al 15 settembre, una vera e propria intensificazione di capacit\u00e0 quella immessa sulla rotta, considerata \u00abl\u2019elevatissima domanda, confermata dadalle prenotazioni appena&#8230; <\/p>","protected":false},"author":2,"featured_media":10308,"comment_status":"open","ping_status":"open","sticky":false,"template":"","format":"standard","meta":{"_monsterinsights_skip_tracking":false,"_monsterinsights_sitenote_active":false,"_monsterinsights_sitenote_note":"","_monsterinsights_sitenote_category":0,"footnotes":""},"categories":[8],"tags":[],"class_list":["post-10304","post","type-post","status-publish","format-standard","has-post-thumbnail","hentry","category-viaggi"],"yoast_head":"<!-- This site is optimized with the Yoast SEO Premium plugin v18.4 (Yoast SEO v25.6) - https:\/\/yoast.com\/wordpress\/plugins\/seo\/ -->\n<title>Volo diretto Citt\u00e0 del Messico-Roma: inizia il conto alla rovescia<\/title>\n<meta name=\"description\" content=\"Aerom\u00e9xico ha dato il via al conto alla rovescia verso il 26 marzo, data di apertura della rotta diretta Roma Fiumicino - Citt\u00e0 del Messico\" \/>\n<meta name=\"robots\" content=\"index, follow, max-snippet:-1, max-image-preview:large, max-video-preview:-1\" \/>\n<link rel=\"canonical\" href=\"https:\/\/puntodincontro.mx\/es\/2023\/01\/18\/vuelo-directo-ciudad-de-mexico-roma-comienza-la-cuenta-regresiva\/\" \/>\n<meta property=\"og:locale\" content=\"es_MX\" \/>\n<meta property=\"og:type\" content=\"article\" \/>\n<meta property=\"og:title\" content=\"Volo diretto Citt\u00e0 del Messico-Roma: inizia il conto alla rovescia\" \/>\n<meta property=\"og:description\" content=\"Aerom\u00e9xico ha dato il via al conto alla rovescia verso il 26 marzo, data di apertura della rotta diretta Roma Fiumicino - Citt\u00e0 del Messico\" \/>\n<meta property=\"og:url\" content=\"https:\/\/puntodincontro.mx\/es\/2023\/01\/18\/vuelo-directo-ciudad-de-mexico-roma-comienza-la-cuenta-regresiva\/\" \/>\n<meta property=\"og:site_name\" content=\"Puntodincontro\" \/>\n<meta property=\"article:publisher\" content=\"https:\/\/www.facebook.com\/puntodincontro.mx\" \/>\n<meta property=\"article:published_time\" content=\"2023-01-18T16:22:51+00:00\" \/>\n<meta property=\"article:modified_time\" content=\"2023-01-19T01:07:01+00:00\" \/>\n<meta property=\"og:image\" content=\"https:\/\/puntodincontro.mx\/wp-content\/uploads\/2023\/01\/volodirettocomp.jpg\" \/>\n\t<meta property=\"og:image:width\" content=\"932\" \/>\n\t<meta property=\"og:image:height\" content=\"488\" \/>\n\t<meta property=\"og:image:type\" content=\"image\/jpeg\" \/>\n<meta name=\"author\" content=\"Puntodincontro\" \/>\n<meta name=\"twitter:card\" content=\"summary_large_image\" \/>\n<meta name=\"twitter:creator\" content=\"@puntodincontro\" \/>\n<meta name=\"twitter:site\" content=\"@puntodincontro\" \/>\n<meta name=\"twitter:label1\" content=\"Escrito por\" \/>\n\t<meta name=\"twitter:data1\" content=\"Puntodincontro\" \/>\n\t<meta name=\"twitter:label2\" content=\"Tiempo de lectura\" \/>\n\t<meta name=\"twitter:data2\" content=\"2 minutos\" \/>\n<script type=\"application\/ld+json\" class=\"yoast-schema-graph\">{\"@context\":\"https:\/\/schema.org\",\"@graph\":[{\"@type\":\"NewsArticle\",\"@id\":\"https:\/\/puntodincontro.mx\/2023\/01\/18\/volo-diretto-citta-del-messico-roma-inizia-il-conto-alla-rovescia\/#article\",\"isPartOf\":{\"@id\":\"https:\/\/puntodincontro.mx\/2023\/01\/18\/volo-diretto-citta-del-messico-roma-inizia-il-conto-alla-rovescia\/\"},\"author\":{\"name\":\"Puntodincontro\",\"@id\":\"https:\/\/puntodincontro.mx\/#\/schema\/person\/d3066d18a16259cbb0c29b0d0e93b556\"},\"headline\":\"Volo diretto Citt\u00e0 del Messico-Roma: inizia il conto alla rovescia\",\"datePublished\":\"2023-01-18T16:22:51+00:00\",\"dateModified\":\"2023-01-19T01:07:01+00:00\",\"mainEntityOfPage\":{\"@id\":\"https:\/\/puntodincontro.mx\/2023\/01\/18\/volo-diretto-citta-del-messico-roma-inizia-il-conto-alla-rovescia\/\"},\"wordCount\":512,\"commentCount\":0,\"publisher\":{\"@id\":\"https:\/\/puntodincontro.mx\/#organization\"},\"image\":{\"@id\":\"https:\/\/puntodincontro.mx\/2023\/01\/18\/volo-diretto-citta-del-messico-roma-inizia-il-conto-alla-rovescia\/#primaryimage\"},\"thumbnailUrl\":\"https:\/\/puntodincontro.mx\/wp-content\/uploads\/2023\/01\/volodirettovert.webp\",\"articleSection\":[\"Viaggi\"],\"inLanguage\":\"es\",\"potentialAction\":[{\"@type\":\"CommentAction\",\"name\":\"Comment\",\"target\":[\"https:\/\/puntodincontro.mx\/2023\/01\/18\/volo-diretto-citta-del-messico-roma-inizia-il-conto-alla-rovescia\/#respond\"]}]},{\"@type\":\"WebPage\",\"@id\":\"https:\/\/puntodincontro.mx\/2023\/01\/18\/volo-diretto-citta-del-messico-roma-inizia-il-conto-alla-rovescia\/\",\"url\":\"https:\/\/puntodincontro.mx\/2023\/01\/18\/volo-diretto-citta-del-messico-roma-inizia-il-conto-alla-rovescia\/\",\"name\":\"Volo diretto Citt\u00e0 del Messico-Roma: inizia il conto alla rovescia\",\"isPartOf\":{\"@id\":\"https:\/\/puntodincontro.mx\/#website\"},\"primaryImageOfPage\":{\"@id\":\"https:\/\/puntodincontro.mx\/2023\/01\/18\/volo-diretto-citta-del-messico-roma-inizia-il-conto-alla-rovescia\/#primaryimage\"},\"image\":{\"@id\":\"https:\/\/puntodincontro.mx\/2023\/01\/18\/volo-diretto-citta-del-messico-roma-inizia-il-conto-alla-rovescia\/#primaryimage\"},\"thumbnailUrl\":\"https:\/\/puntodincontro.mx\/wp-content\/uploads\/2023\/01\/volodirettovert.webp\",\"datePublished\":\"2023-01-18T16:22:51+00:00\",\"dateModified\":\"2023-01-19T01:07:01+00:00\",\"description\":\"Aerom\u00e9xico ha dato il via al conto alla rovescia verso il 26 marzo, data di apertura della rotta diretta Roma Fiumicino - Citt\u00e0 del Messico\",\"breadcrumb\":{\"@id\":\"https:\/\/puntodincontro.mx\/2023\/01\/18\/volo-diretto-citta-del-messico-roma-inizia-il-conto-alla-rovescia\/#breadcrumb\"},\"inLanguage\":\"es\",\"potentialAction\":[{\"@type\":\"ReadAction\",\"target\":[\"https:\/\/puntodincontro.mx\/2023\/01\/18\/volo-diretto-citta-del-messico-roma-inizia-il-conto-alla-rovescia\/\"]}]},{\"@type\":\"ImageObject\",\"inLanguage\":\"es\",\"@id\":\"https:\/\/puntodincontro.mx\/2023\/01\/18\/volo-diretto-citta-del-messico-roma-inizia-il-conto-alla-rovescia\/#primaryimage\",\"url\":\"https:\/\/puntodincontro.mx\/wp-content\/uploads\/2023\/01\/volodirettovert.webp\",\"contentUrl\":\"https:\/\/puntodincontro.mx\/wp-content\/uploads\/2023\/01\/volodirettovert.webp\",\"width\":423,\"height\":488,\"caption\":\"Volo diretto Citt\u00e0 del Messico-Roma: inizia il conto alla rovescia\"},{\"@type\":\"BreadcrumbList\",\"@id\":\"https:\/\/puntodincontro.mx\/2023\/01\/18\/volo-diretto-citta-del-messico-roma-inizia-il-conto-alla-rovescia\/#breadcrumb\",\"itemListElement\":[{\"@type\":\"ListItem\",\"position\":1,\"name\":\"Home\",\"item\":\"https:\/\/puntodincontro.mx\/\"},{\"@type\":\"ListItem\",\"position\":2,\"name\":\"Volo diretto Citt\u00e0 del Messico-Roma: inizia il conto alla rovescia\"}]},{\"@type\":\"WebSite\",\"@id\":\"https:\/\/puntodincontro.mx\/#website\",\"url\":\"https:\/\/puntodincontro.mx\/\",\"name\":\"Puntodincontro\",\"description\":\"Dal 2006 notizie sui rapporti Italia-Messico \/ Desde 2006 noticias sobre las relaciones entre Italia y M\u00e9xico\",\"publisher\":{\"@id\":\"https:\/\/puntodincontro.mx\/#organization\"},\"potentialAction\":[{\"@type\":\"SearchAction\",\"target\":{\"@type\":\"EntryPoint\",\"urlTemplate\":\"https:\/\/puntodincontro.mx\/?s={search_term_string}\"},\"query-input\":{\"@type\":\"PropertyValueSpecification\",\"valueRequired\":true,\"valueName\":\"search_term_string\"}}],\"inLanguage\":\"es\"},{\"@type\":\"Organization\",\"@id\":\"https:\/\/puntodincontro.mx\/#organization\",\"name\":\"Puntodincontro\",\"url\":\"https:\/\/puntodincontro.mx\/\",\"logo\":{\"@type\":\"ImageObject\",\"inLanguage\":\"es\",\"@id\":\"https:\/\/puntodincontro.mx\/#\/schema\/logo\/image\/\",\"url\":\"https:\/\/puntodincontro.mx\/wp-content\/uploads\/2021\/08\/Default-image-for-open-graph-settings.jpg\",\"contentUrl\":\"https:\/\/puntodincontro.mx\/wp-content\/uploads\/2021\/08\/Default-image-for-open-graph-settings.jpg\",\"width\":1200,\"height\":630,\"caption\":\"Puntodincontro\"},\"image\":{\"@id\":\"https:\/\/puntodincontro.mx\/#\/schema\/logo\/image\/\"},\"sameAs\":[\"https:\/\/www.facebook.com\/puntodincontro.mx\",\"https:\/\/x.com\/puntodincontro\",\"https:\/\/www.instagram.com\/puntodincontro.mx\/\",\"https:\/\/www.linkedin.com\/company\/puntodincontro\/\",\"https:\/\/www.youtube.com\/c\/puntodincontromessico\",\"https:\/\/www.patreon.com\/puntodincontro\",\"https:\/\/www.threads.net\/@puntodincontro.mx\"]},{\"@type\":\"Person\",\"@id\":\"https:\/\/puntodincontro.mx\/#\/schema\/person\/d3066d18a16259cbb0c29b0d0e93b556\",\"name\":\"Puntodincontro\",\"image\":{\"@type\":\"ImageObject\",\"inLanguage\":\"es\",\"@id\":\"https:\/\/puntodincontro.mx\/#\/schema\/person\/image\/\",\"url\":\"https:\/\/secure.gravatar.com\/avatar\/0e85b4b3b5e9d6bfcec6a4956d8cc63a?s=96&d=mm&r=g\",\"contentUrl\":\"https:\/\/secure.gravatar.com\/avatar\/0e85b4b3b5e9d6bfcec6a4956d8cc63a?s=96&d=mm&r=g\",\"caption\":\"Puntodincontro\"},\"url\":\"https:\/\/puntodincontro.mx\/es\/author\/puntodincontro\/\"}]}<\/script>\n<!-- \/ Yoast SEO Premium plugin. -->","yoast_head_json":{"title":"Vuelo directo Ciudad de M\u00e9xico-Roma: comienza la cuenta regresiva","description":"Aerom\u00e9xico ha iniciado la cuenta regresiva hacia el 26 de marzo, fecha de inauguraci\u00f3n de la ruta directa Roma Fiumicino - Ciudad de M\u00e9xico","robots":{"index":"index","follow":"follow","max-snippet":"max-snippet:-1","max-image-preview":"max-image-preview:large","max-video-preview":"max-video-preview:-1"},"canonical":"https:\/\/puntodincontro.mx\/es\/2023\/01\/18\/vuelo-directo-ciudad-de-mexico-roma-comienza-la-cuenta-regresiva\/","og_locale":"es_MX","og_type":"article","og_title":"Volo diretto Citt\u00e0 del Messico-Roma: inizia il conto alla rovescia","og_description":"Aerom\u00e9xico ha dato il via al conto alla rovescia verso il 26 marzo, data di apertura della rotta diretta Roma Fiumicino - Citt\u00e0 del Messico","og_url":"https:\/\/puntodincontro.mx\/es\/2023\/01\/18\/vuelo-directo-ciudad-de-mexico-roma-comienza-la-cuenta-regresiva\/","og_site_name":"Puntodincontro","article_publisher":"https:\/\/www.facebook.com\/puntodincontro.mx","article_published_time":"2023-01-18T16:22:51+00:00","article_modified_time":"2023-01-19T01:07:01+00:00","og_image":[{"width":932,"height":488,"url":"https:\/\/puntodincontro.mx\/wp-content\/uploads\/2023\/01\/volodirettocomp.jpg","type":"image\/jpeg"}],"author":"Puntodincontro","twitter_card":"summary_large_image","twitter_creator":"@puntodincontro","twitter_site":"@puntodincontro","twitter_misc":{"Escrito por":"Puntodincontro","Tiempo de lectura":"2 minutos"},"schema":{"@context":"https:\/\/schema.org","@graph":[{"@type":"NewsArticle","@id":"https:\/\/puntodincontro.mx\/2023\/01\/18\/volo-diretto-citta-del-messico-roma-inizia-il-conto-alla-rovescia\/#article","isPartOf":{"@id":"https:\/\/puntodincontro.mx\/2023\/01\/18\/volo-diretto-citta-del-messico-roma-inizia-il-conto-alla-rovescia\/"},"author":{"name":"Puntodincontro","@id":"https:\/\/puntodincontro.mx\/#\/schema\/person\/d3066d18a16259cbb0c29b0d0e93b556"},"headline":"Volo diretto Citt\u00e0 del Messico-Roma: inizia il conto alla rovescia","datePublished":"2023-01-18T16:22:51+00:00","dateModified":"2023-01-19T01:07:01+00:00","mainEntityOfPage":{"@id":"https:\/\/puntodincontro.mx\/2023\/01\/18\/volo-diretto-citta-del-messico-roma-inizia-il-conto-alla-rovescia\/"},"wordCount":512,"commentCount":0,"publisher":{"@id":"https:\/\/puntodincontro.mx\/#organization"},"image":{"@id":"https:\/\/puntodincontro.mx\/2023\/01\/18\/volo-diretto-citta-del-messico-roma-inizia-il-conto-alla-rovescia\/#primaryimage"},"thumbnailUrl":"https:\/\/puntodincontro.mx\/wp-content\/uploads\/2023\/01\/volodirettovert.webp","articleSection":["Viaggi"],"inLanguage":"es","potentialAction":[{"@type":"CommentAction","name":"Comment","target":["https:\/\/puntodincontro.mx\/2023\/01\/18\/volo-diretto-citta-del-messico-roma-inizia-il-conto-alla-rovescia\/#respond"]}]},{"@type":"WebPage","@id":"https:\/\/puntodincontro.mx\/2023\/01\/18\/volo-diretto-citta-del-messico-roma-inizia-il-conto-alla-rovescia\/","url":"https:\/\/puntodincontro.mx\/2023\/01\/18\/volo-diretto-citta-del-messico-roma-inizia-il-conto-alla-rovescia\/","name":"Vuelo directo Ciudad de M\u00e9xico-Roma: comienza la cuenta regresiva","isPartOf":{"@id":"https:\/\/puntodincontro.mx\/#website"},"primaryImageOfPage":{"@id":"https:\/\/puntodincontro.mx\/2023\/01\/18\/volo-diretto-citta-del-messico-roma-inizia-il-conto-alla-rovescia\/#primaryimage"},"image":{"@id":"https:\/\/puntodincontro.mx\/2023\/01\/18\/volo-diretto-citta-del-messico-roma-inizia-il-conto-alla-rovescia\/#primaryimage"},"thumbnailUrl":"https:\/\/puntodincontro.mx\/wp-content\/uploads\/2023\/01\/volodirettovert.webp","datePublished":"2023-01-18T16:22:51+00:00","dateModified":"2023-01-19T01:07:01+00:00","description":"Aerom\u00e9xico ha iniciado la cuenta regresiva hacia el 26 de marzo, fecha de inauguraci\u00f3n de la ruta directa Roma Fiumicino - Ciudad de M\u00e9xico","breadcrumb":{"@id":"https:\/\/puntodincontro.mx\/2023\/01\/18\/volo-diretto-citta-del-messico-roma-inizia-il-conto-alla-rovescia\/#breadcrumb"},"inLanguage":"es","potentialAction":[{"@type":"ReadAction","target":["https:\/\/puntodincontro.mx\/2023\/01\/18\/volo-diretto-citta-del-messico-roma-inizia-il-conto-alla-rovescia\/"]}]},{"@type":"ImageObject","inLanguage":"es","@id":"https:\/\/puntodincontro.mx\/2023\/01\/18\/volo-diretto-citta-del-messico-roma-inizia-il-conto-alla-rovescia\/#primaryimage","url":"https:\/\/puntodincontro.mx\/wp-content\/uploads\/2023\/01\/volodirettovert.webp","contentUrl":"https:\/\/puntodincontro.mx\/wp-content\/uploads\/2023\/01\/volodirettovert.webp","width":423,"height":488,"caption":"Volo diretto Citt\u00e0 del Messico-Roma: inizia il conto alla rovescia"},{"@type":"BreadcrumbList","@id":"https:\/\/puntodincontro.mx\/2023\/01\/18\/volo-diretto-citta-del-messico-roma-inizia-il-conto-alla-rovescia\/#breadcrumb","itemListElement":[{"@type":"ListItem","position":1,"name":"Home","item":"https:\/\/puntodincontro.mx\/"},{"@type":"ListItem","position":2,"name":"Volo diretto Citt\u00e0 del Messico-Roma: inizia il conto alla rovescia"}]},{"@type":"WebSite","@id":"https:\/\/puntodincontro.mx\/#website","url":"https:\/\/puntodincontro.mx\/","name":"Puntodincontro","description":"Desde el 2006 noticias sobre las relaciones entre Italia y M\u00e9xico \/ Dal 2006 notizie sui rapporti Italia-Messico","publisher":{"@id":"https:\/\/puntodincontro.mx\/#organization"},"potentialAction":[{"@type":"SearchAction","target":{"@type":"EntryPoint","urlTemplate":"https:\/\/puntodincontro.mx\/?s={search_term_string}"},"query-input":{"@type":"PropertyValueSpecification","valueRequired":true,"valueName":"search_term_string"}}],"inLanguage":"es"},{"@type":"Organization","@id":"https:\/\/puntodincontro.mx\/#organization","name":"Puntodincontro","url":"https:\/\/puntodincontro.mx\/","logo":{"@type":"ImageObject","inLanguage":"es","@id":"https:\/\/puntodincontro.mx\/#\/schema\/logo\/image\/","url":"https:\/\/puntodincontro.mx\/wp-content\/uploads\/2021\/08\/Default-image-for-open-graph-settings.jpg","contentUrl":"https:\/\/puntodincontro.mx\/wp-content\/uploads\/2021\/08\/Default-image-for-open-graph-settings.jpg","width":1200,"height":630,"caption":"Puntodincontro"},"image":{"@id":"https:\/\/puntodincontro.mx\/#\/schema\/logo\/image\/"},"sameAs":["https:\/\/www.facebook.com\/puntodincontro.mx","https:\/\/x.com\/puntodincontro","https:\/\/www.instagram.com\/puntodincontro.mx\/","https:\/\/www.linkedin.com\/company\/puntodincontro\/","https:\/\/www.youtube.com\/c\/puntodincontromessico","https:\/\/www.patreon.com\/puntodincontro","https:\/\/www.threads.net\/@puntodincontro.mx"]},{"@type":"Person","@id":"https:\/\/puntodincontro.mx\/#\/schema\/person\/d3066d18a16259cbb0c29b0d0e93b556","name":"Puntodincontro","image":{"@type":"ImageObject","inLanguage":"es","@id":"https:\/\/puntodincontro.mx\/#\/schema\/person\/image\/","url":"https:\/\/secure.gravatar.com\/avatar\/0e85b4b3b5e9d6bfcec6a4956d8cc63a?s=96&d=mm&r=g","contentUrl":"https:\/\/secure.gravatar.com\/avatar\/0e85b4b3b5e9d6bfcec6a4956d8cc63a?s=96&d=mm&r=g","caption":"Puntodincontro"},"url":"https:\/\/puntodincontro.mx\/es\/author\/puntodincontro\/"}]}},"_links":{"self":[{"href":"https:\/\/puntodincontro.mx\/es\/wp-json\/wp\/v2\/posts\/10304"}],"collection":[{"href":"https:\/\/puntodincontro.mx\/es\/wp-json\/wp\/v2\/posts"}],"about":[{"href":"https:\/\/puntodincontro.mx\/es\/wp-json\/wp\/v2\/types\/post"}],"author":[{"embeddable":true,"href":"https:\/\/puntodincontro.mx\/es\/wp-json\/wp\/v2\/users\/2"}],"replies":[{"embeddable":true,"href":"https:\/\/puntodincontro.mx\/es\/wp-json\/wp\/v2\/comments?post=10304"}],"version-history":[{"count":9,"href":"https:\/\/puntodincontro.mx\/es\/wp-json\/wp\/v2\/posts\/10304\/revisions"}],"predecessor-version":[{"id":10317,"href":"https:\/\/puntodincontro.mx\/es\/wp-json\/wp\/v2\/posts\/10304\/revisions\/10317"}],"wp:featuredmedia":[{"embeddable":true,"href":"https:\/\/puntodincontro.mx\/es\/wp-json\/wp\/v2\/media\/10308"}],"wp:attachment":[{"href":"https:\/\/puntodincontro.mx\/es\/wp-json\/wp\/v2\/media?parent=10304"}],"wp:term":[{"taxonomy":"category","embeddable":true,"href":"https:\/\/puntodincontro.mx\/es\/wp-json\/wp\/v2\/categories?post=10304"},{"taxonomy":"post_tag","embeddable":true,"href":"https:\/\/puntodincontro.mx\/es\/wp-json\/wp\/v2\/tags?post=10304"}],"curies":[{"name":"wp","href":"https:\/\/api.w.org\/{rel}","templated":true}]}}