{"id":10846,"date":"2023-02-10T13:25:55","date_gmt":"2023-02-10T19:25:55","guid":{"rendered":"https:\/\/puntodincontro.mx\/?p=10846"},"modified":"2023-02-10T13:26:31","modified_gmt":"2023-02-10T19:26:31","slug":"ciudad-de-mexico-stefano-cara-nuevo-director-general-de-la-dante-alighieri","status":"publish","type":"post","link":"https:\/\/puntodincontro.mx\/es\/2023\/02\/10\/citta-del-messico-stefano-cara-nuovo-direttore-generale-della-dante-alighieri\/","title":{"rendered":"Ciudad de M\u00e9xico, Stefano Cara nuevo director general de la Dante Alighieri"},"content":{"rendered":"<p class=\"translation-block\"><strong>13:09 hrs.<\/strong> - El pasado 8 de diciembre, la Junta Directiva de la Sociedad Dante Alighieri de la Ciudad de M\u00e9xico formaliz\u00f3 el nombramiento de Stefano Cara como nuevo director general de la instituci\u00f3n, en sustituci\u00f3n de Luca Galizia quien, tras m\u00e1s de 7 exitosos a\u00f1os al frente de las operaciones, regres\u00f3 a residir en Europa.<\/p>\n\n\n\n<p>Cara, de 30 a\u00f1os de edad, naci\u00f3 en Bolonia y creci\u00f3 en la ciudad de Padua, capital de la provincia hom\u00f3nima en la regi\u00f3n del V\u00e9neto, en Italia. Obtuvo el t\u00edtulo de licenciado en Lenguas, Civilizaci\u00f3n y Ciencias del Lenguaje en la Universidad Ca'Foscari de Venecia en 2015 y un M\u00e1ster en Estudios del Discurso \u2014Comunicaci\u00f3n, Sociedad y Aprendizaje\u2014 en la Universitat Pompeu Fabra de Barcelona en 2017.<\/p>\n\n\n\n<p>Tras una experiencia de cuatro a\u00f1os como docente de ingl\u00e9s, italiano y espa\u00f1ol en Padua y Barcelona, \u200b\u200ben septiembre de 2018 Stefano se traslad\u00f3 a la Ciudad de M\u00e9xico donde inici\u00f3 una r\u00e1pida carrera profesional en la Dante Alighieri que lo llev\u00f3 a ser nombrado Responsable de la Certificaci\u00f3n PLIDA y Coordinador Did\u00e1ctico en 2019, antes de ser nombrado Director Acad\u00e9mico en 2021.<\/p>\n\n\n\n<p>Reportan a la direcci\u00f3n general Mar\u00eda Quirino, directora acad\u00e9mica, Silvia Morasso, coordinadora did\u00e1ctica, y Yolanda V\u00e1zquez, directora administrativa.<\/p>\n\n\n\n<p>El Comit\u00e9 en M\u00e9xico de la Sociedad Dante Alighieri \u2014nombre oficial de la instituci\u00f3n presente desde 1902 en la capital del pa\u00eds\u2014 cuenta hoy con aproximadamente 540 alumnos inscritos, de los cuales el 70% cursa programas online y el 30% asiste presencialmente a clases en la sede de Marsella No. 39 de la Colonia Ju\u00e1rez.<\/p>\n\n\n\n<p>Los miembros del Consejo Directivo, presidido por Oth\u00f3n Leopardi, agradecieron a Luca Galizia la profesionalidad y eficacia en el desempe\u00f1o de su cargo a partir de 2015, reconociendo los logros obtenidos en ese periodo, y auguraron \u00e9xito a Stefano cara en su nueva responsabilidad.<\/p>\n\n\n\n<div style=\"height:12px\" aria-hidden=\"true\" class=\"wp-block-spacer\"><\/div>\n\n\n<!-- Ad space powered by WP AdCenter v2.5.7 - https:\/\/wpadcenter.com\/ --><div class=\"wpadcenter-adgroup\" ><div class=\"wpadcenter-adgroup__row wpadcenter-aligncenter\"><div class=\"wpadcenter-ad-container\" ><div id=\"wpadcenter-ad-18464\" class=\"ad-placement\"><div class=\"wpadcenter-ad-inner\" ><a id=\"wpadcenter_ad\" data-value=\"18464\" data-placement=\"\" href=\"https:\/\/www.productosremo.com\/\" target=\"_blank\" class=\"wpadcenter-ad-inner__item\" ><img decoding=\"async\"   src=\"https:\/\/puntodincontro.mx\/wp-content\/uploads\/2021\/08\/remobanner.jpg\" class=\"attachment-post-thumbnail size-post-thumbnail wp-post-image\" alt=\"\" srcset=\"https:\/\/puntodincontro.mx\/wp-content\/uploads\/2021\/08\/remobanner.jpg 200w, https:\/\/puntodincontro.mx\/wp-content\/uploads\/2021\/08\/remobanner-16x5.jpg 16w\" sizes=\"(max-width: 200px) 100vw, 200px\" \/><\/a><\/div><\/div><\/div><div class=\"wpadcenter-ad-container\" ><div id=\"wpadcenter-ad-5305\" class=\"ad-placement\"><div class=\"wpadcenter-ad-inner\" ><a id=\"wpadcenter_ad\" data-value=\"5305\" data-placement=\"\" href=\"https:\/\/ambcittadelmessico.esteri.it\/ambasciata_cittadelmessico\/it\/\" target=\"_blank\" class=\"wpadcenter-ad-inner__item\" ><img decoding=\"async\"   src=\"https:\/\/puntodincontro.mx\/wp-content\/uploads\/2022\/05\/Ambasciata.jpg\" class=\"attachment-post-thumbnail size-post-thumbnail wp-post-image\" alt=\"\" srcset=\"https:\/\/puntodincontro.mx\/wp-content\/uploads\/2022\/05\/Ambasciata.jpg 200w, https:\/\/puntodincontro.mx\/wp-content\/uploads\/2022\/05\/Ambasciata-18x5.jpg 18w\" sizes=\"(max-width: 200px) 100vw, 200px\" \/><\/a><\/div><\/div><\/div><div class=\"wpadcenter-ad-container\" ><div id=\"wpadcenter-ad-3781\" class=\"ad-placement\"><div class=\"wpadcenter-ad-inner\" ><a id=\"wpadcenter_ad\" data-value=\"3781\" data-placement=\"\" href=\"https:\/\/cannizzo.com.mx\/\" target=\"_blank\" class=\"wpadcenter-ad-inner__item\" ><img decoding=\"async\"   src=\"https:\/\/puntodincontro.mx\/wp-content\/uploads\/2022\/03\/cannizzo2.jpg\" class=\"attachment-post-thumbnail size-post-thumbnail wp-post-image\" alt=\"\" srcset=\"https:\/\/puntodincontro.mx\/wp-content\/uploads\/2022\/03\/cannizzo2.jpg 200w, https:\/\/puntodincontro.mx\/wp-content\/uploads\/2022\/03\/cannizzo2-18x5.jpg 18w\" sizes=\"(max-width: 200px) 100vw, 200px\" \/><\/a><\/div><\/div><\/div><\/div><div class=\"wpadcenter-adgroup__row wpadcenter-aligncenter\"><div class=\"wpadcenter-ad-container\" ><div id=\"wpadcenter-ad-1704\" class=\"ad-placement\"><div class=\"wpadcenter-ad-inner\" ><a id=\"wpadcenter_ad\" data-value=\"1704\" data-placement=\"\" href=\"https:\/\/puntodincontro.mx\/es\/2021\/12\/24\/inps-verificacion-de-supervivencia-de-los-pensionados-en-el-extranjero\/\" target=\"_blank\" class=\"wpadcenter-ad-inner__item\" ><img decoding=\"async\"   src=\"https:\/\/puntodincontro.mx\/wp-content\/uploads\/2021\/11\/logo-ital.jpg\" class=\"attachment-post-thumbnail size-post-thumbnail wp-post-image\" alt=\"Patronato ITAL Messico\" srcset=\"https:\/\/puntodincontro.mx\/wp-content\/uploads\/2021\/11\/logo-ital.jpg 200w, https:\/\/puntodincontro.mx\/wp-content\/uploads\/2021\/11\/logo-ital-16x5.jpg 16w\" sizes=\"(max-width: 200px) 100vw, 200px\" \/><\/a><\/div><\/div><\/div><div class=\"wpadcenter-ad-container\" ><div id=\"wpadcenter-ad-1538\" class=\"ad-placement\"><div class=\"wpadcenter-ad-inner\" ><a id=\"wpadcenter_ad\" data-value=\"1538\" data-placement=\"\" href=\"https:\/\/asociacionitaliana.org\/\" target=\"_blank\" class=\"wpadcenter-ad-inner__item\" ><img decoding=\"async\"   src=\"https:\/\/puntodincontro.mx\/wp-content\/uploads\/2021\/11\/aialogo.jpg\" class=\"attachment-post-thumbnail size-post-thumbnail wp-post-image\" alt=\"Associazione Italiana di Assistenza IAP\" srcset=\"https:\/\/puntodincontro.mx\/wp-content\/uploads\/2021\/11\/aialogo.jpg 200w, https:\/\/puntodincontro.mx\/wp-content\/uploads\/2021\/11\/aialogo-18x5.jpg 18w\" sizes=\"(max-width: 200px) 100vw, 200px\" \/><\/a><\/div><\/div><\/div><div class=\"wpadcenter-ad-container\" ><div id=\"wpadcenter-ad-1513\" class=\"ad-placement\"><div class=\"wpadcenter-ad-inner\" ><a id=\"wpadcenter_ad\" data-value=\"1513\" data-placement=\"\" href=\"https:\/\/gcinmuebles.mx\" target=\"_blank\" class=\"wpadcenter-ad-inner__item\" ><img decoding=\"async\"   src=\"https:\/\/puntodincontro.mx\/wp-content\/uploads\/2021\/10\/gcinmuebleslogopunto-1.jpg\" class=\"attachment-post-thumbnail size-post-thumbnail wp-post-image\" alt=\"\" srcset=\"https:\/\/puntodincontro.mx\/wp-content\/uploads\/2021\/10\/gcinmuebleslogopunto-1.jpg 200w, https:\/\/puntodincontro.mx\/wp-content\/uploads\/2021\/10\/gcinmuebleslogopunto-1-18x5.jpg 18w\" sizes=\"(max-width: 200px) 100vw, 200px\" \/><\/a><\/div><\/div><\/div><\/div><div class=\"wpadcenter-adgroup__row wpadcenter-aligncenter\"><div class=\"wpadcenter-ad-container\" ><div id=\"wpadcenter-ad-1374\" class=\"ad-placement\"><div class=\"wpadcenter-ad-inner\" ><a id=\"wpadcenter_ad\" data-value=\"1374\" data-placement=\"\" href=\"https:\/\/www.9colonne.it\/\" target=\"_blank\" class=\"wpadcenter-ad-inner__item\" ><img decoding=\"async\"   src=\"https:\/\/puntodincontro.mx\/wp-content\/uploads\/2021\/10\/Banner9colonne.gif\" class=\"attachment-post-thumbnail size-post-thumbnail wp-post-image\" alt=\"\" \/><\/a><\/div><\/div><\/div><div class=\"wpadcenter-ad-container\" ><div id=\"wpadcenter-ad-276\" class=\"ad-placement\"><div class=\"wpadcenter-ad-inner\" ><a id=\"wpadcenter_ad\" data-value=\"276\" data-placement=\"\" href=\"http:\/\/www.camaraitaliana.mx\/\" target=\"_blank\" class=\"wpadcenter-ad-inner__item\" ><img decoding=\"async\"   src=\"https:\/\/puntodincontro.mx\/wp-content\/uploads\/2021\/08\/ccimnuovo.jpg\" class=\"attachment-post-thumbnail size-post-thumbnail wp-post-image\" alt=\"\" srcset=\"https:\/\/puntodincontro.mx\/wp-content\/uploads\/2021\/08\/ccimnuovo.jpg 200w, https:\/\/puntodincontro.mx\/wp-content\/uploads\/2021\/08\/ccimnuovo-18x5.jpg 18w\" sizes=\"(max-width: 200px) 100vw, 200px\" \/><\/a><\/div><\/div><\/div><div class=\"wpadcenter-ad-container\" ><div id=\"wpadcenter-ad-272\" class=\"ad-placement\"><div class=\"wpadcenter-ad-inner\" ><a id=\"wpadcenter_ad\" data-value=\"272\" data-placement=\"\" href=\"http:\/\/corix.us\/\" target=\"_blank\" class=\"wpadcenter-ad-inner__item\" ><img decoding=\"async\"   src=\"https:\/\/puntodincontro.mx\/wp-content\/uploads\/2021\/08\/corixbanner-1.jpg\" class=\"attachment-post-thumbnail size-post-thumbnail wp-post-image\" alt=\"\" srcset=\"https:\/\/puntodincontro.mx\/wp-content\/uploads\/2021\/08\/corixbanner-1.jpg 200w, https:\/\/puntodincontro.mx\/wp-content\/uploads\/2021\/08\/corixbanner-1-16x5.jpg 16w\" sizes=\"(max-width: 200px) 100vw, 200px\" \/><\/a><\/div><\/div><\/div><\/div><div class=\"wpadcenter-adgroup__row wpadcenter-aligncenter\"><div class=\"wpadcenter-ad-container\" ><div id=\"wpadcenter-ad-266\" class=\"ad-placement\"><div class=\"wpadcenter-ad-inner\" ><a id=\"wpadcenter_ad\" data-value=\"266\" data-placement=\"\" href=\"https:\/\/www.prinsel.com.mx\/\" target=\"_blank\" class=\"wpadcenter-ad-inner__item\" ><img decoding=\"async\"   src=\"https:\/\/puntodincontro.mx\/wp-content\/uploads\/2021\/08\/prinselbanner-1.jpg\" class=\"attachment-post-thumbnail size-post-thumbnail wp-post-image\" alt=\"\" srcset=\"https:\/\/puntodincontro.mx\/wp-content\/uploads\/2021\/08\/prinselbanner-1.jpg 200w, https:\/\/puntodincontro.mx\/wp-content\/uploads\/2021\/08\/prinselbanner-1-16x5.jpg 16w\" sizes=\"(max-width: 200px) 100vw, 200px\" \/><\/a><\/div><\/div><\/div><div class=\"wpadcenter-ad-container\" ><div id=\"wpadcenter-ad-261\" class=\"ad-placement\"><div class=\"wpadcenter-ad-inner\" ><a id=\"wpadcenter_ad\" data-value=\"261\" data-placement=\"\" href=\"https:\/\/faitalia.com.mx\/\" target=\"_blank\" class=\"wpadcenter-ad-inner__item\" ><img decoding=\"async\"   src=\"https:\/\/puntodincontro.mx\/wp-content\/uploads\/2021\/08\/gruppodino.jpg\" class=\"attachment-post-thumbnail size-post-thumbnail wp-post-image\" alt=\"\" srcset=\"https:\/\/puntodincontro.mx\/wp-content\/uploads\/2021\/08\/gruppodino.jpg 200w, https:\/\/puntodincontro.mx\/wp-content\/uploads\/2021\/08\/gruppodino-18x5.jpg 18w\" sizes=\"(max-width: 200px) 100vw, 200px\" \/><\/a><\/div><\/div><\/div><\/div><\/div>\n\n\n<div style=\"height:12px\" aria-hidden=\"true\" class=\"wp-block-spacer\"><\/div>","protected":false},"excerpt":{"rendered":"<p>Ore 13.09 &#8211; Lo scorso 8 dicembre il Consiglio di Amministrazione della Societ\u00e0 Dante Alighieri di Citt\u00e0 del Messico ha formalizzato la nomina di Stefano Cara a nuovo direttore generale dell&#8217;istituzione, in sostituzione di Luca Galizia che, dopo 7 anni e mezzo di successi alla guida delle operazioni, \u00e8 tornato a risiedere in Europa. Cara, 30 anni, \u00e8 nato a Bologna ed \u00e8 cresciuto nella citt\u00e0 di Padova, capoluogo dell&#8217;omonima provincia veneta. Ha ottenuto la laurea in Lingue, Civilt\u00e0 e Scienze del Linguaggio all&#8217;Universit\u00e0 Ca&#8217;Foscari di Venezia nel 2015 ed ha conseguito un Master in Studi del Discorso \u2014Comunicazione, Societ\u00e0&#8230; <\/p>","protected":false},"author":2,"featured_media":10853,"comment_status":"open","ping_status":"open","sticky":false,"template":"","format":"standard","meta":{"_monsterinsights_skip_tracking":false,"_monsterinsights_sitenote_active":false,"_monsterinsights_sitenote_note":"","_monsterinsights_sitenote_category":0,"footnotes":""},"categories":[4],"tags":[],"class_list":["post-10846","post","type-post","status-publish","format-standard","has-post-thumbnail","hentry","category-italia-in-messico"],"yoast_head":"<!-- This site is optimized with the Yoast SEO Premium plugin v18.4 (Yoast SEO v25.6) - https:\/\/yoast.com\/wordpress\/plugins\/seo\/ -->\n<title>Citt\u00e0 del Messico, Stefano Cara nuovo direttore della Dante<\/title>\n<meta name=\"description\" content=\"Il CdA della Societ\u00e0 Dante Alighieri di Citt\u00e0 del Messico ha formalizzato la nomina di Stefano Cara a direttore generale dell&#039;istituzione.\" \/>\n<meta name=\"robots\" content=\"index, follow, max-snippet:-1, max-image-preview:large, max-video-preview:-1\" \/>\n<link rel=\"canonical\" href=\"https:\/\/puntodincontro.mx\/es\/2023\/02\/10\/ciudad-de-mexico-stefano-cara-nuevo-director-general-de-la-dante-alighieri\/\" \/>\n<meta property=\"og:locale\" content=\"es_MX\" \/>\n<meta property=\"og:type\" content=\"article\" \/>\n<meta property=\"og:title\" content=\"Citt\u00e0 del Messico, Stefano Cara nuovo direttore generale della Dante Alighieri\" \/>\n<meta property=\"og:description\" content=\"Il CdA della Societ\u00e0 Dante Alighieri di Citt\u00e0 del Messico ha formalizzato la nomina di Stefano Cara a direttore generale dell&#039;istituzione.\" \/>\n<meta property=\"og:url\" content=\"https:\/\/puntodincontro.mx\/es\/2023\/02\/10\/ciudad-de-mexico-stefano-cara-nuevo-director-general-de-la-dante-alighieri\/\" \/>\n<meta property=\"og:site_name\" content=\"Puntodincontro\" \/>\n<meta property=\"article:publisher\" content=\"https:\/\/www.facebook.com\/puntodincontro.mx\" \/>\n<meta property=\"article:published_time\" content=\"2023-02-10T19:25:55+00:00\" \/>\n<meta property=\"article:modified_time\" content=\"2023-02-10T19:26:31+00:00\" \/>\n<meta property=\"og:image\" content=\"https:\/\/puntodincontro.mx\/wp-content\/uploads\/2023\/02\/stefanocaracomp.jpg\" \/>\n\t<meta property=\"og:image:width\" content=\"932\" \/>\n\t<meta property=\"og:image:height\" content=\"488\" \/>\n\t<meta property=\"og:image:type\" content=\"image\/jpeg\" \/>\n<meta name=\"author\" content=\"Puntodincontro\" \/>\n<meta name=\"twitter:card\" content=\"summary_large_image\" \/>\n<meta name=\"twitter:creator\" content=\"@puntodincontro\" \/>\n<meta name=\"twitter:site\" content=\"@puntodincontro\" \/>\n<meta name=\"twitter:label1\" content=\"Escrito por\" \/>\n\t<meta name=\"twitter:data1\" content=\"Puntodincontro\" \/>\n\t<meta name=\"twitter:label2\" content=\"Tiempo de lectura\" \/>\n\t<meta name=\"twitter:data2\" content=\"1 minuto\" \/>\n<script type=\"application\/ld+json\" class=\"yoast-schema-graph\">{\"@context\":\"https:\/\/schema.org\",\"@graph\":[{\"@type\":\"NewsArticle\",\"@id\":\"https:\/\/puntodincontro.mx\/2023\/02\/10\/citta-del-messico-stefano-cara-nuovo-direttore-generale-della-dante-alighieri\/#article\",\"isPartOf\":{\"@id\":\"https:\/\/puntodincontro.mx\/2023\/02\/10\/citta-del-messico-stefano-cara-nuovo-direttore-generale-della-dante-alighieri\/\"},\"author\":{\"name\":\"Puntodincontro\",\"@id\":\"https:\/\/puntodincontro.mx\/#\/schema\/person\/d3066d18a16259cbb0c29b0d0e93b556\"},\"headline\":\"Citt\u00e0 del Messico, Stefano Cara nuovo direttore generale della Dante Alighieri\",\"datePublished\":\"2023-02-10T19:25:55+00:00\",\"dateModified\":\"2023-02-10T19:26:31+00:00\",\"mainEntityOfPage\":{\"@id\":\"https:\/\/puntodincontro.mx\/2023\/02\/10\/citta-del-messico-stefano-cara-nuovo-direttore-generale-della-dante-alighieri\/\"},\"wordCount\":294,\"commentCount\":0,\"publisher\":{\"@id\":\"https:\/\/puntodincontro.mx\/#organization\"},\"image\":{\"@id\":\"https:\/\/puntodincontro.mx\/2023\/02\/10\/citta-del-messico-stefano-cara-nuovo-direttore-generale-della-dante-alighieri\/#primaryimage\"},\"thumbnailUrl\":\"https:\/\/puntodincontro.mx\/wp-content\/uploads\/2023\/02\/stefanocaravert.webp\",\"articleSection\":[\"Italia in Messico\"],\"inLanguage\":\"es\",\"potentialAction\":[{\"@type\":\"CommentAction\",\"name\":\"Comment\",\"target\":[\"https:\/\/puntodincontro.mx\/2023\/02\/10\/citta-del-messico-stefano-cara-nuovo-direttore-generale-della-dante-alighieri\/#respond\"]}]},{\"@type\":\"WebPage\",\"@id\":\"https:\/\/puntodincontro.mx\/2023\/02\/10\/citta-del-messico-stefano-cara-nuovo-direttore-generale-della-dante-alighieri\/\",\"url\":\"https:\/\/puntodincontro.mx\/2023\/02\/10\/citta-del-messico-stefano-cara-nuovo-direttore-generale-della-dante-alighieri\/\",\"name\":\"Citt\u00e0 del Messico, Stefano Cara nuovo direttore della Dante\",\"isPartOf\":{\"@id\":\"https:\/\/puntodincontro.mx\/#website\"},\"primaryImageOfPage\":{\"@id\":\"https:\/\/puntodincontro.mx\/2023\/02\/10\/citta-del-messico-stefano-cara-nuovo-direttore-generale-della-dante-alighieri\/#primaryimage\"},\"image\":{\"@id\":\"https:\/\/puntodincontro.mx\/2023\/02\/10\/citta-del-messico-stefano-cara-nuovo-direttore-generale-della-dante-alighieri\/#primaryimage\"},\"thumbnailUrl\":\"https:\/\/puntodincontro.mx\/wp-content\/uploads\/2023\/02\/stefanocaravert.webp\",\"datePublished\":\"2023-02-10T19:25:55+00:00\",\"dateModified\":\"2023-02-10T19:26:31+00:00\",\"description\":\"Il CdA della Societ\u00e0 Dante Alighieri di Citt\u00e0 del Messico ha formalizzato la nomina di Stefano Cara a direttore generale dell'istituzione.\",\"breadcrumb\":{\"@id\":\"https:\/\/puntodincontro.mx\/2023\/02\/10\/citta-del-messico-stefano-cara-nuovo-direttore-generale-della-dante-alighieri\/#breadcrumb\"},\"inLanguage\":\"es\",\"potentialAction\":[{\"@type\":\"ReadAction\",\"target\":[\"https:\/\/puntodincontro.mx\/2023\/02\/10\/citta-del-messico-stefano-cara-nuovo-direttore-generale-della-dante-alighieri\/\"]}]},{\"@type\":\"ImageObject\",\"inLanguage\":\"es\",\"@id\":\"https:\/\/puntodincontro.mx\/2023\/02\/10\/citta-del-messico-stefano-cara-nuovo-direttore-generale-della-dante-alighieri\/#primaryimage\",\"url\":\"https:\/\/puntodincontro.mx\/wp-content\/uploads\/2023\/02\/stefanocaravert.webp\",\"contentUrl\":\"https:\/\/puntodincontro.mx\/wp-content\/uploads\/2023\/02\/stefanocaravert.webp\",\"width\":423,\"height\":488,\"caption\":\"Citt\u00e0 del Messico, Stefano Cara nuovo direttore generale della Dante Alighieri\"},{\"@type\":\"BreadcrumbList\",\"@id\":\"https:\/\/puntodincontro.mx\/2023\/02\/10\/citta-del-messico-stefano-cara-nuovo-direttore-generale-della-dante-alighieri\/#breadcrumb\",\"itemListElement\":[{\"@type\":\"ListItem\",\"position\":1,\"name\":\"Home\",\"item\":\"https:\/\/puntodincontro.mx\/\"},{\"@type\":\"ListItem\",\"position\":2,\"name\":\"Citt\u00e0 del Messico, Stefano Cara nuovo direttore generale della Dante Alighieri\"}]},{\"@type\":\"WebSite\",\"@id\":\"https:\/\/puntodincontro.mx\/#website\",\"url\":\"https:\/\/puntodincontro.mx\/\",\"name\":\"Puntodincontro\",\"description\":\"Dal 2006 notizie sui rapporti Italia-Messico \/ Desde 2006 noticias sobre las relaciones entre Italia y M\u00e9xico\",\"publisher\":{\"@id\":\"https:\/\/puntodincontro.mx\/#organization\"},\"potentialAction\":[{\"@type\":\"SearchAction\",\"target\":{\"@type\":\"EntryPoint\",\"urlTemplate\":\"https:\/\/puntodincontro.mx\/?s={search_term_string}\"},\"query-input\":{\"@type\":\"PropertyValueSpecification\",\"valueRequired\":true,\"valueName\":\"search_term_string\"}}],\"inLanguage\":\"es\"},{\"@type\":\"Organization\",\"@id\":\"https:\/\/puntodincontro.mx\/#organization\",\"name\":\"Puntodincontro\",\"url\":\"https:\/\/puntodincontro.mx\/\",\"logo\":{\"@type\":\"ImageObject\",\"inLanguage\":\"es\",\"@id\":\"https:\/\/puntodincontro.mx\/#\/schema\/logo\/image\/\",\"url\":\"https:\/\/puntodincontro.mx\/wp-content\/uploads\/2021\/08\/Default-image-for-open-graph-settings.jpg\",\"contentUrl\":\"https:\/\/puntodincontro.mx\/wp-content\/uploads\/2021\/08\/Default-image-for-open-graph-settings.jpg\",\"width\":1200,\"height\":630,\"caption\":\"Puntodincontro\"},\"image\":{\"@id\":\"https:\/\/puntodincontro.mx\/#\/schema\/logo\/image\/\"},\"sameAs\":[\"https:\/\/www.facebook.com\/puntodincontro.mx\",\"https:\/\/x.com\/puntodincontro\",\"https:\/\/www.instagram.com\/puntodincontro.mx\/\",\"https:\/\/www.linkedin.com\/company\/puntodincontro\/\",\"https:\/\/www.youtube.com\/c\/puntodincontromessico\",\"https:\/\/www.patreon.com\/puntodincontro\",\"https:\/\/www.threads.net\/@puntodincontro.mx\"]},{\"@type\":\"Person\",\"@id\":\"https:\/\/puntodincontro.mx\/#\/schema\/person\/d3066d18a16259cbb0c29b0d0e93b556\",\"name\":\"Puntodincontro\",\"image\":{\"@type\":\"ImageObject\",\"inLanguage\":\"es\",\"@id\":\"https:\/\/puntodincontro.mx\/#\/schema\/person\/image\/\",\"url\":\"https:\/\/secure.gravatar.com\/avatar\/0e85b4b3b5e9d6bfcec6a4956d8cc63a?s=96&d=mm&r=g\",\"contentUrl\":\"https:\/\/secure.gravatar.com\/avatar\/0e85b4b3b5e9d6bfcec6a4956d8cc63a?s=96&d=mm&r=g\",\"caption\":\"Puntodincontro\"},\"url\":\"https:\/\/puntodincontro.mx\/es\/author\/puntodincontro\/\"}]}<\/script>\n<!-- \/ Yoast SEO Premium plugin. -->","yoast_head_json":{"title":"Ciudad de M\u00e9xico, Stefano Cara nuevo director general de la Dante Alighieri","description":"Il CdA della Societ\u00e0 Dante Alighieri di Citt\u00e0 del Messico ha formalizzato la nomina di Stefano Cara a direttore generale dell'istituzione.","robots":{"index":"index","follow":"follow","max-snippet":"max-snippet:-1","max-image-preview":"max-image-preview:large","max-video-preview":"max-video-preview:-1"},"canonical":"https:\/\/puntodincontro.mx\/es\/2023\/02\/10\/ciudad-de-mexico-stefano-cara-nuevo-director-general-de-la-dante-alighieri\/","og_locale":"es_MX","og_type":"article","og_title":"Citt\u00e0 del Messico, Stefano Cara nuovo direttore generale della Dante Alighieri","og_description":"Il CdA della Societ\u00e0 Dante Alighieri di Citt\u00e0 del Messico ha formalizzato la nomina di Stefano Cara a direttore generale dell'istituzione.","og_url":"https:\/\/puntodincontro.mx\/es\/2023\/02\/10\/ciudad-de-mexico-stefano-cara-nuevo-director-general-de-la-dante-alighieri\/","og_site_name":"Puntodincontro","article_publisher":"https:\/\/www.facebook.com\/puntodincontro.mx","article_published_time":"2023-02-10T19:25:55+00:00","article_modified_time":"2023-02-10T19:26:31+00:00","og_image":[{"width":932,"height":488,"url":"https:\/\/puntodincontro.mx\/wp-content\/uploads\/2023\/02\/stefanocaracomp.jpg","type":"image\/jpeg"}],"author":"Puntodincontro","twitter_card":"summary_large_image","twitter_creator":"@puntodincontro","twitter_site":"@puntodincontro","twitter_misc":{"Escrito por":"Puntodincontro","Tiempo de lectura":"1 minuto"},"schema":{"@context":"https:\/\/schema.org","@graph":[{"@type":"NewsArticle","@id":"https:\/\/puntodincontro.mx\/2023\/02\/10\/citta-del-messico-stefano-cara-nuovo-direttore-generale-della-dante-alighieri\/#article","isPartOf":{"@id":"https:\/\/puntodincontro.mx\/2023\/02\/10\/citta-del-messico-stefano-cara-nuovo-direttore-generale-della-dante-alighieri\/"},"author":{"name":"Puntodincontro","@id":"https:\/\/puntodincontro.mx\/#\/schema\/person\/d3066d18a16259cbb0c29b0d0e93b556"},"headline":"Citt\u00e0 del Messico, Stefano Cara nuovo direttore generale della Dante Alighieri","datePublished":"2023-02-10T19:25:55+00:00","dateModified":"2023-02-10T19:26:31+00:00","mainEntityOfPage":{"@id":"https:\/\/puntodincontro.mx\/2023\/02\/10\/citta-del-messico-stefano-cara-nuovo-direttore-generale-della-dante-alighieri\/"},"wordCount":294,"commentCount":0,"publisher":{"@id":"https:\/\/puntodincontro.mx\/#organization"},"image":{"@id":"https:\/\/puntodincontro.mx\/2023\/02\/10\/citta-del-messico-stefano-cara-nuovo-direttore-generale-della-dante-alighieri\/#primaryimage"},"thumbnailUrl":"https:\/\/puntodincontro.mx\/wp-content\/uploads\/2023\/02\/stefanocaravert.webp","articleSection":["Italia in Messico"],"inLanguage":"es","potentialAction":[{"@type":"CommentAction","name":"Comment","target":["https:\/\/puntodincontro.mx\/2023\/02\/10\/citta-del-messico-stefano-cara-nuovo-direttore-generale-della-dante-alighieri\/#respond"]}]},{"@type":"WebPage","@id":"https:\/\/puntodincontro.mx\/2023\/02\/10\/citta-del-messico-stefano-cara-nuovo-direttore-generale-della-dante-alighieri\/","url":"https:\/\/puntodincontro.mx\/2023\/02\/10\/citta-del-messico-stefano-cara-nuovo-direttore-generale-della-dante-alighieri\/","name":"Ciudad de M\u00e9xico, Stefano Cara nuevo director general de la Dante Alighieri","isPartOf":{"@id":"https:\/\/puntodincontro.mx\/#website"},"primaryImageOfPage":{"@id":"https:\/\/puntodincontro.mx\/2023\/02\/10\/citta-del-messico-stefano-cara-nuovo-direttore-generale-della-dante-alighieri\/#primaryimage"},"image":{"@id":"https:\/\/puntodincontro.mx\/2023\/02\/10\/citta-del-messico-stefano-cara-nuovo-direttore-generale-della-dante-alighieri\/#primaryimage"},"thumbnailUrl":"https:\/\/puntodincontro.mx\/wp-content\/uploads\/2023\/02\/stefanocaravert.webp","datePublished":"2023-02-10T19:25:55+00:00","dateModified":"2023-02-10T19:26:31+00:00","description":"Il CdA della Societ\u00e0 Dante Alighieri di Citt\u00e0 del Messico ha formalizzato la nomina di Stefano Cara a direttore generale dell'istituzione.","breadcrumb":{"@id":"https:\/\/puntodincontro.mx\/2023\/02\/10\/citta-del-messico-stefano-cara-nuovo-direttore-generale-della-dante-alighieri\/#breadcrumb"},"inLanguage":"es","potentialAction":[{"@type":"ReadAction","target":["https:\/\/puntodincontro.mx\/2023\/02\/10\/citta-del-messico-stefano-cara-nuovo-direttore-generale-della-dante-alighieri\/"]}]},{"@type":"ImageObject","inLanguage":"es","@id":"https:\/\/puntodincontro.mx\/2023\/02\/10\/citta-del-messico-stefano-cara-nuovo-direttore-generale-della-dante-alighieri\/#primaryimage","url":"https:\/\/puntodincontro.mx\/wp-content\/uploads\/2023\/02\/stefanocaravert.webp","contentUrl":"https:\/\/puntodincontro.mx\/wp-content\/uploads\/2023\/02\/stefanocaravert.webp","width":423,"height":488,"caption":"Citt\u00e0 del Messico, Stefano Cara nuovo direttore generale della Dante Alighieri"},{"@type":"BreadcrumbList","@id":"https:\/\/puntodincontro.mx\/2023\/02\/10\/citta-del-messico-stefano-cara-nuovo-direttore-generale-della-dante-alighieri\/#breadcrumb","itemListElement":[{"@type":"ListItem","position":1,"name":"Home","item":"https:\/\/puntodincontro.mx\/"},{"@type":"ListItem","position":2,"name":"Citt\u00e0 del Messico, Stefano Cara nuovo direttore generale della Dante Alighieri"}]},{"@type":"WebSite","@id":"https:\/\/puntodincontro.mx\/#website","url":"https:\/\/puntodincontro.mx\/","name":"Puntodincontro","description":"Desde el 2006 noticias sobre las relaciones entre Italia y M\u00e9xico \/ Dal 2006 notizie sui rapporti Italia-Messico","publisher":{"@id":"https:\/\/puntodincontro.mx\/#organization"},"potentialAction":[{"@type":"SearchAction","target":{"@type":"EntryPoint","urlTemplate":"https:\/\/puntodincontro.mx\/?s={search_term_string}"},"query-input":{"@type":"PropertyValueSpecification","valueRequired":true,"valueName":"search_term_string"}}],"inLanguage":"es"},{"@type":"Organization","@id":"https:\/\/puntodincontro.mx\/#organization","name":"Puntodincontro","url":"https:\/\/puntodincontro.mx\/","logo":{"@type":"ImageObject","inLanguage":"es","@id":"https:\/\/puntodincontro.mx\/#\/schema\/logo\/image\/","url":"https:\/\/puntodincontro.mx\/wp-content\/uploads\/2021\/08\/Default-image-for-open-graph-settings.jpg","contentUrl":"https:\/\/puntodincontro.mx\/wp-content\/uploads\/2021\/08\/Default-image-for-open-graph-settings.jpg","width":1200,"height":630,"caption":"Puntodincontro"},"image":{"@id":"https:\/\/puntodincontro.mx\/#\/schema\/logo\/image\/"},"sameAs":["https:\/\/www.facebook.com\/puntodincontro.mx","https:\/\/x.com\/puntodincontro","https:\/\/www.instagram.com\/puntodincontro.mx\/","https:\/\/www.linkedin.com\/company\/puntodincontro\/","https:\/\/www.youtube.com\/c\/puntodincontromessico","https:\/\/www.patreon.com\/puntodincontro","https:\/\/www.threads.net\/@puntodincontro.mx"]},{"@type":"Person","@id":"https:\/\/puntodincontro.mx\/#\/schema\/person\/d3066d18a16259cbb0c29b0d0e93b556","name":"Puntodincontro","image":{"@type":"ImageObject","inLanguage":"es","@id":"https:\/\/puntodincontro.mx\/#\/schema\/person\/image\/","url":"https:\/\/secure.gravatar.com\/avatar\/0e85b4b3b5e9d6bfcec6a4956d8cc63a?s=96&d=mm&r=g","contentUrl":"https:\/\/secure.gravatar.com\/avatar\/0e85b4b3b5e9d6bfcec6a4956d8cc63a?s=96&d=mm&r=g","caption":"Puntodincontro"},"url":"https:\/\/puntodincontro.mx\/es\/author\/puntodincontro\/"}]}},"_links":{"self":[{"href":"https:\/\/puntodincontro.mx\/es\/wp-json\/wp\/v2\/posts\/10846"}],"collection":[{"href":"https:\/\/puntodincontro.mx\/es\/wp-json\/wp\/v2\/posts"}],"about":[{"href":"https:\/\/puntodincontro.mx\/es\/wp-json\/wp\/v2\/types\/post"}],"author":[{"embeddable":true,"href":"https:\/\/puntodincontro.mx\/es\/wp-json\/wp\/v2\/users\/2"}],"replies":[{"embeddable":true,"href":"https:\/\/puntodincontro.mx\/es\/wp-json\/wp\/v2\/comments?post=10846"}],"version-history":[{"count":6,"href":"https:\/\/puntodincontro.mx\/es\/wp-json\/wp\/v2\/posts\/10846\/revisions"}],"predecessor-version":[{"id":10855,"href":"https:\/\/puntodincontro.mx\/es\/wp-json\/wp\/v2\/posts\/10846\/revisions\/10855"}],"wp:featuredmedia":[{"embeddable":true,"href":"https:\/\/puntodincontro.mx\/es\/wp-json\/wp\/v2\/media\/10853"}],"wp:attachment":[{"href":"https:\/\/puntodincontro.mx\/es\/wp-json\/wp\/v2\/media?parent=10846"}],"wp:term":[{"taxonomy":"category","embeddable":true,"href":"https:\/\/puntodincontro.mx\/es\/wp-json\/wp\/v2\/categories?post=10846"},{"taxonomy":"post_tag","embeddable":true,"href":"https:\/\/puntodincontro.mx\/es\/wp-json\/wp\/v2\/tags?post=10846"}],"curies":[{"name":"wp","href":"https:\/\/api.w.org\/{rel}","templated":true}]}}