{"id":1085,"date":"2021-10-09T06:08:22","date_gmt":"2021-10-09T11:08:22","guid":{"rendered":"https:\/\/puntodincontro.mx\/?p=1085"},"modified":"2021-10-09T06:08:24","modified_gmt":"2021-10-09T11:08:24","slug":"frida-kahlo-prorrogan-hasta-el-14-de-noviembre-la-exposicion-en-sansepolcro","status":"publish","type":"post","link":"https:\/\/puntodincontro.mx\/es\/2021\/10\/09\/frida-kahlo-prorogata-fino-al-14-novembre-la-mostra-a-sansepolcro\/","title":{"rendered":"Frida Kahlo, prorrogan hasta el 14 de noviembre la exposici\u00f3n en Sansepolcro"},"content":{"rendered":"<p class=\"translation-block\"><strong>05:53 hrs.<\/strong> \u2013 El Ayuntamiento de Sansepolcro, Civita Mostre y Musei Diffusione Italia International Group decidieron ampliar la inauguraci\u00f3n de la exposici\u00f3n sobre Frida Kahlo instalada en el Museo C\u00edvico del municipio toscano de la provincia de Arezzo hasta el 14 de noviembre de 2021.<\/p>\n\n\n\n<p>\u00abDado el \u00e9xito de los n\u00fameros y, sobre todo, la gran satisfacci\u00f3n de los visitantes, decidimos, junto con Opera Laboratori Fiorentini y Civita, prorrogar la exposici\u00f3n fotogr\u00e1fica sobre Frida Kahlo. Por eso, hasta el 14 de noviembre, continuar\u00e1 el homenaje de Sansepolcro a una artista, muy querida incluso por los j\u00f3venes, que encarna uno de esos casos en los que arte y biograf\u00eda se entrecruzan indisolublemente, haciendo \u00fanico al personaje\u00bb, declar\u00f3 la directora del Museo C\u00edvico, Mar\u00eda Cristina Giambagli.<\/p>\n\n\n\n<p>A trav\u00e9s de un centenar de fotos, en su mayor parte originales, la exposici\u00f3n reconstruye los hechos de la vida de la artista mexicana, en busca de las razones que la han convertido en un \u00edcono femenino internacional.<\/p>\n\n\n\n<p>Las fotos de Frida fueron tomadas por su padre Guillermo durante la infancia y juventud de su hija y lpor algunos de los m\u00e1s grandes fot\u00f3grafos de su tiempo: Leo Matiz, Imogen Cunninghan, Edward Weston, Lucienne Bloch, Bernard Silbertein, Manuel e Lola Alvarez Bravo, Nickolas Muray, entre otros. En este extraordinario \u201c\u00e1lbum de fotos\u201d, los sucesos a menudo dolorosos pero siempre apasionados de una vida se suceden, as\u00ed como los amores, amistades y aventuras de Frida.<\/p>\n\n\n\n<p>Se exhibe tambi\u00e9n un grupo de peque\u00f1as fotograf\u00edas \u00edntimas de Frida, tomadas en formato Polaroid por el galerista Julien Levy.<\/p>\n\n\n\n<div class=\"wp-block-image\"><figure class=\"aligncenter size-full\"><img loading=\"lazy\" decoding=\"async\" width=\"932\" height=\"488\" src=\"https:\/\/puntodincontro.mx\/wp-content\/uploads\/2021\/10\/prorogatamostrafridasansepocrocomp-1.jpg\" alt=\"\" class=\"wp-image-1090\" srcset=\"https:\/\/puntodincontro.mx\/wp-content\/uploads\/2021\/10\/prorogatamostrafridasansepocrocomp-1.jpg 932w, https:\/\/puntodincontro.mx\/wp-content\/uploads\/2021\/10\/prorogatamostrafridasansepocrocomp-1-300x157.jpg 300w, https:\/\/puntodincontro.mx\/wp-content\/uploads\/2021\/10\/prorogatamostrafridasansepocrocomp-1-768x402.jpg 768w, https:\/\/puntodincontro.mx\/wp-content\/uploads\/2021\/10\/prorogatamostrafridasansepocrocomp-1-16x8.jpg 16w\" sizes=\"(max-width: 932px) 100vw, 932px\" \/><\/figure><\/div>\n\n\n\n<p>El itinerario expositivo reconstruye el contexto en el que se afianza la personalidad de la pintora: es el M\u00e9xico de principios del siglo XX, atravesado por una revoluci\u00f3n que cambi\u00f3 su historia. La epopeya y el mito de la revoluci\u00f3n mexicana quedaron grabados en la mente de Frida, alimentando su sentido de rebeli\u00f3n contra las convenciones e imposiciones de una sociedad fuertemente dominada por los hombres. La historia de la familia Kahlo tiene lugar en este contexto. Guillermo, su padre, era un fot\u00f3grafo profesional de origen alem\u00e1n, que lleg\u00f3 a M\u00e9xico en 1891 y pronto se enamor\u00f3 del pa\u00eds que lo acogi\u00f3. Su actividad se evidencia en algunas fotograf\u00edas tomadas por encargo del gobierno austriaco, para documentar las iglesias de M\u00e9xico construidas en la \u00e9poca colonial.<\/p>\n\n\n\n<p>El lenguaje de Frida en la pintura es apasionado, visceral, caracterizado por la ausencia de hipocres\u00eda y por contenidos despiadadamente autobiogr\u00e1ficos. Todo su trabajo es una forma de autoan\u00e1lisis, en busca de la propia identidad y una raz\u00f3n para vivir. En sus numerosos autorretratos, la artista nacida en el barrio de Coyoac\u00e1n de la capital mexicana no tem\u00eda exponer sus debilidades y angustias. Junto a Frida suele retratarse Diego Rivera, el pintor y muralista con quien comparti\u00f3 una intensa y turbulenta relaci\u00f3n, que abarc\u00f3 la mayor parte de su vida. Pero tambi\u00e9n aparecen otros personajes, como Leon Trotsky y Andr\u00e9 Breton.<\/p>\n\n\n\n<p>Finalmente, se exhiben algunos documentos, como el cat\u00e1logo original de la exposici\u00f3n de Frida, organizada por Andr\u00e9 Breton en Par\u00eds, el primer \u201cmanifiesto de la pintura revolucionaria\u201d firmado por Breton y Rivera, documentaci\u00f3n fotogr\u00e1fica de su famosa Casa Azul y un gran cuadro creado por el pintor chino Xu De Qi que reproduce Las Dos Fridas. La exposici\u00f3n finaliza con un video que recoge las pocas im\u00e1genes filmadas de la gran artista mexicana.<\/p>\n\n\n\n<p>El cat\u00e1logo, curado por Vincenzo Sanfo, es publicado por Papiro Art. Los servicios de recepci\u00f3n en el museo y en exhibici\u00f3n son administrados por Opera Laboratori Fiorentini.<\/p>\n\n\n\n<div style=\"height:12px\" aria-hidden=\"true\" class=\"wp-block-spacer\"><\/div>\n\n\n\n\n\n<div style=\"height:12px\" aria-hidden=\"true\" class=\"wp-block-spacer\"><\/div>","protected":false},"excerpt":{"rendered":"<p>Ore 05.53 &#8211; Il Comune di Sansepolcro, Civita Mostre e Musei e Diffusione Italia International Group hanno deciso di prorogare sino al 14 novembre 2021 l\u2019apertura della mostra su Frida Kahlo allestita nel Museo Civico del comune toscano in provincia di Arezzo. \u00abVisto il successo dei numeri e, soprattutto, rilevato l\u2019alto gradimento dei visitatori, abbiamo deciso, congiuntamente con Opera Laboratori Fiorentini e Civita, di prorogare la mostra fotografica su Frida Kahlo. Pertanto, fino al 14 novembre, continua l\u2019omaggio di Sansepolcro ad un\u2019artista, molto amata anche dai giovani, che incarna uno di quei casi in cui arte e biografia si intersecano&#8230; <\/p>","protected":false},"author":2,"featured_media":1089,"comment_status":"open","ping_status":"open","sticky":false,"template":"","format":"standard","meta":{"_monsterinsights_skip_tracking":false,"_monsterinsights_sitenote_active":false,"_monsterinsights_sitenote_note":"","_monsterinsights_sitenote_category":0,"footnotes":""},"categories":[6],"tags":[],"class_list":["post-1085","post","type-post","status-publish","format-standard","has-post-thumbnail","hentry","category-messico-in-italia"],"yoast_head":"<!-- This site is optimized with the Yoast SEO Premium plugin v18.4 (Yoast SEO v25.6) - https:\/\/yoast.com\/wordpress\/plugins\/seo\/ -->\n<title>Frida Kahlo, prorogata fino al 14 novembre la mostra a Sansepolcro Puntodincontro<\/title>\n<meta name=\"description\" content=\"Il Comune di Sansepolcro, Civita Mostre e Musei e Diffusione Italia International Group hanno deciso di prorogare sino al 14 novembre 2021 l\u2019apertura della mostra su Frida Kahlo allestita nel Museo Civico del comune toscano in provincia di Arezzo.\" \/>\n<meta name=\"robots\" content=\"index, follow, max-snippet:-1, max-image-preview:large, max-video-preview:-1\" \/>\n<link rel=\"canonical\" href=\"https:\/\/puntodincontro.mx\/es\/2021\/10\/09\/frida-kahlo-prorrogan-hasta-el-14-de-noviembre-la-exposicion-en-sansepolcro\/\" \/>\n<meta property=\"og:locale\" content=\"es_MX\" \/>\n<meta property=\"og:type\" content=\"article\" \/>\n<meta property=\"og:title\" content=\"Frida Kahlo, prorogata fino al 14 novembre la mostra a Sansepolcro\" \/>\n<meta property=\"og:description\" content=\"Il Comune di Sansepolcro, Civita Mostre e Musei e Diffusione Italia International Group hanno deciso di prorogare sino al 14 novembre 2021 l\u2019apertura della mostra su Frida Kahlo allestita nel Museo Civico del comune toscano in provincia di Arezzo.\" \/>\n<meta property=\"og:url\" content=\"https:\/\/puntodincontro.mx\/es\/2021\/10\/09\/frida-kahlo-prorrogan-hasta-el-14-de-noviembre-la-exposicion-en-sansepolcro\/\" \/>\n<meta property=\"og:site_name\" content=\"Puntodincontro\" \/>\n<meta property=\"article:publisher\" content=\"https:\/\/www.facebook.com\/puntodincontro.mx\" \/>\n<meta property=\"article:published_time\" content=\"2021-10-09T11:08:22+00:00\" \/>\n<meta property=\"article:modified_time\" content=\"2021-10-09T11:08:24+00:00\" \/>\n<meta property=\"og:image\" content=\"https:\/\/puntodincontro.mx\/wp-content\/uploads\/2021\/10\/prorogatamostrafridasansepocrovert.webp\" \/>\n\t<meta property=\"og:image:width\" content=\"423\" \/>\n\t<meta property=\"og:image:height\" content=\"488\" \/>\n\t<meta property=\"og:image:type\" content=\"image\/webp\" \/>\n<meta name=\"author\" content=\"Puntodincontro\" \/>\n<meta name=\"twitter:card\" content=\"summary_large_image\" \/>\n<meta name=\"twitter:creator\" content=\"@puntodincontro\" \/>\n<meta name=\"twitter:site\" content=\"@puntodincontro\" \/>\n<meta name=\"twitter:label1\" content=\"Escrito por\" \/>\n\t<meta name=\"twitter:data1\" content=\"Puntodincontro\" \/>\n\t<meta name=\"twitter:label2\" content=\"Tiempo de lectura\" \/>\n\t<meta name=\"twitter:data2\" content=\"3 minutos\" \/>\n<script type=\"application\/ld+json\" class=\"yoast-schema-graph\">{\"@context\":\"https:\/\/schema.org\",\"@graph\":[{\"@type\":\"NewsArticle\",\"@id\":\"https:\/\/puntodincontro.mx\/2021\/10\/09\/frida-kahlo-prorogata-fino-al-14-novembre-la-mostra-a-sansepolcro\/#article\",\"isPartOf\":{\"@id\":\"https:\/\/puntodincontro.mx\/2021\/10\/09\/frida-kahlo-prorogata-fino-al-14-novembre-la-mostra-a-sansepolcro\/\"},\"author\":{\"name\":\"Puntodincontro\",\"@id\":\"https:\/\/puntodincontro.mx\/#\/schema\/person\/d3066d18a16259cbb0c29b0d0e93b556\"},\"headline\":\"Frida Kahlo, prorogata fino al 14 novembre la mostra a Sansepolcro\",\"datePublished\":\"2021-10-09T11:08:22+00:00\",\"dateModified\":\"2021-10-09T11:08:24+00:00\",\"mainEntityOfPage\":{\"@id\":\"https:\/\/puntodincontro.mx\/2021\/10\/09\/frida-kahlo-prorogata-fino-al-14-novembre-la-mostra-a-sansepolcro\/\"},\"wordCount\":574,\"commentCount\":0,\"publisher\":{\"@id\":\"https:\/\/puntodincontro.mx\/#organization\"},\"image\":{\"@id\":\"https:\/\/puntodincontro.mx\/2021\/10\/09\/frida-kahlo-prorogata-fino-al-14-novembre-la-mostra-a-sansepolcro\/#primaryimage\"},\"thumbnailUrl\":\"https:\/\/puntodincontro.mx\/wp-content\/uploads\/2021\/10\/prorogatamostrafridasansepocrovert.webp\",\"articleSection\":[\"Messico in Italia\"],\"inLanguage\":\"es\",\"potentialAction\":[{\"@type\":\"CommentAction\",\"name\":\"Comment\",\"target\":[\"https:\/\/puntodincontro.mx\/2021\/10\/09\/frida-kahlo-prorogata-fino-al-14-novembre-la-mostra-a-sansepolcro\/#respond\"]}]},{\"@type\":\"WebPage\",\"@id\":\"https:\/\/puntodincontro.mx\/2021\/10\/09\/frida-kahlo-prorogata-fino-al-14-novembre-la-mostra-a-sansepolcro\/\",\"url\":\"https:\/\/puntodincontro.mx\/2021\/10\/09\/frida-kahlo-prorogata-fino-al-14-novembre-la-mostra-a-sansepolcro\/\",\"name\":\"Frida Kahlo, prorogata fino al 14 novembre la mostra a Sansepolcro Puntodincontro\",\"isPartOf\":{\"@id\":\"https:\/\/puntodincontro.mx\/#website\"},\"primaryImageOfPage\":{\"@id\":\"https:\/\/puntodincontro.mx\/2021\/10\/09\/frida-kahlo-prorogata-fino-al-14-novembre-la-mostra-a-sansepolcro\/#primaryimage\"},\"image\":{\"@id\":\"https:\/\/puntodincontro.mx\/2021\/10\/09\/frida-kahlo-prorogata-fino-al-14-novembre-la-mostra-a-sansepolcro\/#primaryimage\"},\"thumbnailUrl\":\"https:\/\/puntodincontro.mx\/wp-content\/uploads\/2021\/10\/prorogatamostrafridasansepocrovert.webp\",\"datePublished\":\"2021-10-09T11:08:22+00:00\",\"dateModified\":\"2021-10-09T11:08:24+00:00\",\"description\":\"Il Comune di Sansepolcro, Civita Mostre e Musei e Diffusione Italia International Group hanno deciso di prorogare sino al 14 novembre 2021 l\u2019apertura della mostra su Frida Kahlo allestita nel Museo Civico del comune toscano in provincia di Arezzo.\",\"breadcrumb\":{\"@id\":\"https:\/\/puntodincontro.mx\/2021\/10\/09\/frida-kahlo-prorogata-fino-al-14-novembre-la-mostra-a-sansepolcro\/#breadcrumb\"},\"inLanguage\":\"es\",\"potentialAction\":[{\"@type\":\"ReadAction\",\"target\":[\"https:\/\/puntodincontro.mx\/2021\/10\/09\/frida-kahlo-prorogata-fino-al-14-novembre-la-mostra-a-sansepolcro\/\"]}]},{\"@type\":\"ImageObject\",\"inLanguage\":\"es\",\"@id\":\"https:\/\/puntodincontro.mx\/2021\/10\/09\/frida-kahlo-prorogata-fino-al-14-novembre-la-mostra-a-sansepolcro\/#primaryimage\",\"url\":\"https:\/\/puntodincontro.mx\/wp-content\/uploads\/2021\/10\/prorogatamostrafridasansepocrovert.webp\",\"contentUrl\":\"https:\/\/puntodincontro.mx\/wp-content\/uploads\/2021\/10\/prorogatamostrafridasansepocrovert.webp\",\"width\":423,\"height\":488},{\"@type\":\"BreadcrumbList\",\"@id\":\"https:\/\/puntodincontro.mx\/2021\/10\/09\/frida-kahlo-prorogata-fino-al-14-novembre-la-mostra-a-sansepolcro\/#breadcrumb\",\"itemListElement\":[{\"@type\":\"ListItem\",\"position\":1,\"name\":\"Home\",\"item\":\"https:\/\/puntodincontro.mx\/\"},{\"@type\":\"ListItem\",\"position\":2,\"name\":\"Frida Kahlo, prorogata fino al 14 novembre la mostra a Sansepolcro\"}]},{\"@type\":\"WebSite\",\"@id\":\"https:\/\/puntodincontro.mx\/#website\",\"url\":\"https:\/\/puntodincontro.mx\/\",\"name\":\"Puntodincontro\",\"description\":\"Dal 2006 notizie sui rapporti Italia-Messico \/ Desde 2006 noticias sobre las relaciones entre Italia y M\u00e9xico\",\"publisher\":{\"@id\":\"https:\/\/puntodincontro.mx\/#organization\"},\"potentialAction\":[{\"@type\":\"SearchAction\",\"target\":{\"@type\":\"EntryPoint\",\"urlTemplate\":\"https:\/\/puntodincontro.mx\/?s={search_term_string}\"},\"query-input\":{\"@type\":\"PropertyValueSpecification\",\"valueRequired\":true,\"valueName\":\"search_term_string\"}}],\"inLanguage\":\"es\"},{\"@type\":\"Organization\",\"@id\":\"https:\/\/puntodincontro.mx\/#organization\",\"name\":\"Puntodincontro\",\"url\":\"https:\/\/puntodincontro.mx\/\",\"logo\":{\"@type\":\"ImageObject\",\"inLanguage\":\"es\",\"@id\":\"https:\/\/puntodincontro.mx\/#\/schema\/logo\/image\/\",\"url\":\"https:\/\/puntodincontro.mx\/wp-content\/uploads\/2021\/08\/Default-image-for-open-graph-settings.jpg\",\"contentUrl\":\"https:\/\/puntodincontro.mx\/wp-content\/uploads\/2021\/08\/Default-image-for-open-graph-settings.jpg\",\"width\":1200,\"height\":630,\"caption\":\"Puntodincontro\"},\"image\":{\"@id\":\"https:\/\/puntodincontro.mx\/#\/schema\/logo\/image\/\"},\"sameAs\":[\"https:\/\/www.facebook.com\/puntodincontro.mx\",\"https:\/\/x.com\/puntodincontro\",\"https:\/\/www.instagram.com\/puntodincontro.mx\/\",\"https:\/\/www.linkedin.com\/company\/puntodincontro\/\",\"https:\/\/www.youtube.com\/c\/puntodincontromessico\",\"https:\/\/www.patreon.com\/puntodincontro\",\"https:\/\/www.threads.net\/@puntodincontro.mx\"]},{\"@type\":\"Person\",\"@id\":\"https:\/\/puntodincontro.mx\/#\/schema\/person\/d3066d18a16259cbb0c29b0d0e93b556\",\"name\":\"Puntodincontro\",\"image\":{\"@type\":\"ImageObject\",\"inLanguage\":\"es\",\"@id\":\"https:\/\/puntodincontro.mx\/#\/schema\/person\/image\/\",\"url\":\"https:\/\/secure.gravatar.com\/avatar\/0e85b4b3b5e9d6bfcec6a4956d8cc63a?s=96&d=mm&r=g\",\"contentUrl\":\"https:\/\/secure.gravatar.com\/avatar\/0e85b4b3b5e9d6bfcec6a4956d8cc63a?s=96&d=mm&r=g\",\"caption\":\"Puntodincontro\"},\"url\":\"https:\/\/puntodincontro.mx\/es\/author\/puntodincontro\/\"}]}<\/script>\n<!-- \/ Yoast SEO Premium plugin. -->","yoast_head_json":{"title":"Frida Kahlo, prorogata fino al 14 novembre la mostra a Sansepolcro Puntodincontro","description":"El Ayuntamiento de Sansepolcro, Civita Mostre y Musei Diffusione Italia International Group decidieron ampliar la inauguraci\u00f3n de la exposici\u00f3n sobre Frida Kahlo instalada en el Museo C\u00edvico del municipio toscano de la","robots":{"index":"index","follow":"follow","max-snippet":"max-snippet:-1","max-image-preview":"max-image-preview:large","max-video-preview":"max-video-preview:-1"},"canonical":"https:\/\/puntodincontro.mx\/es\/2021\/10\/09\/frida-kahlo-prorrogan-hasta-el-14-de-noviembre-la-exposicion-en-sansepolcro\/","og_locale":"es_MX","og_type":"article","og_title":"Frida Kahlo, prorogata fino al 14 novembre la mostra a Sansepolcro","og_description":"Il Comune di Sansepolcro, Civita Mostre e Musei e Diffusione Italia International Group hanno deciso di prorogare sino al 14 novembre 2021 l\u2019apertura della mostra su Frida Kahlo allestita nel Museo Civico del comune toscano in provincia di Arezzo.","og_url":"https:\/\/puntodincontro.mx\/es\/2021\/10\/09\/frida-kahlo-prorrogan-hasta-el-14-de-noviembre-la-exposicion-en-sansepolcro\/","og_site_name":"Puntodincontro","article_publisher":"https:\/\/www.facebook.com\/puntodincontro.mx","article_published_time":"2021-10-09T11:08:22+00:00","article_modified_time":"2021-10-09T11:08:24+00:00","og_image":[{"width":423,"height":488,"url":"https:\/\/puntodincontro.mx\/wp-content\/uploads\/2021\/10\/prorogatamostrafridasansepocrovert.webp","type":"image\/webp"}],"author":"Puntodincontro","twitter_card":"summary_large_image","twitter_creator":"@puntodincontro","twitter_site":"@puntodincontro","twitter_misc":{"Escrito por":"Puntodincontro","Tiempo de lectura":"3 minutos"},"schema":{"@context":"https:\/\/schema.org","@graph":[{"@type":"NewsArticle","@id":"https:\/\/puntodincontro.mx\/2021\/10\/09\/frida-kahlo-prorogata-fino-al-14-novembre-la-mostra-a-sansepolcro\/#article","isPartOf":{"@id":"https:\/\/puntodincontro.mx\/2021\/10\/09\/frida-kahlo-prorogata-fino-al-14-novembre-la-mostra-a-sansepolcro\/"},"author":{"name":"Puntodincontro","@id":"https:\/\/puntodincontro.mx\/#\/schema\/person\/d3066d18a16259cbb0c29b0d0e93b556"},"headline":"Frida Kahlo, prorogata fino al 14 novembre la mostra a Sansepolcro","datePublished":"2021-10-09T11:08:22+00:00","dateModified":"2021-10-09T11:08:24+00:00","mainEntityOfPage":{"@id":"https:\/\/puntodincontro.mx\/2021\/10\/09\/frida-kahlo-prorogata-fino-al-14-novembre-la-mostra-a-sansepolcro\/"},"wordCount":574,"commentCount":0,"publisher":{"@id":"https:\/\/puntodincontro.mx\/#organization"},"image":{"@id":"https:\/\/puntodincontro.mx\/2021\/10\/09\/frida-kahlo-prorogata-fino-al-14-novembre-la-mostra-a-sansepolcro\/#primaryimage"},"thumbnailUrl":"https:\/\/puntodincontro.mx\/wp-content\/uploads\/2021\/10\/prorogatamostrafridasansepocrovert.webp","articleSection":["Messico in Italia"],"inLanguage":"es","potentialAction":[{"@type":"CommentAction","name":"Comment","target":["https:\/\/puntodincontro.mx\/2021\/10\/09\/frida-kahlo-prorogata-fino-al-14-novembre-la-mostra-a-sansepolcro\/#respond"]}]},{"@type":"WebPage","@id":"https:\/\/puntodincontro.mx\/2021\/10\/09\/frida-kahlo-prorogata-fino-al-14-novembre-la-mostra-a-sansepolcro\/","url":"https:\/\/puntodincontro.mx\/2021\/10\/09\/frida-kahlo-prorogata-fino-al-14-novembre-la-mostra-a-sansepolcro\/","name":"Frida Kahlo, prorogata fino al 14 novembre la mostra a Sansepolcro Puntodincontro","isPartOf":{"@id":"https:\/\/puntodincontro.mx\/#website"},"primaryImageOfPage":{"@id":"https:\/\/puntodincontro.mx\/2021\/10\/09\/frida-kahlo-prorogata-fino-al-14-novembre-la-mostra-a-sansepolcro\/#primaryimage"},"image":{"@id":"https:\/\/puntodincontro.mx\/2021\/10\/09\/frida-kahlo-prorogata-fino-al-14-novembre-la-mostra-a-sansepolcro\/#primaryimage"},"thumbnailUrl":"https:\/\/puntodincontro.mx\/wp-content\/uploads\/2021\/10\/prorogatamostrafridasansepocrovert.webp","datePublished":"2021-10-09T11:08:22+00:00","dateModified":"2021-10-09T11:08:24+00:00","description":"El Ayuntamiento de Sansepolcro, Civita Mostre y Musei Diffusione Italia International Group decidieron ampliar la inauguraci\u00f3n de la exposici\u00f3n sobre Frida Kahlo instalada en el Museo C\u00edvico del municipio toscano de la","breadcrumb":{"@id":"https:\/\/puntodincontro.mx\/2021\/10\/09\/frida-kahlo-prorogata-fino-al-14-novembre-la-mostra-a-sansepolcro\/#breadcrumb"},"inLanguage":"es","potentialAction":[{"@type":"ReadAction","target":["https:\/\/puntodincontro.mx\/2021\/10\/09\/frida-kahlo-prorogata-fino-al-14-novembre-la-mostra-a-sansepolcro\/"]}]},{"@type":"ImageObject","inLanguage":"es","@id":"https:\/\/puntodincontro.mx\/2021\/10\/09\/frida-kahlo-prorogata-fino-al-14-novembre-la-mostra-a-sansepolcro\/#primaryimage","url":"https:\/\/puntodincontro.mx\/wp-content\/uploads\/2021\/10\/prorogatamostrafridasansepocrovert.webp","contentUrl":"https:\/\/puntodincontro.mx\/wp-content\/uploads\/2021\/10\/prorogatamostrafridasansepocrovert.webp","width":423,"height":488},{"@type":"BreadcrumbList","@id":"https:\/\/puntodincontro.mx\/2021\/10\/09\/frida-kahlo-prorogata-fino-al-14-novembre-la-mostra-a-sansepolcro\/#breadcrumb","itemListElement":[{"@type":"ListItem","position":1,"name":"Home","item":"https:\/\/puntodincontro.mx\/"},{"@type":"ListItem","position":2,"name":"Frida Kahlo, prorogata fino al 14 novembre la mostra a Sansepolcro"}]},{"@type":"WebSite","@id":"https:\/\/puntodincontro.mx\/#website","url":"https:\/\/puntodincontro.mx\/","name":"Puntodincontro","description":"Desde el 2006 noticias sobre las relaciones entre Italia y M\u00e9xico \/ Dal 2006 notizie sui rapporti Italia-Messico","publisher":{"@id":"https:\/\/puntodincontro.mx\/#organization"},"potentialAction":[{"@type":"SearchAction","target":{"@type":"EntryPoint","urlTemplate":"https:\/\/puntodincontro.mx\/?s={search_term_string}"},"query-input":{"@type":"PropertyValueSpecification","valueRequired":true,"valueName":"search_term_string"}}],"inLanguage":"es"},{"@type":"Organization","@id":"https:\/\/puntodincontro.mx\/#organization","name":"Puntodincontro","url":"https:\/\/puntodincontro.mx\/","logo":{"@type":"ImageObject","inLanguage":"es","@id":"https:\/\/puntodincontro.mx\/#\/schema\/logo\/image\/","url":"https:\/\/puntodincontro.mx\/wp-content\/uploads\/2021\/08\/Default-image-for-open-graph-settings.jpg","contentUrl":"https:\/\/puntodincontro.mx\/wp-content\/uploads\/2021\/08\/Default-image-for-open-graph-settings.jpg","width":1200,"height":630,"caption":"Puntodincontro"},"image":{"@id":"https:\/\/puntodincontro.mx\/#\/schema\/logo\/image\/"},"sameAs":["https:\/\/www.facebook.com\/puntodincontro.mx","https:\/\/x.com\/puntodincontro","https:\/\/www.instagram.com\/puntodincontro.mx\/","https:\/\/www.linkedin.com\/company\/puntodincontro\/","https:\/\/www.youtube.com\/c\/puntodincontromessico","https:\/\/www.patreon.com\/puntodincontro","https:\/\/www.threads.net\/@puntodincontro.mx"]},{"@type":"Person","@id":"https:\/\/puntodincontro.mx\/#\/schema\/person\/d3066d18a16259cbb0c29b0d0e93b556","name":"Puntodincontro","image":{"@type":"ImageObject","inLanguage":"es","@id":"https:\/\/puntodincontro.mx\/#\/schema\/person\/image\/","url":"https:\/\/secure.gravatar.com\/avatar\/0e85b4b3b5e9d6bfcec6a4956d8cc63a?s=96&d=mm&r=g","contentUrl":"https:\/\/secure.gravatar.com\/avatar\/0e85b4b3b5e9d6bfcec6a4956d8cc63a?s=96&d=mm&r=g","caption":"Puntodincontro"},"url":"https:\/\/puntodincontro.mx\/es\/author\/puntodincontro\/"}]}},"_links":{"self":[{"href":"https:\/\/puntodincontro.mx\/es\/wp-json\/wp\/v2\/posts\/1085"}],"collection":[{"href":"https:\/\/puntodincontro.mx\/es\/wp-json\/wp\/v2\/posts"}],"about":[{"href":"https:\/\/puntodincontro.mx\/es\/wp-json\/wp\/v2\/types\/post"}],"author":[{"embeddable":true,"href":"https:\/\/puntodincontro.mx\/es\/wp-json\/wp\/v2\/users\/2"}],"replies":[{"embeddable":true,"href":"https:\/\/puntodincontro.mx\/es\/wp-json\/wp\/v2\/comments?post=1085"}],"version-history":[{"count":5,"href":"https:\/\/puntodincontro.mx\/es\/wp-json\/wp\/v2\/posts\/1085\/revisions"}],"predecessor-version":[{"id":1093,"href":"https:\/\/puntodincontro.mx\/es\/wp-json\/wp\/v2\/posts\/1085\/revisions\/1093"}],"wp:featuredmedia":[{"embeddable":true,"href":"https:\/\/puntodincontro.mx\/es\/wp-json\/wp\/v2\/media\/1089"}],"wp:attachment":[{"href":"https:\/\/puntodincontro.mx\/es\/wp-json\/wp\/v2\/media?parent=1085"}],"wp:term":[{"taxonomy":"category","embeddable":true,"href":"https:\/\/puntodincontro.mx\/es\/wp-json\/wp\/v2\/categories?post=1085"},{"taxonomy":"post_tag","embeddable":true,"href":"https:\/\/puntodincontro.mx\/es\/wp-json\/wp\/v2\/tags?post=1085"}],"curies":[{"name":"wp","href":"https:\/\/api.w.org\/{rel}","templated":true}]}}