{"id":10957,"date":"2023-02-14T17:41:09","date_gmt":"2023-02-14T23:41:09","guid":{"rendered":"https:\/\/puntodincontro.mx\/?p=10957"},"modified":"2023-02-14T17:41:55","modified_gmt":"2023-02-14T23:41:55","slug":"mexico-lidera-exportaciones-de-emilia-romana-hacia-nuevos-mercados","status":"publish","type":"post","link":"https:\/\/puntodincontro.mx\/es\/2023\/02\/14\/messico-guida-lexport-dei-distretti-dellemilia-romagna-verso-i-nuovi-mercati\/","title":{"rendered":"M\u00e9xico lidera ventas de los distritos de Emilia-Roma\u00f1a a nuevos mercados"},"content":{"rendered":"<p class=\"translation-block\"><strong>17:14 hrs.<\/strong> - En los primeros nueve meses de 2022, las exportaciones de los distritos de Emilia-Roma\u00f1a ascendieron a 15,700 millones de euros y registraron un incremento del 11.6% respecto al mismo periodo de 2021 y del 18.5% respecto a los primeros nueve meses de 2019. En espec\u00edfico, en el tercer trimestre del a\u00f1o, las exportaciones de los distritos regionales registraron un aumento tendencial de 13.6%, marcando el noveno trimestre consecutivo de aumento.<\/p>\n\n\n\n<p class=\"translation-block\">Las <a href=\"https:\/\/puntodincontro.mx\/es\/category\/economia-e-finanza\/\" target=\"_blank\" rel=\"noreferrer noopener\">exportaciones<\/a> tuvieron un buen comportamiento tanto hacia los mercados maduros (+13%), impulsadas por Estados Unidos, Francia, Alemania y Espa\u00f1a, como hacia los nuevos mercados (+8.6%) lideradas por M\u00e9xico, Polonia, Emiratos \u00c1rabes Unidos e India. Entre los principales destinos comerciales de las exportaciones de los distritos de Emilia-Romagna, se observan disminuciones en las exportaciones a Rusia, China, Ucrania y Egipto.<\/p>\n\n\n\n<p class=\"translation-block\">Esto es lo que se desprende del <a href=\"https:\/\/docs.publicnow.com\/viewDoc?hash_primary=6D2EE69DED51D2DBA5F9103B5447BEA2DE79E86B\" target=\"_blank\" rel=\"noreferrer noopener\">Monitoreo de Distritos Industriales<\/a> publicado por el Departamento de Estudios e Investigaciones de Intesa Sanpaolo.<\/p>\n\n\n\n<p class=\"translation-block\">\u00ab2022 fue un a\u00f1o que present\u00f3 complejidades que volvieron a confirmar el dinamismo y la capacidad de reacci\u00f3n del tejido econ\u00f3mico y productivo regional: este noveno trimestre consecutivo de crecimiento de las exportaciones vuelve a subrayar la competitividad de los distritos de Emilia Roma\u00f1a\u00bb, enfatiza Alessandra Florio, directora Regional para Emilia-Roma\u00f1a y Las Marcas de Intesa Sanpaolo. Por nuestra parte, como Direcci\u00f3n Regional de Intesa Sanpaolo, en 2022 desembolsamos 1,600 millones de euros de nuevos cr\u00e9ditos a mediano y largo plazo a empresas regionales. Como principal banco italiano, creemos que es nuestro deber respaldar las necesidades de liquidez de las empresas incluso con medidas extraordinarias y, al mismo tiempo, seguir estimulando las inversiones estrat\u00e9gicas, en particular hacia la innovaci\u00f3n, la digitalizaci\u00f3n y el desarrollo sostenible\u00bb.<\/p>\n\n\n\n<p>Analizado el comportamiento de cada distrito, resulta que 16 de 19 est\u00e1n creciendo y los que est\u00e1n por encima de los niveles de exportaci\u00f3n de los primeros nueve meses de 2019 son 13 de 19.<\/p>\n\n\n\n<p>Entre los distritos de la mec\u00e1nica destaca el de Mecatr\u00f3nica de Reggio Emilia, con el segundo mayor incremento en los nueve primeros meses de 2022 (+487 millones de euros, equivalentes a +16.2%) gracias al impulso de Estados Unidos (+423%) y los resultados positivos obtenidos en Alemania, Espa\u00f1a, Polonia, Francia, los Pa\u00edses Bajos y el Reino Unido. El \u00fanico descenso, entre los principales destinos comerciales, se produjo en China (-18.3%). Las exportaciones totales se acercaron a los 3,500 millones de euros.<\/p>\n\n\n\n<p>Importante crecimiento tambi\u00e9n para Ciclomotores de Bolonia (+121 millones, +23.1%), tambi\u00e9n en este caso gracias al impulso de Estados Unidos (+45.3%) y la contribuci\u00f3n positiva de Francia, Alemania, Reino Unido y Espa\u00f1a.<\/p>\n\n\n\n<p>La maquinaria agr\u00edcola en Reggio Emilia y M\u00f3dena registr\u00f3 resultados positivos (+65 millones de euros, equivalentes a +15.1%), tambi\u00e9n en este caso impulsada por Estados Unidos (+57.6%). La evoluci\u00f3n fue favorable en ambas provincias: M\u00f3dena +16.8% y Reggio-Emilia +14.7%.<\/p>\n\n\n\n<p>Tambi\u00e9n aumentaron las exportaciones del distrito Maquinaria Alimentaria de Parma (+41 millones equivalentes a +4.5%) y de Maquinaria para la Madera de Rimini (+22 millones de euros equivalentes a +6.2%). Se registr\u00f3 una disminuci\u00f3n, sin embargo, para Maquinaria de embalaje en Bolonia (-14 millones de euros, equivalente a -0.8%) y para M\u00e1quinas herramienta en Piacenza (-34 millones de euros, equivalente a una disminuci\u00f3n de 22.2%)<\/p>\n\n\n\n<p>Los azulejos de Sassuolo lograron el mejor desempe\u00f1o en t\u00e9rminos de valor entre los distritos de Emilia-Romagna, superando las exportaciones en los primeros nueve meses de 2021 en 537 millones de euros. El distrito casi alcanz\u00f3 los 3,500 millones de euros en exportaciones a precios corrientes. Parte de la revalorizaci\u00f3n incorpora los efectos de la subida de los precios de las materias primas y de los productos energ\u00e9ticos que se ha acentuado desde finales de febrero y que ha llevado a las empresas del sector a revisar sus listas de precios. Las baldosas obtuvieron los mayores incrementos en Alemania, Estados Unidos y Francia, que tambi\u00e9n representan los tres mercados con mayor peso en las ventas con una cuota superior al 40% del total, adem\u00e1s de importantes incrementos en Reino Unido (+26.5 %), Suiza (+20.1%), B\u00e9lgica (+14.3%), Pa\u00edses Bajos (+16.9%) y Austria (+14%).<\/p>\n\n\n\n<p>Entre los distritos de art\u00edculos para el hogar, el crecimiento en los mercados exteriores de muebles tapizados en Forl\u00ec tambi\u00e9n es bueno (+30 millones de euros equivalentes a +11.2%). Los mercados que m\u00e1s han contribuido al crecimiento del distrito son Estados Unidos, Francia y B\u00e9lgica. Ambos distritos de art\u00edculos para el hogar de Emilia-Roma\u00f1a obtuvieron resultados muy por encima de los niveles de exportaci\u00f3n previos a la pandemia.<\/p>\n\n\n\n<p>De los siete distritos agroindustriales monitoreados, seis lograron resultados positivos. S\u00f3lo los productos l\u00e1cteos de Reggio-Emilia muestran un descenso de las exportaciones (-65 millones de euros, lo que corresponde a una contracci\u00f3n del 30.3%). Por otro lado, los productos l\u00e1cteos de Parma registraron un aumento en las exportaciones (+11.3%), tambi\u00e9n en comparaci\u00f3n con los niveles de los primeros nueve meses de 2019 (+21.5%).<\/p>\n\n\n\n<p>El distrito agroalimentario que logr\u00f3 el mayor crecimiento en valor es el Alimentare di Parma que cerr\u00f3 el per\u00edodo con un aumento de 197 millones de euros, equivalente a +22.3%, obtenido gracias a todos los sectores (conservas +27%; otros productos alimenticios +21.5%; pasta y productos para hornear +20.4%) y a las ventas a Alemania (+24.8%) y Francia (+12.5%), pa\u00edses que adquieren m\u00e1s del 40% de las ventas exteriores del distrito.<\/p>\n\n\n\n<p>Los distritos de embutidos tambi\u00e9n est\u00e1n creciendo: embutidos de M\u00f3dena (+109 millones de euros, equivalente a un aumento del 20.9%), embutidos de Parma (+27 millones de euros, +8.3%), embutidos de Reggio Emilia (+10 millones de euros, +20.6%).<\/p>\n\n\n\n<p>Las ventas al exterior de frutas y hortalizas de Emilia-Roma\u00f1a tambi\u00e9n aumentaron (+9 millones de euros, equivalentes a +1.9%), apoyadas por Alemania, que por s\u00ed sola compra el 35% de las ventas al exterior del distrito.<\/p>\n\n\n\n<p>Los primeros nueve meses de 2022 tambi\u00e9n marcaron el reinicio de las exportaciones de los distritos de moda de Emilia-Roma\u00f1a. Confecci\u00f3n Rimini (+34 millones de euros, +10.2%), gracias a las ventas a Estados Unidos, Grecia, Polonia, Alemania, China y la estabilidad de las del Reino Unido y Francia, consiguieron anular el efecto negativo de la bajada en las exportaciones a Rusia (-38.3%), mercado que hasta antes del conflicto era la principal salida de los productos del distrito (con una cuota superior al 13%).<\/p>\n\n\n\n<p>El distrito de calzado San Mauro Pascoli tambi\u00e9n mostr\u00f3 una mejora (+17 millones de euros, equivalente a +11.4%), apoyado por el crecimiento en Estados Unidos, Francia, Alemania y Reino Unido y por exportaciones estables a China; tendencias que compensaron las p\u00e9rdidas sufridas en el mercado ruso (-29.1%), muy importante hasta 2021 tambi\u00e9n en el caso de este distrito, cuando fue el segundo mercado de destino con un peso del 11.1% en las ventas al exterior. A pesar de la recuperaci\u00f3n, el nivel de exportaciones de estos dos distritos sigue siendo inferior a los niveles previos a la pandemia (primeros nueve meses de 2019) en un 20.6% y un 18% respectivamente.<\/p>\n\n\n\n<p>Por otro lado, destaca positivamente la actividad de producci\u00f3n de prendas de vestir de Carpi, que no solo supera los niveles de exportaci\u00f3n de los nueve primeros meses de 2021 (+11 millones de euros, equivalente a un incremento del 2.2%), sino que tambi\u00e9n se sit\u00faa 6.9% por encima de los niveles prepandemia, con un incremento de 33 millones de euros. Para este distrito, sin embargo, el papel de Rusia fue claramente m\u00e1s limitado.<\/p>\n\n\n\n<p>El aumento se registr\u00f3 en todos los polos tecnol\u00f3gicos. Las exportaciones aumentaron en 68 millones de euros para el centro ICT de Emilia-Roma\u00f1a (+15.8%) cuya mayor contribuci\u00f3n al crecimiento provino de la electr\u00f3nica en Bolonia. La actividad biom\u00e9dica de Mirandola registr\u00f3 un incremento de 49 millones de euros (+16.5%). El sector biom\u00e9dico de Bolonia registr\u00f3 un incremento de 42 millones de euros (+18.3%).<\/p>\n\n\n\n<div style=\"height:12px\" aria-hidden=\"true\" class=\"wp-block-spacer\"><\/div>\n\n\n<!-- Ad space powered by WP AdCenter v2.5.7 - https:\/\/wpadcenter.com\/ --><div class=\"wpadcenter-adgroup\" ><div class=\"wpadcenter-adgroup__row wpadcenter-aligncenter\"><div class=\"wpadcenter-ad-container\" ><div id=\"wpadcenter-ad-18464\" class=\"ad-placement\"><div class=\"wpadcenter-ad-inner\" ><a id=\"wpadcenter_ad\" data-value=\"18464\" data-placement=\"\" href=\"https:\/\/www.productosremo.com\/\" target=\"_blank\" class=\"wpadcenter-ad-inner__item\" ><img decoding=\"async\"   src=\"https:\/\/puntodincontro.mx\/wp-content\/uploads\/2021\/08\/remobanner.jpg\" class=\"attachment-post-thumbnail size-post-thumbnail wp-post-image\" alt=\"\" srcset=\"https:\/\/puntodincontro.mx\/wp-content\/uploads\/2021\/08\/remobanner.jpg 200w, https:\/\/puntodincontro.mx\/wp-content\/uploads\/2021\/08\/remobanner-16x5.jpg 16w\" sizes=\"(max-width: 200px) 100vw, 200px\" \/><\/a><\/div><\/div><\/div><div class=\"wpadcenter-ad-container\" ><div id=\"wpadcenter-ad-5305\" class=\"ad-placement\"><div class=\"wpadcenter-ad-inner\" ><a id=\"wpadcenter_ad\" data-value=\"5305\" data-placement=\"\" href=\"https:\/\/ambcittadelmessico.esteri.it\/ambasciata_cittadelmessico\/it\/\" target=\"_blank\" class=\"wpadcenter-ad-inner__item\" ><img decoding=\"async\"   src=\"https:\/\/puntodincontro.mx\/wp-content\/uploads\/2022\/05\/Ambasciata.jpg\" class=\"attachment-post-thumbnail size-post-thumbnail wp-post-image\" alt=\"\" srcset=\"https:\/\/puntodincontro.mx\/wp-content\/uploads\/2022\/05\/Ambasciata.jpg 200w, https:\/\/puntodincontro.mx\/wp-content\/uploads\/2022\/05\/Ambasciata-18x5.jpg 18w\" sizes=\"(max-width: 200px) 100vw, 200px\" \/><\/a><\/div><\/div><\/div><div class=\"wpadcenter-ad-container\" ><div id=\"wpadcenter-ad-3781\" class=\"ad-placement\"><div class=\"wpadcenter-ad-inner\" ><a id=\"wpadcenter_ad\" data-value=\"3781\" data-placement=\"\" href=\"https:\/\/cannizzo.com.mx\/\" target=\"_blank\" class=\"wpadcenter-ad-inner__item\" ><img decoding=\"async\"   src=\"https:\/\/puntodincontro.mx\/wp-content\/uploads\/2022\/03\/cannizzo2.jpg\" class=\"attachment-post-thumbnail size-post-thumbnail wp-post-image\" alt=\"\" srcset=\"https:\/\/puntodincontro.mx\/wp-content\/uploads\/2022\/03\/cannizzo2.jpg 200w, https:\/\/puntodincontro.mx\/wp-content\/uploads\/2022\/03\/cannizzo2-18x5.jpg 18w\" sizes=\"(max-width: 200px) 100vw, 200px\" \/><\/a><\/div><\/div><\/div><\/div><div class=\"wpadcenter-adgroup__row wpadcenter-aligncenter\"><div class=\"wpadcenter-ad-container\" ><div id=\"wpadcenter-ad-1704\" class=\"ad-placement\"><div class=\"wpadcenter-ad-inner\" ><a id=\"wpadcenter_ad\" data-value=\"1704\" data-placement=\"\" href=\"https:\/\/puntodincontro.mx\/es\/2021\/12\/24\/inps-verificacion-de-supervivencia-de-los-pensionados-en-el-extranjero\/\" target=\"_blank\" class=\"wpadcenter-ad-inner__item\" ><img decoding=\"async\"   src=\"https:\/\/puntodincontro.mx\/wp-content\/uploads\/2021\/11\/logo-ital.jpg\" class=\"attachment-post-thumbnail size-post-thumbnail wp-post-image\" alt=\"Patronato ITAL Messico\" srcset=\"https:\/\/puntodincontro.mx\/wp-content\/uploads\/2021\/11\/logo-ital.jpg 200w, https:\/\/puntodincontro.mx\/wp-content\/uploads\/2021\/11\/logo-ital-16x5.jpg 16w\" sizes=\"(max-width: 200px) 100vw, 200px\" \/><\/a><\/div><\/div><\/div><div class=\"wpadcenter-ad-container\" ><div id=\"wpadcenter-ad-1538\" class=\"ad-placement\"><div class=\"wpadcenter-ad-inner\" ><a id=\"wpadcenter_ad\" data-value=\"1538\" data-placement=\"\" href=\"https:\/\/asociacionitaliana.org\/\" target=\"_blank\" class=\"wpadcenter-ad-inner__item\" ><img decoding=\"async\"   src=\"https:\/\/puntodincontro.mx\/wp-content\/uploads\/2021\/11\/aialogo.jpg\" class=\"attachment-post-thumbnail size-post-thumbnail wp-post-image\" alt=\"Associazione Italiana di Assistenza IAP\" srcset=\"https:\/\/puntodincontro.mx\/wp-content\/uploads\/2021\/11\/aialogo.jpg 200w, https:\/\/puntodincontro.mx\/wp-content\/uploads\/2021\/11\/aialogo-18x5.jpg 18w\" sizes=\"(max-width: 200px) 100vw, 200px\" \/><\/a><\/div><\/div><\/div><div class=\"wpadcenter-ad-container\" ><div id=\"wpadcenter-ad-1513\" class=\"ad-placement\"><div class=\"wpadcenter-ad-inner\" ><a id=\"wpadcenter_ad\" data-value=\"1513\" data-placement=\"\" href=\"https:\/\/gcinmuebles.mx\" target=\"_blank\" class=\"wpadcenter-ad-inner__item\" ><img decoding=\"async\"   src=\"https:\/\/puntodincontro.mx\/wp-content\/uploads\/2021\/10\/gcinmuebleslogopunto-1.jpg\" class=\"attachment-post-thumbnail size-post-thumbnail wp-post-image\" alt=\"\" srcset=\"https:\/\/puntodincontro.mx\/wp-content\/uploads\/2021\/10\/gcinmuebleslogopunto-1.jpg 200w, https:\/\/puntodincontro.mx\/wp-content\/uploads\/2021\/10\/gcinmuebleslogopunto-1-18x5.jpg 18w\" sizes=\"(max-width: 200px) 100vw, 200px\" \/><\/a><\/div><\/div><\/div><\/div><div class=\"wpadcenter-adgroup__row wpadcenter-aligncenter\"><div class=\"wpadcenter-ad-container\" ><div id=\"wpadcenter-ad-1374\" class=\"ad-placement\"><div class=\"wpadcenter-ad-inner\" ><a id=\"wpadcenter_ad\" data-value=\"1374\" data-placement=\"\" href=\"https:\/\/www.9colonne.it\/\" target=\"_blank\" class=\"wpadcenter-ad-inner__item\" ><img decoding=\"async\"   src=\"https:\/\/puntodincontro.mx\/wp-content\/uploads\/2021\/10\/Banner9colonne.gif\" class=\"attachment-post-thumbnail size-post-thumbnail wp-post-image\" alt=\"\" \/><\/a><\/div><\/div><\/div><div class=\"wpadcenter-ad-container\" ><div id=\"wpadcenter-ad-276\" class=\"ad-placement\"><div class=\"wpadcenter-ad-inner\" ><a id=\"wpadcenter_ad\" data-value=\"276\" data-placement=\"\" href=\"http:\/\/www.camaraitaliana.mx\/\" target=\"_blank\" class=\"wpadcenter-ad-inner__item\" ><img decoding=\"async\"   src=\"https:\/\/puntodincontro.mx\/wp-content\/uploads\/2021\/08\/ccimnuovo.jpg\" class=\"attachment-post-thumbnail size-post-thumbnail wp-post-image\" alt=\"\" srcset=\"https:\/\/puntodincontro.mx\/wp-content\/uploads\/2021\/08\/ccimnuovo.jpg 200w, https:\/\/puntodincontro.mx\/wp-content\/uploads\/2021\/08\/ccimnuovo-18x5.jpg 18w\" sizes=\"(max-width: 200px) 100vw, 200px\" \/><\/a><\/div><\/div><\/div><div class=\"wpadcenter-ad-container\" ><div id=\"wpadcenter-ad-272\" class=\"ad-placement\"><div class=\"wpadcenter-ad-inner\" ><a id=\"wpadcenter_ad\" data-value=\"272\" data-placement=\"\" href=\"http:\/\/corix.us\/\" target=\"_blank\" class=\"wpadcenter-ad-inner__item\" ><img decoding=\"async\"   src=\"https:\/\/puntodincontro.mx\/wp-content\/uploads\/2021\/08\/corixbanner-1.jpg\" class=\"attachment-post-thumbnail size-post-thumbnail wp-post-image\" alt=\"\" srcset=\"https:\/\/puntodincontro.mx\/wp-content\/uploads\/2021\/08\/corixbanner-1.jpg 200w, https:\/\/puntodincontro.mx\/wp-content\/uploads\/2021\/08\/corixbanner-1-16x5.jpg 16w\" sizes=\"(max-width: 200px) 100vw, 200px\" \/><\/a><\/div><\/div><\/div><\/div><div class=\"wpadcenter-adgroup__row wpadcenter-aligncenter\"><div class=\"wpadcenter-ad-container\" ><div id=\"wpadcenter-ad-266\" class=\"ad-placement\"><div class=\"wpadcenter-ad-inner\" ><a id=\"wpadcenter_ad\" data-value=\"266\" data-placement=\"\" href=\"https:\/\/www.prinsel.com.mx\/\" target=\"_blank\" class=\"wpadcenter-ad-inner__item\" ><img decoding=\"async\"   src=\"https:\/\/puntodincontro.mx\/wp-content\/uploads\/2021\/08\/prinselbanner-1.jpg\" class=\"attachment-post-thumbnail size-post-thumbnail wp-post-image\" alt=\"\" srcset=\"https:\/\/puntodincontro.mx\/wp-content\/uploads\/2021\/08\/prinselbanner-1.jpg 200w, https:\/\/puntodincontro.mx\/wp-content\/uploads\/2021\/08\/prinselbanner-1-16x5.jpg 16w\" sizes=\"(max-width: 200px) 100vw, 200px\" \/><\/a><\/div><\/div><\/div><div class=\"wpadcenter-ad-container\" ><div id=\"wpadcenter-ad-261\" class=\"ad-placement\"><div class=\"wpadcenter-ad-inner\" ><a id=\"wpadcenter_ad\" data-value=\"261\" data-placement=\"\" href=\"https:\/\/faitalia.com.mx\/\" target=\"_blank\" class=\"wpadcenter-ad-inner__item\" ><img decoding=\"async\"   src=\"https:\/\/puntodincontro.mx\/wp-content\/uploads\/2021\/08\/gruppodino.jpg\" class=\"attachment-post-thumbnail size-post-thumbnail wp-post-image\" alt=\"\" srcset=\"https:\/\/puntodincontro.mx\/wp-content\/uploads\/2021\/08\/gruppodino.jpg 200w, https:\/\/puntodincontro.mx\/wp-content\/uploads\/2021\/08\/gruppodino-18x5.jpg 18w\" sizes=\"(max-width: 200px) 100vw, 200px\" \/><\/a><\/div><\/div><\/div><\/div><\/div>\n\n\n<div style=\"height:12px\" aria-hidden=\"true\" class=\"wp-block-spacer\"><\/div>","protected":false},"excerpt":{"rendered":"<p>Ore 17.14 &#8211; Nei primi nove mesi del 2022 l\u2019export dei distretti dell\u2019Emilia-Romagna \u00e8 stato pari a 15,7 miliardi di euro e ha registrato un aumento dell\u201911,6% rispetto allo stesso periodo del 2021 e del 18,5% rispetto ai primi nove mesi del 2019. Nello specifico del terzo trimestre dell\u2019anno l\u2019export distrettuale regionale ha registrato un aumento tendenziale del 13,6%, facendo segnare il nono trimestre consecutivo di aumento. Buono l&#8217;andamento delle esportazioni sia verso i mercati maturi (+13%), trainate da Stati Uniti, Francia, Germania e Spagna, sia verso i nuovi mercati (+8,6%) con Messico, Polonia, Emirati Arabi Uniti e India in&#8230; <\/p>","protected":false},"author":2,"featured_media":10974,"comment_status":"open","ping_status":"open","sticky":false,"template":"","format":"standard","meta":{"_monsterinsights_skip_tracking":false,"_monsterinsights_sitenote_active":false,"_monsterinsights_sitenote_note":"","_monsterinsights_sitenote_category":0,"footnotes":""},"categories":[3],"tags":[],"class_list":["post-10957","post","type-post","status-publish","format-standard","has-post-thumbnail","hentry","category-economia-e-finanza"],"yoast_head":"<!-- This site is optimized with the Yoast SEO Premium plugin v18.4 (Yoast SEO v25.6) - https:\/\/yoast.com\/wordpress\/plugins\/seo\/ -->\n<title>Il Messico guida l&#039;export emiliano-romagnolo verso i nuovi mercati<\/title>\n<meta name=\"description\" content=\"Nei primi 9 mesi del 2022 l\u2019export dei distretti dell\u2019Emilia-Romagna \u00e8 stato di 15,7 miliardi di euro, +11,6% rispetto al 2021.\" \/>\n<meta name=\"robots\" content=\"index, follow, max-snippet:-1, max-image-preview:large, max-video-preview:-1\" \/>\n<link rel=\"canonical\" href=\"https:\/\/puntodincontro.mx\/es\/2023\/02\/14\/mexico-lidera-exportaciones-de-emilia-romana-hacia-nuevos-mercados\/\" \/>\n<meta property=\"og:locale\" content=\"es_MX\" \/>\n<meta property=\"og:type\" content=\"article\" \/>\n<meta property=\"og:title\" content=\"Messico guida l&#039;export dei distretti dell&#039;Emilia-Romagna verso i nuovi mercati\" \/>\n<meta property=\"og:description\" content=\"Nei primi 9 mesi del 2022 l\u2019export dei distretti dell\u2019Emilia-Romagna \u00e8 stato di 15,7 miliardi di euro, +11,6% rispetto al 2021.\" \/>\n<meta property=\"og:url\" content=\"https:\/\/puntodincontro.mx\/es\/2023\/02\/14\/mexico-lidera-exportaciones-de-emilia-romana-hacia-nuevos-mercados\/\" \/>\n<meta property=\"og:site_name\" content=\"Puntodincontro\" \/>\n<meta property=\"article:publisher\" content=\"https:\/\/www.facebook.com\/puntodincontro.mx\" \/>\n<meta property=\"article:published_time\" content=\"2023-02-14T23:41:09+00:00\" \/>\n<meta property=\"article:modified_time\" content=\"2023-02-14T23:41:55+00:00\" \/>\n<meta property=\"og:image\" content=\"https:\/\/puntodincontro.mx\/wp-content\/uploads\/2023\/02\/distretticomp.jpg\" \/>\n\t<meta property=\"og:image:width\" content=\"932\" \/>\n\t<meta property=\"og:image:height\" content=\"488\" \/>\n\t<meta property=\"og:image:type\" content=\"image\/jpeg\" \/>\n<meta name=\"author\" content=\"Puntodincontro\" \/>\n<meta name=\"twitter:card\" content=\"summary_large_image\" \/>\n<meta name=\"twitter:creator\" content=\"@puntodincontro\" \/>\n<meta name=\"twitter:site\" content=\"@puntodincontro\" \/>\n<meta name=\"twitter:label1\" content=\"Escrito por\" \/>\n\t<meta name=\"twitter:data1\" content=\"Puntodincontro\" \/>\n\t<meta name=\"twitter:label2\" content=\"Tiempo de lectura\" \/>\n\t<meta name=\"twitter:data2\" content=\"6 minutos\" \/>\n<script type=\"application\/ld+json\" class=\"yoast-schema-graph\">{\"@context\":\"https:\/\/schema.org\",\"@graph\":[{\"@type\":\"NewsArticle\",\"@id\":\"https:\/\/puntodincontro.mx\/2023\/02\/14\/messico-guida-lexport-dei-distretti-dellemilia-romagna-verso-i-nuovi-mercati\/#article\",\"isPartOf\":{\"@id\":\"https:\/\/puntodincontro.mx\/2023\/02\/14\/messico-guida-lexport-dei-distretti-dellemilia-romagna-verso-i-nuovi-mercati\/\"},\"author\":{\"name\":\"Puntodincontro\",\"@id\":\"https:\/\/puntodincontro.mx\/#\/schema\/person\/d3066d18a16259cbb0c29b0d0e93b556\"},\"headline\":\"Messico guida l&#8217;export dei distretti dell&#8217;Emilia-Romagna verso i nuovi mercati\",\"datePublished\":\"2023-02-14T23:41:09+00:00\",\"dateModified\":\"2023-02-14T23:41:55+00:00\",\"mainEntityOfPage\":{\"@id\":\"https:\/\/puntodincontro.mx\/2023\/02\/14\/messico-guida-lexport-dei-distretti-dellemilia-romagna-verso-i-nuovi-mercati\/\"},\"wordCount\":1142,\"commentCount\":0,\"publisher\":{\"@id\":\"https:\/\/puntodincontro.mx\/#organization\"},\"image\":{\"@id\":\"https:\/\/puntodincontro.mx\/2023\/02\/14\/messico-guida-lexport-dei-distretti-dellemilia-romagna-verso-i-nuovi-mercati\/#primaryimage\"},\"thumbnailUrl\":\"https:\/\/puntodincontro.mx\/wp-content\/uploads\/2023\/02\/distrettivert.webp\",\"articleSection\":[\"Economia e finanza\"],\"inLanguage\":\"es\",\"potentialAction\":[{\"@type\":\"CommentAction\",\"name\":\"Comment\",\"target\":[\"https:\/\/puntodincontro.mx\/2023\/02\/14\/messico-guida-lexport-dei-distretti-dellemilia-romagna-verso-i-nuovi-mercati\/#respond\"]}]},{\"@type\":\"WebPage\",\"@id\":\"https:\/\/puntodincontro.mx\/2023\/02\/14\/messico-guida-lexport-dei-distretti-dellemilia-romagna-verso-i-nuovi-mercati\/\",\"url\":\"https:\/\/puntodincontro.mx\/2023\/02\/14\/messico-guida-lexport-dei-distretti-dellemilia-romagna-verso-i-nuovi-mercati\/\",\"name\":\"Il Messico guida l'export emiliano-romagnolo verso i nuovi mercati\",\"isPartOf\":{\"@id\":\"https:\/\/puntodincontro.mx\/#website\"},\"primaryImageOfPage\":{\"@id\":\"https:\/\/puntodincontro.mx\/2023\/02\/14\/messico-guida-lexport-dei-distretti-dellemilia-romagna-verso-i-nuovi-mercati\/#primaryimage\"},\"image\":{\"@id\":\"https:\/\/puntodincontro.mx\/2023\/02\/14\/messico-guida-lexport-dei-distretti-dellemilia-romagna-verso-i-nuovi-mercati\/#primaryimage\"},\"thumbnailUrl\":\"https:\/\/puntodincontro.mx\/wp-content\/uploads\/2023\/02\/distrettivert.webp\",\"datePublished\":\"2023-02-14T23:41:09+00:00\",\"dateModified\":\"2023-02-14T23:41:55+00:00\",\"description\":\"Nei primi 9 mesi del 2022 l\u2019export dei distretti dell\u2019Emilia-Romagna \u00e8 stato di 15,7 miliardi di euro, +11,6% rispetto al 2021.\",\"breadcrumb\":{\"@id\":\"https:\/\/puntodincontro.mx\/2023\/02\/14\/messico-guida-lexport-dei-distretti-dellemilia-romagna-verso-i-nuovi-mercati\/#breadcrumb\"},\"inLanguage\":\"es\",\"potentialAction\":[{\"@type\":\"ReadAction\",\"target\":[\"https:\/\/puntodincontro.mx\/2023\/02\/14\/messico-guida-lexport-dei-distretti-dellemilia-romagna-verso-i-nuovi-mercati\/\"]}]},{\"@type\":\"ImageObject\",\"inLanguage\":\"es\",\"@id\":\"https:\/\/puntodincontro.mx\/2023\/02\/14\/messico-guida-lexport-dei-distretti-dellemilia-romagna-verso-i-nuovi-mercati\/#primaryimage\",\"url\":\"https:\/\/puntodincontro.mx\/wp-content\/uploads\/2023\/02\/distrettivert.webp\",\"contentUrl\":\"https:\/\/puntodincontro.mx\/wp-content\/uploads\/2023\/02\/distrettivert.webp\",\"width\":423,\"height\":488,\"caption\":\"Messico guida l'export dei distretti dell'Emilia-Romagna verso i nuovi mercati\"},{\"@type\":\"BreadcrumbList\",\"@id\":\"https:\/\/puntodincontro.mx\/2023\/02\/14\/messico-guida-lexport-dei-distretti-dellemilia-romagna-verso-i-nuovi-mercati\/#breadcrumb\",\"itemListElement\":[{\"@type\":\"ListItem\",\"position\":1,\"name\":\"Home\",\"item\":\"https:\/\/puntodincontro.mx\/\"},{\"@type\":\"ListItem\",\"position\":2,\"name\":\"Messico guida l&#8217;export dei distretti dell&#8217;Emilia-Romagna verso i nuovi mercati\"}]},{\"@type\":\"WebSite\",\"@id\":\"https:\/\/puntodincontro.mx\/#website\",\"url\":\"https:\/\/puntodincontro.mx\/\",\"name\":\"Puntodincontro\",\"description\":\"Dal 2006 notizie sui rapporti Italia-Messico \/ Desde 2006 noticias sobre las relaciones entre Italia y M\u00e9xico\",\"publisher\":{\"@id\":\"https:\/\/puntodincontro.mx\/#organization\"},\"potentialAction\":[{\"@type\":\"SearchAction\",\"target\":{\"@type\":\"EntryPoint\",\"urlTemplate\":\"https:\/\/puntodincontro.mx\/?s={search_term_string}\"},\"query-input\":{\"@type\":\"PropertyValueSpecification\",\"valueRequired\":true,\"valueName\":\"search_term_string\"}}],\"inLanguage\":\"es\"},{\"@type\":\"Organization\",\"@id\":\"https:\/\/puntodincontro.mx\/#organization\",\"name\":\"Puntodincontro\",\"url\":\"https:\/\/puntodincontro.mx\/\",\"logo\":{\"@type\":\"ImageObject\",\"inLanguage\":\"es\",\"@id\":\"https:\/\/puntodincontro.mx\/#\/schema\/logo\/image\/\",\"url\":\"https:\/\/puntodincontro.mx\/wp-content\/uploads\/2021\/08\/Default-image-for-open-graph-settings.jpg\",\"contentUrl\":\"https:\/\/puntodincontro.mx\/wp-content\/uploads\/2021\/08\/Default-image-for-open-graph-settings.jpg\",\"width\":1200,\"height\":630,\"caption\":\"Puntodincontro\"},\"image\":{\"@id\":\"https:\/\/puntodincontro.mx\/#\/schema\/logo\/image\/\"},\"sameAs\":[\"https:\/\/www.facebook.com\/puntodincontro.mx\",\"https:\/\/x.com\/puntodincontro\",\"https:\/\/www.instagram.com\/puntodincontro.mx\/\",\"https:\/\/www.linkedin.com\/company\/puntodincontro\/\",\"https:\/\/www.youtube.com\/c\/puntodincontromessico\",\"https:\/\/www.patreon.com\/puntodincontro\",\"https:\/\/www.threads.net\/@puntodincontro.mx\"]},{\"@type\":\"Person\",\"@id\":\"https:\/\/puntodincontro.mx\/#\/schema\/person\/d3066d18a16259cbb0c29b0d0e93b556\",\"name\":\"Puntodincontro\",\"image\":{\"@type\":\"ImageObject\",\"inLanguage\":\"es\",\"@id\":\"https:\/\/puntodincontro.mx\/#\/schema\/person\/image\/\",\"url\":\"https:\/\/secure.gravatar.com\/avatar\/0e85b4b3b5e9d6bfcec6a4956d8cc63a?s=96&d=mm&r=g\",\"contentUrl\":\"https:\/\/secure.gravatar.com\/avatar\/0e85b4b3b5e9d6bfcec6a4956d8cc63a?s=96&d=mm&r=g\",\"caption\":\"Puntodincontro\"},\"url\":\"https:\/\/puntodincontro.mx\/es\/author\/puntodincontro\/\"}]}<\/script>\n<!-- \/ Yoast SEO Premium plugin. -->","yoast_head_json":{"title":"Il Messico guida l'export emiliano-romagnolo verso i nuovi mercati","description":"En los primeros 9 meses de 2022, las exportaciones de los distritos de Emilia-Roma\u00f1a ascendieron a 15,700 millones de euros, +11.6% en comparaci\u00f3n con 2021.","robots":{"index":"index","follow":"follow","max-snippet":"max-snippet:-1","max-image-preview":"max-image-preview:large","max-video-preview":"max-video-preview:-1"},"canonical":"https:\/\/puntodincontro.mx\/es\/2023\/02\/14\/mexico-lidera-exportaciones-de-emilia-romana-hacia-nuevos-mercados\/","og_locale":"es_MX","og_type":"article","og_title":"Messico guida l'export dei distretti dell'Emilia-Romagna verso i nuovi mercati","og_description":"Nei primi 9 mesi del 2022 l\u2019export dei distretti dell\u2019Emilia-Romagna \u00e8 stato di 15,7 miliardi di euro, +11,6% rispetto al 2021.","og_url":"https:\/\/puntodincontro.mx\/es\/2023\/02\/14\/mexico-lidera-exportaciones-de-emilia-romana-hacia-nuevos-mercados\/","og_site_name":"Puntodincontro","article_publisher":"https:\/\/www.facebook.com\/puntodincontro.mx","article_published_time":"2023-02-14T23:41:09+00:00","article_modified_time":"2023-02-14T23:41:55+00:00","og_image":[{"width":932,"height":488,"url":"https:\/\/puntodincontro.mx\/wp-content\/uploads\/2023\/02\/distretticomp.jpg","type":"image\/jpeg"}],"author":"Puntodincontro","twitter_card":"summary_large_image","twitter_creator":"@puntodincontro","twitter_site":"@puntodincontro","twitter_misc":{"Escrito por":"Puntodincontro","Tiempo de lectura":"6 minutos"},"schema":{"@context":"https:\/\/schema.org","@graph":[{"@type":"NewsArticle","@id":"https:\/\/puntodincontro.mx\/2023\/02\/14\/messico-guida-lexport-dei-distretti-dellemilia-romagna-verso-i-nuovi-mercati\/#article","isPartOf":{"@id":"https:\/\/puntodincontro.mx\/2023\/02\/14\/messico-guida-lexport-dei-distretti-dellemilia-romagna-verso-i-nuovi-mercati\/"},"author":{"name":"Puntodincontro","@id":"https:\/\/puntodincontro.mx\/#\/schema\/person\/d3066d18a16259cbb0c29b0d0e93b556"},"headline":"Messico guida l&#8217;export dei distretti dell&#8217;Emilia-Romagna verso i nuovi mercati","datePublished":"2023-02-14T23:41:09+00:00","dateModified":"2023-02-14T23:41:55+00:00","mainEntityOfPage":{"@id":"https:\/\/puntodincontro.mx\/2023\/02\/14\/messico-guida-lexport-dei-distretti-dellemilia-romagna-verso-i-nuovi-mercati\/"},"wordCount":1142,"commentCount":0,"publisher":{"@id":"https:\/\/puntodincontro.mx\/#organization"},"image":{"@id":"https:\/\/puntodincontro.mx\/2023\/02\/14\/messico-guida-lexport-dei-distretti-dellemilia-romagna-verso-i-nuovi-mercati\/#primaryimage"},"thumbnailUrl":"https:\/\/puntodincontro.mx\/wp-content\/uploads\/2023\/02\/distrettivert.webp","articleSection":["Economia e finanza"],"inLanguage":"es","potentialAction":[{"@type":"CommentAction","name":"Comment","target":["https:\/\/puntodincontro.mx\/2023\/02\/14\/messico-guida-lexport-dei-distretti-dellemilia-romagna-verso-i-nuovi-mercati\/#respond"]}]},{"@type":"WebPage","@id":"https:\/\/puntodincontro.mx\/2023\/02\/14\/messico-guida-lexport-dei-distretti-dellemilia-romagna-verso-i-nuovi-mercati\/","url":"https:\/\/puntodincontro.mx\/2023\/02\/14\/messico-guida-lexport-dei-distretti-dellemilia-romagna-verso-i-nuovi-mercati\/","name":"Il Messico guida l'export emiliano-romagnolo verso i nuovi mercati","isPartOf":{"@id":"https:\/\/puntodincontro.mx\/#website"},"primaryImageOfPage":{"@id":"https:\/\/puntodincontro.mx\/2023\/02\/14\/messico-guida-lexport-dei-distretti-dellemilia-romagna-verso-i-nuovi-mercati\/#primaryimage"},"image":{"@id":"https:\/\/puntodincontro.mx\/2023\/02\/14\/messico-guida-lexport-dei-distretti-dellemilia-romagna-verso-i-nuovi-mercati\/#primaryimage"},"thumbnailUrl":"https:\/\/puntodincontro.mx\/wp-content\/uploads\/2023\/02\/distrettivert.webp","datePublished":"2023-02-14T23:41:09+00:00","dateModified":"2023-02-14T23:41:55+00:00","description":"En los primeros 9 meses de 2022, las exportaciones de los distritos de Emilia-Roma\u00f1a ascendieron a 15,700 millones de euros, +11.6% en comparaci\u00f3n con 2021.","breadcrumb":{"@id":"https:\/\/puntodincontro.mx\/2023\/02\/14\/messico-guida-lexport-dei-distretti-dellemilia-romagna-verso-i-nuovi-mercati\/#breadcrumb"},"inLanguage":"es","potentialAction":[{"@type":"ReadAction","target":["https:\/\/puntodincontro.mx\/2023\/02\/14\/messico-guida-lexport-dei-distretti-dellemilia-romagna-verso-i-nuovi-mercati\/"]}]},{"@type":"ImageObject","inLanguage":"es","@id":"https:\/\/puntodincontro.mx\/2023\/02\/14\/messico-guida-lexport-dei-distretti-dellemilia-romagna-verso-i-nuovi-mercati\/#primaryimage","url":"https:\/\/puntodincontro.mx\/wp-content\/uploads\/2023\/02\/distrettivert.webp","contentUrl":"https:\/\/puntodincontro.mx\/wp-content\/uploads\/2023\/02\/distrettivert.webp","width":423,"height":488,"caption":"Messico guida l'export dei distretti dell'Emilia-Romagna verso i nuovi mercati"},{"@type":"BreadcrumbList","@id":"https:\/\/puntodincontro.mx\/2023\/02\/14\/messico-guida-lexport-dei-distretti-dellemilia-romagna-verso-i-nuovi-mercati\/#breadcrumb","itemListElement":[{"@type":"ListItem","position":1,"name":"Home","item":"https:\/\/puntodincontro.mx\/"},{"@type":"ListItem","position":2,"name":"Messico guida l&#8217;export dei distretti dell&#8217;Emilia-Romagna verso i nuovi mercati"}]},{"@type":"WebSite","@id":"https:\/\/puntodincontro.mx\/#website","url":"https:\/\/puntodincontro.mx\/","name":"Puntodincontro","description":"Desde el 2006 noticias sobre las relaciones entre Italia y M\u00e9xico \/ Dal 2006 notizie sui rapporti Italia-Messico","publisher":{"@id":"https:\/\/puntodincontro.mx\/#organization"},"potentialAction":[{"@type":"SearchAction","target":{"@type":"EntryPoint","urlTemplate":"https:\/\/puntodincontro.mx\/?s={search_term_string}"},"query-input":{"@type":"PropertyValueSpecification","valueRequired":true,"valueName":"search_term_string"}}],"inLanguage":"es"},{"@type":"Organization","@id":"https:\/\/puntodincontro.mx\/#organization","name":"Puntodincontro","url":"https:\/\/puntodincontro.mx\/","logo":{"@type":"ImageObject","inLanguage":"es","@id":"https:\/\/puntodincontro.mx\/#\/schema\/logo\/image\/","url":"https:\/\/puntodincontro.mx\/wp-content\/uploads\/2021\/08\/Default-image-for-open-graph-settings.jpg","contentUrl":"https:\/\/puntodincontro.mx\/wp-content\/uploads\/2021\/08\/Default-image-for-open-graph-settings.jpg","width":1200,"height":630,"caption":"Puntodincontro"},"image":{"@id":"https:\/\/puntodincontro.mx\/#\/schema\/logo\/image\/"},"sameAs":["https:\/\/www.facebook.com\/puntodincontro.mx","https:\/\/x.com\/puntodincontro","https:\/\/www.instagram.com\/puntodincontro.mx\/","https:\/\/www.linkedin.com\/company\/puntodincontro\/","https:\/\/www.youtube.com\/c\/puntodincontromessico","https:\/\/www.patreon.com\/puntodincontro","https:\/\/www.threads.net\/@puntodincontro.mx"]},{"@type":"Person","@id":"https:\/\/puntodincontro.mx\/#\/schema\/person\/d3066d18a16259cbb0c29b0d0e93b556","name":"Puntodincontro","image":{"@type":"ImageObject","inLanguage":"es","@id":"https:\/\/puntodincontro.mx\/#\/schema\/person\/image\/","url":"https:\/\/secure.gravatar.com\/avatar\/0e85b4b3b5e9d6bfcec6a4956d8cc63a?s=96&d=mm&r=g","contentUrl":"https:\/\/secure.gravatar.com\/avatar\/0e85b4b3b5e9d6bfcec6a4956d8cc63a?s=96&d=mm&r=g","caption":"Puntodincontro"},"url":"https:\/\/puntodincontro.mx\/es\/author\/puntodincontro\/"}]}},"_links":{"self":[{"href":"https:\/\/puntodincontro.mx\/es\/wp-json\/wp\/v2\/posts\/10957"}],"collection":[{"href":"https:\/\/puntodincontro.mx\/es\/wp-json\/wp\/v2\/posts"}],"about":[{"href":"https:\/\/puntodincontro.mx\/es\/wp-json\/wp\/v2\/types\/post"}],"author":[{"embeddable":true,"href":"https:\/\/puntodincontro.mx\/es\/wp-json\/wp\/v2\/users\/2"}],"replies":[{"embeddable":true,"href":"https:\/\/puntodincontro.mx\/es\/wp-json\/wp\/v2\/comments?post=10957"}],"version-history":[{"count":16,"href":"https:\/\/puntodincontro.mx\/es\/wp-json\/wp\/v2\/posts\/10957\/revisions"}],"predecessor-version":[{"id":10976,"href":"https:\/\/puntodincontro.mx\/es\/wp-json\/wp\/v2\/posts\/10957\/revisions\/10976"}],"wp:featuredmedia":[{"embeddable":true,"href":"https:\/\/puntodincontro.mx\/es\/wp-json\/wp\/v2\/media\/10974"}],"wp:attachment":[{"href":"https:\/\/puntodincontro.mx\/es\/wp-json\/wp\/v2\/media?parent=10957"}],"wp:term":[{"taxonomy":"category","embeddable":true,"href":"https:\/\/puntodincontro.mx\/es\/wp-json\/wp\/v2\/categories?post=10957"},{"taxonomy":"post_tag","embeddable":true,"href":"https:\/\/puntodincontro.mx\/es\/wp-json\/wp\/v2\/tags?post=10957"}],"curies":[{"name":"wp","href":"https:\/\/api.w.org\/{rel}","templated":true}]}}