{"id":11036,"date":"2023-02-20T18:30:03","date_gmt":"2023-02-21T00:30:03","guid":{"rendered":"https:\/\/puntodincontro.mx\/?p=11036"},"modified":"2023-02-20T18:30:46","modified_gmt":"2023-02-21T00:30:46","slug":"la-inquisicion-el-nuevo-enfoque-de-un-historiador-italiano-en-mexico","status":"publish","type":"post","link":"https:\/\/puntodincontro.mx\/es\/2023\/02\/20\/linquisizione-rivista-da-uno-storico-italiano-in-messico\/","title":{"rendered":"La Inquisici\u00f3n: el nuevo enfoque de un historiador italiano en M\u00e9xico"},"content":{"rendered":"<p class=\"translation-block\"><strong>17:32 hrs.<\/strong> - En el marco de la 44\u00aa <a href=\"http:\/\/filmineria.unam.mx\/feria\/44fil\/index.html\" target=\"_blank\"><em>Feria Internacional del Libro del Palacio de Miner\u00eda<\/em><\/a>, que se llevar\u00e1 a cabo del 23 de febrero al 6 de marzo en la Ciudad de M\u00e9xico, est\u00e1 programada la presentaci\u00f3n del libro <em>Santo Oficio imperial. Din\u00e1micas globales y el caso siciliano<\/em>, del historiador italiano Fernando Ciaramitaro, profesor de la Universidad Aut\u00f3noma de la Ciudad de M\u00e9xico, investigador asociado del Centro de Estudios Hist\u00f3ricos de la Universidad Bernardo O'Higgins (Chile) y vicepresidente de la Asociaci\u00f3n de Investigadores Italianos en M\u00e9xico (ARIM).<\/p>\n\n\n\n<p>La Inquisici\u00f3n que se ejerci\u00f3 en los reinos de la monarqu\u00eda cat\u00f3lica espa\u00f1ola fue caracterizada, durante tres siglos, por una fisionom\u00eda espec\u00edfica de ortodoxia guerrera \u2014y, al mismo tiempo, mediadora\u2014 en la inmensa geograf\u00eda imperial.<\/p>\n\n\n\n<p>El objetivo del libro es dibujar aquel semblante, redefinir hip\u00f3tesis y tem\u00e1ticas, as\u00ed como postular nuevas preguntas acerca del c\u00f3mo y el porqu\u00e9 del Santo Oficio desde los momentos previos a su fundaci\u00f3n, en el siglo XV, pasando por la etapa fernandina hasta llegar a su extinci\u00f3n. Se tiene en cuenta, adem\u00e1s, la historia del distrito inquisitorial en el reino siciliano.<\/p>\n\n\n\n<p>La indagaci\u00f3n se inscribe en la ranura historiogr\u00e1fica que procura contemplar la globalidad de los estudios inquisitoriales, bajo el nuevo prisma que se ha propuesto en las \u00faltimas d\u00e9cadas. Si bien la Inquisici\u00f3n de los siglos XV-XIX ha sido investigada en Espa\u00f1a, Portugal y la pen\u00ednsula italiana, solo recientemente su reconocido car\u00e1cter mediterr\u00e1neo se ha reubicado en un contexto m\u00e1s extendido, subrayando el hecho de que no se trat\u00f3 de una peque\u00f1a cuesti\u00f3n de detalle en el destino ecum\u00e9nico de la edificaci\u00f3n de la monarqu\u00eda espa\u00f1ola. Por el contrario, se perfil\u00f3 como un arsenal que nac\u00eda por una determinada voluntad de dominio que, a lo largo de los siglos XVI-XVII, se institucionaliz\u00f3 como mecanismo ordinario de gobierno, adaptado a las dis\u00edmiles articulaciones geogr\u00e1ficas: un nuevo eje del dispositivo de poder de una corona que aumentaba sus competencias.<\/p>\n\n\n\n<p>Las l\u00edneas de investigaci\u00f3n de Fernando Ciaramitaro, residente en M\u00e9xico desde 2004, son la historia imperial, la Inquisici\u00f3n, los sistemas virreinales, los conventos femeninos, la emigraci\u00f3n italiana, la iconograf\u00eda, la historia del pensamiento y la historiograf\u00eda.<\/p>\n\n\n\n<p>Sobre estas tem\u00e1ticas el estudioso originario de Palermo ha publicado numerosos libros, art\u00edculos cient\u00edficos, ensayos y rese\u00f1as. Ha dictado, adem\u00e1s, cursos en pregrado y postgrado y ha sido profesor visitante en algunas universidades y centros de investigaci\u00f3n europeos y americanos. Es miembro de algunos grupos y redes internacionales de investigaci\u00f3n, como Red Columnaria y Laboratorio Matrix, y editor de numerosas revistas y publicaciones cient\u00edficas.<\/p>\n\n\n\n<p class=\"translation-block\"><em>Santo Oficio Imperial<\/em> ya fue presentado en la Universidad de Valencia, Espa\u00f1a, en la edici\u00f3n 2022 de la Feria Internacional del Libro de Guadalajara y ser\u00e1 el tema central de un evento de divulgaci\u00f3n tambi\u00e9n el 27 de marzo, a las 18:30, en el Centro de Estudios de Historia de M\u00e9xico Carso, Fundaci\u00f3n Carlos Slim, en plaza Gamboa 1-A, en presencia del director, Manuel Ramos, as\u00ed como de las profesoras Silvia Hamui Sutton (UNAM\/Universidad Iberoamericana) y Adriana \u00c1lvarez S\u00e1nchez (UNAM).<\/p>\n\n\n\n<div style=\"height:12px\" aria-hidden=\"true\" class=\"wp-block-spacer\"><\/div>\n\n\n<div class=\"wp-block-image\">\n<figure class=\"aligncenter size-full\"><img loading=\"lazy\" decoding=\"async\" width=\"800\" height=\"800\" src=\"https:\/\/puntodincontro.mx\/wp-content\/uploads\/2023\/02\/locandinaciaramitaro-1.webp\" alt=\"\" class=\"wp-image-11048\" srcset=\"https:\/\/puntodincontro.mx\/wp-content\/uploads\/2023\/02\/locandinaciaramitaro-1.webp 800w, https:\/\/puntodincontro.mx\/wp-content\/uploads\/2023\/02\/locandinaciaramitaro-1-300x300.webp 300w, https:\/\/puntodincontro.mx\/wp-content\/uploads\/2023\/02\/locandinaciaramitaro-1-150x150.webp 150w, https:\/\/puntodincontro.mx\/wp-content\/uploads\/2023\/02\/locandinaciaramitaro-1-768x768.webp 768w, https:\/\/puntodincontro.mx\/wp-content\/uploads\/2023\/02\/locandinaciaramitaro-1-12x12.webp 12w\" sizes=\"(max-width: 800px) 100vw, 800px\" \/><\/figure><\/div>\n\n\n<p class=\"has-text-align-center has-small-font-size\">Fernando Ciaramitaro, Santo Oficio imperial. Din\u00e1micas globales y el caso siciliano, Gedisa-UACM, Barcelona-M\u00e9xico, 2022, 286 p.<br>ISBN 9786078866229<\/p>\n\n\n\n<div style=\"height:12px\" aria-hidden=\"true\" class=\"wp-block-spacer\"><\/div>\n\n\n<!-- Ad space powered by WP AdCenter v2.5.7 - https:\/\/wpadcenter.com\/ --><div class=\"wpadcenter-adgroup\" ><div class=\"wpadcenter-adgroup__row wpadcenter-aligncenter\"><div class=\"wpadcenter-ad-container\" ><div id=\"wpadcenter-ad-18464\" class=\"ad-placement\"><div class=\"wpadcenter-ad-inner\" ><a id=\"wpadcenter_ad\" data-value=\"18464\" data-placement=\"\" href=\"https:\/\/www.productosremo.com\/\" target=\"_blank\" class=\"wpadcenter-ad-inner__item\" ><img decoding=\"async\"   src=\"https:\/\/puntodincontro.mx\/wp-content\/uploads\/2021\/08\/remobanner.jpg\" class=\"attachment-post-thumbnail size-post-thumbnail wp-post-image\" alt=\"\" srcset=\"https:\/\/puntodincontro.mx\/wp-content\/uploads\/2021\/08\/remobanner.jpg 200w, https:\/\/puntodincontro.mx\/wp-content\/uploads\/2021\/08\/remobanner-16x5.jpg 16w\" sizes=\"(max-width: 200px) 100vw, 200px\" \/><\/a><\/div><\/div><\/div><div class=\"wpadcenter-ad-container\" ><div id=\"wpadcenter-ad-5305\" class=\"ad-placement\"><div class=\"wpadcenter-ad-inner\" ><a id=\"wpadcenter_ad\" data-value=\"5305\" data-placement=\"\" href=\"https:\/\/ambcittadelmessico.esteri.it\/ambasciata_cittadelmessico\/it\/\" target=\"_blank\" class=\"wpadcenter-ad-inner__item\" ><img decoding=\"async\"   src=\"https:\/\/puntodincontro.mx\/wp-content\/uploads\/2022\/05\/Ambasciata.jpg\" class=\"attachment-post-thumbnail size-post-thumbnail wp-post-image\" alt=\"\" srcset=\"https:\/\/puntodincontro.mx\/wp-content\/uploads\/2022\/05\/Ambasciata.jpg 200w, https:\/\/puntodincontro.mx\/wp-content\/uploads\/2022\/05\/Ambasciata-18x5.jpg 18w\" sizes=\"(max-width: 200px) 100vw, 200px\" \/><\/a><\/div><\/div><\/div><div class=\"wpadcenter-ad-container\" ><div id=\"wpadcenter-ad-3781\" class=\"ad-placement\"><div class=\"wpadcenter-ad-inner\" ><a id=\"wpadcenter_ad\" data-value=\"3781\" data-placement=\"\" href=\"https:\/\/cannizzo.com.mx\/\" target=\"_blank\" class=\"wpadcenter-ad-inner__item\" ><img decoding=\"async\"   src=\"https:\/\/puntodincontro.mx\/wp-content\/uploads\/2022\/03\/cannizzo2.jpg\" class=\"attachment-post-thumbnail size-post-thumbnail wp-post-image\" alt=\"\" srcset=\"https:\/\/puntodincontro.mx\/wp-content\/uploads\/2022\/03\/cannizzo2.jpg 200w, https:\/\/puntodincontro.mx\/wp-content\/uploads\/2022\/03\/cannizzo2-18x5.jpg 18w\" sizes=\"(max-width: 200px) 100vw, 200px\" \/><\/a><\/div><\/div><\/div><\/div><div class=\"wpadcenter-adgroup__row wpadcenter-aligncenter\"><div class=\"wpadcenter-ad-container\" ><div id=\"wpadcenter-ad-1704\" class=\"ad-placement\"><div class=\"wpadcenter-ad-inner\" ><a id=\"wpadcenter_ad\" data-value=\"1704\" data-placement=\"\" href=\"https:\/\/puntodincontro.mx\/es\/2021\/12\/24\/inps-verificacion-de-supervivencia-de-los-pensionados-en-el-extranjero\/\" target=\"_blank\" class=\"wpadcenter-ad-inner__item\" ><img decoding=\"async\"   src=\"https:\/\/puntodincontro.mx\/wp-content\/uploads\/2021\/11\/logo-ital.jpg\" class=\"attachment-post-thumbnail size-post-thumbnail wp-post-image\" alt=\"Patronato ITAL Messico\" srcset=\"https:\/\/puntodincontro.mx\/wp-content\/uploads\/2021\/11\/logo-ital.jpg 200w, https:\/\/puntodincontro.mx\/wp-content\/uploads\/2021\/11\/logo-ital-16x5.jpg 16w\" sizes=\"(max-width: 200px) 100vw, 200px\" \/><\/a><\/div><\/div><\/div><div class=\"wpadcenter-ad-container\" ><div id=\"wpadcenter-ad-1538\" class=\"ad-placement\"><div class=\"wpadcenter-ad-inner\" ><a id=\"wpadcenter_ad\" data-value=\"1538\" data-placement=\"\" href=\"https:\/\/asociacionitaliana.org\/\" target=\"_blank\" class=\"wpadcenter-ad-inner__item\" ><img decoding=\"async\"   src=\"https:\/\/puntodincontro.mx\/wp-content\/uploads\/2021\/11\/aialogo.jpg\" class=\"attachment-post-thumbnail size-post-thumbnail wp-post-image\" alt=\"Associazione Italiana di Assistenza IAP\" srcset=\"https:\/\/puntodincontro.mx\/wp-content\/uploads\/2021\/11\/aialogo.jpg 200w, https:\/\/puntodincontro.mx\/wp-content\/uploads\/2021\/11\/aialogo-18x5.jpg 18w\" sizes=\"(max-width: 200px) 100vw, 200px\" \/><\/a><\/div><\/div><\/div><div class=\"wpadcenter-ad-container\" ><div id=\"wpadcenter-ad-1513\" class=\"ad-placement\"><div class=\"wpadcenter-ad-inner\" ><a id=\"wpadcenter_ad\" data-value=\"1513\" data-placement=\"\" href=\"https:\/\/gcinmuebles.mx\" target=\"_blank\" class=\"wpadcenter-ad-inner__item\" ><img decoding=\"async\"   src=\"https:\/\/puntodincontro.mx\/wp-content\/uploads\/2021\/10\/gcinmuebleslogopunto-1.jpg\" class=\"attachment-post-thumbnail size-post-thumbnail wp-post-image\" alt=\"\" srcset=\"https:\/\/puntodincontro.mx\/wp-content\/uploads\/2021\/10\/gcinmuebleslogopunto-1.jpg 200w, https:\/\/puntodincontro.mx\/wp-content\/uploads\/2021\/10\/gcinmuebleslogopunto-1-18x5.jpg 18w\" sizes=\"(max-width: 200px) 100vw, 200px\" \/><\/a><\/div><\/div><\/div><\/div><div class=\"wpadcenter-adgroup__row wpadcenter-aligncenter\"><div class=\"wpadcenter-ad-container\" ><div id=\"wpadcenter-ad-1374\" class=\"ad-placement\"><div class=\"wpadcenter-ad-inner\" ><a id=\"wpadcenter_ad\" data-value=\"1374\" data-placement=\"\" href=\"https:\/\/www.9colonne.it\/\" target=\"_blank\" class=\"wpadcenter-ad-inner__item\" ><img decoding=\"async\"   src=\"https:\/\/puntodincontro.mx\/wp-content\/uploads\/2021\/10\/Banner9colonne.gif\" class=\"attachment-post-thumbnail size-post-thumbnail wp-post-image\" alt=\"\" \/><\/a><\/div><\/div><\/div><div class=\"wpadcenter-ad-container\" ><div id=\"wpadcenter-ad-276\" class=\"ad-placement\"><div class=\"wpadcenter-ad-inner\" ><a id=\"wpadcenter_ad\" data-value=\"276\" data-placement=\"\" href=\"http:\/\/www.camaraitaliana.mx\/\" target=\"_blank\" class=\"wpadcenter-ad-inner__item\" ><img decoding=\"async\"   src=\"https:\/\/puntodincontro.mx\/wp-content\/uploads\/2021\/08\/ccimnuovo.jpg\" class=\"attachment-post-thumbnail size-post-thumbnail wp-post-image\" alt=\"\" srcset=\"https:\/\/puntodincontro.mx\/wp-content\/uploads\/2021\/08\/ccimnuovo.jpg 200w, https:\/\/puntodincontro.mx\/wp-content\/uploads\/2021\/08\/ccimnuovo-18x5.jpg 18w\" sizes=\"(max-width: 200px) 100vw, 200px\" \/><\/a><\/div><\/div><\/div><div class=\"wpadcenter-ad-container\" ><div id=\"wpadcenter-ad-272\" class=\"ad-placement\"><div class=\"wpadcenter-ad-inner\" ><a id=\"wpadcenter_ad\" data-value=\"272\" data-placement=\"\" href=\"http:\/\/corix.us\/\" target=\"_blank\" class=\"wpadcenter-ad-inner__item\" ><img decoding=\"async\"   src=\"https:\/\/puntodincontro.mx\/wp-content\/uploads\/2021\/08\/corixbanner-1.jpg\" class=\"attachment-post-thumbnail size-post-thumbnail wp-post-image\" alt=\"\" srcset=\"https:\/\/puntodincontro.mx\/wp-content\/uploads\/2021\/08\/corixbanner-1.jpg 200w, https:\/\/puntodincontro.mx\/wp-content\/uploads\/2021\/08\/corixbanner-1-16x5.jpg 16w\" sizes=\"(max-width: 200px) 100vw, 200px\" \/><\/a><\/div><\/div><\/div><\/div><div class=\"wpadcenter-adgroup__row wpadcenter-aligncenter\"><div class=\"wpadcenter-ad-container\" ><div id=\"wpadcenter-ad-266\" class=\"ad-placement\"><div class=\"wpadcenter-ad-inner\" ><a id=\"wpadcenter_ad\" data-value=\"266\" data-placement=\"\" href=\"https:\/\/www.prinsel.com.mx\/\" target=\"_blank\" class=\"wpadcenter-ad-inner__item\" ><img decoding=\"async\"   src=\"https:\/\/puntodincontro.mx\/wp-content\/uploads\/2021\/08\/prinselbanner-1.jpg\" class=\"attachment-post-thumbnail size-post-thumbnail wp-post-image\" alt=\"\" srcset=\"https:\/\/puntodincontro.mx\/wp-content\/uploads\/2021\/08\/prinselbanner-1.jpg 200w, https:\/\/puntodincontro.mx\/wp-content\/uploads\/2021\/08\/prinselbanner-1-16x5.jpg 16w\" sizes=\"(max-width: 200px) 100vw, 200px\" \/><\/a><\/div><\/div><\/div><div class=\"wpadcenter-ad-container\" ><div id=\"wpadcenter-ad-261\" class=\"ad-placement\"><div class=\"wpadcenter-ad-inner\" ><a id=\"wpadcenter_ad\" data-value=\"261\" data-placement=\"\" href=\"https:\/\/faitalia.com.mx\/\" target=\"_blank\" class=\"wpadcenter-ad-inner__item\" ><img decoding=\"async\"   src=\"https:\/\/puntodincontro.mx\/wp-content\/uploads\/2021\/08\/gruppodino.jpg\" class=\"attachment-post-thumbnail size-post-thumbnail wp-post-image\" alt=\"\" srcset=\"https:\/\/puntodincontro.mx\/wp-content\/uploads\/2021\/08\/gruppodino.jpg 200w, https:\/\/puntodincontro.mx\/wp-content\/uploads\/2021\/08\/gruppodino-18x5.jpg 18w\" sizes=\"(max-width: 200px) 100vw, 200px\" \/><\/a><\/div><\/div><\/div><\/div><\/div>\n\n\n<div style=\"height:12px\" aria-hidden=\"true\" class=\"wp-block-spacer\"><\/div>","protected":false},"excerpt":{"rendered":"<p>Ore 17.32 &#8211; In occasione della 44esima Feria Internacional del Libro del Palacio de Miner\u00eda, che si svolger\u00e0 dal 23 febbraio al 6 marzo a Citt\u00e0 del Messico, \u00e8 in programma il giorno 5 marzo la presentazione del volume Santo Oficio imperial. Din\u00e1micas globales y el caso siciliano, dello storico italiano Fernando Ciaramitaro, docente all&#8217;Universidad Aut\u00f3noma de la Ciudad de M\u00e9xico, ricercatore associato al Centro di Studi Storici dell&#8217;Universit\u00e0 Bernardo O&#8217;Higgins (Cile) e vicepresidente dell&#8217;Associazione dei Ricercatori Italiani in Messico (ARIM). L&#8217;Inquisizione che ebbe luogo nei regni della monarchia cattolica spagnola fu caratterizzata, per tre secoli, da una specifica fisionomia&#8230; <\/p>","protected":false},"author":2,"featured_media":11042,"comment_status":"open","ping_status":"open","sticky":false,"template":"","format":"standard","meta":{"_monsterinsights_skip_tracking":false,"_monsterinsights_sitenote_active":false,"_monsterinsights_sitenote_note":"","_monsterinsights_sitenote_category":0,"footnotes":""},"categories":[25],"tags":[],"class_list":["post-11036","post","type-post","status-publish","format-standard","has-post-thumbnail","hentry","category-cultura"],"yoast_head":"<!-- This site is optimized with the Yoast SEO Premium plugin v18.4 (Yoast SEO v25.6) - https:\/\/yoast.com\/wordpress\/plugins\/seo\/ -->\n<title>L&#039;Inquisizione rivista da uno storico italiano in Messico<\/title>\n<meta name=\"description\" content=\"Il 5 marzo avr\u00e0 luogo la presentazione del volume \u201cSanto Oficio imperial. Din\u00e1micas globales y el caso siciliano\u201d, di Fernando Ciaramitaro,\" \/>\n<meta name=\"robots\" content=\"index, follow, max-snippet:-1, max-image-preview:large, max-video-preview:-1\" \/>\n<link rel=\"canonical\" href=\"https:\/\/puntodincontro.mx\/es\/2023\/02\/20\/la-inquisicion-el-nuevo-enfoque-de-un-historiador-italiano-en-mexico\/\" \/>\n<meta property=\"og:locale\" content=\"es_MX\" \/>\n<meta property=\"og:type\" content=\"article\" \/>\n<meta property=\"og:title\" content=\"L&#039;Inquisizione rivista da uno storico italiano in Messico\" \/>\n<meta property=\"og:description\" content=\"Il 5 marzo avr\u00e0 luogo la presentazione del volume \u201cSanto Oficio imperial. Din\u00e1micas globales y el caso siciliano\u201d, di Fernando Ciaramitaro,\" \/>\n<meta property=\"og:url\" content=\"https:\/\/puntodincontro.mx\/es\/2023\/02\/20\/la-inquisicion-el-nuevo-enfoque-de-un-historiador-italiano-en-mexico\/\" \/>\n<meta property=\"og:site_name\" content=\"Puntodincontro\" \/>\n<meta property=\"article:publisher\" content=\"https:\/\/www.facebook.com\/puntodincontro.mx\" \/>\n<meta property=\"article:published_time\" content=\"2023-02-21T00:30:03+00:00\" \/>\n<meta property=\"article:modified_time\" content=\"2023-02-21T00:30:46+00:00\" \/>\n<meta property=\"og:image\" content=\"https:\/\/puntodincontro.mx\/wp-content\/uploads\/2023\/02\/fernandociaramitarocomp.jpg\" \/>\n\t<meta property=\"og:image:width\" content=\"932\" \/>\n\t<meta property=\"og:image:height\" content=\"488\" \/>\n\t<meta property=\"og:image:type\" content=\"image\/jpeg\" \/>\n<meta name=\"author\" content=\"Puntodincontro\" \/>\n<meta name=\"twitter:card\" content=\"summary_large_image\" \/>\n<meta name=\"twitter:creator\" content=\"@puntodincontro\" \/>\n<meta name=\"twitter:site\" content=\"@puntodincontro\" \/>\n<meta name=\"twitter:label1\" content=\"Escrito por\" \/>\n\t<meta name=\"twitter:data1\" content=\"Puntodincontro\" \/>\n\t<meta name=\"twitter:label2\" content=\"Tiempo de lectura\" \/>\n\t<meta name=\"twitter:data2\" content=\"2 minutos\" \/>\n<script type=\"application\/ld+json\" class=\"yoast-schema-graph\">{\"@context\":\"https:\/\/schema.org\",\"@graph\":[{\"@type\":\"NewsArticle\",\"@id\":\"https:\/\/puntodincontro.mx\/2023\/02\/20\/linquisizione-rivista-da-uno-storico-italiano-in-messico\/#article\",\"isPartOf\":{\"@id\":\"https:\/\/puntodincontro.mx\/2023\/02\/20\/linquisizione-rivista-da-uno-storico-italiano-in-messico\/\"},\"author\":{\"name\":\"Puntodincontro\",\"@id\":\"https:\/\/puntodincontro.mx\/#\/schema\/person\/d3066d18a16259cbb0c29b0d0e93b556\"},\"headline\":\"L&#8217;Inquisizione rivista da uno storico italiano in Messico\",\"datePublished\":\"2023-02-21T00:30:03+00:00\",\"dateModified\":\"2023-02-21T00:30:46+00:00\",\"mainEntityOfPage\":{\"@id\":\"https:\/\/puntodincontro.mx\/2023\/02\/20\/linquisizione-rivista-da-uno-storico-italiano-in-messico\/\"},\"wordCount\":492,\"commentCount\":0,\"publisher\":{\"@id\":\"https:\/\/puntodincontro.mx\/#organization\"},\"image\":{\"@id\":\"https:\/\/puntodincontro.mx\/2023\/02\/20\/linquisizione-rivista-da-uno-storico-italiano-in-messico\/#primaryimage\"},\"thumbnailUrl\":\"https:\/\/puntodincontro.mx\/wp-content\/uploads\/2023\/02\/fernandociaramitarovert.webp\",\"articleSection\":[\"Cultura\"],\"inLanguage\":\"es\",\"potentialAction\":[{\"@type\":\"CommentAction\",\"name\":\"Comment\",\"target\":[\"https:\/\/puntodincontro.mx\/2023\/02\/20\/linquisizione-rivista-da-uno-storico-italiano-in-messico\/#respond\"]}]},{\"@type\":\"WebPage\",\"@id\":\"https:\/\/puntodincontro.mx\/2023\/02\/20\/linquisizione-rivista-da-uno-storico-italiano-in-messico\/\",\"url\":\"https:\/\/puntodincontro.mx\/2023\/02\/20\/linquisizione-rivista-da-uno-storico-italiano-in-messico\/\",\"name\":\"L'Inquisizione rivista da uno storico italiano in Messico\",\"isPartOf\":{\"@id\":\"https:\/\/puntodincontro.mx\/#website\"},\"primaryImageOfPage\":{\"@id\":\"https:\/\/puntodincontro.mx\/2023\/02\/20\/linquisizione-rivista-da-uno-storico-italiano-in-messico\/#primaryimage\"},\"image\":{\"@id\":\"https:\/\/puntodincontro.mx\/2023\/02\/20\/linquisizione-rivista-da-uno-storico-italiano-in-messico\/#primaryimage\"},\"thumbnailUrl\":\"https:\/\/puntodincontro.mx\/wp-content\/uploads\/2023\/02\/fernandociaramitarovert.webp\",\"datePublished\":\"2023-02-21T00:30:03+00:00\",\"dateModified\":\"2023-02-21T00:30:46+00:00\",\"description\":\"Il 5 marzo avr\u00e0 luogo la presentazione del volume \u201cSanto Oficio imperial. Din\u00e1micas globales y el caso siciliano\u201d, di Fernando Ciaramitaro,\",\"breadcrumb\":{\"@id\":\"https:\/\/puntodincontro.mx\/2023\/02\/20\/linquisizione-rivista-da-uno-storico-italiano-in-messico\/#breadcrumb\"},\"inLanguage\":\"es\",\"potentialAction\":[{\"@type\":\"ReadAction\",\"target\":[\"https:\/\/puntodincontro.mx\/2023\/02\/20\/linquisizione-rivista-da-uno-storico-italiano-in-messico\/\"]}]},{\"@type\":\"ImageObject\",\"inLanguage\":\"es\",\"@id\":\"https:\/\/puntodincontro.mx\/2023\/02\/20\/linquisizione-rivista-da-uno-storico-italiano-in-messico\/#primaryimage\",\"url\":\"https:\/\/puntodincontro.mx\/wp-content\/uploads\/2023\/02\/fernandociaramitarovert.webp\",\"contentUrl\":\"https:\/\/puntodincontro.mx\/wp-content\/uploads\/2023\/02\/fernandociaramitarovert.webp\",\"width\":423,\"height\":488,\"caption\":\"L'Inquisizione rivista da uno storico italiano in Messico\"},{\"@type\":\"BreadcrumbList\",\"@id\":\"https:\/\/puntodincontro.mx\/2023\/02\/20\/linquisizione-rivista-da-uno-storico-italiano-in-messico\/#breadcrumb\",\"itemListElement\":[{\"@type\":\"ListItem\",\"position\":1,\"name\":\"Home\",\"item\":\"https:\/\/puntodincontro.mx\/\"},{\"@type\":\"ListItem\",\"position\":2,\"name\":\"L&#8217;Inquisizione rivista da uno storico italiano in Messico\"}]},{\"@type\":\"WebSite\",\"@id\":\"https:\/\/puntodincontro.mx\/#website\",\"url\":\"https:\/\/puntodincontro.mx\/\",\"name\":\"Puntodincontro\",\"description\":\"Dal 2006 notizie sui rapporti Italia-Messico \/ Desde 2006 noticias sobre las relaciones entre Italia y M\u00e9xico\",\"publisher\":{\"@id\":\"https:\/\/puntodincontro.mx\/#organization\"},\"potentialAction\":[{\"@type\":\"SearchAction\",\"target\":{\"@type\":\"EntryPoint\",\"urlTemplate\":\"https:\/\/puntodincontro.mx\/?s={search_term_string}\"},\"query-input\":{\"@type\":\"PropertyValueSpecification\",\"valueRequired\":true,\"valueName\":\"search_term_string\"}}],\"inLanguage\":\"es\"},{\"@type\":\"Organization\",\"@id\":\"https:\/\/puntodincontro.mx\/#organization\",\"name\":\"Puntodincontro\",\"url\":\"https:\/\/puntodincontro.mx\/\",\"logo\":{\"@type\":\"ImageObject\",\"inLanguage\":\"es\",\"@id\":\"https:\/\/puntodincontro.mx\/#\/schema\/logo\/image\/\",\"url\":\"https:\/\/puntodincontro.mx\/wp-content\/uploads\/2021\/08\/Default-image-for-open-graph-settings.jpg\",\"contentUrl\":\"https:\/\/puntodincontro.mx\/wp-content\/uploads\/2021\/08\/Default-image-for-open-graph-settings.jpg\",\"width\":1200,\"height\":630,\"caption\":\"Puntodincontro\"},\"image\":{\"@id\":\"https:\/\/puntodincontro.mx\/#\/schema\/logo\/image\/\"},\"sameAs\":[\"https:\/\/www.facebook.com\/puntodincontro.mx\",\"https:\/\/x.com\/puntodincontro\",\"https:\/\/www.instagram.com\/puntodincontro.mx\/\",\"https:\/\/www.linkedin.com\/company\/puntodincontro\/\",\"https:\/\/www.youtube.com\/c\/puntodincontromessico\",\"https:\/\/www.patreon.com\/puntodincontro\",\"https:\/\/www.threads.net\/@puntodincontro.mx\"]},{\"@type\":\"Person\",\"@id\":\"https:\/\/puntodincontro.mx\/#\/schema\/person\/d3066d18a16259cbb0c29b0d0e93b556\",\"name\":\"Puntodincontro\",\"image\":{\"@type\":\"ImageObject\",\"inLanguage\":\"es\",\"@id\":\"https:\/\/puntodincontro.mx\/#\/schema\/person\/image\/\",\"url\":\"https:\/\/secure.gravatar.com\/avatar\/0e85b4b3b5e9d6bfcec6a4956d8cc63a?s=96&d=mm&r=g\",\"contentUrl\":\"https:\/\/secure.gravatar.com\/avatar\/0e85b4b3b5e9d6bfcec6a4956d8cc63a?s=96&d=mm&r=g\",\"caption\":\"Puntodincontro\"},\"url\":\"https:\/\/puntodincontro.mx\/es\/author\/puntodincontro\/\"}]}<\/script>\n<!-- \/ Yoast SEO Premium plugin. -->","yoast_head_json":{"title":"L'Inquisizione rivista da uno storico italiano in Messico","description":"El 5 de marzo se llevar\u00e1 a cabo la presentaci\u00f3n del libro \u201cSanto Oficio imperial. Din\u00e1mica global y el caso siciliano\u201d, de Fernando Ciaramitaro.","robots":{"index":"index","follow":"follow","max-snippet":"max-snippet:-1","max-image-preview":"max-image-preview:large","max-video-preview":"max-video-preview:-1"},"canonical":"https:\/\/puntodincontro.mx\/es\/2023\/02\/20\/la-inquisicion-el-nuevo-enfoque-de-un-historiador-italiano-en-mexico\/","og_locale":"es_MX","og_type":"article","og_title":"L'Inquisizione rivista da uno storico italiano in Messico","og_description":"Il 5 marzo avr\u00e0 luogo la presentazione del volume \u201cSanto Oficio imperial. Din\u00e1micas globales y el caso siciliano\u201d, di Fernando Ciaramitaro,","og_url":"https:\/\/puntodincontro.mx\/es\/2023\/02\/20\/la-inquisicion-el-nuevo-enfoque-de-un-historiador-italiano-en-mexico\/","og_site_name":"Puntodincontro","article_publisher":"https:\/\/www.facebook.com\/puntodincontro.mx","article_published_time":"2023-02-21T00:30:03+00:00","article_modified_time":"2023-02-21T00:30:46+00:00","og_image":[{"width":932,"height":488,"url":"https:\/\/puntodincontro.mx\/wp-content\/uploads\/2023\/02\/fernandociaramitarocomp.jpg","type":"image\/jpeg"}],"author":"Puntodincontro","twitter_card":"summary_large_image","twitter_creator":"@puntodincontro","twitter_site":"@puntodincontro","twitter_misc":{"Escrito por":"Puntodincontro","Tiempo de lectura":"2 minutos"},"schema":{"@context":"https:\/\/schema.org","@graph":[{"@type":"NewsArticle","@id":"https:\/\/puntodincontro.mx\/2023\/02\/20\/linquisizione-rivista-da-uno-storico-italiano-in-messico\/#article","isPartOf":{"@id":"https:\/\/puntodincontro.mx\/2023\/02\/20\/linquisizione-rivista-da-uno-storico-italiano-in-messico\/"},"author":{"name":"Puntodincontro","@id":"https:\/\/puntodincontro.mx\/#\/schema\/person\/d3066d18a16259cbb0c29b0d0e93b556"},"headline":"L&#8217;Inquisizione rivista da uno storico italiano in Messico","datePublished":"2023-02-21T00:30:03+00:00","dateModified":"2023-02-21T00:30:46+00:00","mainEntityOfPage":{"@id":"https:\/\/puntodincontro.mx\/2023\/02\/20\/linquisizione-rivista-da-uno-storico-italiano-in-messico\/"},"wordCount":492,"commentCount":0,"publisher":{"@id":"https:\/\/puntodincontro.mx\/#organization"},"image":{"@id":"https:\/\/puntodincontro.mx\/2023\/02\/20\/linquisizione-rivista-da-uno-storico-italiano-in-messico\/#primaryimage"},"thumbnailUrl":"https:\/\/puntodincontro.mx\/wp-content\/uploads\/2023\/02\/fernandociaramitarovert.webp","articleSection":["Cultura"],"inLanguage":"es","potentialAction":[{"@type":"CommentAction","name":"Comment","target":["https:\/\/puntodincontro.mx\/2023\/02\/20\/linquisizione-rivista-da-uno-storico-italiano-in-messico\/#respond"]}]},{"@type":"WebPage","@id":"https:\/\/puntodincontro.mx\/2023\/02\/20\/linquisizione-rivista-da-uno-storico-italiano-in-messico\/","url":"https:\/\/puntodincontro.mx\/2023\/02\/20\/linquisizione-rivista-da-uno-storico-italiano-in-messico\/","name":"L'Inquisizione rivista da uno storico italiano in Messico","isPartOf":{"@id":"https:\/\/puntodincontro.mx\/#website"},"primaryImageOfPage":{"@id":"https:\/\/puntodincontro.mx\/2023\/02\/20\/linquisizione-rivista-da-uno-storico-italiano-in-messico\/#primaryimage"},"image":{"@id":"https:\/\/puntodincontro.mx\/2023\/02\/20\/linquisizione-rivista-da-uno-storico-italiano-in-messico\/#primaryimage"},"thumbnailUrl":"https:\/\/puntodincontro.mx\/wp-content\/uploads\/2023\/02\/fernandociaramitarovert.webp","datePublished":"2023-02-21T00:30:03+00:00","dateModified":"2023-02-21T00:30:46+00:00","description":"El 5 de marzo se llevar\u00e1 a cabo la presentaci\u00f3n del libro \u201cSanto Oficio imperial. Din\u00e1mica global y el caso siciliano\u201d, de Fernando Ciaramitaro.","breadcrumb":{"@id":"https:\/\/puntodincontro.mx\/2023\/02\/20\/linquisizione-rivista-da-uno-storico-italiano-in-messico\/#breadcrumb"},"inLanguage":"es","potentialAction":[{"@type":"ReadAction","target":["https:\/\/puntodincontro.mx\/2023\/02\/20\/linquisizione-rivista-da-uno-storico-italiano-in-messico\/"]}]},{"@type":"ImageObject","inLanguage":"es","@id":"https:\/\/puntodincontro.mx\/2023\/02\/20\/linquisizione-rivista-da-uno-storico-italiano-in-messico\/#primaryimage","url":"https:\/\/puntodincontro.mx\/wp-content\/uploads\/2023\/02\/fernandociaramitarovert.webp","contentUrl":"https:\/\/puntodincontro.mx\/wp-content\/uploads\/2023\/02\/fernandociaramitarovert.webp","width":423,"height":488,"caption":"L'Inquisizione rivista da uno storico italiano in Messico"},{"@type":"BreadcrumbList","@id":"https:\/\/puntodincontro.mx\/2023\/02\/20\/linquisizione-rivista-da-uno-storico-italiano-in-messico\/#breadcrumb","itemListElement":[{"@type":"ListItem","position":1,"name":"Home","item":"https:\/\/puntodincontro.mx\/"},{"@type":"ListItem","position":2,"name":"L&#8217;Inquisizione rivista da uno storico italiano in Messico"}]},{"@type":"WebSite","@id":"https:\/\/puntodincontro.mx\/#website","url":"https:\/\/puntodincontro.mx\/","name":"Puntodincontro","description":"Desde el 2006 noticias sobre las relaciones entre Italia y M\u00e9xico \/ Dal 2006 notizie sui rapporti Italia-Messico","publisher":{"@id":"https:\/\/puntodincontro.mx\/#organization"},"potentialAction":[{"@type":"SearchAction","target":{"@type":"EntryPoint","urlTemplate":"https:\/\/puntodincontro.mx\/?s={search_term_string}"},"query-input":{"@type":"PropertyValueSpecification","valueRequired":true,"valueName":"search_term_string"}}],"inLanguage":"es"},{"@type":"Organization","@id":"https:\/\/puntodincontro.mx\/#organization","name":"Puntodincontro","url":"https:\/\/puntodincontro.mx\/","logo":{"@type":"ImageObject","inLanguage":"es","@id":"https:\/\/puntodincontro.mx\/#\/schema\/logo\/image\/","url":"https:\/\/puntodincontro.mx\/wp-content\/uploads\/2021\/08\/Default-image-for-open-graph-settings.jpg","contentUrl":"https:\/\/puntodincontro.mx\/wp-content\/uploads\/2021\/08\/Default-image-for-open-graph-settings.jpg","width":1200,"height":630,"caption":"Puntodincontro"},"image":{"@id":"https:\/\/puntodincontro.mx\/#\/schema\/logo\/image\/"},"sameAs":["https:\/\/www.facebook.com\/puntodincontro.mx","https:\/\/x.com\/puntodincontro","https:\/\/www.instagram.com\/puntodincontro.mx\/","https:\/\/www.linkedin.com\/company\/puntodincontro\/","https:\/\/www.youtube.com\/c\/puntodincontromessico","https:\/\/www.patreon.com\/puntodincontro","https:\/\/www.threads.net\/@puntodincontro.mx"]},{"@type":"Person","@id":"https:\/\/puntodincontro.mx\/#\/schema\/person\/d3066d18a16259cbb0c29b0d0e93b556","name":"Puntodincontro","image":{"@type":"ImageObject","inLanguage":"es","@id":"https:\/\/puntodincontro.mx\/#\/schema\/person\/image\/","url":"https:\/\/secure.gravatar.com\/avatar\/0e85b4b3b5e9d6bfcec6a4956d8cc63a?s=96&d=mm&r=g","contentUrl":"https:\/\/secure.gravatar.com\/avatar\/0e85b4b3b5e9d6bfcec6a4956d8cc63a?s=96&d=mm&r=g","caption":"Puntodincontro"},"url":"https:\/\/puntodincontro.mx\/es\/author\/puntodincontro\/"}]}},"_links":{"self":[{"href":"https:\/\/puntodincontro.mx\/es\/wp-json\/wp\/v2\/posts\/11036"}],"collection":[{"href":"https:\/\/puntodincontro.mx\/es\/wp-json\/wp\/v2\/posts"}],"about":[{"href":"https:\/\/puntodincontro.mx\/es\/wp-json\/wp\/v2\/types\/post"}],"author":[{"embeddable":true,"href":"https:\/\/puntodincontro.mx\/es\/wp-json\/wp\/v2\/users\/2"}],"replies":[{"embeddable":true,"href":"https:\/\/puntodincontro.mx\/es\/wp-json\/wp\/v2\/comments?post=11036"}],"version-history":[{"count":9,"href":"https:\/\/puntodincontro.mx\/es\/wp-json\/wp\/v2\/posts\/11036\/revisions"}],"predecessor-version":[{"id":11050,"href":"https:\/\/puntodincontro.mx\/es\/wp-json\/wp\/v2\/posts\/11036\/revisions\/11050"}],"wp:featuredmedia":[{"embeddable":true,"href":"https:\/\/puntodincontro.mx\/es\/wp-json\/wp\/v2\/media\/11042"}],"wp:attachment":[{"href":"https:\/\/puntodincontro.mx\/es\/wp-json\/wp\/v2\/media?parent=11036"}],"wp:term":[{"taxonomy":"category","embeddable":true,"href":"https:\/\/puntodincontro.mx\/es\/wp-json\/wp\/v2\/categories?post=11036"},{"taxonomy":"post_tag","embeddable":true,"href":"https:\/\/puntodincontro.mx\/es\/wp-json\/wp\/v2\/tags?post=11036"}],"curies":[{"name":"wp","href":"https:\/\/api.w.org\/{rel}","templated":true}]}}