{"id":1201,"date":"2021-10-15T04:19:56","date_gmt":"2021-10-15T09:19:56","guid":{"rendered":"https:\/\/puntodincontro.mx\/?p=1201"},"modified":"2021-10-15T04:19:58","modified_gmt":"2021-10-15T09:19:58","slug":"la-secretaria-de-economia-de-mexico-se-reunio-con-la-aemi-en-roma","status":"publish","type":"post","link":"https:\/\/puntodincontro.mx\/es\/2021\/10\/15\/la-ministra-messicana-delleconomia-ha-incontrato-laemi-a-roma\/","title":{"rendered":"La secretaria de Econom\u00eda de M\u00e9xico se reuni\u00f3 con la AEMI en Roma"},"content":{"rendered":"<p class=\"translation-block\"><strong>3:49 hrs.<\/strong> \u2013 Con motivo de su visita a Italia en el marco de la reuni\u00f3n ministerial del G20 sobre comercio internacional, Tatiana Clouthier, secretaria de Econom\u00eda de M\u00e9xico, asisti\u00f3 a una conferencia de prensa en la Embajada de M\u00e9xico en Roma. Fue recibida por Carlos Garc\u00eda de Alba, embajador de M\u00e9xico en Italia, y por Letizia Magaldi, presidente de la Asociaci\u00f3n Econ\u00f3mica de M\u00e9xico en Italia (AEMI).<\/p>\n\n\n\n<p>\u00abLas de M\u00e9xico e Italia son dos econom\u00edas complementarias\u00bb \u2014dijo Clouthier\u2014 \u00abcaracterizadas por culturas similares, pero que necesitan desarrollar plenamente su potencial comercial. La relaci\u00f3n ya ha dado importantes frutos en el pasado reciente: haber comprado maquinaria de pa\u00edses como Italia durante a\u00f1os ha permitido a M\u00e9xico convertirse en una potencia mundial en la producci\u00f3n y exportaci\u00f3n de manufacturas. El pa\u00eds es parte de una regi\u00f3n, Am\u00e9rica del Norte, unida por un tratado comercial (el tratado M\u00e9xico-Estados Unidos-Canad\u00e1, T-MEC) que ha permitido fortalecer las econom\u00edas individuales y enfrentar desaf\u00edos geopol\u00edticos internacionales\u00bb.<\/p>\n\n\n\n<p>Durante el encuentro se ilustraron las posibilidades de desarrollo en las relaciones comerciales y las estrategias de expansi\u00f3n de la comunidad de la Asociaci\u00f3n Econ\u00f3mica de M\u00e9xico en Italia, con el objetivo de transformarla en la primera C\u00e1mara de Comercio Mexicana en Italia. La asociaci\u00f3n promover\u00e1 una misi\u00f3n empresarial italiana en el pa\u00eds latino en 2022 como parte de la sexta reuni\u00f3n de la Comisi\u00f3n Binacional Italia-M\u00e9xico. Establecida en octubre de 2020 por un grupo de siete peque\u00f1as, medianas y grandes empresas, el objetivo de la AEMI es consolidar y ampliar los lazos industriales, comerciales, culturales, tur\u00edsticos, cient\u00edficos y acad\u00e9micos entre los dos pa\u00edses.<\/p>\n\n\n\n<p>\u00abEl trabajo de la AEMI no terminar\u00e1 con la creaci\u00f3n de la C\u00e1mara de Comercio: el objetivo es crear el Sistema M\u00e9xico en Italia\u00bb, explic\u00f3 el Embajador Garc\u00eda de Alba. \u00abLa Comisi\u00f3n Econ\u00f3mica para Am\u00e9rica Latina y el Caribe\u00bb \u2014agreg\u00f3\u2014 \u00abpredice que la econom\u00eda de M\u00e9xico crecer\u00e1 6.2% este a\u00f1o y lo ubica entre las naciones latinoamericanas que tendr\u00e1n el mayor crecimiento en 2021\u00bb.<\/p>\n\n\n\n<p>\u00abLa AEMI, explic\u00f3 la presidente Letizia Magaldi, ha aglutinado hasta el momento a 21 grandes, medianas y peque\u00f1as empresas, pero otras cinco han pedido sumarse a un camino que quiere dinamizar el intercambio econ\u00f3mico entre los dos pa\u00edses\u00bb.<\/p>\n\n\n\n<p>Magaldi record\u00f3 las 1,800 empresas italianas ya presentes en M\u00e9xico, de las cuales 150 con plantas de producci\u00f3n local e inversiones superiores a los siete mil millones de d\u00f3lares, y las 250 compa\u00f1\u00edas mexicanas en Italia, con dos mil millones de d\u00f3lares invertidos.<\/p>\n\n\n\n<p>\u00abNecesitamos acuerdos transnacionales entre empresas para afrontar retos que corren a un ritmo cada vez m\u00e1s acelerado. Entre las primeras acciones implementadas\u00bb \u2014destac\u00f3 la presidente\u2014 \u00abse encuentra la creaci\u00f3n de un grupo de trabajo en tecnolog\u00eda, para acompa\u00f1ar e incentivar la creaci\u00f3n de startups y proyectos de innovaci\u00f3n\u00bb.<\/p>\n\n\n\n<div style=\"height:12px\" aria-hidden=\"true\" class=\"wp-block-spacer\"><\/div>\n\n\n\n\n\n<div style=\"height:12px\" aria-hidden=\"true\" class=\"wp-block-spacer\"><\/div>","protected":false},"excerpt":{"rendered":"<p>Ore 03.49 &#8211; In occasione della visita in Italia nell&#8217;ambito dell&#8217;incontro ministeriale del G20 sul commercio internazionale, Tatiana Clouthier, ministra dell&#8217;Economia del Messico, ha partecipato a una conferenza stampa presso la sede dell\u2019Ambasciata del Messico a Roma. \u00c8 stata accolta da Carlos Garcia de Alba, ambasciatore del Messico in Italia, e da Letizia Magaldi, presidente dell\u2019Associazione Economica del Messico in Italia (Aemi). \u00abQuelle del Messico e dell&#8217;Italia sono due economie complementari\u00bb \u2014ha detto Clouthier\u2014 \u00abcaratterizzate da culture simili, ma che hanno bisogno di sviluppare a pieno il loro potenziale commerciale. La relazione ha gi\u00e0 dato frutti importanti nel recente passato:&#8230; <\/p>","protected":false},"author":2,"featured_media":1202,"comment_status":"open","ping_status":"open","sticky":false,"template":"","format":"standard","meta":{"_monsterinsights_skip_tracking":false,"_monsterinsights_sitenote_active":false,"_monsterinsights_sitenote_note":"","_monsterinsights_sitenote_category":0,"footnotes":""},"categories":[6],"tags":[],"class_list":["post-1201","post","type-post","status-publish","format-standard","has-post-thumbnail","hentry","category-messico-in-italia"],"yoast_head":"<!-- This site is optimized with the Yoast SEO Premium plugin v18.4 (Yoast SEO v25.6) - https:\/\/yoast.com\/wordpress\/plugins\/seo\/ -->\n<title>La ministra messicana dell&#039;Economia ha incontrato l&#039;AEMI a Roma Puntodincontro<\/title>\n<meta name=\"robots\" content=\"index, follow, max-snippet:-1, max-image-preview:large, max-video-preview:-1\" \/>\n<link rel=\"canonical\" href=\"https:\/\/puntodincontro.mx\/es\/2021\/10\/15\/la-secretaria-de-economia-de-mexico-se-reunio-con-la-aemi-en-roma\/\" \/>\n<meta property=\"og:locale\" content=\"es_MX\" \/>\n<meta property=\"og:type\" content=\"article\" \/>\n<meta property=\"og:title\" content=\"La ministra messicana dell&#039;Economia ha incontrato l&#039;AEMI a Roma\" \/>\n<meta property=\"og:description\" content=\"Ore 03.49 &#8211; In occasione della visita in Italia nell&#8217;ambito dell&#8217;incontro ministeriale del G20 sul commercio internazionale, Tatiana Clouthier, ministra dell&#8217;Economia del Messico, ha partecipato a una conferenza stampa presso la sede dell\u2019Ambasciata del Messico a Roma. \u00c8 stata accolta da Carlos Garcia de Alba, ambasciatore del Messico in Italia, e da Letizia Magaldi, presidente dell\u2019Associazione Economica del Messico in Italia (Aemi). \u00abQuelle del Messico e dell&#8217;Italia sono due economie complementari\u00bb \u2014ha detto Clouthier\u2014 \u00abcaratterizzate da culture simili, ma che hanno bisogno di sviluppare a pieno il loro potenziale commerciale. La relazione ha gi\u00e0 dato frutti importanti nel recente passato:...\" \/>\n<meta property=\"og:url\" content=\"https:\/\/puntodincontro.mx\/es\/2021\/10\/15\/la-secretaria-de-economia-de-mexico-se-reunio-con-la-aemi-en-roma\/\" \/>\n<meta property=\"og:site_name\" content=\"Puntodincontro\" \/>\n<meta property=\"article:publisher\" content=\"https:\/\/www.facebook.com\/puntodincontro.mx\" \/>\n<meta property=\"article:published_time\" content=\"2021-10-15T09:19:56+00:00\" \/>\n<meta property=\"article:modified_time\" content=\"2021-10-15T09:19:58+00:00\" \/>\n<meta property=\"og:image\" content=\"https:\/\/puntodincontro.mx\/wp-content\/uploads\/2021\/10\/clouthiermagaldivert.webp\" \/>\n\t<meta property=\"og:image:width\" content=\"423\" \/>\n\t<meta property=\"og:image:height\" content=\"488\" \/>\n\t<meta property=\"og:image:type\" content=\"image\/webp\" \/>\n<meta name=\"author\" content=\"Puntodincontro\" \/>\n<meta name=\"twitter:card\" content=\"summary_large_image\" \/>\n<meta name=\"twitter:creator\" content=\"@puntodincontro\" \/>\n<meta name=\"twitter:site\" content=\"@puntodincontro\" \/>\n<meta name=\"twitter:label1\" content=\"Escrito por\" \/>\n\t<meta name=\"twitter:data1\" content=\"Puntodincontro\" \/>\n\t<meta name=\"twitter:label2\" content=\"Tiempo de lectura\" \/>\n\t<meta name=\"twitter:data2\" content=\"2 minutos\" \/>\n<script type=\"application\/ld+json\" class=\"yoast-schema-graph\">{\"@context\":\"https:\/\/schema.org\",\"@graph\":[{\"@type\":\"NewsArticle\",\"@id\":\"https:\/\/puntodincontro.mx\/2021\/10\/15\/la-ministra-messicana-delleconomia-ha-incontrato-laemi-a-roma\/#article\",\"isPartOf\":{\"@id\":\"https:\/\/puntodincontro.mx\/2021\/10\/15\/la-ministra-messicana-delleconomia-ha-incontrato-laemi-a-roma\/\"},\"author\":{\"name\":\"Puntodincontro\",\"@id\":\"https:\/\/puntodincontro.mx\/#\/schema\/person\/d3066d18a16259cbb0c29b0d0e93b556\"},\"headline\":\"La ministra messicana dell&#8217;Economia ha incontrato l&#8217;AEMI a Roma\",\"datePublished\":\"2021-10-15T09:19:56+00:00\",\"dateModified\":\"2021-10-15T09:19:58+00:00\",\"mainEntityOfPage\":{\"@id\":\"https:\/\/puntodincontro.mx\/2021\/10\/15\/la-ministra-messicana-delleconomia-ha-incontrato-laemi-a-roma\/\"},\"wordCount\":467,\"commentCount\":0,\"publisher\":{\"@id\":\"https:\/\/puntodincontro.mx\/#organization\"},\"image\":{\"@id\":\"https:\/\/puntodincontro.mx\/2021\/10\/15\/la-ministra-messicana-delleconomia-ha-incontrato-laemi-a-roma\/#primaryimage\"},\"thumbnailUrl\":\"https:\/\/puntodincontro.mx\/wp-content\/uploads\/2021\/10\/clouthiermagaldivert.webp\",\"articleSection\":[\"Messico in Italia\"],\"inLanguage\":\"es\",\"potentialAction\":[{\"@type\":\"CommentAction\",\"name\":\"Comment\",\"target\":[\"https:\/\/puntodincontro.mx\/2021\/10\/15\/la-ministra-messicana-delleconomia-ha-incontrato-laemi-a-roma\/#respond\"]}]},{\"@type\":\"WebPage\",\"@id\":\"https:\/\/puntodincontro.mx\/2021\/10\/15\/la-ministra-messicana-delleconomia-ha-incontrato-laemi-a-roma\/\",\"url\":\"https:\/\/puntodincontro.mx\/2021\/10\/15\/la-ministra-messicana-delleconomia-ha-incontrato-laemi-a-roma\/\",\"name\":\"La ministra messicana dell'Economia ha incontrato l'AEMI a Roma Puntodincontro\",\"isPartOf\":{\"@id\":\"https:\/\/puntodincontro.mx\/#website\"},\"primaryImageOfPage\":{\"@id\":\"https:\/\/puntodincontro.mx\/2021\/10\/15\/la-ministra-messicana-delleconomia-ha-incontrato-laemi-a-roma\/#primaryimage\"},\"image\":{\"@id\":\"https:\/\/puntodincontro.mx\/2021\/10\/15\/la-ministra-messicana-delleconomia-ha-incontrato-laemi-a-roma\/#primaryimage\"},\"thumbnailUrl\":\"https:\/\/puntodincontro.mx\/wp-content\/uploads\/2021\/10\/clouthiermagaldivert.webp\",\"datePublished\":\"2021-10-15T09:19:56+00:00\",\"dateModified\":\"2021-10-15T09:19:58+00:00\",\"breadcrumb\":{\"@id\":\"https:\/\/puntodincontro.mx\/2021\/10\/15\/la-ministra-messicana-delleconomia-ha-incontrato-laemi-a-roma\/#breadcrumb\"},\"inLanguage\":\"es\",\"potentialAction\":[{\"@type\":\"ReadAction\",\"target\":[\"https:\/\/puntodincontro.mx\/2021\/10\/15\/la-ministra-messicana-delleconomia-ha-incontrato-laemi-a-roma\/\"]}]},{\"@type\":\"ImageObject\",\"inLanguage\":\"es\",\"@id\":\"https:\/\/puntodincontro.mx\/2021\/10\/15\/la-ministra-messicana-delleconomia-ha-incontrato-laemi-a-roma\/#primaryimage\",\"url\":\"https:\/\/puntodincontro.mx\/wp-content\/uploads\/2021\/10\/clouthiermagaldivert.webp\",\"contentUrl\":\"https:\/\/puntodincontro.mx\/wp-content\/uploads\/2021\/10\/clouthiermagaldivert.webp\",\"width\":423,\"height\":488},{\"@type\":\"BreadcrumbList\",\"@id\":\"https:\/\/puntodincontro.mx\/2021\/10\/15\/la-ministra-messicana-delleconomia-ha-incontrato-laemi-a-roma\/#breadcrumb\",\"itemListElement\":[{\"@type\":\"ListItem\",\"position\":1,\"name\":\"Home\",\"item\":\"https:\/\/puntodincontro.mx\/\"},{\"@type\":\"ListItem\",\"position\":2,\"name\":\"La ministra messicana dell&#8217;Economia ha incontrato l&#8217;AEMI a Roma\"}]},{\"@type\":\"WebSite\",\"@id\":\"https:\/\/puntodincontro.mx\/#website\",\"url\":\"https:\/\/puntodincontro.mx\/\",\"name\":\"Puntodincontro\",\"description\":\"Dal 2006 notizie sui rapporti Italia-Messico \/ Desde 2006 noticias sobre las relaciones entre Italia y M\u00e9xico\",\"publisher\":{\"@id\":\"https:\/\/puntodincontro.mx\/#organization\"},\"potentialAction\":[{\"@type\":\"SearchAction\",\"target\":{\"@type\":\"EntryPoint\",\"urlTemplate\":\"https:\/\/puntodincontro.mx\/?s={search_term_string}\"},\"query-input\":{\"@type\":\"PropertyValueSpecification\",\"valueRequired\":true,\"valueName\":\"search_term_string\"}}],\"inLanguage\":\"es\"},{\"@type\":\"Organization\",\"@id\":\"https:\/\/puntodincontro.mx\/#organization\",\"name\":\"Puntodincontro\",\"url\":\"https:\/\/puntodincontro.mx\/\",\"logo\":{\"@type\":\"ImageObject\",\"inLanguage\":\"es\",\"@id\":\"https:\/\/puntodincontro.mx\/#\/schema\/logo\/image\/\",\"url\":\"https:\/\/puntodincontro.mx\/wp-content\/uploads\/2021\/08\/Default-image-for-open-graph-settings.jpg\",\"contentUrl\":\"https:\/\/puntodincontro.mx\/wp-content\/uploads\/2021\/08\/Default-image-for-open-graph-settings.jpg\",\"width\":1200,\"height\":630,\"caption\":\"Puntodincontro\"},\"image\":{\"@id\":\"https:\/\/puntodincontro.mx\/#\/schema\/logo\/image\/\"},\"sameAs\":[\"https:\/\/www.facebook.com\/puntodincontro.mx\",\"https:\/\/x.com\/puntodincontro\",\"https:\/\/www.instagram.com\/puntodincontro.mx\/\",\"https:\/\/www.linkedin.com\/company\/puntodincontro\/\",\"https:\/\/www.youtube.com\/c\/puntodincontromessico\",\"https:\/\/www.patreon.com\/puntodincontro\",\"https:\/\/www.threads.net\/@puntodincontro.mx\"]},{\"@type\":\"Person\",\"@id\":\"https:\/\/puntodincontro.mx\/#\/schema\/person\/d3066d18a16259cbb0c29b0d0e93b556\",\"name\":\"Puntodincontro\",\"image\":{\"@type\":\"ImageObject\",\"inLanguage\":\"es\",\"@id\":\"https:\/\/puntodincontro.mx\/#\/schema\/person\/image\/\",\"url\":\"https:\/\/secure.gravatar.com\/avatar\/0e85b4b3b5e9d6bfcec6a4956d8cc63a?s=96&d=mm&r=g\",\"contentUrl\":\"https:\/\/secure.gravatar.com\/avatar\/0e85b4b3b5e9d6bfcec6a4956d8cc63a?s=96&d=mm&r=g\",\"caption\":\"Puntodincontro\"},\"url\":\"https:\/\/puntodincontro.mx\/es\/author\/puntodincontro\/\"}]}<\/script>\n<!-- \/ Yoast SEO Premium plugin. -->","yoast_head_json":{"title":"La ministra messicana dell'Economia ha incontrato l'AEMI a Roma Puntodincontro","robots":{"index":"index","follow":"follow","max-snippet":"max-snippet:-1","max-image-preview":"max-image-preview:large","max-video-preview":"max-video-preview:-1"},"canonical":"https:\/\/puntodincontro.mx\/es\/2021\/10\/15\/la-secretaria-de-economia-de-mexico-se-reunio-con-la-aemi-en-roma\/","og_locale":"es_MX","og_type":"article","og_title":"La ministra messicana dell'Economia ha incontrato l'AEMI a Roma","og_description":"Ore 03.49 &#8211; In occasione della visita in Italia nell&#8217;ambito dell&#8217;incontro ministeriale del G20 sul commercio internazionale, Tatiana Clouthier, ministra dell&#8217;Economia del Messico, ha partecipato a una conferenza stampa presso la sede dell\u2019Ambasciata del Messico a Roma. \u00c8 stata accolta da Carlos Garcia de Alba, ambasciatore del Messico in Italia, e da Letizia Magaldi, presidente dell\u2019Associazione Economica del Messico in Italia (Aemi). \u00abQuelle del Messico e dell&#8217;Italia sono due economie complementari\u00bb \u2014ha detto Clouthier\u2014 \u00abcaratterizzate da culture simili, ma che hanno bisogno di sviluppare a pieno il loro potenziale commerciale. La relazione ha gi\u00e0 dato frutti importanti nel recente passato:...","og_url":"https:\/\/puntodincontro.mx\/es\/2021\/10\/15\/la-secretaria-de-economia-de-mexico-se-reunio-con-la-aemi-en-roma\/","og_site_name":"Puntodincontro","article_publisher":"https:\/\/www.facebook.com\/puntodincontro.mx","article_published_time":"2021-10-15T09:19:56+00:00","article_modified_time":"2021-10-15T09:19:58+00:00","og_image":[{"width":423,"height":488,"url":"https:\/\/puntodincontro.mx\/wp-content\/uploads\/2021\/10\/clouthiermagaldivert.webp","type":"image\/webp"}],"author":"Puntodincontro","twitter_card":"summary_large_image","twitter_creator":"@puntodincontro","twitter_site":"@puntodincontro","twitter_misc":{"Escrito por":"Puntodincontro","Tiempo de lectura":"2 minutos"},"schema":{"@context":"https:\/\/schema.org","@graph":[{"@type":"NewsArticle","@id":"https:\/\/puntodincontro.mx\/2021\/10\/15\/la-ministra-messicana-delleconomia-ha-incontrato-laemi-a-roma\/#article","isPartOf":{"@id":"https:\/\/puntodincontro.mx\/2021\/10\/15\/la-ministra-messicana-delleconomia-ha-incontrato-laemi-a-roma\/"},"author":{"name":"Puntodincontro","@id":"https:\/\/puntodincontro.mx\/#\/schema\/person\/d3066d18a16259cbb0c29b0d0e93b556"},"headline":"La ministra messicana dell&#8217;Economia ha incontrato l&#8217;AEMI a Roma","datePublished":"2021-10-15T09:19:56+00:00","dateModified":"2021-10-15T09:19:58+00:00","mainEntityOfPage":{"@id":"https:\/\/puntodincontro.mx\/2021\/10\/15\/la-ministra-messicana-delleconomia-ha-incontrato-laemi-a-roma\/"},"wordCount":467,"commentCount":0,"publisher":{"@id":"https:\/\/puntodincontro.mx\/#organization"},"image":{"@id":"https:\/\/puntodincontro.mx\/2021\/10\/15\/la-ministra-messicana-delleconomia-ha-incontrato-laemi-a-roma\/#primaryimage"},"thumbnailUrl":"https:\/\/puntodincontro.mx\/wp-content\/uploads\/2021\/10\/clouthiermagaldivert.webp","articleSection":["Messico in Italia"],"inLanguage":"es","potentialAction":[{"@type":"CommentAction","name":"Comment","target":["https:\/\/puntodincontro.mx\/2021\/10\/15\/la-ministra-messicana-delleconomia-ha-incontrato-laemi-a-roma\/#respond"]}]},{"@type":"WebPage","@id":"https:\/\/puntodincontro.mx\/2021\/10\/15\/la-ministra-messicana-delleconomia-ha-incontrato-laemi-a-roma\/","url":"https:\/\/puntodincontro.mx\/2021\/10\/15\/la-ministra-messicana-delleconomia-ha-incontrato-laemi-a-roma\/","name":"La ministra messicana dell'Economia ha incontrato l'AEMI a Roma Puntodincontro","isPartOf":{"@id":"https:\/\/puntodincontro.mx\/#website"},"primaryImageOfPage":{"@id":"https:\/\/puntodincontro.mx\/2021\/10\/15\/la-ministra-messicana-delleconomia-ha-incontrato-laemi-a-roma\/#primaryimage"},"image":{"@id":"https:\/\/puntodincontro.mx\/2021\/10\/15\/la-ministra-messicana-delleconomia-ha-incontrato-laemi-a-roma\/#primaryimage"},"thumbnailUrl":"https:\/\/puntodincontro.mx\/wp-content\/uploads\/2021\/10\/clouthiermagaldivert.webp","datePublished":"2021-10-15T09:19:56+00:00","dateModified":"2021-10-15T09:19:58+00:00","breadcrumb":{"@id":"https:\/\/puntodincontro.mx\/2021\/10\/15\/la-ministra-messicana-delleconomia-ha-incontrato-laemi-a-roma\/#breadcrumb"},"inLanguage":"es","potentialAction":[{"@type":"ReadAction","target":["https:\/\/puntodincontro.mx\/2021\/10\/15\/la-ministra-messicana-delleconomia-ha-incontrato-laemi-a-roma\/"]}]},{"@type":"ImageObject","inLanguage":"es","@id":"https:\/\/puntodincontro.mx\/2021\/10\/15\/la-ministra-messicana-delleconomia-ha-incontrato-laemi-a-roma\/#primaryimage","url":"https:\/\/puntodincontro.mx\/wp-content\/uploads\/2021\/10\/clouthiermagaldivert.webp","contentUrl":"https:\/\/puntodincontro.mx\/wp-content\/uploads\/2021\/10\/clouthiermagaldivert.webp","width":423,"height":488},{"@type":"BreadcrumbList","@id":"https:\/\/puntodincontro.mx\/2021\/10\/15\/la-ministra-messicana-delleconomia-ha-incontrato-laemi-a-roma\/#breadcrumb","itemListElement":[{"@type":"ListItem","position":1,"name":"Home","item":"https:\/\/puntodincontro.mx\/"},{"@type":"ListItem","position":2,"name":"La ministra messicana dell&#8217;Economia ha incontrato l&#8217;AEMI a Roma"}]},{"@type":"WebSite","@id":"https:\/\/puntodincontro.mx\/#website","url":"https:\/\/puntodincontro.mx\/","name":"Puntodincontro","description":"Desde el 2006 noticias sobre las relaciones entre Italia y M\u00e9xico \/ Dal 2006 notizie sui rapporti Italia-Messico","publisher":{"@id":"https:\/\/puntodincontro.mx\/#organization"},"potentialAction":[{"@type":"SearchAction","target":{"@type":"EntryPoint","urlTemplate":"https:\/\/puntodincontro.mx\/?s={search_term_string}"},"query-input":{"@type":"PropertyValueSpecification","valueRequired":true,"valueName":"search_term_string"}}],"inLanguage":"es"},{"@type":"Organization","@id":"https:\/\/puntodincontro.mx\/#organization","name":"Puntodincontro","url":"https:\/\/puntodincontro.mx\/","logo":{"@type":"ImageObject","inLanguage":"es","@id":"https:\/\/puntodincontro.mx\/#\/schema\/logo\/image\/","url":"https:\/\/puntodincontro.mx\/wp-content\/uploads\/2021\/08\/Default-image-for-open-graph-settings.jpg","contentUrl":"https:\/\/puntodincontro.mx\/wp-content\/uploads\/2021\/08\/Default-image-for-open-graph-settings.jpg","width":1200,"height":630,"caption":"Puntodincontro"},"image":{"@id":"https:\/\/puntodincontro.mx\/#\/schema\/logo\/image\/"},"sameAs":["https:\/\/www.facebook.com\/puntodincontro.mx","https:\/\/x.com\/puntodincontro","https:\/\/www.instagram.com\/puntodincontro.mx\/","https:\/\/www.linkedin.com\/company\/puntodincontro\/","https:\/\/www.youtube.com\/c\/puntodincontromessico","https:\/\/www.patreon.com\/puntodincontro","https:\/\/www.threads.net\/@puntodincontro.mx"]},{"@type":"Person","@id":"https:\/\/puntodincontro.mx\/#\/schema\/person\/d3066d18a16259cbb0c29b0d0e93b556","name":"Puntodincontro","image":{"@type":"ImageObject","inLanguage":"es","@id":"https:\/\/puntodincontro.mx\/#\/schema\/person\/image\/","url":"https:\/\/secure.gravatar.com\/avatar\/0e85b4b3b5e9d6bfcec6a4956d8cc63a?s=96&d=mm&r=g","contentUrl":"https:\/\/secure.gravatar.com\/avatar\/0e85b4b3b5e9d6bfcec6a4956d8cc63a?s=96&d=mm&r=g","caption":"Puntodincontro"},"url":"https:\/\/puntodincontro.mx\/es\/author\/puntodincontro\/"}]}},"_links":{"self":[{"href":"https:\/\/puntodincontro.mx\/es\/wp-json\/wp\/v2\/posts\/1201"}],"collection":[{"href":"https:\/\/puntodincontro.mx\/es\/wp-json\/wp\/v2\/posts"}],"about":[{"href":"https:\/\/puntodincontro.mx\/es\/wp-json\/wp\/v2\/types\/post"}],"author":[{"embeddable":true,"href":"https:\/\/puntodincontro.mx\/es\/wp-json\/wp\/v2\/users\/2"}],"replies":[{"embeddable":true,"href":"https:\/\/puntodincontro.mx\/es\/wp-json\/wp\/v2\/comments?post=1201"}],"version-history":[{"count":2,"href":"https:\/\/puntodincontro.mx\/es\/wp-json\/wp\/v2\/posts\/1201\/revisions"}],"predecessor-version":[{"id":1212,"href":"https:\/\/puntodincontro.mx\/es\/wp-json\/wp\/v2\/posts\/1201\/revisions\/1212"}],"wp:featuredmedia":[{"embeddable":true,"href":"https:\/\/puntodincontro.mx\/es\/wp-json\/wp\/v2\/media\/1202"}],"wp:attachment":[{"href":"https:\/\/puntodincontro.mx\/es\/wp-json\/wp\/v2\/media?parent=1201"}],"wp:term":[{"taxonomy":"category","embeddable":true,"href":"https:\/\/puntodincontro.mx\/es\/wp-json\/wp\/v2\/categories?post=1201"},{"taxonomy":"post_tag","embeddable":true,"href":"https:\/\/puntodincontro.mx\/es\/wp-json\/wp\/v2\/tags?post=1201"}],"curies":[{"name":"wp","href":"https:\/\/api.w.org\/{rel}","templated":true}]}}