{"id":12085,"date":"2023-04-08T17:18:06","date_gmt":"2023-04-08T22:18:06","guid":{"rendered":"https:\/\/puntodincontro.mx\/?p=12085"},"modified":"2023-04-08T17:18:07","modified_gmt":"2023-04-08T22:18:07","slug":"la-promocion-de-la-lengua-italiana-entre-los-italianos","status":"publish","type":"post","link":"https:\/\/puntodincontro.mx\/es\/2023\/04\/08\/la-promozione-dell-italiano-tra-gli-italiani\/","title":{"rendered":"La promoci\u00f3n de la lengua italiana... entre los italianos"},"content":{"rendered":"<p class=\"translation-block\"><strong>15:47 hrs.<\/strong> - En una especie de <em>d\u00e9j\u00e0 vu<\/em> que nos retrotrae a los <a href=\"https:\/\/puntodincontro.mx\/es\/2022\/07\/04\/abre-en-florencia-el-museo-nacional-del-italiano\/\" target=\"_blank\">primeros a\u00f1os<\/a> del Estado italiano, poco despu\u00e9s de mediados del siglo XIX, pero en un contexto de diferente origen, los Hermanos de Italia (FdI), partido pol\u00edtico de mayor\u00eda relativa en el Parlamento, fundado en 2012 por la actual presidente del Consejo de Ministros Giorgia Meloni\u2014 present\u00f3 un proyecto de ley seg\u00fan el cual se prohibir\u00e1 el uso de t\u00e9rminos no italianos, especialmente en la Administraci\u00f3n P\u00fablica.<\/p>\n\n\n\n<p>La iniciativa surgi\u00f3 del vicepresidente de la C\u00e1mara de Diputados, Fabio Rampelli, representante de la FdI, apoyado por veinte diputados de su fracci\u00f3n.<\/p>\n\n\n\n<p class=\"translation-block\">En el <em>Bel Paese<\/em>, seg\u00fan algunas opiniones, incluidas las de miembros de la <em><a href=\"https:\/\/accademiadellacrusca.it\/\" target=\"_blank\" rel=\"noreferrer noopener\">Accademia della Crusca<\/a><\/em> \u2014instituci\u00f3n fundada en 1583 que re\u00fane a estudiosos y expertos en ling\u00fc\u00edstica y filolog\u00eda de la lengua italiana\u2014 se ha producido un \u00abprogresivo declive en el valor atribuido a nuestra lengua\u00bb. Los partidarios de la iniciativa aseguran que la costumbre de utilizar t\u00e9rminos mayoritariamente en ingl\u00e9s \u00abse ha convertido en una pr\u00e1ctica comunicativa que, lejos de enriquecer nuestro acervo ling\u00fc\u00edstico, lo empobrece y mortifica\u00bb.<\/p>\n\n\n\n<p>En detalle, el proyecto de ley contra las lenguas extranjeras prev\u00e9 lo siguiente:<\/p>\n\n\n\n<p>Art\u00edculo 1: \u00abLa Rep\u00fablica garantiza el uso de la lengua italiana en todas las relaciones entre la administraci\u00f3n p\u00fablica y el ciudadano, as\u00ed como en todas las sedes judiciales\u00bb.<\/p>\n\n\n\n<p>Art\u00edculo 2: \u00abLa lengua italiana es obligatoria para la promoci\u00f3n y uso de los bienes y servicios p\u00fablicos en el territorio nacional\u00bb. En otras palabras, las entidades p\u00fablicas y privadas \u00abest\u00e1n obligadas a presentar\u00bb en italiano cualquier documentaci\u00f3n \u00abrelativa a los bienes tangibles e intangibles producidos y distribuidos en todo el pa\u00eds\u00bb.<\/p>\n\n\n\n<p>Adem\u00e1s, cualquier informaci\u00f3n presente en un lugar p\u00fablico \u00abo derivada de fondos p\u00fablicos\u00bb debe transmitirse en italiano. Adem\u00e1s, para cada evento, conferencia o reuni\u00f3n p\u00fablica organizada en Italia, el \u00abuso de herramientas de traducci\u00f3n\u00bb es obligatorio para garantizar la \u00abperfecta comprensi\u00f3n de los contenidos del evento en italiano\u00bb.<\/p>\n\n\n\n<p>Art\u00edculo 4: \u00abToda persona que ocupe cargos\u00bb en las instituciones italianas, la administraci\u00f3n p\u00fablica, las empresas de mayor\u00eda p\u00fablica y las fundaciones \u00abdebe\u00bb tener conocimiento y dominio escrito y oral de la lengua italiana, \u00ablas siglas y los nombres de las funciones desempe\u00f1adas en las empresas que operen en el territorio nacional\u00bb deben estar en italiano. Y los \u00abreglamentos internos de las empresas que operan en el territorio nacional\u00bb tambi\u00e9n deben redactarse en italiano.<\/p>\n\n\n\n<p>Con el art\u00edculo 5, se pretende modificar el art\u00edculo 1346 del c\u00f3digo civil, es decir, el uso de la lengua italiana en los contratos de trabajo pasa a ser obligatorio: \u00abEl contrato debe estipularse en lengua italiana\u00bb.<\/p>\n\n\n\n<p>El art\u00edculo 6 del proyecto de ley establece que en las escuelas de todos los tipos y niveles y en las universidades p\u00fablicas italianas \u00ablas ofertas de formaci\u00f3n que no est\u00e9n dirigidas espec\u00edficamente al aprendizaje de lenguas extranjeras deben ser en italiano\u00bb.<\/p>\n\n\n\n<p>Con el art\u00edculo 7, el Ministerio de Cultura instituye \u00abel Comit\u00e9 para la protecci\u00f3n, promoci\u00f3n y valorizaci\u00f3n de la lengua italiana en el territorio nacional y en el exterior\u00bb: ser\u00e1 presidido por representantes de la Accademia della Crusca, de la sociedad Dante Alighieri, el Instituto Treccani, el Ministerio de Relaciones Exteriores, el Ministerio de Educaci\u00f3n y M\u00e9rito, el Ministerio de la Universidad e Investigaci\u00f3n, el Departamento de Publicaciones de la Oficina del Primer Ministro y la RAI. Tendr\u00e1n que promover \u00abel conocimiento de las estructuras gramaticales y l\u00e9xicas de la lengua italiana\u00bb, el \u00abuso correcto de la lengua italiana y su pronunciaci\u00f3n\u00bb en las escuelas, en los medios de comunicaci\u00f3n, en el comercio y en la publicidad; la ense\u00f1anza de la lengua italiana en las escuelas de todos los niveles y en las universidades; \u00abel enriquecimiento de la lengua italiana con el objetivo principal de poner a disposici\u00f3n de los ciudadanos t\u00e9rminos adecuados para expresar todas las nociones del mundo contempor\u00e1neo, favoreciendo la presencia de la lengua italiana en las nuevas tecnolog\u00edas de la informaci\u00f3n y la comunicaci\u00f3n\u00bb; en el contexto de las administraciones p\u00fablicas \u00abformas de expresi\u00f3n ling\u00fc\u00edstica sencillas, eficaces e inmediatamente comprensibles, para facilitar y clarificar la comunicaci\u00f3n con los ciudadanos tambi\u00e9n a trav\u00e9s de herramientas inform\u00e1ticas\u00bb.<\/p>\n\n\n\n<div style=\"height:12px\" aria-hidden=\"true\" class=\"wp-block-spacer\"><\/div>\n\n\n<!-- Ad space powered by WP AdCenter v2.5.7 - https:\/\/wpadcenter.com\/ --><div class=\"wpadcenter-adgroup\" ><div class=\"wpadcenter-adgroup__row wpadcenter-aligncenter\"><div class=\"wpadcenter-ad-container\" ><div id=\"wpadcenter-ad-18464\" class=\"ad-placement\"><div class=\"wpadcenter-ad-inner\" ><a id=\"wpadcenter_ad\" data-value=\"18464\" data-placement=\"\" href=\"https:\/\/www.productosremo.com\/\" target=\"_blank\" class=\"wpadcenter-ad-inner__item\" ><img decoding=\"async\"   src=\"https:\/\/puntodincontro.mx\/wp-content\/uploads\/2021\/08\/remobanner.jpg\" class=\"attachment-post-thumbnail size-post-thumbnail wp-post-image\" alt=\"\" srcset=\"https:\/\/puntodincontro.mx\/wp-content\/uploads\/2021\/08\/remobanner.jpg 200w, https:\/\/puntodincontro.mx\/wp-content\/uploads\/2021\/08\/remobanner-16x5.jpg 16w\" sizes=\"(max-width: 200px) 100vw, 200px\" \/><\/a><\/div><\/div><\/div><div class=\"wpadcenter-ad-container\" ><div id=\"wpadcenter-ad-5305\" class=\"ad-placement\"><div class=\"wpadcenter-ad-inner\" ><a id=\"wpadcenter_ad\" data-value=\"5305\" data-placement=\"\" href=\"https:\/\/faitalia.com.mx\/\" target=\"_blank\" class=\"wpadcenter-ad-inner__item\" ><img decoding=\"async\"   src=\"https:\/\/puntodincontro.mx\/wp-content\/uploads\/2022\/05\/gruppodino.jpg\" class=\"attachment-post-thumbnail size-post-thumbnail wp-post-image\" alt=\"\" srcset=\"https:\/\/puntodincontro.mx\/wp-content\/uploads\/2022\/05\/gruppodino.jpg 200w, https:\/\/puntodincontro.mx\/wp-content\/uploads\/2022\/05\/gruppodino-18x5.jpg 18w\" sizes=\"(max-width: 200px) 100vw, 200px\" \/><\/a><\/div><\/div><\/div><div class=\"wpadcenter-ad-container\" ><div id=\"wpadcenter-ad-3781\" class=\"ad-placement\"><div class=\"wpadcenter-ad-inner\" ><a id=\"wpadcenter_ad\" data-value=\"3781\" data-placement=\"\" href=\"https:\/\/cannizzo.com.mx\/\" target=\"_blank\" class=\"wpadcenter-ad-inner__item\" ><img decoding=\"async\"   src=\"https:\/\/puntodincontro.mx\/wp-content\/uploads\/2022\/03\/cannizzo2.jpg\" class=\"attachment-post-thumbnail size-post-thumbnail wp-post-image\" alt=\"\" srcset=\"https:\/\/puntodincontro.mx\/wp-content\/uploads\/2022\/03\/cannizzo2.jpg 200w, https:\/\/puntodincontro.mx\/wp-content\/uploads\/2022\/03\/cannizzo2-18x5.jpg 18w\" sizes=\"(max-width: 200px) 100vw, 200px\" \/><\/a><\/div><\/div><\/div><\/div><div class=\"wpadcenter-adgroup__row wpadcenter-aligncenter\"><div class=\"wpadcenter-ad-container\" ><div id=\"wpadcenter-ad-1704\" class=\"ad-placement\"><div class=\"wpadcenter-ad-inner\" ><a id=\"wpadcenter_ad\" data-value=\"1704\" data-placement=\"\" href=\"https:\/\/puntodincontro.mx\/es\/2021\/12\/24\/inps-verificacion-de-supervivencia-de-los-pensionados-en-el-extranjero\/\" target=\"_blank\" class=\"wpadcenter-ad-inner__item\" ><img decoding=\"async\"   src=\"https:\/\/puntodincontro.mx\/wp-content\/uploads\/2021\/11\/logo-ital.jpg\" class=\"attachment-post-thumbnail size-post-thumbnail wp-post-image\" alt=\"Patronato ITAL Messico\" srcset=\"https:\/\/puntodincontro.mx\/wp-content\/uploads\/2021\/11\/logo-ital.jpg 200w, https:\/\/puntodincontro.mx\/wp-content\/uploads\/2021\/11\/logo-ital-16x5.jpg 16w\" sizes=\"(max-width: 200px) 100vw, 200px\" \/><\/a><\/div><\/div><\/div><div class=\"wpadcenter-ad-container\" ><div id=\"wpadcenter-ad-1538\" class=\"ad-placement\"><div class=\"wpadcenter-ad-inner\" ><a id=\"wpadcenter_ad\" data-value=\"1538\" data-placement=\"\" href=\"https:\/\/asociacionitaliana.org\/\" target=\"_blank\" class=\"wpadcenter-ad-inner__item\" ><img decoding=\"async\"   src=\"https:\/\/puntodincontro.mx\/wp-content\/uploads\/2021\/11\/aialogo.jpg\" class=\"attachment-post-thumbnail size-post-thumbnail wp-post-image\" alt=\"Associazione Italiana di Assistenza IAP\" srcset=\"https:\/\/puntodincontro.mx\/wp-content\/uploads\/2021\/11\/aialogo.jpg 200w, https:\/\/puntodincontro.mx\/wp-content\/uploads\/2021\/11\/aialogo-18x5.jpg 18w\" sizes=\"(max-width: 200px) 100vw, 200px\" \/><\/a><\/div><\/div><\/div><div class=\"wpadcenter-ad-container\" ><div id=\"wpadcenter-ad-1513\" class=\"ad-placement\"><div class=\"wpadcenter-ad-inner\" ><a id=\"wpadcenter_ad\" data-value=\"1513\" data-placement=\"\" href=\"https:\/\/gcinmuebles.mx\" target=\"_blank\" class=\"wpadcenter-ad-inner__item\" ><img decoding=\"async\"   src=\"https:\/\/puntodincontro.mx\/wp-content\/uploads\/2021\/10\/gcinmuebleslogopunto-1.jpg\" class=\"attachment-post-thumbnail size-post-thumbnail wp-post-image\" alt=\"\" srcset=\"https:\/\/puntodincontro.mx\/wp-content\/uploads\/2021\/10\/gcinmuebleslogopunto-1.jpg 200w, https:\/\/puntodincontro.mx\/wp-content\/uploads\/2021\/10\/gcinmuebleslogopunto-1-18x5.jpg 18w\" sizes=\"(max-width: 200px) 100vw, 200px\" \/><\/a><\/div><\/div><\/div><\/div><div class=\"wpadcenter-adgroup__row wpadcenter-aligncenter\"><div class=\"wpadcenter-ad-container\" ><div id=\"wpadcenter-ad-1374\" class=\"ad-placement\"><div class=\"wpadcenter-ad-inner\" ><a id=\"wpadcenter_ad\" data-value=\"1374\" data-placement=\"\" href=\"https:\/\/www.9colonne.it\/\" target=\"_blank\" class=\"wpadcenter-ad-inner__item\" ><img decoding=\"async\"   src=\"https:\/\/puntodincontro.mx\/wp-content\/uploads\/2021\/10\/Banner9colonne.gif\" class=\"attachment-post-thumbnail size-post-thumbnail wp-post-image\" alt=\"\" \/><\/a><\/div><\/div><\/div><div class=\"wpadcenter-ad-container\" ><div id=\"wpadcenter-ad-276\" class=\"ad-placement\"><div class=\"wpadcenter-ad-inner\" ><a id=\"wpadcenter_ad\" data-value=\"276\" data-placement=\"\" href=\"http:\/\/www.camaraitaliana.mx\/\" target=\"_blank\" class=\"wpadcenter-ad-inner__item\" ><img decoding=\"async\"   src=\"https:\/\/puntodincontro.mx\/wp-content\/uploads\/2021\/08\/ccimnuovo.jpg\" class=\"attachment-post-thumbnail size-post-thumbnail wp-post-image\" alt=\"\" srcset=\"https:\/\/puntodincontro.mx\/wp-content\/uploads\/2021\/08\/ccimnuovo.jpg 200w, https:\/\/puntodincontro.mx\/wp-content\/uploads\/2021\/08\/ccimnuovo-18x5.jpg 18w\" sizes=\"(max-width: 200px) 100vw, 200px\" \/><\/a><\/div><\/div><\/div><div class=\"wpadcenter-ad-container\" ><div id=\"wpadcenter-ad-272\" class=\"ad-placement\"><div class=\"wpadcenter-ad-inner\" ><a id=\"wpadcenter_ad\" data-value=\"272\" data-placement=\"\" href=\"http:\/\/corix.us\/\" target=\"_blank\" class=\"wpadcenter-ad-inner__item\" ><img decoding=\"async\"   src=\"https:\/\/puntodincontro.mx\/wp-content\/uploads\/2021\/08\/corixbanner-1.jpg\" class=\"attachment-post-thumbnail size-post-thumbnail wp-post-image\" alt=\"\" srcset=\"https:\/\/puntodincontro.mx\/wp-content\/uploads\/2021\/08\/corixbanner-1.jpg 200w, https:\/\/puntodincontro.mx\/wp-content\/uploads\/2021\/08\/corixbanner-1-16x5.jpg 16w\" sizes=\"(max-width: 200px) 100vw, 200px\" \/><\/a><\/div><\/div><\/div><\/div><div class=\"wpadcenter-adgroup__row wpadcenter-aligncenter\"><div class=\"wpadcenter-ad-container\" ><div id=\"wpadcenter-ad-266\" class=\"ad-placement\"><div class=\"wpadcenter-ad-inner\" ><a id=\"wpadcenter_ad\" data-value=\"266\" data-placement=\"\" href=\"https:\/\/www.prinsel.com.mx\/\" target=\"_blank\" class=\"wpadcenter-ad-inner__item\" ><img decoding=\"async\"   src=\"https:\/\/puntodincontro.mx\/wp-content\/uploads\/2021\/08\/prinselbanner-1.jpg\" class=\"attachment-post-thumbnail size-post-thumbnail wp-post-image\" alt=\"\" srcset=\"https:\/\/puntodincontro.mx\/wp-content\/uploads\/2021\/08\/prinselbanner-1.jpg 200w, https:\/\/puntodincontro.mx\/wp-content\/uploads\/2021\/08\/prinselbanner-1-16x5.jpg 16w\" sizes=\"(max-width: 200px) 100vw, 200px\" \/><\/a><\/div><\/div><\/div><div class=\"wpadcenter-ad-container\" ><div id=\"wpadcenter-ad-261\" class=\"ad-placement\"><div class=\"wpadcenter-ad-inner\" ><a id=\"wpadcenter_ad\" data-value=\"261\" data-placement=\"\" href=\"https:\/\/ambcittadelmessico.esteri.it\/ambasciata_cittadelmessico\/it\/\" target=\"_blank\" class=\"wpadcenter-ad-inner__item\" ><img decoding=\"async\"   src=\"https:\/\/puntodincontro.mx\/wp-content\/uploads\/2021\/08\/ambasciatabanner-1.jpg\" class=\"attachment-post-thumbnail size-post-thumbnail wp-post-image\" alt=\"\" srcset=\"https:\/\/puntodincontro.mx\/wp-content\/uploads\/2021\/08\/ambasciatabanner-1.jpg 200w, https:\/\/puntodincontro.mx\/wp-content\/uploads\/2021\/08\/ambasciatabanner-1-16x5.jpg 16w\" sizes=\"(max-width: 200px) 100vw, 200px\" \/><\/a><\/div><\/div><\/div><\/div><\/div>\n\n\n<div style=\"height:12px\" aria-hidden=\"true\" class=\"wp-block-spacer\"><\/div>","protected":false},"excerpt":{"rendered":"<p>Ore 15.47 &#8211; In una sorta di d\u00e9j\u00e0 vu che ci riporta ai primi anni dello Stato italiano, poco dopo la met\u00e0 dell&#8217;Ottocento, ma in un contesto di origini diverse, Fratelli d\u2019Italia (FdI) \u2014il partito politico di maggioranza relativa in Parlamento, fondato nel 2012 dall&#8217;attuale presidente del Consiglio dei ministri Giorgia Meloni\u2014 ha presentato una proposta di legge secondo la quale sar\u00e0 vietato utilizzare termini non italiani, soprattutto nella Pubblica Amministrazione. L\u2019iniziativa \u00e8 partita dal vicepresidente della Camera dei deputati, Fabio Rampelli, rappresentante di FdI, supportato da venti deputati della sua fazione. Nel Bel Paese, secondo alcune opinioni, tra cui&#8230; <\/p>","protected":false},"author":2,"featured_media":12088,"comment_status":"open","ping_status":"open","sticky":false,"template":"","format":"standard","meta":{"_monsterinsights_skip_tracking":false,"_monsterinsights_sitenote_active":false,"_monsterinsights_sitenote_note":"","_monsterinsights_sitenote_category":0,"footnotes":""},"categories":[18],"tags":[],"class_list":["post-12085","post","type-post","status-publish","format-standard","has-post-thumbnail","hentry","category-cronaca"],"yoast_head":"<!-- This site is optimized with the Yoast SEO Premium plugin v18.4 (Yoast SEO v25.6) - https:\/\/yoast.com\/wordpress\/plugins\/seo\/ -->\n<title>La promozione dell&#039;italiano\u2026 tra gli italiani<\/title>\n<meta name=\"description\" content=\"Fratelli d\u2019Italia ha presentato una proposta di legge secondo cui sar\u00e0 vietato utilizzare parole straniere nelle comunicazioni ufficiali.\" \/>\n<meta name=\"robots\" content=\"index, follow, max-snippet:-1, max-image-preview:large, max-video-preview:-1\" \/>\n<link rel=\"canonical\" href=\"https:\/\/puntodincontro.mx\/es\/2023\/04\/08\/la-promocion-de-la-lengua-italiana-entre-los-italianos\/\" \/>\n<meta property=\"og:locale\" content=\"es_MX\" \/>\n<meta property=\"og:type\" content=\"article\" \/>\n<meta property=\"og:title\" content=\"La promozione dell&#039;italiano\u2026 tra gli italiani\" \/>\n<meta property=\"og:description\" content=\"Fratelli d\u2019Italia ha presentato una proposta di legge secondo cui sar\u00e0 vietato utilizzare parole straniere nelle comunicazioni ufficiali.\" \/>\n<meta property=\"og:url\" content=\"https:\/\/puntodincontro.mx\/es\/2023\/04\/08\/la-promocion-de-la-lengua-italiana-entre-los-italianos\/\" \/>\n<meta property=\"og:site_name\" content=\"Puntodincontro\" \/>\n<meta property=\"article:publisher\" content=\"https:\/\/www.facebook.com\/puntodincontro.mx\" \/>\n<meta property=\"article:published_time\" content=\"2023-04-08T22:18:06+00:00\" \/>\n<meta property=\"article:modified_time\" content=\"2023-04-08T22:18:07+00:00\" \/>\n<meta property=\"og:image\" content=\"https:\/\/puntodincontro.mx\/wp-content\/uploads\/2023\/04\/ioparloitalianocomp.jpg\" \/>\n\t<meta property=\"og:image:width\" content=\"932\" \/>\n\t<meta property=\"og:image:height\" content=\"488\" \/>\n\t<meta property=\"og:image:type\" content=\"image\/jpeg\" \/>\n<meta name=\"author\" content=\"Puntodincontro\" \/>\n<meta name=\"twitter:card\" content=\"summary_large_image\" \/>\n<meta name=\"twitter:creator\" content=\"@puntodincontro\" \/>\n<meta name=\"twitter:site\" content=\"@puntodincontro\" \/>\n<meta name=\"twitter:label1\" content=\"Escrito por\" \/>\n\t<meta name=\"twitter:data1\" content=\"Puntodincontro\" \/>\n\t<meta name=\"twitter:label2\" content=\"Tiempo de lectura\" \/>\n\t<meta name=\"twitter:data2\" content=\"3 minutos\" \/>\n<script type=\"application\/ld+json\" class=\"yoast-schema-graph\">{\"@context\":\"https:\/\/schema.org\",\"@graph\":[{\"@type\":\"NewsArticle\",\"@id\":\"https:\/\/puntodincontro.mx\/2023\/04\/08\/la-promozione-dell-italiano-tra-gli-italiani\/#article\",\"isPartOf\":{\"@id\":\"https:\/\/puntodincontro.mx\/2023\/04\/08\/la-promozione-dell-italiano-tra-gli-italiani\/\"},\"author\":{\"name\":\"Puntodincontro\",\"@id\":\"https:\/\/puntodincontro.mx\/#\/schema\/person\/d3066d18a16259cbb0c29b0d0e93b556\"},\"headline\":\"La promozione dell&#8217;italiano\u2026 tra gli italiani\",\"datePublished\":\"2023-04-08T22:18:06+00:00\",\"dateModified\":\"2023-04-08T22:18:07+00:00\",\"mainEntityOfPage\":{\"@id\":\"https:\/\/puntodincontro.mx\/2023\/04\/08\/la-promozione-dell-italiano-tra-gli-italiani\/\"},\"wordCount\":641,\"commentCount\":0,\"publisher\":{\"@id\":\"https:\/\/puntodincontro.mx\/#organization\"},\"image\":{\"@id\":\"https:\/\/puntodincontro.mx\/2023\/04\/08\/la-promozione-dell-italiano-tra-gli-italiani\/#primaryimage\"},\"thumbnailUrl\":\"https:\/\/puntodincontro.mx\/wp-content\/uploads\/2023\/04\/ioparloitalianovert.webp\",\"articleSection\":[\"Cronaca\"],\"inLanguage\":\"es\",\"potentialAction\":[{\"@type\":\"CommentAction\",\"name\":\"Comment\",\"target\":[\"https:\/\/puntodincontro.mx\/2023\/04\/08\/la-promozione-dell-italiano-tra-gli-italiani\/#respond\"]}]},{\"@type\":\"WebPage\",\"@id\":\"https:\/\/puntodincontro.mx\/2023\/04\/08\/la-promozione-dell-italiano-tra-gli-italiani\/\",\"url\":\"https:\/\/puntodincontro.mx\/2023\/04\/08\/la-promozione-dell-italiano-tra-gli-italiani\/\",\"name\":\"La promozione dell'italiano\u2026 tra gli italiani\",\"isPartOf\":{\"@id\":\"https:\/\/puntodincontro.mx\/#website\"},\"primaryImageOfPage\":{\"@id\":\"https:\/\/puntodincontro.mx\/2023\/04\/08\/la-promozione-dell-italiano-tra-gli-italiani\/#primaryimage\"},\"image\":{\"@id\":\"https:\/\/puntodincontro.mx\/2023\/04\/08\/la-promozione-dell-italiano-tra-gli-italiani\/#primaryimage\"},\"thumbnailUrl\":\"https:\/\/puntodincontro.mx\/wp-content\/uploads\/2023\/04\/ioparloitalianovert.webp\",\"datePublished\":\"2023-04-08T22:18:06+00:00\",\"dateModified\":\"2023-04-08T22:18:07+00:00\",\"description\":\"Fratelli d\u2019Italia ha presentato una proposta di legge secondo cui sar\u00e0 vietato utilizzare parole straniere nelle comunicazioni ufficiali.\",\"breadcrumb\":{\"@id\":\"https:\/\/puntodincontro.mx\/2023\/04\/08\/la-promozione-dell-italiano-tra-gli-italiani\/#breadcrumb\"},\"inLanguage\":\"es\",\"potentialAction\":[{\"@type\":\"ReadAction\",\"target\":[\"https:\/\/puntodincontro.mx\/2023\/04\/08\/la-promozione-dell-italiano-tra-gli-italiani\/\"]}]},{\"@type\":\"ImageObject\",\"inLanguage\":\"es\",\"@id\":\"https:\/\/puntodincontro.mx\/2023\/04\/08\/la-promozione-dell-italiano-tra-gli-italiani\/#primaryimage\",\"url\":\"https:\/\/puntodincontro.mx\/wp-content\/uploads\/2023\/04\/ioparloitalianovert.webp\",\"contentUrl\":\"https:\/\/puntodincontro.mx\/wp-content\/uploads\/2023\/04\/ioparloitalianovert.webp\",\"width\":423,\"height\":488,\"caption\":\"La promozione dell'italiano\u2026 tra gli italiani\"},{\"@type\":\"BreadcrumbList\",\"@id\":\"https:\/\/puntodincontro.mx\/2023\/04\/08\/la-promozione-dell-italiano-tra-gli-italiani\/#breadcrumb\",\"itemListElement\":[{\"@type\":\"ListItem\",\"position\":1,\"name\":\"Home\",\"item\":\"https:\/\/puntodincontro.mx\/\"},{\"@type\":\"ListItem\",\"position\":2,\"name\":\"La promozione dell&#8217;italiano\u2026 tra gli italiani\"}]},{\"@type\":\"WebSite\",\"@id\":\"https:\/\/puntodincontro.mx\/#website\",\"url\":\"https:\/\/puntodincontro.mx\/\",\"name\":\"Puntodincontro\",\"description\":\"Dal 2006 notizie sui rapporti Italia-Messico \/ Desde 2006 noticias sobre las relaciones entre Italia y M\u00e9xico\",\"publisher\":{\"@id\":\"https:\/\/puntodincontro.mx\/#organization\"},\"potentialAction\":[{\"@type\":\"SearchAction\",\"target\":{\"@type\":\"EntryPoint\",\"urlTemplate\":\"https:\/\/puntodincontro.mx\/?s={search_term_string}\"},\"query-input\":{\"@type\":\"PropertyValueSpecification\",\"valueRequired\":true,\"valueName\":\"search_term_string\"}}],\"inLanguage\":\"es\"},{\"@type\":\"Organization\",\"@id\":\"https:\/\/puntodincontro.mx\/#organization\",\"name\":\"Puntodincontro\",\"url\":\"https:\/\/puntodincontro.mx\/\",\"logo\":{\"@type\":\"ImageObject\",\"inLanguage\":\"es\",\"@id\":\"https:\/\/puntodincontro.mx\/#\/schema\/logo\/image\/\",\"url\":\"https:\/\/puntodincontro.mx\/wp-content\/uploads\/2021\/08\/Default-image-for-open-graph-settings.jpg\",\"contentUrl\":\"https:\/\/puntodincontro.mx\/wp-content\/uploads\/2021\/08\/Default-image-for-open-graph-settings.jpg\",\"width\":1200,\"height\":630,\"caption\":\"Puntodincontro\"},\"image\":{\"@id\":\"https:\/\/puntodincontro.mx\/#\/schema\/logo\/image\/\"},\"sameAs\":[\"https:\/\/www.facebook.com\/puntodincontro.mx\",\"https:\/\/x.com\/puntodincontro\",\"https:\/\/www.instagram.com\/puntodincontro.mx\/\",\"https:\/\/www.linkedin.com\/company\/puntodincontro\/\",\"https:\/\/www.youtube.com\/c\/puntodincontromessico\",\"https:\/\/www.patreon.com\/puntodincontro\",\"https:\/\/www.threads.net\/@puntodincontro.mx\"]},{\"@type\":\"Person\",\"@id\":\"https:\/\/puntodincontro.mx\/#\/schema\/person\/d3066d18a16259cbb0c29b0d0e93b556\",\"name\":\"Puntodincontro\",\"image\":{\"@type\":\"ImageObject\",\"inLanguage\":\"es\",\"@id\":\"https:\/\/puntodincontro.mx\/#\/schema\/person\/image\/\",\"url\":\"https:\/\/secure.gravatar.com\/avatar\/0e85b4b3b5e9d6bfcec6a4956d8cc63a?s=96&d=mm&r=g\",\"contentUrl\":\"https:\/\/secure.gravatar.com\/avatar\/0e85b4b3b5e9d6bfcec6a4956d8cc63a?s=96&d=mm&r=g\",\"caption\":\"Puntodincontro\"},\"url\":\"https:\/\/puntodincontro.mx\/es\/author\/puntodincontro\/\"}]}<\/script>\n<!-- \/ Yoast SEO Premium plugin. -->","yoast_head_json":{"title":"La promozione dell'italiano\u2026 tra gli italiani","description":"Hermanos de Italia present\u00f3 una propuesta de ley seg\u00fan la cual estar\u00e1 prohibido utilizar palabras extranjeras en comunicados oficiales.","robots":{"index":"index","follow":"follow","max-snippet":"max-snippet:-1","max-image-preview":"max-image-preview:large","max-video-preview":"max-video-preview:-1"},"canonical":"https:\/\/puntodincontro.mx\/es\/2023\/04\/08\/la-promocion-de-la-lengua-italiana-entre-los-italianos\/","og_locale":"es_MX","og_type":"article","og_title":"La promozione dell'italiano\u2026 tra gli italiani","og_description":"Fratelli d\u2019Italia ha presentato una proposta di legge secondo cui sar\u00e0 vietato utilizzare parole straniere nelle comunicazioni ufficiali.","og_url":"https:\/\/puntodincontro.mx\/es\/2023\/04\/08\/la-promocion-de-la-lengua-italiana-entre-los-italianos\/","og_site_name":"Puntodincontro","article_publisher":"https:\/\/www.facebook.com\/puntodincontro.mx","article_published_time":"2023-04-08T22:18:06+00:00","article_modified_time":"2023-04-08T22:18:07+00:00","og_image":[{"width":932,"height":488,"url":"https:\/\/puntodincontro.mx\/wp-content\/uploads\/2023\/04\/ioparloitalianocomp.jpg","type":"image\/jpeg"}],"author":"Puntodincontro","twitter_card":"summary_large_image","twitter_creator":"@puntodincontro","twitter_site":"@puntodincontro","twitter_misc":{"Escrito por":"Puntodincontro","Tiempo de lectura":"3 minutos"},"schema":{"@context":"https:\/\/schema.org","@graph":[{"@type":"NewsArticle","@id":"https:\/\/puntodincontro.mx\/2023\/04\/08\/la-promozione-dell-italiano-tra-gli-italiani\/#article","isPartOf":{"@id":"https:\/\/puntodincontro.mx\/2023\/04\/08\/la-promozione-dell-italiano-tra-gli-italiani\/"},"author":{"name":"Puntodincontro","@id":"https:\/\/puntodincontro.mx\/#\/schema\/person\/d3066d18a16259cbb0c29b0d0e93b556"},"headline":"La promozione dell&#8217;italiano\u2026 tra gli italiani","datePublished":"2023-04-08T22:18:06+00:00","dateModified":"2023-04-08T22:18:07+00:00","mainEntityOfPage":{"@id":"https:\/\/puntodincontro.mx\/2023\/04\/08\/la-promozione-dell-italiano-tra-gli-italiani\/"},"wordCount":641,"commentCount":0,"publisher":{"@id":"https:\/\/puntodincontro.mx\/#organization"},"image":{"@id":"https:\/\/puntodincontro.mx\/2023\/04\/08\/la-promozione-dell-italiano-tra-gli-italiani\/#primaryimage"},"thumbnailUrl":"https:\/\/puntodincontro.mx\/wp-content\/uploads\/2023\/04\/ioparloitalianovert.webp","articleSection":["Cronaca"],"inLanguage":"es","potentialAction":[{"@type":"CommentAction","name":"Comment","target":["https:\/\/puntodincontro.mx\/2023\/04\/08\/la-promozione-dell-italiano-tra-gli-italiani\/#respond"]}]},{"@type":"WebPage","@id":"https:\/\/puntodincontro.mx\/2023\/04\/08\/la-promozione-dell-italiano-tra-gli-italiani\/","url":"https:\/\/puntodincontro.mx\/2023\/04\/08\/la-promozione-dell-italiano-tra-gli-italiani\/","name":"La promozione dell'italiano\u2026 tra gli italiani","isPartOf":{"@id":"https:\/\/puntodincontro.mx\/#website"},"primaryImageOfPage":{"@id":"https:\/\/puntodincontro.mx\/2023\/04\/08\/la-promozione-dell-italiano-tra-gli-italiani\/#primaryimage"},"image":{"@id":"https:\/\/puntodincontro.mx\/2023\/04\/08\/la-promozione-dell-italiano-tra-gli-italiani\/#primaryimage"},"thumbnailUrl":"https:\/\/puntodincontro.mx\/wp-content\/uploads\/2023\/04\/ioparloitalianovert.webp","datePublished":"2023-04-08T22:18:06+00:00","dateModified":"2023-04-08T22:18:07+00:00","description":"Hermanos de Italia present\u00f3 una propuesta de ley seg\u00fan la cual estar\u00e1 prohibido utilizar palabras extranjeras en comunicados oficiales.","breadcrumb":{"@id":"https:\/\/puntodincontro.mx\/2023\/04\/08\/la-promozione-dell-italiano-tra-gli-italiani\/#breadcrumb"},"inLanguage":"es","potentialAction":[{"@type":"ReadAction","target":["https:\/\/puntodincontro.mx\/2023\/04\/08\/la-promozione-dell-italiano-tra-gli-italiani\/"]}]},{"@type":"ImageObject","inLanguage":"es","@id":"https:\/\/puntodincontro.mx\/2023\/04\/08\/la-promozione-dell-italiano-tra-gli-italiani\/#primaryimage","url":"https:\/\/puntodincontro.mx\/wp-content\/uploads\/2023\/04\/ioparloitalianovert.webp","contentUrl":"https:\/\/puntodincontro.mx\/wp-content\/uploads\/2023\/04\/ioparloitalianovert.webp","width":423,"height":488,"caption":"La promozione dell'italiano\u2026 tra gli italiani"},{"@type":"BreadcrumbList","@id":"https:\/\/puntodincontro.mx\/2023\/04\/08\/la-promozione-dell-italiano-tra-gli-italiani\/#breadcrumb","itemListElement":[{"@type":"ListItem","position":1,"name":"Home","item":"https:\/\/puntodincontro.mx\/"},{"@type":"ListItem","position":2,"name":"La promozione dell&#8217;italiano\u2026 tra gli italiani"}]},{"@type":"WebSite","@id":"https:\/\/puntodincontro.mx\/#website","url":"https:\/\/puntodincontro.mx\/","name":"Puntodincontro","description":"Desde el 2006 noticias sobre las relaciones entre Italia y M\u00e9xico \/ Dal 2006 notizie sui rapporti Italia-Messico","publisher":{"@id":"https:\/\/puntodincontro.mx\/#organization"},"potentialAction":[{"@type":"SearchAction","target":{"@type":"EntryPoint","urlTemplate":"https:\/\/puntodincontro.mx\/?s={search_term_string}"},"query-input":{"@type":"PropertyValueSpecification","valueRequired":true,"valueName":"search_term_string"}}],"inLanguage":"es"},{"@type":"Organization","@id":"https:\/\/puntodincontro.mx\/#organization","name":"Puntodincontro","url":"https:\/\/puntodincontro.mx\/","logo":{"@type":"ImageObject","inLanguage":"es","@id":"https:\/\/puntodincontro.mx\/#\/schema\/logo\/image\/","url":"https:\/\/puntodincontro.mx\/wp-content\/uploads\/2021\/08\/Default-image-for-open-graph-settings.jpg","contentUrl":"https:\/\/puntodincontro.mx\/wp-content\/uploads\/2021\/08\/Default-image-for-open-graph-settings.jpg","width":1200,"height":630,"caption":"Puntodincontro"},"image":{"@id":"https:\/\/puntodincontro.mx\/#\/schema\/logo\/image\/"},"sameAs":["https:\/\/www.facebook.com\/puntodincontro.mx","https:\/\/x.com\/puntodincontro","https:\/\/www.instagram.com\/puntodincontro.mx\/","https:\/\/www.linkedin.com\/company\/puntodincontro\/","https:\/\/www.youtube.com\/c\/puntodincontromessico","https:\/\/www.patreon.com\/puntodincontro","https:\/\/www.threads.net\/@puntodincontro.mx"]},{"@type":"Person","@id":"https:\/\/puntodincontro.mx\/#\/schema\/person\/d3066d18a16259cbb0c29b0d0e93b556","name":"Puntodincontro","image":{"@type":"ImageObject","inLanguage":"es","@id":"https:\/\/puntodincontro.mx\/#\/schema\/person\/image\/","url":"https:\/\/secure.gravatar.com\/avatar\/0e85b4b3b5e9d6bfcec6a4956d8cc63a?s=96&d=mm&r=g","contentUrl":"https:\/\/secure.gravatar.com\/avatar\/0e85b4b3b5e9d6bfcec6a4956d8cc63a?s=96&d=mm&r=g","caption":"Puntodincontro"},"url":"https:\/\/puntodincontro.mx\/es\/author\/puntodincontro\/"}]}},"_links":{"self":[{"href":"https:\/\/puntodincontro.mx\/es\/wp-json\/wp\/v2\/posts\/12085"}],"collection":[{"href":"https:\/\/puntodincontro.mx\/es\/wp-json\/wp\/v2\/posts"}],"about":[{"href":"https:\/\/puntodincontro.mx\/es\/wp-json\/wp\/v2\/types\/post"}],"author":[{"embeddable":true,"href":"https:\/\/puntodincontro.mx\/es\/wp-json\/wp\/v2\/users\/2"}],"replies":[{"embeddable":true,"href":"https:\/\/puntodincontro.mx\/es\/wp-json\/wp\/v2\/comments?post=12085"}],"version-history":[{"count":10,"href":"https:\/\/puntodincontro.mx\/es\/wp-json\/wp\/v2\/posts\/12085\/revisions"}],"predecessor-version":[{"id":12098,"href":"https:\/\/puntodincontro.mx\/es\/wp-json\/wp\/v2\/posts\/12085\/revisions\/12098"}],"wp:featuredmedia":[{"embeddable":true,"href":"https:\/\/puntodincontro.mx\/es\/wp-json\/wp\/v2\/media\/12088"}],"wp:attachment":[{"href":"https:\/\/puntodincontro.mx\/es\/wp-json\/wp\/v2\/media?parent=12085"}],"wp:term":[{"taxonomy":"category","embeddable":true,"href":"https:\/\/puntodincontro.mx\/es\/wp-json\/wp\/v2\/categories?post=12085"},{"taxonomy":"post_tag","embeddable":true,"href":"https:\/\/puntodincontro.mx\/es\/wp-json\/wp\/v2\/tags?post=12085"}],"curies":[{"name":"wp","href":"https:\/\/api.w.org\/{rel}","templated":true}]}}