{"id":12099,"date":"2023-04-09T08:29:22","date_gmt":"2023-04-09T13:29:22","guid":{"rendered":"https:\/\/puntodincontro.mx\/?p=12099"},"modified":"2023-04-09T08:29:23","modified_gmt":"2023-04-09T13:29:23","slug":"en-mexico-el-italiano-federico-faggin-inventor-del-microprocesador","status":"publish","type":"post","link":"https:\/\/puntodincontro.mx\/es\/2023\/04\/09\/in-messico-litaliano-federico-faggin-inventore-del-microprocessore\/","title":{"rendered":"En M\u00e9xico el italiano Federico Faggin, inventor del microprocesador"},"content":{"rendered":"<p class=\"translation-block\"><strong>06:48 hrs.<\/strong> - En ocasi\u00f3n del <a href=\"https:\/\/www.esteri.it\/it\/diplomazia-culturale-e-diplomazia-scientifica\/cooperscientificatecnologica\/giornata-della-ricerca-italiana\/\" target=\"_blank\" rel=\"noreferrer noopener\">D\u00eda de la Investigaci\u00f3n Italiana en el Mundo<\/a> y en el marco del di\u00e1logo entre intelectuales fomentado por la Embajada de Italia en M\u00e9xico, el 19 de abril Federico Faggin \u2014inventor del microprocesador, empresario y escritor\u2014 ofrecer\u00e1 en la capital de este pa\u00eds latinoamericano la conferencia <em>El valor de la inteligencia humana en un mundo dominado por la tecnolog\u00eda<\/em>.<\/p>\n\n\n\n<p>\u00abEn la actualidad\u00bb \u2014afirma un comunicado difundido por le Embajada\u2014 \u00abestamos experimentando una \u00e9poca de r\u00e1pido desarrollo tecnol\u00f3gico, donde la inteligencia artificial (IA) est\u00e1 ganando terreno en diferentes campos de la actividad humana. Al respecto, surge la pregunta: \u00bfpodr\u00e1 la Inteligencia Artificial superar a la inteligencia humana?\u00bb.<\/p>\n\n\n\n<p>\u00abEs importante\u00bb \u2014contin\u00faa el texto\u2014 \u00abdestacar que la inteligencia humana es una capacidad compleja y polifac\u00e9tica que involucra no solo habilidades cognitivas, como la memoria, el razonamiento y la resoluci\u00f3n de problemas, sino tambi\u00e9n habilidades sociales y emocionales, como la empat\u00eda, la comunicaci\u00f3n y la creatividad. Por su parte, la IA se centra principalmente en la automatizaci\u00f3n de tareas que requieren secuencias de decisiones basadas en datos\u00bb.<\/p>\n\n\n\n<p>\u00abLa IA puede ser muy efectiva en labores espec\u00edficas, pero no necesariamente en todas las tareas que son comunes en el \u00e1mbito humano. Aunque se est\u00e1 volviendo cada vez m\u00e1s sofisticada en el aprendizaje autom\u00e1tico, todav\u00eda es limitada por la falta de comprensi\u00f3n emocional y por la incapacidad de adaptaci\u00f3n ante situaciones inesperadas\u00bb.<\/p>\n\n\n\n<p>\u00abHoy en d\u00eda, la IA tiene el potencial de mejorar la eficiencia, reducir costos y aumentar la precisi\u00f3n en diferentes \u00e1reas, pero es importante reconocer sus limitaciones y asegurarse de que se utilice de manera \u00e9tica y responsable\u00bb.<\/p>\n\n\n\n<p>Federico Faggin naci\u00f3 en Vicenza, Italia, el 1 de diciembre de 1941 y reside en los Estados Unidos desde 1968.<\/p>\n\n\n\n<p>Fue director de proyecto del Intel 4004 \u2014considerado el primer microprocesador en la historia de la tecnolog\u00eda de la informaci\u00f3n, comercializado en 1971\u2014 y responsable del desarrollo de los microchips 8008, 4040, 8080 con sus respectivas arquitecturas.<\/p>\n\n\n\n<p class=\"translation-block\">En 1974 fund\u00f3 y dirigi\u00f3 la empresa ZiLOG, donde desarroll\u00f3 el famoso microprocesador Z80. En 1986, Faggin cofund\u00f3 y dirigi\u00f3 Synaptics, una empresa que produjo los primeros paneles t\u00e1ctiles \u2014dispositivos que se encuentran en la mayor\u00eda de las computadoras port\u00e1tiles en lugar del mouse\u2014 y touchscreens.<\/p>\n\n\n\n<p class=\"translation-block\">El 19 de octubre de 2010 recibi\u00f3 la <em>National Medal of Technology and Innovation<\/em> de manos del entonces presidente de los Estados Unidos de Am\u00e9rica, Barack Obama, por la invenci\u00f3n del microprocesador.<\/p>\n\n\n\n<p class=\"translation-block\">Es el \u00fanico italiano presente en el <em>Computer History Museum<\/em> de Mountain View y en 2011 estableci\u00f3 la Fundaci\u00f3n Federico ed Elvia Faggin, una organizaci\u00f3n sin fines de lucro dedicada al <a href=\"https:\/\/puntodincontro.mx\/es\/category\/scienza-e-tecnologia\/\" target=\"_blank\" rel=\"noreferrer noopener\">estudio cient\u00edfico<\/a> de la conciencia a trav\u00e9s del patrocinio de programas de investigaci\u00f3n te\u00f3rica y experimental en universidades e institutos de investigaci\u00f3n estadounidenses.<\/p>\n\n\n\n<p>El 27 de noviembre de 2019, por iniciativa del presidente Sergio Mattarella, Faggin recibi\u00f3 el m\u00e1s alto honor de la Rep\u00fablica Italiana con el nombramiento de Caballero de la Gran Cruz de la Orden del M\u00e9rito.<\/p>\n\n\n\n<p class=\"has-small-font-size\">Foto: huffingtonpost.it<\/p>\n\n\n\n<div style=\"height:12px\" aria-hidden=\"true\" class=\"wp-block-spacer\"><\/div>\n\n\n<!-- Ad space powered by WP AdCenter v2.5.7 - https:\/\/wpadcenter.com\/ --><div class=\"wpadcenter-adgroup\" ><div class=\"wpadcenter-adgroup__row wpadcenter-aligncenter\"><div class=\"wpadcenter-ad-container\" ><div id=\"wpadcenter-ad-18464\" class=\"ad-placement\"><div class=\"wpadcenter-ad-inner\" ><a id=\"wpadcenter_ad\" data-value=\"18464\" data-placement=\"\" href=\"https:\/\/www.productosremo.com\/\" target=\"_blank\" class=\"wpadcenter-ad-inner__item\" ><img decoding=\"async\"   src=\"https:\/\/puntodincontro.mx\/wp-content\/uploads\/2021\/08\/remobanner.jpg\" class=\"attachment-post-thumbnail size-post-thumbnail wp-post-image\" alt=\"\" srcset=\"https:\/\/puntodincontro.mx\/wp-content\/uploads\/2021\/08\/remobanner.jpg 200w, https:\/\/puntodincontro.mx\/wp-content\/uploads\/2021\/08\/remobanner-16x5.jpg 16w\" sizes=\"(max-width: 200px) 100vw, 200px\" \/><\/a><\/div><\/div><\/div><div class=\"wpadcenter-ad-container\" ><div id=\"wpadcenter-ad-5305\" class=\"ad-placement\"><div class=\"wpadcenter-ad-inner\" ><a id=\"wpadcenter_ad\" data-value=\"5305\" data-placement=\"\" href=\"https:\/\/faitalia.com.mx\/\" target=\"_blank\" class=\"wpadcenter-ad-inner__item\" ><img decoding=\"async\"   src=\"https:\/\/puntodincontro.mx\/wp-content\/uploads\/2022\/05\/gruppodino.jpg\" class=\"attachment-post-thumbnail size-post-thumbnail wp-post-image\" alt=\"\" srcset=\"https:\/\/puntodincontro.mx\/wp-content\/uploads\/2022\/05\/gruppodino.jpg 200w, https:\/\/puntodincontro.mx\/wp-content\/uploads\/2022\/05\/gruppodino-18x5.jpg 18w\" sizes=\"(max-width: 200px) 100vw, 200px\" \/><\/a><\/div><\/div><\/div><div class=\"wpadcenter-ad-container\" ><div id=\"wpadcenter-ad-3781\" class=\"ad-placement\"><div class=\"wpadcenter-ad-inner\" ><a id=\"wpadcenter_ad\" data-value=\"3781\" data-placement=\"\" href=\"https:\/\/cannizzo.com.mx\/\" target=\"_blank\" class=\"wpadcenter-ad-inner__item\" ><img decoding=\"async\"   src=\"https:\/\/puntodincontro.mx\/wp-content\/uploads\/2022\/03\/cannizzo2.jpg\" class=\"attachment-post-thumbnail size-post-thumbnail wp-post-image\" alt=\"\" srcset=\"https:\/\/puntodincontro.mx\/wp-content\/uploads\/2022\/03\/cannizzo2.jpg 200w, https:\/\/puntodincontro.mx\/wp-content\/uploads\/2022\/03\/cannizzo2-18x5.jpg 18w\" sizes=\"(max-width: 200px) 100vw, 200px\" \/><\/a><\/div><\/div><\/div><\/div><div class=\"wpadcenter-adgroup__row wpadcenter-aligncenter\"><div class=\"wpadcenter-ad-container\" ><div id=\"wpadcenter-ad-1704\" class=\"ad-placement\"><div class=\"wpadcenter-ad-inner\" ><a id=\"wpadcenter_ad\" data-value=\"1704\" data-placement=\"\" href=\"https:\/\/puntodincontro.mx\/es\/2021\/12\/24\/inps-verificacion-de-supervivencia-de-los-pensionados-en-el-extranjero\/\" target=\"_blank\" class=\"wpadcenter-ad-inner__item\" ><img decoding=\"async\"   src=\"https:\/\/puntodincontro.mx\/wp-content\/uploads\/2021\/11\/logo-ital.jpg\" class=\"attachment-post-thumbnail size-post-thumbnail wp-post-image\" alt=\"Patronato ITAL Messico\" srcset=\"https:\/\/puntodincontro.mx\/wp-content\/uploads\/2021\/11\/logo-ital.jpg 200w, https:\/\/puntodincontro.mx\/wp-content\/uploads\/2021\/11\/logo-ital-16x5.jpg 16w\" sizes=\"(max-width: 200px) 100vw, 200px\" \/><\/a><\/div><\/div><\/div><div class=\"wpadcenter-ad-container\" ><div id=\"wpadcenter-ad-1538\" class=\"ad-placement\"><div class=\"wpadcenter-ad-inner\" ><a id=\"wpadcenter_ad\" data-value=\"1538\" data-placement=\"\" href=\"https:\/\/asociacionitaliana.org\/\" target=\"_blank\" class=\"wpadcenter-ad-inner__item\" ><img decoding=\"async\"   src=\"https:\/\/puntodincontro.mx\/wp-content\/uploads\/2021\/11\/aialogo.jpg\" class=\"attachment-post-thumbnail size-post-thumbnail wp-post-image\" alt=\"Associazione Italiana di Assistenza IAP\" srcset=\"https:\/\/puntodincontro.mx\/wp-content\/uploads\/2021\/11\/aialogo.jpg 200w, https:\/\/puntodincontro.mx\/wp-content\/uploads\/2021\/11\/aialogo-18x5.jpg 18w\" sizes=\"(max-width: 200px) 100vw, 200px\" \/><\/a><\/div><\/div><\/div><div class=\"wpadcenter-ad-container\" ><div id=\"wpadcenter-ad-1513\" class=\"ad-placement\"><div class=\"wpadcenter-ad-inner\" ><a id=\"wpadcenter_ad\" data-value=\"1513\" data-placement=\"\" href=\"https:\/\/gcinmuebles.mx\" target=\"_blank\" class=\"wpadcenter-ad-inner__item\" ><img decoding=\"async\"   src=\"https:\/\/puntodincontro.mx\/wp-content\/uploads\/2021\/10\/gcinmuebleslogopunto-1.jpg\" class=\"attachment-post-thumbnail size-post-thumbnail wp-post-image\" alt=\"\" srcset=\"https:\/\/puntodincontro.mx\/wp-content\/uploads\/2021\/10\/gcinmuebleslogopunto-1.jpg 200w, https:\/\/puntodincontro.mx\/wp-content\/uploads\/2021\/10\/gcinmuebleslogopunto-1-18x5.jpg 18w\" sizes=\"(max-width: 200px) 100vw, 200px\" \/><\/a><\/div><\/div><\/div><\/div><div class=\"wpadcenter-adgroup__row wpadcenter-aligncenter\"><div class=\"wpadcenter-ad-container\" ><div id=\"wpadcenter-ad-1374\" class=\"ad-placement\"><div class=\"wpadcenter-ad-inner\" ><a id=\"wpadcenter_ad\" data-value=\"1374\" data-placement=\"\" href=\"https:\/\/www.9colonne.it\/\" target=\"_blank\" class=\"wpadcenter-ad-inner__item\" ><img decoding=\"async\"   src=\"https:\/\/puntodincontro.mx\/wp-content\/uploads\/2021\/10\/Banner9colonne.gif\" class=\"attachment-post-thumbnail size-post-thumbnail wp-post-image\" alt=\"\" \/><\/a><\/div><\/div><\/div><div class=\"wpadcenter-ad-container\" ><div id=\"wpadcenter-ad-276\" class=\"ad-placement\"><div class=\"wpadcenter-ad-inner\" ><a id=\"wpadcenter_ad\" data-value=\"276\" data-placement=\"\" href=\"http:\/\/www.camaraitaliana.mx\/\" target=\"_blank\" class=\"wpadcenter-ad-inner__item\" ><img decoding=\"async\"   src=\"https:\/\/puntodincontro.mx\/wp-content\/uploads\/2021\/08\/ccimnuovo.jpg\" class=\"attachment-post-thumbnail size-post-thumbnail wp-post-image\" alt=\"\" srcset=\"https:\/\/puntodincontro.mx\/wp-content\/uploads\/2021\/08\/ccimnuovo.jpg 200w, https:\/\/puntodincontro.mx\/wp-content\/uploads\/2021\/08\/ccimnuovo-18x5.jpg 18w\" sizes=\"(max-width: 200px) 100vw, 200px\" \/><\/a><\/div><\/div><\/div><div class=\"wpadcenter-ad-container\" ><div id=\"wpadcenter-ad-272\" class=\"ad-placement\"><div class=\"wpadcenter-ad-inner\" ><a id=\"wpadcenter_ad\" data-value=\"272\" data-placement=\"\" href=\"http:\/\/corix.us\/\" target=\"_blank\" class=\"wpadcenter-ad-inner__item\" ><img decoding=\"async\"   src=\"https:\/\/puntodincontro.mx\/wp-content\/uploads\/2021\/08\/corixbanner-1.jpg\" class=\"attachment-post-thumbnail size-post-thumbnail wp-post-image\" alt=\"\" srcset=\"https:\/\/puntodincontro.mx\/wp-content\/uploads\/2021\/08\/corixbanner-1.jpg 200w, https:\/\/puntodincontro.mx\/wp-content\/uploads\/2021\/08\/corixbanner-1-16x5.jpg 16w\" sizes=\"(max-width: 200px) 100vw, 200px\" \/><\/a><\/div><\/div><\/div><\/div><div class=\"wpadcenter-adgroup__row wpadcenter-aligncenter\"><div class=\"wpadcenter-ad-container\" ><div id=\"wpadcenter-ad-266\" class=\"ad-placement\"><div class=\"wpadcenter-ad-inner\" ><a id=\"wpadcenter_ad\" data-value=\"266\" data-placement=\"\" href=\"https:\/\/www.prinsel.com.mx\/\" target=\"_blank\" class=\"wpadcenter-ad-inner__item\" ><img decoding=\"async\"   src=\"https:\/\/puntodincontro.mx\/wp-content\/uploads\/2021\/08\/prinselbanner-1.jpg\" class=\"attachment-post-thumbnail size-post-thumbnail wp-post-image\" alt=\"\" srcset=\"https:\/\/puntodincontro.mx\/wp-content\/uploads\/2021\/08\/prinselbanner-1.jpg 200w, https:\/\/puntodincontro.mx\/wp-content\/uploads\/2021\/08\/prinselbanner-1-16x5.jpg 16w\" sizes=\"(max-width: 200px) 100vw, 200px\" \/><\/a><\/div><\/div><\/div><div class=\"wpadcenter-ad-container\" ><div id=\"wpadcenter-ad-261\" class=\"ad-placement\"><div class=\"wpadcenter-ad-inner\" ><a id=\"wpadcenter_ad\" data-value=\"261\" data-placement=\"\" href=\"https:\/\/ambcittadelmessico.esteri.it\/ambasciata_cittadelmessico\/it\/\" target=\"_blank\" class=\"wpadcenter-ad-inner__item\" ><img decoding=\"async\"   src=\"https:\/\/puntodincontro.mx\/wp-content\/uploads\/2021\/08\/ambasciatabanner-1.jpg\" class=\"attachment-post-thumbnail size-post-thumbnail wp-post-image\" alt=\"\" srcset=\"https:\/\/puntodincontro.mx\/wp-content\/uploads\/2021\/08\/ambasciatabanner-1.jpg 200w, https:\/\/puntodincontro.mx\/wp-content\/uploads\/2021\/08\/ambasciatabanner-1-16x5.jpg 16w\" sizes=\"(max-width: 200px) 100vw, 200px\" \/><\/a><\/div><\/div><\/div><\/div><\/div>","protected":false},"excerpt":{"rendered":"<p>Ore 06.48 &#8211; In occasione della Giornata della Ricerca Italiana nel Mondo e nell&#8217;ambito del dialogo tra intellettuali promosso dall&#8217;Ambasciata d&#8217;Italia in Messico, il 19 aprile Federico Faggin \u2014inventore del microprocessore, imprenditore e scrittore\u2014 proporr\u00e0 nella capitale di questo Paese latinoamericano la conferenza Il valore dell&#8217;intelligenza umana in un mondo dominato dalla tecnologia. \u00abAttualmente\u00bb \u2014si legge in un comunicato diffuso dall&#8217;Ambasciata\u2014 \u00abstiamo vivendo un momento di rapido sviluppo tecnologico, dove l&#8217;intelligenza artificiale (AI) sta guadagnando terreno in diversi campi dell&#8217;attivit\u00e0 umana. A questo proposito, sorge la domanda: l&#8217;Intelligenza Artificiale potr\u00e0 superare l&#8217;intelligenza umana? \u00ab\u00c8 importante\u00bb \u2014prosegue il testo\u2014 \u00absottolineare che&#8230; <\/p>","protected":false},"author":2,"featured_media":12106,"comment_status":"open","ping_status":"open","sticky":false,"template":"","format":"standard","meta":{"_monsterinsights_skip_tracking":false,"_monsterinsights_sitenote_active":false,"_monsterinsights_sitenote_note":"","_monsterinsights_sitenote_category":0,"footnotes":""},"categories":[14],"tags":[],"class_list":["post-12099","post","type-post","status-publish","format-standard","has-post-thumbnail","hentry","category-scienza-e-tecnologia"],"yoast_head":"<!-- This site is optimized with the Yoast SEO Premium plugin v18.4 (Yoast SEO v25.6) - https:\/\/yoast.com\/wordpress\/plugins\/seo\/ -->\n<title>In Messico Federico Faggin, inventore del microprocessore<\/title>\n<meta name=\"description\" content=\"Il 19 aprile il fisico italiano proporr\u00e0 nella capitale del Paese una conferenza sul valore dell&#039;intelligenza umana.\" \/>\n<meta name=\"robots\" content=\"index, follow, max-snippet:-1, max-image-preview:large, max-video-preview:-1\" \/>\n<link rel=\"canonical\" href=\"https:\/\/puntodincontro.mx\/es\/2023\/04\/09\/en-mexico-el-italiano-federico-faggin-inventor-del-microprocesador\/\" \/>\n<meta property=\"og:locale\" content=\"es_MX\" \/>\n<meta property=\"og:type\" content=\"article\" \/>\n<meta property=\"og:title\" content=\"In Messico l&#039;italiano Federico Faggin, inventore del microprocessore\" \/>\n<meta property=\"og:description\" content=\"Il 19 aprile il fisico italiano proporr\u00e0 nella capitale del Paese una conferenza sul valore dell&#039;intelligenza umana.\" \/>\n<meta property=\"og:url\" content=\"https:\/\/puntodincontro.mx\/es\/2023\/04\/09\/en-mexico-el-italiano-federico-faggin-inventor-del-microprocesador\/\" \/>\n<meta property=\"og:site_name\" content=\"Puntodincontro\" \/>\n<meta property=\"article:publisher\" content=\"https:\/\/www.facebook.com\/puntodincontro.mx\" \/>\n<meta property=\"article:published_time\" content=\"2023-04-09T13:29:22+00:00\" \/>\n<meta property=\"article:modified_time\" content=\"2023-04-09T13:29:23+00:00\" \/>\n<meta property=\"og:image\" content=\"https:\/\/puntodincontro.mx\/wp-content\/uploads\/2023\/04\/federicofaggincomp.jpg\" \/>\n\t<meta property=\"og:image:width\" content=\"932\" \/>\n\t<meta property=\"og:image:height\" content=\"488\" \/>\n\t<meta property=\"og:image:type\" content=\"image\/jpeg\" \/>\n<meta name=\"author\" content=\"Puntodincontro\" \/>\n<meta name=\"twitter:card\" content=\"summary_large_image\" \/>\n<meta name=\"twitter:creator\" content=\"@puntodincontro\" \/>\n<meta name=\"twitter:site\" content=\"@puntodincontro\" \/>\n<meta name=\"twitter:label1\" content=\"Escrito por\" \/>\n\t<meta name=\"twitter:data1\" content=\"Puntodincontro\" \/>\n\t<meta name=\"twitter:label2\" content=\"Tiempo de lectura\" \/>\n\t<meta name=\"twitter:data2\" content=\"2 minutos\" \/>\n<script type=\"application\/ld+json\" class=\"yoast-schema-graph\">{\"@context\":\"https:\/\/schema.org\",\"@graph\":[{\"@type\":\"NewsArticle\",\"@id\":\"https:\/\/puntodincontro.mx\/2023\/04\/09\/in-messico-litaliano-federico-faggin-inventore-del-microprocessore\/#article\",\"isPartOf\":{\"@id\":\"https:\/\/puntodincontro.mx\/2023\/04\/09\/in-messico-litaliano-federico-faggin-inventore-del-microprocessore\/\"},\"author\":{\"name\":\"Puntodincontro\",\"@id\":\"https:\/\/puntodincontro.mx\/#\/schema\/person\/d3066d18a16259cbb0c29b0d0e93b556\"},\"headline\":\"In Messico l&#8217;italiano Federico Faggin, inventore del microprocessore\",\"datePublished\":\"2023-04-09T13:29:22+00:00\",\"dateModified\":\"2023-04-09T13:29:23+00:00\",\"mainEntityOfPage\":{\"@id\":\"https:\/\/puntodincontro.mx\/2023\/04\/09\/in-messico-litaliano-federico-faggin-inventore-del-microprocessore\/\"},\"wordCount\":445,\"commentCount\":2,\"publisher\":{\"@id\":\"https:\/\/puntodincontro.mx\/#organization\"},\"image\":{\"@id\":\"https:\/\/puntodincontro.mx\/2023\/04\/09\/in-messico-litaliano-federico-faggin-inventore-del-microprocessore\/#primaryimage\"},\"thumbnailUrl\":\"https:\/\/puntodincontro.mx\/wp-content\/uploads\/2023\/04\/federicofagginvert.webp\",\"articleSection\":[\"Scienza e tecnologia\"],\"inLanguage\":\"es\",\"potentialAction\":[{\"@type\":\"CommentAction\",\"name\":\"Comment\",\"target\":[\"https:\/\/puntodincontro.mx\/2023\/04\/09\/in-messico-litaliano-federico-faggin-inventore-del-microprocessore\/#respond\"]}]},{\"@type\":\"WebPage\",\"@id\":\"https:\/\/puntodincontro.mx\/2023\/04\/09\/in-messico-litaliano-federico-faggin-inventore-del-microprocessore\/\",\"url\":\"https:\/\/puntodincontro.mx\/2023\/04\/09\/in-messico-litaliano-federico-faggin-inventore-del-microprocessore\/\",\"name\":\"In Messico Federico Faggin, inventore del microprocessore\",\"isPartOf\":{\"@id\":\"https:\/\/puntodincontro.mx\/#website\"},\"primaryImageOfPage\":{\"@id\":\"https:\/\/puntodincontro.mx\/2023\/04\/09\/in-messico-litaliano-federico-faggin-inventore-del-microprocessore\/#primaryimage\"},\"image\":{\"@id\":\"https:\/\/puntodincontro.mx\/2023\/04\/09\/in-messico-litaliano-federico-faggin-inventore-del-microprocessore\/#primaryimage\"},\"thumbnailUrl\":\"https:\/\/puntodincontro.mx\/wp-content\/uploads\/2023\/04\/federicofagginvert.webp\",\"datePublished\":\"2023-04-09T13:29:22+00:00\",\"dateModified\":\"2023-04-09T13:29:23+00:00\",\"description\":\"Il 19 aprile il fisico italiano proporr\u00e0 nella capitale del Paese una conferenza sul valore dell'intelligenza umana.\",\"breadcrumb\":{\"@id\":\"https:\/\/puntodincontro.mx\/2023\/04\/09\/in-messico-litaliano-federico-faggin-inventore-del-microprocessore\/#breadcrumb\"},\"inLanguage\":\"es\",\"potentialAction\":[{\"@type\":\"ReadAction\",\"target\":[\"https:\/\/puntodincontro.mx\/2023\/04\/09\/in-messico-litaliano-federico-faggin-inventore-del-microprocessore\/\"]}]},{\"@type\":\"ImageObject\",\"inLanguage\":\"es\",\"@id\":\"https:\/\/puntodincontro.mx\/2023\/04\/09\/in-messico-litaliano-federico-faggin-inventore-del-microprocessore\/#primaryimage\",\"url\":\"https:\/\/puntodincontro.mx\/wp-content\/uploads\/2023\/04\/federicofagginvert.webp\",\"contentUrl\":\"https:\/\/puntodincontro.mx\/wp-content\/uploads\/2023\/04\/federicofagginvert.webp\",\"width\":423,\"height\":488,\"caption\":\"In Messico l'italiano Federico Faggin, inventore del microprocessore \/ Foto: huffingtonpost.it\"},{\"@type\":\"BreadcrumbList\",\"@id\":\"https:\/\/puntodincontro.mx\/2023\/04\/09\/in-messico-litaliano-federico-faggin-inventore-del-microprocessore\/#breadcrumb\",\"itemListElement\":[{\"@type\":\"ListItem\",\"position\":1,\"name\":\"Home\",\"item\":\"https:\/\/puntodincontro.mx\/\"},{\"@type\":\"ListItem\",\"position\":2,\"name\":\"In Messico l&#8217;italiano Federico Faggin, inventore del microprocessore\"}]},{\"@type\":\"WebSite\",\"@id\":\"https:\/\/puntodincontro.mx\/#website\",\"url\":\"https:\/\/puntodincontro.mx\/\",\"name\":\"Puntodincontro\",\"description\":\"Dal 2006 notizie sui rapporti Italia-Messico \/ Desde 2006 noticias sobre las relaciones entre Italia y M\u00e9xico\",\"publisher\":{\"@id\":\"https:\/\/puntodincontro.mx\/#organization\"},\"potentialAction\":[{\"@type\":\"SearchAction\",\"target\":{\"@type\":\"EntryPoint\",\"urlTemplate\":\"https:\/\/puntodincontro.mx\/?s={search_term_string}\"},\"query-input\":{\"@type\":\"PropertyValueSpecification\",\"valueRequired\":true,\"valueName\":\"search_term_string\"}}],\"inLanguage\":\"es\"},{\"@type\":\"Organization\",\"@id\":\"https:\/\/puntodincontro.mx\/#organization\",\"name\":\"Puntodincontro\",\"url\":\"https:\/\/puntodincontro.mx\/\",\"logo\":{\"@type\":\"ImageObject\",\"inLanguage\":\"es\",\"@id\":\"https:\/\/puntodincontro.mx\/#\/schema\/logo\/image\/\",\"url\":\"https:\/\/puntodincontro.mx\/wp-content\/uploads\/2021\/08\/Default-image-for-open-graph-settings.jpg\",\"contentUrl\":\"https:\/\/puntodincontro.mx\/wp-content\/uploads\/2021\/08\/Default-image-for-open-graph-settings.jpg\",\"width\":1200,\"height\":630,\"caption\":\"Puntodincontro\"},\"image\":{\"@id\":\"https:\/\/puntodincontro.mx\/#\/schema\/logo\/image\/\"},\"sameAs\":[\"https:\/\/www.facebook.com\/puntodincontro.mx\",\"https:\/\/x.com\/puntodincontro\",\"https:\/\/www.instagram.com\/puntodincontro.mx\/\",\"https:\/\/www.linkedin.com\/company\/puntodincontro\/\",\"https:\/\/www.youtube.com\/c\/puntodincontromessico\",\"https:\/\/www.patreon.com\/puntodincontro\",\"https:\/\/www.threads.net\/@puntodincontro.mx\"]},{\"@type\":\"Person\",\"@id\":\"https:\/\/puntodincontro.mx\/#\/schema\/person\/d3066d18a16259cbb0c29b0d0e93b556\",\"name\":\"Puntodincontro\",\"image\":{\"@type\":\"ImageObject\",\"inLanguage\":\"es\",\"@id\":\"https:\/\/puntodincontro.mx\/#\/schema\/person\/image\/\",\"url\":\"https:\/\/secure.gravatar.com\/avatar\/0e85b4b3b5e9d6bfcec6a4956d8cc63a?s=96&d=mm&r=g\",\"contentUrl\":\"https:\/\/secure.gravatar.com\/avatar\/0e85b4b3b5e9d6bfcec6a4956d8cc63a?s=96&d=mm&r=g\",\"caption\":\"Puntodincontro\"},\"url\":\"https:\/\/puntodincontro.mx\/es\/author\/puntodincontro\/\"}]}<\/script>\n<!-- \/ Yoast SEO Premium plugin. -->","yoast_head_json":{"title":"En M\u00e9xico Federico Faggin, inventor del microprocesador","description":"Il 19 aprile il fisico italiano proporr\u00e0 nella capitale del Paese una conferenza sul valore dell'intelligenza umana.","robots":{"index":"index","follow":"follow","max-snippet":"max-snippet:-1","max-image-preview":"max-image-preview:large","max-video-preview":"max-video-preview:-1"},"canonical":"https:\/\/puntodincontro.mx\/es\/2023\/04\/09\/en-mexico-el-italiano-federico-faggin-inventor-del-microprocesador\/","og_locale":"es_MX","og_type":"article","og_title":"In Messico l'italiano Federico Faggin, inventore del microprocessore","og_description":"Il 19 aprile il fisico italiano proporr\u00e0 nella capitale del Paese una conferenza sul valore dell'intelligenza umana.","og_url":"https:\/\/puntodincontro.mx\/es\/2023\/04\/09\/en-mexico-el-italiano-federico-faggin-inventor-del-microprocesador\/","og_site_name":"Puntodincontro","article_publisher":"https:\/\/www.facebook.com\/puntodincontro.mx","article_published_time":"2023-04-09T13:29:22+00:00","article_modified_time":"2023-04-09T13:29:23+00:00","og_image":[{"width":932,"height":488,"url":"https:\/\/puntodincontro.mx\/wp-content\/uploads\/2023\/04\/federicofaggincomp.jpg","type":"image\/jpeg"}],"author":"Puntodincontro","twitter_card":"summary_large_image","twitter_creator":"@puntodincontro","twitter_site":"@puntodincontro","twitter_misc":{"Escrito por":"Puntodincontro","Tiempo de lectura":"2 minutos"},"schema":{"@context":"https:\/\/schema.org","@graph":[{"@type":"NewsArticle","@id":"https:\/\/puntodincontro.mx\/2023\/04\/09\/in-messico-litaliano-federico-faggin-inventore-del-microprocessore\/#article","isPartOf":{"@id":"https:\/\/puntodincontro.mx\/2023\/04\/09\/in-messico-litaliano-federico-faggin-inventore-del-microprocessore\/"},"author":{"name":"Puntodincontro","@id":"https:\/\/puntodincontro.mx\/#\/schema\/person\/d3066d18a16259cbb0c29b0d0e93b556"},"headline":"In Messico l&#8217;italiano Federico Faggin, inventore del microprocessore","datePublished":"2023-04-09T13:29:22+00:00","dateModified":"2023-04-09T13:29:23+00:00","mainEntityOfPage":{"@id":"https:\/\/puntodincontro.mx\/2023\/04\/09\/in-messico-litaliano-federico-faggin-inventore-del-microprocessore\/"},"wordCount":445,"commentCount":2,"publisher":{"@id":"https:\/\/puntodincontro.mx\/#organization"},"image":{"@id":"https:\/\/puntodincontro.mx\/2023\/04\/09\/in-messico-litaliano-federico-faggin-inventore-del-microprocessore\/#primaryimage"},"thumbnailUrl":"https:\/\/puntodincontro.mx\/wp-content\/uploads\/2023\/04\/federicofagginvert.webp","articleSection":["Scienza e tecnologia"],"inLanguage":"es","potentialAction":[{"@type":"CommentAction","name":"Comment","target":["https:\/\/puntodincontro.mx\/2023\/04\/09\/in-messico-litaliano-federico-faggin-inventore-del-microprocessore\/#respond"]}]},{"@type":"WebPage","@id":"https:\/\/puntodincontro.mx\/2023\/04\/09\/in-messico-litaliano-federico-faggin-inventore-del-microprocessore\/","url":"https:\/\/puntodincontro.mx\/2023\/04\/09\/in-messico-litaliano-federico-faggin-inventore-del-microprocessore\/","name":"En M\u00e9xico Federico Faggin, inventor del microprocesador","isPartOf":{"@id":"https:\/\/puntodincontro.mx\/#website"},"primaryImageOfPage":{"@id":"https:\/\/puntodincontro.mx\/2023\/04\/09\/in-messico-litaliano-federico-faggin-inventore-del-microprocessore\/#primaryimage"},"image":{"@id":"https:\/\/puntodincontro.mx\/2023\/04\/09\/in-messico-litaliano-federico-faggin-inventore-del-microprocessore\/#primaryimage"},"thumbnailUrl":"https:\/\/puntodincontro.mx\/wp-content\/uploads\/2023\/04\/federicofagginvert.webp","datePublished":"2023-04-09T13:29:22+00:00","dateModified":"2023-04-09T13:29:23+00:00","description":"Il 19 aprile il fisico italiano proporr\u00e0 nella capitale del Paese una conferenza sul valore dell'intelligenza umana.","breadcrumb":{"@id":"https:\/\/puntodincontro.mx\/2023\/04\/09\/in-messico-litaliano-federico-faggin-inventore-del-microprocessore\/#breadcrumb"},"inLanguage":"es","potentialAction":[{"@type":"ReadAction","target":["https:\/\/puntodincontro.mx\/2023\/04\/09\/in-messico-litaliano-federico-faggin-inventore-del-microprocessore\/"]}]},{"@type":"ImageObject","inLanguage":"es","@id":"https:\/\/puntodincontro.mx\/2023\/04\/09\/in-messico-litaliano-federico-faggin-inventore-del-microprocessore\/#primaryimage","url":"https:\/\/puntodincontro.mx\/wp-content\/uploads\/2023\/04\/federicofagginvert.webp","contentUrl":"https:\/\/puntodincontro.mx\/wp-content\/uploads\/2023\/04\/federicofagginvert.webp","width":423,"height":488,"caption":"In Messico l'italiano Federico Faggin, inventore del microprocessore \/ Foto: huffingtonpost.it"},{"@type":"BreadcrumbList","@id":"https:\/\/puntodincontro.mx\/2023\/04\/09\/in-messico-litaliano-federico-faggin-inventore-del-microprocessore\/#breadcrumb","itemListElement":[{"@type":"ListItem","position":1,"name":"Home","item":"https:\/\/puntodincontro.mx\/"},{"@type":"ListItem","position":2,"name":"In Messico l&#8217;italiano Federico Faggin, inventore del microprocessore"}]},{"@type":"WebSite","@id":"https:\/\/puntodincontro.mx\/#website","url":"https:\/\/puntodincontro.mx\/","name":"Puntodincontro","description":"Desde el 2006 noticias sobre las relaciones entre Italia y M\u00e9xico \/ Dal 2006 notizie sui rapporti Italia-Messico","publisher":{"@id":"https:\/\/puntodincontro.mx\/#organization"},"potentialAction":[{"@type":"SearchAction","target":{"@type":"EntryPoint","urlTemplate":"https:\/\/puntodincontro.mx\/?s={search_term_string}"},"query-input":{"@type":"PropertyValueSpecification","valueRequired":true,"valueName":"search_term_string"}}],"inLanguage":"es"},{"@type":"Organization","@id":"https:\/\/puntodincontro.mx\/#organization","name":"Puntodincontro","url":"https:\/\/puntodincontro.mx\/","logo":{"@type":"ImageObject","inLanguage":"es","@id":"https:\/\/puntodincontro.mx\/#\/schema\/logo\/image\/","url":"https:\/\/puntodincontro.mx\/wp-content\/uploads\/2021\/08\/Default-image-for-open-graph-settings.jpg","contentUrl":"https:\/\/puntodincontro.mx\/wp-content\/uploads\/2021\/08\/Default-image-for-open-graph-settings.jpg","width":1200,"height":630,"caption":"Puntodincontro"},"image":{"@id":"https:\/\/puntodincontro.mx\/#\/schema\/logo\/image\/"},"sameAs":["https:\/\/www.facebook.com\/puntodincontro.mx","https:\/\/x.com\/puntodincontro","https:\/\/www.instagram.com\/puntodincontro.mx\/","https:\/\/www.linkedin.com\/company\/puntodincontro\/","https:\/\/www.youtube.com\/c\/puntodincontromessico","https:\/\/www.patreon.com\/puntodincontro","https:\/\/www.threads.net\/@puntodincontro.mx"]},{"@type":"Person","@id":"https:\/\/puntodincontro.mx\/#\/schema\/person\/d3066d18a16259cbb0c29b0d0e93b556","name":"Puntodincontro","image":{"@type":"ImageObject","inLanguage":"es","@id":"https:\/\/puntodincontro.mx\/#\/schema\/person\/image\/","url":"https:\/\/secure.gravatar.com\/avatar\/0e85b4b3b5e9d6bfcec6a4956d8cc63a?s=96&d=mm&r=g","contentUrl":"https:\/\/secure.gravatar.com\/avatar\/0e85b4b3b5e9d6bfcec6a4956d8cc63a?s=96&d=mm&r=g","caption":"Puntodincontro"},"url":"https:\/\/puntodincontro.mx\/es\/author\/puntodincontro\/"}]}},"_links":{"self":[{"href":"https:\/\/puntodincontro.mx\/es\/wp-json\/wp\/v2\/posts\/12099"}],"collection":[{"href":"https:\/\/puntodincontro.mx\/es\/wp-json\/wp\/v2\/posts"}],"about":[{"href":"https:\/\/puntodincontro.mx\/es\/wp-json\/wp\/v2\/types\/post"}],"author":[{"embeddable":true,"href":"https:\/\/puntodincontro.mx\/es\/wp-json\/wp\/v2\/users\/2"}],"replies":[{"embeddable":true,"href":"https:\/\/puntodincontro.mx\/es\/wp-json\/wp\/v2\/comments?post=12099"}],"version-history":[{"count":7,"href":"https:\/\/puntodincontro.mx\/es\/wp-json\/wp\/v2\/posts\/12099\/revisions"}],"predecessor-version":[{"id":12109,"href":"https:\/\/puntodincontro.mx\/es\/wp-json\/wp\/v2\/posts\/12099\/revisions\/12109"}],"wp:featuredmedia":[{"embeddable":true,"href":"https:\/\/puntodincontro.mx\/es\/wp-json\/wp\/v2\/media\/12106"}],"wp:attachment":[{"href":"https:\/\/puntodincontro.mx\/es\/wp-json\/wp\/v2\/media?parent=12099"}],"wp:term":[{"taxonomy":"category","embeddable":true,"href":"https:\/\/puntodincontro.mx\/es\/wp-json\/wp\/v2\/categories?post=12099"},{"taxonomy":"post_tag","embeddable":true,"href":"https:\/\/puntodincontro.mx\/es\/wp-json\/wp\/v2\/tags?post=12099"}],"curies":[{"name":"wp","href":"https:\/\/api.w.org\/{rel}","templated":true}]}}