{"id":12110,"date":"2023-04-09T14:39:54","date_gmt":"2023-04-09T19:39:54","guid":{"rendered":"https:\/\/puntodincontro.mx\/?p=12110"},"modified":"2023-04-09T14:39:55","modified_gmt":"2023-04-09T19:39:55","slug":"moderna-a-mas-tardar-en-2030-habra-vacunas-contra-el-cancer","status":"publish","type":"post","link":"https:\/\/puntodincontro.mx\/es\/2023\/04\/09\/entro-il-2030-i-primi-vaccini-contro-il-cancro-annuncia-moderna\/","title":{"rendered":"Moderna: \u00abA m\u00e1s tardar en 2030 habr\u00e1 vacunas contra el c\u00e1ncer\u00bb"},"content":{"rendered":"<p class=\"translation-block\"><strong>13:35 hrs.<\/strong> - Las primeras vacunas del mundo contra el c\u00e1ncer, enfermedades cardiovasculares y autoinmunes podr\u00edan llegar antes de 2030.<\/p>\n\n\n\n<p>El anuncio de una pr\u00f3xima revoluci\u00f3n en la medicina que permitir\u00e1 salvar millones de vidas gracias a vacunas personalizadas lleg\u00f3 de la empresa estadounidense Moderna, seg\u00fan informa el diario brit\u00e1nico The Guardian.<\/p>\n\n\n\n<p>La experiencia adquirida con las vacunas anti-Covid, apunta Moderna, ha permitido que los estudios sobre vacunas contra el c\u00e1ncer aceleren la investigaci\u00f3n, tanto que en tan solo 12-18 meses se ha logrado el equivalente a 15 a\u00f1os de avances.<\/p>\n\n\n\n<p>Seg\u00fan el Dr. Paul Burton, director m\u00e9dico de Moderna, la empresa podr\u00e1 ofrecer estas vacunas en tan solo cinco a\u00f1os. \u00abLas vacunas que llegar\u00e1n\u00bb \u2014explica Burton\u2014 \u00abser\u00e1n muy efectivas y salvar\u00e1n cientos de miles, si no millones, de vidas. Creo que podremos ofrecer vacunas contra el c\u00e1ncer personalizadas contra muchos tipos diferentes de c\u00e1ncer a la poblaci\u00f3n mundial\u00bb.<\/p>\n\n\n\n<p>Las vacunas contra el c\u00e1ncer funcionar\u00e1n as\u00ed: como primer paso, una biopsia de las c\u00e9lulas cancerosas identificar\u00e1 las mutaciones que no est\u00e1n presentes en las c\u00e9lulas sanas. Posteriormente, un algoritmo identificar\u00e1 qu\u00e9 mutaciones est\u00e1n provocando el crecimiento del tumor y son capaces de activar el sistema inmunitario. A continuaci\u00f3n, se crear\u00e1 una mol\u00e9cula de ARN mensajero (ARNm) con instrucciones para producir los ant\u00edgenos que provocar\u00e1n una respuesta inmunitaria. El ARNm, una vez inyectado, dar\u00e1 como resultado partes de prote\u00ednas id\u00e9nticas a las que se encuentran en las c\u00e9lulas cancerosas. Las c\u00e9lulas inmunitarias encontrar\u00e1n y destruir\u00e1n las c\u00e9lulas tumorales que portan las mismas prote\u00ednas (ANSA).<\/p>\n\n\n\n<p class=\"has-small-font-size translation-block\">Foto de <a href=\"https:\/\/unsplash.com\/@mufidpwt?utm_source=unsplash&amp;utm_medium=referral&amp;utm_content=creditCopyText\">Mufid Majnun<\/a> en <a href=\"https:\/\/unsplash.com\/photos\/cM1aU42FnRg?utm_source=unsplash&amp;utm_medium=referral&amp;utm_content=creditCopyText\">Unsplash<\/a><\/p>\n\n\n\n<div style=\"height:12px\" aria-hidden=\"true\" class=\"wp-block-spacer\"><\/div>\n\n\n<!-- Ad space powered by WP AdCenter v2.5.7 - https:\/\/wpadcenter.com\/ --><div class=\"wpadcenter-adgroup\" ><div class=\"wpadcenter-adgroup__row wpadcenter-aligncenter\"><div class=\"wpadcenter-ad-container\" ><div id=\"wpadcenter-ad-18464\" class=\"ad-placement\"><div class=\"wpadcenter-ad-inner\" ><a id=\"wpadcenter_ad\" data-value=\"18464\" data-placement=\"\" href=\"https:\/\/www.productosremo.com\/\" target=\"_blank\" class=\"wpadcenter-ad-inner__item\" ><img decoding=\"async\"   src=\"https:\/\/puntodincontro.mx\/wp-content\/uploads\/2021\/08\/remobanner.jpg\" class=\"attachment-post-thumbnail size-post-thumbnail wp-post-image\" alt=\"\" srcset=\"https:\/\/puntodincontro.mx\/wp-content\/uploads\/2021\/08\/remobanner.jpg 200w, https:\/\/puntodincontro.mx\/wp-content\/uploads\/2021\/08\/remobanner-16x5.jpg 16w\" sizes=\"(max-width: 200px) 100vw, 200px\" \/><\/a><\/div><\/div><\/div><div class=\"wpadcenter-ad-container\" ><div id=\"wpadcenter-ad-5305\" class=\"ad-placement\"><div class=\"wpadcenter-ad-inner\" ><a id=\"wpadcenter_ad\" data-value=\"5305\" data-placement=\"\" href=\"https:\/\/ambcittadelmessico.esteri.it\/ambasciata_cittadelmessico\/it\/\" target=\"_blank\" class=\"wpadcenter-ad-inner__item\" ><img decoding=\"async\"   src=\"https:\/\/puntodincontro.mx\/wp-content\/uploads\/2022\/05\/Ambasciata.jpg\" class=\"attachment-post-thumbnail size-post-thumbnail wp-post-image\" alt=\"\" srcset=\"https:\/\/puntodincontro.mx\/wp-content\/uploads\/2022\/05\/Ambasciata.jpg 200w, https:\/\/puntodincontro.mx\/wp-content\/uploads\/2022\/05\/Ambasciata-18x5.jpg 18w\" sizes=\"(max-width: 200px) 100vw, 200px\" \/><\/a><\/div><\/div><\/div><div class=\"wpadcenter-ad-container\" ><div id=\"wpadcenter-ad-3781\" class=\"ad-placement\"><div class=\"wpadcenter-ad-inner\" ><a id=\"wpadcenter_ad\" data-value=\"3781\" data-placement=\"\" href=\"https:\/\/cannizzo.com.mx\/\" target=\"_blank\" class=\"wpadcenter-ad-inner__item\" ><img decoding=\"async\"   src=\"https:\/\/puntodincontro.mx\/wp-content\/uploads\/2022\/03\/cannizzo2.jpg\" class=\"attachment-post-thumbnail size-post-thumbnail wp-post-image\" alt=\"\" srcset=\"https:\/\/puntodincontro.mx\/wp-content\/uploads\/2022\/03\/cannizzo2.jpg 200w, https:\/\/puntodincontro.mx\/wp-content\/uploads\/2022\/03\/cannizzo2-18x5.jpg 18w\" sizes=\"(max-width: 200px) 100vw, 200px\" \/><\/a><\/div><\/div><\/div><\/div><div class=\"wpadcenter-adgroup__row wpadcenter-aligncenter\"><div class=\"wpadcenter-ad-container\" ><div id=\"wpadcenter-ad-1704\" class=\"ad-placement\"><div class=\"wpadcenter-ad-inner\" ><a id=\"wpadcenter_ad\" data-value=\"1704\" data-placement=\"\" href=\"https:\/\/puntodincontro.mx\/es\/2021\/12\/24\/inps-verificacion-de-supervivencia-de-los-pensionados-en-el-extranjero\/\" target=\"_blank\" class=\"wpadcenter-ad-inner__item\" ><img decoding=\"async\"   src=\"https:\/\/puntodincontro.mx\/wp-content\/uploads\/2021\/11\/logo-ital.jpg\" class=\"attachment-post-thumbnail size-post-thumbnail wp-post-image\" alt=\"Patronato ITAL Messico\" srcset=\"https:\/\/puntodincontro.mx\/wp-content\/uploads\/2021\/11\/logo-ital.jpg 200w, https:\/\/puntodincontro.mx\/wp-content\/uploads\/2021\/11\/logo-ital-16x5.jpg 16w\" sizes=\"(max-width: 200px) 100vw, 200px\" \/><\/a><\/div><\/div><\/div><div class=\"wpadcenter-ad-container\" ><div id=\"wpadcenter-ad-1538\" class=\"ad-placement\"><div class=\"wpadcenter-ad-inner\" ><a id=\"wpadcenter_ad\" data-value=\"1538\" data-placement=\"\" href=\"https:\/\/asociacionitaliana.org\/\" target=\"_blank\" class=\"wpadcenter-ad-inner__item\" ><img decoding=\"async\"   src=\"https:\/\/puntodincontro.mx\/wp-content\/uploads\/2021\/11\/aialogo.jpg\" class=\"attachment-post-thumbnail size-post-thumbnail wp-post-image\" alt=\"Associazione Italiana di Assistenza IAP\" srcset=\"https:\/\/puntodincontro.mx\/wp-content\/uploads\/2021\/11\/aialogo.jpg 200w, https:\/\/puntodincontro.mx\/wp-content\/uploads\/2021\/11\/aialogo-18x5.jpg 18w\" sizes=\"(max-width: 200px) 100vw, 200px\" \/><\/a><\/div><\/div><\/div><div class=\"wpadcenter-ad-container\" ><div id=\"wpadcenter-ad-1513\" class=\"ad-placement\"><div class=\"wpadcenter-ad-inner\" ><a id=\"wpadcenter_ad\" data-value=\"1513\" data-placement=\"\" href=\"https:\/\/gcinmuebles.mx\" target=\"_blank\" class=\"wpadcenter-ad-inner__item\" ><img decoding=\"async\"   src=\"https:\/\/puntodincontro.mx\/wp-content\/uploads\/2021\/10\/gcinmuebleslogopunto-1.jpg\" class=\"attachment-post-thumbnail size-post-thumbnail wp-post-image\" alt=\"\" srcset=\"https:\/\/puntodincontro.mx\/wp-content\/uploads\/2021\/10\/gcinmuebleslogopunto-1.jpg 200w, https:\/\/puntodincontro.mx\/wp-content\/uploads\/2021\/10\/gcinmuebleslogopunto-1-18x5.jpg 18w\" sizes=\"(max-width: 200px) 100vw, 200px\" \/><\/a><\/div><\/div><\/div><\/div><div class=\"wpadcenter-adgroup__row wpadcenter-aligncenter\"><div class=\"wpadcenter-ad-container\" ><div id=\"wpadcenter-ad-1374\" class=\"ad-placement\"><div class=\"wpadcenter-ad-inner\" ><a id=\"wpadcenter_ad\" data-value=\"1374\" data-placement=\"\" href=\"https:\/\/www.9colonne.it\/\" target=\"_blank\" class=\"wpadcenter-ad-inner__item\" ><img decoding=\"async\"   src=\"https:\/\/puntodincontro.mx\/wp-content\/uploads\/2021\/10\/Banner9colonne.gif\" class=\"attachment-post-thumbnail size-post-thumbnail wp-post-image\" alt=\"\" \/><\/a><\/div><\/div><\/div><div class=\"wpadcenter-ad-container\" ><div id=\"wpadcenter-ad-276\" class=\"ad-placement\"><div class=\"wpadcenter-ad-inner\" ><a id=\"wpadcenter_ad\" data-value=\"276\" data-placement=\"\" href=\"http:\/\/www.camaraitaliana.mx\/\" target=\"_blank\" class=\"wpadcenter-ad-inner__item\" ><img decoding=\"async\"   src=\"https:\/\/puntodincontro.mx\/wp-content\/uploads\/2021\/08\/ccimnuovo.jpg\" class=\"attachment-post-thumbnail size-post-thumbnail wp-post-image\" alt=\"\" srcset=\"https:\/\/puntodincontro.mx\/wp-content\/uploads\/2021\/08\/ccimnuovo.jpg 200w, https:\/\/puntodincontro.mx\/wp-content\/uploads\/2021\/08\/ccimnuovo-18x5.jpg 18w\" sizes=\"(max-width: 200px) 100vw, 200px\" \/><\/a><\/div><\/div><\/div><div class=\"wpadcenter-ad-container\" ><div id=\"wpadcenter-ad-272\" class=\"ad-placement\"><div class=\"wpadcenter-ad-inner\" ><a id=\"wpadcenter_ad\" data-value=\"272\" data-placement=\"\" href=\"http:\/\/corix.us\/\" target=\"_blank\" class=\"wpadcenter-ad-inner__item\" ><img decoding=\"async\"   src=\"https:\/\/puntodincontro.mx\/wp-content\/uploads\/2021\/08\/corixbanner-1.jpg\" class=\"attachment-post-thumbnail size-post-thumbnail wp-post-image\" alt=\"\" srcset=\"https:\/\/puntodincontro.mx\/wp-content\/uploads\/2021\/08\/corixbanner-1.jpg 200w, https:\/\/puntodincontro.mx\/wp-content\/uploads\/2021\/08\/corixbanner-1-16x5.jpg 16w\" sizes=\"(max-width: 200px) 100vw, 200px\" \/><\/a><\/div><\/div><\/div><\/div><div class=\"wpadcenter-adgroup__row wpadcenter-aligncenter\"><div class=\"wpadcenter-ad-container\" ><div id=\"wpadcenter-ad-266\" class=\"ad-placement\"><div class=\"wpadcenter-ad-inner\" ><a id=\"wpadcenter_ad\" data-value=\"266\" data-placement=\"\" href=\"https:\/\/www.prinsel.com.mx\/\" target=\"_blank\" class=\"wpadcenter-ad-inner__item\" ><img decoding=\"async\"   src=\"https:\/\/puntodincontro.mx\/wp-content\/uploads\/2021\/08\/prinselbanner-1.jpg\" class=\"attachment-post-thumbnail size-post-thumbnail wp-post-image\" alt=\"\" srcset=\"https:\/\/puntodincontro.mx\/wp-content\/uploads\/2021\/08\/prinselbanner-1.jpg 200w, https:\/\/puntodincontro.mx\/wp-content\/uploads\/2021\/08\/prinselbanner-1-16x5.jpg 16w\" sizes=\"(max-width: 200px) 100vw, 200px\" \/><\/a><\/div><\/div><\/div><div class=\"wpadcenter-ad-container\" ><div id=\"wpadcenter-ad-261\" class=\"ad-placement\"><div class=\"wpadcenter-ad-inner\" ><a id=\"wpadcenter_ad\" data-value=\"261\" data-placement=\"\" href=\"https:\/\/faitalia.com.mx\/\" target=\"_blank\" class=\"wpadcenter-ad-inner__item\" ><img decoding=\"async\"   src=\"https:\/\/puntodincontro.mx\/wp-content\/uploads\/2021\/08\/gruppodino.jpg\" class=\"attachment-post-thumbnail size-post-thumbnail wp-post-image\" alt=\"\" srcset=\"https:\/\/puntodincontro.mx\/wp-content\/uploads\/2021\/08\/gruppodino.jpg 200w, https:\/\/puntodincontro.mx\/wp-content\/uploads\/2021\/08\/gruppodino-18x5.jpg 18w\" sizes=\"(max-width: 200px) 100vw, 200px\" \/><\/a><\/div><\/div><\/div><\/div><\/div>\n\n\n<div style=\"height:12px\" aria-hidden=\"true\" class=\"wp-block-spacer\"><\/div>","protected":false},"excerpt":{"rendered":"<p>Ore 13.35 &#8211; Potrebbero arrivare entro il 2030 i primi vaccini al mondo contro il cancro, le malattie cardiovascolari e quelle auto-immuni. L&#8217;annuncio di una prossima rivoluzione nella medicina che permetter\u00e0 di salvare milioni di vite grazie a vaccini personalizzati \u00e8 arrivato dall&#8217;azienda americana Moderna, in base a quanto riferisce il quotidiano britannico The Guardian. L&#8217;esperienza maturata con il vaccini anti-Covid, precisa Moderna, ha permesso agli studi sui vaccini anti-cancro di far accelerare la ricerca, tanto che l&#8217;equivalente di 15 anni di progressi sono stati raggiunti in soli 12-18 mesi. Secondo il dottor Paul Burton, direttore sanitario di Moderna, l&#8217;azienda&#8230; <\/p>","protected":false},"author":2,"featured_media":12112,"comment_status":"open","ping_status":"open","sticky":false,"template":"","format":"standard","meta":{"_monsterinsights_skip_tracking":false,"_monsterinsights_sitenote_active":false,"_monsterinsights_sitenote_note":"","_monsterinsights_sitenote_category":0,"footnotes":""},"categories":[7],"tags":[],"class_list":["post-12110","post","type-post","status-publish","format-standard","has-post-thumbnail","hentry","category-salute-e-benessere"],"yoast_head":"<!-- This site is optimized with the Yoast SEO Premium plugin v18.4 (Yoast SEO v25.6) - https:\/\/yoast.com\/wordpress\/plugins\/seo\/ -->\n<title>Entro il 2030 i primi vaccini contro il cancro, annuncia Moderna<\/title>\n<meta name=\"description\" content=\"Potrebbero arrivare entro il 2030 i primi vaccini al mondo contro il cancro, le malattie cardiovascolari e quelle auto-immuni.\" \/>\n<meta name=\"robots\" content=\"index, follow, max-snippet:-1, max-image-preview:large, max-video-preview:-1\" \/>\n<link rel=\"canonical\" href=\"https:\/\/puntodincontro.mx\/es\/2023\/04\/09\/moderna-a-mas-tardar-en-2030-habra-vacunas-contra-el-cancer\/\" \/>\n<meta property=\"og:locale\" content=\"es_MX\" \/>\n<meta property=\"og:type\" content=\"article\" \/>\n<meta property=\"og:title\" content=\"Entro il 2030 i primi vaccini contro il cancro, annuncia Moderna\" \/>\n<meta property=\"og:description\" content=\"Potrebbero arrivare entro il 2030 i primi vaccini al mondo contro il cancro, le malattie cardiovascolari e quelle auto-immuni.\" \/>\n<meta property=\"og:url\" content=\"https:\/\/puntodincontro.mx\/es\/2023\/04\/09\/moderna-a-mas-tardar-en-2030-habra-vacunas-contra-el-cancer\/\" \/>\n<meta property=\"og:site_name\" content=\"Puntodincontro\" \/>\n<meta property=\"article:publisher\" content=\"https:\/\/www.facebook.com\/puntodincontro.mx\" \/>\n<meta property=\"article:published_time\" content=\"2023-04-09T19:39:54+00:00\" \/>\n<meta property=\"article:modified_time\" content=\"2023-04-09T19:39:55+00:00\" \/>\n<meta property=\"og:image\" content=\"https:\/\/puntodincontro.mx\/wp-content\/uploads\/2023\/04\/vaccinocontroilcancrocomp.jpg\" \/>\n\t<meta property=\"og:image:width\" content=\"932\" \/>\n\t<meta property=\"og:image:height\" content=\"488\" \/>\n\t<meta property=\"og:image:type\" content=\"image\/jpeg\" \/>\n<meta name=\"author\" content=\"Puntodincontro\" \/>\n<meta name=\"twitter:card\" content=\"summary_large_image\" \/>\n<meta name=\"twitter:creator\" content=\"@puntodincontro\" \/>\n<meta name=\"twitter:site\" content=\"@puntodincontro\" \/>\n<meta name=\"twitter:label1\" content=\"Escrito por\" \/>\n\t<meta name=\"twitter:data1\" content=\"Puntodincontro\" \/>\n\t<meta name=\"twitter:label2\" content=\"Tiempo de lectura\" \/>\n\t<meta name=\"twitter:data2\" content=\"1 minuto\" \/>\n<script type=\"application\/ld+json\" class=\"yoast-schema-graph\">{\"@context\":\"https:\/\/schema.org\",\"@graph\":[{\"@type\":\"NewsArticle\",\"@id\":\"https:\/\/puntodincontro.mx\/2023\/04\/09\/entro-il-2030-i-primi-vaccini-contro-il-cancro-annuncia-moderna\/#article\",\"isPartOf\":{\"@id\":\"https:\/\/puntodincontro.mx\/2023\/04\/09\/entro-il-2030-i-primi-vaccini-contro-il-cancro-annuncia-moderna\/\"},\"author\":{\"name\":\"Puntodincontro\",\"@id\":\"https:\/\/puntodincontro.mx\/#\/schema\/person\/d3066d18a16259cbb0c29b0d0e93b556\"},\"headline\":\"Entro il 2030 i primi vaccini contro il cancro, annuncia Moderna\",\"datePublished\":\"2023-04-09T19:39:54+00:00\",\"dateModified\":\"2023-04-09T19:39:55+00:00\",\"mainEntityOfPage\":{\"@id\":\"https:\/\/puntodincontro.mx\/2023\/04\/09\/entro-il-2030-i-primi-vaccini-contro-il-cancro-annuncia-moderna\/\"},\"wordCount\":261,\"commentCount\":0,\"publisher\":{\"@id\":\"https:\/\/puntodincontro.mx\/#organization\"},\"image\":{\"@id\":\"https:\/\/puntodincontro.mx\/2023\/04\/09\/entro-il-2030-i-primi-vaccini-contro-il-cancro-annuncia-moderna\/#primaryimage\"},\"thumbnailUrl\":\"https:\/\/puntodincontro.mx\/wp-content\/uploads\/2023\/04\/vaccinocontroilcancrovert.webp\",\"articleSection\":[\"Salute e benessere\"],\"inLanguage\":\"es\",\"potentialAction\":[{\"@type\":\"CommentAction\",\"name\":\"Comment\",\"target\":[\"https:\/\/puntodincontro.mx\/2023\/04\/09\/entro-il-2030-i-primi-vaccini-contro-il-cancro-annuncia-moderna\/#respond\"]}]},{\"@type\":\"WebPage\",\"@id\":\"https:\/\/puntodincontro.mx\/2023\/04\/09\/entro-il-2030-i-primi-vaccini-contro-il-cancro-annuncia-moderna\/\",\"url\":\"https:\/\/puntodincontro.mx\/2023\/04\/09\/entro-il-2030-i-primi-vaccini-contro-il-cancro-annuncia-moderna\/\",\"name\":\"Entro il 2030 i primi vaccini contro il cancro, annuncia Moderna\",\"isPartOf\":{\"@id\":\"https:\/\/puntodincontro.mx\/#website\"},\"primaryImageOfPage\":{\"@id\":\"https:\/\/puntodincontro.mx\/2023\/04\/09\/entro-il-2030-i-primi-vaccini-contro-il-cancro-annuncia-moderna\/#primaryimage\"},\"image\":{\"@id\":\"https:\/\/puntodincontro.mx\/2023\/04\/09\/entro-il-2030-i-primi-vaccini-contro-il-cancro-annuncia-moderna\/#primaryimage\"},\"thumbnailUrl\":\"https:\/\/puntodincontro.mx\/wp-content\/uploads\/2023\/04\/vaccinocontroilcancrovert.webp\",\"datePublished\":\"2023-04-09T19:39:54+00:00\",\"dateModified\":\"2023-04-09T19:39:55+00:00\",\"description\":\"Potrebbero arrivare entro il 2030 i primi vaccini al mondo contro il cancro, le malattie cardiovascolari e quelle auto-immuni.\",\"breadcrumb\":{\"@id\":\"https:\/\/puntodincontro.mx\/2023\/04\/09\/entro-il-2030-i-primi-vaccini-contro-il-cancro-annuncia-moderna\/#breadcrumb\"},\"inLanguage\":\"es\",\"potentialAction\":[{\"@type\":\"ReadAction\",\"target\":[\"https:\/\/puntodincontro.mx\/2023\/04\/09\/entro-il-2030-i-primi-vaccini-contro-il-cancro-annuncia-moderna\/\"]}]},{\"@type\":\"ImageObject\",\"inLanguage\":\"es\",\"@id\":\"https:\/\/puntodincontro.mx\/2023\/04\/09\/entro-il-2030-i-primi-vaccini-contro-il-cancro-annuncia-moderna\/#primaryimage\",\"url\":\"https:\/\/puntodincontro.mx\/wp-content\/uploads\/2023\/04\/vaccinocontroilcancrovert.webp\",\"contentUrl\":\"https:\/\/puntodincontro.mx\/wp-content\/uploads\/2023\/04\/vaccinocontroilcancrovert.webp\",\"width\":423,\"height\":488,\"caption\":\"Entro il 2030 i primi vaccini contro il cancro, annuncia Moderna \/ Foto di Mufid Majnun su Unsplash\"},{\"@type\":\"BreadcrumbList\",\"@id\":\"https:\/\/puntodincontro.mx\/2023\/04\/09\/entro-il-2030-i-primi-vaccini-contro-il-cancro-annuncia-moderna\/#breadcrumb\",\"itemListElement\":[{\"@type\":\"ListItem\",\"position\":1,\"name\":\"Home\",\"item\":\"https:\/\/puntodincontro.mx\/\"},{\"@type\":\"ListItem\",\"position\":2,\"name\":\"Entro il 2030 i primi vaccini contro il cancro, annuncia Moderna\"}]},{\"@type\":\"WebSite\",\"@id\":\"https:\/\/puntodincontro.mx\/#website\",\"url\":\"https:\/\/puntodincontro.mx\/\",\"name\":\"Puntodincontro\",\"description\":\"Dal 2006 notizie sui rapporti Italia-Messico \/ Desde 2006 noticias sobre las relaciones entre Italia y M\u00e9xico\",\"publisher\":{\"@id\":\"https:\/\/puntodincontro.mx\/#organization\"},\"potentialAction\":[{\"@type\":\"SearchAction\",\"target\":{\"@type\":\"EntryPoint\",\"urlTemplate\":\"https:\/\/puntodincontro.mx\/?s={search_term_string}\"},\"query-input\":{\"@type\":\"PropertyValueSpecification\",\"valueRequired\":true,\"valueName\":\"search_term_string\"}}],\"inLanguage\":\"es\"},{\"@type\":\"Organization\",\"@id\":\"https:\/\/puntodincontro.mx\/#organization\",\"name\":\"Puntodincontro\",\"url\":\"https:\/\/puntodincontro.mx\/\",\"logo\":{\"@type\":\"ImageObject\",\"inLanguage\":\"es\",\"@id\":\"https:\/\/puntodincontro.mx\/#\/schema\/logo\/image\/\",\"url\":\"https:\/\/puntodincontro.mx\/wp-content\/uploads\/2021\/08\/Default-image-for-open-graph-settings.jpg\",\"contentUrl\":\"https:\/\/puntodincontro.mx\/wp-content\/uploads\/2021\/08\/Default-image-for-open-graph-settings.jpg\",\"width\":1200,\"height\":630,\"caption\":\"Puntodincontro\"},\"image\":{\"@id\":\"https:\/\/puntodincontro.mx\/#\/schema\/logo\/image\/\"},\"sameAs\":[\"https:\/\/www.facebook.com\/puntodincontro.mx\",\"https:\/\/x.com\/puntodincontro\",\"https:\/\/www.instagram.com\/puntodincontro.mx\/\",\"https:\/\/www.linkedin.com\/company\/puntodincontro\/\",\"https:\/\/www.youtube.com\/c\/puntodincontromessico\",\"https:\/\/www.patreon.com\/puntodincontro\",\"https:\/\/www.threads.net\/@puntodincontro.mx\"]},{\"@type\":\"Person\",\"@id\":\"https:\/\/puntodincontro.mx\/#\/schema\/person\/d3066d18a16259cbb0c29b0d0e93b556\",\"name\":\"Puntodincontro\",\"image\":{\"@type\":\"ImageObject\",\"inLanguage\":\"es\",\"@id\":\"https:\/\/puntodincontro.mx\/#\/schema\/person\/image\/\",\"url\":\"https:\/\/secure.gravatar.com\/avatar\/0e85b4b3b5e9d6bfcec6a4956d8cc63a?s=96&d=mm&r=g\",\"contentUrl\":\"https:\/\/secure.gravatar.com\/avatar\/0e85b4b3b5e9d6bfcec6a4956d8cc63a?s=96&d=mm&r=g\",\"caption\":\"Puntodincontro\"},\"url\":\"https:\/\/puntodincontro.mx\/es\/author\/puntodincontro\/\"}]}<\/script>\n<!-- \/ Yoast SEO Premium plugin. -->","yoast_head_json":{"title":"Moderna: \u00abA m\u00e1s tardar en 2030 habr\u00e1 vacunas contra el c\u00e1ncer\u00bb","description":"Las primeras vacunas del mundo contra el c\u00e1ncer, enfermedades cardiovasculares y autoinmunes podr\u00edan llegar antes de 2030.","robots":{"index":"index","follow":"follow","max-snippet":"max-snippet:-1","max-image-preview":"max-image-preview:large","max-video-preview":"max-video-preview:-1"},"canonical":"https:\/\/puntodincontro.mx\/es\/2023\/04\/09\/moderna-a-mas-tardar-en-2030-habra-vacunas-contra-el-cancer\/","og_locale":"es_MX","og_type":"article","og_title":"Entro il 2030 i primi vaccini contro il cancro, annuncia Moderna","og_description":"Potrebbero arrivare entro il 2030 i primi vaccini al mondo contro il cancro, le malattie cardiovascolari e quelle auto-immuni.","og_url":"https:\/\/puntodincontro.mx\/es\/2023\/04\/09\/moderna-a-mas-tardar-en-2030-habra-vacunas-contra-el-cancer\/","og_site_name":"Puntodincontro","article_publisher":"https:\/\/www.facebook.com\/puntodincontro.mx","article_published_time":"2023-04-09T19:39:54+00:00","article_modified_time":"2023-04-09T19:39:55+00:00","og_image":[{"width":932,"height":488,"url":"https:\/\/puntodincontro.mx\/wp-content\/uploads\/2023\/04\/vaccinocontroilcancrocomp.jpg","type":"image\/jpeg"}],"author":"Puntodincontro","twitter_card":"summary_large_image","twitter_creator":"@puntodincontro","twitter_site":"@puntodincontro","twitter_misc":{"Escrito por":"Puntodincontro","Tiempo de lectura":"1 minuto"},"schema":{"@context":"https:\/\/schema.org","@graph":[{"@type":"NewsArticle","@id":"https:\/\/puntodincontro.mx\/2023\/04\/09\/entro-il-2030-i-primi-vaccini-contro-il-cancro-annuncia-moderna\/#article","isPartOf":{"@id":"https:\/\/puntodincontro.mx\/2023\/04\/09\/entro-il-2030-i-primi-vaccini-contro-il-cancro-annuncia-moderna\/"},"author":{"name":"Puntodincontro","@id":"https:\/\/puntodincontro.mx\/#\/schema\/person\/d3066d18a16259cbb0c29b0d0e93b556"},"headline":"Entro il 2030 i primi vaccini contro il cancro, annuncia Moderna","datePublished":"2023-04-09T19:39:54+00:00","dateModified":"2023-04-09T19:39:55+00:00","mainEntityOfPage":{"@id":"https:\/\/puntodincontro.mx\/2023\/04\/09\/entro-il-2030-i-primi-vaccini-contro-il-cancro-annuncia-moderna\/"},"wordCount":261,"commentCount":0,"publisher":{"@id":"https:\/\/puntodincontro.mx\/#organization"},"image":{"@id":"https:\/\/puntodincontro.mx\/2023\/04\/09\/entro-il-2030-i-primi-vaccini-contro-il-cancro-annuncia-moderna\/#primaryimage"},"thumbnailUrl":"https:\/\/puntodincontro.mx\/wp-content\/uploads\/2023\/04\/vaccinocontroilcancrovert.webp","articleSection":["Salute e benessere"],"inLanguage":"es","potentialAction":[{"@type":"CommentAction","name":"Comment","target":["https:\/\/puntodincontro.mx\/2023\/04\/09\/entro-il-2030-i-primi-vaccini-contro-il-cancro-annuncia-moderna\/#respond"]}]},{"@type":"WebPage","@id":"https:\/\/puntodincontro.mx\/2023\/04\/09\/entro-il-2030-i-primi-vaccini-contro-il-cancro-annuncia-moderna\/","url":"https:\/\/puntodincontro.mx\/2023\/04\/09\/entro-il-2030-i-primi-vaccini-contro-il-cancro-annuncia-moderna\/","name":"Moderna: \u00abA m\u00e1s tardar en 2030 habr\u00e1 vacunas contra el c\u00e1ncer\u00bb","isPartOf":{"@id":"https:\/\/puntodincontro.mx\/#website"},"primaryImageOfPage":{"@id":"https:\/\/puntodincontro.mx\/2023\/04\/09\/entro-il-2030-i-primi-vaccini-contro-il-cancro-annuncia-moderna\/#primaryimage"},"image":{"@id":"https:\/\/puntodincontro.mx\/2023\/04\/09\/entro-il-2030-i-primi-vaccini-contro-il-cancro-annuncia-moderna\/#primaryimage"},"thumbnailUrl":"https:\/\/puntodincontro.mx\/wp-content\/uploads\/2023\/04\/vaccinocontroilcancrovert.webp","datePublished":"2023-04-09T19:39:54+00:00","dateModified":"2023-04-09T19:39:55+00:00","description":"Las primeras vacunas del mundo contra el c\u00e1ncer, enfermedades cardiovasculares y autoinmunes podr\u00edan llegar antes de 2030.","breadcrumb":{"@id":"https:\/\/puntodincontro.mx\/2023\/04\/09\/entro-il-2030-i-primi-vaccini-contro-il-cancro-annuncia-moderna\/#breadcrumb"},"inLanguage":"es","potentialAction":[{"@type":"ReadAction","target":["https:\/\/puntodincontro.mx\/2023\/04\/09\/entro-il-2030-i-primi-vaccini-contro-il-cancro-annuncia-moderna\/"]}]},{"@type":"ImageObject","inLanguage":"es","@id":"https:\/\/puntodincontro.mx\/2023\/04\/09\/entro-il-2030-i-primi-vaccini-contro-il-cancro-annuncia-moderna\/#primaryimage","url":"https:\/\/puntodincontro.mx\/wp-content\/uploads\/2023\/04\/vaccinocontroilcancrovert.webp","contentUrl":"https:\/\/puntodincontro.mx\/wp-content\/uploads\/2023\/04\/vaccinocontroilcancrovert.webp","width":423,"height":488,"caption":"Entro il 2030 i primi vaccini contro il cancro, annuncia Moderna \/ Foto di Mufid Majnun su Unsplash"},{"@type":"BreadcrumbList","@id":"https:\/\/puntodincontro.mx\/2023\/04\/09\/entro-il-2030-i-primi-vaccini-contro-il-cancro-annuncia-moderna\/#breadcrumb","itemListElement":[{"@type":"ListItem","position":1,"name":"Home","item":"https:\/\/puntodincontro.mx\/"},{"@type":"ListItem","position":2,"name":"Entro il 2030 i primi vaccini contro il cancro, annuncia Moderna"}]},{"@type":"WebSite","@id":"https:\/\/puntodincontro.mx\/#website","url":"https:\/\/puntodincontro.mx\/","name":"Puntodincontro","description":"Desde el 2006 noticias sobre las relaciones entre Italia y M\u00e9xico \/ Dal 2006 notizie sui rapporti Italia-Messico","publisher":{"@id":"https:\/\/puntodincontro.mx\/#organization"},"potentialAction":[{"@type":"SearchAction","target":{"@type":"EntryPoint","urlTemplate":"https:\/\/puntodincontro.mx\/?s={search_term_string}"},"query-input":{"@type":"PropertyValueSpecification","valueRequired":true,"valueName":"search_term_string"}}],"inLanguage":"es"},{"@type":"Organization","@id":"https:\/\/puntodincontro.mx\/#organization","name":"Puntodincontro","url":"https:\/\/puntodincontro.mx\/","logo":{"@type":"ImageObject","inLanguage":"es","@id":"https:\/\/puntodincontro.mx\/#\/schema\/logo\/image\/","url":"https:\/\/puntodincontro.mx\/wp-content\/uploads\/2021\/08\/Default-image-for-open-graph-settings.jpg","contentUrl":"https:\/\/puntodincontro.mx\/wp-content\/uploads\/2021\/08\/Default-image-for-open-graph-settings.jpg","width":1200,"height":630,"caption":"Puntodincontro"},"image":{"@id":"https:\/\/puntodincontro.mx\/#\/schema\/logo\/image\/"},"sameAs":["https:\/\/www.facebook.com\/puntodincontro.mx","https:\/\/x.com\/puntodincontro","https:\/\/www.instagram.com\/puntodincontro.mx\/","https:\/\/www.linkedin.com\/company\/puntodincontro\/","https:\/\/www.youtube.com\/c\/puntodincontromessico","https:\/\/www.patreon.com\/puntodincontro","https:\/\/www.threads.net\/@puntodincontro.mx"]},{"@type":"Person","@id":"https:\/\/puntodincontro.mx\/#\/schema\/person\/d3066d18a16259cbb0c29b0d0e93b556","name":"Puntodincontro","image":{"@type":"ImageObject","inLanguage":"es","@id":"https:\/\/puntodincontro.mx\/#\/schema\/person\/image\/","url":"https:\/\/secure.gravatar.com\/avatar\/0e85b4b3b5e9d6bfcec6a4956d8cc63a?s=96&d=mm&r=g","contentUrl":"https:\/\/secure.gravatar.com\/avatar\/0e85b4b3b5e9d6bfcec6a4956d8cc63a?s=96&d=mm&r=g","caption":"Puntodincontro"},"url":"https:\/\/puntodincontro.mx\/es\/author\/puntodincontro\/"}]}},"_links":{"self":[{"href":"https:\/\/puntodincontro.mx\/es\/wp-json\/wp\/v2\/posts\/12110"}],"collection":[{"href":"https:\/\/puntodincontro.mx\/es\/wp-json\/wp\/v2\/posts"}],"about":[{"href":"https:\/\/puntodincontro.mx\/es\/wp-json\/wp\/v2\/types\/post"}],"author":[{"embeddable":true,"href":"https:\/\/puntodincontro.mx\/es\/wp-json\/wp\/v2\/users\/2"}],"replies":[{"embeddable":true,"href":"https:\/\/puntodincontro.mx\/es\/wp-json\/wp\/v2\/comments?post=12110"}],"version-history":[{"count":6,"href":"https:\/\/puntodincontro.mx\/es\/wp-json\/wp\/v2\/posts\/12110\/revisions"}],"predecessor-version":[{"id":12119,"href":"https:\/\/puntodincontro.mx\/es\/wp-json\/wp\/v2\/posts\/12110\/revisions\/12119"}],"wp:featuredmedia":[{"embeddable":true,"href":"https:\/\/puntodincontro.mx\/es\/wp-json\/wp\/v2\/media\/12112"}],"wp:attachment":[{"href":"https:\/\/puntodincontro.mx\/es\/wp-json\/wp\/v2\/media?parent=12110"}],"wp:term":[{"taxonomy":"category","embeddable":true,"href":"https:\/\/puntodincontro.mx\/es\/wp-json\/wp\/v2\/categories?post=12110"},{"taxonomy":"post_tag","embeddable":true,"href":"https:\/\/puntodincontro.mx\/es\/wp-json\/wp\/v2\/tags?post=12110"}],"curies":[{"name":"wp","href":"https:\/\/api.w.org\/{rel}","templated":true}]}}