{"id":1245,"date":"2021-10-17T10:29:49","date_gmt":"2021-10-17T15:29:49","guid":{"rendered":"https:\/\/puntodincontro.mx\/?p=1245"},"modified":"2021-10-17T11:19:07","modified_gmt":"2021-10-17T16:19:07","slug":"el-libro-dante-litaliano-gratis-en-ocasione-de-la-semana-de-la-lengua-italiana","status":"publish","type":"post","link":"https:\/\/puntodincontro.mx\/es\/2021\/10\/17\/il-libro-dante-litaliano-gratis-in-occasione-della-settimana-della-lingua-italiana\/","title":{"rendered":"El libro \u201cDante l'italiano\u201d gratis en ocasi\u00f3n de la Semana de la Lengua Italiana"},"content":{"rendered":"<p class=\"translation-block\"><strong>10:14 hrs.<\/strong> \u2013 Del 18 al 24 de octubre se podr\u00e1 descargar gratuitamente el libro electr\u00f3nico <em>Dante, l\u2019italiano<\/em> de Giovanna Frosini y Giuseppe Polimeni, publicado por la Accademia della Crusca, una de las instituciones ling\u00fc\u00edsticas m\u00e1s prestigiosas del mundo.<\/p>\n\n\n\n<p>El volumen, elaborado en colaboraci\u00f3n con el <em>ministero degli Affari esteri e della Cooperazione internazionale<\/em> con motivo de la XXI Semana de la Lengua Italiana en el Mundo, est\u00e1 dedicado a Dante Alighieri en el a\u00f1o en que se celebra el 700 aniversario de su muerte. El poeta, escritor y pol\u00edtico florentino es autor de la Divina Comedia, una de las obras maestras de la literatura universal.<\/p>\n\n\n\n<p>En el libro confluyen diferentes historias de investigaci\u00f3n en torno a la figura del Poeta Supremo. Acad\u00e9micos conocidos y reconocidos, as\u00ed como dantistas de todo tipo, trabajaron codo con codo con investigadores j\u00f3venes y atrevidos.<\/p>\n\n\n\n<p>Temas tradicionalmente ligados a los m\u00e1s variados aspectos de la acci\u00f3n e imagen de Dante trazan los per\u00edmetros fundamentales de sus ideas ling\u00fc\u00edsticas, su laboriosidad, su presencia y su reutilizaci\u00f3n en la tradici\u00f3n y la historia, no solo literaria, sino tambi\u00e9n figurativa y dialectal.<\/p>\n\n\n\n<p>A estos se unen contenidos nuevos y menos obvios, que utilizan muchos de los medios y formas de comunicaci\u00f3n destinados al gran p\u00fablico: la \u00f3pera, las canciones, Dante para c\u00f3mics y para los ni\u00f1os, Dante para los enigmistas, hasta llegar al Dante en versi\u00f3n pop.<\/p>\n\n\n\n<p>La variedad de temas se refleja en la disponibilidad de materiales in\u00e9ditos incluidos por primera vez, que los autores y la Crusca esperan sean apreciados, tambi\u00e9n para uso educativo, por un p\u00fablico italiano e internacional. A esta \u00faltima finalidad contribuye tambi\u00e9n la inclusi\u00f3n de un cat\u00e1logo actualizados de sitios web.<\/p>\n\n\n\n<p>Las voces y las figuras de poetas y escritores, enigmistas y caricaturistas, que donaron sus creaciones originales, relatan un di\u00e1logo con Dante que viene de lejos y va m\u00e1s all\u00e1 del centenario.<\/p>\n\n\n\n<p>Un valor a\u00f1adido de este libro, que recorrer\u00e1 el mundo, es la imagen de portada, creada por Federica Mauro, una joven artista con discapacidad: a su Dante se le conf\u00eda una esperanza de renacimiento, que ojal\u00e1 y nos lleve a todos \u00aba volver a ver las estrellas\u00bb.<\/p>\n\n\n\n<p><strong><strong>Los autores<\/strong><\/strong><\/p>\n\n\n\n<p>Giovanna Frosini es profesora titular de Ling\u00fc\u00edstica Italiana en la Universidad para Extranjeros de Siena. Con Luca Serianni y Luigi Matt dirige los \u201cestudios ling\u00fc\u00edsticos italianos\u201d. Ha dedicado diversos estudios e intervenciones (entre ellas algunas muy populares de car\u00e1cter did\u00e1ctico) a la obra de Dante, tanto desde el punto de vista ling\u00fc\u00edstico como filol\u00f3gico.<\/p>\n\n\n\n<p>Giuseppe Polimeni es profesor titular de Ling\u00fc\u00edstica Italiana en la Universidad de Mil\u00e1n. Forma parte del grupo de investigaci\u00f3n <em>Coordinate dantesche<\/em>. En torno al tema de Dante escribi\u00f3 los ensayos recogidos en el volumen <em>Come fronda in ramo. Forme e modelli della variet\u00e0 nell\u2019Italia dei volgari<\/em> (Biblion, Mil\u00e1n, 2019). Dirige con Silvia Morgana y Massimo Prada <em>Italiano LinguaDue<\/em>.<\/p>\n\n\n\n<p class=\"translation-block\">Descargable desde: <a href=\"https:\/\/www.amazon.it\/dp\/B09J85JP9X\/ref=sr_1_2?dchild=1&amp;keywords=dante+litaliano&amp;qid=1634036636&amp;s=digital-text&amp;sr=1-2\" target=\"_blank\" rel=\"noreferrer noopener\">Amazon<\/a> | Apple iBookstore | <a href=\"https:\/\/www.bookrepublic.it\/ebook\/9788833635118-dante-litaliano-goware-amp-accademia-della-crusca\/\" target=\"_blank\" rel=\"noreferrer noopener\">Bookrepublic<\/a> | Giunti al Punto | <a href=\"https:\/\/play.google.com\/store\/books\/details\/Giovanna_Frosini_Dante_l_italiano?id=QGFHEAAAQBAJ&amp;gl=IT\" target=\"_blank\" rel=\"noreferrer noopener\">Google Play<\/a> | IBS.it | <a href=\"https:\/\/www.kobo.com\/it\/it\/ebook\/dante-l-italiano\" target=\"_blank\" rel=\"noreferrer noopener\">Kobo Books<\/a> | LaFeltrinelli.it | MondadoriStore<\/p>\n\n\n\n<div style=\"height:12px\" aria-hidden=\"true\" class=\"wp-block-spacer\"><\/div>\n\n\n\n\n\n<div style=\"height:12px\" aria-hidden=\"true\" class=\"wp-block-spacer\"><\/div>","protected":false},"excerpt":{"rendered":"<p>Ore 10.14 &#8211; Dal 18 al 24 ottobre si potr\u00e0 scaricare gratuitamente il libro elettronico \u201cDante, l\u2019italiano\u201d a cura di Giovanna Frosini e Giuseppe Polimeni, edito dall&#8217;Accademia della Crusca, una delle pi\u00f9 prestigiose istituzioni linguistiche del mondo. Il volume, realizzato in collaborazione con il ministero degli Affari esteri e della Cooperazione internazionale in occasione della XXI Settimana della Lingua Italiana nel mondo, non poteva, nell&#8217;anno in cui si celebra il settecentesimo anniversario della sua morte, che essere dedicato a Dante Alighieri, il poeta, scrittore e politico fiorentino autore della Divina Commedia, uno dei capolavori della letteratura universale. Nel libro, intorno&#8230; <\/p>","protected":false},"author":2,"featured_media":1250,"comment_status":"open","ping_status":"open","sticky":false,"template":"","format":"standard","meta":{"_monsterinsights_skip_tracking":false,"_monsterinsights_sitenote_active":false,"_monsterinsights_sitenote_note":"","_monsterinsights_sitenote_category":0,"footnotes":""},"categories":[25],"tags":[],"class_list":["post-1245","post","type-post","status-publish","format-standard","has-post-thumbnail","hentry","category-cultura"],"yoast_head":"<!-- This site is optimized with the Yoast SEO Premium plugin v18.4 (Yoast SEO v25.6) - https:\/\/yoast.com\/wordpress\/plugins\/seo\/ -->\n<title>Il libro \u201cDante, l\u2019italiano\u201d gratis in occasione della Settimana della Lingua Italiana Puntodincontro<\/title>\n<meta name=\"description\" content=\"Dal 18 al 24 ottobre si potr\u00e0 scaricare gratuitamente il libro elettronico \u201cDante, l\u2019italiano\u201d a cura di Giovanna Frosini e Giuseppe Polimeni, edito dall&#039;Accademia della Crusca, una delle pi\u00f9 prestigiose istituzioni linguistiche del mondo.\" \/>\n<meta name=\"robots\" content=\"index, follow, max-snippet:-1, max-image-preview:large, max-video-preview:-1\" \/>\n<link rel=\"canonical\" href=\"https:\/\/puntodincontro.mx\/es\/2021\/10\/17\/el-libro-dante-litaliano-gratis-en-ocasione-de-la-semana-de-la-lengua-italiana\/\" \/>\n<meta property=\"og:locale\" content=\"es_MX\" \/>\n<meta property=\"og:type\" content=\"article\" \/>\n<meta property=\"og:title\" content=\"Il libro \u201cDante, l\u2019italiano\u201d gratis in occasione della Settimana della Lingua Italiana\" \/>\n<meta property=\"og:description\" content=\"Dal 18 al 24 ottobre si potr\u00e0 scaricare gratuitamente il libro elettronico \u201cDante, l\u2019italiano\u201d a cura di Giovanna Frosini e Giuseppe Polimeni, edito dall&#039;Accademia della Crusca, una delle pi\u00f9 prestigiose istituzioni linguistiche del mondo.\" \/>\n<meta property=\"og:url\" content=\"https:\/\/puntodincontro.mx\/es\/2021\/10\/17\/el-libro-dante-litaliano-gratis-en-ocasione-de-la-semana-de-la-lengua-italiana\/\" \/>\n<meta property=\"og:site_name\" content=\"Puntodincontro\" \/>\n<meta property=\"article:publisher\" content=\"https:\/\/www.facebook.com\/puntodincontro.mx\" \/>\n<meta property=\"article:published_time\" content=\"2021-10-17T15:29:49+00:00\" \/>\n<meta property=\"article:modified_time\" content=\"2021-10-17T16:19:07+00:00\" \/>\n<meta property=\"og:image\" content=\"https:\/\/puntodincontro.mx\/wp-content\/uploads\/2021\/10\/dantelitalianovert.webp\" \/>\n\t<meta property=\"og:image:width\" content=\"423\" \/>\n\t<meta property=\"og:image:height\" content=\"488\" \/>\n\t<meta property=\"og:image:type\" content=\"image\/webp\" \/>\n<meta name=\"author\" content=\"Puntodincontro\" \/>\n<meta name=\"twitter:card\" content=\"summary_large_image\" \/>\n<meta name=\"twitter:creator\" content=\"@puntodincontro\" \/>\n<meta name=\"twitter:site\" content=\"@puntodincontro\" \/>\n<meta name=\"twitter:label1\" content=\"Escrito por\" \/>\n\t<meta name=\"twitter:data1\" content=\"Puntodincontro\" \/>\n\t<meta name=\"twitter:label2\" content=\"Tiempo de lectura\" \/>\n\t<meta name=\"twitter:data2\" content=\"3 minutos\" \/>\n<script type=\"application\/ld+json\" class=\"yoast-schema-graph\">{\"@context\":\"https:\/\/schema.org\",\"@graph\":[{\"@type\":\"NewsArticle\",\"@id\":\"https:\/\/puntodincontro.mx\/2021\/10\/17\/il-libro-dante-litaliano-gratis-in-occasione-della-settimana-della-lingua-italiana\/#article\",\"isPartOf\":{\"@id\":\"https:\/\/puntodincontro.mx\/2021\/10\/17\/il-libro-dante-litaliano-gratis-in-occasione-della-settimana-della-lingua-italiana\/\"},\"author\":{\"name\":\"Puntodincontro\",\"@id\":\"https:\/\/puntodincontro.mx\/#\/schema\/person\/d3066d18a16259cbb0c29b0d0e93b556\"},\"headline\":\"Il libro \u201cDante, l\u2019italiano\u201d gratis in occasione della Settimana della Lingua Italiana\",\"datePublished\":\"2021-10-17T15:29:49+00:00\",\"dateModified\":\"2021-10-17T16:19:07+00:00\",\"mainEntityOfPage\":{\"@id\":\"https:\/\/puntodincontro.mx\/2021\/10\/17\/il-libro-dante-litaliano-gratis-in-occasione-della-settimana-della-lingua-italiana\/\"},\"wordCount\":482,\"commentCount\":1,\"publisher\":{\"@id\":\"https:\/\/puntodincontro.mx\/#organization\"},\"image\":{\"@id\":\"https:\/\/puntodincontro.mx\/2021\/10\/17\/il-libro-dante-litaliano-gratis-in-occasione-della-settimana-della-lingua-italiana\/#primaryimage\"},\"thumbnailUrl\":\"https:\/\/puntodincontro.mx\/wp-content\/uploads\/2021\/10\/dantelitalianovert.webp\",\"articleSection\":[\"Cultura\"],\"inLanguage\":\"es\",\"potentialAction\":[{\"@type\":\"CommentAction\",\"name\":\"Comment\",\"target\":[\"https:\/\/puntodincontro.mx\/2021\/10\/17\/il-libro-dante-litaliano-gratis-in-occasione-della-settimana-della-lingua-italiana\/#respond\"]}]},{\"@type\":\"WebPage\",\"@id\":\"https:\/\/puntodincontro.mx\/2021\/10\/17\/il-libro-dante-litaliano-gratis-in-occasione-della-settimana-della-lingua-italiana\/\",\"url\":\"https:\/\/puntodincontro.mx\/2021\/10\/17\/il-libro-dante-litaliano-gratis-in-occasione-della-settimana-della-lingua-italiana\/\",\"name\":\"Il libro \u201cDante, l\u2019italiano\u201d gratis in occasione della Settimana della Lingua Italiana Puntodincontro\",\"isPartOf\":{\"@id\":\"https:\/\/puntodincontro.mx\/#website\"},\"primaryImageOfPage\":{\"@id\":\"https:\/\/puntodincontro.mx\/2021\/10\/17\/il-libro-dante-litaliano-gratis-in-occasione-della-settimana-della-lingua-italiana\/#primaryimage\"},\"image\":{\"@id\":\"https:\/\/puntodincontro.mx\/2021\/10\/17\/il-libro-dante-litaliano-gratis-in-occasione-della-settimana-della-lingua-italiana\/#primaryimage\"},\"thumbnailUrl\":\"https:\/\/puntodincontro.mx\/wp-content\/uploads\/2021\/10\/dantelitalianovert.webp\",\"datePublished\":\"2021-10-17T15:29:49+00:00\",\"dateModified\":\"2021-10-17T16:19:07+00:00\",\"description\":\"Dal 18 al 24 ottobre si potr\u00e0 scaricare gratuitamente il libro elettronico \u201cDante, l\u2019italiano\u201d a cura di Giovanna Frosini e Giuseppe Polimeni, edito dall'Accademia della Crusca, una delle pi\u00f9 prestigiose istituzioni linguistiche del mondo.\",\"breadcrumb\":{\"@id\":\"https:\/\/puntodincontro.mx\/2021\/10\/17\/il-libro-dante-litaliano-gratis-in-occasione-della-settimana-della-lingua-italiana\/#breadcrumb\"},\"inLanguage\":\"es\",\"potentialAction\":[{\"@type\":\"ReadAction\",\"target\":[\"https:\/\/puntodincontro.mx\/2021\/10\/17\/il-libro-dante-litaliano-gratis-in-occasione-della-settimana-della-lingua-italiana\/\"]}]},{\"@type\":\"ImageObject\",\"inLanguage\":\"es\",\"@id\":\"https:\/\/puntodincontro.mx\/2021\/10\/17\/il-libro-dante-litaliano-gratis-in-occasione-della-settimana-della-lingua-italiana\/#primaryimage\",\"url\":\"https:\/\/puntodincontro.mx\/wp-content\/uploads\/2021\/10\/dantelitalianovert.webp\",\"contentUrl\":\"https:\/\/puntodincontro.mx\/wp-content\/uploads\/2021\/10\/dantelitalianovert.webp\",\"width\":423,\"height\":488},{\"@type\":\"BreadcrumbList\",\"@id\":\"https:\/\/puntodincontro.mx\/2021\/10\/17\/il-libro-dante-litaliano-gratis-in-occasione-della-settimana-della-lingua-italiana\/#breadcrumb\",\"itemListElement\":[{\"@type\":\"ListItem\",\"position\":1,\"name\":\"Home\",\"item\":\"https:\/\/puntodincontro.mx\/\"},{\"@type\":\"ListItem\",\"position\":2,\"name\":\"Il libro \u201cDante, l\u2019italiano\u201d gratis in occasione della Settimana della Lingua Italiana\"}]},{\"@type\":\"WebSite\",\"@id\":\"https:\/\/puntodincontro.mx\/#website\",\"url\":\"https:\/\/puntodincontro.mx\/\",\"name\":\"Puntodincontro\",\"description\":\"Dal 2006 notizie sui rapporti Italia-Messico \/ Desde 2006 noticias sobre las relaciones entre Italia y M\u00e9xico\",\"publisher\":{\"@id\":\"https:\/\/puntodincontro.mx\/#organization\"},\"potentialAction\":[{\"@type\":\"SearchAction\",\"target\":{\"@type\":\"EntryPoint\",\"urlTemplate\":\"https:\/\/puntodincontro.mx\/?s={search_term_string}\"},\"query-input\":{\"@type\":\"PropertyValueSpecification\",\"valueRequired\":true,\"valueName\":\"search_term_string\"}}],\"inLanguage\":\"es\"},{\"@type\":\"Organization\",\"@id\":\"https:\/\/puntodincontro.mx\/#organization\",\"name\":\"Puntodincontro\",\"url\":\"https:\/\/puntodincontro.mx\/\",\"logo\":{\"@type\":\"ImageObject\",\"inLanguage\":\"es\",\"@id\":\"https:\/\/puntodincontro.mx\/#\/schema\/logo\/image\/\",\"url\":\"https:\/\/puntodincontro.mx\/wp-content\/uploads\/2021\/08\/Default-image-for-open-graph-settings.jpg\",\"contentUrl\":\"https:\/\/puntodincontro.mx\/wp-content\/uploads\/2021\/08\/Default-image-for-open-graph-settings.jpg\",\"width\":1200,\"height\":630,\"caption\":\"Puntodincontro\"},\"image\":{\"@id\":\"https:\/\/puntodincontro.mx\/#\/schema\/logo\/image\/\"},\"sameAs\":[\"https:\/\/www.facebook.com\/puntodincontro.mx\",\"https:\/\/x.com\/puntodincontro\",\"https:\/\/www.instagram.com\/puntodincontro.mx\/\",\"https:\/\/www.linkedin.com\/company\/puntodincontro\/\",\"https:\/\/www.youtube.com\/c\/puntodincontromessico\",\"https:\/\/www.patreon.com\/puntodincontro\",\"https:\/\/www.threads.net\/@puntodincontro.mx\"]},{\"@type\":\"Person\",\"@id\":\"https:\/\/puntodincontro.mx\/#\/schema\/person\/d3066d18a16259cbb0c29b0d0e93b556\",\"name\":\"Puntodincontro\",\"image\":{\"@type\":\"ImageObject\",\"inLanguage\":\"es\",\"@id\":\"https:\/\/puntodincontro.mx\/#\/schema\/person\/image\/\",\"url\":\"https:\/\/secure.gravatar.com\/avatar\/0e85b4b3b5e9d6bfcec6a4956d8cc63a?s=96&d=mm&r=g\",\"contentUrl\":\"https:\/\/secure.gravatar.com\/avatar\/0e85b4b3b5e9d6bfcec6a4956d8cc63a?s=96&d=mm&r=g\",\"caption\":\"Puntodincontro\"},\"url\":\"https:\/\/puntodincontro.mx\/es\/author\/puntodincontro\/\"}]}<\/script>\n<!-- \/ Yoast SEO Premium plugin. -->","yoast_head_json":{"title":"Il libro \u201cDante, l\u2019italiano\u201d gratis in occasione della Settimana della Lingua Italiana Puntodincontro","description":"Dal 18 al 24 ottobre si potr\u00e0 scaricare gratuitamente il libro elettronico \u201cDante, l\u2019italiano\u201d a cura di Giovanna Frosini e Giuseppe Polimeni, edito dall'Accademia della Crusca, una delle pi\u00f9 prestigiose istituzioni linguistiche del mondo.","robots":{"index":"index","follow":"follow","max-snippet":"max-snippet:-1","max-image-preview":"max-image-preview:large","max-video-preview":"max-video-preview:-1"},"canonical":"https:\/\/puntodincontro.mx\/es\/2021\/10\/17\/el-libro-dante-litaliano-gratis-en-ocasione-de-la-semana-de-la-lengua-italiana\/","og_locale":"es_MX","og_type":"article","og_title":"Il libro \u201cDante, l\u2019italiano\u201d gratis in occasione della Settimana della Lingua Italiana","og_description":"Dal 18 al 24 ottobre si potr\u00e0 scaricare gratuitamente il libro elettronico \u201cDante, l\u2019italiano\u201d a cura di Giovanna Frosini e Giuseppe Polimeni, edito dall'Accademia della Crusca, una delle pi\u00f9 prestigiose istituzioni linguistiche del mondo.","og_url":"https:\/\/puntodincontro.mx\/es\/2021\/10\/17\/el-libro-dante-litaliano-gratis-en-ocasione-de-la-semana-de-la-lengua-italiana\/","og_site_name":"Puntodincontro","article_publisher":"https:\/\/www.facebook.com\/puntodincontro.mx","article_published_time":"2021-10-17T15:29:49+00:00","article_modified_time":"2021-10-17T16:19:07+00:00","og_image":[{"width":423,"height":488,"url":"https:\/\/puntodincontro.mx\/wp-content\/uploads\/2021\/10\/dantelitalianovert.webp","type":"image\/webp"}],"author":"Puntodincontro","twitter_card":"summary_large_image","twitter_creator":"@puntodincontro","twitter_site":"@puntodincontro","twitter_misc":{"Escrito por":"Puntodincontro","Tiempo de lectura":"3 minutos"},"schema":{"@context":"https:\/\/schema.org","@graph":[{"@type":"NewsArticle","@id":"https:\/\/puntodincontro.mx\/2021\/10\/17\/il-libro-dante-litaliano-gratis-in-occasione-della-settimana-della-lingua-italiana\/#article","isPartOf":{"@id":"https:\/\/puntodincontro.mx\/2021\/10\/17\/il-libro-dante-litaliano-gratis-in-occasione-della-settimana-della-lingua-italiana\/"},"author":{"name":"Puntodincontro","@id":"https:\/\/puntodincontro.mx\/#\/schema\/person\/d3066d18a16259cbb0c29b0d0e93b556"},"headline":"Il libro \u201cDante, l\u2019italiano\u201d gratis in occasione della Settimana della Lingua Italiana","datePublished":"2021-10-17T15:29:49+00:00","dateModified":"2021-10-17T16:19:07+00:00","mainEntityOfPage":{"@id":"https:\/\/puntodincontro.mx\/2021\/10\/17\/il-libro-dante-litaliano-gratis-in-occasione-della-settimana-della-lingua-italiana\/"},"wordCount":482,"commentCount":1,"publisher":{"@id":"https:\/\/puntodincontro.mx\/#organization"},"image":{"@id":"https:\/\/puntodincontro.mx\/2021\/10\/17\/il-libro-dante-litaliano-gratis-in-occasione-della-settimana-della-lingua-italiana\/#primaryimage"},"thumbnailUrl":"https:\/\/puntodincontro.mx\/wp-content\/uploads\/2021\/10\/dantelitalianovert.webp","articleSection":["Cultura"],"inLanguage":"es","potentialAction":[{"@type":"CommentAction","name":"Comment","target":["https:\/\/puntodincontro.mx\/2021\/10\/17\/il-libro-dante-litaliano-gratis-in-occasione-della-settimana-della-lingua-italiana\/#respond"]}]},{"@type":"WebPage","@id":"https:\/\/puntodincontro.mx\/2021\/10\/17\/il-libro-dante-litaliano-gratis-in-occasione-della-settimana-della-lingua-italiana\/","url":"https:\/\/puntodincontro.mx\/2021\/10\/17\/il-libro-dante-litaliano-gratis-in-occasione-della-settimana-della-lingua-italiana\/","name":"Il libro \u201cDante, l\u2019italiano\u201d gratis in occasione della Settimana della Lingua Italiana Puntodincontro","isPartOf":{"@id":"https:\/\/puntodincontro.mx\/#website"},"primaryImageOfPage":{"@id":"https:\/\/puntodincontro.mx\/2021\/10\/17\/il-libro-dante-litaliano-gratis-in-occasione-della-settimana-della-lingua-italiana\/#primaryimage"},"image":{"@id":"https:\/\/puntodincontro.mx\/2021\/10\/17\/il-libro-dante-litaliano-gratis-in-occasione-della-settimana-della-lingua-italiana\/#primaryimage"},"thumbnailUrl":"https:\/\/puntodincontro.mx\/wp-content\/uploads\/2021\/10\/dantelitalianovert.webp","datePublished":"2021-10-17T15:29:49+00:00","dateModified":"2021-10-17T16:19:07+00:00","description":"Dal 18 al 24 ottobre si potr\u00e0 scaricare gratuitamente il libro elettronico \u201cDante, l\u2019italiano\u201d a cura di Giovanna Frosini e Giuseppe Polimeni, edito dall'Accademia della Crusca, una delle pi\u00f9 prestigiose istituzioni linguistiche del mondo.","breadcrumb":{"@id":"https:\/\/puntodincontro.mx\/2021\/10\/17\/il-libro-dante-litaliano-gratis-in-occasione-della-settimana-della-lingua-italiana\/#breadcrumb"},"inLanguage":"es","potentialAction":[{"@type":"ReadAction","target":["https:\/\/puntodincontro.mx\/2021\/10\/17\/il-libro-dante-litaliano-gratis-in-occasione-della-settimana-della-lingua-italiana\/"]}]},{"@type":"ImageObject","inLanguage":"es","@id":"https:\/\/puntodincontro.mx\/2021\/10\/17\/il-libro-dante-litaliano-gratis-in-occasione-della-settimana-della-lingua-italiana\/#primaryimage","url":"https:\/\/puntodincontro.mx\/wp-content\/uploads\/2021\/10\/dantelitalianovert.webp","contentUrl":"https:\/\/puntodincontro.mx\/wp-content\/uploads\/2021\/10\/dantelitalianovert.webp","width":423,"height":488},{"@type":"BreadcrumbList","@id":"https:\/\/puntodincontro.mx\/2021\/10\/17\/il-libro-dante-litaliano-gratis-in-occasione-della-settimana-della-lingua-italiana\/#breadcrumb","itemListElement":[{"@type":"ListItem","position":1,"name":"Home","item":"https:\/\/puntodincontro.mx\/"},{"@type":"ListItem","position":2,"name":"Il libro \u201cDante, l\u2019italiano\u201d gratis in occasione della Settimana della Lingua Italiana"}]},{"@type":"WebSite","@id":"https:\/\/puntodincontro.mx\/#website","url":"https:\/\/puntodincontro.mx\/","name":"Puntodincontro","description":"Desde el 2006 noticias sobre las relaciones entre Italia y M\u00e9xico \/ Dal 2006 notizie sui rapporti Italia-Messico","publisher":{"@id":"https:\/\/puntodincontro.mx\/#organization"},"potentialAction":[{"@type":"SearchAction","target":{"@type":"EntryPoint","urlTemplate":"https:\/\/puntodincontro.mx\/?s={search_term_string}"},"query-input":{"@type":"PropertyValueSpecification","valueRequired":true,"valueName":"search_term_string"}}],"inLanguage":"es"},{"@type":"Organization","@id":"https:\/\/puntodincontro.mx\/#organization","name":"Puntodincontro","url":"https:\/\/puntodincontro.mx\/","logo":{"@type":"ImageObject","inLanguage":"es","@id":"https:\/\/puntodincontro.mx\/#\/schema\/logo\/image\/","url":"https:\/\/puntodincontro.mx\/wp-content\/uploads\/2021\/08\/Default-image-for-open-graph-settings.jpg","contentUrl":"https:\/\/puntodincontro.mx\/wp-content\/uploads\/2021\/08\/Default-image-for-open-graph-settings.jpg","width":1200,"height":630,"caption":"Puntodincontro"},"image":{"@id":"https:\/\/puntodincontro.mx\/#\/schema\/logo\/image\/"},"sameAs":["https:\/\/www.facebook.com\/puntodincontro.mx","https:\/\/x.com\/puntodincontro","https:\/\/www.instagram.com\/puntodincontro.mx\/","https:\/\/www.linkedin.com\/company\/puntodincontro\/","https:\/\/www.youtube.com\/c\/puntodincontromessico","https:\/\/www.patreon.com\/puntodincontro","https:\/\/www.threads.net\/@puntodincontro.mx"]},{"@type":"Person","@id":"https:\/\/puntodincontro.mx\/#\/schema\/person\/d3066d18a16259cbb0c29b0d0e93b556","name":"Puntodincontro","image":{"@type":"ImageObject","inLanguage":"es","@id":"https:\/\/puntodincontro.mx\/#\/schema\/person\/image\/","url":"https:\/\/secure.gravatar.com\/avatar\/0e85b4b3b5e9d6bfcec6a4956d8cc63a?s=96&d=mm&r=g","contentUrl":"https:\/\/secure.gravatar.com\/avatar\/0e85b4b3b5e9d6bfcec6a4956d8cc63a?s=96&d=mm&r=g","caption":"Puntodincontro"},"url":"https:\/\/puntodincontro.mx\/es\/author\/puntodincontro\/"}]}},"_links":{"self":[{"href":"https:\/\/puntodincontro.mx\/es\/wp-json\/wp\/v2\/posts\/1245"}],"collection":[{"href":"https:\/\/puntodincontro.mx\/es\/wp-json\/wp\/v2\/posts"}],"about":[{"href":"https:\/\/puntodincontro.mx\/es\/wp-json\/wp\/v2\/types\/post"}],"author":[{"embeddable":true,"href":"https:\/\/puntodincontro.mx\/es\/wp-json\/wp\/v2\/users\/2"}],"replies":[{"embeddable":true,"href":"https:\/\/puntodincontro.mx\/es\/wp-json\/wp\/v2\/comments?post=1245"}],"version-history":[{"count":5,"href":"https:\/\/puntodincontro.mx\/es\/wp-json\/wp\/v2\/posts\/1245\/revisions"}],"predecessor-version":[{"id":1253,"href":"https:\/\/puntodincontro.mx\/es\/wp-json\/wp\/v2\/posts\/1245\/revisions\/1253"}],"wp:featuredmedia":[{"embeddable":true,"href":"https:\/\/puntodincontro.mx\/es\/wp-json\/wp\/v2\/media\/1250"}],"wp:attachment":[{"href":"https:\/\/puntodincontro.mx\/es\/wp-json\/wp\/v2\/media?parent=1245"}],"wp:term":[{"taxonomy":"category","embeddable":true,"href":"https:\/\/puntodincontro.mx\/es\/wp-json\/wp\/v2\/categories?post=1245"},{"taxonomy":"post_tag","embeddable":true,"href":"https:\/\/puntodincontro.mx\/es\/wp-json\/wp\/v2\/tags?post=1245"}],"curies":[{"name":"wp","href":"https:\/\/api.w.org\/{rel}","templated":true}]}}