{"id":12537,"date":"2023-04-30T18:01:58","date_gmt":"2023-04-30T23:01:58","guid":{"rendered":"https:\/\/puntodincontro.mx\/?p=12537"},"modified":"2023-04-30T18:16:47","modified_gmt":"2023-04-30T23:16:47","slug":"mexico-podra-aumentar-rutas-y-frecuencias-hacia-estados-unidos","status":"publish","type":"post","link":"https:\/\/puntodincontro.mx\/es\/2023\/04\/30\/il-paese-messico-potra-aumentare-rotte-e-frequenze-aeree-verso-gli-usa\/","title":{"rendered":"M\u00e9xico podr\u00e1 aumentar rutas y frecuencias a\u00e9reas a Estados Unidos"},"content":{"rendered":"<p class=\"translation-block\"><strong>16:54 hrs.<\/strong> - Tras la aprobaci\u00f3n en el Senado de las reformas a las <a href=\"https:\/\/www.senado.gob.mx\/65\/gaceta_del_senado\/documento\/134043\" target=\"_blank\">leyes de Aviaci\u00f3n Civil y Aeropuertos<\/a>, se acerca el regreso de M\u00e9xico a la categor\u00eda 1, el nivel m\u00e1s alto de la Evaluaci\u00f3n de la Seguridad en la Aviaci\u00f3n Internacional de la Administraci\u00f3n Federal de Aviaci\u00f3n (FAA) de Estados Unidos.<\/p>\n\n\n\n<p>Esta clasificaci\u00f3n es una auditor\u00eda acerca del nivel de cumplimiento de los est\u00e1ndares establecidos por la Organizaci\u00f3n de Aviaci\u00f3n Civil Internacional a cada pa\u00eds cuyos transportistas a\u00e9reos operan en Estados Unidos.<\/p>\n\n\n\n<p class=\"translation-block\">En las pr\u00f3ximas horas las modificaciones legales aprobadas en M\u00e9xico ser\u00e1n publicadas en el Diario Oficial de la Federaci\u00f3n, resolviendo as\u00ed las \u201cno conformidades\u201d faltantes, inform\u00f3 ayer la Secretar\u00eda de Infraestructura, Comunicaciones y Transportes del pa\u00eds latinoamericano.<\/p>\n\n\n\n<p>Los puntos que estaban pendientes, de acuerdo con la dependencia, se relacionan con la existencia de leyes que permitan regular y supervisar las evaluaciones m\u00e9dicas del personal de aviaci\u00f3n as\u00ed como llevar a cabo investigaciones despu\u00e9s de cada accidente.<\/p>\n\n\n\n<p>La Agencia Federal de Aviaci\u00f3n Civil de M\u00e9xico (AFAC) solicitar\u00e1 en los pr\u00f3ximos d\u00edas a la FAA, a trav\u00e9s de v\u00edas diplom\u00e1ticas, la realizaci\u00f3n de una nueva auditor\u00eda.<\/p>\n\n\n\n<p class=\"translation-block\">Con la vuelta a la categor\u00eda 1, las <a href=\"https:\/\/puntodincontro.mx\/es\/2022\/11\/30\/aeromexico-el-vuelo-roma-cdmx-sera-diario-a-partir-del-16-de-junio\/\" target=\"_blank\" rel=\"noreferrer noopener\">aerol\u00edneas de M\u00e9xico<\/a> podr\u00e1n incrementar sus rutas y frecuencias hacia los Estados Unidos.<\/p>\n\n\n\n<p class=\"has-small-font-size translation-block\">Foto de <a href=\"https:\/\/unsplash.com\/@eduardocanophotoco?utm_source=unsplash&amp;utm_medium=referral&amp;utm_content=creditCopyText\">Eduardo Cano Photo Co.<\/a> en <a href=\"https:\/\/unsplash.com\/photos\/rdXxlIWOfkw?utm_source=unsplash&amp;utm_medium=referral&amp;utm_content=creditCopyText\">Unsplash<\/a><\/p>\n\n\n\n<div style=\"height:12px\" aria-hidden=\"true\" class=\"wp-block-spacer\"><\/div>\n\n\n<!-- Ad space powered by WP AdCenter v2.5.7 - https:\/\/wpadcenter.com\/ --><div class=\"wpadcenter-adgroup\" ><div class=\"wpadcenter-adgroup__row wpadcenter-aligncenter\"><div class=\"wpadcenter-ad-container\" ><div id=\"wpadcenter-ad-18464\" class=\"ad-placement\"><div class=\"wpadcenter-ad-inner\" ><a id=\"wpadcenter_ad\" data-value=\"18464\" data-placement=\"\" href=\"https:\/\/www.productosremo.com\/\" target=\"_blank\" class=\"wpadcenter-ad-inner__item\" ><img decoding=\"async\"   src=\"https:\/\/puntodincontro.mx\/wp-content\/uploads\/2021\/08\/remobanner.jpg\" class=\"attachment-post-thumbnail size-post-thumbnail wp-post-image\" alt=\"\" srcset=\"https:\/\/puntodincontro.mx\/wp-content\/uploads\/2021\/08\/remobanner.jpg 200w, https:\/\/puntodincontro.mx\/wp-content\/uploads\/2021\/08\/remobanner-16x5.jpg 16w\" sizes=\"(max-width: 200px) 100vw, 200px\" \/><\/a><\/div><\/div><\/div><div class=\"wpadcenter-ad-container\" ><div id=\"wpadcenter-ad-5305\" class=\"ad-placement\"><div class=\"wpadcenter-ad-inner\" ><a id=\"wpadcenter_ad\" data-value=\"5305\" data-placement=\"\" href=\"https:\/\/ambcittadelmessico.esteri.it\/ambasciata_cittadelmessico\/it\/\" target=\"_blank\" class=\"wpadcenter-ad-inner__item\" ><img decoding=\"async\"   src=\"https:\/\/puntodincontro.mx\/wp-content\/uploads\/2022\/05\/Ambasciata.jpg\" class=\"attachment-post-thumbnail size-post-thumbnail wp-post-image\" alt=\"\" srcset=\"https:\/\/puntodincontro.mx\/wp-content\/uploads\/2022\/05\/Ambasciata.jpg 200w, https:\/\/puntodincontro.mx\/wp-content\/uploads\/2022\/05\/Ambasciata-18x5.jpg 18w\" sizes=\"(max-width: 200px) 100vw, 200px\" \/><\/a><\/div><\/div><\/div><div class=\"wpadcenter-ad-container\" ><div id=\"wpadcenter-ad-3781\" class=\"ad-placement\"><div class=\"wpadcenter-ad-inner\" ><a id=\"wpadcenter_ad\" data-value=\"3781\" data-placement=\"\" href=\"https:\/\/cannizzo.com.mx\/\" target=\"_blank\" class=\"wpadcenter-ad-inner__item\" ><img decoding=\"async\"   src=\"https:\/\/puntodincontro.mx\/wp-content\/uploads\/2022\/03\/cannizzo2.jpg\" class=\"attachment-post-thumbnail size-post-thumbnail wp-post-image\" alt=\"\" srcset=\"https:\/\/puntodincontro.mx\/wp-content\/uploads\/2022\/03\/cannizzo2.jpg 200w, https:\/\/puntodincontro.mx\/wp-content\/uploads\/2022\/03\/cannizzo2-18x5.jpg 18w\" sizes=\"(max-width: 200px) 100vw, 200px\" \/><\/a><\/div><\/div><\/div><\/div><div class=\"wpadcenter-adgroup__row wpadcenter-aligncenter\"><div class=\"wpadcenter-ad-container\" ><div id=\"wpadcenter-ad-1704\" class=\"ad-placement\"><div class=\"wpadcenter-ad-inner\" ><a id=\"wpadcenter_ad\" data-value=\"1704\" data-placement=\"\" href=\"https:\/\/puntodincontro.mx\/es\/2021\/12\/24\/inps-verificacion-de-supervivencia-de-los-pensionados-en-el-extranjero\/\" target=\"_blank\" class=\"wpadcenter-ad-inner__item\" ><img decoding=\"async\"   src=\"https:\/\/puntodincontro.mx\/wp-content\/uploads\/2021\/11\/logo-ital.jpg\" class=\"attachment-post-thumbnail size-post-thumbnail wp-post-image\" alt=\"Patronato ITAL Messico\" srcset=\"https:\/\/puntodincontro.mx\/wp-content\/uploads\/2021\/11\/logo-ital.jpg 200w, https:\/\/puntodincontro.mx\/wp-content\/uploads\/2021\/11\/logo-ital-16x5.jpg 16w\" sizes=\"(max-width: 200px) 100vw, 200px\" \/><\/a><\/div><\/div><\/div><div class=\"wpadcenter-ad-container\" ><div id=\"wpadcenter-ad-1538\" class=\"ad-placement\"><div class=\"wpadcenter-ad-inner\" ><a id=\"wpadcenter_ad\" data-value=\"1538\" data-placement=\"\" href=\"https:\/\/asociacionitaliana.org\/\" target=\"_blank\" class=\"wpadcenter-ad-inner__item\" ><img decoding=\"async\"   src=\"https:\/\/puntodincontro.mx\/wp-content\/uploads\/2021\/11\/aialogo.jpg\" class=\"attachment-post-thumbnail size-post-thumbnail wp-post-image\" alt=\"Associazione Italiana di Assistenza IAP\" srcset=\"https:\/\/puntodincontro.mx\/wp-content\/uploads\/2021\/11\/aialogo.jpg 200w, https:\/\/puntodincontro.mx\/wp-content\/uploads\/2021\/11\/aialogo-18x5.jpg 18w\" sizes=\"(max-width: 200px) 100vw, 200px\" \/><\/a><\/div><\/div><\/div><div class=\"wpadcenter-ad-container\" ><div id=\"wpadcenter-ad-1513\" class=\"ad-placement\"><div class=\"wpadcenter-ad-inner\" ><a id=\"wpadcenter_ad\" data-value=\"1513\" data-placement=\"\" href=\"https:\/\/gcinmuebles.mx\" target=\"_blank\" class=\"wpadcenter-ad-inner__item\" ><img decoding=\"async\"   src=\"https:\/\/puntodincontro.mx\/wp-content\/uploads\/2021\/10\/gcinmuebleslogopunto-1.jpg\" class=\"attachment-post-thumbnail size-post-thumbnail wp-post-image\" alt=\"\" srcset=\"https:\/\/puntodincontro.mx\/wp-content\/uploads\/2021\/10\/gcinmuebleslogopunto-1.jpg 200w, https:\/\/puntodincontro.mx\/wp-content\/uploads\/2021\/10\/gcinmuebleslogopunto-1-18x5.jpg 18w\" sizes=\"(max-width: 200px) 100vw, 200px\" \/><\/a><\/div><\/div><\/div><\/div><div class=\"wpadcenter-adgroup__row wpadcenter-aligncenter\"><div class=\"wpadcenter-ad-container\" ><div id=\"wpadcenter-ad-1374\" class=\"ad-placement\"><div class=\"wpadcenter-ad-inner\" ><a id=\"wpadcenter_ad\" data-value=\"1374\" data-placement=\"\" href=\"https:\/\/www.9colonne.it\/\" target=\"_blank\" class=\"wpadcenter-ad-inner__item\" ><img decoding=\"async\"   src=\"https:\/\/puntodincontro.mx\/wp-content\/uploads\/2021\/10\/Banner9colonne.gif\" class=\"attachment-post-thumbnail size-post-thumbnail wp-post-image\" alt=\"\" \/><\/a><\/div><\/div><\/div><div class=\"wpadcenter-ad-container\" ><div id=\"wpadcenter-ad-276\" class=\"ad-placement\"><div class=\"wpadcenter-ad-inner\" ><a id=\"wpadcenter_ad\" data-value=\"276\" data-placement=\"\" href=\"http:\/\/www.camaraitaliana.mx\/\" target=\"_blank\" class=\"wpadcenter-ad-inner__item\" ><img decoding=\"async\"   src=\"https:\/\/puntodincontro.mx\/wp-content\/uploads\/2021\/08\/ccimnuovo.jpg\" class=\"attachment-post-thumbnail size-post-thumbnail wp-post-image\" alt=\"\" srcset=\"https:\/\/puntodincontro.mx\/wp-content\/uploads\/2021\/08\/ccimnuovo.jpg 200w, https:\/\/puntodincontro.mx\/wp-content\/uploads\/2021\/08\/ccimnuovo-18x5.jpg 18w\" sizes=\"(max-width: 200px) 100vw, 200px\" \/><\/a><\/div><\/div><\/div><div class=\"wpadcenter-ad-container\" ><div id=\"wpadcenter-ad-272\" class=\"ad-placement\"><div class=\"wpadcenter-ad-inner\" ><a id=\"wpadcenter_ad\" data-value=\"272\" data-placement=\"\" href=\"http:\/\/corix.us\/\" target=\"_blank\" class=\"wpadcenter-ad-inner__item\" ><img decoding=\"async\"   src=\"https:\/\/puntodincontro.mx\/wp-content\/uploads\/2021\/08\/corixbanner-1.jpg\" class=\"attachment-post-thumbnail size-post-thumbnail wp-post-image\" alt=\"\" srcset=\"https:\/\/puntodincontro.mx\/wp-content\/uploads\/2021\/08\/corixbanner-1.jpg 200w, https:\/\/puntodincontro.mx\/wp-content\/uploads\/2021\/08\/corixbanner-1-16x5.jpg 16w\" sizes=\"(max-width: 200px) 100vw, 200px\" \/><\/a><\/div><\/div><\/div><\/div><div class=\"wpadcenter-adgroup__row wpadcenter-aligncenter\"><div class=\"wpadcenter-ad-container\" ><div id=\"wpadcenter-ad-266\" class=\"ad-placement\"><div class=\"wpadcenter-ad-inner\" ><a id=\"wpadcenter_ad\" data-value=\"266\" data-placement=\"\" href=\"https:\/\/www.prinsel.com.mx\/\" target=\"_blank\" class=\"wpadcenter-ad-inner__item\" ><img decoding=\"async\"   src=\"https:\/\/puntodincontro.mx\/wp-content\/uploads\/2021\/08\/prinselbanner-1.jpg\" class=\"attachment-post-thumbnail size-post-thumbnail wp-post-image\" alt=\"\" srcset=\"https:\/\/puntodincontro.mx\/wp-content\/uploads\/2021\/08\/prinselbanner-1.jpg 200w, https:\/\/puntodincontro.mx\/wp-content\/uploads\/2021\/08\/prinselbanner-1-16x5.jpg 16w\" sizes=\"(max-width: 200px) 100vw, 200px\" \/><\/a><\/div><\/div><\/div><div class=\"wpadcenter-ad-container\" ><div id=\"wpadcenter-ad-261\" class=\"ad-placement\"><div class=\"wpadcenter-ad-inner\" ><a id=\"wpadcenter_ad\" data-value=\"261\" data-placement=\"\" href=\"https:\/\/faitalia.com.mx\/\" target=\"_blank\" class=\"wpadcenter-ad-inner__item\" ><img decoding=\"async\"   src=\"https:\/\/puntodincontro.mx\/wp-content\/uploads\/2021\/08\/gruppodino.jpg\" class=\"attachment-post-thumbnail size-post-thumbnail wp-post-image\" alt=\"\" srcset=\"https:\/\/puntodincontro.mx\/wp-content\/uploads\/2021\/08\/gruppodino.jpg 200w, https:\/\/puntodincontro.mx\/wp-content\/uploads\/2021\/08\/gruppodino-18x5.jpg 18w\" sizes=\"(max-width: 200px) 100vw, 200px\" \/><\/a><\/div><\/div><\/div><\/div><\/div>\n\n\n<div style=\"height:12px\" aria-hidden=\"true\" class=\"wp-block-spacer\"><\/div>","protected":false},"excerpt":{"rendered":"<p>Ore 16.54 &#8211; Dopo l&#8217;approvazione al Senato delle riforme alle leggi sull&#8217;Aviazione Civile e sugli Aeroporti, si avvicina il ritorno del Messico alla categoria 1, il livello pi\u00f9 alto della Valutazione della sicurezza aerea internazionale della Federal Aviation Administration (FAA) degli Stati Uniti. Questa classificazione \u00e8 una verifica del livello di conformit\u00e0 agli standard stabiliti dall&#8217;Organizzazione per l&#8217;aviazione civile internazionale per ciascun Paese i cui vettori aerei operano negli Stati Uniti. Nelle prossime ore saranno pubblicate sul Diario Oficial de la Federaci\u00f3n le modifiche legislative approvate in Messico, risolvendo cos\u00ec le \u201cnon conformit\u00e0\u201d mancanti , ha riferito ieri il ministero&#8230; <\/p>","protected":false},"author":2,"featured_media":12539,"comment_status":"open","ping_status":"open","sticky":false,"template":"","format":"standard","meta":{"_monsterinsights_skip_tracking":false,"_monsterinsights_sitenote_active":false,"_monsterinsights_sitenote_note":"","_monsterinsights_sitenote_category":0,"footnotes":""},"categories":[8],"tags":[],"class_list":["post-12537","post","type-post","status-publish","format-standard","has-post-thumbnail","hentry","category-viaggi"],"yoast_head":"<!-- This site is optimized with the Yoast SEO Premium plugin v18.4 (Yoast SEO v25.6) - https:\/\/yoast.com\/wordpress\/plugins\/seo\/ -->\n<title>Il Messico potr\u00e0 aumentare rotte e frequenze aeree verso gli Usa<\/title>\n<meta name=\"description\" content=\"Si avvicina il ritorno del Paese alla categoria 1, il livello pi\u00f9 alto della valutazione della sicurezza aerea della FAA.\" \/>\n<meta name=\"robots\" content=\"index, follow, max-snippet:-1, max-image-preview:large, max-video-preview:-1\" \/>\n<link rel=\"canonical\" href=\"https:\/\/puntodincontro.mx\/es\/2023\/04\/30\/mexico-podra-aumentar-rutas-y-frecuencias-hacia-estados-unidos\/\" \/>\n<meta property=\"og:locale\" content=\"es_MX\" \/>\n<meta property=\"og:type\" content=\"article\" \/>\n<meta property=\"og:title\" content=\"Il Messico potr\u00e0 aumentare rotte e frequenze aeree verso gli Usa\" \/>\n<meta property=\"og:description\" content=\"Si avvicina il ritorno del Paese alla categoria 1, il livello pi\u00f9 alto della valutazione della sicurezza aerea della FAA.\" \/>\n<meta property=\"og:url\" content=\"https:\/\/puntodincontro.mx\/es\/2023\/04\/30\/mexico-podra-aumentar-rutas-y-frecuencias-hacia-estados-unidos\/\" \/>\n<meta property=\"og:site_name\" content=\"Puntodincontro\" \/>\n<meta property=\"article:publisher\" content=\"https:\/\/www.facebook.com\/puntodincontro.mx\" \/>\n<meta property=\"article:published_time\" content=\"2023-04-30T23:01:58+00:00\" \/>\n<meta property=\"article:modified_time\" content=\"2023-04-30T23:16:47+00:00\" \/>\n<meta property=\"og:image\" content=\"https:\/\/puntodincontro.mx\/wp-content\/uploads\/2023\/04\/messicoaumentavolicomp.jpg\" \/>\n\t<meta property=\"og:image:width\" content=\"932\" \/>\n\t<meta property=\"og:image:height\" content=\"488\" \/>\n\t<meta property=\"og:image:type\" content=\"image\/jpeg\" \/>\n<meta name=\"author\" content=\"Puntodincontro\" \/>\n<meta name=\"twitter:card\" content=\"summary_large_image\" \/>\n<meta name=\"twitter:creator\" content=\"@puntodincontro\" \/>\n<meta name=\"twitter:site\" content=\"@puntodincontro\" \/>\n<meta name=\"twitter:label1\" content=\"Escrito por\" \/>\n\t<meta name=\"twitter:data1\" content=\"Puntodincontro\" \/>\n\t<meta name=\"twitter:label2\" content=\"Tiempo de lectura\" \/>\n\t<meta name=\"twitter:data2\" content=\"1 minuto\" \/>\n<script type=\"application\/ld+json\" class=\"yoast-schema-graph\">{\"@context\":\"https:\/\/schema.org\",\"@graph\":[{\"@type\":\"NewsArticle\",\"@id\":\"https:\/\/puntodincontro.mx\/2023\/04\/30\/il-paese-messico-potra-aumentare-rotte-e-frequenze-aeree-verso-gli-usa\/#article\",\"isPartOf\":{\"@id\":\"https:\/\/puntodincontro.mx\/2023\/04\/30\/il-paese-messico-potra-aumentare-rotte-e-frequenze-aeree-verso-gli-usa\/\"},\"author\":{\"name\":\"Puntodincontro\",\"@id\":\"https:\/\/puntodincontro.mx\/#\/schema\/person\/d3066d18a16259cbb0c29b0d0e93b556\"},\"headline\":\"Il Messico potr\u00e0 aumentare rotte e frequenze aeree verso gli Usa\",\"datePublished\":\"2023-04-30T23:01:58+00:00\",\"dateModified\":\"2023-04-30T23:16:47+00:00\",\"mainEntityOfPage\":{\"@id\":\"https:\/\/puntodincontro.mx\/2023\/04\/30\/il-paese-messico-potra-aumentare-rotte-e-frequenze-aeree-verso-gli-usa\/\"},\"wordCount\":206,\"commentCount\":1,\"publisher\":{\"@id\":\"https:\/\/puntodincontro.mx\/#organization\"},\"image\":{\"@id\":\"https:\/\/puntodincontro.mx\/2023\/04\/30\/il-paese-messico-potra-aumentare-rotte-e-frequenze-aeree-verso-gli-usa\/#primaryimage\"},\"thumbnailUrl\":\"https:\/\/puntodincontro.mx\/wp-content\/uploads\/2023\/04\/messicoaumentavolivert.webp\",\"articleSection\":[\"Viaggi\"],\"inLanguage\":\"es\",\"potentialAction\":[{\"@type\":\"CommentAction\",\"name\":\"Comment\",\"target\":[\"https:\/\/puntodincontro.mx\/2023\/04\/30\/il-paese-messico-potra-aumentare-rotte-e-frequenze-aeree-verso-gli-usa\/#respond\"]}]},{\"@type\":\"WebPage\",\"@id\":\"https:\/\/puntodincontro.mx\/2023\/04\/30\/il-paese-messico-potra-aumentare-rotte-e-frequenze-aeree-verso-gli-usa\/\",\"url\":\"https:\/\/puntodincontro.mx\/2023\/04\/30\/il-paese-messico-potra-aumentare-rotte-e-frequenze-aeree-verso-gli-usa\/\",\"name\":\"Il Messico potr\u00e0 aumentare rotte e frequenze aeree verso gli Usa\",\"isPartOf\":{\"@id\":\"https:\/\/puntodincontro.mx\/#website\"},\"primaryImageOfPage\":{\"@id\":\"https:\/\/puntodincontro.mx\/2023\/04\/30\/il-paese-messico-potra-aumentare-rotte-e-frequenze-aeree-verso-gli-usa\/#primaryimage\"},\"image\":{\"@id\":\"https:\/\/puntodincontro.mx\/2023\/04\/30\/il-paese-messico-potra-aumentare-rotte-e-frequenze-aeree-verso-gli-usa\/#primaryimage\"},\"thumbnailUrl\":\"https:\/\/puntodincontro.mx\/wp-content\/uploads\/2023\/04\/messicoaumentavolivert.webp\",\"datePublished\":\"2023-04-30T23:01:58+00:00\",\"dateModified\":\"2023-04-30T23:16:47+00:00\",\"description\":\"Si avvicina il ritorno del Paese alla categoria 1, il livello pi\u00f9 alto della valutazione della sicurezza aerea della FAA.\",\"breadcrumb\":{\"@id\":\"https:\/\/puntodincontro.mx\/2023\/04\/30\/il-paese-messico-potra-aumentare-rotte-e-frequenze-aeree-verso-gli-usa\/#breadcrumb\"},\"inLanguage\":\"es\",\"potentialAction\":[{\"@type\":\"ReadAction\",\"target\":[\"https:\/\/puntodincontro.mx\/2023\/04\/30\/il-paese-messico-potra-aumentare-rotte-e-frequenze-aeree-verso-gli-usa\/\"]}]},{\"@type\":\"ImageObject\",\"inLanguage\":\"es\",\"@id\":\"https:\/\/puntodincontro.mx\/2023\/04\/30\/il-paese-messico-potra-aumentare-rotte-e-frequenze-aeree-verso-gli-usa\/#primaryimage\",\"url\":\"https:\/\/puntodincontro.mx\/wp-content\/uploads\/2023\/04\/messicoaumentavolivert.webp\",\"contentUrl\":\"https:\/\/puntodincontro.mx\/wp-content\/uploads\/2023\/04\/messicoaumentavolivert.webp\",\"width\":423,\"height\":488,\"caption\":\"Il Messico potr\u00e0 aumentare rotte e frequenze aeree verso gli Usa \/ Foto di Eduardo Cano Photo Co. su Unsplash\"},{\"@type\":\"BreadcrumbList\",\"@id\":\"https:\/\/puntodincontro.mx\/2023\/04\/30\/il-paese-messico-potra-aumentare-rotte-e-frequenze-aeree-verso-gli-usa\/#breadcrumb\",\"itemListElement\":[{\"@type\":\"ListItem\",\"position\":1,\"name\":\"Home\",\"item\":\"https:\/\/puntodincontro.mx\/\"},{\"@type\":\"ListItem\",\"position\":2,\"name\":\"Il Messico potr\u00e0 aumentare rotte e frequenze aeree verso gli Usa\"}]},{\"@type\":\"WebSite\",\"@id\":\"https:\/\/puntodincontro.mx\/#website\",\"url\":\"https:\/\/puntodincontro.mx\/\",\"name\":\"Puntodincontro\",\"description\":\"Dal 2006 notizie sui rapporti Italia-Messico \/ Desde 2006 noticias sobre las relaciones entre Italia y M\u00e9xico\",\"publisher\":{\"@id\":\"https:\/\/puntodincontro.mx\/#organization\"},\"potentialAction\":[{\"@type\":\"SearchAction\",\"target\":{\"@type\":\"EntryPoint\",\"urlTemplate\":\"https:\/\/puntodincontro.mx\/?s={search_term_string}\"},\"query-input\":{\"@type\":\"PropertyValueSpecification\",\"valueRequired\":true,\"valueName\":\"search_term_string\"}}],\"inLanguage\":\"es\"},{\"@type\":\"Organization\",\"@id\":\"https:\/\/puntodincontro.mx\/#organization\",\"name\":\"Puntodincontro\",\"url\":\"https:\/\/puntodincontro.mx\/\",\"logo\":{\"@type\":\"ImageObject\",\"inLanguage\":\"es\",\"@id\":\"https:\/\/puntodincontro.mx\/#\/schema\/logo\/image\/\",\"url\":\"https:\/\/puntodincontro.mx\/wp-content\/uploads\/2021\/08\/Default-image-for-open-graph-settings.jpg\",\"contentUrl\":\"https:\/\/puntodincontro.mx\/wp-content\/uploads\/2021\/08\/Default-image-for-open-graph-settings.jpg\",\"width\":1200,\"height\":630,\"caption\":\"Puntodincontro\"},\"image\":{\"@id\":\"https:\/\/puntodincontro.mx\/#\/schema\/logo\/image\/\"},\"sameAs\":[\"https:\/\/www.facebook.com\/puntodincontro.mx\",\"https:\/\/x.com\/puntodincontro\",\"https:\/\/www.instagram.com\/puntodincontro.mx\/\",\"https:\/\/www.linkedin.com\/company\/puntodincontro\/\",\"https:\/\/www.youtube.com\/c\/puntodincontromessico\",\"https:\/\/www.patreon.com\/puntodincontro\",\"https:\/\/www.threads.net\/@puntodincontro.mx\"]},{\"@type\":\"Person\",\"@id\":\"https:\/\/puntodincontro.mx\/#\/schema\/person\/d3066d18a16259cbb0c29b0d0e93b556\",\"name\":\"Puntodincontro\",\"image\":{\"@type\":\"ImageObject\",\"inLanguage\":\"es\",\"@id\":\"https:\/\/puntodincontro.mx\/#\/schema\/person\/image\/\",\"url\":\"https:\/\/secure.gravatar.com\/avatar\/0e85b4b3b5e9d6bfcec6a4956d8cc63a?s=96&d=mm&r=g\",\"contentUrl\":\"https:\/\/secure.gravatar.com\/avatar\/0e85b4b3b5e9d6bfcec6a4956d8cc63a?s=96&d=mm&r=g\",\"caption\":\"Puntodincontro\"},\"url\":\"https:\/\/puntodincontro.mx\/es\/author\/puntodincontro\/\"}]}<\/script>\n<!-- \/ Yoast SEO Premium plugin. -->","yoast_head_json":{"title":"M\u00e9xico podr\u00e1 aumentar rutas y frecuencias a\u00e9reas a Estados Unidos","description":"Se acerca el regreso del pa\u00eds a la Categor\u00eda 1, el nivel m\u00e1s alto de la calificaci\u00f3n de seguridad de la aviaci\u00f3n de la FAA.","robots":{"index":"index","follow":"follow","max-snippet":"max-snippet:-1","max-image-preview":"max-image-preview:large","max-video-preview":"max-video-preview:-1"},"canonical":"https:\/\/puntodincontro.mx\/es\/2023\/04\/30\/mexico-podra-aumentar-rutas-y-frecuencias-hacia-estados-unidos\/","og_locale":"es_MX","og_type":"article","og_title":"Il Messico potr\u00e0 aumentare rotte e frequenze aeree verso gli Usa","og_description":"Si avvicina il ritorno del Paese alla categoria 1, il livello pi\u00f9 alto della valutazione della sicurezza aerea della FAA.","og_url":"https:\/\/puntodincontro.mx\/es\/2023\/04\/30\/mexico-podra-aumentar-rutas-y-frecuencias-hacia-estados-unidos\/","og_site_name":"Puntodincontro","article_publisher":"https:\/\/www.facebook.com\/puntodincontro.mx","article_published_time":"2023-04-30T23:01:58+00:00","article_modified_time":"2023-04-30T23:16:47+00:00","og_image":[{"width":932,"height":488,"url":"https:\/\/puntodincontro.mx\/wp-content\/uploads\/2023\/04\/messicoaumentavolicomp.jpg","type":"image\/jpeg"}],"author":"Puntodincontro","twitter_card":"summary_large_image","twitter_creator":"@puntodincontro","twitter_site":"@puntodincontro","twitter_misc":{"Escrito por":"Puntodincontro","Tiempo de lectura":"1 minuto"},"schema":{"@context":"https:\/\/schema.org","@graph":[{"@type":"NewsArticle","@id":"https:\/\/puntodincontro.mx\/2023\/04\/30\/il-paese-messico-potra-aumentare-rotte-e-frequenze-aeree-verso-gli-usa\/#article","isPartOf":{"@id":"https:\/\/puntodincontro.mx\/2023\/04\/30\/il-paese-messico-potra-aumentare-rotte-e-frequenze-aeree-verso-gli-usa\/"},"author":{"name":"Puntodincontro","@id":"https:\/\/puntodincontro.mx\/#\/schema\/person\/d3066d18a16259cbb0c29b0d0e93b556"},"headline":"Il Messico potr\u00e0 aumentare rotte e frequenze aeree verso gli Usa","datePublished":"2023-04-30T23:01:58+00:00","dateModified":"2023-04-30T23:16:47+00:00","mainEntityOfPage":{"@id":"https:\/\/puntodincontro.mx\/2023\/04\/30\/il-paese-messico-potra-aumentare-rotte-e-frequenze-aeree-verso-gli-usa\/"},"wordCount":206,"commentCount":1,"publisher":{"@id":"https:\/\/puntodincontro.mx\/#organization"},"image":{"@id":"https:\/\/puntodincontro.mx\/2023\/04\/30\/il-paese-messico-potra-aumentare-rotte-e-frequenze-aeree-verso-gli-usa\/#primaryimage"},"thumbnailUrl":"https:\/\/puntodincontro.mx\/wp-content\/uploads\/2023\/04\/messicoaumentavolivert.webp","articleSection":["Viaggi"],"inLanguage":"es","potentialAction":[{"@type":"CommentAction","name":"Comment","target":["https:\/\/puntodincontro.mx\/2023\/04\/30\/il-paese-messico-potra-aumentare-rotte-e-frequenze-aeree-verso-gli-usa\/#respond"]}]},{"@type":"WebPage","@id":"https:\/\/puntodincontro.mx\/2023\/04\/30\/il-paese-messico-potra-aumentare-rotte-e-frequenze-aeree-verso-gli-usa\/","url":"https:\/\/puntodincontro.mx\/2023\/04\/30\/il-paese-messico-potra-aumentare-rotte-e-frequenze-aeree-verso-gli-usa\/","name":"M\u00e9xico podr\u00e1 aumentar rutas y frecuencias a\u00e9reas a Estados Unidos","isPartOf":{"@id":"https:\/\/puntodincontro.mx\/#website"},"primaryImageOfPage":{"@id":"https:\/\/puntodincontro.mx\/2023\/04\/30\/il-paese-messico-potra-aumentare-rotte-e-frequenze-aeree-verso-gli-usa\/#primaryimage"},"image":{"@id":"https:\/\/puntodincontro.mx\/2023\/04\/30\/il-paese-messico-potra-aumentare-rotte-e-frequenze-aeree-verso-gli-usa\/#primaryimage"},"thumbnailUrl":"https:\/\/puntodincontro.mx\/wp-content\/uploads\/2023\/04\/messicoaumentavolivert.webp","datePublished":"2023-04-30T23:01:58+00:00","dateModified":"2023-04-30T23:16:47+00:00","description":"Se acerca el regreso del pa\u00eds a la Categor\u00eda 1, el nivel m\u00e1s alto de la calificaci\u00f3n de seguridad de la aviaci\u00f3n de la FAA.","breadcrumb":{"@id":"https:\/\/puntodincontro.mx\/2023\/04\/30\/il-paese-messico-potra-aumentare-rotte-e-frequenze-aeree-verso-gli-usa\/#breadcrumb"},"inLanguage":"es","potentialAction":[{"@type":"ReadAction","target":["https:\/\/puntodincontro.mx\/2023\/04\/30\/il-paese-messico-potra-aumentare-rotte-e-frequenze-aeree-verso-gli-usa\/"]}]},{"@type":"ImageObject","inLanguage":"es","@id":"https:\/\/puntodincontro.mx\/2023\/04\/30\/il-paese-messico-potra-aumentare-rotte-e-frequenze-aeree-verso-gli-usa\/#primaryimage","url":"https:\/\/puntodincontro.mx\/wp-content\/uploads\/2023\/04\/messicoaumentavolivert.webp","contentUrl":"https:\/\/puntodincontro.mx\/wp-content\/uploads\/2023\/04\/messicoaumentavolivert.webp","width":423,"height":488,"caption":"Il Messico potr\u00e0 aumentare rotte e frequenze aeree verso gli Usa \/ Foto di Eduardo Cano Photo Co. su Unsplash"},{"@type":"BreadcrumbList","@id":"https:\/\/puntodincontro.mx\/2023\/04\/30\/il-paese-messico-potra-aumentare-rotte-e-frequenze-aeree-verso-gli-usa\/#breadcrumb","itemListElement":[{"@type":"ListItem","position":1,"name":"Home","item":"https:\/\/puntodincontro.mx\/"},{"@type":"ListItem","position":2,"name":"Il Messico potr\u00e0 aumentare rotte e frequenze aeree verso gli Usa"}]},{"@type":"WebSite","@id":"https:\/\/puntodincontro.mx\/#website","url":"https:\/\/puntodincontro.mx\/","name":"Puntodincontro","description":"Desde el 2006 noticias sobre las relaciones entre Italia y M\u00e9xico \/ Dal 2006 notizie sui rapporti Italia-Messico","publisher":{"@id":"https:\/\/puntodincontro.mx\/#organization"},"potentialAction":[{"@type":"SearchAction","target":{"@type":"EntryPoint","urlTemplate":"https:\/\/puntodincontro.mx\/?s={search_term_string}"},"query-input":{"@type":"PropertyValueSpecification","valueRequired":true,"valueName":"search_term_string"}}],"inLanguage":"es"},{"@type":"Organization","@id":"https:\/\/puntodincontro.mx\/#organization","name":"Puntodincontro","url":"https:\/\/puntodincontro.mx\/","logo":{"@type":"ImageObject","inLanguage":"es","@id":"https:\/\/puntodincontro.mx\/#\/schema\/logo\/image\/","url":"https:\/\/puntodincontro.mx\/wp-content\/uploads\/2021\/08\/Default-image-for-open-graph-settings.jpg","contentUrl":"https:\/\/puntodincontro.mx\/wp-content\/uploads\/2021\/08\/Default-image-for-open-graph-settings.jpg","width":1200,"height":630,"caption":"Puntodincontro"},"image":{"@id":"https:\/\/puntodincontro.mx\/#\/schema\/logo\/image\/"},"sameAs":["https:\/\/www.facebook.com\/puntodincontro.mx","https:\/\/x.com\/puntodincontro","https:\/\/www.instagram.com\/puntodincontro.mx\/","https:\/\/www.linkedin.com\/company\/puntodincontro\/","https:\/\/www.youtube.com\/c\/puntodincontromessico","https:\/\/www.patreon.com\/puntodincontro","https:\/\/www.threads.net\/@puntodincontro.mx"]},{"@type":"Person","@id":"https:\/\/puntodincontro.mx\/#\/schema\/person\/d3066d18a16259cbb0c29b0d0e93b556","name":"Puntodincontro","image":{"@type":"ImageObject","inLanguage":"es","@id":"https:\/\/puntodincontro.mx\/#\/schema\/person\/image\/","url":"https:\/\/secure.gravatar.com\/avatar\/0e85b4b3b5e9d6bfcec6a4956d8cc63a?s=96&d=mm&r=g","contentUrl":"https:\/\/secure.gravatar.com\/avatar\/0e85b4b3b5e9d6bfcec6a4956d8cc63a?s=96&d=mm&r=g","caption":"Puntodincontro"},"url":"https:\/\/puntodincontro.mx\/es\/author\/puntodincontro\/"}]}},"_links":{"self":[{"href":"https:\/\/puntodincontro.mx\/es\/wp-json\/wp\/v2\/posts\/12537"}],"collection":[{"href":"https:\/\/puntodincontro.mx\/es\/wp-json\/wp\/v2\/posts"}],"about":[{"href":"https:\/\/puntodincontro.mx\/es\/wp-json\/wp\/v2\/types\/post"}],"author":[{"embeddable":true,"href":"https:\/\/puntodincontro.mx\/es\/wp-json\/wp\/v2\/users\/2"}],"replies":[{"embeddable":true,"href":"https:\/\/puntodincontro.mx\/es\/wp-json\/wp\/v2\/comments?post=12537"}],"version-history":[{"count":8,"href":"https:\/\/puntodincontro.mx\/es\/wp-json\/wp\/v2\/posts\/12537\/revisions"}],"predecessor-version":[{"id":12548,"href":"https:\/\/puntodincontro.mx\/es\/wp-json\/wp\/v2\/posts\/12537\/revisions\/12548"}],"wp:featuredmedia":[{"embeddable":true,"href":"https:\/\/puntodincontro.mx\/es\/wp-json\/wp\/v2\/media\/12539"}],"wp:attachment":[{"href":"https:\/\/puntodincontro.mx\/es\/wp-json\/wp\/v2\/media?parent=12537"}],"wp:term":[{"taxonomy":"category","embeddable":true,"href":"https:\/\/puntodincontro.mx\/es\/wp-json\/wp\/v2\/categories?post=12537"},{"taxonomy":"post_tag","embeddable":true,"href":"https:\/\/puntodincontro.mx\/es\/wp-json\/wp\/v2\/tags?post=12537"}],"curies":[{"name":"wp","href":"https:\/\/api.w.org\/{rel}","templated":true}]}}