{"id":12550,"date":"2023-05-01T12:51:32","date_gmt":"2023-05-01T17:51:32","guid":{"rendered":"https:\/\/puntodincontro.mx\/?p=12550"},"modified":"2023-05-01T12:52:42","modified_gmt":"2023-05-01T17:52:42","slug":"misioneros-italianos-en-mexico-entre-el-porfiriato-y-la-revolucion","status":"publish","type":"post","link":"https:\/\/puntodincontro.mx\/es\/2023\/05\/01\/missionari-italiani-in-messico-tra-porfiriato-e-rivoluzione\/","title":{"rendered":"Misioneros italianos en M\u00e9xico entre el porfiriato y la revoluci\u00f3n"},"content":{"rendered":"<p class=\"translation-block\"><strong>11:33 hrs.<\/strong> - El lunes 24 de abril, se llev\u00f3 a cabo en la ciudad mexicana de Ensenada la conferencia \u201cMisioneros Italianos en la Baja California\u201d, impartida por Massimo De Giuseppe, docente de la Universidad IULM de Mil\u00e1n, Italia.<\/p>\n\n\n\n<p>La exposici\u00f3n se centr\u00f3 en un caso singular y casi olvidado, el de los misioneros de San Pedro y San Pablo en Baja California: una experiencia enteramente italiana que se desarroll\u00f3 en una de las regiones m\u00e1s perif\u00e9ricas de M\u00e9xico en la \u00e9poca porfiriana.<\/p>\n\n\n\n<p class=\"translation-block\">El Seminario Romano Pontificio de los Santos Ap\u00f3stoles Pedro y Pablo hab\u00eda sido expresamente impulsado por el Papa P\u00edo IX (1792-1878), quien lo hab\u00eda confiado a la Congregaci\u00f3n de Propaganda Fide. Su promotor hab\u00eda sido el sacerdote romano Pietro Avanzini, formado en el colegio de Capranica y fundador de la revista misionera <em>Acta Sanctae Sedis<\/em>.<\/p>\n\n\n\n<p>El nuevo instituto, establecido en 1867, se inspir\u00f3 en una concepci\u00f3n m\u00e1s clerical y vaticana del esp\u00edritu misionero con respecto al seminario lombardo de Mons. Ramazzotti (por ejemplo, no se admit\u00edan laicos), con el cual se fusionar\u00eda m\u00e1s tarde en 1926, dando vida al Pontificio Instituto para las Misiones Extranjeras (PIME).<\/p>\n\n\n\n<p>Los primeros alumnos formados en el seminario romano fueron enviados a finales de la d\u00e9cada de 1870 a las misiones milanesas de Queensland, Hong Kong, Bengala, Albania y luego a Paraguay y Colombia. Antes del Vicariato de Baja California en M\u00e9xico, a partir de 1883, los misioneros romanos obtuvieron el control de la Misi\u00f3n de California Clear Lake y el Vicariato del sur de Shaanxi en China.<\/p>\n\n\n\n<p>El experimento misionero al que se refiri\u00f3 el prof. De Giuseppe, casi cien a\u00f1os despu\u00e9s de su conclusi\u00f3n, subray\u00f3 algunos puntos interesantes en una perspectiva de experiencias cruzadas \u00edtalo-mexicanas.<\/p>\n\n\n\n<p>Seg\u00fan se desprende de los papeles del archivo del PIME en Roma, la misi\u00f3n mexicana qued\u00f3 formalmente constituida, con decreto de Propaganda Fide, el 8 de noviembre de 1895, casi coincidiendo con la partida hacia La Paz de los primeros evangelizadores: el superior, Luigi Pettinelli, del Lacio, junto con los padres Domenico Scarpetta, de Apulia, y Paolo Rivelli, de Piamonte (de Lomellina, aunque en la di\u00f3cesis de Vigevano). Los pocos predicadores presentes, a los que pronto se sumar\u00eda el padre Tedeschini Lalli, iniciaron su actividad con el objetivo de recuperar las antiguas misiones jesu\u00edticas abandonadas y restaurar las antiguas parroquias, distribuy\u00e9ndose entre La Paz, San Jos\u00e9 del Cabo y Ensenada de los Santos en la zona norte de la sierra, en plena regi\u00f3n minera peninsular.<\/p>\n\n\n\n<p class=\"translation-block\">La exposici\u00f3n del Prof. De Giuseppe se bas\u00f3 en su investigaci\u00f3n titulada <em><a href=\"https:\/\/puntodincontro.mx\/pdf\/missionari_e_religiosi_italiani_in_messico.pdf\" target=\"_blank\" rel=\"noreferrer noopener\">Missionari e religiosi italiani in Messico tra porfiriato e rivoluzione: documenti dal vicariato apostolico della Baja California<\/a><\/em> publicada en 2011 por el Instituto de Historia de la Europa Mediterr\u00e1nea del <em>Consiglio Nazionale delle Ricerche<\/em> y se puede ser vista accediendo a <a href=\"https:\/\/www.facebook.com\/watch\/live\/?extid=CL-UNK-UNK-UNK-AN_GK0T-GK1C&amp;ref=watch_permalink&amp;v=199500792926421\" target=\"_blank\" rel=\"noreferrer noopener\">este enlace<\/a>.<\/p>\n\n\n\n<p class=\"has-small-font-size\">Foto: Seminario de Historia de Baja California<\/p>\n\n\n\n<div style=\"height:12px\" aria-hidden=\"true\" class=\"wp-block-spacer\"><\/div>\n\n\n<!-- Ad space powered by WP AdCenter v2.5.7 - https:\/\/wpadcenter.com\/ --><div class=\"wpadcenter-adgroup\" ><div class=\"wpadcenter-adgroup__row wpadcenter-aligncenter\"><div class=\"wpadcenter-ad-container\" ><div id=\"wpadcenter-ad-18464\" class=\"ad-placement\"><div class=\"wpadcenter-ad-inner\" ><a id=\"wpadcenter_ad\" data-value=\"18464\" data-placement=\"\" href=\"https:\/\/www.productosremo.com\/\" target=\"_blank\" class=\"wpadcenter-ad-inner__item\" ><img decoding=\"async\"   src=\"https:\/\/puntodincontro.mx\/wp-content\/uploads\/2021\/08\/remobanner.jpg\" class=\"attachment-post-thumbnail size-post-thumbnail wp-post-image\" alt=\"\" srcset=\"https:\/\/puntodincontro.mx\/wp-content\/uploads\/2021\/08\/remobanner.jpg 200w, https:\/\/puntodincontro.mx\/wp-content\/uploads\/2021\/08\/remobanner-16x5.jpg 16w\" sizes=\"(max-width: 200px) 100vw, 200px\" \/><\/a><\/div><\/div><\/div><div class=\"wpadcenter-ad-container\" ><div id=\"wpadcenter-ad-5305\" class=\"ad-placement\"><div class=\"wpadcenter-ad-inner\" ><a id=\"wpadcenter_ad\" data-value=\"5305\" data-placement=\"\" href=\"https:\/\/ambcittadelmessico.esteri.it\/ambasciata_cittadelmessico\/it\/\" target=\"_blank\" class=\"wpadcenter-ad-inner__item\" ><img decoding=\"async\"   src=\"https:\/\/puntodincontro.mx\/wp-content\/uploads\/2022\/05\/Ambasciata.jpg\" class=\"attachment-post-thumbnail size-post-thumbnail wp-post-image\" alt=\"\" srcset=\"https:\/\/puntodincontro.mx\/wp-content\/uploads\/2022\/05\/Ambasciata.jpg 200w, https:\/\/puntodincontro.mx\/wp-content\/uploads\/2022\/05\/Ambasciata-18x5.jpg 18w\" sizes=\"(max-width: 200px) 100vw, 200px\" \/><\/a><\/div><\/div><\/div><div class=\"wpadcenter-ad-container\" ><div id=\"wpadcenter-ad-3781\" class=\"ad-placement\"><div class=\"wpadcenter-ad-inner\" ><a id=\"wpadcenter_ad\" data-value=\"3781\" data-placement=\"\" href=\"https:\/\/cannizzo.com.mx\/\" target=\"_blank\" class=\"wpadcenter-ad-inner__item\" ><img decoding=\"async\"   src=\"https:\/\/puntodincontro.mx\/wp-content\/uploads\/2022\/03\/cannizzo2.jpg\" class=\"attachment-post-thumbnail size-post-thumbnail wp-post-image\" alt=\"\" srcset=\"https:\/\/puntodincontro.mx\/wp-content\/uploads\/2022\/03\/cannizzo2.jpg 200w, https:\/\/puntodincontro.mx\/wp-content\/uploads\/2022\/03\/cannizzo2-18x5.jpg 18w\" sizes=\"(max-width: 200px) 100vw, 200px\" \/><\/a><\/div><\/div><\/div><\/div><div class=\"wpadcenter-adgroup__row wpadcenter-aligncenter\"><div class=\"wpadcenter-ad-container\" ><div id=\"wpadcenter-ad-1704\" class=\"ad-placement\"><div class=\"wpadcenter-ad-inner\" ><a id=\"wpadcenter_ad\" data-value=\"1704\" data-placement=\"\" href=\"https:\/\/puntodincontro.mx\/es\/2021\/12\/24\/inps-verificacion-de-supervivencia-de-los-pensionados-en-el-extranjero\/\" target=\"_blank\" class=\"wpadcenter-ad-inner__item\" ><img decoding=\"async\"   src=\"https:\/\/puntodincontro.mx\/wp-content\/uploads\/2021\/11\/logo-ital.jpg\" class=\"attachment-post-thumbnail size-post-thumbnail wp-post-image\" alt=\"Patronato ITAL Messico\" srcset=\"https:\/\/puntodincontro.mx\/wp-content\/uploads\/2021\/11\/logo-ital.jpg 200w, https:\/\/puntodincontro.mx\/wp-content\/uploads\/2021\/11\/logo-ital-16x5.jpg 16w\" sizes=\"(max-width: 200px) 100vw, 200px\" \/><\/a><\/div><\/div><\/div><div class=\"wpadcenter-ad-container\" ><div id=\"wpadcenter-ad-1538\" class=\"ad-placement\"><div class=\"wpadcenter-ad-inner\" ><a id=\"wpadcenter_ad\" data-value=\"1538\" data-placement=\"\" href=\"https:\/\/asociacionitaliana.org\/\" target=\"_blank\" class=\"wpadcenter-ad-inner__item\" ><img decoding=\"async\"   src=\"https:\/\/puntodincontro.mx\/wp-content\/uploads\/2021\/11\/aialogo.jpg\" class=\"attachment-post-thumbnail size-post-thumbnail wp-post-image\" alt=\"Associazione Italiana di Assistenza IAP\" srcset=\"https:\/\/puntodincontro.mx\/wp-content\/uploads\/2021\/11\/aialogo.jpg 200w, https:\/\/puntodincontro.mx\/wp-content\/uploads\/2021\/11\/aialogo-18x5.jpg 18w\" sizes=\"(max-width: 200px) 100vw, 200px\" \/><\/a><\/div><\/div><\/div><div class=\"wpadcenter-ad-container\" ><div id=\"wpadcenter-ad-1513\" class=\"ad-placement\"><div class=\"wpadcenter-ad-inner\" ><a id=\"wpadcenter_ad\" data-value=\"1513\" data-placement=\"\" href=\"https:\/\/gcinmuebles.mx\" target=\"_blank\" class=\"wpadcenter-ad-inner__item\" ><img decoding=\"async\"   src=\"https:\/\/puntodincontro.mx\/wp-content\/uploads\/2021\/10\/gcinmuebleslogopunto-1.jpg\" class=\"attachment-post-thumbnail size-post-thumbnail wp-post-image\" alt=\"\" srcset=\"https:\/\/puntodincontro.mx\/wp-content\/uploads\/2021\/10\/gcinmuebleslogopunto-1.jpg 200w, https:\/\/puntodincontro.mx\/wp-content\/uploads\/2021\/10\/gcinmuebleslogopunto-1-18x5.jpg 18w\" sizes=\"(max-width: 200px) 100vw, 200px\" \/><\/a><\/div><\/div><\/div><\/div><div class=\"wpadcenter-adgroup__row wpadcenter-aligncenter\"><div class=\"wpadcenter-ad-container\" ><div id=\"wpadcenter-ad-1374\" class=\"ad-placement\"><div class=\"wpadcenter-ad-inner\" ><a id=\"wpadcenter_ad\" data-value=\"1374\" data-placement=\"\" href=\"https:\/\/www.9colonne.it\/\" target=\"_blank\" class=\"wpadcenter-ad-inner__item\" ><img decoding=\"async\"   src=\"https:\/\/puntodincontro.mx\/wp-content\/uploads\/2021\/10\/Banner9colonne.gif\" class=\"attachment-post-thumbnail size-post-thumbnail wp-post-image\" alt=\"\" \/><\/a><\/div><\/div><\/div><div class=\"wpadcenter-ad-container\" ><div id=\"wpadcenter-ad-276\" class=\"ad-placement\"><div class=\"wpadcenter-ad-inner\" ><a id=\"wpadcenter_ad\" data-value=\"276\" data-placement=\"\" href=\"http:\/\/www.camaraitaliana.mx\/\" target=\"_blank\" class=\"wpadcenter-ad-inner__item\" ><img decoding=\"async\"   src=\"https:\/\/puntodincontro.mx\/wp-content\/uploads\/2021\/08\/ccimnuovo.jpg\" class=\"attachment-post-thumbnail size-post-thumbnail wp-post-image\" alt=\"\" srcset=\"https:\/\/puntodincontro.mx\/wp-content\/uploads\/2021\/08\/ccimnuovo.jpg 200w, https:\/\/puntodincontro.mx\/wp-content\/uploads\/2021\/08\/ccimnuovo-18x5.jpg 18w\" sizes=\"(max-width: 200px) 100vw, 200px\" \/><\/a><\/div><\/div><\/div><div class=\"wpadcenter-ad-container\" ><div id=\"wpadcenter-ad-272\" class=\"ad-placement\"><div class=\"wpadcenter-ad-inner\" ><a id=\"wpadcenter_ad\" data-value=\"272\" data-placement=\"\" href=\"http:\/\/corix.us\/\" target=\"_blank\" class=\"wpadcenter-ad-inner__item\" ><img decoding=\"async\"   src=\"https:\/\/puntodincontro.mx\/wp-content\/uploads\/2021\/08\/corixbanner-1.jpg\" class=\"attachment-post-thumbnail size-post-thumbnail wp-post-image\" alt=\"\" srcset=\"https:\/\/puntodincontro.mx\/wp-content\/uploads\/2021\/08\/corixbanner-1.jpg 200w, https:\/\/puntodincontro.mx\/wp-content\/uploads\/2021\/08\/corixbanner-1-16x5.jpg 16w\" sizes=\"(max-width: 200px) 100vw, 200px\" \/><\/a><\/div><\/div><\/div><\/div><div class=\"wpadcenter-adgroup__row wpadcenter-aligncenter\"><div class=\"wpadcenter-ad-container\" ><div id=\"wpadcenter-ad-266\" class=\"ad-placement\"><div class=\"wpadcenter-ad-inner\" ><a id=\"wpadcenter_ad\" data-value=\"266\" data-placement=\"\" href=\"https:\/\/www.prinsel.com.mx\/\" target=\"_blank\" class=\"wpadcenter-ad-inner__item\" ><img decoding=\"async\"   src=\"https:\/\/puntodincontro.mx\/wp-content\/uploads\/2021\/08\/prinselbanner-1.jpg\" class=\"attachment-post-thumbnail size-post-thumbnail wp-post-image\" alt=\"\" srcset=\"https:\/\/puntodincontro.mx\/wp-content\/uploads\/2021\/08\/prinselbanner-1.jpg 200w, https:\/\/puntodincontro.mx\/wp-content\/uploads\/2021\/08\/prinselbanner-1-16x5.jpg 16w\" sizes=\"(max-width: 200px) 100vw, 200px\" \/><\/a><\/div><\/div><\/div><div class=\"wpadcenter-ad-container\" ><div id=\"wpadcenter-ad-261\" class=\"ad-placement\"><div class=\"wpadcenter-ad-inner\" ><a id=\"wpadcenter_ad\" data-value=\"261\" data-placement=\"\" href=\"https:\/\/faitalia.com.mx\/\" target=\"_blank\" class=\"wpadcenter-ad-inner__item\" ><img decoding=\"async\"   src=\"https:\/\/puntodincontro.mx\/wp-content\/uploads\/2021\/08\/gruppodino.jpg\" class=\"attachment-post-thumbnail size-post-thumbnail wp-post-image\" alt=\"\" srcset=\"https:\/\/puntodincontro.mx\/wp-content\/uploads\/2021\/08\/gruppodino.jpg 200w, https:\/\/puntodincontro.mx\/wp-content\/uploads\/2021\/08\/gruppodino-18x5.jpg 18w\" sizes=\"(max-width: 200px) 100vw, 200px\" \/><\/a><\/div><\/div><\/div><\/div><\/div>\n\n\n<div style=\"height:12px\" aria-hidden=\"true\" class=\"wp-block-spacer\"><\/div>","protected":false},"excerpt":{"rendered":"<p>Ore 11.33 &#8211; Luned\u00ec 24 aprile ha avuto luogo nella citt\u00e0 messicana di Ensenada la conferenza Misioneros italianos en la Baja California, tenuta da Massimo De Giuseppe, docente dell&#8217;Universit\u00e0 IULM di Milano. L&#8217;esposizione si \u00e8 centrata su un caso singolare e quasi dimenticato, quello dei missionari di San Pietro e Paolo nella Baja California: un\u2019esperienza integralmente italiana sviluppatasi in una delle regioni pi\u00f9 periferiche del Messico nell&#8217;epoca porfiriana. Il Pontificio seminario romano dei Ss. Aa. Pietro e Paolo era stato voluto esplicitamente da Pio IX (1792-1878), che l\u2019aveva affidato alla Congregazione di Propaganda Fide. Il suo promotore era stato il&#8230; <\/p>","protected":false},"author":2,"featured_media":12555,"comment_status":"open","ping_status":"open","sticky":false,"template":"","format":"standard","meta":{"_monsterinsights_skip_tracking":false,"_monsterinsights_sitenote_active":false,"_monsterinsights_sitenote_note":"","_monsterinsights_sitenote_category":0,"footnotes":""},"categories":[25],"tags":[],"class_list":["post-12550","post","type-post","status-publish","format-standard","has-post-thumbnail","hentry","category-cultura"],"yoast_head":"<!-- This site is optimized with the Yoast SEO Premium plugin v18.4 (Yoast SEO v25.6) - https:\/\/yoast.com\/wordpress\/plugins\/seo\/ -->\n<title>Missionari italiani in Messico tra porfiriato e rivoluzione<\/title>\n<meta name=\"description\" content=\"Alcuni giorni fa ha avuto luogo a Ensenada la conferenza \u201cMisioneros italianos en la Baja California\u201d, tenuta da Massimo De Giuseppe.\" \/>\n<meta name=\"robots\" content=\"index, follow, max-snippet:-1, max-image-preview:large, max-video-preview:-1\" \/>\n<link rel=\"canonical\" href=\"https:\/\/puntodincontro.mx\/es\/2023\/05\/01\/misioneros-italianos-en-mexico-entre-el-porfiriato-y-la-revolucion\/\" \/>\n<meta property=\"og:locale\" content=\"es_MX\" \/>\n<meta property=\"og:type\" content=\"article\" \/>\n<meta property=\"og:title\" content=\"Missionari italiani in Messico tra porfiriato e rivoluzione\" \/>\n<meta property=\"og:description\" content=\"Alcuni giorni fa ha avuto luogo a Ensenada la conferenza \u201cMisioneros italianos en la Baja California\u201d, tenuta da Massimo De Giuseppe.\" \/>\n<meta property=\"og:url\" content=\"https:\/\/puntodincontro.mx\/es\/2023\/05\/01\/misioneros-italianos-en-mexico-entre-el-porfiriato-y-la-revolucion\/\" \/>\n<meta property=\"og:site_name\" content=\"Puntodincontro\" \/>\n<meta property=\"article:publisher\" content=\"https:\/\/www.facebook.com\/puntodincontro.mx\" \/>\n<meta property=\"article:published_time\" content=\"2023-05-01T17:51:32+00:00\" \/>\n<meta property=\"article:modified_time\" content=\"2023-05-01T17:52:42+00:00\" \/>\n<meta property=\"og:image\" content=\"https:\/\/puntodincontro.mx\/wp-content\/uploads\/2023\/05\/massimodegiuseppecomp.jpg\" \/>\n\t<meta property=\"og:image:width\" content=\"932\" \/>\n\t<meta property=\"og:image:height\" content=\"488\" \/>\n\t<meta property=\"og:image:type\" content=\"image\/jpeg\" \/>\n<meta name=\"author\" content=\"Puntodincontro\" \/>\n<meta name=\"twitter:card\" content=\"summary_large_image\" \/>\n<meta name=\"twitter:creator\" content=\"@puntodincontro\" \/>\n<meta name=\"twitter:site\" content=\"@puntodincontro\" \/>\n<meta name=\"twitter:label1\" content=\"Escrito por\" \/>\n\t<meta name=\"twitter:data1\" content=\"Puntodincontro\" \/>\n\t<meta name=\"twitter:label2\" content=\"Tiempo de lectura\" \/>\n\t<meta name=\"twitter:data2\" content=\"2 minutos\" \/>\n<script type=\"application\/ld+json\" class=\"yoast-schema-graph\">{\"@context\":\"https:\/\/schema.org\",\"@graph\":[{\"@type\":\"NewsArticle\",\"@id\":\"https:\/\/puntodincontro.mx\/2023\/05\/01\/missionari-italiani-in-messico-tra-porfiriato-e-rivoluzione\/#article\",\"isPartOf\":{\"@id\":\"https:\/\/puntodincontro.mx\/2023\/05\/01\/missionari-italiani-in-messico-tra-porfiriato-e-rivoluzione\/\"},\"author\":{\"name\":\"Puntodincontro\",\"@id\":\"https:\/\/puntodincontro.mx\/#\/schema\/person\/d3066d18a16259cbb0c29b0d0e93b556\"},\"headline\":\"Missionari italiani in Messico tra porfiriato e rivoluzione\",\"datePublished\":\"2023-05-01T17:51:32+00:00\",\"dateModified\":\"2023-05-01T17:52:42+00:00\",\"mainEntityOfPage\":{\"@id\":\"https:\/\/puntodincontro.mx\/2023\/05\/01\/missionari-italiani-in-messico-tra-porfiriato-e-rivoluzione\/\"},\"wordCount\":435,\"commentCount\":0,\"publisher\":{\"@id\":\"https:\/\/puntodincontro.mx\/#organization\"},\"image\":{\"@id\":\"https:\/\/puntodincontro.mx\/2023\/05\/01\/missionari-italiani-in-messico-tra-porfiriato-e-rivoluzione\/#primaryimage\"},\"thumbnailUrl\":\"https:\/\/puntodincontro.mx\/wp-content\/uploads\/2023\/05\/massimodegiuseppevert.webp\",\"articleSection\":[\"Cultura\"],\"inLanguage\":\"es\",\"potentialAction\":[{\"@type\":\"CommentAction\",\"name\":\"Comment\",\"target\":[\"https:\/\/puntodincontro.mx\/2023\/05\/01\/missionari-italiani-in-messico-tra-porfiriato-e-rivoluzione\/#respond\"]}]},{\"@type\":\"WebPage\",\"@id\":\"https:\/\/puntodincontro.mx\/2023\/05\/01\/missionari-italiani-in-messico-tra-porfiriato-e-rivoluzione\/\",\"url\":\"https:\/\/puntodincontro.mx\/2023\/05\/01\/missionari-italiani-in-messico-tra-porfiriato-e-rivoluzione\/\",\"name\":\"Missionari italiani in Messico tra porfiriato e rivoluzione\",\"isPartOf\":{\"@id\":\"https:\/\/puntodincontro.mx\/#website\"},\"primaryImageOfPage\":{\"@id\":\"https:\/\/puntodincontro.mx\/2023\/05\/01\/missionari-italiani-in-messico-tra-porfiriato-e-rivoluzione\/#primaryimage\"},\"image\":{\"@id\":\"https:\/\/puntodincontro.mx\/2023\/05\/01\/missionari-italiani-in-messico-tra-porfiriato-e-rivoluzione\/#primaryimage\"},\"thumbnailUrl\":\"https:\/\/puntodincontro.mx\/wp-content\/uploads\/2023\/05\/massimodegiuseppevert.webp\",\"datePublished\":\"2023-05-01T17:51:32+00:00\",\"dateModified\":\"2023-05-01T17:52:42+00:00\",\"description\":\"Alcuni giorni fa ha avuto luogo a Ensenada la conferenza \u201cMisioneros italianos en la Baja California\u201d, tenuta da Massimo De Giuseppe.\",\"breadcrumb\":{\"@id\":\"https:\/\/puntodincontro.mx\/2023\/05\/01\/missionari-italiani-in-messico-tra-porfiriato-e-rivoluzione\/#breadcrumb\"},\"inLanguage\":\"es\",\"potentialAction\":[{\"@type\":\"ReadAction\",\"target\":[\"https:\/\/puntodincontro.mx\/2023\/05\/01\/missionari-italiani-in-messico-tra-porfiriato-e-rivoluzione\/\"]}]},{\"@type\":\"ImageObject\",\"inLanguage\":\"es\",\"@id\":\"https:\/\/puntodincontro.mx\/2023\/05\/01\/missionari-italiani-in-messico-tra-porfiriato-e-rivoluzione\/#primaryimage\",\"url\":\"https:\/\/puntodincontro.mx\/wp-content\/uploads\/2023\/05\/massimodegiuseppevert.webp\",\"contentUrl\":\"https:\/\/puntodincontro.mx\/wp-content\/uploads\/2023\/05\/massimodegiuseppevert.webp\",\"width\":423,\"height\":488,\"caption\":\"Missionari italiani in Messico tra porfiriato e rivoluzione \/ Foto: Seminario de Historia de Baja California\"},{\"@type\":\"BreadcrumbList\",\"@id\":\"https:\/\/puntodincontro.mx\/2023\/05\/01\/missionari-italiani-in-messico-tra-porfiriato-e-rivoluzione\/#breadcrumb\",\"itemListElement\":[{\"@type\":\"ListItem\",\"position\":1,\"name\":\"Home\",\"item\":\"https:\/\/puntodincontro.mx\/\"},{\"@type\":\"ListItem\",\"position\":2,\"name\":\"Missionari italiani in Messico tra porfiriato e rivoluzione\"}]},{\"@type\":\"WebSite\",\"@id\":\"https:\/\/puntodincontro.mx\/#website\",\"url\":\"https:\/\/puntodincontro.mx\/\",\"name\":\"Puntodincontro\",\"description\":\"Dal 2006 notizie sui rapporti Italia-Messico \/ Desde 2006 noticias sobre las relaciones entre Italia y M\u00e9xico\",\"publisher\":{\"@id\":\"https:\/\/puntodincontro.mx\/#organization\"},\"potentialAction\":[{\"@type\":\"SearchAction\",\"target\":{\"@type\":\"EntryPoint\",\"urlTemplate\":\"https:\/\/puntodincontro.mx\/?s={search_term_string}\"},\"query-input\":{\"@type\":\"PropertyValueSpecification\",\"valueRequired\":true,\"valueName\":\"search_term_string\"}}],\"inLanguage\":\"es\"},{\"@type\":\"Organization\",\"@id\":\"https:\/\/puntodincontro.mx\/#organization\",\"name\":\"Puntodincontro\",\"url\":\"https:\/\/puntodincontro.mx\/\",\"logo\":{\"@type\":\"ImageObject\",\"inLanguage\":\"es\",\"@id\":\"https:\/\/puntodincontro.mx\/#\/schema\/logo\/image\/\",\"url\":\"https:\/\/puntodincontro.mx\/wp-content\/uploads\/2021\/08\/Default-image-for-open-graph-settings.jpg\",\"contentUrl\":\"https:\/\/puntodincontro.mx\/wp-content\/uploads\/2021\/08\/Default-image-for-open-graph-settings.jpg\",\"width\":1200,\"height\":630,\"caption\":\"Puntodincontro\"},\"image\":{\"@id\":\"https:\/\/puntodincontro.mx\/#\/schema\/logo\/image\/\"},\"sameAs\":[\"https:\/\/www.facebook.com\/puntodincontro.mx\",\"https:\/\/x.com\/puntodincontro\",\"https:\/\/www.instagram.com\/puntodincontro.mx\/\",\"https:\/\/www.linkedin.com\/company\/puntodincontro\/\",\"https:\/\/www.youtube.com\/c\/puntodincontromessico\",\"https:\/\/www.patreon.com\/puntodincontro\",\"https:\/\/www.threads.net\/@puntodincontro.mx\"]},{\"@type\":\"Person\",\"@id\":\"https:\/\/puntodincontro.mx\/#\/schema\/person\/d3066d18a16259cbb0c29b0d0e93b556\",\"name\":\"Puntodincontro\",\"image\":{\"@type\":\"ImageObject\",\"inLanguage\":\"es\",\"@id\":\"https:\/\/puntodincontro.mx\/#\/schema\/person\/image\/\",\"url\":\"https:\/\/secure.gravatar.com\/avatar\/0e85b4b3b5e9d6bfcec6a4956d8cc63a?s=96&d=mm&r=g\",\"contentUrl\":\"https:\/\/secure.gravatar.com\/avatar\/0e85b4b3b5e9d6bfcec6a4956d8cc63a?s=96&d=mm&r=g\",\"caption\":\"Puntodincontro\"},\"url\":\"https:\/\/puntodincontro.mx\/es\/author\/puntodincontro\/\"}]}<\/script>\n<!-- \/ Yoast SEO Premium plugin. -->","yoast_head_json":{"title":"Misioneros italianos en M\u00e9xico entre el porfiriato y la revoluci\u00f3n","description":"Hace unos d\u00edas se llev\u00f3 a cabo en Ensenada la conferencia \u201cMisioneros italianos en la Baja California\u201d impartida por Massimo De Giuseppe.","robots":{"index":"index","follow":"follow","max-snippet":"max-snippet:-1","max-image-preview":"max-image-preview:large","max-video-preview":"max-video-preview:-1"},"canonical":"https:\/\/puntodincontro.mx\/es\/2023\/05\/01\/misioneros-italianos-en-mexico-entre-el-porfiriato-y-la-revolucion\/","og_locale":"es_MX","og_type":"article","og_title":"Missionari italiani in Messico tra porfiriato e rivoluzione","og_description":"Alcuni giorni fa ha avuto luogo a Ensenada la conferenza \u201cMisioneros italianos en la Baja California\u201d, tenuta da Massimo De Giuseppe.","og_url":"https:\/\/puntodincontro.mx\/es\/2023\/05\/01\/misioneros-italianos-en-mexico-entre-el-porfiriato-y-la-revolucion\/","og_site_name":"Puntodincontro","article_publisher":"https:\/\/www.facebook.com\/puntodincontro.mx","article_published_time":"2023-05-01T17:51:32+00:00","article_modified_time":"2023-05-01T17:52:42+00:00","og_image":[{"width":932,"height":488,"url":"https:\/\/puntodincontro.mx\/wp-content\/uploads\/2023\/05\/massimodegiuseppecomp.jpg","type":"image\/jpeg"}],"author":"Puntodincontro","twitter_card":"summary_large_image","twitter_creator":"@puntodincontro","twitter_site":"@puntodincontro","twitter_misc":{"Escrito por":"Puntodincontro","Tiempo de lectura":"2 minutos"},"schema":{"@context":"https:\/\/schema.org","@graph":[{"@type":"NewsArticle","@id":"https:\/\/puntodincontro.mx\/2023\/05\/01\/missionari-italiani-in-messico-tra-porfiriato-e-rivoluzione\/#article","isPartOf":{"@id":"https:\/\/puntodincontro.mx\/2023\/05\/01\/missionari-italiani-in-messico-tra-porfiriato-e-rivoluzione\/"},"author":{"name":"Puntodincontro","@id":"https:\/\/puntodincontro.mx\/#\/schema\/person\/d3066d18a16259cbb0c29b0d0e93b556"},"headline":"Missionari italiani in Messico tra porfiriato e rivoluzione","datePublished":"2023-05-01T17:51:32+00:00","dateModified":"2023-05-01T17:52:42+00:00","mainEntityOfPage":{"@id":"https:\/\/puntodincontro.mx\/2023\/05\/01\/missionari-italiani-in-messico-tra-porfiriato-e-rivoluzione\/"},"wordCount":435,"commentCount":0,"publisher":{"@id":"https:\/\/puntodincontro.mx\/#organization"},"image":{"@id":"https:\/\/puntodincontro.mx\/2023\/05\/01\/missionari-italiani-in-messico-tra-porfiriato-e-rivoluzione\/#primaryimage"},"thumbnailUrl":"https:\/\/puntodincontro.mx\/wp-content\/uploads\/2023\/05\/massimodegiuseppevert.webp","articleSection":["Cultura"],"inLanguage":"es","potentialAction":[{"@type":"CommentAction","name":"Comment","target":["https:\/\/puntodincontro.mx\/2023\/05\/01\/missionari-italiani-in-messico-tra-porfiriato-e-rivoluzione\/#respond"]}]},{"@type":"WebPage","@id":"https:\/\/puntodincontro.mx\/2023\/05\/01\/missionari-italiani-in-messico-tra-porfiriato-e-rivoluzione\/","url":"https:\/\/puntodincontro.mx\/2023\/05\/01\/missionari-italiani-in-messico-tra-porfiriato-e-rivoluzione\/","name":"Misioneros italianos en M\u00e9xico entre el porfiriato y la revoluci\u00f3n","isPartOf":{"@id":"https:\/\/puntodincontro.mx\/#website"},"primaryImageOfPage":{"@id":"https:\/\/puntodincontro.mx\/2023\/05\/01\/missionari-italiani-in-messico-tra-porfiriato-e-rivoluzione\/#primaryimage"},"image":{"@id":"https:\/\/puntodincontro.mx\/2023\/05\/01\/missionari-italiani-in-messico-tra-porfiriato-e-rivoluzione\/#primaryimage"},"thumbnailUrl":"https:\/\/puntodincontro.mx\/wp-content\/uploads\/2023\/05\/massimodegiuseppevert.webp","datePublished":"2023-05-01T17:51:32+00:00","dateModified":"2023-05-01T17:52:42+00:00","description":"Hace unos d\u00edas se llev\u00f3 a cabo en Ensenada la conferencia \u201cMisioneros italianos en la Baja California\u201d impartida por Massimo De Giuseppe.","breadcrumb":{"@id":"https:\/\/puntodincontro.mx\/2023\/05\/01\/missionari-italiani-in-messico-tra-porfiriato-e-rivoluzione\/#breadcrumb"},"inLanguage":"es","potentialAction":[{"@type":"ReadAction","target":["https:\/\/puntodincontro.mx\/2023\/05\/01\/missionari-italiani-in-messico-tra-porfiriato-e-rivoluzione\/"]}]},{"@type":"ImageObject","inLanguage":"es","@id":"https:\/\/puntodincontro.mx\/2023\/05\/01\/missionari-italiani-in-messico-tra-porfiriato-e-rivoluzione\/#primaryimage","url":"https:\/\/puntodincontro.mx\/wp-content\/uploads\/2023\/05\/massimodegiuseppevert.webp","contentUrl":"https:\/\/puntodincontro.mx\/wp-content\/uploads\/2023\/05\/massimodegiuseppevert.webp","width":423,"height":488,"caption":"Missionari italiani in Messico tra porfiriato e rivoluzione \/ Foto: Seminario de Historia de Baja California"},{"@type":"BreadcrumbList","@id":"https:\/\/puntodincontro.mx\/2023\/05\/01\/missionari-italiani-in-messico-tra-porfiriato-e-rivoluzione\/#breadcrumb","itemListElement":[{"@type":"ListItem","position":1,"name":"Home","item":"https:\/\/puntodincontro.mx\/"},{"@type":"ListItem","position":2,"name":"Missionari italiani in Messico tra porfiriato e rivoluzione"}]},{"@type":"WebSite","@id":"https:\/\/puntodincontro.mx\/#website","url":"https:\/\/puntodincontro.mx\/","name":"Puntodincontro","description":"Desde el 2006 noticias sobre las relaciones entre Italia y M\u00e9xico \/ Dal 2006 notizie sui rapporti Italia-Messico","publisher":{"@id":"https:\/\/puntodincontro.mx\/#organization"},"potentialAction":[{"@type":"SearchAction","target":{"@type":"EntryPoint","urlTemplate":"https:\/\/puntodincontro.mx\/?s={search_term_string}"},"query-input":{"@type":"PropertyValueSpecification","valueRequired":true,"valueName":"search_term_string"}}],"inLanguage":"es"},{"@type":"Organization","@id":"https:\/\/puntodincontro.mx\/#organization","name":"Puntodincontro","url":"https:\/\/puntodincontro.mx\/","logo":{"@type":"ImageObject","inLanguage":"es","@id":"https:\/\/puntodincontro.mx\/#\/schema\/logo\/image\/","url":"https:\/\/puntodincontro.mx\/wp-content\/uploads\/2021\/08\/Default-image-for-open-graph-settings.jpg","contentUrl":"https:\/\/puntodincontro.mx\/wp-content\/uploads\/2021\/08\/Default-image-for-open-graph-settings.jpg","width":1200,"height":630,"caption":"Puntodincontro"},"image":{"@id":"https:\/\/puntodincontro.mx\/#\/schema\/logo\/image\/"},"sameAs":["https:\/\/www.facebook.com\/puntodincontro.mx","https:\/\/x.com\/puntodincontro","https:\/\/www.instagram.com\/puntodincontro.mx\/","https:\/\/www.linkedin.com\/company\/puntodincontro\/","https:\/\/www.youtube.com\/c\/puntodincontromessico","https:\/\/www.patreon.com\/puntodincontro","https:\/\/www.threads.net\/@puntodincontro.mx"]},{"@type":"Person","@id":"https:\/\/puntodincontro.mx\/#\/schema\/person\/d3066d18a16259cbb0c29b0d0e93b556","name":"Puntodincontro","image":{"@type":"ImageObject","inLanguage":"es","@id":"https:\/\/puntodincontro.mx\/#\/schema\/person\/image\/","url":"https:\/\/secure.gravatar.com\/avatar\/0e85b4b3b5e9d6bfcec6a4956d8cc63a?s=96&d=mm&r=g","contentUrl":"https:\/\/secure.gravatar.com\/avatar\/0e85b4b3b5e9d6bfcec6a4956d8cc63a?s=96&d=mm&r=g","caption":"Puntodincontro"},"url":"https:\/\/puntodincontro.mx\/es\/author\/puntodincontro\/"}]}},"_links":{"self":[{"href":"https:\/\/puntodincontro.mx\/es\/wp-json\/wp\/v2\/posts\/12550"}],"collection":[{"href":"https:\/\/puntodincontro.mx\/es\/wp-json\/wp\/v2\/posts"}],"about":[{"href":"https:\/\/puntodincontro.mx\/es\/wp-json\/wp\/v2\/types\/post"}],"author":[{"embeddable":true,"href":"https:\/\/puntodincontro.mx\/es\/wp-json\/wp\/v2\/users\/2"}],"replies":[{"embeddable":true,"href":"https:\/\/puntodincontro.mx\/es\/wp-json\/wp\/v2\/comments?post=12550"}],"version-history":[{"count":5,"href":"https:\/\/puntodincontro.mx\/es\/wp-json\/wp\/v2\/posts\/12550\/revisions"}],"predecessor-version":[{"id":12558,"href":"https:\/\/puntodincontro.mx\/es\/wp-json\/wp\/v2\/posts\/12550\/revisions\/12558"}],"wp:featuredmedia":[{"embeddable":true,"href":"https:\/\/puntodincontro.mx\/es\/wp-json\/wp\/v2\/media\/12555"}],"wp:attachment":[{"href":"https:\/\/puntodincontro.mx\/es\/wp-json\/wp\/v2\/media?parent=12550"}],"wp:term":[{"taxonomy":"category","embeddable":true,"href":"https:\/\/puntodincontro.mx\/es\/wp-json\/wp\/v2\/categories?post=12550"},{"taxonomy":"post_tag","embeddable":true,"href":"https:\/\/puntodincontro.mx\/es\/wp-json\/wp\/v2\/tags?post=12550"}],"curies":[{"name":"wp","href":"https:\/\/api.w.org\/{rel}","templated":true}]}}