{"id":12594,"date":"2023-05-03T12:47:00","date_gmt":"2023-05-03T17:47:00","guid":{"rendered":"https:\/\/puntodincontro.mx\/?p=12594"},"modified":"2023-05-03T12:48:07","modified_gmt":"2023-05-03T17:48:07","slug":"necesario-ratificar-el-acuerdo-mexico-ue-en-los-proximos-meses","status":"publish","type":"post","link":"https:\/\/puntodincontro.mx\/es\/2023\/05\/03\/necessario-ratificare-laccordo-messico-ue-nei-prossimi-mesi\/","title":{"rendered":"\u00abNecesario ratificar el acuerdo M\u00e9xico-UE en los pr\u00f3ximos meses\u00bb"},"content":{"rendered":"<p class=\"translation-block\"><strong>11:24 hrs.<\/strong> - El 27 y 28 de abril se llev\u00f3 a cabo en Bruselas, B\u00e9lgica, la XXIX reuni\u00f3n de la Comisi\u00f3n parlamentaria mixta Uni\u00f3n Europea-M\u00e9xico a la cual participaron delegaciones del Congreso de la Uni\u00f3n de los Estados Unidos Mexicanos y del Parlamento Europeo, encabezadas respectivamente por la Senadora Roc\u00edo Adriana Abreu Arti\u00f1ano y el eurodiputado Massimiliano Smeriglio.<\/p>\n\n\n\n<p>Esta comisi\u00f3n, creada en 2004, se re\u00fane una o dos veces al a\u00f1o y en ella participan 14 miembros del Parlamento Europeo y 14 de del Senado y la C\u00e1mara de Diputados de M\u00e9xico.<\/p>\n\n\n\n<p>Durante el encuentro, se abordaron temas relativos a la situaci\u00f3n pol\u00edtica, econ\u00f3mica y social en M\u00e9xico y en la UE, el grado de avance del Acuerdo Global Modernizado M\u00e9xico-UE, las pol\u00edticas p\u00fablicas en materia laboral, social y de salud, la cooperaci\u00f3n entre la UE y M\u00e9xico en temas medioambientales y energ\u00e9ticos as\u00ed como los desaf\u00edos de la estrategia digital.<\/p>\n\n\n\n<p class=\"translation-block\">En lo que se refiere al Acuerdo Global Modernizado \u2014para el cual la UE propuso hace unos meses separar la secci\u00f3n comercial de las dem\u00e1s, con el fin de agilizar su ratificaci\u00f3n\u2014 en la <a href=\"https:\/\/puntodincontro.mx\/pdf\/29_reunion_CPM_UE_Mexico_Bxl_Declaracion_conjunta_firmada_ES.pdf\" target=\"_blank\" rel=\"noreferrer noopener\">declaraci\u00f3n final conjunta<\/a> se lee que la Comisi\u00f3n reconoce \u00abque la modernizaci\u00f3n del Acuerdo Global entre M\u00e9xico y la Uni\u00f3n Europea est\u00e1 en las \u00faltimas etapas de su negociaci\u00f3n\u00bb y hace un llamado \u00aba las partes para que puedan concluir lo mas pronto posible\u00bb.<\/p>\n\n\n\n<p>Asimismo, se destaca la necesidad de que \u00abM\u00e9xico y la UE hagan todo lo posible para garantizar que el acuerdo modernizado pueda ser ratificado en los pr\u00f3ximos meses, teniendo en cuenta la actual coyuntura global y el ajustado calendario electoral en ambas partes\u00bb.<\/p>\n\n\n\n<p>La nueva versi\u00f3n del tratado comercial, entre otros puntos, prev\u00e9 grandes beneficios para la cadena agroalimentaria italiana y europea en tierras aztecas, ya que se cancelar\u00e1n las actuales barreras arancelarias que impone M\u00e9xico a productos como la pasta (aranceles superiores al 20%), quesos azules (hasta un 20%), manzanas y duraznos enlatados (hasta un 20%), carne de cerdo (hasta un 45%) y carne de aves (hasta un 100%).<\/p>\n\n\n\n<p>Adem\u00e1s, en M\u00e9xico se reconocer\u00e1n alrededor de 340 denominaciones europeas DOP e IGP, por lo que ser\u00e1 ilegal en el pa\u00eds latinoamericano vender imitaciones de producctos europeos reconocidos, como el jam\u00f3n de Parma o el prosecco italiano. La UE, por su parte, tambi\u00e9n har\u00e1 lo mismo, reconociendo alrededor de 30 denominaciones protegidas mexicanas.<\/p>\n\n\n\n<p class=\"has-small-font-size\">Foto: europarlamento<\/p>\n\n\n\n<div style=\"height:12px\" aria-hidden=\"true\" class=\"wp-block-spacer\"><\/div>\n\n\n<!-- Ad space powered by WP AdCenter v2.5.7 - https:\/\/wpadcenter.com\/ --><div class=\"wpadcenter-adgroup\" ><div class=\"wpadcenter-adgroup__row wpadcenter-aligncenter\"><div class=\"wpadcenter-ad-container\" ><div id=\"wpadcenter-ad-18464\" class=\"ad-placement\"><div class=\"wpadcenter-ad-inner\" ><a id=\"wpadcenter_ad\" data-value=\"18464\" data-placement=\"\" href=\"https:\/\/www.productosremo.com\/\" target=\"_blank\" class=\"wpadcenter-ad-inner__item\" ><img decoding=\"async\"   src=\"https:\/\/puntodincontro.mx\/wp-content\/uploads\/2021\/08\/remobanner.jpg\" class=\"attachment-post-thumbnail size-post-thumbnail wp-post-image\" alt=\"\" srcset=\"https:\/\/puntodincontro.mx\/wp-content\/uploads\/2021\/08\/remobanner.jpg 200w, https:\/\/puntodincontro.mx\/wp-content\/uploads\/2021\/08\/remobanner-16x5.jpg 16w\" sizes=\"(max-width: 200px) 100vw, 200px\" \/><\/a><\/div><\/div><\/div><div class=\"wpadcenter-ad-container\" ><div id=\"wpadcenter-ad-5305\" class=\"ad-placement\"><div class=\"wpadcenter-ad-inner\" ><a id=\"wpadcenter_ad\" data-value=\"5305\" data-placement=\"\" href=\"https:\/\/faitalia.com.mx\/\" target=\"_blank\" class=\"wpadcenter-ad-inner__item\" ><img decoding=\"async\"   src=\"https:\/\/puntodincontro.mx\/wp-content\/uploads\/2022\/05\/gruppodino.jpg\" class=\"attachment-post-thumbnail size-post-thumbnail wp-post-image\" alt=\"\" srcset=\"https:\/\/puntodincontro.mx\/wp-content\/uploads\/2022\/05\/gruppodino.jpg 200w, https:\/\/puntodincontro.mx\/wp-content\/uploads\/2022\/05\/gruppodino-18x5.jpg 18w\" sizes=\"(max-width: 200px) 100vw, 200px\" \/><\/a><\/div><\/div><\/div><div class=\"wpadcenter-ad-container\" ><div id=\"wpadcenter-ad-3781\" class=\"ad-placement\"><div class=\"wpadcenter-ad-inner\" ><a id=\"wpadcenter_ad\" data-value=\"3781\" data-placement=\"\" href=\"https:\/\/cannizzo.com.mx\/\" target=\"_blank\" class=\"wpadcenter-ad-inner__item\" ><img decoding=\"async\"   src=\"https:\/\/puntodincontro.mx\/wp-content\/uploads\/2022\/03\/cannizzo2.jpg\" class=\"attachment-post-thumbnail size-post-thumbnail wp-post-image\" alt=\"\" srcset=\"https:\/\/puntodincontro.mx\/wp-content\/uploads\/2022\/03\/cannizzo2.jpg 200w, https:\/\/puntodincontro.mx\/wp-content\/uploads\/2022\/03\/cannizzo2-18x5.jpg 18w\" sizes=\"(max-width: 200px) 100vw, 200px\" \/><\/a><\/div><\/div><\/div><\/div><div class=\"wpadcenter-adgroup__row wpadcenter-aligncenter\"><div class=\"wpadcenter-ad-container\" ><div id=\"wpadcenter-ad-1704\" class=\"ad-placement\"><div class=\"wpadcenter-ad-inner\" ><a id=\"wpadcenter_ad\" data-value=\"1704\" data-placement=\"\" href=\"https:\/\/puntodincontro.mx\/es\/2021\/12\/24\/inps-verificacion-de-supervivencia-de-los-pensionados-en-el-extranjero\/\" target=\"_blank\" class=\"wpadcenter-ad-inner__item\" ><img decoding=\"async\"   src=\"https:\/\/puntodincontro.mx\/wp-content\/uploads\/2021\/11\/logo-ital.jpg\" class=\"attachment-post-thumbnail size-post-thumbnail wp-post-image\" alt=\"Patronato ITAL Messico\" srcset=\"https:\/\/puntodincontro.mx\/wp-content\/uploads\/2021\/11\/logo-ital.jpg 200w, https:\/\/puntodincontro.mx\/wp-content\/uploads\/2021\/11\/logo-ital-16x5.jpg 16w\" sizes=\"(max-width: 200px) 100vw, 200px\" \/><\/a><\/div><\/div><\/div><div class=\"wpadcenter-ad-container\" ><div id=\"wpadcenter-ad-1538\" class=\"ad-placement\"><div class=\"wpadcenter-ad-inner\" ><a id=\"wpadcenter_ad\" data-value=\"1538\" data-placement=\"\" href=\"https:\/\/asociacionitaliana.org\/\" target=\"_blank\" class=\"wpadcenter-ad-inner__item\" ><img decoding=\"async\"   src=\"https:\/\/puntodincontro.mx\/wp-content\/uploads\/2021\/11\/aialogo.jpg\" class=\"attachment-post-thumbnail size-post-thumbnail wp-post-image\" alt=\"Associazione Italiana di Assistenza IAP\" srcset=\"https:\/\/puntodincontro.mx\/wp-content\/uploads\/2021\/11\/aialogo.jpg 200w, https:\/\/puntodincontro.mx\/wp-content\/uploads\/2021\/11\/aialogo-18x5.jpg 18w\" sizes=\"(max-width: 200px) 100vw, 200px\" \/><\/a><\/div><\/div><\/div><div class=\"wpadcenter-ad-container\" ><div id=\"wpadcenter-ad-1513\" class=\"ad-placement\"><div class=\"wpadcenter-ad-inner\" ><a id=\"wpadcenter_ad\" data-value=\"1513\" data-placement=\"\" href=\"https:\/\/gcinmuebles.mx\" target=\"_blank\" class=\"wpadcenter-ad-inner__item\" ><img decoding=\"async\"   src=\"https:\/\/puntodincontro.mx\/wp-content\/uploads\/2021\/10\/gcinmuebleslogopunto-1.jpg\" class=\"attachment-post-thumbnail size-post-thumbnail wp-post-image\" alt=\"\" srcset=\"https:\/\/puntodincontro.mx\/wp-content\/uploads\/2021\/10\/gcinmuebleslogopunto-1.jpg 200w, https:\/\/puntodincontro.mx\/wp-content\/uploads\/2021\/10\/gcinmuebleslogopunto-1-18x5.jpg 18w\" sizes=\"(max-width: 200px) 100vw, 200px\" \/><\/a><\/div><\/div><\/div><\/div><div class=\"wpadcenter-adgroup__row wpadcenter-aligncenter\"><div class=\"wpadcenter-ad-container\" ><div id=\"wpadcenter-ad-1374\" class=\"ad-placement\"><div class=\"wpadcenter-ad-inner\" ><a id=\"wpadcenter_ad\" data-value=\"1374\" data-placement=\"\" href=\"https:\/\/www.9colonne.it\/\" target=\"_blank\" class=\"wpadcenter-ad-inner__item\" ><img decoding=\"async\"   src=\"https:\/\/puntodincontro.mx\/wp-content\/uploads\/2021\/10\/Banner9colonne.gif\" class=\"attachment-post-thumbnail size-post-thumbnail wp-post-image\" alt=\"\" \/><\/a><\/div><\/div><\/div><div class=\"wpadcenter-ad-container\" ><div id=\"wpadcenter-ad-276\" class=\"ad-placement\"><div class=\"wpadcenter-ad-inner\" ><a id=\"wpadcenter_ad\" data-value=\"276\" data-placement=\"\" href=\"http:\/\/www.camaraitaliana.mx\/\" target=\"_blank\" class=\"wpadcenter-ad-inner__item\" ><img decoding=\"async\"   src=\"https:\/\/puntodincontro.mx\/wp-content\/uploads\/2021\/08\/ccimnuovo.jpg\" class=\"attachment-post-thumbnail size-post-thumbnail wp-post-image\" alt=\"\" srcset=\"https:\/\/puntodincontro.mx\/wp-content\/uploads\/2021\/08\/ccimnuovo.jpg 200w, https:\/\/puntodincontro.mx\/wp-content\/uploads\/2021\/08\/ccimnuovo-18x5.jpg 18w\" sizes=\"(max-width: 200px) 100vw, 200px\" \/><\/a><\/div><\/div><\/div><div class=\"wpadcenter-ad-container\" ><div id=\"wpadcenter-ad-272\" class=\"ad-placement\"><div class=\"wpadcenter-ad-inner\" ><a id=\"wpadcenter_ad\" data-value=\"272\" data-placement=\"\" href=\"http:\/\/corix.us\/\" target=\"_blank\" class=\"wpadcenter-ad-inner__item\" ><img decoding=\"async\"   src=\"https:\/\/puntodincontro.mx\/wp-content\/uploads\/2021\/08\/corixbanner-1.jpg\" class=\"attachment-post-thumbnail size-post-thumbnail wp-post-image\" alt=\"\" srcset=\"https:\/\/puntodincontro.mx\/wp-content\/uploads\/2021\/08\/corixbanner-1.jpg 200w, https:\/\/puntodincontro.mx\/wp-content\/uploads\/2021\/08\/corixbanner-1-16x5.jpg 16w\" sizes=\"(max-width: 200px) 100vw, 200px\" \/><\/a><\/div><\/div><\/div><\/div><div class=\"wpadcenter-adgroup__row wpadcenter-aligncenter\"><div class=\"wpadcenter-ad-container\" ><div id=\"wpadcenter-ad-266\" class=\"ad-placement\"><div class=\"wpadcenter-ad-inner\" ><a id=\"wpadcenter_ad\" data-value=\"266\" data-placement=\"\" href=\"https:\/\/www.prinsel.com.mx\/\" target=\"_blank\" class=\"wpadcenter-ad-inner__item\" ><img decoding=\"async\"   src=\"https:\/\/puntodincontro.mx\/wp-content\/uploads\/2021\/08\/prinselbanner-1.jpg\" class=\"attachment-post-thumbnail size-post-thumbnail wp-post-image\" alt=\"\" srcset=\"https:\/\/puntodincontro.mx\/wp-content\/uploads\/2021\/08\/prinselbanner-1.jpg 200w, https:\/\/puntodincontro.mx\/wp-content\/uploads\/2021\/08\/prinselbanner-1-16x5.jpg 16w\" sizes=\"(max-width: 200px) 100vw, 200px\" \/><\/a><\/div><\/div><\/div><div class=\"wpadcenter-ad-container\" ><div id=\"wpadcenter-ad-261\" class=\"ad-placement\"><div class=\"wpadcenter-ad-inner\" ><a id=\"wpadcenter_ad\" data-value=\"261\" data-placement=\"\" href=\"https:\/\/ambcittadelmessico.esteri.it\/ambasciata_cittadelmessico\/it\/\" target=\"_blank\" class=\"wpadcenter-ad-inner__item\" ><img decoding=\"async\"   src=\"https:\/\/puntodincontro.mx\/wp-content\/uploads\/2021\/08\/ambasciatabanner-1.jpg\" class=\"attachment-post-thumbnail size-post-thumbnail wp-post-image\" alt=\"\" srcset=\"https:\/\/puntodincontro.mx\/wp-content\/uploads\/2021\/08\/ambasciatabanner-1.jpg 200w, https:\/\/puntodincontro.mx\/wp-content\/uploads\/2021\/08\/ambasciatabanner-1-16x5.jpg 16w\" sizes=\"(max-width: 200px) 100vw, 200px\" \/><\/a><\/div><\/div><\/div><\/div><\/div>\n\n\n<div style=\"height:12px\" aria-hidden=\"true\" class=\"wp-block-spacer\"><\/div>","protected":false},"excerpt":{"rendered":"<p>Ore 11.24 &#8211; Il 27 e 28 aprile si \u00e8 tenuta a Bruxelles (Belgio) la XXIX riunione della Commissione Parlamentare Mista Unione Europea-Messico, alla quale hanno partecipato le delegazioni del Congresso dell&#8217;Unione degli Stati Uniti Messicani e del Parlamento Europeo, guidate rispettivamente dalla senatrice Roc\u00edo Adriana Abreu Arti\u00f1ano e dall&#8217;eurodeputato Massimiliano Smeriglio. Questa commissione, creata nel 2004, si riunisce una o due volte l&#8217;anno e comprende 14 membri del Parlamento europeo e 14 del Senato e della Camera dei deputati del Messico. Durante l&#8217;incontro sono state affrontate questioni relative alla situazione politica, economica e sociale del Messico e dell&#8217;UE, il&#8230; <\/p>","protected":false},"author":2,"featured_media":12602,"comment_status":"open","ping_status":"open","sticky":false,"template":"","format":"standard","meta":{"_monsterinsights_skip_tracking":false,"_monsterinsights_sitenote_active":false,"_monsterinsights_sitenote_note":"","_monsterinsights_sitenote_category":0,"footnotes":""},"categories":[3],"tags":[],"class_list":["post-12594","post","type-post","status-publish","format-standard","has-post-thumbnail","hentry","category-economia-e-finanza"],"yoast_head":"<!-- This site is optimized with the Yoast SEO Premium plugin v18.4 (Yoast SEO v25.6) - https:\/\/yoast.com\/wordpress\/plugins\/seo\/ -->\n<title>\u00abNecessario ratificare l&#039;accordo Messico-Ue nei prossimi mesi\u00bb<\/title>\n<meta name=\"description\" content=\"Il 27 e 28 aprile si \u00e8 tenuta a Bruxelles (Belgio) la XXIX riunione della Commissione Parlamentare Mista Unione Europea-Messico.\" \/>\n<meta name=\"robots\" content=\"index, follow, max-snippet:-1, max-image-preview:large, max-video-preview:-1\" \/>\n<link rel=\"canonical\" href=\"https:\/\/puntodincontro.mx\/es\/2023\/05\/03\/necesario-ratificar-el-acuerdo-mexico-ue-en-los-proximos-meses\/\" \/>\n<meta property=\"og:locale\" content=\"es_MX\" \/>\n<meta property=\"og:type\" content=\"article\" \/>\n<meta property=\"og:title\" content=\"\u00abNecessario ratificare l&#039;accordo Messico-Ue nei prossimi mesi\u00bb\" \/>\n<meta property=\"og:description\" content=\"Il 27 e 28 aprile si \u00e8 tenuta a Bruxelles (Belgio) la XXIX riunione della Commissione Parlamentare Mista Unione Europea-Messico.\" \/>\n<meta property=\"og:url\" content=\"https:\/\/puntodincontro.mx\/es\/2023\/05\/03\/necesario-ratificar-el-acuerdo-mexico-ue-en-los-proximos-meses\/\" \/>\n<meta property=\"og:site_name\" content=\"Puntodincontro\" \/>\n<meta property=\"article:publisher\" content=\"https:\/\/www.facebook.com\/puntodincontro.mx\" \/>\n<meta property=\"article:published_time\" content=\"2023-05-03T17:47:00+00:00\" \/>\n<meta property=\"article:modified_time\" content=\"2023-05-03T17:48:07+00:00\" \/>\n<meta property=\"og:image\" content=\"https:\/\/puntodincontro.mx\/wp-content\/uploads\/2023\/05\/commissionemistamessicoeucomp.jpg\" \/>\n\t<meta property=\"og:image:width\" content=\"932\" \/>\n\t<meta property=\"og:image:height\" content=\"488\" \/>\n\t<meta property=\"og:image:type\" content=\"image\/jpeg\" \/>\n<meta name=\"author\" content=\"Puntodincontro\" \/>\n<meta name=\"twitter:card\" content=\"summary_large_image\" \/>\n<meta name=\"twitter:creator\" content=\"@puntodincontro\" \/>\n<meta name=\"twitter:site\" content=\"@puntodincontro\" \/>\n<meta name=\"twitter:label1\" content=\"Escrito por\" \/>\n\t<meta name=\"twitter:data1\" content=\"Puntodincontro\" \/>\n\t<meta name=\"twitter:label2\" content=\"Tiempo de lectura\" \/>\n\t<meta name=\"twitter:data2\" content=\"2 minutos\" \/>\n<script type=\"application\/ld+json\" class=\"yoast-schema-graph\">{\"@context\":\"https:\/\/schema.org\",\"@graph\":[{\"@type\":\"NewsArticle\",\"@id\":\"https:\/\/puntodincontro.mx\/2023\/05\/03\/necessario-ratificare-laccordo-messico-ue-nei-prossimi-mesi\/#article\",\"isPartOf\":{\"@id\":\"https:\/\/puntodincontro.mx\/2023\/05\/03\/necessario-ratificare-laccordo-messico-ue-nei-prossimi-mesi\/\"},\"author\":{\"name\":\"Puntodincontro\",\"@id\":\"https:\/\/puntodincontro.mx\/#\/schema\/person\/d3066d18a16259cbb0c29b0d0e93b556\"},\"headline\":\"\u00abNecessario ratificare l&#8217;accordo Messico-Ue nei prossimi mesi\u00bb\",\"datePublished\":\"2023-05-03T17:47:00+00:00\",\"dateModified\":\"2023-05-03T17:48:07+00:00\",\"mainEntityOfPage\":{\"@id\":\"https:\/\/puntodincontro.mx\/2023\/05\/03\/necessario-ratificare-laccordo-messico-ue-nei-prossimi-mesi\/\"},\"wordCount\":361,\"commentCount\":1,\"publisher\":{\"@id\":\"https:\/\/puntodincontro.mx\/#organization\"},\"image\":{\"@id\":\"https:\/\/puntodincontro.mx\/2023\/05\/03\/necessario-ratificare-laccordo-messico-ue-nei-prossimi-mesi\/#primaryimage\"},\"thumbnailUrl\":\"https:\/\/puntodincontro.mx\/wp-content\/uploads\/2023\/05\/commissionemistamessicoeuvert.webp\",\"articleSection\":[\"Economia e finanza\"],\"inLanguage\":\"es\",\"potentialAction\":[{\"@type\":\"CommentAction\",\"name\":\"Comment\",\"target\":[\"https:\/\/puntodincontro.mx\/2023\/05\/03\/necessario-ratificare-laccordo-messico-ue-nei-prossimi-mesi\/#respond\"]}]},{\"@type\":\"WebPage\",\"@id\":\"https:\/\/puntodincontro.mx\/2023\/05\/03\/necessario-ratificare-laccordo-messico-ue-nei-prossimi-mesi\/\",\"url\":\"https:\/\/puntodincontro.mx\/2023\/05\/03\/necessario-ratificare-laccordo-messico-ue-nei-prossimi-mesi\/\",\"name\":\"\u00abNecessario ratificare l'accordo Messico-Ue nei prossimi mesi\u00bb\",\"isPartOf\":{\"@id\":\"https:\/\/puntodincontro.mx\/#website\"},\"primaryImageOfPage\":{\"@id\":\"https:\/\/puntodincontro.mx\/2023\/05\/03\/necessario-ratificare-laccordo-messico-ue-nei-prossimi-mesi\/#primaryimage\"},\"image\":{\"@id\":\"https:\/\/puntodincontro.mx\/2023\/05\/03\/necessario-ratificare-laccordo-messico-ue-nei-prossimi-mesi\/#primaryimage\"},\"thumbnailUrl\":\"https:\/\/puntodincontro.mx\/wp-content\/uploads\/2023\/05\/commissionemistamessicoeuvert.webp\",\"datePublished\":\"2023-05-03T17:47:00+00:00\",\"dateModified\":\"2023-05-03T17:48:07+00:00\",\"description\":\"Il 27 e 28 aprile si \u00e8 tenuta a Bruxelles (Belgio) la XXIX riunione della Commissione Parlamentare Mista Unione Europea-Messico.\",\"breadcrumb\":{\"@id\":\"https:\/\/puntodincontro.mx\/2023\/05\/03\/necessario-ratificare-laccordo-messico-ue-nei-prossimi-mesi\/#breadcrumb\"},\"inLanguage\":\"es\",\"potentialAction\":[{\"@type\":\"ReadAction\",\"target\":[\"https:\/\/puntodincontro.mx\/2023\/05\/03\/necessario-ratificare-laccordo-messico-ue-nei-prossimi-mesi\/\"]}]},{\"@type\":\"ImageObject\",\"inLanguage\":\"es\",\"@id\":\"https:\/\/puntodincontro.mx\/2023\/05\/03\/necessario-ratificare-laccordo-messico-ue-nei-prossimi-mesi\/#primaryimage\",\"url\":\"https:\/\/puntodincontro.mx\/wp-content\/uploads\/2023\/05\/commissionemistamessicoeuvert.webp\",\"contentUrl\":\"https:\/\/puntodincontro.mx\/wp-content\/uploads\/2023\/05\/commissionemistamessicoeuvert.webp\",\"width\":423,\"height\":488,\"caption\":\"\u00abNecessario ratificare l'accordo Messico-Ue nei prossimi mesi\u00bb \/ Foto: europarlamento\"},{\"@type\":\"BreadcrumbList\",\"@id\":\"https:\/\/puntodincontro.mx\/2023\/05\/03\/necessario-ratificare-laccordo-messico-ue-nei-prossimi-mesi\/#breadcrumb\",\"itemListElement\":[{\"@type\":\"ListItem\",\"position\":1,\"name\":\"Home\",\"item\":\"https:\/\/puntodincontro.mx\/\"},{\"@type\":\"ListItem\",\"position\":2,\"name\":\"\u00abNecessario ratificare l&#8217;accordo Messico-Ue nei prossimi mesi\u00bb\"}]},{\"@type\":\"WebSite\",\"@id\":\"https:\/\/puntodincontro.mx\/#website\",\"url\":\"https:\/\/puntodincontro.mx\/\",\"name\":\"Puntodincontro\",\"description\":\"Dal 2006 notizie sui rapporti Italia-Messico \/ Desde 2006 noticias sobre las relaciones entre Italia y M\u00e9xico\",\"publisher\":{\"@id\":\"https:\/\/puntodincontro.mx\/#organization\"},\"potentialAction\":[{\"@type\":\"SearchAction\",\"target\":{\"@type\":\"EntryPoint\",\"urlTemplate\":\"https:\/\/puntodincontro.mx\/?s={search_term_string}\"},\"query-input\":{\"@type\":\"PropertyValueSpecification\",\"valueRequired\":true,\"valueName\":\"search_term_string\"}}],\"inLanguage\":\"es\"},{\"@type\":\"Organization\",\"@id\":\"https:\/\/puntodincontro.mx\/#organization\",\"name\":\"Puntodincontro\",\"url\":\"https:\/\/puntodincontro.mx\/\",\"logo\":{\"@type\":\"ImageObject\",\"inLanguage\":\"es\",\"@id\":\"https:\/\/puntodincontro.mx\/#\/schema\/logo\/image\/\",\"url\":\"https:\/\/puntodincontro.mx\/wp-content\/uploads\/2021\/08\/Default-image-for-open-graph-settings.jpg\",\"contentUrl\":\"https:\/\/puntodincontro.mx\/wp-content\/uploads\/2021\/08\/Default-image-for-open-graph-settings.jpg\",\"width\":1200,\"height\":630,\"caption\":\"Puntodincontro\"},\"image\":{\"@id\":\"https:\/\/puntodincontro.mx\/#\/schema\/logo\/image\/\"},\"sameAs\":[\"https:\/\/www.facebook.com\/puntodincontro.mx\",\"https:\/\/x.com\/puntodincontro\",\"https:\/\/www.instagram.com\/puntodincontro.mx\/\",\"https:\/\/www.linkedin.com\/company\/puntodincontro\/\",\"https:\/\/www.youtube.com\/c\/puntodincontromessico\",\"https:\/\/www.patreon.com\/puntodincontro\",\"https:\/\/www.threads.net\/@puntodincontro.mx\"]},{\"@type\":\"Person\",\"@id\":\"https:\/\/puntodincontro.mx\/#\/schema\/person\/d3066d18a16259cbb0c29b0d0e93b556\",\"name\":\"Puntodincontro\",\"image\":{\"@type\":\"ImageObject\",\"inLanguage\":\"es\",\"@id\":\"https:\/\/puntodincontro.mx\/#\/schema\/person\/image\/\",\"url\":\"https:\/\/secure.gravatar.com\/avatar\/0e85b4b3b5e9d6bfcec6a4956d8cc63a?s=96&d=mm&r=g\",\"contentUrl\":\"https:\/\/secure.gravatar.com\/avatar\/0e85b4b3b5e9d6bfcec6a4956d8cc63a?s=96&d=mm&r=g\",\"caption\":\"Puntodincontro\"},\"url\":\"https:\/\/puntodincontro.mx\/es\/author\/puntodincontro\/\"}]}<\/script>\n<!-- \/ Yoast SEO Premium plugin. -->","yoast_head_json":{"title":"\u00abNecessario ratificare l'accordo Messico-Ue nei prossimi mesi\u00bb","description":"Los d\u00edas 27 y 28 de abril se celebr\u00f3 en Bruselas (B\u00e9lgica) la XXIX reuni\u00f3n de la Comisi\u00f3n Parlamentaria Mixta Uni\u00f3n Europea-M\u00e9xico.","robots":{"index":"index","follow":"follow","max-snippet":"max-snippet:-1","max-image-preview":"max-image-preview:large","max-video-preview":"max-video-preview:-1"},"canonical":"https:\/\/puntodincontro.mx\/es\/2023\/05\/03\/necesario-ratificar-el-acuerdo-mexico-ue-en-los-proximos-meses\/","og_locale":"es_MX","og_type":"article","og_title":"\u00abNecessario ratificare l'accordo Messico-Ue nei prossimi mesi\u00bb","og_description":"Il 27 e 28 aprile si \u00e8 tenuta a Bruxelles (Belgio) la XXIX riunione della Commissione Parlamentare Mista Unione Europea-Messico.","og_url":"https:\/\/puntodincontro.mx\/es\/2023\/05\/03\/necesario-ratificar-el-acuerdo-mexico-ue-en-los-proximos-meses\/","og_site_name":"Puntodincontro","article_publisher":"https:\/\/www.facebook.com\/puntodincontro.mx","article_published_time":"2023-05-03T17:47:00+00:00","article_modified_time":"2023-05-03T17:48:07+00:00","og_image":[{"width":932,"height":488,"url":"https:\/\/puntodincontro.mx\/wp-content\/uploads\/2023\/05\/commissionemistamessicoeucomp.jpg","type":"image\/jpeg"}],"author":"Puntodincontro","twitter_card":"summary_large_image","twitter_creator":"@puntodincontro","twitter_site":"@puntodincontro","twitter_misc":{"Escrito por":"Puntodincontro","Tiempo de lectura":"2 minutos"},"schema":{"@context":"https:\/\/schema.org","@graph":[{"@type":"NewsArticle","@id":"https:\/\/puntodincontro.mx\/2023\/05\/03\/necessario-ratificare-laccordo-messico-ue-nei-prossimi-mesi\/#article","isPartOf":{"@id":"https:\/\/puntodincontro.mx\/2023\/05\/03\/necessario-ratificare-laccordo-messico-ue-nei-prossimi-mesi\/"},"author":{"name":"Puntodincontro","@id":"https:\/\/puntodincontro.mx\/#\/schema\/person\/d3066d18a16259cbb0c29b0d0e93b556"},"headline":"\u00abNecessario ratificare l&#8217;accordo Messico-Ue nei prossimi mesi\u00bb","datePublished":"2023-05-03T17:47:00+00:00","dateModified":"2023-05-03T17:48:07+00:00","mainEntityOfPage":{"@id":"https:\/\/puntodincontro.mx\/2023\/05\/03\/necessario-ratificare-laccordo-messico-ue-nei-prossimi-mesi\/"},"wordCount":361,"commentCount":1,"publisher":{"@id":"https:\/\/puntodincontro.mx\/#organization"},"image":{"@id":"https:\/\/puntodincontro.mx\/2023\/05\/03\/necessario-ratificare-laccordo-messico-ue-nei-prossimi-mesi\/#primaryimage"},"thumbnailUrl":"https:\/\/puntodincontro.mx\/wp-content\/uploads\/2023\/05\/commissionemistamessicoeuvert.webp","articleSection":["Economia e finanza"],"inLanguage":"es","potentialAction":[{"@type":"CommentAction","name":"Comment","target":["https:\/\/puntodincontro.mx\/2023\/05\/03\/necessario-ratificare-laccordo-messico-ue-nei-prossimi-mesi\/#respond"]}]},{"@type":"WebPage","@id":"https:\/\/puntodincontro.mx\/2023\/05\/03\/necessario-ratificare-laccordo-messico-ue-nei-prossimi-mesi\/","url":"https:\/\/puntodincontro.mx\/2023\/05\/03\/necessario-ratificare-laccordo-messico-ue-nei-prossimi-mesi\/","name":"\u00abNecessario ratificare l'accordo Messico-Ue nei prossimi mesi\u00bb","isPartOf":{"@id":"https:\/\/puntodincontro.mx\/#website"},"primaryImageOfPage":{"@id":"https:\/\/puntodincontro.mx\/2023\/05\/03\/necessario-ratificare-laccordo-messico-ue-nei-prossimi-mesi\/#primaryimage"},"image":{"@id":"https:\/\/puntodincontro.mx\/2023\/05\/03\/necessario-ratificare-laccordo-messico-ue-nei-prossimi-mesi\/#primaryimage"},"thumbnailUrl":"https:\/\/puntodincontro.mx\/wp-content\/uploads\/2023\/05\/commissionemistamessicoeuvert.webp","datePublished":"2023-05-03T17:47:00+00:00","dateModified":"2023-05-03T17:48:07+00:00","description":"Los d\u00edas 27 y 28 de abril se celebr\u00f3 en Bruselas (B\u00e9lgica) la XXIX reuni\u00f3n de la Comisi\u00f3n Parlamentaria Mixta Uni\u00f3n Europea-M\u00e9xico.","breadcrumb":{"@id":"https:\/\/puntodincontro.mx\/2023\/05\/03\/necessario-ratificare-laccordo-messico-ue-nei-prossimi-mesi\/#breadcrumb"},"inLanguage":"es","potentialAction":[{"@type":"ReadAction","target":["https:\/\/puntodincontro.mx\/2023\/05\/03\/necessario-ratificare-laccordo-messico-ue-nei-prossimi-mesi\/"]}]},{"@type":"ImageObject","inLanguage":"es","@id":"https:\/\/puntodincontro.mx\/2023\/05\/03\/necessario-ratificare-laccordo-messico-ue-nei-prossimi-mesi\/#primaryimage","url":"https:\/\/puntodincontro.mx\/wp-content\/uploads\/2023\/05\/commissionemistamessicoeuvert.webp","contentUrl":"https:\/\/puntodincontro.mx\/wp-content\/uploads\/2023\/05\/commissionemistamessicoeuvert.webp","width":423,"height":488,"caption":"\u00abNecessario ratificare l'accordo Messico-Ue nei prossimi mesi\u00bb \/ Foto: europarlamento"},{"@type":"BreadcrumbList","@id":"https:\/\/puntodincontro.mx\/2023\/05\/03\/necessario-ratificare-laccordo-messico-ue-nei-prossimi-mesi\/#breadcrumb","itemListElement":[{"@type":"ListItem","position":1,"name":"Home","item":"https:\/\/puntodincontro.mx\/"},{"@type":"ListItem","position":2,"name":"\u00abNecessario ratificare l&#8217;accordo Messico-Ue nei prossimi mesi\u00bb"}]},{"@type":"WebSite","@id":"https:\/\/puntodincontro.mx\/#website","url":"https:\/\/puntodincontro.mx\/","name":"Puntodincontro","description":"Desde el 2006 noticias sobre las relaciones entre Italia y M\u00e9xico \/ Dal 2006 notizie sui rapporti Italia-Messico","publisher":{"@id":"https:\/\/puntodincontro.mx\/#organization"},"potentialAction":[{"@type":"SearchAction","target":{"@type":"EntryPoint","urlTemplate":"https:\/\/puntodincontro.mx\/?s={search_term_string}"},"query-input":{"@type":"PropertyValueSpecification","valueRequired":true,"valueName":"search_term_string"}}],"inLanguage":"es"},{"@type":"Organization","@id":"https:\/\/puntodincontro.mx\/#organization","name":"Puntodincontro","url":"https:\/\/puntodincontro.mx\/","logo":{"@type":"ImageObject","inLanguage":"es","@id":"https:\/\/puntodincontro.mx\/#\/schema\/logo\/image\/","url":"https:\/\/puntodincontro.mx\/wp-content\/uploads\/2021\/08\/Default-image-for-open-graph-settings.jpg","contentUrl":"https:\/\/puntodincontro.mx\/wp-content\/uploads\/2021\/08\/Default-image-for-open-graph-settings.jpg","width":1200,"height":630,"caption":"Puntodincontro"},"image":{"@id":"https:\/\/puntodincontro.mx\/#\/schema\/logo\/image\/"},"sameAs":["https:\/\/www.facebook.com\/puntodincontro.mx","https:\/\/x.com\/puntodincontro","https:\/\/www.instagram.com\/puntodincontro.mx\/","https:\/\/www.linkedin.com\/company\/puntodincontro\/","https:\/\/www.youtube.com\/c\/puntodincontromessico","https:\/\/www.patreon.com\/puntodincontro","https:\/\/www.threads.net\/@puntodincontro.mx"]},{"@type":"Person","@id":"https:\/\/puntodincontro.mx\/#\/schema\/person\/d3066d18a16259cbb0c29b0d0e93b556","name":"Puntodincontro","image":{"@type":"ImageObject","inLanguage":"es","@id":"https:\/\/puntodincontro.mx\/#\/schema\/person\/image\/","url":"https:\/\/secure.gravatar.com\/avatar\/0e85b4b3b5e9d6bfcec6a4956d8cc63a?s=96&d=mm&r=g","contentUrl":"https:\/\/secure.gravatar.com\/avatar\/0e85b4b3b5e9d6bfcec6a4956d8cc63a?s=96&d=mm&r=g","caption":"Puntodincontro"},"url":"https:\/\/puntodincontro.mx\/es\/author\/puntodincontro\/"}]}},"_links":{"self":[{"href":"https:\/\/puntodincontro.mx\/es\/wp-json\/wp\/v2\/posts\/12594"}],"collection":[{"href":"https:\/\/puntodincontro.mx\/es\/wp-json\/wp\/v2\/posts"}],"about":[{"href":"https:\/\/puntodincontro.mx\/es\/wp-json\/wp\/v2\/types\/post"}],"author":[{"embeddable":true,"href":"https:\/\/puntodincontro.mx\/es\/wp-json\/wp\/v2\/users\/2"}],"replies":[{"embeddable":true,"href":"https:\/\/puntodincontro.mx\/es\/wp-json\/wp\/v2\/comments?post=12594"}],"version-history":[{"count":7,"href":"https:\/\/puntodincontro.mx\/es\/wp-json\/wp\/v2\/posts\/12594\/revisions"}],"predecessor-version":[{"id":12604,"href":"https:\/\/puntodincontro.mx\/es\/wp-json\/wp\/v2\/posts\/12594\/revisions\/12604"}],"wp:featuredmedia":[{"embeddable":true,"href":"https:\/\/puntodincontro.mx\/es\/wp-json\/wp\/v2\/media\/12602"}],"wp:attachment":[{"href":"https:\/\/puntodincontro.mx\/es\/wp-json\/wp\/v2\/media?parent=12594"}],"wp:term":[{"taxonomy":"category","embeddable":true,"href":"https:\/\/puntodincontro.mx\/es\/wp-json\/wp\/v2\/categories?post=12594"},{"taxonomy":"post_tag","embeddable":true,"href":"https:\/\/puntodincontro.mx\/es\/wp-json\/wp\/v2\/tags?post=12594"}],"curies":[{"name":"wp","href":"https:\/\/api.w.org\/{rel}","templated":true}]}}