{"id":12916,"date":"2023-05-18T12:06:31","date_gmt":"2023-05-18T17:06:31","guid":{"rendered":"https:\/\/puntodincontro.mx\/?p=12916"},"modified":"2023-05-18T12:26:49","modified_gmt":"2023-05-18T17:26:49","slug":"cdmx-abre-el-largo-camino-de-arena-de-di-paolo-con-textos-de-pasolini2","status":"publish","type":"post","link":"https:\/\/puntodincontro.mx\/es\/2023\/05\/18\/messico-arriva-el-largo-camino-de-arena-di-di-paolo-con-testi-di-pasolini2\/","title":{"rendered":"CdMx: abre \u201cEl Largo camino de Arena\u201d de Di Paolo con textos de Pasolini"},"content":{"rendered":"<p class=\"translation-block\"><strong>10:58 hrs.<\/strong> - Con motivo del centenario del nacimiento del <a href=\"https:\/\/puntodincontro.mx\/es\/?s=pasolini\" target=\"_blank\">escritor y director de cine<\/a> Pier Paolo Pasolini y en colaboraci\u00f3n con la alcald\u00eda Coyoac\u00e1n de la Ciudad de M\u00e9xico, el <a href=\"https:\/\/www.facebook.com\/iicmessico\/\" target=\"_blank\">Instituto Italiano de Cultura<\/a> presenta <em>El largo camino de arena<\/em>, una exposici\u00f3n con fotograf\u00edas de Paolo Di Paolo y textos de Pasolini en la que se presentan m\u00e1s de sesenta im\u00e1genes, muchas de las cuales in\u00e9ditas.<\/p>\n\n\n\n<p class=\"translation-block\">En 1959 Di Paolo ten\u00eda 34 a\u00f1os y hac\u00eda cinco que trabajaba como fot\u00f3grafo para la revista <em>Il Mondo<\/em>. Pier Paolo Pasolini ya era un prometedor escritor de 37 a\u00f1os y ten\u00eda en su haber la publicaci\u00f3n de <em>La mejor juventud<\/em>, <em>Ragazzi di vita<\/em> y <em>Una vita violenta<\/em>.<\/p>\n\n\n\n<p>Fue el a\u00f1o en el que el escritor y el fot\u00f3grafo partieron juntos desde Ventimiglia, en Liguria, con el plan de recorrer las costas de Italia hacia el sur para luego subir hasta Trieste. Un viaje que narra y documenta el descubrimiento de las vacaciones de verano por parte de los italianos y la recuperaci\u00f3n tras los oscuros a\u00f1os de la guerra.<\/p>\n\n\n\n<p class=\"translation-block\">Las im\u00e1genes de Di Paolo acompa\u00f1adas por los textos de Pasolini fueron publicadas por la revista mensual <em>Successo<\/em> y contaron la historia de los italianos desde el mar Tirreno hasta el mar Adri\u00e1tico, incluyendo los trayectos de Ventimiglia a Ostia, de Torvaianica a la isla de Sicilia y de Santa Maria di Leuca hasta Trieste.<\/p>\n\n\n\n<p class=\"translation-block\">La exposici\u00f3n <em>El largo camino de arena<\/em> ser\u00e1 inaugurada hoy a las 19 hrs. en el Centro Cultural Bicentenario de Ju\u00e1rez, Coyoac\u00e1n, y podr\u00e1 ser visitada con entrada libre hasta el pr\u00f3ximo 11 de junio.<\/p>\n\n\n\n<p class=\"has-small-font-size\">Foto: Paolo Di Paolo<\/p>\n\n\n<div class=\"wp-block-image\">\n<figure class=\"aligncenter size-full\"><img loading=\"lazy\" decoding=\"async\" width=\"800\" height=\"562\" src=\"https:\/\/puntodincontro.mx\/wp-content\/uploads\/2023\/05\/stradadisabbiafoto.webp\" alt=\"\" class=\"wp-image-12927\" srcset=\"https:\/\/puntodincontro.mx\/wp-content\/uploads\/2023\/05\/stradadisabbiafoto.webp 800w, https:\/\/puntodincontro.mx\/wp-content\/uploads\/2023\/05\/stradadisabbiafoto-300x211.webp 300w, https:\/\/puntodincontro.mx\/wp-content\/uploads\/2023\/05\/stradadisabbiafoto-768x540.webp 768w, https:\/\/puntodincontro.mx\/wp-content\/uploads\/2023\/05\/stradadisabbiafoto-18x12.webp 18w\" sizes=\"(max-width: 800px) 100vw, 800px\" \/><\/figure><\/div>\n\n\n<div style=\"height:12px\" aria-hidden=\"true\" class=\"wp-block-spacer\"><\/div>\n\n\n<!-- Ad space powered by WP AdCenter v2.5.7 - https:\/\/wpadcenter.com\/ --><div class=\"wpadcenter-adgroup\" ><div class=\"wpadcenter-adgroup__row wpadcenter-aligncenter\"><div class=\"wpadcenter-ad-container\" ><div id=\"wpadcenter-ad-18464\" class=\"ad-placement\"><div class=\"wpadcenter-ad-inner\" ><a id=\"wpadcenter_ad\" data-value=\"18464\" data-placement=\"\" href=\"https:\/\/www.productosremo.com\/\" target=\"_blank\" class=\"wpadcenter-ad-inner__item\" ><img decoding=\"async\"   src=\"https:\/\/puntodincontro.mx\/wp-content\/uploads\/2021\/08\/remobanner.jpg\" class=\"attachment-post-thumbnail size-post-thumbnail wp-post-image\" alt=\"\" srcset=\"https:\/\/puntodincontro.mx\/wp-content\/uploads\/2021\/08\/remobanner.jpg 200w, https:\/\/puntodincontro.mx\/wp-content\/uploads\/2021\/08\/remobanner-16x5.jpg 16w\" sizes=\"(max-width: 200px) 100vw, 200px\" \/><\/a><\/div><\/div><\/div><div class=\"wpadcenter-ad-container\" ><div id=\"wpadcenter-ad-5305\" class=\"ad-placement\"><div class=\"wpadcenter-ad-inner\" ><a id=\"wpadcenter_ad\" data-value=\"5305\" data-placement=\"\" href=\"https:\/\/ambcittadelmessico.esteri.it\/ambasciata_cittadelmessico\/it\/\" target=\"_blank\" class=\"wpadcenter-ad-inner__item\" ><img decoding=\"async\"   src=\"https:\/\/puntodincontro.mx\/wp-content\/uploads\/2022\/05\/Ambasciata.jpg\" class=\"attachment-post-thumbnail size-post-thumbnail wp-post-image\" alt=\"\" srcset=\"https:\/\/puntodincontro.mx\/wp-content\/uploads\/2022\/05\/Ambasciata.jpg 200w, https:\/\/puntodincontro.mx\/wp-content\/uploads\/2022\/05\/Ambasciata-18x5.jpg 18w\" sizes=\"(max-width: 200px) 100vw, 200px\" \/><\/a><\/div><\/div><\/div><div class=\"wpadcenter-ad-container\" ><div id=\"wpadcenter-ad-3781\" class=\"ad-placement\"><div class=\"wpadcenter-ad-inner\" ><a id=\"wpadcenter_ad\" data-value=\"3781\" data-placement=\"\" href=\"https:\/\/cannizzo.com.mx\/\" target=\"_blank\" class=\"wpadcenter-ad-inner__item\" ><img decoding=\"async\"   src=\"https:\/\/puntodincontro.mx\/wp-content\/uploads\/2022\/03\/cannizzo2.jpg\" class=\"attachment-post-thumbnail size-post-thumbnail wp-post-image\" alt=\"\" srcset=\"https:\/\/puntodincontro.mx\/wp-content\/uploads\/2022\/03\/cannizzo2.jpg 200w, https:\/\/puntodincontro.mx\/wp-content\/uploads\/2022\/03\/cannizzo2-18x5.jpg 18w\" sizes=\"(max-width: 200px) 100vw, 200px\" \/><\/a><\/div><\/div><\/div><\/div><div class=\"wpadcenter-adgroup__row wpadcenter-aligncenter\"><div class=\"wpadcenter-ad-container\" ><div id=\"wpadcenter-ad-1704\" class=\"ad-placement\"><div class=\"wpadcenter-ad-inner\" ><a id=\"wpadcenter_ad\" data-value=\"1704\" data-placement=\"\" href=\"https:\/\/puntodincontro.mx\/es\/2021\/12\/24\/inps-verificacion-de-supervivencia-de-los-pensionados-en-el-extranjero\/\" target=\"_blank\" class=\"wpadcenter-ad-inner__item\" ><img decoding=\"async\"   src=\"https:\/\/puntodincontro.mx\/wp-content\/uploads\/2021\/11\/logo-ital.jpg\" class=\"attachment-post-thumbnail size-post-thumbnail wp-post-image\" alt=\"Patronato ITAL Messico\" srcset=\"https:\/\/puntodincontro.mx\/wp-content\/uploads\/2021\/11\/logo-ital.jpg 200w, https:\/\/puntodincontro.mx\/wp-content\/uploads\/2021\/11\/logo-ital-16x5.jpg 16w\" sizes=\"(max-width: 200px) 100vw, 200px\" \/><\/a><\/div><\/div><\/div><div class=\"wpadcenter-ad-container\" ><div id=\"wpadcenter-ad-1538\" class=\"ad-placement\"><div class=\"wpadcenter-ad-inner\" ><a id=\"wpadcenter_ad\" data-value=\"1538\" data-placement=\"\" href=\"https:\/\/asociacionitaliana.org\/\" target=\"_blank\" class=\"wpadcenter-ad-inner__item\" ><img decoding=\"async\"   src=\"https:\/\/puntodincontro.mx\/wp-content\/uploads\/2021\/11\/aialogo.jpg\" class=\"attachment-post-thumbnail size-post-thumbnail wp-post-image\" alt=\"Associazione Italiana di Assistenza IAP\" srcset=\"https:\/\/puntodincontro.mx\/wp-content\/uploads\/2021\/11\/aialogo.jpg 200w, https:\/\/puntodincontro.mx\/wp-content\/uploads\/2021\/11\/aialogo-18x5.jpg 18w\" sizes=\"(max-width: 200px) 100vw, 200px\" \/><\/a><\/div><\/div><\/div><div class=\"wpadcenter-ad-container\" ><div id=\"wpadcenter-ad-1513\" class=\"ad-placement\"><div class=\"wpadcenter-ad-inner\" ><a id=\"wpadcenter_ad\" data-value=\"1513\" data-placement=\"\" href=\"https:\/\/gcinmuebles.mx\" target=\"_blank\" class=\"wpadcenter-ad-inner__item\" ><img decoding=\"async\"   src=\"https:\/\/puntodincontro.mx\/wp-content\/uploads\/2021\/10\/gcinmuebleslogopunto-1.jpg\" class=\"attachment-post-thumbnail size-post-thumbnail wp-post-image\" alt=\"\" srcset=\"https:\/\/puntodincontro.mx\/wp-content\/uploads\/2021\/10\/gcinmuebleslogopunto-1.jpg 200w, https:\/\/puntodincontro.mx\/wp-content\/uploads\/2021\/10\/gcinmuebleslogopunto-1-18x5.jpg 18w\" sizes=\"(max-width: 200px) 100vw, 200px\" \/><\/a><\/div><\/div><\/div><\/div><div class=\"wpadcenter-adgroup__row wpadcenter-aligncenter\"><div class=\"wpadcenter-ad-container\" ><div id=\"wpadcenter-ad-1374\" class=\"ad-placement\"><div class=\"wpadcenter-ad-inner\" ><a id=\"wpadcenter_ad\" data-value=\"1374\" data-placement=\"\" href=\"https:\/\/www.9colonne.it\/\" target=\"_blank\" class=\"wpadcenter-ad-inner__item\" ><img decoding=\"async\"   src=\"https:\/\/puntodincontro.mx\/wp-content\/uploads\/2021\/10\/Banner9colonne.gif\" class=\"attachment-post-thumbnail size-post-thumbnail wp-post-image\" alt=\"\" \/><\/a><\/div><\/div><\/div><div class=\"wpadcenter-ad-container\" ><div id=\"wpadcenter-ad-276\" class=\"ad-placement\"><div class=\"wpadcenter-ad-inner\" ><a id=\"wpadcenter_ad\" data-value=\"276\" data-placement=\"\" href=\"http:\/\/www.camaraitaliana.mx\/\" target=\"_blank\" class=\"wpadcenter-ad-inner__item\" ><img decoding=\"async\"   src=\"https:\/\/puntodincontro.mx\/wp-content\/uploads\/2021\/08\/ccimnuovo.jpg\" class=\"attachment-post-thumbnail size-post-thumbnail wp-post-image\" alt=\"\" srcset=\"https:\/\/puntodincontro.mx\/wp-content\/uploads\/2021\/08\/ccimnuovo.jpg 200w, https:\/\/puntodincontro.mx\/wp-content\/uploads\/2021\/08\/ccimnuovo-18x5.jpg 18w\" sizes=\"(max-width: 200px) 100vw, 200px\" \/><\/a><\/div><\/div><\/div><div class=\"wpadcenter-ad-container\" ><div id=\"wpadcenter-ad-272\" class=\"ad-placement\"><div class=\"wpadcenter-ad-inner\" ><a id=\"wpadcenter_ad\" data-value=\"272\" data-placement=\"\" href=\"http:\/\/corix.us\/\" target=\"_blank\" class=\"wpadcenter-ad-inner__item\" ><img decoding=\"async\"   src=\"https:\/\/puntodincontro.mx\/wp-content\/uploads\/2021\/08\/corixbanner-1.jpg\" class=\"attachment-post-thumbnail size-post-thumbnail wp-post-image\" alt=\"\" srcset=\"https:\/\/puntodincontro.mx\/wp-content\/uploads\/2021\/08\/corixbanner-1.jpg 200w, https:\/\/puntodincontro.mx\/wp-content\/uploads\/2021\/08\/corixbanner-1-16x5.jpg 16w\" sizes=\"(max-width: 200px) 100vw, 200px\" \/><\/a><\/div><\/div><\/div><\/div><div class=\"wpadcenter-adgroup__row wpadcenter-aligncenter\"><div class=\"wpadcenter-ad-container\" ><div id=\"wpadcenter-ad-266\" class=\"ad-placement\"><div class=\"wpadcenter-ad-inner\" ><a id=\"wpadcenter_ad\" data-value=\"266\" data-placement=\"\" href=\"https:\/\/www.prinsel.com.mx\/\" target=\"_blank\" class=\"wpadcenter-ad-inner__item\" ><img decoding=\"async\"   src=\"https:\/\/puntodincontro.mx\/wp-content\/uploads\/2021\/08\/prinselbanner-1.jpg\" class=\"attachment-post-thumbnail size-post-thumbnail wp-post-image\" alt=\"\" srcset=\"https:\/\/puntodincontro.mx\/wp-content\/uploads\/2021\/08\/prinselbanner-1.jpg 200w, https:\/\/puntodincontro.mx\/wp-content\/uploads\/2021\/08\/prinselbanner-1-16x5.jpg 16w\" sizes=\"(max-width: 200px) 100vw, 200px\" \/><\/a><\/div><\/div><\/div><div class=\"wpadcenter-ad-container\" ><div id=\"wpadcenter-ad-261\" class=\"ad-placement\"><div class=\"wpadcenter-ad-inner\" ><a id=\"wpadcenter_ad\" data-value=\"261\" data-placement=\"\" href=\"https:\/\/faitalia.com.mx\/\" target=\"_blank\" class=\"wpadcenter-ad-inner__item\" ><img decoding=\"async\"   src=\"https:\/\/puntodincontro.mx\/wp-content\/uploads\/2021\/08\/gruppodino.jpg\" class=\"attachment-post-thumbnail size-post-thumbnail wp-post-image\" alt=\"\" srcset=\"https:\/\/puntodincontro.mx\/wp-content\/uploads\/2021\/08\/gruppodino.jpg 200w, https:\/\/puntodincontro.mx\/wp-content\/uploads\/2021\/08\/gruppodino-18x5.jpg 18w\" sizes=\"(max-width: 200px) 100vw, 200px\" \/><\/a><\/div><\/div><\/div><\/div><\/div>\n\n\n<div style=\"height:12px\" aria-hidden=\"true\" class=\"wp-block-spacer\"><\/div>","protected":false},"excerpt":{"rendered":"<p>Ore 10.58 &#8211; In occasione del centenario della nascita dello scrittore e regista Pier Paolo Pasolini e in collaborazione con il distretto Coyoac\u00e1n di Citt\u00e0 del Messico, l&#8217;Istituto Italiano di Cultura presenta El largo camino de arena (La lunga strada di sabbia), una mostra con fotografie di Paolo Di Paolo e testi di Pasolini in cui verranno presentate pi\u00f9 di sessanta immagini, molte delle quali inedite. Nel 1959 Di Paolo aveva 34 anni e da cinque anni lavorava come fotografo per la rivista Il Mondo. Pier Paolo Pasolini era gi\u00e0 un promettente scrittore di 37 anni e aveva al suo&#8230; <\/p>","protected":false},"author":2,"featured_media":12923,"comment_status":"open","ping_status":"open","sticky":false,"template":"","format":"standard","meta":{"_monsterinsights_skip_tracking":false,"_monsterinsights_sitenote_active":false,"_monsterinsights_sitenote_note":"","_monsterinsights_sitenote_category":0,"footnotes":""},"categories":[25],"tags":[],"class_list":["post-12916","post","type-post","status-publish","format-standard","has-post-thumbnail","hentry","category-cultura"],"yoast_head":"<!-- This site is optimized with the Yoast SEO Premium plugin v18.4 (Yoast SEO v25.6) - https:\/\/yoast.com\/wordpress\/plugins\/seo\/ -->\n<title>In Messico \u201cLa lunga strada di sabbia\u201d di Di Paolo e Pasolini<\/title>\n<meta name=\"description\" content=\"In occasione del centenario della nascita di Pier Paolo Pasolini l&#039;Istituto Italiano di Cultura presenta \u201cEl largo camino de arena\u201d.\" \/>\n<meta name=\"robots\" content=\"index, follow, max-snippet:-1, max-image-preview:large, max-video-preview:-1\" \/>\n<link rel=\"canonical\" href=\"https:\/\/puntodincontro.mx\/es\/2023\/05\/18\/cdmx-abre-el-largo-camino-de-arena-de-di-paolo-con-textos-de-pasolini2\/\" \/>\n<meta property=\"og:locale\" content=\"es_MX\" \/>\n<meta property=\"og:type\" content=\"article\" \/>\n<meta property=\"og:title\" content=\"Messico, arriva \u201cEl Largo camino de Arena\u201d di Di Paolo con testi di Pasolini\" \/>\n<meta property=\"og:description\" content=\"In occasione del centenario della nascita di Pier Paolo Pasolini l&#039;Istituto Italiano di Cultura presenta \u201cEl largo camino de arena\u201d.\" \/>\n<meta property=\"og:url\" content=\"https:\/\/puntodincontro.mx\/es\/2023\/05\/18\/cdmx-abre-el-largo-camino-de-arena-de-di-paolo-con-textos-de-pasolini2\/\" \/>\n<meta property=\"og:site_name\" content=\"Puntodincontro\" \/>\n<meta property=\"article:publisher\" content=\"https:\/\/www.facebook.com\/puntodincontro.mx\" \/>\n<meta property=\"article:published_time\" content=\"2023-05-18T17:06:31+00:00\" \/>\n<meta property=\"article:modified_time\" content=\"2023-05-18T17:26:49+00:00\" \/>\n<meta property=\"og:image\" content=\"https:\/\/puntodincontro.mx\/wp-content\/uploads\/2023\/05\/stradadisabbiacomp.jpg\" \/>\n\t<meta property=\"og:image:width\" content=\"932\" \/>\n\t<meta property=\"og:image:height\" content=\"488\" \/>\n\t<meta property=\"og:image:type\" content=\"image\/jpeg\" \/>\n<meta name=\"author\" content=\"Puntodincontro\" \/>\n<meta name=\"twitter:card\" content=\"summary_large_image\" \/>\n<meta name=\"twitter:creator\" content=\"@puntodincontro\" \/>\n<meta name=\"twitter:site\" content=\"@puntodincontro\" \/>\n<meta name=\"twitter:label1\" content=\"Escrito por\" \/>\n\t<meta name=\"twitter:data1\" content=\"Puntodincontro\" \/>\n\t<meta name=\"twitter:label2\" content=\"Tiempo de lectura\" \/>\n\t<meta name=\"twitter:data2\" content=\"1 minuto\" \/>\n<script type=\"application\/ld+json\" class=\"yoast-schema-graph\">{\"@context\":\"https:\/\/schema.org\",\"@graph\":[{\"@type\":\"NewsArticle\",\"@id\":\"https:\/\/puntodincontro.mx\/2023\/05\/18\/messico-arriva-el-largo-camino-de-arena-di-di-paolo-con-testi-di-pasolini2\/#article\",\"isPartOf\":{\"@id\":\"https:\/\/puntodincontro.mx\/2023\/05\/18\/messico-arriva-el-largo-camino-de-arena-di-di-paolo-con-testi-di-pasolini2\/\"},\"author\":{\"name\":\"Puntodincontro\",\"@id\":\"https:\/\/puntodincontro.mx\/#\/schema\/person\/d3066d18a16259cbb0c29b0d0e93b556\"},\"headline\":\"Messico, arriva \u201cEl Largo camino de Arena\u201d di Di Paolo con testi di Pasolini\",\"datePublished\":\"2023-05-18T17:06:31+00:00\",\"dateModified\":\"2023-05-18T17:26:49+00:00\",\"mainEntityOfPage\":{\"@id\":\"https:\/\/puntodincontro.mx\/2023\/05\/18\/messico-arriva-el-largo-camino-de-arena-di-di-paolo-con-testi-di-pasolini2\/\"},\"wordCount\":262,\"commentCount\":0,\"publisher\":{\"@id\":\"https:\/\/puntodincontro.mx\/#organization\"},\"image\":{\"@id\":\"https:\/\/puntodincontro.mx\/2023\/05\/18\/messico-arriva-el-largo-camino-de-arena-di-di-paolo-con-testi-di-pasolini2\/#primaryimage\"},\"thumbnailUrl\":\"https:\/\/puntodincontro.mx\/wp-content\/uploads\/2023\/05\/stradadisabbiavert.webp\",\"articleSection\":[\"Cultura\"],\"inLanguage\":\"es\",\"potentialAction\":[{\"@type\":\"CommentAction\",\"name\":\"Comment\",\"target\":[\"https:\/\/puntodincontro.mx\/2023\/05\/18\/messico-arriva-el-largo-camino-de-arena-di-di-paolo-con-testi-di-pasolini2\/#respond\"]}]},{\"@type\":\"WebPage\",\"@id\":\"https:\/\/puntodincontro.mx\/2023\/05\/18\/messico-arriva-el-largo-camino-de-arena-di-di-paolo-con-testi-di-pasolini2\/\",\"url\":\"https:\/\/puntodincontro.mx\/2023\/05\/18\/messico-arriva-el-largo-camino-de-arena-di-di-paolo-con-testi-di-pasolini2\/\",\"name\":\"In Messico \u201cLa lunga strada di sabbia\u201d di Di Paolo e Pasolini\",\"isPartOf\":{\"@id\":\"https:\/\/puntodincontro.mx\/#website\"},\"primaryImageOfPage\":{\"@id\":\"https:\/\/puntodincontro.mx\/2023\/05\/18\/messico-arriva-el-largo-camino-de-arena-di-di-paolo-con-testi-di-pasolini2\/#primaryimage\"},\"image\":{\"@id\":\"https:\/\/puntodincontro.mx\/2023\/05\/18\/messico-arriva-el-largo-camino-de-arena-di-di-paolo-con-testi-di-pasolini2\/#primaryimage\"},\"thumbnailUrl\":\"https:\/\/puntodincontro.mx\/wp-content\/uploads\/2023\/05\/stradadisabbiavert.webp\",\"datePublished\":\"2023-05-18T17:06:31+00:00\",\"dateModified\":\"2023-05-18T17:26:49+00:00\",\"description\":\"In occasione del centenario della nascita di Pier Paolo Pasolini l'Istituto Italiano di Cultura presenta \u201cEl largo camino de arena\u201d.\",\"breadcrumb\":{\"@id\":\"https:\/\/puntodincontro.mx\/2023\/05\/18\/messico-arriva-el-largo-camino-de-arena-di-di-paolo-con-testi-di-pasolini2\/#breadcrumb\"},\"inLanguage\":\"es\",\"potentialAction\":[{\"@type\":\"ReadAction\",\"target\":[\"https:\/\/puntodincontro.mx\/2023\/05\/18\/messico-arriva-el-largo-camino-de-arena-di-di-paolo-con-testi-di-pasolini2\/\"]}]},{\"@type\":\"ImageObject\",\"inLanguage\":\"es\",\"@id\":\"https:\/\/puntodincontro.mx\/2023\/05\/18\/messico-arriva-el-largo-camino-de-arena-di-di-paolo-con-testi-di-pasolini2\/#primaryimage\",\"url\":\"https:\/\/puntodincontro.mx\/wp-content\/uploads\/2023\/05\/stradadisabbiavert.webp\",\"contentUrl\":\"https:\/\/puntodincontro.mx\/wp-content\/uploads\/2023\/05\/stradadisabbiavert.webp\",\"width\":423,\"height\":488,\"caption\":\"Messico, arriva \u201cEl Largo camino de Arena\u201d di Di Paolo con testi di Pasolini \/ Foto: Paolo Di Paolo\"},{\"@type\":\"BreadcrumbList\",\"@id\":\"https:\/\/puntodincontro.mx\/2023\/05\/18\/messico-arriva-el-largo-camino-de-arena-di-di-paolo-con-testi-di-pasolini2\/#breadcrumb\",\"itemListElement\":[{\"@type\":\"ListItem\",\"position\":1,\"name\":\"Home\",\"item\":\"https:\/\/puntodincontro.mx\/\"},{\"@type\":\"ListItem\",\"position\":2,\"name\":\"Messico, arriva \u201cEl Largo camino de Arena\u201d di Di Paolo con testi di Pasolini\"}]},{\"@type\":\"WebSite\",\"@id\":\"https:\/\/puntodincontro.mx\/#website\",\"url\":\"https:\/\/puntodincontro.mx\/\",\"name\":\"Puntodincontro\",\"description\":\"Dal 2006 notizie sui rapporti Italia-Messico \/ Desde 2006 noticias sobre las relaciones entre Italia y M\u00e9xico\",\"publisher\":{\"@id\":\"https:\/\/puntodincontro.mx\/#organization\"},\"potentialAction\":[{\"@type\":\"SearchAction\",\"target\":{\"@type\":\"EntryPoint\",\"urlTemplate\":\"https:\/\/puntodincontro.mx\/?s={search_term_string}\"},\"query-input\":{\"@type\":\"PropertyValueSpecification\",\"valueRequired\":true,\"valueName\":\"search_term_string\"}}],\"inLanguage\":\"es\"},{\"@type\":\"Organization\",\"@id\":\"https:\/\/puntodincontro.mx\/#organization\",\"name\":\"Puntodincontro\",\"url\":\"https:\/\/puntodincontro.mx\/\",\"logo\":{\"@type\":\"ImageObject\",\"inLanguage\":\"es\",\"@id\":\"https:\/\/puntodincontro.mx\/#\/schema\/logo\/image\/\",\"url\":\"https:\/\/puntodincontro.mx\/wp-content\/uploads\/2021\/08\/Default-image-for-open-graph-settings.jpg\",\"contentUrl\":\"https:\/\/puntodincontro.mx\/wp-content\/uploads\/2021\/08\/Default-image-for-open-graph-settings.jpg\",\"width\":1200,\"height\":630,\"caption\":\"Puntodincontro\"},\"image\":{\"@id\":\"https:\/\/puntodincontro.mx\/#\/schema\/logo\/image\/\"},\"sameAs\":[\"https:\/\/www.facebook.com\/puntodincontro.mx\",\"https:\/\/x.com\/puntodincontro\",\"https:\/\/www.instagram.com\/puntodincontro.mx\/\",\"https:\/\/www.linkedin.com\/company\/puntodincontro\/\",\"https:\/\/www.youtube.com\/c\/puntodincontromessico\",\"https:\/\/www.patreon.com\/puntodincontro\",\"https:\/\/www.threads.net\/@puntodincontro.mx\"]},{\"@type\":\"Person\",\"@id\":\"https:\/\/puntodincontro.mx\/#\/schema\/person\/d3066d18a16259cbb0c29b0d0e93b556\",\"name\":\"Puntodincontro\",\"image\":{\"@type\":\"ImageObject\",\"inLanguage\":\"es\",\"@id\":\"https:\/\/puntodincontro.mx\/#\/schema\/person\/image\/\",\"url\":\"https:\/\/secure.gravatar.com\/avatar\/0e85b4b3b5e9d6bfcec6a4956d8cc63a?s=96&d=mm&r=g\",\"contentUrl\":\"https:\/\/secure.gravatar.com\/avatar\/0e85b4b3b5e9d6bfcec6a4956d8cc63a?s=96&d=mm&r=g\",\"caption\":\"Puntodincontro\"},\"url\":\"https:\/\/puntodincontro.mx\/es\/author\/puntodincontro\/\"}]}<\/script>\n<!-- \/ Yoast SEO Premium plugin. -->","yoast_head_json":{"title":"CdMx: abre \u201cEl Largo camino de Arena\u201d de Di Paolo con textos de Pasolini","description":"In occasione del centenario della nascita di Pier Paolo Pasolini l'Istituto Italiano di Cultura presenta \u201cEl largo camino de arena\u201d.","robots":{"index":"index","follow":"follow","max-snippet":"max-snippet:-1","max-image-preview":"max-image-preview:large","max-video-preview":"max-video-preview:-1"},"canonical":"https:\/\/puntodincontro.mx\/es\/2023\/05\/18\/cdmx-abre-el-largo-camino-de-arena-de-di-paolo-con-textos-de-pasolini2\/","og_locale":"es_MX","og_type":"article","og_title":"Messico, arriva \u201cEl Largo camino de Arena\u201d di Di Paolo con testi di Pasolini","og_description":"In occasione del centenario della nascita di Pier Paolo Pasolini l'Istituto Italiano di Cultura presenta \u201cEl largo camino de arena\u201d.","og_url":"https:\/\/puntodincontro.mx\/es\/2023\/05\/18\/cdmx-abre-el-largo-camino-de-arena-de-di-paolo-con-textos-de-pasolini2\/","og_site_name":"Puntodincontro","article_publisher":"https:\/\/www.facebook.com\/puntodincontro.mx","article_published_time":"2023-05-18T17:06:31+00:00","article_modified_time":"2023-05-18T17:26:49+00:00","og_image":[{"width":932,"height":488,"url":"https:\/\/puntodincontro.mx\/wp-content\/uploads\/2023\/05\/stradadisabbiacomp.jpg","type":"image\/jpeg"}],"author":"Puntodincontro","twitter_card":"summary_large_image","twitter_creator":"@puntodincontro","twitter_site":"@puntodincontro","twitter_misc":{"Escrito por":"Puntodincontro","Tiempo de lectura":"1 minuto"},"schema":{"@context":"https:\/\/schema.org","@graph":[{"@type":"NewsArticle","@id":"https:\/\/puntodincontro.mx\/2023\/05\/18\/messico-arriva-el-largo-camino-de-arena-di-di-paolo-con-testi-di-pasolini2\/#article","isPartOf":{"@id":"https:\/\/puntodincontro.mx\/2023\/05\/18\/messico-arriva-el-largo-camino-de-arena-di-di-paolo-con-testi-di-pasolini2\/"},"author":{"name":"Puntodincontro","@id":"https:\/\/puntodincontro.mx\/#\/schema\/person\/d3066d18a16259cbb0c29b0d0e93b556"},"headline":"Messico, arriva \u201cEl Largo camino de Arena\u201d di Di Paolo con testi di Pasolini","datePublished":"2023-05-18T17:06:31+00:00","dateModified":"2023-05-18T17:26:49+00:00","mainEntityOfPage":{"@id":"https:\/\/puntodincontro.mx\/2023\/05\/18\/messico-arriva-el-largo-camino-de-arena-di-di-paolo-con-testi-di-pasolini2\/"},"wordCount":262,"commentCount":0,"publisher":{"@id":"https:\/\/puntodincontro.mx\/#organization"},"image":{"@id":"https:\/\/puntodincontro.mx\/2023\/05\/18\/messico-arriva-el-largo-camino-de-arena-di-di-paolo-con-testi-di-pasolini2\/#primaryimage"},"thumbnailUrl":"https:\/\/puntodincontro.mx\/wp-content\/uploads\/2023\/05\/stradadisabbiavert.webp","articleSection":["Cultura"],"inLanguage":"es","potentialAction":[{"@type":"CommentAction","name":"Comment","target":["https:\/\/puntodincontro.mx\/2023\/05\/18\/messico-arriva-el-largo-camino-de-arena-di-di-paolo-con-testi-di-pasolini2\/#respond"]}]},{"@type":"WebPage","@id":"https:\/\/puntodincontro.mx\/2023\/05\/18\/messico-arriva-el-largo-camino-de-arena-di-di-paolo-con-testi-di-pasolini2\/","url":"https:\/\/puntodincontro.mx\/2023\/05\/18\/messico-arriva-el-largo-camino-de-arena-di-di-paolo-con-testi-di-pasolini2\/","name":"CdMx: abre \u201cEl Largo camino de Arena\u201d de Di Paolo con textos de Pasolini","isPartOf":{"@id":"https:\/\/puntodincontro.mx\/#website"},"primaryImageOfPage":{"@id":"https:\/\/puntodincontro.mx\/2023\/05\/18\/messico-arriva-el-largo-camino-de-arena-di-di-paolo-con-testi-di-pasolini2\/#primaryimage"},"image":{"@id":"https:\/\/puntodincontro.mx\/2023\/05\/18\/messico-arriva-el-largo-camino-de-arena-di-di-paolo-con-testi-di-pasolini2\/#primaryimage"},"thumbnailUrl":"https:\/\/puntodincontro.mx\/wp-content\/uploads\/2023\/05\/stradadisabbiavert.webp","datePublished":"2023-05-18T17:06:31+00:00","dateModified":"2023-05-18T17:26:49+00:00","description":"In occasione del centenario della nascita di Pier Paolo Pasolini l'Istituto Italiano di Cultura presenta \u201cEl largo camino de arena\u201d.","breadcrumb":{"@id":"https:\/\/puntodincontro.mx\/2023\/05\/18\/messico-arriva-el-largo-camino-de-arena-di-di-paolo-con-testi-di-pasolini2\/#breadcrumb"},"inLanguage":"es","potentialAction":[{"@type":"ReadAction","target":["https:\/\/puntodincontro.mx\/2023\/05\/18\/messico-arriva-el-largo-camino-de-arena-di-di-paolo-con-testi-di-pasolini2\/"]}]},{"@type":"ImageObject","inLanguage":"es","@id":"https:\/\/puntodincontro.mx\/2023\/05\/18\/messico-arriva-el-largo-camino-de-arena-di-di-paolo-con-testi-di-pasolini2\/#primaryimage","url":"https:\/\/puntodincontro.mx\/wp-content\/uploads\/2023\/05\/stradadisabbiavert.webp","contentUrl":"https:\/\/puntodincontro.mx\/wp-content\/uploads\/2023\/05\/stradadisabbiavert.webp","width":423,"height":488,"caption":"Messico, arriva \u201cEl Largo camino de Arena\u201d di Di Paolo con testi di Pasolini \/ Foto: Paolo Di Paolo"},{"@type":"BreadcrumbList","@id":"https:\/\/puntodincontro.mx\/2023\/05\/18\/messico-arriva-el-largo-camino-de-arena-di-di-paolo-con-testi-di-pasolini2\/#breadcrumb","itemListElement":[{"@type":"ListItem","position":1,"name":"Home","item":"https:\/\/puntodincontro.mx\/"},{"@type":"ListItem","position":2,"name":"Messico, arriva \u201cEl Largo camino de Arena\u201d di Di Paolo con testi di Pasolini"}]},{"@type":"WebSite","@id":"https:\/\/puntodincontro.mx\/#website","url":"https:\/\/puntodincontro.mx\/","name":"Puntodincontro","description":"Desde el 2006 noticias sobre las relaciones entre Italia y M\u00e9xico \/ Dal 2006 notizie sui rapporti Italia-Messico","publisher":{"@id":"https:\/\/puntodincontro.mx\/#organization"},"potentialAction":[{"@type":"SearchAction","target":{"@type":"EntryPoint","urlTemplate":"https:\/\/puntodincontro.mx\/?s={search_term_string}"},"query-input":{"@type":"PropertyValueSpecification","valueRequired":true,"valueName":"search_term_string"}}],"inLanguage":"es"},{"@type":"Organization","@id":"https:\/\/puntodincontro.mx\/#organization","name":"Puntodincontro","url":"https:\/\/puntodincontro.mx\/","logo":{"@type":"ImageObject","inLanguage":"es","@id":"https:\/\/puntodincontro.mx\/#\/schema\/logo\/image\/","url":"https:\/\/puntodincontro.mx\/wp-content\/uploads\/2021\/08\/Default-image-for-open-graph-settings.jpg","contentUrl":"https:\/\/puntodincontro.mx\/wp-content\/uploads\/2021\/08\/Default-image-for-open-graph-settings.jpg","width":1200,"height":630,"caption":"Puntodincontro"},"image":{"@id":"https:\/\/puntodincontro.mx\/#\/schema\/logo\/image\/"},"sameAs":["https:\/\/www.facebook.com\/puntodincontro.mx","https:\/\/x.com\/puntodincontro","https:\/\/www.instagram.com\/puntodincontro.mx\/","https:\/\/www.linkedin.com\/company\/puntodincontro\/","https:\/\/www.youtube.com\/c\/puntodincontromessico","https:\/\/www.patreon.com\/puntodincontro","https:\/\/www.threads.net\/@puntodincontro.mx"]},{"@type":"Person","@id":"https:\/\/puntodincontro.mx\/#\/schema\/person\/d3066d18a16259cbb0c29b0d0e93b556","name":"Puntodincontro","image":{"@type":"ImageObject","inLanguage":"es","@id":"https:\/\/puntodincontro.mx\/#\/schema\/person\/image\/","url":"https:\/\/secure.gravatar.com\/avatar\/0e85b4b3b5e9d6bfcec6a4956d8cc63a?s=96&d=mm&r=g","contentUrl":"https:\/\/secure.gravatar.com\/avatar\/0e85b4b3b5e9d6bfcec6a4956d8cc63a?s=96&d=mm&r=g","caption":"Puntodincontro"},"url":"https:\/\/puntodincontro.mx\/es\/author\/puntodincontro\/"}]}},"_links":{"self":[{"href":"https:\/\/puntodincontro.mx\/es\/wp-json\/wp\/v2\/posts\/12916"}],"collection":[{"href":"https:\/\/puntodincontro.mx\/es\/wp-json\/wp\/v2\/posts"}],"about":[{"href":"https:\/\/puntodincontro.mx\/es\/wp-json\/wp\/v2\/types\/post"}],"author":[{"embeddable":true,"href":"https:\/\/puntodincontro.mx\/es\/wp-json\/wp\/v2\/users\/2"}],"replies":[{"embeddable":true,"href":"https:\/\/puntodincontro.mx\/es\/wp-json\/wp\/v2\/comments?post=12916"}],"version-history":[{"count":10,"href":"https:\/\/puntodincontro.mx\/es\/wp-json\/wp\/v2\/posts\/12916\/revisions"}],"predecessor-version":[{"id":12931,"href":"https:\/\/puntodincontro.mx\/es\/wp-json\/wp\/v2\/posts\/12916\/revisions\/12931"}],"wp:featuredmedia":[{"embeddable":true,"href":"https:\/\/puntodincontro.mx\/es\/wp-json\/wp\/v2\/media\/12923"}],"wp:attachment":[{"href":"https:\/\/puntodincontro.mx\/es\/wp-json\/wp\/v2\/media?parent=12916"}],"wp:term":[{"taxonomy":"category","embeddable":true,"href":"https:\/\/puntodincontro.mx\/es\/wp-json\/wp\/v2\/categories?post=12916"},{"taxonomy":"post_tag","embeddable":true,"href":"https:\/\/puntodincontro.mx\/es\/wp-json\/wp\/v2\/tags?post=12916"}],"curies":[{"name":"wp","href":"https:\/\/api.w.org\/{rel}","templated":true}]}}