{"id":12940,"date":"2023-05-18T18:01:38","date_gmt":"2023-05-18T23:01:38","guid":{"rendered":"https:\/\/puntodincontro.mx\/?p=12940"},"modified":"2023-05-18T18:02:20","modified_gmt":"2023-05-18T23:02:20","slug":"el-encuentro-contagio-entre-italia-y-el-pais-de-residencia-como-concurso-artistico","status":"publish","type":"post","link":"https:\/\/puntodincontro.mx\/es\/2023\/05\/18\/lincontro-contagio-tra-litalia-e-il-paese-di-residenza-come-gara-artistica\/","title":{"rendered":"El contagio entre Italia y el pa\u00eds de residencia como concurso art\u00edstico"},"content":{"rendered":"<p class=\"translation-block\"><strong>16:43 hrs.<\/strong> - Arranca la quinta edici\u00f3n de <a href=\"https:\/\/italiana.esteri.it\/italiana\/en\/avvisi\/al-via-la-quinta-edizione-del-concorso-vivo-darte\/\" target=\"_blank\"><em>Vivo d'Arte<\/em><\/a>, el concurso-premio promovido por el Ministerio italiano de Asuntos Exteriores y de Cooperaci\u00f3n Internacional, en colaboraci\u00f3n con la Fundaci\u00f3n Romaeuropa, dedicado a los j\u00f3venes artistas del Bel Paese menores de 36 a\u00f1os y con residencia permanente en el extranjero.<\/p>\n\n\n\n<p>El objeto del certamen son obras originales de creaci\u00f3n contempor\u00e1nea desarrolladas en las disciplinas del teatro, la danza y la m\u00fasica, centradas en el tema del encuentro\/contagio con la cultura del pa\u00eds de residencia y que prevean la posible participaci\u00f3n de artistas locales.<\/p>\n\n\n\n<p>La iniciativa tambi\u00e9n tiene como objetivo crear una red de creadores italianos en el extranjero y dar una se\u00f1al de atenci\u00f3n a la nueva emigraci\u00f3n, valorizando dos rasgos distintivos de Italia en el mundo en clave contempor\u00e1nea: la creatividad y la capacidad de su excelencia art\u00edstica para expresarse m\u00e1s all\u00e1 de las fronteras nacionales.<\/p>\n\n\n\n<p><strong>Los ganadores de las dos \u00faltimas ediciones<\/strong><\/p>\n\n\n\n<p class=\"translation-block\">2019 \u2013 <em>Memorias subterr\u00e1neas<\/em> de Maria Giulia Serantoni, una joven core\u00f3grafa italiana residente en Berl\u00edn, fue el proyecto seleccionado entre 20 candidaturas de otros tantos artistas italianos residentes en 12 pa\u00edses (Paraguay, Espa\u00f1a, Francia, M\u00f3naco, EE.UU. , Alemania, Argentina, Reino Unido, Australia, B\u00e9lgica, Polonia, Tanzania). La actuaci\u00f3n multidisciplinar de Maria Giulia Serantoni combina la danza con un fuerte componente de v\u00eddeo, sonido e instalaci\u00f3n y supone un recorrido por las memorias de las dos bailarinas protagonistas, vinculadas a la cultura <em>underground<\/em> y la escena art\u00edstica independiente de la ciudad de Berl\u00edn. El espect\u00e1culo se present\u00f3 en el marco de la trig\u00e9sima cuarta edici\u00f3n del Festival Romaeuropa.<\/p>\n\n\n\n<p class=\"translation-block\">2020 \u2013 <em>SHE<\/em> de Valerio Zanini con el estudio Ninja Guru fue el espect\u00e1culo seleccionado entre las 16 propuestas de artistas italianos residentes en catorce pa\u00edses (Emiratos \u00c1rabes Unidos, Espa\u00f1a, Portugal, Estados Unidos, Reino Unido, Principado de M\u00f3naco, Francia, B\u00e9lgica, Egipto, Argentina, Alemania, Argentina, Colombia y Austria). <em>SHE<\/em> es una actuaci\u00f3n <em>coreutica aumentada<\/em>, que combina m\u00fasica electr\u00f3nica y coreograf\u00eda. El int\u00e9rprete, mediante el uso de sensores y algoritmos de reconocimiento y seguimiento de gestos, traza sus movimientos, d\u00e1ndoles forma y produciendo sonidos. El espect\u00e1culo se enmarc\u00f3 en la trig\u00e9sima quinta edici\u00f3n del Festival Romaeuropa.<\/p>\n\n\n\n<p class=\"translation-block\">El proyecto ganador ser\u00e1 representado en el estreno nacional en la pr\u00f3xima edici\u00f3n del Romaeuropa, que se celebrar\u00e1 del 6 de septiembre al 19 de noviembre de 2023. Se cubrir\u00e1n los gastos relacionados con la creaci\u00f3n y producci\u00f3n de la representaci\u00f3n ganadora, el cach\u00e9 y el alojamiento, dentro de los l\u00edmites se\u00f1alados en el <a href=\"https:\/\/puntodincontro.mx\/pdf\/Regolamento-Vivo-DArte-2023.pdf\" target=\"_blank\" rel=\"noreferrer noopener\">reglamento<\/a>.<\/p>\n\n\n\n<p>La fecha l\u00edmite de recepci\u00f3n de solicitudes es el 18 de junio de 2023 a las 23:59 (hora italiana).<\/p>\n\n\n\n<p class=\"has-small-font-size\">Foto: Harvard Business Review<\/p>\n\n\n\n<div style=\"height:12px\" aria-hidden=\"true\" class=\"wp-block-spacer\"><\/div>\n\n\n<!-- Ad space powered by WP AdCenter v2.5.7 - https:\/\/wpadcenter.com\/ --><div class=\"wpadcenter-adgroup\" ><div class=\"wpadcenter-adgroup__row wpadcenter-aligncenter\"><div class=\"wpadcenter-ad-container\" ><div id=\"wpadcenter-ad-18464\" class=\"ad-placement\"><div class=\"wpadcenter-ad-inner\" ><a id=\"wpadcenter_ad\" data-value=\"18464\" data-placement=\"\" href=\"https:\/\/www.productosremo.com\/\" target=\"_blank\" class=\"wpadcenter-ad-inner__item\" ><img decoding=\"async\"   src=\"https:\/\/puntodincontro.mx\/wp-content\/uploads\/2021\/08\/remobanner.jpg\" class=\"attachment-post-thumbnail size-post-thumbnail wp-post-image\" alt=\"\" srcset=\"https:\/\/puntodincontro.mx\/wp-content\/uploads\/2021\/08\/remobanner.jpg 200w, https:\/\/puntodincontro.mx\/wp-content\/uploads\/2021\/08\/remobanner-16x5.jpg 16w\" sizes=\"(max-width: 200px) 100vw, 200px\" \/><\/a><\/div><\/div><\/div><div class=\"wpadcenter-ad-container\" ><div id=\"wpadcenter-ad-5305\" class=\"ad-placement\"><div class=\"wpadcenter-ad-inner\" ><a id=\"wpadcenter_ad\" data-value=\"5305\" data-placement=\"\" href=\"https:\/\/ambcittadelmessico.esteri.it\/ambasciata_cittadelmessico\/it\/\" target=\"_blank\" class=\"wpadcenter-ad-inner__item\" ><img decoding=\"async\"   src=\"https:\/\/puntodincontro.mx\/wp-content\/uploads\/2022\/05\/Ambasciata.jpg\" class=\"attachment-post-thumbnail size-post-thumbnail wp-post-image\" alt=\"\" srcset=\"https:\/\/puntodincontro.mx\/wp-content\/uploads\/2022\/05\/Ambasciata.jpg 200w, https:\/\/puntodincontro.mx\/wp-content\/uploads\/2022\/05\/Ambasciata-18x5.jpg 18w\" sizes=\"(max-width: 200px) 100vw, 200px\" \/><\/a><\/div><\/div><\/div><div class=\"wpadcenter-ad-container\" ><div id=\"wpadcenter-ad-3781\" class=\"ad-placement\"><div class=\"wpadcenter-ad-inner\" ><a id=\"wpadcenter_ad\" data-value=\"3781\" data-placement=\"\" href=\"https:\/\/cannizzo.com.mx\/\" target=\"_blank\" class=\"wpadcenter-ad-inner__item\" ><img decoding=\"async\"   src=\"https:\/\/puntodincontro.mx\/wp-content\/uploads\/2022\/03\/cannizzo2.jpg\" class=\"attachment-post-thumbnail size-post-thumbnail wp-post-image\" alt=\"\" srcset=\"https:\/\/puntodincontro.mx\/wp-content\/uploads\/2022\/03\/cannizzo2.jpg 200w, https:\/\/puntodincontro.mx\/wp-content\/uploads\/2022\/03\/cannizzo2-18x5.jpg 18w\" sizes=\"(max-width: 200px) 100vw, 200px\" \/><\/a><\/div><\/div><\/div><\/div><div class=\"wpadcenter-adgroup__row wpadcenter-aligncenter\"><div class=\"wpadcenter-ad-container\" ><div id=\"wpadcenter-ad-1704\" class=\"ad-placement\"><div class=\"wpadcenter-ad-inner\" ><a id=\"wpadcenter_ad\" data-value=\"1704\" data-placement=\"\" href=\"https:\/\/puntodincontro.mx\/es\/2021\/12\/24\/inps-verificacion-de-supervivencia-de-los-pensionados-en-el-extranjero\/\" target=\"_blank\" class=\"wpadcenter-ad-inner__item\" ><img decoding=\"async\"   src=\"https:\/\/puntodincontro.mx\/wp-content\/uploads\/2021\/11\/logo-ital.jpg\" class=\"attachment-post-thumbnail size-post-thumbnail wp-post-image\" alt=\"Patronato ITAL Messico\" srcset=\"https:\/\/puntodincontro.mx\/wp-content\/uploads\/2021\/11\/logo-ital.jpg 200w, https:\/\/puntodincontro.mx\/wp-content\/uploads\/2021\/11\/logo-ital-16x5.jpg 16w\" sizes=\"(max-width: 200px) 100vw, 200px\" \/><\/a><\/div><\/div><\/div><div class=\"wpadcenter-ad-container\" ><div id=\"wpadcenter-ad-1538\" class=\"ad-placement\"><div class=\"wpadcenter-ad-inner\" ><a id=\"wpadcenter_ad\" data-value=\"1538\" data-placement=\"\" href=\"https:\/\/asociacionitaliana.org\/\" target=\"_blank\" class=\"wpadcenter-ad-inner__item\" ><img decoding=\"async\"   src=\"https:\/\/puntodincontro.mx\/wp-content\/uploads\/2021\/11\/aialogo.jpg\" class=\"attachment-post-thumbnail size-post-thumbnail wp-post-image\" alt=\"Associazione Italiana di Assistenza IAP\" srcset=\"https:\/\/puntodincontro.mx\/wp-content\/uploads\/2021\/11\/aialogo.jpg 200w, https:\/\/puntodincontro.mx\/wp-content\/uploads\/2021\/11\/aialogo-18x5.jpg 18w\" sizes=\"(max-width: 200px) 100vw, 200px\" \/><\/a><\/div><\/div><\/div><div class=\"wpadcenter-ad-container\" ><div id=\"wpadcenter-ad-1513\" class=\"ad-placement\"><div class=\"wpadcenter-ad-inner\" ><a id=\"wpadcenter_ad\" data-value=\"1513\" data-placement=\"\" href=\"https:\/\/gcinmuebles.mx\" target=\"_blank\" class=\"wpadcenter-ad-inner__item\" ><img decoding=\"async\"   src=\"https:\/\/puntodincontro.mx\/wp-content\/uploads\/2021\/10\/gcinmuebleslogopunto-1.jpg\" class=\"attachment-post-thumbnail size-post-thumbnail wp-post-image\" alt=\"\" srcset=\"https:\/\/puntodincontro.mx\/wp-content\/uploads\/2021\/10\/gcinmuebleslogopunto-1.jpg 200w, https:\/\/puntodincontro.mx\/wp-content\/uploads\/2021\/10\/gcinmuebleslogopunto-1-18x5.jpg 18w\" sizes=\"(max-width: 200px) 100vw, 200px\" \/><\/a><\/div><\/div><\/div><\/div><div class=\"wpadcenter-adgroup__row wpadcenter-aligncenter\"><div class=\"wpadcenter-ad-container\" ><div id=\"wpadcenter-ad-1374\" class=\"ad-placement\"><div class=\"wpadcenter-ad-inner\" ><a id=\"wpadcenter_ad\" data-value=\"1374\" data-placement=\"\" href=\"https:\/\/www.9colonne.it\/\" target=\"_blank\" class=\"wpadcenter-ad-inner__item\" ><img decoding=\"async\"   src=\"https:\/\/puntodincontro.mx\/wp-content\/uploads\/2021\/10\/Banner9colonne.gif\" class=\"attachment-post-thumbnail size-post-thumbnail wp-post-image\" alt=\"\" \/><\/a><\/div><\/div><\/div><div class=\"wpadcenter-ad-container\" ><div id=\"wpadcenter-ad-276\" class=\"ad-placement\"><div class=\"wpadcenter-ad-inner\" ><a id=\"wpadcenter_ad\" data-value=\"276\" data-placement=\"\" href=\"http:\/\/www.camaraitaliana.mx\/\" target=\"_blank\" class=\"wpadcenter-ad-inner__item\" ><img decoding=\"async\"   src=\"https:\/\/puntodincontro.mx\/wp-content\/uploads\/2021\/08\/ccimnuovo.jpg\" class=\"attachment-post-thumbnail size-post-thumbnail wp-post-image\" alt=\"\" srcset=\"https:\/\/puntodincontro.mx\/wp-content\/uploads\/2021\/08\/ccimnuovo.jpg 200w, https:\/\/puntodincontro.mx\/wp-content\/uploads\/2021\/08\/ccimnuovo-18x5.jpg 18w\" sizes=\"(max-width: 200px) 100vw, 200px\" \/><\/a><\/div><\/div><\/div><div class=\"wpadcenter-ad-container\" ><div id=\"wpadcenter-ad-272\" class=\"ad-placement\"><div class=\"wpadcenter-ad-inner\" ><a id=\"wpadcenter_ad\" data-value=\"272\" data-placement=\"\" href=\"http:\/\/corix.us\/\" target=\"_blank\" class=\"wpadcenter-ad-inner__item\" ><img decoding=\"async\"   src=\"https:\/\/puntodincontro.mx\/wp-content\/uploads\/2021\/08\/corixbanner-1.jpg\" class=\"attachment-post-thumbnail size-post-thumbnail wp-post-image\" alt=\"\" srcset=\"https:\/\/puntodincontro.mx\/wp-content\/uploads\/2021\/08\/corixbanner-1.jpg 200w, https:\/\/puntodincontro.mx\/wp-content\/uploads\/2021\/08\/corixbanner-1-16x5.jpg 16w\" sizes=\"(max-width: 200px) 100vw, 200px\" \/><\/a><\/div><\/div><\/div><\/div><div class=\"wpadcenter-adgroup__row wpadcenter-aligncenter\"><div class=\"wpadcenter-ad-container\" ><div id=\"wpadcenter-ad-266\" class=\"ad-placement\"><div class=\"wpadcenter-ad-inner\" ><a id=\"wpadcenter_ad\" data-value=\"266\" data-placement=\"\" href=\"https:\/\/www.prinsel.com.mx\/\" target=\"_blank\" class=\"wpadcenter-ad-inner__item\" ><img decoding=\"async\"   src=\"https:\/\/puntodincontro.mx\/wp-content\/uploads\/2021\/08\/prinselbanner-1.jpg\" class=\"attachment-post-thumbnail size-post-thumbnail wp-post-image\" alt=\"\" srcset=\"https:\/\/puntodincontro.mx\/wp-content\/uploads\/2021\/08\/prinselbanner-1.jpg 200w, https:\/\/puntodincontro.mx\/wp-content\/uploads\/2021\/08\/prinselbanner-1-16x5.jpg 16w\" sizes=\"(max-width: 200px) 100vw, 200px\" \/><\/a><\/div><\/div><\/div><div class=\"wpadcenter-ad-container\" ><div id=\"wpadcenter-ad-261\" class=\"ad-placement\"><div class=\"wpadcenter-ad-inner\" ><a id=\"wpadcenter_ad\" data-value=\"261\" data-placement=\"\" href=\"https:\/\/faitalia.com.mx\/\" target=\"_blank\" class=\"wpadcenter-ad-inner__item\" ><img decoding=\"async\"   src=\"https:\/\/puntodincontro.mx\/wp-content\/uploads\/2021\/08\/gruppodino.jpg\" class=\"attachment-post-thumbnail size-post-thumbnail wp-post-image\" alt=\"\" srcset=\"https:\/\/puntodincontro.mx\/wp-content\/uploads\/2021\/08\/gruppodino.jpg 200w, https:\/\/puntodincontro.mx\/wp-content\/uploads\/2021\/08\/gruppodino-18x5.jpg 18w\" sizes=\"(max-width: 200px) 100vw, 200px\" \/><\/a><\/div><\/div><\/div><\/div><\/div>\n\n\n<div style=\"height:12px\" aria-hidden=\"true\" class=\"wp-block-spacer\"><\/div>","protected":false},"excerpt":{"rendered":"<p>Ore 16.43 &#8211; Al via la quinta edizione di Vivo d\u2019Arte, il concorso-premio promosso dal ministero italiano degli Affari esteri e della Cooperazione internazionale, in collaborazione con la Fondazione Romaeuropa, dedicato ai giovani artisti del Bel Paese al di sotto dei 36 anni di et\u00e0 e residenti stabilmente all\u2019estero. Oggetto della competizione sono opere originali di creazione contemporanea sviluppate nelle discipline di teatro, danza e musica, incentrate sul tema dell&#8217;incontro\/contagio con la cultura del Paese di residenza e prevedano l\u2019eventuale coinvolgimento di artisti locali. L\u2019iniziativa vuole anche creare una rete di artisti italiani all\u2019estero e dare un segnale di attenzione&#8230; <\/p>","protected":false},"author":2,"featured_media":12945,"comment_status":"open","ping_status":"open","sticky":false,"template":"","format":"standard","meta":{"_monsterinsights_skip_tracking":false,"_monsterinsights_sitenote_active":false,"_monsterinsights_sitenote_note":"","_monsterinsights_sitenote_category":0,"footnotes":""},"categories":[25],"tags":[],"class_list":["post-12940","post","type-post","status-publish","format-standard","has-post-thumbnail","hentry","category-cultura"],"yoast_head":"<!-- This site is optimized with the Yoast SEO Premium plugin v18.4 (Yoast SEO v25.6) - https:\/\/yoast.com\/wordpress\/plugins\/seo\/ -->\n<title>Il contagio tra l&#039;Italia e il Paese di residenza come gara artistica<\/title>\n<meta name=\"description\" content=\"Al via la 5\u00aa edizione di Vivo d\u2019Arte, il concorso promosso dal ministero italiano degli Affari esteri e Romaeuropa.\" \/>\n<meta name=\"robots\" content=\"index, follow, max-snippet:-1, max-image-preview:large, max-video-preview:-1\" \/>\n<link rel=\"canonical\" href=\"https:\/\/puntodincontro.mx\/es\/2023\/05\/18\/el-encuentro-contagio-entre-italia-y-el-pais-de-residencia-como-concurso-artistico\/\" \/>\n<meta property=\"og:locale\" content=\"es_MX\" \/>\n<meta property=\"og:type\" content=\"article\" \/>\n<meta property=\"og:title\" content=\"L&#039;incontro-contagio tra l&#039;Italia e il Paese di residenza come gara artistica\" \/>\n<meta property=\"og:description\" content=\"Al via la 5\u00aa edizione di Vivo d\u2019Arte, il concorso promosso dal ministero italiano degli Affari esteri e Romaeuropa.\" \/>\n<meta property=\"og:url\" content=\"https:\/\/puntodincontro.mx\/es\/2023\/05\/18\/el-encuentro-contagio-entre-italia-y-el-pais-de-residencia-como-concurso-artistico\/\" \/>\n<meta property=\"og:site_name\" content=\"Puntodincontro\" \/>\n<meta property=\"article:publisher\" content=\"https:\/\/www.facebook.com\/puntodincontro.mx\" \/>\n<meta property=\"article:published_time\" content=\"2023-05-18T23:01:38+00:00\" \/>\n<meta property=\"article:modified_time\" content=\"2023-05-18T23:02:20+00:00\" \/>\n<meta property=\"og:image\" content=\"https:\/\/puntodincontro.mx\/wp-content\/uploads\/2023\/05\/incontrocontagiocomp.jpg\" \/>\n\t<meta property=\"og:image:width\" content=\"932\" \/>\n\t<meta property=\"og:image:height\" content=\"488\" \/>\n\t<meta property=\"og:image:type\" content=\"image\/jpeg\" \/>\n<meta name=\"author\" content=\"Puntodincontro\" \/>\n<meta name=\"twitter:card\" content=\"summary_large_image\" \/>\n<meta name=\"twitter:creator\" content=\"@puntodincontro\" \/>\n<meta name=\"twitter:site\" content=\"@puntodincontro\" \/>\n<meta name=\"twitter:label1\" content=\"Escrito por\" \/>\n\t<meta name=\"twitter:data1\" content=\"Puntodincontro\" \/>\n\t<meta name=\"twitter:label2\" content=\"Tiempo de lectura\" \/>\n\t<meta name=\"twitter:data2\" content=\"2 minutos\" \/>\n<script type=\"application\/ld+json\" class=\"yoast-schema-graph\">{\"@context\":\"https:\/\/schema.org\",\"@graph\":[{\"@type\":\"NewsArticle\",\"@id\":\"https:\/\/puntodincontro.mx\/2023\/05\/18\/lincontro-contagio-tra-litalia-e-il-paese-di-residenza-come-gara-artistica\/#article\",\"isPartOf\":{\"@id\":\"https:\/\/puntodincontro.mx\/2023\/05\/18\/lincontro-contagio-tra-litalia-e-il-paese-di-residenza-come-gara-artistica\/\"},\"author\":{\"name\":\"Puntodincontro\",\"@id\":\"https:\/\/puntodincontro.mx\/#\/schema\/person\/d3066d18a16259cbb0c29b0d0e93b556\"},\"headline\":\"L&#8217;incontro-contagio tra l&#8217;Italia e il Paese di residenza come gara artistica\",\"datePublished\":\"2023-05-18T23:01:38+00:00\",\"dateModified\":\"2023-05-18T23:02:20+00:00\",\"mainEntityOfPage\":{\"@id\":\"https:\/\/puntodincontro.mx\/2023\/05\/18\/lincontro-contagio-tra-litalia-e-il-paese-di-residenza-come-gara-artistica\/\"},\"wordCount\":410,\"commentCount\":0,\"publisher\":{\"@id\":\"https:\/\/puntodincontro.mx\/#organization\"},\"image\":{\"@id\":\"https:\/\/puntodincontro.mx\/2023\/05\/18\/lincontro-contagio-tra-litalia-e-il-paese-di-residenza-come-gara-artistica\/#primaryimage\"},\"thumbnailUrl\":\"https:\/\/puntodincontro.mx\/wp-content\/uploads\/2023\/05\/incontrocontagiovert.webp\",\"articleSection\":[\"Cultura\"],\"inLanguage\":\"es\",\"potentialAction\":[{\"@type\":\"CommentAction\",\"name\":\"Comment\",\"target\":[\"https:\/\/puntodincontro.mx\/2023\/05\/18\/lincontro-contagio-tra-litalia-e-il-paese-di-residenza-come-gara-artistica\/#respond\"]}]},{\"@type\":\"WebPage\",\"@id\":\"https:\/\/puntodincontro.mx\/2023\/05\/18\/lincontro-contagio-tra-litalia-e-il-paese-di-residenza-come-gara-artistica\/\",\"url\":\"https:\/\/puntodincontro.mx\/2023\/05\/18\/lincontro-contagio-tra-litalia-e-il-paese-di-residenza-come-gara-artistica\/\",\"name\":\"Il contagio tra l'Italia e il Paese di residenza come gara artistica\",\"isPartOf\":{\"@id\":\"https:\/\/puntodincontro.mx\/#website\"},\"primaryImageOfPage\":{\"@id\":\"https:\/\/puntodincontro.mx\/2023\/05\/18\/lincontro-contagio-tra-litalia-e-il-paese-di-residenza-come-gara-artistica\/#primaryimage\"},\"image\":{\"@id\":\"https:\/\/puntodincontro.mx\/2023\/05\/18\/lincontro-contagio-tra-litalia-e-il-paese-di-residenza-come-gara-artistica\/#primaryimage\"},\"thumbnailUrl\":\"https:\/\/puntodincontro.mx\/wp-content\/uploads\/2023\/05\/incontrocontagiovert.webp\",\"datePublished\":\"2023-05-18T23:01:38+00:00\",\"dateModified\":\"2023-05-18T23:02:20+00:00\",\"description\":\"Al via la 5\u00aa edizione di Vivo d\u2019Arte, il concorso promosso dal ministero italiano degli Affari esteri e Romaeuropa.\",\"breadcrumb\":{\"@id\":\"https:\/\/puntodincontro.mx\/2023\/05\/18\/lincontro-contagio-tra-litalia-e-il-paese-di-residenza-come-gara-artistica\/#breadcrumb\"},\"inLanguage\":\"es\",\"potentialAction\":[{\"@type\":\"ReadAction\",\"target\":[\"https:\/\/puntodincontro.mx\/2023\/05\/18\/lincontro-contagio-tra-litalia-e-il-paese-di-residenza-come-gara-artistica\/\"]}]},{\"@type\":\"ImageObject\",\"inLanguage\":\"es\",\"@id\":\"https:\/\/puntodincontro.mx\/2023\/05\/18\/lincontro-contagio-tra-litalia-e-il-paese-di-residenza-come-gara-artistica\/#primaryimage\",\"url\":\"https:\/\/puntodincontro.mx\/wp-content\/uploads\/2023\/05\/incontrocontagiovert.webp\",\"contentUrl\":\"https:\/\/puntodincontro.mx\/wp-content\/uploads\/2023\/05\/incontrocontagiovert.webp\",\"width\":423,\"height\":488,\"caption\":\"L'incontro-contagio tra l'Italia e il Paese di residenza come gara artistica \/ Foto Harvard Business Review\"},{\"@type\":\"BreadcrumbList\",\"@id\":\"https:\/\/puntodincontro.mx\/2023\/05\/18\/lincontro-contagio-tra-litalia-e-il-paese-di-residenza-come-gara-artistica\/#breadcrumb\",\"itemListElement\":[{\"@type\":\"ListItem\",\"position\":1,\"name\":\"Home\",\"item\":\"https:\/\/puntodincontro.mx\/\"},{\"@type\":\"ListItem\",\"position\":2,\"name\":\"L&#8217;incontro-contagio tra l&#8217;Italia e il Paese di residenza come gara artistica\"}]},{\"@type\":\"WebSite\",\"@id\":\"https:\/\/puntodincontro.mx\/#website\",\"url\":\"https:\/\/puntodincontro.mx\/\",\"name\":\"Puntodincontro\",\"description\":\"Dal 2006 notizie sui rapporti Italia-Messico \/ Desde 2006 noticias sobre las relaciones entre Italia y M\u00e9xico\",\"publisher\":{\"@id\":\"https:\/\/puntodincontro.mx\/#organization\"},\"potentialAction\":[{\"@type\":\"SearchAction\",\"target\":{\"@type\":\"EntryPoint\",\"urlTemplate\":\"https:\/\/puntodincontro.mx\/?s={search_term_string}\"},\"query-input\":{\"@type\":\"PropertyValueSpecification\",\"valueRequired\":true,\"valueName\":\"search_term_string\"}}],\"inLanguage\":\"es\"},{\"@type\":\"Organization\",\"@id\":\"https:\/\/puntodincontro.mx\/#organization\",\"name\":\"Puntodincontro\",\"url\":\"https:\/\/puntodincontro.mx\/\",\"logo\":{\"@type\":\"ImageObject\",\"inLanguage\":\"es\",\"@id\":\"https:\/\/puntodincontro.mx\/#\/schema\/logo\/image\/\",\"url\":\"https:\/\/puntodincontro.mx\/wp-content\/uploads\/2021\/08\/Default-image-for-open-graph-settings.jpg\",\"contentUrl\":\"https:\/\/puntodincontro.mx\/wp-content\/uploads\/2021\/08\/Default-image-for-open-graph-settings.jpg\",\"width\":1200,\"height\":630,\"caption\":\"Puntodincontro\"},\"image\":{\"@id\":\"https:\/\/puntodincontro.mx\/#\/schema\/logo\/image\/\"},\"sameAs\":[\"https:\/\/www.facebook.com\/puntodincontro.mx\",\"https:\/\/x.com\/puntodincontro\",\"https:\/\/www.instagram.com\/puntodincontro.mx\/\",\"https:\/\/www.linkedin.com\/company\/puntodincontro\/\",\"https:\/\/www.youtube.com\/c\/puntodincontromessico\",\"https:\/\/www.patreon.com\/puntodincontro\",\"https:\/\/www.threads.net\/@puntodincontro.mx\"]},{\"@type\":\"Person\",\"@id\":\"https:\/\/puntodincontro.mx\/#\/schema\/person\/d3066d18a16259cbb0c29b0d0e93b556\",\"name\":\"Puntodincontro\",\"image\":{\"@type\":\"ImageObject\",\"inLanguage\":\"es\",\"@id\":\"https:\/\/puntodincontro.mx\/#\/schema\/person\/image\/\",\"url\":\"https:\/\/secure.gravatar.com\/avatar\/0e85b4b3b5e9d6bfcec6a4956d8cc63a?s=96&d=mm&r=g\",\"contentUrl\":\"https:\/\/secure.gravatar.com\/avatar\/0e85b4b3b5e9d6bfcec6a4956d8cc63a?s=96&d=mm&r=g\",\"caption\":\"Puntodincontro\"},\"url\":\"https:\/\/puntodincontro.mx\/es\/author\/puntodincontro\/\"}]}<\/script>\n<!-- \/ Yoast SEO Premium plugin. -->","yoast_head_json":{"title":"Il contagio tra l'Italia e il Paese di residenza come gara artistica","description":"Arranca la 5\u00aa edici\u00f3n de Vivo d'Arte, el concurso promovido por el Ministerio de Asuntos Exteriores italiano y Romaeuropa.","robots":{"index":"index","follow":"follow","max-snippet":"max-snippet:-1","max-image-preview":"max-image-preview:large","max-video-preview":"max-video-preview:-1"},"canonical":"https:\/\/puntodincontro.mx\/es\/2023\/05\/18\/el-encuentro-contagio-entre-italia-y-el-pais-de-residencia-como-concurso-artistico\/","og_locale":"es_MX","og_type":"article","og_title":"L'incontro-contagio tra l'Italia e il Paese di residenza come gara artistica","og_description":"Al via la 5\u00aa edizione di Vivo d\u2019Arte, il concorso promosso dal ministero italiano degli Affari esteri e Romaeuropa.","og_url":"https:\/\/puntodincontro.mx\/es\/2023\/05\/18\/el-encuentro-contagio-entre-italia-y-el-pais-de-residencia-como-concurso-artistico\/","og_site_name":"Puntodincontro","article_publisher":"https:\/\/www.facebook.com\/puntodincontro.mx","article_published_time":"2023-05-18T23:01:38+00:00","article_modified_time":"2023-05-18T23:02:20+00:00","og_image":[{"width":932,"height":488,"url":"https:\/\/puntodincontro.mx\/wp-content\/uploads\/2023\/05\/incontrocontagiocomp.jpg","type":"image\/jpeg"}],"author":"Puntodincontro","twitter_card":"summary_large_image","twitter_creator":"@puntodincontro","twitter_site":"@puntodincontro","twitter_misc":{"Escrito por":"Puntodincontro","Tiempo de lectura":"2 minutos"},"schema":{"@context":"https:\/\/schema.org","@graph":[{"@type":"NewsArticle","@id":"https:\/\/puntodincontro.mx\/2023\/05\/18\/lincontro-contagio-tra-litalia-e-il-paese-di-residenza-come-gara-artistica\/#article","isPartOf":{"@id":"https:\/\/puntodincontro.mx\/2023\/05\/18\/lincontro-contagio-tra-litalia-e-il-paese-di-residenza-come-gara-artistica\/"},"author":{"name":"Puntodincontro","@id":"https:\/\/puntodincontro.mx\/#\/schema\/person\/d3066d18a16259cbb0c29b0d0e93b556"},"headline":"L&#8217;incontro-contagio tra l&#8217;Italia e il Paese di residenza come gara artistica","datePublished":"2023-05-18T23:01:38+00:00","dateModified":"2023-05-18T23:02:20+00:00","mainEntityOfPage":{"@id":"https:\/\/puntodincontro.mx\/2023\/05\/18\/lincontro-contagio-tra-litalia-e-il-paese-di-residenza-come-gara-artistica\/"},"wordCount":410,"commentCount":0,"publisher":{"@id":"https:\/\/puntodincontro.mx\/#organization"},"image":{"@id":"https:\/\/puntodincontro.mx\/2023\/05\/18\/lincontro-contagio-tra-litalia-e-il-paese-di-residenza-come-gara-artistica\/#primaryimage"},"thumbnailUrl":"https:\/\/puntodincontro.mx\/wp-content\/uploads\/2023\/05\/incontrocontagiovert.webp","articleSection":["Cultura"],"inLanguage":"es","potentialAction":[{"@type":"CommentAction","name":"Comment","target":["https:\/\/puntodincontro.mx\/2023\/05\/18\/lincontro-contagio-tra-litalia-e-il-paese-di-residenza-come-gara-artistica\/#respond"]}]},{"@type":"WebPage","@id":"https:\/\/puntodincontro.mx\/2023\/05\/18\/lincontro-contagio-tra-litalia-e-il-paese-di-residenza-come-gara-artistica\/","url":"https:\/\/puntodincontro.mx\/2023\/05\/18\/lincontro-contagio-tra-litalia-e-il-paese-di-residenza-come-gara-artistica\/","name":"Il contagio tra l'Italia e il Paese di residenza come gara artistica","isPartOf":{"@id":"https:\/\/puntodincontro.mx\/#website"},"primaryImageOfPage":{"@id":"https:\/\/puntodincontro.mx\/2023\/05\/18\/lincontro-contagio-tra-litalia-e-il-paese-di-residenza-come-gara-artistica\/#primaryimage"},"image":{"@id":"https:\/\/puntodincontro.mx\/2023\/05\/18\/lincontro-contagio-tra-litalia-e-il-paese-di-residenza-come-gara-artistica\/#primaryimage"},"thumbnailUrl":"https:\/\/puntodincontro.mx\/wp-content\/uploads\/2023\/05\/incontrocontagiovert.webp","datePublished":"2023-05-18T23:01:38+00:00","dateModified":"2023-05-18T23:02:20+00:00","description":"Arranca la 5\u00aa edici\u00f3n de Vivo d'Arte, el concurso promovido por el Ministerio de Asuntos Exteriores italiano y Romaeuropa.","breadcrumb":{"@id":"https:\/\/puntodincontro.mx\/2023\/05\/18\/lincontro-contagio-tra-litalia-e-il-paese-di-residenza-come-gara-artistica\/#breadcrumb"},"inLanguage":"es","potentialAction":[{"@type":"ReadAction","target":["https:\/\/puntodincontro.mx\/2023\/05\/18\/lincontro-contagio-tra-litalia-e-il-paese-di-residenza-come-gara-artistica\/"]}]},{"@type":"ImageObject","inLanguage":"es","@id":"https:\/\/puntodincontro.mx\/2023\/05\/18\/lincontro-contagio-tra-litalia-e-il-paese-di-residenza-come-gara-artistica\/#primaryimage","url":"https:\/\/puntodincontro.mx\/wp-content\/uploads\/2023\/05\/incontrocontagiovert.webp","contentUrl":"https:\/\/puntodincontro.mx\/wp-content\/uploads\/2023\/05\/incontrocontagiovert.webp","width":423,"height":488,"caption":"L'incontro-contagio tra l'Italia e il Paese di residenza come gara artistica \/ Foto Harvard Business Review"},{"@type":"BreadcrumbList","@id":"https:\/\/puntodincontro.mx\/2023\/05\/18\/lincontro-contagio-tra-litalia-e-il-paese-di-residenza-come-gara-artistica\/#breadcrumb","itemListElement":[{"@type":"ListItem","position":1,"name":"Home","item":"https:\/\/puntodincontro.mx\/"},{"@type":"ListItem","position":2,"name":"L&#8217;incontro-contagio tra l&#8217;Italia e il Paese di residenza come gara artistica"}]},{"@type":"WebSite","@id":"https:\/\/puntodincontro.mx\/#website","url":"https:\/\/puntodincontro.mx\/","name":"Puntodincontro","description":"Desde el 2006 noticias sobre las relaciones entre Italia y M\u00e9xico \/ Dal 2006 notizie sui rapporti Italia-Messico","publisher":{"@id":"https:\/\/puntodincontro.mx\/#organization"},"potentialAction":[{"@type":"SearchAction","target":{"@type":"EntryPoint","urlTemplate":"https:\/\/puntodincontro.mx\/?s={search_term_string}"},"query-input":{"@type":"PropertyValueSpecification","valueRequired":true,"valueName":"search_term_string"}}],"inLanguage":"es"},{"@type":"Organization","@id":"https:\/\/puntodincontro.mx\/#organization","name":"Puntodincontro","url":"https:\/\/puntodincontro.mx\/","logo":{"@type":"ImageObject","inLanguage":"es","@id":"https:\/\/puntodincontro.mx\/#\/schema\/logo\/image\/","url":"https:\/\/puntodincontro.mx\/wp-content\/uploads\/2021\/08\/Default-image-for-open-graph-settings.jpg","contentUrl":"https:\/\/puntodincontro.mx\/wp-content\/uploads\/2021\/08\/Default-image-for-open-graph-settings.jpg","width":1200,"height":630,"caption":"Puntodincontro"},"image":{"@id":"https:\/\/puntodincontro.mx\/#\/schema\/logo\/image\/"},"sameAs":["https:\/\/www.facebook.com\/puntodincontro.mx","https:\/\/x.com\/puntodincontro","https:\/\/www.instagram.com\/puntodincontro.mx\/","https:\/\/www.linkedin.com\/company\/puntodincontro\/","https:\/\/www.youtube.com\/c\/puntodincontromessico","https:\/\/www.patreon.com\/puntodincontro","https:\/\/www.threads.net\/@puntodincontro.mx"]},{"@type":"Person","@id":"https:\/\/puntodincontro.mx\/#\/schema\/person\/d3066d18a16259cbb0c29b0d0e93b556","name":"Puntodincontro","image":{"@type":"ImageObject","inLanguage":"es","@id":"https:\/\/puntodincontro.mx\/#\/schema\/person\/image\/","url":"https:\/\/secure.gravatar.com\/avatar\/0e85b4b3b5e9d6bfcec6a4956d8cc63a?s=96&d=mm&r=g","contentUrl":"https:\/\/secure.gravatar.com\/avatar\/0e85b4b3b5e9d6bfcec6a4956d8cc63a?s=96&d=mm&r=g","caption":"Puntodincontro"},"url":"https:\/\/puntodincontro.mx\/es\/author\/puntodincontro\/"}]}},"_links":{"self":[{"href":"https:\/\/puntodincontro.mx\/es\/wp-json\/wp\/v2\/posts\/12940"}],"collection":[{"href":"https:\/\/puntodincontro.mx\/es\/wp-json\/wp\/v2\/posts"}],"about":[{"href":"https:\/\/puntodincontro.mx\/es\/wp-json\/wp\/v2\/types\/post"}],"author":[{"embeddable":true,"href":"https:\/\/puntodincontro.mx\/es\/wp-json\/wp\/v2\/users\/2"}],"replies":[{"embeddable":true,"href":"https:\/\/puntodincontro.mx\/es\/wp-json\/wp\/v2\/comments?post=12940"}],"version-history":[{"count":5,"href":"https:\/\/puntodincontro.mx\/es\/wp-json\/wp\/v2\/posts\/12940\/revisions"}],"predecessor-version":[{"id":12948,"href":"https:\/\/puntodincontro.mx\/es\/wp-json\/wp\/v2\/posts\/12940\/revisions\/12948"}],"wp:featuredmedia":[{"embeddable":true,"href":"https:\/\/puntodincontro.mx\/es\/wp-json\/wp\/v2\/media\/12945"}],"wp:attachment":[{"href":"https:\/\/puntodincontro.mx\/es\/wp-json\/wp\/v2\/media?parent=12940"}],"wp:term":[{"taxonomy":"category","embeddable":true,"href":"https:\/\/puntodincontro.mx\/es\/wp-json\/wp\/v2\/categories?post=12940"},{"taxonomy":"post_tag","embeddable":true,"href":"https:\/\/puntodincontro.mx\/es\/wp-json\/wp\/v2\/tags?post=12940"}],"curies":[{"name":"wp","href":"https:\/\/api.w.org\/{rel}","templated":true}]}}