{"id":12949,"date":"2023-05-19T03:58:05","date_gmt":"2023-05-19T08:58:05","guid":{"rendered":"https:\/\/puntodincontro.mx\/?p=12949"},"modified":"2023-05-19T03:58:44","modified_gmt":"2023-05-19T08:58:44","slug":"presentan-el-logo-de-la-copa-del-mundo-2026-tres-paises-y-una-sola-voz","status":"publish","type":"post","link":"https:\/\/puntodincontro.mx\/es\/2023\/05\/19\/presentato-il-logo-dei-mondiali-2026-tre-paesi-e-una-sola-voce\/","title":{"rendered":"Presentan el logo de la Copa del Mundo 2026, \u00abTres pa\u00edses y una sola voz\u00bb"},"content":{"rendered":"<p class=\"translation-block\"><strong>02:39 hrs.<\/strong> - Ayer, durante un evento especial realizado en el Observatorio Griffith de Los \u00c1ngeles, se dio a conocer el logo oficial de la <a href=\"https:\/\/puntodincontro.mx\/es\/2022\/12\/24\/mundial-2026-lo-que-ya-sabemos-de-la-formula-del-nuevo-torneo\/\" target=\"_blank\" rel=\"noreferrer noopener\">Copa Mundial de la FIFA<\/a>, que se realizar\u00e1 en 2026 en M\u00e9xico, Estados Unidos y Canad\u00e1.<\/p>\n\n\n\n<p>Por primera vez en la historia, la imagen del trofeo deportivo m\u00e1s conocido y codiciado del planeta forma parte del s\u00edmbolo, junto a los dos \u00faltimos n\u00fameros, 26, del a\u00f1o en el que se llevar\u00e1 a cabo la competici\u00f3n.<\/p>\n\n\n\n<p>El acto estuvo encabezado por el presidente de la FIFA, Gianni Infantino, acompa\u00f1ado por el exfutbolista brasile\u00f1o Ronaldo. A la ceremonia asistieron personalidades del mundo del deporte de los tres pa\u00edses: el ex arquero de la selecci\u00f3n mexicana Jorge Campos, el canadiense Craig Forrest y la estadounidense Carli Lloyd, adem\u00e1s de Alexi Lalas como anfitri\u00f3n. Tambi\u00e9n asistieron Victor Montagliani, presidente de Concacaf, y Charmaine Crooks, presidente de la federaci\u00f3n canadiense de f\u00fatbol.<\/p>\n\n\n\n<p>El organismo del futbol mundial subray\u00f3 en un comunicado que se trata de \u00abun dise\u00f1o innovador que anclar\u00e1 el emblema de la Copa Mundial de la FIFA para 2026 y en los a\u00f1os venideros. Las im\u00e1genes del trofeo y del a\u00f1o permiten personalizar la marca para reflejar el car\u00e1cter \u00fanico de cada ubicaci\u00f3n, creando una estructura que ser\u00e1 reconocible hoy y en el futuro\u00bb.<\/p>\n\n\n\n<p>La ocasi\u00f3n tambi\u00e9n sirvi\u00f3 para dar a conocer la campa\u00f1a #WeAre26 (Somos 26), que anima a las personas y comunidades a participar activamente en la presentaci\u00f3n de la marca de la Copa del Mundo.<\/p>\n\n\n\n<p>\u00abWe are 26 es la consigna\u00bb, dijo Infantino. \u00abEste es el momento\u00bb \u2014a\u00f1adi\u00f3\u2014 \u00aben el que tres pa\u00edses y todo un continente se unen con una sola voz para dar la bienvenida al Mundial m\u00e1s grande, espectacular e inclusivo de todos los tiempos. La competici\u00f3n dar\u00e1 a los pa\u00edses anfitriones y a los equipos participantes la oportunidad de hacer historia. En este sentido, esta marca \u00fanica representa un paso importante hacia el 2026. Mientras celebramos esta presentaci\u00f3n en Los \u00c1ngeles, pensamos que todo el mundo se reunir\u00e1 en Norteam\u00e9rica dentro de tres a\u00f1os, para el espect\u00e1culo m\u00e1s grande del planeta\u00bb.<\/p>\n\n\n\n<div style=\"height:12px\" aria-hidden=\"true\" class=\"wp-block-spacer\"><\/div>\n\n\n<!-- Ad space powered by WP AdCenter v2.5.7 - https:\/\/wpadcenter.com\/ --><div class=\"wpadcenter-adgroup\" ><div class=\"wpadcenter-adgroup__row wpadcenter-aligncenter\"><div class=\"wpadcenter-ad-container\" ><div id=\"wpadcenter-ad-18464\" class=\"ad-placement\"><div class=\"wpadcenter-ad-inner\" ><a id=\"wpadcenter_ad\" data-value=\"18464\" data-placement=\"\" href=\"https:\/\/www.productosremo.com\/\" target=\"_blank\" class=\"wpadcenter-ad-inner__item\" ><img decoding=\"async\"   src=\"https:\/\/puntodincontro.mx\/wp-content\/uploads\/2021\/08\/remobanner.jpg\" class=\"attachment-post-thumbnail size-post-thumbnail wp-post-image\" alt=\"\" srcset=\"https:\/\/puntodincontro.mx\/wp-content\/uploads\/2021\/08\/remobanner.jpg 200w, https:\/\/puntodincontro.mx\/wp-content\/uploads\/2021\/08\/remobanner-16x5.jpg 16w\" sizes=\"(max-width: 200px) 100vw, 200px\" \/><\/a><\/div><\/div><\/div><div class=\"wpadcenter-ad-container\" ><div id=\"wpadcenter-ad-5305\" class=\"ad-placement\"><div class=\"wpadcenter-ad-inner\" ><a id=\"wpadcenter_ad\" data-value=\"5305\" data-placement=\"\" href=\"https:\/\/ambcittadelmessico.esteri.it\/ambasciata_cittadelmessico\/it\/\" target=\"_blank\" class=\"wpadcenter-ad-inner__item\" ><img decoding=\"async\"   src=\"https:\/\/puntodincontro.mx\/wp-content\/uploads\/2022\/05\/Ambasciata.jpg\" class=\"attachment-post-thumbnail size-post-thumbnail wp-post-image\" alt=\"\" srcset=\"https:\/\/puntodincontro.mx\/wp-content\/uploads\/2022\/05\/Ambasciata.jpg 200w, https:\/\/puntodincontro.mx\/wp-content\/uploads\/2022\/05\/Ambasciata-18x5.jpg 18w\" sizes=\"(max-width: 200px) 100vw, 200px\" \/><\/a><\/div><\/div><\/div><div class=\"wpadcenter-ad-container\" ><div id=\"wpadcenter-ad-3781\" class=\"ad-placement\"><div class=\"wpadcenter-ad-inner\" ><a id=\"wpadcenter_ad\" data-value=\"3781\" data-placement=\"\" href=\"https:\/\/cannizzo.com.mx\/\" target=\"_blank\" class=\"wpadcenter-ad-inner__item\" ><img decoding=\"async\"   src=\"https:\/\/puntodincontro.mx\/wp-content\/uploads\/2022\/03\/cannizzo2.jpg\" class=\"attachment-post-thumbnail size-post-thumbnail wp-post-image\" alt=\"\" srcset=\"https:\/\/puntodincontro.mx\/wp-content\/uploads\/2022\/03\/cannizzo2.jpg 200w, https:\/\/puntodincontro.mx\/wp-content\/uploads\/2022\/03\/cannizzo2-18x5.jpg 18w\" sizes=\"(max-width: 200px) 100vw, 200px\" \/><\/a><\/div><\/div><\/div><\/div><div class=\"wpadcenter-adgroup__row wpadcenter-aligncenter\"><div class=\"wpadcenter-ad-container\" ><div id=\"wpadcenter-ad-1704\" class=\"ad-placement\"><div class=\"wpadcenter-ad-inner\" ><a id=\"wpadcenter_ad\" data-value=\"1704\" data-placement=\"\" href=\"https:\/\/puntodincontro.mx\/es\/2021\/12\/24\/inps-verificacion-de-supervivencia-de-los-pensionados-en-el-extranjero\/\" target=\"_blank\" class=\"wpadcenter-ad-inner__item\" ><img decoding=\"async\"   src=\"https:\/\/puntodincontro.mx\/wp-content\/uploads\/2021\/11\/logo-ital.jpg\" class=\"attachment-post-thumbnail size-post-thumbnail wp-post-image\" alt=\"Patronato ITAL Messico\" srcset=\"https:\/\/puntodincontro.mx\/wp-content\/uploads\/2021\/11\/logo-ital.jpg 200w, https:\/\/puntodincontro.mx\/wp-content\/uploads\/2021\/11\/logo-ital-16x5.jpg 16w\" sizes=\"(max-width: 200px) 100vw, 200px\" \/><\/a><\/div><\/div><\/div><div class=\"wpadcenter-ad-container\" ><div id=\"wpadcenter-ad-1538\" class=\"ad-placement\"><div class=\"wpadcenter-ad-inner\" ><a id=\"wpadcenter_ad\" data-value=\"1538\" data-placement=\"\" href=\"https:\/\/asociacionitaliana.org\/\" target=\"_blank\" class=\"wpadcenter-ad-inner__item\" ><img decoding=\"async\"   src=\"https:\/\/puntodincontro.mx\/wp-content\/uploads\/2021\/11\/aialogo.jpg\" class=\"attachment-post-thumbnail size-post-thumbnail wp-post-image\" alt=\"Associazione Italiana di Assistenza IAP\" srcset=\"https:\/\/puntodincontro.mx\/wp-content\/uploads\/2021\/11\/aialogo.jpg 200w, https:\/\/puntodincontro.mx\/wp-content\/uploads\/2021\/11\/aialogo-18x5.jpg 18w\" sizes=\"(max-width: 200px) 100vw, 200px\" \/><\/a><\/div><\/div><\/div><div class=\"wpadcenter-ad-container\" ><div id=\"wpadcenter-ad-1513\" class=\"ad-placement\"><div class=\"wpadcenter-ad-inner\" ><a id=\"wpadcenter_ad\" data-value=\"1513\" data-placement=\"\" href=\"https:\/\/gcinmuebles.mx\" target=\"_blank\" class=\"wpadcenter-ad-inner__item\" ><img decoding=\"async\"   src=\"https:\/\/puntodincontro.mx\/wp-content\/uploads\/2021\/10\/gcinmuebleslogopunto-1.jpg\" class=\"attachment-post-thumbnail size-post-thumbnail wp-post-image\" alt=\"\" srcset=\"https:\/\/puntodincontro.mx\/wp-content\/uploads\/2021\/10\/gcinmuebleslogopunto-1.jpg 200w, https:\/\/puntodincontro.mx\/wp-content\/uploads\/2021\/10\/gcinmuebleslogopunto-1-18x5.jpg 18w\" sizes=\"(max-width: 200px) 100vw, 200px\" \/><\/a><\/div><\/div><\/div><\/div><div class=\"wpadcenter-adgroup__row wpadcenter-aligncenter\"><div class=\"wpadcenter-ad-container\" ><div id=\"wpadcenter-ad-1374\" class=\"ad-placement\"><div class=\"wpadcenter-ad-inner\" ><a id=\"wpadcenter_ad\" data-value=\"1374\" data-placement=\"\" href=\"https:\/\/www.9colonne.it\/\" target=\"_blank\" class=\"wpadcenter-ad-inner__item\" ><img decoding=\"async\"   src=\"https:\/\/puntodincontro.mx\/wp-content\/uploads\/2021\/10\/Banner9colonne.gif\" class=\"attachment-post-thumbnail size-post-thumbnail wp-post-image\" alt=\"\" \/><\/a><\/div><\/div><\/div><div class=\"wpadcenter-ad-container\" ><div id=\"wpadcenter-ad-276\" class=\"ad-placement\"><div class=\"wpadcenter-ad-inner\" ><a id=\"wpadcenter_ad\" data-value=\"276\" data-placement=\"\" href=\"http:\/\/www.camaraitaliana.mx\/\" target=\"_blank\" class=\"wpadcenter-ad-inner__item\" ><img decoding=\"async\"   src=\"https:\/\/puntodincontro.mx\/wp-content\/uploads\/2021\/08\/ccimnuovo.jpg\" class=\"attachment-post-thumbnail size-post-thumbnail wp-post-image\" alt=\"\" srcset=\"https:\/\/puntodincontro.mx\/wp-content\/uploads\/2021\/08\/ccimnuovo.jpg 200w, https:\/\/puntodincontro.mx\/wp-content\/uploads\/2021\/08\/ccimnuovo-18x5.jpg 18w\" sizes=\"(max-width: 200px) 100vw, 200px\" \/><\/a><\/div><\/div><\/div><div class=\"wpadcenter-ad-container\" ><div id=\"wpadcenter-ad-272\" class=\"ad-placement\"><div class=\"wpadcenter-ad-inner\" ><a id=\"wpadcenter_ad\" data-value=\"272\" data-placement=\"\" href=\"http:\/\/corix.us\/\" target=\"_blank\" class=\"wpadcenter-ad-inner__item\" ><img decoding=\"async\"   src=\"https:\/\/puntodincontro.mx\/wp-content\/uploads\/2021\/08\/corixbanner-1.jpg\" class=\"attachment-post-thumbnail size-post-thumbnail wp-post-image\" alt=\"\" srcset=\"https:\/\/puntodincontro.mx\/wp-content\/uploads\/2021\/08\/corixbanner-1.jpg 200w, https:\/\/puntodincontro.mx\/wp-content\/uploads\/2021\/08\/corixbanner-1-16x5.jpg 16w\" sizes=\"(max-width: 200px) 100vw, 200px\" \/><\/a><\/div><\/div><\/div><\/div><div class=\"wpadcenter-adgroup__row wpadcenter-aligncenter\"><div class=\"wpadcenter-ad-container\" ><div id=\"wpadcenter-ad-266\" class=\"ad-placement\"><div class=\"wpadcenter-ad-inner\" ><a id=\"wpadcenter_ad\" data-value=\"266\" data-placement=\"\" href=\"https:\/\/www.prinsel.com.mx\/\" target=\"_blank\" class=\"wpadcenter-ad-inner__item\" ><img decoding=\"async\"   src=\"https:\/\/puntodincontro.mx\/wp-content\/uploads\/2021\/08\/prinselbanner-1.jpg\" class=\"attachment-post-thumbnail size-post-thumbnail wp-post-image\" alt=\"\" srcset=\"https:\/\/puntodincontro.mx\/wp-content\/uploads\/2021\/08\/prinselbanner-1.jpg 200w, https:\/\/puntodincontro.mx\/wp-content\/uploads\/2021\/08\/prinselbanner-1-16x5.jpg 16w\" sizes=\"(max-width: 200px) 100vw, 200px\" \/><\/a><\/div><\/div><\/div><div class=\"wpadcenter-ad-container\" ><div id=\"wpadcenter-ad-261\" class=\"ad-placement\"><div class=\"wpadcenter-ad-inner\" ><a id=\"wpadcenter_ad\" data-value=\"261\" data-placement=\"\" href=\"https:\/\/faitalia.com.mx\/\" target=\"_blank\" class=\"wpadcenter-ad-inner__item\" ><img decoding=\"async\"   src=\"https:\/\/puntodincontro.mx\/wp-content\/uploads\/2021\/08\/gruppodino.jpg\" class=\"attachment-post-thumbnail size-post-thumbnail wp-post-image\" alt=\"\" srcset=\"https:\/\/puntodincontro.mx\/wp-content\/uploads\/2021\/08\/gruppodino.jpg 200w, https:\/\/puntodincontro.mx\/wp-content\/uploads\/2021\/08\/gruppodino-18x5.jpg 18w\" sizes=\"(max-width: 200px) 100vw, 200px\" \/><\/a><\/div><\/div><\/div><\/div><\/div>\n\n\n<div style=\"height:12px\" aria-hidden=\"true\" class=\"wp-block-spacer\"><\/div>","protected":false},"excerpt":{"rendered":"<p>Ore 02.39 &#8211; Ieri, nel corso di un evento speciale tenutosi presso l&#8217;Osservatorio Griffith di Los Angeles, \u00e8 stato svelato il logo ufficiale della Coppa del Mondo della FIFA, che si terr\u00e0 nel 2026 in Messico, Stati Uniti e Canada. Per la prima volta nella storia fa parte del simbolo l&#8217;immagine del trofeo sportivo pi\u00f9 conosciuto e ambito del pianeta, assieme agli ultimi due numeri, 26, dell&#8217;anno in cui si svolger\u00e0 la competizione. L&#8217;evento \u00e8 stato guidato dal presidente della FIFA Gianni Infantino, accompagnato dal ex-calciatore brasiliano Ronaldo. Alla cerimonia hanno partecipato personaggi del mondo dello sport dei tre Paesi&#8230; <\/p>","protected":false},"author":2,"featured_media":12956,"comment_status":"open","ping_status":"open","sticky":false,"template":"","format":"standard","meta":{"_monsterinsights_skip_tracking":false,"_monsterinsights_sitenote_active":false,"_monsterinsights_sitenote_note":"","_monsterinsights_sitenote_category":0,"footnotes":""},"categories":[11],"tags":[],"class_list":["post-12949","post","type-post","status-publish","format-standard","has-post-thumbnail","hentry","category-sport"],"yoast_head":"<!-- This site is optimized with the Yoast SEO Premium plugin v18.4 (Yoast SEO v25.6) - https:\/\/yoast.com\/wordpress\/plugins\/seo\/ -->\n<title>Presentato il logo dei Mondiali 2026, \u00abTre Paesi e una sola voce\u00bb<\/title>\n<meta name=\"description\" content=\"\u00c8 stato svelato il logo ufficiale dei campionati mondiali della FIFA, che si terranno nel 2026 in Messico, Stati Uniti e Canada.\" \/>\n<meta name=\"robots\" content=\"index, follow, max-snippet:-1, max-image-preview:large, max-video-preview:-1\" \/>\n<link rel=\"canonical\" href=\"https:\/\/puntodincontro.mx\/es\/2023\/05\/19\/presentan-el-logo-de-la-copa-del-mundo-2026-tres-paises-y-una-sola-voz\/\" \/>\n<meta property=\"og:locale\" content=\"es_MX\" \/>\n<meta property=\"og:type\" content=\"article\" \/>\n<meta property=\"og:title\" content=\"Presentato il logo dei Mondiali 2026, \u00abTre Paesi e una sola voce\u00bb\" \/>\n<meta property=\"og:description\" content=\"\u00c8 stato svelato il logo ufficiale dei campionati mondiali della FIFA, che si terranno nel 2026 in Messico, Stati Uniti e Canada.\" \/>\n<meta property=\"og:url\" content=\"https:\/\/puntodincontro.mx\/es\/2023\/05\/19\/presentan-el-logo-de-la-copa-del-mundo-2026-tres-paises-y-una-sola-voz\/\" \/>\n<meta property=\"og:site_name\" content=\"Puntodincontro\" \/>\n<meta property=\"article:publisher\" content=\"https:\/\/www.facebook.com\/puntodincontro.mx\" \/>\n<meta property=\"article:published_time\" content=\"2023-05-19T08:58:05+00:00\" \/>\n<meta property=\"article:modified_time\" content=\"2023-05-19T08:58:44+00:00\" \/>\n<meta property=\"og:image\" content=\"https:\/\/puntodincontro.mx\/wp-content\/uploads\/2023\/05\/logomondiali2026comp.jpg\" \/>\n\t<meta property=\"og:image:width\" content=\"932\" \/>\n\t<meta property=\"og:image:height\" content=\"488\" \/>\n\t<meta property=\"og:image:type\" content=\"image\/jpeg\" \/>\n<meta name=\"author\" content=\"Puntodincontro\" \/>\n<meta name=\"twitter:card\" content=\"summary_large_image\" \/>\n<meta name=\"twitter:creator\" content=\"@puntodincontro\" \/>\n<meta name=\"twitter:site\" content=\"@puntodincontro\" \/>\n<meta name=\"twitter:label1\" content=\"Escrito por\" \/>\n\t<meta name=\"twitter:data1\" content=\"Puntodincontro\" \/>\n\t<meta name=\"twitter:label2\" content=\"Tiempo de lectura\" \/>\n\t<meta name=\"twitter:data2\" content=\"2 minutos\" \/>\n<script type=\"application\/ld+json\" class=\"yoast-schema-graph\">{\"@context\":\"https:\/\/schema.org\",\"@graph\":[{\"@type\":\"NewsArticle\",\"@id\":\"https:\/\/puntodincontro.mx\/2023\/05\/19\/presentato-il-logo-dei-mondiali-2026-tre-paesi-e-una-sola-voce\/#article\",\"isPartOf\":{\"@id\":\"https:\/\/puntodincontro.mx\/2023\/05\/19\/presentato-il-logo-dei-mondiali-2026-tre-paesi-e-una-sola-voce\/\"},\"author\":{\"name\":\"Puntodincontro\",\"@id\":\"https:\/\/puntodincontro.mx\/#\/schema\/person\/d3066d18a16259cbb0c29b0d0e93b556\"},\"headline\":\"Presentato il logo dei Mondiali 2026, \u00abTre Paesi e una sola voce\u00bb\",\"datePublished\":\"2023-05-19T08:58:05+00:00\",\"dateModified\":\"2023-05-19T08:58:44+00:00\",\"mainEntityOfPage\":{\"@id\":\"https:\/\/puntodincontro.mx\/2023\/05\/19\/presentato-il-logo-dei-mondiali-2026-tre-paesi-e-una-sola-voce\/\"},\"wordCount\":334,\"commentCount\":0,\"publisher\":{\"@id\":\"https:\/\/puntodincontro.mx\/#organization\"},\"image\":{\"@id\":\"https:\/\/puntodincontro.mx\/2023\/05\/19\/presentato-il-logo-dei-mondiali-2026-tre-paesi-e-una-sola-voce\/#primaryimage\"},\"thumbnailUrl\":\"https:\/\/puntodincontro.mx\/wp-content\/uploads\/2023\/05\/logomondiali2026vert.webp\",\"articleSection\":[\"Sport\"],\"inLanguage\":\"es\",\"potentialAction\":[{\"@type\":\"CommentAction\",\"name\":\"Comment\",\"target\":[\"https:\/\/puntodincontro.mx\/2023\/05\/19\/presentato-il-logo-dei-mondiali-2026-tre-paesi-e-una-sola-voce\/#respond\"]}]},{\"@type\":\"WebPage\",\"@id\":\"https:\/\/puntodincontro.mx\/2023\/05\/19\/presentato-il-logo-dei-mondiali-2026-tre-paesi-e-una-sola-voce\/\",\"url\":\"https:\/\/puntodincontro.mx\/2023\/05\/19\/presentato-il-logo-dei-mondiali-2026-tre-paesi-e-una-sola-voce\/\",\"name\":\"Presentato il logo dei Mondiali 2026, \u00abTre Paesi e una sola voce\u00bb\",\"isPartOf\":{\"@id\":\"https:\/\/puntodincontro.mx\/#website\"},\"primaryImageOfPage\":{\"@id\":\"https:\/\/puntodincontro.mx\/2023\/05\/19\/presentato-il-logo-dei-mondiali-2026-tre-paesi-e-una-sola-voce\/#primaryimage\"},\"image\":{\"@id\":\"https:\/\/puntodincontro.mx\/2023\/05\/19\/presentato-il-logo-dei-mondiali-2026-tre-paesi-e-una-sola-voce\/#primaryimage\"},\"thumbnailUrl\":\"https:\/\/puntodincontro.mx\/wp-content\/uploads\/2023\/05\/logomondiali2026vert.webp\",\"datePublished\":\"2023-05-19T08:58:05+00:00\",\"dateModified\":\"2023-05-19T08:58:44+00:00\",\"description\":\"\u00c8 stato svelato il logo ufficiale dei campionati mondiali della FIFA, che si terranno nel 2026 in Messico, Stati Uniti e Canada.\",\"breadcrumb\":{\"@id\":\"https:\/\/puntodincontro.mx\/2023\/05\/19\/presentato-il-logo-dei-mondiali-2026-tre-paesi-e-una-sola-voce\/#breadcrumb\"},\"inLanguage\":\"es\",\"potentialAction\":[{\"@type\":\"ReadAction\",\"target\":[\"https:\/\/puntodincontro.mx\/2023\/05\/19\/presentato-il-logo-dei-mondiali-2026-tre-paesi-e-una-sola-voce\/\"]}]},{\"@type\":\"ImageObject\",\"inLanguage\":\"es\",\"@id\":\"https:\/\/puntodincontro.mx\/2023\/05\/19\/presentato-il-logo-dei-mondiali-2026-tre-paesi-e-una-sola-voce\/#primaryimage\",\"url\":\"https:\/\/puntodincontro.mx\/wp-content\/uploads\/2023\/05\/logomondiali2026vert.webp\",\"contentUrl\":\"https:\/\/puntodincontro.mx\/wp-content\/uploads\/2023\/05\/logomondiali2026vert.webp\",\"width\":423,\"height\":488,\"caption\":\"Presentato il logo dei Mondiali 2026, \u00abTre Paesi e una sola voce\u00bb\"},{\"@type\":\"BreadcrumbList\",\"@id\":\"https:\/\/puntodincontro.mx\/2023\/05\/19\/presentato-il-logo-dei-mondiali-2026-tre-paesi-e-una-sola-voce\/#breadcrumb\",\"itemListElement\":[{\"@type\":\"ListItem\",\"position\":1,\"name\":\"Home\",\"item\":\"https:\/\/puntodincontro.mx\/\"},{\"@type\":\"ListItem\",\"position\":2,\"name\":\"Presentato il logo dei Mondiali 2026, \u00abTre Paesi e una sola voce\u00bb\"}]},{\"@type\":\"WebSite\",\"@id\":\"https:\/\/puntodincontro.mx\/#website\",\"url\":\"https:\/\/puntodincontro.mx\/\",\"name\":\"Puntodincontro\",\"description\":\"Dal 2006 notizie sui rapporti Italia-Messico \/ Desde 2006 noticias sobre las relaciones entre Italia y M\u00e9xico\",\"publisher\":{\"@id\":\"https:\/\/puntodincontro.mx\/#organization\"},\"potentialAction\":[{\"@type\":\"SearchAction\",\"target\":{\"@type\":\"EntryPoint\",\"urlTemplate\":\"https:\/\/puntodincontro.mx\/?s={search_term_string}\"},\"query-input\":{\"@type\":\"PropertyValueSpecification\",\"valueRequired\":true,\"valueName\":\"search_term_string\"}}],\"inLanguage\":\"es\"},{\"@type\":\"Organization\",\"@id\":\"https:\/\/puntodincontro.mx\/#organization\",\"name\":\"Puntodincontro\",\"url\":\"https:\/\/puntodincontro.mx\/\",\"logo\":{\"@type\":\"ImageObject\",\"inLanguage\":\"es\",\"@id\":\"https:\/\/puntodincontro.mx\/#\/schema\/logo\/image\/\",\"url\":\"https:\/\/puntodincontro.mx\/wp-content\/uploads\/2021\/08\/Default-image-for-open-graph-settings.jpg\",\"contentUrl\":\"https:\/\/puntodincontro.mx\/wp-content\/uploads\/2021\/08\/Default-image-for-open-graph-settings.jpg\",\"width\":1200,\"height\":630,\"caption\":\"Puntodincontro\"},\"image\":{\"@id\":\"https:\/\/puntodincontro.mx\/#\/schema\/logo\/image\/\"},\"sameAs\":[\"https:\/\/www.facebook.com\/puntodincontro.mx\",\"https:\/\/x.com\/puntodincontro\",\"https:\/\/www.instagram.com\/puntodincontro.mx\/\",\"https:\/\/www.linkedin.com\/company\/puntodincontro\/\",\"https:\/\/www.youtube.com\/c\/puntodincontromessico\",\"https:\/\/www.patreon.com\/puntodincontro\",\"https:\/\/www.threads.net\/@puntodincontro.mx\"]},{\"@type\":\"Person\",\"@id\":\"https:\/\/puntodincontro.mx\/#\/schema\/person\/d3066d18a16259cbb0c29b0d0e93b556\",\"name\":\"Puntodincontro\",\"image\":{\"@type\":\"ImageObject\",\"inLanguage\":\"es\",\"@id\":\"https:\/\/puntodincontro.mx\/#\/schema\/person\/image\/\",\"url\":\"https:\/\/secure.gravatar.com\/avatar\/0e85b4b3b5e9d6bfcec6a4956d8cc63a?s=96&d=mm&r=g\",\"contentUrl\":\"https:\/\/secure.gravatar.com\/avatar\/0e85b4b3b5e9d6bfcec6a4956d8cc63a?s=96&d=mm&r=g\",\"caption\":\"Puntodincontro\"},\"url\":\"https:\/\/puntodincontro.mx\/es\/author\/puntodincontro\/\"}]}<\/script>\n<!-- \/ Yoast SEO Premium plugin. -->","yoast_head_json":{"title":"Presentan el logo de la Copa del Mundo 2026, \u00abTres pa\u00edses y una sola voz\u00bb","description":"Se dio a conocer el logo oficial de la Copa Mundial de la FIFA, que se llevar\u00e1 a cabo en 2026 en M\u00e9xico, Estados Unidos y Canad\u00e1.","robots":{"index":"index","follow":"follow","max-snippet":"max-snippet:-1","max-image-preview":"max-image-preview:large","max-video-preview":"max-video-preview:-1"},"canonical":"https:\/\/puntodincontro.mx\/es\/2023\/05\/19\/presentan-el-logo-de-la-copa-del-mundo-2026-tres-paises-y-una-sola-voz\/","og_locale":"es_MX","og_type":"article","og_title":"Presentato il logo dei Mondiali 2026, \u00abTre Paesi e una sola voce\u00bb","og_description":"\u00c8 stato svelato il logo ufficiale dei campionati mondiali della FIFA, che si terranno nel 2026 in Messico, Stati Uniti e Canada.","og_url":"https:\/\/puntodincontro.mx\/es\/2023\/05\/19\/presentan-el-logo-de-la-copa-del-mundo-2026-tres-paises-y-una-sola-voz\/","og_site_name":"Puntodincontro","article_publisher":"https:\/\/www.facebook.com\/puntodincontro.mx","article_published_time":"2023-05-19T08:58:05+00:00","article_modified_time":"2023-05-19T08:58:44+00:00","og_image":[{"width":932,"height":488,"url":"https:\/\/puntodincontro.mx\/wp-content\/uploads\/2023\/05\/logomondiali2026comp.jpg","type":"image\/jpeg"}],"author":"Puntodincontro","twitter_card":"summary_large_image","twitter_creator":"@puntodincontro","twitter_site":"@puntodincontro","twitter_misc":{"Escrito por":"Puntodincontro","Tiempo de lectura":"2 minutos"},"schema":{"@context":"https:\/\/schema.org","@graph":[{"@type":"NewsArticle","@id":"https:\/\/puntodincontro.mx\/2023\/05\/19\/presentato-il-logo-dei-mondiali-2026-tre-paesi-e-una-sola-voce\/#article","isPartOf":{"@id":"https:\/\/puntodincontro.mx\/2023\/05\/19\/presentato-il-logo-dei-mondiali-2026-tre-paesi-e-una-sola-voce\/"},"author":{"name":"Puntodincontro","@id":"https:\/\/puntodincontro.mx\/#\/schema\/person\/d3066d18a16259cbb0c29b0d0e93b556"},"headline":"Presentato il logo dei Mondiali 2026, \u00abTre Paesi e una sola voce\u00bb","datePublished":"2023-05-19T08:58:05+00:00","dateModified":"2023-05-19T08:58:44+00:00","mainEntityOfPage":{"@id":"https:\/\/puntodincontro.mx\/2023\/05\/19\/presentato-il-logo-dei-mondiali-2026-tre-paesi-e-una-sola-voce\/"},"wordCount":334,"commentCount":0,"publisher":{"@id":"https:\/\/puntodincontro.mx\/#organization"},"image":{"@id":"https:\/\/puntodincontro.mx\/2023\/05\/19\/presentato-il-logo-dei-mondiali-2026-tre-paesi-e-una-sola-voce\/#primaryimage"},"thumbnailUrl":"https:\/\/puntodincontro.mx\/wp-content\/uploads\/2023\/05\/logomondiali2026vert.webp","articleSection":["Sport"],"inLanguage":"es","potentialAction":[{"@type":"CommentAction","name":"Comment","target":["https:\/\/puntodincontro.mx\/2023\/05\/19\/presentato-il-logo-dei-mondiali-2026-tre-paesi-e-una-sola-voce\/#respond"]}]},{"@type":"WebPage","@id":"https:\/\/puntodincontro.mx\/2023\/05\/19\/presentato-il-logo-dei-mondiali-2026-tre-paesi-e-una-sola-voce\/","url":"https:\/\/puntodincontro.mx\/2023\/05\/19\/presentato-il-logo-dei-mondiali-2026-tre-paesi-e-una-sola-voce\/","name":"Presentan el logo de la Copa del Mundo 2026, \u00abTres pa\u00edses y una sola voz\u00bb","isPartOf":{"@id":"https:\/\/puntodincontro.mx\/#website"},"primaryImageOfPage":{"@id":"https:\/\/puntodincontro.mx\/2023\/05\/19\/presentato-il-logo-dei-mondiali-2026-tre-paesi-e-una-sola-voce\/#primaryimage"},"image":{"@id":"https:\/\/puntodincontro.mx\/2023\/05\/19\/presentato-il-logo-dei-mondiali-2026-tre-paesi-e-una-sola-voce\/#primaryimage"},"thumbnailUrl":"https:\/\/puntodincontro.mx\/wp-content\/uploads\/2023\/05\/logomondiali2026vert.webp","datePublished":"2023-05-19T08:58:05+00:00","dateModified":"2023-05-19T08:58:44+00:00","description":"Se dio a conocer el logo oficial de la Copa Mundial de la FIFA, que se llevar\u00e1 a cabo en 2026 en M\u00e9xico, Estados Unidos y Canad\u00e1.","breadcrumb":{"@id":"https:\/\/puntodincontro.mx\/2023\/05\/19\/presentato-il-logo-dei-mondiali-2026-tre-paesi-e-una-sola-voce\/#breadcrumb"},"inLanguage":"es","potentialAction":[{"@type":"ReadAction","target":["https:\/\/puntodincontro.mx\/2023\/05\/19\/presentato-il-logo-dei-mondiali-2026-tre-paesi-e-una-sola-voce\/"]}]},{"@type":"ImageObject","inLanguage":"es","@id":"https:\/\/puntodincontro.mx\/2023\/05\/19\/presentato-il-logo-dei-mondiali-2026-tre-paesi-e-una-sola-voce\/#primaryimage","url":"https:\/\/puntodincontro.mx\/wp-content\/uploads\/2023\/05\/logomondiali2026vert.webp","contentUrl":"https:\/\/puntodincontro.mx\/wp-content\/uploads\/2023\/05\/logomondiali2026vert.webp","width":423,"height":488,"caption":"Presentato il logo dei Mondiali 2026, \u00abTre Paesi e una sola voce\u00bb"},{"@type":"BreadcrumbList","@id":"https:\/\/puntodincontro.mx\/2023\/05\/19\/presentato-il-logo-dei-mondiali-2026-tre-paesi-e-una-sola-voce\/#breadcrumb","itemListElement":[{"@type":"ListItem","position":1,"name":"Home","item":"https:\/\/puntodincontro.mx\/"},{"@type":"ListItem","position":2,"name":"Presentato il logo dei Mondiali 2026, \u00abTre Paesi e una sola voce\u00bb"}]},{"@type":"WebSite","@id":"https:\/\/puntodincontro.mx\/#website","url":"https:\/\/puntodincontro.mx\/","name":"Puntodincontro","description":"Desde el 2006 noticias sobre las relaciones entre Italia y M\u00e9xico \/ Dal 2006 notizie sui rapporti Italia-Messico","publisher":{"@id":"https:\/\/puntodincontro.mx\/#organization"},"potentialAction":[{"@type":"SearchAction","target":{"@type":"EntryPoint","urlTemplate":"https:\/\/puntodincontro.mx\/?s={search_term_string}"},"query-input":{"@type":"PropertyValueSpecification","valueRequired":true,"valueName":"search_term_string"}}],"inLanguage":"es"},{"@type":"Organization","@id":"https:\/\/puntodincontro.mx\/#organization","name":"Puntodincontro","url":"https:\/\/puntodincontro.mx\/","logo":{"@type":"ImageObject","inLanguage":"es","@id":"https:\/\/puntodincontro.mx\/#\/schema\/logo\/image\/","url":"https:\/\/puntodincontro.mx\/wp-content\/uploads\/2021\/08\/Default-image-for-open-graph-settings.jpg","contentUrl":"https:\/\/puntodincontro.mx\/wp-content\/uploads\/2021\/08\/Default-image-for-open-graph-settings.jpg","width":1200,"height":630,"caption":"Puntodincontro"},"image":{"@id":"https:\/\/puntodincontro.mx\/#\/schema\/logo\/image\/"},"sameAs":["https:\/\/www.facebook.com\/puntodincontro.mx","https:\/\/x.com\/puntodincontro","https:\/\/www.instagram.com\/puntodincontro.mx\/","https:\/\/www.linkedin.com\/company\/puntodincontro\/","https:\/\/www.youtube.com\/c\/puntodincontromessico","https:\/\/www.patreon.com\/puntodincontro","https:\/\/www.threads.net\/@puntodincontro.mx"]},{"@type":"Person","@id":"https:\/\/puntodincontro.mx\/#\/schema\/person\/d3066d18a16259cbb0c29b0d0e93b556","name":"Puntodincontro","image":{"@type":"ImageObject","inLanguage":"es","@id":"https:\/\/puntodincontro.mx\/#\/schema\/person\/image\/","url":"https:\/\/secure.gravatar.com\/avatar\/0e85b4b3b5e9d6bfcec6a4956d8cc63a?s=96&d=mm&r=g","contentUrl":"https:\/\/secure.gravatar.com\/avatar\/0e85b4b3b5e9d6bfcec6a4956d8cc63a?s=96&d=mm&r=g","caption":"Puntodincontro"},"url":"https:\/\/puntodincontro.mx\/es\/author\/puntodincontro\/"}]}},"_links":{"self":[{"href":"https:\/\/puntodincontro.mx\/es\/wp-json\/wp\/v2\/posts\/12949"}],"collection":[{"href":"https:\/\/puntodincontro.mx\/es\/wp-json\/wp\/v2\/posts"}],"about":[{"href":"https:\/\/puntodincontro.mx\/es\/wp-json\/wp\/v2\/types\/post"}],"author":[{"embeddable":true,"href":"https:\/\/puntodincontro.mx\/es\/wp-json\/wp\/v2\/users\/2"}],"replies":[{"embeddable":true,"href":"https:\/\/puntodincontro.mx\/es\/wp-json\/wp\/v2\/comments?post=12949"}],"version-history":[{"count":6,"href":"https:\/\/puntodincontro.mx\/es\/wp-json\/wp\/v2\/posts\/12949\/revisions"}],"predecessor-version":[{"id":12958,"href":"https:\/\/puntodincontro.mx\/es\/wp-json\/wp\/v2\/posts\/12949\/revisions\/12958"}],"wp:featuredmedia":[{"embeddable":true,"href":"https:\/\/puntodincontro.mx\/es\/wp-json\/wp\/v2\/media\/12956"}],"wp:attachment":[{"href":"https:\/\/puntodincontro.mx\/es\/wp-json\/wp\/v2\/media?parent=12949"}],"wp:term":[{"taxonomy":"category","embeddable":true,"href":"https:\/\/puntodincontro.mx\/es\/wp-json\/wp\/v2\/categories?post=12949"},{"taxonomy":"post_tag","embeddable":true,"href":"https:\/\/puntodincontro.mx\/es\/wp-json\/wp\/v2\/tags?post=12949"}],"curies":[{"name":"wp","href":"https:\/\/api.w.org\/{rel}","templated":true}]}}