{"id":1350,"date":"2021-10-22T14:39:14","date_gmt":"2021-10-22T19:39:14","guid":{"rendered":"https:\/\/puntodincontro.mx\/?p=1350"},"modified":"2021-10-22T15:20:12","modified_gmt":"2021-10-22T20:20:12","slug":"de-lucchi-en-el-iic-de-la-ciudad-de-mexico-todos-somos-disenadores","status":"publish","type":"post","link":"https:\/\/puntodincontro.mx\/es\/2021\/10\/22\/de-lucchi-alliic-di-citta-del-messico-siamo-tutti-designer\/","title":{"rendered":"De Lucchi en el IIC de la Ciudad de M\u00e9xico: \u00abTodos somos dise\u00f1adores\u00bb"},"content":{"rendered":"<p class=\"translation-block\"><strong>13:58 hrs.<\/strong> \u2013 Michele De Lucchi, invitado de honor en la edici\u00f3n 2021 del Italian Design Day en M\u00e9xico, siempre ha estado atento a los temas de sostenibilidad. En los d\u00edas que pasar\u00e1 en el pa\u00eds latinoamericano ser\u00e1 protagonista de una serie de conferencias y talleres en la facultad de Dise\u00f1o de la UNAM, el TEC de Monterrey Campus Ciudad de M\u00e9xico y de una masterclass en la Universidad An\u00e1huac, donde hablar\u00e1 sobre la famosa l\u00e1mpara Tolomeo, creada en 1987 y que \u2014dos a\u00f1os despu\u00e9s\u2014 le llev\u00f3 a ganar su primer Compasso d'Oro (los otros dos los obtuvo en la d\u00e9cada de 1990), el premio de dise\u00f1o industrial m\u00e1s antiguo y prestigioso del mundo.<\/p>\n\n\n\n<p>\u00abTengo la impresi\u00f3n de que se piensa que el dise\u00f1o es cosa de dise\u00f1adores\u00bb, dijo el mi\u00e9rcoles por la noche el galardonado arquitecto de Ferrara en el Instituto Italiano de Cultura (IIC) de Coyoac\u00e1n, \u00abpero, como bien dijeron los que hablaron antes que yo, el dise\u00f1o es mucho m\u00e1s amplio y nos concierne de cerca, de hecho, quiero decirles que todos somos dise\u00f1adores. Al menos, todos somos dise\u00f1adores de nosotros mismos: elegimos c\u00f3mo peinarnos, qu\u00e9 gafas ponernos, c\u00f3mo vestirnos, qu\u00e9 comer... todas estas son actividades de dise\u00f1o. Me he dejado crecer la barba y otros se la han cortado, pero lo importante es pensar que no es algo que concierna a los dem\u00e1s y que nosotros, voluntaria, consciente o inconscientemente, siempre hacemos en todos los momentos de nuestra vida\u00bb.<\/p>\n\n\n\n<p>\u00abTambi\u00e9n hay especialistas\u00bb \u2014a\u00f1adi\u00f3 De Lucchi\u2014 \u00abpero como dise\u00f1ador concibo productos, objetos, combinaciones, muebles, edificios, hogares y ciudades. Emparejar objetos es una actividad que todos hacemos, sobre todo en casa, que es el escenario de nuestra vida y elegimos sus contenidos pensando en c\u00f3mo interpretar al personaje protagonista ideal\u00bb.<\/p>\n\n\n\n<p>\u00abEntonces, todos proyectamos nuestro futuro. Esto es particularmente importante hoy en d\u00eda, ya que vivimos en una \u00e9poca de gran transformaci\u00f3n. La sostenibilidad no es una moda pasajera y podemos resolverla si todos intentamos dise\u00f1ar un mundo mejor. El mensaje es este: todos somos dise\u00f1adores de un mundo mejor y el \u00e9xito del dise\u00f1o italiano proviene de la idea feliz que tenemos de la vida, que es igual a la idea feliz de la vida en M\u00e9xico. El mensaje del dise\u00f1o italiano debe convertirse en el mensaje del dise\u00f1o mexicano, para que la idea del futuro sea un poco menos oscura que la que tenemos en mente\u00bb, concluy\u00f3.<\/p>\n\n\n\n<div class=\"wp-block-image\"><figure class=\"aligncenter size-full\"><img loading=\"lazy\" decoding=\"async\" width=\"932\" height=\"699\" src=\"https:\/\/puntodincontro.mx\/wp-content\/uploads\/2021\/10\/pubblicomicheledelucchiiicmessico.jpg\" alt=\"\" class=\"wp-image-1357\" srcset=\"https:\/\/puntodincontro.mx\/wp-content\/uploads\/2021\/10\/pubblicomicheledelucchiiicmessico.jpg 932w, https:\/\/puntodincontro.mx\/wp-content\/uploads\/2021\/10\/pubblicomicheledelucchiiicmessico-300x225.jpg 300w, https:\/\/puntodincontro.mx\/wp-content\/uploads\/2021\/10\/pubblicomicheledelucchiiicmessico-768x576.jpg 768w, https:\/\/puntodincontro.mx\/wp-content\/uploads\/2021\/10\/pubblicomicheledelucchiiicmessico-16x12.jpg 16w\" sizes=\"(max-width: 932px) 100vw, 932px\" \/><\/figure><\/div>\n\n\n\n<div style=\"height:12px\" aria-hidden=\"true\" class=\"wp-block-spacer\"><\/div>\n\n\n\n\n\n<div style=\"height:12px\" aria-hidden=\"true\" class=\"wp-block-spacer\"><\/div>","protected":false},"excerpt":{"rendered":"<p>Ore 13.58 &#8211; Michele De Lucchi, ospite d\u2019onore dell&#8217;edizione 2021 dell&#8217;Italian Design Day in Messico, \u00e8 da sempre attento ai temi della sostenibilit\u00e0. Nei giorni che trascorrer\u00e0 nel Paese latinoamericano sar\u00e0 protagonista di una serie di conferenze e laboratori presso la facolt\u00e0 di Design dell\u2019UNAM, il TEC di Monterrey Campus Citt\u00e0 del Messico e di una masterclass all\u2019Universidad An\u00e1huac, dove parler\u00e0 della celeberrima lampada Tolomeo, creata nel 1987 e che \u2014due anni dopo\u2014 lo port\u00f2 a conquistare il suo primo Compasso d\u2019Oro (gli altri due li ha vinti negli anni Novanta), il pi\u00f9 antico e prestigioso premio di disegno industriale&#8230; <\/p>","protected":false},"author":2,"featured_media":1353,"comment_status":"open","ping_status":"open","sticky":false,"template":"","format":"standard","meta":{"_monsterinsights_skip_tracking":false,"_monsterinsights_sitenote_active":false,"_monsterinsights_sitenote_note":"","_monsterinsights_sitenote_category":0,"footnotes":""},"categories":[4],"tags":[],"class_list":["post-1350","post","type-post","status-publish","format-standard","has-post-thumbnail","hentry","category-italia-in-messico"],"yoast_head":"<!-- This site is optimized with the Yoast SEO Premium plugin v18.4 (Yoast SEO v25.6) - https:\/\/yoast.com\/wordpress\/plugins\/seo\/ -->\n<title>De Lucchi all&#039;IIC di Citt\u00e0 del Messico: \u00abSiamo tutti designer\u00bb Puntodincontro<\/title>\n<meta name=\"description\" content=\"Michele De Lucchi, ospite d\u2019onore dell&#039;edizione 2021 dell&#039;Italian Design Day in Messico, \u00e8 da sempre attento ai temi della sostenibilit\u00e0. Nei giorni che trascorrer\u00e0 nel Paese latinoamericano sar\u00e0 protagonista di una serie di conferenze e laboratori presso la facolt\u00e0 di Design dell\u2019UNAM, il TEC di Monterrey Campus Citt\u00e0 del Messico e di una masterclass all\u2019Universidad An\u00e1huac, dove parler\u00e0 della celeberrima lampada Tolomeo, creata nel 1987 e che \u2014due anni dopo\u2014 lo port\u00f2 a conquistare il suo primo Compasso d\u2019Oro (gli altri due li ha vinti negli anni Novanta), il pi\u00f9 antico e prestigioso premio di disegno industriale al mondo.\" \/>\n<meta name=\"robots\" content=\"index, follow, max-snippet:-1, max-image-preview:large, max-video-preview:-1\" \/>\n<link rel=\"canonical\" href=\"https:\/\/puntodincontro.mx\/es\/2021\/10\/22\/de-lucchi-en-el-iic-de-la-ciudad-de-mexico-todos-somos-disenadores\/\" \/>\n<meta property=\"og:locale\" content=\"es_MX\" \/>\n<meta property=\"og:type\" content=\"article\" \/>\n<meta property=\"og:title\" content=\"De Lucchi all&#039;IIC di Citt\u00e0 del Messico: \u00abSiamo tutti designer\u00bb\" \/>\n<meta property=\"og:description\" content=\"Michele De Lucchi, ospite d\u2019onore dell&#039;edizione 2021 dell&#039;Italian Design Day in Messico, \u00e8 da sempre attento ai temi della sostenibilit\u00e0. Nei giorni che trascorrer\u00e0 nel Paese latinoamericano sar\u00e0 protagonista di una serie di conferenze e laboratori presso la facolt\u00e0 di Design dell\u2019UNAM, il TEC di Monterrey Campus Citt\u00e0 del Messico e di una masterclass all\u2019Universidad An\u00e1huac, dove parler\u00e0 della celeberrima lampada Tolomeo, creata nel 1987 e che \u2014due anni dopo\u2014 lo port\u00f2 a conquistare il suo primo Compasso d\u2019Oro (gli altri due li ha vinti negli anni Novanta), il pi\u00f9 antico e prestigioso premio di disegno industriale al mondo.\" \/>\n<meta property=\"og:url\" content=\"https:\/\/puntodincontro.mx\/es\/2021\/10\/22\/de-lucchi-en-el-iic-de-la-ciudad-de-mexico-todos-somos-disenadores\/\" \/>\n<meta property=\"og:site_name\" content=\"Puntodincontro\" \/>\n<meta property=\"article:publisher\" content=\"https:\/\/www.facebook.com\/puntodincontro.mx\" \/>\n<meta property=\"article:published_time\" content=\"2021-10-22T19:39:14+00:00\" \/>\n<meta property=\"article:modified_time\" content=\"2021-10-22T20:20:12+00:00\" \/>\n<meta property=\"og:image\" content=\"https:\/\/puntodincontro.mx\/wp-content\/uploads\/2021\/10\/micheledelucchivert.webp\" \/>\n\t<meta property=\"og:image:width\" content=\"423\" \/>\n\t<meta property=\"og:image:height\" content=\"488\" \/>\n\t<meta property=\"og:image:type\" content=\"image\/webp\" \/>\n<meta name=\"author\" content=\"Puntodincontro\" \/>\n<meta name=\"twitter:card\" content=\"summary_large_image\" \/>\n<meta name=\"twitter:creator\" content=\"@puntodincontro\" \/>\n<meta name=\"twitter:site\" content=\"@puntodincontro\" \/>\n<meta name=\"twitter:label1\" content=\"Escrito por\" \/>\n\t<meta name=\"twitter:data1\" content=\"Puntodincontro\" \/>\n\t<meta name=\"twitter:label2\" content=\"Tiempo de lectura\" \/>\n\t<meta name=\"twitter:data2\" content=\"2 minutos\" \/>\n<script type=\"application\/ld+json\" class=\"yoast-schema-graph\">{\"@context\":\"https:\/\/schema.org\",\"@graph\":[{\"@type\":\"NewsArticle\",\"@id\":\"https:\/\/puntodincontro.mx\/2021\/10\/22\/de-lucchi-alliic-di-citta-del-messico-siamo-tutti-designer\/#article\",\"isPartOf\":{\"@id\":\"https:\/\/puntodincontro.mx\/2021\/10\/22\/de-lucchi-alliic-di-citta-del-messico-siamo-tutti-designer\/\"},\"author\":{\"name\":\"Puntodincontro\",\"@id\":\"https:\/\/puntodincontro.mx\/#\/schema\/person\/d3066d18a16259cbb0c29b0d0e93b556\"},\"headline\":\"De Lucchi all&#8217;IIC di Citt\u00e0 del Messico: \u00abSiamo tutti designer\u00bb\",\"datePublished\":\"2021-10-22T19:39:14+00:00\",\"dateModified\":\"2021-10-22T20:20:12+00:00\",\"mainEntityOfPage\":{\"@id\":\"https:\/\/puntodincontro.mx\/2021\/10\/22\/de-lucchi-alliic-di-citta-del-messico-siamo-tutti-designer\/\"},\"wordCount\":402,\"commentCount\":0,\"publisher\":{\"@id\":\"https:\/\/puntodincontro.mx\/#organization\"},\"image\":{\"@id\":\"https:\/\/puntodincontro.mx\/2021\/10\/22\/de-lucchi-alliic-di-citta-del-messico-siamo-tutti-designer\/#primaryimage\"},\"thumbnailUrl\":\"https:\/\/puntodincontro.mx\/wp-content\/uploads\/2021\/10\/micheledelucchivert.webp\",\"articleSection\":[\"Italia in Messico\"],\"inLanguage\":\"es\",\"potentialAction\":[{\"@type\":\"CommentAction\",\"name\":\"Comment\",\"target\":[\"https:\/\/puntodincontro.mx\/2021\/10\/22\/de-lucchi-alliic-di-citta-del-messico-siamo-tutti-designer\/#respond\"]}]},{\"@type\":\"WebPage\",\"@id\":\"https:\/\/puntodincontro.mx\/2021\/10\/22\/de-lucchi-alliic-di-citta-del-messico-siamo-tutti-designer\/\",\"url\":\"https:\/\/puntodincontro.mx\/2021\/10\/22\/de-lucchi-alliic-di-citta-del-messico-siamo-tutti-designer\/\",\"name\":\"De Lucchi all'IIC di Citt\u00e0 del Messico: \u00abSiamo tutti designer\u00bb Puntodincontro\",\"isPartOf\":{\"@id\":\"https:\/\/puntodincontro.mx\/#website\"},\"primaryImageOfPage\":{\"@id\":\"https:\/\/puntodincontro.mx\/2021\/10\/22\/de-lucchi-alliic-di-citta-del-messico-siamo-tutti-designer\/#primaryimage\"},\"image\":{\"@id\":\"https:\/\/puntodincontro.mx\/2021\/10\/22\/de-lucchi-alliic-di-citta-del-messico-siamo-tutti-designer\/#primaryimage\"},\"thumbnailUrl\":\"https:\/\/puntodincontro.mx\/wp-content\/uploads\/2021\/10\/micheledelucchivert.webp\",\"datePublished\":\"2021-10-22T19:39:14+00:00\",\"dateModified\":\"2021-10-22T20:20:12+00:00\",\"description\":\"Michele De Lucchi, ospite d\u2019onore dell'edizione 2021 dell'Italian Design Day in Messico, \u00e8 da sempre attento ai temi della sostenibilit\u00e0. Nei giorni che trascorrer\u00e0 nel Paese latinoamericano sar\u00e0 protagonista di una serie di conferenze e laboratori presso la facolt\u00e0 di Design dell\u2019UNAM, il TEC di Monterrey Campus Citt\u00e0 del Messico e di una masterclass all\u2019Universidad An\u00e1huac, dove parler\u00e0 della celeberrima lampada Tolomeo, creata nel 1987 e che \u2014due anni dopo\u2014 lo port\u00f2 a conquistare il suo primo Compasso d\u2019Oro (gli altri due li ha vinti negli anni Novanta), il pi\u00f9 antico e prestigioso premio di disegno industriale al mondo.\",\"breadcrumb\":{\"@id\":\"https:\/\/puntodincontro.mx\/2021\/10\/22\/de-lucchi-alliic-di-citta-del-messico-siamo-tutti-designer\/#breadcrumb\"},\"inLanguage\":\"es\",\"potentialAction\":[{\"@type\":\"ReadAction\",\"target\":[\"https:\/\/puntodincontro.mx\/2021\/10\/22\/de-lucchi-alliic-di-citta-del-messico-siamo-tutti-designer\/\"]}]},{\"@type\":\"ImageObject\",\"inLanguage\":\"es\",\"@id\":\"https:\/\/puntodincontro.mx\/2021\/10\/22\/de-lucchi-alliic-di-citta-del-messico-siamo-tutti-designer\/#primaryimage\",\"url\":\"https:\/\/puntodincontro.mx\/wp-content\/uploads\/2021\/10\/micheledelucchivert.webp\",\"contentUrl\":\"https:\/\/puntodincontro.mx\/wp-content\/uploads\/2021\/10\/micheledelucchivert.webp\",\"width\":423,\"height\":488},{\"@type\":\"BreadcrumbList\",\"@id\":\"https:\/\/puntodincontro.mx\/2021\/10\/22\/de-lucchi-alliic-di-citta-del-messico-siamo-tutti-designer\/#breadcrumb\",\"itemListElement\":[{\"@type\":\"ListItem\",\"position\":1,\"name\":\"Home\",\"item\":\"https:\/\/puntodincontro.mx\/\"},{\"@type\":\"ListItem\",\"position\":2,\"name\":\"De Lucchi all&#8217;IIC di Citt\u00e0 del Messico: \u00abSiamo tutti designer\u00bb\"}]},{\"@type\":\"WebSite\",\"@id\":\"https:\/\/puntodincontro.mx\/#website\",\"url\":\"https:\/\/puntodincontro.mx\/\",\"name\":\"Puntodincontro\",\"description\":\"Dal 2006 notizie sui rapporti Italia-Messico \/ Desde 2006 noticias sobre las relaciones entre Italia y M\u00e9xico\",\"publisher\":{\"@id\":\"https:\/\/puntodincontro.mx\/#organization\"},\"potentialAction\":[{\"@type\":\"SearchAction\",\"target\":{\"@type\":\"EntryPoint\",\"urlTemplate\":\"https:\/\/puntodincontro.mx\/?s={search_term_string}\"},\"query-input\":{\"@type\":\"PropertyValueSpecification\",\"valueRequired\":true,\"valueName\":\"search_term_string\"}}],\"inLanguage\":\"es\"},{\"@type\":\"Organization\",\"@id\":\"https:\/\/puntodincontro.mx\/#organization\",\"name\":\"Puntodincontro\",\"url\":\"https:\/\/puntodincontro.mx\/\",\"logo\":{\"@type\":\"ImageObject\",\"inLanguage\":\"es\",\"@id\":\"https:\/\/puntodincontro.mx\/#\/schema\/logo\/image\/\",\"url\":\"https:\/\/puntodincontro.mx\/wp-content\/uploads\/2021\/08\/Default-image-for-open-graph-settings.jpg\",\"contentUrl\":\"https:\/\/puntodincontro.mx\/wp-content\/uploads\/2021\/08\/Default-image-for-open-graph-settings.jpg\",\"width\":1200,\"height\":630,\"caption\":\"Puntodincontro\"},\"image\":{\"@id\":\"https:\/\/puntodincontro.mx\/#\/schema\/logo\/image\/\"},\"sameAs\":[\"https:\/\/www.facebook.com\/puntodincontro.mx\",\"https:\/\/x.com\/puntodincontro\",\"https:\/\/www.instagram.com\/puntodincontro.mx\/\",\"https:\/\/www.linkedin.com\/company\/puntodincontro\/\",\"https:\/\/www.youtube.com\/c\/puntodincontromessico\",\"https:\/\/www.patreon.com\/puntodincontro\",\"https:\/\/www.threads.net\/@puntodincontro.mx\"]},{\"@type\":\"Person\",\"@id\":\"https:\/\/puntodincontro.mx\/#\/schema\/person\/d3066d18a16259cbb0c29b0d0e93b556\",\"name\":\"Puntodincontro\",\"image\":{\"@type\":\"ImageObject\",\"inLanguage\":\"es\",\"@id\":\"https:\/\/puntodincontro.mx\/#\/schema\/person\/image\/\",\"url\":\"https:\/\/secure.gravatar.com\/avatar\/0e85b4b3b5e9d6bfcec6a4956d8cc63a?s=96&d=mm&r=g\",\"contentUrl\":\"https:\/\/secure.gravatar.com\/avatar\/0e85b4b3b5e9d6bfcec6a4956d8cc63a?s=96&d=mm&r=g\",\"caption\":\"Puntodincontro\"},\"url\":\"https:\/\/puntodincontro.mx\/es\/author\/puntodincontro\/\"}]}<\/script>\n<!-- \/ Yoast SEO Premium plugin. -->","yoast_head_json":{"title":"De Lucchi all'IIC di Citt\u00e0 del Messico: \u00abSiamo tutti designer\u00bb Puntodincontro","description":"Michele De Lucchi, ospite d\u2019onore dell'edizione 2021 dell'Italian Design Day in Messico, \u00e8 da sempre attento ai temi della sostenibilit\u00e0. Nei giorni che trascorrer\u00e0 nel Paese latinoamericano sar\u00e0 protagonista di una serie di conferenze e laboratori presso la facolt\u00e0 di Design dell\u2019UNAM, il TEC di Monterrey Campus Citt\u00e0 del Messico e di una masterclass all\u2019Universidad An\u00e1huac, dove parler\u00e0 della celeberrima lampada Tolomeo, creata nel 1987 e che \u2014due anni dopo\u2014 lo port\u00f2 a conquistare il suo primo Compasso d\u2019Oro (gli altri due li ha vinti negli anni Novanta), il pi\u00f9 antico e prestigioso premio di disegno industriale al mondo.","robots":{"index":"index","follow":"follow","max-snippet":"max-snippet:-1","max-image-preview":"max-image-preview:large","max-video-preview":"max-video-preview:-1"},"canonical":"https:\/\/puntodincontro.mx\/es\/2021\/10\/22\/de-lucchi-en-el-iic-de-la-ciudad-de-mexico-todos-somos-disenadores\/","og_locale":"es_MX","og_type":"article","og_title":"De Lucchi all'IIC di Citt\u00e0 del Messico: \u00abSiamo tutti designer\u00bb","og_description":"Michele De Lucchi, ospite d\u2019onore dell'edizione 2021 dell'Italian Design Day in Messico, \u00e8 da sempre attento ai temi della sostenibilit\u00e0. Nei giorni che trascorrer\u00e0 nel Paese latinoamericano sar\u00e0 protagonista di una serie di conferenze e laboratori presso la facolt\u00e0 di Design dell\u2019UNAM, il TEC di Monterrey Campus Citt\u00e0 del Messico e di una masterclass all\u2019Universidad An\u00e1huac, dove parler\u00e0 della celeberrima lampada Tolomeo, creata nel 1987 e che \u2014due anni dopo\u2014 lo port\u00f2 a conquistare il suo primo Compasso d\u2019Oro (gli altri due li ha vinti negli anni Novanta), il pi\u00f9 antico e prestigioso premio di disegno industriale al mondo.","og_url":"https:\/\/puntodincontro.mx\/es\/2021\/10\/22\/de-lucchi-en-el-iic-de-la-ciudad-de-mexico-todos-somos-disenadores\/","og_site_name":"Puntodincontro","article_publisher":"https:\/\/www.facebook.com\/puntodincontro.mx","article_published_time":"2021-10-22T19:39:14+00:00","article_modified_time":"2021-10-22T20:20:12+00:00","og_image":[{"width":423,"height":488,"url":"https:\/\/puntodincontro.mx\/wp-content\/uploads\/2021\/10\/micheledelucchivert.webp","type":"image\/webp"}],"author":"Puntodincontro","twitter_card":"summary_large_image","twitter_creator":"@puntodincontro","twitter_site":"@puntodincontro","twitter_misc":{"Escrito por":"Puntodincontro","Tiempo de lectura":"2 minutos"},"schema":{"@context":"https:\/\/schema.org","@graph":[{"@type":"NewsArticle","@id":"https:\/\/puntodincontro.mx\/2021\/10\/22\/de-lucchi-alliic-di-citta-del-messico-siamo-tutti-designer\/#article","isPartOf":{"@id":"https:\/\/puntodincontro.mx\/2021\/10\/22\/de-lucchi-alliic-di-citta-del-messico-siamo-tutti-designer\/"},"author":{"name":"Puntodincontro","@id":"https:\/\/puntodincontro.mx\/#\/schema\/person\/d3066d18a16259cbb0c29b0d0e93b556"},"headline":"De Lucchi all&#8217;IIC di Citt\u00e0 del Messico: \u00abSiamo tutti designer\u00bb","datePublished":"2021-10-22T19:39:14+00:00","dateModified":"2021-10-22T20:20:12+00:00","mainEntityOfPage":{"@id":"https:\/\/puntodincontro.mx\/2021\/10\/22\/de-lucchi-alliic-di-citta-del-messico-siamo-tutti-designer\/"},"wordCount":402,"commentCount":0,"publisher":{"@id":"https:\/\/puntodincontro.mx\/#organization"},"image":{"@id":"https:\/\/puntodincontro.mx\/2021\/10\/22\/de-lucchi-alliic-di-citta-del-messico-siamo-tutti-designer\/#primaryimage"},"thumbnailUrl":"https:\/\/puntodincontro.mx\/wp-content\/uploads\/2021\/10\/micheledelucchivert.webp","articleSection":["Italia in Messico"],"inLanguage":"es","potentialAction":[{"@type":"CommentAction","name":"Comment","target":["https:\/\/puntodincontro.mx\/2021\/10\/22\/de-lucchi-alliic-di-citta-del-messico-siamo-tutti-designer\/#respond"]}]},{"@type":"WebPage","@id":"https:\/\/puntodincontro.mx\/2021\/10\/22\/de-lucchi-alliic-di-citta-del-messico-siamo-tutti-designer\/","url":"https:\/\/puntodincontro.mx\/2021\/10\/22\/de-lucchi-alliic-di-citta-del-messico-siamo-tutti-designer\/","name":"De Lucchi all'IIC di Citt\u00e0 del Messico: \u00abSiamo tutti designer\u00bb Puntodincontro","isPartOf":{"@id":"https:\/\/puntodincontro.mx\/#website"},"primaryImageOfPage":{"@id":"https:\/\/puntodincontro.mx\/2021\/10\/22\/de-lucchi-alliic-di-citta-del-messico-siamo-tutti-designer\/#primaryimage"},"image":{"@id":"https:\/\/puntodincontro.mx\/2021\/10\/22\/de-lucchi-alliic-di-citta-del-messico-siamo-tutti-designer\/#primaryimage"},"thumbnailUrl":"https:\/\/puntodincontro.mx\/wp-content\/uploads\/2021\/10\/micheledelucchivert.webp","datePublished":"2021-10-22T19:39:14+00:00","dateModified":"2021-10-22T20:20:12+00:00","description":"Michele De Lucchi, ospite d\u2019onore dell'edizione 2021 dell'Italian Design Day in Messico, \u00e8 da sempre attento ai temi della sostenibilit\u00e0. Nei giorni che trascorrer\u00e0 nel Paese latinoamericano sar\u00e0 protagonista di una serie di conferenze e laboratori presso la facolt\u00e0 di Design dell\u2019UNAM, il TEC di Monterrey Campus Citt\u00e0 del Messico e di una masterclass all\u2019Universidad An\u00e1huac, dove parler\u00e0 della celeberrima lampada Tolomeo, creata nel 1987 e che \u2014due anni dopo\u2014 lo port\u00f2 a conquistare il suo primo Compasso d\u2019Oro (gli altri due li ha vinti negli anni Novanta), il pi\u00f9 antico e prestigioso premio di disegno industriale al mondo.","breadcrumb":{"@id":"https:\/\/puntodincontro.mx\/2021\/10\/22\/de-lucchi-alliic-di-citta-del-messico-siamo-tutti-designer\/#breadcrumb"},"inLanguage":"es","potentialAction":[{"@type":"ReadAction","target":["https:\/\/puntodincontro.mx\/2021\/10\/22\/de-lucchi-alliic-di-citta-del-messico-siamo-tutti-designer\/"]}]},{"@type":"ImageObject","inLanguage":"es","@id":"https:\/\/puntodincontro.mx\/2021\/10\/22\/de-lucchi-alliic-di-citta-del-messico-siamo-tutti-designer\/#primaryimage","url":"https:\/\/puntodincontro.mx\/wp-content\/uploads\/2021\/10\/micheledelucchivert.webp","contentUrl":"https:\/\/puntodincontro.mx\/wp-content\/uploads\/2021\/10\/micheledelucchivert.webp","width":423,"height":488},{"@type":"BreadcrumbList","@id":"https:\/\/puntodincontro.mx\/2021\/10\/22\/de-lucchi-alliic-di-citta-del-messico-siamo-tutti-designer\/#breadcrumb","itemListElement":[{"@type":"ListItem","position":1,"name":"Home","item":"https:\/\/puntodincontro.mx\/"},{"@type":"ListItem","position":2,"name":"De Lucchi all&#8217;IIC di Citt\u00e0 del Messico: \u00abSiamo tutti designer\u00bb"}]},{"@type":"WebSite","@id":"https:\/\/puntodincontro.mx\/#website","url":"https:\/\/puntodincontro.mx\/","name":"Puntodincontro","description":"Desde el 2006 noticias sobre las relaciones entre Italia y M\u00e9xico \/ Dal 2006 notizie sui rapporti Italia-Messico","publisher":{"@id":"https:\/\/puntodincontro.mx\/#organization"},"potentialAction":[{"@type":"SearchAction","target":{"@type":"EntryPoint","urlTemplate":"https:\/\/puntodincontro.mx\/?s={search_term_string}"},"query-input":{"@type":"PropertyValueSpecification","valueRequired":true,"valueName":"search_term_string"}}],"inLanguage":"es"},{"@type":"Organization","@id":"https:\/\/puntodincontro.mx\/#organization","name":"Puntodincontro","url":"https:\/\/puntodincontro.mx\/","logo":{"@type":"ImageObject","inLanguage":"es","@id":"https:\/\/puntodincontro.mx\/#\/schema\/logo\/image\/","url":"https:\/\/puntodincontro.mx\/wp-content\/uploads\/2021\/08\/Default-image-for-open-graph-settings.jpg","contentUrl":"https:\/\/puntodincontro.mx\/wp-content\/uploads\/2021\/08\/Default-image-for-open-graph-settings.jpg","width":1200,"height":630,"caption":"Puntodincontro"},"image":{"@id":"https:\/\/puntodincontro.mx\/#\/schema\/logo\/image\/"},"sameAs":["https:\/\/www.facebook.com\/puntodincontro.mx","https:\/\/x.com\/puntodincontro","https:\/\/www.instagram.com\/puntodincontro.mx\/","https:\/\/www.linkedin.com\/company\/puntodincontro\/","https:\/\/www.youtube.com\/c\/puntodincontromessico","https:\/\/www.patreon.com\/puntodincontro","https:\/\/www.threads.net\/@puntodincontro.mx"]},{"@type":"Person","@id":"https:\/\/puntodincontro.mx\/#\/schema\/person\/d3066d18a16259cbb0c29b0d0e93b556","name":"Puntodincontro","image":{"@type":"ImageObject","inLanguage":"es","@id":"https:\/\/puntodincontro.mx\/#\/schema\/person\/image\/","url":"https:\/\/secure.gravatar.com\/avatar\/0e85b4b3b5e9d6bfcec6a4956d8cc63a?s=96&d=mm&r=g","contentUrl":"https:\/\/secure.gravatar.com\/avatar\/0e85b4b3b5e9d6bfcec6a4956d8cc63a?s=96&d=mm&r=g","caption":"Puntodincontro"},"url":"https:\/\/puntodincontro.mx\/es\/author\/puntodincontro\/"}]}},"_links":{"self":[{"href":"https:\/\/puntodincontro.mx\/es\/wp-json\/wp\/v2\/posts\/1350"}],"collection":[{"href":"https:\/\/puntodincontro.mx\/es\/wp-json\/wp\/v2\/posts"}],"about":[{"href":"https:\/\/puntodincontro.mx\/es\/wp-json\/wp\/v2\/types\/post"}],"author":[{"embeddable":true,"href":"https:\/\/puntodincontro.mx\/es\/wp-json\/wp\/v2\/users\/2"}],"replies":[{"embeddable":true,"href":"https:\/\/puntodincontro.mx\/es\/wp-json\/wp\/v2\/comments?post=1350"}],"version-history":[{"count":4,"href":"https:\/\/puntodincontro.mx\/es\/wp-json\/wp\/v2\/posts\/1350\/revisions"}],"predecessor-version":[{"id":1358,"href":"https:\/\/puntodincontro.mx\/es\/wp-json\/wp\/v2\/posts\/1350\/revisions\/1358"}],"wp:featuredmedia":[{"embeddable":true,"href":"https:\/\/puntodincontro.mx\/es\/wp-json\/wp\/v2\/media\/1353"}],"wp:attachment":[{"href":"https:\/\/puntodincontro.mx\/es\/wp-json\/wp\/v2\/media?parent=1350"}],"wp:term":[{"taxonomy":"category","embeddable":true,"href":"https:\/\/puntodincontro.mx\/es\/wp-json\/wp\/v2\/categories?post=1350"},{"taxonomy":"post_tag","embeddable":true,"href":"https:\/\/puntodincontro.mx\/es\/wp-json\/wp\/v2\/tags?post=1350"}],"curies":[{"name":"wp","href":"https:\/\/api.w.org\/{rel}","templated":true}]}}