{"id":13614,"date":"2023-06-22T12:04:49","date_gmt":"2023-06-22T17:04:49","guid":{"rendered":"https:\/\/puntodincontro.mx\/?p=13614"},"modified":"2023-06-22T12:04:51","modified_gmt":"2023-06-22T17:04:51","slug":"deseamos-exito-al-proyecto-de-la-nueva-embajada-de-italia","status":"publish","type":"post","link":"https:\/\/puntodincontro.mx\/es\/2023\/06\/22\/auguriamo-successo-al-progetto-della-nuova-ambasciata-ditalia\/","title":{"rendered":"\u00abDeseamos \u00e9xito al proyecto de la nueva Embajada de Italia\u00bb"},"content":{"rendered":"<p class=\"translation-block\"><strong>10:23 hrs.<\/strong> - Con motivo del acto de colocaci\u00f3n de la primera piedra de la nueva Embajada de Italia, Alfonso Zegbe Camarena, Director Ejecutivo de Estrategia y Diplomacia P\u00fablica de la <a href=\"https:\/\/www.gob.mx\/sre\" target=\"_blank\">Secretar\u00eda de Relaciones Exteriores de M\u00e9xico<\/a>, dirigi\u00f3 un mensaje a los presentes en nombre de la Secretaria Alicia B\u00e1rcena.<\/p>\n\n\n\n<p class=\"translation-block\">\u00abAgradezco al excelent\u00edsimo Embajador <a href=\"https:\/\/puntodincontro.mx\/es\/?s=luigi+de+chiara\" target=\"_blank\" rel=\"noreferrer noopener\">Luigi De Chiara<\/a> por la invitaci\u00f3n a este evento que sienta las bases para la construcci\u00f3n de una nueva relaci\u00f3n entre M\u00e9xico e Italia, m\u00e1s fuerte, vanguardista y con visi\u00f3n a futuro. En nombre de la Canciller designada, Alicia B\u00e1rcena, y de la Embajadora Carmen Moreno Toscano, encargada de despacho de la Secretar\u00eda de Relaciones Exteriores, transmito sus felicitaciones y buenos augurios para que juntos sigamos construyendo v\u00ednculos m\u00e1s estrechos. Con ello hacemos un reconocimiento al Embajador De Chiara y a su equipo para llevar a una nueva dimensi\u00f3n estas relaciones\u00bb.<\/p>\n\n\n\n<p>\u00abEs un privilegio contar aqu\u00ed hoy con la presencia del General Vincenzo Molinese, Comandante de los Carabineros para la Protecci\u00f3n del Patrimonio Cultural. Agradecemos el trabajo que han hecho en materia de recuperaci\u00f3n del patrimonio mexicano, sentando precedente y ejemplo a nivel internacional en este \u00e1mbito\u00bb.<\/p>\n\n\n\n<p>\u00abRegistramos la primera presencia de lo que hoy conocemos como Italia con la llegada de misioneros, entre ellos de Fray Jun\u00edpero Serra y el primer antecedente diplom\u00e1tico con las relaciones entre M\u00e9xico y el Reino de Cerde\u00f1a a la que siguieron M\u00f3dena, Toscana, el Reino de las Dos Sicilias, antes de la unificaci\u00f3n italiana y con ello la apertura de un Consulado de M\u00e9xico en G\u00e9nova en 1840 y el del Reino de Cerde\u00f1a en Veracruz en 1849\u00bb.<\/p>\n\n\n\n<p>\u00abEl Presidente Benito Ju\u00e1rez reconoci\u00f3 el proceso de unificaci\u00f3n de Italia en coincidencia con el periodo en que Florencia fue su capital\u00bb.<\/p>\n\n\n\n<p>\u00abMuy pronto, en 2024, se cumplir\u00e1n 150 a\u00f1os de relaciones diplom\u00e1ticas entre los Estados Unidos Mexicanos e Italia, pa\u00eds unificado por Garibaldi, palabra que los mexicanos hemos incorporado cada vez que queremos celebrar al son del mariachi\u00bb.<\/p>\n\n\n\n<p>\u00abFue en 1874 cuando en la calle de Eliseo n\u00famero 6 se estableci\u00f3 la primera legaci\u00f3n de la Italia unificada, teniendo a Giuseppe Biagi como titular\u00bb.<\/p>\n\n\n\n<p>\u00abHoy en d\u00eda las relaciones entre M\u00e9xico e Italia tienen un car\u00e1cter de dimensiones m\u00faltiples en el \u00e1mbito bilateral, birregional y multilateral\u00bb.<\/p>\n\n\n\n<p>\u00abMantenemos una asociaci\u00f3n estrat\u00e9gica desde 2012, con un di\u00e1logo continuo al m\u00e1s alto nivel que lleva intercambios econ\u00f3micos, de cooperaci\u00f3n, culturales, tur\u00edsticos y de inversi\u00f3n\u00bb.<\/p>\n\n\n\n<p>\u00abM\u00e9xico es el segundo socio comercial de Italia en Am\u00e9rica Latina. Italia es el tercer socio comercial de M\u00e9xico en la Uni\u00f3n Europea\u00bb.<\/p>\n\n\n\n<p>\u00abPronto anunciaremos la celebraci\u00f3n en M\u00e9xico de la VI Reuni\u00f3n de la Comisi\u00f3n Binacional, a trav\u00e9s de la cual que buscamos impulsar proyectos conjuntos en diversas \u00e1reas de cooperaci\u00f3n e identificar nuevas \u00e1reas de colaboraci\u00f3n en favor de mexicanos e italianos\u00bb.<\/p>\n\n\n\n<p>\u00abCooperamos tambi\u00e9n en \u00e1reas estrat\u00e9gicas como seguridad, justicia, tecnolog\u00eda, bienes culturales, espacio exterior, ciencias exactas, ciencias biom\u00e9dicas, medio ambiente, energ\u00eda, agricultura y agroalimentaci\u00f3n, entre\nmuchas otras\u00bb.<\/p>\n\n\n\n<p>\u00abNuestras capitales est\u00e1n conectadas por un vuelo diario, de esa manera pueblos milenarios y potencias culturales se encuentran d\u00eda con d\u00eda, permitiendo a sus nacionales, intercambiar experiencias para enriquecer nuestra relaci\u00f3n\u00bb.<\/p>\n\n\n\n<p>\u00abLas comunidades italianas en M\u00e9xico \u2014muchas de ellas hoy aqu\u00ed representadas en distintas asociaciones y c\u00e1maras\u2014 han dejado un legado en nuestra cultura, econom\u00eda y sociedad\u00bb.<\/p>\n\n\n\n<p>\u00abHemos dado un ejemplo en la cooperaci\u00f3n en materia de preservaci\u00f3n y recuperaci\u00f3n de bienes culturales que han permitido el rescate de una importante colecci\u00f3n de bienes de nuestra riqueza ancestral\u00bb.<\/p>\n\n\n\n<p>\u00abDesde la Secretar\u00eda de Relaciones Exteriores deseamos el mayor de los \u00e9xitos en este proyecto de construcci\u00f3n de una nueva Embajada de Italia en M\u00e9xico, con la seguridad de que ser\u00e1 un referente de la Italia moderna, vibrante, creativa y que ayude a consolidar los lazos de amistad \u201ceterna\u201d \u2014como la capital italiana\u2014 entre nuestras dos naciones\u00bb.<\/p>\n\n\n\n<p>\u00abCon esta nueva Embajada se incrementa el patrimonio cultural y est\u00e9tico de Italia en M\u00e9xico a trav\u00e9s del trabajo conjunto de los arquitectos Artigas y Balastra y celebramos la apertura de la agregadur\u00eda militar italiana\u00bb.<\/p>\n\n\n\n<p>\u00abMuchas gracias, <em>congratulazioni per questa nuova casa d\u2019Italia in Messico!<\/em>\u00bb.<\/p>\n\n\n\n<div style=\"height:12px\" aria-hidden=\"true\" class=\"wp-block-spacer\"><\/div>\n\n\n<!-- Ad space powered by WP AdCenter v2.5.7 - https:\/\/wpadcenter.com\/ --><div class=\"wpadcenter-adgroup\" ><div class=\"wpadcenter-adgroup__row wpadcenter-aligncenter\"><div class=\"wpadcenter-ad-container\" ><div id=\"wpadcenter-ad-18464\" class=\"ad-placement\"><div class=\"wpadcenter-ad-inner\" ><a id=\"wpadcenter_ad\" data-value=\"18464\" data-placement=\"\" href=\"https:\/\/www.productosremo.com\/\" target=\"_blank\" class=\"wpadcenter-ad-inner__item\" ><img decoding=\"async\"   src=\"https:\/\/puntodincontro.mx\/wp-content\/uploads\/2021\/08\/remobanner.jpg\" class=\"attachment-post-thumbnail size-post-thumbnail wp-post-image\" alt=\"\" srcset=\"https:\/\/puntodincontro.mx\/wp-content\/uploads\/2021\/08\/remobanner.jpg 200w, https:\/\/puntodincontro.mx\/wp-content\/uploads\/2021\/08\/remobanner-16x5.jpg 16w\" sizes=\"(max-width: 200px) 100vw, 200px\" \/><\/a><\/div><\/div><\/div><div class=\"wpadcenter-ad-container\" ><div id=\"wpadcenter-ad-5305\" class=\"ad-placement\"><div class=\"wpadcenter-ad-inner\" ><a id=\"wpadcenter_ad\" data-value=\"5305\" data-placement=\"\" href=\"https:\/\/ambcittadelmessico.esteri.it\/ambasciata_cittadelmessico\/it\/\" target=\"_blank\" class=\"wpadcenter-ad-inner__item\" ><img decoding=\"async\"   src=\"https:\/\/puntodincontro.mx\/wp-content\/uploads\/2022\/05\/Ambasciata.jpg\" class=\"attachment-post-thumbnail size-post-thumbnail wp-post-image\" alt=\"\" srcset=\"https:\/\/puntodincontro.mx\/wp-content\/uploads\/2022\/05\/Ambasciata.jpg 200w, https:\/\/puntodincontro.mx\/wp-content\/uploads\/2022\/05\/Ambasciata-18x5.jpg 18w\" sizes=\"(max-width: 200px) 100vw, 200px\" \/><\/a><\/div><\/div><\/div><div class=\"wpadcenter-ad-container\" ><div id=\"wpadcenter-ad-3781\" class=\"ad-placement\"><div class=\"wpadcenter-ad-inner\" ><a id=\"wpadcenter_ad\" data-value=\"3781\" data-placement=\"\" href=\"https:\/\/cannizzo.com.mx\/\" target=\"_blank\" class=\"wpadcenter-ad-inner__item\" ><img decoding=\"async\"   src=\"https:\/\/puntodincontro.mx\/wp-content\/uploads\/2022\/03\/cannizzo2.jpg\" class=\"attachment-post-thumbnail size-post-thumbnail wp-post-image\" alt=\"\" srcset=\"https:\/\/puntodincontro.mx\/wp-content\/uploads\/2022\/03\/cannizzo2.jpg 200w, https:\/\/puntodincontro.mx\/wp-content\/uploads\/2022\/03\/cannizzo2-18x5.jpg 18w\" sizes=\"(max-width: 200px) 100vw, 200px\" \/><\/a><\/div><\/div><\/div><\/div><div class=\"wpadcenter-adgroup__row wpadcenter-aligncenter\"><div class=\"wpadcenter-ad-container\" ><div id=\"wpadcenter-ad-1704\" class=\"ad-placement\"><div class=\"wpadcenter-ad-inner\" ><a id=\"wpadcenter_ad\" data-value=\"1704\" data-placement=\"\" href=\"https:\/\/puntodincontro.mx\/es\/2021\/12\/24\/inps-verificacion-de-supervivencia-de-los-pensionados-en-el-extranjero\/\" target=\"_blank\" class=\"wpadcenter-ad-inner__item\" ><img decoding=\"async\"   src=\"https:\/\/puntodincontro.mx\/wp-content\/uploads\/2021\/11\/logo-ital.jpg\" class=\"attachment-post-thumbnail size-post-thumbnail wp-post-image\" alt=\"Patronato ITAL Messico\" srcset=\"https:\/\/puntodincontro.mx\/wp-content\/uploads\/2021\/11\/logo-ital.jpg 200w, https:\/\/puntodincontro.mx\/wp-content\/uploads\/2021\/11\/logo-ital-16x5.jpg 16w\" sizes=\"(max-width: 200px) 100vw, 200px\" \/><\/a><\/div><\/div><\/div><div class=\"wpadcenter-ad-container\" ><div id=\"wpadcenter-ad-1538\" class=\"ad-placement\"><div class=\"wpadcenter-ad-inner\" ><a id=\"wpadcenter_ad\" data-value=\"1538\" data-placement=\"\" href=\"https:\/\/asociacionitaliana.org\/\" target=\"_blank\" class=\"wpadcenter-ad-inner__item\" ><img decoding=\"async\"   src=\"https:\/\/puntodincontro.mx\/wp-content\/uploads\/2021\/11\/aialogo.jpg\" class=\"attachment-post-thumbnail size-post-thumbnail wp-post-image\" alt=\"Associazione Italiana di Assistenza IAP\" srcset=\"https:\/\/puntodincontro.mx\/wp-content\/uploads\/2021\/11\/aialogo.jpg 200w, https:\/\/puntodincontro.mx\/wp-content\/uploads\/2021\/11\/aialogo-18x5.jpg 18w\" sizes=\"(max-width: 200px) 100vw, 200px\" \/><\/a><\/div><\/div><\/div><div class=\"wpadcenter-ad-container\" ><div id=\"wpadcenter-ad-1513\" class=\"ad-placement\"><div class=\"wpadcenter-ad-inner\" ><a id=\"wpadcenter_ad\" data-value=\"1513\" data-placement=\"\" href=\"https:\/\/gcinmuebles.mx\" target=\"_blank\" class=\"wpadcenter-ad-inner__item\" ><img decoding=\"async\"   src=\"https:\/\/puntodincontro.mx\/wp-content\/uploads\/2021\/10\/gcinmuebleslogopunto-1.jpg\" class=\"attachment-post-thumbnail size-post-thumbnail wp-post-image\" alt=\"\" srcset=\"https:\/\/puntodincontro.mx\/wp-content\/uploads\/2021\/10\/gcinmuebleslogopunto-1.jpg 200w, https:\/\/puntodincontro.mx\/wp-content\/uploads\/2021\/10\/gcinmuebleslogopunto-1-18x5.jpg 18w\" sizes=\"(max-width: 200px) 100vw, 200px\" \/><\/a><\/div><\/div><\/div><\/div><div class=\"wpadcenter-adgroup__row wpadcenter-aligncenter\"><div class=\"wpadcenter-ad-container\" ><div id=\"wpadcenter-ad-1374\" class=\"ad-placement\"><div class=\"wpadcenter-ad-inner\" ><a id=\"wpadcenter_ad\" data-value=\"1374\" data-placement=\"\" href=\"https:\/\/www.9colonne.it\/\" target=\"_blank\" class=\"wpadcenter-ad-inner__item\" ><img decoding=\"async\"   src=\"https:\/\/puntodincontro.mx\/wp-content\/uploads\/2021\/10\/Banner9colonne.gif\" class=\"attachment-post-thumbnail size-post-thumbnail wp-post-image\" alt=\"\" \/><\/a><\/div><\/div><\/div><div class=\"wpadcenter-ad-container\" ><div id=\"wpadcenter-ad-276\" class=\"ad-placement\"><div class=\"wpadcenter-ad-inner\" ><a id=\"wpadcenter_ad\" data-value=\"276\" data-placement=\"\" href=\"http:\/\/www.camaraitaliana.mx\/\" target=\"_blank\" class=\"wpadcenter-ad-inner__item\" ><img decoding=\"async\"   src=\"https:\/\/puntodincontro.mx\/wp-content\/uploads\/2021\/08\/ccimnuovo.jpg\" class=\"attachment-post-thumbnail size-post-thumbnail wp-post-image\" alt=\"\" srcset=\"https:\/\/puntodincontro.mx\/wp-content\/uploads\/2021\/08\/ccimnuovo.jpg 200w, https:\/\/puntodincontro.mx\/wp-content\/uploads\/2021\/08\/ccimnuovo-18x5.jpg 18w\" sizes=\"(max-width: 200px) 100vw, 200px\" \/><\/a><\/div><\/div><\/div><div class=\"wpadcenter-ad-container\" ><div id=\"wpadcenter-ad-272\" class=\"ad-placement\"><div class=\"wpadcenter-ad-inner\" ><a id=\"wpadcenter_ad\" data-value=\"272\" data-placement=\"\" href=\"http:\/\/corix.us\/\" target=\"_blank\" class=\"wpadcenter-ad-inner__item\" ><img decoding=\"async\"   src=\"https:\/\/puntodincontro.mx\/wp-content\/uploads\/2021\/08\/corixbanner-1.jpg\" class=\"attachment-post-thumbnail size-post-thumbnail wp-post-image\" alt=\"\" srcset=\"https:\/\/puntodincontro.mx\/wp-content\/uploads\/2021\/08\/corixbanner-1.jpg 200w, https:\/\/puntodincontro.mx\/wp-content\/uploads\/2021\/08\/corixbanner-1-16x5.jpg 16w\" sizes=\"(max-width: 200px) 100vw, 200px\" \/><\/a><\/div><\/div><\/div><\/div><div class=\"wpadcenter-adgroup__row wpadcenter-aligncenter\"><div class=\"wpadcenter-ad-container\" ><div id=\"wpadcenter-ad-266\" class=\"ad-placement\"><div class=\"wpadcenter-ad-inner\" ><a id=\"wpadcenter_ad\" data-value=\"266\" data-placement=\"\" href=\"https:\/\/www.prinsel.com.mx\/\" target=\"_blank\" class=\"wpadcenter-ad-inner__item\" ><img decoding=\"async\"   src=\"https:\/\/puntodincontro.mx\/wp-content\/uploads\/2021\/08\/prinselbanner-1.jpg\" class=\"attachment-post-thumbnail size-post-thumbnail wp-post-image\" alt=\"\" srcset=\"https:\/\/puntodincontro.mx\/wp-content\/uploads\/2021\/08\/prinselbanner-1.jpg 200w, https:\/\/puntodincontro.mx\/wp-content\/uploads\/2021\/08\/prinselbanner-1-16x5.jpg 16w\" sizes=\"(max-width: 200px) 100vw, 200px\" \/><\/a><\/div><\/div><\/div><div class=\"wpadcenter-ad-container\" ><div id=\"wpadcenter-ad-261\" class=\"ad-placement\"><div class=\"wpadcenter-ad-inner\" ><a id=\"wpadcenter_ad\" data-value=\"261\" data-placement=\"\" href=\"https:\/\/faitalia.com.mx\/\" target=\"_blank\" class=\"wpadcenter-ad-inner__item\" ><img decoding=\"async\"   src=\"https:\/\/puntodincontro.mx\/wp-content\/uploads\/2021\/08\/gruppodino.jpg\" class=\"attachment-post-thumbnail size-post-thumbnail wp-post-image\" alt=\"\" srcset=\"https:\/\/puntodincontro.mx\/wp-content\/uploads\/2021\/08\/gruppodino.jpg 200w, https:\/\/puntodincontro.mx\/wp-content\/uploads\/2021\/08\/gruppodino-18x5.jpg 18w\" sizes=\"(max-width: 200px) 100vw, 200px\" \/><\/a><\/div><\/div><\/div><\/div><\/div>\n\n\n<div style=\"height:12px\" aria-hidden=\"true\" class=\"wp-block-spacer\"><\/div>","protected":false},"excerpt":{"rendered":"<p>Ore 10.23 &#8211; In occasione della cerimonia di posa della prima pietra della nuova Ambasciata italiana, Alfonso Zegbe Camarena, Direttore Esecutivo della Strategia e Diplomazia Pubblica del ministero degli Affari Esteri del Messico, ha rivolto a nome della ministra Alicia B\u00e1rcena un messaggio ai presenti. \u00abRingrazio Sua Eccellenza l&#8217;ambasciatore Luigi De Chiara per l&#8217;invito a questo evento che pone le basi per la costruzione di un nuovo rapporto tra il Messico e l&#8217;Italia, un rapporto pi\u00f9 forte, all&#8217;avanguardia e con una visione di futuro. A nome dela ministra degli Affari Esteri, Alicia B\u00e1rcena, e dell&#8217;ambasciatrice Carmen Moreno Toscano, incaricata del&#8230; <\/p>","protected":false},"author":2,"featured_media":13622,"comment_status":"open","ping_status":"open","sticky":false,"template":"","format":"standard","meta":{"_monsterinsights_skip_tracking":false,"_monsterinsights_sitenote_active":false,"_monsterinsights_sitenote_note":"","_monsterinsights_sitenote_category":0,"footnotes":""},"categories":[18],"tags":[],"class_list":["post-13614","post","type-post","status-publish","format-standard","has-post-thumbnail","hentry","category-cronaca"],"yoast_head":"<!-- This site is optimized with the Yoast SEO Premium plugin v18.4 (Yoast SEO v25.6) - https:\/\/yoast.com\/wordpress\/plugins\/seo\/ -->\n<title>\u00abAuguriamo successo al progetto della nuova Ambasciata d&#039;Italia\u00bb<\/title>\n<meta name=\"description\" content=\"Messaggio del ministero degli Esteri del Messico in occasione della cerimonia di posa della prima pietra della nuova Ambasciata italiana.\" \/>\n<meta name=\"robots\" content=\"index, follow, max-snippet:-1, max-image-preview:large, max-video-preview:-1\" \/>\n<link rel=\"canonical\" href=\"https:\/\/puntodincontro.mx\/es\/2023\/06\/22\/deseamos-exito-al-proyecto-de-la-nueva-embajada-de-italia\/\" \/>\n<meta property=\"og:locale\" content=\"es_MX\" \/>\n<meta property=\"og:type\" content=\"article\" \/>\n<meta property=\"og:title\" content=\"\u00abAuguriamo successo al progetto della nuova Ambasciata d&#039;Italia\u00bb\" \/>\n<meta property=\"og:description\" content=\"Messaggio del ministero degli Esteri del Messico in occasione della cerimonia di posa della prima pietra della nuova Ambasciata italiana.\" \/>\n<meta property=\"og:url\" content=\"https:\/\/puntodincontro.mx\/es\/2023\/06\/22\/deseamos-exito-al-proyecto-de-la-nueva-embajada-de-italia\/\" \/>\n<meta property=\"og:site_name\" content=\"Puntodincontro\" \/>\n<meta property=\"article:publisher\" content=\"https:\/\/www.facebook.com\/puntodincontro.mx\" \/>\n<meta property=\"article:published_time\" content=\"2023-06-22T17:04:49+00:00\" \/>\n<meta property=\"article:modified_time\" content=\"2023-06-22T17:04:51+00:00\" \/>\n<meta property=\"og:image\" content=\"https:\/\/puntodincontro.mx\/wp-content\/uploads\/2023\/06\/fotozegbecomp.jpg\" \/>\n\t<meta property=\"og:image:width\" content=\"932\" \/>\n\t<meta property=\"og:image:height\" content=\"488\" \/>\n\t<meta property=\"og:image:type\" content=\"image\/jpeg\" \/>\n<meta name=\"author\" content=\"Puntodincontro\" \/>\n<meta name=\"twitter:card\" content=\"summary_large_image\" \/>\n<meta name=\"twitter:creator\" content=\"@puntodincontro\" \/>\n<meta name=\"twitter:site\" content=\"@puntodincontro\" \/>\n<meta name=\"twitter:label1\" content=\"Escrito por\" \/>\n\t<meta name=\"twitter:data1\" content=\"Puntodincontro\" \/>\n\t<meta name=\"twitter:label2\" content=\"Tiempo de lectura\" \/>\n\t<meta name=\"twitter:data2\" content=\"3 minutos\" \/>\n<script type=\"application\/ld+json\" class=\"yoast-schema-graph\">{\"@context\":\"https:\/\/schema.org\",\"@graph\":[{\"@type\":\"NewsArticle\",\"@id\":\"https:\/\/puntodincontro.mx\/2023\/06\/22\/auguriamo-successo-al-progetto-della-nuova-ambasciata-ditalia\/#article\",\"isPartOf\":{\"@id\":\"https:\/\/puntodincontro.mx\/2023\/06\/22\/auguriamo-successo-al-progetto-della-nuova-ambasciata-ditalia\/\"},\"author\":{\"name\":\"Puntodincontro\",\"@id\":\"https:\/\/puntodincontro.mx\/#\/schema\/person\/d3066d18a16259cbb0c29b0d0e93b556\"},\"headline\":\"\u00abAuguriamo successo al progetto della nuova Ambasciata d&#8217;Italia\u00bb\",\"datePublished\":\"2023-06-22T17:04:49+00:00\",\"dateModified\":\"2023-06-22T17:04:51+00:00\",\"mainEntityOfPage\":{\"@id\":\"https:\/\/puntodincontro.mx\/2023\/06\/22\/auguriamo-successo-al-progetto-della-nuova-ambasciata-ditalia\/\"},\"wordCount\":663,\"commentCount\":0,\"publisher\":{\"@id\":\"https:\/\/puntodincontro.mx\/#organization\"},\"image\":{\"@id\":\"https:\/\/puntodincontro.mx\/2023\/06\/22\/auguriamo-successo-al-progetto-della-nuova-ambasciata-ditalia\/#primaryimage\"},\"thumbnailUrl\":\"https:\/\/puntodincontro.mx\/wp-content\/uploads\/2023\/06\/fotozegbevert.webp\",\"articleSection\":[\"Cronaca\"],\"inLanguage\":\"es\",\"potentialAction\":[{\"@type\":\"CommentAction\",\"name\":\"Comment\",\"target\":[\"https:\/\/puntodincontro.mx\/2023\/06\/22\/auguriamo-successo-al-progetto-della-nuova-ambasciata-ditalia\/#respond\"]}]},{\"@type\":\"WebPage\",\"@id\":\"https:\/\/puntodincontro.mx\/2023\/06\/22\/auguriamo-successo-al-progetto-della-nuova-ambasciata-ditalia\/\",\"url\":\"https:\/\/puntodincontro.mx\/2023\/06\/22\/auguriamo-successo-al-progetto-della-nuova-ambasciata-ditalia\/\",\"name\":\"\u00abAuguriamo successo al progetto della nuova Ambasciata d'Italia\u00bb\",\"isPartOf\":{\"@id\":\"https:\/\/puntodincontro.mx\/#website\"},\"primaryImageOfPage\":{\"@id\":\"https:\/\/puntodincontro.mx\/2023\/06\/22\/auguriamo-successo-al-progetto-della-nuova-ambasciata-ditalia\/#primaryimage\"},\"image\":{\"@id\":\"https:\/\/puntodincontro.mx\/2023\/06\/22\/auguriamo-successo-al-progetto-della-nuova-ambasciata-ditalia\/#primaryimage\"},\"thumbnailUrl\":\"https:\/\/puntodincontro.mx\/wp-content\/uploads\/2023\/06\/fotozegbevert.webp\",\"datePublished\":\"2023-06-22T17:04:49+00:00\",\"dateModified\":\"2023-06-22T17:04:51+00:00\",\"description\":\"Messaggio del ministero degli Esteri del Messico in occasione della cerimonia di posa della prima pietra della nuova Ambasciata italiana.\",\"breadcrumb\":{\"@id\":\"https:\/\/puntodincontro.mx\/2023\/06\/22\/auguriamo-successo-al-progetto-della-nuova-ambasciata-ditalia\/#breadcrumb\"},\"inLanguage\":\"es\",\"potentialAction\":[{\"@type\":\"ReadAction\",\"target\":[\"https:\/\/puntodincontro.mx\/2023\/06\/22\/auguriamo-successo-al-progetto-della-nuova-ambasciata-ditalia\/\"]}]},{\"@type\":\"ImageObject\",\"inLanguage\":\"es\",\"@id\":\"https:\/\/puntodincontro.mx\/2023\/06\/22\/auguriamo-successo-al-progetto-della-nuova-ambasciata-ditalia\/#primaryimage\",\"url\":\"https:\/\/puntodincontro.mx\/wp-content\/uploads\/2023\/06\/fotozegbevert.webp\",\"contentUrl\":\"https:\/\/puntodincontro.mx\/wp-content\/uploads\/2023\/06\/fotozegbevert.webp\",\"width\":423,\"height\":488,\"caption\":\"\u00abAuguriamo successo al progetto della nuova Ambasciata d'Italia\u00bb \/ Foto: Puntodincontro\"},{\"@type\":\"BreadcrumbList\",\"@id\":\"https:\/\/puntodincontro.mx\/2023\/06\/22\/auguriamo-successo-al-progetto-della-nuova-ambasciata-ditalia\/#breadcrumb\",\"itemListElement\":[{\"@type\":\"ListItem\",\"position\":1,\"name\":\"Home\",\"item\":\"https:\/\/puntodincontro.mx\/\"},{\"@type\":\"ListItem\",\"position\":2,\"name\":\"\u00abAuguriamo successo al progetto della nuova Ambasciata d&#8217;Italia\u00bb\"}]},{\"@type\":\"WebSite\",\"@id\":\"https:\/\/puntodincontro.mx\/#website\",\"url\":\"https:\/\/puntodincontro.mx\/\",\"name\":\"Puntodincontro\",\"description\":\"Dal 2006 notizie sui rapporti Italia-Messico \/ Desde 2006 noticias sobre las relaciones entre Italia y M\u00e9xico\",\"publisher\":{\"@id\":\"https:\/\/puntodincontro.mx\/#organization\"},\"potentialAction\":[{\"@type\":\"SearchAction\",\"target\":{\"@type\":\"EntryPoint\",\"urlTemplate\":\"https:\/\/puntodincontro.mx\/?s={search_term_string}\"},\"query-input\":{\"@type\":\"PropertyValueSpecification\",\"valueRequired\":true,\"valueName\":\"search_term_string\"}}],\"inLanguage\":\"es\"},{\"@type\":\"Organization\",\"@id\":\"https:\/\/puntodincontro.mx\/#organization\",\"name\":\"Puntodincontro\",\"url\":\"https:\/\/puntodincontro.mx\/\",\"logo\":{\"@type\":\"ImageObject\",\"inLanguage\":\"es\",\"@id\":\"https:\/\/puntodincontro.mx\/#\/schema\/logo\/image\/\",\"url\":\"https:\/\/puntodincontro.mx\/wp-content\/uploads\/2021\/08\/Default-image-for-open-graph-settings.jpg\",\"contentUrl\":\"https:\/\/puntodincontro.mx\/wp-content\/uploads\/2021\/08\/Default-image-for-open-graph-settings.jpg\",\"width\":1200,\"height\":630,\"caption\":\"Puntodincontro\"},\"image\":{\"@id\":\"https:\/\/puntodincontro.mx\/#\/schema\/logo\/image\/\"},\"sameAs\":[\"https:\/\/www.facebook.com\/puntodincontro.mx\",\"https:\/\/x.com\/puntodincontro\",\"https:\/\/www.instagram.com\/puntodincontro.mx\/\",\"https:\/\/www.linkedin.com\/company\/puntodincontro\/\",\"https:\/\/www.youtube.com\/c\/puntodincontromessico\",\"https:\/\/www.patreon.com\/puntodincontro\",\"https:\/\/www.threads.net\/@puntodincontro.mx\"]},{\"@type\":\"Person\",\"@id\":\"https:\/\/puntodincontro.mx\/#\/schema\/person\/d3066d18a16259cbb0c29b0d0e93b556\",\"name\":\"Puntodincontro\",\"image\":{\"@type\":\"ImageObject\",\"inLanguage\":\"es\",\"@id\":\"https:\/\/puntodincontro.mx\/#\/schema\/person\/image\/\",\"url\":\"https:\/\/secure.gravatar.com\/avatar\/0e85b4b3b5e9d6bfcec6a4956d8cc63a?s=96&d=mm&r=g\",\"contentUrl\":\"https:\/\/secure.gravatar.com\/avatar\/0e85b4b3b5e9d6bfcec6a4956d8cc63a?s=96&d=mm&r=g\",\"caption\":\"Puntodincontro\"},\"url\":\"https:\/\/puntodincontro.mx\/es\/author\/puntodincontro\/\"}]}<\/script>\n<!-- \/ Yoast SEO Premium plugin. -->","yoast_head_json":{"title":"\u00abAuguriamo successo al progetto della nuova Ambasciata d'Italia\u00bb","description":"Mensaje de la Secretar\u00eda de Relaciones Exteriores de M\u00e9xico con motivo de la ceremonia de colocaci\u00f3n de la primera piedra de la nueva Embajada de Italia.","robots":{"index":"index","follow":"follow","max-snippet":"max-snippet:-1","max-image-preview":"max-image-preview:large","max-video-preview":"max-video-preview:-1"},"canonical":"https:\/\/puntodincontro.mx\/es\/2023\/06\/22\/deseamos-exito-al-proyecto-de-la-nueva-embajada-de-italia\/","og_locale":"es_MX","og_type":"article","og_title":"\u00abAuguriamo successo al progetto della nuova Ambasciata d'Italia\u00bb","og_description":"Messaggio del ministero degli Esteri del Messico in occasione della cerimonia di posa della prima pietra della nuova Ambasciata italiana.","og_url":"https:\/\/puntodincontro.mx\/es\/2023\/06\/22\/deseamos-exito-al-proyecto-de-la-nueva-embajada-de-italia\/","og_site_name":"Puntodincontro","article_publisher":"https:\/\/www.facebook.com\/puntodincontro.mx","article_published_time":"2023-06-22T17:04:49+00:00","article_modified_time":"2023-06-22T17:04:51+00:00","og_image":[{"width":932,"height":488,"url":"https:\/\/puntodincontro.mx\/wp-content\/uploads\/2023\/06\/fotozegbecomp.jpg","type":"image\/jpeg"}],"author":"Puntodincontro","twitter_card":"summary_large_image","twitter_creator":"@puntodincontro","twitter_site":"@puntodincontro","twitter_misc":{"Escrito por":"Puntodincontro","Tiempo de lectura":"3 minutos"},"schema":{"@context":"https:\/\/schema.org","@graph":[{"@type":"NewsArticle","@id":"https:\/\/puntodincontro.mx\/2023\/06\/22\/auguriamo-successo-al-progetto-della-nuova-ambasciata-ditalia\/#article","isPartOf":{"@id":"https:\/\/puntodincontro.mx\/2023\/06\/22\/auguriamo-successo-al-progetto-della-nuova-ambasciata-ditalia\/"},"author":{"name":"Puntodincontro","@id":"https:\/\/puntodincontro.mx\/#\/schema\/person\/d3066d18a16259cbb0c29b0d0e93b556"},"headline":"\u00abAuguriamo successo al progetto della nuova Ambasciata d&#8217;Italia\u00bb","datePublished":"2023-06-22T17:04:49+00:00","dateModified":"2023-06-22T17:04:51+00:00","mainEntityOfPage":{"@id":"https:\/\/puntodincontro.mx\/2023\/06\/22\/auguriamo-successo-al-progetto-della-nuova-ambasciata-ditalia\/"},"wordCount":663,"commentCount":0,"publisher":{"@id":"https:\/\/puntodincontro.mx\/#organization"},"image":{"@id":"https:\/\/puntodincontro.mx\/2023\/06\/22\/auguriamo-successo-al-progetto-della-nuova-ambasciata-ditalia\/#primaryimage"},"thumbnailUrl":"https:\/\/puntodincontro.mx\/wp-content\/uploads\/2023\/06\/fotozegbevert.webp","articleSection":["Cronaca"],"inLanguage":"es","potentialAction":[{"@type":"CommentAction","name":"Comment","target":["https:\/\/puntodincontro.mx\/2023\/06\/22\/auguriamo-successo-al-progetto-della-nuova-ambasciata-ditalia\/#respond"]}]},{"@type":"WebPage","@id":"https:\/\/puntodincontro.mx\/2023\/06\/22\/auguriamo-successo-al-progetto-della-nuova-ambasciata-ditalia\/","url":"https:\/\/puntodincontro.mx\/2023\/06\/22\/auguriamo-successo-al-progetto-della-nuova-ambasciata-ditalia\/","name":"\u00abAuguriamo successo al progetto della nuova Ambasciata d'Italia\u00bb","isPartOf":{"@id":"https:\/\/puntodincontro.mx\/#website"},"primaryImageOfPage":{"@id":"https:\/\/puntodincontro.mx\/2023\/06\/22\/auguriamo-successo-al-progetto-della-nuova-ambasciata-ditalia\/#primaryimage"},"image":{"@id":"https:\/\/puntodincontro.mx\/2023\/06\/22\/auguriamo-successo-al-progetto-della-nuova-ambasciata-ditalia\/#primaryimage"},"thumbnailUrl":"https:\/\/puntodincontro.mx\/wp-content\/uploads\/2023\/06\/fotozegbevert.webp","datePublished":"2023-06-22T17:04:49+00:00","dateModified":"2023-06-22T17:04:51+00:00","description":"Mensaje de la Secretar\u00eda de Relaciones Exteriores de M\u00e9xico con motivo de la ceremonia de colocaci\u00f3n de la primera piedra de la nueva Embajada de Italia.","breadcrumb":{"@id":"https:\/\/puntodincontro.mx\/2023\/06\/22\/auguriamo-successo-al-progetto-della-nuova-ambasciata-ditalia\/#breadcrumb"},"inLanguage":"es","potentialAction":[{"@type":"ReadAction","target":["https:\/\/puntodincontro.mx\/2023\/06\/22\/auguriamo-successo-al-progetto-della-nuova-ambasciata-ditalia\/"]}]},{"@type":"ImageObject","inLanguage":"es","@id":"https:\/\/puntodincontro.mx\/2023\/06\/22\/auguriamo-successo-al-progetto-della-nuova-ambasciata-ditalia\/#primaryimage","url":"https:\/\/puntodincontro.mx\/wp-content\/uploads\/2023\/06\/fotozegbevert.webp","contentUrl":"https:\/\/puntodincontro.mx\/wp-content\/uploads\/2023\/06\/fotozegbevert.webp","width":423,"height":488,"caption":"\u00abAuguriamo successo al progetto della nuova Ambasciata d'Italia\u00bb \/ Foto: Puntodincontro"},{"@type":"BreadcrumbList","@id":"https:\/\/puntodincontro.mx\/2023\/06\/22\/auguriamo-successo-al-progetto-della-nuova-ambasciata-ditalia\/#breadcrumb","itemListElement":[{"@type":"ListItem","position":1,"name":"Home","item":"https:\/\/puntodincontro.mx\/"},{"@type":"ListItem","position":2,"name":"\u00abAuguriamo successo al progetto della nuova Ambasciata d&#8217;Italia\u00bb"}]},{"@type":"WebSite","@id":"https:\/\/puntodincontro.mx\/#website","url":"https:\/\/puntodincontro.mx\/","name":"Puntodincontro","description":"Desde el 2006 noticias sobre las relaciones entre Italia y M\u00e9xico \/ Dal 2006 notizie sui rapporti Italia-Messico","publisher":{"@id":"https:\/\/puntodincontro.mx\/#organization"},"potentialAction":[{"@type":"SearchAction","target":{"@type":"EntryPoint","urlTemplate":"https:\/\/puntodincontro.mx\/?s={search_term_string}"},"query-input":{"@type":"PropertyValueSpecification","valueRequired":true,"valueName":"search_term_string"}}],"inLanguage":"es"},{"@type":"Organization","@id":"https:\/\/puntodincontro.mx\/#organization","name":"Puntodincontro","url":"https:\/\/puntodincontro.mx\/","logo":{"@type":"ImageObject","inLanguage":"es","@id":"https:\/\/puntodincontro.mx\/#\/schema\/logo\/image\/","url":"https:\/\/puntodincontro.mx\/wp-content\/uploads\/2021\/08\/Default-image-for-open-graph-settings.jpg","contentUrl":"https:\/\/puntodincontro.mx\/wp-content\/uploads\/2021\/08\/Default-image-for-open-graph-settings.jpg","width":1200,"height":630,"caption":"Puntodincontro"},"image":{"@id":"https:\/\/puntodincontro.mx\/#\/schema\/logo\/image\/"},"sameAs":["https:\/\/www.facebook.com\/puntodincontro.mx","https:\/\/x.com\/puntodincontro","https:\/\/www.instagram.com\/puntodincontro.mx\/","https:\/\/www.linkedin.com\/company\/puntodincontro\/","https:\/\/www.youtube.com\/c\/puntodincontromessico","https:\/\/www.patreon.com\/puntodincontro","https:\/\/www.threads.net\/@puntodincontro.mx"]},{"@type":"Person","@id":"https:\/\/puntodincontro.mx\/#\/schema\/person\/d3066d18a16259cbb0c29b0d0e93b556","name":"Puntodincontro","image":{"@type":"ImageObject","inLanguage":"es","@id":"https:\/\/puntodincontro.mx\/#\/schema\/person\/image\/","url":"https:\/\/secure.gravatar.com\/avatar\/0e85b4b3b5e9d6bfcec6a4956d8cc63a?s=96&d=mm&r=g","contentUrl":"https:\/\/secure.gravatar.com\/avatar\/0e85b4b3b5e9d6bfcec6a4956d8cc63a?s=96&d=mm&r=g","caption":"Puntodincontro"},"url":"https:\/\/puntodincontro.mx\/es\/author\/puntodincontro\/"}]}},"_links":{"self":[{"href":"https:\/\/puntodincontro.mx\/es\/wp-json\/wp\/v2\/posts\/13614"}],"collection":[{"href":"https:\/\/puntodincontro.mx\/es\/wp-json\/wp\/v2\/posts"}],"about":[{"href":"https:\/\/puntodincontro.mx\/es\/wp-json\/wp\/v2\/types\/post"}],"author":[{"embeddable":true,"href":"https:\/\/puntodincontro.mx\/es\/wp-json\/wp\/v2\/users\/2"}],"replies":[{"embeddable":true,"href":"https:\/\/puntodincontro.mx\/es\/wp-json\/wp\/v2\/comments?post=13614"}],"version-history":[{"count":12,"href":"https:\/\/puntodincontro.mx\/es\/wp-json\/wp\/v2\/posts\/13614\/revisions"}],"predecessor-version":[{"id":13629,"href":"https:\/\/puntodincontro.mx\/es\/wp-json\/wp\/v2\/posts\/13614\/revisions\/13629"}],"wp:featuredmedia":[{"embeddable":true,"href":"https:\/\/puntodincontro.mx\/es\/wp-json\/wp\/v2\/media\/13622"}],"wp:attachment":[{"href":"https:\/\/puntodincontro.mx\/es\/wp-json\/wp\/v2\/media?parent=13614"}],"wp:term":[{"taxonomy":"category","embeddable":true,"href":"https:\/\/puntodincontro.mx\/es\/wp-json\/wp\/v2\/categories?post=13614"},{"taxonomy":"post_tag","embeddable":true,"href":"https:\/\/puntodincontro.mx\/es\/wp-json\/wp\/v2\/tags?post=13614"}],"curies":[{"name":"wp","href":"https:\/\/api.w.org\/{rel}","templated":true}]}}