{"id":1368,"date":"2021-10-23T09:04:04","date_gmt":"2021-10-23T14:04:04","guid":{"rendered":"https:\/\/puntodincontro.mx\/?p=1368"},"modified":"2021-10-29T07:44:17","modified_gmt":"2021-10-29T12:44:17","slug":"pasta-consumo-anual-per-capita-italia-23-kg-mexico-11-kg","status":"publish","type":"post","link":"https:\/\/puntodincontro.mx\/es\/2021\/10\/23\/pasta-consumo-annuo-pro-capite-italia-23-kg-messico-11-kg\/","title":{"rendered":"Pasta, consumo anual per c\u00e1pita: Italia 23 kg, M\u00e9xico 11 kg"},"content":{"rendered":"<p class=\"translation-block\"><strong>08:27 hrs.<\/strong> \u2013 En 10 a\u00f1os, en el per\u00edodo 2010-2020, el consumo de pasta en el mundo se duplic\u00f3, pasando de casi 9 a alrededor de 17 millones de toneladas por a\u00f1o. Lo revela Unione Italiana Food que, con motivo del D\u00eda Mundial de la Pasta el 25 de octubre, anuncia las cifras y tendencias del platillo s\u00edmbolo de la cocina italiana, reportando tambi\u00e9n niveles de demanda mundial por encima de los datos prepand\u00e9micos. Italia se mantiene en el primer lugar en producci\u00f3n (3.9 millones de toneladas) y exportaciones (2.4 millones de toneladas).<\/p>\n\n\n\n<p>El <em>World Pasta Day<\/em> fue creado por los productores de este alimento para promover su consumo. El 25 de octubre de hace 26 a\u00f1os se celebr\u00f3 en Roma su primer congreso mundial y tres a\u00f1os despu\u00e9s se estableci\u00f3 la recurrencia.<\/p>\n\n\n\n<p class=\"translation-block\">Cada italiano ingiere 23 kg de pasta al a\u00f1o, por delante los habitantes de T\u00fanez (17 kg), Venezuela (15 kg) y Grecia (12,2 kg). Seg\u00fan Kantar Group, empresa de an\u00e1lisis y consultor\u00eda con sede en Londres, el consumo per c\u00e1pita en M\u00e9xico es de 11 kg anuales y en 2020 el pa\u00eds latinoamericano registr\u00f3 su mayor crecimiento en el consumo de este alimento: +20,9%. El portal <a href=\"https:\/\/saboraitaliamx.com\/noticias\/consumo-de-pasta-en-mexico\/\" target=\"_blank\" rel=\"noreferrer noopener\">Sabor a Italia MX de la C\u00e1mara de Comercio Italiana en M\u00e9xico<\/a> reporta cifras de importaci\u00f3n en esta naci\u00f3n latina correspondientes a 2020 de 29 millones de d\u00f3lares para el rubro 1902 \u00abpastas alimenticias\u00bb, con Italia en segundo lugar en la lista de proveedores (8 millones de d\u00f3lares).<\/p>\n\n\n\n<p>En general, 1 de cada 4 platos de pasta que se consumen en el mundo es italiano y, con 3.9 millones de toneladas producidas por las f\u00e1bricas de pasta en el Bel Paese, Italia se confirma como l\u00edder mundial por delante de Estados Unidos, Turqu\u00eda, Egipto y Brasil.<\/p>\n\n\n\n<p>M\u00e1s de la mitad de la producci\u00f3n italiana (62%) termina en el extranjero. Los pa\u00edses donde Italia exporta m\u00e1s son Alemania, Reino Unido, Estados Unidos, Francia y Jap\u00f3n. En comparaci\u00f3n con el per\u00edodo enero-julio de 2020, las ventas al exterior de pasta italiana en los primeros 7 meses de 2021 marcaron una disminuci\u00f3n del 9.4% en valor, pero la comparaci\u00f3n con los datos del mismo per\u00edodo de 2019 arroja un +13%.<\/p>\n\n\n\n<p>En cuanto al crecimiento de los vol\u00famenes de exportaci\u00f3n, los cinco mercados m\u00e1s estrat\u00e9gicos para Italia son Alemania (+6%), Francia (+2%), Jap\u00f3n (+4%) y sobre todo Estados Unidos (+10%).), mientras que el \u00fanico signo negativo respecto a 2019 proviene del Reino Unido (-4%), consecuencia del Brexit.<\/p>\n\n\n\n<p>El sector de la pasta en Italia cuenta con casi 120 empresas, m\u00e1s de 10,200 empleados y genera un valor de 5,600 millones de euros.<\/p>\n\n\n\n<div style=\"height:12px\" aria-hidden=\"true\" class=\"wp-block-spacer\"><\/div>","protected":false},"excerpt":{"rendered":"<p>Ore 08.27 &#8211; \u00c8 raddoppiato in 10 anni, nel periodo 2010-2020, il consumo di pasta nel mondo, passando da quasi 9 a circa 17 milioni di tonnellate annue. Lo rivela Unione Italiana Food che, in occasione della Giornata mondiale della pasta del 25 ottobre, rende noti numeri e tendenze del piatto simbolo della cucina italiana e ne certifica un gradimento superiore ai livelli pre-pandemia. L&#8217;Italia resta al primo posto per produzione (3,9 milioni di tonnellate) ed esportazioni (2,4 milioni di tonnellate). Il World Pasta Day \u00e8 stato ideato dai produttori di questo alimento per promuoverne il consumo. Il 25 ottobre&#8230; <\/p>","protected":false},"author":2,"featured_media":1370,"comment_status":"open","ping_status":"open","sticky":false,"template":"","format":"standard","meta":{"_monsterinsights_skip_tracking":false,"_monsterinsights_sitenote_active":false,"_monsterinsights_sitenote_note":"","_monsterinsights_sitenote_category":0,"footnotes":""},"categories":[3],"tags":[],"class_list":["post-1368","post","type-post","status-publish","format-standard","has-post-thumbnail","hentry","category-economia-e-finanza"],"yoast_head":"<!-- This site is optimized with the Yoast SEO Premium plugin v18.4 (Yoast SEO v25.6) - https:\/\/yoast.com\/wordpress\/plugins\/seo\/ -->\n<title>Pasta, consumo annuo pro capite: Italia 23 kg, Messico 11 kg Puntodincontro<\/title>\n<meta name=\"description\" content=\"\u00c8 raddoppiato in 10 anni, nel periodo 2010-2020, il consumo di pasta nel mondo, passando da quasi 9 a circa 17 milioni di tonnellate annue. Lo rivela Unione Italiana Food che, in occasione della Giornata mondiale della pasta del 25 ottobre, rende noti numeri e tendenze del piatto simbolo della cucina italiana e ne certifica un gradimento superiore ai livelli pre-pandemia. L&#039;Italia resta al primo posto per produzione (3,9 milioni di tonnellate) ed esportazioni (2,4 milioni di tonnellate).\" \/>\n<meta name=\"robots\" content=\"index, follow, max-snippet:-1, max-image-preview:large, max-video-preview:-1\" \/>\n<link rel=\"canonical\" href=\"https:\/\/puntodincontro.mx\/es\/2021\/10\/23\/pasta-consumo-anual-per-capita-italia-23-kg-mexico-11-kg\/\" \/>\n<meta property=\"og:locale\" content=\"es_MX\" \/>\n<meta property=\"og:type\" content=\"article\" \/>\n<meta property=\"og:title\" content=\"Pasta, consumo annuo pro capite: Italia 23 kg, Messico 11 kg\" \/>\n<meta property=\"og:description\" content=\"\u00c8 raddoppiato in 10 anni, nel periodo 2010-2020, il consumo di pasta nel mondo, passando da quasi 9 a circa 17 milioni di tonnellate annue. Lo rivela Unione Italiana Food che, in occasione della Giornata mondiale della pasta del 25 ottobre, rende noti numeri e tendenze del piatto simbolo della cucina italiana e ne certifica un gradimento superiore ai livelli pre-pandemia. L&#039;Italia resta al primo posto per produzione (3,9 milioni di tonnellate) ed esportazioni (2,4 milioni di tonnellate).\" \/>\n<meta property=\"og:url\" content=\"https:\/\/puntodincontro.mx\/es\/2021\/10\/23\/pasta-consumo-anual-per-capita-italia-23-kg-mexico-11-kg\/\" \/>\n<meta property=\"og:site_name\" content=\"Puntodincontro\" \/>\n<meta property=\"article:publisher\" content=\"https:\/\/www.facebook.com\/puntodincontro.mx\" \/>\n<meta property=\"article:published_time\" content=\"2021-10-23T14:04:04+00:00\" \/>\n<meta property=\"article:modified_time\" content=\"2021-10-29T12:44:17+00:00\" \/>\n<meta property=\"og:image\" content=\"https:\/\/puntodincontro.mx\/wp-content\/uploads\/2021\/10\/giornatamondialedellapastavert.webp\" \/>\n\t<meta property=\"og:image:width\" content=\"423\" \/>\n\t<meta property=\"og:image:height\" content=\"488\" \/>\n\t<meta property=\"og:image:type\" content=\"image\/webp\" \/>\n<meta name=\"author\" content=\"Puntodincontro\" \/>\n<meta name=\"twitter:card\" content=\"summary_large_image\" \/>\n<meta name=\"twitter:creator\" content=\"@puntodincontro\" \/>\n<meta name=\"twitter:site\" content=\"@puntodincontro\" \/>\n<meta name=\"twitter:label1\" content=\"Escrito por\" \/>\n\t<meta name=\"twitter:data1\" content=\"Puntodincontro\" \/>\n\t<meta name=\"twitter:label2\" content=\"Tiempo de lectura\" \/>\n\t<meta name=\"twitter:data2\" content=\"2 minutos\" \/>\n<script type=\"application\/ld+json\" class=\"yoast-schema-graph\">{\"@context\":\"https:\/\/schema.org\",\"@graph\":[{\"@type\":\"NewsArticle\",\"@id\":\"https:\/\/puntodincontro.mx\/2021\/10\/23\/pasta-consumo-annuo-pro-capite-italia-23-kg-messico-11-kg\/#article\",\"isPartOf\":{\"@id\":\"https:\/\/puntodincontro.mx\/2021\/10\/23\/pasta-consumo-annuo-pro-capite-italia-23-kg-messico-11-kg\/\"},\"author\":{\"name\":\"Puntodincontro\",\"@id\":\"https:\/\/puntodincontro.mx\/#\/schema\/person\/d3066d18a16259cbb0c29b0d0e93b556\"},\"headline\":\"Pasta, consumo annuo pro capite: Italia 23 kg, Messico 11 kg\",\"datePublished\":\"2021-10-23T14:04:04+00:00\",\"dateModified\":\"2021-10-29T12:44:17+00:00\",\"mainEntityOfPage\":{\"@id\":\"https:\/\/puntodincontro.mx\/2021\/10\/23\/pasta-consumo-annuo-pro-capite-italia-23-kg-messico-11-kg\/\"},\"wordCount\":386,\"commentCount\":1,\"publisher\":{\"@id\":\"https:\/\/puntodincontro.mx\/#organization\"},\"image\":{\"@id\":\"https:\/\/puntodincontro.mx\/2021\/10\/23\/pasta-consumo-annuo-pro-capite-italia-23-kg-messico-11-kg\/#primaryimage\"},\"thumbnailUrl\":\"https:\/\/puntodincontro.mx\/wp-content\/uploads\/2021\/10\/giornatamondialedellapastavert.webp\",\"articleSection\":[\"Economia e finanza\"],\"inLanguage\":\"es\",\"potentialAction\":[{\"@type\":\"CommentAction\",\"name\":\"Comment\",\"target\":[\"https:\/\/puntodincontro.mx\/2021\/10\/23\/pasta-consumo-annuo-pro-capite-italia-23-kg-messico-11-kg\/#respond\"]}]},{\"@type\":\"WebPage\",\"@id\":\"https:\/\/puntodincontro.mx\/2021\/10\/23\/pasta-consumo-annuo-pro-capite-italia-23-kg-messico-11-kg\/\",\"url\":\"https:\/\/puntodincontro.mx\/2021\/10\/23\/pasta-consumo-annuo-pro-capite-italia-23-kg-messico-11-kg\/\",\"name\":\"Pasta, consumo annuo pro capite: Italia 23 kg, Messico 11 kg Puntodincontro\",\"isPartOf\":{\"@id\":\"https:\/\/puntodincontro.mx\/#website\"},\"primaryImageOfPage\":{\"@id\":\"https:\/\/puntodincontro.mx\/2021\/10\/23\/pasta-consumo-annuo-pro-capite-italia-23-kg-messico-11-kg\/#primaryimage\"},\"image\":{\"@id\":\"https:\/\/puntodincontro.mx\/2021\/10\/23\/pasta-consumo-annuo-pro-capite-italia-23-kg-messico-11-kg\/#primaryimage\"},\"thumbnailUrl\":\"https:\/\/puntodincontro.mx\/wp-content\/uploads\/2021\/10\/giornatamondialedellapastavert.webp\",\"datePublished\":\"2021-10-23T14:04:04+00:00\",\"dateModified\":\"2021-10-29T12:44:17+00:00\",\"description\":\"\u00c8 raddoppiato in 10 anni, nel periodo 2010-2020, il consumo di pasta nel mondo, passando da quasi 9 a circa 17 milioni di tonnellate annue. Lo rivela Unione Italiana Food che, in occasione della Giornata mondiale della pasta del 25 ottobre, rende noti numeri e tendenze del piatto simbolo della cucina italiana e ne certifica un gradimento superiore ai livelli pre-pandemia. L'Italia resta al primo posto per produzione (3,9 milioni di tonnellate) ed esportazioni (2,4 milioni di tonnellate).\",\"breadcrumb\":{\"@id\":\"https:\/\/puntodincontro.mx\/2021\/10\/23\/pasta-consumo-annuo-pro-capite-italia-23-kg-messico-11-kg\/#breadcrumb\"},\"inLanguage\":\"es\",\"potentialAction\":[{\"@type\":\"ReadAction\",\"target\":[\"https:\/\/puntodincontro.mx\/2021\/10\/23\/pasta-consumo-annuo-pro-capite-italia-23-kg-messico-11-kg\/\"]}]},{\"@type\":\"ImageObject\",\"inLanguage\":\"es\",\"@id\":\"https:\/\/puntodincontro.mx\/2021\/10\/23\/pasta-consumo-annuo-pro-capite-italia-23-kg-messico-11-kg\/#primaryimage\",\"url\":\"https:\/\/puntodincontro.mx\/wp-content\/uploads\/2021\/10\/giornatamondialedellapastavert.webp\",\"contentUrl\":\"https:\/\/puntodincontro.mx\/wp-content\/uploads\/2021\/10\/giornatamondialedellapastavert.webp\",\"width\":423,\"height\":488},{\"@type\":\"BreadcrumbList\",\"@id\":\"https:\/\/puntodincontro.mx\/2021\/10\/23\/pasta-consumo-annuo-pro-capite-italia-23-kg-messico-11-kg\/#breadcrumb\",\"itemListElement\":[{\"@type\":\"ListItem\",\"position\":1,\"name\":\"Home\",\"item\":\"https:\/\/puntodincontro.mx\/\"},{\"@type\":\"ListItem\",\"position\":2,\"name\":\"Pasta, consumo annuo pro capite: Italia 23 kg, Messico 11 kg\"}]},{\"@type\":\"WebSite\",\"@id\":\"https:\/\/puntodincontro.mx\/#website\",\"url\":\"https:\/\/puntodincontro.mx\/\",\"name\":\"Puntodincontro\",\"description\":\"Dal 2006 notizie sui rapporti Italia-Messico \/ Desde 2006 noticias sobre las relaciones entre Italia y M\u00e9xico\",\"publisher\":{\"@id\":\"https:\/\/puntodincontro.mx\/#organization\"},\"potentialAction\":[{\"@type\":\"SearchAction\",\"target\":{\"@type\":\"EntryPoint\",\"urlTemplate\":\"https:\/\/puntodincontro.mx\/?s={search_term_string}\"},\"query-input\":{\"@type\":\"PropertyValueSpecification\",\"valueRequired\":true,\"valueName\":\"search_term_string\"}}],\"inLanguage\":\"es\"},{\"@type\":\"Organization\",\"@id\":\"https:\/\/puntodincontro.mx\/#organization\",\"name\":\"Puntodincontro\",\"url\":\"https:\/\/puntodincontro.mx\/\",\"logo\":{\"@type\":\"ImageObject\",\"inLanguage\":\"es\",\"@id\":\"https:\/\/puntodincontro.mx\/#\/schema\/logo\/image\/\",\"url\":\"https:\/\/puntodincontro.mx\/wp-content\/uploads\/2021\/08\/Default-image-for-open-graph-settings.jpg\",\"contentUrl\":\"https:\/\/puntodincontro.mx\/wp-content\/uploads\/2021\/08\/Default-image-for-open-graph-settings.jpg\",\"width\":1200,\"height\":630,\"caption\":\"Puntodincontro\"},\"image\":{\"@id\":\"https:\/\/puntodincontro.mx\/#\/schema\/logo\/image\/\"},\"sameAs\":[\"https:\/\/www.facebook.com\/puntodincontro.mx\",\"https:\/\/x.com\/puntodincontro\",\"https:\/\/www.instagram.com\/puntodincontro.mx\/\",\"https:\/\/www.linkedin.com\/company\/puntodincontro\/\",\"https:\/\/www.youtube.com\/c\/puntodincontromessico\",\"https:\/\/www.patreon.com\/puntodincontro\",\"https:\/\/www.threads.net\/@puntodincontro.mx\"]},{\"@type\":\"Person\",\"@id\":\"https:\/\/puntodincontro.mx\/#\/schema\/person\/d3066d18a16259cbb0c29b0d0e93b556\",\"name\":\"Puntodincontro\",\"image\":{\"@type\":\"ImageObject\",\"inLanguage\":\"es\",\"@id\":\"https:\/\/puntodincontro.mx\/#\/schema\/person\/image\/\",\"url\":\"https:\/\/secure.gravatar.com\/avatar\/0e85b4b3b5e9d6bfcec6a4956d8cc63a?s=96&d=mm&r=g\",\"contentUrl\":\"https:\/\/secure.gravatar.com\/avatar\/0e85b4b3b5e9d6bfcec6a4956d8cc63a?s=96&d=mm&r=g\",\"caption\":\"Puntodincontro\"},\"url\":\"https:\/\/puntodincontro.mx\/es\/author\/puntodincontro\/\"}]}<\/script>\n<!-- \/ Yoast SEO Premium plugin. -->","yoast_head_json":{"title":"Pasta, consumo annuo pro capite: Italia 23 kg, Messico 11 kg Puntodincontro","description":"\u00c8 raddoppiato in 10 anni, nel periodo 2010-2020, il consumo di pasta nel mondo, passando da quasi 9 a circa 17 milioni di tonnellate annue. Lo rivela Unione Italiana Food che, in occasione della Giornata mondiale della pasta del 25 ottobre, rende noti numeri e tendenze del piatto simbolo della cucina italiana e ne certifica un gradimento superiore ai livelli pre-pandemia. L'Italia resta al primo posto per produzione (3,9 milioni di tonnellate) ed esportazioni (2,4 milioni di tonnellate).","robots":{"index":"index","follow":"follow","max-snippet":"max-snippet:-1","max-image-preview":"max-image-preview:large","max-video-preview":"max-video-preview:-1"},"canonical":"https:\/\/puntodincontro.mx\/es\/2021\/10\/23\/pasta-consumo-anual-per-capita-italia-23-kg-mexico-11-kg\/","og_locale":"es_MX","og_type":"article","og_title":"Pasta, consumo annuo pro capite: Italia 23 kg, Messico 11 kg","og_description":"\u00c8 raddoppiato in 10 anni, nel periodo 2010-2020, il consumo di pasta nel mondo, passando da quasi 9 a circa 17 milioni di tonnellate annue. Lo rivela Unione Italiana Food che, in occasione della Giornata mondiale della pasta del 25 ottobre, rende noti numeri e tendenze del piatto simbolo della cucina italiana e ne certifica un gradimento superiore ai livelli pre-pandemia. L'Italia resta al primo posto per produzione (3,9 milioni di tonnellate) ed esportazioni (2,4 milioni di tonnellate).","og_url":"https:\/\/puntodincontro.mx\/es\/2021\/10\/23\/pasta-consumo-anual-per-capita-italia-23-kg-mexico-11-kg\/","og_site_name":"Puntodincontro","article_publisher":"https:\/\/www.facebook.com\/puntodincontro.mx","article_published_time":"2021-10-23T14:04:04+00:00","article_modified_time":"2021-10-29T12:44:17+00:00","og_image":[{"width":423,"height":488,"url":"https:\/\/puntodincontro.mx\/wp-content\/uploads\/2021\/10\/giornatamondialedellapastavert.webp","type":"image\/webp"}],"author":"Puntodincontro","twitter_card":"summary_large_image","twitter_creator":"@puntodincontro","twitter_site":"@puntodincontro","twitter_misc":{"Escrito por":"Puntodincontro","Tiempo de lectura":"2 minutos"},"schema":{"@context":"https:\/\/schema.org","@graph":[{"@type":"NewsArticle","@id":"https:\/\/puntodincontro.mx\/2021\/10\/23\/pasta-consumo-annuo-pro-capite-italia-23-kg-messico-11-kg\/#article","isPartOf":{"@id":"https:\/\/puntodincontro.mx\/2021\/10\/23\/pasta-consumo-annuo-pro-capite-italia-23-kg-messico-11-kg\/"},"author":{"name":"Puntodincontro","@id":"https:\/\/puntodincontro.mx\/#\/schema\/person\/d3066d18a16259cbb0c29b0d0e93b556"},"headline":"Pasta, consumo annuo pro capite: Italia 23 kg, Messico 11 kg","datePublished":"2021-10-23T14:04:04+00:00","dateModified":"2021-10-29T12:44:17+00:00","mainEntityOfPage":{"@id":"https:\/\/puntodincontro.mx\/2021\/10\/23\/pasta-consumo-annuo-pro-capite-italia-23-kg-messico-11-kg\/"},"wordCount":386,"commentCount":1,"publisher":{"@id":"https:\/\/puntodincontro.mx\/#organization"},"image":{"@id":"https:\/\/puntodincontro.mx\/2021\/10\/23\/pasta-consumo-annuo-pro-capite-italia-23-kg-messico-11-kg\/#primaryimage"},"thumbnailUrl":"https:\/\/puntodincontro.mx\/wp-content\/uploads\/2021\/10\/giornatamondialedellapastavert.webp","articleSection":["Economia e finanza"],"inLanguage":"es","potentialAction":[{"@type":"CommentAction","name":"Comment","target":["https:\/\/puntodincontro.mx\/2021\/10\/23\/pasta-consumo-annuo-pro-capite-italia-23-kg-messico-11-kg\/#respond"]}]},{"@type":"WebPage","@id":"https:\/\/puntodincontro.mx\/2021\/10\/23\/pasta-consumo-annuo-pro-capite-italia-23-kg-messico-11-kg\/","url":"https:\/\/puntodincontro.mx\/2021\/10\/23\/pasta-consumo-annuo-pro-capite-italia-23-kg-messico-11-kg\/","name":"Pasta, consumo annuo pro capite: Italia 23 kg, Messico 11 kg Puntodincontro","isPartOf":{"@id":"https:\/\/puntodincontro.mx\/#website"},"primaryImageOfPage":{"@id":"https:\/\/puntodincontro.mx\/2021\/10\/23\/pasta-consumo-annuo-pro-capite-italia-23-kg-messico-11-kg\/#primaryimage"},"image":{"@id":"https:\/\/puntodincontro.mx\/2021\/10\/23\/pasta-consumo-annuo-pro-capite-italia-23-kg-messico-11-kg\/#primaryimage"},"thumbnailUrl":"https:\/\/puntodincontro.mx\/wp-content\/uploads\/2021\/10\/giornatamondialedellapastavert.webp","datePublished":"2021-10-23T14:04:04+00:00","dateModified":"2021-10-29T12:44:17+00:00","description":"\u00c8 raddoppiato in 10 anni, nel periodo 2010-2020, il consumo di pasta nel mondo, passando da quasi 9 a circa 17 milioni di tonnellate annue. Lo rivela Unione Italiana Food che, in occasione della Giornata mondiale della pasta del 25 ottobre, rende noti numeri e tendenze del piatto simbolo della cucina italiana e ne certifica un gradimento superiore ai livelli pre-pandemia. L'Italia resta al primo posto per produzione (3,9 milioni di tonnellate) ed esportazioni (2,4 milioni di tonnellate).","breadcrumb":{"@id":"https:\/\/puntodincontro.mx\/2021\/10\/23\/pasta-consumo-annuo-pro-capite-italia-23-kg-messico-11-kg\/#breadcrumb"},"inLanguage":"es","potentialAction":[{"@type":"ReadAction","target":["https:\/\/puntodincontro.mx\/2021\/10\/23\/pasta-consumo-annuo-pro-capite-italia-23-kg-messico-11-kg\/"]}]},{"@type":"ImageObject","inLanguage":"es","@id":"https:\/\/puntodincontro.mx\/2021\/10\/23\/pasta-consumo-annuo-pro-capite-italia-23-kg-messico-11-kg\/#primaryimage","url":"https:\/\/puntodincontro.mx\/wp-content\/uploads\/2021\/10\/giornatamondialedellapastavert.webp","contentUrl":"https:\/\/puntodincontro.mx\/wp-content\/uploads\/2021\/10\/giornatamondialedellapastavert.webp","width":423,"height":488},{"@type":"BreadcrumbList","@id":"https:\/\/puntodincontro.mx\/2021\/10\/23\/pasta-consumo-annuo-pro-capite-italia-23-kg-messico-11-kg\/#breadcrumb","itemListElement":[{"@type":"ListItem","position":1,"name":"Home","item":"https:\/\/puntodincontro.mx\/"},{"@type":"ListItem","position":2,"name":"Pasta, consumo annuo pro capite: Italia 23 kg, Messico 11 kg"}]},{"@type":"WebSite","@id":"https:\/\/puntodincontro.mx\/#website","url":"https:\/\/puntodincontro.mx\/","name":"Puntodincontro","description":"Desde el 2006 noticias sobre las relaciones entre Italia y M\u00e9xico \/ Dal 2006 notizie sui rapporti Italia-Messico","publisher":{"@id":"https:\/\/puntodincontro.mx\/#organization"},"potentialAction":[{"@type":"SearchAction","target":{"@type":"EntryPoint","urlTemplate":"https:\/\/puntodincontro.mx\/?s={search_term_string}"},"query-input":{"@type":"PropertyValueSpecification","valueRequired":true,"valueName":"search_term_string"}}],"inLanguage":"es"},{"@type":"Organization","@id":"https:\/\/puntodincontro.mx\/#organization","name":"Puntodincontro","url":"https:\/\/puntodincontro.mx\/","logo":{"@type":"ImageObject","inLanguage":"es","@id":"https:\/\/puntodincontro.mx\/#\/schema\/logo\/image\/","url":"https:\/\/puntodincontro.mx\/wp-content\/uploads\/2021\/08\/Default-image-for-open-graph-settings.jpg","contentUrl":"https:\/\/puntodincontro.mx\/wp-content\/uploads\/2021\/08\/Default-image-for-open-graph-settings.jpg","width":1200,"height":630,"caption":"Puntodincontro"},"image":{"@id":"https:\/\/puntodincontro.mx\/#\/schema\/logo\/image\/"},"sameAs":["https:\/\/www.facebook.com\/puntodincontro.mx","https:\/\/x.com\/puntodincontro","https:\/\/www.instagram.com\/puntodincontro.mx\/","https:\/\/www.linkedin.com\/company\/puntodincontro\/","https:\/\/www.youtube.com\/c\/puntodincontromessico","https:\/\/www.patreon.com\/puntodincontro","https:\/\/www.threads.net\/@puntodincontro.mx"]},{"@type":"Person","@id":"https:\/\/puntodincontro.mx\/#\/schema\/person\/d3066d18a16259cbb0c29b0d0e93b556","name":"Puntodincontro","image":{"@type":"ImageObject","inLanguage":"es","@id":"https:\/\/puntodincontro.mx\/#\/schema\/person\/image\/","url":"https:\/\/secure.gravatar.com\/avatar\/0e85b4b3b5e9d6bfcec6a4956d8cc63a?s=96&d=mm&r=g","contentUrl":"https:\/\/secure.gravatar.com\/avatar\/0e85b4b3b5e9d6bfcec6a4956d8cc63a?s=96&d=mm&r=g","caption":"Puntodincontro"},"url":"https:\/\/puntodincontro.mx\/es\/author\/puntodincontro\/"}]}},"_links":{"self":[{"href":"https:\/\/puntodincontro.mx\/es\/wp-json\/wp\/v2\/posts\/1368"}],"collection":[{"href":"https:\/\/puntodincontro.mx\/es\/wp-json\/wp\/v2\/posts"}],"about":[{"href":"https:\/\/puntodincontro.mx\/es\/wp-json\/wp\/v2\/types\/post"}],"author":[{"embeddable":true,"href":"https:\/\/puntodincontro.mx\/es\/wp-json\/wp\/v2\/users\/2"}],"replies":[{"embeddable":true,"href":"https:\/\/puntodincontro.mx\/es\/wp-json\/wp\/v2\/comments?post=1368"}],"version-history":[{"count":6,"href":"https:\/\/puntodincontro.mx\/es\/wp-json\/wp\/v2\/posts\/1368\/revisions"}],"predecessor-version":[{"id":1537,"href":"https:\/\/puntodincontro.mx\/es\/wp-json\/wp\/v2\/posts\/1368\/revisions\/1537"}],"wp:featuredmedia":[{"embeddable":true,"href":"https:\/\/puntodincontro.mx\/es\/wp-json\/wp\/v2\/media\/1370"}],"wp:attachment":[{"href":"https:\/\/puntodincontro.mx\/es\/wp-json\/wp\/v2\/media?parent=1368"}],"wp:term":[{"taxonomy":"category","embeddable":true,"href":"https:\/\/puntodincontro.mx\/es\/wp-json\/wp\/v2\/categories?post=1368"},{"taxonomy":"post_tag","embeddable":true,"href":"https:\/\/puntodincontro.mx\/es\/wp-json\/wp\/v2\/tags?post=1368"}],"curies":[{"name":"wp","href":"https:\/\/api.w.org\/{rel}","templated":true}]}}