{"id":1390,"date":"2021-10-24T12:13:50","date_gmt":"2021-10-24T17:13:50","guid":{"rendered":"https:\/\/puntodincontro.mx\/?p=1390"},"modified":"2021-10-29T07:42:37","modified_gmt":"2021-10-29T12:42:37","slug":"inicia-el-25-de-octubre-la-x-conferencia-italia-america-latina-y-caribe","status":"publish","type":"post","link":"https:\/\/puntodincontro.mx\/es\/2021\/10\/24\/inizia-il-25-ottobre-la-x-conferenza-italia-america-latina-e-caraibi\/","title":{"rendered":"Inicia el 25 de octubre la X conferencia Italia-Am\u00e9rica Latina y Caribe"},"content":{"rendered":"<p class=\"translation-block\"><strong>Ore 12.02<\/strong> \u2013 La X Conferencia Italia-Am\u00e9rica Latina y el Caribe se llevar\u00e1 a cabo el lunes 25 y martes 26 de octubre en el Hotel Cavalieri de Roma (en la foto), con el tema \u201cPersonas, planeta y prosperidad. El futuro de una asociaci\u00f3n antigua\u201d y ser\u00e1 presidida por el ministro de Asuntos Exteriores y Cooperaci\u00f3n Internacional de Italia, Luigi Di Maio.<\/p>\n\n\n\n<p>Se reunir\u00e1n cancilleres de pa\u00edses de Am\u00e9rica Latina y el Caribe, representantes de embajadas, t\u00e9cnicos, expertos y representantes institucionales. Las conferencias Italia-Am\u00e9rica Latina y el Caribe se han consolidado como una cita bienal organizada por el Ministerio de Relaciones Exteriores y Cooperaci\u00f3n Internacional (MAECI) en colaboraci\u00f3n con la Organizaci\u00f3n Internacional \u00cdtalo-Latinoamericana (IILA).<\/p>\n\n\n\n<p>La cita de este a\u00f1o tiene como objetivo permitir que la presidencia italiana recaude contribuciones de los socios de Am\u00e9rica Latina y el Caribe de cara a la cumbre de l\u00edderes del G20 a finales de octubre. Por este motivo, la reuni\u00f3n girar\u00e1 en torno a las mismas prioridades identificadas para el G20: la promoci\u00f3n de pol\u00edticas inclusivas y centradas en las personas, la protecci\u00f3n del medio ambiente y el crecimiento econ\u00f3mico sostenible.<\/p>\n\n\n\n<p>La tarde del 25 de octubre tambi\u00e9n se llevar\u00e1 a cabo un acto especial dedicado a la presentaci\u00f3n de los resultados del \u201cPrograma Falcone - Borsellino\u201d. Financiado por el MAECI y ejecutado por el IILA, \u200b\u200besta iniciativa representa el punto m\u00e1s avanzado de la diplomacia jur\u00eddica italiana en su componente de asistencia t\u00e9cnica internacional. Participar\u00e1n el ministro de Asuntos Exteriores y Cooperaci\u00f3n Internacional, Luigi Di Maio, la ministra del Interior, Luciana Lamorgese, la ministra de Justicia, Marta Cartabia y la viceministra de Asuntos Exteriores, Marina Sereni, as\u00ed como ministros y autoridades judiciales latinoamericanas, el fiscal nacional antimafia y representantes de la sociedad civil.<\/p>\n\n\n\n<p>En la ma\u00f1ana del 26 de octubre, el ministro Luigi Di Maio hablar\u00e1 en la sesi\u00f3n plenaria inaugural de la conferencia, seguido de los discursos de los ministros de Relaciones Exteriores de los pa\u00edses de Am\u00e9rica Latina y el Caribe.<\/p>\n\n\n\n<p>Los trabajos se dividir\u00e1n en 3 paneles tem\u00e1ticos contextuales. La \u00faltima sesi\u00f3n plenaria ser\u00e1 clausurada por la viceministra Sereni.<\/p>\n\n\n\n<p><strong>Algunos datos sobre la relaci\u00f3n entre Italia y Am\u00e9rica Latina<\/strong><\/p>\n\n\n\n<p>A finales de 2020, la inversi\u00f3n directa de Italia en Am\u00e9rica Latina ascend\u00eda a 33,252 miles de millones de euros, de los cuales 14,024 en Brasil, 9,144 en Chile, 2,875 en M\u00e9xico y 2,582 en Argentina.<\/p>\n\n\n\n<p>Los descendientes de italianos en el subcontinente son aproximadamente 60 millones y \u2014a finales del a\u00f1o pasado\u2014, con 11 institutos Italianos de Cultura presentes en los 46 pa\u00edses y territorios de esta regi\u00f3n, 225,366 personas segu\u00edan cursos de lengua italiana, una de las m\u00e1s estudiadas en el mundo.<\/p>\n\n\n\n<div style=\"height:12px\" aria-hidden=\"true\" class=\"wp-block-spacer\"><\/div>\n\n\n\n\n\n\n\n<div style=\"height:12px\" aria-hidden=\"true\" class=\"wp-block-spacer\"><\/div>","protected":false},"excerpt":{"rendered":"<p>Ore 12.02 &#8211; Luned\u00ec 25 e marted\u00ec 26 ottobre si terr\u00e0, presso l\u2019Hotel Rome Cavalieri (nella foto), la X Conferenza Italia\u2013America Latina e Caraibi, dal tema \u201cPeople, Planet, Prosperity. Il futuro di un partenariato antico\u201d, che sar\u00e0 presieduta dal ministro degli Affari Esteri e della Cooperazione Internazionale, Luigi Di Maio. La conferenza riunir\u00e0 i ministri degli Esteri di Paesi latinoamericani e caraibici, rappresentanti delle ambasciate, tecnici, esperti ed esponenti istituzionali. Le conferenze Italia\u2013America Latina e Caraibi si sono affermate come un appuntamento a cadenza biennale realizzato dal ministero degli Affari Esteri e della Cooperazione Internazionale (MAECI) in collaborazione con l\u2019Organizzazione&#8230; <\/p>","protected":false},"author":2,"featured_media":1393,"comment_status":"open","ping_status":"open","sticky":false,"template":"","format":"standard","meta":{"_monsterinsights_skip_tracking":false,"_monsterinsights_sitenote_active":false,"_monsterinsights_sitenote_note":"","_monsterinsights_sitenote_category":0,"footnotes":""},"categories":[18],"tags":[],"class_list":["post-1390","post","type-post","status-publish","format-standard","has-post-thumbnail","hentry","category-cronaca"],"yoast_head":"<!-- This site is optimized with the Yoast SEO Premium plugin v18.4 (Yoast SEO v25.6) - https:\/\/yoast.com\/wordpress\/plugins\/seo\/ -->\n<title>Inizia il 25 ottobre la X conferenza Italia\u2013America Latina e Caraibi Puntodincontro<\/title>\n<meta name=\"description\" content=\"Luned\u00ec 25 e marted\u00ec 26 ottobre si terr\u00e0, presso l\u2019Hotel Rome Cavalieri (nella foto), la X Conferenza Italia\u2013America Latina e Caraibi, dal tema \u201cPeople, Planet, Prosperity. Il futuro di un partenariato antico\u201d, che sar\u00e0 presieduta dal ministro degli Affari Esteri e della Cooperazione Internazionale, Luigi Di Maio.\" \/>\n<meta name=\"robots\" content=\"index, follow, max-snippet:-1, max-image-preview:large, max-video-preview:-1\" \/>\n<link rel=\"canonical\" href=\"https:\/\/puntodincontro.mx\/es\/2021\/10\/24\/inicia-el-25-de-octubre-la-x-conferencia-italia-america-latina-y-caribe\/\" \/>\n<meta property=\"og:locale\" content=\"es_MX\" \/>\n<meta property=\"og:type\" content=\"article\" \/>\n<meta property=\"og:title\" content=\"Inizia il 25 ottobre la X conferenza Italia\u2013America Latina e Caraibi\" \/>\n<meta property=\"og:description\" content=\"Luned\u00ec 25 e marted\u00ec 26 ottobre si terr\u00e0, presso l\u2019Hotel Rome Cavalieri (nella foto), la X Conferenza Italia\u2013America Latina e Caraibi, dal tema \u201cPeople, Planet, Prosperity. Il futuro di un partenariato antico\u201d, che sar\u00e0 presieduta dal ministro degli Affari Esteri e della Cooperazione Internazionale, Luigi Di Maio.\" \/>\n<meta property=\"og:url\" content=\"https:\/\/puntodincontro.mx\/es\/2021\/10\/24\/inicia-el-25-de-octubre-la-x-conferencia-italia-america-latina-y-caribe\/\" \/>\n<meta property=\"og:site_name\" content=\"Puntodincontro\" \/>\n<meta property=\"article:publisher\" content=\"https:\/\/www.facebook.com\/puntodincontro.mx\" \/>\n<meta property=\"article:published_time\" content=\"2021-10-24T17:13:50+00:00\" \/>\n<meta property=\"article:modified_time\" content=\"2021-10-29T12:42:37+00:00\" \/>\n<meta property=\"og:image\" content=\"https:\/\/puntodincontro.mx\/wp-content\/uploads\/2021\/10\/conferenzaitaliaamericalatinacaraibivert.webp\" \/>\n\t<meta property=\"og:image:width\" content=\"423\" \/>\n\t<meta property=\"og:image:height\" content=\"488\" \/>\n\t<meta property=\"og:image:type\" content=\"image\/webp\" \/>\n<meta name=\"author\" content=\"Puntodincontro\" \/>\n<meta name=\"twitter:card\" content=\"summary_large_image\" \/>\n<meta name=\"twitter:creator\" content=\"@puntodincontro\" \/>\n<meta name=\"twitter:site\" content=\"@puntodincontro\" \/>\n<meta name=\"twitter:label1\" content=\"Escrito por\" \/>\n\t<meta name=\"twitter:data1\" content=\"Puntodincontro\" \/>\n\t<meta name=\"twitter:label2\" content=\"Tiempo de lectura\" \/>\n\t<meta name=\"twitter:data2\" content=\"2 minutos\" \/>\n<script type=\"application\/ld+json\" class=\"yoast-schema-graph\">{\"@context\":\"https:\/\/schema.org\",\"@graph\":[{\"@type\":\"NewsArticle\",\"@id\":\"https:\/\/puntodincontro.mx\/2021\/10\/24\/inizia-il-25-ottobre-la-x-conferenza-italia-america-latina-e-caraibi\/#article\",\"isPartOf\":{\"@id\":\"https:\/\/puntodincontro.mx\/2021\/10\/24\/inizia-il-25-ottobre-la-x-conferenza-italia-america-latina-e-caraibi\/\"},\"author\":{\"name\":\"Puntodincontro\",\"@id\":\"https:\/\/puntodincontro.mx\/#\/schema\/person\/d3066d18a16259cbb0c29b0d0e93b556\"},\"headline\":\"Inizia il 25 ottobre la X conferenza Italia\u2013America Latina e Caraibi\",\"datePublished\":\"2021-10-24T17:13:50+00:00\",\"dateModified\":\"2021-10-29T12:42:37+00:00\",\"mainEntityOfPage\":{\"@id\":\"https:\/\/puntodincontro.mx\/2021\/10\/24\/inizia-il-25-ottobre-la-x-conferenza-italia-america-latina-e-caraibi\/\"},\"wordCount\":396,\"commentCount\":0,\"publisher\":{\"@id\":\"https:\/\/puntodincontro.mx\/#organization\"},\"image\":{\"@id\":\"https:\/\/puntodincontro.mx\/2021\/10\/24\/inizia-il-25-ottobre-la-x-conferenza-italia-america-latina-e-caraibi\/#primaryimage\"},\"thumbnailUrl\":\"https:\/\/puntodincontro.mx\/wp-content\/uploads\/2021\/10\/conferenzaitaliaamericalatinacaraibivert.webp\",\"articleSection\":[\"Cronaca\"],\"inLanguage\":\"es\",\"potentialAction\":[{\"@type\":\"CommentAction\",\"name\":\"Comment\",\"target\":[\"https:\/\/puntodincontro.mx\/2021\/10\/24\/inizia-il-25-ottobre-la-x-conferenza-italia-america-latina-e-caraibi\/#respond\"]}]},{\"@type\":\"WebPage\",\"@id\":\"https:\/\/puntodincontro.mx\/2021\/10\/24\/inizia-il-25-ottobre-la-x-conferenza-italia-america-latina-e-caraibi\/\",\"url\":\"https:\/\/puntodincontro.mx\/2021\/10\/24\/inizia-il-25-ottobre-la-x-conferenza-italia-america-latina-e-caraibi\/\",\"name\":\"Inizia il 25 ottobre la X conferenza Italia\u2013America Latina e Caraibi Puntodincontro\",\"isPartOf\":{\"@id\":\"https:\/\/puntodincontro.mx\/#website\"},\"primaryImageOfPage\":{\"@id\":\"https:\/\/puntodincontro.mx\/2021\/10\/24\/inizia-il-25-ottobre-la-x-conferenza-italia-america-latina-e-caraibi\/#primaryimage\"},\"image\":{\"@id\":\"https:\/\/puntodincontro.mx\/2021\/10\/24\/inizia-il-25-ottobre-la-x-conferenza-italia-america-latina-e-caraibi\/#primaryimage\"},\"thumbnailUrl\":\"https:\/\/puntodincontro.mx\/wp-content\/uploads\/2021\/10\/conferenzaitaliaamericalatinacaraibivert.webp\",\"datePublished\":\"2021-10-24T17:13:50+00:00\",\"dateModified\":\"2021-10-29T12:42:37+00:00\",\"description\":\"Luned\u00ec 25 e marted\u00ec 26 ottobre si terr\u00e0, presso l\u2019Hotel Rome Cavalieri (nella foto), la X Conferenza Italia\u2013America Latina e Caraibi, dal tema \u201cPeople, Planet, Prosperity. Il futuro di un partenariato antico\u201d, che sar\u00e0 presieduta dal ministro degli Affari Esteri e della Cooperazione Internazionale, Luigi Di Maio.\",\"breadcrumb\":{\"@id\":\"https:\/\/puntodincontro.mx\/2021\/10\/24\/inizia-il-25-ottobre-la-x-conferenza-italia-america-latina-e-caraibi\/#breadcrumb\"},\"inLanguage\":\"es\",\"potentialAction\":[{\"@type\":\"ReadAction\",\"target\":[\"https:\/\/puntodincontro.mx\/2021\/10\/24\/inizia-il-25-ottobre-la-x-conferenza-italia-america-latina-e-caraibi\/\"]}]},{\"@type\":\"ImageObject\",\"inLanguage\":\"es\",\"@id\":\"https:\/\/puntodincontro.mx\/2021\/10\/24\/inizia-il-25-ottobre-la-x-conferenza-italia-america-latina-e-caraibi\/#primaryimage\",\"url\":\"https:\/\/puntodincontro.mx\/wp-content\/uploads\/2021\/10\/conferenzaitaliaamericalatinacaraibivert.webp\",\"contentUrl\":\"https:\/\/puntodincontro.mx\/wp-content\/uploads\/2021\/10\/conferenzaitaliaamericalatinacaraibivert.webp\",\"width\":423,\"height\":488},{\"@type\":\"BreadcrumbList\",\"@id\":\"https:\/\/puntodincontro.mx\/2021\/10\/24\/inizia-il-25-ottobre-la-x-conferenza-italia-america-latina-e-caraibi\/#breadcrumb\",\"itemListElement\":[{\"@type\":\"ListItem\",\"position\":1,\"name\":\"Home\",\"item\":\"https:\/\/puntodincontro.mx\/\"},{\"@type\":\"ListItem\",\"position\":2,\"name\":\"Inizia il 25 ottobre la X conferenza Italia\u2013America Latina e Caraibi\"}]},{\"@type\":\"WebSite\",\"@id\":\"https:\/\/puntodincontro.mx\/#website\",\"url\":\"https:\/\/puntodincontro.mx\/\",\"name\":\"Puntodincontro\",\"description\":\"Dal 2006 notizie sui rapporti Italia-Messico \/ Desde 2006 noticias sobre las relaciones entre Italia y M\u00e9xico\",\"publisher\":{\"@id\":\"https:\/\/puntodincontro.mx\/#organization\"},\"potentialAction\":[{\"@type\":\"SearchAction\",\"target\":{\"@type\":\"EntryPoint\",\"urlTemplate\":\"https:\/\/puntodincontro.mx\/?s={search_term_string}\"},\"query-input\":{\"@type\":\"PropertyValueSpecification\",\"valueRequired\":true,\"valueName\":\"search_term_string\"}}],\"inLanguage\":\"es\"},{\"@type\":\"Organization\",\"@id\":\"https:\/\/puntodincontro.mx\/#organization\",\"name\":\"Puntodincontro\",\"url\":\"https:\/\/puntodincontro.mx\/\",\"logo\":{\"@type\":\"ImageObject\",\"inLanguage\":\"es\",\"@id\":\"https:\/\/puntodincontro.mx\/#\/schema\/logo\/image\/\",\"url\":\"https:\/\/puntodincontro.mx\/wp-content\/uploads\/2021\/08\/Default-image-for-open-graph-settings.jpg\",\"contentUrl\":\"https:\/\/puntodincontro.mx\/wp-content\/uploads\/2021\/08\/Default-image-for-open-graph-settings.jpg\",\"width\":1200,\"height\":630,\"caption\":\"Puntodincontro\"},\"image\":{\"@id\":\"https:\/\/puntodincontro.mx\/#\/schema\/logo\/image\/\"},\"sameAs\":[\"https:\/\/www.facebook.com\/puntodincontro.mx\",\"https:\/\/x.com\/puntodincontro\",\"https:\/\/www.instagram.com\/puntodincontro.mx\/\",\"https:\/\/www.linkedin.com\/company\/puntodincontro\/\",\"https:\/\/www.youtube.com\/c\/puntodincontromessico\",\"https:\/\/www.patreon.com\/puntodincontro\",\"https:\/\/www.threads.net\/@puntodincontro.mx\"]},{\"@type\":\"Person\",\"@id\":\"https:\/\/puntodincontro.mx\/#\/schema\/person\/d3066d18a16259cbb0c29b0d0e93b556\",\"name\":\"Puntodincontro\",\"image\":{\"@type\":\"ImageObject\",\"inLanguage\":\"es\",\"@id\":\"https:\/\/puntodincontro.mx\/#\/schema\/person\/image\/\",\"url\":\"https:\/\/secure.gravatar.com\/avatar\/0e85b4b3b5e9d6bfcec6a4956d8cc63a?s=96&d=mm&r=g\",\"contentUrl\":\"https:\/\/secure.gravatar.com\/avatar\/0e85b4b3b5e9d6bfcec6a4956d8cc63a?s=96&d=mm&r=g\",\"caption\":\"Puntodincontro\"},\"url\":\"https:\/\/puntodincontro.mx\/es\/author\/puntodincontro\/\"}]}<\/script>\n<!-- \/ Yoast SEO Premium plugin. -->","yoast_head_json":{"title":"Inizia il 25 ottobre la X conferenza Italia\u2013America Latina e Caraibi Puntodincontro","description":"La X Conferencia Italia-Am\u00e9rica Latina y el Caribe se llevar\u00e1 a cabo el lunes 25 y martes 26 de octubre en el Hotel Cavalieri de Roma (en la foto), con el tema \u201cPersonas, planeta y prosperidad. El futuro de una asociaci\u00f3n antigua\u201d y ser\u00e1 presidida por el ministro de Asuntos Exteriores y Cooperaci\u00f3n Internacional de Italia, Luigi Di Maio.","robots":{"index":"index","follow":"follow","max-snippet":"max-snippet:-1","max-image-preview":"max-image-preview:large","max-video-preview":"max-video-preview:-1"},"canonical":"https:\/\/puntodincontro.mx\/es\/2021\/10\/24\/inicia-el-25-de-octubre-la-x-conferencia-italia-america-latina-y-caribe\/","og_locale":"es_MX","og_type":"article","og_title":"Inizia il 25 ottobre la X conferenza Italia\u2013America Latina e Caraibi","og_description":"Luned\u00ec 25 e marted\u00ec 26 ottobre si terr\u00e0, presso l\u2019Hotel Rome Cavalieri (nella foto), la X Conferenza Italia\u2013America Latina e Caraibi, dal tema \u201cPeople, Planet, Prosperity. Il futuro di un partenariato antico\u201d, che sar\u00e0 presieduta dal ministro degli Affari Esteri e della Cooperazione Internazionale, Luigi Di Maio.","og_url":"https:\/\/puntodincontro.mx\/es\/2021\/10\/24\/inicia-el-25-de-octubre-la-x-conferencia-italia-america-latina-y-caribe\/","og_site_name":"Puntodincontro","article_publisher":"https:\/\/www.facebook.com\/puntodincontro.mx","article_published_time":"2021-10-24T17:13:50+00:00","article_modified_time":"2021-10-29T12:42:37+00:00","og_image":[{"width":423,"height":488,"url":"https:\/\/puntodincontro.mx\/wp-content\/uploads\/2021\/10\/conferenzaitaliaamericalatinacaraibivert.webp","type":"image\/webp"}],"author":"Puntodincontro","twitter_card":"summary_large_image","twitter_creator":"@puntodincontro","twitter_site":"@puntodincontro","twitter_misc":{"Escrito por":"Puntodincontro","Tiempo de lectura":"2 minutos"},"schema":{"@context":"https:\/\/schema.org","@graph":[{"@type":"NewsArticle","@id":"https:\/\/puntodincontro.mx\/2021\/10\/24\/inizia-il-25-ottobre-la-x-conferenza-italia-america-latina-e-caraibi\/#article","isPartOf":{"@id":"https:\/\/puntodincontro.mx\/2021\/10\/24\/inizia-il-25-ottobre-la-x-conferenza-italia-america-latina-e-caraibi\/"},"author":{"name":"Puntodincontro","@id":"https:\/\/puntodincontro.mx\/#\/schema\/person\/d3066d18a16259cbb0c29b0d0e93b556"},"headline":"Inizia il 25 ottobre la X conferenza Italia\u2013America Latina e Caraibi","datePublished":"2021-10-24T17:13:50+00:00","dateModified":"2021-10-29T12:42:37+00:00","mainEntityOfPage":{"@id":"https:\/\/puntodincontro.mx\/2021\/10\/24\/inizia-il-25-ottobre-la-x-conferenza-italia-america-latina-e-caraibi\/"},"wordCount":396,"commentCount":0,"publisher":{"@id":"https:\/\/puntodincontro.mx\/#organization"},"image":{"@id":"https:\/\/puntodincontro.mx\/2021\/10\/24\/inizia-il-25-ottobre-la-x-conferenza-italia-america-latina-e-caraibi\/#primaryimage"},"thumbnailUrl":"https:\/\/puntodincontro.mx\/wp-content\/uploads\/2021\/10\/conferenzaitaliaamericalatinacaraibivert.webp","articleSection":["Cronaca"],"inLanguage":"es","potentialAction":[{"@type":"CommentAction","name":"Comment","target":["https:\/\/puntodincontro.mx\/2021\/10\/24\/inizia-il-25-ottobre-la-x-conferenza-italia-america-latina-e-caraibi\/#respond"]}]},{"@type":"WebPage","@id":"https:\/\/puntodincontro.mx\/2021\/10\/24\/inizia-il-25-ottobre-la-x-conferenza-italia-america-latina-e-caraibi\/","url":"https:\/\/puntodincontro.mx\/2021\/10\/24\/inizia-il-25-ottobre-la-x-conferenza-italia-america-latina-e-caraibi\/","name":"Inizia il 25 ottobre la X conferenza Italia\u2013America Latina e Caraibi Puntodincontro","isPartOf":{"@id":"https:\/\/puntodincontro.mx\/#website"},"primaryImageOfPage":{"@id":"https:\/\/puntodincontro.mx\/2021\/10\/24\/inizia-il-25-ottobre-la-x-conferenza-italia-america-latina-e-caraibi\/#primaryimage"},"image":{"@id":"https:\/\/puntodincontro.mx\/2021\/10\/24\/inizia-il-25-ottobre-la-x-conferenza-italia-america-latina-e-caraibi\/#primaryimage"},"thumbnailUrl":"https:\/\/puntodincontro.mx\/wp-content\/uploads\/2021\/10\/conferenzaitaliaamericalatinacaraibivert.webp","datePublished":"2021-10-24T17:13:50+00:00","dateModified":"2021-10-29T12:42:37+00:00","description":"La X Conferencia Italia-Am\u00e9rica Latina y el Caribe se llevar\u00e1 a cabo el lunes 25 y martes 26 de octubre en el Hotel Cavalieri de Roma (en la foto), con el tema \u201cPersonas, planeta y prosperidad. El futuro de una asociaci\u00f3n antigua\u201d y ser\u00e1 presidida por el ministro de Asuntos Exteriores y Cooperaci\u00f3n Internacional de Italia, Luigi Di Maio.","breadcrumb":{"@id":"https:\/\/puntodincontro.mx\/2021\/10\/24\/inizia-il-25-ottobre-la-x-conferenza-italia-america-latina-e-caraibi\/#breadcrumb"},"inLanguage":"es","potentialAction":[{"@type":"ReadAction","target":["https:\/\/puntodincontro.mx\/2021\/10\/24\/inizia-il-25-ottobre-la-x-conferenza-italia-america-latina-e-caraibi\/"]}]},{"@type":"ImageObject","inLanguage":"es","@id":"https:\/\/puntodincontro.mx\/2021\/10\/24\/inizia-il-25-ottobre-la-x-conferenza-italia-america-latina-e-caraibi\/#primaryimage","url":"https:\/\/puntodincontro.mx\/wp-content\/uploads\/2021\/10\/conferenzaitaliaamericalatinacaraibivert.webp","contentUrl":"https:\/\/puntodincontro.mx\/wp-content\/uploads\/2021\/10\/conferenzaitaliaamericalatinacaraibivert.webp","width":423,"height":488},{"@type":"BreadcrumbList","@id":"https:\/\/puntodincontro.mx\/2021\/10\/24\/inizia-il-25-ottobre-la-x-conferenza-italia-america-latina-e-caraibi\/#breadcrumb","itemListElement":[{"@type":"ListItem","position":1,"name":"Home","item":"https:\/\/puntodincontro.mx\/"},{"@type":"ListItem","position":2,"name":"Inizia il 25 ottobre la X conferenza Italia\u2013America Latina e Caraibi"}]},{"@type":"WebSite","@id":"https:\/\/puntodincontro.mx\/#website","url":"https:\/\/puntodincontro.mx\/","name":"Puntodincontro","description":"Desde el 2006 noticias sobre las relaciones entre Italia y M\u00e9xico \/ Dal 2006 notizie sui rapporti Italia-Messico","publisher":{"@id":"https:\/\/puntodincontro.mx\/#organization"},"potentialAction":[{"@type":"SearchAction","target":{"@type":"EntryPoint","urlTemplate":"https:\/\/puntodincontro.mx\/?s={search_term_string}"},"query-input":{"@type":"PropertyValueSpecification","valueRequired":true,"valueName":"search_term_string"}}],"inLanguage":"es"},{"@type":"Organization","@id":"https:\/\/puntodincontro.mx\/#organization","name":"Puntodincontro","url":"https:\/\/puntodincontro.mx\/","logo":{"@type":"ImageObject","inLanguage":"es","@id":"https:\/\/puntodincontro.mx\/#\/schema\/logo\/image\/","url":"https:\/\/puntodincontro.mx\/wp-content\/uploads\/2021\/08\/Default-image-for-open-graph-settings.jpg","contentUrl":"https:\/\/puntodincontro.mx\/wp-content\/uploads\/2021\/08\/Default-image-for-open-graph-settings.jpg","width":1200,"height":630,"caption":"Puntodincontro"},"image":{"@id":"https:\/\/puntodincontro.mx\/#\/schema\/logo\/image\/"},"sameAs":["https:\/\/www.facebook.com\/puntodincontro.mx","https:\/\/x.com\/puntodincontro","https:\/\/www.instagram.com\/puntodincontro.mx\/","https:\/\/www.linkedin.com\/company\/puntodincontro\/","https:\/\/www.youtube.com\/c\/puntodincontromessico","https:\/\/www.patreon.com\/puntodincontro","https:\/\/www.threads.net\/@puntodincontro.mx"]},{"@type":"Person","@id":"https:\/\/puntodincontro.mx\/#\/schema\/person\/d3066d18a16259cbb0c29b0d0e93b556","name":"Puntodincontro","image":{"@type":"ImageObject","inLanguage":"es","@id":"https:\/\/puntodincontro.mx\/#\/schema\/person\/image\/","url":"https:\/\/secure.gravatar.com\/avatar\/0e85b4b3b5e9d6bfcec6a4956d8cc63a?s=96&d=mm&r=g","contentUrl":"https:\/\/secure.gravatar.com\/avatar\/0e85b4b3b5e9d6bfcec6a4956d8cc63a?s=96&d=mm&r=g","caption":"Puntodincontro"},"url":"https:\/\/puntodincontro.mx\/es\/author\/puntodincontro\/"}]}},"_links":{"self":[{"href":"https:\/\/puntodincontro.mx\/es\/wp-json\/wp\/v2\/posts\/1390"}],"collection":[{"href":"https:\/\/puntodincontro.mx\/es\/wp-json\/wp\/v2\/posts"}],"about":[{"href":"https:\/\/puntodincontro.mx\/es\/wp-json\/wp\/v2\/types\/post"}],"author":[{"embeddable":true,"href":"https:\/\/puntodincontro.mx\/es\/wp-json\/wp\/v2\/users\/2"}],"replies":[{"embeddable":true,"href":"https:\/\/puntodincontro.mx\/es\/wp-json\/wp\/v2\/comments?post=1390"}],"version-history":[{"count":2,"href":"https:\/\/puntodincontro.mx\/es\/wp-json\/wp\/v2\/posts\/1390\/revisions"}],"predecessor-version":[{"id":1534,"href":"https:\/\/puntodincontro.mx\/es\/wp-json\/wp\/v2\/posts\/1390\/revisions\/1534"}],"wp:featuredmedia":[{"embeddable":true,"href":"https:\/\/puntodincontro.mx\/es\/wp-json\/wp\/v2\/media\/1393"}],"wp:attachment":[{"href":"https:\/\/puntodincontro.mx\/es\/wp-json\/wp\/v2\/media?parent=1390"}],"wp:term":[{"taxonomy":"category","embeddable":true,"href":"https:\/\/puntodincontro.mx\/es\/wp-json\/wp\/v2\/categories?post=1390"},{"taxonomy":"post_tag","embeddable":true,"href":"https:\/\/puntodincontro.mx\/es\/wp-json\/wp\/v2\/tags?post=1390"}],"curies":[{"name":"wp","href":"https:\/\/api.w.org\/{rel}","templated":true}]}}