{"id":13939,"date":"2023-07-09T04:47:20","date_gmt":"2023-07-09T09:47:20","guid":{"rendered":"https:\/\/puntodincontro.mx\/?p=13939"},"modified":"2023-07-09T04:47:21","modified_gmt":"2023-07-09T09:47:21","slug":"desde-hoy-puntodincontro-esta-disponible-en-threads","status":"publish","type":"post","link":"https:\/\/puntodincontro.mx\/es\/2023\/07\/09\/da-oggi-puntodincontro-e-disponibile-su-threads\/","title":{"rendered":"Desde hoy Puntodincontro est\u00e1 disponible en Threads"},"content":{"rendered":"<p class=\"translation-block\"><strong>03:28 hrs.<\/strong> - Puntodincontro est\u00e1 disponible desde hoy tambi\u00e9n en Threads, la nueva red social de Meta lanzada el pasado mi\u00e9rcoles y que este fin de semana podr\u00eda rebasar los 100 millones de usuarios.<\/p>\n\n\n\n<p class=\"translation-block\"><a href=\"https:\/\/www.threads.net\/@puntodincontro.mx\" target=\"_blank\" rel=\"noreferrer noopener\">https:\/\/www.threads.net\/@puntodincontro.mx<\/a> es la direcci\u00f3n en la que podr\u00e1n ser encontrados los art\u00edculos publicados en nuestro portal <a href=\"https:\/\/puntodincontro.mx\/es\/\" target=\"_blank\" rel=\"noreferrer noopener\">https:\/\/puntodincontro.mx<\/a> a partir del 9 de julio de 2023.<\/p>\n\n\n\n<p class=\"translation-block\">Threads ser\u00e1 as\u00ed la s\u00e9ptima red social en la que Puntodincontro est\u00e1 presente, junto con <a href=\"https:\/\/twitter.com\/puntodincontro\" target=\"_blank\" rel=\"noreferrer noopener\">Twitter<\/a>, <a href=\"https:\/\/www.facebook.com\/puntodincontro.mx\" target=\"_blank\" rel=\"noreferrer noopener\">Facebook<\/a>, <a href=\"https:\/\/www.linkedin.com\/company\/puntodincontro\/\" target=\"_blank\" rel=\"noreferrer noopener\">LinkedIn<\/a>, <a href=\"https:\/\/www.instagram.com\/puntodincontro.mx\/\" target=\"_blank\" rel=\"noreferrer noopener\">Instagram<\/a>, <a href=\"https:\/\/www.youtube.com\/c\/puntodincontromessico\" target=\"_blank\" rel=\"noreferrer noopener\">YouTube<\/a> y <a href=\"https:\/\/www.patreon.com\/puntodincontro\" target=\"_blank\" rel=\"noreferrer noopener\">Patreon<\/a>.<\/p>\n\n\n\n<p>Threads fue presentada el mi\u00e9rcoles como compa\u00f1era de Instagram, la popular red para compartir fotos que Meta, la empresa de Mark Zuckerberg, compr\u00f3 hace m\u00e1s de una d\u00e9cada. La aplicaci\u00f3n parte as\u00ed con ventaja, respaldada por los grandes fondos de Meta y la enorme base de usuarios de Instagram, con m\u00e1s de 2.000 millones de cuentas activas mensuales en todo el mundo.<\/p>\n\n\n\n<p class=\"translation-block\">Con una interfaz gr\u00e1fica similar a la de Twitter, desde la secci\u00f3n \u201chome\u201d de Threads se puede interactuar con publicaciones de otros y en el \u00edcono de b\u00fasqueda es posible localizar a otros usuarios. En cada post se pueden escribir hasta 500 caracteres, lo cual contrasta con los 280 de Twitter, sin embargo Threads no permite guardar las publicaciones en borrador: se deben compartir inmediatamente o descartar.<\/p>\n\n\n\n<p>La nueva red social se rige por las pol\u00edticas de seguridad de Instagram, con las mismas penalizaciones en caso de spam y discursos de odio.<\/p>\n\n\n\n<p>Las redes sociales m\u00e1s populares tienen formas de comunicaci\u00f3n privada entre los usuarios, una caracter\u00edstica por el momento no disponible en Threads. Otras funciones como los hashtags y las palabras clave a\u00fan no est\u00e1n presentes en la plataforma. Es posible que sean a\u00f1adidas en el futuro. Meta comparti\u00f3 en un comunicado que pr\u00f3ximamente se incluir\u00e1n, entre otras cosas, \u00abuna funci\u00f3n de b\u00fasqueda m\u00e1s robusta, que facilite seguir temas y tendencias en tiempo real\u00bb.<\/p>\n\n\n\n<div style=\"height:12px\" aria-hidden=\"true\" class=\"wp-block-spacer\"><\/div>\n\n\n<!-- Ad space powered by WP AdCenter v2.5.7 - https:\/\/wpadcenter.com\/ --><div class=\"wpadcenter-adgroup\" ><div class=\"wpadcenter-adgroup__row wpadcenter-aligncenter\"><div class=\"wpadcenter-ad-container\" ><div id=\"wpadcenter-ad-18464\" class=\"ad-placement\"><div class=\"wpadcenter-ad-inner\" ><a id=\"wpadcenter_ad\" data-value=\"18464\" data-placement=\"\" href=\"https:\/\/www.productosremo.com\/\" target=\"_blank\" class=\"wpadcenter-ad-inner__item\" ><img decoding=\"async\"   src=\"https:\/\/puntodincontro.mx\/wp-content\/uploads\/2021\/08\/remobanner.jpg\" class=\"attachment-post-thumbnail size-post-thumbnail wp-post-image\" alt=\"\" srcset=\"https:\/\/puntodincontro.mx\/wp-content\/uploads\/2021\/08\/remobanner.jpg 200w, https:\/\/puntodincontro.mx\/wp-content\/uploads\/2021\/08\/remobanner-16x5.jpg 16w\" sizes=\"(max-width: 200px) 100vw, 200px\" \/><\/a><\/div><\/div><\/div><div class=\"wpadcenter-ad-container\" ><div id=\"wpadcenter-ad-5305\" class=\"ad-placement\"><div class=\"wpadcenter-ad-inner\" ><a id=\"wpadcenter_ad\" data-value=\"5305\" data-placement=\"\" href=\"https:\/\/faitalia.com.mx\/\" target=\"_blank\" class=\"wpadcenter-ad-inner__item\" ><img decoding=\"async\"   src=\"https:\/\/puntodincontro.mx\/wp-content\/uploads\/2022\/05\/gruppodino.jpg\" class=\"attachment-post-thumbnail size-post-thumbnail wp-post-image\" alt=\"\" srcset=\"https:\/\/puntodincontro.mx\/wp-content\/uploads\/2022\/05\/gruppodino.jpg 200w, https:\/\/puntodincontro.mx\/wp-content\/uploads\/2022\/05\/gruppodino-18x5.jpg 18w\" sizes=\"(max-width: 200px) 100vw, 200px\" \/><\/a><\/div><\/div><\/div><div class=\"wpadcenter-ad-container\" ><div id=\"wpadcenter-ad-3781\" class=\"ad-placement\"><div class=\"wpadcenter-ad-inner\" ><a id=\"wpadcenter_ad\" data-value=\"3781\" data-placement=\"\" href=\"https:\/\/cannizzo.com.mx\/\" target=\"_blank\" class=\"wpadcenter-ad-inner__item\" ><img decoding=\"async\"   src=\"https:\/\/puntodincontro.mx\/wp-content\/uploads\/2022\/03\/cannizzo2.jpg\" class=\"attachment-post-thumbnail size-post-thumbnail wp-post-image\" alt=\"\" srcset=\"https:\/\/puntodincontro.mx\/wp-content\/uploads\/2022\/03\/cannizzo2.jpg 200w, https:\/\/puntodincontro.mx\/wp-content\/uploads\/2022\/03\/cannizzo2-18x5.jpg 18w\" sizes=\"(max-width: 200px) 100vw, 200px\" \/><\/a><\/div><\/div><\/div><\/div><div class=\"wpadcenter-adgroup__row wpadcenter-aligncenter\"><div class=\"wpadcenter-ad-container\" ><div id=\"wpadcenter-ad-1704\" class=\"ad-placement\"><div class=\"wpadcenter-ad-inner\" ><a id=\"wpadcenter_ad\" data-value=\"1704\" data-placement=\"\" href=\"https:\/\/puntodincontro.mx\/es\/2021\/12\/24\/inps-verificacion-de-supervivencia-de-los-pensionados-en-el-extranjero\/\" target=\"_blank\" class=\"wpadcenter-ad-inner__item\" ><img decoding=\"async\"   src=\"https:\/\/puntodincontro.mx\/wp-content\/uploads\/2021\/11\/logo-ital.jpg\" class=\"attachment-post-thumbnail size-post-thumbnail wp-post-image\" alt=\"Patronato ITAL Messico\" srcset=\"https:\/\/puntodincontro.mx\/wp-content\/uploads\/2021\/11\/logo-ital.jpg 200w, https:\/\/puntodincontro.mx\/wp-content\/uploads\/2021\/11\/logo-ital-16x5.jpg 16w\" sizes=\"(max-width: 200px) 100vw, 200px\" \/><\/a><\/div><\/div><\/div><div class=\"wpadcenter-ad-container\" ><div id=\"wpadcenter-ad-1538\" class=\"ad-placement\"><div class=\"wpadcenter-ad-inner\" ><a id=\"wpadcenter_ad\" data-value=\"1538\" data-placement=\"\" href=\"https:\/\/asociacionitaliana.org\/\" target=\"_blank\" class=\"wpadcenter-ad-inner__item\" ><img decoding=\"async\"   src=\"https:\/\/puntodincontro.mx\/wp-content\/uploads\/2021\/11\/aialogo.jpg\" class=\"attachment-post-thumbnail size-post-thumbnail wp-post-image\" alt=\"Associazione Italiana di Assistenza IAP\" srcset=\"https:\/\/puntodincontro.mx\/wp-content\/uploads\/2021\/11\/aialogo.jpg 200w, https:\/\/puntodincontro.mx\/wp-content\/uploads\/2021\/11\/aialogo-18x5.jpg 18w\" sizes=\"(max-width: 200px) 100vw, 200px\" \/><\/a><\/div><\/div><\/div><div class=\"wpadcenter-ad-container\" ><div id=\"wpadcenter-ad-1513\" class=\"ad-placement\"><div class=\"wpadcenter-ad-inner\" ><a id=\"wpadcenter_ad\" data-value=\"1513\" data-placement=\"\" href=\"https:\/\/gcinmuebles.mx\" target=\"_blank\" class=\"wpadcenter-ad-inner__item\" ><img decoding=\"async\"   src=\"https:\/\/puntodincontro.mx\/wp-content\/uploads\/2021\/10\/gcinmuebleslogopunto-1.jpg\" class=\"attachment-post-thumbnail size-post-thumbnail wp-post-image\" alt=\"\" srcset=\"https:\/\/puntodincontro.mx\/wp-content\/uploads\/2021\/10\/gcinmuebleslogopunto-1.jpg 200w, https:\/\/puntodincontro.mx\/wp-content\/uploads\/2021\/10\/gcinmuebleslogopunto-1-18x5.jpg 18w\" sizes=\"(max-width: 200px) 100vw, 200px\" \/><\/a><\/div><\/div><\/div><\/div><div class=\"wpadcenter-adgroup__row wpadcenter-aligncenter\"><div class=\"wpadcenter-ad-container\" ><div id=\"wpadcenter-ad-1374\" class=\"ad-placement\"><div class=\"wpadcenter-ad-inner\" ><a id=\"wpadcenter_ad\" data-value=\"1374\" data-placement=\"\" href=\"https:\/\/www.9colonne.it\/\" target=\"_blank\" class=\"wpadcenter-ad-inner__item\" ><img decoding=\"async\"   src=\"https:\/\/puntodincontro.mx\/wp-content\/uploads\/2021\/10\/Banner9colonne.gif\" class=\"attachment-post-thumbnail size-post-thumbnail wp-post-image\" alt=\"\" \/><\/a><\/div><\/div><\/div><div class=\"wpadcenter-ad-container\" ><div id=\"wpadcenter-ad-276\" class=\"ad-placement\"><div class=\"wpadcenter-ad-inner\" ><a id=\"wpadcenter_ad\" data-value=\"276\" data-placement=\"\" href=\"http:\/\/www.camaraitaliana.mx\/\" target=\"_blank\" class=\"wpadcenter-ad-inner__item\" ><img decoding=\"async\"   src=\"https:\/\/puntodincontro.mx\/wp-content\/uploads\/2021\/08\/ccimnuovo.jpg\" class=\"attachment-post-thumbnail size-post-thumbnail wp-post-image\" alt=\"\" srcset=\"https:\/\/puntodincontro.mx\/wp-content\/uploads\/2021\/08\/ccimnuovo.jpg 200w, https:\/\/puntodincontro.mx\/wp-content\/uploads\/2021\/08\/ccimnuovo-18x5.jpg 18w\" sizes=\"(max-width: 200px) 100vw, 200px\" \/><\/a><\/div><\/div><\/div><div class=\"wpadcenter-ad-container\" ><div id=\"wpadcenter-ad-272\" class=\"ad-placement\"><div class=\"wpadcenter-ad-inner\" ><a id=\"wpadcenter_ad\" data-value=\"272\" data-placement=\"\" href=\"http:\/\/corix.us\/\" target=\"_blank\" class=\"wpadcenter-ad-inner__item\" ><img decoding=\"async\"   src=\"https:\/\/puntodincontro.mx\/wp-content\/uploads\/2021\/08\/corixbanner-1.jpg\" class=\"attachment-post-thumbnail size-post-thumbnail wp-post-image\" alt=\"\" srcset=\"https:\/\/puntodincontro.mx\/wp-content\/uploads\/2021\/08\/corixbanner-1.jpg 200w, https:\/\/puntodincontro.mx\/wp-content\/uploads\/2021\/08\/corixbanner-1-16x5.jpg 16w\" sizes=\"(max-width: 200px) 100vw, 200px\" \/><\/a><\/div><\/div><\/div><\/div><div class=\"wpadcenter-adgroup__row wpadcenter-aligncenter\"><div class=\"wpadcenter-ad-container\" ><div id=\"wpadcenter-ad-266\" class=\"ad-placement\"><div class=\"wpadcenter-ad-inner\" ><a id=\"wpadcenter_ad\" data-value=\"266\" data-placement=\"\" href=\"https:\/\/www.prinsel.com.mx\/\" target=\"_blank\" class=\"wpadcenter-ad-inner__item\" ><img decoding=\"async\"   src=\"https:\/\/puntodincontro.mx\/wp-content\/uploads\/2021\/08\/prinselbanner-1.jpg\" class=\"attachment-post-thumbnail size-post-thumbnail wp-post-image\" alt=\"\" srcset=\"https:\/\/puntodincontro.mx\/wp-content\/uploads\/2021\/08\/prinselbanner-1.jpg 200w, https:\/\/puntodincontro.mx\/wp-content\/uploads\/2021\/08\/prinselbanner-1-16x5.jpg 16w\" sizes=\"(max-width: 200px) 100vw, 200px\" \/><\/a><\/div><\/div><\/div><div class=\"wpadcenter-ad-container\" ><div id=\"wpadcenter-ad-261\" class=\"ad-placement\"><div class=\"wpadcenter-ad-inner\" ><a id=\"wpadcenter_ad\" data-value=\"261\" data-placement=\"\" href=\"https:\/\/ambcittadelmessico.esteri.it\/ambasciata_cittadelmessico\/it\/\" target=\"_blank\" class=\"wpadcenter-ad-inner__item\" ><img decoding=\"async\"   src=\"https:\/\/puntodincontro.mx\/wp-content\/uploads\/2021\/08\/ambasciatabanner-1.jpg\" class=\"attachment-post-thumbnail size-post-thumbnail wp-post-image\" alt=\"\" srcset=\"https:\/\/puntodincontro.mx\/wp-content\/uploads\/2021\/08\/ambasciatabanner-1.jpg 200w, https:\/\/puntodincontro.mx\/wp-content\/uploads\/2021\/08\/ambasciatabanner-1-16x5.jpg 16w\" sizes=\"(max-width: 200px) 100vw, 200px\" \/><\/a><\/div><\/div><\/div><\/div><\/div>\n\n\n<div style=\"height:12px\" aria-hidden=\"true\" class=\"wp-block-spacer\"><\/div>","protected":false},"excerpt":{"rendered":"<p>Ore 03.28 &#8211; Puntodincontro \u00e8 disponibile da oggi anche su Threads, il nuovo social network di Meta lanciato mercoled\u00ec scorso e che questo fine settimana potrebbe superare i 100 milioni di utenti. https:\/\/www.threads.net\/@puntodincontro.mx \u00e8 l&#8217;indirizzo dove i lettori possono trovare gli articoli pubblicati dal 9 luglio 2023 sul nostro portale https:\/\/puntodincontro.mx. Threads sar\u00e0 cos\u00ec il settimo social network in cui Puntodincontro \u00e8 presente, insieme a Twitter, Facebook, LinkedIn, Instagram, YouTube e Patreon. Threads \u00e8 stato presentato mercoled\u00ec come piattaforma compagna di Instagram, la popolare rete di condivisione di foto che la societ\u00e0 Meta di Mark Zuckerberg ha acquistato pi\u00f9 di&#8230; <\/p>","protected":false},"author":2,"featured_media":13948,"comment_status":"open","ping_status":"open","sticky":false,"template":"","format":"standard","meta":{"_monsterinsights_skip_tracking":false,"_monsterinsights_sitenote_active":false,"_monsterinsights_sitenote_note":"","_monsterinsights_sitenote_category":0,"footnotes":""},"categories":[14],"tags":[],"class_list":["post-13939","post","type-post","status-publish","format-standard","has-post-thumbnail","hentry","category-scienza-e-tecnologia"],"yoast_head":"<!-- This site is optimized with the Yoast SEO Premium plugin v18.4 (Yoast SEO v25.6) - https:\/\/yoast.com\/wordpress\/plugins\/seo\/ -->\n<title>Da oggi Puntodincontro \u00e8 disponibile su Threads<\/title>\n<meta name=\"description\" content=\"Puntodincontro \u00e8 disponibile da oggi anche su Threads, il nuovo social network di Meta lanciato mercoled\u00ec scorso.\" \/>\n<meta name=\"robots\" content=\"index, follow, max-snippet:-1, max-image-preview:large, max-video-preview:-1\" \/>\n<link rel=\"canonical\" href=\"https:\/\/puntodincontro.mx\/es\/2023\/07\/09\/desde-hoy-puntodincontro-esta-disponible-en-threads\/\" \/>\n<meta property=\"og:locale\" content=\"es_MX\" \/>\n<meta property=\"og:type\" content=\"article\" \/>\n<meta property=\"og:title\" content=\"Da oggi Puntodincontro \u00e8 disponibile su Threads\" \/>\n<meta property=\"og:description\" content=\"Puntodincontro \u00e8 disponibile da oggi anche su Threads, il nuovo social network di Meta lanciato mercoled\u00ec scorso.\" \/>\n<meta property=\"og:url\" content=\"https:\/\/puntodincontro.mx\/es\/2023\/07\/09\/desde-hoy-puntodincontro-esta-disponible-en-threads\/\" \/>\n<meta property=\"og:site_name\" content=\"Puntodincontro\" \/>\n<meta property=\"article:publisher\" content=\"https:\/\/www.facebook.com\/puntodincontro.mx\" \/>\n<meta property=\"article:published_time\" content=\"2023-07-09T09:47:20+00:00\" \/>\n<meta property=\"article:modified_time\" content=\"2023-07-09T09:47:21+00:00\" \/>\n<meta property=\"og:image\" content=\"https:\/\/puntodincontro.mx\/wp-content\/uploads\/2023\/07\/puntodincontrothreadscomp.jpg\" \/>\n\t<meta property=\"og:image:width\" content=\"932\" \/>\n\t<meta property=\"og:image:height\" content=\"488\" \/>\n\t<meta property=\"og:image:type\" content=\"image\/jpeg\" \/>\n<meta name=\"author\" content=\"Puntodincontro\" \/>\n<meta name=\"twitter:card\" content=\"summary_large_image\" \/>\n<meta name=\"twitter:creator\" content=\"@puntodincontro\" \/>\n<meta name=\"twitter:site\" content=\"@puntodincontro\" \/>\n<meta name=\"twitter:label1\" content=\"Escrito por\" \/>\n\t<meta name=\"twitter:data1\" content=\"Puntodincontro\" \/>\n\t<meta name=\"twitter:label2\" content=\"Tiempo de lectura\" \/>\n\t<meta name=\"twitter:data2\" content=\"1 minuto\" \/>\n<script type=\"application\/ld+json\" class=\"yoast-schema-graph\">{\"@context\":\"https:\/\/schema.org\",\"@graph\":[{\"@type\":\"NewsArticle\",\"@id\":\"https:\/\/puntodincontro.mx\/2023\/07\/09\/da-oggi-puntodincontro-e-disponibile-su-threads\/#article\",\"isPartOf\":{\"@id\":\"https:\/\/puntodincontro.mx\/2023\/07\/09\/da-oggi-puntodincontro-e-disponibile-su-threads\/\"},\"author\":{\"name\":\"Puntodincontro\",\"@id\":\"https:\/\/puntodincontro.mx\/#\/schema\/person\/d3066d18a16259cbb0c29b0d0e93b556\"},\"headline\":\"Da oggi Puntodincontro \u00e8 disponibile su Threads\",\"datePublished\":\"2023-07-09T09:47:20+00:00\",\"dateModified\":\"2023-07-09T09:47:21+00:00\",\"mainEntityOfPage\":{\"@id\":\"https:\/\/puntodincontro.mx\/2023\/07\/09\/da-oggi-puntodincontro-e-disponibile-su-threads\/\"},\"wordCount\":294,\"commentCount\":0,\"publisher\":{\"@id\":\"https:\/\/puntodincontro.mx\/#organization\"},\"image\":{\"@id\":\"https:\/\/puntodincontro.mx\/2023\/07\/09\/da-oggi-puntodincontro-e-disponibile-su-threads\/#primaryimage\"},\"thumbnailUrl\":\"https:\/\/puntodincontro.mx\/wp-content\/uploads\/2023\/07\/puntodincontrothreadsvert.webp\",\"articleSection\":[\"Scienza e tecnologia\"],\"inLanguage\":\"es\",\"potentialAction\":[{\"@type\":\"CommentAction\",\"name\":\"Comment\",\"target\":[\"https:\/\/puntodincontro.mx\/2023\/07\/09\/da-oggi-puntodincontro-e-disponibile-su-threads\/#respond\"]}]},{\"@type\":\"WebPage\",\"@id\":\"https:\/\/puntodincontro.mx\/2023\/07\/09\/da-oggi-puntodincontro-e-disponibile-su-threads\/\",\"url\":\"https:\/\/puntodincontro.mx\/2023\/07\/09\/da-oggi-puntodincontro-e-disponibile-su-threads\/\",\"name\":\"Da oggi Puntodincontro \u00e8 disponibile su Threads\",\"isPartOf\":{\"@id\":\"https:\/\/puntodincontro.mx\/#website\"},\"primaryImageOfPage\":{\"@id\":\"https:\/\/puntodincontro.mx\/2023\/07\/09\/da-oggi-puntodincontro-e-disponibile-su-threads\/#primaryimage\"},\"image\":{\"@id\":\"https:\/\/puntodincontro.mx\/2023\/07\/09\/da-oggi-puntodincontro-e-disponibile-su-threads\/#primaryimage\"},\"thumbnailUrl\":\"https:\/\/puntodincontro.mx\/wp-content\/uploads\/2023\/07\/puntodincontrothreadsvert.webp\",\"datePublished\":\"2023-07-09T09:47:20+00:00\",\"dateModified\":\"2023-07-09T09:47:21+00:00\",\"description\":\"Puntodincontro \u00e8 disponibile da oggi anche su Threads, il nuovo social network di Meta lanciato mercoled\u00ec scorso.\",\"breadcrumb\":{\"@id\":\"https:\/\/puntodincontro.mx\/2023\/07\/09\/da-oggi-puntodincontro-e-disponibile-su-threads\/#breadcrumb\"},\"inLanguage\":\"es\",\"potentialAction\":[{\"@type\":\"ReadAction\",\"target\":[\"https:\/\/puntodincontro.mx\/2023\/07\/09\/da-oggi-puntodincontro-e-disponibile-su-threads\/\"]}]},{\"@type\":\"ImageObject\",\"inLanguage\":\"es\",\"@id\":\"https:\/\/puntodincontro.mx\/2023\/07\/09\/da-oggi-puntodincontro-e-disponibile-su-threads\/#primaryimage\",\"url\":\"https:\/\/puntodincontro.mx\/wp-content\/uploads\/2023\/07\/puntodincontrothreadsvert.webp\",\"contentUrl\":\"https:\/\/puntodincontro.mx\/wp-content\/uploads\/2023\/07\/puntodincontrothreadsvert.webp\",\"width\":423,\"height\":488,\"caption\":\"Da oggi Puntodincontro \u00e8 disponibile su Threads \/ Foto: Puntodincontro\"},{\"@type\":\"BreadcrumbList\",\"@id\":\"https:\/\/puntodincontro.mx\/2023\/07\/09\/da-oggi-puntodincontro-e-disponibile-su-threads\/#breadcrumb\",\"itemListElement\":[{\"@type\":\"ListItem\",\"position\":1,\"name\":\"Home\",\"item\":\"https:\/\/puntodincontro.mx\/\"},{\"@type\":\"ListItem\",\"position\":2,\"name\":\"Da oggi Puntodincontro \u00e8 disponibile su Threads\"}]},{\"@type\":\"WebSite\",\"@id\":\"https:\/\/puntodincontro.mx\/#website\",\"url\":\"https:\/\/puntodincontro.mx\/\",\"name\":\"Puntodincontro\",\"description\":\"Dal 2006 notizie sui rapporti Italia-Messico \/ Desde 2006 noticias sobre las relaciones entre Italia y M\u00e9xico\",\"publisher\":{\"@id\":\"https:\/\/puntodincontro.mx\/#organization\"},\"potentialAction\":[{\"@type\":\"SearchAction\",\"target\":{\"@type\":\"EntryPoint\",\"urlTemplate\":\"https:\/\/puntodincontro.mx\/?s={search_term_string}\"},\"query-input\":{\"@type\":\"PropertyValueSpecification\",\"valueRequired\":true,\"valueName\":\"search_term_string\"}}],\"inLanguage\":\"es\"},{\"@type\":\"Organization\",\"@id\":\"https:\/\/puntodincontro.mx\/#organization\",\"name\":\"Puntodincontro\",\"url\":\"https:\/\/puntodincontro.mx\/\",\"logo\":{\"@type\":\"ImageObject\",\"inLanguage\":\"es\",\"@id\":\"https:\/\/puntodincontro.mx\/#\/schema\/logo\/image\/\",\"url\":\"https:\/\/puntodincontro.mx\/wp-content\/uploads\/2021\/08\/Default-image-for-open-graph-settings.jpg\",\"contentUrl\":\"https:\/\/puntodincontro.mx\/wp-content\/uploads\/2021\/08\/Default-image-for-open-graph-settings.jpg\",\"width\":1200,\"height\":630,\"caption\":\"Puntodincontro\"},\"image\":{\"@id\":\"https:\/\/puntodincontro.mx\/#\/schema\/logo\/image\/\"},\"sameAs\":[\"https:\/\/www.facebook.com\/puntodincontro.mx\",\"https:\/\/x.com\/puntodincontro\",\"https:\/\/www.instagram.com\/puntodincontro.mx\/\",\"https:\/\/www.linkedin.com\/company\/puntodincontro\/\",\"https:\/\/www.youtube.com\/c\/puntodincontromessico\",\"https:\/\/www.patreon.com\/puntodincontro\",\"https:\/\/www.threads.net\/@puntodincontro.mx\"]},{\"@type\":\"Person\",\"@id\":\"https:\/\/puntodincontro.mx\/#\/schema\/person\/d3066d18a16259cbb0c29b0d0e93b556\",\"name\":\"Puntodincontro\",\"image\":{\"@type\":\"ImageObject\",\"inLanguage\":\"es\",\"@id\":\"https:\/\/puntodincontro.mx\/#\/schema\/person\/image\/\",\"url\":\"https:\/\/secure.gravatar.com\/avatar\/0e85b4b3b5e9d6bfcec6a4956d8cc63a?s=96&d=mm&r=g\",\"contentUrl\":\"https:\/\/secure.gravatar.com\/avatar\/0e85b4b3b5e9d6bfcec6a4956d8cc63a?s=96&d=mm&r=g\",\"caption\":\"Puntodincontro\"},\"url\":\"https:\/\/puntodincontro.mx\/es\/author\/puntodincontro\/\"}]}<\/script>\n<!-- \/ Yoast SEO Premium plugin. -->","yoast_head_json":{"title":"Desde hoy Puntodincontro est\u00e1 disponible en Threads","description":"Puntodincontro ya est\u00e1 disponible tambi\u00e9n en Threads, la nueva red social de Meta lanzada el pasado mi\u00e9rcoles.","robots":{"index":"index","follow":"follow","max-snippet":"max-snippet:-1","max-image-preview":"max-image-preview:large","max-video-preview":"max-video-preview:-1"},"canonical":"https:\/\/puntodincontro.mx\/es\/2023\/07\/09\/desde-hoy-puntodincontro-esta-disponible-en-threads\/","og_locale":"es_MX","og_type":"article","og_title":"Da oggi Puntodincontro \u00e8 disponibile su Threads","og_description":"Puntodincontro \u00e8 disponibile da oggi anche su Threads, il nuovo social network di Meta lanciato mercoled\u00ec scorso.","og_url":"https:\/\/puntodincontro.mx\/es\/2023\/07\/09\/desde-hoy-puntodincontro-esta-disponible-en-threads\/","og_site_name":"Puntodincontro","article_publisher":"https:\/\/www.facebook.com\/puntodincontro.mx","article_published_time":"2023-07-09T09:47:20+00:00","article_modified_time":"2023-07-09T09:47:21+00:00","og_image":[{"width":932,"height":488,"url":"https:\/\/puntodincontro.mx\/wp-content\/uploads\/2023\/07\/puntodincontrothreadscomp.jpg","type":"image\/jpeg"}],"author":"Puntodincontro","twitter_card":"summary_large_image","twitter_creator":"@puntodincontro","twitter_site":"@puntodincontro","twitter_misc":{"Escrito por":"Puntodincontro","Tiempo de lectura":"1 minuto"},"schema":{"@context":"https:\/\/schema.org","@graph":[{"@type":"NewsArticle","@id":"https:\/\/puntodincontro.mx\/2023\/07\/09\/da-oggi-puntodincontro-e-disponibile-su-threads\/#article","isPartOf":{"@id":"https:\/\/puntodincontro.mx\/2023\/07\/09\/da-oggi-puntodincontro-e-disponibile-su-threads\/"},"author":{"name":"Puntodincontro","@id":"https:\/\/puntodincontro.mx\/#\/schema\/person\/d3066d18a16259cbb0c29b0d0e93b556"},"headline":"Da oggi Puntodincontro \u00e8 disponibile su Threads","datePublished":"2023-07-09T09:47:20+00:00","dateModified":"2023-07-09T09:47:21+00:00","mainEntityOfPage":{"@id":"https:\/\/puntodincontro.mx\/2023\/07\/09\/da-oggi-puntodincontro-e-disponibile-su-threads\/"},"wordCount":294,"commentCount":0,"publisher":{"@id":"https:\/\/puntodincontro.mx\/#organization"},"image":{"@id":"https:\/\/puntodincontro.mx\/2023\/07\/09\/da-oggi-puntodincontro-e-disponibile-su-threads\/#primaryimage"},"thumbnailUrl":"https:\/\/puntodincontro.mx\/wp-content\/uploads\/2023\/07\/puntodincontrothreadsvert.webp","articleSection":["Scienza e tecnologia"],"inLanguage":"es","potentialAction":[{"@type":"CommentAction","name":"Comment","target":["https:\/\/puntodincontro.mx\/2023\/07\/09\/da-oggi-puntodincontro-e-disponibile-su-threads\/#respond"]}]},{"@type":"WebPage","@id":"https:\/\/puntodincontro.mx\/2023\/07\/09\/da-oggi-puntodincontro-e-disponibile-su-threads\/","url":"https:\/\/puntodincontro.mx\/2023\/07\/09\/da-oggi-puntodincontro-e-disponibile-su-threads\/","name":"Desde hoy Puntodincontro est\u00e1 disponible en Threads","isPartOf":{"@id":"https:\/\/puntodincontro.mx\/#website"},"primaryImageOfPage":{"@id":"https:\/\/puntodincontro.mx\/2023\/07\/09\/da-oggi-puntodincontro-e-disponibile-su-threads\/#primaryimage"},"image":{"@id":"https:\/\/puntodincontro.mx\/2023\/07\/09\/da-oggi-puntodincontro-e-disponibile-su-threads\/#primaryimage"},"thumbnailUrl":"https:\/\/puntodincontro.mx\/wp-content\/uploads\/2023\/07\/puntodincontrothreadsvert.webp","datePublished":"2023-07-09T09:47:20+00:00","dateModified":"2023-07-09T09:47:21+00:00","description":"Puntodincontro ya est\u00e1 disponible tambi\u00e9n en Threads, la nueva red social de Meta lanzada el pasado mi\u00e9rcoles.","breadcrumb":{"@id":"https:\/\/puntodincontro.mx\/2023\/07\/09\/da-oggi-puntodincontro-e-disponibile-su-threads\/#breadcrumb"},"inLanguage":"es","potentialAction":[{"@type":"ReadAction","target":["https:\/\/puntodincontro.mx\/2023\/07\/09\/da-oggi-puntodincontro-e-disponibile-su-threads\/"]}]},{"@type":"ImageObject","inLanguage":"es","@id":"https:\/\/puntodincontro.mx\/2023\/07\/09\/da-oggi-puntodincontro-e-disponibile-su-threads\/#primaryimage","url":"https:\/\/puntodincontro.mx\/wp-content\/uploads\/2023\/07\/puntodincontrothreadsvert.webp","contentUrl":"https:\/\/puntodincontro.mx\/wp-content\/uploads\/2023\/07\/puntodincontrothreadsvert.webp","width":423,"height":488,"caption":"Da oggi Puntodincontro \u00e8 disponibile su Threads \/ Foto: Puntodincontro"},{"@type":"BreadcrumbList","@id":"https:\/\/puntodincontro.mx\/2023\/07\/09\/da-oggi-puntodincontro-e-disponibile-su-threads\/#breadcrumb","itemListElement":[{"@type":"ListItem","position":1,"name":"Home","item":"https:\/\/puntodincontro.mx\/"},{"@type":"ListItem","position":2,"name":"Da oggi Puntodincontro \u00e8 disponibile su Threads"}]},{"@type":"WebSite","@id":"https:\/\/puntodincontro.mx\/#website","url":"https:\/\/puntodincontro.mx\/","name":"Puntodincontro","description":"Desde el 2006 noticias sobre las relaciones entre Italia y M\u00e9xico \/ Dal 2006 notizie sui rapporti Italia-Messico","publisher":{"@id":"https:\/\/puntodincontro.mx\/#organization"},"potentialAction":[{"@type":"SearchAction","target":{"@type":"EntryPoint","urlTemplate":"https:\/\/puntodincontro.mx\/?s={search_term_string}"},"query-input":{"@type":"PropertyValueSpecification","valueRequired":true,"valueName":"search_term_string"}}],"inLanguage":"es"},{"@type":"Organization","@id":"https:\/\/puntodincontro.mx\/#organization","name":"Puntodincontro","url":"https:\/\/puntodincontro.mx\/","logo":{"@type":"ImageObject","inLanguage":"es","@id":"https:\/\/puntodincontro.mx\/#\/schema\/logo\/image\/","url":"https:\/\/puntodincontro.mx\/wp-content\/uploads\/2021\/08\/Default-image-for-open-graph-settings.jpg","contentUrl":"https:\/\/puntodincontro.mx\/wp-content\/uploads\/2021\/08\/Default-image-for-open-graph-settings.jpg","width":1200,"height":630,"caption":"Puntodincontro"},"image":{"@id":"https:\/\/puntodincontro.mx\/#\/schema\/logo\/image\/"},"sameAs":["https:\/\/www.facebook.com\/puntodincontro.mx","https:\/\/x.com\/puntodincontro","https:\/\/www.instagram.com\/puntodincontro.mx\/","https:\/\/www.linkedin.com\/company\/puntodincontro\/","https:\/\/www.youtube.com\/c\/puntodincontromessico","https:\/\/www.patreon.com\/puntodincontro","https:\/\/www.threads.net\/@puntodincontro.mx"]},{"@type":"Person","@id":"https:\/\/puntodincontro.mx\/#\/schema\/person\/d3066d18a16259cbb0c29b0d0e93b556","name":"Puntodincontro","image":{"@type":"ImageObject","inLanguage":"es","@id":"https:\/\/puntodincontro.mx\/#\/schema\/person\/image\/","url":"https:\/\/secure.gravatar.com\/avatar\/0e85b4b3b5e9d6bfcec6a4956d8cc63a?s=96&d=mm&r=g","contentUrl":"https:\/\/secure.gravatar.com\/avatar\/0e85b4b3b5e9d6bfcec6a4956d8cc63a?s=96&d=mm&r=g","caption":"Puntodincontro"},"url":"https:\/\/puntodincontro.mx\/es\/author\/puntodincontro\/"}]}},"_links":{"self":[{"href":"https:\/\/puntodincontro.mx\/es\/wp-json\/wp\/v2\/posts\/13939"}],"collection":[{"href":"https:\/\/puntodincontro.mx\/es\/wp-json\/wp\/v2\/posts"}],"about":[{"href":"https:\/\/puntodincontro.mx\/es\/wp-json\/wp\/v2\/types\/post"}],"author":[{"embeddable":true,"href":"https:\/\/puntodincontro.mx\/es\/wp-json\/wp\/v2\/users\/2"}],"replies":[{"embeddable":true,"href":"https:\/\/puntodincontro.mx\/es\/wp-json\/wp\/v2\/comments?post=13939"}],"version-history":[{"count":7,"href":"https:\/\/puntodincontro.mx\/es\/wp-json\/wp\/v2\/posts\/13939\/revisions"}],"predecessor-version":[{"id":13947,"href":"https:\/\/puntodincontro.mx\/es\/wp-json\/wp\/v2\/posts\/13939\/revisions\/13947"}],"wp:featuredmedia":[{"embeddable":true,"href":"https:\/\/puntodincontro.mx\/es\/wp-json\/wp\/v2\/media\/13948"}],"wp:attachment":[{"href":"https:\/\/puntodincontro.mx\/es\/wp-json\/wp\/v2\/media?parent=13939"}],"wp:term":[{"taxonomy":"category","embeddable":true,"href":"https:\/\/puntodincontro.mx\/es\/wp-json\/wp\/v2\/categories?post=13939"},{"taxonomy":"post_tag","embeddable":true,"href":"https:\/\/puntodincontro.mx\/es\/wp-json\/wp\/v2\/tags?post=13939"}],"curies":[{"name":"wp","href":"https:\/\/api.w.org\/{rel}","templated":true}]}}