{"id":14113,"date":"2023-07-14T03:37:58","date_gmt":"2023-07-14T08:37:58","guid":{"rendered":"https:\/\/puntodincontro.mx\/?p=14113"},"modified":"2023-07-14T03:37:59","modified_gmt":"2023-07-14T08:37:59","slug":"la-mas-grande-exposicion-jamas-presentada-en-italia-sobre-tina-modotti","status":"publish","type":"post","link":"https:\/\/puntodincontro.mx\/es\/2023\/07\/14\/la-piu-grande-rassegna-mai-proposta-in-italia-su-tina-modotti\/","title":{"rendered":"\u00abLa m\u00e1s grande exposici\u00f3n jam\u00e1s presentada en Italia\u00bb sobre Tina Modotti"},"content":{"rendered":"<p class=\"translation-block\"><strong>01:32 hrs.<\/strong> - \u00abLa m\u00e1s grande exposici\u00f3n jam\u00e1s presentada en Italia\u00bb sobre la fotograf\u00eda de Tina Modotti se prepara para ocupar los pasillos de Palazzo Roverella, en Rovigo.<\/p>\n\n\n\n<p>Del 22 de septiembre al 28 de enero, Riccardo Costantini ser\u00e1 el curador de una extensa monograf\u00eda promovida por la <em>Fondazione Cassa di Risparmio di Padova e Rovigo<\/em> dedicada a la artista friulana, con m\u00e1s de 200 obras expuestas, acompa\u00f1adas de pel\u00edculas y documentos.<\/p>\n\n\n\n<p class=\"translation-block\">\u00abTina Modotti, hermana, no duermas, no, no duermas<br>tal vez tu coraz\u00f3n oye crecer la rosa<br>de ayer, la \u00faltima rosa de ayer, la nueva rosa.<br>Descansa dulcemente, hermana.<br>La nueva rosa es tuya, la nueva tierra es tuya:<br>Te has puesto un nuevo traje de semilla profunda<br>Y tu suave silencio se llena de ra\u00edces\u00bb.<\/p>\n\n\n\n<p>Este sentido epitafio \u2014fragmento de un poema dedicado a la fot\u00f3grafa por su amigo Pablo Neruda, impactado por su repentina muerte la noche del 5 de enero de 1942 cuando regresaba en taxi de una cena con amigos\u2014 aparece en la tumba de Tina en el pante\u00f3n de Dolores. de la Ciudad de M\u00e9xico.<\/p>\n\n\n\n<p>Quien introdujo a esta pasionaria \u2014fuerte de una belleza que la llev\u00f3 desde una pobre casa de via Pracchiuso 89 en su \u00dadine natal a Hollywood, donde protagoniz\u00f3 tres pel\u00edculas mudas\u2014 fue el gran fot\u00f3grafo estadounidense Edward Weston, de quien fue modelo y asistente.<\/p>\n\n\n\n<p>Modotti experiment\u00f3 con el uso de la c\u00e1mara, desde la arquitectura hasta la naturaleza muerta, para luego dedicarse en cuerpo y alma a relatar el trabajo a partir de la cotidianidad de las clases populares, campesinas y obreras, a las que sent\u00eda pertenecer.<\/p>\n\n\n\n<p>Amiga del escritor John Roderigo Dos Passos, de la actriz Dolores del R\u00edo, de Frida Kalho y de Diego Rivera, la artista italiana particip\u00f3 intensamente en la vida cultural y pol\u00edtica del M\u00e9xico posrevolucionario.<\/p>\n\n\n\n<p>La exposici\u00f3n en Rovigo pretende documentar toda su obra a partir de la reconstrucci\u00f3n de la \u00fanica exposici\u00f3n que organiz\u00f3 directamente en la Ciudad de M\u00e9xico en 1929, donde se presentaron aproximadamente sesenta im\u00e1genes, m\u00e1s de 40 de las cuales estar\u00e1n presentes en el itinerario del Palacio Roverella.<\/p>\n\n\n\n<p class=\"has-small-font-size translation-block\">Foto: <em>Mujer con bandera<\/em>, 1928. Esta emblem\u00e1tica imagen es una de las pocas fotograf\u00edas \u201cpreparadas\u201d de Tina Modotti, tomada en una azotea de la Ciudad de M\u00e9xico. Durante a\u00f1os se crey\u00f3 que la modelo era la comunista mexicana Benita Galeana, luchadora por la igualdad social. La propia Galeana lo desminti\u00f3 y a\u00fan no se ha identificado a la verdadera protagonista.<\/p>\n\n\n\n<div style=\"height:12px\" aria-hidden=\"true\" class=\"wp-block-spacer\"><\/div>\n\n\n<!-- Ad space powered by WP AdCenter v2.5.7 - https:\/\/wpadcenter.com\/ --><div class=\"wpadcenter-adgroup\" ><div class=\"wpadcenter-adgroup__row wpadcenter-aligncenter\"><div class=\"wpadcenter-ad-container\" ><div id=\"wpadcenter-ad-18464\" class=\"ad-placement\"><div class=\"wpadcenter-ad-inner\" ><a id=\"wpadcenter_ad\" data-value=\"18464\" data-placement=\"\" href=\"https:\/\/www.productosremo.com\/\" target=\"_blank\" class=\"wpadcenter-ad-inner__item\" ><img decoding=\"async\"   src=\"https:\/\/puntodincontro.mx\/wp-content\/uploads\/2021\/08\/remobanner.jpg\" class=\"attachment-post-thumbnail size-post-thumbnail wp-post-image\" alt=\"\" srcset=\"https:\/\/puntodincontro.mx\/wp-content\/uploads\/2021\/08\/remobanner.jpg 200w, https:\/\/puntodincontro.mx\/wp-content\/uploads\/2021\/08\/remobanner-16x5.jpg 16w\" sizes=\"(max-width: 200px) 100vw, 200px\" \/><\/a><\/div><\/div><\/div><div class=\"wpadcenter-ad-container\" ><div id=\"wpadcenter-ad-5305\" class=\"ad-placement\"><div class=\"wpadcenter-ad-inner\" ><a id=\"wpadcenter_ad\" data-value=\"5305\" data-placement=\"\" href=\"https:\/\/ambcittadelmessico.esteri.it\/ambasciata_cittadelmessico\/it\/\" target=\"_blank\" class=\"wpadcenter-ad-inner__item\" ><img decoding=\"async\"   src=\"https:\/\/puntodincontro.mx\/wp-content\/uploads\/2022\/05\/Ambasciata.jpg\" class=\"attachment-post-thumbnail size-post-thumbnail wp-post-image\" alt=\"\" srcset=\"https:\/\/puntodincontro.mx\/wp-content\/uploads\/2022\/05\/Ambasciata.jpg 200w, https:\/\/puntodincontro.mx\/wp-content\/uploads\/2022\/05\/Ambasciata-18x5.jpg 18w\" sizes=\"(max-width: 200px) 100vw, 200px\" \/><\/a><\/div><\/div><\/div><div class=\"wpadcenter-ad-container\" ><div id=\"wpadcenter-ad-3781\" class=\"ad-placement\"><div class=\"wpadcenter-ad-inner\" ><a id=\"wpadcenter_ad\" data-value=\"3781\" data-placement=\"\" href=\"https:\/\/cannizzo.com.mx\/\" target=\"_blank\" class=\"wpadcenter-ad-inner__item\" ><img decoding=\"async\"   src=\"https:\/\/puntodincontro.mx\/wp-content\/uploads\/2022\/03\/cannizzo2.jpg\" class=\"attachment-post-thumbnail size-post-thumbnail wp-post-image\" alt=\"\" srcset=\"https:\/\/puntodincontro.mx\/wp-content\/uploads\/2022\/03\/cannizzo2.jpg 200w, https:\/\/puntodincontro.mx\/wp-content\/uploads\/2022\/03\/cannizzo2-18x5.jpg 18w\" sizes=\"(max-width: 200px) 100vw, 200px\" \/><\/a><\/div><\/div><\/div><\/div><div class=\"wpadcenter-adgroup__row wpadcenter-aligncenter\"><div class=\"wpadcenter-ad-container\" ><div id=\"wpadcenter-ad-1704\" class=\"ad-placement\"><div class=\"wpadcenter-ad-inner\" ><a id=\"wpadcenter_ad\" data-value=\"1704\" data-placement=\"\" href=\"https:\/\/puntodincontro.mx\/es\/2021\/12\/24\/inps-verificacion-de-supervivencia-de-los-pensionados-en-el-extranjero\/\" target=\"_blank\" class=\"wpadcenter-ad-inner__item\" ><img decoding=\"async\"   src=\"https:\/\/puntodincontro.mx\/wp-content\/uploads\/2021\/11\/logo-ital.jpg\" class=\"attachment-post-thumbnail size-post-thumbnail wp-post-image\" alt=\"Patronato ITAL Messico\" srcset=\"https:\/\/puntodincontro.mx\/wp-content\/uploads\/2021\/11\/logo-ital.jpg 200w, https:\/\/puntodincontro.mx\/wp-content\/uploads\/2021\/11\/logo-ital-16x5.jpg 16w\" sizes=\"(max-width: 200px) 100vw, 200px\" \/><\/a><\/div><\/div><\/div><div class=\"wpadcenter-ad-container\" ><div id=\"wpadcenter-ad-1538\" class=\"ad-placement\"><div class=\"wpadcenter-ad-inner\" ><a id=\"wpadcenter_ad\" data-value=\"1538\" data-placement=\"\" href=\"https:\/\/asociacionitaliana.org\/\" target=\"_blank\" class=\"wpadcenter-ad-inner__item\" ><img decoding=\"async\"   src=\"https:\/\/puntodincontro.mx\/wp-content\/uploads\/2021\/11\/aialogo.jpg\" class=\"attachment-post-thumbnail size-post-thumbnail wp-post-image\" alt=\"Associazione Italiana di Assistenza IAP\" srcset=\"https:\/\/puntodincontro.mx\/wp-content\/uploads\/2021\/11\/aialogo.jpg 200w, https:\/\/puntodincontro.mx\/wp-content\/uploads\/2021\/11\/aialogo-18x5.jpg 18w\" sizes=\"(max-width: 200px) 100vw, 200px\" \/><\/a><\/div><\/div><\/div><div class=\"wpadcenter-ad-container\" ><div id=\"wpadcenter-ad-1513\" class=\"ad-placement\"><div class=\"wpadcenter-ad-inner\" ><a id=\"wpadcenter_ad\" data-value=\"1513\" data-placement=\"\" href=\"https:\/\/gcinmuebles.mx\" target=\"_blank\" class=\"wpadcenter-ad-inner__item\" ><img decoding=\"async\"   src=\"https:\/\/puntodincontro.mx\/wp-content\/uploads\/2021\/10\/gcinmuebleslogopunto-1.jpg\" class=\"attachment-post-thumbnail size-post-thumbnail wp-post-image\" alt=\"\" srcset=\"https:\/\/puntodincontro.mx\/wp-content\/uploads\/2021\/10\/gcinmuebleslogopunto-1.jpg 200w, https:\/\/puntodincontro.mx\/wp-content\/uploads\/2021\/10\/gcinmuebleslogopunto-1-18x5.jpg 18w\" sizes=\"(max-width: 200px) 100vw, 200px\" \/><\/a><\/div><\/div><\/div><\/div><div class=\"wpadcenter-adgroup__row wpadcenter-aligncenter\"><div class=\"wpadcenter-ad-container\" ><div id=\"wpadcenter-ad-1374\" class=\"ad-placement\"><div class=\"wpadcenter-ad-inner\" ><a id=\"wpadcenter_ad\" data-value=\"1374\" data-placement=\"\" href=\"https:\/\/www.9colonne.it\/\" target=\"_blank\" class=\"wpadcenter-ad-inner__item\" ><img decoding=\"async\"   src=\"https:\/\/puntodincontro.mx\/wp-content\/uploads\/2021\/10\/Banner9colonne.gif\" class=\"attachment-post-thumbnail size-post-thumbnail wp-post-image\" alt=\"\" \/><\/a><\/div><\/div><\/div><div class=\"wpadcenter-ad-container\" ><div id=\"wpadcenter-ad-276\" class=\"ad-placement\"><div class=\"wpadcenter-ad-inner\" ><a id=\"wpadcenter_ad\" data-value=\"276\" data-placement=\"\" href=\"http:\/\/www.camaraitaliana.mx\/\" target=\"_blank\" class=\"wpadcenter-ad-inner__item\" ><img decoding=\"async\"   src=\"https:\/\/puntodincontro.mx\/wp-content\/uploads\/2021\/08\/ccimnuovo.jpg\" class=\"attachment-post-thumbnail size-post-thumbnail wp-post-image\" alt=\"\" srcset=\"https:\/\/puntodincontro.mx\/wp-content\/uploads\/2021\/08\/ccimnuovo.jpg 200w, https:\/\/puntodincontro.mx\/wp-content\/uploads\/2021\/08\/ccimnuovo-18x5.jpg 18w\" sizes=\"(max-width: 200px) 100vw, 200px\" \/><\/a><\/div><\/div><\/div><div class=\"wpadcenter-ad-container\" ><div id=\"wpadcenter-ad-272\" class=\"ad-placement\"><div class=\"wpadcenter-ad-inner\" ><a id=\"wpadcenter_ad\" data-value=\"272\" data-placement=\"\" href=\"http:\/\/corix.us\/\" target=\"_blank\" class=\"wpadcenter-ad-inner__item\" ><img decoding=\"async\"   src=\"https:\/\/puntodincontro.mx\/wp-content\/uploads\/2021\/08\/corixbanner-1.jpg\" class=\"attachment-post-thumbnail size-post-thumbnail wp-post-image\" alt=\"\" srcset=\"https:\/\/puntodincontro.mx\/wp-content\/uploads\/2021\/08\/corixbanner-1.jpg 200w, https:\/\/puntodincontro.mx\/wp-content\/uploads\/2021\/08\/corixbanner-1-16x5.jpg 16w\" sizes=\"(max-width: 200px) 100vw, 200px\" \/><\/a><\/div><\/div><\/div><\/div><div class=\"wpadcenter-adgroup__row wpadcenter-aligncenter\"><div class=\"wpadcenter-ad-container\" ><div id=\"wpadcenter-ad-266\" class=\"ad-placement\"><div class=\"wpadcenter-ad-inner\" ><a id=\"wpadcenter_ad\" data-value=\"266\" data-placement=\"\" href=\"https:\/\/www.prinsel.com.mx\/\" target=\"_blank\" class=\"wpadcenter-ad-inner__item\" ><img decoding=\"async\"   src=\"https:\/\/puntodincontro.mx\/wp-content\/uploads\/2021\/08\/prinselbanner-1.jpg\" class=\"attachment-post-thumbnail size-post-thumbnail wp-post-image\" alt=\"\" srcset=\"https:\/\/puntodincontro.mx\/wp-content\/uploads\/2021\/08\/prinselbanner-1.jpg 200w, https:\/\/puntodincontro.mx\/wp-content\/uploads\/2021\/08\/prinselbanner-1-16x5.jpg 16w\" sizes=\"(max-width: 200px) 100vw, 200px\" \/><\/a><\/div><\/div><\/div><div class=\"wpadcenter-ad-container\" ><div id=\"wpadcenter-ad-261\" class=\"ad-placement\"><div class=\"wpadcenter-ad-inner\" ><a id=\"wpadcenter_ad\" data-value=\"261\" data-placement=\"\" href=\"https:\/\/faitalia.com.mx\/\" target=\"_blank\" class=\"wpadcenter-ad-inner__item\" ><img decoding=\"async\"   src=\"https:\/\/puntodincontro.mx\/wp-content\/uploads\/2021\/08\/gruppodino.jpg\" class=\"attachment-post-thumbnail size-post-thumbnail wp-post-image\" alt=\"\" srcset=\"https:\/\/puntodincontro.mx\/wp-content\/uploads\/2021\/08\/gruppodino.jpg 200w, https:\/\/puntodincontro.mx\/wp-content\/uploads\/2021\/08\/gruppodino-18x5.jpg 18w\" sizes=\"(max-width: 200px) 100vw, 200px\" \/><\/a><\/div><\/div><\/div><\/div><\/div>\n\n\n<div style=\"height:12px\" aria-hidden=\"true\" class=\"wp-block-spacer\"><\/div>","protected":false},"excerpt":{"rendered":"<p>Ore 01.32 &#8211; \u00abLa pi\u00f9 grande rassegna mai proposta in Italia\u00bb sulla fotografia di Tina Modotti si appresta a varcare le sale di Palazzo Roverella, a Rovigo. Dal 22 settembre al 28 gennaio Riccardo Costantini curer\u00e0 un\u2019ampia monografia promossa dalla Fondazione Cassa di Risparmio di Padova e Rovigo dedicata all\u2019artista friulana, con oltre 200 opere in mostra, affiancate da filmati e documenti. \u00abTina Modotti, sorella, non dormire, no, non dormireforse il tuo cuore sente crescere la rosadi ieri, l&#8217;ultima rosa di ieri, la nuova rosa.Riposa dolcemente, sorella.La nuova rosa \u00e8 tua, la nuova terra \u00e8 tua:Hai indossato un nuovo vestito&#8230; <\/p>","protected":false},"author":2,"featured_media":14121,"comment_status":"open","ping_status":"open","sticky":false,"template":"","format":"standard","meta":{"_monsterinsights_skip_tracking":false,"_monsterinsights_sitenote_active":false,"_monsterinsights_sitenote_note":"","_monsterinsights_sitenote_category":0,"footnotes":""},"categories":[25],"tags":[],"class_list":["post-14113","post","type-post","status-publish","format-standard","has-post-thumbnail","hentry","category-cultura"],"yoast_head":"<!-- This site is optimized with the Yoast SEO Premium plugin v18.4 (Yoast SEO v25.6) - https:\/\/yoast.com\/wordpress\/plugins\/seo\/ -->\n<title>\u00abLa pi\u00f9 grande rassegna mai proposta in Italia\u00bb su Tina Modotti<\/title>\n<meta name=\"description\" content=\"\u00abLa pi\u00f9 grande rassegna mai proposta in Italia\u00bb sulla fotografia di Tina Modotti varcher\u00e0 le sale di Palazzo Roverella, a Rovigo.\" \/>\n<meta name=\"robots\" content=\"index, follow, max-snippet:-1, max-image-preview:large, max-video-preview:-1\" \/>\n<link rel=\"canonical\" href=\"https:\/\/puntodincontro.mx\/es\/2023\/07\/14\/la-mas-grande-exposicion-jamas-presentada-en-italia-sobre-tina-modotti\/\" \/>\n<meta property=\"og:locale\" content=\"es_MX\" \/>\n<meta property=\"og:type\" content=\"article\" \/>\n<meta property=\"og:title\" content=\"\u00abLa pi\u00f9 grande rassegna mai proposta in Italia\u00bb su Tina Modotti\" \/>\n<meta property=\"og:description\" content=\"\u00abLa pi\u00f9 grande rassegna mai proposta in Italia\u00bb sulla fotografia di Tina Modotti varcher\u00e0 le sale di Palazzo Roverella, a Rovigo.\" \/>\n<meta property=\"og:url\" content=\"https:\/\/puntodincontro.mx\/es\/2023\/07\/14\/la-mas-grande-exposicion-jamas-presentada-en-italia-sobre-tina-modotti\/\" \/>\n<meta property=\"og:site_name\" content=\"Puntodincontro\" \/>\n<meta property=\"article:publisher\" content=\"https:\/\/www.facebook.com\/puntodincontro.mx\" \/>\n<meta property=\"article:published_time\" content=\"2023-07-14T08:37:58+00:00\" \/>\n<meta property=\"article:modified_time\" content=\"2023-07-14T08:37:59+00:00\" \/>\n<meta property=\"og:image\" content=\"https:\/\/puntodincontro.mx\/wp-content\/uploads\/2023\/07\/mujerconbanderacomp.jpg\" \/>\n\t<meta property=\"og:image:width\" content=\"932\" \/>\n\t<meta property=\"og:image:height\" content=\"488\" \/>\n\t<meta property=\"og:image:type\" content=\"image\/jpeg\" \/>\n<meta name=\"author\" content=\"Puntodincontro\" \/>\n<meta name=\"twitter:card\" content=\"summary_large_image\" \/>\n<meta name=\"twitter:creator\" content=\"@puntodincontro\" \/>\n<meta name=\"twitter:site\" content=\"@puntodincontro\" \/>\n<meta name=\"twitter:label1\" content=\"Escrito por\" \/>\n\t<meta name=\"twitter:data1\" content=\"Puntodincontro\" \/>\n\t<meta name=\"twitter:label2\" content=\"Tiempo de lectura\" \/>\n\t<meta name=\"twitter:data2\" content=\"2 minutos\" \/>\n<script type=\"application\/ld+json\" class=\"yoast-schema-graph\">{\"@context\":\"https:\/\/schema.org\",\"@graph\":[{\"@type\":\"NewsArticle\",\"@id\":\"https:\/\/puntodincontro.mx\/2023\/07\/14\/la-piu-grande-rassegna-mai-proposta-in-italia-su-tina-modotti\/#article\",\"isPartOf\":{\"@id\":\"https:\/\/puntodincontro.mx\/2023\/07\/14\/la-piu-grande-rassegna-mai-proposta-in-italia-su-tina-modotti\/\"},\"author\":{\"name\":\"Puntodincontro\",\"@id\":\"https:\/\/puntodincontro.mx\/#\/schema\/person\/d3066d18a16259cbb0c29b0d0e93b556\"},\"headline\":\"\u00abLa pi\u00f9 grande rassegna mai proposta in Italia\u00bb su Tina Modotti\",\"datePublished\":\"2023-07-14T08:37:58+00:00\",\"dateModified\":\"2023-07-14T08:37:59+00:00\",\"mainEntityOfPage\":{\"@id\":\"https:\/\/puntodincontro.mx\/2023\/07\/14\/la-piu-grande-rassegna-mai-proposta-in-italia-su-tina-modotti\/\"},\"wordCount\":381,\"commentCount\":0,\"publisher\":{\"@id\":\"https:\/\/puntodincontro.mx\/#organization\"},\"image\":{\"@id\":\"https:\/\/puntodincontro.mx\/2023\/07\/14\/la-piu-grande-rassegna-mai-proposta-in-italia-su-tina-modotti\/#primaryimage\"},\"thumbnailUrl\":\"https:\/\/puntodincontro.mx\/wp-content\/uploads\/2023\/07\/mujerconbanderavert.webp\",\"articleSection\":[\"Cultura\"],\"inLanguage\":\"es\",\"potentialAction\":[{\"@type\":\"CommentAction\",\"name\":\"Comment\",\"target\":[\"https:\/\/puntodincontro.mx\/2023\/07\/14\/la-piu-grande-rassegna-mai-proposta-in-italia-su-tina-modotti\/#respond\"]}]},{\"@type\":\"WebPage\",\"@id\":\"https:\/\/puntodincontro.mx\/2023\/07\/14\/la-piu-grande-rassegna-mai-proposta-in-italia-su-tina-modotti\/\",\"url\":\"https:\/\/puntodincontro.mx\/2023\/07\/14\/la-piu-grande-rassegna-mai-proposta-in-italia-su-tina-modotti\/\",\"name\":\"\u00abLa pi\u00f9 grande rassegna mai proposta in Italia\u00bb su Tina Modotti\",\"isPartOf\":{\"@id\":\"https:\/\/puntodincontro.mx\/#website\"},\"primaryImageOfPage\":{\"@id\":\"https:\/\/puntodincontro.mx\/2023\/07\/14\/la-piu-grande-rassegna-mai-proposta-in-italia-su-tina-modotti\/#primaryimage\"},\"image\":{\"@id\":\"https:\/\/puntodincontro.mx\/2023\/07\/14\/la-piu-grande-rassegna-mai-proposta-in-italia-su-tina-modotti\/#primaryimage\"},\"thumbnailUrl\":\"https:\/\/puntodincontro.mx\/wp-content\/uploads\/2023\/07\/mujerconbanderavert.webp\",\"datePublished\":\"2023-07-14T08:37:58+00:00\",\"dateModified\":\"2023-07-14T08:37:59+00:00\",\"description\":\"\u00abLa pi\u00f9 grande rassegna mai proposta in Italia\u00bb sulla fotografia di Tina Modotti varcher\u00e0 le sale di Palazzo Roverella, a Rovigo.\",\"breadcrumb\":{\"@id\":\"https:\/\/puntodincontro.mx\/2023\/07\/14\/la-piu-grande-rassegna-mai-proposta-in-italia-su-tina-modotti\/#breadcrumb\"},\"inLanguage\":\"es\",\"potentialAction\":[{\"@type\":\"ReadAction\",\"target\":[\"https:\/\/puntodincontro.mx\/2023\/07\/14\/la-piu-grande-rassegna-mai-proposta-in-italia-su-tina-modotti\/\"]}]},{\"@type\":\"ImageObject\",\"inLanguage\":\"es\",\"@id\":\"https:\/\/puntodincontro.mx\/2023\/07\/14\/la-piu-grande-rassegna-mai-proposta-in-italia-su-tina-modotti\/#primaryimage\",\"url\":\"https:\/\/puntodincontro.mx\/wp-content\/uploads\/2023\/07\/mujerconbanderavert.webp\",\"contentUrl\":\"https:\/\/puntodincontro.mx\/wp-content\/uploads\/2023\/07\/mujerconbanderavert.webp\",\"width\":423,\"height\":488,\"caption\":\"A Rovigo \u00abla pi\u00f9 grande rassegna mai proposta in Italia\u00bb su Tina Modotti\"},{\"@type\":\"BreadcrumbList\",\"@id\":\"https:\/\/puntodincontro.mx\/2023\/07\/14\/la-piu-grande-rassegna-mai-proposta-in-italia-su-tina-modotti\/#breadcrumb\",\"itemListElement\":[{\"@type\":\"ListItem\",\"position\":1,\"name\":\"Home\",\"item\":\"https:\/\/puntodincontro.mx\/\"},{\"@type\":\"ListItem\",\"position\":2,\"name\":\"\u00abLa pi\u00f9 grande rassegna mai proposta in Italia\u00bb su Tina Modotti\"}]},{\"@type\":\"WebSite\",\"@id\":\"https:\/\/puntodincontro.mx\/#website\",\"url\":\"https:\/\/puntodincontro.mx\/\",\"name\":\"Puntodincontro\",\"description\":\"Dal 2006 notizie sui rapporti Italia-Messico \/ Desde 2006 noticias sobre las relaciones entre Italia y M\u00e9xico\",\"publisher\":{\"@id\":\"https:\/\/puntodincontro.mx\/#organization\"},\"potentialAction\":[{\"@type\":\"SearchAction\",\"target\":{\"@type\":\"EntryPoint\",\"urlTemplate\":\"https:\/\/puntodincontro.mx\/?s={search_term_string}\"},\"query-input\":{\"@type\":\"PropertyValueSpecification\",\"valueRequired\":true,\"valueName\":\"search_term_string\"}}],\"inLanguage\":\"es\"},{\"@type\":\"Organization\",\"@id\":\"https:\/\/puntodincontro.mx\/#organization\",\"name\":\"Puntodincontro\",\"url\":\"https:\/\/puntodincontro.mx\/\",\"logo\":{\"@type\":\"ImageObject\",\"inLanguage\":\"es\",\"@id\":\"https:\/\/puntodincontro.mx\/#\/schema\/logo\/image\/\",\"url\":\"https:\/\/puntodincontro.mx\/wp-content\/uploads\/2021\/08\/Default-image-for-open-graph-settings.jpg\",\"contentUrl\":\"https:\/\/puntodincontro.mx\/wp-content\/uploads\/2021\/08\/Default-image-for-open-graph-settings.jpg\",\"width\":1200,\"height\":630,\"caption\":\"Puntodincontro\"},\"image\":{\"@id\":\"https:\/\/puntodincontro.mx\/#\/schema\/logo\/image\/\"},\"sameAs\":[\"https:\/\/www.facebook.com\/puntodincontro.mx\",\"https:\/\/x.com\/puntodincontro\",\"https:\/\/www.instagram.com\/puntodincontro.mx\/\",\"https:\/\/www.linkedin.com\/company\/puntodincontro\/\",\"https:\/\/www.youtube.com\/c\/puntodincontromessico\",\"https:\/\/www.patreon.com\/puntodincontro\",\"https:\/\/www.threads.net\/@puntodincontro.mx\"]},{\"@type\":\"Person\",\"@id\":\"https:\/\/puntodincontro.mx\/#\/schema\/person\/d3066d18a16259cbb0c29b0d0e93b556\",\"name\":\"Puntodincontro\",\"image\":{\"@type\":\"ImageObject\",\"inLanguage\":\"es\",\"@id\":\"https:\/\/puntodincontro.mx\/#\/schema\/person\/image\/\",\"url\":\"https:\/\/secure.gravatar.com\/avatar\/0e85b4b3b5e9d6bfcec6a4956d8cc63a?s=96&d=mm&r=g\",\"contentUrl\":\"https:\/\/secure.gravatar.com\/avatar\/0e85b4b3b5e9d6bfcec6a4956d8cc63a?s=96&d=mm&r=g\",\"caption\":\"Puntodincontro\"},\"url\":\"https:\/\/puntodincontro.mx\/es\/author\/puntodincontro\/\"}]}<\/script>\n<!-- \/ Yoast SEO Premium plugin. -->","yoast_head_json":{"title":"\u00abLa m\u00e1s grande exposici\u00f3n jam\u00e1s presentada en Italia\u00bb sobre Tina Modotti","description":"\u00abLa m\u00e1s grande exposici\u00f3n jam\u00e1s presentada en Italia\u00bb sobre la fotograf\u00eda de Tina Modotti ocupar\u00e1 los pasillos de Palazzo Roverella, en Rovigo.","robots":{"index":"index","follow":"follow","max-snippet":"max-snippet:-1","max-image-preview":"max-image-preview:large","max-video-preview":"max-video-preview:-1"},"canonical":"https:\/\/puntodincontro.mx\/es\/2023\/07\/14\/la-mas-grande-exposicion-jamas-presentada-en-italia-sobre-tina-modotti\/","og_locale":"es_MX","og_type":"article","og_title":"\u00abLa pi\u00f9 grande rassegna mai proposta in Italia\u00bb su Tina Modotti","og_description":"\u00abLa pi\u00f9 grande rassegna mai proposta in Italia\u00bb sulla fotografia di Tina Modotti varcher\u00e0 le sale di Palazzo Roverella, a Rovigo.","og_url":"https:\/\/puntodincontro.mx\/es\/2023\/07\/14\/la-mas-grande-exposicion-jamas-presentada-en-italia-sobre-tina-modotti\/","og_site_name":"Puntodincontro","article_publisher":"https:\/\/www.facebook.com\/puntodincontro.mx","article_published_time":"2023-07-14T08:37:58+00:00","article_modified_time":"2023-07-14T08:37:59+00:00","og_image":[{"width":932,"height":488,"url":"https:\/\/puntodincontro.mx\/wp-content\/uploads\/2023\/07\/mujerconbanderacomp.jpg","type":"image\/jpeg"}],"author":"Puntodincontro","twitter_card":"summary_large_image","twitter_creator":"@puntodincontro","twitter_site":"@puntodincontro","twitter_misc":{"Escrito por":"Puntodincontro","Tiempo de lectura":"2 minutos"},"schema":{"@context":"https:\/\/schema.org","@graph":[{"@type":"NewsArticle","@id":"https:\/\/puntodincontro.mx\/2023\/07\/14\/la-piu-grande-rassegna-mai-proposta-in-italia-su-tina-modotti\/#article","isPartOf":{"@id":"https:\/\/puntodincontro.mx\/2023\/07\/14\/la-piu-grande-rassegna-mai-proposta-in-italia-su-tina-modotti\/"},"author":{"name":"Puntodincontro","@id":"https:\/\/puntodincontro.mx\/#\/schema\/person\/d3066d18a16259cbb0c29b0d0e93b556"},"headline":"\u00abLa pi\u00f9 grande rassegna mai proposta in Italia\u00bb su Tina Modotti","datePublished":"2023-07-14T08:37:58+00:00","dateModified":"2023-07-14T08:37:59+00:00","mainEntityOfPage":{"@id":"https:\/\/puntodincontro.mx\/2023\/07\/14\/la-piu-grande-rassegna-mai-proposta-in-italia-su-tina-modotti\/"},"wordCount":381,"commentCount":0,"publisher":{"@id":"https:\/\/puntodincontro.mx\/#organization"},"image":{"@id":"https:\/\/puntodincontro.mx\/2023\/07\/14\/la-piu-grande-rassegna-mai-proposta-in-italia-su-tina-modotti\/#primaryimage"},"thumbnailUrl":"https:\/\/puntodincontro.mx\/wp-content\/uploads\/2023\/07\/mujerconbanderavert.webp","articleSection":["Cultura"],"inLanguage":"es","potentialAction":[{"@type":"CommentAction","name":"Comment","target":["https:\/\/puntodincontro.mx\/2023\/07\/14\/la-piu-grande-rassegna-mai-proposta-in-italia-su-tina-modotti\/#respond"]}]},{"@type":"WebPage","@id":"https:\/\/puntodincontro.mx\/2023\/07\/14\/la-piu-grande-rassegna-mai-proposta-in-italia-su-tina-modotti\/","url":"https:\/\/puntodincontro.mx\/2023\/07\/14\/la-piu-grande-rassegna-mai-proposta-in-italia-su-tina-modotti\/","name":"\u00abLa m\u00e1s grande exposici\u00f3n jam\u00e1s presentada en Italia\u00bb sobre Tina Modotti","isPartOf":{"@id":"https:\/\/puntodincontro.mx\/#website"},"primaryImageOfPage":{"@id":"https:\/\/puntodincontro.mx\/2023\/07\/14\/la-piu-grande-rassegna-mai-proposta-in-italia-su-tina-modotti\/#primaryimage"},"image":{"@id":"https:\/\/puntodincontro.mx\/2023\/07\/14\/la-piu-grande-rassegna-mai-proposta-in-italia-su-tina-modotti\/#primaryimage"},"thumbnailUrl":"https:\/\/puntodincontro.mx\/wp-content\/uploads\/2023\/07\/mujerconbanderavert.webp","datePublished":"2023-07-14T08:37:58+00:00","dateModified":"2023-07-14T08:37:59+00:00","description":"\u00abLa m\u00e1s grande exposici\u00f3n jam\u00e1s presentada en Italia\u00bb sobre la fotograf\u00eda de Tina Modotti ocupar\u00e1 los pasillos de Palazzo Roverella, en Rovigo.","breadcrumb":{"@id":"https:\/\/puntodincontro.mx\/2023\/07\/14\/la-piu-grande-rassegna-mai-proposta-in-italia-su-tina-modotti\/#breadcrumb"},"inLanguage":"es","potentialAction":[{"@type":"ReadAction","target":["https:\/\/puntodincontro.mx\/2023\/07\/14\/la-piu-grande-rassegna-mai-proposta-in-italia-su-tina-modotti\/"]}]},{"@type":"ImageObject","inLanguage":"es","@id":"https:\/\/puntodincontro.mx\/2023\/07\/14\/la-piu-grande-rassegna-mai-proposta-in-italia-su-tina-modotti\/#primaryimage","url":"https:\/\/puntodincontro.mx\/wp-content\/uploads\/2023\/07\/mujerconbanderavert.webp","contentUrl":"https:\/\/puntodincontro.mx\/wp-content\/uploads\/2023\/07\/mujerconbanderavert.webp","width":423,"height":488,"caption":"A Rovigo \u00abla pi\u00f9 grande rassegna mai proposta in Italia\u00bb su Tina Modotti"},{"@type":"BreadcrumbList","@id":"https:\/\/puntodincontro.mx\/2023\/07\/14\/la-piu-grande-rassegna-mai-proposta-in-italia-su-tina-modotti\/#breadcrumb","itemListElement":[{"@type":"ListItem","position":1,"name":"Home","item":"https:\/\/puntodincontro.mx\/"},{"@type":"ListItem","position":2,"name":"\u00abLa pi\u00f9 grande rassegna mai proposta in Italia\u00bb su Tina Modotti"}]},{"@type":"WebSite","@id":"https:\/\/puntodincontro.mx\/#website","url":"https:\/\/puntodincontro.mx\/","name":"Puntodincontro","description":"Desde el 2006 noticias sobre las relaciones entre Italia y M\u00e9xico \/ Dal 2006 notizie sui rapporti Italia-Messico","publisher":{"@id":"https:\/\/puntodincontro.mx\/#organization"},"potentialAction":[{"@type":"SearchAction","target":{"@type":"EntryPoint","urlTemplate":"https:\/\/puntodincontro.mx\/?s={search_term_string}"},"query-input":{"@type":"PropertyValueSpecification","valueRequired":true,"valueName":"search_term_string"}}],"inLanguage":"es"},{"@type":"Organization","@id":"https:\/\/puntodincontro.mx\/#organization","name":"Puntodincontro","url":"https:\/\/puntodincontro.mx\/","logo":{"@type":"ImageObject","inLanguage":"es","@id":"https:\/\/puntodincontro.mx\/#\/schema\/logo\/image\/","url":"https:\/\/puntodincontro.mx\/wp-content\/uploads\/2021\/08\/Default-image-for-open-graph-settings.jpg","contentUrl":"https:\/\/puntodincontro.mx\/wp-content\/uploads\/2021\/08\/Default-image-for-open-graph-settings.jpg","width":1200,"height":630,"caption":"Puntodincontro"},"image":{"@id":"https:\/\/puntodincontro.mx\/#\/schema\/logo\/image\/"},"sameAs":["https:\/\/www.facebook.com\/puntodincontro.mx","https:\/\/x.com\/puntodincontro","https:\/\/www.instagram.com\/puntodincontro.mx\/","https:\/\/www.linkedin.com\/company\/puntodincontro\/","https:\/\/www.youtube.com\/c\/puntodincontromessico","https:\/\/www.patreon.com\/puntodincontro","https:\/\/www.threads.net\/@puntodincontro.mx"]},{"@type":"Person","@id":"https:\/\/puntodincontro.mx\/#\/schema\/person\/d3066d18a16259cbb0c29b0d0e93b556","name":"Puntodincontro","image":{"@type":"ImageObject","inLanguage":"es","@id":"https:\/\/puntodincontro.mx\/#\/schema\/person\/image\/","url":"https:\/\/secure.gravatar.com\/avatar\/0e85b4b3b5e9d6bfcec6a4956d8cc63a?s=96&d=mm&r=g","contentUrl":"https:\/\/secure.gravatar.com\/avatar\/0e85b4b3b5e9d6bfcec6a4956d8cc63a?s=96&d=mm&r=g","caption":"Puntodincontro"},"url":"https:\/\/puntodincontro.mx\/es\/author\/puntodincontro\/"}]}},"_links":{"self":[{"href":"https:\/\/puntodincontro.mx\/es\/wp-json\/wp\/v2\/posts\/14113"}],"collection":[{"href":"https:\/\/puntodincontro.mx\/es\/wp-json\/wp\/v2\/posts"}],"about":[{"href":"https:\/\/puntodincontro.mx\/es\/wp-json\/wp\/v2\/types\/post"}],"author":[{"embeddable":true,"href":"https:\/\/puntodincontro.mx\/es\/wp-json\/wp\/v2\/users\/2"}],"replies":[{"embeddable":true,"href":"https:\/\/puntodincontro.mx\/es\/wp-json\/wp\/v2\/comments?post=14113"}],"version-history":[{"count":9,"href":"https:\/\/puntodincontro.mx\/es\/wp-json\/wp\/v2\/posts\/14113\/revisions"}],"predecessor-version":[{"id":14125,"href":"https:\/\/puntodincontro.mx\/es\/wp-json\/wp\/v2\/posts\/14113\/revisions\/14125"}],"wp:featuredmedia":[{"embeddable":true,"href":"https:\/\/puntodincontro.mx\/es\/wp-json\/wp\/v2\/media\/14121"}],"wp:attachment":[{"href":"https:\/\/puntodincontro.mx\/es\/wp-json\/wp\/v2\/media?parent=14113"}],"wp:term":[{"taxonomy":"category","embeddable":true,"href":"https:\/\/puntodincontro.mx\/es\/wp-json\/wp\/v2\/categories?post=14113"},{"taxonomy":"post_tag","embeddable":true,"href":"https:\/\/puntodincontro.mx\/es\/wp-json\/wp\/v2\/tags?post=14113"}],"curies":[{"name":"wp","href":"https:\/\/api.w.org\/{rel}","templated":true}]}}