{"id":1412,"date":"2021-10-25T05:11:30","date_gmt":"2021-10-25T10:11:30","guid":{"rendered":"https:\/\/puntodincontro.mx\/?p=1412"},"modified":"2021-10-29T07:41:28","modified_gmt":"2021-10-29T12:41:28","slug":"ferrari-en-mexico-podemos-ser-competitivos","status":"publish","type":"post","link":"https:\/\/puntodincontro.mx\/es\/2021\/10\/25\/ferrari-in-messico-possiamo-essere-competitivi\/","title":{"rendered":"Ferrari: \u00abEn M\u00e9xico podemos ser competitivos\u00bb"},"content":{"rendered":"<p class=\"translation-block\"><strong>05.04 hrs.<\/strong> \u2013 Cuarto lugar para Leclerc, s\u00e9ptimo para Sainz. Ferrari cerr\u00f3 el GP de Estados Unidos con un resultado por encima de las expectativas.<\/p>\n\n\n\n<p>En una pista que parec\u00eda dif\u00edcil para el SF21, las actualizaciones a la parte h\u00edbrida del motor permitieron al equipo de Maranello sumar puntos sobre McLaren en la clasificaci\u00f3n de constructores.<\/p>\n\n\n\n<p>\u00abCharles hizo una buena carrera\u00bb \u2014coment\u00f3 Mattia Binotto a Sky Sport F1\u2014 \u00abno pod\u00eda hacer m\u00e1s que eso. Ten\u00eda buen ritmo y en algunos puntos era tan r\u00e1pido como los primeros, gracias a un coche que ha mejorado en prestaciones y a su carrera sin errores\u00bb.<\/p>\n\n\n\n<p>\u00abL\u00e1stima para Carlos\u00bb \u2014continu\u00f3\u2014 \u00abporque si veo la actuaci\u00f3n de Charles, que termin\u00f3 25 segundos por delante de Ricciardo sac\u00e1ndole medio segundo por vuelta, el potencial para una buena carrera estaba ah\u00ed, pero no pudimos aprovecharlo. Sali\u00f3 con los neum\u00e1ticos rojos, pero no tuvo un buen arranque en la primera vuelta y a partir de ah\u00ed todo se complic\u00f3. Pero estaba recuper\u00e1ndose, l\u00e1stima que se perdi\u00f3 el momento crucial en la parada en boxes. Est\u00e1bamos intentando el \u201cundercut\u201d para rebasar a Ricciardo, pero en cambio tuvimos un problema que nos cost\u00f3 dos posiciones. Es la demostraci\u00f3n de que cada detalle cuenta y todav\u00eda hay muchas \u00e1reas en las que podemos mejorar\u00bb.<\/p>\n\n\n\n<p>La siguiente cita ser\u00e1 en M\u00e9xico del 5 al 7 de noviembre en el circuito dedicado a los hermanos Rodr\u00edguez que, en teor\u00eda, deber\u00eda adecuarse m\u00e1s a las caracter\u00edsticas de Ferrari.<\/p>\n\n\n\n<p>\u00abNos concentramos en cada carrera, cada evento tiene sus escollos\u00bb \u2014concluy\u00f3 Binotto\u2014 \u00abaqu\u00ed empezamos desfavorecidos contra McLaren y en cambio recuperamos 4 puntos. Sabemos que en M\u00e9xico podemos ser competitivos, centr\u00e9monos en esto y luego veremos\u00bb.<\/p>\n\n\n\n<div style=\"height:12px\" aria-hidden=\"true\" class=\"wp-block-spacer\"><\/div>\n\n\n\n\n\n\n\n<div style=\"height:12px\" aria-hidden=\"true\" class=\"wp-block-spacer\"><\/div>","protected":false},"excerpt":{"rendered":"<p>Ore 05.04 &#8211; Quarto posto per Leclerc, settimo per Sainz. La Ferrari ha chiuso il GP degli Stati Uniti con un risultato superiore alle aspettative. Su una pista dove la SF21 pareva sfavorita, gli aggiornamenti alla parte ibrida del motore hanno permesso alla scuderia di Maranello di guadagnare punti sulla McLaren nella classifica costruttori. \u00abCharles ha fatto una bella gara\u00bb \u2014ha commentato Mattia Binotto a Sky Sport F1\u2014 \u00abpi\u00f9 di cos\u00ec non poteva fare. Ha avuto un buon ritmo e in certi tratti era veloce tanto quanto i primi, merito di una vettura in crescita nelle prestazioni e della sua&#8230; <\/p>","protected":false},"author":2,"featured_media":1415,"comment_status":"open","ping_status":"open","sticky":false,"template":"","format":"standard","meta":{"_monsterinsights_skip_tracking":false,"_monsterinsights_sitenote_active":false,"_monsterinsights_sitenote_note":"","_monsterinsights_sitenote_category":0,"footnotes":""},"categories":[11],"tags":[],"class_list":["post-1412","post","type-post","status-publish","format-standard","has-post-thumbnail","hentry","category-sport"],"yoast_head":"<!-- This site is optimized with the Yoast SEO Premium plugin v18.4 (Yoast SEO v25.6) - https:\/\/yoast.com\/wordpress\/plugins\/seo\/ -->\n<title>Ferrari: \u00abIn Messico possiamo essere competitivi\u00bb Puntodincontro<\/title>\n<meta name=\"description\" content=\"Quarto posto per Leclerc, settimo per Sainz. La Ferrari ha chiuso il GP degli Stati Uniti con un risultato superiore alle aspettative. Su una pista dove la SF21 pareva sfavorita, gli aggiornamenti alla parte ibrida del motore hanno permesso alla scuderia di Maranello di guadagnare punti sulla McLaren nella classifica costruttori.\" \/>\n<meta name=\"robots\" content=\"index, follow, max-snippet:-1, max-image-preview:large, max-video-preview:-1\" \/>\n<link rel=\"canonical\" href=\"https:\/\/puntodincontro.mx\/es\/2021\/10\/25\/ferrari-en-mexico-podemos-ser-competitivos\/\" \/>\n<meta property=\"og:locale\" content=\"es_MX\" \/>\n<meta property=\"og:type\" content=\"article\" \/>\n<meta property=\"og:title\" content=\"Ferrari: \u00abIn Messico possiamo essere competitivi\u00bb\" \/>\n<meta property=\"og:description\" content=\"Quarto posto per Leclerc, settimo per Sainz. La Ferrari ha chiuso il GP degli Stati Uniti con un risultato superiore alle aspettative. Su una pista dove la SF21 pareva sfavorita, gli aggiornamenti alla parte ibrida del motore hanno permesso alla scuderia di Maranello di guadagnare punti sulla McLaren nella classifica costruttori.\" \/>\n<meta property=\"og:url\" content=\"https:\/\/puntodincontro.mx\/es\/2021\/10\/25\/ferrari-en-mexico-podemos-ser-competitivos\/\" \/>\n<meta property=\"og:site_name\" content=\"Puntodincontro\" \/>\n<meta property=\"article:publisher\" content=\"https:\/\/www.facebook.com\/puntodincontro.mx\" \/>\n<meta property=\"article:published_time\" content=\"2021-10-25T10:11:30+00:00\" \/>\n<meta property=\"article:modified_time\" content=\"2021-10-29T12:41:28+00:00\" \/>\n<meta property=\"og:image\" content=\"https:\/\/puntodincontro.mx\/wp-content\/uploads\/2021\/10\/ferraripossiamoesserecompetitiviinmessicovert.webp\" \/>\n\t<meta property=\"og:image:width\" content=\"423\" \/>\n\t<meta property=\"og:image:height\" content=\"488\" \/>\n\t<meta property=\"og:image:type\" content=\"image\/webp\" \/>\n<meta name=\"author\" content=\"Puntodincontro\" \/>\n<meta name=\"twitter:card\" content=\"summary_large_image\" \/>\n<meta name=\"twitter:creator\" content=\"@puntodincontro\" \/>\n<meta name=\"twitter:site\" content=\"@puntodincontro\" \/>\n<meta name=\"twitter:label1\" content=\"Escrito por\" \/>\n\t<meta name=\"twitter:data1\" content=\"Puntodincontro\" \/>\n\t<meta name=\"twitter:label2\" content=\"Tiempo de lectura\" \/>\n\t<meta name=\"twitter:data2\" content=\"2 minutos\" \/>\n<script type=\"application\/ld+json\" class=\"yoast-schema-graph\">{\"@context\":\"https:\/\/schema.org\",\"@graph\":[{\"@type\":\"NewsArticle\",\"@id\":\"https:\/\/puntodincontro.mx\/2021\/10\/25\/ferrari-in-messico-possiamo-essere-competitivi\/#article\",\"isPartOf\":{\"@id\":\"https:\/\/puntodincontro.mx\/2021\/10\/25\/ferrari-in-messico-possiamo-essere-competitivi\/\"},\"author\":{\"name\":\"Puntodincontro\",\"@id\":\"https:\/\/puntodincontro.mx\/#\/schema\/person\/d3066d18a16259cbb0c29b0d0e93b556\"},\"headline\":\"Ferrari: \u00abIn Messico possiamo essere competitivi\u00bb\",\"datePublished\":\"2021-10-25T10:11:30+00:00\",\"dateModified\":\"2021-10-29T12:41:28+00:00\",\"mainEntityOfPage\":{\"@id\":\"https:\/\/puntodincontro.mx\/2021\/10\/25\/ferrari-in-messico-possiamo-essere-competitivi\/\"},\"wordCount\":283,\"commentCount\":0,\"publisher\":{\"@id\":\"https:\/\/puntodincontro.mx\/#organization\"},\"image\":{\"@id\":\"https:\/\/puntodincontro.mx\/2021\/10\/25\/ferrari-in-messico-possiamo-essere-competitivi\/#primaryimage\"},\"thumbnailUrl\":\"https:\/\/puntodincontro.mx\/wp-content\/uploads\/2021\/10\/ferraripossiamoesserecompetitiviinmessicovert.webp\",\"articleSection\":[\"Sport\"],\"inLanguage\":\"es\",\"potentialAction\":[{\"@type\":\"CommentAction\",\"name\":\"Comment\",\"target\":[\"https:\/\/puntodincontro.mx\/2021\/10\/25\/ferrari-in-messico-possiamo-essere-competitivi\/#respond\"]}]},{\"@type\":\"WebPage\",\"@id\":\"https:\/\/puntodincontro.mx\/2021\/10\/25\/ferrari-in-messico-possiamo-essere-competitivi\/\",\"url\":\"https:\/\/puntodincontro.mx\/2021\/10\/25\/ferrari-in-messico-possiamo-essere-competitivi\/\",\"name\":\"Ferrari: \u00abIn Messico possiamo essere competitivi\u00bb Puntodincontro\",\"isPartOf\":{\"@id\":\"https:\/\/puntodincontro.mx\/#website\"},\"primaryImageOfPage\":{\"@id\":\"https:\/\/puntodincontro.mx\/2021\/10\/25\/ferrari-in-messico-possiamo-essere-competitivi\/#primaryimage\"},\"image\":{\"@id\":\"https:\/\/puntodincontro.mx\/2021\/10\/25\/ferrari-in-messico-possiamo-essere-competitivi\/#primaryimage\"},\"thumbnailUrl\":\"https:\/\/puntodincontro.mx\/wp-content\/uploads\/2021\/10\/ferraripossiamoesserecompetitiviinmessicovert.webp\",\"datePublished\":\"2021-10-25T10:11:30+00:00\",\"dateModified\":\"2021-10-29T12:41:28+00:00\",\"description\":\"Quarto posto per Leclerc, settimo per Sainz. La Ferrari ha chiuso il GP degli Stati Uniti con un risultato superiore alle aspettative. Su una pista dove la SF21 pareva sfavorita, gli aggiornamenti alla parte ibrida del motore hanno permesso alla scuderia di Maranello di guadagnare punti sulla McLaren nella classifica costruttori.\",\"breadcrumb\":{\"@id\":\"https:\/\/puntodincontro.mx\/2021\/10\/25\/ferrari-in-messico-possiamo-essere-competitivi\/#breadcrumb\"},\"inLanguage\":\"es\",\"potentialAction\":[{\"@type\":\"ReadAction\",\"target\":[\"https:\/\/puntodincontro.mx\/2021\/10\/25\/ferrari-in-messico-possiamo-essere-competitivi\/\"]}]},{\"@type\":\"ImageObject\",\"inLanguage\":\"es\",\"@id\":\"https:\/\/puntodincontro.mx\/2021\/10\/25\/ferrari-in-messico-possiamo-essere-competitivi\/#primaryimage\",\"url\":\"https:\/\/puntodincontro.mx\/wp-content\/uploads\/2021\/10\/ferraripossiamoesserecompetitiviinmessicovert.webp\",\"contentUrl\":\"https:\/\/puntodincontro.mx\/wp-content\/uploads\/2021\/10\/ferraripossiamoesserecompetitiviinmessicovert.webp\",\"width\":423,\"height\":488},{\"@type\":\"BreadcrumbList\",\"@id\":\"https:\/\/puntodincontro.mx\/2021\/10\/25\/ferrari-in-messico-possiamo-essere-competitivi\/#breadcrumb\",\"itemListElement\":[{\"@type\":\"ListItem\",\"position\":1,\"name\":\"Home\",\"item\":\"https:\/\/puntodincontro.mx\/\"},{\"@type\":\"ListItem\",\"position\":2,\"name\":\"Ferrari: \u00abIn Messico possiamo essere competitivi\u00bb\"}]},{\"@type\":\"WebSite\",\"@id\":\"https:\/\/puntodincontro.mx\/#website\",\"url\":\"https:\/\/puntodincontro.mx\/\",\"name\":\"Puntodincontro\",\"description\":\"Dal 2006 notizie sui rapporti Italia-Messico \/ Desde 2006 noticias sobre las relaciones entre Italia y M\u00e9xico\",\"publisher\":{\"@id\":\"https:\/\/puntodincontro.mx\/#organization\"},\"potentialAction\":[{\"@type\":\"SearchAction\",\"target\":{\"@type\":\"EntryPoint\",\"urlTemplate\":\"https:\/\/puntodincontro.mx\/?s={search_term_string}\"},\"query-input\":{\"@type\":\"PropertyValueSpecification\",\"valueRequired\":true,\"valueName\":\"search_term_string\"}}],\"inLanguage\":\"es\"},{\"@type\":\"Organization\",\"@id\":\"https:\/\/puntodincontro.mx\/#organization\",\"name\":\"Puntodincontro\",\"url\":\"https:\/\/puntodincontro.mx\/\",\"logo\":{\"@type\":\"ImageObject\",\"inLanguage\":\"es\",\"@id\":\"https:\/\/puntodincontro.mx\/#\/schema\/logo\/image\/\",\"url\":\"https:\/\/puntodincontro.mx\/wp-content\/uploads\/2021\/08\/Default-image-for-open-graph-settings.jpg\",\"contentUrl\":\"https:\/\/puntodincontro.mx\/wp-content\/uploads\/2021\/08\/Default-image-for-open-graph-settings.jpg\",\"width\":1200,\"height\":630,\"caption\":\"Puntodincontro\"},\"image\":{\"@id\":\"https:\/\/puntodincontro.mx\/#\/schema\/logo\/image\/\"},\"sameAs\":[\"https:\/\/www.facebook.com\/puntodincontro.mx\",\"https:\/\/x.com\/puntodincontro\",\"https:\/\/www.instagram.com\/puntodincontro.mx\/\",\"https:\/\/www.linkedin.com\/company\/puntodincontro\/\",\"https:\/\/www.youtube.com\/c\/puntodincontromessico\",\"https:\/\/www.patreon.com\/puntodincontro\",\"https:\/\/www.threads.net\/@puntodincontro.mx\"]},{\"@type\":\"Person\",\"@id\":\"https:\/\/puntodincontro.mx\/#\/schema\/person\/d3066d18a16259cbb0c29b0d0e93b556\",\"name\":\"Puntodincontro\",\"image\":{\"@type\":\"ImageObject\",\"inLanguage\":\"es\",\"@id\":\"https:\/\/puntodincontro.mx\/#\/schema\/person\/image\/\",\"url\":\"https:\/\/secure.gravatar.com\/avatar\/0e85b4b3b5e9d6bfcec6a4956d8cc63a?s=96&d=mm&r=g\",\"contentUrl\":\"https:\/\/secure.gravatar.com\/avatar\/0e85b4b3b5e9d6bfcec6a4956d8cc63a?s=96&d=mm&r=g\",\"caption\":\"Puntodincontro\"},\"url\":\"https:\/\/puntodincontro.mx\/es\/author\/puntodincontro\/\"}]}<\/script>\n<!-- \/ Yoast SEO Premium plugin. -->","yoast_head_json":{"title":"Ferrari: \u00abIn Messico possiamo essere competitivi\u00bb Puntodincontro","description":"Cuarto lugar para Leclerc, s\u00e9ptimo para Sainz. Ferrari cerr\u00f3 el GP de Estados Unidos con un resultado por encima de las expectativas. En una pista que parec\u00eda dif\u00edcil para el SF21, las actualizaciones a la parte h\u00edbrida del motor permitieron al equipo de Maranello sumar puntos sobre McLaren en la clasificaci\u00f3n de constructores.","robots":{"index":"index","follow":"follow","max-snippet":"max-snippet:-1","max-image-preview":"max-image-preview:large","max-video-preview":"max-video-preview:-1"},"canonical":"https:\/\/puntodincontro.mx\/es\/2021\/10\/25\/ferrari-en-mexico-podemos-ser-competitivos\/","og_locale":"es_MX","og_type":"article","og_title":"Ferrari: \u00abIn Messico possiamo essere competitivi\u00bb","og_description":"Quarto posto per Leclerc, settimo per Sainz. La Ferrari ha chiuso il GP degli Stati Uniti con un risultato superiore alle aspettative. Su una pista dove la SF21 pareva sfavorita, gli aggiornamenti alla parte ibrida del motore hanno permesso alla scuderia di Maranello di guadagnare punti sulla McLaren nella classifica costruttori.","og_url":"https:\/\/puntodincontro.mx\/es\/2021\/10\/25\/ferrari-en-mexico-podemos-ser-competitivos\/","og_site_name":"Puntodincontro","article_publisher":"https:\/\/www.facebook.com\/puntodincontro.mx","article_published_time":"2021-10-25T10:11:30+00:00","article_modified_time":"2021-10-29T12:41:28+00:00","og_image":[{"width":423,"height":488,"url":"https:\/\/puntodincontro.mx\/wp-content\/uploads\/2021\/10\/ferraripossiamoesserecompetitiviinmessicovert.webp","type":"image\/webp"}],"author":"Puntodincontro","twitter_card":"summary_large_image","twitter_creator":"@puntodincontro","twitter_site":"@puntodincontro","twitter_misc":{"Escrito por":"Puntodincontro","Tiempo de lectura":"2 minutos"},"schema":{"@context":"https:\/\/schema.org","@graph":[{"@type":"NewsArticle","@id":"https:\/\/puntodincontro.mx\/2021\/10\/25\/ferrari-in-messico-possiamo-essere-competitivi\/#article","isPartOf":{"@id":"https:\/\/puntodincontro.mx\/2021\/10\/25\/ferrari-in-messico-possiamo-essere-competitivi\/"},"author":{"name":"Puntodincontro","@id":"https:\/\/puntodincontro.mx\/#\/schema\/person\/d3066d18a16259cbb0c29b0d0e93b556"},"headline":"Ferrari: \u00abIn Messico possiamo essere competitivi\u00bb","datePublished":"2021-10-25T10:11:30+00:00","dateModified":"2021-10-29T12:41:28+00:00","mainEntityOfPage":{"@id":"https:\/\/puntodincontro.mx\/2021\/10\/25\/ferrari-in-messico-possiamo-essere-competitivi\/"},"wordCount":283,"commentCount":0,"publisher":{"@id":"https:\/\/puntodincontro.mx\/#organization"},"image":{"@id":"https:\/\/puntodincontro.mx\/2021\/10\/25\/ferrari-in-messico-possiamo-essere-competitivi\/#primaryimage"},"thumbnailUrl":"https:\/\/puntodincontro.mx\/wp-content\/uploads\/2021\/10\/ferraripossiamoesserecompetitiviinmessicovert.webp","articleSection":["Sport"],"inLanguage":"es","potentialAction":[{"@type":"CommentAction","name":"Comment","target":["https:\/\/puntodincontro.mx\/2021\/10\/25\/ferrari-in-messico-possiamo-essere-competitivi\/#respond"]}]},{"@type":"WebPage","@id":"https:\/\/puntodincontro.mx\/2021\/10\/25\/ferrari-in-messico-possiamo-essere-competitivi\/","url":"https:\/\/puntodincontro.mx\/2021\/10\/25\/ferrari-in-messico-possiamo-essere-competitivi\/","name":"Ferrari: \u00abIn Messico possiamo essere competitivi\u00bb Puntodincontro","isPartOf":{"@id":"https:\/\/puntodincontro.mx\/#website"},"primaryImageOfPage":{"@id":"https:\/\/puntodincontro.mx\/2021\/10\/25\/ferrari-in-messico-possiamo-essere-competitivi\/#primaryimage"},"image":{"@id":"https:\/\/puntodincontro.mx\/2021\/10\/25\/ferrari-in-messico-possiamo-essere-competitivi\/#primaryimage"},"thumbnailUrl":"https:\/\/puntodincontro.mx\/wp-content\/uploads\/2021\/10\/ferraripossiamoesserecompetitiviinmessicovert.webp","datePublished":"2021-10-25T10:11:30+00:00","dateModified":"2021-10-29T12:41:28+00:00","description":"Cuarto lugar para Leclerc, s\u00e9ptimo para Sainz. Ferrari cerr\u00f3 el GP de Estados Unidos con un resultado por encima de las expectativas. En una pista que parec\u00eda dif\u00edcil para el SF21, las actualizaciones a la parte h\u00edbrida del motor permitieron al equipo de Maranello sumar puntos sobre McLaren en la clasificaci\u00f3n de constructores.","breadcrumb":{"@id":"https:\/\/puntodincontro.mx\/2021\/10\/25\/ferrari-in-messico-possiamo-essere-competitivi\/#breadcrumb"},"inLanguage":"es","potentialAction":[{"@type":"ReadAction","target":["https:\/\/puntodincontro.mx\/2021\/10\/25\/ferrari-in-messico-possiamo-essere-competitivi\/"]}]},{"@type":"ImageObject","inLanguage":"es","@id":"https:\/\/puntodincontro.mx\/2021\/10\/25\/ferrari-in-messico-possiamo-essere-competitivi\/#primaryimage","url":"https:\/\/puntodincontro.mx\/wp-content\/uploads\/2021\/10\/ferraripossiamoesserecompetitiviinmessicovert.webp","contentUrl":"https:\/\/puntodincontro.mx\/wp-content\/uploads\/2021\/10\/ferraripossiamoesserecompetitiviinmessicovert.webp","width":423,"height":488},{"@type":"BreadcrumbList","@id":"https:\/\/puntodincontro.mx\/2021\/10\/25\/ferrari-in-messico-possiamo-essere-competitivi\/#breadcrumb","itemListElement":[{"@type":"ListItem","position":1,"name":"Home","item":"https:\/\/puntodincontro.mx\/"},{"@type":"ListItem","position":2,"name":"Ferrari: \u00abIn Messico possiamo essere competitivi\u00bb"}]},{"@type":"WebSite","@id":"https:\/\/puntodincontro.mx\/#website","url":"https:\/\/puntodincontro.mx\/","name":"Puntodincontro","description":"Desde el 2006 noticias sobre las relaciones entre Italia y M\u00e9xico \/ Dal 2006 notizie sui rapporti Italia-Messico","publisher":{"@id":"https:\/\/puntodincontro.mx\/#organization"},"potentialAction":[{"@type":"SearchAction","target":{"@type":"EntryPoint","urlTemplate":"https:\/\/puntodincontro.mx\/?s={search_term_string}"},"query-input":{"@type":"PropertyValueSpecification","valueRequired":true,"valueName":"search_term_string"}}],"inLanguage":"es"},{"@type":"Organization","@id":"https:\/\/puntodincontro.mx\/#organization","name":"Puntodincontro","url":"https:\/\/puntodincontro.mx\/","logo":{"@type":"ImageObject","inLanguage":"es","@id":"https:\/\/puntodincontro.mx\/#\/schema\/logo\/image\/","url":"https:\/\/puntodincontro.mx\/wp-content\/uploads\/2021\/08\/Default-image-for-open-graph-settings.jpg","contentUrl":"https:\/\/puntodincontro.mx\/wp-content\/uploads\/2021\/08\/Default-image-for-open-graph-settings.jpg","width":1200,"height":630,"caption":"Puntodincontro"},"image":{"@id":"https:\/\/puntodincontro.mx\/#\/schema\/logo\/image\/"},"sameAs":["https:\/\/www.facebook.com\/puntodincontro.mx","https:\/\/x.com\/puntodincontro","https:\/\/www.instagram.com\/puntodincontro.mx\/","https:\/\/www.linkedin.com\/company\/puntodincontro\/","https:\/\/www.youtube.com\/c\/puntodincontromessico","https:\/\/www.patreon.com\/puntodincontro","https:\/\/www.threads.net\/@puntodincontro.mx"]},{"@type":"Person","@id":"https:\/\/puntodincontro.mx\/#\/schema\/person\/d3066d18a16259cbb0c29b0d0e93b556","name":"Puntodincontro","image":{"@type":"ImageObject","inLanguage":"es","@id":"https:\/\/puntodincontro.mx\/#\/schema\/person\/image\/","url":"https:\/\/secure.gravatar.com\/avatar\/0e85b4b3b5e9d6bfcec6a4956d8cc63a?s=96&d=mm&r=g","contentUrl":"https:\/\/secure.gravatar.com\/avatar\/0e85b4b3b5e9d6bfcec6a4956d8cc63a?s=96&d=mm&r=g","caption":"Puntodincontro"},"url":"https:\/\/puntodincontro.mx\/es\/author\/puntodincontro\/"}]}},"_links":{"self":[{"href":"https:\/\/puntodincontro.mx\/es\/wp-json\/wp\/v2\/posts\/1412"}],"collection":[{"href":"https:\/\/puntodincontro.mx\/es\/wp-json\/wp\/v2\/posts"}],"about":[{"href":"https:\/\/puntodincontro.mx\/es\/wp-json\/wp\/v2\/types\/post"}],"author":[{"embeddable":true,"href":"https:\/\/puntodincontro.mx\/es\/wp-json\/wp\/v2\/users\/2"}],"replies":[{"embeddable":true,"href":"https:\/\/puntodincontro.mx\/es\/wp-json\/wp\/v2\/comments?post=1412"}],"version-history":[{"count":2,"href":"https:\/\/puntodincontro.mx\/es\/wp-json\/wp\/v2\/posts\/1412\/revisions"}],"predecessor-version":[{"id":1532,"href":"https:\/\/puntodincontro.mx\/es\/wp-json\/wp\/v2\/posts\/1412\/revisions\/1532"}],"wp:featuredmedia":[{"embeddable":true,"href":"https:\/\/puntodincontro.mx\/es\/wp-json\/wp\/v2\/media\/1415"}],"wp:attachment":[{"href":"https:\/\/puntodincontro.mx\/es\/wp-json\/wp\/v2\/media?parent=1412"}],"wp:term":[{"taxonomy":"category","embeddable":true,"href":"https:\/\/puntodincontro.mx\/es\/wp-json\/wp\/v2\/categories?post=1412"},{"taxonomy":"post_tag","embeddable":true,"href":"https:\/\/puntodincontro.mx\/es\/wp-json\/wp\/v2\/tags?post=1412"}],"curies":[{"name":"wp","href":"https:\/\/api.w.org\/{rel}","templated":true}]}}