{"id":14126,"date":"2023-07-14T09:37:19","date_gmt":"2023-07-14T14:37:19","guid":{"rendered":"https:\/\/puntodincontro.mx\/?p=14126"},"modified":"2023-07-14T10:46:44","modified_gmt":"2023-07-14T15:46:44","slug":"no-habra-salario-nimo-en-italia-en-mexico-es-de-1126-euros-dia","status":"publish","type":"post","link":"https:\/\/puntodincontro.mx\/es\/2023\/07\/14\/non-ci-sara-un-salario-minimo-in-italia-in-messico-e-di-1126-euro-giorno\/","title":{"rendered":"No habr\u00e1 salario m\u00ednimo en Italia. En M\u00e9xico es de 11.26 euros\/d\u00eda"},"content":{"rendered":"<p class=\"translation-block\"><strong>08:08 hrs.<\/strong> - En Italia, el centro-derecha present\u00f3 una enmienda para suprimir el proyecto de ley sobre el <a href=\"https:\/\/puntodincontro.mx\/es\/?s=salario\" target=\"_blank\" rel=\"noreferrer noopener\">salario<\/a> m\u00ednimo en la Comisi\u00f3n de Trabajo de la C\u00e1mara de Diputados. El plazo para la presentaci\u00f3n de las enmiendas expir\u00f3 hoy a las 12 del d\u00eda. La comisi\u00f3n hab\u00eda adoptado como texto base el proyecto de ley firmado por todos los grupos de oposici\u00f3n, con excepci\u00f3n de Italia Viva.<\/p>\n\n\n\n<p class=\"translation-block\">\u00abPese a las numerosas audiencias celebradas en comisiones, en las que en su mayor\u00eda expresamos nuestra opini\u00f3n contraria a un salario m\u00ednimo regulado por ley, los grupos de oposici\u00f3n prefirieron convertir un tema tan importante en un t\u00f3tem propagand\u00edstico de cara al verano, poniendo un muro a la propuesta que adelantamos acerca de un debate amplio sobre contrataciones, bienestarempresarial y pobreza en el trabajo que se lanzar\u00eda en septiembre\u00bb, subrayaron fuentes de la mayor\u00eda parlamentaria refiri\u00e9ndose a la enmienda supresora.<\/p>\n\n\n\n<p>\u00abPor lo tanto\u00bb \u2014a\u00f1adieron las mismas fuentes\u2014 \u00abnos vimos obligados a avanzar en esta direcci\u00f3n y continuar el trabajo iniciado, por la mayor\u00eda y el Gobierno, en medidas que ya han dado sus frutos, como el corte de la cu\u00f1a fiscal, y las que en un en pocos d\u00edas llegar\u00e1n al parlamento, como el pr\u00f3ximo proyecto de ley laboral. El tema de los salarios est\u00e1 en la agenda pol\u00edtica del centroderecha y estamos trabajando para dar respuestas adecuadas y no solo instrumentales e impracticables\u00bb.<\/p>\n\n\n\n<p>Italia es uno de los pocos pa\u00edses sin salario m\u00ednimo legal. La posible implantaci\u00f3n de una base m\u00ednima por ley igual a 9 euros brutos por hora \u2014seg\u00fan los c\u00e1lculos presentados por el ISTAT en audiencias recientes\u2014 habr\u00eda supuesto incrementos para 3.6 millones de relaciones laborales (aproximadamente tres millones de trabajadores subordinados) con un incremento medio de 804 euros cada uno y un aumento de la masa salarial de casi 2,900 millones de euros. El poder adquisitivo de los salarios contractuales sigue cayendo con un aumento esperado de 2.5% en 2023, muy por debajo del crecimiento de los precios, dado que la inflaci\u00f3n registrada en el a\u00f1o es de 6.1%.<\/p>\n\n\n\n<p class=\"translation-block\">En M\u00e9xico, la figura legal del salario m\u00ednimo se estableci\u00f3 hace m\u00e1s de 106 a\u00f1os con la promulgaci\u00f3n de la <a href=\"https:\/\/constitucion1917.gob.mx\/\" target=\"_blank\" rel=\"noreferrer noopener\">Constituci\u00f3n<\/a> General de la Rep\u00fablica, publicada en el Diario Oficial de la Federaci\u00f3n el 5 de febrero de 1917.<\/p>\n\n\n\n<p>El salario m\u00e1s bajo permitido por ley para las trabajadores subordinados ha crecido constantemente durante los \u00faltimos cuatro a\u00f1os, con aumentos que han superado la inflaci\u00f3n cada a\u00f1o. En 2018, el salario m\u00ednimo era de 88.36 pesos diarios, mientras que el vigente hasta el 31 de diciembre de 2023 es de 207.45 pesos diarios, registrando as\u00ed un crecimiento global superior al 134% hasta el momento. La \u00fanica regi\u00f3n del pa\u00eds que contempla un salario m\u00ednimo distinto es la zona libre de la frontera norte, donde el monto es de 312 pesos al d\u00eda.<\/p>\n\n\n\n<p>Esta tendencia ha sido impulsada por la pol\u00edtica del gobierno del presidente Andr\u00e9s Manuel L\u00f3pez Obrador, que ha priorizado el crecimiento de los ingresos de los trabajadores como medio para mejorar su nivel de vida y reducir la desigualdad.<\/p>\n\n\n\n<p class=\"has-small-font-size\">Foto: iStock<\/p>\n\n\n\n<div style=\"height:12px\" aria-hidden=\"true\" class=\"wp-block-spacer\"><\/div>\n\n\n<!-- Ad space powered by WP AdCenter v2.5.7 - https:\/\/wpadcenter.com\/ --><div class=\"wpadcenter-adgroup\" ><div class=\"wpadcenter-adgroup__row wpadcenter-aligncenter\"><div class=\"wpadcenter-ad-container\" ><div id=\"wpadcenter-ad-18464\" class=\"ad-placement\"><div class=\"wpadcenter-ad-inner\" ><a id=\"wpadcenter_ad\" data-value=\"18464\" data-placement=\"\" href=\"https:\/\/www.productosremo.com\/\" target=\"_blank\" class=\"wpadcenter-ad-inner__item\" ><img decoding=\"async\"   src=\"https:\/\/puntodincontro.mx\/wp-content\/uploads\/2021\/08\/remobanner.jpg\" class=\"attachment-post-thumbnail size-post-thumbnail wp-post-image\" alt=\"\" srcset=\"https:\/\/puntodincontro.mx\/wp-content\/uploads\/2021\/08\/remobanner.jpg 200w, https:\/\/puntodincontro.mx\/wp-content\/uploads\/2021\/08\/remobanner-16x5.jpg 16w\" sizes=\"(max-width: 200px) 100vw, 200px\" \/><\/a><\/div><\/div><\/div><div class=\"wpadcenter-ad-container\" ><div id=\"wpadcenter-ad-5305\" class=\"ad-placement\"><div class=\"wpadcenter-ad-inner\" ><a id=\"wpadcenter_ad\" data-value=\"5305\" data-placement=\"\" href=\"https:\/\/ambcittadelmessico.esteri.it\/ambasciata_cittadelmessico\/it\/\" target=\"_blank\" class=\"wpadcenter-ad-inner__item\" ><img decoding=\"async\"   src=\"https:\/\/puntodincontro.mx\/wp-content\/uploads\/2022\/05\/Ambasciata.jpg\" class=\"attachment-post-thumbnail size-post-thumbnail wp-post-image\" alt=\"\" srcset=\"https:\/\/puntodincontro.mx\/wp-content\/uploads\/2022\/05\/Ambasciata.jpg 200w, https:\/\/puntodincontro.mx\/wp-content\/uploads\/2022\/05\/Ambasciata-18x5.jpg 18w\" sizes=\"(max-width: 200px) 100vw, 200px\" \/><\/a><\/div><\/div><\/div><div class=\"wpadcenter-ad-container\" ><div id=\"wpadcenter-ad-3781\" class=\"ad-placement\"><div class=\"wpadcenter-ad-inner\" ><a id=\"wpadcenter_ad\" data-value=\"3781\" data-placement=\"\" href=\"https:\/\/cannizzo.com.mx\/\" target=\"_blank\" class=\"wpadcenter-ad-inner__item\" ><img decoding=\"async\"   src=\"https:\/\/puntodincontro.mx\/wp-content\/uploads\/2022\/03\/cannizzo2.jpg\" class=\"attachment-post-thumbnail size-post-thumbnail wp-post-image\" alt=\"\" srcset=\"https:\/\/puntodincontro.mx\/wp-content\/uploads\/2022\/03\/cannizzo2.jpg 200w, https:\/\/puntodincontro.mx\/wp-content\/uploads\/2022\/03\/cannizzo2-18x5.jpg 18w\" sizes=\"(max-width: 200px) 100vw, 200px\" \/><\/a><\/div><\/div><\/div><\/div><div class=\"wpadcenter-adgroup__row wpadcenter-aligncenter\"><div class=\"wpadcenter-ad-container\" ><div id=\"wpadcenter-ad-1704\" class=\"ad-placement\"><div class=\"wpadcenter-ad-inner\" ><a id=\"wpadcenter_ad\" data-value=\"1704\" data-placement=\"\" href=\"https:\/\/puntodincontro.mx\/es\/2021\/12\/24\/inps-verificacion-de-supervivencia-de-los-pensionados-en-el-extranjero\/\" target=\"_blank\" class=\"wpadcenter-ad-inner__item\" ><img decoding=\"async\"   src=\"https:\/\/puntodincontro.mx\/wp-content\/uploads\/2021\/11\/logo-ital.jpg\" class=\"attachment-post-thumbnail size-post-thumbnail wp-post-image\" alt=\"Patronato ITAL Messico\" srcset=\"https:\/\/puntodincontro.mx\/wp-content\/uploads\/2021\/11\/logo-ital.jpg 200w, https:\/\/puntodincontro.mx\/wp-content\/uploads\/2021\/11\/logo-ital-16x5.jpg 16w\" sizes=\"(max-width: 200px) 100vw, 200px\" \/><\/a><\/div><\/div><\/div><div class=\"wpadcenter-ad-container\" ><div id=\"wpadcenter-ad-1538\" class=\"ad-placement\"><div class=\"wpadcenter-ad-inner\" ><a id=\"wpadcenter_ad\" data-value=\"1538\" data-placement=\"\" href=\"https:\/\/asociacionitaliana.org\/\" target=\"_blank\" class=\"wpadcenter-ad-inner__item\" ><img decoding=\"async\"   src=\"https:\/\/puntodincontro.mx\/wp-content\/uploads\/2021\/11\/aialogo.jpg\" class=\"attachment-post-thumbnail size-post-thumbnail wp-post-image\" alt=\"Associazione Italiana di Assistenza IAP\" srcset=\"https:\/\/puntodincontro.mx\/wp-content\/uploads\/2021\/11\/aialogo.jpg 200w, https:\/\/puntodincontro.mx\/wp-content\/uploads\/2021\/11\/aialogo-18x5.jpg 18w\" sizes=\"(max-width: 200px) 100vw, 200px\" \/><\/a><\/div><\/div><\/div><div class=\"wpadcenter-ad-container\" ><div id=\"wpadcenter-ad-1513\" class=\"ad-placement\"><div class=\"wpadcenter-ad-inner\" ><a id=\"wpadcenter_ad\" data-value=\"1513\" data-placement=\"\" href=\"https:\/\/gcinmuebles.mx\" target=\"_blank\" class=\"wpadcenter-ad-inner__item\" ><img decoding=\"async\"   src=\"https:\/\/puntodincontro.mx\/wp-content\/uploads\/2021\/10\/gcinmuebleslogopunto-1.jpg\" class=\"attachment-post-thumbnail size-post-thumbnail wp-post-image\" alt=\"\" srcset=\"https:\/\/puntodincontro.mx\/wp-content\/uploads\/2021\/10\/gcinmuebleslogopunto-1.jpg 200w, https:\/\/puntodincontro.mx\/wp-content\/uploads\/2021\/10\/gcinmuebleslogopunto-1-18x5.jpg 18w\" sizes=\"(max-width: 200px) 100vw, 200px\" \/><\/a><\/div><\/div><\/div><\/div><div class=\"wpadcenter-adgroup__row wpadcenter-aligncenter\"><div class=\"wpadcenter-ad-container\" ><div id=\"wpadcenter-ad-1374\" class=\"ad-placement\"><div class=\"wpadcenter-ad-inner\" ><a id=\"wpadcenter_ad\" data-value=\"1374\" data-placement=\"\" href=\"https:\/\/www.9colonne.it\/\" target=\"_blank\" class=\"wpadcenter-ad-inner__item\" ><img decoding=\"async\"   src=\"https:\/\/puntodincontro.mx\/wp-content\/uploads\/2021\/10\/Banner9colonne.gif\" class=\"attachment-post-thumbnail size-post-thumbnail wp-post-image\" alt=\"\" \/><\/a><\/div><\/div><\/div><div class=\"wpadcenter-ad-container\" ><div id=\"wpadcenter-ad-276\" class=\"ad-placement\"><div class=\"wpadcenter-ad-inner\" ><a id=\"wpadcenter_ad\" data-value=\"276\" data-placement=\"\" href=\"http:\/\/www.camaraitaliana.mx\/\" target=\"_blank\" class=\"wpadcenter-ad-inner__item\" ><img decoding=\"async\"   src=\"https:\/\/puntodincontro.mx\/wp-content\/uploads\/2021\/08\/ccimnuovo.jpg\" class=\"attachment-post-thumbnail size-post-thumbnail wp-post-image\" alt=\"\" srcset=\"https:\/\/puntodincontro.mx\/wp-content\/uploads\/2021\/08\/ccimnuovo.jpg 200w, https:\/\/puntodincontro.mx\/wp-content\/uploads\/2021\/08\/ccimnuovo-18x5.jpg 18w\" sizes=\"(max-width: 200px) 100vw, 200px\" \/><\/a><\/div><\/div><\/div><div class=\"wpadcenter-ad-container\" ><div id=\"wpadcenter-ad-272\" class=\"ad-placement\"><div class=\"wpadcenter-ad-inner\" ><a id=\"wpadcenter_ad\" data-value=\"272\" data-placement=\"\" href=\"http:\/\/corix.us\/\" target=\"_blank\" class=\"wpadcenter-ad-inner__item\" ><img decoding=\"async\"   src=\"https:\/\/puntodincontro.mx\/wp-content\/uploads\/2021\/08\/corixbanner-1.jpg\" class=\"attachment-post-thumbnail size-post-thumbnail wp-post-image\" alt=\"\" srcset=\"https:\/\/puntodincontro.mx\/wp-content\/uploads\/2021\/08\/corixbanner-1.jpg 200w, https:\/\/puntodincontro.mx\/wp-content\/uploads\/2021\/08\/corixbanner-1-16x5.jpg 16w\" sizes=\"(max-width: 200px) 100vw, 200px\" \/><\/a><\/div><\/div><\/div><\/div><div class=\"wpadcenter-adgroup__row wpadcenter-aligncenter\"><div class=\"wpadcenter-ad-container\" ><div id=\"wpadcenter-ad-266\" class=\"ad-placement\"><div class=\"wpadcenter-ad-inner\" ><a id=\"wpadcenter_ad\" data-value=\"266\" data-placement=\"\" href=\"https:\/\/www.prinsel.com.mx\/\" target=\"_blank\" class=\"wpadcenter-ad-inner__item\" ><img decoding=\"async\"   src=\"https:\/\/puntodincontro.mx\/wp-content\/uploads\/2021\/08\/prinselbanner-1.jpg\" class=\"attachment-post-thumbnail size-post-thumbnail wp-post-image\" alt=\"\" srcset=\"https:\/\/puntodincontro.mx\/wp-content\/uploads\/2021\/08\/prinselbanner-1.jpg 200w, https:\/\/puntodincontro.mx\/wp-content\/uploads\/2021\/08\/prinselbanner-1-16x5.jpg 16w\" sizes=\"(max-width: 200px) 100vw, 200px\" \/><\/a><\/div><\/div><\/div><div class=\"wpadcenter-ad-container\" ><div id=\"wpadcenter-ad-261\" class=\"ad-placement\"><div class=\"wpadcenter-ad-inner\" ><a id=\"wpadcenter_ad\" data-value=\"261\" data-placement=\"\" href=\"https:\/\/faitalia.com.mx\/\" target=\"_blank\" class=\"wpadcenter-ad-inner__item\" ><img decoding=\"async\"   src=\"https:\/\/puntodincontro.mx\/wp-content\/uploads\/2021\/08\/gruppodino.jpg\" class=\"attachment-post-thumbnail size-post-thumbnail wp-post-image\" alt=\"\" srcset=\"https:\/\/puntodincontro.mx\/wp-content\/uploads\/2021\/08\/gruppodino.jpg 200w, https:\/\/puntodincontro.mx\/wp-content\/uploads\/2021\/08\/gruppodino-18x5.jpg 18w\" sizes=\"(max-width: 200px) 100vw, 200px\" \/><\/a><\/div><\/div><\/div><\/div><\/div>\n\n\n<div style=\"height:12px\" aria-hidden=\"true\" class=\"wp-block-spacer\"><\/div>","protected":false},"excerpt":{"rendered":"<p>Ore 08.08 &#8211; In Italia il centrodestra ha depositato in commissione Lavoro alla Camera dei deputati un emendamento soppressivo della proposta di legge sul salario minimo. Il termine per la presentazione degli emendamenti \u00e8 scaduto oggi alle 12. La commissione aveva adottato come testo base la proposta di legge sottoscritta da tutti i gruppi di opposizione, salvo Italia Viva. \u00abNonostante le numerose audizioni svolte in commissioni, la maggior parte delle quali hanno espresso contrariet\u00e0 a un salario minimo regolato per legge, le opposizioni hanno preferito fare di un tema cos\u00ec importante un totem di propaganda in vista dell\u2019estate, ponendo un&#8230; <\/p>","protected":false},"author":2,"featured_media":14134,"comment_status":"open","ping_status":"open","sticky":false,"template":"","format":"standard","meta":{"_monsterinsights_skip_tracking":false,"_monsterinsights_sitenote_active":false,"_monsterinsights_sitenote_note":"","_monsterinsights_sitenote_category":0,"footnotes":""},"categories":[3],"tags":[],"class_list":["post-14126","post","type-post","status-publish","format-standard","has-post-thumbnail","hentry","category-economia-e-finanza"],"yoast_head":"<!-- This site is optimized with the Yoast SEO Premium plugin v18.4 (Yoast SEO v25.6) - https:\/\/yoast.com\/wordpress\/plugins\/seo\/ -->\n<title>Non ci sar\u00e0 un salario minimo in Italia. In Messico esiste dal 1917<\/title>\n<meta name=\"description\" content=\"In Italia il centrodestra ha depositato alla Camera dei deputati un emendamento soppressivo della proposta di legge sul salario minimo.\" \/>\n<meta name=\"robots\" content=\"index, follow, max-snippet:-1, max-image-preview:large, max-video-preview:-1\" \/>\n<link rel=\"canonical\" href=\"https:\/\/puntodincontro.mx\/es\/2023\/07\/14\/no-habra-salario-nimo-en-italia-en-mexico-es-de-1126-euros-dia\/\" \/>\n<meta property=\"og:locale\" content=\"es_MX\" \/>\n<meta property=\"og:type\" content=\"article\" \/>\n<meta property=\"og:title\" content=\"Non ci sar\u00e0 un salario minimo in Italia. In Messico \u00e8 di 11,26 euro\/giorno\" \/>\n<meta property=\"og:description\" content=\"In Italia il centrodestra ha depositato alla Camera dei deputati un emendamento soppressivo della proposta di legge sul salario minimo.\" \/>\n<meta property=\"og:url\" content=\"https:\/\/puntodincontro.mx\/es\/2023\/07\/14\/no-habra-salario-nimo-en-italia-en-mexico-es-de-1126-euros-dia\/\" \/>\n<meta property=\"og:site_name\" content=\"Puntodincontro\" \/>\n<meta property=\"article:publisher\" content=\"https:\/\/www.facebook.com\/puntodincontro.mx\" \/>\n<meta property=\"article:published_time\" content=\"2023-07-14T14:37:19+00:00\" \/>\n<meta property=\"article:modified_time\" content=\"2023-07-14T15:46:44+00:00\" \/>\n<meta property=\"og:image\" content=\"https:\/\/puntodincontro.mx\/wp-content\/uploads\/2023\/07\/salariominimocomp.jpg\" \/>\n\t<meta property=\"og:image:width\" content=\"932\" \/>\n\t<meta property=\"og:image:height\" content=\"488\" \/>\n\t<meta property=\"og:image:type\" content=\"image\/jpeg\" \/>\n<meta name=\"author\" content=\"Puntodincontro\" \/>\n<meta name=\"twitter:card\" content=\"summary_large_image\" \/>\n<meta name=\"twitter:creator\" content=\"@puntodincontro\" \/>\n<meta name=\"twitter:site\" content=\"@puntodincontro\" \/>\n<meta name=\"twitter:label1\" content=\"Escrito por\" \/>\n\t<meta name=\"twitter:data1\" content=\"Puntodincontro\" \/>\n\t<meta name=\"twitter:label2\" content=\"Tiempo de lectura\" \/>\n\t<meta name=\"twitter:data2\" content=\"2 minutos\" \/>\n<script type=\"application\/ld+json\" class=\"yoast-schema-graph\">{\"@context\":\"https:\/\/schema.org\",\"@graph\":[{\"@type\":\"NewsArticle\",\"@id\":\"https:\/\/puntodincontro.mx\/2023\/07\/14\/non-ci-sara-un-salario-minimo-in-italia-in-messico-e-di-1126-euro-giorno\/#article\",\"isPartOf\":{\"@id\":\"https:\/\/puntodincontro.mx\/2023\/07\/14\/non-ci-sara-un-salario-minimo-in-italia-in-messico-e-di-1126-euro-giorno\/\"},\"author\":{\"name\":\"Puntodincontro\",\"@id\":\"https:\/\/puntodincontro.mx\/#\/schema\/person\/d3066d18a16259cbb0c29b0d0e93b556\"},\"headline\":\"Non ci sar\u00e0 un salario minimo in Italia. In Messico \u00e8 di 11,26 euro\/giorno\",\"datePublished\":\"2023-07-14T14:37:19+00:00\",\"dateModified\":\"2023-07-14T15:46:44+00:00\",\"mainEntityOfPage\":{\"@id\":\"https:\/\/puntodincontro.mx\/2023\/07\/14\/non-ci-sara-un-salario-minimo-in-italia-in-messico-e-di-1126-euro-giorno\/\"},\"wordCount\":475,\"commentCount\":0,\"publisher\":{\"@id\":\"https:\/\/puntodincontro.mx\/#organization\"},\"image\":{\"@id\":\"https:\/\/puntodincontro.mx\/2023\/07\/14\/non-ci-sara-un-salario-minimo-in-italia-in-messico-e-di-1126-euro-giorno\/#primaryimage\"},\"thumbnailUrl\":\"https:\/\/puntodincontro.mx\/wp-content\/uploads\/2023\/07\/salariominimovert.webp\",\"articleSection\":[\"Economia e finanza\"],\"inLanguage\":\"es\",\"potentialAction\":[{\"@type\":\"CommentAction\",\"name\":\"Comment\",\"target\":[\"https:\/\/puntodincontro.mx\/2023\/07\/14\/non-ci-sara-un-salario-minimo-in-italia-in-messico-e-di-1126-euro-giorno\/#respond\"]}]},{\"@type\":\"WebPage\",\"@id\":\"https:\/\/puntodincontro.mx\/2023\/07\/14\/non-ci-sara-un-salario-minimo-in-italia-in-messico-e-di-1126-euro-giorno\/\",\"url\":\"https:\/\/puntodincontro.mx\/2023\/07\/14\/non-ci-sara-un-salario-minimo-in-italia-in-messico-e-di-1126-euro-giorno\/\",\"name\":\"Non ci sar\u00e0 un salario minimo in Italia. In Messico esiste dal 1917\",\"isPartOf\":{\"@id\":\"https:\/\/puntodincontro.mx\/#website\"},\"primaryImageOfPage\":{\"@id\":\"https:\/\/puntodincontro.mx\/2023\/07\/14\/non-ci-sara-un-salario-minimo-in-italia-in-messico-e-di-1126-euro-giorno\/#primaryimage\"},\"image\":{\"@id\":\"https:\/\/puntodincontro.mx\/2023\/07\/14\/non-ci-sara-un-salario-minimo-in-italia-in-messico-e-di-1126-euro-giorno\/#primaryimage\"},\"thumbnailUrl\":\"https:\/\/puntodincontro.mx\/wp-content\/uploads\/2023\/07\/salariominimovert.webp\",\"datePublished\":\"2023-07-14T14:37:19+00:00\",\"dateModified\":\"2023-07-14T15:46:44+00:00\",\"description\":\"In Italia il centrodestra ha depositato alla Camera dei deputati un emendamento soppressivo della proposta di legge sul salario minimo.\",\"breadcrumb\":{\"@id\":\"https:\/\/puntodincontro.mx\/2023\/07\/14\/non-ci-sara-un-salario-minimo-in-italia-in-messico-e-di-1126-euro-giorno\/#breadcrumb\"},\"inLanguage\":\"es\",\"potentialAction\":[{\"@type\":\"ReadAction\",\"target\":[\"https:\/\/puntodincontro.mx\/2023\/07\/14\/non-ci-sara-un-salario-minimo-in-italia-in-messico-e-di-1126-euro-giorno\/\"]}]},{\"@type\":\"ImageObject\",\"inLanguage\":\"es\",\"@id\":\"https:\/\/puntodincontro.mx\/2023\/07\/14\/non-ci-sara-un-salario-minimo-in-italia-in-messico-e-di-1126-euro-giorno\/#primaryimage\",\"url\":\"https:\/\/puntodincontro.mx\/wp-content\/uploads\/2023\/07\/salariominimovert.webp\",\"contentUrl\":\"https:\/\/puntodincontro.mx\/wp-content\/uploads\/2023\/07\/salariominimovert.webp\",\"width\":423,\"height\":488,\"caption\":\"Non ci sar\u00e0 un salario minimo in Italia. In Messico \u00e8 di 11,26 euro\/giorno \/ Foto: iStock\"},{\"@type\":\"BreadcrumbList\",\"@id\":\"https:\/\/puntodincontro.mx\/2023\/07\/14\/non-ci-sara-un-salario-minimo-in-italia-in-messico-e-di-1126-euro-giorno\/#breadcrumb\",\"itemListElement\":[{\"@type\":\"ListItem\",\"position\":1,\"name\":\"Home\",\"item\":\"https:\/\/puntodincontro.mx\/\"},{\"@type\":\"ListItem\",\"position\":2,\"name\":\"Non ci sar\u00e0 un salario minimo in Italia. In Messico \u00e8 di 11,26 euro\/giorno\"}]},{\"@type\":\"WebSite\",\"@id\":\"https:\/\/puntodincontro.mx\/#website\",\"url\":\"https:\/\/puntodincontro.mx\/\",\"name\":\"Puntodincontro\",\"description\":\"Dal 2006 notizie sui rapporti Italia-Messico \/ Desde 2006 noticias sobre las relaciones entre Italia y M\u00e9xico\",\"publisher\":{\"@id\":\"https:\/\/puntodincontro.mx\/#organization\"},\"potentialAction\":[{\"@type\":\"SearchAction\",\"target\":{\"@type\":\"EntryPoint\",\"urlTemplate\":\"https:\/\/puntodincontro.mx\/?s={search_term_string}\"},\"query-input\":{\"@type\":\"PropertyValueSpecification\",\"valueRequired\":true,\"valueName\":\"search_term_string\"}}],\"inLanguage\":\"es\"},{\"@type\":\"Organization\",\"@id\":\"https:\/\/puntodincontro.mx\/#organization\",\"name\":\"Puntodincontro\",\"url\":\"https:\/\/puntodincontro.mx\/\",\"logo\":{\"@type\":\"ImageObject\",\"inLanguage\":\"es\",\"@id\":\"https:\/\/puntodincontro.mx\/#\/schema\/logo\/image\/\",\"url\":\"https:\/\/puntodincontro.mx\/wp-content\/uploads\/2021\/08\/Default-image-for-open-graph-settings.jpg\",\"contentUrl\":\"https:\/\/puntodincontro.mx\/wp-content\/uploads\/2021\/08\/Default-image-for-open-graph-settings.jpg\",\"width\":1200,\"height\":630,\"caption\":\"Puntodincontro\"},\"image\":{\"@id\":\"https:\/\/puntodincontro.mx\/#\/schema\/logo\/image\/\"},\"sameAs\":[\"https:\/\/www.facebook.com\/puntodincontro.mx\",\"https:\/\/x.com\/puntodincontro\",\"https:\/\/www.instagram.com\/puntodincontro.mx\/\",\"https:\/\/www.linkedin.com\/company\/puntodincontro\/\",\"https:\/\/www.youtube.com\/c\/puntodincontromessico\",\"https:\/\/www.patreon.com\/puntodincontro\",\"https:\/\/www.threads.net\/@puntodincontro.mx\"]},{\"@type\":\"Person\",\"@id\":\"https:\/\/puntodincontro.mx\/#\/schema\/person\/d3066d18a16259cbb0c29b0d0e93b556\",\"name\":\"Puntodincontro\",\"image\":{\"@type\":\"ImageObject\",\"inLanguage\":\"es\",\"@id\":\"https:\/\/puntodincontro.mx\/#\/schema\/person\/image\/\",\"url\":\"https:\/\/secure.gravatar.com\/avatar\/0e85b4b3b5e9d6bfcec6a4956d8cc63a?s=96&d=mm&r=g\",\"contentUrl\":\"https:\/\/secure.gravatar.com\/avatar\/0e85b4b3b5e9d6bfcec6a4956d8cc63a?s=96&d=mm&r=g\",\"caption\":\"Puntodincontro\"},\"url\":\"https:\/\/puntodincontro.mx\/es\/author\/puntodincontro\/\"}]}<\/script>\n<!-- \/ Yoast SEO Premium plugin. -->","yoast_head_json":{"title":"No habr\u00e1 salario m\u00ednimo en Italia. En M\u00e9xico existe desde 1917","description":"En Italia, el centro-derecha present\u00f3 una enmienda supresiva al proyecto de ley sobre el salario m\u00ednimo en la C\u00e1mara de Diputados.","robots":{"index":"index","follow":"follow","max-snippet":"max-snippet:-1","max-image-preview":"max-image-preview:large","max-video-preview":"max-video-preview:-1"},"canonical":"https:\/\/puntodincontro.mx\/es\/2023\/07\/14\/no-habra-salario-nimo-en-italia-en-mexico-es-de-1126-euros-dia\/","og_locale":"es_MX","og_type":"article","og_title":"Non ci sar\u00e0 un salario minimo in Italia. In Messico \u00e8 di 11,26 euro\/giorno","og_description":"In Italia il centrodestra ha depositato alla Camera dei deputati un emendamento soppressivo della proposta di legge sul salario minimo.","og_url":"https:\/\/puntodincontro.mx\/es\/2023\/07\/14\/no-habra-salario-nimo-en-italia-en-mexico-es-de-1126-euros-dia\/","og_site_name":"Puntodincontro","article_publisher":"https:\/\/www.facebook.com\/puntodincontro.mx","article_published_time":"2023-07-14T14:37:19+00:00","article_modified_time":"2023-07-14T15:46:44+00:00","og_image":[{"width":932,"height":488,"url":"https:\/\/puntodincontro.mx\/wp-content\/uploads\/2023\/07\/salariominimocomp.jpg","type":"image\/jpeg"}],"author":"Puntodincontro","twitter_card":"summary_large_image","twitter_creator":"@puntodincontro","twitter_site":"@puntodincontro","twitter_misc":{"Escrito por":"Puntodincontro","Tiempo de lectura":"2 minutos"},"schema":{"@context":"https:\/\/schema.org","@graph":[{"@type":"NewsArticle","@id":"https:\/\/puntodincontro.mx\/2023\/07\/14\/non-ci-sara-un-salario-minimo-in-italia-in-messico-e-di-1126-euro-giorno\/#article","isPartOf":{"@id":"https:\/\/puntodincontro.mx\/2023\/07\/14\/non-ci-sara-un-salario-minimo-in-italia-in-messico-e-di-1126-euro-giorno\/"},"author":{"name":"Puntodincontro","@id":"https:\/\/puntodincontro.mx\/#\/schema\/person\/d3066d18a16259cbb0c29b0d0e93b556"},"headline":"Non ci sar\u00e0 un salario minimo in Italia. In Messico \u00e8 di 11,26 euro\/giorno","datePublished":"2023-07-14T14:37:19+00:00","dateModified":"2023-07-14T15:46:44+00:00","mainEntityOfPage":{"@id":"https:\/\/puntodincontro.mx\/2023\/07\/14\/non-ci-sara-un-salario-minimo-in-italia-in-messico-e-di-1126-euro-giorno\/"},"wordCount":475,"commentCount":0,"publisher":{"@id":"https:\/\/puntodincontro.mx\/#organization"},"image":{"@id":"https:\/\/puntodincontro.mx\/2023\/07\/14\/non-ci-sara-un-salario-minimo-in-italia-in-messico-e-di-1126-euro-giorno\/#primaryimage"},"thumbnailUrl":"https:\/\/puntodincontro.mx\/wp-content\/uploads\/2023\/07\/salariominimovert.webp","articleSection":["Economia e finanza"],"inLanguage":"es","potentialAction":[{"@type":"CommentAction","name":"Comment","target":["https:\/\/puntodincontro.mx\/2023\/07\/14\/non-ci-sara-un-salario-minimo-in-italia-in-messico-e-di-1126-euro-giorno\/#respond"]}]},{"@type":"WebPage","@id":"https:\/\/puntodincontro.mx\/2023\/07\/14\/non-ci-sara-un-salario-minimo-in-italia-in-messico-e-di-1126-euro-giorno\/","url":"https:\/\/puntodincontro.mx\/2023\/07\/14\/non-ci-sara-un-salario-minimo-in-italia-in-messico-e-di-1126-euro-giorno\/","name":"No habr\u00e1 salario m\u00ednimo en Italia. En M\u00e9xico existe desde 1917","isPartOf":{"@id":"https:\/\/puntodincontro.mx\/#website"},"primaryImageOfPage":{"@id":"https:\/\/puntodincontro.mx\/2023\/07\/14\/non-ci-sara-un-salario-minimo-in-italia-in-messico-e-di-1126-euro-giorno\/#primaryimage"},"image":{"@id":"https:\/\/puntodincontro.mx\/2023\/07\/14\/non-ci-sara-un-salario-minimo-in-italia-in-messico-e-di-1126-euro-giorno\/#primaryimage"},"thumbnailUrl":"https:\/\/puntodincontro.mx\/wp-content\/uploads\/2023\/07\/salariominimovert.webp","datePublished":"2023-07-14T14:37:19+00:00","dateModified":"2023-07-14T15:46:44+00:00","description":"En Italia, el centro-derecha present\u00f3 una enmienda supresiva al proyecto de ley sobre el salario m\u00ednimo en la C\u00e1mara de Diputados.","breadcrumb":{"@id":"https:\/\/puntodincontro.mx\/2023\/07\/14\/non-ci-sara-un-salario-minimo-in-italia-in-messico-e-di-1126-euro-giorno\/#breadcrumb"},"inLanguage":"es","potentialAction":[{"@type":"ReadAction","target":["https:\/\/puntodincontro.mx\/2023\/07\/14\/non-ci-sara-un-salario-minimo-in-italia-in-messico-e-di-1126-euro-giorno\/"]}]},{"@type":"ImageObject","inLanguage":"es","@id":"https:\/\/puntodincontro.mx\/2023\/07\/14\/non-ci-sara-un-salario-minimo-in-italia-in-messico-e-di-1126-euro-giorno\/#primaryimage","url":"https:\/\/puntodincontro.mx\/wp-content\/uploads\/2023\/07\/salariominimovert.webp","contentUrl":"https:\/\/puntodincontro.mx\/wp-content\/uploads\/2023\/07\/salariominimovert.webp","width":423,"height":488,"caption":"Non ci sar\u00e0 un salario minimo in Italia. In Messico \u00e8 di 11,26 euro\/giorno \/ Foto: iStock"},{"@type":"BreadcrumbList","@id":"https:\/\/puntodincontro.mx\/2023\/07\/14\/non-ci-sara-un-salario-minimo-in-italia-in-messico-e-di-1126-euro-giorno\/#breadcrumb","itemListElement":[{"@type":"ListItem","position":1,"name":"Home","item":"https:\/\/puntodincontro.mx\/"},{"@type":"ListItem","position":2,"name":"Non ci sar\u00e0 un salario minimo in Italia. In Messico \u00e8 di 11,26 euro\/giorno"}]},{"@type":"WebSite","@id":"https:\/\/puntodincontro.mx\/#website","url":"https:\/\/puntodincontro.mx\/","name":"Puntodincontro","description":"Desde el 2006 noticias sobre las relaciones entre Italia y M\u00e9xico \/ Dal 2006 notizie sui rapporti Italia-Messico","publisher":{"@id":"https:\/\/puntodincontro.mx\/#organization"},"potentialAction":[{"@type":"SearchAction","target":{"@type":"EntryPoint","urlTemplate":"https:\/\/puntodincontro.mx\/?s={search_term_string}"},"query-input":{"@type":"PropertyValueSpecification","valueRequired":true,"valueName":"search_term_string"}}],"inLanguage":"es"},{"@type":"Organization","@id":"https:\/\/puntodincontro.mx\/#organization","name":"Puntodincontro","url":"https:\/\/puntodincontro.mx\/","logo":{"@type":"ImageObject","inLanguage":"es","@id":"https:\/\/puntodincontro.mx\/#\/schema\/logo\/image\/","url":"https:\/\/puntodincontro.mx\/wp-content\/uploads\/2021\/08\/Default-image-for-open-graph-settings.jpg","contentUrl":"https:\/\/puntodincontro.mx\/wp-content\/uploads\/2021\/08\/Default-image-for-open-graph-settings.jpg","width":1200,"height":630,"caption":"Puntodincontro"},"image":{"@id":"https:\/\/puntodincontro.mx\/#\/schema\/logo\/image\/"},"sameAs":["https:\/\/www.facebook.com\/puntodincontro.mx","https:\/\/x.com\/puntodincontro","https:\/\/www.instagram.com\/puntodincontro.mx\/","https:\/\/www.linkedin.com\/company\/puntodincontro\/","https:\/\/www.youtube.com\/c\/puntodincontromessico","https:\/\/www.patreon.com\/puntodincontro","https:\/\/www.threads.net\/@puntodincontro.mx"]},{"@type":"Person","@id":"https:\/\/puntodincontro.mx\/#\/schema\/person\/d3066d18a16259cbb0c29b0d0e93b556","name":"Puntodincontro","image":{"@type":"ImageObject","inLanguage":"es","@id":"https:\/\/puntodincontro.mx\/#\/schema\/person\/image\/","url":"https:\/\/secure.gravatar.com\/avatar\/0e85b4b3b5e9d6bfcec6a4956d8cc63a?s=96&d=mm&r=g","contentUrl":"https:\/\/secure.gravatar.com\/avatar\/0e85b4b3b5e9d6bfcec6a4956d8cc63a?s=96&d=mm&r=g","caption":"Puntodincontro"},"url":"https:\/\/puntodincontro.mx\/es\/author\/puntodincontro\/"}]}},"_links":{"self":[{"href":"https:\/\/puntodincontro.mx\/es\/wp-json\/wp\/v2\/posts\/14126"}],"collection":[{"href":"https:\/\/puntodincontro.mx\/es\/wp-json\/wp\/v2\/posts"}],"about":[{"href":"https:\/\/puntodincontro.mx\/es\/wp-json\/wp\/v2\/types\/post"}],"author":[{"embeddable":true,"href":"https:\/\/puntodincontro.mx\/es\/wp-json\/wp\/v2\/users\/2"}],"replies":[{"embeddable":true,"href":"https:\/\/puntodincontro.mx\/es\/wp-json\/wp\/v2\/comments?post=14126"}],"version-history":[{"count":8,"href":"https:\/\/puntodincontro.mx\/es\/wp-json\/wp\/v2\/posts\/14126\/revisions"}],"predecessor-version":[{"id":14136,"href":"https:\/\/puntodincontro.mx\/es\/wp-json\/wp\/v2\/posts\/14126\/revisions\/14136"}],"wp:featuredmedia":[{"embeddable":true,"href":"https:\/\/puntodincontro.mx\/es\/wp-json\/wp\/v2\/media\/14134"}],"wp:attachment":[{"href":"https:\/\/puntodincontro.mx\/es\/wp-json\/wp\/v2\/media?parent=14126"}],"wp:term":[{"taxonomy":"category","embeddable":true,"href":"https:\/\/puntodincontro.mx\/es\/wp-json\/wp\/v2\/categories?post=14126"},{"taxonomy":"post_tag","embeddable":true,"href":"https:\/\/puntodincontro.mx\/es\/wp-json\/wp\/v2\/tags?post=14126"}],"curies":[{"name":"wp","href":"https:\/\/api.w.org\/{rel}","templated":true}]}}