{"id":1429,"date":"2021-10-25T20:00:20","date_gmt":"2021-10-26T01:00:20","guid":{"rendered":"https:\/\/puntodincontro.mx\/?p=1429"},"modified":"2021-11-01T09:58:26","modified_gmt":"2021-11-01T15:58:26","slug":"mexico-participara-en-la-cumbre-de-lideres-del-g20-en-roma","status":"publish","type":"post","link":"https:\/\/puntodincontro.mx\/es\/2021\/10\/25\/il-messico-partecipera-al-vertice-dei-leader-del-g20-a-roma\/","title":{"rendered":"M\u00e9xico participar\u00e1 en la cumbre de l\u00edderes del G20 en Roma"},"content":{"rendered":"<p class=\"translation-block\"><strong>19:51 hrs.<\/strong> \u2013 El secretario de Relaciones Exteriores de M\u00e9xico, Marcelo Ebrard, confirm\u00f3 hoy que asistir\u00e1 en representaci\u00f3n del presidente Andr\u00e9s Manuel L\u00f3pez Obrador a la Cumbre de L\u00edderes del G20 que se realizar\u00e1 en Roma, Italia, el 30 y 31 de octubre de 2021.<\/p>\n\n\n\n<p>En este encuentro anual los l\u00edderes de las 20 econom\u00edas m\u00e1s importantes del mundo, pa\u00edses invitados y titulares de organismos internacionales dialogar\u00e1n sobre la importancia de fortalecer la cooperaci\u00f3n internacional y la acci\u00f3n colectiva para acelerar la estrategia de respuesta a los efectos sanitarios, econ\u00f3micos y sociales de la pandemia de COVID-19. Tambi\u00e9n identificar\u00e1n medidas espec\u00edficas para avanzar hacia una recuperaci\u00f3n socioecon\u00f3mica incluyente y sostenible.<\/p>\n\n\n\n<p>La agenda de trabajo de la Cumbre se dividir\u00e1 en tres sesiones plenarias de trabajo, en las que se tratar\u00e1n los temas de econom\u00eda global y salud, cambio clim\u00e1tico y medio ambiente; as\u00ed como desarrollo sostenible.<\/p>\n\n\n\n<p>El canciller Ebrard participar\u00e1 tambi\u00e9n en dos eventos tem\u00e1ticos en el marco de la Cumbre, uno sobre el impulso a las peque\u00f1as y medianas empresa lideradas por mujeres y otro sobre la colaboraci\u00f3n p\u00fablico-privada para combatir el cambio clim\u00e1tico.<\/p>\n\n\n\n<p>Como parte de sus actividades, el secretario de Relaciones Exteriores sostendr\u00e1 encuentros con hom\u00f3logos de otros pa\u00edses para intercambiar perspectivas de la agenda del G20 y dialogar sobre temas de la agenda bilateral.<\/p>\n\n\n\n<p>En adici\u00f3n a esta agenda, el canciller declar\u00f3 que tendr\u00e1 una reuni\u00f3n para atraer inversi\u00f3n a la pen\u00ednsula de Yucat\u00e1n con un astillero en Puerto Progreso y para traer otra vacuna a M\u00e9xico.<\/p>\n\n\n\n<div style=\"height:12px\" aria-hidden=\"true\" class=\"wp-block-spacer\"><\/div>\n\n\n\n\n\n\n\n<div style=\"height:12px\" aria-hidden=\"true\" class=\"wp-block-spacer\"><\/div>","protected":false},"excerpt":{"rendered":"<p>Ore 19.51 &#8211; Il ministro agli Affari esteri del Messico, Marcelo Ebrard, ha confermato oggi che parteciper\u00e0 a nome del presidente Andr\u00e9s Manuel L\u00f3pez Obrador al vertice dei leader del G20 che si terr\u00e0 a Roma il 30 e 31 ottobre 2021. Nel corso dell&#8217;incontro i leader delle 20 economie pi\u00f9 importanti del mondo, i Paesi invitati e i responsabili delle organizzazioni internazionali discuteranno sull&#8217;importanza di rafforzare la cooperazione e l&#8217;azione collettiva per accelerare la strategia di risposta agli effetti sanitari, economici e sociali della pandemia da Covid19. Si cerceheranno di identificare, inoltre, provvedimenti specifici per procedere verso una ripresa&#8230; <\/p>","protected":false},"author":2,"featured_media":1432,"comment_status":"open","ping_status":"open","sticky":false,"template":"","format":"standard","meta":{"_monsterinsights_skip_tracking":false,"_monsterinsights_sitenote_active":false,"_monsterinsights_sitenote_note":"","_monsterinsights_sitenote_category":0,"footnotes":""},"categories":[6],"tags":[],"class_list":["post-1429","post","type-post","status-publish","format-standard","has-post-thumbnail","hentry","category-messico-in-italia"],"yoast_head":"<!-- This site is optimized with the Yoast SEO Premium plugin v18.4 (Yoast SEO v25.6) - https:\/\/yoast.com\/wordpress\/plugins\/seo\/ -->\n<title>Il Messico parteciper\u00e0 al vertice dei leader del G20 a Roma Puntodincontro<\/title>\n<meta name=\"description\" content=\"Il ministro agli Affari esteri del Messico, Marcelo Ebrard, ha confermato oggi che parteciper\u00e0 a nome del presidente Andr\u00e9s Manuel L\u00f3pez Obrador al vertice dei leader del G20 che si terr\u00e0 a Roma il 30 e 31 ottobre 2021. Nel corso dell&#039;incontro i leader delle 20 economie pi\u00f9 importanti del mondo, i Paesi invitati e i responsabili delle organizzazioni internazionali discuteranno sull&#039;importanza di rafforzare la cooperazione e l&#039;azione collettiva per accelerare la strategia di risposta agli effetti sanitari, economici e sociali della pandemia da Covid19. Si cerceheranno di identificare, inoltre, provvedimenti specifici per procedere verso una ripresa socioeconomica inclusiva e sostenibile.\" \/>\n<meta name=\"robots\" content=\"index, follow, max-snippet:-1, max-image-preview:large, max-video-preview:-1\" \/>\n<link rel=\"canonical\" href=\"https:\/\/puntodincontro.mx\/es\/2021\/10\/25\/mexico-participara-en-la-cumbre-de-lideres-del-g20-en-roma\/\" \/>\n<meta property=\"og:locale\" content=\"es_MX\" \/>\n<meta property=\"og:type\" content=\"article\" \/>\n<meta property=\"og:title\" content=\"Il Messico parteciper\u00e0 al vertice dei leader del G20 a Roma\" \/>\n<meta property=\"og:description\" content=\"Il ministro agli Affari esteri del Messico, Marcelo Ebrard, ha confermato oggi che parteciper\u00e0 a nome del presidente Andr\u00e9s Manuel L\u00f3pez Obrador al vertice dei leader del G20 che si terr\u00e0 a Roma il 30 e 31 ottobre 2021. Nel corso dell&#039;incontro i leader delle 20 economie pi\u00f9 importanti del mondo, i Paesi invitati e i responsabili delle organizzazioni internazionali discuteranno sull&#039;importanza di rafforzare la cooperazione e l&#039;azione collettiva per accelerare la strategia di risposta agli effetti sanitari, economici e sociali della pandemia da Covid19. Si cerceheranno di identificare, inoltre, provvedimenti specifici per procedere verso una ripresa socioeconomica inclusiva e sostenibile.\" \/>\n<meta property=\"og:url\" content=\"https:\/\/puntodincontro.mx\/es\/2021\/10\/25\/mexico-participara-en-la-cumbre-de-lideres-del-g20-en-roma\/\" \/>\n<meta property=\"og:site_name\" content=\"Puntodincontro\" \/>\n<meta property=\"article:publisher\" content=\"https:\/\/www.facebook.com\/puntodincontro.mx\" \/>\n<meta property=\"article:published_time\" content=\"2021-10-26T01:00:20+00:00\" \/>\n<meta property=\"article:modified_time\" content=\"2021-11-01T15:58:26+00:00\" \/>\n<meta property=\"og:image\" content=\"https:\/\/puntodincontro.mx\/wp-content\/uploads\/2021\/10\/marceloebrardromavert.webp\" \/>\n\t<meta property=\"og:image:width\" content=\"423\" \/>\n\t<meta property=\"og:image:height\" content=\"488\" \/>\n\t<meta property=\"og:image:type\" content=\"image\/webp\" \/>\n<meta name=\"author\" content=\"Puntodincontro\" \/>\n<meta name=\"twitter:card\" content=\"summary_large_image\" \/>\n<meta name=\"twitter:creator\" content=\"@puntodincontro\" \/>\n<meta name=\"twitter:site\" content=\"@puntodincontro\" \/>\n<meta name=\"twitter:label1\" content=\"Escrito por\" \/>\n\t<meta name=\"twitter:data1\" content=\"Puntodincontro\" \/>\n\t<meta name=\"twitter:label2\" content=\"Tiempo de lectura\" \/>\n\t<meta name=\"twitter:data2\" content=\"1 minuto\" \/>\n<script type=\"application\/ld+json\" class=\"yoast-schema-graph\">{\"@context\":\"https:\/\/schema.org\",\"@graph\":[{\"@type\":\"NewsArticle\",\"@id\":\"https:\/\/puntodincontro.mx\/2021\/10\/25\/il-messico-partecipera-al-vertice-dei-leader-del-g20-a-roma\/#article\",\"isPartOf\":{\"@id\":\"https:\/\/puntodincontro.mx\/2021\/10\/25\/il-messico-partecipera-al-vertice-dei-leader-del-g20-a-roma\/\"},\"author\":{\"name\":\"Puntodincontro\",\"@id\":\"https:\/\/puntodincontro.mx\/#\/schema\/person\/d3066d18a16259cbb0c29b0d0e93b556\"},\"headline\":\"Il Messico parteciper\u00e0 al vertice dei leader del G20 a Roma\",\"datePublished\":\"2021-10-26T01:00:20+00:00\",\"dateModified\":\"2021-11-01T15:58:26+00:00\",\"mainEntityOfPage\":{\"@id\":\"https:\/\/puntodincontro.mx\/2021\/10\/25\/il-messico-partecipera-al-vertice-dei-leader-del-g20-a-roma\/\"},\"wordCount\":237,\"commentCount\":0,\"publisher\":{\"@id\":\"https:\/\/puntodincontro.mx\/#organization\"},\"image\":{\"@id\":\"https:\/\/puntodincontro.mx\/2021\/10\/25\/il-messico-partecipera-al-vertice-dei-leader-del-g20-a-roma\/#primaryimage\"},\"thumbnailUrl\":\"https:\/\/puntodincontro.mx\/wp-content\/uploads\/2021\/10\/marceloebrardromavert.webp\",\"articleSection\":[\"Messico in Italia\"],\"inLanguage\":\"es\",\"potentialAction\":[{\"@type\":\"CommentAction\",\"name\":\"Comment\",\"target\":[\"https:\/\/puntodincontro.mx\/2021\/10\/25\/il-messico-partecipera-al-vertice-dei-leader-del-g20-a-roma\/#respond\"]}]},{\"@type\":\"WebPage\",\"@id\":\"https:\/\/puntodincontro.mx\/2021\/10\/25\/il-messico-partecipera-al-vertice-dei-leader-del-g20-a-roma\/\",\"url\":\"https:\/\/puntodincontro.mx\/2021\/10\/25\/il-messico-partecipera-al-vertice-dei-leader-del-g20-a-roma\/\",\"name\":\"Il Messico parteciper\u00e0 al vertice dei leader del G20 a Roma Puntodincontro\",\"isPartOf\":{\"@id\":\"https:\/\/puntodincontro.mx\/#website\"},\"primaryImageOfPage\":{\"@id\":\"https:\/\/puntodincontro.mx\/2021\/10\/25\/il-messico-partecipera-al-vertice-dei-leader-del-g20-a-roma\/#primaryimage\"},\"image\":{\"@id\":\"https:\/\/puntodincontro.mx\/2021\/10\/25\/il-messico-partecipera-al-vertice-dei-leader-del-g20-a-roma\/#primaryimage\"},\"thumbnailUrl\":\"https:\/\/puntodincontro.mx\/wp-content\/uploads\/2021\/10\/marceloebrardromavert.webp\",\"datePublished\":\"2021-10-26T01:00:20+00:00\",\"dateModified\":\"2021-11-01T15:58:26+00:00\",\"description\":\"Il ministro agli Affari esteri del Messico, Marcelo Ebrard, ha confermato oggi che parteciper\u00e0 a nome del presidente Andr\u00e9s Manuel L\u00f3pez Obrador al vertice dei leader del G20 che si terr\u00e0 a Roma il 30 e 31 ottobre 2021. Nel corso dell'incontro i leader delle 20 economie pi\u00f9 importanti del mondo, i Paesi invitati e i responsabili delle organizzazioni internazionali discuteranno sull'importanza di rafforzare la cooperazione e l'azione collettiva per accelerare la strategia di risposta agli effetti sanitari, economici e sociali della pandemia da Covid19. Si cerceheranno di identificare, inoltre, provvedimenti specifici per procedere verso una ripresa socioeconomica inclusiva e sostenibile.\",\"breadcrumb\":{\"@id\":\"https:\/\/puntodincontro.mx\/2021\/10\/25\/il-messico-partecipera-al-vertice-dei-leader-del-g20-a-roma\/#breadcrumb\"},\"inLanguage\":\"es\",\"potentialAction\":[{\"@type\":\"ReadAction\",\"target\":[\"https:\/\/puntodincontro.mx\/2021\/10\/25\/il-messico-partecipera-al-vertice-dei-leader-del-g20-a-roma\/\"]}]},{\"@type\":\"ImageObject\",\"inLanguage\":\"es\",\"@id\":\"https:\/\/puntodincontro.mx\/2021\/10\/25\/il-messico-partecipera-al-vertice-dei-leader-del-g20-a-roma\/#primaryimage\",\"url\":\"https:\/\/puntodincontro.mx\/wp-content\/uploads\/2021\/10\/marceloebrardromavert.webp\",\"contentUrl\":\"https:\/\/puntodincontro.mx\/wp-content\/uploads\/2021\/10\/marceloebrardromavert.webp\",\"width\":423,\"height\":488},{\"@type\":\"BreadcrumbList\",\"@id\":\"https:\/\/puntodincontro.mx\/2021\/10\/25\/il-messico-partecipera-al-vertice-dei-leader-del-g20-a-roma\/#breadcrumb\",\"itemListElement\":[{\"@type\":\"ListItem\",\"position\":1,\"name\":\"Home\",\"item\":\"https:\/\/puntodincontro.mx\/\"},{\"@type\":\"ListItem\",\"position\":2,\"name\":\"Il Messico parteciper\u00e0 al vertice dei leader del G20 a Roma\"}]},{\"@type\":\"WebSite\",\"@id\":\"https:\/\/puntodincontro.mx\/#website\",\"url\":\"https:\/\/puntodincontro.mx\/\",\"name\":\"Puntodincontro\",\"description\":\"Dal 2006 notizie sui rapporti Italia-Messico \/ Desde 2006 noticias sobre las relaciones entre Italia y M\u00e9xico\",\"publisher\":{\"@id\":\"https:\/\/puntodincontro.mx\/#organization\"},\"potentialAction\":[{\"@type\":\"SearchAction\",\"target\":{\"@type\":\"EntryPoint\",\"urlTemplate\":\"https:\/\/puntodincontro.mx\/?s={search_term_string}\"},\"query-input\":{\"@type\":\"PropertyValueSpecification\",\"valueRequired\":true,\"valueName\":\"search_term_string\"}}],\"inLanguage\":\"es\"},{\"@type\":\"Organization\",\"@id\":\"https:\/\/puntodincontro.mx\/#organization\",\"name\":\"Puntodincontro\",\"url\":\"https:\/\/puntodincontro.mx\/\",\"logo\":{\"@type\":\"ImageObject\",\"inLanguage\":\"es\",\"@id\":\"https:\/\/puntodincontro.mx\/#\/schema\/logo\/image\/\",\"url\":\"https:\/\/puntodincontro.mx\/wp-content\/uploads\/2021\/08\/Default-image-for-open-graph-settings.jpg\",\"contentUrl\":\"https:\/\/puntodincontro.mx\/wp-content\/uploads\/2021\/08\/Default-image-for-open-graph-settings.jpg\",\"width\":1200,\"height\":630,\"caption\":\"Puntodincontro\"},\"image\":{\"@id\":\"https:\/\/puntodincontro.mx\/#\/schema\/logo\/image\/\"},\"sameAs\":[\"https:\/\/www.facebook.com\/puntodincontro.mx\",\"https:\/\/x.com\/puntodincontro\",\"https:\/\/www.instagram.com\/puntodincontro.mx\/\",\"https:\/\/www.linkedin.com\/company\/puntodincontro\/\",\"https:\/\/www.youtube.com\/c\/puntodincontromessico\",\"https:\/\/www.patreon.com\/puntodincontro\",\"https:\/\/www.threads.net\/@puntodincontro.mx\"]},{\"@type\":\"Person\",\"@id\":\"https:\/\/puntodincontro.mx\/#\/schema\/person\/d3066d18a16259cbb0c29b0d0e93b556\",\"name\":\"Puntodincontro\",\"image\":{\"@type\":\"ImageObject\",\"inLanguage\":\"es\",\"@id\":\"https:\/\/puntodincontro.mx\/#\/schema\/person\/image\/\",\"url\":\"https:\/\/secure.gravatar.com\/avatar\/0e85b4b3b5e9d6bfcec6a4956d8cc63a?s=96&d=mm&r=g\",\"contentUrl\":\"https:\/\/secure.gravatar.com\/avatar\/0e85b4b3b5e9d6bfcec6a4956d8cc63a?s=96&d=mm&r=g\",\"caption\":\"Puntodincontro\"},\"url\":\"https:\/\/puntodincontro.mx\/es\/author\/puntodincontro\/\"}]}<\/script>\n<!-- \/ Yoast SEO Premium plugin. -->","yoast_head_json":{"title":"Il Messico parteciper\u00e0 al vertice dei leader del G20 a Roma Puntodincontro","description":"Il ministro agli Affari esteri del Messico, Marcelo Ebrard, ha confermato oggi che parteciper\u00e0 a nome del presidente Andr\u00e9s Manuel L\u00f3pez Obrador al vertice dei leader del G20 che si terr\u00e0 a Roma il 30 e 31 ottobre 2021. Nel corso dell'incontro i leader delle 20 economie pi\u00f9 importanti del mondo, i Paesi invitati e i responsabili delle organizzazioni internazionali discuteranno sull'importanza di rafforzare la cooperazione e l'azione collettiva per accelerare la strategia di risposta agli effetti sanitari, economici e sociali della pandemia da Covid19. Si cerceheranno di identificare, inoltre, provvedimenti specifici per procedere verso una ripresa socioeconomica inclusiva e sostenibile.","robots":{"index":"index","follow":"follow","max-snippet":"max-snippet:-1","max-image-preview":"max-image-preview:large","max-video-preview":"max-video-preview:-1"},"canonical":"https:\/\/puntodincontro.mx\/es\/2021\/10\/25\/mexico-participara-en-la-cumbre-de-lideres-del-g20-en-roma\/","og_locale":"es_MX","og_type":"article","og_title":"Il Messico parteciper\u00e0 al vertice dei leader del G20 a Roma","og_description":"Il ministro agli Affari esteri del Messico, Marcelo Ebrard, ha confermato oggi che parteciper\u00e0 a nome del presidente Andr\u00e9s Manuel L\u00f3pez Obrador al vertice dei leader del G20 che si terr\u00e0 a Roma il 30 e 31 ottobre 2021. Nel corso dell'incontro i leader delle 20 economie pi\u00f9 importanti del mondo, i Paesi invitati e i responsabili delle organizzazioni internazionali discuteranno sull'importanza di rafforzare la cooperazione e l'azione collettiva per accelerare la strategia di risposta agli effetti sanitari, economici e sociali della pandemia da Covid19. Si cerceheranno di identificare, inoltre, provvedimenti specifici per procedere verso una ripresa socioeconomica inclusiva e sostenibile.","og_url":"https:\/\/puntodincontro.mx\/es\/2021\/10\/25\/mexico-participara-en-la-cumbre-de-lideres-del-g20-en-roma\/","og_site_name":"Puntodincontro","article_publisher":"https:\/\/www.facebook.com\/puntodincontro.mx","article_published_time":"2021-10-26T01:00:20+00:00","article_modified_time":"2021-11-01T15:58:26+00:00","og_image":[{"width":423,"height":488,"url":"https:\/\/puntodincontro.mx\/wp-content\/uploads\/2021\/10\/marceloebrardromavert.webp","type":"image\/webp"}],"author":"Puntodincontro","twitter_card":"summary_large_image","twitter_creator":"@puntodincontro","twitter_site":"@puntodincontro","twitter_misc":{"Escrito por":"Puntodincontro","Tiempo de lectura":"1 minuto"},"schema":{"@context":"https:\/\/schema.org","@graph":[{"@type":"NewsArticle","@id":"https:\/\/puntodincontro.mx\/2021\/10\/25\/il-messico-partecipera-al-vertice-dei-leader-del-g20-a-roma\/#article","isPartOf":{"@id":"https:\/\/puntodincontro.mx\/2021\/10\/25\/il-messico-partecipera-al-vertice-dei-leader-del-g20-a-roma\/"},"author":{"name":"Puntodincontro","@id":"https:\/\/puntodincontro.mx\/#\/schema\/person\/d3066d18a16259cbb0c29b0d0e93b556"},"headline":"Il Messico parteciper\u00e0 al vertice dei leader del G20 a Roma","datePublished":"2021-10-26T01:00:20+00:00","dateModified":"2021-11-01T15:58:26+00:00","mainEntityOfPage":{"@id":"https:\/\/puntodincontro.mx\/2021\/10\/25\/il-messico-partecipera-al-vertice-dei-leader-del-g20-a-roma\/"},"wordCount":237,"commentCount":0,"publisher":{"@id":"https:\/\/puntodincontro.mx\/#organization"},"image":{"@id":"https:\/\/puntodincontro.mx\/2021\/10\/25\/il-messico-partecipera-al-vertice-dei-leader-del-g20-a-roma\/#primaryimage"},"thumbnailUrl":"https:\/\/puntodincontro.mx\/wp-content\/uploads\/2021\/10\/marceloebrardromavert.webp","articleSection":["Messico in Italia"],"inLanguage":"es","potentialAction":[{"@type":"CommentAction","name":"Comment","target":["https:\/\/puntodincontro.mx\/2021\/10\/25\/il-messico-partecipera-al-vertice-dei-leader-del-g20-a-roma\/#respond"]}]},{"@type":"WebPage","@id":"https:\/\/puntodincontro.mx\/2021\/10\/25\/il-messico-partecipera-al-vertice-dei-leader-del-g20-a-roma\/","url":"https:\/\/puntodincontro.mx\/2021\/10\/25\/il-messico-partecipera-al-vertice-dei-leader-del-g20-a-roma\/","name":"Il Messico parteciper\u00e0 al vertice dei leader del G20 a Roma Puntodincontro","isPartOf":{"@id":"https:\/\/puntodincontro.mx\/#website"},"primaryImageOfPage":{"@id":"https:\/\/puntodincontro.mx\/2021\/10\/25\/il-messico-partecipera-al-vertice-dei-leader-del-g20-a-roma\/#primaryimage"},"image":{"@id":"https:\/\/puntodincontro.mx\/2021\/10\/25\/il-messico-partecipera-al-vertice-dei-leader-del-g20-a-roma\/#primaryimage"},"thumbnailUrl":"https:\/\/puntodincontro.mx\/wp-content\/uploads\/2021\/10\/marceloebrardromavert.webp","datePublished":"2021-10-26T01:00:20+00:00","dateModified":"2021-11-01T15:58:26+00:00","description":"Il ministro agli Affari esteri del Messico, Marcelo Ebrard, ha confermato oggi che parteciper\u00e0 a nome del presidente Andr\u00e9s Manuel L\u00f3pez Obrador al vertice dei leader del G20 che si terr\u00e0 a Roma il 30 e 31 ottobre 2021. Nel corso dell'incontro i leader delle 20 economie pi\u00f9 importanti del mondo, i Paesi invitati e i responsabili delle organizzazioni internazionali discuteranno sull'importanza di rafforzare la cooperazione e l'azione collettiva per accelerare la strategia di risposta agli effetti sanitari, economici e sociali della pandemia da Covid19. Si cerceheranno di identificare, inoltre, provvedimenti specifici per procedere verso una ripresa socioeconomica inclusiva e sostenibile.","breadcrumb":{"@id":"https:\/\/puntodincontro.mx\/2021\/10\/25\/il-messico-partecipera-al-vertice-dei-leader-del-g20-a-roma\/#breadcrumb"},"inLanguage":"es","potentialAction":[{"@type":"ReadAction","target":["https:\/\/puntodincontro.mx\/2021\/10\/25\/il-messico-partecipera-al-vertice-dei-leader-del-g20-a-roma\/"]}]},{"@type":"ImageObject","inLanguage":"es","@id":"https:\/\/puntodincontro.mx\/2021\/10\/25\/il-messico-partecipera-al-vertice-dei-leader-del-g20-a-roma\/#primaryimage","url":"https:\/\/puntodincontro.mx\/wp-content\/uploads\/2021\/10\/marceloebrardromavert.webp","contentUrl":"https:\/\/puntodincontro.mx\/wp-content\/uploads\/2021\/10\/marceloebrardromavert.webp","width":423,"height":488},{"@type":"BreadcrumbList","@id":"https:\/\/puntodincontro.mx\/2021\/10\/25\/il-messico-partecipera-al-vertice-dei-leader-del-g20-a-roma\/#breadcrumb","itemListElement":[{"@type":"ListItem","position":1,"name":"Home","item":"https:\/\/puntodincontro.mx\/"},{"@type":"ListItem","position":2,"name":"Il Messico parteciper\u00e0 al vertice dei leader del G20 a Roma"}]},{"@type":"WebSite","@id":"https:\/\/puntodincontro.mx\/#website","url":"https:\/\/puntodincontro.mx\/","name":"Puntodincontro","description":"Desde el 2006 noticias sobre las relaciones entre Italia y M\u00e9xico \/ Dal 2006 notizie sui rapporti Italia-Messico","publisher":{"@id":"https:\/\/puntodincontro.mx\/#organization"},"potentialAction":[{"@type":"SearchAction","target":{"@type":"EntryPoint","urlTemplate":"https:\/\/puntodincontro.mx\/?s={search_term_string}"},"query-input":{"@type":"PropertyValueSpecification","valueRequired":true,"valueName":"search_term_string"}}],"inLanguage":"es"},{"@type":"Organization","@id":"https:\/\/puntodincontro.mx\/#organization","name":"Puntodincontro","url":"https:\/\/puntodincontro.mx\/","logo":{"@type":"ImageObject","inLanguage":"es","@id":"https:\/\/puntodincontro.mx\/#\/schema\/logo\/image\/","url":"https:\/\/puntodincontro.mx\/wp-content\/uploads\/2021\/08\/Default-image-for-open-graph-settings.jpg","contentUrl":"https:\/\/puntodincontro.mx\/wp-content\/uploads\/2021\/08\/Default-image-for-open-graph-settings.jpg","width":1200,"height":630,"caption":"Puntodincontro"},"image":{"@id":"https:\/\/puntodincontro.mx\/#\/schema\/logo\/image\/"},"sameAs":["https:\/\/www.facebook.com\/puntodincontro.mx","https:\/\/x.com\/puntodincontro","https:\/\/www.instagram.com\/puntodincontro.mx\/","https:\/\/www.linkedin.com\/company\/puntodincontro\/","https:\/\/www.youtube.com\/c\/puntodincontromessico","https:\/\/www.patreon.com\/puntodincontro","https:\/\/www.threads.net\/@puntodincontro.mx"]},{"@type":"Person","@id":"https:\/\/puntodincontro.mx\/#\/schema\/person\/d3066d18a16259cbb0c29b0d0e93b556","name":"Puntodincontro","image":{"@type":"ImageObject","inLanguage":"es","@id":"https:\/\/puntodincontro.mx\/#\/schema\/person\/image\/","url":"https:\/\/secure.gravatar.com\/avatar\/0e85b4b3b5e9d6bfcec6a4956d8cc63a?s=96&d=mm&r=g","contentUrl":"https:\/\/secure.gravatar.com\/avatar\/0e85b4b3b5e9d6bfcec6a4956d8cc63a?s=96&d=mm&r=g","caption":"Puntodincontro"},"url":"https:\/\/puntodincontro.mx\/es\/author\/puntodincontro\/"}]}},"_links":{"self":[{"href":"https:\/\/puntodincontro.mx\/es\/wp-json\/wp\/v2\/posts\/1429"}],"collection":[{"href":"https:\/\/puntodincontro.mx\/es\/wp-json\/wp\/v2\/posts"}],"about":[{"href":"https:\/\/puntodincontro.mx\/es\/wp-json\/wp\/v2\/types\/post"}],"author":[{"embeddable":true,"href":"https:\/\/puntodincontro.mx\/es\/wp-json\/wp\/v2\/users\/2"}],"replies":[{"embeddable":true,"href":"https:\/\/puntodincontro.mx\/es\/wp-json\/wp\/v2\/comments?post=1429"}],"version-history":[{"count":4,"href":"https:\/\/puntodincontro.mx\/es\/wp-json\/wp\/v2\/posts\/1429\/revisions"}],"predecessor-version":[{"id":1549,"href":"https:\/\/puntodincontro.mx\/es\/wp-json\/wp\/v2\/posts\/1429\/revisions\/1549"}],"wp:featuredmedia":[{"embeddable":true,"href":"https:\/\/puntodincontro.mx\/es\/wp-json\/wp\/v2\/media\/1432"}],"wp:attachment":[{"href":"https:\/\/puntodincontro.mx\/es\/wp-json\/wp\/v2\/media?parent=1429"}],"wp:term":[{"taxonomy":"category","embeddable":true,"href":"https:\/\/puntodincontro.mx\/es\/wp-json\/wp\/v2\/categories?post=1429"},{"taxonomy":"post_tag","embeddable":true,"href":"https:\/\/puntodincontro.mx\/es\/wp-json\/wp\/v2\/tags?post=1429"}],"curies":[{"name":"wp","href":"https:\/\/api.w.org\/{rel}","templated":true}]}}