{"id":14290,"date":"2023-07-20T20:08:04","date_gmt":"2023-07-21T01:08:04","guid":{"rendered":"https:\/\/puntodincontro.mx\/?p=14290"},"modified":"2023-07-20T20:08:37","modified_gmt":"2023-07-21T01:08:37","slug":"congreso-2023-de-los-investigadores-italianos-en-mexico","status":"publish","type":"post","link":"https:\/\/puntodincontro.mx\/es\/2023\/07\/20\/congresso-2023-dei-ricercatori-italiani-in-messico\/","title":{"rendered":"Congreso 2023 de los investigadores italianos en M\u00e9xico"},"content":{"rendered":"<p class=\"translation-block\"><strong>19:04 hrs.<\/strong> - La Asociaci\u00f3n de Investigadores Italianos en M\u00e9xico public\u00f3 hoy su <a href=\"https:\/\/associazionearim.weebly.com\/uploads\/2\/7\/6\/9\/27699307\/convocatoria_arim_2023.pdf\" target=\"_blank\" rel=\"noreferrer noopener\">invitaci\u00f3n<\/a> al Congreso que tendr\u00e1 lugar los d\u00edas 5 y 6 de octubre de 2023 en el Instituto Italiano de Cultura de la capital (Francisco Sosa 77, Coyoac\u00e1n) con el objetivo de difundir el trabajo realizado por acad\u00e9micos italianos en este pa\u00eds latinoamericano y difundir los proyectos que se desarrollan en torno a temas relacionados con Italia.<\/p>\n\n\n\n<p>El encuentro tambi\u00e9n ser\u00e1 una oportunidad para participar en mesas redondas sobre temas acad\u00e9micos y perspectivas de colaboraci\u00f3n, como la participaci\u00f3n en convocatorias de becas o el financiamiento otorgado por los gobiernos de ambos pa\u00edses.<\/p>\n\n\n\n<p>El Congreso est\u00e1 abierto a investigadores italianos que trabajan en diversos campos de la ciencia, la tecnolog\u00eda, el derecho, la medicina y las humanidades.<\/p>\n\n\n\n<p>El comit\u00e9 organizador tambi\u00e9n invita a los estudiosos de temas relacionados con Italia a enviar un resumen de su presentaci\u00f3n y participar en el evento.<\/p>\n\n\n\n<p>Dentro del programa habr\u00e1 un espacio para ilustrar las investigaciones realizadas por los nuevos miembros de la ARIM, as\u00ed como por aquellos interesados en compartir los avances de su trabajo y los nuevos resultados alcanzados.<\/p>\n\n\n\n<p class=\"translation-block\">Los res\u00famenes y las semblanzas curriculares deber\u00e1n ser enviados a: <a href=\"mailto:arimricercatori@gmail.com\" target=\"_blank\" rel=\"noreferrer noopener\">arimricercatori@gmail.com<\/a><\/p>\n\n\n\n<p>Los ejes tem\u00e1ticos previstos son los siguientes:<\/p>\n\n\n\n<ol class=\"wp-block-list\">\n<li>Estudios de las ciencias f\u00edsico-matem\u00e1ticas y de las ingenier\u00edas.<\/li>\n\n\n\n<li>Estudios de las ciencias biol\u00f3gicas, qu\u00edmicas y de la salud.<\/li>\n\n\n\n<li>Estudios de las ciencias sociales.<\/li>\n\n\n\n<li>Estudios de las humanidades y de las artes.<\/li>\n\n\n\n<li>Italia\/M\u00e9xico: historias, actores y relaciones.<\/li>\n<\/ol>\n\n\n\n<p>El resumen de la ponencia \u2014en formato .doc o .docx\u2014 no deber\u00e1 exceder las 400 palabras e n ingl\u00e9s, espa\u00f1ol o italiano y tendr\u00e1 que ser acompa\u00f1ado por una semblanza curricular de media cuartilla.<\/p>\n\n\n\n<p>La participaci\u00f3n al congreso requiere de inscripci\u00f3n previa. El costo del registro es de 800 pesos mexicanos e incluye la membres\u00eda a la ARIM por un a\u00f1o.<\/p>\n\n\n\n<p>El pago deber\u00e1 realizarse a trav\u00e9s de un dep\u00f3sito o transferencia a la siguiente cuenta bancaria:<\/p>\n\n\n\n<p class=\"translation-block\">Banco: MULTIVA<br>Denominaci\u00f3n\/Raz\u00f3n Social: Associazione di Ricercatori Italiani in Messico ARIM AC<br>Clabe bancaria: 132180000076022512<br>N\u00famero de cuenta: 00007602251<br>Referencia: \u201cCongreso de Investigadores Italianos \u2013 ARIM 2023, Nombre y Apellido del participante\u201d<\/p>\n\n\n\n<p class=\"translation-block\">Una vez realizado el pago, el comprobante deber\u00e1 enviarse a <a href=\"mailto:arimricercatori@gmail.com\" target=\"_blank\" rel=\"noreferrer noopener\">arimricercatori@gmail.com<\/a>, especificando en el asunto \u201cParticipaci\u00f3n Congreso de Investigadores Italianos 2023, Nombre y Apellido del participante\u201d.<\/p>\n\n\n\n<p>Para quienes ya son miembros de la ARIM, el registro es gratuito.<\/p>\n\n\n\n<p>La convocatoria permanecer\u00e1 abierta hasta el lunes 28 de agosto de 2023.<\/p>\n\n\n\n<p>El comit\u00e9 organizador est\u00e1 integrado por Rosanna Bonasia, Karen Matias, Stefano Santasilia, Lorenzo Borselli y Andrea Mutolo.<\/p>\n\n\n\n<div style=\"height:12px\" aria-hidden=\"true\" class=\"wp-block-spacer\"><\/div>\n\n\n<!-- Ad space powered by WP AdCenter v2.5.7 - https:\/\/wpadcenter.com\/ --><div class=\"wpadcenter-adgroup\" ><div class=\"wpadcenter-adgroup__row wpadcenter-aligncenter\"><div class=\"wpadcenter-ad-container\" ><div id=\"wpadcenter-ad-18464\" class=\"ad-placement\"><div class=\"wpadcenter-ad-inner\" ><a id=\"wpadcenter_ad\" data-value=\"18464\" data-placement=\"\" href=\"https:\/\/www.productosremo.com\/\" target=\"_blank\" class=\"wpadcenter-ad-inner__item\" ><img decoding=\"async\"   src=\"https:\/\/puntodincontro.mx\/wp-content\/uploads\/2021\/08\/remobanner.jpg\" class=\"attachment-post-thumbnail size-post-thumbnail wp-post-image\" alt=\"\" srcset=\"https:\/\/puntodincontro.mx\/wp-content\/uploads\/2021\/08\/remobanner.jpg 200w, https:\/\/puntodincontro.mx\/wp-content\/uploads\/2021\/08\/remobanner-16x5.jpg 16w\" sizes=\"(max-width: 200px) 100vw, 200px\" \/><\/a><\/div><\/div><\/div><div class=\"wpadcenter-ad-container\" ><div id=\"wpadcenter-ad-5305\" class=\"ad-placement\"><div class=\"wpadcenter-ad-inner\" ><a id=\"wpadcenter_ad\" data-value=\"5305\" data-placement=\"\" href=\"https:\/\/faitalia.com.mx\/\" target=\"_blank\" class=\"wpadcenter-ad-inner__item\" ><img decoding=\"async\"   src=\"https:\/\/puntodincontro.mx\/wp-content\/uploads\/2022\/05\/gruppodino.jpg\" class=\"attachment-post-thumbnail size-post-thumbnail wp-post-image\" alt=\"\" srcset=\"https:\/\/puntodincontro.mx\/wp-content\/uploads\/2022\/05\/gruppodino.jpg 200w, https:\/\/puntodincontro.mx\/wp-content\/uploads\/2022\/05\/gruppodino-18x5.jpg 18w\" sizes=\"(max-width: 200px) 100vw, 200px\" \/><\/a><\/div><\/div><\/div><div class=\"wpadcenter-ad-container\" ><div id=\"wpadcenter-ad-3781\" class=\"ad-placement\"><div class=\"wpadcenter-ad-inner\" ><a id=\"wpadcenter_ad\" data-value=\"3781\" data-placement=\"\" href=\"https:\/\/cannizzo.com.mx\/\" target=\"_blank\" class=\"wpadcenter-ad-inner__item\" ><img decoding=\"async\"   src=\"https:\/\/puntodincontro.mx\/wp-content\/uploads\/2022\/03\/cannizzo2.jpg\" class=\"attachment-post-thumbnail size-post-thumbnail wp-post-image\" alt=\"\" srcset=\"https:\/\/puntodincontro.mx\/wp-content\/uploads\/2022\/03\/cannizzo2.jpg 200w, https:\/\/puntodincontro.mx\/wp-content\/uploads\/2022\/03\/cannizzo2-18x5.jpg 18w\" sizes=\"(max-width: 200px) 100vw, 200px\" \/><\/a><\/div><\/div><\/div><\/div><div class=\"wpadcenter-adgroup__row wpadcenter-aligncenter\"><div class=\"wpadcenter-ad-container\" ><div id=\"wpadcenter-ad-1704\" class=\"ad-placement\"><div class=\"wpadcenter-ad-inner\" ><a id=\"wpadcenter_ad\" data-value=\"1704\" data-placement=\"\" href=\"https:\/\/puntodincontro.mx\/es\/2021\/12\/24\/inps-verificacion-de-supervivencia-de-los-pensionados-en-el-extranjero\/\" target=\"_blank\" class=\"wpadcenter-ad-inner__item\" ><img decoding=\"async\"   src=\"https:\/\/puntodincontro.mx\/wp-content\/uploads\/2021\/11\/logo-ital.jpg\" class=\"attachment-post-thumbnail size-post-thumbnail wp-post-image\" alt=\"Patronato ITAL Messico\" srcset=\"https:\/\/puntodincontro.mx\/wp-content\/uploads\/2021\/11\/logo-ital.jpg 200w, https:\/\/puntodincontro.mx\/wp-content\/uploads\/2021\/11\/logo-ital-16x5.jpg 16w\" sizes=\"(max-width: 200px) 100vw, 200px\" \/><\/a><\/div><\/div><\/div><div class=\"wpadcenter-ad-container\" ><div id=\"wpadcenter-ad-1538\" class=\"ad-placement\"><div class=\"wpadcenter-ad-inner\" ><a id=\"wpadcenter_ad\" data-value=\"1538\" data-placement=\"\" href=\"https:\/\/asociacionitaliana.org\/\" target=\"_blank\" class=\"wpadcenter-ad-inner__item\" ><img decoding=\"async\"   src=\"https:\/\/puntodincontro.mx\/wp-content\/uploads\/2021\/11\/aialogo.jpg\" class=\"attachment-post-thumbnail size-post-thumbnail wp-post-image\" alt=\"Associazione Italiana di Assistenza IAP\" srcset=\"https:\/\/puntodincontro.mx\/wp-content\/uploads\/2021\/11\/aialogo.jpg 200w, https:\/\/puntodincontro.mx\/wp-content\/uploads\/2021\/11\/aialogo-18x5.jpg 18w\" sizes=\"(max-width: 200px) 100vw, 200px\" \/><\/a><\/div><\/div><\/div><div class=\"wpadcenter-ad-container\" ><div id=\"wpadcenter-ad-1513\" class=\"ad-placement\"><div class=\"wpadcenter-ad-inner\" ><a id=\"wpadcenter_ad\" data-value=\"1513\" data-placement=\"\" href=\"https:\/\/gcinmuebles.mx\" target=\"_blank\" class=\"wpadcenter-ad-inner__item\" ><img decoding=\"async\"   src=\"https:\/\/puntodincontro.mx\/wp-content\/uploads\/2021\/10\/gcinmuebleslogopunto-1.jpg\" class=\"attachment-post-thumbnail size-post-thumbnail wp-post-image\" alt=\"\" srcset=\"https:\/\/puntodincontro.mx\/wp-content\/uploads\/2021\/10\/gcinmuebleslogopunto-1.jpg 200w, https:\/\/puntodincontro.mx\/wp-content\/uploads\/2021\/10\/gcinmuebleslogopunto-1-18x5.jpg 18w\" sizes=\"(max-width: 200px) 100vw, 200px\" \/><\/a><\/div><\/div><\/div><\/div><div class=\"wpadcenter-adgroup__row wpadcenter-aligncenter\"><div class=\"wpadcenter-ad-container\" ><div id=\"wpadcenter-ad-1374\" class=\"ad-placement\"><div class=\"wpadcenter-ad-inner\" ><a id=\"wpadcenter_ad\" data-value=\"1374\" data-placement=\"\" href=\"https:\/\/www.9colonne.it\/\" target=\"_blank\" class=\"wpadcenter-ad-inner__item\" ><img decoding=\"async\"   src=\"https:\/\/puntodincontro.mx\/wp-content\/uploads\/2021\/10\/Banner9colonne.gif\" class=\"attachment-post-thumbnail size-post-thumbnail wp-post-image\" alt=\"\" \/><\/a><\/div><\/div><\/div><div class=\"wpadcenter-ad-container\" ><div id=\"wpadcenter-ad-276\" class=\"ad-placement\"><div class=\"wpadcenter-ad-inner\" ><a id=\"wpadcenter_ad\" data-value=\"276\" data-placement=\"\" href=\"http:\/\/www.camaraitaliana.mx\/\" target=\"_blank\" class=\"wpadcenter-ad-inner__item\" ><img decoding=\"async\"   src=\"https:\/\/puntodincontro.mx\/wp-content\/uploads\/2021\/08\/ccimnuovo.jpg\" class=\"attachment-post-thumbnail size-post-thumbnail wp-post-image\" alt=\"\" srcset=\"https:\/\/puntodincontro.mx\/wp-content\/uploads\/2021\/08\/ccimnuovo.jpg 200w, https:\/\/puntodincontro.mx\/wp-content\/uploads\/2021\/08\/ccimnuovo-18x5.jpg 18w\" sizes=\"(max-width: 200px) 100vw, 200px\" \/><\/a><\/div><\/div><\/div><div class=\"wpadcenter-ad-container\" ><div id=\"wpadcenter-ad-272\" class=\"ad-placement\"><div class=\"wpadcenter-ad-inner\" ><a id=\"wpadcenter_ad\" data-value=\"272\" data-placement=\"\" href=\"http:\/\/corix.us\/\" target=\"_blank\" class=\"wpadcenter-ad-inner__item\" ><img decoding=\"async\"   src=\"https:\/\/puntodincontro.mx\/wp-content\/uploads\/2021\/08\/corixbanner-1.jpg\" class=\"attachment-post-thumbnail size-post-thumbnail wp-post-image\" alt=\"\" srcset=\"https:\/\/puntodincontro.mx\/wp-content\/uploads\/2021\/08\/corixbanner-1.jpg 200w, https:\/\/puntodincontro.mx\/wp-content\/uploads\/2021\/08\/corixbanner-1-16x5.jpg 16w\" sizes=\"(max-width: 200px) 100vw, 200px\" \/><\/a><\/div><\/div><\/div><\/div><div class=\"wpadcenter-adgroup__row wpadcenter-aligncenter\"><div class=\"wpadcenter-ad-container\" ><div id=\"wpadcenter-ad-266\" class=\"ad-placement\"><div class=\"wpadcenter-ad-inner\" ><a id=\"wpadcenter_ad\" data-value=\"266\" data-placement=\"\" href=\"https:\/\/www.prinsel.com.mx\/\" target=\"_blank\" class=\"wpadcenter-ad-inner__item\" ><img decoding=\"async\"   src=\"https:\/\/puntodincontro.mx\/wp-content\/uploads\/2021\/08\/prinselbanner-1.jpg\" class=\"attachment-post-thumbnail size-post-thumbnail wp-post-image\" alt=\"\" srcset=\"https:\/\/puntodincontro.mx\/wp-content\/uploads\/2021\/08\/prinselbanner-1.jpg 200w, https:\/\/puntodincontro.mx\/wp-content\/uploads\/2021\/08\/prinselbanner-1-16x5.jpg 16w\" sizes=\"(max-width: 200px) 100vw, 200px\" \/><\/a><\/div><\/div><\/div><div class=\"wpadcenter-ad-container\" ><div id=\"wpadcenter-ad-261\" class=\"ad-placement\"><div class=\"wpadcenter-ad-inner\" ><a id=\"wpadcenter_ad\" data-value=\"261\" data-placement=\"\" href=\"https:\/\/ambcittadelmessico.esteri.it\/ambasciata_cittadelmessico\/it\/\" target=\"_blank\" class=\"wpadcenter-ad-inner__item\" ><img decoding=\"async\"   src=\"https:\/\/puntodincontro.mx\/wp-content\/uploads\/2021\/08\/ambasciatabanner-1.jpg\" class=\"attachment-post-thumbnail size-post-thumbnail wp-post-image\" alt=\"\" srcset=\"https:\/\/puntodincontro.mx\/wp-content\/uploads\/2021\/08\/ambasciatabanner-1.jpg 200w, https:\/\/puntodincontro.mx\/wp-content\/uploads\/2021\/08\/ambasciatabanner-1-16x5.jpg 16w\" sizes=\"(max-width: 200px) 100vw, 200px\" \/><\/a><\/div><\/div><\/div><\/div><\/div>\n\n\n<div style=\"height:12px\" aria-hidden=\"true\" class=\"wp-block-spacer\"><\/div>","protected":false},"excerpt":{"rendered":"<p>Ore 19.04 &#8211; L&#8217;Associazione dei Ricercatori Italiani in Messico ha esteso oggi l&#8217;invito al Congresso che si svolger\u00e0 il 5 e 6 ottobre 2023 presso l&#8217;Istituto Italiano di Cultura della capitale (Francisco Sosa 77, Coyoac\u00e1n) con l&#8217;obiettivo di diffondere il lavoro svolto dagli studiosi italiani in questo Paese latinoamericano e di divulgare i progetti che si sviluppano attorno a temi legati all&#8217;Italia. L&#8217;incontro sar\u00e0 anche un&#8217;occasione per partecipare a tavole rotonde su temi accademici e prospettive di collaborazione, come la partecipazione a bandi per borse di studio o finanziamenti da parte dei governi di entrambi i Paesi. Il Congresso \u00e8&#8230; <\/p>","protected":false},"author":2,"featured_media":14296,"comment_status":"open","ping_status":"open","sticky":false,"template":"","format":"standard","meta":{"_monsterinsights_skip_tracking":false,"_monsterinsights_sitenote_active":false,"_monsterinsights_sitenote_note":"","_monsterinsights_sitenote_category":0,"footnotes":""},"categories":[14],"tags":[],"class_list":["post-14290","post","type-post","status-publish","format-standard","has-post-thumbnail","hentry","category-scienza-e-tecnologia"],"yoast_head":"<!-- This site is optimized with the Yoast SEO Premium plugin v18.4 (Yoast SEO v25.6) - https:\/\/yoast.com\/wordpress\/plugins\/seo\/ -->\n<title>Congresso 2023 dei ricercatori italiani in Messico<\/title>\n<meta name=\"description\" content=\"L&#039;evento si svolger\u00e0 il 5 e 6 ottobre 2023 presso l&#039;Istituto Italiano di Cultura della capitale (Francisco Sosa 77, Coyoac\u00e1n).\" \/>\n<meta name=\"robots\" content=\"index, follow, max-snippet:-1, max-image-preview:large, max-video-preview:-1\" \/>\n<link rel=\"canonical\" href=\"https:\/\/puntodincontro.mx\/es\/2023\/07\/20\/congreso-2023-de-los-investigadores-italianos-en-mexico\/\" \/>\n<meta property=\"og:locale\" content=\"es_MX\" \/>\n<meta property=\"og:type\" content=\"article\" \/>\n<meta property=\"og:title\" content=\"Congresso 2023 dei ricercatori italiani in Messico\" \/>\n<meta property=\"og:description\" content=\"L&#039;evento si svolger\u00e0 il 5 e 6 ottobre 2023 presso l&#039;Istituto Italiano di Cultura della capitale (Francisco Sosa 77, Coyoac\u00e1n).\" \/>\n<meta property=\"og:url\" content=\"https:\/\/puntodincontro.mx\/es\/2023\/07\/20\/congreso-2023-de-los-investigadores-italianos-en-mexico\/\" \/>\n<meta property=\"og:site_name\" content=\"Puntodincontro\" \/>\n<meta property=\"article:publisher\" content=\"https:\/\/www.facebook.com\/puntodincontro.mx\" \/>\n<meta property=\"article:published_time\" content=\"2023-07-21T01:08:04+00:00\" \/>\n<meta property=\"article:modified_time\" content=\"2023-07-21T01:08:37+00:00\" \/>\n<meta property=\"og:image\" content=\"https:\/\/puntodincontro.mx\/wp-content\/uploads\/2023\/07\/arimcomp.jpg\" \/>\n\t<meta property=\"og:image:width\" content=\"932\" \/>\n\t<meta property=\"og:image:height\" content=\"488\" \/>\n\t<meta property=\"og:image:type\" content=\"image\/jpeg\" \/>\n<meta name=\"author\" content=\"Puntodincontro\" \/>\n<meta name=\"twitter:card\" content=\"summary_large_image\" \/>\n<meta name=\"twitter:creator\" content=\"@puntodincontro\" \/>\n<meta name=\"twitter:site\" content=\"@puntodincontro\" \/>\n<meta name=\"twitter:label1\" content=\"Escrito por\" \/>\n\t<meta name=\"twitter:data1\" content=\"Puntodincontro\" \/>\n\t<meta name=\"twitter:label2\" content=\"Tiempo de lectura\" \/>\n\t<meta name=\"twitter:data2\" content=\"2 minutos\" \/>\n<script type=\"application\/ld+json\" class=\"yoast-schema-graph\">{\"@context\":\"https:\/\/schema.org\",\"@graph\":[{\"@type\":\"NewsArticle\",\"@id\":\"https:\/\/puntodincontro.mx\/2023\/07\/20\/congresso-2023-dei-ricercatori-italiani-in-messico\/#article\",\"isPartOf\":{\"@id\":\"https:\/\/puntodincontro.mx\/2023\/07\/20\/congresso-2023-dei-ricercatori-italiani-in-messico\/\"},\"author\":{\"name\":\"Puntodincontro\",\"@id\":\"https:\/\/puntodincontro.mx\/#\/schema\/person\/d3066d18a16259cbb0c29b0d0e93b556\"},\"headline\":\"Congresso 2023 dei ricercatori italiani in Messico\",\"datePublished\":\"2023-07-21T01:08:04+00:00\",\"dateModified\":\"2023-07-21T01:08:37+00:00\",\"mainEntityOfPage\":{\"@id\":\"https:\/\/puntodincontro.mx\/2023\/07\/20\/congresso-2023-dei-ricercatori-italiani-in-messico\/\"},\"wordCount\":394,\"commentCount\":0,\"publisher\":{\"@id\":\"https:\/\/puntodincontro.mx\/#organization\"},\"image\":{\"@id\":\"https:\/\/puntodincontro.mx\/2023\/07\/20\/congresso-2023-dei-ricercatori-italiani-in-messico\/#primaryimage\"},\"thumbnailUrl\":\"https:\/\/puntodincontro.mx\/wp-content\/uploads\/2023\/07\/arimvert.webp\",\"articleSection\":[\"Scienza e tecnologia\"],\"inLanguage\":\"es\",\"potentialAction\":[{\"@type\":\"CommentAction\",\"name\":\"Comment\",\"target\":[\"https:\/\/puntodincontro.mx\/2023\/07\/20\/congresso-2023-dei-ricercatori-italiani-in-messico\/#respond\"]}]},{\"@type\":\"WebPage\",\"@id\":\"https:\/\/puntodincontro.mx\/2023\/07\/20\/congresso-2023-dei-ricercatori-italiani-in-messico\/\",\"url\":\"https:\/\/puntodincontro.mx\/2023\/07\/20\/congresso-2023-dei-ricercatori-italiani-in-messico\/\",\"name\":\"Congresso 2023 dei ricercatori italiani in Messico\",\"isPartOf\":{\"@id\":\"https:\/\/puntodincontro.mx\/#website\"},\"primaryImageOfPage\":{\"@id\":\"https:\/\/puntodincontro.mx\/2023\/07\/20\/congresso-2023-dei-ricercatori-italiani-in-messico\/#primaryimage\"},\"image\":{\"@id\":\"https:\/\/puntodincontro.mx\/2023\/07\/20\/congresso-2023-dei-ricercatori-italiani-in-messico\/#primaryimage\"},\"thumbnailUrl\":\"https:\/\/puntodincontro.mx\/wp-content\/uploads\/2023\/07\/arimvert.webp\",\"datePublished\":\"2023-07-21T01:08:04+00:00\",\"dateModified\":\"2023-07-21T01:08:37+00:00\",\"description\":\"L'evento si svolger\u00e0 il 5 e 6 ottobre 2023 presso l'Istituto Italiano di Cultura della capitale (Francisco Sosa 77, Coyoac\u00e1n).\",\"breadcrumb\":{\"@id\":\"https:\/\/puntodincontro.mx\/2023\/07\/20\/congresso-2023-dei-ricercatori-italiani-in-messico\/#breadcrumb\"},\"inLanguage\":\"es\",\"potentialAction\":[{\"@type\":\"ReadAction\",\"target\":[\"https:\/\/puntodincontro.mx\/2023\/07\/20\/congresso-2023-dei-ricercatori-italiani-in-messico\/\"]}]},{\"@type\":\"ImageObject\",\"inLanguage\":\"es\",\"@id\":\"https:\/\/puntodincontro.mx\/2023\/07\/20\/congresso-2023-dei-ricercatori-italiani-in-messico\/#primaryimage\",\"url\":\"https:\/\/puntodincontro.mx\/wp-content\/uploads\/2023\/07\/arimvert.webp\",\"contentUrl\":\"https:\/\/puntodincontro.mx\/wp-content\/uploads\/2023\/07\/arimvert.webp\",\"width\":423,\"height\":488,\"caption\":\"Congresso 2023 dei ricercatori italiani in Messico\"},{\"@type\":\"BreadcrumbList\",\"@id\":\"https:\/\/puntodincontro.mx\/2023\/07\/20\/congresso-2023-dei-ricercatori-italiani-in-messico\/#breadcrumb\",\"itemListElement\":[{\"@type\":\"ListItem\",\"position\":1,\"name\":\"Home\",\"item\":\"https:\/\/puntodincontro.mx\/\"},{\"@type\":\"ListItem\",\"position\":2,\"name\":\"Congresso 2023 dei ricercatori italiani in Messico\"}]},{\"@type\":\"WebSite\",\"@id\":\"https:\/\/puntodincontro.mx\/#website\",\"url\":\"https:\/\/puntodincontro.mx\/\",\"name\":\"Puntodincontro\",\"description\":\"Dal 2006 notizie sui rapporti Italia-Messico \/ Desde 2006 noticias sobre las relaciones entre Italia y M\u00e9xico\",\"publisher\":{\"@id\":\"https:\/\/puntodincontro.mx\/#organization\"},\"potentialAction\":[{\"@type\":\"SearchAction\",\"target\":{\"@type\":\"EntryPoint\",\"urlTemplate\":\"https:\/\/puntodincontro.mx\/?s={search_term_string}\"},\"query-input\":{\"@type\":\"PropertyValueSpecification\",\"valueRequired\":true,\"valueName\":\"search_term_string\"}}],\"inLanguage\":\"es\"},{\"@type\":\"Organization\",\"@id\":\"https:\/\/puntodincontro.mx\/#organization\",\"name\":\"Puntodincontro\",\"url\":\"https:\/\/puntodincontro.mx\/\",\"logo\":{\"@type\":\"ImageObject\",\"inLanguage\":\"es\",\"@id\":\"https:\/\/puntodincontro.mx\/#\/schema\/logo\/image\/\",\"url\":\"https:\/\/puntodincontro.mx\/wp-content\/uploads\/2021\/08\/Default-image-for-open-graph-settings.jpg\",\"contentUrl\":\"https:\/\/puntodincontro.mx\/wp-content\/uploads\/2021\/08\/Default-image-for-open-graph-settings.jpg\",\"width\":1200,\"height\":630,\"caption\":\"Puntodincontro\"},\"image\":{\"@id\":\"https:\/\/puntodincontro.mx\/#\/schema\/logo\/image\/\"},\"sameAs\":[\"https:\/\/www.facebook.com\/puntodincontro.mx\",\"https:\/\/x.com\/puntodincontro\",\"https:\/\/www.instagram.com\/puntodincontro.mx\/\",\"https:\/\/www.linkedin.com\/company\/puntodincontro\/\",\"https:\/\/www.youtube.com\/c\/puntodincontromessico\",\"https:\/\/www.patreon.com\/puntodincontro\",\"https:\/\/www.threads.net\/@puntodincontro.mx\"]},{\"@type\":\"Person\",\"@id\":\"https:\/\/puntodincontro.mx\/#\/schema\/person\/d3066d18a16259cbb0c29b0d0e93b556\",\"name\":\"Puntodincontro\",\"image\":{\"@type\":\"ImageObject\",\"inLanguage\":\"es\",\"@id\":\"https:\/\/puntodincontro.mx\/#\/schema\/person\/image\/\",\"url\":\"https:\/\/secure.gravatar.com\/avatar\/0e85b4b3b5e9d6bfcec6a4956d8cc63a?s=96&d=mm&r=g\",\"contentUrl\":\"https:\/\/secure.gravatar.com\/avatar\/0e85b4b3b5e9d6bfcec6a4956d8cc63a?s=96&d=mm&r=g\",\"caption\":\"Puntodincontro\"},\"url\":\"https:\/\/puntodincontro.mx\/es\/author\/puntodincontro\/\"}]}<\/script>\n<!-- \/ Yoast SEO Premium plugin. -->","yoast_head_json":{"title":"Congreso 2023 de los investigadores italianos en M\u00e9xico","description":"L'evento si svolger\u00e0 il 5 e 6 ottobre 2023 presso l'Istituto Italiano di Cultura della capitale (Francisco Sosa 77, Coyoac\u00e1n).","robots":{"index":"index","follow":"follow","max-snippet":"max-snippet:-1","max-image-preview":"max-image-preview:large","max-video-preview":"max-video-preview:-1"},"canonical":"https:\/\/puntodincontro.mx\/es\/2023\/07\/20\/congreso-2023-de-los-investigadores-italianos-en-mexico\/","og_locale":"es_MX","og_type":"article","og_title":"Congresso 2023 dei ricercatori italiani in Messico","og_description":"L'evento si svolger\u00e0 il 5 e 6 ottobre 2023 presso l'Istituto Italiano di Cultura della capitale (Francisco Sosa 77, Coyoac\u00e1n).","og_url":"https:\/\/puntodincontro.mx\/es\/2023\/07\/20\/congreso-2023-de-los-investigadores-italianos-en-mexico\/","og_site_name":"Puntodincontro","article_publisher":"https:\/\/www.facebook.com\/puntodincontro.mx","article_published_time":"2023-07-21T01:08:04+00:00","article_modified_time":"2023-07-21T01:08:37+00:00","og_image":[{"width":932,"height":488,"url":"https:\/\/puntodincontro.mx\/wp-content\/uploads\/2023\/07\/arimcomp.jpg","type":"image\/jpeg"}],"author":"Puntodincontro","twitter_card":"summary_large_image","twitter_creator":"@puntodincontro","twitter_site":"@puntodincontro","twitter_misc":{"Escrito por":"Puntodincontro","Tiempo de lectura":"2 minutos"},"schema":{"@context":"https:\/\/schema.org","@graph":[{"@type":"NewsArticle","@id":"https:\/\/puntodincontro.mx\/2023\/07\/20\/congresso-2023-dei-ricercatori-italiani-in-messico\/#article","isPartOf":{"@id":"https:\/\/puntodincontro.mx\/2023\/07\/20\/congresso-2023-dei-ricercatori-italiani-in-messico\/"},"author":{"name":"Puntodincontro","@id":"https:\/\/puntodincontro.mx\/#\/schema\/person\/d3066d18a16259cbb0c29b0d0e93b556"},"headline":"Congresso 2023 dei ricercatori italiani in Messico","datePublished":"2023-07-21T01:08:04+00:00","dateModified":"2023-07-21T01:08:37+00:00","mainEntityOfPage":{"@id":"https:\/\/puntodincontro.mx\/2023\/07\/20\/congresso-2023-dei-ricercatori-italiani-in-messico\/"},"wordCount":394,"commentCount":0,"publisher":{"@id":"https:\/\/puntodincontro.mx\/#organization"},"image":{"@id":"https:\/\/puntodincontro.mx\/2023\/07\/20\/congresso-2023-dei-ricercatori-italiani-in-messico\/#primaryimage"},"thumbnailUrl":"https:\/\/puntodincontro.mx\/wp-content\/uploads\/2023\/07\/arimvert.webp","articleSection":["Scienza e tecnologia"],"inLanguage":"es","potentialAction":[{"@type":"CommentAction","name":"Comment","target":["https:\/\/puntodincontro.mx\/2023\/07\/20\/congresso-2023-dei-ricercatori-italiani-in-messico\/#respond"]}]},{"@type":"WebPage","@id":"https:\/\/puntodincontro.mx\/2023\/07\/20\/congresso-2023-dei-ricercatori-italiani-in-messico\/","url":"https:\/\/puntodincontro.mx\/2023\/07\/20\/congresso-2023-dei-ricercatori-italiani-in-messico\/","name":"Congreso 2023 de los investigadores italianos en M\u00e9xico","isPartOf":{"@id":"https:\/\/puntodincontro.mx\/#website"},"primaryImageOfPage":{"@id":"https:\/\/puntodincontro.mx\/2023\/07\/20\/congresso-2023-dei-ricercatori-italiani-in-messico\/#primaryimage"},"image":{"@id":"https:\/\/puntodincontro.mx\/2023\/07\/20\/congresso-2023-dei-ricercatori-italiani-in-messico\/#primaryimage"},"thumbnailUrl":"https:\/\/puntodincontro.mx\/wp-content\/uploads\/2023\/07\/arimvert.webp","datePublished":"2023-07-21T01:08:04+00:00","dateModified":"2023-07-21T01:08:37+00:00","description":"L'evento si svolger\u00e0 il 5 e 6 ottobre 2023 presso l'Istituto Italiano di Cultura della capitale (Francisco Sosa 77, Coyoac\u00e1n).","breadcrumb":{"@id":"https:\/\/puntodincontro.mx\/2023\/07\/20\/congresso-2023-dei-ricercatori-italiani-in-messico\/#breadcrumb"},"inLanguage":"es","potentialAction":[{"@type":"ReadAction","target":["https:\/\/puntodincontro.mx\/2023\/07\/20\/congresso-2023-dei-ricercatori-italiani-in-messico\/"]}]},{"@type":"ImageObject","inLanguage":"es","@id":"https:\/\/puntodincontro.mx\/2023\/07\/20\/congresso-2023-dei-ricercatori-italiani-in-messico\/#primaryimage","url":"https:\/\/puntodincontro.mx\/wp-content\/uploads\/2023\/07\/arimvert.webp","contentUrl":"https:\/\/puntodincontro.mx\/wp-content\/uploads\/2023\/07\/arimvert.webp","width":423,"height":488,"caption":"Congresso 2023 dei ricercatori italiani in Messico"},{"@type":"BreadcrumbList","@id":"https:\/\/puntodincontro.mx\/2023\/07\/20\/congresso-2023-dei-ricercatori-italiani-in-messico\/#breadcrumb","itemListElement":[{"@type":"ListItem","position":1,"name":"Home","item":"https:\/\/puntodincontro.mx\/"},{"@type":"ListItem","position":2,"name":"Congresso 2023 dei ricercatori italiani in Messico"}]},{"@type":"WebSite","@id":"https:\/\/puntodincontro.mx\/#website","url":"https:\/\/puntodincontro.mx\/","name":"Puntodincontro","description":"Desde el 2006 noticias sobre las relaciones entre Italia y M\u00e9xico \/ Dal 2006 notizie sui rapporti Italia-Messico","publisher":{"@id":"https:\/\/puntodincontro.mx\/#organization"},"potentialAction":[{"@type":"SearchAction","target":{"@type":"EntryPoint","urlTemplate":"https:\/\/puntodincontro.mx\/?s={search_term_string}"},"query-input":{"@type":"PropertyValueSpecification","valueRequired":true,"valueName":"search_term_string"}}],"inLanguage":"es"},{"@type":"Organization","@id":"https:\/\/puntodincontro.mx\/#organization","name":"Puntodincontro","url":"https:\/\/puntodincontro.mx\/","logo":{"@type":"ImageObject","inLanguage":"es","@id":"https:\/\/puntodincontro.mx\/#\/schema\/logo\/image\/","url":"https:\/\/puntodincontro.mx\/wp-content\/uploads\/2021\/08\/Default-image-for-open-graph-settings.jpg","contentUrl":"https:\/\/puntodincontro.mx\/wp-content\/uploads\/2021\/08\/Default-image-for-open-graph-settings.jpg","width":1200,"height":630,"caption":"Puntodincontro"},"image":{"@id":"https:\/\/puntodincontro.mx\/#\/schema\/logo\/image\/"},"sameAs":["https:\/\/www.facebook.com\/puntodincontro.mx","https:\/\/x.com\/puntodincontro","https:\/\/www.instagram.com\/puntodincontro.mx\/","https:\/\/www.linkedin.com\/company\/puntodincontro\/","https:\/\/www.youtube.com\/c\/puntodincontromessico","https:\/\/www.patreon.com\/puntodincontro","https:\/\/www.threads.net\/@puntodincontro.mx"]},{"@type":"Person","@id":"https:\/\/puntodincontro.mx\/#\/schema\/person\/d3066d18a16259cbb0c29b0d0e93b556","name":"Puntodincontro","image":{"@type":"ImageObject","inLanguage":"es","@id":"https:\/\/puntodincontro.mx\/#\/schema\/person\/image\/","url":"https:\/\/secure.gravatar.com\/avatar\/0e85b4b3b5e9d6bfcec6a4956d8cc63a?s=96&d=mm&r=g","contentUrl":"https:\/\/secure.gravatar.com\/avatar\/0e85b4b3b5e9d6bfcec6a4956d8cc63a?s=96&d=mm&r=g","caption":"Puntodincontro"},"url":"https:\/\/puntodincontro.mx\/es\/author\/puntodincontro\/"}]}},"_links":{"self":[{"href":"https:\/\/puntodincontro.mx\/es\/wp-json\/wp\/v2\/posts\/14290"}],"collection":[{"href":"https:\/\/puntodincontro.mx\/es\/wp-json\/wp\/v2\/posts"}],"about":[{"href":"https:\/\/puntodincontro.mx\/es\/wp-json\/wp\/v2\/types\/post"}],"author":[{"embeddable":true,"href":"https:\/\/puntodincontro.mx\/es\/wp-json\/wp\/v2\/users\/2"}],"replies":[{"embeddable":true,"href":"https:\/\/puntodincontro.mx\/es\/wp-json\/wp\/v2\/comments?post=14290"}],"version-history":[{"count":8,"href":"https:\/\/puntodincontro.mx\/es\/wp-json\/wp\/v2\/posts\/14290\/revisions"}],"predecessor-version":[{"id":14301,"href":"https:\/\/puntodincontro.mx\/es\/wp-json\/wp\/v2\/posts\/14290\/revisions\/14301"}],"wp:featuredmedia":[{"embeddable":true,"href":"https:\/\/puntodincontro.mx\/es\/wp-json\/wp\/v2\/media\/14296"}],"wp:attachment":[{"href":"https:\/\/puntodincontro.mx\/es\/wp-json\/wp\/v2\/media?parent=14290"}],"wp:term":[{"taxonomy":"category","embeddable":true,"href":"https:\/\/puntodincontro.mx\/es\/wp-json\/wp\/v2\/categories?post=14290"},{"taxonomy":"post_tag","embeddable":true,"href":"https:\/\/puntodincontro.mx\/es\/wp-json\/wp\/v2\/tags?post=14290"}],"curies":[{"name":"wp","href":"https:\/\/api.w.org\/{rel}","templated":true}]}}