{"id":14484,"date":"2023-07-30T06:41:11","date_gmt":"2023-07-30T11:41:11","guid":{"rendered":"https:\/\/puntodincontro.mx\/?p=14484"},"modified":"2023-07-30T06:41:12","modified_gmt":"2023-07-30T11:41:12","slug":"es-mexicano-el-cartel-del-concurso-de-gis-sobre-piso-de-taurianova-2023","status":"publish","type":"post","link":"https:\/\/puntodincontro.mx\/es\/2023\/07\/30\/e-messicana-la-locandina-del-concorso-madonnari-di-taurianova-2023\/","title":{"rendered":"Es mexicano el cartel del concurso de gis sobre piso de Taurianova 2023"},"content":{"rendered":"<p class=\"translation-block\"><strong>05:05 hrs.<\/strong> - Vuelve un evento \u00fanico en su g\u00e9nero en Calabria \u2014la regi\u00f3n que ocupa la punta de la bota italiana\u2014 y que re\u00fane a algunos de los mejores artistas callejeros de todo el mundo.<\/p>\n\n\n\n<p class=\"translation-block\">Del 4 al 7 de agosto tendr\u00e1 lugar en Taurianova la 8\u00aa edici\u00f3n del <em>Concurso Internacional Madonnari<\/em>, donde decenas de creadores \u2014as\u00ed llamados por las im\u00e1genes que suelen dibujar en el pavimento con yeso, especialmente de temas sacros y principalmente de <em>Madonnas<\/em>\u2014 har\u00e1n gala de sus habilidades.<\/p>\n\n\n\n<p>La novedad de este a\u00f1o es el cambio de direcci\u00f3n art\u00edstica que \u2014despu\u00e9s de estar a cargo de Gennaro Troia en las siete primeras ediciones\u2014 ver\u00e1 la llegada de Antonella Larosa, originaria de la ciudad organizadora.<\/p>\n\n\n\n<p>Durante cuatro d\u00edas, este centro urbano cobrar\u00e1 vida con los colores de m\u00e1s de 50 artistas internacionales de la tiza que seguir\u00e1n la inspiraci\u00f3n dictada por el tema del concurso: <em>Abrazos... m\u00e1s all\u00e1 del tiempo<\/em>.<\/p>\n\n\n\n<p class=\"translation-block\">Y es precisamente un abrazo la imagen elegida para el cartel de la 8\u00aa edici\u00f3n : <em>Mi madre<\/em>, creada en 2022 por el mexicano Salvador Hern\u00e1ndez Briones. Al explicar su pintura, el autor regiomontano dijo: \u00abEl amor incondicional de una madre por sus hijos es fundamental para que la vida contin\u00fae en nuestro planeta\u00bb. La peculiaridad de la foto \u2014tomada utilizando un dron tras una ligera lluvia\u2014 tambi\u00e9n quiere subrayar la inestimable belleza de este arte ef\u00edmero, una expresi\u00f3n art\u00edstica milenaria y de gran valor en el mundo.<\/p>\n\n\n\n<p>El evento se lleva a cabo bajo el patrocinio de la Regi\u00f3n de Calabria, el Consejo Regional de Calabria, la Ciudad Metropolitana de Reggio Calabria, la Academia de Bellas Artes de Reggio Calabria, la di\u00f3cesis de Oppido Mamertina - Palmi, el Municipio de Taurianova, la Consulta delle Asociaciones de Taurianova, Confcommercio de Reggio Calabria y la asociaci\u00f3n art\u00edstico\/did\u00e1ctica entre las Escuelas de Arte de Cittanova y Palmi.<\/p>\n\n\n\n<p class=\"has-small-font-size\">Imagenes: madonnaritaurianova.it<\/p>\n\n\n\n<div style=\"height:12px\" aria-hidden=\"true\" class=\"wp-block-spacer\"><\/div>\n\n\n<!-- Ad space powered by WP AdCenter v2.5.7 - https:\/\/wpadcenter.com\/ --><div class=\"wpadcenter-adgroup\" ><div class=\"wpadcenter-adgroup__row wpadcenter-aligncenter\"><div class=\"wpadcenter-ad-container\" ><div id=\"wpadcenter-ad-18464\" class=\"ad-placement\"><div class=\"wpadcenter-ad-inner\" ><a id=\"wpadcenter_ad\" data-value=\"18464\" data-placement=\"\" href=\"https:\/\/www.productosremo.com\/\" target=\"_blank\" class=\"wpadcenter-ad-inner__item\" ><img decoding=\"async\"   src=\"https:\/\/puntodincontro.mx\/wp-content\/uploads\/2021\/08\/remobanner.jpg\" class=\"attachment-post-thumbnail size-post-thumbnail wp-post-image\" alt=\"\" srcset=\"https:\/\/puntodincontro.mx\/wp-content\/uploads\/2021\/08\/remobanner.jpg 200w, https:\/\/puntodincontro.mx\/wp-content\/uploads\/2021\/08\/remobanner-16x5.jpg 16w\" sizes=\"(max-width: 200px) 100vw, 200px\" \/><\/a><\/div><\/div><\/div><div class=\"wpadcenter-ad-container\" ><div id=\"wpadcenter-ad-5305\" class=\"ad-placement\"><div class=\"wpadcenter-ad-inner\" ><a id=\"wpadcenter_ad\" data-value=\"5305\" data-placement=\"\" href=\"https:\/\/faitalia.com.mx\/\" target=\"_blank\" class=\"wpadcenter-ad-inner__item\" ><img decoding=\"async\"   src=\"https:\/\/puntodincontro.mx\/wp-content\/uploads\/2022\/05\/gruppodino.jpg\" class=\"attachment-post-thumbnail size-post-thumbnail wp-post-image\" alt=\"\" srcset=\"https:\/\/puntodincontro.mx\/wp-content\/uploads\/2022\/05\/gruppodino.jpg 200w, https:\/\/puntodincontro.mx\/wp-content\/uploads\/2022\/05\/gruppodino-18x5.jpg 18w\" sizes=\"(max-width: 200px) 100vw, 200px\" \/><\/a><\/div><\/div><\/div><div class=\"wpadcenter-ad-container\" ><div id=\"wpadcenter-ad-3781\" class=\"ad-placement\"><div class=\"wpadcenter-ad-inner\" ><a id=\"wpadcenter_ad\" data-value=\"3781\" data-placement=\"\" href=\"https:\/\/cannizzo.com.mx\/\" target=\"_blank\" class=\"wpadcenter-ad-inner__item\" ><img decoding=\"async\"   src=\"https:\/\/puntodincontro.mx\/wp-content\/uploads\/2022\/03\/cannizzo2.jpg\" class=\"attachment-post-thumbnail size-post-thumbnail wp-post-image\" alt=\"\" srcset=\"https:\/\/puntodincontro.mx\/wp-content\/uploads\/2022\/03\/cannizzo2.jpg 200w, https:\/\/puntodincontro.mx\/wp-content\/uploads\/2022\/03\/cannizzo2-18x5.jpg 18w\" sizes=\"(max-width: 200px) 100vw, 200px\" \/><\/a><\/div><\/div><\/div><\/div><div class=\"wpadcenter-adgroup__row wpadcenter-aligncenter\"><div class=\"wpadcenter-ad-container\" ><div id=\"wpadcenter-ad-1704\" class=\"ad-placement\"><div class=\"wpadcenter-ad-inner\" ><a id=\"wpadcenter_ad\" data-value=\"1704\" data-placement=\"\" href=\"https:\/\/puntodincontro.mx\/es\/2021\/12\/24\/inps-verificacion-de-supervivencia-de-los-pensionados-en-el-extranjero\/\" target=\"_blank\" class=\"wpadcenter-ad-inner__item\" ><img decoding=\"async\"   src=\"https:\/\/puntodincontro.mx\/wp-content\/uploads\/2021\/11\/logo-ital.jpg\" class=\"attachment-post-thumbnail size-post-thumbnail wp-post-image\" alt=\"Patronato ITAL Messico\" srcset=\"https:\/\/puntodincontro.mx\/wp-content\/uploads\/2021\/11\/logo-ital.jpg 200w, https:\/\/puntodincontro.mx\/wp-content\/uploads\/2021\/11\/logo-ital-16x5.jpg 16w\" sizes=\"(max-width: 200px) 100vw, 200px\" \/><\/a><\/div><\/div><\/div><div class=\"wpadcenter-ad-container\" ><div id=\"wpadcenter-ad-1538\" class=\"ad-placement\"><div class=\"wpadcenter-ad-inner\" ><a id=\"wpadcenter_ad\" data-value=\"1538\" data-placement=\"\" href=\"https:\/\/asociacionitaliana.org\/\" target=\"_blank\" class=\"wpadcenter-ad-inner__item\" ><img decoding=\"async\"   src=\"https:\/\/puntodincontro.mx\/wp-content\/uploads\/2021\/11\/aialogo.jpg\" class=\"attachment-post-thumbnail size-post-thumbnail wp-post-image\" alt=\"Associazione Italiana di Assistenza IAP\" srcset=\"https:\/\/puntodincontro.mx\/wp-content\/uploads\/2021\/11\/aialogo.jpg 200w, https:\/\/puntodincontro.mx\/wp-content\/uploads\/2021\/11\/aialogo-18x5.jpg 18w\" sizes=\"(max-width: 200px) 100vw, 200px\" \/><\/a><\/div><\/div><\/div><div class=\"wpadcenter-ad-container\" ><div id=\"wpadcenter-ad-1513\" class=\"ad-placement\"><div class=\"wpadcenter-ad-inner\" ><a id=\"wpadcenter_ad\" data-value=\"1513\" data-placement=\"\" href=\"https:\/\/gcinmuebles.mx\" target=\"_blank\" class=\"wpadcenter-ad-inner__item\" ><img decoding=\"async\"   src=\"https:\/\/puntodincontro.mx\/wp-content\/uploads\/2021\/10\/gcinmuebleslogopunto-1.jpg\" class=\"attachment-post-thumbnail size-post-thumbnail wp-post-image\" alt=\"\" srcset=\"https:\/\/puntodincontro.mx\/wp-content\/uploads\/2021\/10\/gcinmuebleslogopunto-1.jpg 200w, https:\/\/puntodincontro.mx\/wp-content\/uploads\/2021\/10\/gcinmuebleslogopunto-1-18x5.jpg 18w\" sizes=\"(max-width: 200px) 100vw, 200px\" \/><\/a><\/div><\/div><\/div><\/div><div class=\"wpadcenter-adgroup__row wpadcenter-aligncenter\"><div class=\"wpadcenter-ad-container\" ><div id=\"wpadcenter-ad-1374\" class=\"ad-placement\"><div class=\"wpadcenter-ad-inner\" ><a id=\"wpadcenter_ad\" data-value=\"1374\" data-placement=\"\" href=\"https:\/\/www.9colonne.it\/\" target=\"_blank\" class=\"wpadcenter-ad-inner__item\" ><img decoding=\"async\"   src=\"https:\/\/puntodincontro.mx\/wp-content\/uploads\/2021\/10\/Banner9colonne.gif\" class=\"attachment-post-thumbnail size-post-thumbnail wp-post-image\" alt=\"\" \/><\/a><\/div><\/div><\/div><div class=\"wpadcenter-ad-container\" ><div id=\"wpadcenter-ad-276\" class=\"ad-placement\"><div class=\"wpadcenter-ad-inner\" ><a id=\"wpadcenter_ad\" data-value=\"276\" data-placement=\"\" href=\"http:\/\/www.camaraitaliana.mx\/\" target=\"_blank\" class=\"wpadcenter-ad-inner__item\" ><img decoding=\"async\"   src=\"https:\/\/puntodincontro.mx\/wp-content\/uploads\/2021\/08\/ccimnuovo.jpg\" class=\"attachment-post-thumbnail size-post-thumbnail wp-post-image\" alt=\"\" srcset=\"https:\/\/puntodincontro.mx\/wp-content\/uploads\/2021\/08\/ccimnuovo.jpg 200w, https:\/\/puntodincontro.mx\/wp-content\/uploads\/2021\/08\/ccimnuovo-18x5.jpg 18w\" sizes=\"(max-width: 200px) 100vw, 200px\" \/><\/a><\/div><\/div><\/div><div class=\"wpadcenter-ad-container\" ><div id=\"wpadcenter-ad-272\" class=\"ad-placement\"><div class=\"wpadcenter-ad-inner\" ><a id=\"wpadcenter_ad\" data-value=\"272\" data-placement=\"\" href=\"http:\/\/corix.us\/\" target=\"_blank\" class=\"wpadcenter-ad-inner__item\" ><img decoding=\"async\"   src=\"https:\/\/puntodincontro.mx\/wp-content\/uploads\/2021\/08\/corixbanner-1.jpg\" class=\"attachment-post-thumbnail size-post-thumbnail wp-post-image\" alt=\"\" srcset=\"https:\/\/puntodincontro.mx\/wp-content\/uploads\/2021\/08\/corixbanner-1.jpg 200w, https:\/\/puntodincontro.mx\/wp-content\/uploads\/2021\/08\/corixbanner-1-16x5.jpg 16w\" sizes=\"(max-width: 200px) 100vw, 200px\" \/><\/a><\/div><\/div><\/div><\/div><div class=\"wpadcenter-adgroup__row wpadcenter-aligncenter\"><div class=\"wpadcenter-ad-container\" ><div id=\"wpadcenter-ad-266\" class=\"ad-placement\"><div class=\"wpadcenter-ad-inner\" ><a id=\"wpadcenter_ad\" data-value=\"266\" data-placement=\"\" href=\"https:\/\/www.prinsel.com.mx\/\" target=\"_blank\" class=\"wpadcenter-ad-inner__item\" ><img decoding=\"async\"   src=\"https:\/\/puntodincontro.mx\/wp-content\/uploads\/2021\/08\/prinselbanner-1.jpg\" class=\"attachment-post-thumbnail size-post-thumbnail wp-post-image\" alt=\"\" srcset=\"https:\/\/puntodincontro.mx\/wp-content\/uploads\/2021\/08\/prinselbanner-1.jpg 200w, https:\/\/puntodincontro.mx\/wp-content\/uploads\/2021\/08\/prinselbanner-1-16x5.jpg 16w\" sizes=\"(max-width: 200px) 100vw, 200px\" \/><\/a><\/div><\/div><\/div><div class=\"wpadcenter-ad-container\" ><div id=\"wpadcenter-ad-261\" class=\"ad-placement\"><div class=\"wpadcenter-ad-inner\" ><a id=\"wpadcenter_ad\" data-value=\"261\" data-placement=\"\" href=\"https:\/\/ambcittadelmessico.esteri.it\/ambasciata_cittadelmessico\/it\/\" target=\"_blank\" class=\"wpadcenter-ad-inner__item\" ><img decoding=\"async\"   src=\"https:\/\/puntodincontro.mx\/wp-content\/uploads\/2021\/08\/ambasciatabanner-1.jpg\" class=\"attachment-post-thumbnail size-post-thumbnail wp-post-image\" alt=\"\" srcset=\"https:\/\/puntodincontro.mx\/wp-content\/uploads\/2021\/08\/ambasciatabanner-1.jpg 200w, https:\/\/puntodincontro.mx\/wp-content\/uploads\/2021\/08\/ambasciatabanner-1-16x5.jpg 16w\" sizes=\"(max-width: 200px) 100vw, 200px\" \/><\/a><\/div><\/div><\/div><\/div><\/div>\n\n\n<div style=\"height:12px\" aria-hidden=\"true\" class=\"wp-block-spacer\"><\/div>","protected":false},"excerpt":{"rendered":"<p>Ore 05.05 &#8211; Torna un evento unico nel suo genere in Calabria \u2014la regione che occupa la punta dello stivale italiano\u2014 e che riunisce alcuni dei migliori artisti di strada provenienti da tutto il mondo. Dal 4 al 7 agosto si svolger\u00e0 a Taurianova l&#8217;8\u00aa edizione del Concorso Internazionale Madonnari, dove decine di creatori \u2014cos\u00ec chiamati per le immagini che sono soliti disegnare sul selciato con gessi, soprattutto sacre e principalmente di Madonne\u2014 metteranno in mostra le loro abilit\u00e0. Una novit\u00e0 di quest&#8217;anno \u00e8 l&#8217;avvicendamento nella direzione artistica che \u2014dopo essere stata affidata per le prime sette edizioni a Gennaro&#8230; <\/p>","protected":false},"author":2,"featured_media":14492,"comment_status":"open","ping_status":"open","sticky":false,"template":"","format":"standard","meta":{"_monsterinsights_skip_tracking":false,"_monsterinsights_sitenote_active":false,"_monsterinsights_sitenote_note":"","_monsterinsights_sitenote_category":0,"footnotes":""},"categories":[8],"tags":[],"class_list":["post-14484","post","type-post","status-publish","format-standard","has-post-thumbnail","hentry","category-viaggi"],"yoast_head":"<!-- This site is optimized with the Yoast SEO Premium plugin v18.4 (Yoast SEO v25.6) - https:\/\/yoast.com\/wordpress\/plugins\/seo\/ -->\n<title>Il Messico protagonista del concorso Madonnari di Taurianova 2023<\/title>\n<meta name=\"description\" content=\"L&#039;immagine scelta per la locandina dell&#039;8\u00aa edizione \u00e8 stata realizzata nel 2022 dal messicano Salvador Hern\u00e1ndez Briones.\" \/>\n<meta name=\"robots\" content=\"index, follow, max-snippet:-1, max-image-preview:large, max-video-preview:-1\" \/>\n<link rel=\"canonical\" href=\"https:\/\/puntodincontro.mx\/es\/2023\/07\/30\/es-mexicano-el-cartel-del-concurso-de-gis-sobre-piso-de-taurianova-2023\/\" \/>\n<meta property=\"og:locale\" content=\"es_MX\" \/>\n<meta property=\"og:type\" content=\"article\" \/>\n<meta property=\"og:title\" content=\"\u00c8 messicana la locandina del concorso Madonnari di Taurianova 2023\" \/>\n<meta property=\"og:description\" content=\"L&#039;immagine scelta per la locandina dell&#039;8\u00aa edizione \u00e8 stata realizzata nel 2022 dal messicano Salvador Hern\u00e1ndez Briones.\" \/>\n<meta property=\"og:url\" content=\"https:\/\/puntodincontro.mx\/es\/2023\/07\/30\/es-mexicano-el-cartel-del-concurso-de-gis-sobre-piso-de-taurianova-2023\/\" \/>\n<meta property=\"og:site_name\" content=\"Puntodincontro\" \/>\n<meta property=\"article:publisher\" content=\"https:\/\/www.facebook.com\/puntodincontro.mx\" \/>\n<meta property=\"article:published_time\" content=\"2023-07-30T11:41:11+00:00\" \/>\n<meta property=\"article:modified_time\" content=\"2023-07-30T11:41:12+00:00\" \/>\n<meta property=\"og:image\" content=\"https:\/\/puntodincontro.mx\/wp-content\/uploads\/2023\/07\/locandinataurianovacomp.jpg\" \/>\n\t<meta property=\"og:image:width\" content=\"932\" \/>\n\t<meta property=\"og:image:height\" content=\"488\" \/>\n\t<meta property=\"og:image:type\" content=\"image\/jpeg\" \/>\n<meta name=\"author\" content=\"Puntodincontro\" \/>\n<meta name=\"twitter:card\" content=\"summary_large_image\" \/>\n<meta name=\"twitter:creator\" content=\"@puntodincontro\" \/>\n<meta name=\"twitter:site\" content=\"@puntodincontro\" \/>\n<meta name=\"twitter:label1\" content=\"Escrito por\" \/>\n\t<meta name=\"twitter:data1\" content=\"Puntodincontro\" \/>\n\t<meta name=\"twitter:label2\" content=\"Tiempo de lectura\" \/>\n\t<meta name=\"twitter:data2\" content=\"1 minuto\" \/>\n<script type=\"application\/ld+json\" class=\"yoast-schema-graph\">{\"@context\":\"https:\/\/schema.org\",\"@graph\":[{\"@type\":\"NewsArticle\",\"@id\":\"https:\/\/puntodincontro.mx\/2023\/07\/30\/e-messicana-la-locandina-del-concorso-madonnari-di-taurianova-2023\/#article\",\"isPartOf\":{\"@id\":\"https:\/\/puntodincontro.mx\/2023\/07\/30\/e-messicana-la-locandina-del-concorso-madonnari-di-taurianova-2023\/\"},\"author\":{\"name\":\"Puntodincontro\",\"@id\":\"https:\/\/puntodincontro.mx\/#\/schema\/person\/d3066d18a16259cbb0c29b0d0e93b556\"},\"headline\":\"\u00c8 messicana la locandina del concorso Madonnari di Taurianova 2023\",\"datePublished\":\"2023-07-30T11:41:11+00:00\",\"dateModified\":\"2023-07-30T11:41:12+00:00\",\"mainEntityOfPage\":{\"@id\":\"https:\/\/puntodincontro.mx\/2023\/07\/30\/e-messicana-la-locandina-del-concorso-madonnari-di-taurianova-2023\/\"},\"wordCount\":291,\"commentCount\":0,\"publisher\":{\"@id\":\"https:\/\/puntodincontro.mx\/#organization\"},\"image\":{\"@id\":\"https:\/\/puntodincontro.mx\/2023\/07\/30\/e-messicana-la-locandina-del-concorso-madonnari-di-taurianova-2023\/#primaryimage\"},\"thumbnailUrl\":\"https:\/\/puntodincontro.mx\/wp-content\/uploads\/2023\/07\/locandinataurianovavert.webp\",\"articleSection\":[\"Viaggi\"],\"inLanguage\":\"es\",\"potentialAction\":[{\"@type\":\"CommentAction\",\"name\":\"Comment\",\"target\":[\"https:\/\/puntodincontro.mx\/2023\/07\/30\/e-messicana-la-locandina-del-concorso-madonnari-di-taurianova-2023\/#respond\"]}]},{\"@type\":\"WebPage\",\"@id\":\"https:\/\/puntodincontro.mx\/2023\/07\/30\/e-messicana-la-locandina-del-concorso-madonnari-di-taurianova-2023\/\",\"url\":\"https:\/\/puntodincontro.mx\/2023\/07\/30\/e-messicana-la-locandina-del-concorso-madonnari-di-taurianova-2023\/\",\"name\":\"Il Messico protagonista del concorso Madonnari di Taurianova 2023\",\"isPartOf\":{\"@id\":\"https:\/\/puntodincontro.mx\/#website\"},\"primaryImageOfPage\":{\"@id\":\"https:\/\/puntodincontro.mx\/2023\/07\/30\/e-messicana-la-locandina-del-concorso-madonnari-di-taurianova-2023\/#primaryimage\"},\"image\":{\"@id\":\"https:\/\/puntodincontro.mx\/2023\/07\/30\/e-messicana-la-locandina-del-concorso-madonnari-di-taurianova-2023\/#primaryimage\"},\"thumbnailUrl\":\"https:\/\/puntodincontro.mx\/wp-content\/uploads\/2023\/07\/locandinataurianovavert.webp\",\"datePublished\":\"2023-07-30T11:41:11+00:00\",\"dateModified\":\"2023-07-30T11:41:12+00:00\",\"description\":\"L'immagine scelta per la locandina dell'8\u00aa edizione \u00e8 stata realizzata nel 2022 dal messicano Salvador Hern\u00e1ndez Briones.\",\"breadcrumb\":{\"@id\":\"https:\/\/puntodincontro.mx\/2023\/07\/30\/e-messicana-la-locandina-del-concorso-madonnari-di-taurianova-2023\/#breadcrumb\"},\"inLanguage\":\"es\",\"potentialAction\":[{\"@type\":\"ReadAction\",\"target\":[\"https:\/\/puntodincontro.mx\/2023\/07\/30\/e-messicana-la-locandina-del-concorso-madonnari-di-taurianova-2023\/\"]}]},{\"@type\":\"ImageObject\",\"inLanguage\":\"es\",\"@id\":\"https:\/\/puntodincontro.mx\/2023\/07\/30\/e-messicana-la-locandina-del-concorso-madonnari-di-taurianova-2023\/#primaryimage\",\"url\":\"https:\/\/puntodincontro.mx\/wp-content\/uploads\/2023\/07\/locandinataurianovavert.webp\",\"contentUrl\":\"https:\/\/puntodincontro.mx\/wp-content\/uploads\/2023\/07\/locandinataurianovavert.webp\",\"width\":423,\"height\":488,\"caption\":\"\u00c8 messicana la locandina del concorso Madonnari di Taurianova 2023 \/ Immagini: madonnaritaurianova.it\"},{\"@type\":\"BreadcrumbList\",\"@id\":\"https:\/\/puntodincontro.mx\/2023\/07\/30\/e-messicana-la-locandina-del-concorso-madonnari-di-taurianova-2023\/#breadcrumb\",\"itemListElement\":[{\"@type\":\"ListItem\",\"position\":1,\"name\":\"Home\",\"item\":\"https:\/\/puntodincontro.mx\/\"},{\"@type\":\"ListItem\",\"position\":2,\"name\":\"\u00c8 messicana la locandina del concorso Madonnari di Taurianova 2023\"}]},{\"@type\":\"WebSite\",\"@id\":\"https:\/\/puntodincontro.mx\/#website\",\"url\":\"https:\/\/puntodincontro.mx\/\",\"name\":\"Puntodincontro\",\"description\":\"Dal 2006 notizie sui rapporti Italia-Messico \/ Desde 2006 noticias sobre las relaciones entre Italia y M\u00e9xico\",\"publisher\":{\"@id\":\"https:\/\/puntodincontro.mx\/#organization\"},\"potentialAction\":[{\"@type\":\"SearchAction\",\"target\":{\"@type\":\"EntryPoint\",\"urlTemplate\":\"https:\/\/puntodincontro.mx\/?s={search_term_string}\"},\"query-input\":{\"@type\":\"PropertyValueSpecification\",\"valueRequired\":true,\"valueName\":\"search_term_string\"}}],\"inLanguage\":\"es\"},{\"@type\":\"Organization\",\"@id\":\"https:\/\/puntodincontro.mx\/#organization\",\"name\":\"Puntodincontro\",\"url\":\"https:\/\/puntodincontro.mx\/\",\"logo\":{\"@type\":\"ImageObject\",\"inLanguage\":\"es\",\"@id\":\"https:\/\/puntodincontro.mx\/#\/schema\/logo\/image\/\",\"url\":\"https:\/\/puntodincontro.mx\/wp-content\/uploads\/2021\/08\/Default-image-for-open-graph-settings.jpg\",\"contentUrl\":\"https:\/\/puntodincontro.mx\/wp-content\/uploads\/2021\/08\/Default-image-for-open-graph-settings.jpg\",\"width\":1200,\"height\":630,\"caption\":\"Puntodincontro\"},\"image\":{\"@id\":\"https:\/\/puntodincontro.mx\/#\/schema\/logo\/image\/\"},\"sameAs\":[\"https:\/\/www.facebook.com\/puntodincontro.mx\",\"https:\/\/x.com\/puntodincontro\",\"https:\/\/www.instagram.com\/puntodincontro.mx\/\",\"https:\/\/www.linkedin.com\/company\/puntodincontro\/\",\"https:\/\/www.youtube.com\/c\/puntodincontromessico\",\"https:\/\/www.patreon.com\/puntodincontro\",\"https:\/\/www.threads.net\/@puntodincontro.mx\"]},{\"@type\":\"Person\",\"@id\":\"https:\/\/puntodincontro.mx\/#\/schema\/person\/d3066d18a16259cbb0c29b0d0e93b556\",\"name\":\"Puntodincontro\",\"image\":{\"@type\":\"ImageObject\",\"inLanguage\":\"es\",\"@id\":\"https:\/\/puntodincontro.mx\/#\/schema\/person\/image\/\",\"url\":\"https:\/\/secure.gravatar.com\/avatar\/0e85b4b3b5e9d6bfcec6a4956d8cc63a?s=96&d=mm&r=g\",\"contentUrl\":\"https:\/\/secure.gravatar.com\/avatar\/0e85b4b3b5e9d6bfcec6a4956d8cc63a?s=96&d=mm&r=g\",\"caption\":\"Puntodincontro\"},\"url\":\"https:\/\/puntodincontro.mx\/es\/author\/puntodincontro\/\"}]}<\/script>\n<!-- \/ Yoast SEO Premium plugin. -->","yoast_head_json":{"title":"M\u00e9xico protagonista del concurso de gis sobre piso de Taurianova 2023","description":"L'immagine scelta per la locandina dell'8\u00aa edizione \u00e8 stata realizzata nel 2022 dal messicano Salvador Hern\u00e1ndez Briones.","robots":{"index":"index","follow":"follow","max-snippet":"max-snippet:-1","max-image-preview":"max-image-preview:large","max-video-preview":"max-video-preview:-1"},"canonical":"https:\/\/puntodincontro.mx\/es\/2023\/07\/30\/es-mexicano-el-cartel-del-concurso-de-gis-sobre-piso-de-taurianova-2023\/","og_locale":"es_MX","og_type":"article","og_title":"\u00c8 messicana la locandina del concorso Madonnari di Taurianova 2023","og_description":"L'immagine scelta per la locandina dell'8\u00aa edizione \u00e8 stata realizzata nel 2022 dal messicano Salvador Hern\u00e1ndez Briones.","og_url":"https:\/\/puntodincontro.mx\/es\/2023\/07\/30\/es-mexicano-el-cartel-del-concurso-de-gis-sobre-piso-de-taurianova-2023\/","og_site_name":"Puntodincontro","article_publisher":"https:\/\/www.facebook.com\/puntodincontro.mx","article_published_time":"2023-07-30T11:41:11+00:00","article_modified_time":"2023-07-30T11:41:12+00:00","og_image":[{"width":932,"height":488,"url":"https:\/\/puntodincontro.mx\/wp-content\/uploads\/2023\/07\/locandinataurianovacomp.jpg","type":"image\/jpeg"}],"author":"Puntodincontro","twitter_card":"summary_large_image","twitter_creator":"@puntodincontro","twitter_site":"@puntodincontro","twitter_misc":{"Escrito por":"Puntodincontro","Tiempo de lectura":"1 minuto"},"schema":{"@context":"https:\/\/schema.org","@graph":[{"@type":"NewsArticle","@id":"https:\/\/puntodincontro.mx\/2023\/07\/30\/e-messicana-la-locandina-del-concorso-madonnari-di-taurianova-2023\/#article","isPartOf":{"@id":"https:\/\/puntodincontro.mx\/2023\/07\/30\/e-messicana-la-locandina-del-concorso-madonnari-di-taurianova-2023\/"},"author":{"name":"Puntodincontro","@id":"https:\/\/puntodincontro.mx\/#\/schema\/person\/d3066d18a16259cbb0c29b0d0e93b556"},"headline":"\u00c8 messicana la locandina del concorso Madonnari di Taurianova 2023","datePublished":"2023-07-30T11:41:11+00:00","dateModified":"2023-07-30T11:41:12+00:00","mainEntityOfPage":{"@id":"https:\/\/puntodincontro.mx\/2023\/07\/30\/e-messicana-la-locandina-del-concorso-madonnari-di-taurianova-2023\/"},"wordCount":291,"commentCount":0,"publisher":{"@id":"https:\/\/puntodincontro.mx\/#organization"},"image":{"@id":"https:\/\/puntodincontro.mx\/2023\/07\/30\/e-messicana-la-locandina-del-concorso-madonnari-di-taurianova-2023\/#primaryimage"},"thumbnailUrl":"https:\/\/puntodincontro.mx\/wp-content\/uploads\/2023\/07\/locandinataurianovavert.webp","articleSection":["Viaggi"],"inLanguage":"es","potentialAction":[{"@type":"CommentAction","name":"Comment","target":["https:\/\/puntodincontro.mx\/2023\/07\/30\/e-messicana-la-locandina-del-concorso-madonnari-di-taurianova-2023\/#respond"]}]},{"@type":"WebPage","@id":"https:\/\/puntodincontro.mx\/2023\/07\/30\/e-messicana-la-locandina-del-concorso-madonnari-di-taurianova-2023\/","url":"https:\/\/puntodincontro.mx\/2023\/07\/30\/e-messicana-la-locandina-del-concorso-madonnari-di-taurianova-2023\/","name":"M\u00e9xico protagonista del concurso de gis sobre piso de Taurianova 2023","isPartOf":{"@id":"https:\/\/puntodincontro.mx\/#website"},"primaryImageOfPage":{"@id":"https:\/\/puntodincontro.mx\/2023\/07\/30\/e-messicana-la-locandina-del-concorso-madonnari-di-taurianova-2023\/#primaryimage"},"image":{"@id":"https:\/\/puntodincontro.mx\/2023\/07\/30\/e-messicana-la-locandina-del-concorso-madonnari-di-taurianova-2023\/#primaryimage"},"thumbnailUrl":"https:\/\/puntodincontro.mx\/wp-content\/uploads\/2023\/07\/locandinataurianovavert.webp","datePublished":"2023-07-30T11:41:11+00:00","dateModified":"2023-07-30T11:41:12+00:00","description":"L'immagine scelta per la locandina dell'8\u00aa edizione \u00e8 stata realizzata nel 2022 dal messicano Salvador Hern\u00e1ndez Briones.","breadcrumb":{"@id":"https:\/\/puntodincontro.mx\/2023\/07\/30\/e-messicana-la-locandina-del-concorso-madonnari-di-taurianova-2023\/#breadcrumb"},"inLanguage":"es","potentialAction":[{"@type":"ReadAction","target":["https:\/\/puntodincontro.mx\/2023\/07\/30\/e-messicana-la-locandina-del-concorso-madonnari-di-taurianova-2023\/"]}]},{"@type":"ImageObject","inLanguage":"es","@id":"https:\/\/puntodincontro.mx\/2023\/07\/30\/e-messicana-la-locandina-del-concorso-madonnari-di-taurianova-2023\/#primaryimage","url":"https:\/\/puntodincontro.mx\/wp-content\/uploads\/2023\/07\/locandinataurianovavert.webp","contentUrl":"https:\/\/puntodincontro.mx\/wp-content\/uploads\/2023\/07\/locandinataurianovavert.webp","width":423,"height":488,"caption":"\u00c8 messicana la locandina del concorso Madonnari di Taurianova 2023 \/ Immagini: madonnaritaurianova.it"},{"@type":"BreadcrumbList","@id":"https:\/\/puntodincontro.mx\/2023\/07\/30\/e-messicana-la-locandina-del-concorso-madonnari-di-taurianova-2023\/#breadcrumb","itemListElement":[{"@type":"ListItem","position":1,"name":"Home","item":"https:\/\/puntodincontro.mx\/"},{"@type":"ListItem","position":2,"name":"\u00c8 messicana la locandina del concorso Madonnari di Taurianova 2023"}]},{"@type":"WebSite","@id":"https:\/\/puntodincontro.mx\/#website","url":"https:\/\/puntodincontro.mx\/","name":"Puntodincontro","description":"Desde el 2006 noticias sobre las relaciones entre Italia y M\u00e9xico \/ Dal 2006 notizie sui rapporti Italia-Messico","publisher":{"@id":"https:\/\/puntodincontro.mx\/#organization"},"potentialAction":[{"@type":"SearchAction","target":{"@type":"EntryPoint","urlTemplate":"https:\/\/puntodincontro.mx\/?s={search_term_string}"},"query-input":{"@type":"PropertyValueSpecification","valueRequired":true,"valueName":"search_term_string"}}],"inLanguage":"es"},{"@type":"Organization","@id":"https:\/\/puntodincontro.mx\/#organization","name":"Puntodincontro","url":"https:\/\/puntodincontro.mx\/","logo":{"@type":"ImageObject","inLanguage":"es","@id":"https:\/\/puntodincontro.mx\/#\/schema\/logo\/image\/","url":"https:\/\/puntodincontro.mx\/wp-content\/uploads\/2021\/08\/Default-image-for-open-graph-settings.jpg","contentUrl":"https:\/\/puntodincontro.mx\/wp-content\/uploads\/2021\/08\/Default-image-for-open-graph-settings.jpg","width":1200,"height":630,"caption":"Puntodincontro"},"image":{"@id":"https:\/\/puntodincontro.mx\/#\/schema\/logo\/image\/"},"sameAs":["https:\/\/www.facebook.com\/puntodincontro.mx","https:\/\/x.com\/puntodincontro","https:\/\/www.instagram.com\/puntodincontro.mx\/","https:\/\/www.linkedin.com\/company\/puntodincontro\/","https:\/\/www.youtube.com\/c\/puntodincontromessico","https:\/\/www.patreon.com\/puntodincontro","https:\/\/www.threads.net\/@puntodincontro.mx"]},{"@type":"Person","@id":"https:\/\/puntodincontro.mx\/#\/schema\/person\/d3066d18a16259cbb0c29b0d0e93b556","name":"Puntodincontro","image":{"@type":"ImageObject","inLanguage":"es","@id":"https:\/\/puntodincontro.mx\/#\/schema\/person\/image\/","url":"https:\/\/secure.gravatar.com\/avatar\/0e85b4b3b5e9d6bfcec6a4956d8cc63a?s=96&d=mm&r=g","contentUrl":"https:\/\/secure.gravatar.com\/avatar\/0e85b4b3b5e9d6bfcec6a4956d8cc63a?s=96&d=mm&r=g","caption":"Puntodincontro"},"url":"https:\/\/puntodincontro.mx\/es\/author\/puntodincontro\/"}]}},"_links":{"self":[{"href":"https:\/\/puntodincontro.mx\/es\/wp-json\/wp\/v2\/posts\/14484"}],"collection":[{"href":"https:\/\/puntodincontro.mx\/es\/wp-json\/wp\/v2\/posts"}],"about":[{"href":"https:\/\/puntodincontro.mx\/es\/wp-json\/wp\/v2\/types\/post"}],"author":[{"embeddable":true,"href":"https:\/\/puntodincontro.mx\/es\/wp-json\/wp\/v2\/users\/2"}],"replies":[{"embeddable":true,"href":"https:\/\/puntodincontro.mx\/es\/wp-json\/wp\/v2\/comments?post=14484"}],"version-history":[{"count":7,"href":"https:\/\/puntodincontro.mx\/es\/wp-json\/wp\/v2\/posts\/14484\/revisions"}],"predecessor-version":[{"id":14494,"href":"https:\/\/puntodincontro.mx\/es\/wp-json\/wp\/v2\/posts\/14484\/revisions\/14494"}],"wp:featuredmedia":[{"embeddable":true,"href":"https:\/\/puntodincontro.mx\/es\/wp-json\/wp\/v2\/media\/14492"}],"wp:attachment":[{"href":"https:\/\/puntodincontro.mx\/es\/wp-json\/wp\/v2\/media?parent=14484"}],"wp:term":[{"taxonomy":"category","embeddable":true,"href":"https:\/\/puntodincontro.mx\/es\/wp-json\/wp\/v2\/categories?post=14484"},{"taxonomy":"post_tag","embeddable":true,"href":"https:\/\/puntodincontro.mx\/es\/wp-json\/wp\/v2\/tags?post=14484"}],"curies":[{"name":"wp","href":"https:\/\/api.w.org\/{rel}","templated":true}]}}