{"id":14573,"date":"2023-08-02T12:49:53","date_gmt":"2023-08-02T17:49:53","guid":{"rendered":"https:\/\/puntodincontro.mx\/?p=14573"},"modified":"2023-08-02T12:51:25","modified_gmt":"2023-08-02T17:51:25","slug":"no-hay-suficiente-preparacion-para-enfrentar-el-cambio-climatico","status":"publish","type":"post","link":"https:\/\/puntodincontro.mx\/es\/2023\/08\/02\/non-ce-abbastanza-preparazione-per-affrontare-il-cambiamento-climatico\/","title":{"rendered":"\u00abNo hay suficiente preparaci\u00f3n para enfrentar el cambio clim\u00e1tico\u00bb"},"content":{"rendered":"<p class=\"translation-block\"><strong>11:07 hrs.<\/strong> - Aunque algunos cient\u00edficos siguen ajustando sus perspectivas, se est\u00e1 llegando a la coincidencia de que julio de 2023 fue el mes m\u00e1s caliente de los \u00faltimos 120 mil a\u00f1os.<\/p>\n\n\n\n<p>El Secretario General de la ONU, Ant\u00f3nio Guterres, dijo que es necesaria una acci\u00f3n urgente: \u00abEl cambio clim\u00e1tico est\u00e1 aqu\u00ed\u00bb \u2014coment\u00f3\u2014 \u00abes aterrador y es solo el comienzo. La era del calentamiento global ha terminado, ha llegado la era de la ebullici\u00f3n\u00bb.<\/p>\n\n\n\n<p>La Secretar\u00eda de Salud de M\u00e9xico inform\u00f3 que desde el 19 de marzo hasta el 22 de julio se registraron en el pa\u00eds 249 defunciones asociadas a las temperaturas naturales extremas.<\/p>\n\n\n\n<p class=\"translation-block\">En este contexto, la periodista mexicana Carmen Aristegui entrevist\u00f3 el pasado lunes para el canal de televisi\u00f3n CNN en Espa\u00f1ol a Simone Lucatello, reconocido con la Orden de la Estrella de Italia por el presidente Mattarella en 2021, ex presidente de la Asociaci\u00f3n de Investigadores Italianos en M\u00e9xico (ARIM) y coordinador l\u00edder del informe GEO 7 del Programa de las Naciones Unidas para el Medio Ambiente (PNUMA) sobre el estado actual del planeta tierra.<\/p>\n\n\n\n<p>\u00abSi tratta\u00bb \u2014ha detto lo <a href=\"https:\/\/puntodincontro.mx\/es\/?s=lucatello\" target=\"_blank\" rel=\"noreferrer noopener\">specialista italiano<\/a>\u2014 \u00abdi uno scenario che dal campo scientifico sapevamo sarebbe arrivato prima o poi, ed \u00e8 gi\u00e0 qui, con tutta la sua forza e potenza\u00bb.<\/p>\n\n\n\n<p>\u00abEl tema de la ebullici\u00f3n global\u00bb \u2014continu\u00f3 Lucatello\u2014 \u00abes algo que deber\u00eda llamarnos la atenci\u00f3n por los incumplimientos y las cosas que no hemos hecho bien hasta ahora, ya que llevamos casi cuarenta a\u00f1os diciendo que esto iba a pasar\u00bb.<\/p>\n\n\n\n<p>\u00abEl planeta nos est\u00e1 avisando que hemos alcanzado un punto que, para algunos, es irreversible y, para otros, nos enfrenta a un cambio global. Las olas de calor son una tendencia desde hace aproximadamente cuatro o cinco a\u00f1os y hemos alcanzado temperaturas que nunca hab\u00edamos experimentado y que nos ponen en el l\u00edmite como seres humanos. Todo esto implica una serie de respuestas que tenemos que empezar a dar de manera muy urgente. Es como si hubi\u00e9ramos prendido la calefacci\u00f3n o la chimenea: sabemos como apagarla, pero no lo hemos logrado. Tenemos horizontes temporales complicados para reducir las emisiones y bajar esta tendencia global y se trata de un tema sumamente grave, creo que ya es el primero de la agenda, sin dejar de tomar en consideraci\u00f3n las guerras\u00bb.<\/p>\n\n\n\n<p>\u00abDesde un punto de vista cient\u00edfico, este es un calentamiento contempor\u00e1neo, correspondiente a los \u00faltimos 120-140 a\u00f1os, despu\u00e9s de la revoluci\u00f3n industrial. Las emisiones de gases a efecto invernadero, propias de nuestro modelo de desarrollo, han provocado una contaminaci\u00f3n muy importante del planeta\u00bb.<\/p>\n\n\n\n<p>\u00abEs claro que, para modificar la situaci\u00f3n y bajar las temperaturas, tenemos que llegar en poco tiempo a una importante transici\u00f3n ecol\u00f3gica, con emisiones reducidas pr\u00e1cticamente a cero. Estamos hablando de un horizonte de aproximadamente 25 a\u00f1os, fij\u00e1ndonos metas para el 2050, pero lo tenemos que implementar de una manera m\u00e1s agresiva, porque los datos observados nos est\u00e1n diciendo que el planeta se est\u00e1 enfermando m\u00e1s r\u00e1pidamente de lo que pens\u00e1bamos\u00bb.<\/p>\n\n\n\n<p>\u00abVarios eventos extremos \u2014que incluyen, adem\u00e1s de las olas de calor, s\u00faper tormentas, s\u00faper huracanes, as\u00ed como lluvias y precipitaciones cortas e intensas\u2014 han proliferado como consecuencia del calentamiento. En d\u00edas recientes se est\u00e1 registrando tambi\u00e9n un incremento an\u00f3malo en la temperatura del Oc\u00e9ano Atlantico, en el Mar Caribe, al sur de la Florida y en la pen\u00ednsula de Yucat\u00e1n, con niveles de 3 o 4 grados superiores a las observaciones anteriores\u00bb.<\/p>\n\n\n\n<p>\u00abLos seres humanos podemos adaptarnos a las variaciones, pero el planeta no est\u00e1 en condiciones de hacerlo. Los esfuerzos de mitigaci\u00f3n y adaptaci\u00f3n son tareas que corresponden tanto a los gobiernos como a las personas\u00bb.<\/p>\n\n\n\n<p>\u00abRecordemos, adem\u00e1s\u00bb \u2014subray\u00f3 el investigador nacido en Vicenza en 1973\u2014 \u00abque hay pa\u00edses que, por su nivel de desarrollo, no son los principales responsables de esta situaci\u00f3n, pero ser\u00e1n los que m\u00e1s resulten afectados por ella, lo cual implica otro tipo de responsabilidades globales. Es un conjunto de factores, llamados sist\u00e9micos, que tenemos que comprender y controlar\u00bb.<\/p>\n\n\n\n<p>\u00abHay varios niveles de ataque al problema. La responsabilidad de la comunidad internacional fue formalizada en el famoso acuerdo de Par\u00eds, en el que las naciones \u2014a diferentes velocidades y en diferentes formas\u2014 se han comprometido a bajar sus emisiones y a transitar hacia un sistema libre de combustibles f\u00f3siles y de contaminantes\u00bb.<\/p>\n\n\n\n<p>\u00abEstas iniciativas, sin embargo, tienen que tomar en cuenta el derecho al desarrollo de los pa\u00edses, una situaci\u00f3n leg\u00edtima que se suma al rebote de emisiones registrado a nivel mundial despu\u00e9s de la pandemia para retomar el camino del crecimiento econ\u00f3mico\u00bb.<\/p>\n\n\n\n<p>\u00abEn niveles m\u00e1s bajos del esfuerzo de intervenci\u00f3n, los municipios y centros urbanos tienen tambi\u00e9n que adaptarse y tratar de conocer qu\u00e9 implica para su propio desarrollo enfrentar este fen\u00f3meno. Menciono, como ejemplo, la infraestructura hospitalaria necesaria para hacer frente a las necesidades de las v\u00edctimas de las olas de calor\u00bb.<\/p>\n\n\n\n<p>\u00abEl tercer nivel es el que le corresponde a los individuos. En este contexto, las acciones que podemos llevar a cabo est\u00e1n vinculadas a los consumos, a la movilidad as\u00ed como a nuestra forma de vida en las ciudades y en los hogares\u00bb.<\/p>\n\n\n\n<p>\u00abEn lo que se refiere a los costos, la implementaci\u00f3n de estas acciones puede incidir significativamente en el producto interno bruto de los pa\u00edses y hoy en d\u00eda tenemos que admitir que nadie est\u00e1 lo suficientemente preparado para este enfoque integral\u00bb, concluy\u00f3 Lucatello.<\/p>\n\n\n\n<p class=\"has-small-font-size\">Foto: Cable News Network<\/p>\n\n\n\n<div style=\"height:12px\" aria-hidden=\"true\" class=\"wp-block-spacer\"><\/div>\n\n\n<!-- Ad space powered by WP AdCenter v2.5.7 - https:\/\/wpadcenter.com\/ --><div class=\"wpadcenter-adgroup\" ><div class=\"wpadcenter-adgroup__row wpadcenter-aligncenter\"><div class=\"wpadcenter-ad-container\" ><div id=\"wpadcenter-ad-18464\" class=\"ad-placement\"><div class=\"wpadcenter-ad-inner\" ><a id=\"wpadcenter_ad\" data-value=\"18464\" data-placement=\"\" href=\"https:\/\/www.productosremo.com\/\" target=\"_blank\" class=\"wpadcenter-ad-inner__item\" ><img decoding=\"async\"   src=\"https:\/\/puntodincontro.mx\/wp-content\/uploads\/2021\/08\/remobanner.jpg\" class=\"attachment-post-thumbnail size-post-thumbnail wp-post-image\" alt=\"\" srcset=\"https:\/\/puntodincontro.mx\/wp-content\/uploads\/2021\/08\/remobanner.jpg 200w, https:\/\/puntodincontro.mx\/wp-content\/uploads\/2021\/08\/remobanner-16x5.jpg 16w\" sizes=\"(max-width: 200px) 100vw, 200px\" \/><\/a><\/div><\/div><\/div><div class=\"wpadcenter-ad-container\" ><div id=\"wpadcenter-ad-5305\" class=\"ad-placement\"><div class=\"wpadcenter-ad-inner\" ><a id=\"wpadcenter_ad\" data-value=\"5305\" data-placement=\"\" href=\"https:\/\/faitalia.com.mx\/\" target=\"_blank\" class=\"wpadcenter-ad-inner__item\" ><img decoding=\"async\"   src=\"https:\/\/puntodincontro.mx\/wp-content\/uploads\/2022\/05\/gruppodino.jpg\" class=\"attachment-post-thumbnail size-post-thumbnail wp-post-image\" alt=\"\" srcset=\"https:\/\/puntodincontro.mx\/wp-content\/uploads\/2022\/05\/gruppodino.jpg 200w, https:\/\/puntodincontro.mx\/wp-content\/uploads\/2022\/05\/gruppodino-18x5.jpg 18w\" sizes=\"(max-width: 200px) 100vw, 200px\" \/><\/a><\/div><\/div><\/div><div class=\"wpadcenter-ad-container\" ><div id=\"wpadcenter-ad-3781\" class=\"ad-placement\"><div class=\"wpadcenter-ad-inner\" ><a id=\"wpadcenter_ad\" data-value=\"3781\" data-placement=\"\" href=\"https:\/\/cannizzo.com.mx\/\" target=\"_blank\" class=\"wpadcenter-ad-inner__item\" ><img decoding=\"async\"   src=\"https:\/\/puntodincontro.mx\/wp-content\/uploads\/2022\/03\/cannizzo2.jpg\" class=\"attachment-post-thumbnail size-post-thumbnail wp-post-image\" alt=\"\" srcset=\"https:\/\/puntodincontro.mx\/wp-content\/uploads\/2022\/03\/cannizzo2.jpg 200w, https:\/\/puntodincontro.mx\/wp-content\/uploads\/2022\/03\/cannizzo2-18x5.jpg 18w\" sizes=\"(max-width: 200px) 100vw, 200px\" \/><\/a><\/div><\/div><\/div><\/div><div class=\"wpadcenter-adgroup__row wpadcenter-aligncenter\"><div class=\"wpadcenter-ad-container\" ><div id=\"wpadcenter-ad-1704\" class=\"ad-placement\"><div class=\"wpadcenter-ad-inner\" ><a id=\"wpadcenter_ad\" data-value=\"1704\" data-placement=\"\" href=\"https:\/\/puntodincontro.mx\/es\/2021\/12\/24\/inps-verificacion-de-supervivencia-de-los-pensionados-en-el-extranjero\/\" target=\"_blank\" class=\"wpadcenter-ad-inner__item\" ><img decoding=\"async\"   src=\"https:\/\/puntodincontro.mx\/wp-content\/uploads\/2021\/11\/logo-ital.jpg\" class=\"attachment-post-thumbnail size-post-thumbnail wp-post-image\" alt=\"Patronato ITAL Messico\" srcset=\"https:\/\/puntodincontro.mx\/wp-content\/uploads\/2021\/11\/logo-ital.jpg 200w, https:\/\/puntodincontro.mx\/wp-content\/uploads\/2021\/11\/logo-ital-16x5.jpg 16w\" sizes=\"(max-width: 200px) 100vw, 200px\" \/><\/a><\/div><\/div><\/div><div class=\"wpadcenter-ad-container\" ><div id=\"wpadcenter-ad-1538\" class=\"ad-placement\"><div class=\"wpadcenter-ad-inner\" ><a id=\"wpadcenter_ad\" data-value=\"1538\" data-placement=\"\" href=\"https:\/\/asociacionitaliana.org\/\" target=\"_blank\" class=\"wpadcenter-ad-inner__item\" ><img decoding=\"async\"   src=\"https:\/\/puntodincontro.mx\/wp-content\/uploads\/2021\/11\/aialogo.jpg\" class=\"attachment-post-thumbnail size-post-thumbnail wp-post-image\" alt=\"Associazione Italiana di Assistenza IAP\" srcset=\"https:\/\/puntodincontro.mx\/wp-content\/uploads\/2021\/11\/aialogo.jpg 200w, https:\/\/puntodincontro.mx\/wp-content\/uploads\/2021\/11\/aialogo-18x5.jpg 18w\" sizes=\"(max-width: 200px) 100vw, 200px\" \/><\/a><\/div><\/div><\/div><div class=\"wpadcenter-ad-container\" ><div id=\"wpadcenter-ad-1513\" class=\"ad-placement\"><div class=\"wpadcenter-ad-inner\" ><a id=\"wpadcenter_ad\" data-value=\"1513\" data-placement=\"\" href=\"https:\/\/gcinmuebles.mx\" target=\"_blank\" class=\"wpadcenter-ad-inner__item\" ><img decoding=\"async\"   src=\"https:\/\/puntodincontro.mx\/wp-content\/uploads\/2021\/10\/gcinmuebleslogopunto-1.jpg\" class=\"attachment-post-thumbnail size-post-thumbnail wp-post-image\" alt=\"\" srcset=\"https:\/\/puntodincontro.mx\/wp-content\/uploads\/2021\/10\/gcinmuebleslogopunto-1.jpg 200w, https:\/\/puntodincontro.mx\/wp-content\/uploads\/2021\/10\/gcinmuebleslogopunto-1-18x5.jpg 18w\" sizes=\"(max-width: 200px) 100vw, 200px\" \/><\/a><\/div><\/div><\/div><\/div><div class=\"wpadcenter-adgroup__row wpadcenter-aligncenter\"><div class=\"wpadcenter-ad-container\" ><div id=\"wpadcenter-ad-1374\" class=\"ad-placement\"><div class=\"wpadcenter-ad-inner\" ><a id=\"wpadcenter_ad\" data-value=\"1374\" data-placement=\"\" href=\"https:\/\/www.9colonne.it\/\" target=\"_blank\" class=\"wpadcenter-ad-inner__item\" ><img decoding=\"async\"   src=\"https:\/\/puntodincontro.mx\/wp-content\/uploads\/2021\/10\/Banner9colonne.gif\" class=\"attachment-post-thumbnail size-post-thumbnail wp-post-image\" alt=\"\" \/><\/a><\/div><\/div><\/div><div class=\"wpadcenter-ad-container\" ><div id=\"wpadcenter-ad-276\" class=\"ad-placement\"><div class=\"wpadcenter-ad-inner\" ><a id=\"wpadcenter_ad\" data-value=\"276\" data-placement=\"\" href=\"http:\/\/www.camaraitaliana.mx\/\" target=\"_blank\" class=\"wpadcenter-ad-inner__item\" ><img decoding=\"async\"   src=\"https:\/\/puntodincontro.mx\/wp-content\/uploads\/2021\/08\/ccimnuovo.jpg\" class=\"attachment-post-thumbnail size-post-thumbnail wp-post-image\" alt=\"\" srcset=\"https:\/\/puntodincontro.mx\/wp-content\/uploads\/2021\/08\/ccimnuovo.jpg 200w, https:\/\/puntodincontro.mx\/wp-content\/uploads\/2021\/08\/ccimnuovo-18x5.jpg 18w\" sizes=\"(max-width: 200px) 100vw, 200px\" \/><\/a><\/div><\/div><\/div><div class=\"wpadcenter-ad-container\" ><div id=\"wpadcenter-ad-272\" class=\"ad-placement\"><div class=\"wpadcenter-ad-inner\" ><a id=\"wpadcenter_ad\" data-value=\"272\" data-placement=\"\" href=\"http:\/\/corix.us\/\" target=\"_blank\" class=\"wpadcenter-ad-inner__item\" ><img decoding=\"async\"   src=\"https:\/\/puntodincontro.mx\/wp-content\/uploads\/2021\/08\/corixbanner-1.jpg\" class=\"attachment-post-thumbnail size-post-thumbnail wp-post-image\" alt=\"\" srcset=\"https:\/\/puntodincontro.mx\/wp-content\/uploads\/2021\/08\/corixbanner-1.jpg 200w, https:\/\/puntodincontro.mx\/wp-content\/uploads\/2021\/08\/corixbanner-1-16x5.jpg 16w\" sizes=\"(max-width: 200px) 100vw, 200px\" \/><\/a><\/div><\/div><\/div><\/div><div class=\"wpadcenter-adgroup__row wpadcenter-aligncenter\"><div class=\"wpadcenter-ad-container\" ><div id=\"wpadcenter-ad-266\" class=\"ad-placement\"><div class=\"wpadcenter-ad-inner\" ><a id=\"wpadcenter_ad\" data-value=\"266\" data-placement=\"\" href=\"https:\/\/www.prinsel.com.mx\/\" target=\"_blank\" class=\"wpadcenter-ad-inner__item\" ><img decoding=\"async\"   src=\"https:\/\/puntodincontro.mx\/wp-content\/uploads\/2021\/08\/prinselbanner-1.jpg\" class=\"attachment-post-thumbnail size-post-thumbnail wp-post-image\" alt=\"\" srcset=\"https:\/\/puntodincontro.mx\/wp-content\/uploads\/2021\/08\/prinselbanner-1.jpg 200w, https:\/\/puntodincontro.mx\/wp-content\/uploads\/2021\/08\/prinselbanner-1-16x5.jpg 16w\" sizes=\"(max-width: 200px) 100vw, 200px\" \/><\/a><\/div><\/div><\/div><div class=\"wpadcenter-ad-container\" ><div id=\"wpadcenter-ad-261\" class=\"ad-placement\"><div class=\"wpadcenter-ad-inner\" ><a id=\"wpadcenter_ad\" data-value=\"261\" data-placement=\"\" href=\"https:\/\/ambcittadelmessico.esteri.it\/ambasciata_cittadelmessico\/it\/\" target=\"_blank\" class=\"wpadcenter-ad-inner__item\" ><img decoding=\"async\"   src=\"https:\/\/puntodincontro.mx\/wp-content\/uploads\/2021\/08\/ambasciatabanner-1.jpg\" class=\"attachment-post-thumbnail size-post-thumbnail wp-post-image\" alt=\"\" srcset=\"https:\/\/puntodincontro.mx\/wp-content\/uploads\/2021\/08\/ambasciatabanner-1.jpg 200w, https:\/\/puntodincontro.mx\/wp-content\/uploads\/2021\/08\/ambasciatabanner-1-16x5.jpg 16w\" sizes=\"(max-width: 200px) 100vw, 200px\" \/><\/a><\/div><\/div><\/div><\/div><\/div>\n\n\n<div style=\"height:12px\" aria-hidden=\"true\" class=\"wp-block-spacer\"><\/div>","protected":false},"excerpt":{"rendered":"<p>Ore 11.07 &#8211; Sebbene alcuni scienziati continuino ad adeguare le loro prospettive, \u00e8 in arrivo una coincidenza: luglio 2023 \u00e8 stato il mese pi\u00f9 caldo degli ultimi 120.000 anni. Il segretario generale dell&#8217;Onu, Ant\u00f3nio Guterres, ha affermato che \u00e8 necessaria un&#8217;azione urgente: \u00abIl cambiamento climatico \u00e8 qui\u00bb \u2014ha detto\u2014 \u00ab\u00e8 terrificante ed \u00e8 solo l&#8217;inizio. L&#8217;era del riscaldamento globale \u00e8 finita, \u00e8 arrivata l&#8217;era dell&#8217;ebollizione\u00bb. Il Ministero della Salute del Messico ha riferito che dal 19 marzo al 22 luglio sono stati registrati nel Paese 249 decessi associati a temperature naturali estreme. In questo contesto, la giornalista messicana Carmen Aristegui&#8230; <\/p>","protected":false},"author":2,"featured_media":14579,"comment_status":"open","ping_status":"open","sticky":false,"template":"","format":"standard","meta":{"_monsterinsights_skip_tracking":false,"_monsterinsights_sitenote_active":false,"_monsterinsights_sitenote_note":"","_monsterinsights_sitenote_category":0,"footnotes":""},"categories":[14],"tags":[],"class_list":["post-14573","post","type-post","status-publish","format-standard","has-post-thumbnail","hentry","category-scienza-e-tecnologia"],"yoast_head":"<!-- This site is optimized with the Yoast SEO Premium plugin v18.4 (Yoast SEO v25.6) - https:\/\/yoast.com\/wordpress\/plugins\/seo\/ -->\n<title>\u00abNon c&#039;\u00e8 preparazione per affrontare il cambiamento climatico\u00bb<\/title>\n<meta name=\"description\" content=\"La giornalista messicana Carmen Aristegui ha intervistato luned\u00ec scorso Simone Lucatello per il canale televisivo CNN en Espa\u00f1ol.\" \/>\n<meta name=\"robots\" content=\"index, follow, max-snippet:-1, max-image-preview:large, max-video-preview:-1\" \/>\n<link rel=\"canonical\" href=\"https:\/\/puntodincontro.mx\/es\/2023\/08\/02\/no-hay-suficiente-preparacion-para-enfrentar-el-cambio-climatico\/\" \/>\n<meta property=\"og:locale\" content=\"es_MX\" \/>\n<meta property=\"og:type\" content=\"article\" \/>\n<meta property=\"og:title\" content=\"\u00abNon c&#039;\u00e8 abbastanza preparazione per affrontare il cambiamento climatico\u00bb\" \/>\n<meta property=\"og:description\" content=\"La giornalista messicana Carmen Aristegui ha intervistato luned\u00ec scorso Simone Lucatello per il canale televisivo CNN en Espa\u00f1ol.\" \/>\n<meta property=\"og:url\" content=\"https:\/\/puntodincontro.mx\/es\/2023\/08\/02\/no-hay-suficiente-preparacion-para-enfrentar-el-cambio-climatico\/\" \/>\n<meta property=\"og:site_name\" content=\"Puntodincontro\" \/>\n<meta property=\"article:publisher\" content=\"https:\/\/www.facebook.com\/puntodincontro.mx\" \/>\n<meta property=\"article:published_time\" content=\"2023-08-02T17:49:53+00:00\" \/>\n<meta property=\"article:modified_time\" content=\"2023-08-02T17:51:25+00:00\" \/>\n<meta property=\"og:image\" content=\"https:\/\/puntodincontro.mx\/wp-content\/uploads\/2023\/08\/aristeguilucatellofinecomp.jpg\" \/>\n\t<meta property=\"og:image:width\" content=\"932\" \/>\n\t<meta property=\"og:image:height\" content=\"488\" \/>\n\t<meta property=\"og:image:type\" content=\"image\/jpeg\" \/>\n<meta name=\"author\" content=\"Puntodincontro\" \/>\n<meta name=\"twitter:card\" content=\"summary_large_image\" \/>\n<meta name=\"twitter:creator\" content=\"@puntodincontro\" \/>\n<meta name=\"twitter:site\" content=\"@puntodincontro\" \/>\n<meta name=\"twitter:label1\" content=\"Escrito por\" \/>\n\t<meta name=\"twitter:data1\" content=\"Puntodincontro\" \/>\n\t<meta name=\"twitter:label2\" content=\"Tiempo de lectura\" \/>\n\t<meta name=\"twitter:data2\" content=\"4 minutos\" \/>\n<script type=\"application\/ld+json\" class=\"yoast-schema-graph\">{\"@context\":\"https:\/\/schema.org\",\"@graph\":[{\"@type\":\"NewsArticle\",\"@id\":\"https:\/\/puntodincontro.mx\/2023\/08\/02\/non-ce-abbastanza-preparazione-per-affrontare-il-cambiamento-climatico\/#article\",\"isPartOf\":{\"@id\":\"https:\/\/puntodincontro.mx\/2023\/08\/02\/non-ce-abbastanza-preparazione-per-affrontare-il-cambiamento-climatico\/\"},\"author\":{\"name\":\"Puntodincontro\",\"@id\":\"https:\/\/puntodincontro.mx\/#\/schema\/person\/d3066d18a16259cbb0c29b0d0e93b556\"},\"headline\":\"\u00abNon c&#8217;\u00e8 abbastanza preparazione per affrontare il cambiamento climatico\u00bb\",\"datePublished\":\"2023-08-02T17:49:53+00:00\",\"dateModified\":\"2023-08-02T17:51:25+00:00\",\"mainEntityOfPage\":{\"@id\":\"https:\/\/puntodincontro.mx\/2023\/08\/02\/non-ce-abbastanza-preparazione-per-affrontare-il-cambiamento-climatico\/\"},\"wordCount\":805,\"commentCount\":3,\"publisher\":{\"@id\":\"https:\/\/puntodincontro.mx\/#organization\"},\"image\":{\"@id\":\"https:\/\/puntodincontro.mx\/2023\/08\/02\/non-ce-abbastanza-preparazione-per-affrontare-il-cambiamento-climatico\/#primaryimage\"},\"thumbnailUrl\":\"https:\/\/puntodincontro.mx\/wp-content\/uploads\/2023\/08\/aristeguilucatellofinevert.webp\",\"articleSection\":[\"Scienza e tecnologia\"],\"inLanguage\":\"es\",\"potentialAction\":[{\"@type\":\"CommentAction\",\"name\":\"Comment\",\"target\":[\"https:\/\/puntodincontro.mx\/2023\/08\/02\/non-ce-abbastanza-preparazione-per-affrontare-il-cambiamento-climatico\/#respond\"]}]},{\"@type\":\"WebPage\",\"@id\":\"https:\/\/puntodincontro.mx\/2023\/08\/02\/non-ce-abbastanza-preparazione-per-affrontare-il-cambiamento-climatico\/\",\"url\":\"https:\/\/puntodincontro.mx\/2023\/08\/02\/non-ce-abbastanza-preparazione-per-affrontare-il-cambiamento-climatico\/\",\"name\":\"\u00abNon c'\u00e8 preparazione per affrontare il cambiamento climatico\u00bb\",\"isPartOf\":{\"@id\":\"https:\/\/puntodincontro.mx\/#website\"},\"primaryImageOfPage\":{\"@id\":\"https:\/\/puntodincontro.mx\/2023\/08\/02\/non-ce-abbastanza-preparazione-per-affrontare-il-cambiamento-climatico\/#primaryimage\"},\"image\":{\"@id\":\"https:\/\/puntodincontro.mx\/2023\/08\/02\/non-ce-abbastanza-preparazione-per-affrontare-il-cambiamento-climatico\/#primaryimage\"},\"thumbnailUrl\":\"https:\/\/puntodincontro.mx\/wp-content\/uploads\/2023\/08\/aristeguilucatellofinevert.webp\",\"datePublished\":\"2023-08-02T17:49:53+00:00\",\"dateModified\":\"2023-08-02T17:51:25+00:00\",\"description\":\"La giornalista messicana Carmen Aristegui ha intervistato luned\u00ec scorso Simone Lucatello per il canale televisivo CNN en Espa\u00f1ol.\",\"breadcrumb\":{\"@id\":\"https:\/\/puntodincontro.mx\/2023\/08\/02\/non-ce-abbastanza-preparazione-per-affrontare-il-cambiamento-climatico\/#breadcrumb\"},\"inLanguage\":\"es\",\"potentialAction\":[{\"@type\":\"ReadAction\",\"target\":[\"https:\/\/puntodincontro.mx\/2023\/08\/02\/non-ce-abbastanza-preparazione-per-affrontare-il-cambiamento-climatico\/\"]}]},{\"@type\":\"ImageObject\",\"inLanguage\":\"es\",\"@id\":\"https:\/\/puntodincontro.mx\/2023\/08\/02\/non-ce-abbastanza-preparazione-per-affrontare-il-cambiamento-climatico\/#primaryimage\",\"url\":\"https:\/\/puntodincontro.mx\/wp-content\/uploads\/2023\/08\/aristeguilucatellofinevert.webp\",\"contentUrl\":\"https:\/\/puntodincontro.mx\/wp-content\/uploads\/2023\/08\/aristeguilucatellofinevert.webp\",\"width\":423,\"height\":488,\"caption\":\"\u00abNon c\u2019\u00e8 abbastanza preparazione per affrontare il cambiamento climatico\u00bb \/ Foto: Cable News Network\"},{\"@type\":\"BreadcrumbList\",\"@id\":\"https:\/\/puntodincontro.mx\/2023\/08\/02\/non-ce-abbastanza-preparazione-per-affrontare-il-cambiamento-climatico\/#breadcrumb\",\"itemListElement\":[{\"@type\":\"ListItem\",\"position\":1,\"name\":\"Home\",\"item\":\"https:\/\/puntodincontro.mx\/\"},{\"@type\":\"ListItem\",\"position\":2,\"name\":\"\u00abNon c&#8217;\u00e8 abbastanza preparazione per affrontare il cambiamento climatico\u00bb\"}]},{\"@type\":\"WebSite\",\"@id\":\"https:\/\/puntodincontro.mx\/#website\",\"url\":\"https:\/\/puntodincontro.mx\/\",\"name\":\"Puntodincontro\",\"description\":\"Dal 2006 notizie sui rapporti Italia-Messico \/ Desde 2006 noticias sobre las relaciones entre Italia y M\u00e9xico\",\"publisher\":{\"@id\":\"https:\/\/puntodincontro.mx\/#organization\"},\"potentialAction\":[{\"@type\":\"SearchAction\",\"target\":{\"@type\":\"EntryPoint\",\"urlTemplate\":\"https:\/\/puntodincontro.mx\/?s={search_term_string}\"},\"query-input\":{\"@type\":\"PropertyValueSpecification\",\"valueRequired\":true,\"valueName\":\"search_term_string\"}}],\"inLanguage\":\"es\"},{\"@type\":\"Organization\",\"@id\":\"https:\/\/puntodincontro.mx\/#organization\",\"name\":\"Puntodincontro\",\"url\":\"https:\/\/puntodincontro.mx\/\",\"logo\":{\"@type\":\"ImageObject\",\"inLanguage\":\"es\",\"@id\":\"https:\/\/puntodincontro.mx\/#\/schema\/logo\/image\/\",\"url\":\"https:\/\/puntodincontro.mx\/wp-content\/uploads\/2021\/08\/Default-image-for-open-graph-settings.jpg\",\"contentUrl\":\"https:\/\/puntodincontro.mx\/wp-content\/uploads\/2021\/08\/Default-image-for-open-graph-settings.jpg\",\"width\":1200,\"height\":630,\"caption\":\"Puntodincontro\"},\"image\":{\"@id\":\"https:\/\/puntodincontro.mx\/#\/schema\/logo\/image\/\"},\"sameAs\":[\"https:\/\/www.facebook.com\/puntodincontro.mx\",\"https:\/\/x.com\/puntodincontro\",\"https:\/\/www.instagram.com\/puntodincontro.mx\/\",\"https:\/\/www.linkedin.com\/company\/puntodincontro\/\",\"https:\/\/www.youtube.com\/c\/puntodincontromessico\",\"https:\/\/www.patreon.com\/puntodincontro\",\"https:\/\/www.threads.net\/@puntodincontro.mx\"]},{\"@type\":\"Person\",\"@id\":\"https:\/\/puntodincontro.mx\/#\/schema\/person\/d3066d18a16259cbb0c29b0d0e93b556\",\"name\":\"Puntodincontro\",\"image\":{\"@type\":\"ImageObject\",\"inLanguage\":\"es\",\"@id\":\"https:\/\/puntodincontro.mx\/#\/schema\/person\/image\/\",\"url\":\"https:\/\/secure.gravatar.com\/avatar\/0e85b4b3b5e9d6bfcec6a4956d8cc63a?s=96&d=mm&r=g\",\"contentUrl\":\"https:\/\/secure.gravatar.com\/avatar\/0e85b4b3b5e9d6bfcec6a4956d8cc63a?s=96&d=mm&r=g\",\"caption\":\"Puntodincontro\"},\"url\":\"https:\/\/puntodincontro.mx\/es\/author\/puntodincontro\/\"}]}<\/script>\n<!-- \/ Yoast SEO Premium plugin. -->","yoast_head_json":{"title":"\u00abNon c'\u00e8 preparazione per affrontare il cambiamento climatico\u00bb","description":"La periodista mexicana Carmen Aristegui entrevist\u00f3 a Simone Lucatello el pasado lunes para el canal de televisi\u00f3n CNN en Espa\u00f1ol.","robots":{"index":"index","follow":"follow","max-snippet":"max-snippet:-1","max-image-preview":"max-image-preview:large","max-video-preview":"max-video-preview:-1"},"canonical":"https:\/\/puntodincontro.mx\/es\/2023\/08\/02\/no-hay-suficiente-preparacion-para-enfrentar-el-cambio-climatico\/","og_locale":"es_MX","og_type":"article","og_title":"\u00abNon c'\u00e8 abbastanza preparazione per affrontare il cambiamento climatico\u00bb","og_description":"La giornalista messicana Carmen Aristegui ha intervistato luned\u00ec scorso Simone Lucatello per il canale televisivo CNN en Espa\u00f1ol.","og_url":"https:\/\/puntodincontro.mx\/es\/2023\/08\/02\/no-hay-suficiente-preparacion-para-enfrentar-el-cambio-climatico\/","og_site_name":"Puntodincontro","article_publisher":"https:\/\/www.facebook.com\/puntodincontro.mx","article_published_time":"2023-08-02T17:49:53+00:00","article_modified_time":"2023-08-02T17:51:25+00:00","og_image":[{"width":932,"height":488,"url":"https:\/\/puntodincontro.mx\/wp-content\/uploads\/2023\/08\/aristeguilucatellofinecomp.jpg","type":"image\/jpeg"}],"author":"Puntodincontro","twitter_card":"summary_large_image","twitter_creator":"@puntodincontro","twitter_site":"@puntodincontro","twitter_misc":{"Escrito por":"Puntodincontro","Tiempo de lectura":"4 minutos"},"schema":{"@context":"https:\/\/schema.org","@graph":[{"@type":"NewsArticle","@id":"https:\/\/puntodincontro.mx\/2023\/08\/02\/non-ce-abbastanza-preparazione-per-affrontare-il-cambiamento-climatico\/#article","isPartOf":{"@id":"https:\/\/puntodincontro.mx\/2023\/08\/02\/non-ce-abbastanza-preparazione-per-affrontare-il-cambiamento-climatico\/"},"author":{"name":"Puntodincontro","@id":"https:\/\/puntodincontro.mx\/#\/schema\/person\/d3066d18a16259cbb0c29b0d0e93b556"},"headline":"\u00abNon c&#8217;\u00e8 abbastanza preparazione per affrontare il cambiamento climatico\u00bb","datePublished":"2023-08-02T17:49:53+00:00","dateModified":"2023-08-02T17:51:25+00:00","mainEntityOfPage":{"@id":"https:\/\/puntodincontro.mx\/2023\/08\/02\/non-ce-abbastanza-preparazione-per-affrontare-il-cambiamento-climatico\/"},"wordCount":805,"commentCount":3,"publisher":{"@id":"https:\/\/puntodincontro.mx\/#organization"},"image":{"@id":"https:\/\/puntodincontro.mx\/2023\/08\/02\/non-ce-abbastanza-preparazione-per-affrontare-il-cambiamento-climatico\/#primaryimage"},"thumbnailUrl":"https:\/\/puntodincontro.mx\/wp-content\/uploads\/2023\/08\/aristeguilucatellofinevert.webp","articleSection":["Scienza e tecnologia"],"inLanguage":"es","potentialAction":[{"@type":"CommentAction","name":"Comment","target":["https:\/\/puntodincontro.mx\/2023\/08\/02\/non-ce-abbastanza-preparazione-per-affrontare-il-cambiamento-climatico\/#respond"]}]},{"@type":"WebPage","@id":"https:\/\/puntodincontro.mx\/2023\/08\/02\/non-ce-abbastanza-preparazione-per-affrontare-il-cambiamento-climatico\/","url":"https:\/\/puntodincontro.mx\/2023\/08\/02\/non-ce-abbastanza-preparazione-per-affrontare-il-cambiamento-climatico\/","name":"\u00abNon c'\u00e8 preparazione per affrontare il cambiamento climatico\u00bb","isPartOf":{"@id":"https:\/\/puntodincontro.mx\/#website"},"primaryImageOfPage":{"@id":"https:\/\/puntodincontro.mx\/2023\/08\/02\/non-ce-abbastanza-preparazione-per-affrontare-il-cambiamento-climatico\/#primaryimage"},"image":{"@id":"https:\/\/puntodincontro.mx\/2023\/08\/02\/non-ce-abbastanza-preparazione-per-affrontare-il-cambiamento-climatico\/#primaryimage"},"thumbnailUrl":"https:\/\/puntodincontro.mx\/wp-content\/uploads\/2023\/08\/aristeguilucatellofinevert.webp","datePublished":"2023-08-02T17:49:53+00:00","dateModified":"2023-08-02T17:51:25+00:00","description":"La periodista mexicana Carmen Aristegui entrevist\u00f3 a Simone Lucatello el pasado lunes para el canal de televisi\u00f3n CNN en Espa\u00f1ol.","breadcrumb":{"@id":"https:\/\/puntodincontro.mx\/2023\/08\/02\/non-ce-abbastanza-preparazione-per-affrontare-il-cambiamento-climatico\/#breadcrumb"},"inLanguage":"es","potentialAction":[{"@type":"ReadAction","target":["https:\/\/puntodincontro.mx\/2023\/08\/02\/non-ce-abbastanza-preparazione-per-affrontare-il-cambiamento-climatico\/"]}]},{"@type":"ImageObject","inLanguage":"es","@id":"https:\/\/puntodincontro.mx\/2023\/08\/02\/non-ce-abbastanza-preparazione-per-affrontare-il-cambiamento-climatico\/#primaryimage","url":"https:\/\/puntodincontro.mx\/wp-content\/uploads\/2023\/08\/aristeguilucatellofinevert.webp","contentUrl":"https:\/\/puntodincontro.mx\/wp-content\/uploads\/2023\/08\/aristeguilucatellofinevert.webp","width":423,"height":488,"caption":"\u00abNon c\u2019\u00e8 abbastanza preparazione per affrontare il cambiamento climatico\u00bb \/ Foto: Cable News Network"},{"@type":"BreadcrumbList","@id":"https:\/\/puntodincontro.mx\/2023\/08\/02\/non-ce-abbastanza-preparazione-per-affrontare-il-cambiamento-climatico\/#breadcrumb","itemListElement":[{"@type":"ListItem","position":1,"name":"Home","item":"https:\/\/puntodincontro.mx\/"},{"@type":"ListItem","position":2,"name":"\u00abNon c&#8217;\u00e8 abbastanza preparazione per affrontare il cambiamento climatico\u00bb"}]},{"@type":"WebSite","@id":"https:\/\/puntodincontro.mx\/#website","url":"https:\/\/puntodincontro.mx\/","name":"Puntodincontro","description":"Desde el 2006 noticias sobre las relaciones entre Italia y M\u00e9xico \/ Dal 2006 notizie sui rapporti Italia-Messico","publisher":{"@id":"https:\/\/puntodincontro.mx\/#organization"},"potentialAction":[{"@type":"SearchAction","target":{"@type":"EntryPoint","urlTemplate":"https:\/\/puntodincontro.mx\/?s={search_term_string}"},"query-input":{"@type":"PropertyValueSpecification","valueRequired":true,"valueName":"search_term_string"}}],"inLanguage":"es"},{"@type":"Organization","@id":"https:\/\/puntodincontro.mx\/#organization","name":"Puntodincontro","url":"https:\/\/puntodincontro.mx\/","logo":{"@type":"ImageObject","inLanguage":"es","@id":"https:\/\/puntodincontro.mx\/#\/schema\/logo\/image\/","url":"https:\/\/puntodincontro.mx\/wp-content\/uploads\/2021\/08\/Default-image-for-open-graph-settings.jpg","contentUrl":"https:\/\/puntodincontro.mx\/wp-content\/uploads\/2021\/08\/Default-image-for-open-graph-settings.jpg","width":1200,"height":630,"caption":"Puntodincontro"},"image":{"@id":"https:\/\/puntodincontro.mx\/#\/schema\/logo\/image\/"},"sameAs":["https:\/\/www.facebook.com\/puntodincontro.mx","https:\/\/x.com\/puntodincontro","https:\/\/www.instagram.com\/puntodincontro.mx\/","https:\/\/www.linkedin.com\/company\/puntodincontro\/","https:\/\/www.youtube.com\/c\/puntodincontromessico","https:\/\/www.patreon.com\/puntodincontro","https:\/\/www.threads.net\/@puntodincontro.mx"]},{"@type":"Person","@id":"https:\/\/puntodincontro.mx\/#\/schema\/person\/d3066d18a16259cbb0c29b0d0e93b556","name":"Puntodincontro","image":{"@type":"ImageObject","inLanguage":"es","@id":"https:\/\/puntodincontro.mx\/#\/schema\/person\/image\/","url":"https:\/\/secure.gravatar.com\/avatar\/0e85b4b3b5e9d6bfcec6a4956d8cc63a?s=96&d=mm&r=g","contentUrl":"https:\/\/secure.gravatar.com\/avatar\/0e85b4b3b5e9d6bfcec6a4956d8cc63a?s=96&d=mm&r=g","caption":"Puntodincontro"},"url":"https:\/\/puntodincontro.mx\/es\/author\/puntodincontro\/"}]}},"_links":{"self":[{"href":"https:\/\/puntodincontro.mx\/es\/wp-json\/wp\/v2\/posts\/14573"}],"collection":[{"href":"https:\/\/puntodincontro.mx\/es\/wp-json\/wp\/v2\/posts"}],"about":[{"href":"https:\/\/puntodincontro.mx\/es\/wp-json\/wp\/v2\/types\/post"}],"author":[{"embeddable":true,"href":"https:\/\/puntodincontro.mx\/es\/wp-json\/wp\/v2\/users\/2"}],"replies":[{"embeddable":true,"href":"https:\/\/puntodincontro.mx\/es\/wp-json\/wp\/v2\/comments?post=14573"}],"version-history":[{"count":10,"href":"https:\/\/puntodincontro.mx\/es\/wp-json\/wp\/v2\/posts\/14573\/revisions"}],"predecessor-version":[{"id":14586,"href":"https:\/\/puntodincontro.mx\/es\/wp-json\/wp\/v2\/posts\/14573\/revisions\/14586"}],"wp:featuredmedia":[{"embeddable":true,"href":"https:\/\/puntodincontro.mx\/es\/wp-json\/wp\/v2\/media\/14579"}],"wp:attachment":[{"href":"https:\/\/puntodincontro.mx\/es\/wp-json\/wp\/v2\/media?parent=14573"}],"wp:term":[{"taxonomy":"category","embeddable":true,"href":"https:\/\/puntodincontro.mx\/es\/wp-json\/wp\/v2\/categories?post=14573"},{"taxonomy":"post_tag","embeddable":true,"href":"https:\/\/puntodincontro.mx\/es\/wp-json\/wp\/v2\/tags?post=14573"}],"curies":[{"name":"wp","href":"https:\/\/api.w.org\/{rel}","templated":true}]}}