{"id":14927,"date":"2023-08-21T13:31:20","date_gmt":"2023-08-21T18:31:20","guid":{"rendered":"https:\/\/puntodincontro.mx\/?p=14927"},"modified":"2023-08-21T13:43:06","modified_gmt":"2023-08-21T18:43:06","slug":"mundial-de-voleibol-femenino-u21-italia-y-mexico-en-la-2a-ronda","status":"publish","type":"post","link":"https:\/\/puntodincontro.mx\/es\/2023\/08\/21\/mondiali-di-pallavolo-femminile-u21-italia-e-messico-al-2-turno\/","title":{"rendered":"Mundial de voleibol femenino U21: Italia y M\u00e9xico en la 2\u00aa ronda"},"content":{"rendered":"<p class=\"translation-block\"><strong>12:13 hrs.<\/strong> - La selecci\u00f3n italiana Sub 21 de voleibol femenino finaliz\u00f3 invicta la primera fase del <a href=\"https:\/\/www.fivb.com\/\" target=\"_blank\">Campeonato Mundial<\/a> de la categor\u00eda que se desarrolla en M\u00e9xico en las ciudades de Le\u00f3n y Aguascalientes.<\/p>\n\n\n\n<p>Despu\u00e9s de las victorias ante T\u00fanez y Rep\u00fablica Dominicana en las dos primeras salidas, en la tercera y \u00faltima jornada del Grupo B Italia venci\u00f3 a Brasil 3-1 (23-25, 25-23, 25-23, 25-18), cerrando en primer lugar de su grupo.<\/p>\n\n\n\n<p>Juego in crescendo para las <em>azzurrine<\/em> que, tras perder el primer set, supieron reaccionar, aumentar el ritmo de juego y conquistar la victoria. Destac\u00f3 como gu\u00eda de Italia la opuesta Anna Adelusi, que anot\u00f3 22 puntos (1 servicio ganador, 2 bloqueos). Adem\u00e1s de ella, entre las <em>azzurre<\/em>, cerraron el partido en doble d\u00edgito las atacantes Stella Nervini (19 puntos, 2 aces) y Dominika Giuliani (15 puntos, 1 punto de golpe).<\/p>\n\n\n\n<p>Italia volver\u00e1 a la cancha hoy, lunes 21 de agosto, para el primer partido de la segunda fase contra Estados Unidos. El encuentro comenzar\u00e1 a las 17:00 (hora del centro de M\u00e9xico) y se jugar\u00e1 en el Poliforum Auditorio Morelos Uaa de Aguascalientes. En los pr\u00f3ximos d\u00edas, las itallianas volver\u00e1n a enfrentarse a Turqu\u00eda y Brasil (segundo del Grupo B en la primera ronda).<\/p>\n\n\n\n<p>La Selecci\u00f3n Mexicana tambi\u00e9n pas\u00f3 a la segunda ronda y enfrentar\u00e1 a su similar de China hoy a las 20:00 horas en la ciudad de Le\u00f3n.<\/p>\n\n\n\n<p class=\"translation-block\">La actividad del torneo para el equipo mexicano se mantendr\u00e1 en el Domo de la Feria de la capital del Estado de Guanajuato, donde enfrentar\u00e1 a Serbia (22 de agosto) ya Jap\u00f3n (23 de agosto).<\/p>\n\n\n\n<p class=\"translation-block\">Todos los partidos se pueden seguir en el <a href=\"https:\/\/www.youtube.com\/c\/volleyballworld\" target=\"_blank\" rel=\"noreferrer noopener\">canal de YouTube de Volleyball World<\/a>.<\/p>\n\n\n\n<div style=\"height:12px\" aria-hidden=\"true\" class=\"wp-block-spacer\"><\/div>\n\n\n<!-- Ad space powered by WP AdCenter v2.5.7 - https:\/\/wpadcenter.com\/ --><div class=\"wpadcenter-adgroup\" ><div class=\"wpadcenter-adgroup__row wpadcenter-aligncenter\"><div class=\"wpadcenter-ad-container\" ><div id=\"wpadcenter-ad-18464\" class=\"ad-placement\"><div class=\"wpadcenter-ad-inner\" ><a id=\"wpadcenter_ad\" data-value=\"18464\" data-placement=\"\" href=\"https:\/\/www.productosremo.com\/\" target=\"_blank\" class=\"wpadcenter-ad-inner__item\" ><img decoding=\"async\"   src=\"https:\/\/puntodincontro.mx\/wp-content\/uploads\/2021\/08\/remobanner.jpg\" class=\"attachment-post-thumbnail size-post-thumbnail wp-post-image\" alt=\"\" srcset=\"https:\/\/puntodincontro.mx\/wp-content\/uploads\/2021\/08\/remobanner.jpg 200w, https:\/\/puntodincontro.mx\/wp-content\/uploads\/2021\/08\/remobanner-16x5.jpg 16w\" sizes=\"(max-width: 200px) 100vw, 200px\" \/><\/a><\/div><\/div><\/div><div class=\"wpadcenter-ad-container\" ><div id=\"wpadcenter-ad-5305\" class=\"ad-placement\"><div class=\"wpadcenter-ad-inner\" ><a id=\"wpadcenter_ad\" data-value=\"5305\" data-placement=\"\" href=\"https:\/\/ambcittadelmessico.esteri.it\/ambasciata_cittadelmessico\/it\/\" target=\"_blank\" class=\"wpadcenter-ad-inner__item\" ><img decoding=\"async\"   src=\"https:\/\/puntodincontro.mx\/wp-content\/uploads\/2022\/05\/Ambasciata.jpg\" class=\"attachment-post-thumbnail size-post-thumbnail wp-post-image\" alt=\"\" srcset=\"https:\/\/puntodincontro.mx\/wp-content\/uploads\/2022\/05\/Ambasciata.jpg 200w, https:\/\/puntodincontro.mx\/wp-content\/uploads\/2022\/05\/Ambasciata-18x5.jpg 18w\" sizes=\"(max-width: 200px) 100vw, 200px\" \/><\/a><\/div><\/div><\/div><div class=\"wpadcenter-ad-container\" ><div id=\"wpadcenter-ad-3781\" class=\"ad-placement\"><div class=\"wpadcenter-ad-inner\" ><a id=\"wpadcenter_ad\" data-value=\"3781\" data-placement=\"\" href=\"https:\/\/cannizzo.com.mx\/\" target=\"_blank\" class=\"wpadcenter-ad-inner__item\" ><img decoding=\"async\"   src=\"https:\/\/puntodincontro.mx\/wp-content\/uploads\/2022\/03\/cannizzo2.jpg\" class=\"attachment-post-thumbnail size-post-thumbnail wp-post-image\" alt=\"\" srcset=\"https:\/\/puntodincontro.mx\/wp-content\/uploads\/2022\/03\/cannizzo2.jpg 200w, https:\/\/puntodincontro.mx\/wp-content\/uploads\/2022\/03\/cannizzo2-18x5.jpg 18w\" sizes=\"(max-width: 200px) 100vw, 200px\" \/><\/a><\/div><\/div><\/div><\/div><div class=\"wpadcenter-adgroup__row wpadcenter-aligncenter\"><div class=\"wpadcenter-ad-container\" ><div id=\"wpadcenter-ad-1704\" class=\"ad-placement\"><div class=\"wpadcenter-ad-inner\" ><a id=\"wpadcenter_ad\" data-value=\"1704\" data-placement=\"\" href=\"https:\/\/puntodincontro.mx\/es\/2021\/12\/24\/inps-verificacion-de-supervivencia-de-los-pensionados-en-el-extranjero\/\" target=\"_blank\" class=\"wpadcenter-ad-inner__item\" ><img decoding=\"async\"   src=\"https:\/\/puntodincontro.mx\/wp-content\/uploads\/2021\/11\/logo-ital.jpg\" class=\"attachment-post-thumbnail size-post-thumbnail wp-post-image\" alt=\"Patronato ITAL Messico\" srcset=\"https:\/\/puntodincontro.mx\/wp-content\/uploads\/2021\/11\/logo-ital.jpg 200w, https:\/\/puntodincontro.mx\/wp-content\/uploads\/2021\/11\/logo-ital-16x5.jpg 16w\" sizes=\"(max-width: 200px) 100vw, 200px\" \/><\/a><\/div><\/div><\/div><div class=\"wpadcenter-ad-container\" ><div id=\"wpadcenter-ad-1538\" class=\"ad-placement\"><div class=\"wpadcenter-ad-inner\" ><a id=\"wpadcenter_ad\" data-value=\"1538\" data-placement=\"\" href=\"https:\/\/asociacionitaliana.org\/\" target=\"_blank\" class=\"wpadcenter-ad-inner__item\" ><img decoding=\"async\"   src=\"https:\/\/puntodincontro.mx\/wp-content\/uploads\/2021\/11\/aialogo.jpg\" class=\"attachment-post-thumbnail size-post-thumbnail wp-post-image\" alt=\"Associazione Italiana di Assistenza IAP\" srcset=\"https:\/\/puntodincontro.mx\/wp-content\/uploads\/2021\/11\/aialogo.jpg 200w, https:\/\/puntodincontro.mx\/wp-content\/uploads\/2021\/11\/aialogo-18x5.jpg 18w\" sizes=\"(max-width: 200px) 100vw, 200px\" \/><\/a><\/div><\/div><\/div><div class=\"wpadcenter-ad-container\" ><div id=\"wpadcenter-ad-1513\" class=\"ad-placement\"><div class=\"wpadcenter-ad-inner\" ><a id=\"wpadcenter_ad\" data-value=\"1513\" data-placement=\"\" href=\"https:\/\/gcinmuebles.mx\" target=\"_blank\" class=\"wpadcenter-ad-inner__item\" ><img decoding=\"async\"   src=\"https:\/\/puntodincontro.mx\/wp-content\/uploads\/2021\/10\/gcinmuebleslogopunto-1.jpg\" class=\"attachment-post-thumbnail size-post-thumbnail wp-post-image\" alt=\"\" srcset=\"https:\/\/puntodincontro.mx\/wp-content\/uploads\/2021\/10\/gcinmuebleslogopunto-1.jpg 200w, https:\/\/puntodincontro.mx\/wp-content\/uploads\/2021\/10\/gcinmuebleslogopunto-1-18x5.jpg 18w\" sizes=\"(max-width: 200px) 100vw, 200px\" \/><\/a><\/div><\/div><\/div><\/div><div class=\"wpadcenter-adgroup__row wpadcenter-aligncenter\"><div class=\"wpadcenter-ad-container\" ><div id=\"wpadcenter-ad-1374\" class=\"ad-placement\"><div class=\"wpadcenter-ad-inner\" ><a id=\"wpadcenter_ad\" data-value=\"1374\" data-placement=\"\" href=\"https:\/\/www.9colonne.it\/\" target=\"_blank\" class=\"wpadcenter-ad-inner__item\" ><img decoding=\"async\"   src=\"https:\/\/puntodincontro.mx\/wp-content\/uploads\/2021\/10\/Banner9colonne.gif\" class=\"attachment-post-thumbnail size-post-thumbnail wp-post-image\" alt=\"\" \/><\/a><\/div><\/div><\/div><div class=\"wpadcenter-ad-container\" ><div id=\"wpadcenter-ad-276\" class=\"ad-placement\"><div class=\"wpadcenter-ad-inner\" ><a id=\"wpadcenter_ad\" data-value=\"276\" data-placement=\"\" href=\"http:\/\/www.camaraitaliana.mx\/\" target=\"_blank\" class=\"wpadcenter-ad-inner__item\" ><img decoding=\"async\"   src=\"https:\/\/puntodincontro.mx\/wp-content\/uploads\/2021\/08\/ccimnuovo.jpg\" class=\"attachment-post-thumbnail size-post-thumbnail wp-post-image\" alt=\"\" srcset=\"https:\/\/puntodincontro.mx\/wp-content\/uploads\/2021\/08\/ccimnuovo.jpg 200w, https:\/\/puntodincontro.mx\/wp-content\/uploads\/2021\/08\/ccimnuovo-18x5.jpg 18w\" sizes=\"(max-width: 200px) 100vw, 200px\" \/><\/a><\/div><\/div><\/div><div class=\"wpadcenter-ad-container\" ><div id=\"wpadcenter-ad-272\" class=\"ad-placement\"><div class=\"wpadcenter-ad-inner\" ><a id=\"wpadcenter_ad\" data-value=\"272\" data-placement=\"\" href=\"http:\/\/corix.us\/\" target=\"_blank\" class=\"wpadcenter-ad-inner__item\" ><img decoding=\"async\"   src=\"https:\/\/puntodincontro.mx\/wp-content\/uploads\/2021\/08\/corixbanner-1.jpg\" class=\"attachment-post-thumbnail size-post-thumbnail wp-post-image\" alt=\"\" srcset=\"https:\/\/puntodincontro.mx\/wp-content\/uploads\/2021\/08\/corixbanner-1.jpg 200w, https:\/\/puntodincontro.mx\/wp-content\/uploads\/2021\/08\/corixbanner-1-16x5.jpg 16w\" sizes=\"(max-width: 200px) 100vw, 200px\" \/><\/a><\/div><\/div><\/div><\/div><div class=\"wpadcenter-adgroup__row wpadcenter-aligncenter\"><div class=\"wpadcenter-ad-container\" ><div id=\"wpadcenter-ad-266\" class=\"ad-placement\"><div class=\"wpadcenter-ad-inner\" ><a id=\"wpadcenter_ad\" data-value=\"266\" data-placement=\"\" href=\"https:\/\/www.prinsel.com.mx\/\" target=\"_blank\" class=\"wpadcenter-ad-inner__item\" ><img decoding=\"async\"   src=\"https:\/\/puntodincontro.mx\/wp-content\/uploads\/2021\/08\/prinselbanner-1.jpg\" class=\"attachment-post-thumbnail size-post-thumbnail wp-post-image\" alt=\"\" srcset=\"https:\/\/puntodincontro.mx\/wp-content\/uploads\/2021\/08\/prinselbanner-1.jpg 200w, https:\/\/puntodincontro.mx\/wp-content\/uploads\/2021\/08\/prinselbanner-1-16x5.jpg 16w\" sizes=\"(max-width: 200px) 100vw, 200px\" \/><\/a><\/div><\/div><\/div><div class=\"wpadcenter-ad-container\" ><div id=\"wpadcenter-ad-261\" class=\"ad-placement\"><div class=\"wpadcenter-ad-inner\" ><a id=\"wpadcenter_ad\" data-value=\"261\" data-placement=\"\" href=\"https:\/\/faitalia.com.mx\/\" target=\"_blank\" class=\"wpadcenter-ad-inner__item\" ><img decoding=\"async\"   src=\"https:\/\/puntodincontro.mx\/wp-content\/uploads\/2021\/08\/gruppodino.jpg\" class=\"attachment-post-thumbnail size-post-thumbnail wp-post-image\" alt=\"\" srcset=\"https:\/\/puntodincontro.mx\/wp-content\/uploads\/2021\/08\/gruppodino.jpg 200w, https:\/\/puntodincontro.mx\/wp-content\/uploads\/2021\/08\/gruppodino-18x5.jpg 18w\" sizes=\"(max-width: 200px) 100vw, 200px\" \/><\/a><\/div><\/div><\/div><\/div><\/div>\n\n\n<div style=\"height:12px\" aria-hidden=\"true\" class=\"wp-block-spacer\"><\/div>","protected":false},"excerpt":{"rendered":"<p>Ore 12.13 &#8211; La Nazionale italiana Under 21 femminile di pallavolo ha chiuso imbattuta la prima fase dei Campionati del Mondo di categoria in corso in Messico nelle citt\u00e0 di Le\u00f3n e Aguascalientes. Dopo le vittorie contro Tunisia e Repubblica Dominicana nelle prime due uscite, nella terza ed ultima giornata della Pool B l\u2019Italia ha battuto 3-1 (23-25, 25-23, 25-23, 25-18) il Brasile, chiudendo al primo posto il proprio girone. Partita in crescendo per le azzurrine che, perso il primo set, sono state brave a reagire, aumentare il ritmo di gioco e a conquistare la vittoria. A trascinare l\u2019Italia l\u2019opposto&#8230; <\/p>","protected":false},"author":2,"featured_media":14933,"comment_status":"open","ping_status":"open","sticky":false,"template":"","format":"standard","meta":{"_monsterinsights_skip_tracking":false,"_monsterinsights_sitenote_active":false,"_monsterinsights_sitenote_note":"","_monsterinsights_sitenote_category":0,"footnotes":""},"categories":[11],"tags":[],"class_list":["post-14927","post","type-post","status-publish","format-standard","has-post-thumbnail","hentry","category-sport"],"yoast_head":"<!-- This site is optimized with the Yoast SEO Premium plugin v18.4 (Yoast SEO v25.6) - https:\/\/yoast.com\/wordpress\/plugins\/seo\/ -->\n<title>Mondiali di pallavolo femminile U21: Italia e Messico al 2\u00b0 turno<\/title>\n<meta name=\"description\" content=\"La Nazionale italiana Under 21 femminile di pallavolo ha chiuso imbattuta la prima fase dei Campionati del Mondo in corso in Messico.\" \/>\n<meta name=\"robots\" content=\"index, follow, max-snippet:-1, max-image-preview:large, max-video-preview:-1\" \/>\n<link rel=\"canonical\" href=\"https:\/\/puntodincontro.mx\/es\/2023\/08\/21\/mundial-de-voleibol-femenino-u21-italia-y-mexico-en-la-2a-ronda\/\" \/>\n<meta property=\"og:locale\" content=\"es_MX\" \/>\n<meta property=\"og:type\" content=\"article\" \/>\n<meta property=\"og:title\" content=\"Mondiali di pallavolo femminile U21: Italia e Messico al 2\u00b0 turno\" \/>\n<meta property=\"og:description\" content=\"La Nazionale italiana Under 21 femminile di pallavolo ha chiuso imbattuta la prima fase dei Campionati del Mondo in corso in Messico.\" \/>\n<meta property=\"og:url\" content=\"https:\/\/puntodincontro.mx\/es\/2023\/08\/21\/mundial-de-voleibol-femenino-u21-italia-y-mexico-en-la-2a-ronda\/\" \/>\n<meta property=\"og:site_name\" content=\"Puntodincontro\" \/>\n<meta property=\"article:publisher\" content=\"https:\/\/www.facebook.com\/puntodincontro.mx\" \/>\n<meta property=\"article:published_time\" content=\"2023-08-21T18:31:20+00:00\" \/>\n<meta property=\"article:modified_time\" content=\"2023-08-21T18:43:06+00:00\" \/>\n<meta property=\"og:image\" content=\"https:\/\/puntodincontro.mx\/wp-content\/uploads\/2023\/08\/pallavolocomp-1.jpg\" \/>\n\t<meta property=\"og:image:width\" content=\"932\" \/>\n\t<meta property=\"og:image:height\" content=\"488\" \/>\n\t<meta property=\"og:image:type\" content=\"image\/jpeg\" \/>\n<meta name=\"author\" content=\"Puntodincontro\" \/>\n<meta name=\"twitter:card\" content=\"summary_large_image\" \/>\n<meta name=\"twitter:creator\" content=\"@puntodincontro\" \/>\n<meta name=\"twitter:site\" content=\"@puntodincontro\" \/>\n<meta name=\"twitter:label1\" content=\"Escrito por\" \/>\n\t<meta name=\"twitter:data1\" content=\"Puntodincontro\" \/>\n\t<meta name=\"twitter:label2\" content=\"Tiempo de lectura\" \/>\n\t<meta name=\"twitter:data2\" content=\"1 minuto\" \/>\n<script type=\"application\/ld+json\" class=\"yoast-schema-graph\">{\"@context\":\"https:\/\/schema.org\",\"@graph\":[{\"@type\":\"NewsArticle\",\"@id\":\"https:\/\/puntodincontro.mx\/2023\/08\/21\/mondiali-di-pallavolo-femminile-u21-italia-e-messico-al-2-turno\/#article\",\"isPartOf\":{\"@id\":\"https:\/\/puntodincontro.mx\/2023\/08\/21\/mondiali-di-pallavolo-femminile-u21-italia-e-messico-al-2-turno\/\"},\"author\":{\"name\":\"Puntodincontro\",\"@id\":\"https:\/\/puntodincontro.mx\/#\/schema\/person\/d3066d18a16259cbb0c29b0d0e93b556\"},\"headline\":\"Mondiali di pallavolo femminile U21: Italia e Messico al 2\u00b0 turno\",\"datePublished\":\"2023-08-21T18:31:20+00:00\",\"dateModified\":\"2023-08-21T18:43:06+00:00\",\"mainEntityOfPage\":{\"@id\":\"https:\/\/puntodincontro.mx\/2023\/08\/21\/mondiali-di-pallavolo-femminile-u21-italia-e-messico-al-2-turno\/\"},\"wordCount\":264,\"commentCount\":1,\"publisher\":{\"@id\":\"https:\/\/puntodincontro.mx\/#organization\"},\"image\":{\"@id\":\"https:\/\/puntodincontro.mx\/2023\/08\/21\/mondiali-di-pallavolo-femminile-u21-italia-e-messico-al-2-turno\/#primaryimage\"},\"thumbnailUrl\":\"https:\/\/puntodincontro.mx\/wp-content\/uploads\/2023\/08\/pallavolovert-1.webp\",\"articleSection\":[\"Sport\"],\"inLanguage\":\"es\",\"potentialAction\":[{\"@type\":\"CommentAction\",\"name\":\"Comment\",\"target\":[\"https:\/\/puntodincontro.mx\/2023\/08\/21\/mondiali-di-pallavolo-femminile-u21-italia-e-messico-al-2-turno\/#respond\"]}]},{\"@type\":\"WebPage\",\"@id\":\"https:\/\/puntodincontro.mx\/2023\/08\/21\/mondiali-di-pallavolo-femminile-u21-italia-e-messico-al-2-turno\/\",\"url\":\"https:\/\/puntodincontro.mx\/2023\/08\/21\/mondiali-di-pallavolo-femminile-u21-italia-e-messico-al-2-turno\/\",\"name\":\"Mondiali di pallavolo femminile U21: Italia e Messico al 2\u00b0 turno\",\"isPartOf\":{\"@id\":\"https:\/\/puntodincontro.mx\/#website\"},\"primaryImageOfPage\":{\"@id\":\"https:\/\/puntodincontro.mx\/2023\/08\/21\/mondiali-di-pallavolo-femminile-u21-italia-e-messico-al-2-turno\/#primaryimage\"},\"image\":{\"@id\":\"https:\/\/puntodincontro.mx\/2023\/08\/21\/mondiali-di-pallavolo-femminile-u21-italia-e-messico-al-2-turno\/#primaryimage\"},\"thumbnailUrl\":\"https:\/\/puntodincontro.mx\/wp-content\/uploads\/2023\/08\/pallavolovert-1.webp\",\"datePublished\":\"2023-08-21T18:31:20+00:00\",\"dateModified\":\"2023-08-21T18:43:06+00:00\",\"description\":\"La Nazionale italiana Under 21 femminile di pallavolo ha chiuso imbattuta la prima fase dei Campionati del Mondo in corso in Messico.\",\"breadcrumb\":{\"@id\":\"https:\/\/puntodincontro.mx\/2023\/08\/21\/mondiali-di-pallavolo-femminile-u21-italia-e-messico-al-2-turno\/#breadcrumb\"},\"inLanguage\":\"es\",\"potentialAction\":[{\"@type\":\"ReadAction\",\"target\":[\"https:\/\/puntodincontro.mx\/2023\/08\/21\/mondiali-di-pallavolo-femminile-u21-italia-e-messico-al-2-turno\/\"]}]},{\"@type\":\"ImageObject\",\"inLanguage\":\"es\",\"@id\":\"https:\/\/puntodincontro.mx\/2023\/08\/21\/mondiali-di-pallavolo-femminile-u21-italia-e-messico-al-2-turno\/#primaryimage\",\"url\":\"https:\/\/puntodincontro.mx\/wp-content\/uploads\/2023\/08\/pallavolovert-1.webp\",\"contentUrl\":\"https:\/\/puntodincontro.mx\/wp-content\/uploads\/2023\/08\/pallavolovert-1.webp\",\"width\":423,\"height\":488,\"caption\":\"Mondiali di pallavolo femminile U21: Italia e Messico al 2\u00b0 turno\"},{\"@type\":\"BreadcrumbList\",\"@id\":\"https:\/\/puntodincontro.mx\/2023\/08\/21\/mondiali-di-pallavolo-femminile-u21-italia-e-messico-al-2-turno\/#breadcrumb\",\"itemListElement\":[{\"@type\":\"ListItem\",\"position\":1,\"name\":\"Home\",\"item\":\"https:\/\/puntodincontro.mx\/\"},{\"@type\":\"ListItem\",\"position\":2,\"name\":\"Mondiali di pallavolo femminile U21: Italia e Messico al 2\u00b0 turno\"}]},{\"@type\":\"WebSite\",\"@id\":\"https:\/\/puntodincontro.mx\/#website\",\"url\":\"https:\/\/puntodincontro.mx\/\",\"name\":\"Puntodincontro\",\"description\":\"Dal 2006 notizie sui rapporti Italia-Messico \/ Desde 2006 noticias sobre las relaciones entre Italia y M\u00e9xico\",\"publisher\":{\"@id\":\"https:\/\/puntodincontro.mx\/#organization\"},\"potentialAction\":[{\"@type\":\"SearchAction\",\"target\":{\"@type\":\"EntryPoint\",\"urlTemplate\":\"https:\/\/puntodincontro.mx\/?s={search_term_string}\"},\"query-input\":{\"@type\":\"PropertyValueSpecification\",\"valueRequired\":true,\"valueName\":\"search_term_string\"}}],\"inLanguage\":\"es\"},{\"@type\":\"Organization\",\"@id\":\"https:\/\/puntodincontro.mx\/#organization\",\"name\":\"Puntodincontro\",\"url\":\"https:\/\/puntodincontro.mx\/\",\"logo\":{\"@type\":\"ImageObject\",\"inLanguage\":\"es\",\"@id\":\"https:\/\/puntodincontro.mx\/#\/schema\/logo\/image\/\",\"url\":\"https:\/\/puntodincontro.mx\/wp-content\/uploads\/2021\/08\/Default-image-for-open-graph-settings.jpg\",\"contentUrl\":\"https:\/\/puntodincontro.mx\/wp-content\/uploads\/2021\/08\/Default-image-for-open-graph-settings.jpg\",\"width\":1200,\"height\":630,\"caption\":\"Puntodincontro\"},\"image\":{\"@id\":\"https:\/\/puntodincontro.mx\/#\/schema\/logo\/image\/\"},\"sameAs\":[\"https:\/\/www.facebook.com\/puntodincontro.mx\",\"https:\/\/x.com\/puntodincontro\",\"https:\/\/www.instagram.com\/puntodincontro.mx\/\",\"https:\/\/www.linkedin.com\/company\/puntodincontro\/\",\"https:\/\/www.youtube.com\/c\/puntodincontromessico\",\"https:\/\/www.patreon.com\/puntodincontro\",\"https:\/\/www.threads.net\/@puntodincontro.mx\"]},{\"@type\":\"Person\",\"@id\":\"https:\/\/puntodincontro.mx\/#\/schema\/person\/d3066d18a16259cbb0c29b0d0e93b556\",\"name\":\"Puntodincontro\",\"image\":{\"@type\":\"ImageObject\",\"inLanguage\":\"es\",\"@id\":\"https:\/\/puntodincontro.mx\/#\/schema\/person\/image\/\",\"url\":\"https:\/\/secure.gravatar.com\/avatar\/0e85b4b3b5e9d6bfcec6a4956d8cc63a?s=96&d=mm&r=g\",\"contentUrl\":\"https:\/\/secure.gravatar.com\/avatar\/0e85b4b3b5e9d6bfcec6a4956d8cc63a?s=96&d=mm&r=g\",\"caption\":\"Puntodincontro\"},\"url\":\"https:\/\/puntodincontro.mx\/es\/author\/puntodincontro\/\"}]}<\/script>\n<!-- \/ Yoast SEO Premium plugin. -->","yoast_head_json":{"title":"Mundial de voleibol femenino U21: Italia y M\u00e9xico en la 2\u00aa ronda","description":"La selecci\u00f3n italiana Sub 21 de voleibol femenino finaliz\u00f3 invicta la primera fase del Mundial en M\u00e9xico.","robots":{"index":"index","follow":"follow","max-snippet":"max-snippet:-1","max-image-preview":"max-image-preview:large","max-video-preview":"max-video-preview:-1"},"canonical":"https:\/\/puntodincontro.mx\/es\/2023\/08\/21\/mundial-de-voleibol-femenino-u21-italia-y-mexico-en-la-2a-ronda\/","og_locale":"es_MX","og_type":"article","og_title":"Mondiali di pallavolo femminile U21: Italia e Messico al 2\u00b0 turno","og_description":"La Nazionale italiana Under 21 femminile di pallavolo ha chiuso imbattuta la prima fase dei Campionati del Mondo in corso in Messico.","og_url":"https:\/\/puntodincontro.mx\/es\/2023\/08\/21\/mundial-de-voleibol-femenino-u21-italia-y-mexico-en-la-2a-ronda\/","og_site_name":"Puntodincontro","article_publisher":"https:\/\/www.facebook.com\/puntodincontro.mx","article_published_time":"2023-08-21T18:31:20+00:00","article_modified_time":"2023-08-21T18:43:06+00:00","og_image":[{"width":932,"height":488,"url":"https:\/\/puntodincontro.mx\/wp-content\/uploads\/2023\/08\/pallavolocomp-1.jpg","type":"image\/jpeg"}],"author":"Puntodincontro","twitter_card":"summary_large_image","twitter_creator":"@puntodincontro","twitter_site":"@puntodincontro","twitter_misc":{"Escrito por":"Puntodincontro","Tiempo de lectura":"1 minuto"},"schema":{"@context":"https:\/\/schema.org","@graph":[{"@type":"NewsArticle","@id":"https:\/\/puntodincontro.mx\/2023\/08\/21\/mondiali-di-pallavolo-femminile-u21-italia-e-messico-al-2-turno\/#article","isPartOf":{"@id":"https:\/\/puntodincontro.mx\/2023\/08\/21\/mondiali-di-pallavolo-femminile-u21-italia-e-messico-al-2-turno\/"},"author":{"name":"Puntodincontro","@id":"https:\/\/puntodincontro.mx\/#\/schema\/person\/d3066d18a16259cbb0c29b0d0e93b556"},"headline":"Mondiali di pallavolo femminile U21: Italia e Messico al 2\u00b0 turno","datePublished":"2023-08-21T18:31:20+00:00","dateModified":"2023-08-21T18:43:06+00:00","mainEntityOfPage":{"@id":"https:\/\/puntodincontro.mx\/2023\/08\/21\/mondiali-di-pallavolo-femminile-u21-italia-e-messico-al-2-turno\/"},"wordCount":264,"commentCount":1,"publisher":{"@id":"https:\/\/puntodincontro.mx\/#organization"},"image":{"@id":"https:\/\/puntodincontro.mx\/2023\/08\/21\/mondiali-di-pallavolo-femminile-u21-italia-e-messico-al-2-turno\/#primaryimage"},"thumbnailUrl":"https:\/\/puntodincontro.mx\/wp-content\/uploads\/2023\/08\/pallavolovert-1.webp","articleSection":["Sport"],"inLanguage":"es","potentialAction":[{"@type":"CommentAction","name":"Comment","target":["https:\/\/puntodincontro.mx\/2023\/08\/21\/mondiali-di-pallavolo-femminile-u21-italia-e-messico-al-2-turno\/#respond"]}]},{"@type":"WebPage","@id":"https:\/\/puntodincontro.mx\/2023\/08\/21\/mondiali-di-pallavolo-femminile-u21-italia-e-messico-al-2-turno\/","url":"https:\/\/puntodincontro.mx\/2023\/08\/21\/mondiali-di-pallavolo-femminile-u21-italia-e-messico-al-2-turno\/","name":"Mundial de voleibol femenino U21: Italia y M\u00e9xico en la 2\u00aa ronda","isPartOf":{"@id":"https:\/\/puntodincontro.mx\/#website"},"primaryImageOfPage":{"@id":"https:\/\/puntodincontro.mx\/2023\/08\/21\/mondiali-di-pallavolo-femminile-u21-italia-e-messico-al-2-turno\/#primaryimage"},"image":{"@id":"https:\/\/puntodincontro.mx\/2023\/08\/21\/mondiali-di-pallavolo-femminile-u21-italia-e-messico-al-2-turno\/#primaryimage"},"thumbnailUrl":"https:\/\/puntodincontro.mx\/wp-content\/uploads\/2023\/08\/pallavolovert-1.webp","datePublished":"2023-08-21T18:31:20+00:00","dateModified":"2023-08-21T18:43:06+00:00","description":"La selecci\u00f3n italiana Sub 21 de voleibol femenino finaliz\u00f3 invicta la primera fase del Mundial en M\u00e9xico.","breadcrumb":{"@id":"https:\/\/puntodincontro.mx\/2023\/08\/21\/mondiali-di-pallavolo-femminile-u21-italia-e-messico-al-2-turno\/#breadcrumb"},"inLanguage":"es","potentialAction":[{"@type":"ReadAction","target":["https:\/\/puntodincontro.mx\/2023\/08\/21\/mondiali-di-pallavolo-femminile-u21-italia-e-messico-al-2-turno\/"]}]},{"@type":"ImageObject","inLanguage":"es","@id":"https:\/\/puntodincontro.mx\/2023\/08\/21\/mondiali-di-pallavolo-femminile-u21-italia-e-messico-al-2-turno\/#primaryimage","url":"https:\/\/puntodincontro.mx\/wp-content\/uploads\/2023\/08\/pallavolovert-1.webp","contentUrl":"https:\/\/puntodincontro.mx\/wp-content\/uploads\/2023\/08\/pallavolovert-1.webp","width":423,"height":488,"caption":"Mondiali di pallavolo femminile U21: Italia e Messico al 2\u00b0 turno"},{"@type":"BreadcrumbList","@id":"https:\/\/puntodincontro.mx\/2023\/08\/21\/mondiali-di-pallavolo-femminile-u21-italia-e-messico-al-2-turno\/#breadcrumb","itemListElement":[{"@type":"ListItem","position":1,"name":"Home","item":"https:\/\/puntodincontro.mx\/"},{"@type":"ListItem","position":2,"name":"Mondiali di pallavolo femminile U21: Italia e Messico al 2\u00b0 turno"}]},{"@type":"WebSite","@id":"https:\/\/puntodincontro.mx\/#website","url":"https:\/\/puntodincontro.mx\/","name":"Puntodincontro","description":"Desde el 2006 noticias sobre las relaciones entre Italia y M\u00e9xico \/ Dal 2006 notizie sui rapporti Italia-Messico","publisher":{"@id":"https:\/\/puntodincontro.mx\/#organization"},"potentialAction":[{"@type":"SearchAction","target":{"@type":"EntryPoint","urlTemplate":"https:\/\/puntodincontro.mx\/?s={search_term_string}"},"query-input":{"@type":"PropertyValueSpecification","valueRequired":true,"valueName":"search_term_string"}}],"inLanguage":"es"},{"@type":"Organization","@id":"https:\/\/puntodincontro.mx\/#organization","name":"Puntodincontro","url":"https:\/\/puntodincontro.mx\/","logo":{"@type":"ImageObject","inLanguage":"es","@id":"https:\/\/puntodincontro.mx\/#\/schema\/logo\/image\/","url":"https:\/\/puntodincontro.mx\/wp-content\/uploads\/2021\/08\/Default-image-for-open-graph-settings.jpg","contentUrl":"https:\/\/puntodincontro.mx\/wp-content\/uploads\/2021\/08\/Default-image-for-open-graph-settings.jpg","width":1200,"height":630,"caption":"Puntodincontro"},"image":{"@id":"https:\/\/puntodincontro.mx\/#\/schema\/logo\/image\/"},"sameAs":["https:\/\/www.facebook.com\/puntodincontro.mx","https:\/\/x.com\/puntodincontro","https:\/\/www.instagram.com\/puntodincontro.mx\/","https:\/\/www.linkedin.com\/company\/puntodincontro\/","https:\/\/www.youtube.com\/c\/puntodincontromessico","https:\/\/www.patreon.com\/puntodincontro","https:\/\/www.threads.net\/@puntodincontro.mx"]},{"@type":"Person","@id":"https:\/\/puntodincontro.mx\/#\/schema\/person\/d3066d18a16259cbb0c29b0d0e93b556","name":"Puntodincontro","image":{"@type":"ImageObject","inLanguage":"es","@id":"https:\/\/puntodincontro.mx\/#\/schema\/person\/image\/","url":"https:\/\/secure.gravatar.com\/avatar\/0e85b4b3b5e9d6bfcec6a4956d8cc63a?s=96&d=mm&r=g","contentUrl":"https:\/\/secure.gravatar.com\/avatar\/0e85b4b3b5e9d6bfcec6a4956d8cc63a?s=96&d=mm&r=g","caption":"Puntodincontro"},"url":"https:\/\/puntodincontro.mx\/es\/author\/puntodincontro\/"}]}},"_links":{"self":[{"href":"https:\/\/puntodincontro.mx\/es\/wp-json\/wp\/v2\/posts\/14927"}],"collection":[{"href":"https:\/\/puntodincontro.mx\/es\/wp-json\/wp\/v2\/posts"}],"about":[{"href":"https:\/\/puntodincontro.mx\/es\/wp-json\/wp\/v2\/types\/post"}],"author":[{"embeddable":true,"href":"https:\/\/puntodincontro.mx\/es\/wp-json\/wp\/v2\/users\/2"}],"replies":[{"embeddable":true,"href":"https:\/\/puntodincontro.mx\/es\/wp-json\/wp\/v2\/comments?post=14927"}],"version-history":[{"count":6,"href":"https:\/\/puntodincontro.mx\/es\/wp-json\/wp\/v2\/posts\/14927\/revisions"}],"predecessor-version":[{"id":14937,"href":"https:\/\/puntodincontro.mx\/es\/wp-json\/wp\/v2\/posts\/14927\/revisions\/14937"}],"wp:featuredmedia":[{"embeddable":true,"href":"https:\/\/puntodincontro.mx\/es\/wp-json\/wp\/v2\/media\/14933"}],"wp:attachment":[{"href":"https:\/\/puntodincontro.mx\/es\/wp-json\/wp\/v2\/media?parent=14927"}],"wp:term":[{"taxonomy":"category","embeddable":true,"href":"https:\/\/puntodincontro.mx\/es\/wp-json\/wp\/v2\/categories?post=14927"},{"taxonomy":"post_tag","embeddable":true,"href":"https:\/\/puntodincontro.mx\/es\/wp-json\/wp\/v2\/tags?post=14927"}],"curies":[{"name":"wp","href":"https:\/\/api.w.org\/{rel}","templated":true}]}}