{"id":14939,"date":"2023-08-21T17:38:42","date_gmt":"2023-08-21T22:38:42","guid":{"rendered":"https:\/\/puntodincontro.mx\/?p=14939"},"modified":"2023-08-21T17:39:26","modified_gmt":"2023-08-21T22:39:26","slug":"vino-italia-segundo-productor-mundial-es-lider-en-variedades-de-vid","status":"publish","type":"post","link":"https:\/\/puntodincontro.mx\/es\/2023\/08\/21\/vino-litalia-secondo-produttore-mondiale-e-leader-nei-vitigni\/","title":{"rendered":"Vino: Italia \u2014segundo productor mundial\u2014 es l\u00edder en variedades de vid"},"content":{"rendered":"<p class=\"translation-block\"><strong>16:22 hrs.<\/strong> - Despu\u00e9s de muchos a\u00f1os, es probable que Italia ya no sea el mayor productor de vino del mundo. Seg\u00fan el an\u00e1lisis de la cosecha en curso realizado por Coldiretti \u2014la principal asociaci\u00f3n que representa y apoya a la agricultura en el Bel Paese\u2014, Francia parece haber logrado la primac\u00eda en esta ocasi\u00f3n.<\/p>\n\n\n\n<p>El resultado se debe a una cosecha en declive a lo largo de la pen\u00ednsula italiana, debido al gran calor. La producci\u00f3n de la bota se estima en 43 millones de hectolitros, -14% respecto a la temporada pasada. En Francia, las previsiones se sit\u00faan entre 44 y 47 millones de hectolitros, en l\u00ednea con la media del periodo 2018-2022. Espa\u00f1a se mantiene en tercer lugar con aproximadamente 36 millones de hectolitros.<\/p>\n\n\n\n<p class=\"translation-block\">A pesar de la reducci\u00f3n, Italia sigue produciendo vino de alta calidad y puede contar con 635 variedades de uva, el doble de las presentes en la tierra natal de Moli\u00e8re. Aproximadamente el 70% de las botellas <em>Made in Italy<\/em> se destinan a las denominaciones DOCG, DOC e IGT y el 30% restante se compone de vinos de mesa.<\/p>\n\n\n\n<p>El proceso de calificaci\u00f3n del vino italiano se confirma con el \u00e9xito de las exportaciones, incluyendo las destinadas a Francia, que han aumentado 18.5% en valor en los \u00faltimos meses.<\/p>\n\n\n\n<p>A pesar de los resultados cuantitativos de este a\u00f1o, el Bel Paese sigue siendo uno de los principales productores de vino del mundo, partiendo de un rico patrimonio de biodiversidad y una larga tradici\u00f3n.<\/p>\n\n\n\n<p>Para la cosecha, sin embargo, mucho depender\u00e1 todav\u00eda de la evoluci\u00f3n de las temperaturas, las precipitaciones y el impacto del cambio clim\u00e1tico. Los cultivadores deben ser cada vez m\u00e1s cuidadosos en elegir el momento adecuado para la cosecha y el procesamiento en bodega, en una actividad que comenz\u00f3 en agosto con las uvas para vino espumoso Pinot y Chardonnay. Las operaciones \u2014subraya Coldiretti\u2014 continuar\u00e1n en septiembre y octubre con la Glera para Prosecco y las grandes uvas tintas aut\u00f3ctonas Sangiovese, Montepulciano y Nebbiolo para concluir en noviembre con las uvas Aglianico y Nerello en 658 mil hect\u00e1reas cultivadas en todo el pa\u00eds.<\/p>\n\n\n\n<p>La industria vitivin\u00edcola italiana ofrece oportunidades de trabajo a 1.3 millones de personas que se dedican a vi\u00f1edos, bodegas, comercio y actividades afines.<\/p>\n\n\n\n<div style=\"height:12px\" aria-hidden=\"true\" class=\"wp-block-spacer\"><\/div>\n\n\n<!-- Ad space powered by WP AdCenter v2.5.7 - https:\/\/wpadcenter.com\/ --><div class=\"wpadcenter-adgroup\" ><div class=\"wpadcenter-adgroup__row wpadcenter-aligncenter\"><div class=\"wpadcenter-ad-container\" ><div id=\"wpadcenter-ad-18464\" class=\"ad-placement\"><div class=\"wpadcenter-ad-inner\" ><a id=\"wpadcenter_ad\" data-value=\"18464\" data-placement=\"\" href=\"https:\/\/www.productosremo.com\/\" target=\"_blank\" class=\"wpadcenter-ad-inner__item\" ><img decoding=\"async\"   src=\"https:\/\/puntodincontro.mx\/wp-content\/uploads\/2021\/08\/remobanner.jpg\" class=\"attachment-post-thumbnail size-post-thumbnail wp-post-image\" alt=\"\" srcset=\"https:\/\/puntodincontro.mx\/wp-content\/uploads\/2021\/08\/remobanner.jpg 200w, https:\/\/puntodincontro.mx\/wp-content\/uploads\/2021\/08\/remobanner-16x5.jpg 16w\" sizes=\"(max-width: 200px) 100vw, 200px\" \/><\/a><\/div><\/div><\/div><div class=\"wpadcenter-ad-container\" ><div id=\"wpadcenter-ad-5305\" class=\"ad-placement\"><div class=\"wpadcenter-ad-inner\" ><a id=\"wpadcenter_ad\" data-value=\"5305\" data-placement=\"\" href=\"https:\/\/faitalia.com.mx\/\" target=\"_blank\" class=\"wpadcenter-ad-inner__item\" ><img decoding=\"async\"   src=\"https:\/\/puntodincontro.mx\/wp-content\/uploads\/2022\/05\/gruppodino.jpg\" class=\"attachment-post-thumbnail size-post-thumbnail wp-post-image\" alt=\"\" srcset=\"https:\/\/puntodincontro.mx\/wp-content\/uploads\/2022\/05\/gruppodino.jpg 200w, https:\/\/puntodincontro.mx\/wp-content\/uploads\/2022\/05\/gruppodino-18x5.jpg 18w\" sizes=\"(max-width: 200px) 100vw, 200px\" \/><\/a><\/div><\/div><\/div><div class=\"wpadcenter-ad-container\" ><div id=\"wpadcenter-ad-3781\" class=\"ad-placement\"><div class=\"wpadcenter-ad-inner\" ><a id=\"wpadcenter_ad\" data-value=\"3781\" data-placement=\"\" href=\"https:\/\/cannizzo.com.mx\/\" target=\"_blank\" class=\"wpadcenter-ad-inner__item\" ><img decoding=\"async\"   src=\"https:\/\/puntodincontro.mx\/wp-content\/uploads\/2022\/03\/cannizzo2.jpg\" class=\"attachment-post-thumbnail size-post-thumbnail wp-post-image\" alt=\"\" srcset=\"https:\/\/puntodincontro.mx\/wp-content\/uploads\/2022\/03\/cannizzo2.jpg 200w, https:\/\/puntodincontro.mx\/wp-content\/uploads\/2022\/03\/cannizzo2-18x5.jpg 18w\" sizes=\"(max-width: 200px) 100vw, 200px\" \/><\/a><\/div><\/div><\/div><\/div><div class=\"wpadcenter-adgroup__row wpadcenter-aligncenter\"><div class=\"wpadcenter-ad-container\" ><div id=\"wpadcenter-ad-1704\" class=\"ad-placement\"><div class=\"wpadcenter-ad-inner\" ><a id=\"wpadcenter_ad\" data-value=\"1704\" data-placement=\"\" href=\"https:\/\/puntodincontro.mx\/es\/2021\/12\/24\/inps-verificacion-de-supervivencia-de-los-pensionados-en-el-extranjero\/\" target=\"_blank\" class=\"wpadcenter-ad-inner__item\" ><img decoding=\"async\"   src=\"https:\/\/puntodincontro.mx\/wp-content\/uploads\/2021\/11\/logo-ital.jpg\" class=\"attachment-post-thumbnail size-post-thumbnail wp-post-image\" alt=\"Patronato ITAL Messico\" srcset=\"https:\/\/puntodincontro.mx\/wp-content\/uploads\/2021\/11\/logo-ital.jpg 200w, https:\/\/puntodincontro.mx\/wp-content\/uploads\/2021\/11\/logo-ital-16x5.jpg 16w\" sizes=\"(max-width: 200px) 100vw, 200px\" \/><\/a><\/div><\/div><\/div><div class=\"wpadcenter-ad-container\" ><div id=\"wpadcenter-ad-1538\" class=\"ad-placement\"><div class=\"wpadcenter-ad-inner\" ><a id=\"wpadcenter_ad\" data-value=\"1538\" data-placement=\"\" href=\"https:\/\/asociacionitaliana.org\/\" target=\"_blank\" class=\"wpadcenter-ad-inner__item\" ><img decoding=\"async\"   src=\"https:\/\/puntodincontro.mx\/wp-content\/uploads\/2021\/11\/aialogo.jpg\" class=\"attachment-post-thumbnail size-post-thumbnail wp-post-image\" alt=\"Associazione Italiana di Assistenza IAP\" srcset=\"https:\/\/puntodincontro.mx\/wp-content\/uploads\/2021\/11\/aialogo.jpg 200w, https:\/\/puntodincontro.mx\/wp-content\/uploads\/2021\/11\/aialogo-18x5.jpg 18w\" sizes=\"(max-width: 200px) 100vw, 200px\" \/><\/a><\/div><\/div><\/div><div class=\"wpadcenter-ad-container\" ><div id=\"wpadcenter-ad-1513\" class=\"ad-placement\"><div class=\"wpadcenter-ad-inner\" ><a id=\"wpadcenter_ad\" data-value=\"1513\" data-placement=\"\" href=\"https:\/\/gcinmuebles.mx\" target=\"_blank\" class=\"wpadcenter-ad-inner__item\" ><img decoding=\"async\"   src=\"https:\/\/puntodincontro.mx\/wp-content\/uploads\/2021\/10\/gcinmuebleslogopunto-1.jpg\" class=\"attachment-post-thumbnail size-post-thumbnail wp-post-image\" alt=\"\" srcset=\"https:\/\/puntodincontro.mx\/wp-content\/uploads\/2021\/10\/gcinmuebleslogopunto-1.jpg 200w, https:\/\/puntodincontro.mx\/wp-content\/uploads\/2021\/10\/gcinmuebleslogopunto-1-18x5.jpg 18w\" sizes=\"(max-width: 200px) 100vw, 200px\" \/><\/a><\/div><\/div><\/div><\/div><div class=\"wpadcenter-adgroup__row wpadcenter-aligncenter\"><div class=\"wpadcenter-ad-container\" ><div id=\"wpadcenter-ad-1374\" class=\"ad-placement\"><div class=\"wpadcenter-ad-inner\" ><a id=\"wpadcenter_ad\" data-value=\"1374\" data-placement=\"\" href=\"https:\/\/www.9colonne.it\/\" target=\"_blank\" class=\"wpadcenter-ad-inner__item\" ><img decoding=\"async\"   src=\"https:\/\/puntodincontro.mx\/wp-content\/uploads\/2021\/10\/Banner9colonne.gif\" class=\"attachment-post-thumbnail size-post-thumbnail wp-post-image\" alt=\"\" \/><\/a><\/div><\/div><\/div><div class=\"wpadcenter-ad-container\" ><div id=\"wpadcenter-ad-276\" class=\"ad-placement\"><div class=\"wpadcenter-ad-inner\" ><a id=\"wpadcenter_ad\" data-value=\"276\" data-placement=\"\" href=\"http:\/\/www.camaraitaliana.mx\/\" target=\"_blank\" class=\"wpadcenter-ad-inner__item\" ><img decoding=\"async\"   src=\"https:\/\/puntodincontro.mx\/wp-content\/uploads\/2021\/08\/ccimnuovo.jpg\" class=\"attachment-post-thumbnail size-post-thumbnail wp-post-image\" alt=\"\" srcset=\"https:\/\/puntodincontro.mx\/wp-content\/uploads\/2021\/08\/ccimnuovo.jpg 200w, https:\/\/puntodincontro.mx\/wp-content\/uploads\/2021\/08\/ccimnuovo-18x5.jpg 18w\" sizes=\"(max-width: 200px) 100vw, 200px\" \/><\/a><\/div><\/div><\/div><div class=\"wpadcenter-ad-container\" ><div id=\"wpadcenter-ad-272\" class=\"ad-placement\"><div class=\"wpadcenter-ad-inner\" ><a id=\"wpadcenter_ad\" data-value=\"272\" data-placement=\"\" href=\"http:\/\/corix.us\/\" target=\"_blank\" class=\"wpadcenter-ad-inner__item\" ><img decoding=\"async\"   src=\"https:\/\/puntodincontro.mx\/wp-content\/uploads\/2021\/08\/corixbanner-1.jpg\" class=\"attachment-post-thumbnail size-post-thumbnail wp-post-image\" alt=\"\" srcset=\"https:\/\/puntodincontro.mx\/wp-content\/uploads\/2021\/08\/corixbanner-1.jpg 200w, https:\/\/puntodincontro.mx\/wp-content\/uploads\/2021\/08\/corixbanner-1-16x5.jpg 16w\" sizes=\"(max-width: 200px) 100vw, 200px\" \/><\/a><\/div><\/div><\/div><\/div><div class=\"wpadcenter-adgroup__row wpadcenter-aligncenter\"><div class=\"wpadcenter-ad-container\" ><div id=\"wpadcenter-ad-266\" class=\"ad-placement\"><div class=\"wpadcenter-ad-inner\" ><a id=\"wpadcenter_ad\" data-value=\"266\" data-placement=\"\" href=\"https:\/\/www.prinsel.com.mx\/\" target=\"_blank\" class=\"wpadcenter-ad-inner__item\" ><img decoding=\"async\"   src=\"https:\/\/puntodincontro.mx\/wp-content\/uploads\/2021\/08\/prinselbanner-1.jpg\" class=\"attachment-post-thumbnail size-post-thumbnail wp-post-image\" alt=\"\" srcset=\"https:\/\/puntodincontro.mx\/wp-content\/uploads\/2021\/08\/prinselbanner-1.jpg 200w, https:\/\/puntodincontro.mx\/wp-content\/uploads\/2021\/08\/prinselbanner-1-16x5.jpg 16w\" sizes=\"(max-width: 200px) 100vw, 200px\" \/><\/a><\/div><\/div><\/div><div class=\"wpadcenter-ad-container\" ><div id=\"wpadcenter-ad-261\" class=\"ad-placement\"><div class=\"wpadcenter-ad-inner\" ><a id=\"wpadcenter_ad\" data-value=\"261\" data-placement=\"\" href=\"https:\/\/ambcittadelmessico.esteri.it\/ambasciata_cittadelmessico\/it\/\" target=\"_blank\" class=\"wpadcenter-ad-inner__item\" ><img decoding=\"async\"   src=\"https:\/\/puntodincontro.mx\/wp-content\/uploads\/2021\/08\/ambasciatabanner-1.jpg\" class=\"attachment-post-thumbnail size-post-thumbnail wp-post-image\" alt=\"\" srcset=\"https:\/\/puntodincontro.mx\/wp-content\/uploads\/2021\/08\/ambasciatabanner-1.jpg 200w, https:\/\/puntodincontro.mx\/wp-content\/uploads\/2021\/08\/ambasciatabanner-1-16x5.jpg 16w\" sizes=\"(max-width: 200px) 100vw, 200px\" \/><\/a><\/div><\/div><\/div><\/div><\/div>\n\n\n<div style=\"height:12px\" aria-hidden=\"true\" class=\"wp-block-spacer\"><\/div>","protected":false},"excerpt":{"rendered":"<p>Ore 16.22 &#8211; Dopo molti anni, \u00e8 probabile che l&#8217;Italia non sia pi\u00f9 il primo produttore mondiale di vino. Secondo l&#8217;analisi della vendemmia in corso svolta dalla Coldiretti \u2014la maggiore associazione di rappresentanza e assistenza dell&#8217;agricoltura del Bel Paese\u2014 la Francia sembra aver raggiunto il primato in questa occasione. Il risultato \u00e8 dovuto a una vendemmia in calo lungo la penisola italiana, a causa del grande caldo. La produzione dello Stivale \u00e8 stimata a 43 milioni di ettolitri, -14% rispetto alla scorsa stagione. In Francia le previsioni si attestano tra i 44 e i 47 milioni di ettolitri, in linea&#8230; <\/p>","protected":false},"author":2,"featured_media":14944,"comment_status":"open","ping_status":"open","sticky":false,"template":"","format":"standard","meta":{"_monsterinsights_skip_tracking":false,"_monsterinsights_sitenote_active":false,"_monsterinsights_sitenote_note":"","_monsterinsights_sitenote_category":0,"footnotes":""},"categories":[18],"tags":[],"class_list":["post-14939","post","type-post","status-publish","format-standard","has-post-thumbnail","hentry","category-cronaca"],"yoast_head":"<!-- This site is optimized with the Yoast SEO Premium plugin v18.4 (Yoast SEO v25.6) - https:\/\/yoast.com\/wordpress\/plugins\/seo\/ -->\n<title>Vino: l&#039;Italia \u2014secondo produttore mondiale\u2014 \u00e8 leader nei vitigni<\/title>\n<meta name=\"description\" content=\"Secondo l&#039;analisi della vendemmia in corso svolta dalla Coldiretti \u00e8 probabile che l&#039;Italia non sia pi\u00f9 il primo produttore mondiale di vino.\" \/>\n<meta name=\"robots\" content=\"index, follow, max-snippet:-1, max-image-preview:large, max-video-preview:-1\" \/>\n<link rel=\"canonical\" href=\"https:\/\/puntodincontro.mx\/es\/2023\/08\/21\/vino-italia-segundo-productor-mundial-es-lider-en-variedades-de-vid\/\" \/>\n<meta property=\"og:locale\" content=\"es_MX\" \/>\n<meta property=\"og:type\" content=\"article\" \/>\n<meta property=\"og:title\" content=\"Vino: l&#039;Italia \u2014secondo produttore mondiale\u2014 \u00e8 leader nei vitigni\" \/>\n<meta property=\"og:description\" content=\"Secondo l&#039;analisi della vendemmia in corso svolta dalla Coldiretti \u00e8 probabile che l&#039;Italia non sia pi\u00f9 il primo produttore mondiale di vino.\" \/>\n<meta property=\"og:url\" content=\"https:\/\/puntodincontro.mx\/es\/2023\/08\/21\/vino-italia-segundo-productor-mundial-es-lider-en-variedades-de-vid\/\" \/>\n<meta property=\"og:site_name\" content=\"Puntodincontro\" \/>\n<meta property=\"article:publisher\" content=\"https:\/\/www.facebook.com\/puntodincontro.mx\" \/>\n<meta property=\"article:published_time\" content=\"2023-08-21T22:38:42+00:00\" \/>\n<meta property=\"article:modified_time\" content=\"2023-08-21T22:39:26+00:00\" \/>\n<meta property=\"og:image\" content=\"https:\/\/puntodincontro.mx\/wp-content\/uploads\/2023\/08\/vinocomp.jpg\" \/>\n\t<meta property=\"og:image:width\" content=\"932\" \/>\n\t<meta property=\"og:image:height\" content=\"488\" \/>\n\t<meta property=\"og:image:type\" content=\"image\/jpeg\" \/>\n<meta name=\"author\" content=\"Puntodincontro\" \/>\n<meta name=\"twitter:card\" content=\"summary_large_image\" \/>\n<meta name=\"twitter:creator\" content=\"@puntodincontro\" \/>\n<meta name=\"twitter:site\" content=\"@puntodincontro\" \/>\n<meta name=\"twitter:label1\" content=\"Escrito por\" \/>\n\t<meta name=\"twitter:data1\" content=\"Puntodincontro\" \/>\n\t<meta name=\"twitter:label2\" content=\"Tiempo de lectura\" \/>\n\t<meta name=\"twitter:data2\" content=\"2 minutos\" \/>\n<script type=\"application\/ld+json\" class=\"yoast-schema-graph\">{\"@context\":\"https:\/\/schema.org\",\"@graph\":[{\"@type\":\"NewsArticle\",\"@id\":\"https:\/\/puntodincontro.mx\/2023\/08\/21\/vino-litalia-secondo-produttore-mondiale-e-leader-nei-vitigni\/#article\",\"isPartOf\":{\"@id\":\"https:\/\/puntodincontro.mx\/2023\/08\/21\/vino-litalia-secondo-produttore-mondiale-e-leader-nei-vitigni\/\"},\"author\":{\"name\":\"Puntodincontro\",\"@id\":\"https:\/\/puntodincontro.mx\/#\/schema\/person\/d3066d18a16259cbb0c29b0d0e93b556\"},\"headline\":\"Vino: l&#8217;Italia \u2014secondo produttore mondiale\u2014 \u00e8 leader nei vitigni\",\"datePublished\":\"2023-08-21T22:38:42+00:00\",\"dateModified\":\"2023-08-21T22:39:26+00:00\",\"mainEntityOfPage\":{\"@id\":\"https:\/\/puntodincontro.mx\/2023\/08\/21\/vino-litalia-secondo-produttore-mondiale-e-leader-nei-vitigni\/\"},\"wordCount\":346,\"commentCount\":0,\"publisher\":{\"@id\":\"https:\/\/puntodincontro.mx\/#organization\"},\"image\":{\"@id\":\"https:\/\/puntodincontro.mx\/2023\/08\/21\/vino-litalia-secondo-produttore-mondiale-e-leader-nei-vitigni\/#primaryimage\"},\"thumbnailUrl\":\"https:\/\/puntodincontro.mx\/wp-content\/uploads\/2023\/08\/vinovert.webp\",\"articleSection\":[\"Cronaca\"],\"inLanguage\":\"es\",\"potentialAction\":[{\"@type\":\"CommentAction\",\"name\":\"Comment\",\"target\":[\"https:\/\/puntodincontro.mx\/2023\/08\/21\/vino-litalia-secondo-produttore-mondiale-e-leader-nei-vitigni\/#respond\"]}]},{\"@type\":\"WebPage\",\"@id\":\"https:\/\/puntodincontro.mx\/2023\/08\/21\/vino-litalia-secondo-produttore-mondiale-e-leader-nei-vitigni\/\",\"url\":\"https:\/\/puntodincontro.mx\/2023\/08\/21\/vino-litalia-secondo-produttore-mondiale-e-leader-nei-vitigni\/\",\"name\":\"Vino: l'Italia \u2014secondo produttore mondiale\u2014 \u00e8 leader nei vitigni\",\"isPartOf\":{\"@id\":\"https:\/\/puntodincontro.mx\/#website\"},\"primaryImageOfPage\":{\"@id\":\"https:\/\/puntodincontro.mx\/2023\/08\/21\/vino-litalia-secondo-produttore-mondiale-e-leader-nei-vitigni\/#primaryimage\"},\"image\":{\"@id\":\"https:\/\/puntodincontro.mx\/2023\/08\/21\/vino-litalia-secondo-produttore-mondiale-e-leader-nei-vitigni\/#primaryimage\"},\"thumbnailUrl\":\"https:\/\/puntodincontro.mx\/wp-content\/uploads\/2023\/08\/vinovert.webp\",\"datePublished\":\"2023-08-21T22:38:42+00:00\",\"dateModified\":\"2023-08-21T22:39:26+00:00\",\"description\":\"Secondo l'analisi della vendemmia in corso svolta dalla Coldiretti \u00e8 probabile che l'Italia non sia pi\u00f9 il primo produttore mondiale di vino.\",\"breadcrumb\":{\"@id\":\"https:\/\/puntodincontro.mx\/2023\/08\/21\/vino-litalia-secondo-produttore-mondiale-e-leader-nei-vitigni\/#breadcrumb\"},\"inLanguage\":\"es\",\"potentialAction\":[{\"@type\":\"ReadAction\",\"target\":[\"https:\/\/puntodincontro.mx\/2023\/08\/21\/vino-litalia-secondo-produttore-mondiale-e-leader-nei-vitigni\/\"]}]},{\"@type\":\"ImageObject\",\"inLanguage\":\"es\",\"@id\":\"https:\/\/puntodincontro.mx\/2023\/08\/21\/vino-litalia-secondo-produttore-mondiale-e-leader-nei-vitigni\/#primaryimage\",\"url\":\"https:\/\/puntodincontro.mx\/wp-content\/uploads\/2023\/08\/vinovert.webp\",\"contentUrl\":\"https:\/\/puntodincontro.mx\/wp-content\/uploads\/2023\/08\/vinovert.webp\",\"width\":423,\"height\":488,\"caption\":\"Vino: l'Italia \u2014secondo produttore mondiale\u2014 \u00e8 leader nei vitigni \/ Foto: @andranik2018\/123rf\"},{\"@type\":\"BreadcrumbList\",\"@id\":\"https:\/\/puntodincontro.mx\/2023\/08\/21\/vino-litalia-secondo-produttore-mondiale-e-leader-nei-vitigni\/#breadcrumb\",\"itemListElement\":[{\"@type\":\"ListItem\",\"position\":1,\"name\":\"Home\",\"item\":\"https:\/\/puntodincontro.mx\/\"},{\"@type\":\"ListItem\",\"position\":2,\"name\":\"Vino: l&#8217;Italia \u2014secondo produttore mondiale\u2014 \u00e8 leader nei vitigni\"}]},{\"@type\":\"WebSite\",\"@id\":\"https:\/\/puntodincontro.mx\/#website\",\"url\":\"https:\/\/puntodincontro.mx\/\",\"name\":\"Puntodincontro\",\"description\":\"Dal 2006 notizie sui rapporti Italia-Messico \/ Desde 2006 noticias sobre las relaciones entre Italia y M\u00e9xico\",\"publisher\":{\"@id\":\"https:\/\/puntodincontro.mx\/#organization\"},\"potentialAction\":[{\"@type\":\"SearchAction\",\"target\":{\"@type\":\"EntryPoint\",\"urlTemplate\":\"https:\/\/puntodincontro.mx\/?s={search_term_string}\"},\"query-input\":{\"@type\":\"PropertyValueSpecification\",\"valueRequired\":true,\"valueName\":\"search_term_string\"}}],\"inLanguage\":\"es\"},{\"@type\":\"Organization\",\"@id\":\"https:\/\/puntodincontro.mx\/#organization\",\"name\":\"Puntodincontro\",\"url\":\"https:\/\/puntodincontro.mx\/\",\"logo\":{\"@type\":\"ImageObject\",\"inLanguage\":\"es\",\"@id\":\"https:\/\/puntodincontro.mx\/#\/schema\/logo\/image\/\",\"url\":\"https:\/\/puntodincontro.mx\/wp-content\/uploads\/2021\/08\/Default-image-for-open-graph-settings.jpg\",\"contentUrl\":\"https:\/\/puntodincontro.mx\/wp-content\/uploads\/2021\/08\/Default-image-for-open-graph-settings.jpg\",\"width\":1200,\"height\":630,\"caption\":\"Puntodincontro\"},\"image\":{\"@id\":\"https:\/\/puntodincontro.mx\/#\/schema\/logo\/image\/\"},\"sameAs\":[\"https:\/\/www.facebook.com\/puntodincontro.mx\",\"https:\/\/x.com\/puntodincontro\",\"https:\/\/www.instagram.com\/puntodincontro.mx\/\",\"https:\/\/www.linkedin.com\/company\/puntodincontro\/\",\"https:\/\/www.youtube.com\/c\/puntodincontromessico\",\"https:\/\/www.patreon.com\/puntodincontro\",\"https:\/\/www.threads.net\/@puntodincontro.mx\"]},{\"@type\":\"Person\",\"@id\":\"https:\/\/puntodincontro.mx\/#\/schema\/person\/d3066d18a16259cbb0c29b0d0e93b556\",\"name\":\"Puntodincontro\",\"image\":{\"@type\":\"ImageObject\",\"inLanguage\":\"es\",\"@id\":\"https:\/\/puntodincontro.mx\/#\/schema\/person\/image\/\",\"url\":\"https:\/\/secure.gravatar.com\/avatar\/0e85b4b3b5e9d6bfcec6a4956d8cc63a?s=96&d=mm&r=g\",\"contentUrl\":\"https:\/\/secure.gravatar.com\/avatar\/0e85b4b3b5e9d6bfcec6a4956d8cc63a?s=96&d=mm&r=g\",\"caption\":\"Puntodincontro\"},\"url\":\"https:\/\/puntodincontro.mx\/es\/author\/puntodincontro\/\"}]}<\/script>\n<!-- \/ Yoast SEO Premium plugin. -->","yoast_head_json":{"title":"Vino: l'Italia \u2014secondo produttore mondiale\u2014 \u00e8 leader nei vitigni","description":"Secondo l'analisi della vendemmia in corso svolta dalla Coldiretti \u00e8 probabile che l'Italia non sia pi\u00f9 il primo produttore mondiale di vino.","robots":{"index":"index","follow":"follow","max-snippet":"max-snippet:-1","max-image-preview":"max-image-preview:large","max-video-preview":"max-video-preview:-1"},"canonical":"https:\/\/puntodincontro.mx\/es\/2023\/08\/21\/vino-italia-segundo-productor-mundial-es-lider-en-variedades-de-vid\/","og_locale":"es_MX","og_type":"article","og_title":"Vino: l'Italia \u2014secondo produttore mondiale\u2014 \u00e8 leader nei vitigni","og_description":"Secondo l'analisi della vendemmia in corso svolta dalla Coldiretti \u00e8 probabile che l'Italia non sia pi\u00f9 il primo produttore mondiale di vino.","og_url":"https:\/\/puntodincontro.mx\/es\/2023\/08\/21\/vino-italia-segundo-productor-mundial-es-lider-en-variedades-de-vid\/","og_site_name":"Puntodincontro","article_publisher":"https:\/\/www.facebook.com\/puntodincontro.mx","article_published_time":"2023-08-21T22:38:42+00:00","article_modified_time":"2023-08-21T22:39:26+00:00","og_image":[{"width":932,"height":488,"url":"https:\/\/puntodincontro.mx\/wp-content\/uploads\/2023\/08\/vinocomp.jpg","type":"image\/jpeg"}],"author":"Puntodincontro","twitter_card":"summary_large_image","twitter_creator":"@puntodincontro","twitter_site":"@puntodincontro","twitter_misc":{"Escrito por":"Puntodincontro","Tiempo de lectura":"2 minutos"},"schema":{"@context":"https:\/\/schema.org","@graph":[{"@type":"NewsArticle","@id":"https:\/\/puntodincontro.mx\/2023\/08\/21\/vino-litalia-secondo-produttore-mondiale-e-leader-nei-vitigni\/#article","isPartOf":{"@id":"https:\/\/puntodincontro.mx\/2023\/08\/21\/vino-litalia-secondo-produttore-mondiale-e-leader-nei-vitigni\/"},"author":{"name":"Puntodincontro","@id":"https:\/\/puntodincontro.mx\/#\/schema\/person\/d3066d18a16259cbb0c29b0d0e93b556"},"headline":"Vino: l&#8217;Italia \u2014secondo produttore mondiale\u2014 \u00e8 leader nei vitigni","datePublished":"2023-08-21T22:38:42+00:00","dateModified":"2023-08-21T22:39:26+00:00","mainEntityOfPage":{"@id":"https:\/\/puntodincontro.mx\/2023\/08\/21\/vino-litalia-secondo-produttore-mondiale-e-leader-nei-vitigni\/"},"wordCount":346,"commentCount":0,"publisher":{"@id":"https:\/\/puntodincontro.mx\/#organization"},"image":{"@id":"https:\/\/puntodincontro.mx\/2023\/08\/21\/vino-litalia-secondo-produttore-mondiale-e-leader-nei-vitigni\/#primaryimage"},"thumbnailUrl":"https:\/\/puntodincontro.mx\/wp-content\/uploads\/2023\/08\/vinovert.webp","articleSection":["Cronaca"],"inLanguage":"es","potentialAction":[{"@type":"CommentAction","name":"Comment","target":["https:\/\/puntodincontro.mx\/2023\/08\/21\/vino-litalia-secondo-produttore-mondiale-e-leader-nei-vitigni\/#respond"]}]},{"@type":"WebPage","@id":"https:\/\/puntodincontro.mx\/2023\/08\/21\/vino-litalia-secondo-produttore-mondiale-e-leader-nei-vitigni\/","url":"https:\/\/puntodincontro.mx\/2023\/08\/21\/vino-litalia-secondo-produttore-mondiale-e-leader-nei-vitigni\/","name":"Vino: l'Italia \u2014secondo produttore mondiale\u2014 \u00e8 leader nei vitigni","isPartOf":{"@id":"https:\/\/puntodincontro.mx\/#website"},"primaryImageOfPage":{"@id":"https:\/\/puntodincontro.mx\/2023\/08\/21\/vino-litalia-secondo-produttore-mondiale-e-leader-nei-vitigni\/#primaryimage"},"image":{"@id":"https:\/\/puntodincontro.mx\/2023\/08\/21\/vino-litalia-secondo-produttore-mondiale-e-leader-nei-vitigni\/#primaryimage"},"thumbnailUrl":"https:\/\/puntodincontro.mx\/wp-content\/uploads\/2023\/08\/vinovert.webp","datePublished":"2023-08-21T22:38:42+00:00","dateModified":"2023-08-21T22:39:26+00:00","description":"Secondo l'analisi della vendemmia in corso svolta dalla Coldiretti \u00e8 probabile che l'Italia non sia pi\u00f9 il primo produttore mondiale di vino.","breadcrumb":{"@id":"https:\/\/puntodincontro.mx\/2023\/08\/21\/vino-litalia-secondo-produttore-mondiale-e-leader-nei-vitigni\/#breadcrumb"},"inLanguage":"es","potentialAction":[{"@type":"ReadAction","target":["https:\/\/puntodincontro.mx\/2023\/08\/21\/vino-litalia-secondo-produttore-mondiale-e-leader-nei-vitigni\/"]}]},{"@type":"ImageObject","inLanguage":"es","@id":"https:\/\/puntodincontro.mx\/2023\/08\/21\/vino-litalia-secondo-produttore-mondiale-e-leader-nei-vitigni\/#primaryimage","url":"https:\/\/puntodincontro.mx\/wp-content\/uploads\/2023\/08\/vinovert.webp","contentUrl":"https:\/\/puntodincontro.mx\/wp-content\/uploads\/2023\/08\/vinovert.webp","width":423,"height":488,"caption":"Vino: l'Italia \u2014secondo produttore mondiale\u2014 \u00e8 leader nei vitigni \/ Foto: @andranik2018\/123rf"},{"@type":"BreadcrumbList","@id":"https:\/\/puntodincontro.mx\/2023\/08\/21\/vino-litalia-secondo-produttore-mondiale-e-leader-nei-vitigni\/#breadcrumb","itemListElement":[{"@type":"ListItem","position":1,"name":"Home","item":"https:\/\/puntodincontro.mx\/"},{"@type":"ListItem","position":2,"name":"Vino: l&#8217;Italia \u2014secondo produttore mondiale\u2014 \u00e8 leader nei vitigni"}]},{"@type":"WebSite","@id":"https:\/\/puntodincontro.mx\/#website","url":"https:\/\/puntodincontro.mx\/","name":"Puntodincontro","description":"Desde el 2006 noticias sobre las relaciones entre Italia y M\u00e9xico \/ Dal 2006 notizie sui rapporti Italia-Messico","publisher":{"@id":"https:\/\/puntodincontro.mx\/#organization"},"potentialAction":[{"@type":"SearchAction","target":{"@type":"EntryPoint","urlTemplate":"https:\/\/puntodincontro.mx\/?s={search_term_string}"},"query-input":{"@type":"PropertyValueSpecification","valueRequired":true,"valueName":"search_term_string"}}],"inLanguage":"es"},{"@type":"Organization","@id":"https:\/\/puntodincontro.mx\/#organization","name":"Puntodincontro","url":"https:\/\/puntodincontro.mx\/","logo":{"@type":"ImageObject","inLanguage":"es","@id":"https:\/\/puntodincontro.mx\/#\/schema\/logo\/image\/","url":"https:\/\/puntodincontro.mx\/wp-content\/uploads\/2021\/08\/Default-image-for-open-graph-settings.jpg","contentUrl":"https:\/\/puntodincontro.mx\/wp-content\/uploads\/2021\/08\/Default-image-for-open-graph-settings.jpg","width":1200,"height":630,"caption":"Puntodincontro"},"image":{"@id":"https:\/\/puntodincontro.mx\/#\/schema\/logo\/image\/"},"sameAs":["https:\/\/www.facebook.com\/puntodincontro.mx","https:\/\/x.com\/puntodincontro","https:\/\/www.instagram.com\/puntodincontro.mx\/","https:\/\/www.linkedin.com\/company\/puntodincontro\/","https:\/\/www.youtube.com\/c\/puntodincontromessico","https:\/\/www.patreon.com\/puntodincontro","https:\/\/www.threads.net\/@puntodincontro.mx"]},{"@type":"Person","@id":"https:\/\/puntodincontro.mx\/#\/schema\/person\/d3066d18a16259cbb0c29b0d0e93b556","name":"Puntodincontro","image":{"@type":"ImageObject","inLanguage":"es","@id":"https:\/\/puntodincontro.mx\/#\/schema\/person\/image\/","url":"https:\/\/secure.gravatar.com\/avatar\/0e85b4b3b5e9d6bfcec6a4956d8cc63a?s=96&d=mm&r=g","contentUrl":"https:\/\/secure.gravatar.com\/avatar\/0e85b4b3b5e9d6bfcec6a4956d8cc63a?s=96&d=mm&r=g","caption":"Puntodincontro"},"url":"https:\/\/puntodincontro.mx\/es\/author\/puntodincontro\/"}]}},"_links":{"self":[{"href":"https:\/\/puntodincontro.mx\/es\/wp-json\/wp\/v2\/posts\/14939"}],"collection":[{"href":"https:\/\/puntodincontro.mx\/es\/wp-json\/wp\/v2\/posts"}],"about":[{"href":"https:\/\/puntodincontro.mx\/es\/wp-json\/wp\/v2\/types\/post"}],"author":[{"embeddable":true,"href":"https:\/\/puntodincontro.mx\/es\/wp-json\/wp\/v2\/users\/2"}],"replies":[{"embeddable":true,"href":"https:\/\/puntodincontro.mx\/es\/wp-json\/wp\/v2\/comments?post=14939"}],"version-history":[{"count":6,"href":"https:\/\/puntodincontro.mx\/es\/wp-json\/wp\/v2\/posts\/14939\/revisions"}],"predecessor-version":[{"id":14948,"href":"https:\/\/puntodincontro.mx\/es\/wp-json\/wp\/v2\/posts\/14939\/revisions\/14948"}],"wp:featuredmedia":[{"embeddable":true,"href":"https:\/\/puntodincontro.mx\/es\/wp-json\/wp\/v2\/media\/14944"}],"wp:attachment":[{"href":"https:\/\/puntodincontro.mx\/es\/wp-json\/wp\/v2\/media?parent=14939"}],"wp:term":[{"taxonomy":"category","embeddable":true,"href":"https:\/\/puntodincontro.mx\/es\/wp-json\/wp\/v2\/categories?post=14939"},{"taxonomy":"post_tag","embeddable":true,"href":"https:\/\/puntodincontro.mx\/es\/wp-json\/wp\/v2\/tags?post=14939"}],"curies":[{"name":"wp","href":"https:\/\/api.w.org\/{rel}","templated":true}]}}