{"id":15058,"date":"2023-08-25T12:14:30","date_gmt":"2023-08-25T17:14:30","guid":{"rendered":"https:\/\/puntodincontro.mx\/?p=15058"},"modified":"2023-08-25T12:25:47","modified_gmt":"2023-08-25T17:25:47","slug":"la-dieta-mediterranea-y-la-gastronomia-mexicana-se-dan-cita-en-pollica2","status":"publish","type":"post","link":"https:\/\/puntodincontro.mx\/es\/2023\/08\/25\/la-dieta-mediterranea-e-la-gastronomia-messicana-si-incontrano-a-pollica2\/","title":{"rendered":"La dieta mediterr\u00e1nea y la gastronom\u00eda mexicana se dan cita en Pollica"},"content":{"rendered":"\n<p><strong>Ore 11.13<\/strong> &#8211; Il 31 agosto si svolger\u00e0 un importante evento di celebrazione dei legami tra la dieta mediterranea e la gastronomia messicana, entrambe dichiarate Patrimonio Immateriale dell\u2019Umanit\u00e0 dall\u2019UNESCO nel 2010. L&#8217;appuntamento \u00e8 in programma nel comune italiano di Pollica.<\/p>\n\n\n\n<p>In questo borgo della provincia di Salerno, sorto nell&#8217;VIII secolo d.C., soggiorn\u00f2 e studi\u00f2 il biologo, fisiologo ed epidemiologo statunitense Ancel Keys, noto per i suoi studi sull&#8217;epidemiologia delle malattie cardiovascolari, che lo condussero a formulare le ipotesi relative all&#8217;influenza dell&#8217;alimentazione su tali patologie e sui benefici apportati dall&#8217;adozione della cosiddetta <em>dieta mediterranea<\/em>, polirematica da lui coniata.<\/p>\n\n\n\n<p>L\u2019evento si svolger\u00e0 presso il Centro studi internazionale sulla dieta mediterranea \u201cAngelo Vassallo\u201d, al Castello dei Principi Capano (nella foto), ed \u00e8 organizzato dalla Camera di commercio e dall\u2019ambasciata del Messico in Italia.<\/p>\n\n\n\n<p>Alle ore 19,00 la conferenza si concentrer\u00e0 sulle radici millenarie, la cultura, la scienza e la creativit\u00e0 che uniscono queste due importanti tradizioni gastronomiche. Interverranno il senatore Francesco Verducci, presidente della sezione di amicizia Italia-Messico del Parlamento italiano, Letizia Magaldi, presidente della Camera di commercio del Messico in Italia, Carlos Garc\u00eda de Alba, ambasciatore del Messico in Italia, Stefano Pisani, sindaco del Comune di Pollica, Sara Roversi, presidente del <em>Future Food Institute<\/em>, e Giuseppe Biagini, fondatore della <em>Creative Knowledge Foundation<\/em>.<\/p>\n\n\n\n<p>Esperti, chef e rappresentanti di entrambe le culture condivideranno le loro visioni e discuteranno delle potenziali sinergie, valorizzando questi patrimoni immateriali come pilastri della sostenibilit\u00e0, dell\u2019innovazione e dell\u2019integrazione culturale.<\/p>\n\n\n\n<p>La conferenza sar\u00e0 seguita da un convivio all\u2019insegna della gastro-diplomazia a cura di Rodrigo Zepeda, chef dell\u2019Ambasciata del Messico in Italia, e due ambasciatori della dieta mediterranea: Giovanna Voria e Cristian Santomauro, con la sua pizza ammaccata cilentana.<\/p>\n\n\n\n<p>L&#8217;incontro promette di essere un viaggio alla scoperta dei sapori, gli aromi e le tecniche che definiscono queste due straordinarie cucine. Il convivio servir\u00e0, inoltre, come piattaforma per ulteriori scambi culturali e dialogo, unendo le persone attraverso l\u2019amore condiviso per il cibo di qualit\u00e0.<\/p>\n\n\n\n<p>La cucina tradizionale messicana, con particolare riferimento a quella dello Stato di Michoac\u00e1n, \u00e8 stata iscritta nell&#8217;elenco del Patrimonio Immateriale dell\u2019Umanit\u00e0 nel 2010, in quanto rappresenta \u00abun modello culturale completo che comprende attivit\u00e0 agricole, pratiche rituali, antichi saperi, tecniche culinarie, usi e comportamenti ancestrali delle comunit\u00e0\u00bb.<\/p>\n\n\n\n<p>Nel 2010 \u00e8 stata inclusa dall\u2019Unesco nel Patrimonio Immateriale dell\u2019Umanit\u00e0 anche la dieta mediterranea, definita un \u00abinsieme di abilit\u00e0, conoscenze, pratiche e tradizioni che spaziano dal paesaggio alla tavola, [\u2026], in grado di promuovere l\u2019interazione sociale, dal momento che i pasti comuni rappresentano la pietra angolare delle usanze sociali e degli eventi festivi\u00bb.<\/p>\n\n\n\n<p class=\"has-small-font-size\">Foto: castellocapano.org<\/p>\n\n\n\n<div style=\"height:12px\" aria-hidden=\"true\" class=\"wp-block-spacer\"><\/div>\n\n\n<!-- Ad space powered by WP AdCenter v2.5.7 - https:\/\/wpadcenter.com\/ --><div class=\"wpadcenter-adgroup\" ><div class=\"wpadcenter-adgroup__row wpadcenter-aligncenter\"><div class=\"wpadcenter-ad-container\" ><div id=\"wpadcenter-ad-18464\" class=\" ad-placement \"><div class=\"wpadcenter-ad-inner\" ><a id=\"wpadcenter_ad\" data-value=18464 data-placement=\"\" href=\"https:\/\/www.productosremo.com\/\" target=\"_blank\" class=\"wpadcenter-ad-inner__item\" ><img decoding=\"async\"   src=\"https:\/\/puntodincontro.mx\/wp-content\/uploads\/2021\/08\/remobanner.jpg\" class=\"attachment-post-thumbnail size-post-thumbnail wp-post-image\" alt=\"\" srcset=\"https:\/\/puntodincontro.mx\/wp-content\/uploads\/2021\/08\/remobanner.jpg 200w, https:\/\/puntodincontro.mx\/wp-content\/uploads\/2021\/08\/remobanner-16x5.jpg 16w\" sizes=\"(max-width: 200px) 100vw, 200px\" \/><\/a><\/div><\/div><\/div><div class=\"wpadcenter-ad-container\" ><div id=\"wpadcenter-ad-5305\" class=\" ad-placement \"><div class=\"wpadcenter-ad-inner\" ><a id=\"wpadcenter_ad\" data-value=5305 data-placement=\"\" href=\"https:\/\/ambcittadelmessico.esteri.it\/ambasciata_cittadelmessico\/it\/\" target=\"_blank\" class=\"wpadcenter-ad-inner__item\" ><img decoding=\"async\"   src=\"https:\/\/puntodincontro.mx\/wp-content\/uploads\/2022\/05\/Ambasciata.jpg\" class=\"attachment-post-thumbnail size-post-thumbnail wp-post-image\" alt=\"\" srcset=\"https:\/\/puntodincontro.mx\/wp-content\/uploads\/2022\/05\/Ambasciata.jpg 200w, https:\/\/puntodincontro.mx\/wp-content\/uploads\/2022\/05\/Ambasciata-18x5.jpg 18w\" sizes=\"(max-width: 200px) 100vw, 200px\" \/><\/a><\/div><\/div><\/div><div class=\"wpadcenter-ad-container\" ><div id=\"wpadcenter-ad-3781\" class=\" ad-placement \"><div class=\"wpadcenter-ad-inner\" ><a id=\"wpadcenter_ad\" data-value=3781 data-placement=\"\" href=\"https:\/\/cannizzo.com.mx\/\" target=\"_blank\" class=\"wpadcenter-ad-inner__item\" ><img decoding=\"async\"   src=\"https:\/\/puntodincontro.mx\/wp-content\/uploads\/2022\/03\/cannizzo2.jpg\" class=\"attachment-post-thumbnail size-post-thumbnail wp-post-image\" alt=\"\" srcset=\"https:\/\/puntodincontro.mx\/wp-content\/uploads\/2022\/03\/cannizzo2.jpg 200w, https:\/\/puntodincontro.mx\/wp-content\/uploads\/2022\/03\/cannizzo2-18x5.jpg 18w\" sizes=\"(max-width: 200px) 100vw, 200px\" \/><\/a><\/div><\/div><\/div><\/div><div class=\"wpadcenter-adgroup__row wpadcenter-aligncenter\"><div class=\"wpadcenter-ad-container\" ><div id=\"wpadcenter-ad-1704\" class=\" ad-placement \"><div class=\"wpadcenter-ad-inner\" ><a id=\"wpadcenter_ad\" data-value=1704 data-placement=\"\" href=\"https:\/\/puntodincontro.mx\/2021\/12\/24\/inps-accertamento-esistenza-in-vita-dei-pensionati-allestero\/\" target=\"_blank\" class=\"wpadcenter-ad-inner__item\" ><img decoding=\"async\"   src=\"https:\/\/puntodincontro.mx\/wp-content\/uploads\/2021\/11\/logo-ital.jpg\" class=\"attachment-post-thumbnail size-post-thumbnail wp-post-image\" alt=\"Patronato ITAL Messico\" srcset=\"https:\/\/puntodincontro.mx\/wp-content\/uploads\/2021\/11\/logo-ital.jpg 200w, https:\/\/puntodincontro.mx\/wp-content\/uploads\/2021\/11\/logo-ital-16x5.jpg 16w\" sizes=\"(max-width: 200px) 100vw, 200px\" \/><\/a><\/div><\/div><\/div><div class=\"wpadcenter-ad-container\" ><div id=\"wpadcenter-ad-1538\" class=\" ad-placement \"><div class=\"wpadcenter-ad-inner\" ><a id=\"wpadcenter_ad\" data-value=1538 data-placement=\"\" href=\"https:\/\/asociacionitaliana.org\/\" target=\"_blank\" class=\"wpadcenter-ad-inner__item\" ><img decoding=\"async\"   src=\"https:\/\/puntodincontro.mx\/wp-content\/uploads\/2021\/11\/aialogo.jpg\" class=\"attachment-post-thumbnail size-post-thumbnail wp-post-image\" alt=\"Associazione Italiana di Assistenza IAP\" srcset=\"https:\/\/puntodincontro.mx\/wp-content\/uploads\/2021\/11\/aialogo.jpg 200w, https:\/\/puntodincontro.mx\/wp-content\/uploads\/2021\/11\/aialogo-18x5.jpg 18w\" sizes=\"(max-width: 200px) 100vw, 200px\" \/><\/a><\/div><\/div><\/div><div class=\"wpadcenter-ad-container\" ><div id=\"wpadcenter-ad-1513\" class=\" ad-placement \"><div class=\"wpadcenter-ad-inner\" ><a id=\"wpadcenter_ad\" data-value=1513 data-placement=\"\" href=\"https:\/\/gcinmuebles.mx\" target=\"_blank\" class=\"wpadcenter-ad-inner__item\" ><img decoding=\"async\"   src=\"https:\/\/puntodincontro.mx\/wp-content\/uploads\/2021\/10\/gcinmuebleslogopunto-1.jpg\" class=\"attachment-post-thumbnail size-post-thumbnail wp-post-image\" alt=\"\" srcset=\"https:\/\/puntodincontro.mx\/wp-content\/uploads\/2021\/10\/gcinmuebleslogopunto-1.jpg 200w, https:\/\/puntodincontro.mx\/wp-content\/uploads\/2021\/10\/gcinmuebleslogopunto-1-18x5.jpg 18w\" sizes=\"(max-width: 200px) 100vw, 200px\" \/><\/a><\/div><\/div><\/div><\/div><div class=\"wpadcenter-adgroup__row wpadcenter-aligncenter\"><div class=\"wpadcenter-ad-container\" ><div id=\"wpadcenter-ad-1374\" class=\" ad-placement \"><div class=\"wpadcenter-ad-inner\" ><a id=\"wpadcenter_ad\" data-value=1374 data-placement=\"\" href=\"https:\/\/www.9colonne.it\/\" target=\"_blank\" class=\"wpadcenter-ad-inner__item\" ><img decoding=\"async\"   src=\"https:\/\/puntodincontro.mx\/wp-content\/uploads\/2021\/10\/Banner9colonne.gif\" class=\"attachment-post-thumbnail size-post-thumbnail wp-post-image\" alt=\"\" \/><\/a><\/div><\/div><\/div><div class=\"wpadcenter-ad-container\" ><div id=\"wpadcenter-ad-276\" class=\" ad-placement \"><div class=\"wpadcenter-ad-inner\" ><a id=\"wpadcenter_ad\" data-value=276 data-placement=\"\" href=\"http:\/\/www.camaraitaliana.mx\/\" target=\"_blank\" class=\"wpadcenter-ad-inner__item\" ><img decoding=\"async\"   src=\"https:\/\/puntodincontro.mx\/wp-content\/uploads\/2021\/08\/ccimnuovo.jpg\" class=\"attachment-post-thumbnail size-post-thumbnail wp-post-image\" alt=\"\" srcset=\"https:\/\/puntodincontro.mx\/wp-content\/uploads\/2021\/08\/ccimnuovo.jpg 200w, https:\/\/puntodincontro.mx\/wp-content\/uploads\/2021\/08\/ccimnuovo-18x5.jpg 18w\" sizes=\"(max-width: 200px) 100vw, 200px\" \/><\/a><\/div><\/div><\/div><div class=\"wpadcenter-ad-container\" ><div id=\"wpadcenter-ad-272\" class=\" ad-placement \"><div class=\"wpadcenter-ad-inner\" ><a id=\"wpadcenter_ad\" data-value=272 data-placement=\"\" href=\"http:\/\/corix.us\/\" target=\"_blank\" class=\"wpadcenter-ad-inner__item\" ><img decoding=\"async\"   src=\"https:\/\/puntodincontro.mx\/wp-content\/uploads\/2021\/08\/corixbanner-1.jpg\" class=\"attachment-post-thumbnail size-post-thumbnail wp-post-image\" alt=\"\" srcset=\"https:\/\/puntodincontro.mx\/wp-content\/uploads\/2021\/08\/corixbanner-1.jpg 200w, https:\/\/puntodincontro.mx\/wp-content\/uploads\/2021\/08\/corixbanner-1-16x5.jpg 16w\" sizes=\"(max-width: 200px) 100vw, 200px\" \/><\/a><\/div><\/div><\/div><\/div><div class=\"wpadcenter-adgroup__row wpadcenter-aligncenter\"><div class=\"wpadcenter-ad-container\" ><div id=\"wpadcenter-ad-266\" class=\" ad-placement \"><div class=\"wpadcenter-ad-inner\" ><a id=\"wpadcenter_ad\" data-value=266 data-placement=\"\" href=\"https:\/\/www.prinsel.com.mx\/\" target=\"_blank\" class=\"wpadcenter-ad-inner__item\" ><img decoding=\"async\"   src=\"https:\/\/puntodincontro.mx\/wp-content\/uploads\/2021\/08\/prinselbanner-1.jpg\" class=\"attachment-post-thumbnail size-post-thumbnail wp-post-image\" alt=\"\" srcset=\"https:\/\/puntodincontro.mx\/wp-content\/uploads\/2021\/08\/prinselbanner-1.jpg 200w, https:\/\/puntodincontro.mx\/wp-content\/uploads\/2021\/08\/prinselbanner-1-16x5.jpg 16w\" sizes=\"(max-width: 200px) 100vw, 200px\" \/><\/a><\/div><\/div><\/div><div class=\"wpadcenter-ad-container\" ><div id=\"wpadcenter-ad-261\" class=\" ad-placement \"><div class=\"wpadcenter-ad-inner\" ><a id=\"wpadcenter_ad\" data-value=261 data-placement=\"\" href=\"https:\/\/faitalia.com.mx\/\" target=\"_blank\" class=\"wpadcenter-ad-inner__item\" ><img decoding=\"async\"   src=\"https:\/\/puntodincontro.mx\/wp-content\/uploads\/2021\/08\/gruppodino.jpg\" class=\"attachment-post-thumbnail size-post-thumbnail wp-post-image\" alt=\"\" srcset=\"https:\/\/puntodincontro.mx\/wp-content\/uploads\/2021\/08\/gruppodino.jpg 200w, https:\/\/puntodincontro.mx\/wp-content\/uploads\/2021\/08\/gruppodino-18x5.jpg 18w\" sizes=\"(max-width: 200px) 100vw, 200px\" \/><\/a><\/div><\/div><\/div><\/div><\/div>\n\n\n<div style=\"height:12px\" aria-hidden=\"true\" class=\"wp-block-spacer\"><\/div>\n","protected":false},"excerpt":{"rendered":"<p>Ore 11.13 &#8211; Il 31 agosto si svolger\u00e0 un importante evento di celebrazione dei legami tra la dieta mediterranea e la gastronomia messicana, entrambe dichiarate Patrimonio Immateriale dell\u2019Umanit\u00e0 dall\u2019UNESCO nel 2010. L&#8217;appuntamento \u00e8 in programma nel comune italiano di Pollica. In questo borgo della provincia di Salerno, sorto nell&#8217;VIII secolo d.C., soggiorn\u00f2 e studi\u00f2 il biologo, fisiologo ed epidemiologo statunitense Ancel Keys, noto per i suoi studi sull&#8217;epidemiologia delle malattie cardiovascolari, che lo condussero a formulare le ipotesi relative all&#8217;influenza dell&#8217;alimentazione su tali patologie e sui benefici apportati dall&#8217;adozione della cosiddetta dieta mediterranea, polirematica da lui coniata. L\u2019evento si svolger\u00e0&#8230; <\/p>","protected":false},"author":2,"featured_media":15064,"comment_status":"open","ping_status":"open","sticky":false,"template":"","format":"standard","meta":{"_monsterinsights_skip_tracking":false,"_monsterinsights_sitenote_active":false,"_monsterinsights_sitenote_note":"","_monsterinsights_sitenote_category":0,"footnotes":""},"categories":[18],"tags":[],"class_list":["post-15058","post","type-post","status-publish","format-standard","has-post-thumbnail","hentry","category-cronaca"],"yoast_head":"<!-- This site is optimized with the Yoast SEO Premium plugin v18.4 (Yoast SEO v25.6) - https:\/\/yoast.com\/wordpress\/plugins\/seo\/ -->\n<title>Dieta mediterranea e cucina messicana si incontrano a Pollica<\/title>\n<meta name=\"description\" content=\"Il 31 agosto si svolger\u00e0 in Italia un importante evento di celebrazione dei legami tra la dieta mediterranea e la gastronomia messicana.\" \/>\n<meta name=\"robots\" content=\"index, follow, max-snippet:-1, max-image-preview:large, max-video-preview:-1\" \/>\n<link rel=\"canonical\" href=\"https:\/\/puntodincontro.mx\/es\/2023\/08\/25\/la-dieta-mediterranea-y-la-gastronomia-mexicana-se-dan-cita-en-pollica2\/\" \/>\n<meta property=\"og:locale\" content=\"es_MX\" \/>\n<meta property=\"og:type\" content=\"article\" \/>\n<meta property=\"og:title\" content=\"La dieta mediterranea e la gastronomia messicana si incontrano a Pollica\" \/>\n<meta property=\"og:description\" content=\"Il 31 agosto si svolger\u00e0 in Italia un importante evento di celebrazione dei legami tra la dieta mediterranea e la gastronomia messicana.\" \/>\n<meta property=\"og:url\" content=\"https:\/\/puntodincontro.mx\/es\/2023\/08\/25\/la-dieta-mediterranea-y-la-gastronomia-mexicana-se-dan-cita-en-pollica2\/\" \/>\n<meta property=\"og:site_name\" content=\"Puntodincontro\" \/>\n<meta property=\"article:publisher\" content=\"https:\/\/www.facebook.com\/puntodincontro.mx\" \/>\n<meta property=\"article:published_time\" content=\"2023-08-25T17:14:30+00:00\" \/>\n<meta property=\"article:modified_time\" content=\"2023-08-25T17:25:47+00:00\" \/>\n<meta property=\"og:image\" content=\"https:\/\/puntodincontro.mx\/wp-content\/uploads\/2023\/08\/castellocomp.jpg\" \/>\n\t<meta property=\"og:image:width\" content=\"932\" \/>\n\t<meta property=\"og:image:height\" content=\"488\" \/>\n\t<meta property=\"og:image:type\" content=\"image\/jpeg\" \/>\n<meta name=\"author\" content=\"Puntodincontro\" \/>\n<meta name=\"twitter:card\" content=\"summary_large_image\" \/>\n<meta name=\"twitter:creator\" content=\"@puntodincontro\" \/>\n<meta name=\"twitter:site\" content=\"@puntodincontro\" \/>\n<meta name=\"twitter:label1\" content=\"Escrito por\" \/>\n\t<meta name=\"twitter:data1\" content=\"Puntodincontro\" \/>\n\t<meta name=\"twitter:label2\" content=\"Tiempo de lectura\" \/>\n\t<meta name=\"twitter:data2\" content=\"2 minutos\" \/>\n<script type=\"application\/ld+json\" class=\"yoast-schema-graph\">{\"@context\":\"https:\/\/schema.org\",\"@graph\":[{\"@type\":\"NewsArticle\",\"@id\":\"https:\/\/puntodincontro.mx\/2023\/08\/25\/la-dieta-mediterranea-e-la-gastronomia-messicana-si-incontrano-a-pollica2\/#article\",\"isPartOf\":{\"@id\":\"https:\/\/puntodincontro.mx\/2023\/08\/25\/la-dieta-mediterranea-e-la-gastronomia-messicana-si-incontrano-a-pollica2\/\"},\"author\":{\"name\":\"Puntodincontro\",\"@id\":\"https:\/\/puntodincontro.mx\/#\/schema\/person\/d3066d18a16259cbb0c29b0d0e93b556\"},\"headline\":\"La dieta mediterranea e la gastronomia messicana si incontrano a Pollica\",\"datePublished\":\"2023-08-25T17:14:30+00:00\",\"dateModified\":\"2023-08-25T17:25:47+00:00\",\"mainEntityOfPage\":{\"@id\":\"https:\/\/puntodincontro.mx\/2023\/08\/25\/la-dieta-mediterranea-e-la-gastronomia-messicana-si-incontrano-a-pollica2\/\"},\"wordCount\":447,\"commentCount\":0,\"publisher\":{\"@id\":\"https:\/\/puntodincontro.mx\/#organization\"},\"image\":{\"@id\":\"https:\/\/puntodincontro.mx\/2023\/08\/25\/la-dieta-mediterranea-e-la-gastronomia-messicana-si-incontrano-a-pollica2\/#primaryimage\"},\"thumbnailUrl\":\"https:\/\/puntodincontro.mx\/wp-content\/uploads\/2023\/08\/castellovert.webp\",\"articleSection\":[\"Cronaca\"],\"inLanguage\":\"es\",\"potentialAction\":[{\"@type\":\"CommentAction\",\"name\":\"Comment\",\"target\":[\"https:\/\/puntodincontro.mx\/2023\/08\/25\/la-dieta-mediterranea-e-la-gastronomia-messicana-si-incontrano-a-pollica2\/#respond\"]}]},{\"@type\":\"WebPage\",\"@id\":\"https:\/\/puntodincontro.mx\/2023\/08\/25\/la-dieta-mediterranea-e-la-gastronomia-messicana-si-incontrano-a-pollica2\/\",\"url\":\"https:\/\/puntodincontro.mx\/2023\/08\/25\/la-dieta-mediterranea-e-la-gastronomia-messicana-si-incontrano-a-pollica2\/\",\"name\":\"Dieta mediterranea e cucina messicana si incontrano a Pollica\",\"isPartOf\":{\"@id\":\"https:\/\/puntodincontro.mx\/#website\"},\"primaryImageOfPage\":{\"@id\":\"https:\/\/puntodincontro.mx\/2023\/08\/25\/la-dieta-mediterranea-e-la-gastronomia-messicana-si-incontrano-a-pollica2\/#primaryimage\"},\"image\":{\"@id\":\"https:\/\/puntodincontro.mx\/2023\/08\/25\/la-dieta-mediterranea-e-la-gastronomia-messicana-si-incontrano-a-pollica2\/#primaryimage\"},\"thumbnailUrl\":\"https:\/\/puntodincontro.mx\/wp-content\/uploads\/2023\/08\/castellovert.webp\",\"datePublished\":\"2023-08-25T17:14:30+00:00\",\"dateModified\":\"2023-08-25T17:25:47+00:00\",\"description\":\"Il 31 agosto si svolger\u00e0 in Italia un importante evento di celebrazione dei legami tra la dieta mediterranea e la gastronomia messicana.\",\"breadcrumb\":{\"@id\":\"https:\/\/puntodincontro.mx\/2023\/08\/25\/la-dieta-mediterranea-e-la-gastronomia-messicana-si-incontrano-a-pollica2\/#breadcrumb\"},\"inLanguage\":\"es\",\"potentialAction\":[{\"@type\":\"ReadAction\",\"target\":[\"https:\/\/puntodincontro.mx\/2023\/08\/25\/la-dieta-mediterranea-e-la-gastronomia-messicana-si-incontrano-a-pollica2\/\"]}]},{\"@type\":\"ImageObject\",\"inLanguage\":\"es\",\"@id\":\"https:\/\/puntodincontro.mx\/2023\/08\/25\/la-dieta-mediterranea-e-la-gastronomia-messicana-si-incontrano-a-pollica2\/#primaryimage\",\"url\":\"https:\/\/puntodincontro.mx\/wp-content\/uploads\/2023\/08\/castellovert.webp\",\"contentUrl\":\"https:\/\/puntodincontro.mx\/wp-content\/uploads\/2023\/08\/castellovert.webp\",\"width\":423,\"height\":488,\"caption\":\"La dieta mediterranea e la gastronomia messicana si incontrano a Pollica \/ Foto: castellocapano.org\"},{\"@type\":\"BreadcrumbList\",\"@id\":\"https:\/\/puntodincontro.mx\/2023\/08\/25\/la-dieta-mediterranea-e-la-gastronomia-messicana-si-incontrano-a-pollica2\/#breadcrumb\",\"itemListElement\":[{\"@type\":\"ListItem\",\"position\":1,\"name\":\"Home\",\"item\":\"https:\/\/puntodincontro.mx\/\"},{\"@type\":\"ListItem\",\"position\":2,\"name\":\"La dieta mediterranea e la gastronomia messicana si incontrano a Pollica\"}]},{\"@type\":\"WebSite\",\"@id\":\"https:\/\/puntodincontro.mx\/#website\",\"url\":\"https:\/\/puntodincontro.mx\/\",\"name\":\"Puntodincontro\",\"description\":\"Dal 2006 notizie sui rapporti Italia-Messico \/ Desde 2006 noticias sobre las relaciones entre Italia y M\u00e9xico\",\"publisher\":{\"@id\":\"https:\/\/puntodincontro.mx\/#organization\"},\"potentialAction\":[{\"@type\":\"SearchAction\",\"target\":{\"@type\":\"EntryPoint\",\"urlTemplate\":\"https:\/\/puntodincontro.mx\/?s={search_term_string}\"},\"query-input\":{\"@type\":\"PropertyValueSpecification\",\"valueRequired\":true,\"valueName\":\"search_term_string\"}}],\"inLanguage\":\"es\"},{\"@type\":\"Organization\",\"@id\":\"https:\/\/puntodincontro.mx\/#organization\",\"name\":\"Puntodincontro\",\"url\":\"https:\/\/puntodincontro.mx\/\",\"logo\":{\"@type\":\"ImageObject\",\"inLanguage\":\"es\",\"@id\":\"https:\/\/puntodincontro.mx\/#\/schema\/logo\/image\/\",\"url\":\"https:\/\/puntodincontro.mx\/wp-content\/uploads\/2021\/08\/Default-image-for-open-graph-settings.jpg\",\"contentUrl\":\"https:\/\/puntodincontro.mx\/wp-content\/uploads\/2021\/08\/Default-image-for-open-graph-settings.jpg\",\"width\":1200,\"height\":630,\"caption\":\"Puntodincontro\"},\"image\":{\"@id\":\"https:\/\/puntodincontro.mx\/#\/schema\/logo\/image\/\"},\"sameAs\":[\"https:\/\/www.facebook.com\/puntodincontro.mx\",\"https:\/\/x.com\/puntodincontro\",\"https:\/\/www.instagram.com\/puntodincontro.mx\/\",\"https:\/\/www.linkedin.com\/company\/puntodincontro\/\",\"https:\/\/www.youtube.com\/c\/puntodincontromessico\",\"https:\/\/www.patreon.com\/puntodincontro\",\"https:\/\/www.threads.net\/@puntodincontro.mx\"]},{\"@type\":\"Person\",\"@id\":\"https:\/\/puntodincontro.mx\/#\/schema\/person\/d3066d18a16259cbb0c29b0d0e93b556\",\"name\":\"Puntodincontro\",\"image\":{\"@type\":\"ImageObject\",\"inLanguage\":\"es\",\"@id\":\"https:\/\/puntodincontro.mx\/#\/schema\/person\/image\/\",\"url\":\"https:\/\/secure.gravatar.com\/avatar\/0e85b4b3b5e9d6bfcec6a4956d8cc63a?s=96&d=mm&r=g\",\"contentUrl\":\"https:\/\/secure.gravatar.com\/avatar\/0e85b4b3b5e9d6bfcec6a4956d8cc63a?s=96&d=mm&r=g\",\"caption\":\"Puntodincontro\"},\"url\":\"https:\/\/puntodincontro.mx\/es\/author\/puntodincontro\/\"}]}<\/script>\n<!-- \/ Yoast SEO Premium plugin. -->","yoast_head_json":{"title":"Dieta mediterr\u00e1nea y cocina mexicana se dan cita en Pollica","description":"El 31 de agosto tendr\u00e1 lugar en Italia un importante evento para celebrar los v\u00ednculos entre la dieta mediterr\u00e1nea y la gastronom\u00eda mexicana.","robots":{"index":"index","follow":"follow","max-snippet":"max-snippet:-1","max-image-preview":"max-image-preview:large","max-video-preview":"max-video-preview:-1"},"canonical":"https:\/\/puntodincontro.mx\/es\/2023\/08\/25\/la-dieta-mediterranea-y-la-gastronomia-mexicana-se-dan-cita-en-pollica2\/","og_locale":"es_MX","og_type":"article","og_title":"La dieta mediterranea e la gastronomia messicana si incontrano a Pollica","og_description":"Il 31 agosto si svolger\u00e0 in Italia un importante evento di celebrazione dei legami tra la dieta mediterranea e la gastronomia messicana.","og_url":"https:\/\/puntodincontro.mx\/es\/2023\/08\/25\/la-dieta-mediterranea-y-la-gastronomia-mexicana-se-dan-cita-en-pollica2\/","og_site_name":"Puntodincontro","article_publisher":"https:\/\/www.facebook.com\/puntodincontro.mx","article_published_time":"2023-08-25T17:14:30+00:00","article_modified_time":"2023-08-25T17:25:47+00:00","og_image":[{"width":932,"height":488,"url":"https:\/\/puntodincontro.mx\/wp-content\/uploads\/2023\/08\/castellocomp.jpg","type":"image\/jpeg"}],"author":"Puntodincontro","twitter_card":"summary_large_image","twitter_creator":"@puntodincontro","twitter_site":"@puntodincontro","twitter_misc":{"Escrito por":"Puntodincontro","Tiempo de lectura":"2 minutos"},"schema":{"@context":"https:\/\/schema.org","@graph":[{"@type":"NewsArticle","@id":"https:\/\/puntodincontro.mx\/2023\/08\/25\/la-dieta-mediterranea-e-la-gastronomia-messicana-si-incontrano-a-pollica2\/#article","isPartOf":{"@id":"https:\/\/puntodincontro.mx\/2023\/08\/25\/la-dieta-mediterranea-e-la-gastronomia-messicana-si-incontrano-a-pollica2\/"},"author":{"name":"Puntodincontro","@id":"https:\/\/puntodincontro.mx\/#\/schema\/person\/d3066d18a16259cbb0c29b0d0e93b556"},"headline":"La dieta mediterranea e la gastronomia messicana si incontrano a Pollica","datePublished":"2023-08-25T17:14:30+00:00","dateModified":"2023-08-25T17:25:47+00:00","mainEntityOfPage":{"@id":"https:\/\/puntodincontro.mx\/2023\/08\/25\/la-dieta-mediterranea-e-la-gastronomia-messicana-si-incontrano-a-pollica2\/"},"wordCount":447,"commentCount":0,"publisher":{"@id":"https:\/\/puntodincontro.mx\/#organization"},"image":{"@id":"https:\/\/puntodincontro.mx\/2023\/08\/25\/la-dieta-mediterranea-e-la-gastronomia-messicana-si-incontrano-a-pollica2\/#primaryimage"},"thumbnailUrl":"https:\/\/puntodincontro.mx\/wp-content\/uploads\/2023\/08\/castellovert.webp","articleSection":["Cronaca"],"inLanguage":"es","potentialAction":[{"@type":"CommentAction","name":"Comment","target":["https:\/\/puntodincontro.mx\/2023\/08\/25\/la-dieta-mediterranea-e-la-gastronomia-messicana-si-incontrano-a-pollica2\/#respond"]}]},{"@type":"WebPage","@id":"https:\/\/puntodincontro.mx\/2023\/08\/25\/la-dieta-mediterranea-e-la-gastronomia-messicana-si-incontrano-a-pollica2\/","url":"https:\/\/puntodincontro.mx\/2023\/08\/25\/la-dieta-mediterranea-e-la-gastronomia-messicana-si-incontrano-a-pollica2\/","name":"Dieta mediterr\u00e1nea y cocina mexicana se dan cita en Pollica","isPartOf":{"@id":"https:\/\/puntodincontro.mx\/#website"},"primaryImageOfPage":{"@id":"https:\/\/puntodincontro.mx\/2023\/08\/25\/la-dieta-mediterranea-e-la-gastronomia-messicana-si-incontrano-a-pollica2\/#primaryimage"},"image":{"@id":"https:\/\/puntodincontro.mx\/2023\/08\/25\/la-dieta-mediterranea-e-la-gastronomia-messicana-si-incontrano-a-pollica2\/#primaryimage"},"thumbnailUrl":"https:\/\/puntodincontro.mx\/wp-content\/uploads\/2023\/08\/castellovert.webp","datePublished":"2023-08-25T17:14:30+00:00","dateModified":"2023-08-25T17:25:47+00:00","description":"El 31 de agosto tendr\u00e1 lugar en Italia un importante evento para celebrar los v\u00ednculos entre la dieta mediterr\u00e1nea y la gastronom\u00eda mexicana.","breadcrumb":{"@id":"https:\/\/puntodincontro.mx\/2023\/08\/25\/la-dieta-mediterranea-e-la-gastronomia-messicana-si-incontrano-a-pollica2\/#breadcrumb"},"inLanguage":"es","potentialAction":[{"@type":"ReadAction","target":["https:\/\/puntodincontro.mx\/2023\/08\/25\/la-dieta-mediterranea-e-la-gastronomia-messicana-si-incontrano-a-pollica2\/"]}]},{"@type":"ImageObject","inLanguage":"es","@id":"https:\/\/puntodincontro.mx\/2023\/08\/25\/la-dieta-mediterranea-e-la-gastronomia-messicana-si-incontrano-a-pollica2\/#primaryimage","url":"https:\/\/puntodincontro.mx\/wp-content\/uploads\/2023\/08\/castellovert.webp","contentUrl":"https:\/\/puntodincontro.mx\/wp-content\/uploads\/2023\/08\/castellovert.webp","width":423,"height":488,"caption":"La dieta mediterranea e la gastronomia messicana si incontrano a Pollica \/ Foto: castellocapano.org"},{"@type":"BreadcrumbList","@id":"https:\/\/puntodincontro.mx\/2023\/08\/25\/la-dieta-mediterranea-e-la-gastronomia-messicana-si-incontrano-a-pollica2\/#breadcrumb","itemListElement":[{"@type":"ListItem","position":1,"name":"Home","item":"https:\/\/puntodincontro.mx\/"},{"@type":"ListItem","position":2,"name":"La dieta mediterranea e la gastronomia messicana si incontrano a Pollica"}]},{"@type":"WebSite","@id":"https:\/\/puntodincontro.mx\/#website","url":"https:\/\/puntodincontro.mx\/","name":"Puntodincontro","description":"Desde el 2006 noticias sobre las relaciones entre Italia y M\u00e9xico \/ Dal 2006 notizie sui rapporti Italia-Messico","publisher":{"@id":"https:\/\/puntodincontro.mx\/#organization"},"potentialAction":[{"@type":"SearchAction","target":{"@type":"EntryPoint","urlTemplate":"https:\/\/puntodincontro.mx\/?s={search_term_string}"},"query-input":{"@type":"PropertyValueSpecification","valueRequired":true,"valueName":"search_term_string"}}],"inLanguage":"es"},{"@type":"Organization","@id":"https:\/\/puntodincontro.mx\/#organization","name":"Puntodincontro","url":"https:\/\/puntodincontro.mx\/","logo":{"@type":"ImageObject","inLanguage":"es","@id":"https:\/\/puntodincontro.mx\/#\/schema\/logo\/image\/","url":"https:\/\/puntodincontro.mx\/wp-content\/uploads\/2021\/08\/Default-image-for-open-graph-settings.jpg","contentUrl":"https:\/\/puntodincontro.mx\/wp-content\/uploads\/2021\/08\/Default-image-for-open-graph-settings.jpg","width":1200,"height":630,"caption":"Puntodincontro"},"image":{"@id":"https:\/\/puntodincontro.mx\/#\/schema\/logo\/image\/"},"sameAs":["https:\/\/www.facebook.com\/puntodincontro.mx","https:\/\/x.com\/puntodincontro","https:\/\/www.instagram.com\/puntodincontro.mx\/","https:\/\/www.linkedin.com\/company\/puntodincontro\/","https:\/\/www.youtube.com\/c\/puntodincontromessico","https:\/\/www.patreon.com\/puntodincontro","https:\/\/www.threads.net\/@puntodincontro.mx"]},{"@type":"Person","@id":"https:\/\/puntodincontro.mx\/#\/schema\/person\/d3066d18a16259cbb0c29b0d0e93b556","name":"Puntodincontro","image":{"@type":"ImageObject","inLanguage":"es","@id":"https:\/\/puntodincontro.mx\/#\/schema\/person\/image\/","url":"https:\/\/secure.gravatar.com\/avatar\/0e85b4b3b5e9d6bfcec6a4956d8cc63a?s=96&d=mm&r=g","contentUrl":"https:\/\/secure.gravatar.com\/avatar\/0e85b4b3b5e9d6bfcec6a4956d8cc63a?s=96&d=mm&r=g","caption":"Puntodincontro"},"url":"https:\/\/puntodincontro.mx\/es\/author\/puntodincontro\/"}]}},"_links":{"self":[{"href":"https:\/\/puntodincontro.mx\/es\/wp-json\/wp\/v2\/posts\/15058"}],"collection":[{"href":"https:\/\/puntodincontro.mx\/es\/wp-json\/wp\/v2\/posts"}],"about":[{"href":"https:\/\/puntodincontro.mx\/es\/wp-json\/wp\/v2\/types\/post"}],"author":[{"embeddable":true,"href":"https:\/\/puntodincontro.mx\/es\/wp-json\/wp\/v2\/users\/2"}],"replies":[{"embeddable":true,"href":"https:\/\/puntodincontro.mx\/es\/wp-json\/wp\/v2\/comments?post=15058"}],"version-history":[{"count":6,"href":"https:\/\/puntodincontro.mx\/es\/wp-json\/wp\/v2\/posts\/15058\/revisions"}],"predecessor-version":[{"id":15067,"href":"https:\/\/puntodincontro.mx\/es\/wp-json\/wp\/v2\/posts\/15058\/revisions\/15067"}],"wp:featuredmedia":[{"embeddable":true,"href":"https:\/\/puntodincontro.mx\/es\/wp-json\/wp\/v2\/media\/15064"}],"wp:attachment":[{"href":"https:\/\/puntodincontro.mx\/es\/wp-json\/wp\/v2\/media?parent=15058"}],"wp:term":[{"taxonomy":"category","embeddable":true,"href":"https:\/\/puntodincontro.mx\/es\/wp-json\/wp\/v2\/categories?post=15058"},{"taxonomy":"post_tag","embeddable":true,"href":"https:\/\/puntodincontro.mx\/es\/wp-json\/wp\/v2\/tags?post=15058"}],"curies":[{"name":"wp","href":"https:\/\/api.w.org\/{rel}","templated":true}]}}