{"id":15344,"date":"2023-09-04T11:11:29","date_gmt":"2023-09-04T16:11:29","guid":{"rendered":"https:\/\/puntodincontro.mx\/?p=15344"},"modified":"2023-09-04T11:11:29","modified_gmt":"2023-09-04T16:11:29","slug":"inician-pruebas-del-tren-maya","status":"publish","type":"post","link":"https:\/\/puntodincontro.mx\/es\/2023\/09\/04\/sono-iniziati-i-collaudi-del-treno-maya\/","title":{"rendered":"Inician pruebas del Tren Maya"},"content":{"rendered":"<p class=\"translation-block\"><strong>09:21 hrs.<\/strong> - El viernes 1 de septiembre, luego de 4 a\u00f1os con nueve meses desde el anuncio del inicio de su construcci\u00f3n, el Tren Maya inici\u00f3 pruebas en el sureste de M\u00e9xico. Sus primeros recorridos fueron objeto de gran atenci\u00f3n medi\u00e1tica durante el pasado fin de semana por la presencia a bordo del presidente del pa\u00eds Andr\u00e9s Manuel L\u00f3pez Obrador, acompa\u00f1ado por los gobernadores de Jalisco y Yucat\u00e1n, Enrique Alfaro y Mauricio Vila, el empresario Carlos Slim y el vicepresidente de la cadena televisiva Televisa, Bernardo G\u00f3mez.<\/p>\n\n\n\n<p>El proyecto del Tren Maya, en la visi\u00f3n del actual gobierno, busca fortalecer el ordenamiento territorial del sureste mexicano e impulsar la industria tur\u00edstica de la regi\u00f3n. Esta infraestructura \u00abgenerar\u00e1 derrama econ\u00f3mica e incrementar\u00e1 la conectividad en la pen\u00ednsula de Yucat\u00e1n, permitiendo mover carga y pasajeros de una manera eficiente\u00bb, se lee en el sitio web del Fondo Nacional de Fomento al Turismo (Fonatur), la entidad federal responsable de la planeaci\u00f3n y el desarrollo de proyectos sustentables en este sector.<\/p>\n\n\n\n<p>El programa de la obra prev\u00e9 la puesta en marcha en diciembre de este a\u00f1o de aproximadamente 1,525 km de v\u00edas f\u00e9rreas que atraviesan los Estados de Tabasco, Chiapas, Campeche, Yucat\u00e1n y Quintana Roo. El trazado contempla 19 estaciones y 14 paraderos que se distribuyen en siete tramos. Durante la construcci\u00f3n han habido cambios debido a amparos interpuestos, ahorros econ\u00f3micos y complejidades geogr\u00e1ficas que se suscitaron en un contexto de fuerte oposici\u00f3n a la inciativa de parte de grupos ambientalistas.<\/p>\n\n\n\n<p>Las estaciones son las edificaciones en donde arribar\u00e1n la mayor\u00eda de los turistas. Cuentan con andenes, espacios comerciales y de consumo adem\u00e1s de estar conectadas a hoteles y zonas tur\u00edsticas a lo largo de la ruta.<\/p>\n\n\n\n<p>Los paraderos, en cambio, son instalaciones m\u00e1s peque\u00f1as que fungir\u00e1n como punto de partida para circuitos espec\u00edficos en rutas est\u00e1ndares.<\/p>\n\n\n\n<p>A lo largo de los tramos en los que est\u00e1 dividido el recorrido del Tren Maya, los convoyes se detendr\u00e1n en las siguientes localidades:<\/p>\n\n\n\n<p><strong>Tramo 1 - Palenque, Chiapas-Esc\u00e1rcega, Campeche<\/strong><\/p>\n\n\n\n<p><em><em>Estado de Chiapas<\/em><\/em><\/p>\n\n\n\n<p>Estaci\u00f3n Palenque<\/p>\n\n\n\n<p><em><em>Estado de Tabasco<\/em><\/em><\/p>\n\n\n\n<p class=\"translation-block\">Estaci\u00f3n Boca del Cerro, Tenosique\nEstaci\u00f3n El Triunfo, Balanc\u00e1n\nParadero Tenosique<\/p>\n\n\n\n<p><em><em>Estado de Campeche<\/em><\/em><\/p>\n\n\n\n<p class=\"translation-block\">Estaci\u00f3n Esc\u00e1rcega\nParadero Candelaria<\/p>\n\n\n\n<p><strong>Tramo 2 - Esc\u00e1rcega-Calkin\u00ed, Campeche<\/strong><\/p>\n\n\n\n<p><em><em>Estado de Campeche<\/em><\/em><\/p>\n\n\n\n<p class=\"translation-block\">Estaci\u00f3n Edzn\u00e1\nEstaci\u00f3n San Francisco de Campeche\nParadero Carrillo Puerto\nParadero Tenabo\nParadero Hecelchak\u00e1n<\/p>\n\n\n\n<p><strong>Tramo 3 - Calkin\u00ed, Campeche-Izamal, Yucat\u00e1n<\/strong><\/p>\n\n\n\n<p><em><em>Estado de Campeche<\/em><\/em><\/p>\n\n\n\n<p>Paradero Calkin\u00ed<\/p>\n\n\n\n<p><em><em>Estado de Yucat\u00e1n<\/em><\/em><\/p>\n\n\n\n<p class=\"translation-block\">Estaci\u00f3n M\u00e9rida-Teya\nEstaci\u00f3n Izamal\nParadero Maxcan\u00fa\nParadero Um\u00e1n\nParadero Tixkokob<\/p>\n\n\n\n<p><strong>Tramo 4 - Izamal, Yucat\u00e1n-Canc\u00fan, Quintana Roo<\/strong><\/p>\n\n\n\n<p><em><em>Estado de Yucat\u00e1n<\/em><\/em><\/p>\n\n\n\n<p class=\"translation-block\">Estaci\u00f3n Chich\u00e9n Itz\u00e1\nEstaci\u00f3n Valladolid<\/p>\n\n\n\n<p><em><em>Estado de Quintana Roo<\/em><\/em><\/p>\n\n\n\n<p class=\"translation-block\">Estaci\u00f3n Canc\u00fan Aeropuerto.\nParadero Nuevo Xcan\nParadero Leona Vicario<\/p>\n\n\n\n<p><strong>Tramo 5 Norte Canc\u00fan Aeropuerto-Puerto Morelos, Quintana Roo<\/strong><\/p>\n\n\n\n<p><em><em>Estado de Quintana Roo<\/em><\/em><\/p>\n\n\n\n<p><em>Estado de Quintana Roo<\/em><\/p>\n\n\n\n<p><strong>Tramo 5 Sur - Puerto Morelos-Tulum Aeropuerto, Quintana Roo<\/strong><\/p>\n\n\n\n<p><em><em>Estado de Quintana Roo<\/em><\/em><\/p>\n\n\n\n<p class=\"translation-block\">Estaci\u00f3n Playa del Carmen\nEstaci\u00f3n Tulum<\/p>\n\n\n\n<p><strong>Tramo 7 - Chetumal, Quintana Roo-Esc\u00e1rcega, Campeche<\/strong><\/p>\n\n\n\n<p><em><em>Estado de Quintana Roo<\/em><\/em><\/p>\n\n\n\n<p>Paradero Nicol\u00e1s Bravo<\/p>\n\n\n\n<p><em><em>Estado de Campeche<\/em><\/em><\/p>\n\n\n\n<p class=\"translation-block\">Estaci\u00f3n Xpujil\nParadero Calakmul\nParadero Centenario<\/p>\n\n\n\n<p class=\"translation-block\">La ruta atraviesa los siguientes sitios arqueol\u00f3gicos: en el Estado de Chiapas, Palenque*; en el Estado de Tabasco, Moral Reforma*; en el Estado de Campeche, El Tigre*, Edzn\u00e1*, Xcalumk\u00edn* y Calakmul*; en el Estado de Yucat\u00e1n, Chich\u00e9n Itz\u00e1*, Dzibilchalt\u00fan*, Ek\u00b4Balam* y la Ruta Puuc (Uxmal*, Oxkintok, Kabah, Sayil, Xlapak, Lab\u00e1 y Chacmult\u00fan); en el Estado de Quintana Roo, El Meco, Paamul II, Xel H\u00e1, Tulum, Muyil, Chacchoben, Oxtankah, Kohunlich, Dzibanch\u00e9-Kinichn\u00e1. En los sitios marcados con un asterisco se construir\u00e1n Centros de Atenci\u00f3n a Visitantes (Catvi) con \u00e1reas de comercio, zonas de exposici\u00f3n, estacionamientos y sitios de consumo.<\/p>\n\n\n\n<p>En su versi\u00f3n para pasajeros, el tren viajar\u00e1 a 160 kil\u00f3metros por hora con cuatro configuraciones: est\u00e1ndar de cuatro y siete vagones, trenes restaurante y de larga distancia, que contar\u00e1n con cabinas con camas, regaderas y ba\u00f1os.<\/p>\n\n\n\n<p class=\"has-small-font-size\">Foto: X @TrenMayaMx<\/p>\n\n\n\n<div style=\"height:12px\" aria-hidden=\"true\" class=\"wp-block-spacer\"><\/div>\n\n\n<!-- Ad space powered by WP AdCenter v2.5.7 - https:\/\/wpadcenter.com\/ --><div class=\"wpadcenter-adgroup\" ><div class=\"wpadcenter-adgroup__row wpadcenter-aligncenter\"><div class=\"wpadcenter-ad-container\" ><div id=\"wpadcenter-ad-18464\" class=\"ad-placement\"><div class=\"wpadcenter-ad-inner\" ><a id=\"wpadcenter_ad\" data-value=\"18464\" data-placement=\"\" href=\"https:\/\/www.productosremo.com\/\" target=\"_blank\" class=\"wpadcenter-ad-inner__item\" ><img decoding=\"async\"   src=\"https:\/\/puntodincontro.mx\/wp-content\/uploads\/2021\/08\/remobanner.jpg\" class=\"attachment-post-thumbnail size-post-thumbnail wp-post-image\" alt=\"\" srcset=\"https:\/\/puntodincontro.mx\/wp-content\/uploads\/2021\/08\/remobanner.jpg 200w, https:\/\/puntodincontro.mx\/wp-content\/uploads\/2021\/08\/remobanner-16x5.jpg 16w\" sizes=\"(max-width: 200px) 100vw, 200px\" \/><\/a><\/div><\/div><\/div><div class=\"wpadcenter-ad-container\" ><div id=\"wpadcenter-ad-5305\" class=\"ad-placement\"><div class=\"wpadcenter-ad-inner\" ><a id=\"wpadcenter_ad\" data-value=\"5305\" data-placement=\"\" href=\"https:\/\/ambcittadelmessico.esteri.it\/ambasciata_cittadelmessico\/it\/\" target=\"_blank\" class=\"wpadcenter-ad-inner__item\" ><img decoding=\"async\"   src=\"https:\/\/puntodincontro.mx\/wp-content\/uploads\/2022\/05\/Ambasciata.jpg\" class=\"attachment-post-thumbnail size-post-thumbnail wp-post-image\" alt=\"\" srcset=\"https:\/\/puntodincontro.mx\/wp-content\/uploads\/2022\/05\/Ambasciata.jpg 200w, https:\/\/puntodincontro.mx\/wp-content\/uploads\/2022\/05\/Ambasciata-18x5.jpg 18w\" sizes=\"(max-width: 200px) 100vw, 200px\" \/><\/a><\/div><\/div><\/div><div class=\"wpadcenter-ad-container\" ><div id=\"wpadcenter-ad-3781\" class=\"ad-placement\"><div class=\"wpadcenter-ad-inner\" ><a id=\"wpadcenter_ad\" data-value=\"3781\" data-placement=\"\" href=\"https:\/\/cannizzo.com.mx\/\" target=\"_blank\" class=\"wpadcenter-ad-inner__item\" ><img decoding=\"async\"   src=\"https:\/\/puntodincontro.mx\/wp-content\/uploads\/2022\/03\/cannizzo2.jpg\" class=\"attachment-post-thumbnail size-post-thumbnail wp-post-image\" alt=\"\" srcset=\"https:\/\/puntodincontro.mx\/wp-content\/uploads\/2022\/03\/cannizzo2.jpg 200w, https:\/\/puntodincontro.mx\/wp-content\/uploads\/2022\/03\/cannizzo2-18x5.jpg 18w\" sizes=\"(max-width: 200px) 100vw, 200px\" \/><\/a><\/div><\/div><\/div><\/div><div class=\"wpadcenter-adgroup__row wpadcenter-aligncenter\"><div class=\"wpadcenter-ad-container\" ><div id=\"wpadcenter-ad-1704\" class=\"ad-placement\"><div class=\"wpadcenter-ad-inner\" ><a id=\"wpadcenter_ad\" data-value=\"1704\" data-placement=\"\" href=\"https:\/\/puntodincontro.mx\/es\/2021\/12\/24\/inps-verificacion-de-supervivencia-de-los-pensionados-en-el-extranjero\/\" target=\"_blank\" class=\"wpadcenter-ad-inner__item\" ><img decoding=\"async\"   src=\"https:\/\/puntodincontro.mx\/wp-content\/uploads\/2021\/11\/logo-ital.jpg\" class=\"attachment-post-thumbnail size-post-thumbnail wp-post-image\" alt=\"Patronato ITAL Messico\" srcset=\"https:\/\/puntodincontro.mx\/wp-content\/uploads\/2021\/11\/logo-ital.jpg 200w, https:\/\/puntodincontro.mx\/wp-content\/uploads\/2021\/11\/logo-ital-16x5.jpg 16w\" sizes=\"(max-width: 200px) 100vw, 200px\" \/><\/a><\/div><\/div><\/div><div class=\"wpadcenter-ad-container\" ><div id=\"wpadcenter-ad-1538\" class=\"ad-placement\"><div class=\"wpadcenter-ad-inner\" ><a id=\"wpadcenter_ad\" data-value=\"1538\" data-placement=\"\" href=\"https:\/\/asociacionitaliana.org\/\" target=\"_blank\" class=\"wpadcenter-ad-inner__item\" ><img decoding=\"async\"   src=\"https:\/\/puntodincontro.mx\/wp-content\/uploads\/2021\/11\/aialogo.jpg\" class=\"attachment-post-thumbnail size-post-thumbnail wp-post-image\" alt=\"Associazione Italiana di Assistenza IAP\" srcset=\"https:\/\/puntodincontro.mx\/wp-content\/uploads\/2021\/11\/aialogo.jpg 200w, https:\/\/puntodincontro.mx\/wp-content\/uploads\/2021\/11\/aialogo-18x5.jpg 18w\" sizes=\"(max-width: 200px) 100vw, 200px\" \/><\/a><\/div><\/div><\/div><div class=\"wpadcenter-ad-container\" ><div id=\"wpadcenter-ad-1513\" class=\"ad-placement\"><div class=\"wpadcenter-ad-inner\" ><a id=\"wpadcenter_ad\" data-value=\"1513\" data-placement=\"\" href=\"https:\/\/gcinmuebles.mx\" target=\"_blank\" class=\"wpadcenter-ad-inner__item\" ><img decoding=\"async\"   src=\"https:\/\/puntodincontro.mx\/wp-content\/uploads\/2021\/10\/gcinmuebleslogopunto-1.jpg\" class=\"attachment-post-thumbnail size-post-thumbnail wp-post-image\" alt=\"\" srcset=\"https:\/\/puntodincontro.mx\/wp-content\/uploads\/2021\/10\/gcinmuebleslogopunto-1.jpg 200w, https:\/\/puntodincontro.mx\/wp-content\/uploads\/2021\/10\/gcinmuebleslogopunto-1-18x5.jpg 18w\" sizes=\"(max-width: 200px) 100vw, 200px\" \/><\/a><\/div><\/div><\/div><\/div><div class=\"wpadcenter-adgroup__row wpadcenter-aligncenter\"><div class=\"wpadcenter-ad-container\" ><div id=\"wpadcenter-ad-1374\" class=\"ad-placement\"><div class=\"wpadcenter-ad-inner\" ><a id=\"wpadcenter_ad\" data-value=\"1374\" data-placement=\"\" href=\"https:\/\/www.9colonne.it\/\" target=\"_blank\" class=\"wpadcenter-ad-inner__item\" ><img decoding=\"async\"   src=\"https:\/\/puntodincontro.mx\/wp-content\/uploads\/2021\/10\/Banner9colonne.gif\" class=\"attachment-post-thumbnail size-post-thumbnail wp-post-image\" alt=\"\" \/><\/a><\/div><\/div><\/div><div class=\"wpadcenter-ad-container\" ><div id=\"wpadcenter-ad-276\" class=\"ad-placement\"><div class=\"wpadcenter-ad-inner\" ><a id=\"wpadcenter_ad\" data-value=\"276\" data-placement=\"\" href=\"http:\/\/www.camaraitaliana.mx\/\" target=\"_blank\" class=\"wpadcenter-ad-inner__item\" ><img decoding=\"async\"   src=\"https:\/\/puntodincontro.mx\/wp-content\/uploads\/2021\/08\/ccimnuovo.jpg\" class=\"attachment-post-thumbnail size-post-thumbnail wp-post-image\" alt=\"\" srcset=\"https:\/\/puntodincontro.mx\/wp-content\/uploads\/2021\/08\/ccimnuovo.jpg 200w, https:\/\/puntodincontro.mx\/wp-content\/uploads\/2021\/08\/ccimnuovo-18x5.jpg 18w\" sizes=\"(max-width: 200px) 100vw, 200px\" \/><\/a><\/div><\/div><\/div><div class=\"wpadcenter-ad-container\" ><div id=\"wpadcenter-ad-272\" class=\"ad-placement\"><div class=\"wpadcenter-ad-inner\" ><a id=\"wpadcenter_ad\" data-value=\"272\" data-placement=\"\" href=\"http:\/\/corix.us\/\" target=\"_blank\" class=\"wpadcenter-ad-inner__item\" ><img decoding=\"async\"   src=\"https:\/\/puntodincontro.mx\/wp-content\/uploads\/2021\/08\/corixbanner-1.jpg\" class=\"attachment-post-thumbnail size-post-thumbnail wp-post-image\" alt=\"\" srcset=\"https:\/\/puntodincontro.mx\/wp-content\/uploads\/2021\/08\/corixbanner-1.jpg 200w, https:\/\/puntodincontro.mx\/wp-content\/uploads\/2021\/08\/corixbanner-1-16x5.jpg 16w\" sizes=\"(max-width: 200px) 100vw, 200px\" \/><\/a><\/div><\/div><\/div><\/div><div class=\"wpadcenter-adgroup__row wpadcenter-aligncenter\"><div class=\"wpadcenter-ad-container\" ><div id=\"wpadcenter-ad-266\" class=\"ad-placement\"><div class=\"wpadcenter-ad-inner\" ><a id=\"wpadcenter_ad\" data-value=\"266\" data-placement=\"\" href=\"https:\/\/www.prinsel.com.mx\/\" target=\"_blank\" class=\"wpadcenter-ad-inner__item\" ><img decoding=\"async\"   src=\"https:\/\/puntodincontro.mx\/wp-content\/uploads\/2021\/08\/prinselbanner-1.jpg\" class=\"attachment-post-thumbnail size-post-thumbnail wp-post-image\" alt=\"\" srcset=\"https:\/\/puntodincontro.mx\/wp-content\/uploads\/2021\/08\/prinselbanner-1.jpg 200w, https:\/\/puntodincontro.mx\/wp-content\/uploads\/2021\/08\/prinselbanner-1-16x5.jpg 16w\" sizes=\"(max-width: 200px) 100vw, 200px\" \/><\/a><\/div><\/div><\/div><div class=\"wpadcenter-ad-container\" ><div id=\"wpadcenter-ad-261\" class=\"ad-placement\"><div class=\"wpadcenter-ad-inner\" ><a id=\"wpadcenter_ad\" data-value=\"261\" data-placement=\"\" href=\"https:\/\/faitalia.com.mx\/\" target=\"_blank\" class=\"wpadcenter-ad-inner__item\" ><img decoding=\"async\"   src=\"https:\/\/puntodincontro.mx\/wp-content\/uploads\/2021\/08\/gruppodino.jpg\" class=\"attachment-post-thumbnail size-post-thumbnail wp-post-image\" alt=\"\" srcset=\"https:\/\/puntodincontro.mx\/wp-content\/uploads\/2021\/08\/gruppodino.jpg 200w, https:\/\/puntodincontro.mx\/wp-content\/uploads\/2021\/08\/gruppodino-18x5.jpg 18w\" sizes=\"(max-width: 200px) 100vw, 200px\" \/><\/a><\/div><\/div><\/div><\/div><\/div>\n\n\n<div style=\"height:12px\" aria-hidden=\"true\" class=\"wp-block-spacer\"><\/div>","protected":false},"excerpt":{"rendered":"<p>Ore 09.21 &#8211; Venerd\u00ec 1 settembre, dopo 4 anni e nove mesi dall&#8217;annuncio dell&#8217;inizio della sua costruzione, il Treno Maya ha iniziato i collaudi nel sud-est del Messico. Il suo primo percorso \u00e8 stato oggetto di grande attenzione mediatica lo scorso fine settimana per la presenza a bordo del presidente del Paese, Andr\u00e9s Manuel L\u00f3pez Obrador, accompagnato dai governatori degli Stati di Jalisco e Yucat\u00e1n, Enrique Alfaro e Mauricio Vila, dall&#8217;imprenditore Carlos Slim e dal vicepresidente della rete tv Televisa, Bernardo G\u00f3mez. Il progetto del Treno Maya, nella visione dell&#8217;attuale governo, mira a rafforzare l&#8217;assetto territoriale del Messico sud-orientale e&#8230; <\/p>","protected":false},"author":2,"featured_media":15353,"comment_status":"open","ping_status":"open","sticky":false,"template":"","format":"standard","meta":{"_monsterinsights_skip_tracking":false,"_monsterinsights_sitenote_active":false,"_monsterinsights_sitenote_note":"","_monsterinsights_sitenote_category":0,"footnotes":""},"categories":[8],"tags":[],"class_list":["post-15344","post","type-post","status-publish","format-standard","has-post-thumbnail","hentry","category-viaggi"],"yoast_head":"<!-- This site is optimized with the Yoast SEO Premium plugin v18.4 (Yoast SEO v25.6) - https:\/\/yoast.com\/wordpress\/plugins\/seo\/ -->\n<title>Sono iniziati i collaudi del Treno Maya<\/title>\n<meta name=\"description\" content=\"Venerd\u00ec 1 settembre, dopo 4 anni e nove mesi dall&#039;annuncio dell&#039;inizio della sua costruzione, il Treno Maya ha iniziato i collaudi.\" \/>\n<meta name=\"robots\" content=\"index, follow, max-snippet:-1, max-image-preview:large, max-video-preview:-1\" \/>\n<link rel=\"canonical\" href=\"https:\/\/puntodincontro.mx\/es\/2023\/09\/04\/inician-pruebas-del-tren-maya\/\" \/>\n<meta property=\"og:locale\" content=\"es_MX\" \/>\n<meta property=\"og:type\" content=\"article\" \/>\n<meta property=\"og:title\" content=\"Sono iniziati i collaudi del Treno Maya\" \/>\n<meta property=\"og:description\" content=\"Venerd\u00ec 1 settembre, dopo 4 anni e nove mesi dall&#039;annuncio dell&#039;inizio della sua costruzione, il Treno Maya ha iniziato i collaudi.\" \/>\n<meta property=\"og:url\" content=\"https:\/\/puntodincontro.mx\/es\/2023\/09\/04\/inician-pruebas-del-tren-maya\/\" \/>\n<meta property=\"og:site_name\" content=\"Puntodincontro\" \/>\n<meta property=\"article:publisher\" content=\"https:\/\/www.facebook.com\/puntodincontro.mx\" \/>\n<meta property=\"article:published_time\" content=\"2023-09-04T16:11:29+00:00\" \/>\n<meta property=\"og:image\" content=\"https:\/\/puntodincontro.mx\/wp-content\/uploads\/2023\/09\/trenomayacomp.jpg\" \/>\n\t<meta property=\"og:image:width\" content=\"932\" \/>\n\t<meta property=\"og:image:height\" content=\"488\" \/>\n\t<meta property=\"og:image:type\" content=\"image\/jpeg\" \/>\n<meta name=\"author\" content=\"Puntodincontro\" \/>\n<meta name=\"twitter:card\" content=\"summary_large_image\" \/>\n<meta name=\"twitter:creator\" content=\"@puntodincontro\" \/>\n<meta name=\"twitter:site\" content=\"@puntodincontro\" \/>\n<meta name=\"twitter:label1\" content=\"Escrito por\" \/>\n\t<meta name=\"twitter:data1\" content=\"Puntodincontro\" \/>\n\t<meta name=\"twitter:label2\" content=\"Tiempo de lectura\" \/>\n\t<meta name=\"twitter:data2\" content=\"3 minutos\" \/>\n<script type=\"application\/ld+json\" class=\"yoast-schema-graph\">{\"@context\":\"https:\/\/schema.org\",\"@graph\":[{\"@type\":\"NewsArticle\",\"@id\":\"https:\/\/puntodincontro.mx\/2023\/09\/04\/sono-iniziati-i-collaudi-del-treno-maya\/#article\",\"isPartOf\":{\"@id\":\"https:\/\/puntodincontro.mx\/2023\/09\/04\/sono-iniziati-i-collaudi-del-treno-maya\/\"},\"author\":{\"name\":\"Puntodincontro\",\"@id\":\"https:\/\/puntodincontro.mx\/#\/schema\/person\/d3066d18a16259cbb0c29b0d0e93b556\"},\"headline\":\"Sono iniziati i collaudi del Treno Maya\",\"datePublished\":\"2023-09-04T16:11:29+00:00\",\"mainEntityOfPage\":{\"@id\":\"https:\/\/puntodincontro.mx\/2023\/09\/04\/sono-iniziati-i-collaudi-del-treno-maya\/\"},\"wordCount\":621,\"commentCount\":0,\"publisher\":{\"@id\":\"https:\/\/puntodincontro.mx\/#organization\"},\"image\":{\"@id\":\"https:\/\/puntodincontro.mx\/2023\/09\/04\/sono-iniziati-i-collaudi-del-treno-maya\/#primaryimage\"},\"thumbnailUrl\":\"https:\/\/puntodincontro.mx\/wp-content\/uploads\/2023\/09\/trenomayavert.webp\",\"articleSection\":[\"Viaggi\"],\"inLanguage\":\"es\",\"potentialAction\":[{\"@type\":\"CommentAction\",\"name\":\"Comment\",\"target\":[\"https:\/\/puntodincontro.mx\/2023\/09\/04\/sono-iniziati-i-collaudi-del-treno-maya\/#respond\"]}]},{\"@type\":\"WebPage\",\"@id\":\"https:\/\/puntodincontro.mx\/2023\/09\/04\/sono-iniziati-i-collaudi-del-treno-maya\/\",\"url\":\"https:\/\/puntodincontro.mx\/2023\/09\/04\/sono-iniziati-i-collaudi-del-treno-maya\/\",\"name\":\"Sono iniziati i collaudi del Treno Maya\",\"isPartOf\":{\"@id\":\"https:\/\/puntodincontro.mx\/#website\"},\"primaryImageOfPage\":{\"@id\":\"https:\/\/puntodincontro.mx\/2023\/09\/04\/sono-iniziati-i-collaudi-del-treno-maya\/#primaryimage\"},\"image\":{\"@id\":\"https:\/\/puntodincontro.mx\/2023\/09\/04\/sono-iniziati-i-collaudi-del-treno-maya\/#primaryimage\"},\"thumbnailUrl\":\"https:\/\/puntodincontro.mx\/wp-content\/uploads\/2023\/09\/trenomayavert.webp\",\"datePublished\":\"2023-09-04T16:11:29+00:00\",\"description\":\"Venerd\u00ec 1 settembre, dopo 4 anni e nove mesi dall'annuncio dell'inizio della sua costruzione, il Treno Maya ha iniziato i collaudi.\",\"breadcrumb\":{\"@id\":\"https:\/\/puntodincontro.mx\/2023\/09\/04\/sono-iniziati-i-collaudi-del-treno-maya\/#breadcrumb\"},\"inLanguage\":\"es\",\"potentialAction\":[{\"@type\":\"ReadAction\",\"target\":[\"https:\/\/puntodincontro.mx\/2023\/09\/04\/sono-iniziati-i-collaudi-del-treno-maya\/\"]}]},{\"@type\":\"ImageObject\",\"inLanguage\":\"es\",\"@id\":\"https:\/\/puntodincontro.mx\/2023\/09\/04\/sono-iniziati-i-collaudi-del-treno-maya\/#primaryimage\",\"url\":\"https:\/\/puntodincontro.mx\/wp-content\/uploads\/2023\/09\/trenomayavert.webp\",\"contentUrl\":\"https:\/\/puntodincontro.mx\/wp-content\/uploads\/2023\/09\/trenomayavert.webp\",\"width\":423,\"height\":488,\"caption\":\"Sono iniziati i collaudi del Treno Maya \/ Foto: X @TrenMayaMx\"},{\"@type\":\"BreadcrumbList\",\"@id\":\"https:\/\/puntodincontro.mx\/2023\/09\/04\/sono-iniziati-i-collaudi-del-treno-maya\/#breadcrumb\",\"itemListElement\":[{\"@type\":\"ListItem\",\"position\":1,\"name\":\"Home\",\"item\":\"https:\/\/puntodincontro.mx\/\"},{\"@type\":\"ListItem\",\"position\":2,\"name\":\"Sono iniziati i collaudi del Treno Maya\"}]},{\"@type\":\"WebSite\",\"@id\":\"https:\/\/puntodincontro.mx\/#website\",\"url\":\"https:\/\/puntodincontro.mx\/\",\"name\":\"Puntodincontro\",\"description\":\"Dal 2006 notizie sui rapporti Italia-Messico \/ Desde 2006 noticias sobre las relaciones entre Italia y M\u00e9xico\",\"publisher\":{\"@id\":\"https:\/\/puntodincontro.mx\/#organization\"},\"potentialAction\":[{\"@type\":\"SearchAction\",\"target\":{\"@type\":\"EntryPoint\",\"urlTemplate\":\"https:\/\/puntodincontro.mx\/?s={search_term_string}\"},\"query-input\":{\"@type\":\"PropertyValueSpecification\",\"valueRequired\":true,\"valueName\":\"search_term_string\"}}],\"inLanguage\":\"es\"},{\"@type\":\"Organization\",\"@id\":\"https:\/\/puntodincontro.mx\/#organization\",\"name\":\"Puntodincontro\",\"url\":\"https:\/\/puntodincontro.mx\/\",\"logo\":{\"@type\":\"ImageObject\",\"inLanguage\":\"es\",\"@id\":\"https:\/\/puntodincontro.mx\/#\/schema\/logo\/image\/\",\"url\":\"https:\/\/puntodincontro.mx\/wp-content\/uploads\/2021\/08\/Default-image-for-open-graph-settings.jpg\",\"contentUrl\":\"https:\/\/puntodincontro.mx\/wp-content\/uploads\/2021\/08\/Default-image-for-open-graph-settings.jpg\",\"width\":1200,\"height\":630,\"caption\":\"Puntodincontro\"},\"image\":{\"@id\":\"https:\/\/puntodincontro.mx\/#\/schema\/logo\/image\/\"},\"sameAs\":[\"https:\/\/www.facebook.com\/puntodincontro.mx\",\"https:\/\/x.com\/puntodincontro\",\"https:\/\/www.instagram.com\/puntodincontro.mx\/\",\"https:\/\/www.linkedin.com\/company\/puntodincontro\/\",\"https:\/\/www.youtube.com\/c\/puntodincontromessico\",\"https:\/\/www.patreon.com\/puntodincontro\",\"https:\/\/www.threads.net\/@puntodincontro.mx\"]},{\"@type\":\"Person\",\"@id\":\"https:\/\/puntodincontro.mx\/#\/schema\/person\/d3066d18a16259cbb0c29b0d0e93b556\",\"name\":\"Puntodincontro\",\"image\":{\"@type\":\"ImageObject\",\"inLanguage\":\"es\",\"@id\":\"https:\/\/puntodincontro.mx\/#\/schema\/person\/image\/\",\"url\":\"https:\/\/secure.gravatar.com\/avatar\/0e85b4b3b5e9d6bfcec6a4956d8cc63a?s=96&d=mm&r=g\",\"contentUrl\":\"https:\/\/secure.gravatar.com\/avatar\/0e85b4b3b5e9d6bfcec6a4956d8cc63a?s=96&d=mm&r=g\",\"caption\":\"Puntodincontro\"},\"url\":\"https:\/\/puntodincontro.mx\/es\/author\/puntodincontro\/\"}]}<\/script>\n<!-- \/ Yoast SEO Premium plugin. -->","yoast_head_json":{"title":"Inician pruebas del Tren Maya","description":"Venerd\u00ec 1 settembre, dopo 4 anni e nove mesi dall'annuncio dell'inizio della sua costruzione, il Treno Maya ha iniziato i collaudi.","robots":{"index":"index","follow":"follow","max-snippet":"max-snippet:-1","max-image-preview":"max-image-preview:large","max-video-preview":"max-video-preview:-1"},"canonical":"https:\/\/puntodincontro.mx\/es\/2023\/09\/04\/inician-pruebas-del-tren-maya\/","og_locale":"es_MX","og_type":"article","og_title":"Sono iniziati i collaudi del Treno Maya","og_description":"Venerd\u00ec 1 settembre, dopo 4 anni e nove mesi dall'annuncio dell'inizio della sua costruzione, il Treno Maya ha iniziato i collaudi.","og_url":"https:\/\/puntodincontro.mx\/es\/2023\/09\/04\/inician-pruebas-del-tren-maya\/","og_site_name":"Puntodincontro","article_publisher":"https:\/\/www.facebook.com\/puntodincontro.mx","article_published_time":"2023-09-04T16:11:29+00:00","og_image":[{"width":932,"height":488,"url":"https:\/\/puntodincontro.mx\/wp-content\/uploads\/2023\/09\/trenomayacomp.jpg","type":"image\/jpeg"}],"author":"Puntodincontro","twitter_card":"summary_large_image","twitter_creator":"@puntodincontro","twitter_site":"@puntodincontro","twitter_misc":{"Escrito por":"Puntodincontro","Tiempo de lectura":"3 minutos"},"schema":{"@context":"https:\/\/schema.org","@graph":[{"@type":"NewsArticle","@id":"https:\/\/puntodincontro.mx\/2023\/09\/04\/sono-iniziati-i-collaudi-del-treno-maya\/#article","isPartOf":{"@id":"https:\/\/puntodincontro.mx\/2023\/09\/04\/sono-iniziati-i-collaudi-del-treno-maya\/"},"author":{"name":"Puntodincontro","@id":"https:\/\/puntodincontro.mx\/#\/schema\/person\/d3066d18a16259cbb0c29b0d0e93b556"},"headline":"Sono iniziati i collaudi del Treno Maya","datePublished":"2023-09-04T16:11:29+00:00","mainEntityOfPage":{"@id":"https:\/\/puntodincontro.mx\/2023\/09\/04\/sono-iniziati-i-collaudi-del-treno-maya\/"},"wordCount":621,"commentCount":0,"publisher":{"@id":"https:\/\/puntodincontro.mx\/#organization"},"image":{"@id":"https:\/\/puntodincontro.mx\/2023\/09\/04\/sono-iniziati-i-collaudi-del-treno-maya\/#primaryimage"},"thumbnailUrl":"https:\/\/puntodincontro.mx\/wp-content\/uploads\/2023\/09\/trenomayavert.webp","articleSection":["Viaggi"],"inLanguage":"es","potentialAction":[{"@type":"CommentAction","name":"Comment","target":["https:\/\/puntodincontro.mx\/2023\/09\/04\/sono-iniziati-i-collaudi-del-treno-maya\/#respond"]}]},{"@type":"WebPage","@id":"https:\/\/puntodincontro.mx\/2023\/09\/04\/sono-iniziati-i-collaudi-del-treno-maya\/","url":"https:\/\/puntodincontro.mx\/2023\/09\/04\/sono-iniziati-i-collaudi-del-treno-maya\/","name":"Inician pruebas del Tren Maya","isPartOf":{"@id":"https:\/\/puntodincontro.mx\/#website"},"primaryImageOfPage":{"@id":"https:\/\/puntodincontro.mx\/2023\/09\/04\/sono-iniziati-i-collaudi-del-treno-maya\/#primaryimage"},"image":{"@id":"https:\/\/puntodincontro.mx\/2023\/09\/04\/sono-iniziati-i-collaudi-del-treno-maya\/#primaryimage"},"thumbnailUrl":"https:\/\/puntodincontro.mx\/wp-content\/uploads\/2023\/09\/trenomayavert.webp","datePublished":"2023-09-04T16:11:29+00:00","description":"Venerd\u00ec 1 settembre, dopo 4 anni e nove mesi dall'annuncio dell'inizio della sua costruzione, il Treno Maya ha iniziato i collaudi.","breadcrumb":{"@id":"https:\/\/puntodincontro.mx\/2023\/09\/04\/sono-iniziati-i-collaudi-del-treno-maya\/#breadcrumb"},"inLanguage":"es","potentialAction":[{"@type":"ReadAction","target":["https:\/\/puntodincontro.mx\/2023\/09\/04\/sono-iniziati-i-collaudi-del-treno-maya\/"]}]},{"@type":"ImageObject","inLanguage":"es","@id":"https:\/\/puntodincontro.mx\/2023\/09\/04\/sono-iniziati-i-collaudi-del-treno-maya\/#primaryimage","url":"https:\/\/puntodincontro.mx\/wp-content\/uploads\/2023\/09\/trenomayavert.webp","contentUrl":"https:\/\/puntodincontro.mx\/wp-content\/uploads\/2023\/09\/trenomayavert.webp","width":423,"height":488,"caption":"Sono iniziati i collaudi del Treno Maya \/ Foto: X @TrenMayaMx"},{"@type":"BreadcrumbList","@id":"https:\/\/puntodincontro.mx\/2023\/09\/04\/sono-iniziati-i-collaudi-del-treno-maya\/#breadcrumb","itemListElement":[{"@type":"ListItem","position":1,"name":"Home","item":"https:\/\/puntodincontro.mx\/"},{"@type":"ListItem","position":2,"name":"Sono iniziati i collaudi del Treno Maya"}]},{"@type":"WebSite","@id":"https:\/\/puntodincontro.mx\/#website","url":"https:\/\/puntodincontro.mx\/","name":"Puntodincontro","description":"Desde el 2006 noticias sobre las relaciones entre Italia y M\u00e9xico \/ Dal 2006 notizie sui rapporti Italia-Messico","publisher":{"@id":"https:\/\/puntodincontro.mx\/#organization"},"potentialAction":[{"@type":"SearchAction","target":{"@type":"EntryPoint","urlTemplate":"https:\/\/puntodincontro.mx\/?s={search_term_string}"},"query-input":{"@type":"PropertyValueSpecification","valueRequired":true,"valueName":"search_term_string"}}],"inLanguage":"es"},{"@type":"Organization","@id":"https:\/\/puntodincontro.mx\/#organization","name":"Puntodincontro","url":"https:\/\/puntodincontro.mx\/","logo":{"@type":"ImageObject","inLanguage":"es","@id":"https:\/\/puntodincontro.mx\/#\/schema\/logo\/image\/","url":"https:\/\/puntodincontro.mx\/wp-content\/uploads\/2021\/08\/Default-image-for-open-graph-settings.jpg","contentUrl":"https:\/\/puntodincontro.mx\/wp-content\/uploads\/2021\/08\/Default-image-for-open-graph-settings.jpg","width":1200,"height":630,"caption":"Puntodincontro"},"image":{"@id":"https:\/\/puntodincontro.mx\/#\/schema\/logo\/image\/"},"sameAs":["https:\/\/www.facebook.com\/puntodincontro.mx","https:\/\/x.com\/puntodincontro","https:\/\/www.instagram.com\/puntodincontro.mx\/","https:\/\/www.linkedin.com\/company\/puntodincontro\/","https:\/\/www.youtube.com\/c\/puntodincontromessico","https:\/\/www.patreon.com\/puntodincontro","https:\/\/www.threads.net\/@puntodincontro.mx"]},{"@type":"Person","@id":"https:\/\/puntodincontro.mx\/#\/schema\/person\/d3066d18a16259cbb0c29b0d0e93b556","name":"Puntodincontro","image":{"@type":"ImageObject","inLanguage":"es","@id":"https:\/\/puntodincontro.mx\/#\/schema\/person\/image\/","url":"https:\/\/secure.gravatar.com\/avatar\/0e85b4b3b5e9d6bfcec6a4956d8cc63a?s=96&d=mm&r=g","contentUrl":"https:\/\/secure.gravatar.com\/avatar\/0e85b4b3b5e9d6bfcec6a4956d8cc63a?s=96&d=mm&r=g","caption":"Puntodincontro"},"url":"https:\/\/puntodincontro.mx\/es\/author\/puntodincontro\/"}]}},"_links":{"self":[{"href":"https:\/\/puntodincontro.mx\/es\/wp-json\/wp\/v2\/posts\/15344"}],"collection":[{"href":"https:\/\/puntodincontro.mx\/es\/wp-json\/wp\/v2\/posts"}],"about":[{"href":"https:\/\/puntodincontro.mx\/es\/wp-json\/wp\/v2\/types\/post"}],"author":[{"embeddable":true,"href":"https:\/\/puntodincontro.mx\/es\/wp-json\/wp\/v2\/users\/2"}],"replies":[{"embeddable":true,"href":"https:\/\/puntodincontro.mx\/es\/wp-json\/wp\/v2\/comments?post=15344"}],"version-history":[{"count":7,"href":"https:\/\/puntodincontro.mx\/es\/wp-json\/wp\/v2\/posts\/15344\/revisions"}],"predecessor-version":[{"id":15352,"href":"https:\/\/puntodincontro.mx\/es\/wp-json\/wp\/v2\/posts\/15344\/revisions\/15352"}],"wp:featuredmedia":[{"embeddable":true,"href":"https:\/\/puntodincontro.mx\/es\/wp-json\/wp\/v2\/media\/15353"}],"wp:attachment":[{"href":"https:\/\/puntodincontro.mx\/es\/wp-json\/wp\/v2\/media?parent=15344"}],"wp:term":[{"taxonomy":"category","embeddable":true,"href":"https:\/\/puntodincontro.mx\/es\/wp-json\/wp\/v2\/categories?post=15344"},{"taxonomy":"post_tag","embeddable":true,"href":"https:\/\/puntodincontro.mx\/es\/wp-json\/wp\/v2\/tags?post=15344"}],"curies":[{"name":"wp","href":"https:\/\/api.w.org\/{rel}","templated":true}]}}