{"id":15412,"date":"2023-09-07T02:07:16","date_gmt":"2023-09-07T07:07:16","guid":{"rendered":"https:\/\/puntodincontro.mx\/?p=15412"},"modified":"2023-09-07T02:08:12","modified_gmt":"2023-09-07T07:08:12","slug":"mexico-sheinbaum-candidata-del-partido-gobernante-a-la-presidencia","status":"publish","type":"post","link":"https:\/\/puntodincontro.mx\/es\/2023\/09\/07\/messico-sheinbaum-candidata-del-partito-di-governo-alla-presidenza\/","title":{"rendered":"M\u00e9xico, Sheinbaum candidata del partido gobernante a la presidencia"},"content":{"rendered":"\n<p><strong>Ore 00.43<\/strong> &#8211; L&#8217;<a href=\"https:\/\/puntodincontro.mx\/?s=sheinbaum\" target=\"_blank\" rel=\"noreferrer noopener\">ex sindaca<\/a> di Citt\u00e0 del Messico, Claudia Sheinbaum, sar\u00e0 la candidata del Movimento di rigenerazione nazionale (Morena) alle elezioni presidenziali che si terranno nel mese di giugno 2024.<\/p>\n\n\n\n<p>Nelle primarie interne, a cui hanno partecipato sei concorrenti, la 61enne ha preceduto di 10 punti percentuali l&#8217;ex ministro degli Esteri, Marcelo Ebrard, che ha denunciato \u00abirregolarit\u00e0\u00bb nella consultazione.<\/p>\n\n\n\n<p>Morena, fondato nel 2011 dall&#8217;attuale presidente Andr\u00e9s Manuel L\u00f3pez Obrador, \u00e8 il partito che detiene la maggioranza al Congresso federale e governa 22 dei 32 Stati che compongono la nazione.<\/p>\n\n\n\n<p>Fatta salva la decisione che Ebrard prender\u00e0 nei prossimi giorni, si profila quindi uno scenario in cui due donne si contenderanno la carica pi\u00f9 alta del potere esecutivo del Paese, dal momento che il fronte di opposizione formato da tre partiti ha nominato pochi giorni fa X\u00f3chitl G\u00e1lvez, 60 anni, come sua candidata.<\/p>\n\n\n\n<p>In vista delle elezioni del prossimo anno, nonostante Marcelo Ebrard non fosse presente all&#8217;annuncio dei risultati del processo interno, Sheinbaum ha affermato che \u00abl&#8217;unit\u00e0 [di Morena, ndr] \u00e8 garantita, perch\u00e9 oggi sono presenti quattro compagni. C&#8217;\u00e8 un compagno che ha deciso diversamente e dipende da lui, ma ovviemente le porte saranno sempre aperte e cammineremo insieme\u00bb.<\/p>\n\n\n\n<p>Sheinbaum ha aggiunto che tutti gli attori politici possono contribuire alla sua candidatura, perch\u00e9 il movimento per la trasformazione del Paese \u00abdeve crescere\u00bb e nei prossimi giorni ci sar\u00e0 una \u00abgrande convocazione\u00bb.<\/p>\n\n\n\n<p class=\"has-small-font-size\">Foto: Nayeli Cruz<\/p>\n\n\n\n<div style=\"height:12px\" aria-hidden=\"true\" class=\"wp-block-spacer\"><\/div>\n\n\n<!-- Ad space powered by WP AdCenter v2.5.7 - https:\/\/wpadcenter.com\/ --><div class=\"wpadcenter-adgroup\" ><div class=\"wpadcenter-adgroup__row wpadcenter-aligncenter\"><div class=\"wpadcenter-ad-container\" ><div id=\"wpadcenter-ad-18464\" class=\" ad-placement \"><div class=\"wpadcenter-ad-inner\" ><a id=\"wpadcenter_ad\" data-value=18464 data-placement=\"\" href=\"https:\/\/www.productosremo.com\/\" target=\"_blank\" class=\"wpadcenter-ad-inner__item\" ><img decoding=\"async\"   src=\"https:\/\/puntodincontro.mx\/wp-content\/uploads\/2021\/08\/remobanner.jpg\" class=\"attachment-post-thumbnail size-post-thumbnail wp-post-image\" alt=\"\" srcset=\"https:\/\/puntodincontro.mx\/wp-content\/uploads\/2021\/08\/remobanner.jpg 200w, https:\/\/puntodincontro.mx\/wp-content\/uploads\/2021\/08\/remobanner-16x5.jpg 16w\" sizes=\"(max-width: 200px) 100vw, 200px\" \/><\/a><\/div><\/div><\/div><div class=\"wpadcenter-ad-container\" ><div id=\"wpadcenter-ad-5305\" class=\" ad-placement \"><div class=\"wpadcenter-ad-inner\" ><a id=\"wpadcenter_ad\" data-value=5305 data-placement=\"\" href=\"https:\/\/ambcittadelmessico.esteri.it\/ambasciata_cittadelmessico\/it\/\" target=\"_blank\" class=\"wpadcenter-ad-inner__item\" ><img decoding=\"async\"   src=\"https:\/\/puntodincontro.mx\/wp-content\/uploads\/2022\/05\/Ambasciata.jpg\" class=\"attachment-post-thumbnail size-post-thumbnail wp-post-image\" alt=\"\" srcset=\"https:\/\/puntodincontro.mx\/wp-content\/uploads\/2022\/05\/Ambasciata.jpg 200w, https:\/\/puntodincontro.mx\/wp-content\/uploads\/2022\/05\/Ambasciata-18x5.jpg 18w\" sizes=\"(max-width: 200px) 100vw, 200px\" \/><\/a><\/div><\/div><\/div><div class=\"wpadcenter-ad-container\" ><div id=\"wpadcenter-ad-3781\" class=\" ad-placement \"><div class=\"wpadcenter-ad-inner\" ><a id=\"wpadcenter_ad\" data-value=3781 data-placement=\"\" href=\"https:\/\/cannizzo.com.mx\/\" target=\"_blank\" class=\"wpadcenter-ad-inner__item\" ><img decoding=\"async\"   src=\"https:\/\/puntodincontro.mx\/wp-content\/uploads\/2022\/03\/cannizzo2.jpg\" class=\"attachment-post-thumbnail size-post-thumbnail wp-post-image\" alt=\"\" srcset=\"https:\/\/puntodincontro.mx\/wp-content\/uploads\/2022\/03\/cannizzo2.jpg 200w, https:\/\/puntodincontro.mx\/wp-content\/uploads\/2022\/03\/cannizzo2-18x5.jpg 18w\" sizes=\"(max-width: 200px) 100vw, 200px\" \/><\/a><\/div><\/div><\/div><\/div><div class=\"wpadcenter-adgroup__row wpadcenter-aligncenter\"><div class=\"wpadcenter-ad-container\" ><div id=\"wpadcenter-ad-1704\" class=\" ad-placement \"><div class=\"wpadcenter-ad-inner\" ><a id=\"wpadcenter_ad\" data-value=1704 data-placement=\"\" href=\"https:\/\/puntodincontro.mx\/2021\/12\/24\/inps-accertamento-esistenza-in-vita-dei-pensionati-allestero\/\" target=\"_blank\" class=\"wpadcenter-ad-inner__item\" ><img decoding=\"async\"   src=\"https:\/\/puntodincontro.mx\/wp-content\/uploads\/2021\/11\/logo-ital.jpg\" class=\"attachment-post-thumbnail size-post-thumbnail wp-post-image\" alt=\"Patronato ITAL Messico\" srcset=\"https:\/\/puntodincontro.mx\/wp-content\/uploads\/2021\/11\/logo-ital.jpg 200w, https:\/\/puntodincontro.mx\/wp-content\/uploads\/2021\/11\/logo-ital-16x5.jpg 16w\" sizes=\"(max-width: 200px) 100vw, 200px\" \/><\/a><\/div><\/div><\/div><div class=\"wpadcenter-ad-container\" ><div id=\"wpadcenter-ad-1538\" class=\" ad-placement \"><div class=\"wpadcenter-ad-inner\" ><a id=\"wpadcenter_ad\" data-value=1538 data-placement=\"\" href=\"https:\/\/asociacionitaliana.org\/\" target=\"_blank\" class=\"wpadcenter-ad-inner__item\" ><img decoding=\"async\"   src=\"https:\/\/puntodincontro.mx\/wp-content\/uploads\/2021\/11\/aialogo.jpg\" class=\"attachment-post-thumbnail size-post-thumbnail wp-post-image\" alt=\"Associazione Italiana di Assistenza IAP\" srcset=\"https:\/\/puntodincontro.mx\/wp-content\/uploads\/2021\/11\/aialogo.jpg 200w, https:\/\/puntodincontro.mx\/wp-content\/uploads\/2021\/11\/aialogo-18x5.jpg 18w\" sizes=\"(max-width: 200px) 100vw, 200px\" \/><\/a><\/div><\/div><\/div><div class=\"wpadcenter-ad-container\" ><div id=\"wpadcenter-ad-1513\" class=\" ad-placement \"><div class=\"wpadcenter-ad-inner\" ><a id=\"wpadcenter_ad\" data-value=1513 data-placement=\"\" href=\"https:\/\/gcinmuebles.mx\" target=\"_blank\" class=\"wpadcenter-ad-inner__item\" ><img decoding=\"async\"   src=\"https:\/\/puntodincontro.mx\/wp-content\/uploads\/2021\/10\/gcinmuebleslogopunto-1.jpg\" class=\"attachment-post-thumbnail size-post-thumbnail wp-post-image\" alt=\"\" srcset=\"https:\/\/puntodincontro.mx\/wp-content\/uploads\/2021\/10\/gcinmuebleslogopunto-1.jpg 200w, https:\/\/puntodincontro.mx\/wp-content\/uploads\/2021\/10\/gcinmuebleslogopunto-1-18x5.jpg 18w\" sizes=\"(max-width: 200px) 100vw, 200px\" \/><\/a><\/div><\/div><\/div><\/div><div class=\"wpadcenter-adgroup__row wpadcenter-aligncenter\"><div class=\"wpadcenter-ad-container\" ><div id=\"wpadcenter-ad-1374\" class=\" ad-placement \"><div class=\"wpadcenter-ad-inner\" ><a id=\"wpadcenter_ad\" data-value=1374 data-placement=\"\" href=\"https:\/\/www.9colonne.it\/\" target=\"_blank\" class=\"wpadcenter-ad-inner__item\" ><img decoding=\"async\"   src=\"https:\/\/puntodincontro.mx\/wp-content\/uploads\/2021\/10\/Banner9colonne.gif\" class=\"attachment-post-thumbnail size-post-thumbnail wp-post-image\" alt=\"\" \/><\/a><\/div><\/div><\/div><div class=\"wpadcenter-ad-container\" ><div id=\"wpadcenter-ad-276\" class=\" ad-placement \"><div class=\"wpadcenter-ad-inner\" ><a id=\"wpadcenter_ad\" data-value=276 data-placement=\"\" href=\"http:\/\/www.camaraitaliana.mx\/\" target=\"_blank\" class=\"wpadcenter-ad-inner__item\" ><img decoding=\"async\"   src=\"https:\/\/puntodincontro.mx\/wp-content\/uploads\/2021\/08\/ccimnuovo.jpg\" class=\"attachment-post-thumbnail size-post-thumbnail wp-post-image\" alt=\"\" srcset=\"https:\/\/puntodincontro.mx\/wp-content\/uploads\/2021\/08\/ccimnuovo.jpg 200w, https:\/\/puntodincontro.mx\/wp-content\/uploads\/2021\/08\/ccimnuovo-18x5.jpg 18w\" sizes=\"(max-width: 200px) 100vw, 200px\" \/><\/a><\/div><\/div><\/div><div class=\"wpadcenter-ad-container\" ><div id=\"wpadcenter-ad-272\" class=\" ad-placement \"><div class=\"wpadcenter-ad-inner\" ><a id=\"wpadcenter_ad\" data-value=272 data-placement=\"\" href=\"http:\/\/corix.us\/\" target=\"_blank\" class=\"wpadcenter-ad-inner__item\" ><img decoding=\"async\"   src=\"https:\/\/puntodincontro.mx\/wp-content\/uploads\/2021\/08\/corixbanner-1.jpg\" class=\"attachment-post-thumbnail size-post-thumbnail wp-post-image\" alt=\"\" srcset=\"https:\/\/puntodincontro.mx\/wp-content\/uploads\/2021\/08\/corixbanner-1.jpg 200w, https:\/\/puntodincontro.mx\/wp-content\/uploads\/2021\/08\/corixbanner-1-16x5.jpg 16w\" sizes=\"(max-width: 200px) 100vw, 200px\" \/><\/a><\/div><\/div><\/div><\/div><div class=\"wpadcenter-adgroup__row wpadcenter-aligncenter\"><div class=\"wpadcenter-ad-container\" ><div id=\"wpadcenter-ad-266\" class=\" ad-placement \"><div class=\"wpadcenter-ad-inner\" ><a id=\"wpadcenter_ad\" data-value=266 data-placement=\"\" href=\"https:\/\/www.prinsel.com.mx\/\" target=\"_blank\" class=\"wpadcenter-ad-inner__item\" ><img decoding=\"async\"   src=\"https:\/\/puntodincontro.mx\/wp-content\/uploads\/2021\/08\/prinselbanner-1.jpg\" class=\"attachment-post-thumbnail size-post-thumbnail wp-post-image\" alt=\"\" srcset=\"https:\/\/puntodincontro.mx\/wp-content\/uploads\/2021\/08\/prinselbanner-1.jpg 200w, https:\/\/puntodincontro.mx\/wp-content\/uploads\/2021\/08\/prinselbanner-1-16x5.jpg 16w\" sizes=\"(max-width: 200px) 100vw, 200px\" \/><\/a><\/div><\/div><\/div><div class=\"wpadcenter-ad-container\" ><div id=\"wpadcenter-ad-261\" class=\" ad-placement \"><div class=\"wpadcenter-ad-inner\" ><a id=\"wpadcenter_ad\" data-value=261 data-placement=\"\" href=\"https:\/\/faitalia.com.mx\/\" target=\"_blank\" class=\"wpadcenter-ad-inner__item\" ><img decoding=\"async\"   src=\"https:\/\/puntodincontro.mx\/wp-content\/uploads\/2021\/08\/gruppodino.jpg\" class=\"attachment-post-thumbnail size-post-thumbnail wp-post-image\" alt=\"\" srcset=\"https:\/\/puntodincontro.mx\/wp-content\/uploads\/2021\/08\/gruppodino.jpg 200w, https:\/\/puntodincontro.mx\/wp-content\/uploads\/2021\/08\/gruppodino-18x5.jpg 18w\" sizes=\"(max-width: 200px) 100vw, 200px\" \/><\/a><\/div><\/div><\/div><\/div><\/div>\n\n\n<div style=\"height:12px\" aria-hidden=\"true\" class=\"wp-block-spacer\"><\/div>\n","protected":false},"excerpt":{"rendered":"<p>Ore 00.43 &#8211; L&#8217;ex sindaca di Citt\u00e0 del Messico, Claudia Sheinbaum, sar\u00e0 la candidata del Movimento di rigenerazione nazionale (Morena) alle elezioni presidenziali che si terranno nel mese di giugno 2024. Nelle primarie interne, a cui hanno partecipato sei concorrenti, la 61enne ha preceduto di 10 punti percentuali l&#8217;ex ministro degli Esteri, Marcelo Ebrard, che ha denunciato \u00abirregolarit\u00e0\u00bb nella consultazione. Morena, fondato nel 2011 dall&#8217;attuale presidente Andr\u00e9s Manuel L\u00f3pez Obrador, \u00e8 il partito che detiene la maggioranza al Congresso federale e governa 22 dei 32 Stati che compongono la nazione. Fatta salva la decisione che Ebrard prender\u00e0 nei prossimi giorni,&#8230; <\/p>","protected":false},"author":2,"featured_media":15418,"comment_status":"open","ping_status":"open","sticky":false,"template":"","format":"standard","meta":{"_monsterinsights_skip_tracking":false,"_monsterinsights_sitenote_active":false,"_monsterinsights_sitenote_note":"","_monsterinsights_sitenote_category":0,"footnotes":""},"categories":[18],"tags":[],"class_list":["post-15412","post","type-post","status-publish","format-standard","has-post-thumbnail","hentry","category-cronaca"],"yoast_head":"<!-- This site is optimized with the Yoast SEO Premium plugin v18.4 (Yoast SEO v25.6) - https:\/\/yoast.com\/wordpress\/plugins\/seo\/ -->\n<title>Messico, Sheinbaum candidata di Morena alla presidenza<\/title>\n<meta name=\"description\" content=\"L&#039;ex sindaca di Citt\u00e0 del Messico, Claudia Sheinbaum, sar\u00e0 la candidata del Movimento di rigenerazione nazionale (Morena) alla presidenza.\" \/>\n<meta name=\"robots\" content=\"index, follow, max-snippet:-1, max-image-preview:large, max-video-preview:-1\" \/>\n<link rel=\"canonical\" href=\"https:\/\/puntodincontro.mx\/es\/2023\/09\/07\/mexico-sheinbaum-candidata-del-partido-gobernante-a-la-presidencia\/\" \/>\n<meta property=\"og:locale\" content=\"es_MX\" \/>\n<meta property=\"og:type\" content=\"article\" \/>\n<meta property=\"og:title\" content=\"Messico, Sheinbaum candidata del partito di governo alla presidenza\" \/>\n<meta property=\"og:description\" content=\"L&#039;ex sindaca di Citt\u00e0 del Messico, Claudia Sheinbaum, sar\u00e0 la candidata del Movimento di rigenerazione nazionale (Morena) alla presidenza.\" \/>\n<meta property=\"og:url\" content=\"https:\/\/puntodincontro.mx\/es\/2023\/09\/07\/mexico-sheinbaum-candidata-del-partido-gobernante-a-la-presidencia\/\" \/>\n<meta property=\"og:site_name\" content=\"Puntodincontro\" \/>\n<meta property=\"article:publisher\" content=\"https:\/\/www.facebook.com\/puntodincontro.mx\" \/>\n<meta property=\"article:published_time\" content=\"2023-09-07T07:07:16+00:00\" \/>\n<meta property=\"article:modified_time\" content=\"2023-09-07T07:08:12+00:00\" \/>\n<meta property=\"og:image\" content=\"https:\/\/puntodincontro.mx\/wp-content\/uploads\/2023\/09\/sheinbaumcomp.jpg\" \/>\n\t<meta property=\"og:image:width\" content=\"932\" \/>\n\t<meta property=\"og:image:height\" content=\"488\" \/>\n\t<meta property=\"og:image:type\" content=\"image\/jpeg\" \/>\n<meta name=\"author\" content=\"Puntodincontro\" \/>\n<meta name=\"twitter:card\" content=\"summary_large_image\" \/>\n<meta name=\"twitter:creator\" content=\"@puntodincontro\" \/>\n<meta name=\"twitter:site\" content=\"@puntodincontro\" \/>\n<meta name=\"twitter:label1\" content=\"Escrito por\" \/>\n\t<meta name=\"twitter:data1\" content=\"Puntodincontro\" \/>\n\t<meta name=\"twitter:label2\" content=\"Tiempo de lectura\" \/>\n\t<meta name=\"twitter:data2\" content=\"1 minuto\" \/>\n<script type=\"application\/ld+json\" class=\"yoast-schema-graph\">{\"@context\":\"https:\/\/schema.org\",\"@graph\":[{\"@type\":\"NewsArticle\",\"@id\":\"https:\/\/puntodincontro.mx\/2023\/09\/07\/messico-sheinbaum-candidata-del-partito-di-governo-alla-presidenza\/#article\",\"isPartOf\":{\"@id\":\"https:\/\/puntodincontro.mx\/2023\/09\/07\/messico-sheinbaum-candidata-del-partito-di-governo-alla-presidenza\/\"},\"author\":{\"name\":\"Puntodincontro\",\"@id\":\"https:\/\/puntodincontro.mx\/#\/schema\/person\/d3066d18a16259cbb0c29b0d0e93b556\"},\"headline\":\"Messico, Sheinbaum candidata del partito di governo alla presidenza\",\"datePublished\":\"2023-09-07T07:07:16+00:00\",\"dateModified\":\"2023-09-07T07:08:12+00:00\",\"mainEntityOfPage\":{\"@id\":\"https:\/\/puntodincontro.mx\/2023\/09\/07\/messico-sheinbaum-candidata-del-partito-di-governo-alla-presidenza\/\"},\"wordCount\":243,\"commentCount\":0,\"publisher\":{\"@id\":\"https:\/\/puntodincontro.mx\/#organization\"},\"image\":{\"@id\":\"https:\/\/puntodincontro.mx\/2023\/09\/07\/messico-sheinbaum-candidata-del-partito-di-governo-alla-presidenza\/#primaryimage\"},\"thumbnailUrl\":\"https:\/\/puntodincontro.mx\/wp-content\/uploads\/2023\/09\/sheinbaumvert.webp\",\"articleSection\":[\"Cronaca\"],\"inLanguage\":\"es\",\"potentialAction\":[{\"@type\":\"CommentAction\",\"name\":\"Comment\",\"target\":[\"https:\/\/puntodincontro.mx\/2023\/09\/07\/messico-sheinbaum-candidata-del-partito-di-governo-alla-presidenza\/#respond\"]}]},{\"@type\":\"WebPage\",\"@id\":\"https:\/\/puntodincontro.mx\/2023\/09\/07\/messico-sheinbaum-candidata-del-partito-di-governo-alla-presidenza\/\",\"url\":\"https:\/\/puntodincontro.mx\/2023\/09\/07\/messico-sheinbaum-candidata-del-partito-di-governo-alla-presidenza\/\",\"name\":\"Messico, Sheinbaum candidata di Morena alla presidenza\",\"isPartOf\":{\"@id\":\"https:\/\/puntodincontro.mx\/#website\"},\"primaryImageOfPage\":{\"@id\":\"https:\/\/puntodincontro.mx\/2023\/09\/07\/messico-sheinbaum-candidata-del-partito-di-governo-alla-presidenza\/#primaryimage\"},\"image\":{\"@id\":\"https:\/\/puntodincontro.mx\/2023\/09\/07\/messico-sheinbaum-candidata-del-partito-di-governo-alla-presidenza\/#primaryimage\"},\"thumbnailUrl\":\"https:\/\/puntodincontro.mx\/wp-content\/uploads\/2023\/09\/sheinbaumvert.webp\",\"datePublished\":\"2023-09-07T07:07:16+00:00\",\"dateModified\":\"2023-09-07T07:08:12+00:00\",\"description\":\"L'ex sindaca di Citt\u00e0 del Messico, Claudia Sheinbaum, sar\u00e0 la candidata del Movimento di rigenerazione nazionale (Morena) alla presidenza.\",\"breadcrumb\":{\"@id\":\"https:\/\/puntodincontro.mx\/2023\/09\/07\/messico-sheinbaum-candidata-del-partito-di-governo-alla-presidenza\/#breadcrumb\"},\"inLanguage\":\"es\",\"potentialAction\":[{\"@type\":\"ReadAction\",\"target\":[\"https:\/\/puntodincontro.mx\/2023\/09\/07\/messico-sheinbaum-candidata-del-partito-di-governo-alla-presidenza\/\"]}]},{\"@type\":\"ImageObject\",\"inLanguage\":\"es\",\"@id\":\"https:\/\/puntodincontro.mx\/2023\/09\/07\/messico-sheinbaum-candidata-del-partito-di-governo-alla-presidenza\/#primaryimage\",\"url\":\"https:\/\/puntodincontro.mx\/wp-content\/uploads\/2023\/09\/sheinbaumvert.webp\",\"contentUrl\":\"https:\/\/puntodincontro.mx\/wp-content\/uploads\/2023\/09\/sheinbaumvert.webp\",\"width\":423,\"height\":488,\"caption\":\"Messico, Sheinbaum candidata del partito di governo alla presidenza \/ Foto: Nayeli Cruz\"},{\"@type\":\"BreadcrumbList\",\"@id\":\"https:\/\/puntodincontro.mx\/2023\/09\/07\/messico-sheinbaum-candidata-del-partito-di-governo-alla-presidenza\/#breadcrumb\",\"itemListElement\":[{\"@type\":\"ListItem\",\"position\":1,\"name\":\"Home\",\"item\":\"https:\/\/puntodincontro.mx\/\"},{\"@type\":\"ListItem\",\"position\":2,\"name\":\"Messico, Sheinbaum candidata del partito di governo alla presidenza\"}]},{\"@type\":\"WebSite\",\"@id\":\"https:\/\/puntodincontro.mx\/#website\",\"url\":\"https:\/\/puntodincontro.mx\/\",\"name\":\"Puntodincontro\",\"description\":\"Dal 2006 notizie sui rapporti Italia-Messico \/ Desde 2006 noticias sobre las relaciones entre Italia y M\u00e9xico\",\"publisher\":{\"@id\":\"https:\/\/puntodincontro.mx\/#organization\"},\"potentialAction\":[{\"@type\":\"SearchAction\",\"target\":{\"@type\":\"EntryPoint\",\"urlTemplate\":\"https:\/\/puntodincontro.mx\/?s={search_term_string}\"},\"query-input\":{\"@type\":\"PropertyValueSpecification\",\"valueRequired\":true,\"valueName\":\"search_term_string\"}}],\"inLanguage\":\"es\"},{\"@type\":\"Organization\",\"@id\":\"https:\/\/puntodincontro.mx\/#organization\",\"name\":\"Puntodincontro\",\"url\":\"https:\/\/puntodincontro.mx\/\",\"logo\":{\"@type\":\"ImageObject\",\"inLanguage\":\"es\",\"@id\":\"https:\/\/puntodincontro.mx\/#\/schema\/logo\/image\/\",\"url\":\"https:\/\/puntodincontro.mx\/wp-content\/uploads\/2021\/08\/Default-image-for-open-graph-settings.jpg\",\"contentUrl\":\"https:\/\/puntodincontro.mx\/wp-content\/uploads\/2021\/08\/Default-image-for-open-graph-settings.jpg\",\"width\":1200,\"height\":630,\"caption\":\"Puntodincontro\"},\"image\":{\"@id\":\"https:\/\/puntodincontro.mx\/#\/schema\/logo\/image\/\"},\"sameAs\":[\"https:\/\/www.facebook.com\/puntodincontro.mx\",\"https:\/\/x.com\/puntodincontro\",\"https:\/\/www.instagram.com\/puntodincontro.mx\/\",\"https:\/\/www.linkedin.com\/company\/puntodincontro\/\",\"https:\/\/www.youtube.com\/c\/puntodincontromessico\",\"https:\/\/www.patreon.com\/puntodincontro\",\"https:\/\/www.threads.net\/@puntodincontro.mx\"]},{\"@type\":\"Person\",\"@id\":\"https:\/\/puntodincontro.mx\/#\/schema\/person\/d3066d18a16259cbb0c29b0d0e93b556\",\"name\":\"Puntodincontro\",\"image\":{\"@type\":\"ImageObject\",\"inLanguage\":\"es\",\"@id\":\"https:\/\/puntodincontro.mx\/#\/schema\/person\/image\/\",\"url\":\"https:\/\/secure.gravatar.com\/avatar\/0e85b4b3b5e9d6bfcec6a4956d8cc63a?s=96&d=mm&r=g\",\"contentUrl\":\"https:\/\/secure.gravatar.com\/avatar\/0e85b4b3b5e9d6bfcec6a4956d8cc63a?s=96&d=mm&r=g\",\"caption\":\"Puntodincontro\"},\"url\":\"https:\/\/puntodincontro.mx\/es\/author\/puntodincontro\/\"}]}<\/script>\n<!-- \/ Yoast SEO Premium plugin. -->","yoast_head_json":{"title":"M\u00e9xico, Sheinbaum candidata de Morena a la presidencia","description":"L'ex sindaca di Citt\u00e0 del Messico, Claudia Sheinbaum, sar\u00e0 la candidata del Movimento di rigenerazione nazionale (Morena) alla presidenza.","robots":{"index":"index","follow":"follow","max-snippet":"max-snippet:-1","max-image-preview":"max-image-preview:large","max-video-preview":"max-video-preview:-1"},"canonical":"https:\/\/puntodincontro.mx\/es\/2023\/09\/07\/mexico-sheinbaum-candidata-del-partido-gobernante-a-la-presidencia\/","og_locale":"es_MX","og_type":"article","og_title":"Messico, Sheinbaum candidata del partito di governo alla presidenza","og_description":"L'ex sindaca di Citt\u00e0 del Messico, Claudia Sheinbaum, sar\u00e0 la candidata del Movimento di rigenerazione nazionale (Morena) alla presidenza.","og_url":"https:\/\/puntodincontro.mx\/es\/2023\/09\/07\/mexico-sheinbaum-candidata-del-partido-gobernante-a-la-presidencia\/","og_site_name":"Puntodincontro","article_publisher":"https:\/\/www.facebook.com\/puntodincontro.mx","article_published_time":"2023-09-07T07:07:16+00:00","article_modified_time":"2023-09-07T07:08:12+00:00","og_image":[{"width":932,"height":488,"url":"https:\/\/puntodincontro.mx\/wp-content\/uploads\/2023\/09\/sheinbaumcomp.jpg","type":"image\/jpeg"}],"author":"Puntodincontro","twitter_card":"summary_large_image","twitter_creator":"@puntodincontro","twitter_site":"@puntodincontro","twitter_misc":{"Escrito por":"Puntodincontro","Tiempo de lectura":"1 minuto"},"schema":{"@context":"https:\/\/schema.org","@graph":[{"@type":"NewsArticle","@id":"https:\/\/puntodincontro.mx\/2023\/09\/07\/messico-sheinbaum-candidata-del-partito-di-governo-alla-presidenza\/#article","isPartOf":{"@id":"https:\/\/puntodincontro.mx\/2023\/09\/07\/messico-sheinbaum-candidata-del-partito-di-governo-alla-presidenza\/"},"author":{"name":"Puntodincontro","@id":"https:\/\/puntodincontro.mx\/#\/schema\/person\/d3066d18a16259cbb0c29b0d0e93b556"},"headline":"Messico, Sheinbaum candidata del partito di governo alla presidenza","datePublished":"2023-09-07T07:07:16+00:00","dateModified":"2023-09-07T07:08:12+00:00","mainEntityOfPage":{"@id":"https:\/\/puntodincontro.mx\/2023\/09\/07\/messico-sheinbaum-candidata-del-partito-di-governo-alla-presidenza\/"},"wordCount":243,"commentCount":0,"publisher":{"@id":"https:\/\/puntodincontro.mx\/#organization"},"image":{"@id":"https:\/\/puntodincontro.mx\/2023\/09\/07\/messico-sheinbaum-candidata-del-partito-di-governo-alla-presidenza\/#primaryimage"},"thumbnailUrl":"https:\/\/puntodincontro.mx\/wp-content\/uploads\/2023\/09\/sheinbaumvert.webp","articleSection":["Cronaca"],"inLanguage":"es","potentialAction":[{"@type":"CommentAction","name":"Comment","target":["https:\/\/puntodincontro.mx\/2023\/09\/07\/messico-sheinbaum-candidata-del-partito-di-governo-alla-presidenza\/#respond"]}]},{"@type":"WebPage","@id":"https:\/\/puntodincontro.mx\/2023\/09\/07\/messico-sheinbaum-candidata-del-partito-di-governo-alla-presidenza\/","url":"https:\/\/puntodincontro.mx\/2023\/09\/07\/messico-sheinbaum-candidata-del-partito-di-governo-alla-presidenza\/","name":"M\u00e9xico, Sheinbaum candidata de Morena a la presidencia","isPartOf":{"@id":"https:\/\/puntodincontro.mx\/#website"},"primaryImageOfPage":{"@id":"https:\/\/puntodincontro.mx\/2023\/09\/07\/messico-sheinbaum-candidata-del-partito-di-governo-alla-presidenza\/#primaryimage"},"image":{"@id":"https:\/\/puntodincontro.mx\/2023\/09\/07\/messico-sheinbaum-candidata-del-partito-di-governo-alla-presidenza\/#primaryimage"},"thumbnailUrl":"https:\/\/puntodincontro.mx\/wp-content\/uploads\/2023\/09\/sheinbaumvert.webp","datePublished":"2023-09-07T07:07:16+00:00","dateModified":"2023-09-07T07:08:12+00:00","description":"L'ex sindaca di Citt\u00e0 del Messico, Claudia Sheinbaum, sar\u00e0 la candidata del Movimento di rigenerazione nazionale (Morena) alla presidenza.","breadcrumb":{"@id":"https:\/\/puntodincontro.mx\/2023\/09\/07\/messico-sheinbaum-candidata-del-partito-di-governo-alla-presidenza\/#breadcrumb"},"inLanguage":"es","potentialAction":[{"@type":"ReadAction","target":["https:\/\/puntodincontro.mx\/2023\/09\/07\/messico-sheinbaum-candidata-del-partito-di-governo-alla-presidenza\/"]}]},{"@type":"ImageObject","inLanguage":"es","@id":"https:\/\/puntodincontro.mx\/2023\/09\/07\/messico-sheinbaum-candidata-del-partito-di-governo-alla-presidenza\/#primaryimage","url":"https:\/\/puntodincontro.mx\/wp-content\/uploads\/2023\/09\/sheinbaumvert.webp","contentUrl":"https:\/\/puntodincontro.mx\/wp-content\/uploads\/2023\/09\/sheinbaumvert.webp","width":423,"height":488,"caption":"Messico, Sheinbaum candidata del partito di governo alla presidenza \/ Foto: Nayeli Cruz"},{"@type":"BreadcrumbList","@id":"https:\/\/puntodincontro.mx\/2023\/09\/07\/messico-sheinbaum-candidata-del-partito-di-governo-alla-presidenza\/#breadcrumb","itemListElement":[{"@type":"ListItem","position":1,"name":"Home","item":"https:\/\/puntodincontro.mx\/"},{"@type":"ListItem","position":2,"name":"Messico, Sheinbaum candidata del partito di governo alla presidenza"}]},{"@type":"WebSite","@id":"https:\/\/puntodincontro.mx\/#website","url":"https:\/\/puntodincontro.mx\/","name":"Puntodincontro","description":"Desde el 2006 noticias sobre las relaciones entre Italia y M\u00e9xico \/ Dal 2006 notizie sui rapporti Italia-Messico","publisher":{"@id":"https:\/\/puntodincontro.mx\/#organization"},"potentialAction":[{"@type":"SearchAction","target":{"@type":"EntryPoint","urlTemplate":"https:\/\/puntodincontro.mx\/?s={search_term_string}"},"query-input":{"@type":"PropertyValueSpecification","valueRequired":true,"valueName":"search_term_string"}}],"inLanguage":"es"},{"@type":"Organization","@id":"https:\/\/puntodincontro.mx\/#organization","name":"Puntodincontro","url":"https:\/\/puntodincontro.mx\/","logo":{"@type":"ImageObject","inLanguage":"es","@id":"https:\/\/puntodincontro.mx\/#\/schema\/logo\/image\/","url":"https:\/\/puntodincontro.mx\/wp-content\/uploads\/2021\/08\/Default-image-for-open-graph-settings.jpg","contentUrl":"https:\/\/puntodincontro.mx\/wp-content\/uploads\/2021\/08\/Default-image-for-open-graph-settings.jpg","width":1200,"height":630,"caption":"Puntodincontro"},"image":{"@id":"https:\/\/puntodincontro.mx\/#\/schema\/logo\/image\/"},"sameAs":["https:\/\/www.facebook.com\/puntodincontro.mx","https:\/\/x.com\/puntodincontro","https:\/\/www.instagram.com\/puntodincontro.mx\/","https:\/\/www.linkedin.com\/company\/puntodincontro\/","https:\/\/www.youtube.com\/c\/puntodincontromessico","https:\/\/www.patreon.com\/puntodincontro","https:\/\/www.threads.net\/@puntodincontro.mx"]},{"@type":"Person","@id":"https:\/\/puntodincontro.mx\/#\/schema\/person\/d3066d18a16259cbb0c29b0d0e93b556","name":"Puntodincontro","image":{"@type":"ImageObject","inLanguage":"es","@id":"https:\/\/puntodincontro.mx\/#\/schema\/person\/image\/","url":"https:\/\/secure.gravatar.com\/avatar\/0e85b4b3b5e9d6bfcec6a4956d8cc63a?s=96&d=mm&r=g","contentUrl":"https:\/\/secure.gravatar.com\/avatar\/0e85b4b3b5e9d6bfcec6a4956d8cc63a?s=96&d=mm&r=g","caption":"Puntodincontro"},"url":"https:\/\/puntodincontro.mx\/es\/author\/puntodincontro\/"}]}},"_links":{"self":[{"href":"https:\/\/puntodincontro.mx\/es\/wp-json\/wp\/v2\/posts\/15412"}],"collection":[{"href":"https:\/\/puntodincontro.mx\/es\/wp-json\/wp\/v2\/posts"}],"about":[{"href":"https:\/\/puntodincontro.mx\/es\/wp-json\/wp\/v2\/types\/post"}],"author":[{"embeddable":true,"href":"https:\/\/puntodincontro.mx\/es\/wp-json\/wp\/v2\/users\/2"}],"replies":[{"embeddable":true,"href":"https:\/\/puntodincontro.mx\/es\/wp-json\/wp\/v2\/comments?post=15412"}],"version-history":[{"count":6,"href":"https:\/\/puntodincontro.mx\/es\/wp-json\/wp\/v2\/posts\/15412\/revisions"}],"predecessor-version":[{"id":15421,"href":"https:\/\/puntodincontro.mx\/es\/wp-json\/wp\/v2\/posts\/15412\/revisions\/15421"}],"wp:featuredmedia":[{"embeddable":true,"href":"https:\/\/puntodincontro.mx\/es\/wp-json\/wp\/v2\/media\/15418"}],"wp:attachment":[{"href":"https:\/\/puntodincontro.mx\/es\/wp-json\/wp\/v2\/media?parent=15412"}],"wp:term":[{"taxonomy":"category","embeddable":true,"href":"https:\/\/puntodincontro.mx\/es\/wp-json\/wp\/v2\/categories?post=15412"},{"taxonomy":"post_tag","embeddable":true,"href":"https:\/\/puntodincontro.mx\/es\/wp-json\/wp\/v2\/tags?post=15412"}],"curies":[{"name":"wp","href":"https:\/\/api.w.org\/{rel}","templated":true}]}}