{"id":15935,"date":"2023-10-12T15:10:42","date_gmt":"2023-10-12T20:10:42","guid":{"rendered":"https:\/\/puntodincontro.mx\/?p=15935"},"modified":"2023-10-12T15:51:14","modified_gmt":"2023-10-12T20:51:14","slug":"mas-fondos-cambia-su-imagen-sera-operadora-de-fondos-azimut-mexico","status":"publish","type":"post","link":"https:\/\/puntodincontro.mx\/es\/2023\/10\/12\/mas-fondos-cambia-immagine-sara-operadora-de-fondos-azimut-mexico\/","title":{"rendered":"M\u00e1s Fondos cambia su imagen: ser\u00e1 Operadora de Fondos Azimut-M\u00e9xico"},"content":{"rendered":"<p class=\"translation-block\"><strong>13:41 hrs.<\/strong> - En un comunicado dirigido a sus clientes, M\u00e1s Fondos S.A de C.V. anunci\u00f3 que a partir del 13 de octubre de 2023 su denominaci\u00f3n cambiar\u00e1 a OPERADORA DE FONDOS AZIMUT-MEXICO, S.A. DE C.V. SOCIEDAD OPERADORA DE FONDOS DE INVERSI\u00d3N.<\/p>\n\n\n\n<p>\u00abEste cambio\u00bb \u2014se lee en el texto\u2014 \u00abforma parte de la estrategia global \u2014UN GRUPO, UNA MARCA, UNA EMPRESA\u2014 que unifica nuestras marcas y valores en el GRUPO AZIMUT, del que formamos parte y que es uno de las principales administradoras de activos independientes de Europa, actualmente con m\u00e1s de 95 mil millones de d\u00f3lares gestionados y presencia en 18 pa\u00edses\u00bb.<\/p>\n\n\n\n<p>\u00abEn M\u00e9xico\u00bb \u2014contin\u00faa Meria Grazia Sonzogni, presidente y CEO\u2014 \u00abtenemos presencia desde hace m\u00e1s de 20 a\u00f1os y actualmente administramos m\u00e1s de 20 mil millones de pesos, con una variedad de fondos propios y asociaciones estrat\u00e9gicas que ampl\u00edan nuestra oferta de inversi\u00f3n. M\u00e1s que los n\u00fameros, valoramos la conexi\u00f3n personal y el servicio adaptado a las necesidades de nuestros clientes a trav\u00e9s de una red de asesores financieros certificados en estrategias de inversi\u00f3n\u00bb.<\/p>\n\n\n\n<p class=\"translation-block\">\u00abLos servicios y operaciones continuar\u00e1n como hasta ahora, sin embargo, cuando llegue el momento nuestro sitio web ser\u00e1 <a href=\"https:\/\/azimut.mx\" target=\"_self\">www.azimut.mx<\/a> y las redes sociales junto con los dem\u00e1s canales de comunicaci\u00f3n y promoci\u00f3n se actualizar\u00e1n bajo el nombre de AZIMUT\u00bb, afirma el comunicado.<\/p>\n\n\n\n<p>\u00abEl Grupo Azimut\u00bb \u2014contin\u00faa Maria Grazia\u2014 \u00abreafirma su compromiso con M\u00e9xico, un pa\u00eds lleno de oportunidades de crecimiento, punto estrat\u00e9gico para la producci\u00f3n y el comercio global gracias a su posici\u00f3n geogr\u00e1fica privilegiada y a una red de infraestructura en expansi\u00f3n\u00bb.<\/p>\n\n\n\n<p>\u00abEstamos orgullosos de haber tra\u00eddo nuestras principales estrategias de inversi\u00f3n globales a este territorio din\u00e1mico; nuestra pasi\u00f3n es ayudar a nuestros clientes a alcanzar sus objetivos financieros. En AZIMUT-M\u00c9XICO creamos un futuro financiero sustentable\u00bb, concluye Sonzogni.<\/p>\n\n\n\n<p>La pr\u00f3xima cita de Azimut en M\u00e9xico ser\u00e1 un desayuno con los socios de la C\u00e1mara de Comercio Italiana el pr\u00f3ximo 19 de octubre en la Societ\u00e0 Dante Alighieri de la capital del pa\u00eds, un evento en el que se tratar\u00e1n temas relacionados con megatendencias contempor\u00e1neas como la salud y el bienestar, la inteligencia artificial y ESG.<\/p>\n\n\n\n<p>Adem\u00e1s, a finales de octubre tendr\u00e1 lugar en Canc\u00fan la primera conferencia internacional del Grupo y en la \u00faltima semana de noviembre se presentar\u00e1 el primer y \u00fanico fondo del mundo que invierte en autos antiguos de lujo con un car\u00e1cter sostenible que cuenta con una asociaci\u00f3n plurianual con Ferrari.<\/p>\n\n\n<div class=\"wp-block-image\">\n<figure class=\"aligncenter size-full\"><a href=\"https:\/\/puntodincontro.mx\/pdf\/azimut.pdf\" target=\"_blank\" rel=\"noreferrer noopener\"><img loading=\"lazy\" decoding=\"async\" width=\"800\" height=\"449\" src=\"https:\/\/puntodincontro.mx\/wp-content\/uploads\/2023\/10\/azimutimmagine.webp\" alt=\"\" class=\"wp-image-15948\" srcset=\"https:\/\/puntodincontro.mx\/wp-content\/uploads\/2023\/10\/azimutimmagine.webp 800w, https:\/\/puntodincontro.mx\/wp-content\/uploads\/2023\/10\/azimutimmagine-300x168.webp 300w, https:\/\/puntodincontro.mx\/wp-content\/uploads\/2023\/10\/azimutimmagine-768x431.webp 768w, https:\/\/puntodincontro.mx\/wp-content\/uploads\/2023\/10\/azimutimmagine-18x10.webp 18w\" sizes=\"(max-width: 800px) 100vw, 800px\" \/><\/a><\/figure><\/div>\n\n\n<div style=\"height:6px\" aria-hidden=\"true\" class=\"wp-block-spacer\"><\/div>\n\n\n\n<p class=\"has-text-align-center has-small-font-size\">Haz clic en la imagen para ampliar<\/p>\n\n\n\n<div style=\"height:12px\" aria-hidden=\"true\" class=\"wp-block-spacer\"><\/div>\n\n\n\n<div style=\"height:12px\" aria-hidden=\"true\" class=\"wp-block-spacer\"><\/div>\n\n\n<!-- Ad space powered by WP AdCenter v2.5.7 - https:\/\/wpadcenter.com\/ --><div class=\"wpadcenter-adgroup\" ><div class=\"wpadcenter-adgroup__row wpadcenter-aligncenter\"><div class=\"wpadcenter-ad-container\" ><div id=\"wpadcenter-ad-18464\" class=\"ad-placement\"><div class=\"wpadcenter-ad-inner\" ><a id=\"wpadcenter_ad\" data-value=\"18464\" data-placement=\"\" href=\"https:\/\/www.productosremo.com\/\" target=\"_blank\" class=\"wpadcenter-ad-inner__item\" ><img decoding=\"async\"   src=\"https:\/\/puntodincontro.mx\/wp-content\/uploads\/2021\/08\/remobanner.jpg\" class=\"attachment-post-thumbnail size-post-thumbnail wp-post-image\" alt=\"\" srcset=\"https:\/\/puntodincontro.mx\/wp-content\/uploads\/2021\/08\/remobanner.jpg 200w, https:\/\/puntodincontro.mx\/wp-content\/uploads\/2021\/08\/remobanner-16x5.jpg 16w\" sizes=\"(max-width: 200px) 100vw, 200px\" \/><\/a><\/div><\/div><\/div><div class=\"wpadcenter-ad-container\" ><div id=\"wpadcenter-ad-5305\" class=\"ad-placement\"><div class=\"wpadcenter-ad-inner\" ><a id=\"wpadcenter_ad\" data-value=\"5305\" data-placement=\"\" href=\"https:\/\/ambcittadelmessico.esteri.it\/ambasciata_cittadelmessico\/it\/\" target=\"_blank\" class=\"wpadcenter-ad-inner__item\" ><img decoding=\"async\"   src=\"https:\/\/puntodincontro.mx\/wp-content\/uploads\/2022\/05\/Ambasciata.jpg\" class=\"attachment-post-thumbnail size-post-thumbnail wp-post-image\" alt=\"\" srcset=\"https:\/\/puntodincontro.mx\/wp-content\/uploads\/2022\/05\/Ambasciata.jpg 200w, https:\/\/puntodincontro.mx\/wp-content\/uploads\/2022\/05\/Ambasciata-18x5.jpg 18w\" sizes=\"(max-width: 200px) 100vw, 200px\" \/><\/a><\/div><\/div><\/div><div class=\"wpadcenter-ad-container\" ><div id=\"wpadcenter-ad-3781\" class=\"ad-placement\"><div class=\"wpadcenter-ad-inner\" ><a id=\"wpadcenter_ad\" data-value=\"3781\" data-placement=\"\" href=\"https:\/\/cannizzo.com.mx\/\" target=\"_blank\" class=\"wpadcenter-ad-inner__item\" ><img decoding=\"async\"   src=\"https:\/\/puntodincontro.mx\/wp-content\/uploads\/2022\/03\/cannizzo2.jpg\" class=\"attachment-post-thumbnail size-post-thumbnail wp-post-image\" alt=\"\" srcset=\"https:\/\/puntodincontro.mx\/wp-content\/uploads\/2022\/03\/cannizzo2.jpg 200w, https:\/\/puntodincontro.mx\/wp-content\/uploads\/2022\/03\/cannizzo2-18x5.jpg 18w\" sizes=\"(max-width: 200px) 100vw, 200px\" \/><\/a><\/div><\/div><\/div><\/div><div class=\"wpadcenter-adgroup__row wpadcenter-aligncenter\"><div class=\"wpadcenter-ad-container\" ><div id=\"wpadcenter-ad-1704\" class=\"ad-placement\"><div class=\"wpadcenter-ad-inner\" ><a id=\"wpadcenter_ad\" data-value=\"1704\" data-placement=\"\" href=\"https:\/\/puntodincontro.mx\/es\/2021\/12\/24\/inps-verificacion-de-supervivencia-de-los-pensionados-en-el-extranjero\/\" target=\"_blank\" class=\"wpadcenter-ad-inner__item\" ><img decoding=\"async\"   src=\"https:\/\/puntodincontro.mx\/wp-content\/uploads\/2021\/11\/logo-ital.jpg\" class=\"attachment-post-thumbnail size-post-thumbnail wp-post-image\" alt=\"Patronato ITAL Messico\" srcset=\"https:\/\/puntodincontro.mx\/wp-content\/uploads\/2021\/11\/logo-ital.jpg 200w, https:\/\/puntodincontro.mx\/wp-content\/uploads\/2021\/11\/logo-ital-16x5.jpg 16w\" sizes=\"(max-width: 200px) 100vw, 200px\" \/><\/a><\/div><\/div><\/div><div class=\"wpadcenter-ad-container\" ><div id=\"wpadcenter-ad-1538\" class=\"ad-placement\"><div class=\"wpadcenter-ad-inner\" ><a id=\"wpadcenter_ad\" data-value=\"1538\" data-placement=\"\" href=\"https:\/\/asociacionitaliana.org\/\" target=\"_blank\" class=\"wpadcenter-ad-inner__item\" ><img decoding=\"async\"   src=\"https:\/\/puntodincontro.mx\/wp-content\/uploads\/2021\/11\/aialogo.jpg\" class=\"attachment-post-thumbnail size-post-thumbnail wp-post-image\" alt=\"Associazione Italiana di Assistenza IAP\" srcset=\"https:\/\/puntodincontro.mx\/wp-content\/uploads\/2021\/11\/aialogo.jpg 200w, https:\/\/puntodincontro.mx\/wp-content\/uploads\/2021\/11\/aialogo-18x5.jpg 18w\" sizes=\"(max-width: 200px) 100vw, 200px\" \/><\/a><\/div><\/div><\/div><div class=\"wpadcenter-ad-container\" ><div id=\"wpadcenter-ad-1513\" class=\"ad-placement\"><div class=\"wpadcenter-ad-inner\" ><a id=\"wpadcenter_ad\" data-value=\"1513\" data-placement=\"\" href=\"https:\/\/gcinmuebles.mx\" target=\"_blank\" class=\"wpadcenter-ad-inner__item\" ><img decoding=\"async\"   src=\"https:\/\/puntodincontro.mx\/wp-content\/uploads\/2021\/10\/gcinmuebleslogopunto-1.jpg\" class=\"attachment-post-thumbnail size-post-thumbnail wp-post-image\" alt=\"\" srcset=\"https:\/\/puntodincontro.mx\/wp-content\/uploads\/2021\/10\/gcinmuebleslogopunto-1.jpg 200w, https:\/\/puntodincontro.mx\/wp-content\/uploads\/2021\/10\/gcinmuebleslogopunto-1-18x5.jpg 18w\" sizes=\"(max-width: 200px) 100vw, 200px\" \/><\/a><\/div><\/div><\/div><\/div><div class=\"wpadcenter-adgroup__row wpadcenter-aligncenter\"><div class=\"wpadcenter-ad-container\" ><div id=\"wpadcenter-ad-1374\" class=\"ad-placement\"><div class=\"wpadcenter-ad-inner\" ><a id=\"wpadcenter_ad\" data-value=\"1374\" data-placement=\"\" href=\"https:\/\/www.9colonne.it\/\" target=\"_blank\" class=\"wpadcenter-ad-inner__item\" ><img decoding=\"async\"   src=\"https:\/\/puntodincontro.mx\/wp-content\/uploads\/2021\/10\/Banner9colonne.gif\" class=\"attachment-post-thumbnail size-post-thumbnail wp-post-image\" alt=\"\" \/><\/a><\/div><\/div><\/div><div class=\"wpadcenter-ad-container\" ><div id=\"wpadcenter-ad-276\" class=\"ad-placement\"><div class=\"wpadcenter-ad-inner\" ><a id=\"wpadcenter_ad\" data-value=\"276\" data-placement=\"\" href=\"http:\/\/www.camaraitaliana.mx\/\" target=\"_blank\" class=\"wpadcenter-ad-inner__item\" ><img decoding=\"async\"   src=\"https:\/\/puntodincontro.mx\/wp-content\/uploads\/2021\/08\/ccimnuovo.jpg\" class=\"attachment-post-thumbnail size-post-thumbnail wp-post-image\" alt=\"\" srcset=\"https:\/\/puntodincontro.mx\/wp-content\/uploads\/2021\/08\/ccimnuovo.jpg 200w, https:\/\/puntodincontro.mx\/wp-content\/uploads\/2021\/08\/ccimnuovo-18x5.jpg 18w\" sizes=\"(max-width: 200px) 100vw, 200px\" \/><\/a><\/div><\/div><\/div><div class=\"wpadcenter-ad-container\" ><div id=\"wpadcenter-ad-272\" class=\"ad-placement\"><div class=\"wpadcenter-ad-inner\" ><a id=\"wpadcenter_ad\" data-value=\"272\" data-placement=\"\" href=\"http:\/\/corix.us\/\" target=\"_blank\" class=\"wpadcenter-ad-inner__item\" ><img decoding=\"async\"   src=\"https:\/\/puntodincontro.mx\/wp-content\/uploads\/2021\/08\/corixbanner-1.jpg\" class=\"attachment-post-thumbnail size-post-thumbnail wp-post-image\" alt=\"\" srcset=\"https:\/\/puntodincontro.mx\/wp-content\/uploads\/2021\/08\/corixbanner-1.jpg 200w, https:\/\/puntodincontro.mx\/wp-content\/uploads\/2021\/08\/corixbanner-1-16x5.jpg 16w\" sizes=\"(max-width: 200px) 100vw, 200px\" \/><\/a><\/div><\/div><\/div><\/div><div class=\"wpadcenter-adgroup__row wpadcenter-aligncenter\"><div class=\"wpadcenter-ad-container\" ><div id=\"wpadcenter-ad-266\" class=\"ad-placement\"><div class=\"wpadcenter-ad-inner\" ><a id=\"wpadcenter_ad\" data-value=\"266\" data-placement=\"\" href=\"https:\/\/www.prinsel.com.mx\/\" target=\"_blank\" class=\"wpadcenter-ad-inner__item\" ><img decoding=\"async\"   src=\"https:\/\/puntodincontro.mx\/wp-content\/uploads\/2021\/08\/prinselbanner-1.jpg\" class=\"attachment-post-thumbnail size-post-thumbnail wp-post-image\" alt=\"\" srcset=\"https:\/\/puntodincontro.mx\/wp-content\/uploads\/2021\/08\/prinselbanner-1.jpg 200w, https:\/\/puntodincontro.mx\/wp-content\/uploads\/2021\/08\/prinselbanner-1-16x5.jpg 16w\" sizes=\"(max-width: 200px) 100vw, 200px\" \/><\/a><\/div><\/div><\/div><div class=\"wpadcenter-ad-container\" ><div id=\"wpadcenter-ad-261\" class=\"ad-placement\"><div class=\"wpadcenter-ad-inner\" ><a id=\"wpadcenter_ad\" data-value=\"261\" data-placement=\"\" href=\"https:\/\/faitalia.com.mx\/\" target=\"_blank\" class=\"wpadcenter-ad-inner__item\" ><img decoding=\"async\"   src=\"https:\/\/puntodincontro.mx\/wp-content\/uploads\/2021\/08\/gruppodino.jpg\" class=\"attachment-post-thumbnail size-post-thumbnail wp-post-image\" alt=\"\" srcset=\"https:\/\/puntodincontro.mx\/wp-content\/uploads\/2021\/08\/gruppodino.jpg 200w, https:\/\/puntodincontro.mx\/wp-content\/uploads\/2021\/08\/gruppodino-18x5.jpg 18w\" sizes=\"(max-width: 200px) 100vw, 200px\" \/><\/a><\/div><\/div><\/div><\/div><\/div>\n\n\n<div style=\"height:12px\" aria-hidden=\"true\" class=\"wp-block-spacer\"><\/div>","protected":false},"excerpt":{"rendered":"<p>13:41 hrs. &#8211; In un comunicato rivolto ai propri clienti, M\u00e1s Fondos S.A de C.V. ha annunciato che dal 13 ottobre 2023 la sua denominazione cambier\u00e0 per diventare OPERADORA DE FONDOS AZIMUT-MEXICO, S.A. DE C.V. SOCIEDAD OPERADORA DE FONDOS DE INVERSI\u00d3N. \u00abQuesto cambiamento\u00bb \u2014si legge nel testo\u2014 \u00abfa parte della strategia globale \u2014ONE GROUP, ONE BRAND, ONE COMPANY\u2014 che unifica i nostri marchi e valori nel GRUPPO AZIMUT, di cui facciamo parte e che \u00e8 uno dei principali gestori patrimoniali indipendenti in Europa, attualmente con oltre 95 miliardi di dollari gestiti e presenza in 18 Paesi\u00bb. \u00abIn Messico\u00bb \u2014prosegue Meria&#8230; <\/p>","protected":false},"author":2,"featured_media":15946,"comment_status":"open","ping_status":"open","sticky":false,"template":"","format":"standard","meta":{"_monsterinsights_skip_tracking":false,"_monsterinsights_sitenote_active":false,"_monsterinsights_sitenote_note":"","_monsterinsights_sitenote_category":0,"footnotes":""},"categories":[3],"tags":[],"class_list":["post-15935","post","type-post","status-publish","format-standard","has-post-thumbnail","hentry","category-economia-e-finanza"],"yoast_head":"<!-- This site is optimized with the Yoast SEO Premium plugin v18.4 (Yoast SEO v25.6) - https:\/\/yoast.com\/wordpress\/plugins\/seo\/ -->\n<title>M\u00e1s Fondos diventa Operadora de Fondos Azimut-M\u00e9xico<\/title>\n<meta name=\"description\" content=\"In un comunicato rivolto ai propri clienti, M\u00e1s Fondos ha annunciato che dal 13 ottobre 2023 cambier\u00e0 denominazione e immagine.\" \/>\n<meta name=\"robots\" content=\"index, follow, max-snippet:-1, max-image-preview:large, max-video-preview:-1\" \/>\n<link rel=\"canonical\" href=\"https:\/\/puntodincontro.mx\/es\/2023\/10\/12\/mas-fondos-cambia-su-imagen-sera-operadora-de-fondos-azimut-mexico\/\" \/>\n<meta property=\"og:locale\" content=\"es_MX\" \/>\n<meta property=\"og:type\" content=\"article\" \/>\n<meta property=\"og:title\" content=\"M\u00e1s Fondos cambia immagine: sar\u00e0 Operadora de Fondos Azimut-M\u00e9xico\" \/>\n<meta property=\"og:description\" content=\"In un comunicato rivolto ai propri clienti, M\u00e1s Fondos ha annunciato che dal 13 ottobre 2023 cambier\u00e0 denominazione e immagine.\" \/>\n<meta property=\"og:url\" content=\"https:\/\/puntodincontro.mx\/es\/2023\/10\/12\/mas-fondos-cambia-su-imagen-sera-operadora-de-fondos-azimut-mexico\/\" \/>\n<meta property=\"og:site_name\" content=\"Puntodincontro\" \/>\n<meta property=\"article:publisher\" content=\"https:\/\/www.facebook.com\/puntodincontro.mx\" \/>\n<meta property=\"article:published_time\" content=\"2023-10-12T20:10:42+00:00\" \/>\n<meta property=\"article:modified_time\" content=\"2023-10-12T20:51:14+00:00\" \/>\n<meta property=\"og:image\" content=\"https:\/\/puntodincontro.mx\/wp-content\/uploads\/2023\/10\/azimutcomp.jpg\" \/>\n\t<meta property=\"og:image:width\" content=\"932\" \/>\n\t<meta property=\"og:image:height\" content=\"488\" \/>\n\t<meta property=\"og:image:type\" content=\"image\/jpeg\" \/>\n<meta name=\"author\" content=\"Puntodincontro\" \/>\n<meta name=\"twitter:card\" content=\"summary_large_image\" \/>\n<meta name=\"twitter:creator\" content=\"@puntodincontro\" \/>\n<meta name=\"twitter:site\" content=\"@puntodincontro\" \/>\n<meta name=\"twitter:label1\" content=\"Escrito por\" \/>\n\t<meta name=\"twitter:data1\" content=\"Puntodincontro\" \/>\n\t<meta name=\"twitter:label2\" content=\"Tiempo de lectura\" \/>\n\t<meta name=\"twitter:data2\" content=\"2 minutos\" \/>\n<script type=\"application\/ld+json\" class=\"yoast-schema-graph\">{\"@context\":\"https:\/\/schema.org\",\"@graph\":[{\"@type\":\"NewsArticle\",\"@id\":\"https:\/\/puntodincontro.mx\/2023\/10\/12\/mas-fondos-cambia-immagine-sara-operadora-de-fondos-azimut-mexico\/#article\",\"isPartOf\":{\"@id\":\"https:\/\/puntodincontro.mx\/2023\/10\/12\/mas-fondos-cambia-immagine-sara-operadora-de-fondos-azimut-mexico\/\"},\"author\":{\"name\":\"Puntodincontro\",\"@id\":\"https:\/\/puntodincontro.mx\/#\/schema\/person\/d3066d18a16259cbb0c29b0d0e93b556\"},\"headline\":\"M\u00e1s Fondos cambia immagine: sar\u00e0 Operadora de Fondos Azimut-M\u00e9xico\",\"datePublished\":\"2023-10-12T20:10:42+00:00\",\"dateModified\":\"2023-10-12T20:51:14+00:00\",\"mainEntityOfPage\":{\"@id\":\"https:\/\/puntodincontro.mx\/2023\/10\/12\/mas-fondos-cambia-immagine-sara-operadora-de-fondos-azimut-mexico\/\"},\"wordCount\":402,\"commentCount\":2,\"publisher\":{\"@id\":\"https:\/\/puntodincontro.mx\/#organization\"},\"image\":{\"@id\":\"https:\/\/puntodincontro.mx\/2023\/10\/12\/mas-fondos-cambia-immagine-sara-operadora-de-fondos-azimut-mexico\/#primaryimage\"},\"thumbnailUrl\":\"https:\/\/puntodincontro.mx\/wp-content\/uploads\/2023\/10\/azimutvert.webp\",\"articleSection\":[\"Economia e finanza\"],\"inLanguage\":\"es\",\"potentialAction\":[{\"@type\":\"CommentAction\",\"name\":\"Comment\",\"target\":[\"https:\/\/puntodincontro.mx\/2023\/10\/12\/mas-fondos-cambia-immagine-sara-operadora-de-fondos-azimut-mexico\/#respond\"]}]},{\"@type\":\"WebPage\",\"@id\":\"https:\/\/puntodincontro.mx\/2023\/10\/12\/mas-fondos-cambia-immagine-sara-operadora-de-fondos-azimut-mexico\/\",\"url\":\"https:\/\/puntodincontro.mx\/2023\/10\/12\/mas-fondos-cambia-immagine-sara-operadora-de-fondos-azimut-mexico\/\",\"name\":\"M\u00e1s Fondos diventa Operadora de Fondos Azimut-M\u00e9xico\",\"isPartOf\":{\"@id\":\"https:\/\/puntodincontro.mx\/#website\"},\"primaryImageOfPage\":{\"@id\":\"https:\/\/puntodincontro.mx\/2023\/10\/12\/mas-fondos-cambia-immagine-sara-operadora-de-fondos-azimut-mexico\/#primaryimage\"},\"image\":{\"@id\":\"https:\/\/puntodincontro.mx\/2023\/10\/12\/mas-fondos-cambia-immagine-sara-operadora-de-fondos-azimut-mexico\/#primaryimage\"},\"thumbnailUrl\":\"https:\/\/puntodincontro.mx\/wp-content\/uploads\/2023\/10\/azimutvert.webp\",\"datePublished\":\"2023-10-12T20:10:42+00:00\",\"dateModified\":\"2023-10-12T20:51:14+00:00\",\"description\":\"In un comunicato rivolto ai propri clienti, M\u00e1s Fondos ha annunciato che dal 13 ottobre 2023 cambier\u00e0 denominazione e immagine.\",\"breadcrumb\":{\"@id\":\"https:\/\/puntodincontro.mx\/2023\/10\/12\/mas-fondos-cambia-immagine-sara-operadora-de-fondos-azimut-mexico\/#breadcrumb\"},\"inLanguage\":\"es\",\"potentialAction\":[{\"@type\":\"ReadAction\",\"target\":[\"https:\/\/puntodincontro.mx\/2023\/10\/12\/mas-fondos-cambia-immagine-sara-operadora-de-fondos-azimut-mexico\/\"]}]},{\"@type\":\"ImageObject\",\"inLanguage\":\"es\",\"@id\":\"https:\/\/puntodincontro.mx\/2023\/10\/12\/mas-fondos-cambia-immagine-sara-operadora-de-fondos-azimut-mexico\/#primaryimage\",\"url\":\"https:\/\/puntodincontro.mx\/wp-content\/uploads\/2023\/10\/azimutvert.webp\",\"contentUrl\":\"https:\/\/puntodincontro.mx\/wp-content\/uploads\/2023\/10\/azimutvert.webp\",\"width\":423,\"height\":488,\"caption\":\"M\u00e1s Fondos cambia immagine: sar\u00e0 Operadora de Fondos Azimut-M\u00e9xico \/ Immagine: Azimut Group\"},{\"@type\":\"BreadcrumbList\",\"@id\":\"https:\/\/puntodincontro.mx\/2023\/10\/12\/mas-fondos-cambia-immagine-sara-operadora-de-fondos-azimut-mexico\/#breadcrumb\",\"itemListElement\":[{\"@type\":\"ListItem\",\"position\":1,\"name\":\"Home\",\"item\":\"https:\/\/puntodincontro.mx\/\"},{\"@type\":\"ListItem\",\"position\":2,\"name\":\"M\u00e1s Fondos cambia immagine: sar\u00e0 Operadora de Fondos Azimut-M\u00e9xico\"}]},{\"@type\":\"WebSite\",\"@id\":\"https:\/\/puntodincontro.mx\/#website\",\"url\":\"https:\/\/puntodincontro.mx\/\",\"name\":\"Puntodincontro\",\"description\":\"Dal 2006 notizie sui rapporti Italia-Messico \/ Desde 2006 noticias sobre las relaciones entre Italia y M\u00e9xico\",\"publisher\":{\"@id\":\"https:\/\/puntodincontro.mx\/#organization\"},\"potentialAction\":[{\"@type\":\"SearchAction\",\"target\":{\"@type\":\"EntryPoint\",\"urlTemplate\":\"https:\/\/puntodincontro.mx\/?s={search_term_string}\"},\"query-input\":{\"@type\":\"PropertyValueSpecification\",\"valueRequired\":true,\"valueName\":\"search_term_string\"}}],\"inLanguage\":\"es\"},{\"@type\":\"Organization\",\"@id\":\"https:\/\/puntodincontro.mx\/#organization\",\"name\":\"Puntodincontro\",\"url\":\"https:\/\/puntodincontro.mx\/\",\"logo\":{\"@type\":\"ImageObject\",\"inLanguage\":\"es\",\"@id\":\"https:\/\/puntodincontro.mx\/#\/schema\/logo\/image\/\",\"url\":\"https:\/\/puntodincontro.mx\/wp-content\/uploads\/2021\/08\/Default-image-for-open-graph-settings.jpg\",\"contentUrl\":\"https:\/\/puntodincontro.mx\/wp-content\/uploads\/2021\/08\/Default-image-for-open-graph-settings.jpg\",\"width\":1200,\"height\":630,\"caption\":\"Puntodincontro\"},\"image\":{\"@id\":\"https:\/\/puntodincontro.mx\/#\/schema\/logo\/image\/\"},\"sameAs\":[\"https:\/\/www.facebook.com\/puntodincontro.mx\",\"https:\/\/x.com\/puntodincontro\",\"https:\/\/www.instagram.com\/puntodincontro.mx\/\",\"https:\/\/www.linkedin.com\/company\/puntodincontro\/\",\"https:\/\/www.youtube.com\/c\/puntodincontromessico\",\"https:\/\/www.patreon.com\/puntodincontro\",\"https:\/\/www.threads.net\/@puntodincontro.mx\"]},{\"@type\":\"Person\",\"@id\":\"https:\/\/puntodincontro.mx\/#\/schema\/person\/d3066d18a16259cbb0c29b0d0e93b556\",\"name\":\"Puntodincontro\",\"image\":{\"@type\":\"ImageObject\",\"inLanguage\":\"es\",\"@id\":\"https:\/\/puntodincontro.mx\/#\/schema\/person\/image\/\",\"url\":\"https:\/\/secure.gravatar.com\/avatar\/0e85b4b3b5e9d6bfcec6a4956d8cc63a?s=96&d=mm&r=g\",\"contentUrl\":\"https:\/\/secure.gravatar.com\/avatar\/0e85b4b3b5e9d6bfcec6a4956d8cc63a?s=96&d=mm&r=g\",\"caption\":\"Puntodincontro\"},\"url\":\"https:\/\/puntodincontro.mx\/es\/author\/puntodincontro\/\"}]}<\/script>\n<!-- \/ Yoast SEO Premium plugin. -->","yoast_head_json":{"title":"M\u00e1s Fondos se convierte en Operadora de Fondos Azimut-M\u00e9xico","description":"En un comunicado dirigido a sus clientes, M\u00e1s Fondos anunci\u00f3 que a partir del 13 de octubre de 2023 cambiar\u00e1 de nombre e imagen.","robots":{"index":"index","follow":"follow","max-snippet":"max-snippet:-1","max-image-preview":"max-image-preview:large","max-video-preview":"max-video-preview:-1"},"canonical":"https:\/\/puntodincontro.mx\/es\/2023\/10\/12\/mas-fondos-cambia-su-imagen-sera-operadora-de-fondos-azimut-mexico\/","og_locale":"es_MX","og_type":"article","og_title":"M\u00e1s Fondos cambia immagine: sar\u00e0 Operadora de Fondos Azimut-M\u00e9xico","og_description":"In un comunicato rivolto ai propri clienti, M\u00e1s Fondos ha annunciato che dal 13 ottobre 2023 cambier\u00e0 denominazione e immagine.","og_url":"https:\/\/puntodincontro.mx\/es\/2023\/10\/12\/mas-fondos-cambia-su-imagen-sera-operadora-de-fondos-azimut-mexico\/","og_site_name":"Puntodincontro","article_publisher":"https:\/\/www.facebook.com\/puntodincontro.mx","article_published_time":"2023-10-12T20:10:42+00:00","article_modified_time":"2023-10-12T20:51:14+00:00","og_image":[{"width":932,"height":488,"url":"https:\/\/puntodincontro.mx\/wp-content\/uploads\/2023\/10\/azimutcomp.jpg","type":"image\/jpeg"}],"author":"Puntodincontro","twitter_card":"summary_large_image","twitter_creator":"@puntodincontro","twitter_site":"@puntodincontro","twitter_misc":{"Escrito por":"Puntodincontro","Tiempo de lectura":"2 minutos"},"schema":{"@context":"https:\/\/schema.org","@graph":[{"@type":"NewsArticle","@id":"https:\/\/puntodincontro.mx\/2023\/10\/12\/mas-fondos-cambia-immagine-sara-operadora-de-fondos-azimut-mexico\/#article","isPartOf":{"@id":"https:\/\/puntodincontro.mx\/2023\/10\/12\/mas-fondos-cambia-immagine-sara-operadora-de-fondos-azimut-mexico\/"},"author":{"name":"Puntodincontro","@id":"https:\/\/puntodincontro.mx\/#\/schema\/person\/d3066d18a16259cbb0c29b0d0e93b556"},"headline":"M\u00e1s Fondos cambia immagine: sar\u00e0 Operadora de Fondos Azimut-M\u00e9xico","datePublished":"2023-10-12T20:10:42+00:00","dateModified":"2023-10-12T20:51:14+00:00","mainEntityOfPage":{"@id":"https:\/\/puntodincontro.mx\/2023\/10\/12\/mas-fondos-cambia-immagine-sara-operadora-de-fondos-azimut-mexico\/"},"wordCount":402,"commentCount":2,"publisher":{"@id":"https:\/\/puntodincontro.mx\/#organization"},"image":{"@id":"https:\/\/puntodincontro.mx\/2023\/10\/12\/mas-fondos-cambia-immagine-sara-operadora-de-fondos-azimut-mexico\/#primaryimage"},"thumbnailUrl":"https:\/\/puntodincontro.mx\/wp-content\/uploads\/2023\/10\/azimutvert.webp","articleSection":["Economia e finanza"],"inLanguage":"es","potentialAction":[{"@type":"CommentAction","name":"Comment","target":["https:\/\/puntodincontro.mx\/2023\/10\/12\/mas-fondos-cambia-immagine-sara-operadora-de-fondos-azimut-mexico\/#respond"]}]},{"@type":"WebPage","@id":"https:\/\/puntodincontro.mx\/2023\/10\/12\/mas-fondos-cambia-immagine-sara-operadora-de-fondos-azimut-mexico\/","url":"https:\/\/puntodincontro.mx\/2023\/10\/12\/mas-fondos-cambia-immagine-sara-operadora-de-fondos-azimut-mexico\/","name":"M\u00e1s Fondos se convierte en Operadora de Fondos Azimut-M\u00e9xico","isPartOf":{"@id":"https:\/\/puntodincontro.mx\/#website"},"primaryImageOfPage":{"@id":"https:\/\/puntodincontro.mx\/2023\/10\/12\/mas-fondos-cambia-immagine-sara-operadora-de-fondos-azimut-mexico\/#primaryimage"},"image":{"@id":"https:\/\/puntodincontro.mx\/2023\/10\/12\/mas-fondos-cambia-immagine-sara-operadora-de-fondos-azimut-mexico\/#primaryimage"},"thumbnailUrl":"https:\/\/puntodincontro.mx\/wp-content\/uploads\/2023\/10\/azimutvert.webp","datePublished":"2023-10-12T20:10:42+00:00","dateModified":"2023-10-12T20:51:14+00:00","description":"En un comunicado dirigido a sus clientes, M\u00e1s Fondos anunci\u00f3 que a partir del 13 de octubre de 2023 cambiar\u00e1 de nombre e imagen.","breadcrumb":{"@id":"https:\/\/puntodincontro.mx\/2023\/10\/12\/mas-fondos-cambia-immagine-sara-operadora-de-fondos-azimut-mexico\/#breadcrumb"},"inLanguage":"es","potentialAction":[{"@type":"ReadAction","target":["https:\/\/puntodincontro.mx\/2023\/10\/12\/mas-fondos-cambia-immagine-sara-operadora-de-fondos-azimut-mexico\/"]}]},{"@type":"ImageObject","inLanguage":"es","@id":"https:\/\/puntodincontro.mx\/2023\/10\/12\/mas-fondos-cambia-immagine-sara-operadora-de-fondos-azimut-mexico\/#primaryimage","url":"https:\/\/puntodincontro.mx\/wp-content\/uploads\/2023\/10\/azimutvert.webp","contentUrl":"https:\/\/puntodincontro.mx\/wp-content\/uploads\/2023\/10\/azimutvert.webp","width":423,"height":488,"caption":"M\u00e1s Fondos cambia immagine: sar\u00e0 Operadora de Fondos Azimut-M\u00e9xico \/ Immagine: Azimut Group"},{"@type":"BreadcrumbList","@id":"https:\/\/puntodincontro.mx\/2023\/10\/12\/mas-fondos-cambia-immagine-sara-operadora-de-fondos-azimut-mexico\/#breadcrumb","itemListElement":[{"@type":"ListItem","position":1,"name":"Home","item":"https:\/\/puntodincontro.mx\/"},{"@type":"ListItem","position":2,"name":"M\u00e1s Fondos cambia immagine: sar\u00e0 Operadora de Fondos Azimut-M\u00e9xico"}]},{"@type":"WebSite","@id":"https:\/\/puntodincontro.mx\/#website","url":"https:\/\/puntodincontro.mx\/","name":"Puntodincontro","description":"Desde el 2006 noticias sobre las relaciones entre Italia y M\u00e9xico \/ Dal 2006 notizie sui rapporti Italia-Messico","publisher":{"@id":"https:\/\/puntodincontro.mx\/#organization"},"potentialAction":[{"@type":"SearchAction","target":{"@type":"EntryPoint","urlTemplate":"https:\/\/puntodincontro.mx\/?s={search_term_string}"},"query-input":{"@type":"PropertyValueSpecification","valueRequired":true,"valueName":"search_term_string"}}],"inLanguage":"es"},{"@type":"Organization","@id":"https:\/\/puntodincontro.mx\/#organization","name":"Puntodincontro","url":"https:\/\/puntodincontro.mx\/","logo":{"@type":"ImageObject","inLanguage":"es","@id":"https:\/\/puntodincontro.mx\/#\/schema\/logo\/image\/","url":"https:\/\/puntodincontro.mx\/wp-content\/uploads\/2021\/08\/Default-image-for-open-graph-settings.jpg","contentUrl":"https:\/\/puntodincontro.mx\/wp-content\/uploads\/2021\/08\/Default-image-for-open-graph-settings.jpg","width":1200,"height":630,"caption":"Puntodincontro"},"image":{"@id":"https:\/\/puntodincontro.mx\/#\/schema\/logo\/image\/"},"sameAs":["https:\/\/www.facebook.com\/puntodincontro.mx","https:\/\/x.com\/puntodincontro","https:\/\/www.instagram.com\/puntodincontro.mx\/","https:\/\/www.linkedin.com\/company\/puntodincontro\/","https:\/\/www.youtube.com\/c\/puntodincontromessico","https:\/\/www.patreon.com\/puntodincontro","https:\/\/www.threads.net\/@puntodincontro.mx"]},{"@type":"Person","@id":"https:\/\/puntodincontro.mx\/#\/schema\/person\/d3066d18a16259cbb0c29b0d0e93b556","name":"Puntodincontro","image":{"@type":"ImageObject","inLanguage":"es","@id":"https:\/\/puntodincontro.mx\/#\/schema\/person\/image\/","url":"https:\/\/secure.gravatar.com\/avatar\/0e85b4b3b5e9d6bfcec6a4956d8cc63a?s=96&d=mm&r=g","contentUrl":"https:\/\/secure.gravatar.com\/avatar\/0e85b4b3b5e9d6bfcec6a4956d8cc63a?s=96&d=mm&r=g","caption":"Puntodincontro"},"url":"https:\/\/puntodincontro.mx\/es\/author\/puntodincontro\/"}]}},"_links":{"self":[{"href":"https:\/\/puntodincontro.mx\/es\/wp-json\/wp\/v2\/posts\/15935"}],"collection":[{"href":"https:\/\/puntodincontro.mx\/es\/wp-json\/wp\/v2\/posts"}],"about":[{"href":"https:\/\/puntodincontro.mx\/es\/wp-json\/wp\/v2\/types\/post"}],"author":[{"embeddable":true,"href":"https:\/\/puntodincontro.mx\/es\/wp-json\/wp\/v2\/users\/2"}],"replies":[{"embeddable":true,"href":"https:\/\/puntodincontro.mx\/es\/wp-json\/wp\/v2\/comments?post=15935"}],"version-history":[{"count":16,"href":"https:\/\/puntodincontro.mx\/es\/wp-json\/wp\/v2\/posts\/15935\/revisions"}],"predecessor-version":[{"id":15956,"href":"https:\/\/puntodincontro.mx\/es\/wp-json\/wp\/v2\/posts\/15935\/revisions\/15956"}],"wp:featuredmedia":[{"embeddable":true,"href":"https:\/\/puntodincontro.mx\/es\/wp-json\/wp\/v2\/media\/15946"}],"wp:attachment":[{"href":"https:\/\/puntodincontro.mx\/es\/wp-json\/wp\/v2\/media?parent=15935"}],"wp:term":[{"taxonomy":"category","embeddable":true,"href":"https:\/\/puntodincontro.mx\/es\/wp-json\/wp\/v2\/categories?post=15935"},{"taxonomy":"post_tag","embeddable":true,"href":"https:\/\/puntodincontro.mx\/es\/wp-json\/wp\/v2\/tags?post=15935"}],"curies":[{"name":"wp","href":"https:\/\/api.w.org\/{rel}","templated":true}]}}