{"id":15958,"date":"2023-10-12T18:49:47","date_gmt":"2023-10-12T23:49:47","guid":{"rendered":"https:\/\/puntodincontro.mx\/?p=15958"},"modified":"2023-10-12T19:01:08","modified_gmt":"2023-10-13T00:01:08","slug":"conferencia-exposicion-boari-y-su-tiempo-un-puente-entre-mexico-e-italia2","status":"publish","type":"post","link":"https:\/\/puntodincontro.mx\/es\/2023\/10\/12\/mostra-convegno-adamo-boari-e-il-suo-tempo-un-ponte-tra-messico-e-italia2\/","title":{"rendered":"Conferencia-exposici\u00f3n \u201cBoari y su tiempo, un puente entre M\u00e9xico e Italia\u201d"},"content":{"rendered":"<p class=\"translation-block\"><strong>17:27 hrs.<\/strong> - El pr\u00f3ximo 22 de octubre se cumplir\u00e1n 160 a\u00f1os del natalicio del ing. Adamo Boari, nacido en Marrara, en las cercan\u00edas de Ferrara, el 22 de octubre de 1863.<\/p>\n\n\n\n<p>Los vaivenes que caracterizaron su intensa vida profesional y familiar lo llevaron a operar en el continente americano entre Estados Unidos y M\u00e9xico. Principalmente en tierra azteca, entre 1899 y 1916, desarroll\u00f3 gran parte de su carrera profesional, dejando un legado cultural de extraordinario valor.<\/p>\n\n\n\n<p>El Ayuntamiento de Ferrara, con el alcalde Alan Fabbri, la Embajada de M\u00e9xico en Italia, con el embajador Carlos Garc\u00eda de Alba, y la Embajada de Italia en M\u00e9xico, con el embajador Luigi De Chiara, promueven las celebraciones a trav\u00e9s de una exposici\u00f3n comisariada por Mirna Bonazza, responsable de la Unidad Operativa de las bibliotecas municipales. La exposici\u00f3n se inaugurar\u00e1 con motivo de la conferencia internacional que tendr\u00e1 lugar en la Biblioteca Municipal Ariostea de Ferrara el viernes 20 de octubre de 2023 y podr\u00e1 visitarse hasta el 13 de enero de 2024.<\/p>\n\n\n\n<p>Coordinada por la profesora Olimpia Niglio y el profesor Massimiliano Savorra de la Universidad de Pav\u00eda, esta conferencia internacional pretende abrir un di\u00e1logo entre expertos sobre el papel que la emigraci\u00f3n cultural italiana ha tenido en el mundo, con un enfoque espec\u00edfico en el continente americano y el M\u00e9xico.<\/p>\n\n\n\n<p class=\"translation-block\">La conferencia parte de los resultados de la investigaci\u00f3n promovida por el proyecto acad\u00e9mico <em>Italian Diaspora in the World<\/em>, presentado desde 2015 en los Institutos Italianos de Cultura del Ministerio de Asuntos Exteriores y de Cooperaci\u00f3n Internacional.<\/p>\n\n\n\n<p>Adem\u00e1s de subrayar algunos aspectos excepcionales de su biograf\u00eda profesional y reflexionar sobre el valor y estado actual de su arquitectura, la intenci\u00f3n es tambi\u00e9n analizar el per\u00edodo hist\u00f3rico-pol\u00edtico en el que vivi\u00f3 Adamo Boari (1863-1928), para profundizar en el papel que sus contempor\u00e1neos, tanto en Italia como en M\u00e9xico, trabajaron para promover el crecimiento social y econ\u00f3mico de los territorios, adem\u00e1s de examinar c\u00f3mo las relaciones diplom\u00e1ticas entre los dos pa\u00edses han contribuido a construir importantes conexiones de desarrollo.<\/p>\n\n\n\n<p class=\"translation-block\">La carrera del ingeniero Boari fue recopilada en dos vol\u00famenes, publicados en espa\u00f1ol, titulados <em>Adamo Boari (1863-1928) Arquitecto entre Am\u00e9rica y Europa<\/em>.<\/p>\n\n\n\n<p>Ambos son el resultado de una larga y cuidadosa investigaci\u00f3n que durante m\u00e1s de dos a\u00f1os involucr\u00f3 a los profesores Mart\u00edn M. Checa-Artasu y Olimpia Niglio en archivos de Italia, Estados Unidos y M\u00e9xico y que permiti\u00f3 valorar las primeras experiencias de Boari en Brasil antes de traslad\u00e1rse a Estados Unidos y posteriormente a M\u00e9xico, donde pas\u00f3 m\u00e1s de 15 a\u00f1os antes de su regreso definitivo a Italia en 1916.<\/p>\n\n\n\n<p>En los \u00faltimos a\u00f1os de su vida, Adamo s\u00f3lo cre\u00f3 varias propuestas de proyectos, especialmente monumentos conmemorativos y algunos planos urbanos, y escribi\u00f3 numerosos documentos, hasta su muerte en Roma el 22 de febrero de 1928.<\/p>\n\n\n\n<p>La conferencia internacional pretende centrarse en estas importantes p\u00e1ginas de la historia para acercar a la comunidad nacional e internacional a un debate abierto y constructivo sobre temas de gran actualidad en los que todos est\u00e1n invitados a intervenir.<\/p>\n\n\n\n<p>Info: <a href=\"https:\/\/archibiblio.comune.fe.it\/event\/1895\/3236\/celebrazioni-in-onore-di-adamo-boari\" target=\"_blank\" rel=\"noreferrer noopener\">https:\/\/archibiblio.comune.fe.it\/event\/1895\/3236\/celebrazioni-in-onore-di-adamo-boari<\/a><\/p>\n\n\n\n<p><a href=\"https:\/\/puntodincontro.mx\/pdf\/ProgrammaBoari.pdf\" target=\"_blank\" rel=\"noreferrer noopener\">Descarga el programa<\/a><\/p>\n\n\n\n<div style=\"height:12px\" aria-hidden=\"true\" class=\"wp-block-spacer\"><\/div>\n\n\n<!-- Ad space powered by WP AdCenter v2.5.7 - https:\/\/wpadcenter.com\/ --><div class=\"wpadcenter-adgroup\" ><div class=\"wpadcenter-adgroup__row wpadcenter-aligncenter\"><div class=\"wpadcenter-ad-container\" ><div id=\"wpadcenter-ad-18464\" class=\"ad-placement\"><div class=\"wpadcenter-ad-inner\" ><a id=\"wpadcenter_ad\" data-value=\"18464\" data-placement=\"\" href=\"https:\/\/www.productosremo.com\/\" target=\"_blank\" class=\"wpadcenter-ad-inner__item\" ><img decoding=\"async\"   src=\"https:\/\/puntodincontro.mx\/wp-content\/uploads\/2021\/08\/remobanner.jpg\" class=\"attachment-post-thumbnail size-post-thumbnail wp-post-image\" alt=\"\" srcset=\"https:\/\/puntodincontro.mx\/wp-content\/uploads\/2021\/08\/remobanner.jpg 200w, https:\/\/puntodincontro.mx\/wp-content\/uploads\/2021\/08\/remobanner-16x5.jpg 16w\" sizes=\"(max-width: 200px) 100vw, 200px\" \/><\/a><\/div><\/div><\/div><div class=\"wpadcenter-ad-container\" ><div id=\"wpadcenter-ad-5305\" class=\"ad-placement\"><div class=\"wpadcenter-ad-inner\" ><a id=\"wpadcenter_ad\" data-value=\"5305\" data-placement=\"\" href=\"https:\/\/ambcittadelmessico.esteri.it\/ambasciata_cittadelmessico\/it\/\" target=\"_blank\" class=\"wpadcenter-ad-inner__item\" ><img decoding=\"async\"   src=\"https:\/\/puntodincontro.mx\/wp-content\/uploads\/2022\/05\/Ambasciata.jpg\" class=\"attachment-post-thumbnail size-post-thumbnail wp-post-image\" alt=\"\" srcset=\"https:\/\/puntodincontro.mx\/wp-content\/uploads\/2022\/05\/Ambasciata.jpg 200w, https:\/\/puntodincontro.mx\/wp-content\/uploads\/2022\/05\/Ambasciata-18x5.jpg 18w\" sizes=\"(max-width: 200px) 100vw, 200px\" \/><\/a><\/div><\/div><\/div><div class=\"wpadcenter-ad-container\" ><div id=\"wpadcenter-ad-3781\" class=\"ad-placement\"><div class=\"wpadcenter-ad-inner\" ><a id=\"wpadcenter_ad\" data-value=\"3781\" data-placement=\"\" href=\"https:\/\/cannizzo.com.mx\/\" target=\"_blank\" class=\"wpadcenter-ad-inner__item\" ><img decoding=\"async\"   src=\"https:\/\/puntodincontro.mx\/wp-content\/uploads\/2022\/03\/cannizzo2.jpg\" class=\"attachment-post-thumbnail size-post-thumbnail wp-post-image\" alt=\"\" srcset=\"https:\/\/puntodincontro.mx\/wp-content\/uploads\/2022\/03\/cannizzo2.jpg 200w, https:\/\/puntodincontro.mx\/wp-content\/uploads\/2022\/03\/cannizzo2-18x5.jpg 18w\" sizes=\"(max-width: 200px) 100vw, 200px\" \/><\/a><\/div><\/div><\/div><\/div><div class=\"wpadcenter-adgroup__row wpadcenter-aligncenter\"><div class=\"wpadcenter-ad-container\" ><div id=\"wpadcenter-ad-1704\" class=\"ad-placement\"><div class=\"wpadcenter-ad-inner\" ><a id=\"wpadcenter_ad\" data-value=\"1704\" data-placement=\"\" href=\"https:\/\/puntodincontro.mx\/es\/2021\/12\/24\/inps-verificacion-de-supervivencia-de-los-pensionados-en-el-extranjero\/\" target=\"_blank\" class=\"wpadcenter-ad-inner__item\" ><img decoding=\"async\"   src=\"https:\/\/puntodincontro.mx\/wp-content\/uploads\/2021\/11\/logo-ital.jpg\" class=\"attachment-post-thumbnail size-post-thumbnail wp-post-image\" alt=\"Patronato ITAL Messico\" srcset=\"https:\/\/puntodincontro.mx\/wp-content\/uploads\/2021\/11\/logo-ital.jpg 200w, https:\/\/puntodincontro.mx\/wp-content\/uploads\/2021\/11\/logo-ital-16x5.jpg 16w\" sizes=\"(max-width: 200px) 100vw, 200px\" \/><\/a><\/div><\/div><\/div><div class=\"wpadcenter-ad-container\" ><div id=\"wpadcenter-ad-1538\" class=\"ad-placement\"><div class=\"wpadcenter-ad-inner\" ><a id=\"wpadcenter_ad\" data-value=\"1538\" data-placement=\"\" href=\"https:\/\/asociacionitaliana.org\/\" target=\"_blank\" class=\"wpadcenter-ad-inner__item\" ><img decoding=\"async\"   src=\"https:\/\/puntodincontro.mx\/wp-content\/uploads\/2021\/11\/aialogo.jpg\" class=\"attachment-post-thumbnail size-post-thumbnail wp-post-image\" alt=\"Associazione Italiana di Assistenza IAP\" srcset=\"https:\/\/puntodincontro.mx\/wp-content\/uploads\/2021\/11\/aialogo.jpg 200w, https:\/\/puntodincontro.mx\/wp-content\/uploads\/2021\/11\/aialogo-18x5.jpg 18w\" sizes=\"(max-width: 200px) 100vw, 200px\" \/><\/a><\/div><\/div><\/div><div class=\"wpadcenter-ad-container\" ><div id=\"wpadcenter-ad-1513\" class=\"ad-placement\"><div class=\"wpadcenter-ad-inner\" ><a id=\"wpadcenter_ad\" data-value=\"1513\" data-placement=\"\" href=\"https:\/\/gcinmuebles.mx\" target=\"_blank\" class=\"wpadcenter-ad-inner__item\" ><img decoding=\"async\"   src=\"https:\/\/puntodincontro.mx\/wp-content\/uploads\/2021\/10\/gcinmuebleslogopunto-1.jpg\" class=\"attachment-post-thumbnail size-post-thumbnail wp-post-image\" alt=\"\" srcset=\"https:\/\/puntodincontro.mx\/wp-content\/uploads\/2021\/10\/gcinmuebleslogopunto-1.jpg 200w, https:\/\/puntodincontro.mx\/wp-content\/uploads\/2021\/10\/gcinmuebleslogopunto-1-18x5.jpg 18w\" sizes=\"(max-width: 200px) 100vw, 200px\" \/><\/a><\/div><\/div><\/div><\/div><div class=\"wpadcenter-adgroup__row wpadcenter-aligncenter\"><div class=\"wpadcenter-ad-container\" ><div id=\"wpadcenter-ad-1374\" class=\"ad-placement\"><div class=\"wpadcenter-ad-inner\" ><a id=\"wpadcenter_ad\" data-value=\"1374\" data-placement=\"\" href=\"https:\/\/www.9colonne.it\/\" target=\"_blank\" class=\"wpadcenter-ad-inner__item\" ><img decoding=\"async\"   src=\"https:\/\/puntodincontro.mx\/wp-content\/uploads\/2021\/10\/Banner9colonne.gif\" class=\"attachment-post-thumbnail size-post-thumbnail wp-post-image\" alt=\"\" \/><\/a><\/div><\/div><\/div><div class=\"wpadcenter-ad-container\" ><div id=\"wpadcenter-ad-276\" class=\"ad-placement\"><div class=\"wpadcenter-ad-inner\" ><a id=\"wpadcenter_ad\" data-value=\"276\" data-placement=\"\" href=\"http:\/\/www.camaraitaliana.mx\/\" target=\"_blank\" class=\"wpadcenter-ad-inner__item\" ><img decoding=\"async\"   src=\"https:\/\/puntodincontro.mx\/wp-content\/uploads\/2021\/08\/ccimnuovo.jpg\" class=\"attachment-post-thumbnail size-post-thumbnail wp-post-image\" alt=\"\" srcset=\"https:\/\/puntodincontro.mx\/wp-content\/uploads\/2021\/08\/ccimnuovo.jpg 200w, https:\/\/puntodincontro.mx\/wp-content\/uploads\/2021\/08\/ccimnuovo-18x5.jpg 18w\" sizes=\"(max-width: 200px) 100vw, 200px\" \/><\/a><\/div><\/div><\/div><div class=\"wpadcenter-ad-container\" ><div id=\"wpadcenter-ad-272\" class=\"ad-placement\"><div class=\"wpadcenter-ad-inner\" ><a id=\"wpadcenter_ad\" data-value=\"272\" data-placement=\"\" href=\"http:\/\/corix.us\/\" target=\"_blank\" class=\"wpadcenter-ad-inner__item\" ><img decoding=\"async\"   src=\"https:\/\/puntodincontro.mx\/wp-content\/uploads\/2021\/08\/corixbanner-1.jpg\" class=\"attachment-post-thumbnail size-post-thumbnail wp-post-image\" alt=\"\" srcset=\"https:\/\/puntodincontro.mx\/wp-content\/uploads\/2021\/08\/corixbanner-1.jpg 200w, https:\/\/puntodincontro.mx\/wp-content\/uploads\/2021\/08\/corixbanner-1-16x5.jpg 16w\" sizes=\"(max-width: 200px) 100vw, 200px\" \/><\/a><\/div><\/div><\/div><\/div><div class=\"wpadcenter-adgroup__row wpadcenter-aligncenter\"><div class=\"wpadcenter-ad-container\" ><div id=\"wpadcenter-ad-266\" class=\"ad-placement\"><div class=\"wpadcenter-ad-inner\" ><a id=\"wpadcenter_ad\" data-value=\"266\" data-placement=\"\" href=\"https:\/\/www.prinsel.com.mx\/\" target=\"_blank\" class=\"wpadcenter-ad-inner__item\" ><img decoding=\"async\"   src=\"https:\/\/puntodincontro.mx\/wp-content\/uploads\/2021\/08\/prinselbanner-1.jpg\" class=\"attachment-post-thumbnail size-post-thumbnail wp-post-image\" alt=\"\" srcset=\"https:\/\/puntodincontro.mx\/wp-content\/uploads\/2021\/08\/prinselbanner-1.jpg 200w, https:\/\/puntodincontro.mx\/wp-content\/uploads\/2021\/08\/prinselbanner-1-16x5.jpg 16w\" sizes=\"(max-width: 200px) 100vw, 200px\" \/><\/a><\/div><\/div><\/div><div class=\"wpadcenter-ad-container\" ><div id=\"wpadcenter-ad-261\" class=\"ad-placement\"><div class=\"wpadcenter-ad-inner\" ><a id=\"wpadcenter_ad\" data-value=\"261\" data-placement=\"\" href=\"https:\/\/faitalia.com.mx\/\" target=\"_blank\" class=\"wpadcenter-ad-inner__item\" ><img decoding=\"async\"   src=\"https:\/\/puntodincontro.mx\/wp-content\/uploads\/2021\/08\/gruppodino.jpg\" class=\"attachment-post-thumbnail size-post-thumbnail wp-post-image\" alt=\"\" srcset=\"https:\/\/puntodincontro.mx\/wp-content\/uploads\/2021\/08\/gruppodino.jpg 200w, https:\/\/puntodincontro.mx\/wp-content\/uploads\/2021\/08\/gruppodino-18x5.jpg 18w\" sizes=\"(max-width: 200px) 100vw, 200px\" \/><\/a><\/div><\/div><\/div><\/div><\/div>\n\n\n<div style=\"height:12px\" aria-hidden=\"true\" class=\"wp-block-spacer\"><\/div>","protected":false},"excerpt":{"rendered":"<p>Ore 17.27 &#8211; Il prossimo 22 ottobre ricorrono 160 anni dalla nascita dell&#8217;Ing. Adamo Boari, nato a Marrara, in provincia di Ferrara, il 22 ottobre del 1863. Le alterne vicende che caratterizzarono la sua intesa vita professionale e familiare lo videro operare nel continente americano tra Stati Uniti e Messico. Principalmente in terra azteca, tra il 1899 e il 1916, svolse gran parte della sua carriera professionale lasciando un\u2019eredit\u00e0 culturale di straordinario valore. Il Comune di Ferrara, con il sindaco Alan Fabbri, l\u2019Ambasciata del Messico in Italia, con l&#8217;ambasciatore Carlos Garcia de Alba, e l&#8217;Ambasciata d&#8217;Italia in Messico, con l&#8217;ambasciatore&#8230; <\/p>","protected":false},"author":2,"featured_media":15963,"comment_status":"open","ping_status":"open","sticky":false,"template":"","format":"standard","meta":{"_monsterinsights_skip_tracking":false,"_monsterinsights_sitenote_active":false,"_monsterinsights_sitenote_note":"","_monsterinsights_sitenote_category":0,"footnotes":""},"categories":[25],"tags":[],"class_list":["post-15958","post","type-post","status-publish","format-standard","has-post-thumbnail","hentry","category-cultura"],"yoast_head":"<!-- This site is optimized with the Yoast SEO Premium plugin v18.4 (Yoast SEO v25.6) - https:\/\/yoast.com\/wordpress\/plugins\/seo\/ -->\n<title>\u201cAdamo Boari e il suo tempo, un ponte tra Messico e Italia\u201d<\/title>\n<meta name=\"description\" content=\"Il prossimo 22 ottobre ricorrono 160 anni dalla nascita di Adamo Boari, nato a Marrara, in provincia di Ferrara, il 22 ottobre del 1863.\" \/>\n<meta name=\"robots\" content=\"index, follow, max-snippet:-1, max-image-preview:large, max-video-preview:-1\" \/>\n<link rel=\"canonical\" href=\"https:\/\/puntodincontro.mx\/es\/2023\/10\/12\/conferencia-exposicion-boari-y-su-tiempo-un-puente-entre-mexico-e-italia2\/\" \/>\n<meta property=\"og:locale\" content=\"es_MX\" \/>\n<meta property=\"og:type\" content=\"article\" \/>\n<meta property=\"og:title\" content=\"Mostra convegno \u201cAdamo Boari e il suo tempo, un ponte tra Messico e Italia\u201d\" \/>\n<meta property=\"og:description\" content=\"Il prossimo 22 ottobre ricorrono 160 anni dalla nascita di Adamo Boari, nato a Marrara, in provincia di Ferrara, il 22 ottobre del 1863.\" \/>\n<meta property=\"og:url\" content=\"https:\/\/puntodincontro.mx\/es\/2023\/10\/12\/conferencia-exposicion-boari-y-su-tiempo-un-puente-entre-mexico-e-italia2\/\" \/>\n<meta property=\"og:site_name\" content=\"Puntodincontro\" \/>\n<meta property=\"article:publisher\" content=\"https:\/\/www.facebook.com\/puntodincontro.mx\" \/>\n<meta property=\"article:published_time\" content=\"2023-10-12T23:49:47+00:00\" \/>\n<meta property=\"article:modified_time\" content=\"2023-10-13T00:01:08+00:00\" \/>\n<meta property=\"og:image\" content=\"https:\/\/puntodincontro.mx\/wp-content\/uploads\/2023\/10\/boaricomp.jpg\" \/>\n\t<meta property=\"og:image:width\" content=\"932\" \/>\n\t<meta property=\"og:image:height\" content=\"488\" \/>\n\t<meta property=\"og:image:type\" content=\"image\/jpeg\" \/>\n<meta name=\"author\" content=\"Puntodincontro\" \/>\n<meta name=\"twitter:card\" content=\"summary_large_image\" \/>\n<meta name=\"twitter:creator\" content=\"@puntodincontro\" \/>\n<meta name=\"twitter:site\" content=\"@puntodincontro\" \/>\n<meta name=\"twitter:label1\" content=\"Escrito por\" \/>\n\t<meta name=\"twitter:data1\" content=\"Puntodincontro\" \/>\n\t<meta name=\"twitter:label2\" content=\"Tiempo de lectura\" \/>\n\t<meta name=\"twitter:data2\" content=\"2 minutos\" \/>\n<script type=\"application\/ld+json\" class=\"yoast-schema-graph\">{\"@context\":\"https:\/\/schema.org\",\"@graph\":[{\"@type\":\"NewsArticle\",\"@id\":\"https:\/\/puntodincontro.mx\/2023\/10\/12\/mostra-convegno-adamo-boari-e-il-suo-tempo-un-ponte-tra-messico-e-italia2\/#article\",\"isPartOf\":{\"@id\":\"https:\/\/puntodincontro.mx\/2023\/10\/12\/mostra-convegno-adamo-boari-e-il-suo-tempo-un-ponte-tra-messico-e-italia2\/\"},\"author\":{\"name\":\"Puntodincontro\",\"@id\":\"https:\/\/puntodincontro.mx\/#\/schema\/person\/d3066d18a16259cbb0c29b0d0e93b556\"},\"headline\":\"Mostra convegno \u201cAdamo Boari e il suo tempo, un ponte tra Messico e Italia\u201d\",\"datePublished\":\"2023-10-12T23:49:47+00:00\",\"dateModified\":\"2023-10-13T00:01:08+00:00\",\"mainEntityOfPage\":{\"@id\":\"https:\/\/puntodincontro.mx\/2023\/10\/12\/mostra-convegno-adamo-boari-e-il-suo-tempo-un-ponte-tra-messico-e-italia2\/\"},\"wordCount\":494,\"commentCount\":0,\"publisher\":{\"@id\":\"https:\/\/puntodincontro.mx\/#organization\"},\"image\":{\"@id\":\"https:\/\/puntodincontro.mx\/2023\/10\/12\/mostra-convegno-adamo-boari-e-il-suo-tempo-un-ponte-tra-messico-e-italia2\/#primaryimage\"},\"thumbnailUrl\":\"https:\/\/puntodincontro.mx\/wp-content\/uploads\/2023\/10\/boarivert.webp\",\"articleSection\":[\"Cultura\"],\"inLanguage\":\"es\",\"potentialAction\":[{\"@type\":\"CommentAction\",\"name\":\"Comment\",\"target\":[\"https:\/\/puntodincontro.mx\/2023\/10\/12\/mostra-convegno-adamo-boari-e-il-suo-tempo-un-ponte-tra-messico-e-italia2\/#respond\"]}]},{\"@type\":\"WebPage\",\"@id\":\"https:\/\/puntodincontro.mx\/2023\/10\/12\/mostra-convegno-adamo-boari-e-il-suo-tempo-un-ponte-tra-messico-e-italia2\/\",\"url\":\"https:\/\/puntodincontro.mx\/2023\/10\/12\/mostra-convegno-adamo-boari-e-il-suo-tempo-un-ponte-tra-messico-e-italia2\/\",\"name\":\"\u201cAdamo Boari e il suo tempo, un ponte tra Messico e Italia\u201d\",\"isPartOf\":{\"@id\":\"https:\/\/puntodincontro.mx\/#website\"},\"primaryImageOfPage\":{\"@id\":\"https:\/\/puntodincontro.mx\/2023\/10\/12\/mostra-convegno-adamo-boari-e-il-suo-tempo-un-ponte-tra-messico-e-italia2\/#primaryimage\"},\"image\":{\"@id\":\"https:\/\/puntodincontro.mx\/2023\/10\/12\/mostra-convegno-adamo-boari-e-il-suo-tempo-un-ponte-tra-messico-e-italia2\/#primaryimage\"},\"thumbnailUrl\":\"https:\/\/puntodincontro.mx\/wp-content\/uploads\/2023\/10\/boarivert.webp\",\"datePublished\":\"2023-10-12T23:49:47+00:00\",\"dateModified\":\"2023-10-13T00:01:08+00:00\",\"description\":\"Il prossimo 22 ottobre ricorrono 160 anni dalla nascita di Adamo Boari, nato a Marrara, in provincia di Ferrara, il 22 ottobre del 1863.\",\"breadcrumb\":{\"@id\":\"https:\/\/puntodincontro.mx\/2023\/10\/12\/mostra-convegno-adamo-boari-e-il-suo-tempo-un-ponte-tra-messico-e-italia2\/#breadcrumb\"},\"inLanguage\":\"es\",\"potentialAction\":[{\"@type\":\"ReadAction\",\"target\":[\"https:\/\/puntodincontro.mx\/2023\/10\/12\/mostra-convegno-adamo-boari-e-il-suo-tempo-un-ponte-tra-messico-e-italia2\/\"]}]},{\"@type\":\"ImageObject\",\"inLanguage\":\"es\",\"@id\":\"https:\/\/puntodincontro.mx\/2023\/10\/12\/mostra-convegno-adamo-boari-e-il-suo-tempo-un-ponte-tra-messico-e-italia2\/#primaryimage\",\"url\":\"https:\/\/puntodincontro.mx\/wp-content\/uploads\/2023\/10\/boarivert.webp\",\"contentUrl\":\"https:\/\/puntodincontro.mx\/wp-content\/uploads\/2023\/10\/boarivert.webp\",\"width\":423,\"height\":488,\"caption\":\"Mostra convegno \u201cAdamo Boari e il suo tempo, un ponte tra Messico e Italia\u201d\"},{\"@type\":\"BreadcrumbList\",\"@id\":\"https:\/\/puntodincontro.mx\/2023\/10\/12\/mostra-convegno-adamo-boari-e-il-suo-tempo-un-ponte-tra-messico-e-italia2\/#breadcrumb\",\"itemListElement\":[{\"@type\":\"ListItem\",\"position\":1,\"name\":\"Home\",\"item\":\"https:\/\/puntodincontro.mx\/\"},{\"@type\":\"ListItem\",\"position\":2,\"name\":\"Mostra convegno \u201cAdamo Boari e il suo tempo, un ponte tra Messico e Italia\u201d\"}]},{\"@type\":\"WebSite\",\"@id\":\"https:\/\/puntodincontro.mx\/#website\",\"url\":\"https:\/\/puntodincontro.mx\/\",\"name\":\"Puntodincontro\",\"description\":\"Dal 2006 notizie sui rapporti Italia-Messico \/ Desde 2006 noticias sobre las relaciones entre Italia y M\u00e9xico\",\"publisher\":{\"@id\":\"https:\/\/puntodincontro.mx\/#organization\"},\"potentialAction\":[{\"@type\":\"SearchAction\",\"target\":{\"@type\":\"EntryPoint\",\"urlTemplate\":\"https:\/\/puntodincontro.mx\/?s={search_term_string}\"},\"query-input\":{\"@type\":\"PropertyValueSpecification\",\"valueRequired\":true,\"valueName\":\"search_term_string\"}}],\"inLanguage\":\"es\"},{\"@type\":\"Organization\",\"@id\":\"https:\/\/puntodincontro.mx\/#organization\",\"name\":\"Puntodincontro\",\"url\":\"https:\/\/puntodincontro.mx\/\",\"logo\":{\"@type\":\"ImageObject\",\"inLanguage\":\"es\",\"@id\":\"https:\/\/puntodincontro.mx\/#\/schema\/logo\/image\/\",\"url\":\"https:\/\/puntodincontro.mx\/wp-content\/uploads\/2021\/08\/Default-image-for-open-graph-settings.jpg\",\"contentUrl\":\"https:\/\/puntodincontro.mx\/wp-content\/uploads\/2021\/08\/Default-image-for-open-graph-settings.jpg\",\"width\":1200,\"height\":630,\"caption\":\"Puntodincontro\"},\"image\":{\"@id\":\"https:\/\/puntodincontro.mx\/#\/schema\/logo\/image\/\"},\"sameAs\":[\"https:\/\/www.facebook.com\/puntodincontro.mx\",\"https:\/\/x.com\/puntodincontro\",\"https:\/\/www.instagram.com\/puntodincontro.mx\/\",\"https:\/\/www.linkedin.com\/company\/puntodincontro\/\",\"https:\/\/www.youtube.com\/c\/puntodincontromessico\",\"https:\/\/www.patreon.com\/puntodincontro\",\"https:\/\/www.threads.net\/@puntodincontro.mx\"]},{\"@type\":\"Person\",\"@id\":\"https:\/\/puntodincontro.mx\/#\/schema\/person\/d3066d18a16259cbb0c29b0d0e93b556\",\"name\":\"Puntodincontro\",\"image\":{\"@type\":\"ImageObject\",\"inLanguage\":\"es\",\"@id\":\"https:\/\/puntodincontro.mx\/#\/schema\/person\/image\/\",\"url\":\"https:\/\/secure.gravatar.com\/avatar\/0e85b4b3b5e9d6bfcec6a4956d8cc63a?s=96&d=mm&r=g\",\"contentUrl\":\"https:\/\/secure.gravatar.com\/avatar\/0e85b4b3b5e9d6bfcec6a4956d8cc63a?s=96&d=mm&r=g\",\"caption\":\"Puntodincontro\"},\"url\":\"https:\/\/puntodincontro.mx\/es\/author\/puntodincontro\/\"}]}<\/script>\n<!-- \/ Yoast SEO Premium plugin. -->","yoast_head_json":{"title":"\u201cAdamo Boari y su tiempo, un puente entre M\u00e9xico e Italia\u201d","description":"El pr\u00f3ximo 22 de octubre se cumplir\u00e1n 160 a\u00f1os del natalicio de Adamo Boari, nacido en Marrara, en las cercan\u00edas de Ferrara, el 22 de octubre de 1863.","robots":{"index":"index","follow":"follow","max-snippet":"max-snippet:-1","max-image-preview":"max-image-preview:large","max-video-preview":"max-video-preview:-1"},"canonical":"https:\/\/puntodincontro.mx\/es\/2023\/10\/12\/conferencia-exposicion-boari-y-su-tiempo-un-puente-entre-mexico-e-italia2\/","og_locale":"es_MX","og_type":"article","og_title":"Mostra convegno \u201cAdamo Boari e il suo tempo, un ponte tra Messico e Italia\u201d","og_description":"Il prossimo 22 ottobre ricorrono 160 anni dalla nascita di Adamo Boari, nato a Marrara, in provincia di Ferrara, il 22 ottobre del 1863.","og_url":"https:\/\/puntodincontro.mx\/es\/2023\/10\/12\/conferencia-exposicion-boari-y-su-tiempo-un-puente-entre-mexico-e-italia2\/","og_site_name":"Puntodincontro","article_publisher":"https:\/\/www.facebook.com\/puntodincontro.mx","article_published_time":"2023-10-12T23:49:47+00:00","article_modified_time":"2023-10-13T00:01:08+00:00","og_image":[{"width":932,"height":488,"url":"https:\/\/puntodincontro.mx\/wp-content\/uploads\/2023\/10\/boaricomp.jpg","type":"image\/jpeg"}],"author":"Puntodincontro","twitter_card":"summary_large_image","twitter_creator":"@puntodincontro","twitter_site":"@puntodincontro","twitter_misc":{"Escrito por":"Puntodincontro","Tiempo de lectura":"2 minutos"},"schema":{"@context":"https:\/\/schema.org","@graph":[{"@type":"NewsArticle","@id":"https:\/\/puntodincontro.mx\/2023\/10\/12\/mostra-convegno-adamo-boari-e-il-suo-tempo-un-ponte-tra-messico-e-italia2\/#article","isPartOf":{"@id":"https:\/\/puntodincontro.mx\/2023\/10\/12\/mostra-convegno-adamo-boari-e-il-suo-tempo-un-ponte-tra-messico-e-italia2\/"},"author":{"name":"Puntodincontro","@id":"https:\/\/puntodincontro.mx\/#\/schema\/person\/d3066d18a16259cbb0c29b0d0e93b556"},"headline":"Mostra convegno \u201cAdamo Boari e il suo tempo, un ponte tra Messico e Italia\u201d","datePublished":"2023-10-12T23:49:47+00:00","dateModified":"2023-10-13T00:01:08+00:00","mainEntityOfPage":{"@id":"https:\/\/puntodincontro.mx\/2023\/10\/12\/mostra-convegno-adamo-boari-e-il-suo-tempo-un-ponte-tra-messico-e-italia2\/"},"wordCount":494,"commentCount":0,"publisher":{"@id":"https:\/\/puntodincontro.mx\/#organization"},"image":{"@id":"https:\/\/puntodincontro.mx\/2023\/10\/12\/mostra-convegno-adamo-boari-e-il-suo-tempo-un-ponte-tra-messico-e-italia2\/#primaryimage"},"thumbnailUrl":"https:\/\/puntodincontro.mx\/wp-content\/uploads\/2023\/10\/boarivert.webp","articleSection":["Cultura"],"inLanguage":"es","potentialAction":[{"@type":"CommentAction","name":"Comment","target":["https:\/\/puntodincontro.mx\/2023\/10\/12\/mostra-convegno-adamo-boari-e-il-suo-tempo-un-ponte-tra-messico-e-italia2\/#respond"]}]},{"@type":"WebPage","@id":"https:\/\/puntodincontro.mx\/2023\/10\/12\/mostra-convegno-adamo-boari-e-il-suo-tempo-un-ponte-tra-messico-e-italia2\/","url":"https:\/\/puntodincontro.mx\/2023\/10\/12\/mostra-convegno-adamo-boari-e-il-suo-tempo-un-ponte-tra-messico-e-italia2\/","name":"\u201cAdamo Boari y su tiempo, un puente entre M\u00e9xico e Italia\u201d","isPartOf":{"@id":"https:\/\/puntodincontro.mx\/#website"},"primaryImageOfPage":{"@id":"https:\/\/puntodincontro.mx\/2023\/10\/12\/mostra-convegno-adamo-boari-e-il-suo-tempo-un-ponte-tra-messico-e-italia2\/#primaryimage"},"image":{"@id":"https:\/\/puntodincontro.mx\/2023\/10\/12\/mostra-convegno-adamo-boari-e-il-suo-tempo-un-ponte-tra-messico-e-italia2\/#primaryimage"},"thumbnailUrl":"https:\/\/puntodincontro.mx\/wp-content\/uploads\/2023\/10\/boarivert.webp","datePublished":"2023-10-12T23:49:47+00:00","dateModified":"2023-10-13T00:01:08+00:00","description":"El pr\u00f3ximo 22 de octubre se cumplir\u00e1n 160 a\u00f1os del natalicio de Adamo Boari, nacido en Marrara, en las cercan\u00edas de Ferrara, el 22 de octubre de 1863.","breadcrumb":{"@id":"https:\/\/puntodincontro.mx\/2023\/10\/12\/mostra-convegno-adamo-boari-e-il-suo-tempo-un-ponte-tra-messico-e-italia2\/#breadcrumb"},"inLanguage":"es","potentialAction":[{"@type":"ReadAction","target":["https:\/\/puntodincontro.mx\/2023\/10\/12\/mostra-convegno-adamo-boari-e-il-suo-tempo-un-ponte-tra-messico-e-italia2\/"]}]},{"@type":"ImageObject","inLanguage":"es","@id":"https:\/\/puntodincontro.mx\/2023\/10\/12\/mostra-convegno-adamo-boari-e-il-suo-tempo-un-ponte-tra-messico-e-italia2\/#primaryimage","url":"https:\/\/puntodincontro.mx\/wp-content\/uploads\/2023\/10\/boarivert.webp","contentUrl":"https:\/\/puntodincontro.mx\/wp-content\/uploads\/2023\/10\/boarivert.webp","width":423,"height":488,"caption":"Mostra convegno \u201cAdamo Boari e il suo tempo, un ponte tra Messico e Italia\u201d"},{"@type":"BreadcrumbList","@id":"https:\/\/puntodincontro.mx\/2023\/10\/12\/mostra-convegno-adamo-boari-e-il-suo-tempo-un-ponte-tra-messico-e-italia2\/#breadcrumb","itemListElement":[{"@type":"ListItem","position":1,"name":"Home","item":"https:\/\/puntodincontro.mx\/"},{"@type":"ListItem","position":2,"name":"Mostra convegno \u201cAdamo Boari e il suo tempo, un ponte tra Messico e Italia\u201d"}]},{"@type":"WebSite","@id":"https:\/\/puntodincontro.mx\/#website","url":"https:\/\/puntodincontro.mx\/","name":"Puntodincontro","description":"Desde el 2006 noticias sobre las relaciones entre Italia y M\u00e9xico \/ Dal 2006 notizie sui rapporti Italia-Messico","publisher":{"@id":"https:\/\/puntodincontro.mx\/#organization"},"potentialAction":[{"@type":"SearchAction","target":{"@type":"EntryPoint","urlTemplate":"https:\/\/puntodincontro.mx\/?s={search_term_string}"},"query-input":{"@type":"PropertyValueSpecification","valueRequired":true,"valueName":"search_term_string"}}],"inLanguage":"es"},{"@type":"Organization","@id":"https:\/\/puntodincontro.mx\/#organization","name":"Puntodincontro","url":"https:\/\/puntodincontro.mx\/","logo":{"@type":"ImageObject","inLanguage":"es","@id":"https:\/\/puntodincontro.mx\/#\/schema\/logo\/image\/","url":"https:\/\/puntodincontro.mx\/wp-content\/uploads\/2021\/08\/Default-image-for-open-graph-settings.jpg","contentUrl":"https:\/\/puntodincontro.mx\/wp-content\/uploads\/2021\/08\/Default-image-for-open-graph-settings.jpg","width":1200,"height":630,"caption":"Puntodincontro"},"image":{"@id":"https:\/\/puntodincontro.mx\/#\/schema\/logo\/image\/"},"sameAs":["https:\/\/www.facebook.com\/puntodincontro.mx","https:\/\/x.com\/puntodincontro","https:\/\/www.instagram.com\/puntodincontro.mx\/","https:\/\/www.linkedin.com\/company\/puntodincontro\/","https:\/\/www.youtube.com\/c\/puntodincontromessico","https:\/\/www.patreon.com\/puntodincontro","https:\/\/www.threads.net\/@puntodincontro.mx"]},{"@type":"Person","@id":"https:\/\/puntodincontro.mx\/#\/schema\/person\/d3066d18a16259cbb0c29b0d0e93b556","name":"Puntodincontro","image":{"@type":"ImageObject","inLanguage":"es","@id":"https:\/\/puntodincontro.mx\/#\/schema\/person\/image\/","url":"https:\/\/secure.gravatar.com\/avatar\/0e85b4b3b5e9d6bfcec6a4956d8cc63a?s=96&d=mm&r=g","contentUrl":"https:\/\/secure.gravatar.com\/avatar\/0e85b4b3b5e9d6bfcec6a4956d8cc63a?s=96&d=mm&r=g","caption":"Puntodincontro"},"url":"https:\/\/puntodincontro.mx\/es\/author\/puntodincontro\/"}]}},"_links":{"self":[{"href":"https:\/\/puntodincontro.mx\/es\/wp-json\/wp\/v2\/posts\/15958"}],"collection":[{"href":"https:\/\/puntodincontro.mx\/es\/wp-json\/wp\/v2\/posts"}],"about":[{"href":"https:\/\/puntodincontro.mx\/es\/wp-json\/wp\/v2\/types\/post"}],"author":[{"embeddable":true,"href":"https:\/\/puntodincontro.mx\/es\/wp-json\/wp\/v2\/users\/2"}],"replies":[{"embeddable":true,"href":"https:\/\/puntodincontro.mx\/es\/wp-json\/wp\/v2\/comments?post=15958"}],"version-history":[{"count":5,"href":"https:\/\/puntodincontro.mx\/es\/wp-json\/wp\/v2\/posts\/15958\/revisions"}],"predecessor-version":[{"id":15965,"href":"https:\/\/puntodincontro.mx\/es\/wp-json\/wp\/v2\/posts\/15958\/revisions\/15965"}],"wp:featuredmedia":[{"embeddable":true,"href":"https:\/\/puntodincontro.mx\/es\/wp-json\/wp\/v2\/media\/15963"}],"wp:attachment":[{"href":"https:\/\/puntodincontro.mx\/es\/wp-json\/wp\/v2\/media?parent=15958"}],"wp:term":[{"taxonomy":"category","embeddable":true,"href":"https:\/\/puntodincontro.mx\/es\/wp-json\/wp\/v2\/categories?post=15958"},{"taxonomy":"post_tag","embeddable":true,"href":"https:\/\/puntodincontro.mx\/es\/wp-json\/wp\/v2\/tags?post=15958"}],"curies":[{"name":"wp","href":"https:\/\/api.w.org\/{rel}","templated":true}]}}