{"id":15968,"date":"2023-10-13T11:37:49","date_gmt":"2023-10-13T16:37:49","guid":{"rendered":"https:\/\/puntodincontro.mx\/?p=15968"},"modified":"2023-10-13T11:38:27","modified_gmt":"2023-10-13T16:38:27","slug":"declaraciones-de-dip-porta-en-la-xi-conferencia-italia-america-latina","status":"publish","type":"post","link":"https:\/\/puntodincontro.mx\/es\/2023\/10\/13\/dichiarazioni-dellon-porta-allxi-conferenza-italia-america-latina\/","title":{"rendered":"Declaraciones del dip. Porta en la XI Conferencia Italia-Am\u00e9rica Latina"},"content":{"rendered":"<p class=\"translation-block\"><strong>09:53 hrs.<\/strong> - Fue inaugurada hoy en Roma la und\u00e9cima Conferencia Italia-Am\u00e9rica Latina y Caribe, promovida por el gobierno italiano y organizada por el Instituto \u00cdtalo-Latinoamericano (IILA), principal instrumento de la pol\u00edtica exterior italiana hacia la regi\u00f3n.<\/p>\n\n\n\n<p>El diputado Fabio Porta, quien represent\u00f3 a la Comisi\u00f3n de Asuntos Exteriores en la sesi\u00f3n inaugural en la sede de la canciller\u00eda (en la foto con Antonella cavallari, Secretaria General del IILA), record\u00f3 que \u00aben la decimos\u00e9ptima legislatura aprobamos en el Parlamento una norma para volver permanente este importante instrumento de cooperaci\u00f3n internacional y de la pol\u00edtica exterior de Italia hacia un continente que hist\u00f3ricamente representa un proyecci\u00f3n de nuestro pa\u00eds hacia el otro lado del Atl\u00e1ntico y que pueda contribuir a reforzar las complementariedades econ\u00f3micas y culturales naturales con la regi\u00f3n del mundo donde vive el mayor n\u00famero de descendientes de italianos\u00bb.<\/p>\n\n\n\n<p>\u00abPor estas razones\u00bb \u2014a\u00f1adi\u00f3 el parlamentario electo en Am\u00e9rica del Sur\u2014 \u00abdamos la bienvenida a esta und\u00e9cima conferencia y saludamos a las delegaciones que han llegado a Roma para la ocasi\u00f3n\u00bb.<\/p>\n\n\n\n<p>\u00abLamentablemente debo constatar\u00bb \u2014prosigui\u00f3 Porta\u2014 \u00absin esp\u00edritu pol\u00e9mico, pero de manera constructiva y pensando en la pr\u00f3xima conferencia, que por primera vez no est\u00e1n presentes nuestro Ministro de Asuntos Exteriores ni jefes de Estado o de gobierno de los pa\u00edses latinoamericanos\u00bb.<\/p>\n\n\n\n<p>\u00abComprendemos muy bien la muy particular y dram\u00e1tica situaci\u00f3n pol\u00edtica internacional, pero \u2014si realmente queremos invertir en el papel estrat\u00e9gico de Italia en una regi\u00f3n del mundo que nos es tan querida y cada vez m\u00e1s importante en el escenario global\u2014 debemos dar a la conferencia la autoridad, la dimensi\u00f3n y la visibilidad que merece la relaci\u00f3n hist\u00f3rica de Italia con los pa\u00edses de Am\u00e9rica Latina\u00bb, concluy\u00f3 el diputado del Partido Democr\u00e1tico.<\/p>\n\n\n\n<p class=\"has-small-font-size\">Foto: ministerio de Asuntos Exteriores y Cooperaci\u00f3n internacional<\/p>\n\n\n<div class=\"wp-block-image\">\n<figure class=\"aligncenter size-full\"><a href=\"https:\/\/puntodincontro.mx\/pdf\/collettivitaitalianeamericalatina.pdf\" target=\"_blank\" rel=\"noreferrer noopener\"><img loading=\"lazy\" decoding=\"async\" width=\"800\" height=\"450\" src=\"https:\/\/puntodincontro.mx\/wp-content\/uploads\/2023\/10\/collettivitaimmagine.webp\" alt=\"\" class=\"wp-image-15972\" srcset=\"https:\/\/puntodincontro.mx\/wp-content\/uploads\/2023\/10\/collettivitaimmagine.webp 800w, https:\/\/puntodincontro.mx\/wp-content\/uploads\/2023\/10\/collettivitaimmagine-300x169.webp 300w, https:\/\/puntodincontro.mx\/wp-content\/uploads\/2023\/10\/collettivitaimmagine-768x432.webp 768w, https:\/\/puntodincontro.mx\/wp-content\/uploads\/2023\/10\/collettivitaimmagine-18x10.webp 18w\" sizes=\"(max-width: 800px) 100vw, 800px\" \/><\/a><\/figure><\/div>\n\n\n<div style=\"height:6px\" aria-hidden=\"true\" class=\"wp-block-spacer\"><\/div>\n\n\n\n<p class=\"has-text-align-center has-small-font-size\">Haz clic en la imagen para ampliar<\/p>\n\n\n\n<div style=\"height:12px\" aria-hidden=\"true\" class=\"wp-block-spacer\"><\/div>\n\n\n<!-- Ad space powered by WP AdCenter v2.5.7 - https:\/\/wpadcenter.com\/ --><div class=\"wpadcenter-adgroup\" ><div class=\"wpadcenter-adgroup__row wpadcenter-aligncenter\"><div class=\"wpadcenter-ad-container\" ><div id=\"wpadcenter-ad-18464\" class=\"ad-placement\"><div class=\"wpadcenter-ad-inner\" ><a id=\"wpadcenter_ad\" data-value=\"18464\" data-placement=\"\" href=\"https:\/\/www.productosremo.com\/\" target=\"_blank\" class=\"wpadcenter-ad-inner__item\" ><img decoding=\"async\"   src=\"https:\/\/puntodincontro.mx\/wp-content\/uploads\/2021\/08\/remobanner.jpg\" class=\"attachment-post-thumbnail size-post-thumbnail wp-post-image\" alt=\"\" srcset=\"https:\/\/puntodincontro.mx\/wp-content\/uploads\/2021\/08\/remobanner.jpg 200w, https:\/\/puntodincontro.mx\/wp-content\/uploads\/2021\/08\/remobanner-16x5.jpg 16w\" sizes=\"(max-width: 200px) 100vw, 200px\" \/><\/a><\/div><\/div><\/div><div class=\"wpadcenter-ad-container\" ><div id=\"wpadcenter-ad-5305\" class=\"ad-placement\"><div class=\"wpadcenter-ad-inner\" ><a id=\"wpadcenter_ad\" data-value=\"5305\" data-placement=\"\" href=\"https:\/\/ambcittadelmessico.esteri.it\/ambasciata_cittadelmessico\/it\/\" target=\"_blank\" class=\"wpadcenter-ad-inner__item\" ><img decoding=\"async\"   src=\"https:\/\/puntodincontro.mx\/wp-content\/uploads\/2022\/05\/Ambasciata.jpg\" class=\"attachment-post-thumbnail size-post-thumbnail wp-post-image\" alt=\"\" srcset=\"https:\/\/puntodincontro.mx\/wp-content\/uploads\/2022\/05\/Ambasciata.jpg 200w, https:\/\/puntodincontro.mx\/wp-content\/uploads\/2022\/05\/Ambasciata-18x5.jpg 18w\" sizes=\"(max-width: 200px) 100vw, 200px\" \/><\/a><\/div><\/div><\/div><div class=\"wpadcenter-ad-container\" ><div id=\"wpadcenter-ad-3781\" class=\"ad-placement\"><div class=\"wpadcenter-ad-inner\" ><a id=\"wpadcenter_ad\" data-value=\"3781\" data-placement=\"\" href=\"https:\/\/cannizzo.com.mx\/\" target=\"_blank\" class=\"wpadcenter-ad-inner__item\" ><img decoding=\"async\"   src=\"https:\/\/puntodincontro.mx\/wp-content\/uploads\/2022\/03\/cannizzo2.jpg\" class=\"attachment-post-thumbnail size-post-thumbnail wp-post-image\" alt=\"\" srcset=\"https:\/\/puntodincontro.mx\/wp-content\/uploads\/2022\/03\/cannizzo2.jpg 200w, https:\/\/puntodincontro.mx\/wp-content\/uploads\/2022\/03\/cannizzo2-18x5.jpg 18w\" sizes=\"(max-width: 200px) 100vw, 200px\" \/><\/a><\/div><\/div><\/div><\/div><div class=\"wpadcenter-adgroup__row wpadcenter-aligncenter\"><div class=\"wpadcenter-ad-container\" ><div id=\"wpadcenter-ad-1704\" class=\"ad-placement\"><div class=\"wpadcenter-ad-inner\" ><a id=\"wpadcenter_ad\" data-value=\"1704\" data-placement=\"\" href=\"https:\/\/puntodincontro.mx\/es\/2021\/12\/24\/inps-verificacion-de-supervivencia-de-los-pensionados-en-el-extranjero\/\" target=\"_blank\" class=\"wpadcenter-ad-inner__item\" ><img decoding=\"async\"   src=\"https:\/\/puntodincontro.mx\/wp-content\/uploads\/2021\/11\/logo-ital.jpg\" class=\"attachment-post-thumbnail size-post-thumbnail wp-post-image\" alt=\"Patronato ITAL Messico\" srcset=\"https:\/\/puntodincontro.mx\/wp-content\/uploads\/2021\/11\/logo-ital.jpg 200w, https:\/\/puntodincontro.mx\/wp-content\/uploads\/2021\/11\/logo-ital-16x5.jpg 16w\" sizes=\"(max-width: 200px) 100vw, 200px\" \/><\/a><\/div><\/div><\/div><div class=\"wpadcenter-ad-container\" ><div id=\"wpadcenter-ad-1538\" class=\"ad-placement\"><div class=\"wpadcenter-ad-inner\" ><a id=\"wpadcenter_ad\" data-value=\"1538\" data-placement=\"\" href=\"https:\/\/asociacionitaliana.org\/\" target=\"_blank\" class=\"wpadcenter-ad-inner__item\" ><img decoding=\"async\"   src=\"https:\/\/puntodincontro.mx\/wp-content\/uploads\/2021\/11\/aialogo.jpg\" class=\"attachment-post-thumbnail size-post-thumbnail wp-post-image\" alt=\"Associazione Italiana di Assistenza IAP\" srcset=\"https:\/\/puntodincontro.mx\/wp-content\/uploads\/2021\/11\/aialogo.jpg 200w, https:\/\/puntodincontro.mx\/wp-content\/uploads\/2021\/11\/aialogo-18x5.jpg 18w\" sizes=\"(max-width: 200px) 100vw, 200px\" \/><\/a><\/div><\/div><\/div><div class=\"wpadcenter-ad-container\" ><div id=\"wpadcenter-ad-1513\" class=\"ad-placement\"><div class=\"wpadcenter-ad-inner\" ><a id=\"wpadcenter_ad\" data-value=\"1513\" data-placement=\"\" href=\"https:\/\/gcinmuebles.mx\" target=\"_blank\" class=\"wpadcenter-ad-inner__item\" ><img decoding=\"async\"   src=\"https:\/\/puntodincontro.mx\/wp-content\/uploads\/2021\/10\/gcinmuebleslogopunto-1.jpg\" class=\"attachment-post-thumbnail size-post-thumbnail wp-post-image\" alt=\"\" srcset=\"https:\/\/puntodincontro.mx\/wp-content\/uploads\/2021\/10\/gcinmuebleslogopunto-1.jpg 200w, https:\/\/puntodincontro.mx\/wp-content\/uploads\/2021\/10\/gcinmuebleslogopunto-1-18x5.jpg 18w\" sizes=\"(max-width: 200px) 100vw, 200px\" \/><\/a><\/div><\/div><\/div><\/div><div class=\"wpadcenter-adgroup__row wpadcenter-aligncenter\"><div class=\"wpadcenter-ad-container\" ><div id=\"wpadcenter-ad-1374\" class=\"ad-placement\"><div class=\"wpadcenter-ad-inner\" ><a id=\"wpadcenter_ad\" data-value=\"1374\" data-placement=\"\" href=\"https:\/\/www.9colonne.it\/\" target=\"_blank\" class=\"wpadcenter-ad-inner__item\" ><img decoding=\"async\"   src=\"https:\/\/puntodincontro.mx\/wp-content\/uploads\/2021\/10\/Banner9colonne.gif\" class=\"attachment-post-thumbnail size-post-thumbnail wp-post-image\" alt=\"\" \/><\/a><\/div><\/div><\/div><div class=\"wpadcenter-ad-container\" ><div id=\"wpadcenter-ad-276\" class=\"ad-placement\"><div class=\"wpadcenter-ad-inner\" ><a id=\"wpadcenter_ad\" data-value=\"276\" data-placement=\"\" href=\"http:\/\/www.camaraitaliana.mx\/\" target=\"_blank\" class=\"wpadcenter-ad-inner__item\" ><img decoding=\"async\"   src=\"https:\/\/puntodincontro.mx\/wp-content\/uploads\/2021\/08\/ccimnuovo.jpg\" class=\"attachment-post-thumbnail size-post-thumbnail wp-post-image\" alt=\"\" srcset=\"https:\/\/puntodincontro.mx\/wp-content\/uploads\/2021\/08\/ccimnuovo.jpg 200w, https:\/\/puntodincontro.mx\/wp-content\/uploads\/2021\/08\/ccimnuovo-18x5.jpg 18w\" sizes=\"(max-width: 200px) 100vw, 200px\" \/><\/a><\/div><\/div><\/div><div class=\"wpadcenter-ad-container\" ><div id=\"wpadcenter-ad-272\" class=\"ad-placement\"><div class=\"wpadcenter-ad-inner\" ><a id=\"wpadcenter_ad\" data-value=\"272\" data-placement=\"\" href=\"http:\/\/corix.us\/\" target=\"_blank\" class=\"wpadcenter-ad-inner__item\" ><img decoding=\"async\"   src=\"https:\/\/puntodincontro.mx\/wp-content\/uploads\/2021\/08\/corixbanner-1.jpg\" class=\"attachment-post-thumbnail size-post-thumbnail wp-post-image\" alt=\"\" srcset=\"https:\/\/puntodincontro.mx\/wp-content\/uploads\/2021\/08\/corixbanner-1.jpg 200w, https:\/\/puntodincontro.mx\/wp-content\/uploads\/2021\/08\/corixbanner-1-16x5.jpg 16w\" sizes=\"(max-width: 200px) 100vw, 200px\" \/><\/a><\/div><\/div><\/div><\/div><div class=\"wpadcenter-adgroup__row wpadcenter-aligncenter\"><div class=\"wpadcenter-ad-container\" ><div id=\"wpadcenter-ad-266\" class=\"ad-placement\"><div class=\"wpadcenter-ad-inner\" ><a id=\"wpadcenter_ad\" data-value=\"266\" data-placement=\"\" href=\"https:\/\/www.prinsel.com.mx\/\" target=\"_blank\" class=\"wpadcenter-ad-inner__item\" ><img decoding=\"async\"   src=\"https:\/\/puntodincontro.mx\/wp-content\/uploads\/2021\/08\/prinselbanner-1.jpg\" class=\"attachment-post-thumbnail size-post-thumbnail wp-post-image\" alt=\"\" srcset=\"https:\/\/puntodincontro.mx\/wp-content\/uploads\/2021\/08\/prinselbanner-1.jpg 200w, https:\/\/puntodincontro.mx\/wp-content\/uploads\/2021\/08\/prinselbanner-1-16x5.jpg 16w\" sizes=\"(max-width: 200px) 100vw, 200px\" \/><\/a><\/div><\/div><\/div><div class=\"wpadcenter-ad-container\" ><div id=\"wpadcenter-ad-261\" class=\"ad-placement\"><div class=\"wpadcenter-ad-inner\" ><a id=\"wpadcenter_ad\" data-value=\"261\" data-placement=\"\" href=\"https:\/\/faitalia.com.mx\/\" target=\"_blank\" class=\"wpadcenter-ad-inner__item\" ><img decoding=\"async\"   src=\"https:\/\/puntodincontro.mx\/wp-content\/uploads\/2021\/08\/gruppodino.jpg\" class=\"attachment-post-thumbnail size-post-thumbnail wp-post-image\" alt=\"\" srcset=\"https:\/\/puntodincontro.mx\/wp-content\/uploads\/2021\/08\/gruppodino.jpg 200w, https:\/\/puntodincontro.mx\/wp-content\/uploads\/2021\/08\/gruppodino-18x5.jpg 18w\" sizes=\"(max-width: 200px) 100vw, 200px\" \/><\/a><\/div><\/div><\/div><\/div><\/div>\n\n\n<div style=\"height:12px\" aria-hidden=\"true\" class=\"wp-block-spacer\"><\/div>","protected":false},"excerpt":{"rendered":"<p>Ore 09.53 &#8211; Si \u00e8 aperta oggi a Roma l\u2019undicesima Conferenza Italia-America Latina e Caraibi, promossa dal governo italiano e organizzata dall\u2019Istituto Italo-Latino Americano (IILA), principale strumento di politica estera italiana verso la regione. L\u2019On. Fabio Porta, che ha rappresentato la Commissione Affari Esteri nella sessione di apertura alla Farnesina (nella foto con Antonella Cavallari, Segretaria Generale dell&#8217;IILA), ha ricordato che \u00abnella diciassettesima legislatura approvammo in Parlamento una norma per rendere permanente questo importante strumento di cooperazione internazionale e politica estera dell\u2019Italia verso un continente che storicamente rappresenta una proiezione del nostro Paese verso l\u2019altra sponda dell\u2019Atlantico e che pu\u00f2&#8230; <\/p>","protected":false},"author":2,"featured_media":15975,"comment_status":"open","ping_status":"open","sticky":false,"template":"","format":"standard","meta":{"_monsterinsights_skip_tracking":false,"_monsterinsights_sitenote_active":false,"_monsterinsights_sitenote_note":"","_monsterinsights_sitenote_category":0,"footnotes":""},"categories":[18],"tags":[],"class_list":["post-15968","post","type-post","status-publish","format-standard","has-post-thumbnail","hentry","category-cronaca"],"yoast_head":"<!-- This site is optimized with the Yoast SEO Premium plugin v18.4 (Yoast SEO v25.6) - https:\/\/yoast.com\/wordpress\/plugins\/seo\/ -->\n<title>Dichiarazioni dell&#039;On. Porta all&#039;XI Conferenza Italia-America Latina<\/title>\n<meta name=\"description\" content=\"Si \u00e8 aperta oggi l&#039;XI Conferenza Italia-America Latina, promossa dal governo italiano e organizzata dall\u2019Istituto Italo-Latino Americano.\" \/>\n<meta name=\"robots\" content=\"index, follow, max-snippet:-1, max-image-preview:large, max-video-preview:-1\" \/>\n<link rel=\"canonical\" href=\"https:\/\/puntodincontro.mx\/es\/2023\/10\/13\/declaraciones-de-dip-porta-en-la-xi-conferencia-italia-america-latina\/\" \/>\n<meta property=\"og:locale\" content=\"es_MX\" \/>\n<meta property=\"og:type\" content=\"article\" \/>\n<meta property=\"og:title\" content=\"Dichiarazioni dell&#039;On. Porta all&#039;XI Conferenza Italia-America Latina\" \/>\n<meta property=\"og:description\" content=\"Si \u00e8 aperta oggi l&#039;XI Conferenza Italia-America Latina, promossa dal governo italiano e organizzata dall\u2019Istituto Italo-Latino Americano.\" \/>\n<meta property=\"og:url\" content=\"https:\/\/puntodincontro.mx\/es\/2023\/10\/13\/declaraciones-de-dip-porta-en-la-xi-conferencia-italia-america-latina\/\" \/>\n<meta property=\"og:site_name\" content=\"Puntodincontro\" \/>\n<meta property=\"article:publisher\" content=\"https:\/\/www.facebook.com\/puntodincontro.mx\" \/>\n<meta property=\"article:published_time\" content=\"2023-10-13T16:37:49+00:00\" \/>\n<meta property=\"article:modified_time\" content=\"2023-10-13T16:38:27+00:00\" \/>\n<meta property=\"og:image\" content=\"https:\/\/puntodincontro.mx\/wp-content\/uploads\/2023\/10\/cavallariporta2comp.jpg\" \/>\n\t<meta property=\"og:image:width\" content=\"932\" \/>\n\t<meta property=\"og:image:height\" content=\"488\" \/>\n\t<meta property=\"og:image:type\" content=\"image\/jpeg\" \/>\n<meta name=\"author\" content=\"Puntodincontro\" \/>\n<meta name=\"twitter:card\" content=\"summary_large_image\" \/>\n<meta name=\"twitter:creator\" content=\"@puntodincontro\" \/>\n<meta name=\"twitter:site\" content=\"@puntodincontro\" \/>\n<meta name=\"twitter:label1\" content=\"Escrito por\" \/>\n\t<meta name=\"twitter:data1\" content=\"Puntodincontro\" \/>\n\t<meta name=\"twitter:label2\" content=\"Tiempo de lectura\" \/>\n\t<meta name=\"twitter:data2\" content=\"1 minuto\" \/>\n<script type=\"application\/ld+json\" class=\"yoast-schema-graph\">{\"@context\":\"https:\/\/schema.org\",\"@graph\":[{\"@type\":\"NewsArticle\",\"@id\":\"https:\/\/puntodincontro.mx\/2023\/10\/13\/dichiarazioni-dellon-porta-allxi-conferenza-italia-america-latina\/#article\",\"isPartOf\":{\"@id\":\"https:\/\/puntodincontro.mx\/2023\/10\/13\/dichiarazioni-dellon-porta-allxi-conferenza-italia-america-latina\/\"},\"author\":{\"name\":\"Puntodincontro\",\"@id\":\"https:\/\/puntodincontro.mx\/#\/schema\/person\/d3066d18a16259cbb0c29b0d0e93b556\"},\"headline\":\"Dichiarazioni dell&#8217;On. Porta all&#8217;XI Conferenza Italia-America Latina\",\"datePublished\":\"2023-10-13T16:37:49+00:00\",\"dateModified\":\"2023-10-13T16:38:27+00:00\",\"mainEntityOfPage\":{\"@id\":\"https:\/\/puntodincontro.mx\/2023\/10\/13\/dichiarazioni-dellon-porta-allxi-conferenza-italia-america-latina\/\"},\"wordCount\":290,\"commentCount\":0,\"publisher\":{\"@id\":\"https:\/\/puntodincontro.mx\/#organization\"},\"image\":{\"@id\":\"https:\/\/puntodincontro.mx\/2023\/10\/13\/dichiarazioni-dellon-porta-allxi-conferenza-italia-america-latina\/#primaryimage\"},\"thumbnailUrl\":\"https:\/\/puntodincontro.mx\/wp-content\/uploads\/2023\/10\/cavallariporta2vert.webp\",\"articleSection\":[\"Cronaca\"],\"inLanguage\":\"es\",\"potentialAction\":[{\"@type\":\"CommentAction\",\"name\":\"Comment\",\"target\":[\"https:\/\/puntodincontro.mx\/2023\/10\/13\/dichiarazioni-dellon-porta-allxi-conferenza-italia-america-latina\/#respond\"]}]},{\"@type\":\"WebPage\",\"@id\":\"https:\/\/puntodincontro.mx\/2023\/10\/13\/dichiarazioni-dellon-porta-allxi-conferenza-italia-america-latina\/\",\"url\":\"https:\/\/puntodincontro.mx\/2023\/10\/13\/dichiarazioni-dellon-porta-allxi-conferenza-italia-america-latina\/\",\"name\":\"Dichiarazioni dell'On. Porta all'XI Conferenza Italia-America Latina\",\"isPartOf\":{\"@id\":\"https:\/\/puntodincontro.mx\/#website\"},\"primaryImageOfPage\":{\"@id\":\"https:\/\/puntodincontro.mx\/2023\/10\/13\/dichiarazioni-dellon-porta-allxi-conferenza-italia-america-latina\/#primaryimage\"},\"image\":{\"@id\":\"https:\/\/puntodincontro.mx\/2023\/10\/13\/dichiarazioni-dellon-porta-allxi-conferenza-italia-america-latina\/#primaryimage\"},\"thumbnailUrl\":\"https:\/\/puntodincontro.mx\/wp-content\/uploads\/2023\/10\/cavallariporta2vert.webp\",\"datePublished\":\"2023-10-13T16:37:49+00:00\",\"dateModified\":\"2023-10-13T16:38:27+00:00\",\"description\":\"Si \u00e8 aperta oggi l'XI Conferenza Italia-America Latina, promossa dal governo italiano e organizzata dall\u2019Istituto Italo-Latino Americano.\",\"breadcrumb\":{\"@id\":\"https:\/\/puntodincontro.mx\/2023\/10\/13\/dichiarazioni-dellon-porta-allxi-conferenza-italia-america-latina\/#breadcrumb\"},\"inLanguage\":\"es\",\"potentialAction\":[{\"@type\":\"ReadAction\",\"target\":[\"https:\/\/puntodincontro.mx\/2023\/10\/13\/dichiarazioni-dellon-porta-allxi-conferenza-italia-america-latina\/\"]}]},{\"@type\":\"ImageObject\",\"inLanguage\":\"es\",\"@id\":\"https:\/\/puntodincontro.mx\/2023\/10\/13\/dichiarazioni-dellon-porta-allxi-conferenza-italia-america-latina\/#primaryimage\",\"url\":\"https:\/\/puntodincontro.mx\/wp-content\/uploads\/2023\/10\/cavallariporta2vert.webp\",\"contentUrl\":\"https:\/\/puntodincontro.mx\/wp-content\/uploads\/2023\/10\/cavallariporta2vert.webp\",\"width\":423,\"height\":488,\"caption\":\"Dichiarazioni dell'On. Porta all'XI Conferenza Italia-America Latina \/ Foto: ministero degli Affari esteri e della Cooperazione internazionale\"},{\"@type\":\"BreadcrumbList\",\"@id\":\"https:\/\/puntodincontro.mx\/2023\/10\/13\/dichiarazioni-dellon-porta-allxi-conferenza-italia-america-latina\/#breadcrumb\",\"itemListElement\":[{\"@type\":\"ListItem\",\"position\":1,\"name\":\"Home\",\"item\":\"https:\/\/puntodincontro.mx\/\"},{\"@type\":\"ListItem\",\"position\":2,\"name\":\"Dichiarazioni dell&#8217;On. Porta all&#8217;XI Conferenza Italia-America Latina\"}]},{\"@type\":\"WebSite\",\"@id\":\"https:\/\/puntodincontro.mx\/#website\",\"url\":\"https:\/\/puntodincontro.mx\/\",\"name\":\"Puntodincontro\",\"description\":\"Dal 2006 notizie sui rapporti Italia-Messico \/ Desde 2006 noticias sobre las relaciones entre Italia y M\u00e9xico\",\"publisher\":{\"@id\":\"https:\/\/puntodincontro.mx\/#organization\"},\"potentialAction\":[{\"@type\":\"SearchAction\",\"target\":{\"@type\":\"EntryPoint\",\"urlTemplate\":\"https:\/\/puntodincontro.mx\/?s={search_term_string}\"},\"query-input\":{\"@type\":\"PropertyValueSpecification\",\"valueRequired\":true,\"valueName\":\"search_term_string\"}}],\"inLanguage\":\"es\"},{\"@type\":\"Organization\",\"@id\":\"https:\/\/puntodincontro.mx\/#organization\",\"name\":\"Puntodincontro\",\"url\":\"https:\/\/puntodincontro.mx\/\",\"logo\":{\"@type\":\"ImageObject\",\"inLanguage\":\"es\",\"@id\":\"https:\/\/puntodincontro.mx\/#\/schema\/logo\/image\/\",\"url\":\"https:\/\/puntodincontro.mx\/wp-content\/uploads\/2021\/08\/Default-image-for-open-graph-settings.jpg\",\"contentUrl\":\"https:\/\/puntodincontro.mx\/wp-content\/uploads\/2021\/08\/Default-image-for-open-graph-settings.jpg\",\"width\":1200,\"height\":630,\"caption\":\"Puntodincontro\"},\"image\":{\"@id\":\"https:\/\/puntodincontro.mx\/#\/schema\/logo\/image\/\"},\"sameAs\":[\"https:\/\/www.facebook.com\/puntodincontro.mx\",\"https:\/\/x.com\/puntodincontro\",\"https:\/\/www.instagram.com\/puntodincontro.mx\/\",\"https:\/\/www.linkedin.com\/company\/puntodincontro\/\",\"https:\/\/www.youtube.com\/c\/puntodincontromessico\",\"https:\/\/www.patreon.com\/puntodincontro\",\"https:\/\/www.threads.net\/@puntodincontro.mx\"]},{\"@type\":\"Person\",\"@id\":\"https:\/\/puntodincontro.mx\/#\/schema\/person\/d3066d18a16259cbb0c29b0d0e93b556\",\"name\":\"Puntodincontro\",\"image\":{\"@type\":\"ImageObject\",\"inLanguage\":\"es\",\"@id\":\"https:\/\/puntodincontro.mx\/#\/schema\/person\/image\/\",\"url\":\"https:\/\/secure.gravatar.com\/avatar\/0e85b4b3b5e9d6bfcec6a4956d8cc63a?s=96&d=mm&r=g\",\"contentUrl\":\"https:\/\/secure.gravatar.com\/avatar\/0e85b4b3b5e9d6bfcec6a4956d8cc63a?s=96&d=mm&r=g\",\"caption\":\"Puntodincontro\"},\"url\":\"https:\/\/puntodincontro.mx\/es\/author\/puntodincontro\/\"}]}<\/script>\n<!-- \/ Yoast SEO Premium plugin. -->","yoast_head_json":{"title":"Dichiarazioni dell'On. Porta all'XI Conferenza Italia-America Latina","description":"Si \u00e8 aperta oggi l'XI Conferenza Italia-America Latina, promossa dal governo italiano e organizzata dall\u2019Istituto Italo-Latino Americano.","robots":{"index":"index","follow":"follow","max-snippet":"max-snippet:-1","max-image-preview":"max-image-preview:large","max-video-preview":"max-video-preview:-1"},"canonical":"https:\/\/puntodincontro.mx\/es\/2023\/10\/13\/declaraciones-de-dip-porta-en-la-xi-conferencia-italia-america-latina\/","og_locale":"es_MX","og_type":"article","og_title":"Dichiarazioni dell'On. Porta all'XI Conferenza Italia-America Latina","og_description":"Si \u00e8 aperta oggi l'XI Conferenza Italia-America Latina, promossa dal governo italiano e organizzata dall\u2019Istituto Italo-Latino Americano.","og_url":"https:\/\/puntodincontro.mx\/es\/2023\/10\/13\/declaraciones-de-dip-porta-en-la-xi-conferencia-italia-america-latina\/","og_site_name":"Puntodincontro","article_publisher":"https:\/\/www.facebook.com\/puntodincontro.mx","article_published_time":"2023-10-13T16:37:49+00:00","article_modified_time":"2023-10-13T16:38:27+00:00","og_image":[{"width":932,"height":488,"url":"https:\/\/puntodincontro.mx\/wp-content\/uploads\/2023\/10\/cavallariporta2comp.jpg","type":"image\/jpeg"}],"author":"Puntodincontro","twitter_card":"summary_large_image","twitter_creator":"@puntodincontro","twitter_site":"@puntodincontro","twitter_misc":{"Escrito por":"Puntodincontro","Tiempo de lectura":"1 minuto"},"schema":{"@context":"https:\/\/schema.org","@graph":[{"@type":"NewsArticle","@id":"https:\/\/puntodincontro.mx\/2023\/10\/13\/dichiarazioni-dellon-porta-allxi-conferenza-italia-america-latina\/#article","isPartOf":{"@id":"https:\/\/puntodincontro.mx\/2023\/10\/13\/dichiarazioni-dellon-porta-allxi-conferenza-italia-america-latina\/"},"author":{"name":"Puntodincontro","@id":"https:\/\/puntodincontro.mx\/#\/schema\/person\/d3066d18a16259cbb0c29b0d0e93b556"},"headline":"Dichiarazioni dell&#8217;On. Porta all&#8217;XI Conferenza Italia-America Latina","datePublished":"2023-10-13T16:37:49+00:00","dateModified":"2023-10-13T16:38:27+00:00","mainEntityOfPage":{"@id":"https:\/\/puntodincontro.mx\/2023\/10\/13\/dichiarazioni-dellon-porta-allxi-conferenza-italia-america-latina\/"},"wordCount":290,"commentCount":0,"publisher":{"@id":"https:\/\/puntodincontro.mx\/#organization"},"image":{"@id":"https:\/\/puntodincontro.mx\/2023\/10\/13\/dichiarazioni-dellon-porta-allxi-conferenza-italia-america-latina\/#primaryimage"},"thumbnailUrl":"https:\/\/puntodincontro.mx\/wp-content\/uploads\/2023\/10\/cavallariporta2vert.webp","articleSection":["Cronaca"],"inLanguage":"es","potentialAction":[{"@type":"CommentAction","name":"Comment","target":["https:\/\/puntodincontro.mx\/2023\/10\/13\/dichiarazioni-dellon-porta-allxi-conferenza-italia-america-latina\/#respond"]}]},{"@type":"WebPage","@id":"https:\/\/puntodincontro.mx\/2023\/10\/13\/dichiarazioni-dellon-porta-allxi-conferenza-italia-america-latina\/","url":"https:\/\/puntodincontro.mx\/2023\/10\/13\/dichiarazioni-dellon-porta-allxi-conferenza-italia-america-latina\/","name":"Dichiarazioni dell'On. Porta all'XI Conferenza Italia-America Latina","isPartOf":{"@id":"https:\/\/puntodincontro.mx\/#website"},"primaryImageOfPage":{"@id":"https:\/\/puntodincontro.mx\/2023\/10\/13\/dichiarazioni-dellon-porta-allxi-conferenza-italia-america-latina\/#primaryimage"},"image":{"@id":"https:\/\/puntodincontro.mx\/2023\/10\/13\/dichiarazioni-dellon-porta-allxi-conferenza-italia-america-latina\/#primaryimage"},"thumbnailUrl":"https:\/\/puntodincontro.mx\/wp-content\/uploads\/2023\/10\/cavallariporta2vert.webp","datePublished":"2023-10-13T16:37:49+00:00","dateModified":"2023-10-13T16:38:27+00:00","description":"Si \u00e8 aperta oggi l'XI Conferenza Italia-America Latina, promossa dal governo italiano e organizzata dall\u2019Istituto Italo-Latino Americano.","breadcrumb":{"@id":"https:\/\/puntodincontro.mx\/2023\/10\/13\/dichiarazioni-dellon-porta-allxi-conferenza-italia-america-latina\/#breadcrumb"},"inLanguage":"es","potentialAction":[{"@type":"ReadAction","target":["https:\/\/puntodincontro.mx\/2023\/10\/13\/dichiarazioni-dellon-porta-allxi-conferenza-italia-america-latina\/"]}]},{"@type":"ImageObject","inLanguage":"es","@id":"https:\/\/puntodincontro.mx\/2023\/10\/13\/dichiarazioni-dellon-porta-allxi-conferenza-italia-america-latina\/#primaryimage","url":"https:\/\/puntodincontro.mx\/wp-content\/uploads\/2023\/10\/cavallariporta2vert.webp","contentUrl":"https:\/\/puntodincontro.mx\/wp-content\/uploads\/2023\/10\/cavallariporta2vert.webp","width":423,"height":488,"caption":"Dichiarazioni dell'On. Porta all'XI Conferenza Italia-America Latina \/ Foto: ministero degli Affari esteri e della Cooperazione internazionale"},{"@type":"BreadcrumbList","@id":"https:\/\/puntodincontro.mx\/2023\/10\/13\/dichiarazioni-dellon-porta-allxi-conferenza-italia-america-latina\/#breadcrumb","itemListElement":[{"@type":"ListItem","position":1,"name":"Home","item":"https:\/\/puntodincontro.mx\/"},{"@type":"ListItem","position":2,"name":"Dichiarazioni dell&#8217;On. Porta all&#8217;XI Conferenza Italia-America Latina"}]},{"@type":"WebSite","@id":"https:\/\/puntodincontro.mx\/#website","url":"https:\/\/puntodincontro.mx\/","name":"Puntodincontro","description":"Desde el 2006 noticias sobre las relaciones entre Italia y M\u00e9xico \/ Dal 2006 notizie sui rapporti Italia-Messico","publisher":{"@id":"https:\/\/puntodincontro.mx\/#organization"},"potentialAction":[{"@type":"SearchAction","target":{"@type":"EntryPoint","urlTemplate":"https:\/\/puntodincontro.mx\/?s={search_term_string}"},"query-input":{"@type":"PropertyValueSpecification","valueRequired":true,"valueName":"search_term_string"}}],"inLanguage":"es"},{"@type":"Organization","@id":"https:\/\/puntodincontro.mx\/#organization","name":"Puntodincontro","url":"https:\/\/puntodincontro.mx\/","logo":{"@type":"ImageObject","inLanguage":"es","@id":"https:\/\/puntodincontro.mx\/#\/schema\/logo\/image\/","url":"https:\/\/puntodincontro.mx\/wp-content\/uploads\/2021\/08\/Default-image-for-open-graph-settings.jpg","contentUrl":"https:\/\/puntodincontro.mx\/wp-content\/uploads\/2021\/08\/Default-image-for-open-graph-settings.jpg","width":1200,"height":630,"caption":"Puntodincontro"},"image":{"@id":"https:\/\/puntodincontro.mx\/#\/schema\/logo\/image\/"},"sameAs":["https:\/\/www.facebook.com\/puntodincontro.mx","https:\/\/x.com\/puntodincontro","https:\/\/www.instagram.com\/puntodincontro.mx\/","https:\/\/www.linkedin.com\/company\/puntodincontro\/","https:\/\/www.youtube.com\/c\/puntodincontromessico","https:\/\/www.patreon.com\/puntodincontro","https:\/\/www.threads.net\/@puntodincontro.mx"]},{"@type":"Person","@id":"https:\/\/puntodincontro.mx\/#\/schema\/person\/d3066d18a16259cbb0c29b0d0e93b556","name":"Puntodincontro","image":{"@type":"ImageObject","inLanguage":"es","@id":"https:\/\/puntodincontro.mx\/#\/schema\/person\/image\/","url":"https:\/\/secure.gravatar.com\/avatar\/0e85b4b3b5e9d6bfcec6a4956d8cc63a?s=96&d=mm&r=g","contentUrl":"https:\/\/secure.gravatar.com\/avatar\/0e85b4b3b5e9d6bfcec6a4956d8cc63a?s=96&d=mm&r=g","caption":"Puntodincontro"},"url":"https:\/\/puntodincontro.mx\/es\/author\/puntodincontro\/"}]}},"_links":{"self":[{"href":"https:\/\/puntodincontro.mx\/es\/wp-json\/wp\/v2\/posts\/15968"}],"collection":[{"href":"https:\/\/puntodincontro.mx\/es\/wp-json\/wp\/v2\/posts"}],"about":[{"href":"https:\/\/puntodincontro.mx\/es\/wp-json\/wp\/v2\/types\/post"}],"author":[{"embeddable":true,"href":"https:\/\/puntodincontro.mx\/es\/wp-json\/wp\/v2\/users\/2"}],"replies":[{"embeddable":true,"href":"https:\/\/puntodincontro.mx\/es\/wp-json\/wp\/v2\/comments?post=15968"}],"version-history":[{"count":8,"href":"https:\/\/puntodincontro.mx\/es\/wp-json\/wp\/v2\/posts\/15968\/revisions"}],"predecessor-version":[{"id":15980,"href":"https:\/\/puntodincontro.mx\/es\/wp-json\/wp\/v2\/posts\/15968\/revisions\/15980"}],"wp:featuredmedia":[{"embeddable":true,"href":"https:\/\/puntodincontro.mx\/es\/wp-json\/wp\/v2\/media\/15975"}],"wp:attachment":[{"href":"https:\/\/puntodincontro.mx\/es\/wp-json\/wp\/v2\/media?parent=15968"}],"wp:term":[{"taxonomy":"category","embeddable":true,"href":"https:\/\/puntodincontro.mx\/es\/wp-json\/wp\/v2\/categories?post=15968"},{"taxonomy":"post_tag","embeddable":true,"href":"https:\/\/puntodincontro.mx\/es\/wp-json\/wp\/v2\/tags?post=15968"}],"curies":[{"name":"wp","href":"https:\/\/api.w.org\/{rel}","templated":true}]}}