{"id":1602,"date":"2021-11-03T15:50:57","date_gmt":"2021-11-03T21:50:57","guid":{"rendered":"https:\/\/puntodincontro.mx\/?p=1602"},"modified":"2021-11-03T16:19:22","modified_gmt":"2021-11-03T22:19:22","slug":"tambien-dante-alighieri-desfilo-para-el-dia-de-muertos-en-la-ciudad-de-mexico","status":"publish","type":"post","link":"https:\/\/puntodincontro.mx\/es\/2021\/11\/03\/anche-dante-alighieri-alla-parata-del-dia-de-muertos-di-citta-del-messico\/","title":{"rendered":"Tambi\u00e9n Dante Alighieri desfil\u00f3 para el D\u00eda de Muertos en la Ciudad de M\u00e9xico"},"content":{"rendered":"<p class=\"translation-block\"><strong>15:40 hrs.<\/strong> \u2013 Una carroza aleg\u00f3rica inspirada en la imagen de Dante Alighieri \u201creducido a los huesos\u201d particip\u00f3 el pasado domingo en el desfile con el que se celebr\u00f3 el \"D\u00eda de los Muertos\" en la Ciudad de M\u00e9xico.<\/p>\n\n\n\n<p>Para fortalecer el v\u00ednculo cultural y art\u00edstico establecido en 2019 por la Fundaci\u00f3n Carnaval de Viareggio y la secretar\u00eda de Cultura del Gobierno de la capital mexicana, gracias al involucramiento de Ferrero de M\u00e9xico \u2014que celebrar\u00e1 su 30 aniversario en el pa\u00eds latinoamericano el pr\u00f3ximo a\u00f1o\u2014, del Instituto Italiano de Cultura y de la Embajada de Italia, los constructores de Viareggio Enrico Vannucci y Benjamin Lebigre se unieron en d\u00edas pasados a un grupo de j\u00f3venes artistas mexicanos y trabajaron juntos para crear la figura que celebr\u00f3 al poeta florentino a setecientos a\u00f1os de su muerte.<\/p>\n\n\n\n<p>El desfile durante cinco horas atraves\u00f3 de este a oeste la metr\u00f3poli norteamericana recorriendo 8.7 kil\u00f3metros desde el Z\u00f3calo hasta el Campo Marte. Bajo el t\u00edtulo \u201cCelebrando la vida\u201d fueron homenajeadas cientos de miles de personas fallecidas en el pa\u00eds durante la pandemia de Covid-19.<\/p>\n\n\n\n<p>En M\u00e9xico, el d\u00eda de muertos \u2014con base en antiguas tradiciones precolombinas mezcladas durante cinco siglos con usanzas europeas y recientemente estrategias comerciales\u2014, se celebra como una ocasi\u00f3n alegre, al igual que en Italia se festeja el Carnaval: con disfraces, gente en la calle, flores, confeti y m\u00e1scaras. Es un v\u00ednculo casi natural, por tanto, el que se ha establecido entre Viareggio y la Ciudad de M\u00e9xico, donde Vannucci y Lebigre, como en 2019, durante las \u00faltimas semanas realizaron un taller dedicado al estudio del papel mach\u00e9.<\/p>\n\n\n\n<p>En febrero, los artistas mexicanos llevar\u00e1n su inspiraci\u00f3n vital a la Toscana, a orillas del mar Tirreno, para participar en uno de los eventos de carnaval m\u00e1s importantes de Italia, Europa y el mundo.<\/p>\n\n\n\n<div style=\"height:12px\" aria-hidden=\"true\" class=\"wp-block-spacer\"><\/div>\n\n\n\n\n\n\n\n<div style=\"height:12px\" aria-hidden=\"true\" class=\"wp-block-spacer\"><\/div>","protected":false},"excerpt":{"rendered":"<p>Ore 15.40 &#8211; Un carro allegorico raffigurante Dante Alighieri \u201cridotto all\u2019osso\u201d ha sfilato domenica scorsa alla parata con cui a Citt\u00e0 del Messico si \u00e8 celebrato il \u201cD\u00eda de los Muertos\u201d. Per rinsaldare il legame culturale e artistico stretto nel 2019 dalla Fondazione Carnevale di Viareggio e dal segretariato alla cultura del governo della capitale messicana, grazie al coinvolgimento di Ferrero de M\u00e9xico \u2014che l&#8217;anno prossimo celebrer\u00e0 il 30esimo anniversario nel Paese latinoamericano\u2014, dell\u2019Istituto italiano di cultura e dell\u2019Ambasciata d&#8217;Italia, i costruttori viareggini Enrico Vannucci e Benjamin Lebigre nei giorni scorsi hanno raggiunto un gruppo di giovani artisti messicani e&#8230; <\/p>","protected":false},"author":2,"featured_media":1605,"comment_status":"open","ping_status":"open","sticky":false,"template":"","format":"standard","meta":{"_monsterinsights_skip_tracking":false,"_monsterinsights_sitenote_active":false,"_monsterinsights_sitenote_note":"","_monsterinsights_sitenote_category":0,"footnotes":""},"categories":[4],"tags":[],"class_list":["post-1602","post","type-post","status-publish","format-standard","has-post-thumbnail","hentry","category-italia-in-messico"],"yoast_head":"<!-- This site is optimized with the Yoast SEO Premium plugin v18.4 (Yoast SEO v25.6) - https:\/\/yoast.com\/wordpress\/plugins\/seo\/ -->\n<title>Anche Dante Alighieri alla parata del \u201cD\u00eda de Muertos\u201d di Citt\u00e0 del Messico Puntodincontro<\/title>\n<meta name=\"description\" content=\"Un carro allegorico raffigurante Dante Alighieri \u201cridotto all\u2019osso\u201d ha sfilato domenica scorsa alla parata con cui a Citt\u00e0 del Messico si \u00e8 celebrato il \u201cD\u00eda de los Muertos\u201d. Per rinsaldare il legame culturale e artistico stretto nel 2019 dalla Fondazione Carnevale di Viareggio e dal segretariato alla cultura del governo della capitale messicana, grazie al coinvolgimento di Ferrero de M\u00e9xico \u2014che l&#039;anno prossimo celebrer\u00e0 il 30esimo anniversario nel Paese latinoamericano\u2014, dell\u2019Istituto italiano di cultura e dell\u2019Ambasciata d&#039;Italia, i costruttori viareggini Enrico Vannucci e Benjamin Lebigre nei giorni scorsi hanno raggiunto un gruppo di giovani artisti messicani e hanno lavorato insieme alla realizzazione della mascherata che ha celebrato il Sommo Poeta, a settecento anni dalla sua morte.\" \/>\n<meta name=\"robots\" content=\"index, follow, max-snippet:-1, max-image-preview:large, max-video-preview:-1\" \/>\n<link rel=\"canonical\" href=\"https:\/\/puntodincontro.mx\/es\/2021\/11\/03\/tambien-dante-alighieri-desfilo-para-el-dia-de-muertos-en-la-ciudad-de-mexico\/\" \/>\n<meta property=\"og:locale\" content=\"es_MX\" \/>\n<meta property=\"og:type\" content=\"article\" \/>\n<meta property=\"og:title\" content=\"Anche Dante Alighieri alla parata del \u201cD\u00eda de Muertos\u201d di Citt\u00e0 del Messico\" \/>\n<meta property=\"og:description\" content=\"Un carro allegorico raffigurante Dante Alighieri \u201cridotto all\u2019osso\u201d ha sfilato domenica scorsa alla parata con cui a Citt\u00e0 del Messico si \u00e8 celebrato il \u201cD\u00eda de los Muertos\u201d. Per rinsaldare il legame culturale e artistico stretto nel 2019 dalla Fondazione Carnevale di Viareggio e dal segretariato alla cultura del governo della capitale messicana, grazie al coinvolgimento di Ferrero de M\u00e9xico \u2014che l&#039;anno prossimo celebrer\u00e0 il 30esimo anniversario nel Paese latinoamericano\u2014, dell\u2019Istituto italiano di cultura e dell\u2019Ambasciata d&#039;Italia, i costruttori viareggini Enrico Vannucci e Benjamin Lebigre nei giorni scorsi hanno raggiunto un gruppo di giovani artisti messicani e hanno lavorato insieme alla realizzazione della mascherata che ha celebrato il Sommo Poeta, a settecento anni dalla sua morte.\" \/>\n<meta property=\"og:url\" content=\"https:\/\/puntodincontro.mx\/es\/2021\/11\/03\/tambien-dante-alighieri-desfilo-para-el-dia-de-muertos-en-la-ciudad-de-mexico\/\" \/>\n<meta property=\"og:site_name\" content=\"Puntodincontro\" \/>\n<meta property=\"article:publisher\" content=\"https:\/\/www.facebook.com\/puntodincontro.mx\" \/>\n<meta property=\"article:published_time\" content=\"2021-11-03T21:50:57+00:00\" \/>\n<meta property=\"article:modified_time\" content=\"2021-11-03T22:19:22+00:00\" \/>\n<meta property=\"og:image\" content=\"https:\/\/puntodincontro.mx\/wp-content\/uploads\/2021\/11\/dantealighieridiademuertosvert.webp\" \/>\n\t<meta property=\"og:image:width\" content=\"423\" \/>\n\t<meta property=\"og:image:height\" content=\"488\" \/>\n\t<meta property=\"og:image:type\" content=\"image\/webp\" \/>\n<meta name=\"author\" content=\"Puntodincontro\" \/>\n<meta name=\"twitter:card\" content=\"summary_large_image\" \/>\n<meta name=\"twitter:creator\" content=\"@puntodincontro\" \/>\n<meta name=\"twitter:site\" content=\"@puntodincontro\" \/>\n<meta name=\"twitter:label1\" content=\"Escrito por\" \/>\n\t<meta name=\"twitter:data1\" content=\"Puntodincontro\" \/>\n\t<meta name=\"twitter:label2\" content=\"Tiempo de lectura\" \/>\n\t<meta name=\"twitter:data2\" content=\"2 minutos\" \/>\n<script type=\"application\/ld+json\" class=\"yoast-schema-graph\">{\"@context\":\"https:\/\/schema.org\",\"@graph\":[{\"@type\":\"NewsArticle\",\"@id\":\"https:\/\/puntodincontro.mx\/2021\/11\/03\/anche-dante-alighieri-alla-parata-del-dia-de-muertos-di-citta-del-messico\/#article\",\"isPartOf\":{\"@id\":\"https:\/\/puntodincontro.mx\/2021\/11\/03\/anche-dante-alighieri-alla-parata-del-dia-de-muertos-di-citta-del-messico\/\"},\"author\":{\"name\":\"Puntodincontro\",\"@id\":\"https:\/\/puntodincontro.mx\/#\/schema\/person\/d3066d18a16259cbb0c29b0d0e93b556\"},\"headline\":\"Anche Dante Alighieri alla parata del \u201cD\u00eda de Muertos\u201d di Citt\u00e0 del Messico\",\"datePublished\":\"2021-11-03T21:50:57+00:00\",\"dateModified\":\"2021-11-03T22:19:22+00:00\",\"mainEntityOfPage\":{\"@id\":\"https:\/\/puntodincontro.mx\/2021\/11\/03\/anche-dante-alighieri-alla-parata-del-dia-de-muertos-di-citta-del-messico\/\"},\"wordCount\":291,\"commentCount\":0,\"publisher\":{\"@id\":\"https:\/\/puntodincontro.mx\/#organization\"},\"image\":{\"@id\":\"https:\/\/puntodincontro.mx\/2021\/11\/03\/anche-dante-alighieri-alla-parata-del-dia-de-muertos-di-citta-del-messico\/#primaryimage\"},\"thumbnailUrl\":\"https:\/\/puntodincontro.mx\/wp-content\/uploads\/2021\/11\/dantealighieridiademuertosvert.webp\",\"articleSection\":[\"Italia in Messico\"],\"inLanguage\":\"es\",\"potentialAction\":[{\"@type\":\"CommentAction\",\"name\":\"Comment\",\"target\":[\"https:\/\/puntodincontro.mx\/2021\/11\/03\/anche-dante-alighieri-alla-parata-del-dia-de-muertos-di-citta-del-messico\/#respond\"]}]},{\"@type\":\"WebPage\",\"@id\":\"https:\/\/puntodincontro.mx\/2021\/11\/03\/anche-dante-alighieri-alla-parata-del-dia-de-muertos-di-citta-del-messico\/\",\"url\":\"https:\/\/puntodincontro.mx\/2021\/11\/03\/anche-dante-alighieri-alla-parata-del-dia-de-muertos-di-citta-del-messico\/\",\"name\":\"Anche Dante Alighieri alla parata del \u201cD\u00eda de Muertos\u201d di Citt\u00e0 del Messico Puntodincontro\",\"isPartOf\":{\"@id\":\"https:\/\/puntodincontro.mx\/#website\"},\"primaryImageOfPage\":{\"@id\":\"https:\/\/puntodincontro.mx\/2021\/11\/03\/anche-dante-alighieri-alla-parata-del-dia-de-muertos-di-citta-del-messico\/#primaryimage\"},\"image\":{\"@id\":\"https:\/\/puntodincontro.mx\/2021\/11\/03\/anche-dante-alighieri-alla-parata-del-dia-de-muertos-di-citta-del-messico\/#primaryimage\"},\"thumbnailUrl\":\"https:\/\/puntodincontro.mx\/wp-content\/uploads\/2021\/11\/dantealighieridiademuertosvert.webp\",\"datePublished\":\"2021-11-03T21:50:57+00:00\",\"dateModified\":\"2021-11-03T22:19:22+00:00\",\"description\":\"Un carro allegorico raffigurante Dante Alighieri \u201cridotto all\u2019osso\u201d ha sfilato domenica scorsa alla parata con cui a Citt\u00e0 del Messico si \u00e8 celebrato il \u201cD\u00eda de los Muertos\u201d. Per rinsaldare il legame culturale e artistico stretto nel 2019 dalla Fondazione Carnevale di Viareggio e dal segretariato alla cultura del governo della capitale messicana, grazie al coinvolgimento di Ferrero de M\u00e9xico \u2014che l'anno prossimo celebrer\u00e0 il 30esimo anniversario nel Paese latinoamericano\u2014, dell\u2019Istituto italiano di cultura e dell\u2019Ambasciata d'Italia, i costruttori viareggini Enrico Vannucci e Benjamin Lebigre nei giorni scorsi hanno raggiunto un gruppo di giovani artisti messicani e hanno lavorato insieme alla realizzazione della mascherata che ha celebrato il Sommo Poeta, a settecento anni dalla sua morte.\",\"breadcrumb\":{\"@id\":\"https:\/\/puntodincontro.mx\/2021\/11\/03\/anche-dante-alighieri-alla-parata-del-dia-de-muertos-di-citta-del-messico\/#breadcrumb\"},\"inLanguage\":\"es\",\"potentialAction\":[{\"@type\":\"ReadAction\",\"target\":[\"https:\/\/puntodincontro.mx\/2021\/11\/03\/anche-dante-alighieri-alla-parata-del-dia-de-muertos-di-citta-del-messico\/\"]}]},{\"@type\":\"ImageObject\",\"inLanguage\":\"es\",\"@id\":\"https:\/\/puntodincontro.mx\/2021\/11\/03\/anche-dante-alighieri-alla-parata-del-dia-de-muertos-di-citta-del-messico\/#primaryimage\",\"url\":\"https:\/\/puntodincontro.mx\/wp-content\/uploads\/2021\/11\/dantealighieridiademuertosvert.webp\",\"contentUrl\":\"https:\/\/puntodincontro.mx\/wp-content\/uploads\/2021\/11\/dantealighieridiademuertosvert.webp\",\"width\":423,\"height\":488},{\"@type\":\"BreadcrumbList\",\"@id\":\"https:\/\/puntodincontro.mx\/2021\/11\/03\/anche-dante-alighieri-alla-parata-del-dia-de-muertos-di-citta-del-messico\/#breadcrumb\",\"itemListElement\":[{\"@type\":\"ListItem\",\"position\":1,\"name\":\"Home\",\"item\":\"https:\/\/puntodincontro.mx\/\"},{\"@type\":\"ListItem\",\"position\":2,\"name\":\"Anche Dante Alighieri alla parata del \u201cD\u00eda de Muertos\u201d di Citt\u00e0 del Messico\"}]},{\"@type\":\"WebSite\",\"@id\":\"https:\/\/puntodincontro.mx\/#website\",\"url\":\"https:\/\/puntodincontro.mx\/\",\"name\":\"Puntodincontro\",\"description\":\"Dal 2006 notizie sui rapporti Italia-Messico \/ Desde 2006 noticias sobre las relaciones entre Italia y M\u00e9xico\",\"publisher\":{\"@id\":\"https:\/\/puntodincontro.mx\/#organization\"},\"potentialAction\":[{\"@type\":\"SearchAction\",\"target\":{\"@type\":\"EntryPoint\",\"urlTemplate\":\"https:\/\/puntodincontro.mx\/?s={search_term_string}\"},\"query-input\":{\"@type\":\"PropertyValueSpecification\",\"valueRequired\":true,\"valueName\":\"search_term_string\"}}],\"inLanguage\":\"es\"},{\"@type\":\"Organization\",\"@id\":\"https:\/\/puntodincontro.mx\/#organization\",\"name\":\"Puntodincontro\",\"url\":\"https:\/\/puntodincontro.mx\/\",\"logo\":{\"@type\":\"ImageObject\",\"inLanguage\":\"es\",\"@id\":\"https:\/\/puntodincontro.mx\/#\/schema\/logo\/image\/\",\"url\":\"https:\/\/puntodincontro.mx\/wp-content\/uploads\/2021\/08\/Default-image-for-open-graph-settings.jpg\",\"contentUrl\":\"https:\/\/puntodincontro.mx\/wp-content\/uploads\/2021\/08\/Default-image-for-open-graph-settings.jpg\",\"width\":1200,\"height\":630,\"caption\":\"Puntodincontro\"},\"image\":{\"@id\":\"https:\/\/puntodincontro.mx\/#\/schema\/logo\/image\/\"},\"sameAs\":[\"https:\/\/www.facebook.com\/puntodincontro.mx\",\"https:\/\/x.com\/puntodincontro\",\"https:\/\/www.instagram.com\/puntodincontro.mx\/\",\"https:\/\/www.linkedin.com\/company\/puntodincontro\/\",\"https:\/\/www.youtube.com\/c\/puntodincontromessico\",\"https:\/\/www.patreon.com\/puntodincontro\",\"https:\/\/www.threads.net\/@puntodincontro.mx\"]},{\"@type\":\"Person\",\"@id\":\"https:\/\/puntodincontro.mx\/#\/schema\/person\/d3066d18a16259cbb0c29b0d0e93b556\",\"name\":\"Puntodincontro\",\"image\":{\"@type\":\"ImageObject\",\"inLanguage\":\"es\",\"@id\":\"https:\/\/puntodincontro.mx\/#\/schema\/person\/image\/\",\"url\":\"https:\/\/secure.gravatar.com\/avatar\/0e85b4b3b5e9d6bfcec6a4956d8cc63a?s=96&d=mm&r=g\",\"contentUrl\":\"https:\/\/secure.gravatar.com\/avatar\/0e85b4b3b5e9d6bfcec6a4956d8cc63a?s=96&d=mm&r=g\",\"caption\":\"Puntodincontro\"},\"url\":\"https:\/\/puntodincontro.mx\/es\/author\/puntodincontro\/\"}]}<\/script>\n<!-- \/ Yoast SEO Premium plugin. -->","yoast_head_json":{"title":"Anche Dante Alighieri alla parata del \u201cD\u00eda de Muertos\u201d di Citt\u00e0 del Messico Puntodincontro","description":"Un carro allegorico raffigurante Dante Alighieri \u201cridotto all\u2019osso\u201d ha sfilato domenica scorsa alla parata con cui a Citt\u00e0 del Messico si \u00e8 celebrato il \u201cD\u00eda de los Muertos\u201d. Per rinsaldare il legame culturale e artistico stretto nel 2019 dalla Fondazione Carnevale di Viareggio e dal segretariato alla cultura del governo della capitale messicana, grazie al coinvolgimento di Ferrero de M\u00e9xico \u2014che l'anno prossimo celebrer\u00e0 il 30esimo anniversario nel Paese latinoamericano\u2014, dell\u2019Istituto italiano di cultura e dell\u2019Ambasciata d'Italia, i costruttori viareggini Enrico Vannucci e Benjamin Lebigre nei giorni scorsi hanno raggiunto un gruppo di giovani artisti messicani e hanno lavorato insieme alla realizzazione della mascherata che ha celebrato il Sommo Poeta, a settecento anni dalla sua morte.","robots":{"index":"index","follow":"follow","max-snippet":"max-snippet:-1","max-image-preview":"max-image-preview:large","max-video-preview":"max-video-preview:-1"},"canonical":"https:\/\/puntodincontro.mx\/es\/2021\/11\/03\/tambien-dante-alighieri-desfilo-para-el-dia-de-muertos-en-la-ciudad-de-mexico\/","og_locale":"es_MX","og_type":"article","og_title":"Anche Dante Alighieri alla parata del \u201cD\u00eda de Muertos\u201d di Citt\u00e0 del Messico","og_description":"Un carro allegorico raffigurante Dante Alighieri \u201cridotto all\u2019osso\u201d ha sfilato domenica scorsa alla parata con cui a Citt\u00e0 del Messico si \u00e8 celebrato il \u201cD\u00eda de los Muertos\u201d. Per rinsaldare il legame culturale e artistico stretto nel 2019 dalla Fondazione Carnevale di Viareggio e dal segretariato alla cultura del governo della capitale messicana, grazie al coinvolgimento di Ferrero de M\u00e9xico \u2014che l'anno prossimo celebrer\u00e0 il 30esimo anniversario nel Paese latinoamericano\u2014, dell\u2019Istituto italiano di cultura e dell\u2019Ambasciata d'Italia, i costruttori viareggini Enrico Vannucci e Benjamin Lebigre nei giorni scorsi hanno raggiunto un gruppo di giovani artisti messicani e hanno lavorato insieme alla realizzazione della mascherata che ha celebrato il Sommo Poeta, a settecento anni dalla sua morte.","og_url":"https:\/\/puntodincontro.mx\/es\/2021\/11\/03\/tambien-dante-alighieri-desfilo-para-el-dia-de-muertos-en-la-ciudad-de-mexico\/","og_site_name":"Puntodincontro","article_publisher":"https:\/\/www.facebook.com\/puntodincontro.mx","article_published_time":"2021-11-03T21:50:57+00:00","article_modified_time":"2021-11-03T22:19:22+00:00","og_image":[{"width":423,"height":488,"url":"https:\/\/puntodincontro.mx\/wp-content\/uploads\/2021\/11\/dantealighieridiademuertosvert.webp","type":"image\/webp"}],"author":"Puntodincontro","twitter_card":"summary_large_image","twitter_creator":"@puntodincontro","twitter_site":"@puntodincontro","twitter_misc":{"Escrito por":"Puntodincontro","Tiempo de lectura":"2 minutos"},"schema":{"@context":"https:\/\/schema.org","@graph":[{"@type":"NewsArticle","@id":"https:\/\/puntodincontro.mx\/2021\/11\/03\/anche-dante-alighieri-alla-parata-del-dia-de-muertos-di-citta-del-messico\/#article","isPartOf":{"@id":"https:\/\/puntodincontro.mx\/2021\/11\/03\/anche-dante-alighieri-alla-parata-del-dia-de-muertos-di-citta-del-messico\/"},"author":{"name":"Puntodincontro","@id":"https:\/\/puntodincontro.mx\/#\/schema\/person\/d3066d18a16259cbb0c29b0d0e93b556"},"headline":"Anche Dante Alighieri alla parata del \u201cD\u00eda de Muertos\u201d di Citt\u00e0 del Messico","datePublished":"2021-11-03T21:50:57+00:00","dateModified":"2021-11-03T22:19:22+00:00","mainEntityOfPage":{"@id":"https:\/\/puntodincontro.mx\/2021\/11\/03\/anche-dante-alighieri-alla-parata-del-dia-de-muertos-di-citta-del-messico\/"},"wordCount":291,"commentCount":0,"publisher":{"@id":"https:\/\/puntodincontro.mx\/#organization"},"image":{"@id":"https:\/\/puntodincontro.mx\/2021\/11\/03\/anche-dante-alighieri-alla-parata-del-dia-de-muertos-di-citta-del-messico\/#primaryimage"},"thumbnailUrl":"https:\/\/puntodincontro.mx\/wp-content\/uploads\/2021\/11\/dantealighieridiademuertosvert.webp","articleSection":["Italia in Messico"],"inLanguage":"es","potentialAction":[{"@type":"CommentAction","name":"Comment","target":["https:\/\/puntodincontro.mx\/2021\/11\/03\/anche-dante-alighieri-alla-parata-del-dia-de-muertos-di-citta-del-messico\/#respond"]}]},{"@type":"WebPage","@id":"https:\/\/puntodincontro.mx\/2021\/11\/03\/anche-dante-alighieri-alla-parata-del-dia-de-muertos-di-citta-del-messico\/","url":"https:\/\/puntodincontro.mx\/2021\/11\/03\/anche-dante-alighieri-alla-parata-del-dia-de-muertos-di-citta-del-messico\/","name":"Anche Dante Alighieri alla parata del \u201cD\u00eda de Muertos\u201d di Citt\u00e0 del Messico Puntodincontro","isPartOf":{"@id":"https:\/\/puntodincontro.mx\/#website"},"primaryImageOfPage":{"@id":"https:\/\/puntodincontro.mx\/2021\/11\/03\/anche-dante-alighieri-alla-parata-del-dia-de-muertos-di-citta-del-messico\/#primaryimage"},"image":{"@id":"https:\/\/puntodincontro.mx\/2021\/11\/03\/anche-dante-alighieri-alla-parata-del-dia-de-muertos-di-citta-del-messico\/#primaryimage"},"thumbnailUrl":"https:\/\/puntodincontro.mx\/wp-content\/uploads\/2021\/11\/dantealighieridiademuertosvert.webp","datePublished":"2021-11-03T21:50:57+00:00","dateModified":"2021-11-03T22:19:22+00:00","description":"Un carro allegorico raffigurante Dante Alighieri \u201cridotto all\u2019osso\u201d ha sfilato domenica scorsa alla parata con cui a Citt\u00e0 del Messico si \u00e8 celebrato il \u201cD\u00eda de los Muertos\u201d. Per rinsaldare il legame culturale e artistico stretto nel 2019 dalla Fondazione Carnevale di Viareggio e dal segretariato alla cultura del governo della capitale messicana, grazie al coinvolgimento di Ferrero de M\u00e9xico \u2014che l'anno prossimo celebrer\u00e0 il 30esimo anniversario nel Paese latinoamericano\u2014, dell\u2019Istituto italiano di cultura e dell\u2019Ambasciata d'Italia, i costruttori viareggini Enrico Vannucci e Benjamin Lebigre nei giorni scorsi hanno raggiunto un gruppo di giovani artisti messicani e hanno lavorato insieme alla realizzazione della mascherata che ha celebrato il Sommo Poeta, a settecento anni dalla sua morte.","breadcrumb":{"@id":"https:\/\/puntodincontro.mx\/2021\/11\/03\/anche-dante-alighieri-alla-parata-del-dia-de-muertos-di-citta-del-messico\/#breadcrumb"},"inLanguage":"es","potentialAction":[{"@type":"ReadAction","target":["https:\/\/puntodincontro.mx\/2021\/11\/03\/anche-dante-alighieri-alla-parata-del-dia-de-muertos-di-citta-del-messico\/"]}]},{"@type":"ImageObject","inLanguage":"es","@id":"https:\/\/puntodincontro.mx\/2021\/11\/03\/anche-dante-alighieri-alla-parata-del-dia-de-muertos-di-citta-del-messico\/#primaryimage","url":"https:\/\/puntodincontro.mx\/wp-content\/uploads\/2021\/11\/dantealighieridiademuertosvert.webp","contentUrl":"https:\/\/puntodincontro.mx\/wp-content\/uploads\/2021\/11\/dantealighieridiademuertosvert.webp","width":423,"height":488},{"@type":"BreadcrumbList","@id":"https:\/\/puntodincontro.mx\/2021\/11\/03\/anche-dante-alighieri-alla-parata-del-dia-de-muertos-di-citta-del-messico\/#breadcrumb","itemListElement":[{"@type":"ListItem","position":1,"name":"Home","item":"https:\/\/puntodincontro.mx\/"},{"@type":"ListItem","position":2,"name":"Anche Dante Alighieri alla parata del \u201cD\u00eda de Muertos\u201d di Citt\u00e0 del Messico"}]},{"@type":"WebSite","@id":"https:\/\/puntodincontro.mx\/#website","url":"https:\/\/puntodincontro.mx\/","name":"Puntodincontro","description":"Desde el 2006 noticias sobre las relaciones entre Italia y M\u00e9xico \/ Dal 2006 notizie sui rapporti Italia-Messico","publisher":{"@id":"https:\/\/puntodincontro.mx\/#organization"},"potentialAction":[{"@type":"SearchAction","target":{"@type":"EntryPoint","urlTemplate":"https:\/\/puntodincontro.mx\/?s={search_term_string}"},"query-input":{"@type":"PropertyValueSpecification","valueRequired":true,"valueName":"search_term_string"}}],"inLanguage":"es"},{"@type":"Organization","@id":"https:\/\/puntodincontro.mx\/#organization","name":"Puntodincontro","url":"https:\/\/puntodincontro.mx\/","logo":{"@type":"ImageObject","inLanguage":"es","@id":"https:\/\/puntodincontro.mx\/#\/schema\/logo\/image\/","url":"https:\/\/puntodincontro.mx\/wp-content\/uploads\/2021\/08\/Default-image-for-open-graph-settings.jpg","contentUrl":"https:\/\/puntodincontro.mx\/wp-content\/uploads\/2021\/08\/Default-image-for-open-graph-settings.jpg","width":1200,"height":630,"caption":"Puntodincontro"},"image":{"@id":"https:\/\/puntodincontro.mx\/#\/schema\/logo\/image\/"},"sameAs":["https:\/\/www.facebook.com\/puntodincontro.mx","https:\/\/x.com\/puntodincontro","https:\/\/www.instagram.com\/puntodincontro.mx\/","https:\/\/www.linkedin.com\/company\/puntodincontro\/","https:\/\/www.youtube.com\/c\/puntodincontromessico","https:\/\/www.patreon.com\/puntodincontro","https:\/\/www.threads.net\/@puntodincontro.mx"]},{"@type":"Person","@id":"https:\/\/puntodincontro.mx\/#\/schema\/person\/d3066d18a16259cbb0c29b0d0e93b556","name":"Puntodincontro","image":{"@type":"ImageObject","inLanguage":"es","@id":"https:\/\/puntodincontro.mx\/#\/schema\/person\/image\/","url":"https:\/\/secure.gravatar.com\/avatar\/0e85b4b3b5e9d6bfcec6a4956d8cc63a?s=96&d=mm&r=g","contentUrl":"https:\/\/secure.gravatar.com\/avatar\/0e85b4b3b5e9d6bfcec6a4956d8cc63a?s=96&d=mm&r=g","caption":"Puntodincontro"},"url":"https:\/\/puntodincontro.mx\/es\/author\/puntodincontro\/"}]}},"_links":{"self":[{"href":"https:\/\/puntodincontro.mx\/es\/wp-json\/wp\/v2\/posts\/1602"}],"collection":[{"href":"https:\/\/puntodincontro.mx\/es\/wp-json\/wp\/v2\/posts"}],"about":[{"href":"https:\/\/puntodincontro.mx\/es\/wp-json\/wp\/v2\/types\/post"}],"author":[{"embeddable":true,"href":"https:\/\/puntodincontro.mx\/es\/wp-json\/wp\/v2\/users\/2"}],"replies":[{"embeddable":true,"href":"https:\/\/puntodincontro.mx\/es\/wp-json\/wp\/v2\/comments?post=1602"}],"version-history":[{"count":3,"href":"https:\/\/puntodincontro.mx\/es\/wp-json\/wp\/v2\/posts\/1602\/revisions"}],"predecessor-version":[{"id":1607,"href":"https:\/\/puntodincontro.mx\/es\/wp-json\/wp\/v2\/posts\/1602\/revisions\/1607"}],"wp:featuredmedia":[{"embeddable":true,"href":"https:\/\/puntodincontro.mx\/es\/wp-json\/wp\/v2\/media\/1605"}],"wp:attachment":[{"href":"https:\/\/puntodincontro.mx\/es\/wp-json\/wp\/v2\/media?parent=1602"}],"wp:term":[{"taxonomy":"category","embeddable":true,"href":"https:\/\/puntodincontro.mx\/es\/wp-json\/wp\/v2\/categories?post=1602"},{"taxonomy":"post_tag","embeddable":true,"href":"https:\/\/puntodincontro.mx\/es\/wp-json\/wp\/v2\/tags?post=1602"}],"curies":[{"name":"wp","href":"https:\/\/api.w.org\/{rel}","templated":true}]}}