{"id":16079,"date":"2023-10-20T00:53:54","date_gmt":"2023-10-20T05:53:54","guid":{"rendered":"https:\/\/puntodincontro.mx\/?p=16079"},"modified":"2023-10-20T01:17:43","modified_gmt":"2023-10-20T06:17:43","slug":"italia-restablece-los-controles-fronterizos-con-eslovenia","status":"publish","type":"post","link":"https:\/\/puntodincontro.mx\/es\/2023\/10\/20\/litalia-ripristina-i-controlli-di-frontiera-con-la-slovenia\/","title":{"rendered":"Italia restablece los controles fronterizos con Eslovenia"},"content":{"rendered":"<p class=\"translation-block\"><strong>00:17 hrs.<\/strong> - Ante el empeoramiento de la situaci\u00f3n en Oriente Medio y el creciente nivel de alerta terrorista en toda Europa, Italia y otros diez pa\u00edses han decidido restablecer los controles fronterizos, notificando a la Comisi\u00f3n Europea la suspensi\u00f3n de la libre circulaci\u00f3n prevista por el Acuerdo de Schengen.<\/p>\n\n\n\n<p>El gobierno italiano ha decidido restablecer los controles en la frontera con Eslovenia, ya que \u00ablas medidas policiales en la frontera italo-eslovena no son adecuadas para garantizar la seguridad requerida\u00bb.<\/p>\n\n\n\n<p>El refuerzo de la supervisi\u00f3n italiana afecta tambi\u00e9n a las fronteras con otros territorios, como Austria y Suiza, y en particular al aumento de la vigilancia de los flujos migratorios.<\/p>\n\n\n\n<p>En total, once pa\u00edses han reintroducido controles fronterizos: adem\u00e1s de Italia, Eslovenia, Austria, Alemania, Francia, Rep\u00fablica Checa, Polonia, Eslovaquia, Suecia, Dinamarca y Noruega, que aunque no forma parte de la Uni\u00f3n Europea, est\u00e1 incorporada al espacio Schengen.<\/p>\n\n\n\n<p>El espacio Schengen es uno de los principales logros del Viejo Continente. En su interior, se garantiza la libre circulaci\u00f3n de las personas mediante la abolici\u00f3n de todas las fronteras interiores y su sustituci\u00f3n por una frontera exterior \u00fanica, as\u00ed como a trav\u00e9s de la aplicaci\u00f3n de normas y procedimientos comunes en materia de visados, estancias cortas, solicitudes de asilo y controles fronterizos.<\/p>\n\n\n\n<p>La zona de libre circulaci\u00f3n entr\u00f3 en vigor progresivamente a partir de 1985, fecha del acuerdo entre B\u00e9lgica, Francia, Alemania, Luxemburgo y los Pa\u00edses Bajos. Despu\u00e9s de estos cinco, Italia fue el primer pa\u00eds en adherir al Convenio de aplicaci\u00f3n del Acuerdo de Schengen estipulado en junio de 1990 y entrado en vigor en 1995.<\/p>\n\n\n\n<p>Desde 1995, el n\u00famero de pa\u00edses miembros ha aumentado progresivamente hasta incluir ahora a 27 naciones: 23 de los 27 miembros de la Uni\u00f3n Europea (los controles en las fronteras internas de Bulgaria, Chipre y Rumania a\u00fan no han sido abolidos e Irlanda no forma parte del espacio Schengen) y todos los miembros de la Asociaci\u00f3n Europea de Libre Comercio, es decir, Islandia, Liechtenstein, Noruega y Suiza. El \u00faltimo pa\u00eds en unirse al espacio Schengen fue Croacia.<\/p>\n\n\n\n<p>La reintroducci\u00f3n de controles fronterizos dentro del espacio Schengen solo puede tener lugar en circunstancias excepcionales. Por ejemplo, para responder a una amenaza grave al orden p\u00fablico o a la seguridad interior. En este caso, el pa\u00eds miembro en cuesti\u00f3n debe notificar su intenci\u00f3n de restablecer los controles a la Comisi\u00f3n y a los dem\u00e1s pa\u00edses de la UE al menos cuatro semanas antes del restablecimiento o antes si las circunstancias no se conocen de antemano.<\/p>\n\n\n\n<p>El restablecimiento de los controles internos no requiere la aprobaci\u00f3n del Consejo. Los controles fronterizos podr\u00e1n restablecerse durante un m\u00e1ximo de seis meses en el caso de acontecimientos previsibles (por ejemplo, grandes eventos deportivos, conferencias, etc.) y durante un m\u00e1ximo de dos meses en el caso de acontecimientos que requieran una acci\u00f3n inmediata. Los controles tambi\u00e9n pueden restablecerse si \u00abel mecanismo de evaluaci\u00f3n de Schengen detecta deficiencias graves y persistentes en los controles de las fronteras exteriores, que ponen en riesgo el funcionamiento general del espacio Schengen\u00bb. En tales circunstancias, el Consejo podr\u00e1 recomendar que uno o m\u00e1s pa\u00edses de la UE reintroduzcan controles fronterizos en todas sus fronteras internas o en partes espec\u00edficas de las mismas durante un m\u00e1ximo de dos a\u00f1os.<\/p>\n\n\n\n<p>Con la suspensi\u00f3n del Acuerdo de Schengen, quienes viajen podr\u00e1n enfrentarse a controles de sus documentos, lo que normalmente no ocurre cuando se viaja entre pa\u00edses que pertenecen al espacio Schengen. En lo que respecta a Italia en particular, la reintroducci\u00f3n de controles s\u00f3lo afecta a la frontera con Eslovenia y \u00abse aplicar\u00e1 a partir del 21 de octubre por un per\u00edodo de 10 d\u00edas, prorrogable en virtud del Reglamento UE 2016\/339. Los m\u00e9todos de control se implementar\u00e1n de manera que se garantice la proporcionalidad de la medida, se adapten a la amenaza y se calibren para causar el menor impacto posible en la circulaci\u00f3n transfronteriza y en el tr\u00e1fico de mercanc\u00edas\u00bb, anunci\u00f3 el gobierno italiano (Valentina Iorio y Francesca Basso - Corriere della Sera).<\/p>\n\n\n\n<div style=\"height:12px\" aria-hidden=\"true\" class=\"wp-block-spacer\"><\/div>\n\n\n<!-- Ad space powered by WP AdCenter v2.5.7 - https:\/\/wpadcenter.com\/ --><div class=\"wpadcenter-adgroup\" ><div class=\"wpadcenter-adgroup__row wpadcenter-aligncenter\"><div class=\"wpadcenter-ad-container\" ><div id=\"wpadcenter-ad-18464\" class=\"ad-placement\"><div class=\"wpadcenter-ad-inner\" ><a id=\"wpadcenter_ad\" data-value=\"18464\" data-placement=\"\" href=\"https:\/\/www.productosremo.com\/\" target=\"_blank\" class=\"wpadcenter-ad-inner__item\" ><img decoding=\"async\"   src=\"https:\/\/puntodincontro.mx\/wp-content\/uploads\/2021\/08\/remobanner.jpg\" class=\"attachment-post-thumbnail size-post-thumbnail wp-post-image\" alt=\"\" srcset=\"https:\/\/puntodincontro.mx\/wp-content\/uploads\/2021\/08\/remobanner.jpg 200w, https:\/\/puntodincontro.mx\/wp-content\/uploads\/2021\/08\/remobanner-16x5.jpg 16w\" sizes=\"(max-width: 200px) 100vw, 200px\" \/><\/a><\/div><\/div><\/div><div class=\"wpadcenter-ad-container\" ><div id=\"wpadcenter-ad-5305\" class=\"ad-placement\"><div class=\"wpadcenter-ad-inner\" ><a id=\"wpadcenter_ad\" data-value=\"5305\" data-placement=\"\" href=\"https:\/\/ambcittadelmessico.esteri.it\/ambasciata_cittadelmessico\/it\/\" target=\"_blank\" class=\"wpadcenter-ad-inner__item\" ><img decoding=\"async\"   src=\"https:\/\/puntodincontro.mx\/wp-content\/uploads\/2022\/05\/Ambasciata.jpg\" class=\"attachment-post-thumbnail size-post-thumbnail wp-post-image\" alt=\"\" srcset=\"https:\/\/puntodincontro.mx\/wp-content\/uploads\/2022\/05\/Ambasciata.jpg 200w, https:\/\/puntodincontro.mx\/wp-content\/uploads\/2022\/05\/Ambasciata-18x5.jpg 18w\" sizes=\"(max-width: 200px) 100vw, 200px\" \/><\/a><\/div><\/div><\/div><div class=\"wpadcenter-ad-container\" ><div id=\"wpadcenter-ad-3781\" class=\"ad-placement\"><div class=\"wpadcenter-ad-inner\" ><a id=\"wpadcenter_ad\" data-value=\"3781\" data-placement=\"\" href=\"https:\/\/cannizzo.com.mx\/\" target=\"_blank\" class=\"wpadcenter-ad-inner__item\" ><img decoding=\"async\"   src=\"https:\/\/puntodincontro.mx\/wp-content\/uploads\/2022\/03\/cannizzo2.jpg\" class=\"attachment-post-thumbnail size-post-thumbnail wp-post-image\" alt=\"\" srcset=\"https:\/\/puntodincontro.mx\/wp-content\/uploads\/2022\/03\/cannizzo2.jpg 200w, https:\/\/puntodincontro.mx\/wp-content\/uploads\/2022\/03\/cannizzo2-18x5.jpg 18w\" sizes=\"(max-width: 200px) 100vw, 200px\" \/><\/a><\/div><\/div><\/div><\/div><div class=\"wpadcenter-adgroup__row wpadcenter-aligncenter\"><div class=\"wpadcenter-ad-container\" ><div id=\"wpadcenter-ad-1704\" class=\"ad-placement\"><div class=\"wpadcenter-ad-inner\" ><a id=\"wpadcenter_ad\" data-value=\"1704\" data-placement=\"\" href=\"https:\/\/puntodincontro.mx\/es\/2021\/12\/24\/inps-verificacion-de-supervivencia-de-los-pensionados-en-el-extranjero\/\" target=\"_blank\" class=\"wpadcenter-ad-inner__item\" ><img decoding=\"async\"   src=\"https:\/\/puntodincontro.mx\/wp-content\/uploads\/2021\/11\/logo-ital.jpg\" class=\"attachment-post-thumbnail size-post-thumbnail wp-post-image\" alt=\"Patronato ITAL Messico\" srcset=\"https:\/\/puntodincontro.mx\/wp-content\/uploads\/2021\/11\/logo-ital.jpg 200w, https:\/\/puntodincontro.mx\/wp-content\/uploads\/2021\/11\/logo-ital-16x5.jpg 16w\" sizes=\"(max-width: 200px) 100vw, 200px\" \/><\/a><\/div><\/div><\/div><div class=\"wpadcenter-ad-container\" ><div id=\"wpadcenter-ad-1538\" class=\"ad-placement\"><div class=\"wpadcenter-ad-inner\" ><a id=\"wpadcenter_ad\" data-value=\"1538\" data-placement=\"\" href=\"https:\/\/asociacionitaliana.org\/\" target=\"_blank\" class=\"wpadcenter-ad-inner__item\" ><img decoding=\"async\"   src=\"https:\/\/puntodincontro.mx\/wp-content\/uploads\/2021\/11\/aialogo.jpg\" class=\"attachment-post-thumbnail size-post-thumbnail wp-post-image\" alt=\"Associazione Italiana di Assistenza IAP\" srcset=\"https:\/\/puntodincontro.mx\/wp-content\/uploads\/2021\/11\/aialogo.jpg 200w, https:\/\/puntodincontro.mx\/wp-content\/uploads\/2021\/11\/aialogo-18x5.jpg 18w\" sizes=\"(max-width: 200px) 100vw, 200px\" \/><\/a><\/div><\/div><\/div><div class=\"wpadcenter-ad-container\" ><div id=\"wpadcenter-ad-1513\" class=\"ad-placement\"><div class=\"wpadcenter-ad-inner\" ><a id=\"wpadcenter_ad\" data-value=\"1513\" data-placement=\"\" href=\"https:\/\/gcinmuebles.mx\" target=\"_blank\" class=\"wpadcenter-ad-inner__item\" ><img decoding=\"async\"   src=\"https:\/\/puntodincontro.mx\/wp-content\/uploads\/2021\/10\/gcinmuebleslogopunto-1.jpg\" class=\"attachment-post-thumbnail size-post-thumbnail wp-post-image\" alt=\"\" srcset=\"https:\/\/puntodincontro.mx\/wp-content\/uploads\/2021\/10\/gcinmuebleslogopunto-1.jpg 200w, https:\/\/puntodincontro.mx\/wp-content\/uploads\/2021\/10\/gcinmuebleslogopunto-1-18x5.jpg 18w\" sizes=\"(max-width: 200px) 100vw, 200px\" \/><\/a><\/div><\/div><\/div><\/div><div class=\"wpadcenter-adgroup__row wpadcenter-aligncenter\"><div class=\"wpadcenter-ad-container\" ><div id=\"wpadcenter-ad-1374\" class=\"ad-placement\"><div class=\"wpadcenter-ad-inner\" ><a id=\"wpadcenter_ad\" data-value=\"1374\" data-placement=\"\" href=\"https:\/\/www.9colonne.it\/\" target=\"_blank\" class=\"wpadcenter-ad-inner__item\" ><img decoding=\"async\"   src=\"https:\/\/puntodincontro.mx\/wp-content\/uploads\/2021\/10\/Banner9colonne.gif\" class=\"attachment-post-thumbnail size-post-thumbnail wp-post-image\" alt=\"\" \/><\/a><\/div><\/div><\/div><div class=\"wpadcenter-ad-container\" ><div id=\"wpadcenter-ad-276\" class=\"ad-placement\"><div class=\"wpadcenter-ad-inner\" ><a id=\"wpadcenter_ad\" data-value=\"276\" data-placement=\"\" href=\"http:\/\/www.camaraitaliana.mx\/\" target=\"_blank\" class=\"wpadcenter-ad-inner__item\" ><img decoding=\"async\"   src=\"https:\/\/puntodincontro.mx\/wp-content\/uploads\/2021\/08\/ccimnuovo.jpg\" class=\"attachment-post-thumbnail size-post-thumbnail wp-post-image\" alt=\"\" srcset=\"https:\/\/puntodincontro.mx\/wp-content\/uploads\/2021\/08\/ccimnuovo.jpg 200w, https:\/\/puntodincontro.mx\/wp-content\/uploads\/2021\/08\/ccimnuovo-18x5.jpg 18w\" sizes=\"(max-width: 200px) 100vw, 200px\" \/><\/a><\/div><\/div><\/div><div class=\"wpadcenter-ad-container\" ><div id=\"wpadcenter-ad-272\" class=\"ad-placement\"><div class=\"wpadcenter-ad-inner\" ><a id=\"wpadcenter_ad\" data-value=\"272\" data-placement=\"\" href=\"http:\/\/corix.us\/\" target=\"_blank\" class=\"wpadcenter-ad-inner__item\" ><img decoding=\"async\"   src=\"https:\/\/puntodincontro.mx\/wp-content\/uploads\/2021\/08\/corixbanner-1.jpg\" class=\"attachment-post-thumbnail size-post-thumbnail wp-post-image\" alt=\"\" srcset=\"https:\/\/puntodincontro.mx\/wp-content\/uploads\/2021\/08\/corixbanner-1.jpg 200w, https:\/\/puntodincontro.mx\/wp-content\/uploads\/2021\/08\/corixbanner-1-16x5.jpg 16w\" sizes=\"(max-width: 200px) 100vw, 200px\" \/><\/a><\/div><\/div><\/div><\/div><div class=\"wpadcenter-adgroup__row wpadcenter-aligncenter\"><div class=\"wpadcenter-ad-container\" ><div id=\"wpadcenter-ad-266\" class=\"ad-placement\"><div class=\"wpadcenter-ad-inner\" ><a id=\"wpadcenter_ad\" data-value=\"266\" data-placement=\"\" href=\"https:\/\/www.prinsel.com.mx\/\" target=\"_blank\" class=\"wpadcenter-ad-inner__item\" ><img decoding=\"async\"   src=\"https:\/\/puntodincontro.mx\/wp-content\/uploads\/2021\/08\/prinselbanner-1.jpg\" class=\"attachment-post-thumbnail size-post-thumbnail wp-post-image\" alt=\"\" srcset=\"https:\/\/puntodincontro.mx\/wp-content\/uploads\/2021\/08\/prinselbanner-1.jpg 200w, https:\/\/puntodincontro.mx\/wp-content\/uploads\/2021\/08\/prinselbanner-1-16x5.jpg 16w\" sizes=\"(max-width: 200px) 100vw, 200px\" \/><\/a><\/div><\/div><\/div><div class=\"wpadcenter-ad-container\" ><div id=\"wpadcenter-ad-261\" class=\"ad-placement\"><div class=\"wpadcenter-ad-inner\" ><a id=\"wpadcenter_ad\" data-value=\"261\" data-placement=\"\" href=\"https:\/\/faitalia.com.mx\/\" target=\"_blank\" class=\"wpadcenter-ad-inner__item\" ><img decoding=\"async\"   src=\"https:\/\/puntodincontro.mx\/wp-content\/uploads\/2021\/08\/gruppodino.jpg\" class=\"attachment-post-thumbnail size-post-thumbnail wp-post-image\" alt=\"\" srcset=\"https:\/\/puntodincontro.mx\/wp-content\/uploads\/2021\/08\/gruppodino.jpg 200w, https:\/\/puntodincontro.mx\/wp-content\/uploads\/2021\/08\/gruppodino-18x5.jpg 18w\" sizes=\"(max-width: 200px) 100vw, 200px\" \/><\/a><\/div><\/div><\/div><\/div><\/div>\n\n\n<div style=\"height:12px\" aria-hidden=\"true\" class=\"wp-block-spacer\"><\/div>","protected":false},"excerpt":{"rendered":"<p>Ore 00.17 &#8211; Con l\u2019aggravarsi della situazione in Medio Oriente e il crescente livello di allerta terroristica in tutta Europa, l\u2019Italia e altri 10 Paesi hanno deciso di ripristinare i controlli alla frontiera, notificando alla Commissione europea la sospensione della libera circolazione prevista dall&#8217;Accordo di Schengen. Il governo italiano ha deciso di ripristinare i controlli al confine con la Slovenia, in quanto \u00able misure di polizia alla frontiera italo-slovena non risultano adeguate a garantire la sicurezza richiesta\u00bb. Il rafforzamento della vigilanza italiana riguarda inoltre i confini con altri territori, come Austria e Svizzera, e in particolar modo il potenziamento della&#8230; <\/p>","protected":false},"author":2,"featured_media":16084,"comment_status":"open","ping_status":"open","sticky":false,"template":"","format":"standard","meta":{"_monsterinsights_skip_tracking":false,"_monsterinsights_sitenote_active":false,"_monsterinsights_sitenote_note":"","_monsterinsights_sitenote_category":0,"footnotes":""},"categories":[18],"tags":[],"class_list":["post-16079","post","type-post","status-publish","format-standard","has-post-thumbnail","hentry","category-cronaca"],"yoast_head":"<!-- This site is optimized with the Yoast SEO Premium plugin v18.4 (Yoast SEO v25.6) - https:\/\/yoast.com\/wordpress\/plugins\/seo\/ -->\n<title>L&#039;Italia ripristina i controlli di frontiera con la Slovenia<\/title>\n<meta name=\"description\" content=\"Con l\u2019aggravarsi della situazione in Medio Oriente, l\u2019Italia e altri 10 Paesi hanno deciso di ripristinare i controlli alla frontiera.\" \/>\n<meta name=\"robots\" content=\"index, follow, max-snippet:-1, max-image-preview:large, max-video-preview:-1\" \/>\n<link rel=\"canonical\" href=\"https:\/\/puntodincontro.mx\/es\/2023\/10\/20\/italia-restablece-los-controles-fronterizos-con-eslovenia\/\" \/>\n<meta property=\"og:locale\" content=\"es_MX\" \/>\n<meta property=\"og:type\" content=\"article\" \/>\n<meta property=\"og:title\" content=\"L&#039;Italia ripristina i controlli di frontiera con la Slovenia\" \/>\n<meta property=\"og:description\" content=\"Con l\u2019aggravarsi della situazione in Medio Oriente, l\u2019Italia e altri 10 Paesi hanno deciso di ripristinare i controlli alla frontiera.\" \/>\n<meta property=\"og:url\" content=\"https:\/\/puntodincontro.mx\/es\/2023\/10\/20\/italia-restablece-los-controles-fronterizos-con-eslovenia\/\" \/>\n<meta property=\"og:site_name\" content=\"Puntodincontro\" \/>\n<meta property=\"article:publisher\" content=\"https:\/\/www.facebook.com\/puntodincontro.mx\" \/>\n<meta property=\"article:published_time\" content=\"2023-10-20T05:53:54+00:00\" \/>\n<meta property=\"article:modified_time\" content=\"2023-10-20T06:17:43+00:00\" \/>\n<meta property=\"og:image\" content=\"https:\/\/puntodincontro.mx\/wp-content\/uploads\/2023\/10\/sloveniacomp.jpg\" \/>\n\t<meta property=\"og:image:width\" content=\"932\" \/>\n\t<meta property=\"og:image:height\" content=\"488\" \/>\n\t<meta property=\"og:image:type\" content=\"image\/jpeg\" \/>\n<meta name=\"author\" content=\"Puntodincontro\" \/>\n<meta name=\"twitter:card\" content=\"summary_large_image\" \/>\n<meta name=\"twitter:creator\" content=\"@puntodincontro\" \/>\n<meta name=\"twitter:site\" content=\"@puntodincontro\" \/>\n<meta name=\"twitter:label1\" content=\"Escrito por\" \/>\n\t<meta name=\"twitter:data1\" content=\"Puntodincontro\" \/>\n\t<meta name=\"twitter:label2\" content=\"Tiempo de lectura\" \/>\n\t<meta name=\"twitter:data2\" content=\"3 minutos\" \/>\n<script type=\"application\/ld+json\" class=\"yoast-schema-graph\">{\"@context\":\"https:\/\/schema.org\",\"@graph\":[{\"@type\":\"NewsArticle\",\"@id\":\"https:\/\/puntodincontro.mx\/2023\/10\/20\/litalia-ripristina-i-controlli-di-frontiera-con-la-slovenia\/#article\",\"isPartOf\":{\"@id\":\"https:\/\/puntodincontro.mx\/2023\/10\/20\/litalia-ripristina-i-controlli-di-frontiera-con-la-slovenia\/\"},\"author\":{\"name\":\"Puntodincontro\",\"@id\":\"https:\/\/puntodincontro.mx\/#\/schema\/person\/d3066d18a16259cbb0c29b0d0e93b556\"},\"headline\":\"L&#8217;Italia ripristina i controlli di frontiera con la Slovenia\",\"datePublished\":\"2023-10-20T05:53:54+00:00\",\"dateModified\":\"2023-10-20T06:17:43+00:00\",\"mainEntityOfPage\":{\"@id\":\"https:\/\/puntodincontro.mx\/2023\/10\/20\/litalia-ripristina-i-controlli-di-frontiera-con-la-slovenia\/\"},\"wordCount\":658,\"commentCount\":0,\"publisher\":{\"@id\":\"https:\/\/puntodincontro.mx\/#organization\"},\"image\":{\"@id\":\"https:\/\/puntodincontro.mx\/2023\/10\/20\/litalia-ripristina-i-controlli-di-frontiera-con-la-slovenia\/#primaryimage\"},\"thumbnailUrl\":\"https:\/\/puntodincontro.mx\/wp-content\/uploads\/2023\/10\/sloveniavert.webp\",\"articleSection\":[\"Cronaca\"],\"inLanguage\":\"es\",\"potentialAction\":[{\"@type\":\"CommentAction\",\"name\":\"Comment\",\"target\":[\"https:\/\/puntodincontro.mx\/2023\/10\/20\/litalia-ripristina-i-controlli-di-frontiera-con-la-slovenia\/#respond\"]}]},{\"@type\":\"WebPage\",\"@id\":\"https:\/\/puntodincontro.mx\/2023\/10\/20\/litalia-ripristina-i-controlli-di-frontiera-con-la-slovenia\/\",\"url\":\"https:\/\/puntodincontro.mx\/2023\/10\/20\/litalia-ripristina-i-controlli-di-frontiera-con-la-slovenia\/\",\"name\":\"L'Italia ripristina i controlli di frontiera con la Slovenia\",\"isPartOf\":{\"@id\":\"https:\/\/puntodincontro.mx\/#website\"},\"primaryImageOfPage\":{\"@id\":\"https:\/\/puntodincontro.mx\/2023\/10\/20\/litalia-ripristina-i-controlli-di-frontiera-con-la-slovenia\/#primaryimage\"},\"image\":{\"@id\":\"https:\/\/puntodincontro.mx\/2023\/10\/20\/litalia-ripristina-i-controlli-di-frontiera-con-la-slovenia\/#primaryimage\"},\"thumbnailUrl\":\"https:\/\/puntodincontro.mx\/wp-content\/uploads\/2023\/10\/sloveniavert.webp\",\"datePublished\":\"2023-10-20T05:53:54+00:00\",\"dateModified\":\"2023-10-20T06:17:43+00:00\",\"description\":\"Con l\u2019aggravarsi della situazione in Medio Oriente, l\u2019Italia e altri 10 Paesi hanno deciso di ripristinare i controlli alla frontiera.\",\"breadcrumb\":{\"@id\":\"https:\/\/puntodincontro.mx\/2023\/10\/20\/litalia-ripristina-i-controlli-di-frontiera-con-la-slovenia\/#breadcrumb\"},\"inLanguage\":\"es\",\"potentialAction\":[{\"@type\":\"ReadAction\",\"target\":[\"https:\/\/puntodincontro.mx\/2023\/10\/20\/litalia-ripristina-i-controlli-di-frontiera-con-la-slovenia\/\"]}]},{\"@type\":\"ImageObject\",\"inLanguage\":\"es\",\"@id\":\"https:\/\/puntodincontro.mx\/2023\/10\/20\/litalia-ripristina-i-controlli-di-frontiera-con-la-slovenia\/#primaryimage\",\"url\":\"https:\/\/puntodincontro.mx\/wp-content\/uploads\/2023\/10\/sloveniavert.webp\",\"contentUrl\":\"https:\/\/puntodincontro.mx\/wp-content\/uploads\/2023\/10\/sloveniavert.webp\",\"width\":423,\"height\":488,\"caption\":\"L'Italia ripristina i controlli di frontiera con la Slovenia\"},{\"@type\":\"BreadcrumbList\",\"@id\":\"https:\/\/puntodincontro.mx\/2023\/10\/20\/litalia-ripristina-i-controlli-di-frontiera-con-la-slovenia\/#breadcrumb\",\"itemListElement\":[{\"@type\":\"ListItem\",\"position\":1,\"name\":\"Home\",\"item\":\"https:\/\/puntodincontro.mx\/\"},{\"@type\":\"ListItem\",\"position\":2,\"name\":\"L&#8217;Italia ripristina i controlli di frontiera con la Slovenia\"}]},{\"@type\":\"WebSite\",\"@id\":\"https:\/\/puntodincontro.mx\/#website\",\"url\":\"https:\/\/puntodincontro.mx\/\",\"name\":\"Puntodincontro\",\"description\":\"Dal 2006 notizie sui rapporti Italia-Messico \/ Desde 2006 noticias sobre las relaciones entre Italia y M\u00e9xico\",\"publisher\":{\"@id\":\"https:\/\/puntodincontro.mx\/#organization\"},\"potentialAction\":[{\"@type\":\"SearchAction\",\"target\":{\"@type\":\"EntryPoint\",\"urlTemplate\":\"https:\/\/puntodincontro.mx\/?s={search_term_string}\"},\"query-input\":{\"@type\":\"PropertyValueSpecification\",\"valueRequired\":true,\"valueName\":\"search_term_string\"}}],\"inLanguage\":\"es\"},{\"@type\":\"Organization\",\"@id\":\"https:\/\/puntodincontro.mx\/#organization\",\"name\":\"Puntodincontro\",\"url\":\"https:\/\/puntodincontro.mx\/\",\"logo\":{\"@type\":\"ImageObject\",\"inLanguage\":\"es\",\"@id\":\"https:\/\/puntodincontro.mx\/#\/schema\/logo\/image\/\",\"url\":\"https:\/\/puntodincontro.mx\/wp-content\/uploads\/2021\/08\/Default-image-for-open-graph-settings.jpg\",\"contentUrl\":\"https:\/\/puntodincontro.mx\/wp-content\/uploads\/2021\/08\/Default-image-for-open-graph-settings.jpg\",\"width\":1200,\"height\":630,\"caption\":\"Puntodincontro\"},\"image\":{\"@id\":\"https:\/\/puntodincontro.mx\/#\/schema\/logo\/image\/\"},\"sameAs\":[\"https:\/\/www.facebook.com\/puntodincontro.mx\",\"https:\/\/x.com\/puntodincontro\",\"https:\/\/www.instagram.com\/puntodincontro.mx\/\",\"https:\/\/www.linkedin.com\/company\/puntodincontro\/\",\"https:\/\/www.youtube.com\/c\/puntodincontromessico\",\"https:\/\/www.patreon.com\/puntodincontro\",\"https:\/\/www.threads.net\/@puntodincontro.mx\"]},{\"@type\":\"Person\",\"@id\":\"https:\/\/puntodincontro.mx\/#\/schema\/person\/d3066d18a16259cbb0c29b0d0e93b556\",\"name\":\"Puntodincontro\",\"image\":{\"@type\":\"ImageObject\",\"inLanguage\":\"es\",\"@id\":\"https:\/\/puntodincontro.mx\/#\/schema\/person\/image\/\",\"url\":\"https:\/\/secure.gravatar.com\/avatar\/0e85b4b3b5e9d6bfcec6a4956d8cc63a?s=96&d=mm&r=g\",\"contentUrl\":\"https:\/\/secure.gravatar.com\/avatar\/0e85b4b3b5e9d6bfcec6a4956d8cc63a?s=96&d=mm&r=g\",\"caption\":\"Puntodincontro\"},\"url\":\"https:\/\/puntodincontro.mx\/es\/author\/puntodincontro\/\"}]}<\/script>\n<!-- \/ Yoast SEO Premium plugin. -->","yoast_head_json":{"title":"L'Italia ripristina i controlli di frontiera con la Slovenia","description":"Tras el empeoramiento de la situaci\u00f3n en Oriente Medio, Italia y otros 10 pa\u00edses han decidido reintroducir los controles fronterizos.","robots":{"index":"index","follow":"follow","max-snippet":"max-snippet:-1","max-image-preview":"max-image-preview:large","max-video-preview":"max-video-preview:-1"},"canonical":"https:\/\/puntodincontro.mx\/es\/2023\/10\/20\/italia-restablece-los-controles-fronterizos-con-eslovenia\/","og_locale":"es_MX","og_type":"article","og_title":"L'Italia ripristina i controlli di frontiera con la Slovenia","og_description":"Con l\u2019aggravarsi della situazione in Medio Oriente, l\u2019Italia e altri 10 Paesi hanno deciso di ripristinare i controlli alla frontiera.","og_url":"https:\/\/puntodincontro.mx\/es\/2023\/10\/20\/italia-restablece-los-controles-fronterizos-con-eslovenia\/","og_site_name":"Puntodincontro","article_publisher":"https:\/\/www.facebook.com\/puntodincontro.mx","article_published_time":"2023-10-20T05:53:54+00:00","article_modified_time":"2023-10-20T06:17:43+00:00","og_image":[{"width":932,"height":488,"url":"https:\/\/puntodincontro.mx\/wp-content\/uploads\/2023\/10\/sloveniacomp.jpg","type":"image\/jpeg"}],"author":"Puntodincontro","twitter_card":"summary_large_image","twitter_creator":"@puntodincontro","twitter_site":"@puntodincontro","twitter_misc":{"Escrito por":"Puntodincontro","Tiempo de lectura":"3 minutos"},"schema":{"@context":"https:\/\/schema.org","@graph":[{"@type":"NewsArticle","@id":"https:\/\/puntodincontro.mx\/2023\/10\/20\/litalia-ripristina-i-controlli-di-frontiera-con-la-slovenia\/#article","isPartOf":{"@id":"https:\/\/puntodincontro.mx\/2023\/10\/20\/litalia-ripristina-i-controlli-di-frontiera-con-la-slovenia\/"},"author":{"name":"Puntodincontro","@id":"https:\/\/puntodincontro.mx\/#\/schema\/person\/d3066d18a16259cbb0c29b0d0e93b556"},"headline":"L&#8217;Italia ripristina i controlli di frontiera con la Slovenia","datePublished":"2023-10-20T05:53:54+00:00","dateModified":"2023-10-20T06:17:43+00:00","mainEntityOfPage":{"@id":"https:\/\/puntodincontro.mx\/2023\/10\/20\/litalia-ripristina-i-controlli-di-frontiera-con-la-slovenia\/"},"wordCount":658,"commentCount":0,"publisher":{"@id":"https:\/\/puntodincontro.mx\/#organization"},"image":{"@id":"https:\/\/puntodincontro.mx\/2023\/10\/20\/litalia-ripristina-i-controlli-di-frontiera-con-la-slovenia\/#primaryimage"},"thumbnailUrl":"https:\/\/puntodincontro.mx\/wp-content\/uploads\/2023\/10\/sloveniavert.webp","articleSection":["Cronaca"],"inLanguage":"es","potentialAction":[{"@type":"CommentAction","name":"Comment","target":["https:\/\/puntodincontro.mx\/2023\/10\/20\/litalia-ripristina-i-controlli-di-frontiera-con-la-slovenia\/#respond"]}]},{"@type":"WebPage","@id":"https:\/\/puntodincontro.mx\/2023\/10\/20\/litalia-ripristina-i-controlli-di-frontiera-con-la-slovenia\/","url":"https:\/\/puntodincontro.mx\/2023\/10\/20\/litalia-ripristina-i-controlli-di-frontiera-con-la-slovenia\/","name":"L'Italia ripristina i controlli di frontiera con la Slovenia","isPartOf":{"@id":"https:\/\/puntodincontro.mx\/#website"},"primaryImageOfPage":{"@id":"https:\/\/puntodincontro.mx\/2023\/10\/20\/litalia-ripristina-i-controlli-di-frontiera-con-la-slovenia\/#primaryimage"},"image":{"@id":"https:\/\/puntodincontro.mx\/2023\/10\/20\/litalia-ripristina-i-controlli-di-frontiera-con-la-slovenia\/#primaryimage"},"thumbnailUrl":"https:\/\/puntodincontro.mx\/wp-content\/uploads\/2023\/10\/sloveniavert.webp","datePublished":"2023-10-20T05:53:54+00:00","dateModified":"2023-10-20T06:17:43+00:00","description":"Tras el empeoramiento de la situaci\u00f3n en Oriente Medio, Italia y otros 10 pa\u00edses han decidido reintroducir los controles fronterizos.","breadcrumb":{"@id":"https:\/\/puntodincontro.mx\/2023\/10\/20\/litalia-ripristina-i-controlli-di-frontiera-con-la-slovenia\/#breadcrumb"},"inLanguage":"es","potentialAction":[{"@type":"ReadAction","target":["https:\/\/puntodincontro.mx\/2023\/10\/20\/litalia-ripristina-i-controlli-di-frontiera-con-la-slovenia\/"]}]},{"@type":"ImageObject","inLanguage":"es","@id":"https:\/\/puntodincontro.mx\/2023\/10\/20\/litalia-ripristina-i-controlli-di-frontiera-con-la-slovenia\/#primaryimage","url":"https:\/\/puntodincontro.mx\/wp-content\/uploads\/2023\/10\/sloveniavert.webp","contentUrl":"https:\/\/puntodincontro.mx\/wp-content\/uploads\/2023\/10\/sloveniavert.webp","width":423,"height":488,"caption":"L'Italia ripristina i controlli di frontiera con la Slovenia"},{"@type":"BreadcrumbList","@id":"https:\/\/puntodincontro.mx\/2023\/10\/20\/litalia-ripristina-i-controlli-di-frontiera-con-la-slovenia\/#breadcrumb","itemListElement":[{"@type":"ListItem","position":1,"name":"Home","item":"https:\/\/puntodincontro.mx\/"},{"@type":"ListItem","position":2,"name":"L&#8217;Italia ripristina i controlli di frontiera con la Slovenia"}]},{"@type":"WebSite","@id":"https:\/\/puntodincontro.mx\/#website","url":"https:\/\/puntodincontro.mx\/","name":"Puntodincontro","description":"Desde el 2006 noticias sobre las relaciones entre Italia y M\u00e9xico \/ Dal 2006 notizie sui rapporti Italia-Messico","publisher":{"@id":"https:\/\/puntodincontro.mx\/#organization"},"potentialAction":[{"@type":"SearchAction","target":{"@type":"EntryPoint","urlTemplate":"https:\/\/puntodincontro.mx\/?s={search_term_string}"},"query-input":{"@type":"PropertyValueSpecification","valueRequired":true,"valueName":"search_term_string"}}],"inLanguage":"es"},{"@type":"Organization","@id":"https:\/\/puntodincontro.mx\/#organization","name":"Puntodincontro","url":"https:\/\/puntodincontro.mx\/","logo":{"@type":"ImageObject","inLanguage":"es","@id":"https:\/\/puntodincontro.mx\/#\/schema\/logo\/image\/","url":"https:\/\/puntodincontro.mx\/wp-content\/uploads\/2021\/08\/Default-image-for-open-graph-settings.jpg","contentUrl":"https:\/\/puntodincontro.mx\/wp-content\/uploads\/2021\/08\/Default-image-for-open-graph-settings.jpg","width":1200,"height":630,"caption":"Puntodincontro"},"image":{"@id":"https:\/\/puntodincontro.mx\/#\/schema\/logo\/image\/"},"sameAs":["https:\/\/www.facebook.com\/puntodincontro.mx","https:\/\/x.com\/puntodincontro","https:\/\/www.instagram.com\/puntodincontro.mx\/","https:\/\/www.linkedin.com\/company\/puntodincontro\/","https:\/\/www.youtube.com\/c\/puntodincontromessico","https:\/\/www.patreon.com\/puntodincontro","https:\/\/www.threads.net\/@puntodincontro.mx"]},{"@type":"Person","@id":"https:\/\/puntodincontro.mx\/#\/schema\/person\/d3066d18a16259cbb0c29b0d0e93b556","name":"Puntodincontro","image":{"@type":"ImageObject","inLanguage":"es","@id":"https:\/\/puntodincontro.mx\/#\/schema\/person\/image\/","url":"https:\/\/secure.gravatar.com\/avatar\/0e85b4b3b5e9d6bfcec6a4956d8cc63a?s=96&d=mm&r=g","contentUrl":"https:\/\/secure.gravatar.com\/avatar\/0e85b4b3b5e9d6bfcec6a4956d8cc63a?s=96&d=mm&r=g","caption":"Puntodincontro"},"url":"https:\/\/puntodincontro.mx\/es\/author\/puntodincontro\/"}]}},"_links":{"self":[{"href":"https:\/\/puntodincontro.mx\/es\/wp-json\/wp\/v2\/posts\/16079"}],"collection":[{"href":"https:\/\/puntodincontro.mx\/es\/wp-json\/wp\/v2\/posts"}],"about":[{"href":"https:\/\/puntodincontro.mx\/es\/wp-json\/wp\/v2\/types\/post"}],"author":[{"embeddable":true,"href":"https:\/\/puntodincontro.mx\/es\/wp-json\/wp\/v2\/users\/2"}],"replies":[{"embeddable":true,"href":"https:\/\/puntodincontro.mx\/es\/wp-json\/wp\/v2\/comments?post=16079"}],"version-history":[{"count":4,"href":"https:\/\/puntodincontro.mx\/es\/wp-json\/wp\/v2\/posts\/16079\/revisions"}],"predecessor-version":[{"id":16086,"href":"https:\/\/puntodincontro.mx\/es\/wp-json\/wp\/v2\/posts\/16079\/revisions\/16086"}],"wp:featuredmedia":[{"embeddable":true,"href":"https:\/\/puntodincontro.mx\/es\/wp-json\/wp\/v2\/media\/16084"}],"wp:attachment":[{"href":"https:\/\/puntodincontro.mx\/es\/wp-json\/wp\/v2\/media?parent=16079"}],"wp:term":[{"taxonomy":"category","embeddable":true,"href":"https:\/\/puntodincontro.mx\/es\/wp-json\/wp\/v2\/categories?post=16079"},{"taxonomy":"post_tag","embeddable":true,"href":"https:\/\/puntodincontro.mx\/es\/wp-json\/wp\/v2\/tags?post=16079"}],"curies":[{"name":"wp","href":"https:\/\/api.w.org\/{rel}","templated":true}]}}