{"id":1608,"date":"2021-11-03T18:57:16","date_gmt":"2021-11-04T00:57:16","guid":{"rendered":"https:\/\/puntodincontro.mx\/?p=1608"},"modified":"2021-11-03T18:57:18","modified_gmt":"2021-11-04T00:57:18","slug":"artistas-mexicanos-rinden-homenaje-a-dante-alighieri-en-italia","status":"publish","type":"post","link":"https:\/\/puntodincontro.mx\/es\/2021\/11\/03\/artisti-messicani-rendono-omaggio-a-dante-alighieri-in-italia\/","title":{"rendered":"Artistas mexicanos rinden homenaje a Dante Alighieri en Italia"},"content":{"rendered":"<p class=\"translation-block\"><strong>18:09 hrs.<\/strong> \u2013 El pr\u00f3ximo 3 de diciembre en la Pallavicini22 Art Gallery de Ravena, ciudad donde vivi\u00f3 Dante Alighieri sus \u00faltimos a\u00f1os y donde reposan sus restos, se inaugurar\u00e1 la muestra Mosaicos para Dante, organizada por Fernando Aroche Bello y conformada por 140 artistas mexicanos.<\/p>\n\n\n\n<p>La exposici\u00f3n contar\u00e1 con 700 obras en las categor\u00edas de pintura, gr\u00e1fica, dibujo, acuarela, fotograf\u00eda, dise\u00f1o e ilustraci\u00f3n. Se contar\u00e1 con la participaci\u00f3n de creadores de todo el pa\u00eds con cinco obras cada uno, elaboradas en un formato de 20 por 20 cent\u00edmetros, con la finalidad de emular un mosaico, expresi\u00f3n caracter\u00edstica de la ciudad italiana que alberga la iniciativa. El mosaico, de origen muy antiguo, alcanz\u00f3 su apogeo durante la \u00e9poca bizantina y Ravena es conocida en todo el mundo con el sobrenombre de \u201cciudad de los mosaicos\u201d, dada la gran cantidad de obras realizadas en su territorio con esta t\u00e9cnica.<\/p>\n\n\n\n<p>\u00abParticipan\u00bb \u2014explic\u00f3 Aroche\u2014 \u00abtanto artistas y maestros con larga trayectoria, como Aurora Mart\u00ednez, Raquel Miranda, Daniel Manzano y Celeste Lomel\u00ed (en la imagen principal una acuarela de este \u00faltimo), como j\u00f3venes creadores, por lo que podr\u00e1 ser visto un abanico muy amplio de lo que se produce en nuestro pa\u00eds. En este sentido, la exposici\u00f3n ser\u00e1 muy importante por la pluralidad que representa\u00bb.<\/p>\n\n\n\n<p>El muse\u00f3grafo a\u00f1adi\u00f3 que los artistas que intervendr\u00e1n se unen en un tributo al autor de una de las obras m\u00e1s relevantes de la literatura universal, la Divina Comedia, la cual, asegur\u00f3, es referencia pr\u00e1cticamente en todas las disciplinas.<\/p>\n\n\n\n<p>Fernando Aroche en 2019 realiz\u00f3 una exhibici\u00f3n similar a nivel internacional con motivo de los 500 a\u00f1os del fallecimiento de Leonardo Da Vinci. En esa ocasi\u00f3n participaron 100 artistas, cuya obra se present\u00f3 en Florencia, Italia, as\u00ed como en la Ciudad de M\u00e9xico en 2020.<\/p>\n\n\n\n<div style=\"height:12px\" aria-hidden=\"true\" class=\"wp-block-spacer\"><\/div>","protected":false},"excerpt":{"rendered":"<p>Ore 18.09 &#8211; Il 3 dicembre alla Pallavicini22 Art Gallery di Ravenna, citt\u00e0 dove Dante Alighieri visse i suoi ultimi anni e dove riposano le sue spoglie, verr\u00e0 inaugurata la mostra \u201cMosaicos para Dante\u201d, organizzata da Fernando Aroche Bello e composta da 140 artisti messicani. L&#8217;esposizione presenter\u00e0 700 opere nelle categorie pittura, grafica, disegno, acquerello, fotografia, design e illustrazione. Artisti provenienti da tutto il Paese parteciperanno con cinque opere ciascuno, realizzate in un formato 20 per 20 centimetri, in modo da emulare un mosaico, espressione caratteristica della citt\u00e0 italiana che ospita l&#8217;iniziativa. Il mosaico, di origine antichissima, raggiunse il suo&#8230; <\/p>","protected":false},"author":2,"featured_media":1610,"comment_status":"open","ping_status":"open","sticky":false,"template":"","format":"standard","meta":{"_monsterinsights_skip_tracking":false,"_monsterinsights_sitenote_active":false,"_monsterinsights_sitenote_note":"","_monsterinsights_sitenote_category":0,"footnotes":""},"categories":[6],"tags":[],"class_list":["post-1608","post","type-post","status-publish","format-standard","has-post-thumbnail","hentry","category-messico-in-italia"],"yoast_head":"<!-- This site is optimized with the Yoast SEO Premium plugin v18.4 (Yoast SEO v25.6) - https:\/\/yoast.com\/wordpress\/plugins\/seo\/ -->\n<title>Artisti messicani rendono omaggio a Dante Alighieri in Italia Puntodincontro<\/title>\n<meta name=\"description\" content=\"Il 3 dicembre alla Pallavicini22 Art Gallery di Ravenna, citt\u00e0 dove Dante Alighieri visse i suoi ultimi anni e dove riposano le sue spoglie, verr\u00e0 inaugurata la mostra \u201cMosaicos para Dante\u201d, organizzata da Fernando Aroche Bello e composta da 140 artisti messicani. L&#039;esposizione presenter\u00e0 700 opere nelle categorie pittura, grafica, disegno, acquerello, fotografia, design e illustrazione. Artisti provenienti da tutto il Paese parteciperanno con cinque opere ciascuno, realizzate in un formato 20 per 20 centimetri, in modo da emulare un mosaico, espressione caratteristica della citt\u00e0 italiana che ospita l&#039;iniziativa. Il mosaico, di origine antichissima, raggiunse il suo apice durante il periodo bizantino e Ravenna \u00e8 conosciuta in tutto il mondo con il soprannome di \u201ccitt\u00e0 dei mosaici\u201d, visto il gran numero di lavori eseguiti nel suo territorio con questa tecnica.\" \/>\n<meta name=\"robots\" content=\"index, follow, max-snippet:-1, max-image-preview:large, max-video-preview:-1\" \/>\n<link rel=\"canonical\" href=\"https:\/\/puntodincontro.mx\/es\/2021\/11\/03\/artistas-mexicanos-rinden-homenaje-a-dante-alighieri-en-italia\/\" \/>\n<meta property=\"og:locale\" content=\"es_MX\" \/>\n<meta property=\"og:type\" content=\"article\" \/>\n<meta property=\"og:title\" content=\"Artisti messicani rendono omaggio a Dante Alighieri in Italia\" \/>\n<meta property=\"og:description\" content=\"Il 3 dicembre alla Pallavicini22 Art Gallery di Ravenna, citt\u00e0 dove Dante Alighieri visse i suoi ultimi anni e dove riposano le sue spoglie, verr\u00e0 inaugurata la mostra \u201cMosaicos para Dante\u201d, organizzata da Fernando Aroche Bello e composta da 140 artisti messicani. L&#039;esposizione presenter\u00e0 700 opere nelle categorie pittura, grafica, disegno, acquerello, fotografia, design e illustrazione. Artisti provenienti da tutto il Paese parteciperanno con cinque opere ciascuno, realizzate in un formato 20 per 20 centimetri, in modo da emulare un mosaico, espressione caratteristica della citt\u00e0 italiana che ospita l&#039;iniziativa. Il mosaico, di origine antichissima, raggiunse il suo apice durante il periodo bizantino e Ravenna \u00e8 conosciuta in tutto il mondo con il soprannome di \u201ccitt\u00e0 dei mosaici\u201d, visto il gran numero di lavori eseguiti nel suo territorio con questa tecnica.\" \/>\n<meta property=\"og:url\" content=\"https:\/\/puntodincontro.mx\/es\/2021\/11\/03\/artistas-mexicanos-rinden-homenaje-a-dante-alighieri-en-italia\/\" \/>\n<meta property=\"og:site_name\" content=\"Puntodincontro\" \/>\n<meta property=\"article:publisher\" content=\"https:\/\/www.facebook.com\/puntodincontro.mx\" \/>\n<meta property=\"article:published_time\" content=\"2021-11-04T00:57:16+00:00\" \/>\n<meta property=\"article:modified_time\" content=\"2021-11-04T00:57:18+00:00\" \/>\n<meta property=\"og:image\" content=\"https:\/\/puntodincontro.mx\/wp-content\/uploads\/2021\/11\/mosaiciperdantevert.webp\" \/>\n\t<meta property=\"og:image:width\" content=\"423\" \/>\n\t<meta property=\"og:image:height\" content=\"488\" \/>\n\t<meta property=\"og:image:type\" content=\"image\/webp\" \/>\n<meta name=\"author\" content=\"Puntodincontro\" \/>\n<meta name=\"twitter:card\" content=\"summary_large_image\" \/>\n<meta name=\"twitter:creator\" content=\"@puntodincontro\" \/>\n<meta name=\"twitter:site\" content=\"@puntodincontro\" \/>\n<meta name=\"twitter:label1\" content=\"Escrito por\" \/>\n\t<meta name=\"twitter:data1\" content=\"Puntodincontro\" \/>\n\t<meta name=\"twitter:label2\" content=\"Tiempo de lectura\" \/>\n\t<meta name=\"twitter:data2\" content=\"2 minutos\" \/>\n<script type=\"application\/ld+json\" class=\"yoast-schema-graph\">{\"@context\":\"https:\/\/schema.org\",\"@graph\":[{\"@type\":\"NewsArticle\",\"@id\":\"https:\/\/puntodincontro.mx\/2021\/11\/03\/artisti-messicani-rendono-omaggio-a-dante-alighieri-in-italia\/#article\",\"isPartOf\":{\"@id\":\"https:\/\/puntodincontro.mx\/2021\/11\/03\/artisti-messicani-rendono-omaggio-a-dante-alighieri-in-italia\/\"},\"author\":{\"name\":\"Puntodincontro\",\"@id\":\"https:\/\/puntodincontro.mx\/#\/schema\/person\/d3066d18a16259cbb0c29b0d0e93b556\"},\"headline\":\"Artisti messicani rendono omaggio a Dante Alighieri in Italia\",\"datePublished\":\"2021-11-04T00:57:16+00:00\",\"dateModified\":\"2021-11-04T00:57:18+00:00\",\"mainEntityOfPage\":{\"@id\":\"https:\/\/puntodincontro.mx\/2021\/11\/03\/artisti-messicani-rendono-omaggio-a-dante-alighieri-in-italia\/\"},\"wordCount\":279,\"commentCount\":0,\"publisher\":{\"@id\":\"https:\/\/puntodincontro.mx\/#organization\"},\"image\":{\"@id\":\"https:\/\/puntodincontro.mx\/2021\/11\/03\/artisti-messicani-rendono-omaggio-a-dante-alighieri-in-italia\/#primaryimage\"},\"thumbnailUrl\":\"https:\/\/puntodincontro.mx\/wp-content\/uploads\/2021\/11\/mosaiciperdantevert.webp\",\"articleSection\":[\"Messico in Italia\"],\"inLanguage\":\"es\",\"potentialAction\":[{\"@type\":\"CommentAction\",\"name\":\"Comment\",\"target\":[\"https:\/\/puntodincontro.mx\/2021\/11\/03\/artisti-messicani-rendono-omaggio-a-dante-alighieri-in-italia\/#respond\"]}]},{\"@type\":\"WebPage\",\"@id\":\"https:\/\/puntodincontro.mx\/2021\/11\/03\/artisti-messicani-rendono-omaggio-a-dante-alighieri-in-italia\/\",\"url\":\"https:\/\/puntodincontro.mx\/2021\/11\/03\/artisti-messicani-rendono-omaggio-a-dante-alighieri-in-italia\/\",\"name\":\"Artisti messicani rendono omaggio a Dante Alighieri in Italia Puntodincontro\",\"isPartOf\":{\"@id\":\"https:\/\/puntodincontro.mx\/#website\"},\"primaryImageOfPage\":{\"@id\":\"https:\/\/puntodincontro.mx\/2021\/11\/03\/artisti-messicani-rendono-omaggio-a-dante-alighieri-in-italia\/#primaryimage\"},\"image\":{\"@id\":\"https:\/\/puntodincontro.mx\/2021\/11\/03\/artisti-messicani-rendono-omaggio-a-dante-alighieri-in-italia\/#primaryimage\"},\"thumbnailUrl\":\"https:\/\/puntodincontro.mx\/wp-content\/uploads\/2021\/11\/mosaiciperdantevert.webp\",\"datePublished\":\"2021-11-04T00:57:16+00:00\",\"dateModified\":\"2021-11-04T00:57:18+00:00\",\"description\":\"Il 3 dicembre alla Pallavicini22 Art Gallery di Ravenna, citt\u00e0 dove Dante Alighieri visse i suoi ultimi anni e dove riposano le sue spoglie, verr\u00e0 inaugurata la mostra \u201cMosaicos para Dante\u201d, organizzata da Fernando Aroche Bello e composta da 140 artisti messicani. L'esposizione presenter\u00e0 700 opere nelle categorie pittura, grafica, disegno, acquerello, fotografia, design e illustrazione. Artisti provenienti da tutto il Paese parteciperanno con cinque opere ciascuno, realizzate in un formato 20 per 20 centimetri, in modo da emulare un mosaico, espressione caratteristica della citt\u00e0 italiana che ospita l'iniziativa. Il mosaico, di origine antichissima, raggiunse il suo apice durante il periodo bizantino e Ravenna \u00e8 conosciuta in tutto il mondo con il soprannome di \u201ccitt\u00e0 dei mosaici\u201d, visto il gran numero di lavori eseguiti nel suo territorio con questa tecnica.\",\"breadcrumb\":{\"@id\":\"https:\/\/puntodincontro.mx\/2021\/11\/03\/artisti-messicani-rendono-omaggio-a-dante-alighieri-in-italia\/#breadcrumb\"},\"inLanguage\":\"es\",\"potentialAction\":[{\"@type\":\"ReadAction\",\"target\":[\"https:\/\/puntodincontro.mx\/2021\/11\/03\/artisti-messicani-rendono-omaggio-a-dante-alighieri-in-italia\/\"]}]},{\"@type\":\"ImageObject\",\"inLanguage\":\"es\",\"@id\":\"https:\/\/puntodincontro.mx\/2021\/11\/03\/artisti-messicani-rendono-omaggio-a-dante-alighieri-in-italia\/#primaryimage\",\"url\":\"https:\/\/puntodincontro.mx\/wp-content\/uploads\/2021\/11\/mosaiciperdantevert.webp\",\"contentUrl\":\"https:\/\/puntodincontro.mx\/wp-content\/uploads\/2021\/11\/mosaiciperdantevert.webp\",\"width\":423,\"height\":488},{\"@type\":\"BreadcrumbList\",\"@id\":\"https:\/\/puntodincontro.mx\/2021\/11\/03\/artisti-messicani-rendono-omaggio-a-dante-alighieri-in-italia\/#breadcrumb\",\"itemListElement\":[{\"@type\":\"ListItem\",\"position\":1,\"name\":\"Home\",\"item\":\"https:\/\/puntodincontro.mx\/\"},{\"@type\":\"ListItem\",\"position\":2,\"name\":\"Artisti messicani rendono omaggio a Dante Alighieri in Italia\"}]},{\"@type\":\"WebSite\",\"@id\":\"https:\/\/puntodincontro.mx\/#website\",\"url\":\"https:\/\/puntodincontro.mx\/\",\"name\":\"Puntodincontro\",\"description\":\"Dal 2006 notizie sui rapporti Italia-Messico \/ Desde 2006 noticias sobre las relaciones entre Italia y M\u00e9xico\",\"publisher\":{\"@id\":\"https:\/\/puntodincontro.mx\/#organization\"},\"potentialAction\":[{\"@type\":\"SearchAction\",\"target\":{\"@type\":\"EntryPoint\",\"urlTemplate\":\"https:\/\/puntodincontro.mx\/?s={search_term_string}\"},\"query-input\":{\"@type\":\"PropertyValueSpecification\",\"valueRequired\":true,\"valueName\":\"search_term_string\"}}],\"inLanguage\":\"es\"},{\"@type\":\"Organization\",\"@id\":\"https:\/\/puntodincontro.mx\/#organization\",\"name\":\"Puntodincontro\",\"url\":\"https:\/\/puntodincontro.mx\/\",\"logo\":{\"@type\":\"ImageObject\",\"inLanguage\":\"es\",\"@id\":\"https:\/\/puntodincontro.mx\/#\/schema\/logo\/image\/\",\"url\":\"https:\/\/puntodincontro.mx\/wp-content\/uploads\/2021\/08\/Default-image-for-open-graph-settings.jpg\",\"contentUrl\":\"https:\/\/puntodincontro.mx\/wp-content\/uploads\/2021\/08\/Default-image-for-open-graph-settings.jpg\",\"width\":1200,\"height\":630,\"caption\":\"Puntodincontro\"},\"image\":{\"@id\":\"https:\/\/puntodincontro.mx\/#\/schema\/logo\/image\/\"},\"sameAs\":[\"https:\/\/www.facebook.com\/puntodincontro.mx\",\"https:\/\/x.com\/puntodincontro\",\"https:\/\/www.instagram.com\/puntodincontro.mx\/\",\"https:\/\/www.linkedin.com\/company\/puntodincontro\/\",\"https:\/\/www.youtube.com\/c\/puntodincontromessico\",\"https:\/\/www.patreon.com\/puntodincontro\",\"https:\/\/www.threads.net\/@puntodincontro.mx\"]},{\"@type\":\"Person\",\"@id\":\"https:\/\/puntodincontro.mx\/#\/schema\/person\/d3066d18a16259cbb0c29b0d0e93b556\",\"name\":\"Puntodincontro\",\"image\":{\"@type\":\"ImageObject\",\"inLanguage\":\"es\",\"@id\":\"https:\/\/puntodincontro.mx\/#\/schema\/person\/image\/\",\"url\":\"https:\/\/secure.gravatar.com\/avatar\/0e85b4b3b5e9d6bfcec6a4956d8cc63a?s=96&d=mm&r=g\",\"contentUrl\":\"https:\/\/secure.gravatar.com\/avatar\/0e85b4b3b5e9d6bfcec6a4956d8cc63a?s=96&d=mm&r=g\",\"caption\":\"Puntodincontro\"},\"url\":\"https:\/\/puntodincontro.mx\/es\/author\/puntodincontro\/\"}]}<\/script>\n<!-- \/ Yoast SEO Premium plugin. -->","yoast_head_json":{"title":"Artisti messicani rendono omaggio a Dante Alighieri in Italia Puntodincontro","description":"Il 3 dicembre alla Pallavicini22 Art Gallery di Ravenna, citt\u00e0 dove Dante Alighieri visse i suoi ultimi anni e dove riposano le sue spoglie, verr\u00e0 inaugurata la mostra \u201cMosaicos para Dante\u201d, organizzata da Fernando Aroche Bello e composta da 140 artisti messicani. L'esposizione presenter\u00e0 700 opere nelle categorie pittura, grafica, disegno, acquerello, fotografia, design e illustrazione. Artisti provenienti da tutto il Paese parteciperanno con cinque opere ciascuno, realizzate in un formato 20 per 20 centimetri, in modo da emulare un mosaico, espressione caratteristica della citt\u00e0 italiana che ospita l'iniziativa. Il mosaico, di origine antichissima, raggiunse il suo apice durante il periodo bizantino e Ravenna \u00e8 conosciuta in tutto il mondo con il soprannome di \u201ccitt\u00e0 dei mosaici\u201d, visto il gran numero di lavori eseguiti nel suo territorio con questa tecnica.","robots":{"index":"index","follow":"follow","max-snippet":"max-snippet:-1","max-image-preview":"max-image-preview:large","max-video-preview":"max-video-preview:-1"},"canonical":"https:\/\/puntodincontro.mx\/es\/2021\/11\/03\/artistas-mexicanos-rinden-homenaje-a-dante-alighieri-en-italia\/","og_locale":"es_MX","og_type":"article","og_title":"Artisti messicani rendono omaggio a Dante Alighieri in Italia","og_description":"Il 3 dicembre alla Pallavicini22 Art Gallery di Ravenna, citt\u00e0 dove Dante Alighieri visse i suoi ultimi anni e dove riposano le sue spoglie, verr\u00e0 inaugurata la mostra \u201cMosaicos para Dante\u201d, organizzata da Fernando Aroche Bello e composta da 140 artisti messicani. L'esposizione presenter\u00e0 700 opere nelle categorie pittura, grafica, disegno, acquerello, fotografia, design e illustrazione. Artisti provenienti da tutto il Paese parteciperanno con cinque opere ciascuno, realizzate in un formato 20 per 20 centimetri, in modo da emulare un mosaico, espressione caratteristica della citt\u00e0 italiana che ospita l'iniziativa. Il mosaico, di origine antichissima, raggiunse il suo apice durante il periodo bizantino e Ravenna \u00e8 conosciuta in tutto il mondo con il soprannome di \u201ccitt\u00e0 dei mosaici\u201d, visto il gran numero di lavori eseguiti nel suo territorio con questa tecnica.","og_url":"https:\/\/puntodincontro.mx\/es\/2021\/11\/03\/artistas-mexicanos-rinden-homenaje-a-dante-alighieri-en-italia\/","og_site_name":"Puntodincontro","article_publisher":"https:\/\/www.facebook.com\/puntodincontro.mx","article_published_time":"2021-11-04T00:57:16+00:00","article_modified_time":"2021-11-04T00:57:18+00:00","og_image":[{"width":423,"height":488,"url":"https:\/\/puntodincontro.mx\/wp-content\/uploads\/2021\/11\/mosaiciperdantevert.webp","type":"image\/webp"}],"author":"Puntodincontro","twitter_card":"summary_large_image","twitter_creator":"@puntodincontro","twitter_site":"@puntodincontro","twitter_misc":{"Escrito por":"Puntodincontro","Tiempo de lectura":"2 minutos"},"schema":{"@context":"https:\/\/schema.org","@graph":[{"@type":"NewsArticle","@id":"https:\/\/puntodincontro.mx\/2021\/11\/03\/artisti-messicani-rendono-omaggio-a-dante-alighieri-in-italia\/#article","isPartOf":{"@id":"https:\/\/puntodincontro.mx\/2021\/11\/03\/artisti-messicani-rendono-omaggio-a-dante-alighieri-in-italia\/"},"author":{"name":"Puntodincontro","@id":"https:\/\/puntodincontro.mx\/#\/schema\/person\/d3066d18a16259cbb0c29b0d0e93b556"},"headline":"Artisti messicani rendono omaggio a Dante Alighieri in Italia","datePublished":"2021-11-04T00:57:16+00:00","dateModified":"2021-11-04T00:57:18+00:00","mainEntityOfPage":{"@id":"https:\/\/puntodincontro.mx\/2021\/11\/03\/artisti-messicani-rendono-omaggio-a-dante-alighieri-in-italia\/"},"wordCount":279,"commentCount":0,"publisher":{"@id":"https:\/\/puntodincontro.mx\/#organization"},"image":{"@id":"https:\/\/puntodincontro.mx\/2021\/11\/03\/artisti-messicani-rendono-omaggio-a-dante-alighieri-in-italia\/#primaryimage"},"thumbnailUrl":"https:\/\/puntodincontro.mx\/wp-content\/uploads\/2021\/11\/mosaiciperdantevert.webp","articleSection":["Messico in Italia"],"inLanguage":"es","potentialAction":[{"@type":"CommentAction","name":"Comment","target":["https:\/\/puntodincontro.mx\/2021\/11\/03\/artisti-messicani-rendono-omaggio-a-dante-alighieri-in-italia\/#respond"]}]},{"@type":"WebPage","@id":"https:\/\/puntodincontro.mx\/2021\/11\/03\/artisti-messicani-rendono-omaggio-a-dante-alighieri-in-italia\/","url":"https:\/\/puntodincontro.mx\/2021\/11\/03\/artisti-messicani-rendono-omaggio-a-dante-alighieri-in-italia\/","name":"Artisti messicani rendono omaggio a Dante Alighieri in Italia Puntodincontro","isPartOf":{"@id":"https:\/\/puntodincontro.mx\/#website"},"primaryImageOfPage":{"@id":"https:\/\/puntodincontro.mx\/2021\/11\/03\/artisti-messicani-rendono-omaggio-a-dante-alighieri-in-italia\/#primaryimage"},"image":{"@id":"https:\/\/puntodincontro.mx\/2021\/11\/03\/artisti-messicani-rendono-omaggio-a-dante-alighieri-in-italia\/#primaryimage"},"thumbnailUrl":"https:\/\/puntodincontro.mx\/wp-content\/uploads\/2021\/11\/mosaiciperdantevert.webp","datePublished":"2021-11-04T00:57:16+00:00","dateModified":"2021-11-04T00:57:18+00:00","description":"Il 3 dicembre alla Pallavicini22 Art Gallery di Ravenna, citt\u00e0 dove Dante Alighieri visse i suoi ultimi anni e dove riposano le sue spoglie, verr\u00e0 inaugurata la mostra \u201cMosaicos para Dante\u201d, organizzata da Fernando Aroche Bello e composta da 140 artisti messicani. L'esposizione presenter\u00e0 700 opere nelle categorie pittura, grafica, disegno, acquerello, fotografia, design e illustrazione. Artisti provenienti da tutto il Paese parteciperanno con cinque opere ciascuno, realizzate in un formato 20 per 20 centimetri, in modo da emulare un mosaico, espressione caratteristica della citt\u00e0 italiana che ospita l'iniziativa. Il mosaico, di origine antichissima, raggiunse il suo apice durante il periodo bizantino e Ravenna \u00e8 conosciuta in tutto il mondo con il soprannome di \u201ccitt\u00e0 dei mosaici\u201d, visto il gran numero di lavori eseguiti nel suo territorio con questa tecnica.","breadcrumb":{"@id":"https:\/\/puntodincontro.mx\/2021\/11\/03\/artisti-messicani-rendono-omaggio-a-dante-alighieri-in-italia\/#breadcrumb"},"inLanguage":"es","potentialAction":[{"@type":"ReadAction","target":["https:\/\/puntodincontro.mx\/2021\/11\/03\/artisti-messicani-rendono-omaggio-a-dante-alighieri-in-italia\/"]}]},{"@type":"ImageObject","inLanguage":"es","@id":"https:\/\/puntodincontro.mx\/2021\/11\/03\/artisti-messicani-rendono-omaggio-a-dante-alighieri-in-italia\/#primaryimage","url":"https:\/\/puntodincontro.mx\/wp-content\/uploads\/2021\/11\/mosaiciperdantevert.webp","contentUrl":"https:\/\/puntodincontro.mx\/wp-content\/uploads\/2021\/11\/mosaiciperdantevert.webp","width":423,"height":488},{"@type":"BreadcrumbList","@id":"https:\/\/puntodincontro.mx\/2021\/11\/03\/artisti-messicani-rendono-omaggio-a-dante-alighieri-in-italia\/#breadcrumb","itemListElement":[{"@type":"ListItem","position":1,"name":"Home","item":"https:\/\/puntodincontro.mx\/"},{"@type":"ListItem","position":2,"name":"Artisti messicani rendono omaggio a Dante Alighieri in Italia"}]},{"@type":"WebSite","@id":"https:\/\/puntodincontro.mx\/#website","url":"https:\/\/puntodincontro.mx\/","name":"Puntodincontro","description":"Desde el 2006 noticias sobre las relaciones entre Italia y M\u00e9xico \/ Dal 2006 notizie sui rapporti Italia-Messico","publisher":{"@id":"https:\/\/puntodincontro.mx\/#organization"},"potentialAction":[{"@type":"SearchAction","target":{"@type":"EntryPoint","urlTemplate":"https:\/\/puntodincontro.mx\/?s={search_term_string}"},"query-input":{"@type":"PropertyValueSpecification","valueRequired":true,"valueName":"search_term_string"}}],"inLanguage":"es"},{"@type":"Organization","@id":"https:\/\/puntodincontro.mx\/#organization","name":"Puntodincontro","url":"https:\/\/puntodincontro.mx\/","logo":{"@type":"ImageObject","inLanguage":"es","@id":"https:\/\/puntodincontro.mx\/#\/schema\/logo\/image\/","url":"https:\/\/puntodincontro.mx\/wp-content\/uploads\/2021\/08\/Default-image-for-open-graph-settings.jpg","contentUrl":"https:\/\/puntodincontro.mx\/wp-content\/uploads\/2021\/08\/Default-image-for-open-graph-settings.jpg","width":1200,"height":630,"caption":"Puntodincontro"},"image":{"@id":"https:\/\/puntodincontro.mx\/#\/schema\/logo\/image\/"},"sameAs":["https:\/\/www.facebook.com\/puntodincontro.mx","https:\/\/x.com\/puntodincontro","https:\/\/www.instagram.com\/puntodincontro.mx\/","https:\/\/www.linkedin.com\/company\/puntodincontro\/","https:\/\/www.youtube.com\/c\/puntodincontromessico","https:\/\/www.patreon.com\/puntodincontro","https:\/\/www.threads.net\/@puntodincontro.mx"]},{"@type":"Person","@id":"https:\/\/puntodincontro.mx\/#\/schema\/person\/d3066d18a16259cbb0c29b0d0e93b556","name":"Puntodincontro","image":{"@type":"ImageObject","inLanguage":"es","@id":"https:\/\/puntodincontro.mx\/#\/schema\/person\/image\/","url":"https:\/\/secure.gravatar.com\/avatar\/0e85b4b3b5e9d6bfcec6a4956d8cc63a?s=96&d=mm&r=g","contentUrl":"https:\/\/secure.gravatar.com\/avatar\/0e85b4b3b5e9d6bfcec6a4956d8cc63a?s=96&d=mm&r=g","caption":"Puntodincontro"},"url":"https:\/\/puntodincontro.mx\/es\/author\/puntodincontro\/"}]}},"_links":{"self":[{"href":"https:\/\/puntodincontro.mx\/es\/wp-json\/wp\/v2\/posts\/1608"}],"collection":[{"href":"https:\/\/puntodincontro.mx\/es\/wp-json\/wp\/v2\/posts"}],"about":[{"href":"https:\/\/puntodincontro.mx\/es\/wp-json\/wp\/v2\/types\/post"}],"author":[{"embeddable":true,"href":"https:\/\/puntodincontro.mx\/es\/wp-json\/wp\/v2\/users\/2"}],"replies":[{"embeddable":true,"href":"https:\/\/puntodincontro.mx\/es\/wp-json\/wp\/v2\/comments?post=1608"}],"version-history":[{"count":1,"href":"https:\/\/puntodincontro.mx\/es\/wp-json\/wp\/v2\/posts\/1608\/revisions"}],"predecessor-version":[{"id":1609,"href":"https:\/\/puntodincontro.mx\/es\/wp-json\/wp\/v2\/posts\/1608\/revisions\/1609"}],"wp:featuredmedia":[{"embeddable":true,"href":"https:\/\/puntodincontro.mx\/es\/wp-json\/wp\/v2\/media\/1610"}],"wp:attachment":[{"href":"https:\/\/puntodincontro.mx\/es\/wp-json\/wp\/v2\/media?parent=1608"}],"wp:term":[{"taxonomy":"category","embeddable":true,"href":"https:\/\/puntodincontro.mx\/es\/wp-json\/wp\/v2\/categories?post=1608"},{"taxonomy":"post_tag","embeddable":true,"href":"https:\/\/puntodincontro.mx\/es\/wp-json\/wp\/v2\/tags?post=1608"}],"curies":[{"name":"wp","href":"https:\/\/api.w.org\/{rel}","templated":true}]}}