{"id":16087,"date":"2023-10-20T17:16:55","date_gmt":"2023-10-20T22:16:55","guid":{"rendered":"https:\/\/puntodincontro.mx\/?p=16087"},"modified":"2023-10-20T18:57:33","modified_gmt":"2023-10-20T23:57:33","slug":"tres-grupos-italianos-en-el-hell-heaven-fest-2023-en-mexico","status":"publish","type":"post","link":"https:\/\/puntodincontro.mx\/es\/2023\/10\/20\/tre-band-italiane-al-hell-heaven-fest-2023-in-messico\/","title":{"rendered":"Tres grupos italianos en el Hell &amp; Heaven Fest 2023 en M\u00e9xico"},"content":{"rendered":"<p class=\"translation-block\"><strong>12:55 hrs.<\/strong> - Tres grupos italianos \u2014Awake for Days, Talco y Fleshgod Apocalypse\u2014 participar\u00e1n este a\u00f1o en la novena edici\u00f3n del Hell &amp; Heaven Fest, uno de los conciertos de metal m\u00e1s importantes de Latinoam\u00e9rica, en programa en Toluca, M\u00e9xico, los d\u00edas 3, 4 y 5 de noviembre.<\/p>\n\n\n\n<p>El viaje del grupo originario de Nuoro Awake for Days fue presentado ayer por el alcalde de la ciudad sarda, Andrea Soddu, quien elogi\u00f3 al cantante Lukas (Luca Fadda), al bajista Nic (Nicola Piredda), al baterista Andrew (Andrea Brundu) y al guitarrista Matt (Mattia Tagliatti). \u00abEs una pasi\u00f3n combinada con el valor de atreverse\u00bb \u2014dijo Soddu\u2014 \u00abhoy, en comparaci\u00f3n con hace muchos a\u00f1os (la banda naci\u00f3 en 2013 nota del redactor), tienen una visi\u00f3n empresarial precisa apoyada por muchas figuras profesionales\u00bb .<\/p>\n\n\n\n<p>Talco es una banda de patchanka\/ska punk formada en Marghera, una localidad del municipio de Venecia, en 2001. Sus primeros trabajos fueron publicados bajo licencias Creative Commons CC-BY-ND y sus letras son frecuentemente de tem\u00e1tica antifascista e inspiraci\u00f3n antirracista. La formaci\u00f3n actual est\u00e1 compuesta por Tomaso De Mattia (voz, guitarra), Emanuele Randon (guitarra, coros), Marco Salvatici (bajo, coros), Nicola Marangon (bater\u00eda), Marco Piccioni (saxo tenor) y Andrea Barin (trompeta).<\/p>\n\n\n\n<p>Fleshgod Apocalypse es un conjunto de death metal sinf\u00f3nico originario de Perugia formado en 2007 a partir de las cenizas de otro grupo, Tyrannic Ethical Reconstruction, del que proceden el cantante y guitarrista Francesco Paoli, el bajista Paolo Rossi y el baterista Francesco Struglia. A ellos se uni\u00f3 el guitarrista solista Cristiano Trionfera.<\/p>\n\n\n\n<p>En la edici\u00f3n de 2023, que se llevar\u00e1 a cabo en el Foro Pegaso, se esperan alrededor de 170 mil espectadores.<\/p>\n\n\n\n<p>El evento de este a\u00f1o promete sacudir los cimientos del metal en M\u00e9xico y en el mundo entero con un elenco de artistas de renombre agrupados en 90 bandas a lo largo de los tres d\u00edas del concierto.<\/p>\n\n\n\n<p>Entre ello figuran gigantes del metal como Slipknot, Muse, Guns N Roses, Helloween, A Day To Remember y una aparici\u00f3n especial de bandas que ya se hab\u00edan anunciado hace meses, como Amon Amarth, Asking Alexandria y Mudvayne.<\/p>\n\n\n\n<p>El festival fue creado en el a\u00f1o 2010 por tres empresarios tapat\u00edos que compart\u00edan su afici\u00f3n por la m\u00fasica metal. Se trata de Juan Carlos Guerrero, vocalista de las bandas mexicanas Hardware y Nightbreed, quien se dedic\u00f3 a la curadur\u00eda del talento art\u00edstico del festival, relaciones p\u00fablicas y su difusi\u00f3n, Javier Casta\u00f1eda, bajista de la banda Skorcho, quien se avoc\u00f3 al financiamiento del evento, y Carlos Alcaraz, empresario metalero, responsable del montaje y la producci\u00f3n.<\/p>\n\n\n<div class=\"wp-block-image\">\n<figure class=\"aligncenter size-large\"><img loading=\"lazy\" decoding=\"async\" width=\"654\" height=\"1024\" src=\"https:\/\/puntodincontro.mx\/wp-content\/uploads\/2023\/10\/hellandheavenlocandina-654x1024.webp\" alt=\"\" class=\"wp-image-16093\" srcset=\"https:\/\/puntodincontro.mx\/wp-content\/uploads\/2023\/10\/hellandheavenlocandina-654x1024.webp 654w, https:\/\/puntodincontro.mx\/wp-content\/uploads\/2023\/10\/hellandheavenlocandina-192x300.webp 192w, https:\/\/puntodincontro.mx\/wp-content\/uploads\/2023\/10\/hellandheavenlocandina-768x1202.webp 768w, https:\/\/puntodincontro.mx\/wp-content\/uploads\/2023\/10\/hellandheavenlocandina-8x12.webp 8w, https:\/\/puntodincontro.mx\/wp-content\/uploads\/2023\/10\/hellandheavenlocandina.webp 800w\" sizes=\"(max-width: 654px) 100vw, 654px\" \/><\/figure><\/div>\n\n\n<div style=\"height:12px\" aria-hidden=\"true\" class=\"wp-block-spacer\"><\/div>\n\n\n<!-- Ad space powered by WP AdCenter v2.5.7 - https:\/\/wpadcenter.com\/ --><div class=\"wpadcenter-adgroup\" ><div class=\"wpadcenter-adgroup__row wpadcenter-aligncenter\"><div class=\"wpadcenter-ad-container\" ><div id=\"wpadcenter-ad-18464\" class=\"ad-placement\"><div class=\"wpadcenter-ad-inner\" ><a id=\"wpadcenter_ad\" data-value=\"18464\" data-placement=\"\" href=\"https:\/\/www.productosremo.com\/\" target=\"_blank\" class=\"wpadcenter-ad-inner__item\" ><img decoding=\"async\"   src=\"https:\/\/puntodincontro.mx\/wp-content\/uploads\/2021\/08\/remobanner.jpg\" class=\"attachment-post-thumbnail size-post-thumbnail wp-post-image\" alt=\"\" srcset=\"https:\/\/puntodincontro.mx\/wp-content\/uploads\/2021\/08\/remobanner.jpg 200w, https:\/\/puntodincontro.mx\/wp-content\/uploads\/2021\/08\/remobanner-16x5.jpg 16w\" sizes=\"(max-width: 200px) 100vw, 200px\" \/><\/a><\/div><\/div><\/div><div class=\"wpadcenter-ad-container\" ><div id=\"wpadcenter-ad-5305\" class=\"ad-placement\"><div class=\"wpadcenter-ad-inner\" ><a id=\"wpadcenter_ad\" data-value=\"5305\" data-placement=\"\" href=\"https:\/\/ambcittadelmessico.esteri.it\/ambasciata_cittadelmessico\/it\/\" target=\"_blank\" class=\"wpadcenter-ad-inner__item\" ><img decoding=\"async\"   src=\"https:\/\/puntodincontro.mx\/wp-content\/uploads\/2022\/05\/Ambasciata.jpg\" class=\"attachment-post-thumbnail size-post-thumbnail wp-post-image\" alt=\"\" srcset=\"https:\/\/puntodincontro.mx\/wp-content\/uploads\/2022\/05\/Ambasciata.jpg 200w, https:\/\/puntodincontro.mx\/wp-content\/uploads\/2022\/05\/Ambasciata-18x5.jpg 18w\" sizes=\"(max-width: 200px) 100vw, 200px\" \/><\/a><\/div><\/div><\/div><div class=\"wpadcenter-ad-container\" ><div id=\"wpadcenter-ad-3781\" class=\"ad-placement\"><div class=\"wpadcenter-ad-inner\" ><a id=\"wpadcenter_ad\" data-value=\"3781\" data-placement=\"\" href=\"https:\/\/cannizzo.com.mx\/\" target=\"_blank\" class=\"wpadcenter-ad-inner__item\" ><img decoding=\"async\"   src=\"https:\/\/puntodincontro.mx\/wp-content\/uploads\/2022\/03\/cannizzo2.jpg\" class=\"attachment-post-thumbnail size-post-thumbnail wp-post-image\" alt=\"\" srcset=\"https:\/\/puntodincontro.mx\/wp-content\/uploads\/2022\/03\/cannizzo2.jpg 200w, https:\/\/puntodincontro.mx\/wp-content\/uploads\/2022\/03\/cannizzo2-18x5.jpg 18w\" sizes=\"(max-width: 200px) 100vw, 200px\" \/><\/a><\/div><\/div><\/div><\/div><div class=\"wpadcenter-adgroup__row wpadcenter-aligncenter\"><div class=\"wpadcenter-ad-container\" ><div id=\"wpadcenter-ad-1704\" class=\"ad-placement\"><div class=\"wpadcenter-ad-inner\" ><a id=\"wpadcenter_ad\" data-value=\"1704\" data-placement=\"\" href=\"https:\/\/puntodincontro.mx\/es\/2021\/12\/24\/inps-verificacion-de-supervivencia-de-los-pensionados-en-el-extranjero\/\" target=\"_blank\" class=\"wpadcenter-ad-inner__item\" ><img decoding=\"async\"   src=\"https:\/\/puntodincontro.mx\/wp-content\/uploads\/2021\/11\/logo-ital.jpg\" class=\"attachment-post-thumbnail size-post-thumbnail wp-post-image\" alt=\"Patronato ITAL Messico\" srcset=\"https:\/\/puntodincontro.mx\/wp-content\/uploads\/2021\/11\/logo-ital.jpg 200w, https:\/\/puntodincontro.mx\/wp-content\/uploads\/2021\/11\/logo-ital-16x5.jpg 16w\" sizes=\"(max-width: 200px) 100vw, 200px\" \/><\/a><\/div><\/div><\/div><div class=\"wpadcenter-ad-container\" ><div id=\"wpadcenter-ad-1538\" class=\"ad-placement\"><div class=\"wpadcenter-ad-inner\" ><a id=\"wpadcenter_ad\" data-value=\"1538\" data-placement=\"\" href=\"https:\/\/asociacionitaliana.org\/\" target=\"_blank\" class=\"wpadcenter-ad-inner__item\" ><img decoding=\"async\"   src=\"https:\/\/puntodincontro.mx\/wp-content\/uploads\/2021\/11\/aialogo.jpg\" class=\"attachment-post-thumbnail size-post-thumbnail wp-post-image\" alt=\"Associazione Italiana di Assistenza IAP\" srcset=\"https:\/\/puntodincontro.mx\/wp-content\/uploads\/2021\/11\/aialogo.jpg 200w, https:\/\/puntodincontro.mx\/wp-content\/uploads\/2021\/11\/aialogo-18x5.jpg 18w\" sizes=\"(max-width: 200px) 100vw, 200px\" \/><\/a><\/div><\/div><\/div><div class=\"wpadcenter-ad-container\" ><div id=\"wpadcenter-ad-1513\" class=\"ad-placement\"><div class=\"wpadcenter-ad-inner\" ><a id=\"wpadcenter_ad\" data-value=\"1513\" data-placement=\"\" href=\"https:\/\/gcinmuebles.mx\" target=\"_blank\" class=\"wpadcenter-ad-inner__item\" ><img decoding=\"async\"   src=\"https:\/\/puntodincontro.mx\/wp-content\/uploads\/2021\/10\/gcinmuebleslogopunto-1.jpg\" class=\"attachment-post-thumbnail size-post-thumbnail wp-post-image\" alt=\"\" srcset=\"https:\/\/puntodincontro.mx\/wp-content\/uploads\/2021\/10\/gcinmuebleslogopunto-1.jpg 200w, https:\/\/puntodincontro.mx\/wp-content\/uploads\/2021\/10\/gcinmuebleslogopunto-1-18x5.jpg 18w\" sizes=\"(max-width: 200px) 100vw, 200px\" \/><\/a><\/div><\/div><\/div><\/div><div class=\"wpadcenter-adgroup__row wpadcenter-aligncenter\"><div class=\"wpadcenter-ad-container\" ><div id=\"wpadcenter-ad-1374\" class=\"ad-placement\"><div class=\"wpadcenter-ad-inner\" ><a id=\"wpadcenter_ad\" data-value=\"1374\" data-placement=\"\" href=\"https:\/\/www.9colonne.it\/\" target=\"_blank\" class=\"wpadcenter-ad-inner__item\" ><img decoding=\"async\"   src=\"https:\/\/puntodincontro.mx\/wp-content\/uploads\/2021\/10\/Banner9colonne.gif\" class=\"attachment-post-thumbnail size-post-thumbnail wp-post-image\" alt=\"\" \/><\/a><\/div><\/div><\/div><div class=\"wpadcenter-ad-container\" ><div id=\"wpadcenter-ad-276\" class=\"ad-placement\"><div class=\"wpadcenter-ad-inner\" ><a id=\"wpadcenter_ad\" data-value=\"276\" data-placement=\"\" href=\"http:\/\/www.camaraitaliana.mx\/\" target=\"_blank\" class=\"wpadcenter-ad-inner__item\" ><img decoding=\"async\"   src=\"https:\/\/puntodincontro.mx\/wp-content\/uploads\/2021\/08\/ccimnuovo.jpg\" class=\"attachment-post-thumbnail size-post-thumbnail wp-post-image\" alt=\"\" srcset=\"https:\/\/puntodincontro.mx\/wp-content\/uploads\/2021\/08\/ccimnuovo.jpg 200w, https:\/\/puntodincontro.mx\/wp-content\/uploads\/2021\/08\/ccimnuovo-18x5.jpg 18w\" sizes=\"(max-width: 200px) 100vw, 200px\" \/><\/a><\/div><\/div><\/div><div class=\"wpadcenter-ad-container\" ><div id=\"wpadcenter-ad-272\" class=\"ad-placement\"><div class=\"wpadcenter-ad-inner\" ><a id=\"wpadcenter_ad\" data-value=\"272\" data-placement=\"\" href=\"http:\/\/corix.us\/\" target=\"_blank\" class=\"wpadcenter-ad-inner__item\" ><img decoding=\"async\"   src=\"https:\/\/puntodincontro.mx\/wp-content\/uploads\/2021\/08\/corixbanner-1.jpg\" class=\"attachment-post-thumbnail size-post-thumbnail wp-post-image\" alt=\"\" srcset=\"https:\/\/puntodincontro.mx\/wp-content\/uploads\/2021\/08\/corixbanner-1.jpg 200w, https:\/\/puntodincontro.mx\/wp-content\/uploads\/2021\/08\/corixbanner-1-16x5.jpg 16w\" sizes=\"(max-width: 200px) 100vw, 200px\" \/><\/a><\/div><\/div><\/div><\/div><div class=\"wpadcenter-adgroup__row wpadcenter-aligncenter\"><div class=\"wpadcenter-ad-container\" ><div id=\"wpadcenter-ad-266\" class=\"ad-placement\"><div class=\"wpadcenter-ad-inner\" ><a id=\"wpadcenter_ad\" data-value=\"266\" data-placement=\"\" href=\"https:\/\/www.prinsel.com.mx\/\" target=\"_blank\" class=\"wpadcenter-ad-inner__item\" ><img decoding=\"async\"   src=\"https:\/\/puntodincontro.mx\/wp-content\/uploads\/2021\/08\/prinselbanner-1.jpg\" class=\"attachment-post-thumbnail size-post-thumbnail wp-post-image\" alt=\"\" srcset=\"https:\/\/puntodincontro.mx\/wp-content\/uploads\/2021\/08\/prinselbanner-1.jpg 200w, https:\/\/puntodincontro.mx\/wp-content\/uploads\/2021\/08\/prinselbanner-1-16x5.jpg 16w\" sizes=\"(max-width: 200px) 100vw, 200px\" \/><\/a><\/div><\/div><\/div><div class=\"wpadcenter-ad-container\" ><div id=\"wpadcenter-ad-261\" class=\"ad-placement\"><div class=\"wpadcenter-ad-inner\" ><a id=\"wpadcenter_ad\" data-value=\"261\" data-placement=\"\" href=\"https:\/\/faitalia.com.mx\/\" target=\"_blank\" class=\"wpadcenter-ad-inner__item\" ><img decoding=\"async\"   src=\"https:\/\/puntodincontro.mx\/wp-content\/uploads\/2021\/08\/gruppodino.jpg\" class=\"attachment-post-thumbnail size-post-thumbnail wp-post-image\" alt=\"\" srcset=\"https:\/\/puntodincontro.mx\/wp-content\/uploads\/2021\/08\/gruppodino.jpg 200w, https:\/\/puntodincontro.mx\/wp-content\/uploads\/2021\/08\/gruppodino-18x5.jpg 18w\" sizes=\"(max-width: 200px) 100vw, 200px\" \/><\/a><\/div><\/div><\/div><\/div><\/div>\n\n\n<div style=\"height:12px\" aria-hidden=\"true\" class=\"wp-block-spacer\"><\/div>","protected":false},"excerpt":{"rendered":"<p>Ore 12.55 &#8211; Tre gruppi italiani \u2014Awake for Days, Talco e Fleshgod Apocalypse\u2014 parteciperanno quest&#8217;anno alla nona edizione del Hell &amp; Heaven Fest, uno dei concerti metal pi\u00f9 importanti dell&#8217;America Latina, in programma a Toluca, in Messico, il 3, 4 e 5 novembre. La trasferta della band nuorese Awake for Days \u00e8 stata presentata ieri dal sindaco della citt\u00e0 sarda Andrea Soddu, che ha elogiato il cantante Lukas (Luca Fadda), il bassista Nic (Nicola Piredda), il batterista Andrew (Andrea Brundu) e il chitarrista Matt (Mattia Tagliatti. \u00abPassione unita al coraggio di osare\u00bb \u2014ha detto Soddu\u2014 \u00aboggi, rispetto a tanti anni&#8230; <\/p>","protected":false},"author":2,"featured_media":16095,"comment_status":"open","ping_status":"open","sticky":false,"template":"","format":"standard","meta":{"_monsterinsights_skip_tracking":false,"_monsterinsights_sitenote_active":false,"_monsterinsights_sitenote_note":"","_monsterinsights_sitenote_category":0,"footnotes":""},"categories":[25],"tags":[],"class_list":["post-16087","post","type-post","status-publish","format-standard","has-post-thumbnail","hentry","category-cultura"],"yoast_head":"<!-- This site is optimized with the Yoast SEO Premium plugin v18.4 (Yoast SEO v25.6) - https:\/\/yoast.com\/wordpress\/plugins\/seo\/ -->\n<title>Tre band italiane al Hell &amp; Heaven Fest 2023 in Messico<\/title>\n<meta name=\"description\" content=\"Tre gruppi italiani \u2014Awake for Days, Talco e Fleshgod Apocalypse\u2014 parteciperanno quest&#039;anno alla nona edizione del Hell &amp; Heaven Fest.\" \/>\n<meta name=\"robots\" content=\"index, follow, max-snippet:-1, max-image-preview:large, max-video-preview:-1\" \/>\n<link rel=\"canonical\" href=\"https:\/\/puntodincontro.mx\/es\/2023\/10\/20\/tres-grupos-italianos-en-el-hell-heaven-fest-2023-en-mexico\/\" \/>\n<meta property=\"og:locale\" content=\"es_MX\" \/>\n<meta property=\"og:type\" content=\"article\" \/>\n<meta property=\"og:title\" content=\"Tre band italiane al Hell &amp; Heaven Fest 2023 in Messico\" \/>\n<meta property=\"og:description\" content=\"Tre gruppi italiani \u2014Awake for Days, Talco e Fleshgod Apocalypse\u2014 parteciperanno quest&#039;anno alla nona edizione del Hell &amp; Heaven Fest.\" \/>\n<meta property=\"og:url\" content=\"https:\/\/puntodincontro.mx\/es\/2023\/10\/20\/tres-grupos-italianos-en-el-hell-heaven-fest-2023-en-mexico\/\" \/>\n<meta property=\"og:site_name\" content=\"Puntodincontro\" \/>\n<meta property=\"article:publisher\" content=\"https:\/\/www.facebook.com\/puntodincontro.mx\" \/>\n<meta property=\"article:published_time\" content=\"2023-10-20T22:16:55+00:00\" \/>\n<meta property=\"article:modified_time\" content=\"2023-10-20T23:57:33+00:00\" \/>\n<meta property=\"og:image\" content=\"https:\/\/puntodincontro.mx\/wp-content\/uploads\/2023\/10\/hellandheavencomp.jpg\" \/>\n\t<meta property=\"og:image:width\" content=\"932\" \/>\n\t<meta property=\"og:image:height\" content=\"488\" \/>\n\t<meta property=\"og:image:type\" content=\"image\/jpeg\" \/>\n<meta name=\"author\" content=\"Puntodincontro\" \/>\n<meta name=\"twitter:card\" content=\"summary_large_image\" \/>\n<meta name=\"twitter:creator\" content=\"@puntodincontro\" \/>\n<meta name=\"twitter:site\" content=\"@puntodincontro\" \/>\n<meta name=\"twitter:label1\" content=\"Escrito por\" \/>\n\t<meta name=\"twitter:data1\" content=\"Puntodincontro\" \/>\n\t<meta name=\"twitter:label2\" content=\"Tiempo de lectura\" \/>\n\t<meta name=\"twitter:data2\" content=\"2 minutos\" \/>\n<script type=\"application\/ld+json\" class=\"yoast-schema-graph\">{\"@context\":\"https:\/\/schema.org\",\"@graph\":[{\"@type\":\"NewsArticle\",\"@id\":\"https:\/\/puntodincontro.mx\/2023\/10\/20\/tre-band-italiane-al-hell-heaven-fest-2023-in-messico\/#article\",\"isPartOf\":{\"@id\":\"https:\/\/puntodincontro.mx\/2023\/10\/20\/tre-band-italiane-al-hell-heaven-fest-2023-in-messico\/\"},\"author\":{\"name\":\"Puntodincontro\",\"@id\":\"https:\/\/puntodincontro.mx\/#\/schema\/person\/d3066d18a16259cbb0c29b0d0e93b556\"},\"headline\":\"Tre band italiane al Hell &#038; Heaven Fest 2023 in Messico\",\"datePublished\":\"2023-10-20T22:16:55+00:00\",\"dateModified\":\"2023-10-20T23:57:33+00:00\",\"mainEntityOfPage\":{\"@id\":\"https:\/\/puntodincontro.mx\/2023\/10\/20\/tre-band-italiane-al-hell-heaven-fest-2023-in-messico\/\"},\"wordCount\":395,\"commentCount\":0,\"publisher\":{\"@id\":\"https:\/\/puntodincontro.mx\/#organization\"},\"image\":{\"@id\":\"https:\/\/puntodincontro.mx\/2023\/10\/20\/tre-band-italiane-al-hell-heaven-fest-2023-in-messico\/#primaryimage\"},\"thumbnailUrl\":\"https:\/\/puntodincontro.mx\/wp-content\/uploads\/2023\/10\/hellandheavenvert.webp\",\"articleSection\":[\"Cultura\"],\"inLanguage\":\"es\",\"potentialAction\":[{\"@type\":\"CommentAction\",\"name\":\"Comment\",\"target\":[\"https:\/\/puntodincontro.mx\/2023\/10\/20\/tre-band-italiane-al-hell-heaven-fest-2023-in-messico\/#respond\"]}]},{\"@type\":\"WebPage\",\"@id\":\"https:\/\/puntodincontro.mx\/2023\/10\/20\/tre-band-italiane-al-hell-heaven-fest-2023-in-messico\/\",\"url\":\"https:\/\/puntodincontro.mx\/2023\/10\/20\/tre-band-italiane-al-hell-heaven-fest-2023-in-messico\/\",\"name\":\"Tre band italiane al Hell & Heaven Fest 2023 in Messico\",\"isPartOf\":{\"@id\":\"https:\/\/puntodincontro.mx\/#website\"},\"primaryImageOfPage\":{\"@id\":\"https:\/\/puntodincontro.mx\/2023\/10\/20\/tre-band-italiane-al-hell-heaven-fest-2023-in-messico\/#primaryimage\"},\"image\":{\"@id\":\"https:\/\/puntodincontro.mx\/2023\/10\/20\/tre-band-italiane-al-hell-heaven-fest-2023-in-messico\/#primaryimage\"},\"thumbnailUrl\":\"https:\/\/puntodincontro.mx\/wp-content\/uploads\/2023\/10\/hellandheavenvert.webp\",\"datePublished\":\"2023-10-20T22:16:55+00:00\",\"dateModified\":\"2023-10-20T23:57:33+00:00\",\"description\":\"Tre gruppi italiani \u2014Awake for Days, Talco e Fleshgod Apocalypse\u2014 parteciperanno quest'anno alla nona edizione del Hell & Heaven Fest.\",\"breadcrumb\":{\"@id\":\"https:\/\/puntodincontro.mx\/2023\/10\/20\/tre-band-italiane-al-hell-heaven-fest-2023-in-messico\/#breadcrumb\"},\"inLanguage\":\"es\",\"potentialAction\":[{\"@type\":\"ReadAction\",\"target\":[\"https:\/\/puntodincontro.mx\/2023\/10\/20\/tre-band-italiane-al-hell-heaven-fest-2023-in-messico\/\"]}]},{\"@type\":\"ImageObject\",\"inLanguage\":\"es\",\"@id\":\"https:\/\/puntodincontro.mx\/2023\/10\/20\/tre-band-italiane-al-hell-heaven-fest-2023-in-messico\/#primaryimage\",\"url\":\"https:\/\/puntodincontro.mx\/wp-content\/uploads\/2023\/10\/hellandheavenvert.webp\",\"contentUrl\":\"https:\/\/puntodincontro.mx\/wp-content\/uploads\/2023\/10\/hellandheavenvert.webp\",\"width\":423,\"height\":488,\"caption\":\"Tre band italiane al Hell & Heaven Fest 2023 in Messico\"},{\"@type\":\"BreadcrumbList\",\"@id\":\"https:\/\/puntodincontro.mx\/2023\/10\/20\/tre-band-italiane-al-hell-heaven-fest-2023-in-messico\/#breadcrumb\",\"itemListElement\":[{\"@type\":\"ListItem\",\"position\":1,\"name\":\"Home\",\"item\":\"https:\/\/puntodincontro.mx\/\"},{\"@type\":\"ListItem\",\"position\":2,\"name\":\"Tre band italiane al Hell &#038; Heaven Fest 2023 in Messico\"}]},{\"@type\":\"WebSite\",\"@id\":\"https:\/\/puntodincontro.mx\/#website\",\"url\":\"https:\/\/puntodincontro.mx\/\",\"name\":\"Puntodincontro\",\"description\":\"Dal 2006 notizie sui rapporti Italia-Messico \/ Desde 2006 noticias sobre las relaciones entre Italia y M\u00e9xico\",\"publisher\":{\"@id\":\"https:\/\/puntodincontro.mx\/#organization\"},\"potentialAction\":[{\"@type\":\"SearchAction\",\"target\":{\"@type\":\"EntryPoint\",\"urlTemplate\":\"https:\/\/puntodincontro.mx\/?s={search_term_string}\"},\"query-input\":{\"@type\":\"PropertyValueSpecification\",\"valueRequired\":true,\"valueName\":\"search_term_string\"}}],\"inLanguage\":\"es\"},{\"@type\":\"Organization\",\"@id\":\"https:\/\/puntodincontro.mx\/#organization\",\"name\":\"Puntodincontro\",\"url\":\"https:\/\/puntodincontro.mx\/\",\"logo\":{\"@type\":\"ImageObject\",\"inLanguage\":\"es\",\"@id\":\"https:\/\/puntodincontro.mx\/#\/schema\/logo\/image\/\",\"url\":\"https:\/\/puntodincontro.mx\/wp-content\/uploads\/2021\/08\/Default-image-for-open-graph-settings.jpg\",\"contentUrl\":\"https:\/\/puntodincontro.mx\/wp-content\/uploads\/2021\/08\/Default-image-for-open-graph-settings.jpg\",\"width\":1200,\"height\":630,\"caption\":\"Puntodincontro\"},\"image\":{\"@id\":\"https:\/\/puntodincontro.mx\/#\/schema\/logo\/image\/\"},\"sameAs\":[\"https:\/\/www.facebook.com\/puntodincontro.mx\",\"https:\/\/x.com\/puntodincontro\",\"https:\/\/www.instagram.com\/puntodincontro.mx\/\",\"https:\/\/www.linkedin.com\/company\/puntodincontro\/\",\"https:\/\/www.youtube.com\/c\/puntodincontromessico\",\"https:\/\/www.patreon.com\/puntodincontro\",\"https:\/\/www.threads.net\/@puntodincontro.mx\"]},{\"@type\":\"Person\",\"@id\":\"https:\/\/puntodincontro.mx\/#\/schema\/person\/d3066d18a16259cbb0c29b0d0e93b556\",\"name\":\"Puntodincontro\",\"image\":{\"@type\":\"ImageObject\",\"inLanguage\":\"es\",\"@id\":\"https:\/\/puntodincontro.mx\/#\/schema\/person\/image\/\",\"url\":\"https:\/\/secure.gravatar.com\/avatar\/0e85b4b3b5e9d6bfcec6a4956d8cc63a?s=96&d=mm&r=g\",\"contentUrl\":\"https:\/\/secure.gravatar.com\/avatar\/0e85b4b3b5e9d6bfcec6a4956d8cc63a?s=96&d=mm&r=g\",\"caption\":\"Puntodincontro\"},\"url\":\"https:\/\/puntodincontro.mx\/es\/author\/puntodincontro\/\"}]}<\/script>\n<!-- \/ Yoast SEO Premium plugin. -->","yoast_head_json":{"title":"Tres grupos italianos en el Hell &amp; Heaven Fest 2023 en M\u00e9xico","description":"Tre gruppi italiani \u2014Awake for Days, Talco e Fleshgod Apocalypse\u2014 parteciperanno quest'anno alla nona edizione del Hell & Heaven Fest.","robots":{"index":"index","follow":"follow","max-snippet":"max-snippet:-1","max-image-preview":"max-image-preview:large","max-video-preview":"max-video-preview:-1"},"canonical":"https:\/\/puntodincontro.mx\/es\/2023\/10\/20\/tres-grupos-italianos-en-el-hell-heaven-fest-2023-en-mexico\/","og_locale":"es_MX","og_type":"article","og_title":"Tre band italiane al Hell & Heaven Fest 2023 in Messico","og_description":"Tre gruppi italiani \u2014Awake for Days, Talco e Fleshgod Apocalypse\u2014 parteciperanno quest'anno alla nona edizione del Hell & Heaven Fest.","og_url":"https:\/\/puntodincontro.mx\/es\/2023\/10\/20\/tres-grupos-italianos-en-el-hell-heaven-fest-2023-en-mexico\/","og_site_name":"Puntodincontro","article_publisher":"https:\/\/www.facebook.com\/puntodincontro.mx","article_published_time":"2023-10-20T22:16:55+00:00","article_modified_time":"2023-10-20T23:57:33+00:00","og_image":[{"width":932,"height":488,"url":"https:\/\/puntodincontro.mx\/wp-content\/uploads\/2023\/10\/hellandheavencomp.jpg","type":"image\/jpeg"}],"author":"Puntodincontro","twitter_card":"summary_large_image","twitter_creator":"@puntodincontro","twitter_site":"@puntodincontro","twitter_misc":{"Escrito por":"Puntodincontro","Tiempo de lectura":"2 minutos"},"schema":{"@context":"https:\/\/schema.org","@graph":[{"@type":"NewsArticle","@id":"https:\/\/puntodincontro.mx\/2023\/10\/20\/tre-band-italiane-al-hell-heaven-fest-2023-in-messico\/#article","isPartOf":{"@id":"https:\/\/puntodincontro.mx\/2023\/10\/20\/tre-band-italiane-al-hell-heaven-fest-2023-in-messico\/"},"author":{"name":"Puntodincontro","@id":"https:\/\/puntodincontro.mx\/#\/schema\/person\/d3066d18a16259cbb0c29b0d0e93b556"},"headline":"Tre band italiane al Hell &#038; Heaven Fest 2023 in Messico","datePublished":"2023-10-20T22:16:55+00:00","dateModified":"2023-10-20T23:57:33+00:00","mainEntityOfPage":{"@id":"https:\/\/puntodincontro.mx\/2023\/10\/20\/tre-band-italiane-al-hell-heaven-fest-2023-in-messico\/"},"wordCount":395,"commentCount":0,"publisher":{"@id":"https:\/\/puntodincontro.mx\/#organization"},"image":{"@id":"https:\/\/puntodincontro.mx\/2023\/10\/20\/tre-band-italiane-al-hell-heaven-fest-2023-in-messico\/#primaryimage"},"thumbnailUrl":"https:\/\/puntodincontro.mx\/wp-content\/uploads\/2023\/10\/hellandheavenvert.webp","articleSection":["Cultura"],"inLanguage":"es","potentialAction":[{"@type":"CommentAction","name":"Comment","target":["https:\/\/puntodincontro.mx\/2023\/10\/20\/tre-band-italiane-al-hell-heaven-fest-2023-in-messico\/#respond"]}]},{"@type":"WebPage","@id":"https:\/\/puntodincontro.mx\/2023\/10\/20\/tre-band-italiane-al-hell-heaven-fest-2023-in-messico\/","url":"https:\/\/puntodincontro.mx\/2023\/10\/20\/tre-band-italiane-al-hell-heaven-fest-2023-in-messico\/","name":"Tres grupos italianos en el Hell &amp; Heaven Fest 2023 en M\u00e9xico","isPartOf":{"@id":"https:\/\/puntodincontro.mx\/#website"},"primaryImageOfPage":{"@id":"https:\/\/puntodincontro.mx\/2023\/10\/20\/tre-band-italiane-al-hell-heaven-fest-2023-in-messico\/#primaryimage"},"image":{"@id":"https:\/\/puntodincontro.mx\/2023\/10\/20\/tre-band-italiane-al-hell-heaven-fest-2023-in-messico\/#primaryimage"},"thumbnailUrl":"https:\/\/puntodincontro.mx\/wp-content\/uploads\/2023\/10\/hellandheavenvert.webp","datePublished":"2023-10-20T22:16:55+00:00","dateModified":"2023-10-20T23:57:33+00:00","description":"Tre gruppi italiani \u2014Awake for Days, Talco e Fleshgod Apocalypse\u2014 parteciperanno quest'anno alla nona edizione del Hell & Heaven Fest.","breadcrumb":{"@id":"https:\/\/puntodincontro.mx\/2023\/10\/20\/tre-band-italiane-al-hell-heaven-fest-2023-in-messico\/#breadcrumb"},"inLanguage":"es","potentialAction":[{"@type":"ReadAction","target":["https:\/\/puntodincontro.mx\/2023\/10\/20\/tre-band-italiane-al-hell-heaven-fest-2023-in-messico\/"]}]},{"@type":"ImageObject","inLanguage":"es","@id":"https:\/\/puntodincontro.mx\/2023\/10\/20\/tre-band-italiane-al-hell-heaven-fest-2023-in-messico\/#primaryimage","url":"https:\/\/puntodincontro.mx\/wp-content\/uploads\/2023\/10\/hellandheavenvert.webp","contentUrl":"https:\/\/puntodincontro.mx\/wp-content\/uploads\/2023\/10\/hellandheavenvert.webp","width":423,"height":488,"caption":"Tre band italiane al Hell & Heaven Fest 2023 in Messico"},{"@type":"BreadcrumbList","@id":"https:\/\/puntodincontro.mx\/2023\/10\/20\/tre-band-italiane-al-hell-heaven-fest-2023-in-messico\/#breadcrumb","itemListElement":[{"@type":"ListItem","position":1,"name":"Home","item":"https:\/\/puntodincontro.mx\/"},{"@type":"ListItem","position":2,"name":"Tre band italiane al Hell &#038; Heaven Fest 2023 in Messico"}]},{"@type":"WebSite","@id":"https:\/\/puntodincontro.mx\/#website","url":"https:\/\/puntodincontro.mx\/","name":"Puntodincontro","description":"Desde el 2006 noticias sobre las relaciones entre Italia y M\u00e9xico \/ Dal 2006 notizie sui rapporti Italia-Messico","publisher":{"@id":"https:\/\/puntodincontro.mx\/#organization"},"potentialAction":[{"@type":"SearchAction","target":{"@type":"EntryPoint","urlTemplate":"https:\/\/puntodincontro.mx\/?s={search_term_string}"},"query-input":{"@type":"PropertyValueSpecification","valueRequired":true,"valueName":"search_term_string"}}],"inLanguage":"es"},{"@type":"Organization","@id":"https:\/\/puntodincontro.mx\/#organization","name":"Puntodincontro","url":"https:\/\/puntodincontro.mx\/","logo":{"@type":"ImageObject","inLanguage":"es","@id":"https:\/\/puntodincontro.mx\/#\/schema\/logo\/image\/","url":"https:\/\/puntodincontro.mx\/wp-content\/uploads\/2021\/08\/Default-image-for-open-graph-settings.jpg","contentUrl":"https:\/\/puntodincontro.mx\/wp-content\/uploads\/2021\/08\/Default-image-for-open-graph-settings.jpg","width":1200,"height":630,"caption":"Puntodincontro"},"image":{"@id":"https:\/\/puntodincontro.mx\/#\/schema\/logo\/image\/"},"sameAs":["https:\/\/www.facebook.com\/puntodincontro.mx","https:\/\/x.com\/puntodincontro","https:\/\/www.instagram.com\/puntodincontro.mx\/","https:\/\/www.linkedin.com\/company\/puntodincontro\/","https:\/\/www.youtube.com\/c\/puntodincontromessico","https:\/\/www.patreon.com\/puntodincontro","https:\/\/www.threads.net\/@puntodincontro.mx"]},{"@type":"Person","@id":"https:\/\/puntodincontro.mx\/#\/schema\/person\/d3066d18a16259cbb0c29b0d0e93b556","name":"Puntodincontro","image":{"@type":"ImageObject","inLanguage":"es","@id":"https:\/\/puntodincontro.mx\/#\/schema\/person\/image\/","url":"https:\/\/secure.gravatar.com\/avatar\/0e85b4b3b5e9d6bfcec6a4956d8cc63a?s=96&d=mm&r=g","contentUrl":"https:\/\/secure.gravatar.com\/avatar\/0e85b4b3b5e9d6bfcec6a4956d8cc63a?s=96&d=mm&r=g","caption":"Puntodincontro"},"url":"https:\/\/puntodincontro.mx\/es\/author\/puntodincontro\/"}]}},"_links":{"self":[{"href":"https:\/\/puntodincontro.mx\/es\/wp-json\/wp\/v2\/posts\/16087"}],"collection":[{"href":"https:\/\/puntodincontro.mx\/es\/wp-json\/wp\/v2\/posts"}],"about":[{"href":"https:\/\/puntodincontro.mx\/es\/wp-json\/wp\/v2\/types\/post"}],"author":[{"embeddable":true,"href":"https:\/\/puntodincontro.mx\/es\/wp-json\/wp\/v2\/users\/2"}],"replies":[{"embeddable":true,"href":"https:\/\/puntodincontro.mx\/es\/wp-json\/wp\/v2\/comments?post=16087"}],"version-history":[{"count":6,"href":"https:\/\/puntodincontro.mx\/es\/wp-json\/wp\/v2\/posts\/16087\/revisions"}],"predecessor-version":[{"id":16097,"href":"https:\/\/puntodincontro.mx\/es\/wp-json\/wp\/v2\/posts\/16087\/revisions\/16097"}],"wp:featuredmedia":[{"embeddable":true,"href":"https:\/\/puntodincontro.mx\/es\/wp-json\/wp\/v2\/media\/16095"}],"wp:attachment":[{"href":"https:\/\/puntodincontro.mx\/es\/wp-json\/wp\/v2\/media?parent=16087"}],"wp:term":[{"taxonomy":"category","embeddable":true,"href":"https:\/\/puntodincontro.mx\/es\/wp-json\/wp\/v2\/categories?post=16087"},{"taxonomy":"post_tag","embeddable":true,"href":"https:\/\/puntodincontro.mx\/es\/wp-json\/wp\/v2\/tags?post=16087"}],"curies":[{"name":"wp","href":"https:\/\/api.w.org\/{rel}","templated":true}]}}