{"id":1620,"date":"2021-11-05T14:16:41","date_gmt":"2021-11-05T20:16:41","guid":{"rendered":"https:\/\/puntodincontro.mx\/?p=1620"},"modified":"2021-11-05T14:51:01","modified_gmt":"2021-11-05T20:51:01","slug":"la-comunidad-italiana-en-la-ciudad-de-mexico-recordo-a-sus-difuntos","status":"publish","type":"post","link":"https:\/\/puntodincontro.mx\/es\/2021\/11\/05\/la-comunita-italiana-a-citta-del-messico-ha-ricordato-i-suoi-defunti\/","title":{"rendered":"La comunidad italiana en la Ciudad de M\u00e9xico record\u00f3 a sus difuntos"},"content":{"rendered":"<p class=\"translation-block\"><strong>12:14 hrs.<\/strong> \u2013 Ayer por la tarde, en el Instituto Italiano de Cultura de la Ciudad de M\u00e9xico \u2014tras de la suspensi\u00f3n del a\u00f1o pasado\u2014 se llev\u00f3 a cabo la tradicional misa por los difuntos organizada por la Asociaci\u00f3n Italiana de Asistencia (AIA), instituci\u00f3n que desde inicios del siglo XX ofrece apoyo a los ciudadanos del Bel Paese y a sus familiares en situaciones de dificultad.<\/p>\n\n\n\n<p>Frente a unos 70 participantes, el Nuncio Apost\u00f3lico en M\u00e9xico, Monse\u00f1or Franco Coppola, prepar\u00f3 la liturgia en memoria de 60 miembros de la comunidad italiana fallecidos en los \u00faltimos dos a\u00f1os, muchos de ellos v\u00edctimas de la pandemia de Covid-19.<\/p>\n\n\n\n<p>Los nombres estuvieron expuestos junto al altar:<\/p>\n\n\n\n<p>Fauro Aloi, Carlos Manuel Appendini Tazzer, Marco Bellingeri, Lauretta Belsasso, Guido Benaglio, Francesco Bonomo, Francesco Brusa, Gabriele Caccia, Edda Cantele, Franco Canzonieri, Giuseppa Capoccia, Giuseppa Maria Cappello, Francesco Ceciarelli, Giulio Chiesa, Antonio Coiro, Alberto Conforto, Domenico Conte, Roberto Javier Coppe, Mario Corbetta, Massimo Corsani, Adalberto Cortesi, Leonardo Dalla Fina, Carmen de Aquino y Jaso, Maria Esther de Aquino y Jaso, Gelindo De Marco, Roberto Federle, Angelo Filippi, Carlo Fiorenza, Mar\u00eda Carmen Fr\u00edas, Claretta Gagna, Luciano Grilli, Rita Consuelo Hallmann de Mascarini, Mar\u00eda de los \u00c1ngeles Hern\u00e1ndez de Portaluppi, Volfango Mario Jesek, Mar\u00eda Esbeida L\u00f3pez Torres, Armando Mariani, Lina Matello, Refugio Mora, Benedetto Mortola, Mirella Mungai, Josefina Navarrete de Zearo, Sergio Orsi, Ana Ortega de Fabri, Mar\u00eda Dolores Osorio de Foresti, Enrico Pagani, Clara Pappadia, Dante Paulon, Rocco Pellicano, Michele Pilato, Pasquale Porto, Guerrina Pribac, Salvatore Rapacciuolo, Alberto Salvatore Rapuano, Stellina Ravetto, Margarita Sandoval de Moccia, Luisa Sormani, Piergiorgio Spataro, Renzo Tentor, Rocco Tomeo, Ana Mar\u00eda Urrutia Tazzer, Luciano Valentinotti y Albertina Vittoni.<\/p>\n\n\n\n<div class=\"wp-block-image\"><figure class=\"aligncenter size-full\"><img loading=\"lazy\" decoding=\"async\" width=\"932\" height=\"518\" src=\"https:\/\/puntodincontro.mx\/wp-content\/uploads\/2021\/11\/marcocannizzo4novembre2021.webp\" alt=\"\" class=\"wp-image-1633\" srcset=\"https:\/\/puntodincontro.mx\/wp-content\/uploads\/2021\/11\/marcocannizzo4novembre2021.webp 932w, https:\/\/puntodincontro.mx\/wp-content\/uploads\/2021\/11\/marcocannizzo4novembre2021-300x167.webp 300w, https:\/\/puntodincontro.mx\/wp-content\/uploads\/2021\/11\/marcocannizzo4novembre2021-768x427.webp 768w, https:\/\/puntodincontro.mx\/wp-content\/uploads\/2021\/11\/marcocannizzo4novembre2021-16x9.webp 16w\" sizes=\"(max-width: 932px) 100vw, 932px\" \/><\/figure><\/div>\n\n\n\n<p class=\"has-text-align-center\">Marco Cannizzo<\/p>\n\n\n\n<p>\u00abDisc\u00falpennos si alguien no est\u00e1 en esta lista\u00bb \u2014explic\u00f3 Marco Cannizzo, presidente de la AIA\u2014 \u00abSon las personas que conocimos como amigos y como socios de nuestra instituci\u00f3n y est\u00e1n incluidos todos los que supimos que han fallecido\u00bb. La ceremonia continu\u00f3 con la misa celebrada en italiano por el representante pontificio en tierra azteca.<\/p>\n\n\n\n<p>\u00abNuestra vida es insegura\u00bb \u2014dijo el Nuncio durante la homil\u00eda\u2014 \u00aby es casi absurdo hablar de seguridad cuando una criatura diminuta e invisible es capaz de acabar f\u00e1cilmente con nuestra existencia, independientemente de nuestros medios econ\u00f3micos y de nuestro estado de salud. Es un aspecto que debe hacernos dar cuenta de lo importante que es tener siempre presente esta realidad. El mundo moderno, al no entenderla, prefiere no hablar de la muerte, que sin embargo es una etapa ineludible de nuestra vida. Puedes vivirla en la desesperaci\u00f3n de pensar que despu\u00e9s de ella todo terminar\u00e1, o puedes vivirla, en el extremo opuesto, como la vivi\u00f3 la Virgen Mar\u00eda, qued\u00e1ndose pl\u00e1cidamente dormida a sabiendas de que se habr\u00eda despertado con el Se\u00f1or\u00bb.<\/p>\n\n\n\n<p>Despu\u00e9s de la ceremonia religiosa, el presidente del Com.It.Es., Gianluca Brocca, dedic\u00f3 una reflexi\u00f3n a \u00abalgunos miembros de la comunidad italiana en M\u00e9xico que nos dejaron en este per\u00edodo\u00bb.<\/p>\n\n\n\n<div class=\"wp-block-image\"><figure class=\"aligncenter size-full\"><img loading=\"lazy\" decoding=\"async\" width=\"932\" height=\"534\" src=\"https:\/\/puntodincontro.mx\/wp-content\/uploads\/2021\/11\/gianlucabrocca4novembre2021.webp\" alt=\"\" class=\"wp-image-1626\" srcset=\"https:\/\/puntodincontro.mx\/wp-content\/uploads\/2021\/11\/gianlucabrocca4novembre2021.webp 932w, https:\/\/puntodincontro.mx\/wp-content\/uploads\/2021\/11\/gianlucabrocca4novembre2021-300x172.webp 300w, https:\/\/puntodincontro.mx\/wp-content\/uploads\/2021\/11\/gianlucabrocca4novembre2021-768x440.webp 768w, https:\/\/puntodincontro.mx\/wp-content\/uploads\/2021\/11\/gianlucabrocca4novembre2021-16x9.webp 16w\" sizes=\"(max-width: 932px) 100vw, 932px\" \/><\/figure><\/div>\n\n\n\n<p class=\"has-text-align-center\">Gianluca Brocca<\/p>\n\n\n\n<p>\u00abRecordamos a Edda Cantele, siempre atenta a las necesidades de los menos afortunados. Tras la muerte de su marido, decidi\u00f3, con su hijo Giorgio, crear el fondo Luigi Cantele en el contexto de la Asociaci\u00f3n Italiana de Asistencia, para ayudar a las personas mayores y solas en dificultades. Durante a\u00f1os, la iniciativa ha ayudado a estos y otros casos a mejorar su calidad de vida. Hoy, rebautizado como \u201cLuigi y Edda Cantele\u201d, el fondo apoya mensualmente a un grupo de familias en extrema pobreza\u00bb.<\/p>\n\n\n\n<p>\u00abNuestro pensamiento tambi\u00e9n va para Enrico Pagani\u00bb \u2014continu\u00f3 Brocca\u2014 \u00abun exitoso hombre de negocios que siempre ha ayudado a la AIA a trav\u00e9s de la donaci\u00f3n de art\u00edculos producidos por el grupo industrial que su hermano Claudio sigue dirigiendo hoy. El a\u00f1o pasado, a\u00fan con vida, Enrico regal\u00f3 una feliz Navidad a 100 familias, mediante un pago que fue enviado a cada una de ellas. Sin duda fue un ejemplo para muchos de nosotros por su apego a los valores de la familia y del trabajo\u00bb.<\/p>\n\n\n\n<p>\u00abBenedetto Mortola quedar\u00e1 siempre en la memoria de la comunidad italiana en M\u00e9xico\u00bb, agreg\u00f3 el titular saliente del Com.It.Es. \u00abMuy conocido en Guadalajara, donde resid\u00eda, Benedetto fue un referente para nuestra comunidad. Ocup\u00f3 varios puestos importantes, siempre como voluntario, en asociaciones italianas, como el Com.It.Es. y la Sociedad Dante Alighieri, y siempre contribuy\u00f3 a crear uni\u00f3n entre nuestros conciudadanos. Propici\u00f3 varios momentos de encuentro que luego se convirtieron en verdaderas tradiciones para los italianos de Guadalajara\u00bb.<\/p>\n\n\n\n<div class=\"wp-block-image\"><figure class=\"aligncenter size-full\"><img loading=\"lazy\" decoding=\"async\" width=\"932\" height=\"419\" src=\"https:\/\/puntodincontro.mx\/wp-content\/uploads\/2021\/11\/pubblico4novembre2021.webp\" alt=\"\" class=\"wp-image-1628\" srcset=\"https:\/\/puntodincontro.mx\/wp-content\/uploads\/2021\/11\/pubblico4novembre2021.webp 932w, https:\/\/puntodincontro.mx\/wp-content\/uploads\/2021\/11\/pubblico4novembre2021-300x135.webp 300w, https:\/\/puntodincontro.mx\/wp-content\/uploads\/2021\/11\/pubblico4novembre2021-768x345.webp 768w, https:\/\/puntodincontro.mx\/wp-content\/uploads\/2021\/11\/pubblico4novembre2021-16x7.webp 16w\" sizes=\"(max-width: 932px) 100vw, 932px\" \/><\/figure><\/div>\n\n\n\n<p>\u00abLuciano Valentinotti, <em>partigiano<\/em>, dedic\u00f3 su vida a luchar contra las injusticias. Siempre colabor\u00f3 en innumerables iniciativas comunitarias y, durante su mandato como consejero del Com.It.Es., organiz\u00f3 diversas exposiciones e iniciativas a favor de artistas italianos residentes en M\u00e9xico. \u00c9l mismo fue un creador de gran valor y sus pinturas hicieron reflexionar a muchas personas sobre las realidades e inequidades de nuestro mundo\u00bb.<\/p>\n\n\n\n<p>\u00abAdem\u00e1s de la generosidad y el amor por los dem\u00e1s\u00bb \u2014a\u00f1adi\u00f3 Brocca\u2014 \u00abtodas las personas recordadas ten\u00edan en com\u00fan una energ\u00eda y una determinaci\u00f3n excepcionales en la consecuci\u00f3n de sus objetivos. Claretta Gagna no fue la excepci\u00f3n. Gracias a su ingenio, en 2004 logr\u00f3 crear un grupo que hizo posible diversas campa\u00f1as m\u00e9dicas en zonas pobres del Estado de Chiapas en apoyo a ni\u00f1os, mujeres y hombres en situaciones dif\u00edciles. En este contexto, m\u00e9dicos de renombre internacional han donado, y contin\u00faan haci\u00e9ndolo, su talento para atender a los sectores m\u00e1s d\u00e9biles de la poblaci\u00f3n\u00bb.<\/p>\n\n\n\n<p>\u00abTambi\u00e9n recuerdo a otras tres personas que muchos de nosotros conocimos en el Instituto Italiano de Cultura y en la Embajada: Marco Bellingeri, Esbeida L\u00f3pez y Laura Belsasso, quienes siempre se desempe\u00f1aron en el trabajo tratando de solucionar los problemas de nuestros connacionales\u00bb.<\/p>\n\n\n\n<div class=\"wp-block-image\"><figure class=\"aligncenter size-full\"><img loading=\"lazy\" decoding=\"async\" width=\"826\" height=\"471\" src=\"https:\/\/puntodincontro.mx\/wp-content\/uploads\/2021\/11\/discorsoambasciatore.webp\" alt=\"\" class=\"wp-image-1627\" srcset=\"https:\/\/puntodincontro.mx\/wp-content\/uploads\/2021\/11\/discorsoambasciatore.webp 826w, https:\/\/puntodincontro.mx\/wp-content\/uploads\/2021\/11\/discorsoambasciatore-300x171.webp 300w, https:\/\/puntodincontro.mx\/wp-content\/uploads\/2021\/11\/discorsoambasciatore-768x438.webp 768w, https:\/\/puntodincontro.mx\/wp-content\/uploads\/2021\/11\/discorsoambasciatore-16x9.webp 16w\" sizes=\"(max-width: 826px) 100vw, 826px\" \/><\/figure><\/div>\n\n\n\n<p class=\"has-text-align-center\">Luigi De Chiara<\/p>\n\n\n\n<p>El embajador de Italia en M\u00e9xico, Luigi De Chiara, tambi\u00e9n se dirigi\u00f3 al nutrido grupo de asistentes. \u00abHablar\u00e9 de dos importantes representantes de la comunidad italiana en este pa\u00eds: Giulio Chiesa y Adalberto Cortesi\u00bb, dijo. \u00abSoy quiz\u00e1s la persona menos calificada para hacerlo, porque como muchos de ustedes saben llegu\u00e9 a fines de 2019, unos meses antes del inicio de la emergencia sanitaria, as\u00ed que a pesar de haber estado aqu\u00ed dos a\u00f1os no he tenido la oportunidad de profundizar el conocimiento de la comunidad italiana en M\u00e9xico, pero con Giulio Chiesa y Nani Cortesi inmediatamente se estableci\u00f3 un contacto extraordinario\u00bb.<\/p>\n\n\n\n<p>\u00abEn el caso particular de Giulio Chiesa, \u00e9l ya no era totalmente aut\u00f3nomo para caminar y, a los pocos d\u00edas de mi llegada a M\u00e9xico, me invit\u00f3 a tomar un caf\u00e9 a su casa. Recuerdo como si fuera ayer este extraordinario encuentro con una persona que ten\u00eda un juicio muy agudo y vigoroso y que hab\u00eda hecho cosas excepcionales: sigo encontrando gente que me habla de \u00e9l como profesor de una de las instituciones acad\u00e9micas m\u00e1s prestigiosas de M\u00e9xico, el ITAM\u00bb.<\/p>\n\n\n\n<p>\u00abEn aquella ocasi\u00f3n, Giulio me proporcion\u00f3 algunas claves de interpretaci\u00f3n del pa\u00eds e informaci\u00f3n sobre la presencia local italiana que ha sido y sigue siendo de enorme utilidad para m\u00ed\u00bb.<\/p>\n\n\n\n<p>\u00abQuiz\u00e1s\u00bb \u2014a\u00f1adi\u00f3 De Chiara\u2014 \u00abes a\u00fan m\u00e1s dif\u00edcil hablar de Nani Cortesi. He conocido a pocas personas tan protagonistas de su \u00e9poca y \u00e9l fue una de las primeras visitas que llegaron a la Embajada tras mi aterrizaje en M\u00e9xico. Todav\u00eda recuerdo la determinaci\u00f3n con la que quiso subir las escaleras para visitarme en mi estudio, en lugar de encontrarnos en la planta baja de la sala de reuniones\u00bb.<\/p>\n\n\n\n<p>\u00abTengo la ilusi\u00f3n de que se cre\u00f3 un acuerdo de comunicaci\u00f3n de inmediato, porque despu\u00e9s de nuestro primer encuentro, en los siguientes tres o cuatro meses, nos reunimos al menos dos veces por semana\u00bb.<\/p>\n\n\n\n<p>\u00abEra un italiano que amaba este pa\u00eds, hizo cosas extraordinarias, incluyendo varias asignaciones oficiales de los gobiernos que se sucedieron aqu\u00ed, y su enorme generosidad me mantiene descubriendo iniciativas que se han beneficiado de ella a lo largo de los a\u00f1os\u00bb.<\/p>\n\n\n\n<div class=\"wp-block-image\"><figure class=\"aligncenter size-full\"><img loading=\"lazy\" decoding=\"async\" width=\"932\" height=\"488\" src=\"https:\/\/puntodincontro.mx\/wp-content\/uploads\/2021\/11\/ordinedellastelladitaliagiuliochiesa.webp\" alt=\"\" class=\"wp-image-1630\" srcset=\"https:\/\/puntodincontro.mx\/wp-content\/uploads\/2021\/11\/ordinedellastelladitaliagiuliochiesa.webp 932w, https:\/\/puntodincontro.mx\/wp-content\/uploads\/2021\/11\/ordinedellastelladitaliagiuliochiesa-300x157.webp 300w, https:\/\/puntodincontro.mx\/wp-content\/uploads\/2021\/11\/ordinedellastelladitaliagiuliochiesa-768x402.webp 768w, https:\/\/puntodincontro.mx\/wp-content\/uploads\/2021\/11\/ordinedellastelladitaliagiuliochiesa-16x8.webp 16w\" sizes=\"(max-width: 932px) 100vw, 932px\" \/><\/figure><\/div>\n\n\n\n<p>Despu\u00e9s de su discurso, el Embajador De Chiara entreg\u00f3 a Emma Chiesa la \u201cStella d'Italia\u201d otorgada por el presidente Mattarella a Giulio. La distinci\u00f3n se confiere a italianos y extranjeros que resaltan por crear puentes y puntos de contacto entre Italia y naciones extranjeras.<\/p>\n\n\n\n<p>A continuaci\u00f3n, el jefe de la diplomacia italiana en M\u00e9xico devel\u00f3 \u2014junto con Gianni Vinciguerra, director del Instituto Italiano de Cultura\u2014 una placa con la que el aula magna de la sede de esta instituci\u00f3n en Coyoac\u00e1n queda dedicada a la memoria de Adalberto Cortesi.<\/p>\n\n\n\n<div class=\"wp-block-image\"><figure class=\"aligncenter size-full\"><img loading=\"lazy\" decoding=\"async\" width=\"932\" height=\"514\" src=\"https:\/\/puntodincontro.mx\/wp-content\/uploads\/2021\/11\/targaistitutoitalianodiculturananicortesi.webp\" alt=\"\" class=\"wp-image-1631\" srcset=\"https:\/\/puntodincontro.mx\/wp-content\/uploads\/2021\/11\/targaistitutoitalianodiculturananicortesi.webp 932w, https:\/\/puntodincontro.mx\/wp-content\/uploads\/2021\/11\/targaistitutoitalianodiculturananicortesi-300x165.webp 300w, https:\/\/puntodincontro.mx\/wp-content\/uploads\/2021\/11\/targaistitutoitalianodiculturananicortesi-768x424.webp 768w, https:\/\/puntodincontro.mx\/wp-content\/uploads\/2021\/11\/targaistitutoitalianodiculturananicortesi-16x9.webp 16w\" sizes=\"(max-width: 932px) 100vw, 932px\" \/><\/figure><\/div>\n\n\n\n<p class=\"has-text-align-center\">Luigi De Chiara e Gianni Vinciguerra<\/p>\n\n\n\n<div style=\"height:12px\" aria-hidden=\"true\" class=\"wp-block-spacer\"><\/div>\n\n\n\n\n\n<div style=\"height:12px\" aria-hidden=\"true\" class=\"wp-block-spacer\"><\/div>","protected":false},"excerpt":{"rendered":"<p>Ore 12.14 &#8211; Ieri pomeriggio, presso l&#8217;Istituto Italiano di Cultura di Citt\u00e0 del Messico, si \u00e8 svolta \u2014dopo la sospensione dello scorso anno\u2014 la tradizionale messa per i defunti organizzata dall&#8217;Associazione Italiana di Assistenza (AIA), istituzione che dall&#8217;inizio del XX secolo offre sostegno ai cittadini del Bel Paese e ai loro parenti in situazioni difficili. Di fronte a circa 70 partecipanti, il Nunzio apostolico in Messico, monsignor Franco Coppola, si \u00e8 preparato per la liturgia in memoria di 60 membri della comunit\u00e0 italiana deceduti nel corso degli ultimi due anni, molti di loro vittime della pandemia di Covid-19. I nomi&#8230; <\/p>","protected":false},"author":2,"featured_media":1624,"comment_status":"open","ping_status":"open","sticky":false,"template":"","format":"standard","meta":{"_monsterinsights_skip_tracking":false,"_monsterinsights_sitenote_active":false,"_monsterinsights_sitenote_note":"","_monsterinsights_sitenote_category":0,"footnotes":""},"categories":[4],"tags":[],"class_list":["post-1620","post","type-post","status-publish","format-standard","has-post-thumbnail","hentry","category-italia-in-messico"],"yoast_head":"<!-- This site is optimized with the Yoast SEO Premium plugin v18.4 (Yoast SEO v25.6) - https:\/\/yoast.com\/wordpress\/plugins\/seo\/ -->\n<title>La comunit\u00e0 italiana a Citt\u00e0 del Messico ha ricordato i suoi defunti Puntodincontro<\/title>\n<meta name=\"description\" content=\"Ieri pomeriggio, presso l&#039;Istituto Italiano di Cultura di Citt\u00e0 del Messico, si \u00e8 svolta \u2014dopo la sospensione dello scorso anno\u2014 la tradizionale messa per i defunti organizzata dall&#039;Associazione Italiana di Assistenza (AIA), istituzione che dall&#039;inizio del XX secolo offre sostegno ai cittadini del Bel Paese e ai loro parenti in situazioni difficili. Di fronte a circa 70 partecipanti, il Nunzio apostolico in Messico, monsignor Franco Coppola, si \u00e8 preparato per la liturgia in memoria di 60 membri della comunit\u00e0 italiana deceduti nel corso degli ultimi due anni, molti di loro vittime della pandemia di Covid-19.\" \/>\n<meta name=\"robots\" content=\"index, follow, max-snippet:-1, max-image-preview:large, max-video-preview:-1\" \/>\n<link rel=\"canonical\" href=\"https:\/\/puntodincontro.mx\/es\/2021\/11\/05\/la-comunidad-italiana-en-la-ciudad-de-mexico-recordo-a-sus-difuntos\/\" \/>\n<meta property=\"og:locale\" content=\"es_MX\" \/>\n<meta property=\"og:type\" content=\"article\" \/>\n<meta property=\"og:title\" content=\"La comunit\u00e0 italiana a Citt\u00e0 del Messico ha ricordato i suoi defunti\" \/>\n<meta property=\"og:description\" content=\"Ieri pomeriggio, presso l&#039;Istituto Italiano di Cultura di Citt\u00e0 del Messico, si \u00e8 svolta \u2014dopo la sospensione dello scorso anno\u2014 la tradizionale messa per i defunti organizzata dall&#039;Associazione Italiana di Assistenza (AIA), istituzione che dall&#039;inizio del XX secolo offre sostegno ai cittadini del Bel Paese e ai loro parenti in situazioni difficili. Di fronte a circa 70 partecipanti, il Nunzio apostolico in Messico, monsignor Franco Coppola, si \u00e8 preparato per la liturgia in memoria di 60 membri della comunit\u00e0 italiana deceduti nel corso degli ultimi due anni, molti di loro vittime della pandemia di Covid-19.\" \/>\n<meta property=\"og:url\" content=\"https:\/\/puntodincontro.mx\/es\/2021\/11\/05\/la-comunidad-italiana-en-la-ciudad-de-mexico-recordo-a-sus-difuntos\/\" \/>\n<meta property=\"og:site_name\" content=\"Puntodincontro\" \/>\n<meta property=\"article:publisher\" content=\"https:\/\/www.facebook.com\/puntodincontro.mx\" \/>\n<meta property=\"article:published_time\" content=\"2021-11-05T20:16:41+00:00\" \/>\n<meta property=\"article:modified_time\" content=\"2021-11-05T20:51:01+00:00\" \/>\n<meta property=\"og:image\" content=\"https:\/\/puntodincontro.mx\/wp-content\/uploads\/2021\/11\/omeliafrancocoppolavert.webp\" \/>\n\t<meta property=\"og:image:width\" content=\"423\" \/>\n\t<meta property=\"og:image:height\" content=\"488\" \/>\n\t<meta property=\"og:image:type\" content=\"image\/webp\" \/>\n<meta name=\"author\" content=\"Puntodincontro\" \/>\n<meta name=\"twitter:card\" content=\"summary_large_image\" \/>\n<meta name=\"twitter:creator\" content=\"@puntodincontro\" \/>\n<meta name=\"twitter:site\" content=\"@puntodincontro\" \/>\n<meta name=\"twitter:label1\" content=\"Escrito por\" \/>\n\t<meta name=\"twitter:data1\" content=\"Puntodincontro\" \/>\n\t<meta name=\"twitter:label2\" content=\"Tiempo de lectura\" \/>\n\t<meta name=\"twitter:data2\" content=\"8 minutos\" \/>\n<script type=\"application\/ld+json\" class=\"yoast-schema-graph\">{\"@context\":\"https:\/\/schema.org\",\"@graph\":[{\"@type\":\"NewsArticle\",\"@id\":\"https:\/\/puntodincontro.mx\/2021\/11\/05\/la-comunita-italiana-a-citta-del-messico-ha-ricordato-i-suoi-defunti\/#article\",\"isPartOf\":{\"@id\":\"https:\/\/puntodincontro.mx\/2021\/11\/05\/la-comunita-italiana-a-citta-del-messico-ha-ricordato-i-suoi-defunti\/\"},\"author\":{\"name\":\"Puntodincontro\",\"@id\":\"https:\/\/puntodincontro.mx\/#\/schema\/person\/d3066d18a16259cbb0c29b0d0e93b556\"},\"headline\":\"La comunit\u00e0 italiana a Citt\u00e0 del Messico ha ricordato i suoi defunti\",\"datePublished\":\"2021-11-05T20:16:41+00:00\",\"dateModified\":\"2021-11-05T20:51:01+00:00\",\"mainEntityOfPage\":{\"@id\":\"https:\/\/puntodincontro.mx\/2021\/11\/05\/la-comunita-italiana-a-citta-del-messico-ha-ricordato-i-suoi-defunti\/\"},\"wordCount\":1381,\"commentCount\":0,\"publisher\":{\"@id\":\"https:\/\/puntodincontro.mx\/#organization\"},\"image\":{\"@id\":\"https:\/\/puntodincontro.mx\/2021\/11\/05\/la-comunita-italiana-a-citta-del-messico-ha-ricordato-i-suoi-defunti\/#primaryimage\"},\"thumbnailUrl\":\"https:\/\/puntodincontro.mx\/wp-content\/uploads\/2021\/11\/omeliafrancocoppolavert.webp\",\"articleSection\":[\"Italia in Messico\"],\"inLanguage\":\"es\",\"potentialAction\":[{\"@type\":\"CommentAction\",\"name\":\"Comment\",\"target\":[\"https:\/\/puntodincontro.mx\/2021\/11\/05\/la-comunita-italiana-a-citta-del-messico-ha-ricordato-i-suoi-defunti\/#respond\"]}]},{\"@type\":\"WebPage\",\"@id\":\"https:\/\/puntodincontro.mx\/2021\/11\/05\/la-comunita-italiana-a-citta-del-messico-ha-ricordato-i-suoi-defunti\/\",\"url\":\"https:\/\/puntodincontro.mx\/2021\/11\/05\/la-comunita-italiana-a-citta-del-messico-ha-ricordato-i-suoi-defunti\/\",\"name\":\"La comunit\u00e0 italiana a Citt\u00e0 del Messico ha ricordato i suoi defunti Puntodincontro\",\"isPartOf\":{\"@id\":\"https:\/\/puntodincontro.mx\/#website\"},\"primaryImageOfPage\":{\"@id\":\"https:\/\/puntodincontro.mx\/2021\/11\/05\/la-comunita-italiana-a-citta-del-messico-ha-ricordato-i-suoi-defunti\/#primaryimage\"},\"image\":{\"@id\":\"https:\/\/puntodincontro.mx\/2021\/11\/05\/la-comunita-italiana-a-citta-del-messico-ha-ricordato-i-suoi-defunti\/#primaryimage\"},\"thumbnailUrl\":\"https:\/\/puntodincontro.mx\/wp-content\/uploads\/2021\/11\/omeliafrancocoppolavert.webp\",\"datePublished\":\"2021-11-05T20:16:41+00:00\",\"dateModified\":\"2021-11-05T20:51:01+00:00\",\"description\":\"Ieri pomeriggio, presso l'Istituto Italiano di Cultura di Citt\u00e0 del Messico, si \u00e8 svolta \u2014dopo la sospensione dello scorso anno\u2014 la tradizionale messa per i defunti organizzata dall'Associazione Italiana di Assistenza (AIA), istituzione che dall'inizio del XX secolo offre sostegno ai cittadini del Bel Paese e ai loro parenti in situazioni difficili. Di fronte a circa 70 partecipanti, il Nunzio apostolico in Messico, monsignor Franco Coppola, si \u00e8 preparato per la liturgia in memoria di 60 membri della comunit\u00e0 italiana deceduti nel corso degli ultimi due anni, molti di loro vittime della pandemia di Covid-19.\",\"breadcrumb\":{\"@id\":\"https:\/\/puntodincontro.mx\/2021\/11\/05\/la-comunita-italiana-a-citta-del-messico-ha-ricordato-i-suoi-defunti\/#breadcrumb\"},\"inLanguage\":\"es\",\"potentialAction\":[{\"@type\":\"ReadAction\",\"target\":[\"https:\/\/puntodincontro.mx\/2021\/11\/05\/la-comunita-italiana-a-citta-del-messico-ha-ricordato-i-suoi-defunti\/\"]}]},{\"@type\":\"ImageObject\",\"inLanguage\":\"es\",\"@id\":\"https:\/\/puntodincontro.mx\/2021\/11\/05\/la-comunita-italiana-a-citta-del-messico-ha-ricordato-i-suoi-defunti\/#primaryimage\",\"url\":\"https:\/\/puntodincontro.mx\/wp-content\/uploads\/2021\/11\/omeliafrancocoppolavert.webp\",\"contentUrl\":\"https:\/\/puntodincontro.mx\/wp-content\/uploads\/2021\/11\/omeliafrancocoppolavert.webp\",\"width\":423,\"height\":488},{\"@type\":\"BreadcrumbList\",\"@id\":\"https:\/\/puntodincontro.mx\/2021\/11\/05\/la-comunita-italiana-a-citta-del-messico-ha-ricordato-i-suoi-defunti\/#breadcrumb\",\"itemListElement\":[{\"@type\":\"ListItem\",\"position\":1,\"name\":\"Home\",\"item\":\"https:\/\/puntodincontro.mx\/\"},{\"@type\":\"ListItem\",\"position\":2,\"name\":\"La comunit\u00e0 italiana a Citt\u00e0 del Messico ha ricordato i suoi defunti\"}]},{\"@type\":\"WebSite\",\"@id\":\"https:\/\/puntodincontro.mx\/#website\",\"url\":\"https:\/\/puntodincontro.mx\/\",\"name\":\"Puntodincontro\",\"description\":\"Dal 2006 notizie sui rapporti Italia-Messico \/ Desde 2006 noticias sobre las relaciones entre Italia y M\u00e9xico\",\"publisher\":{\"@id\":\"https:\/\/puntodincontro.mx\/#organization\"},\"potentialAction\":[{\"@type\":\"SearchAction\",\"target\":{\"@type\":\"EntryPoint\",\"urlTemplate\":\"https:\/\/puntodincontro.mx\/?s={search_term_string}\"},\"query-input\":{\"@type\":\"PropertyValueSpecification\",\"valueRequired\":true,\"valueName\":\"search_term_string\"}}],\"inLanguage\":\"es\"},{\"@type\":\"Organization\",\"@id\":\"https:\/\/puntodincontro.mx\/#organization\",\"name\":\"Puntodincontro\",\"url\":\"https:\/\/puntodincontro.mx\/\",\"logo\":{\"@type\":\"ImageObject\",\"inLanguage\":\"es\",\"@id\":\"https:\/\/puntodincontro.mx\/#\/schema\/logo\/image\/\",\"url\":\"https:\/\/puntodincontro.mx\/wp-content\/uploads\/2021\/08\/Default-image-for-open-graph-settings.jpg\",\"contentUrl\":\"https:\/\/puntodincontro.mx\/wp-content\/uploads\/2021\/08\/Default-image-for-open-graph-settings.jpg\",\"width\":1200,\"height\":630,\"caption\":\"Puntodincontro\"},\"image\":{\"@id\":\"https:\/\/puntodincontro.mx\/#\/schema\/logo\/image\/\"},\"sameAs\":[\"https:\/\/www.facebook.com\/puntodincontro.mx\",\"https:\/\/x.com\/puntodincontro\",\"https:\/\/www.instagram.com\/puntodincontro.mx\/\",\"https:\/\/www.linkedin.com\/company\/puntodincontro\/\",\"https:\/\/www.youtube.com\/c\/puntodincontromessico\",\"https:\/\/www.patreon.com\/puntodincontro\",\"https:\/\/www.threads.net\/@puntodincontro.mx\"]},{\"@type\":\"Person\",\"@id\":\"https:\/\/puntodincontro.mx\/#\/schema\/person\/d3066d18a16259cbb0c29b0d0e93b556\",\"name\":\"Puntodincontro\",\"image\":{\"@type\":\"ImageObject\",\"inLanguage\":\"es\",\"@id\":\"https:\/\/puntodincontro.mx\/#\/schema\/person\/image\/\",\"url\":\"https:\/\/secure.gravatar.com\/avatar\/0e85b4b3b5e9d6bfcec6a4956d8cc63a?s=96&d=mm&r=g\",\"contentUrl\":\"https:\/\/secure.gravatar.com\/avatar\/0e85b4b3b5e9d6bfcec6a4956d8cc63a?s=96&d=mm&r=g\",\"caption\":\"Puntodincontro\"},\"url\":\"https:\/\/puntodincontro.mx\/es\/author\/puntodincontro\/\"}]}<\/script>\n<!-- \/ Yoast SEO Premium plugin. -->","yoast_head_json":{"title":"La comunit\u00e0 italiana a Citt\u00e0 del Messico ha ricordato i suoi defunti Puntodincontro","description":"Ieri pomeriggio, presso l'Istituto Italiano di Cultura di Citt\u00e0 del Messico, si \u00e8 svolta \u2014dopo la sospensione dello scorso anno\u2014 la tradizionale messa per i defunti organizzata dall'Associazione Italiana di Assistenza (AIA), istituzione che dall'inizio del XX secolo offre sostegno ai cittadini del Bel Paese e ai loro parenti in situazioni difficili. Di fronte a circa 70 partecipanti, il Nunzio apostolico in Messico, monsignor Franco Coppola, si \u00e8 preparato per la liturgia in memoria di 60 membri della comunit\u00e0 italiana deceduti nel corso degli ultimi due anni, molti di loro vittime della pandemia di Covid-19.","robots":{"index":"index","follow":"follow","max-snippet":"max-snippet:-1","max-image-preview":"max-image-preview:large","max-video-preview":"max-video-preview:-1"},"canonical":"https:\/\/puntodincontro.mx\/es\/2021\/11\/05\/la-comunidad-italiana-en-la-ciudad-de-mexico-recordo-a-sus-difuntos\/","og_locale":"es_MX","og_type":"article","og_title":"La comunit\u00e0 italiana a Citt\u00e0 del Messico ha ricordato i suoi defunti","og_description":"Ieri pomeriggio, presso l'Istituto Italiano di Cultura di Citt\u00e0 del Messico, si \u00e8 svolta \u2014dopo la sospensione dello scorso anno\u2014 la tradizionale messa per i defunti organizzata dall'Associazione Italiana di Assistenza (AIA), istituzione che dall'inizio del XX secolo offre sostegno ai cittadini del Bel Paese e ai loro parenti in situazioni difficili. Di fronte a circa 70 partecipanti, il Nunzio apostolico in Messico, monsignor Franco Coppola, si \u00e8 preparato per la liturgia in memoria di 60 membri della comunit\u00e0 italiana deceduti nel corso degli ultimi due anni, molti di loro vittime della pandemia di Covid-19.","og_url":"https:\/\/puntodincontro.mx\/es\/2021\/11\/05\/la-comunidad-italiana-en-la-ciudad-de-mexico-recordo-a-sus-difuntos\/","og_site_name":"Puntodincontro","article_publisher":"https:\/\/www.facebook.com\/puntodincontro.mx","article_published_time":"2021-11-05T20:16:41+00:00","article_modified_time":"2021-11-05T20:51:01+00:00","og_image":[{"width":423,"height":488,"url":"https:\/\/puntodincontro.mx\/wp-content\/uploads\/2021\/11\/omeliafrancocoppolavert.webp","type":"image\/webp"}],"author":"Puntodincontro","twitter_card":"summary_large_image","twitter_creator":"@puntodincontro","twitter_site":"@puntodincontro","twitter_misc":{"Escrito por":"Puntodincontro","Tiempo de lectura":"8 minutos"},"schema":{"@context":"https:\/\/schema.org","@graph":[{"@type":"NewsArticle","@id":"https:\/\/puntodincontro.mx\/2021\/11\/05\/la-comunita-italiana-a-citta-del-messico-ha-ricordato-i-suoi-defunti\/#article","isPartOf":{"@id":"https:\/\/puntodincontro.mx\/2021\/11\/05\/la-comunita-italiana-a-citta-del-messico-ha-ricordato-i-suoi-defunti\/"},"author":{"name":"Puntodincontro","@id":"https:\/\/puntodincontro.mx\/#\/schema\/person\/d3066d18a16259cbb0c29b0d0e93b556"},"headline":"La comunit\u00e0 italiana a Citt\u00e0 del Messico ha ricordato i suoi defunti","datePublished":"2021-11-05T20:16:41+00:00","dateModified":"2021-11-05T20:51:01+00:00","mainEntityOfPage":{"@id":"https:\/\/puntodincontro.mx\/2021\/11\/05\/la-comunita-italiana-a-citta-del-messico-ha-ricordato-i-suoi-defunti\/"},"wordCount":1381,"commentCount":0,"publisher":{"@id":"https:\/\/puntodincontro.mx\/#organization"},"image":{"@id":"https:\/\/puntodincontro.mx\/2021\/11\/05\/la-comunita-italiana-a-citta-del-messico-ha-ricordato-i-suoi-defunti\/#primaryimage"},"thumbnailUrl":"https:\/\/puntodincontro.mx\/wp-content\/uploads\/2021\/11\/omeliafrancocoppolavert.webp","articleSection":["Italia in Messico"],"inLanguage":"es","potentialAction":[{"@type":"CommentAction","name":"Comment","target":["https:\/\/puntodincontro.mx\/2021\/11\/05\/la-comunita-italiana-a-citta-del-messico-ha-ricordato-i-suoi-defunti\/#respond"]}]},{"@type":"WebPage","@id":"https:\/\/puntodincontro.mx\/2021\/11\/05\/la-comunita-italiana-a-citta-del-messico-ha-ricordato-i-suoi-defunti\/","url":"https:\/\/puntodincontro.mx\/2021\/11\/05\/la-comunita-italiana-a-citta-del-messico-ha-ricordato-i-suoi-defunti\/","name":"La comunit\u00e0 italiana a Citt\u00e0 del Messico ha ricordato i suoi defunti Puntodincontro","isPartOf":{"@id":"https:\/\/puntodincontro.mx\/#website"},"primaryImageOfPage":{"@id":"https:\/\/puntodincontro.mx\/2021\/11\/05\/la-comunita-italiana-a-citta-del-messico-ha-ricordato-i-suoi-defunti\/#primaryimage"},"image":{"@id":"https:\/\/puntodincontro.mx\/2021\/11\/05\/la-comunita-italiana-a-citta-del-messico-ha-ricordato-i-suoi-defunti\/#primaryimage"},"thumbnailUrl":"https:\/\/puntodincontro.mx\/wp-content\/uploads\/2021\/11\/omeliafrancocoppolavert.webp","datePublished":"2021-11-05T20:16:41+00:00","dateModified":"2021-11-05T20:51:01+00:00","description":"Ieri pomeriggio, presso l'Istituto Italiano di Cultura di Citt\u00e0 del Messico, si \u00e8 svolta \u2014dopo la sospensione dello scorso anno\u2014 la tradizionale messa per i defunti organizzata dall'Associazione Italiana di Assistenza (AIA), istituzione che dall'inizio del XX secolo offre sostegno ai cittadini del Bel Paese e ai loro parenti in situazioni difficili. Di fronte a circa 70 partecipanti, il Nunzio apostolico in Messico, monsignor Franco Coppola, si \u00e8 preparato per la liturgia in memoria di 60 membri della comunit\u00e0 italiana deceduti nel corso degli ultimi due anni, molti di loro vittime della pandemia di Covid-19.","breadcrumb":{"@id":"https:\/\/puntodincontro.mx\/2021\/11\/05\/la-comunita-italiana-a-citta-del-messico-ha-ricordato-i-suoi-defunti\/#breadcrumb"},"inLanguage":"es","potentialAction":[{"@type":"ReadAction","target":["https:\/\/puntodincontro.mx\/2021\/11\/05\/la-comunita-italiana-a-citta-del-messico-ha-ricordato-i-suoi-defunti\/"]}]},{"@type":"ImageObject","inLanguage":"es","@id":"https:\/\/puntodincontro.mx\/2021\/11\/05\/la-comunita-italiana-a-citta-del-messico-ha-ricordato-i-suoi-defunti\/#primaryimage","url":"https:\/\/puntodincontro.mx\/wp-content\/uploads\/2021\/11\/omeliafrancocoppolavert.webp","contentUrl":"https:\/\/puntodincontro.mx\/wp-content\/uploads\/2021\/11\/omeliafrancocoppolavert.webp","width":423,"height":488},{"@type":"BreadcrumbList","@id":"https:\/\/puntodincontro.mx\/2021\/11\/05\/la-comunita-italiana-a-citta-del-messico-ha-ricordato-i-suoi-defunti\/#breadcrumb","itemListElement":[{"@type":"ListItem","position":1,"name":"Home","item":"https:\/\/puntodincontro.mx\/"},{"@type":"ListItem","position":2,"name":"La comunit\u00e0 italiana a Citt\u00e0 del Messico ha ricordato i suoi defunti"}]},{"@type":"WebSite","@id":"https:\/\/puntodincontro.mx\/#website","url":"https:\/\/puntodincontro.mx\/","name":"Puntodincontro","description":"Desde el 2006 noticias sobre las relaciones entre Italia y M\u00e9xico \/ Dal 2006 notizie sui rapporti Italia-Messico","publisher":{"@id":"https:\/\/puntodincontro.mx\/#organization"},"potentialAction":[{"@type":"SearchAction","target":{"@type":"EntryPoint","urlTemplate":"https:\/\/puntodincontro.mx\/?s={search_term_string}"},"query-input":{"@type":"PropertyValueSpecification","valueRequired":true,"valueName":"search_term_string"}}],"inLanguage":"es"},{"@type":"Organization","@id":"https:\/\/puntodincontro.mx\/#organization","name":"Puntodincontro","url":"https:\/\/puntodincontro.mx\/","logo":{"@type":"ImageObject","inLanguage":"es","@id":"https:\/\/puntodincontro.mx\/#\/schema\/logo\/image\/","url":"https:\/\/puntodincontro.mx\/wp-content\/uploads\/2021\/08\/Default-image-for-open-graph-settings.jpg","contentUrl":"https:\/\/puntodincontro.mx\/wp-content\/uploads\/2021\/08\/Default-image-for-open-graph-settings.jpg","width":1200,"height":630,"caption":"Puntodincontro"},"image":{"@id":"https:\/\/puntodincontro.mx\/#\/schema\/logo\/image\/"},"sameAs":["https:\/\/www.facebook.com\/puntodincontro.mx","https:\/\/x.com\/puntodincontro","https:\/\/www.instagram.com\/puntodincontro.mx\/","https:\/\/www.linkedin.com\/company\/puntodincontro\/","https:\/\/www.youtube.com\/c\/puntodincontromessico","https:\/\/www.patreon.com\/puntodincontro","https:\/\/www.threads.net\/@puntodincontro.mx"]},{"@type":"Person","@id":"https:\/\/puntodincontro.mx\/#\/schema\/person\/d3066d18a16259cbb0c29b0d0e93b556","name":"Puntodincontro","image":{"@type":"ImageObject","inLanguage":"es","@id":"https:\/\/puntodincontro.mx\/#\/schema\/person\/image\/","url":"https:\/\/secure.gravatar.com\/avatar\/0e85b4b3b5e9d6bfcec6a4956d8cc63a?s=96&d=mm&r=g","contentUrl":"https:\/\/secure.gravatar.com\/avatar\/0e85b4b3b5e9d6bfcec6a4956d8cc63a?s=96&d=mm&r=g","caption":"Puntodincontro"},"url":"https:\/\/puntodincontro.mx\/es\/author\/puntodincontro\/"}]}},"_links":{"self":[{"href":"https:\/\/puntodincontro.mx\/es\/wp-json\/wp\/v2\/posts\/1620"}],"collection":[{"href":"https:\/\/puntodincontro.mx\/es\/wp-json\/wp\/v2\/posts"}],"about":[{"href":"https:\/\/puntodincontro.mx\/es\/wp-json\/wp\/v2\/types\/post"}],"author":[{"embeddable":true,"href":"https:\/\/puntodincontro.mx\/es\/wp-json\/wp\/v2\/users\/2"}],"replies":[{"embeddable":true,"href":"https:\/\/puntodincontro.mx\/es\/wp-json\/wp\/v2\/comments?post=1620"}],"version-history":[{"count":10,"href":"https:\/\/puntodincontro.mx\/es\/wp-json\/wp\/v2\/posts\/1620\/revisions"}],"predecessor-version":[{"id":1640,"href":"https:\/\/puntodincontro.mx\/es\/wp-json\/wp\/v2\/posts\/1620\/revisions\/1640"}],"wp:featuredmedia":[{"embeddable":true,"href":"https:\/\/puntodincontro.mx\/es\/wp-json\/wp\/v2\/media\/1624"}],"wp:attachment":[{"href":"https:\/\/puntodincontro.mx\/es\/wp-json\/wp\/v2\/media?parent=1620"}],"wp:term":[{"taxonomy":"category","embeddable":true,"href":"https:\/\/puntodincontro.mx\/es\/wp-json\/wp\/v2\/categories?post=1620"},{"taxonomy":"post_tag","embeddable":true,"href":"https:\/\/puntodincontro.mx\/es\/wp-json\/wp\/v2\/tags?post=1620"}],"curies":[{"name":"wp","href":"https:\/\/api.w.org\/{rel}","templated":true}]}}