{"id":16241,"date":"2023-10-31T10:49:07","date_gmt":"2023-10-31T16:49:07","guid":{"rendered":"https:\/\/puntodincontro.mx\/?p=16241"},"modified":"2023-10-31T11:19:19","modified_gmt":"2023-10-31T17:19:19","slug":"congreso-de-los-investigadores-italianos-en-mexico-una-breve-resena","status":"publish","type":"post","link":"https:\/\/puntodincontro.mx\/es\/2023\/10\/31\/congresso-dei-ricercatori-italiani-in-messico-una-breve-rassegna\/","title":{"rendered":"Congreso de los investigadores italianos en M\u00e9xico: una breve rese\u00f1a"},"content":{"rendered":"<p class=\"translation-block\"><strong>10:00 hrs.<\/strong> - Los d\u00edas 5 y 6 de octubre se celebr\u00f3 en la sede del IIC en la Ciudad de M\u00e9xico el congreso 2023 de investigadores italianos, promovido por la ARIM \u2014su asociaci\u00f3n\u2014 con el fin de brindar a los miembros la oportunidad de compartir informaci\u00f3n sobre las actividades de estudio que realizan en territorio mexicano.<\/p>\n\n\n\n<p>Aproximadamente cuarenta de los sesenta socios presentaron algunos detalles de su investigaci\u00f3n.<\/p>\n\n\n\n<p>Los trabajos \u2014inaugurados en presencia de Luigi De Chiara, embajador de Italia en M\u00e9xico, Gabriela Rodr\u00edguez Blanco, consultora de la UNESCO, y Rosanna Bonasia, presidente de ARIM\u2014 comenzaron con la participaci\u00f3n del vicepresidente del Com.It.Es, Antonio Mariniello, y del director general de la Sociedad Dante Alighieri de la capital, Stefano Cara. Ambos ilustraron las actividades realizadas durante el a\u00f1o y los proyectos en marcha y planificados, invitando a los presentes a participar.<\/p>\n\n\n\n<p class=\"translation-block\">Las intervenciones de los investigadores se dividieron en cinco \u00e1reas tem\u00e1ticas: <em>M\u00e9xico-Italia<\/em>, <em>F\u00edsica y ciencias de la salud<\/em>, <em>Antropolog\u00eda, arquitectura y problemas sociales<\/em> y <em>Literatura, ling\u00fc\u00edstica y m\u00fasica<\/em>.<\/p>\n\n\n\n<p>La mayor\u00eda de las exposiciones versaron sobre actividades correspondientes al \u00e1rea human\u00edstica, pero no faltaron relatores de las ciencias exactas. La interacci\u00f3n entre estas dos categor\u00edas, que a menudo parecen distantes, evidenci\u00f3 la profunda riqueza del di\u00e1logo, una de las caracter\u00edsticas de ARIM desde su creaci\u00f3n..<\/p>\n\n\n\n<p>En cada una de las mesas se dio espacio a las preguntas, ejercicio que enriqueci\u00f3 el intercambio, permitiendo a los integrantes \u2014sin importar su lugar de residencia en M\u00e9xico\u2014 conocerse personalmente e interactuar.<\/p>\n\n\n\n<p class=\"translation-block\">Entre los trabajos del congreso, merece una menci\u00f3n especial la mesa redonda titulada <em>Historia de los italianos en M\u00e9xico: entre econom\u00eda, religi\u00f3n, arquitectura y recepci\u00f3n de textos<\/em>, promovida por los organizadores y participantes del <em>Seminario de Estudios Italianos<\/em>, un grupo de acad\u00e9micos que se re\u00fane mensualmente para estudiar la presencia del Bel Paese en M\u00e9xico. Durante el debate se hizo menci\u00f3n a las actividades ya realizadas por el <em>Seminario<\/em> \u2014que ser\u00e1n publicadas en un dossier por una revista especializada\u2014, antes de dar espacio al relato de lo que est\u00e1 siendo analizado en detalle por cada uno de los participantes.<\/p>\n\n\n\n<p>Al finalizar el congreso se llev\u00f3 a cabo la asamblea de la ARIM, reuni\u00f3n durante la cual se propuso una reflexi\u00f3n sobre las acciones a tomar para involucrar activamente a los numerosos acad\u00e9micos italianos residentes en M\u00e9xico vinculados a la patria que a\u00fan no forman parte de la asociaci\u00f3n.<\/p>\n\n\n\n<p>El intercambio de ideas y conocimiento mutuo continu\u00f3 tambi\u00e9n durante el aperitivo que la Embajada ofreci\u00f3 para cerrar el acto (Giuditta Cavalletti - Asociada de ARIM e investigadora de la UNAM).<\/p>\n\n\n<div class=\"wp-block-image\">\n<figure class=\"aligncenter size-full\"><img loading=\"lazy\" decoding=\"async\" width=\"800\" height=\"536\" src=\"https:\/\/puntodincontro.mx\/wp-content\/uploads\/2023\/10\/congressoarimfoto.webp\" alt=\"\" class=\"wp-image-16248\" srcset=\"https:\/\/puntodincontro.mx\/wp-content\/uploads\/2023\/10\/congressoarimfoto.webp 800w, https:\/\/puntodincontro.mx\/wp-content\/uploads\/2023\/10\/congressoarimfoto-300x201.webp 300w, https:\/\/puntodincontro.mx\/wp-content\/uploads\/2023\/10\/congressoarimfoto-768x515.webp 768w, https:\/\/puntodincontro.mx\/wp-content\/uploads\/2023\/10\/congressoarimfoto-18x12.webp 18w\" sizes=\"(max-width: 800px) 100vw, 800px\" \/><\/figure><\/div>\n\n\n<div style=\"height:6px\" aria-hidden=\"true\" class=\"wp-block-spacer\"><\/div>\n\n\n\n<p class=\"has-text-align-center has-small-font-size\">Foto: Ileana Zumpano<\/p>\n\n\n\n<div style=\"height:12px\" aria-hidden=\"true\" class=\"wp-block-spacer\"><\/div>\n\n\n<!-- Ad space powered by WP AdCenter v2.5.7 - https:\/\/wpadcenter.com\/ --><div class=\"wpadcenter-adgroup\" ><div class=\"wpadcenter-adgroup__row wpadcenter-aligncenter\"><div class=\"wpadcenter-ad-container\" ><div id=\"wpadcenter-ad-18464\" class=\"ad-placement\"><div class=\"wpadcenter-ad-inner\" ><a id=\"wpadcenter_ad\" data-value=\"18464\" data-placement=\"\" href=\"https:\/\/www.productosremo.com\/\" target=\"_blank\" class=\"wpadcenter-ad-inner__item\" ><img decoding=\"async\"   src=\"https:\/\/puntodincontro.mx\/wp-content\/uploads\/2021\/08\/remobanner.jpg\" class=\"attachment-post-thumbnail size-post-thumbnail wp-post-image\" alt=\"\" srcset=\"https:\/\/puntodincontro.mx\/wp-content\/uploads\/2021\/08\/remobanner.jpg 200w, https:\/\/puntodincontro.mx\/wp-content\/uploads\/2021\/08\/remobanner-16x5.jpg 16w\" sizes=\"(max-width: 200px) 100vw, 200px\" \/><\/a><\/div><\/div><\/div><div class=\"wpadcenter-ad-container\" ><div id=\"wpadcenter-ad-5305\" class=\"ad-placement\"><div class=\"wpadcenter-ad-inner\" ><a id=\"wpadcenter_ad\" data-value=\"5305\" data-placement=\"\" href=\"https:\/\/ambcittadelmessico.esteri.it\/ambasciata_cittadelmessico\/it\/\" target=\"_blank\" class=\"wpadcenter-ad-inner__item\" ><img decoding=\"async\"   src=\"https:\/\/puntodincontro.mx\/wp-content\/uploads\/2022\/05\/Ambasciata.jpg\" class=\"attachment-post-thumbnail size-post-thumbnail wp-post-image\" alt=\"\" srcset=\"https:\/\/puntodincontro.mx\/wp-content\/uploads\/2022\/05\/Ambasciata.jpg 200w, https:\/\/puntodincontro.mx\/wp-content\/uploads\/2022\/05\/Ambasciata-18x5.jpg 18w\" sizes=\"(max-width: 200px) 100vw, 200px\" \/><\/a><\/div><\/div><\/div><div class=\"wpadcenter-ad-container\" ><div id=\"wpadcenter-ad-3781\" class=\"ad-placement\"><div class=\"wpadcenter-ad-inner\" ><a id=\"wpadcenter_ad\" data-value=\"3781\" data-placement=\"\" href=\"https:\/\/cannizzo.com.mx\/\" target=\"_blank\" class=\"wpadcenter-ad-inner__item\" ><img decoding=\"async\"   src=\"https:\/\/puntodincontro.mx\/wp-content\/uploads\/2022\/03\/cannizzo2.jpg\" class=\"attachment-post-thumbnail size-post-thumbnail wp-post-image\" alt=\"\" srcset=\"https:\/\/puntodincontro.mx\/wp-content\/uploads\/2022\/03\/cannizzo2.jpg 200w, https:\/\/puntodincontro.mx\/wp-content\/uploads\/2022\/03\/cannizzo2-18x5.jpg 18w\" sizes=\"(max-width: 200px) 100vw, 200px\" \/><\/a><\/div><\/div><\/div><\/div><div class=\"wpadcenter-adgroup__row wpadcenter-aligncenter\"><div class=\"wpadcenter-ad-container\" ><div id=\"wpadcenter-ad-1704\" class=\"ad-placement\"><div class=\"wpadcenter-ad-inner\" ><a id=\"wpadcenter_ad\" data-value=\"1704\" data-placement=\"\" href=\"https:\/\/puntodincontro.mx\/es\/2021\/12\/24\/inps-verificacion-de-supervivencia-de-los-pensionados-en-el-extranjero\/\" target=\"_blank\" class=\"wpadcenter-ad-inner__item\" ><img decoding=\"async\"   src=\"https:\/\/puntodincontro.mx\/wp-content\/uploads\/2021\/11\/logo-ital.jpg\" class=\"attachment-post-thumbnail size-post-thumbnail wp-post-image\" alt=\"Patronato ITAL Messico\" srcset=\"https:\/\/puntodincontro.mx\/wp-content\/uploads\/2021\/11\/logo-ital.jpg 200w, https:\/\/puntodincontro.mx\/wp-content\/uploads\/2021\/11\/logo-ital-16x5.jpg 16w\" sizes=\"(max-width: 200px) 100vw, 200px\" \/><\/a><\/div><\/div><\/div><div class=\"wpadcenter-ad-container\" ><div id=\"wpadcenter-ad-1538\" class=\"ad-placement\"><div class=\"wpadcenter-ad-inner\" ><a id=\"wpadcenter_ad\" data-value=\"1538\" data-placement=\"\" href=\"https:\/\/asociacionitaliana.org\/\" target=\"_blank\" class=\"wpadcenter-ad-inner__item\" ><img decoding=\"async\"   src=\"https:\/\/puntodincontro.mx\/wp-content\/uploads\/2021\/11\/aialogo.jpg\" class=\"attachment-post-thumbnail size-post-thumbnail wp-post-image\" alt=\"Associazione Italiana di Assistenza IAP\" srcset=\"https:\/\/puntodincontro.mx\/wp-content\/uploads\/2021\/11\/aialogo.jpg 200w, https:\/\/puntodincontro.mx\/wp-content\/uploads\/2021\/11\/aialogo-18x5.jpg 18w\" sizes=\"(max-width: 200px) 100vw, 200px\" \/><\/a><\/div><\/div><\/div><div class=\"wpadcenter-ad-container\" ><div id=\"wpadcenter-ad-1513\" class=\"ad-placement\"><div class=\"wpadcenter-ad-inner\" ><a id=\"wpadcenter_ad\" data-value=\"1513\" data-placement=\"\" href=\"https:\/\/gcinmuebles.mx\" target=\"_blank\" class=\"wpadcenter-ad-inner__item\" ><img decoding=\"async\"   src=\"https:\/\/puntodincontro.mx\/wp-content\/uploads\/2021\/10\/gcinmuebleslogopunto-1.jpg\" class=\"attachment-post-thumbnail size-post-thumbnail wp-post-image\" alt=\"\" srcset=\"https:\/\/puntodincontro.mx\/wp-content\/uploads\/2021\/10\/gcinmuebleslogopunto-1.jpg 200w, https:\/\/puntodincontro.mx\/wp-content\/uploads\/2021\/10\/gcinmuebleslogopunto-1-18x5.jpg 18w\" sizes=\"(max-width: 200px) 100vw, 200px\" \/><\/a><\/div><\/div><\/div><\/div><div class=\"wpadcenter-adgroup__row wpadcenter-aligncenter\"><div class=\"wpadcenter-ad-container\" ><div id=\"wpadcenter-ad-1374\" class=\"ad-placement\"><div class=\"wpadcenter-ad-inner\" ><a id=\"wpadcenter_ad\" data-value=\"1374\" data-placement=\"\" href=\"https:\/\/www.9colonne.it\/\" target=\"_blank\" class=\"wpadcenter-ad-inner__item\" ><img decoding=\"async\"   src=\"https:\/\/puntodincontro.mx\/wp-content\/uploads\/2021\/10\/Banner9colonne.gif\" class=\"attachment-post-thumbnail size-post-thumbnail wp-post-image\" alt=\"\" \/><\/a><\/div><\/div><\/div><div class=\"wpadcenter-ad-container\" ><div id=\"wpadcenter-ad-276\" class=\"ad-placement\"><div class=\"wpadcenter-ad-inner\" ><a id=\"wpadcenter_ad\" data-value=\"276\" data-placement=\"\" href=\"http:\/\/www.camaraitaliana.mx\/\" target=\"_blank\" class=\"wpadcenter-ad-inner__item\" ><img decoding=\"async\"   src=\"https:\/\/puntodincontro.mx\/wp-content\/uploads\/2021\/08\/ccimnuovo.jpg\" class=\"attachment-post-thumbnail size-post-thumbnail wp-post-image\" alt=\"\" srcset=\"https:\/\/puntodincontro.mx\/wp-content\/uploads\/2021\/08\/ccimnuovo.jpg 200w, https:\/\/puntodincontro.mx\/wp-content\/uploads\/2021\/08\/ccimnuovo-18x5.jpg 18w\" sizes=\"(max-width: 200px) 100vw, 200px\" \/><\/a><\/div><\/div><\/div><div class=\"wpadcenter-ad-container\" ><div id=\"wpadcenter-ad-272\" class=\"ad-placement\"><div class=\"wpadcenter-ad-inner\" ><a id=\"wpadcenter_ad\" data-value=\"272\" data-placement=\"\" href=\"http:\/\/corix.us\/\" target=\"_blank\" class=\"wpadcenter-ad-inner__item\" ><img decoding=\"async\"   src=\"https:\/\/puntodincontro.mx\/wp-content\/uploads\/2021\/08\/corixbanner-1.jpg\" class=\"attachment-post-thumbnail size-post-thumbnail wp-post-image\" alt=\"\" srcset=\"https:\/\/puntodincontro.mx\/wp-content\/uploads\/2021\/08\/corixbanner-1.jpg 200w, https:\/\/puntodincontro.mx\/wp-content\/uploads\/2021\/08\/corixbanner-1-16x5.jpg 16w\" sizes=\"(max-width: 200px) 100vw, 200px\" \/><\/a><\/div><\/div><\/div><\/div><div class=\"wpadcenter-adgroup__row wpadcenter-aligncenter\"><div class=\"wpadcenter-ad-container\" ><div id=\"wpadcenter-ad-266\" class=\"ad-placement\"><div class=\"wpadcenter-ad-inner\" ><a id=\"wpadcenter_ad\" data-value=\"266\" data-placement=\"\" href=\"https:\/\/www.prinsel.com.mx\/\" target=\"_blank\" class=\"wpadcenter-ad-inner__item\" ><img decoding=\"async\"   src=\"https:\/\/puntodincontro.mx\/wp-content\/uploads\/2021\/08\/prinselbanner-1.jpg\" class=\"attachment-post-thumbnail size-post-thumbnail wp-post-image\" alt=\"\" srcset=\"https:\/\/puntodincontro.mx\/wp-content\/uploads\/2021\/08\/prinselbanner-1.jpg 200w, https:\/\/puntodincontro.mx\/wp-content\/uploads\/2021\/08\/prinselbanner-1-16x5.jpg 16w\" sizes=\"(max-width: 200px) 100vw, 200px\" \/><\/a><\/div><\/div><\/div><div class=\"wpadcenter-ad-container\" ><div id=\"wpadcenter-ad-261\" class=\"ad-placement\"><div class=\"wpadcenter-ad-inner\" ><a id=\"wpadcenter_ad\" data-value=\"261\" data-placement=\"\" href=\"https:\/\/faitalia.com.mx\/\" target=\"_blank\" class=\"wpadcenter-ad-inner__item\" ><img decoding=\"async\"   src=\"https:\/\/puntodincontro.mx\/wp-content\/uploads\/2021\/08\/gruppodino.jpg\" class=\"attachment-post-thumbnail size-post-thumbnail wp-post-image\" alt=\"\" srcset=\"https:\/\/puntodincontro.mx\/wp-content\/uploads\/2021\/08\/gruppodino.jpg 200w, https:\/\/puntodincontro.mx\/wp-content\/uploads\/2021\/08\/gruppodino-18x5.jpg 18w\" sizes=\"(max-width: 200px) 100vw, 200px\" \/><\/a><\/div><\/div><\/div><\/div><\/div>\n\n\n<div style=\"height:12px\" aria-hidden=\"true\" class=\"wp-block-spacer\"><\/div>","protected":false},"excerpt":{"rendered":"<p>Ore 10.00 &#8211; I giorni 5 e 6 ottobre si \u00e8 tenuto nella sede dell\u2019IIC di Citt\u00e0 del Messico il congresso 2023 dei ricercatori italiani, promosso dall&#8217;ARIM \u2014la loro associazione\u2014 per dare la possibilit\u00e0 ai membri di condividere informazioni sulle attivit\u00e0 di studio che svolgono in territorio messicano. Circa quaranta dei sessanta soci hanno presentato alcuni dettagli delle proprie ricerche. I lavori \u2014inaugurati alla presenza di Luigi De Chiara, ambasciatore italiano in Messico, Gabriela Rodr\u00edguez Blanco, consulente dell\u2019UNESCO, e Rosanna Bonasia, presidente dell&#8217;ARIM\u2014 sono iniziati con la partecipazione del vicepresidente del Com.It.Es, Antonio Mariniello, e del direttore generale della Societ\u00e0&#8230; <\/p>","protected":false},"author":2,"featured_media":16250,"comment_status":"open","ping_status":"open","sticky":false,"template":"","format":"standard","meta":{"_monsterinsights_skip_tracking":false,"_monsterinsights_sitenote_active":false,"_monsterinsights_sitenote_note":"","_monsterinsights_sitenote_category":0,"footnotes":""},"categories":[14],"tags":[],"class_list":["post-16241","post","type-post","status-publish","format-standard","has-post-thumbnail","hentry","category-scienza-e-tecnologia"],"yoast_head":"<!-- This site is optimized with the Yoast SEO Premium plugin v18.4 (Yoast SEO v25.6) - https:\/\/yoast.com\/wordpress\/plugins\/seo\/ -->\n<title>Congresso dei ricercatori italiani in Messico: una breve rassegna<\/title>\n<meta name=\"description\" content=\"I giorni 5 e 6 ottobre si \u00e8 tenuto nella sede dell\u2019IIC di Citt\u00e0 del Messico il congresso 2023 dei ricercatori italiani, promosso dall&#039;ARIM.\" \/>\n<meta name=\"robots\" content=\"index, follow, max-snippet:-1, max-image-preview:large, max-video-preview:-1\" \/>\n<link rel=\"canonical\" href=\"https:\/\/puntodincontro.mx\/es\/2023\/10\/31\/congreso-de-los-investigadores-italianos-en-mexico-una-breve-resena\/\" \/>\n<meta property=\"og:locale\" content=\"es_MX\" \/>\n<meta property=\"og:type\" content=\"article\" \/>\n<meta property=\"og:title\" content=\"Congresso dei ricercatori italiani in Messico: una breve rassegna\" \/>\n<meta property=\"og:description\" content=\"I giorni 5 e 6 ottobre si \u00e8 tenuto nella sede dell\u2019IIC di Citt\u00e0 del Messico il congresso 2023 dei ricercatori italiani, promosso dall&#039;ARIM.\" \/>\n<meta property=\"og:url\" content=\"https:\/\/puntodincontro.mx\/es\/2023\/10\/31\/congreso-de-los-investigadores-italianos-en-mexico-una-breve-resena\/\" \/>\n<meta property=\"og:site_name\" content=\"Puntodincontro\" \/>\n<meta property=\"article:publisher\" content=\"https:\/\/www.facebook.com\/puntodincontro.mx\" \/>\n<meta property=\"article:published_time\" content=\"2023-10-31T16:49:07+00:00\" \/>\n<meta property=\"article:modified_time\" content=\"2023-10-31T17:19:19+00:00\" \/>\n<meta property=\"og:image\" content=\"https:\/\/puntodincontro.mx\/wp-content\/uploads\/2023\/10\/congressoarimcomp.jpg\" \/>\n\t<meta property=\"og:image:width\" content=\"932\" \/>\n\t<meta property=\"og:image:height\" content=\"488\" \/>\n\t<meta property=\"og:image:type\" content=\"image\/jpeg\" \/>\n<meta name=\"author\" content=\"Puntodincontro\" \/>\n<meta name=\"twitter:card\" content=\"summary_large_image\" \/>\n<meta name=\"twitter:creator\" content=\"@puntodincontro\" \/>\n<meta name=\"twitter:site\" content=\"@puntodincontro\" \/>\n<meta name=\"twitter:label1\" content=\"Escrito por\" \/>\n\t<meta name=\"twitter:data1\" content=\"Puntodincontro\" \/>\n\t<meta name=\"twitter:label2\" content=\"Tiempo de lectura\" \/>\n\t<meta name=\"twitter:data2\" content=\"2 minutos\" \/>\n<script type=\"application\/ld+json\" class=\"yoast-schema-graph\">{\"@context\":\"https:\/\/schema.org\",\"@graph\":[{\"@type\":\"NewsArticle\",\"@id\":\"https:\/\/puntodincontro.mx\/2023\/10\/31\/congresso-dei-ricercatori-italiani-in-messico-una-breve-rassegna\/#article\",\"isPartOf\":{\"@id\":\"https:\/\/puntodincontro.mx\/2023\/10\/31\/congresso-dei-ricercatori-italiani-in-messico-una-breve-rassegna\/\"},\"author\":{\"name\":\"Puntodincontro\",\"@id\":\"https:\/\/puntodincontro.mx\/#\/schema\/person\/d3066d18a16259cbb0c29b0d0e93b556\"},\"headline\":\"Congresso dei ricercatori italiani in Messico: una breve rassegna\",\"datePublished\":\"2023-10-31T16:49:07+00:00\",\"dateModified\":\"2023-10-31T17:19:19+00:00\",\"mainEntityOfPage\":{\"@id\":\"https:\/\/puntodincontro.mx\/2023\/10\/31\/congresso-dei-ricercatori-italiani-in-messico-una-breve-rassegna\/\"},\"wordCount\":413,\"commentCount\":0,\"publisher\":{\"@id\":\"https:\/\/puntodincontro.mx\/#organization\"},\"image\":{\"@id\":\"https:\/\/puntodincontro.mx\/2023\/10\/31\/congresso-dei-ricercatori-italiani-in-messico-una-breve-rassegna\/#primaryimage\"},\"thumbnailUrl\":\"https:\/\/puntodincontro.mx\/wp-content\/uploads\/2023\/10\/congressoarimvert.webp\",\"articleSection\":[\"Scienza e tecnologia\"],\"inLanguage\":\"es\",\"potentialAction\":[{\"@type\":\"CommentAction\",\"name\":\"Comment\",\"target\":[\"https:\/\/puntodincontro.mx\/2023\/10\/31\/congresso-dei-ricercatori-italiani-in-messico-una-breve-rassegna\/#respond\"]}]},{\"@type\":\"WebPage\",\"@id\":\"https:\/\/puntodincontro.mx\/2023\/10\/31\/congresso-dei-ricercatori-italiani-in-messico-una-breve-rassegna\/\",\"url\":\"https:\/\/puntodincontro.mx\/2023\/10\/31\/congresso-dei-ricercatori-italiani-in-messico-una-breve-rassegna\/\",\"name\":\"Congresso dei ricercatori italiani in Messico: una breve rassegna\",\"isPartOf\":{\"@id\":\"https:\/\/puntodincontro.mx\/#website\"},\"primaryImageOfPage\":{\"@id\":\"https:\/\/puntodincontro.mx\/2023\/10\/31\/congresso-dei-ricercatori-italiani-in-messico-una-breve-rassegna\/#primaryimage\"},\"image\":{\"@id\":\"https:\/\/puntodincontro.mx\/2023\/10\/31\/congresso-dei-ricercatori-italiani-in-messico-una-breve-rassegna\/#primaryimage\"},\"thumbnailUrl\":\"https:\/\/puntodincontro.mx\/wp-content\/uploads\/2023\/10\/congressoarimvert.webp\",\"datePublished\":\"2023-10-31T16:49:07+00:00\",\"dateModified\":\"2023-10-31T17:19:19+00:00\",\"description\":\"I giorni 5 e 6 ottobre si \u00e8 tenuto nella sede dell\u2019IIC di Citt\u00e0 del Messico il congresso 2023 dei ricercatori italiani, promosso dall'ARIM.\",\"breadcrumb\":{\"@id\":\"https:\/\/puntodincontro.mx\/2023\/10\/31\/congresso-dei-ricercatori-italiani-in-messico-una-breve-rassegna\/#breadcrumb\"},\"inLanguage\":\"es\",\"potentialAction\":[{\"@type\":\"ReadAction\",\"target\":[\"https:\/\/puntodincontro.mx\/2023\/10\/31\/congresso-dei-ricercatori-italiani-in-messico-una-breve-rassegna\/\"]}]},{\"@type\":\"ImageObject\",\"inLanguage\":\"es\",\"@id\":\"https:\/\/puntodincontro.mx\/2023\/10\/31\/congresso-dei-ricercatori-italiani-in-messico-una-breve-rassegna\/#primaryimage\",\"url\":\"https:\/\/puntodincontro.mx\/wp-content\/uploads\/2023\/10\/congressoarimvert.webp\",\"contentUrl\":\"https:\/\/puntodincontro.mx\/wp-content\/uploads\/2023\/10\/congressoarimvert.webp\",\"width\":423,\"height\":488,\"caption\":\"Congresso dei ricercatori italiani in Messico: una breve rassegna \/ Foto: Ileana Zumpano\"},{\"@type\":\"BreadcrumbList\",\"@id\":\"https:\/\/puntodincontro.mx\/2023\/10\/31\/congresso-dei-ricercatori-italiani-in-messico-una-breve-rassegna\/#breadcrumb\",\"itemListElement\":[{\"@type\":\"ListItem\",\"position\":1,\"name\":\"Home\",\"item\":\"https:\/\/puntodincontro.mx\/\"},{\"@type\":\"ListItem\",\"position\":2,\"name\":\"Congresso dei ricercatori italiani in Messico: una breve rassegna\"}]},{\"@type\":\"WebSite\",\"@id\":\"https:\/\/puntodincontro.mx\/#website\",\"url\":\"https:\/\/puntodincontro.mx\/\",\"name\":\"Puntodincontro\",\"description\":\"Dal 2006 notizie sui rapporti Italia-Messico \/ Desde 2006 noticias sobre las relaciones entre Italia y M\u00e9xico\",\"publisher\":{\"@id\":\"https:\/\/puntodincontro.mx\/#organization\"},\"potentialAction\":[{\"@type\":\"SearchAction\",\"target\":{\"@type\":\"EntryPoint\",\"urlTemplate\":\"https:\/\/puntodincontro.mx\/?s={search_term_string}\"},\"query-input\":{\"@type\":\"PropertyValueSpecification\",\"valueRequired\":true,\"valueName\":\"search_term_string\"}}],\"inLanguage\":\"es\"},{\"@type\":\"Organization\",\"@id\":\"https:\/\/puntodincontro.mx\/#organization\",\"name\":\"Puntodincontro\",\"url\":\"https:\/\/puntodincontro.mx\/\",\"logo\":{\"@type\":\"ImageObject\",\"inLanguage\":\"es\",\"@id\":\"https:\/\/puntodincontro.mx\/#\/schema\/logo\/image\/\",\"url\":\"https:\/\/puntodincontro.mx\/wp-content\/uploads\/2021\/08\/Default-image-for-open-graph-settings.jpg\",\"contentUrl\":\"https:\/\/puntodincontro.mx\/wp-content\/uploads\/2021\/08\/Default-image-for-open-graph-settings.jpg\",\"width\":1200,\"height\":630,\"caption\":\"Puntodincontro\"},\"image\":{\"@id\":\"https:\/\/puntodincontro.mx\/#\/schema\/logo\/image\/\"},\"sameAs\":[\"https:\/\/www.facebook.com\/puntodincontro.mx\",\"https:\/\/x.com\/puntodincontro\",\"https:\/\/www.instagram.com\/puntodincontro.mx\/\",\"https:\/\/www.linkedin.com\/company\/puntodincontro\/\",\"https:\/\/www.youtube.com\/c\/puntodincontromessico\",\"https:\/\/www.patreon.com\/puntodincontro\",\"https:\/\/www.threads.net\/@puntodincontro.mx\"]},{\"@type\":\"Person\",\"@id\":\"https:\/\/puntodincontro.mx\/#\/schema\/person\/d3066d18a16259cbb0c29b0d0e93b556\",\"name\":\"Puntodincontro\",\"image\":{\"@type\":\"ImageObject\",\"inLanguage\":\"es\",\"@id\":\"https:\/\/puntodincontro.mx\/#\/schema\/person\/image\/\",\"url\":\"https:\/\/secure.gravatar.com\/avatar\/0e85b4b3b5e9d6bfcec6a4956d8cc63a?s=96&d=mm&r=g\",\"contentUrl\":\"https:\/\/secure.gravatar.com\/avatar\/0e85b4b3b5e9d6bfcec6a4956d8cc63a?s=96&d=mm&r=g\",\"caption\":\"Puntodincontro\"},\"url\":\"https:\/\/puntodincontro.mx\/es\/author\/puntodincontro\/\"}]}<\/script>\n<!-- \/ Yoast SEO Premium plugin. -->","yoast_head_json":{"title":"Congreso de los investigadores italianos en M\u00e9xico: una breve rese\u00f1a","description":"I giorni 5 e 6 ottobre si \u00e8 tenuto nella sede dell\u2019IIC di Citt\u00e0 del Messico il congresso 2023 dei ricercatori italiani, promosso dall'ARIM.","robots":{"index":"index","follow":"follow","max-snippet":"max-snippet:-1","max-image-preview":"max-image-preview:large","max-video-preview":"max-video-preview:-1"},"canonical":"https:\/\/puntodincontro.mx\/es\/2023\/10\/31\/congreso-de-los-investigadores-italianos-en-mexico-una-breve-resena\/","og_locale":"es_MX","og_type":"article","og_title":"Congresso dei ricercatori italiani in Messico: una breve rassegna","og_description":"I giorni 5 e 6 ottobre si \u00e8 tenuto nella sede dell\u2019IIC di Citt\u00e0 del Messico il congresso 2023 dei ricercatori italiani, promosso dall'ARIM.","og_url":"https:\/\/puntodincontro.mx\/es\/2023\/10\/31\/congreso-de-los-investigadores-italianos-en-mexico-una-breve-resena\/","og_site_name":"Puntodincontro","article_publisher":"https:\/\/www.facebook.com\/puntodincontro.mx","article_published_time":"2023-10-31T16:49:07+00:00","article_modified_time":"2023-10-31T17:19:19+00:00","og_image":[{"width":932,"height":488,"url":"https:\/\/puntodincontro.mx\/wp-content\/uploads\/2023\/10\/congressoarimcomp.jpg","type":"image\/jpeg"}],"author":"Puntodincontro","twitter_card":"summary_large_image","twitter_creator":"@puntodincontro","twitter_site":"@puntodincontro","twitter_misc":{"Escrito por":"Puntodincontro","Tiempo de lectura":"2 minutos"},"schema":{"@context":"https:\/\/schema.org","@graph":[{"@type":"NewsArticle","@id":"https:\/\/puntodincontro.mx\/2023\/10\/31\/congresso-dei-ricercatori-italiani-in-messico-una-breve-rassegna\/#article","isPartOf":{"@id":"https:\/\/puntodincontro.mx\/2023\/10\/31\/congresso-dei-ricercatori-italiani-in-messico-una-breve-rassegna\/"},"author":{"name":"Puntodincontro","@id":"https:\/\/puntodincontro.mx\/#\/schema\/person\/d3066d18a16259cbb0c29b0d0e93b556"},"headline":"Congresso dei ricercatori italiani in Messico: una breve rassegna","datePublished":"2023-10-31T16:49:07+00:00","dateModified":"2023-10-31T17:19:19+00:00","mainEntityOfPage":{"@id":"https:\/\/puntodincontro.mx\/2023\/10\/31\/congresso-dei-ricercatori-italiani-in-messico-una-breve-rassegna\/"},"wordCount":413,"commentCount":0,"publisher":{"@id":"https:\/\/puntodincontro.mx\/#organization"},"image":{"@id":"https:\/\/puntodincontro.mx\/2023\/10\/31\/congresso-dei-ricercatori-italiani-in-messico-una-breve-rassegna\/#primaryimage"},"thumbnailUrl":"https:\/\/puntodincontro.mx\/wp-content\/uploads\/2023\/10\/congressoarimvert.webp","articleSection":["Scienza e tecnologia"],"inLanguage":"es","potentialAction":[{"@type":"CommentAction","name":"Comment","target":["https:\/\/puntodincontro.mx\/2023\/10\/31\/congresso-dei-ricercatori-italiani-in-messico-una-breve-rassegna\/#respond"]}]},{"@type":"WebPage","@id":"https:\/\/puntodincontro.mx\/2023\/10\/31\/congresso-dei-ricercatori-italiani-in-messico-una-breve-rassegna\/","url":"https:\/\/puntodincontro.mx\/2023\/10\/31\/congresso-dei-ricercatori-italiani-in-messico-una-breve-rassegna\/","name":"Congreso de los investigadores italianos en M\u00e9xico: una breve rese\u00f1a","isPartOf":{"@id":"https:\/\/puntodincontro.mx\/#website"},"primaryImageOfPage":{"@id":"https:\/\/puntodincontro.mx\/2023\/10\/31\/congresso-dei-ricercatori-italiani-in-messico-una-breve-rassegna\/#primaryimage"},"image":{"@id":"https:\/\/puntodincontro.mx\/2023\/10\/31\/congresso-dei-ricercatori-italiani-in-messico-una-breve-rassegna\/#primaryimage"},"thumbnailUrl":"https:\/\/puntodincontro.mx\/wp-content\/uploads\/2023\/10\/congressoarimvert.webp","datePublished":"2023-10-31T16:49:07+00:00","dateModified":"2023-10-31T17:19:19+00:00","description":"I giorni 5 e 6 ottobre si \u00e8 tenuto nella sede dell\u2019IIC di Citt\u00e0 del Messico il congresso 2023 dei ricercatori italiani, promosso dall'ARIM.","breadcrumb":{"@id":"https:\/\/puntodincontro.mx\/2023\/10\/31\/congresso-dei-ricercatori-italiani-in-messico-una-breve-rassegna\/#breadcrumb"},"inLanguage":"es","potentialAction":[{"@type":"ReadAction","target":["https:\/\/puntodincontro.mx\/2023\/10\/31\/congresso-dei-ricercatori-italiani-in-messico-una-breve-rassegna\/"]}]},{"@type":"ImageObject","inLanguage":"es","@id":"https:\/\/puntodincontro.mx\/2023\/10\/31\/congresso-dei-ricercatori-italiani-in-messico-una-breve-rassegna\/#primaryimage","url":"https:\/\/puntodincontro.mx\/wp-content\/uploads\/2023\/10\/congressoarimvert.webp","contentUrl":"https:\/\/puntodincontro.mx\/wp-content\/uploads\/2023\/10\/congressoarimvert.webp","width":423,"height":488,"caption":"Congresso dei ricercatori italiani in Messico: una breve rassegna \/ Foto: Ileana Zumpano"},{"@type":"BreadcrumbList","@id":"https:\/\/puntodincontro.mx\/2023\/10\/31\/congresso-dei-ricercatori-italiani-in-messico-una-breve-rassegna\/#breadcrumb","itemListElement":[{"@type":"ListItem","position":1,"name":"Home","item":"https:\/\/puntodincontro.mx\/"},{"@type":"ListItem","position":2,"name":"Congresso dei ricercatori italiani in Messico: una breve rassegna"}]},{"@type":"WebSite","@id":"https:\/\/puntodincontro.mx\/#website","url":"https:\/\/puntodincontro.mx\/","name":"Puntodincontro","description":"Desde el 2006 noticias sobre las relaciones entre Italia y M\u00e9xico \/ Dal 2006 notizie sui rapporti Italia-Messico","publisher":{"@id":"https:\/\/puntodincontro.mx\/#organization"},"potentialAction":[{"@type":"SearchAction","target":{"@type":"EntryPoint","urlTemplate":"https:\/\/puntodincontro.mx\/?s={search_term_string}"},"query-input":{"@type":"PropertyValueSpecification","valueRequired":true,"valueName":"search_term_string"}}],"inLanguage":"es"},{"@type":"Organization","@id":"https:\/\/puntodincontro.mx\/#organization","name":"Puntodincontro","url":"https:\/\/puntodincontro.mx\/","logo":{"@type":"ImageObject","inLanguage":"es","@id":"https:\/\/puntodincontro.mx\/#\/schema\/logo\/image\/","url":"https:\/\/puntodincontro.mx\/wp-content\/uploads\/2021\/08\/Default-image-for-open-graph-settings.jpg","contentUrl":"https:\/\/puntodincontro.mx\/wp-content\/uploads\/2021\/08\/Default-image-for-open-graph-settings.jpg","width":1200,"height":630,"caption":"Puntodincontro"},"image":{"@id":"https:\/\/puntodincontro.mx\/#\/schema\/logo\/image\/"},"sameAs":["https:\/\/www.facebook.com\/puntodincontro.mx","https:\/\/x.com\/puntodincontro","https:\/\/www.instagram.com\/puntodincontro.mx\/","https:\/\/www.linkedin.com\/company\/puntodincontro\/","https:\/\/www.youtube.com\/c\/puntodincontromessico","https:\/\/www.patreon.com\/puntodincontro","https:\/\/www.threads.net\/@puntodincontro.mx"]},{"@type":"Person","@id":"https:\/\/puntodincontro.mx\/#\/schema\/person\/d3066d18a16259cbb0c29b0d0e93b556","name":"Puntodincontro","image":{"@type":"ImageObject","inLanguage":"es","@id":"https:\/\/puntodincontro.mx\/#\/schema\/person\/image\/","url":"https:\/\/secure.gravatar.com\/avatar\/0e85b4b3b5e9d6bfcec6a4956d8cc63a?s=96&d=mm&r=g","contentUrl":"https:\/\/secure.gravatar.com\/avatar\/0e85b4b3b5e9d6bfcec6a4956d8cc63a?s=96&d=mm&r=g","caption":"Puntodincontro"},"url":"https:\/\/puntodincontro.mx\/es\/author\/puntodincontro\/"}]}},"_links":{"self":[{"href":"https:\/\/puntodincontro.mx\/es\/wp-json\/wp\/v2\/posts\/16241"}],"collection":[{"href":"https:\/\/puntodincontro.mx\/es\/wp-json\/wp\/v2\/posts"}],"about":[{"href":"https:\/\/puntodincontro.mx\/es\/wp-json\/wp\/v2\/types\/post"}],"author":[{"embeddable":true,"href":"https:\/\/puntodincontro.mx\/es\/wp-json\/wp\/v2\/users\/2"}],"replies":[{"embeddable":true,"href":"https:\/\/puntodincontro.mx\/es\/wp-json\/wp\/v2\/comments?post=16241"}],"version-history":[{"count":9,"href":"https:\/\/puntodincontro.mx\/es\/wp-json\/wp\/v2\/posts\/16241\/revisions"}],"predecessor-version":[{"id":16255,"href":"https:\/\/puntodincontro.mx\/es\/wp-json\/wp\/v2\/posts\/16241\/revisions\/16255"}],"wp:featuredmedia":[{"embeddable":true,"href":"https:\/\/puntodincontro.mx\/es\/wp-json\/wp\/v2\/media\/16250"}],"wp:attachment":[{"href":"https:\/\/puntodincontro.mx\/es\/wp-json\/wp\/v2\/media?parent=16241"}],"wp:term":[{"taxonomy":"category","embeddable":true,"href":"https:\/\/puntodincontro.mx\/es\/wp-json\/wp\/v2\/categories?post=16241"},{"taxonomy":"post_tag","embeddable":true,"href":"https:\/\/puntodincontro.mx\/es\/wp-json\/wp\/v2\/tags?post=16241"}],"curies":[{"name":"wp","href":"https:\/\/api.w.org\/{rel}","templated":true}]}}