{"id":16256,"date":"2023-10-31T19:02:58","date_gmt":"2023-11-01T01:02:58","guid":{"rendered":"https:\/\/puntodincontro.mx\/?p=16256"},"modified":"2023-10-31T19:03:42","modified_gmt":"2023-11-01T01:03:42","slug":"lucatello-ante-el-cambio-climatico-se-necesitan-acciones-preventivas","status":"publish","type":"post","link":"https:\/\/puntodincontro.mx\/es\/2023\/10\/31\/lucatello-davanti-al-cambiamento-climatico-servono-azioni-preventive\/","title":{"rendered":"Lucatello: \u00abAnte el cambio clim\u00e1tico se necesitan acciones preventivas\u00bb"},"content":{"rendered":"<p class=\"translation-block\"><strong>18:21 hrs.<\/strong> - Seg\u00fan el estudioso italiano Simone Lucatello \u2014profesor del Instituto de Investigaciones Dr. Jos\u00e9 Mar\u00eda Luis Mora del Consejo Nacional de Humanidades, Ciencias y Tecnolog\u00edas de M\u00e9xico\u2014 la devastaci\u00f3n causada por el hurac\u00e1n Otis en Acapulco es un ejemplo tangible de los efectos del calentamiento global.<\/p>\n\n\n\n<p class=\"translation-block\">Durante una entrevista con la periodista Carmen Aristegui transmitida por CNN en Espa\u00f1ol, el experto afirm\u00f3 que el cambio clim\u00e1tico hace que los huracanes sean cada vez m\u00e1s frecuentes e intensos, por lo que las autoridades deben replantear la forma en que responden a este tipo de fen\u00f3menos.<\/p>\n\n\n\n<p class=\"translation-block\">\u00abA partir de una iniciativa que creamos hace pocos d\u00edas con un grupo de investigadores de las principales universidades p\u00fablicas y privadas nacionales, hemos decidido <a href=\"https:\/\/puntodincontro.mx\/pdf\/BoletinREDCiCNo1.pdf\" target=\"_blank\" rel=\"noreferrer noopener\">hacer un planteamiento<\/a> y levantar un poco la voz en cuanto a lo que est\u00e1 pasando con el tema del cambio clim\u00e1tico\u00bb.<\/p>\n\n\n\n<p>\u00abSabemos que hay una ebullici\u00f3n clim\u00e1tica y hay eventos y fen\u00f3menos que requieren cada vez m\u00e1s la atenci\u00f3n no solo de los gobernantes, sino de toda la sociedad\u00bb.<\/p>\n\n\n\n<p>\u00abDesde la academia y los trabajos cient\u00edficos, con la evidencia robusta que tenemos y tras muchos a\u00f1os de observaci\u00f3n de pol\u00edticas p\u00fablicas en M\u00e9xico y otros pa\u00edses, hemos tomado la iniciativa de crear este grupo de trabajo a trav\u00e9s de un comunicado en el que identificamos varios puntos importantes\u00bb.<\/p>\n\n\n\n<p>\u00abUno de ellos se refiere a la capacidad de respuesta, que cada vez m\u00e1s es rebasada por los impactos del cambio clim\u00e1tico a trav\u00e9s de fen\u00f3menos que sabemos que van a ser m\u00e1s frecuentes e intensos, con una magnitud que ning\u00fan pa\u00eds puede realmente enfrentar\u00bb.<\/p>\n\n\n\n<p>\u00abPero, con mayor raz\u00f3n, las naciones que tienen habilidades m\u00faltiples, como lo es M\u00e9xico, tienen que estar mucho m\u00e1s preparados: se deben evitar respuestas basadas en ocurrencias y reactivas, sustituy\u00e9ndolas con acciones planeadas y preventivas. No es f\u00e1cil hacerlo, pero es indispensable repensar la estructura del sistema de protecci\u00f3n civil as\u00ed como las formas en que los \u00f3rganos que responden \u2014por ejemplo los militares\u2014 se enfrentan al cambio clim\u00e1tico para poderlo mitigar\u00bb.<\/p>\n\n\n\n<p>\u00abYa hemos dicho que el calentamiento de los oc\u00e9anos es una de las se\u00f1ales que no se pueden ignorar. Es muy importante que se tomen en serio los mensajes cient\u00edficos, ya que toda la informaci\u00f3n est\u00e1 disponible y sabemos muy bien qu\u00e9 puede pasar. Nosotros los investigadores tenemos el deber \u00e9tico de avisar a la sociedad acerca de lo que est\u00e1 pasando con el fin de evitar da\u00f1os a personas y materiales\u00bb.<\/p>\n\n\n\n<p>\u00abEl costo del impacto de Otis incidir\u00e1 profundamente en las finanzas p\u00fablicas, por lo que es necesario hacer ejercicios de atenci\u00f3n y prevenci\u00f3n con respecto a estos fen\u00f3menos\u00bb.<\/p>\n\n\n\n<p class=\"has-small-font-size\">Foto: AFP &#8211; Rodrigo Oropeza<\/p>\n\n\n\n<div style=\"height:12px\" aria-hidden=\"true\" class=\"wp-block-spacer\"><\/div>\n\n\n<!-- Ad space powered by WP AdCenter v2.5.7 - https:\/\/wpadcenter.com\/ --><div class=\"wpadcenter-adgroup\" ><div class=\"wpadcenter-adgroup__row wpadcenter-aligncenter\"><div class=\"wpadcenter-ad-container\" ><div id=\"wpadcenter-ad-18464\" class=\"ad-placement\"><div class=\"wpadcenter-ad-inner\" ><a id=\"wpadcenter_ad\" data-value=\"18464\" data-placement=\"\" href=\"https:\/\/www.productosremo.com\/\" target=\"_blank\" class=\"wpadcenter-ad-inner__item\" ><img decoding=\"async\"   src=\"https:\/\/puntodincontro.mx\/wp-content\/uploads\/2021\/08\/remobanner.jpg\" class=\"attachment-post-thumbnail size-post-thumbnail wp-post-image\" alt=\"\" srcset=\"https:\/\/puntodincontro.mx\/wp-content\/uploads\/2021\/08\/remobanner.jpg 200w, https:\/\/puntodincontro.mx\/wp-content\/uploads\/2021\/08\/remobanner-16x5.jpg 16w\" sizes=\"(max-width: 200px) 100vw, 200px\" \/><\/a><\/div><\/div><\/div><div class=\"wpadcenter-ad-container\" ><div id=\"wpadcenter-ad-5305\" class=\"ad-placement\"><div class=\"wpadcenter-ad-inner\" ><a id=\"wpadcenter_ad\" data-value=\"5305\" data-placement=\"\" href=\"https:\/\/faitalia.com.mx\/\" target=\"_blank\" class=\"wpadcenter-ad-inner__item\" ><img decoding=\"async\"   src=\"https:\/\/puntodincontro.mx\/wp-content\/uploads\/2022\/05\/gruppodino.jpg\" class=\"attachment-post-thumbnail size-post-thumbnail wp-post-image\" alt=\"\" srcset=\"https:\/\/puntodincontro.mx\/wp-content\/uploads\/2022\/05\/gruppodino.jpg 200w, https:\/\/puntodincontro.mx\/wp-content\/uploads\/2022\/05\/gruppodino-18x5.jpg 18w\" sizes=\"(max-width: 200px) 100vw, 200px\" \/><\/a><\/div><\/div><\/div><div class=\"wpadcenter-ad-container\" ><div id=\"wpadcenter-ad-3781\" class=\"ad-placement\"><div class=\"wpadcenter-ad-inner\" ><a id=\"wpadcenter_ad\" data-value=\"3781\" data-placement=\"\" href=\"https:\/\/cannizzo.com.mx\/\" target=\"_blank\" class=\"wpadcenter-ad-inner__item\" ><img decoding=\"async\"   src=\"https:\/\/puntodincontro.mx\/wp-content\/uploads\/2022\/03\/cannizzo2.jpg\" class=\"attachment-post-thumbnail size-post-thumbnail wp-post-image\" alt=\"\" srcset=\"https:\/\/puntodincontro.mx\/wp-content\/uploads\/2022\/03\/cannizzo2.jpg 200w, https:\/\/puntodincontro.mx\/wp-content\/uploads\/2022\/03\/cannizzo2-18x5.jpg 18w\" sizes=\"(max-width: 200px) 100vw, 200px\" \/><\/a><\/div><\/div><\/div><\/div><div class=\"wpadcenter-adgroup__row wpadcenter-aligncenter\"><div class=\"wpadcenter-ad-container\" ><div id=\"wpadcenter-ad-1704\" class=\"ad-placement\"><div class=\"wpadcenter-ad-inner\" ><a id=\"wpadcenter_ad\" data-value=\"1704\" data-placement=\"\" href=\"https:\/\/puntodincontro.mx\/es\/2021\/12\/24\/inps-verificacion-de-supervivencia-de-los-pensionados-en-el-extranjero\/\" target=\"_blank\" class=\"wpadcenter-ad-inner__item\" ><img decoding=\"async\"   src=\"https:\/\/puntodincontro.mx\/wp-content\/uploads\/2021\/11\/logo-ital.jpg\" class=\"attachment-post-thumbnail size-post-thumbnail wp-post-image\" alt=\"Patronato ITAL Messico\" srcset=\"https:\/\/puntodincontro.mx\/wp-content\/uploads\/2021\/11\/logo-ital.jpg 200w, https:\/\/puntodincontro.mx\/wp-content\/uploads\/2021\/11\/logo-ital-16x5.jpg 16w\" sizes=\"(max-width: 200px) 100vw, 200px\" \/><\/a><\/div><\/div><\/div><div class=\"wpadcenter-ad-container\" ><div id=\"wpadcenter-ad-1538\" class=\"ad-placement\"><div class=\"wpadcenter-ad-inner\" ><a id=\"wpadcenter_ad\" data-value=\"1538\" data-placement=\"\" href=\"https:\/\/asociacionitaliana.org\/\" target=\"_blank\" class=\"wpadcenter-ad-inner__item\" ><img decoding=\"async\"   src=\"https:\/\/puntodincontro.mx\/wp-content\/uploads\/2021\/11\/aialogo.jpg\" class=\"attachment-post-thumbnail size-post-thumbnail wp-post-image\" alt=\"Associazione Italiana di Assistenza IAP\" srcset=\"https:\/\/puntodincontro.mx\/wp-content\/uploads\/2021\/11\/aialogo.jpg 200w, https:\/\/puntodincontro.mx\/wp-content\/uploads\/2021\/11\/aialogo-18x5.jpg 18w\" sizes=\"(max-width: 200px) 100vw, 200px\" \/><\/a><\/div><\/div><\/div><div class=\"wpadcenter-ad-container\" ><div id=\"wpadcenter-ad-1513\" class=\"ad-placement\"><div class=\"wpadcenter-ad-inner\" ><a id=\"wpadcenter_ad\" data-value=\"1513\" data-placement=\"\" href=\"https:\/\/gcinmuebles.mx\" target=\"_blank\" class=\"wpadcenter-ad-inner__item\" ><img decoding=\"async\"   src=\"https:\/\/puntodincontro.mx\/wp-content\/uploads\/2021\/10\/gcinmuebleslogopunto-1.jpg\" class=\"attachment-post-thumbnail size-post-thumbnail wp-post-image\" alt=\"\" srcset=\"https:\/\/puntodincontro.mx\/wp-content\/uploads\/2021\/10\/gcinmuebleslogopunto-1.jpg 200w, https:\/\/puntodincontro.mx\/wp-content\/uploads\/2021\/10\/gcinmuebleslogopunto-1-18x5.jpg 18w\" sizes=\"(max-width: 200px) 100vw, 200px\" \/><\/a><\/div><\/div><\/div><\/div><div class=\"wpadcenter-adgroup__row wpadcenter-aligncenter\"><div class=\"wpadcenter-ad-container\" ><div id=\"wpadcenter-ad-1374\" class=\"ad-placement\"><div class=\"wpadcenter-ad-inner\" ><a id=\"wpadcenter_ad\" data-value=\"1374\" data-placement=\"\" href=\"https:\/\/www.9colonne.it\/\" target=\"_blank\" class=\"wpadcenter-ad-inner__item\" ><img decoding=\"async\"   src=\"https:\/\/puntodincontro.mx\/wp-content\/uploads\/2021\/10\/Banner9colonne.gif\" class=\"attachment-post-thumbnail size-post-thumbnail wp-post-image\" alt=\"\" \/><\/a><\/div><\/div><\/div><div class=\"wpadcenter-ad-container\" ><div id=\"wpadcenter-ad-276\" class=\"ad-placement\"><div class=\"wpadcenter-ad-inner\" ><a id=\"wpadcenter_ad\" data-value=\"276\" data-placement=\"\" href=\"http:\/\/www.camaraitaliana.mx\/\" target=\"_blank\" class=\"wpadcenter-ad-inner__item\" ><img decoding=\"async\"   src=\"https:\/\/puntodincontro.mx\/wp-content\/uploads\/2021\/08\/ccimnuovo.jpg\" class=\"attachment-post-thumbnail size-post-thumbnail wp-post-image\" alt=\"\" srcset=\"https:\/\/puntodincontro.mx\/wp-content\/uploads\/2021\/08\/ccimnuovo.jpg 200w, https:\/\/puntodincontro.mx\/wp-content\/uploads\/2021\/08\/ccimnuovo-18x5.jpg 18w\" sizes=\"(max-width: 200px) 100vw, 200px\" \/><\/a><\/div><\/div><\/div><div class=\"wpadcenter-ad-container\" ><div id=\"wpadcenter-ad-272\" class=\"ad-placement\"><div class=\"wpadcenter-ad-inner\" ><a id=\"wpadcenter_ad\" data-value=\"272\" data-placement=\"\" href=\"http:\/\/corix.us\/\" target=\"_blank\" class=\"wpadcenter-ad-inner__item\" ><img decoding=\"async\"   src=\"https:\/\/puntodincontro.mx\/wp-content\/uploads\/2021\/08\/corixbanner-1.jpg\" class=\"attachment-post-thumbnail size-post-thumbnail wp-post-image\" alt=\"\" srcset=\"https:\/\/puntodincontro.mx\/wp-content\/uploads\/2021\/08\/corixbanner-1.jpg 200w, https:\/\/puntodincontro.mx\/wp-content\/uploads\/2021\/08\/corixbanner-1-16x5.jpg 16w\" sizes=\"(max-width: 200px) 100vw, 200px\" \/><\/a><\/div><\/div><\/div><\/div><div class=\"wpadcenter-adgroup__row wpadcenter-aligncenter\"><div class=\"wpadcenter-ad-container\" ><div id=\"wpadcenter-ad-266\" class=\"ad-placement\"><div class=\"wpadcenter-ad-inner\" ><a id=\"wpadcenter_ad\" data-value=\"266\" data-placement=\"\" href=\"https:\/\/www.prinsel.com.mx\/\" target=\"_blank\" class=\"wpadcenter-ad-inner__item\" ><img decoding=\"async\"   src=\"https:\/\/puntodincontro.mx\/wp-content\/uploads\/2021\/08\/prinselbanner-1.jpg\" class=\"attachment-post-thumbnail size-post-thumbnail wp-post-image\" alt=\"\" srcset=\"https:\/\/puntodincontro.mx\/wp-content\/uploads\/2021\/08\/prinselbanner-1.jpg 200w, https:\/\/puntodincontro.mx\/wp-content\/uploads\/2021\/08\/prinselbanner-1-16x5.jpg 16w\" sizes=\"(max-width: 200px) 100vw, 200px\" \/><\/a><\/div><\/div><\/div><div class=\"wpadcenter-ad-container\" ><div id=\"wpadcenter-ad-261\" class=\"ad-placement\"><div class=\"wpadcenter-ad-inner\" ><a id=\"wpadcenter_ad\" data-value=\"261\" data-placement=\"\" href=\"https:\/\/ambcittadelmessico.esteri.it\/ambasciata_cittadelmessico\/it\/\" target=\"_blank\" class=\"wpadcenter-ad-inner__item\" ><img decoding=\"async\"   src=\"https:\/\/puntodincontro.mx\/wp-content\/uploads\/2021\/08\/ambasciatabanner-1.jpg\" class=\"attachment-post-thumbnail size-post-thumbnail wp-post-image\" alt=\"\" srcset=\"https:\/\/puntodincontro.mx\/wp-content\/uploads\/2021\/08\/ambasciatabanner-1.jpg 200w, https:\/\/puntodincontro.mx\/wp-content\/uploads\/2021\/08\/ambasciatabanner-1-16x5.jpg 16w\" sizes=\"(max-width: 200px) 100vw, 200px\" \/><\/a><\/div><\/div><\/div><\/div><\/div>\n\n\n<div style=\"height:12px\" aria-hidden=\"true\" class=\"wp-block-spacer\"><\/div>","protected":false},"excerpt":{"rendered":"<p>Ore 18.14 &#8211; Secondo lo studioso italiano Simone Lucatello \u2014docente presso l\u2019istituto di ricerca Dr. Jos\u00e9 Mar\u00eda Luis Mora del Consejo Nacional de Humanidades, Ciencias y Tecnolog\u00edas del Messico\u2014 la devastazione causata dall\u2019uragano Otis ad Acapulco \u00e8 un esempio tangibile degli effetti del riscaldamento globale. Nel corso di un&#8217;intervista con la giornalista Carmen Aristegui trasmessa da CNN en Espa\u00f1ol, l&#8217;esperto ha affermato che il cambiamento climatico rende gli uragani sempre pi\u00f9 frequenti e intensi, per cui le autorit\u00e0 devono ripensare il modo in cui rispondono a questo tipo di fenomeni. \u00abIn base a un&#8217;iniziativa di pochi giorni fa con un&#8230; <\/p>","protected":false},"author":2,"featured_media":16266,"comment_status":"open","ping_status":"open","sticky":false,"template":"","format":"standard","meta":{"_monsterinsights_skip_tracking":false,"_monsterinsights_sitenote_active":false,"_monsterinsights_sitenote_note":"","_monsterinsights_sitenote_category":0,"footnotes":""},"categories":[14],"tags":[],"class_list":["post-16256","post","type-post","status-publish","format-standard","has-post-thumbnail","hentry","category-scienza-e-tecnologia"],"yoast_head":"<!-- This site is optimized with the Yoast SEO Premium plugin v18.4 (Yoast SEO v25.6) - https:\/\/yoast.com\/wordpress\/plugins\/seo\/ -->\n<title>\u00abDavanti al cambiamento climatico servono azioni preventive\u00bb<\/title>\n<meta name=\"description\" content=\"Per lo studioso italiano Simone Lucatello la devastazione causata dall\u2019uragano Otis \u00e8 un esempio degli effetti del riscaldamento globale.\" \/>\n<meta name=\"robots\" content=\"index, follow, max-snippet:-1, max-image-preview:large, max-video-preview:-1\" \/>\n<link rel=\"canonical\" href=\"https:\/\/puntodincontro.mx\/es\/2023\/10\/31\/lucatello-ante-el-cambio-climatico-se-necesitan-acciones-preventivas\/\" \/>\n<meta property=\"og:locale\" content=\"es_MX\" \/>\n<meta property=\"og:type\" content=\"article\" \/>\n<meta property=\"og:title\" content=\"Lucatello: \u00abDavanti al cambiamento climatico servono azioni preventive\u00bb\" \/>\n<meta property=\"og:description\" content=\"Per lo studioso italiano Simone Lucatello la devastazione causata dall\u2019uragano Otis \u00e8 un esempio degli effetti del riscaldamento globale.\" \/>\n<meta property=\"og:url\" content=\"https:\/\/puntodincontro.mx\/es\/2023\/10\/31\/lucatello-ante-el-cambio-climatico-se-necesitan-acciones-preventivas\/\" \/>\n<meta property=\"og:site_name\" content=\"Puntodincontro\" \/>\n<meta property=\"article:publisher\" content=\"https:\/\/www.facebook.com\/puntodincontro.mx\" \/>\n<meta property=\"article:published_time\" content=\"2023-11-01T01:02:58+00:00\" \/>\n<meta property=\"article:modified_time\" content=\"2023-11-01T01:03:42+00:00\" \/>\n<meta property=\"og:image\" content=\"https:\/\/puntodincontro.mx\/wp-content\/uploads\/2023\/10\/acapulcocomp.jpg\" \/>\n\t<meta property=\"og:image:width\" content=\"932\" \/>\n\t<meta property=\"og:image:height\" content=\"488\" \/>\n\t<meta property=\"og:image:type\" content=\"image\/jpeg\" \/>\n<meta name=\"author\" content=\"Puntodincontro\" \/>\n<meta name=\"twitter:card\" content=\"summary_large_image\" \/>\n<meta name=\"twitter:creator\" content=\"@puntodincontro\" \/>\n<meta name=\"twitter:site\" content=\"@puntodincontro\" \/>\n<meta name=\"twitter:label1\" content=\"Escrito por\" \/>\n\t<meta name=\"twitter:data1\" content=\"Puntodincontro\" \/>\n\t<meta name=\"twitter:label2\" content=\"Tiempo de lectura\" \/>\n\t<meta name=\"twitter:data2\" content=\"2 minutos\" \/>\n<script type=\"application\/ld+json\" class=\"yoast-schema-graph\">{\"@context\":\"https:\/\/schema.org\",\"@graph\":[{\"@type\":\"NewsArticle\",\"@id\":\"https:\/\/puntodincontro.mx\/2023\/10\/31\/lucatello-davanti-al-cambiamento-climatico-servono-azioni-preventive\/#article\",\"isPartOf\":{\"@id\":\"https:\/\/puntodincontro.mx\/2023\/10\/31\/lucatello-davanti-al-cambiamento-climatico-servono-azioni-preventive\/\"},\"author\":{\"name\":\"Puntodincontro\",\"@id\":\"https:\/\/puntodincontro.mx\/#\/schema\/person\/d3066d18a16259cbb0c29b0d0e93b556\"},\"headline\":\"Lucatello: \u00abDavanti al cambiamento climatico servono azioni preventive\u00bb\",\"datePublished\":\"2023-11-01T01:02:58+00:00\",\"dateModified\":\"2023-11-01T01:03:42+00:00\",\"mainEntityOfPage\":{\"@id\":\"https:\/\/puntodincontro.mx\/2023\/10\/31\/lucatello-davanti-al-cambiamento-climatico-servono-azioni-preventive\/\"},\"wordCount\":417,\"commentCount\":0,\"publisher\":{\"@id\":\"https:\/\/puntodincontro.mx\/#organization\"},\"image\":{\"@id\":\"https:\/\/puntodincontro.mx\/2023\/10\/31\/lucatello-davanti-al-cambiamento-climatico-servono-azioni-preventive\/#primaryimage\"},\"thumbnailUrl\":\"https:\/\/puntodincontro.mx\/wp-content\/uploads\/2023\/10\/acapulcovert.webp\",\"articleSection\":[\"Scienza e tecnologia\"],\"inLanguage\":\"es\",\"potentialAction\":[{\"@type\":\"CommentAction\",\"name\":\"Comment\",\"target\":[\"https:\/\/puntodincontro.mx\/2023\/10\/31\/lucatello-davanti-al-cambiamento-climatico-servono-azioni-preventive\/#respond\"]}]},{\"@type\":\"WebPage\",\"@id\":\"https:\/\/puntodincontro.mx\/2023\/10\/31\/lucatello-davanti-al-cambiamento-climatico-servono-azioni-preventive\/\",\"url\":\"https:\/\/puntodincontro.mx\/2023\/10\/31\/lucatello-davanti-al-cambiamento-climatico-servono-azioni-preventive\/\",\"name\":\"\u00abDavanti al cambiamento climatico servono azioni preventive\u00bb\",\"isPartOf\":{\"@id\":\"https:\/\/puntodincontro.mx\/#website\"},\"primaryImageOfPage\":{\"@id\":\"https:\/\/puntodincontro.mx\/2023\/10\/31\/lucatello-davanti-al-cambiamento-climatico-servono-azioni-preventive\/#primaryimage\"},\"image\":{\"@id\":\"https:\/\/puntodincontro.mx\/2023\/10\/31\/lucatello-davanti-al-cambiamento-climatico-servono-azioni-preventive\/#primaryimage\"},\"thumbnailUrl\":\"https:\/\/puntodincontro.mx\/wp-content\/uploads\/2023\/10\/acapulcovert.webp\",\"datePublished\":\"2023-11-01T01:02:58+00:00\",\"dateModified\":\"2023-11-01T01:03:42+00:00\",\"description\":\"Per lo studioso italiano Simone Lucatello la devastazione causata dall\u2019uragano Otis \u00e8 un esempio degli effetti del riscaldamento globale.\",\"breadcrumb\":{\"@id\":\"https:\/\/puntodincontro.mx\/2023\/10\/31\/lucatello-davanti-al-cambiamento-climatico-servono-azioni-preventive\/#breadcrumb\"},\"inLanguage\":\"es\",\"potentialAction\":[{\"@type\":\"ReadAction\",\"target\":[\"https:\/\/puntodincontro.mx\/2023\/10\/31\/lucatello-davanti-al-cambiamento-climatico-servono-azioni-preventive\/\"]}]},{\"@type\":\"ImageObject\",\"inLanguage\":\"es\",\"@id\":\"https:\/\/puntodincontro.mx\/2023\/10\/31\/lucatello-davanti-al-cambiamento-climatico-servono-azioni-preventive\/#primaryimage\",\"url\":\"https:\/\/puntodincontro.mx\/wp-content\/uploads\/2023\/10\/acapulcovert.webp\",\"contentUrl\":\"https:\/\/puntodincontro.mx\/wp-content\/uploads\/2023\/10\/acapulcovert.webp\",\"width\":423,\"height\":488,\"caption\":\"Lucatello: \u00abDavanti al cambiamento climatico servono azioni preventive\u00bb \/ Foto: AFP - Rodrigo Oropeza\"},{\"@type\":\"BreadcrumbList\",\"@id\":\"https:\/\/puntodincontro.mx\/2023\/10\/31\/lucatello-davanti-al-cambiamento-climatico-servono-azioni-preventive\/#breadcrumb\",\"itemListElement\":[{\"@type\":\"ListItem\",\"position\":1,\"name\":\"Home\",\"item\":\"https:\/\/puntodincontro.mx\/\"},{\"@type\":\"ListItem\",\"position\":2,\"name\":\"Lucatello: \u00abDavanti al cambiamento climatico servono azioni preventive\u00bb\"}]},{\"@type\":\"WebSite\",\"@id\":\"https:\/\/puntodincontro.mx\/#website\",\"url\":\"https:\/\/puntodincontro.mx\/\",\"name\":\"Puntodincontro\",\"description\":\"Dal 2006 notizie sui rapporti Italia-Messico \/ Desde 2006 noticias sobre las relaciones entre Italia y M\u00e9xico\",\"publisher\":{\"@id\":\"https:\/\/puntodincontro.mx\/#organization\"},\"potentialAction\":[{\"@type\":\"SearchAction\",\"target\":{\"@type\":\"EntryPoint\",\"urlTemplate\":\"https:\/\/puntodincontro.mx\/?s={search_term_string}\"},\"query-input\":{\"@type\":\"PropertyValueSpecification\",\"valueRequired\":true,\"valueName\":\"search_term_string\"}}],\"inLanguage\":\"es\"},{\"@type\":\"Organization\",\"@id\":\"https:\/\/puntodincontro.mx\/#organization\",\"name\":\"Puntodincontro\",\"url\":\"https:\/\/puntodincontro.mx\/\",\"logo\":{\"@type\":\"ImageObject\",\"inLanguage\":\"es\",\"@id\":\"https:\/\/puntodincontro.mx\/#\/schema\/logo\/image\/\",\"url\":\"https:\/\/puntodincontro.mx\/wp-content\/uploads\/2021\/08\/Default-image-for-open-graph-settings.jpg\",\"contentUrl\":\"https:\/\/puntodincontro.mx\/wp-content\/uploads\/2021\/08\/Default-image-for-open-graph-settings.jpg\",\"width\":1200,\"height\":630,\"caption\":\"Puntodincontro\"},\"image\":{\"@id\":\"https:\/\/puntodincontro.mx\/#\/schema\/logo\/image\/\"},\"sameAs\":[\"https:\/\/www.facebook.com\/puntodincontro.mx\",\"https:\/\/x.com\/puntodincontro\",\"https:\/\/www.instagram.com\/puntodincontro.mx\/\",\"https:\/\/www.linkedin.com\/company\/puntodincontro\/\",\"https:\/\/www.youtube.com\/c\/puntodincontromessico\",\"https:\/\/www.patreon.com\/puntodincontro\",\"https:\/\/www.threads.net\/@puntodincontro.mx\"]},{\"@type\":\"Person\",\"@id\":\"https:\/\/puntodincontro.mx\/#\/schema\/person\/d3066d18a16259cbb0c29b0d0e93b556\",\"name\":\"Puntodincontro\",\"image\":{\"@type\":\"ImageObject\",\"inLanguage\":\"es\",\"@id\":\"https:\/\/puntodincontro.mx\/#\/schema\/person\/image\/\",\"url\":\"https:\/\/secure.gravatar.com\/avatar\/0e85b4b3b5e9d6bfcec6a4956d8cc63a?s=96&d=mm&r=g\",\"contentUrl\":\"https:\/\/secure.gravatar.com\/avatar\/0e85b4b3b5e9d6bfcec6a4956d8cc63a?s=96&d=mm&r=g\",\"caption\":\"Puntodincontro\"},\"url\":\"https:\/\/puntodincontro.mx\/es\/author\/puntodincontro\/\"}]}<\/script>\n<!-- \/ Yoast SEO Premium plugin. -->","yoast_head_json":{"title":"\u00abAnte el cambio clim\u00e1tico se necesitan acciones preventivas\u00bb","description":"Para el investigador italiano Simone Lucatello, la devastaci\u00f3n provocada por el hurac\u00e1n Otis es un ejemplo de los efectos del calentamiento global.","robots":{"index":"index","follow":"follow","max-snippet":"max-snippet:-1","max-image-preview":"max-image-preview:large","max-video-preview":"max-video-preview:-1"},"canonical":"https:\/\/puntodincontro.mx\/es\/2023\/10\/31\/lucatello-ante-el-cambio-climatico-se-necesitan-acciones-preventivas\/","og_locale":"es_MX","og_type":"article","og_title":"Lucatello: \u00abDavanti al cambiamento climatico servono azioni preventive\u00bb","og_description":"Per lo studioso italiano Simone Lucatello la devastazione causata dall\u2019uragano Otis \u00e8 un esempio degli effetti del riscaldamento globale.","og_url":"https:\/\/puntodincontro.mx\/es\/2023\/10\/31\/lucatello-ante-el-cambio-climatico-se-necesitan-acciones-preventivas\/","og_site_name":"Puntodincontro","article_publisher":"https:\/\/www.facebook.com\/puntodincontro.mx","article_published_time":"2023-11-01T01:02:58+00:00","article_modified_time":"2023-11-01T01:03:42+00:00","og_image":[{"width":932,"height":488,"url":"https:\/\/puntodincontro.mx\/wp-content\/uploads\/2023\/10\/acapulcocomp.jpg","type":"image\/jpeg"}],"author":"Puntodincontro","twitter_card":"summary_large_image","twitter_creator":"@puntodincontro","twitter_site":"@puntodincontro","twitter_misc":{"Escrito por":"Puntodincontro","Tiempo de lectura":"2 minutos"},"schema":{"@context":"https:\/\/schema.org","@graph":[{"@type":"NewsArticle","@id":"https:\/\/puntodincontro.mx\/2023\/10\/31\/lucatello-davanti-al-cambiamento-climatico-servono-azioni-preventive\/#article","isPartOf":{"@id":"https:\/\/puntodincontro.mx\/2023\/10\/31\/lucatello-davanti-al-cambiamento-climatico-servono-azioni-preventive\/"},"author":{"name":"Puntodincontro","@id":"https:\/\/puntodincontro.mx\/#\/schema\/person\/d3066d18a16259cbb0c29b0d0e93b556"},"headline":"Lucatello: \u00abDavanti al cambiamento climatico servono azioni preventive\u00bb","datePublished":"2023-11-01T01:02:58+00:00","dateModified":"2023-11-01T01:03:42+00:00","mainEntityOfPage":{"@id":"https:\/\/puntodincontro.mx\/2023\/10\/31\/lucatello-davanti-al-cambiamento-climatico-servono-azioni-preventive\/"},"wordCount":417,"commentCount":0,"publisher":{"@id":"https:\/\/puntodincontro.mx\/#organization"},"image":{"@id":"https:\/\/puntodincontro.mx\/2023\/10\/31\/lucatello-davanti-al-cambiamento-climatico-servono-azioni-preventive\/#primaryimage"},"thumbnailUrl":"https:\/\/puntodincontro.mx\/wp-content\/uploads\/2023\/10\/acapulcovert.webp","articleSection":["Scienza e tecnologia"],"inLanguage":"es","potentialAction":[{"@type":"CommentAction","name":"Comment","target":["https:\/\/puntodincontro.mx\/2023\/10\/31\/lucatello-davanti-al-cambiamento-climatico-servono-azioni-preventive\/#respond"]}]},{"@type":"WebPage","@id":"https:\/\/puntodincontro.mx\/2023\/10\/31\/lucatello-davanti-al-cambiamento-climatico-servono-azioni-preventive\/","url":"https:\/\/puntodincontro.mx\/2023\/10\/31\/lucatello-davanti-al-cambiamento-climatico-servono-azioni-preventive\/","name":"\u00abAnte el cambio clim\u00e1tico se necesitan acciones preventivas\u00bb","isPartOf":{"@id":"https:\/\/puntodincontro.mx\/#website"},"primaryImageOfPage":{"@id":"https:\/\/puntodincontro.mx\/2023\/10\/31\/lucatello-davanti-al-cambiamento-climatico-servono-azioni-preventive\/#primaryimage"},"image":{"@id":"https:\/\/puntodincontro.mx\/2023\/10\/31\/lucatello-davanti-al-cambiamento-climatico-servono-azioni-preventive\/#primaryimage"},"thumbnailUrl":"https:\/\/puntodincontro.mx\/wp-content\/uploads\/2023\/10\/acapulcovert.webp","datePublished":"2023-11-01T01:02:58+00:00","dateModified":"2023-11-01T01:03:42+00:00","description":"Para el investigador italiano Simone Lucatello, la devastaci\u00f3n provocada por el hurac\u00e1n Otis es un ejemplo de los efectos del calentamiento global.","breadcrumb":{"@id":"https:\/\/puntodincontro.mx\/2023\/10\/31\/lucatello-davanti-al-cambiamento-climatico-servono-azioni-preventive\/#breadcrumb"},"inLanguage":"es","potentialAction":[{"@type":"ReadAction","target":["https:\/\/puntodincontro.mx\/2023\/10\/31\/lucatello-davanti-al-cambiamento-climatico-servono-azioni-preventive\/"]}]},{"@type":"ImageObject","inLanguage":"es","@id":"https:\/\/puntodincontro.mx\/2023\/10\/31\/lucatello-davanti-al-cambiamento-climatico-servono-azioni-preventive\/#primaryimage","url":"https:\/\/puntodincontro.mx\/wp-content\/uploads\/2023\/10\/acapulcovert.webp","contentUrl":"https:\/\/puntodincontro.mx\/wp-content\/uploads\/2023\/10\/acapulcovert.webp","width":423,"height":488,"caption":"Lucatello: \u00abDavanti al cambiamento climatico servono azioni preventive\u00bb \/ Foto: AFP - Rodrigo Oropeza"},{"@type":"BreadcrumbList","@id":"https:\/\/puntodincontro.mx\/2023\/10\/31\/lucatello-davanti-al-cambiamento-climatico-servono-azioni-preventive\/#breadcrumb","itemListElement":[{"@type":"ListItem","position":1,"name":"Home","item":"https:\/\/puntodincontro.mx\/"},{"@type":"ListItem","position":2,"name":"Lucatello: \u00abDavanti al cambiamento climatico servono azioni preventive\u00bb"}]},{"@type":"WebSite","@id":"https:\/\/puntodincontro.mx\/#website","url":"https:\/\/puntodincontro.mx\/","name":"Puntodincontro","description":"Desde el 2006 noticias sobre las relaciones entre Italia y M\u00e9xico \/ Dal 2006 notizie sui rapporti Italia-Messico","publisher":{"@id":"https:\/\/puntodincontro.mx\/#organization"},"potentialAction":[{"@type":"SearchAction","target":{"@type":"EntryPoint","urlTemplate":"https:\/\/puntodincontro.mx\/?s={search_term_string}"},"query-input":{"@type":"PropertyValueSpecification","valueRequired":true,"valueName":"search_term_string"}}],"inLanguage":"es"},{"@type":"Organization","@id":"https:\/\/puntodincontro.mx\/#organization","name":"Puntodincontro","url":"https:\/\/puntodincontro.mx\/","logo":{"@type":"ImageObject","inLanguage":"es","@id":"https:\/\/puntodincontro.mx\/#\/schema\/logo\/image\/","url":"https:\/\/puntodincontro.mx\/wp-content\/uploads\/2021\/08\/Default-image-for-open-graph-settings.jpg","contentUrl":"https:\/\/puntodincontro.mx\/wp-content\/uploads\/2021\/08\/Default-image-for-open-graph-settings.jpg","width":1200,"height":630,"caption":"Puntodincontro"},"image":{"@id":"https:\/\/puntodincontro.mx\/#\/schema\/logo\/image\/"},"sameAs":["https:\/\/www.facebook.com\/puntodincontro.mx","https:\/\/x.com\/puntodincontro","https:\/\/www.instagram.com\/puntodincontro.mx\/","https:\/\/www.linkedin.com\/company\/puntodincontro\/","https:\/\/www.youtube.com\/c\/puntodincontromessico","https:\/\/www.patreon.com\/puntodincontro","https:\/\/www.threads.net\/@puntodincontro.mx"]},{"@type":"Person","@id":"https:\/\/puntodincontro.mx\/#\/schema\/person\/d3066d18a16259cbb0c29b0d0e93b556","name":"Puntodincontro","image":{"@type":"ImageObject","inLanguage":"es","@id":"https:\/\/puntodincontro.mx\/#\/schema\/person\/image\/","url":"https:\/\/secure.gravatar.com\/avatar\/0e85b4b3b5e9d6bfcec6a4956d8cc63a?s=96&d=mm&r=g","contentUrl":"https:\/\/secure.gravatar.com\/avatar\/0e85b4b3b5e9d6bfcec6a4956d8cc63a?s=96&d=mm&r=g","caption":"Puntodincontro"},"url":"https:\/\/puntodincontro.mx\/es\/author\/puntodincontro\/"}]}},"_links":{"self":[{"href":"https:\/\/puntodincontro.mx\/es\/wp-json\/wp\/v2\/posts\/16256"}],"collection":[{"href":"https:\/\/puntodincontro.mx\/es\/wp-json\/wp\/v2\/posts"}],"about":[{"href":"https:\/\/puntodincontro.mx\/es\/wp-json\/wp\/v2\/types\/post"}],"author":[{"embeddable":true,"href":"https:\/\/puntodincontro.mx\/es\/wp-json\/wp\/v2\/users\/2"}],"replies":[{"embeddable":true,"href":"https:\/\/puntodincontro.mx\/es\/wp-json\/wp\/v2\/comments?post=16256"}],"version-history":[{"count":11,"href":"https:\/\/puntodincontro.mx\/es\/wp-json\/wp\/v2\/posts\/16256\/revisions"}],"predecessor-version":[{"id":16270,"href":"https:\/\/puntodincontro.mx\/es\/wp-json\/wp\/v2\/posts\/16256\/revisions\/16270"}],"wp:featuredmedia":[{"embeddable":true,"href":"https:\/\/puntodincontro.mx\/es\/wp-json\/wp\/v2\/media\/16266"}],"wp:attachment":[{"href":"https:\/\/puntodincontro.mx\/es\/wp-json\/wp\/v2\/media?parent=16256"}],"wp:term":[{"taxonomy":"category","embeddable":true,"href":"https:\/\/puntodincontro.mx\/es\/wp-json\/wp\/v2\/categories?post=16256"},{"taxonomy":"post_tag","embeddable":true,"href":"https:\/\/puntodincontro.mx\/es\/wp-json\/wp\/v2\/tags?post=16256"}],"curies":[{"name":"wp","href":"https:\/\/api.w.org\/{rel}","templated":true}]}}