{"id":16351,"date":"2023-11-06T15:59:24","date_gmt":"2023-11-06T21:59:24","guid":{"rendered":"https:\/\/puntodincontro.mx\/?p=16351"},"modified":"2023-11-06T16:00:22","modified_gmt":"2023-11-06T22:00:22","slug":"mexico-e-italia-entre-los-paises-que-mas-temen-el-cambio-climatico","status":"publish","type":"post","link":"https:\/\/puntodincontro.mx\/es\/2023\/11\/06\/il-messico-e-litalia-tra-i-paesi-che-piu-temono-i-cambiamenti-climatici\/","title":{"rendered":"M\u00e9xico e Italia entre los pa\u00edses que m\u00e1s temen el cambio clim\u00e1tico"},"content":{"rendered":"<p class=\"translation-block\"><strong>15:55 hrs.<\/strong> - Los pa\u00edses miembros de la OCDE con mayor temor a consecuencias ocasionadas por el cambio clim\u00e1tico son M\u00e9xico, Italia y Espa\u00f1a, debido al hecho que en estas naciones hay una gran relaci\u00f3n con la vivencia de experiencias de desastres naturales.<\/p>\n\n\n\n<p>La anterior es una de las conclusiones de la Organizaci\u00f3n para la Cooperaci\u00f3n y el Desarrollo Econ\u00f3mico (OCDE) en un estudio sobre las competencias necesarias para afrontar desaf\u00edos relacionados con el calentamiento global y las nuevas tecnolog\u00edas.<\/p>\n\n\n\n<p>Los resultados se basan en una encuesta realizada en 2020, en la que el 90% de los adultos en M\u00e9xico afirmaron percibir el cambio clim\u00e1tico como una amenaza. El porcentaje fue tambi\u00e9n muy elevado en Italia (87%), Espa\u00f1a (85%), Jap\u00f3n (83%) y Grecia (81%).<\/p>\n\n\n\n<p>Estos 5 pa\u00edses se colocaron notablemente por encima de la media del 68% en las 22 naciones de la OCDE para las que hay datos comparables disponibles.<\/p>\n\n\n\n<p>En el otro extremo, la percepci\u00f3n del riesgo del cambio clim\u00e1tico se limit\u00f3 al 52% en Hungr\u00eda e Israel, 48% en Dinamarca y 44% en la Rep\u00fablica Checa.<\/p>\n\n\n\n<p>Los autores del informe hacen notar que, seg\u00fan el Banco Mundial, M\u00e9xico es \u00abaltamente vulnerable\u00bb a los efectos adversos del cambio clim\u00e1tico, mientras que Italia es \u00abparticularmente vulnerable\u00bb.<\/p>\n\n\n\n<p>Al respecto, se\u00f1alan que ambos pa\u00edses tuvieron significativamente m\u00e1s desastres naturales que la Rep\u00fablica Checa, lo que ayuda a explicar la diferencia en  percepci\u00f3n acerca de este tema.<\/p>\n\n\n\n<p>El genero tambi\u00e9n es un factor que influencia la percepci\u00f3n. As\u00ed, en los pa\u00edses de la OCDE, el porcentaje de mujeres que tem\u00eda las consecuencias de la crisis clim\u00e1tica en el sondeo de 2020 fue ocho puntos superior al de los hombres.<\/p>\n\n\n\n<p>En cuanto al nivel educativo, el 73% de los que ten\u00edan un t\u00edtulo universitario consideraron que el cambio clim\u00e1tico constituye una amenaza, mientras que entre los que ten\u00edan un t\u00edtulo de educaci\u00f3n secundaria el porcentaje fue de 63% (EFE-El Pa\u00eds).<\/p>\n\n\n\n<p class=\"has-small-font-size\">Foto: ABI imagery from NOAA&#8217;s GOES-16 Satellite<\/p>\n\n\n\n<div style=\"height:12px\" aria-hidden=\"true\" class=\"wp-block-spacer\"><\/div>\n\n\n\n\n\n<div style=\"height:12px\" aria-hidden=\"true\" class=\"wp-block-spacer\"><\/div>","protected":false},"excerpt":{"rendered":"<p>Ore 15.55 &#8211; I Paesi membri dell&#8217;OCSE che temono maggiormente le conseguenze causate dai cambiamenti climatici sono il Messico, l&#8217;Italia e la Spagna, poich\u00e9 in queste nazioni esiste un notevole rapporto con l&#8217;esperienza dei disastri naturali. Quanto sopra \u00e8 una delle conclusioni dell&#8217;Organizzazione per la cooperazione e lo sviluppo economico (OCSE) in uno studio sulle competenze necessarie per affrontare le sfide legate al riscaldamento globale e alle nuove tecnologie. I risultati si basano su un sondaggio condotto nel 2020, in cui il 90% degli adulti in Messico ha dichiarato di percepire il cambiamento climatico come una minaccia. La percentuale \u00e8&#8230; <\/p>","protected":false},"author":2,"featured_media":16357,"comment_status":"open","ping_status":"open","sticky":false,"template":"","format":"standard","meta":{"_monsterinsights_skip_tracking":false,"_monsterinsights_sitenote_active":false,"_monsterinsights_sitenote_note":"","_monsterinsights_sitenote_category":0,"footnotes":""},"categories":[18],"tags":[],"class_list":["post-16351","post","type-post","status-publish","format-standard","has-post-thumbnail","hentry","category-cronaca"],"yoast_head":"<!-- This site is optimized with the Yoast SEO Premium plugin v18.4 (Yoast SEO v25.6) - https:\/\/yoast.com\/wordpress\/plugins\/seo\/ -->\n<title>Messico e Italia tra i Paesi che pi\u00f9 temono i cambiamenti climatici<\/title>\n<meta name=\"description\" content=\"I Paesi membri dell&#039;OCSE che temono maggiormente le conseguenze causate dai cambiamenti climatici sono il Messico, l&#039;Italia e la Spagna.\" \/>\n<meta name=\"robots\" content=\"index, follow, max-snippet:-1, max-image-preview:large, max-video-preview:-1\" \/>\n<link rel=\"canonical\" href=\"https:\/\/puntodincontro.mx\/es\/2023\/11\/06\/mexico-e-italia-entre-los-paises-que-mas-temen-el-cambio-climatico\/\" \/>\n<meta property=\"og:locale\" content=\"es_MX\" \/>\n<meta property=\"og:type\" content=\"article\" \/>\n<meta property=\"og:title\" content=\"Il Messico e l&#039;Italia tra i Paesi che pi\u00f9 temono i cambiamenti climatici\" \/>\n<meta property=\"og:description\" content=\"I Paesi membri dell&#039;OCSE che temono maggiormente le conseguenze causate dai cambiamenti climatici sono il Messico, l&#039;Italia e la Spagna.\" \/>\n<meta property=\"og:url\" content=\"https:\/\/puntodincontro.mx\/es\/2023\/11\/06\/mexico-e-italia-entre-los-paises-que-mas-temen-el-cambio-climatico\/\" \/>\n<meta property=\"og:site_name\" content=\"Puntodincontro\" \/>\n<meta property=\"article:publisher\" content=\"https:\/\/www.facebook.com\/puntodincontro.mx\" \/>\n<meta property=\"article:published_time\" content=\"2023-11-06T21:59:24+00:00\" \/>\n<meta property=\"article:modified_time\" content=\"2023-11-06T22:00:22+00:00\" \/>\n<meta property=\"og:image\" content=\"https:\/\/puntodincontro.mx\/wp-content\/uploads\/2023\/11\/uraganootiscomp.jpg\" \/>\n\t<meta property=\"og:image:width\" content=\"932\" \/>\n\t<meta property=\"og:image:height\" content=\"488\" \/>\n\t<meta property=\"og:image:type\" content=\"image\/jpeg\" \/>\n<meta name=\"author\" content=\"Puntodincontro\" \/>\n<meta name=\"twitter:card\" content=\"summary_large_image\" \/>\n<meta name=\"twitter:creator\" content=\"@puntodincontro\" \/>\n<meta name=\"twitter:site\" content=\"@puntodincontro\" \/>\n<meta name=\"twitter:label1\" content=\"Escrito por\" \/>\n\t<meta name=\"twitter:data1\" content=\"Puntodincontro\" \/>\n\t<meta name=\"twitter:label2\" content=\"Tiempo de lectura\" \/>\n\t<meta name=\"twitter:data2\" content=\"1 minuto\" \/>\n<script type=\"application\/ld+json\" class=\"yoast-schema-graph\">{\"@context\":\"https:\/\/schema.org\",\"@graph\":[{\"@type\":\"NewsArticle\",\"@id\":\"https:\/\/puntodincontro.mx\/2023\/11\/06\/il-messico-e-litalia-tra-i-paesi-che-piu-temono-i-cambiamenti-climatici\/#article\",\"isPartOf\":{\"@id\":\"https:\/\/puntodincontro.mx\/2023\/11\/06\/il-messico-e-litalia-tra-i-paesi-che-piu-temono-i-cambiamenti-climatici\/\"},\"author\":{\"name\":\"Puntodincontro\",\"@id\":\"https:\/\/puntodincontro.mx\/#\/schema\/person\/d3066d18a16259cbb0c29b0d0e93b556\"},\"headline\":\"Il Messico e l&#8217;Italia tra i Paesi che pi\u00f9 temono i cambiamenti climatici\",\"datePublished\":\"2023-11-06T21:59:24+00:00\",\"dateModified\":\"2023-11-06T22:00:22+00:00\",\"mainEntityOfPage\":{\"@id\":\"https:\/\/puntodincontro.mx\/2023\/11\/06\/il-messico-e-litalia-tra-i-paesi-che-piu-temono-i-cambiamenti-climatici\/\"},\"wordCount\":315,\"commentCount\":0,\"publisher\":{\"@id\":\"https:\/\/puntodincontro.mx\/#organization\"},\"image\":{\"@id\":\"https:\/\/puntodincontro.mx\/2023\/11\/06\/il-messico-e-litalia-tra-i-paesi-che-piu-temono-i-cambiamenti-climatici\/#primaryimage\"},\"thumbnailUrl\":\"https:\/\/puntodincontro.mx\/wp-content\/uploads\/2023\/11\/uraganootisvert.webp\",\"articleSection\":[\"Cronaca\"],\"inLanguage\":\"es\",\"potentialAction\":[{\"@type\":\"CommentAction\",\"name\":\"Comment\",\"target\":[\"https:\/\/puntodincontro.mx\/2023\/11\/06\/il-messico-e-litalia-tra-i-paesi-che-piu-temono-i-cambiamenti-climatici\/#respond\"]}]},{\"@type\":\"WebPage\",\"@id\":\"https:\/\/puntodincontro.mx\/2023\/11\/06\/il-messico-e-litalia-tra-i-paesi-che-piu-temono-i-cambiamenti-climatici\/\",\"url\":\"https:\/\/puntodincontro.mx\/2023\/11\/06\/il-messico-e-litalia-tra-i-paesi-che-piu-temono-i-cambiamenti-climatici\/\",\"name\":\"Messico e Italia tra i Paesi che pi\u00f9 temono i cambiamenti climatici\",\"isPartOf\":{\"@id\":\"https:\/\/puntodincontro.mx\/#website\"},\"primaryImageOfPage\":{\"@id\":\"https:\/\/puntodincontro.mx\/2023\/11\/06\/il-messico-e-litalia-tra-i-paesi-che-piu-temono-i-cambiamenti-climatici\/#primaryimage\"},\"image\":{\"@id\":\"https:\/\/puntodincontro.mx\/2023\/11\/06\/il-messico-e-litalia-tra-i-paesi-che-piu-temono-i-cambiamenti-climatici\/#primaryimage\"},\"thumbnailUrl\":\"https:\/\/puntodincontro.mx\/wp-content\/uploads\/2023\/11\/uraganootisvert.webp\",\"datePublished\":\"2023-11-06T21:59:24+00:00\",\"dateModified\":\"2023-11-06T22:00:22+00:00\",\"description\":\"I Paesi membri dell'OCSE che temono maggiormente le conseguenze causate dai cambiamenti climatici sono il Messico, l'Italia e la Spagna.\",\"breadcrumb\":{\"@id\":\"https:\/\/puntodincontro.mx\/2023\/11\/06\/il-messico-e-litalia-tra-i-paesi-che-piu-temono-i-cambiamenti-climatici\/#breadcrumb\"},\"inLanguage\":\"es\",\"potentialAction\":[{\"@type\":\"ReadAction\",\"target\":[\"https:\/\/puntodincontro.mx\/2023\/11\/06\/il-messico-e-litalia-tra-i-paesi-che-piu-temono-i-cambiamenti-climatici\/\"]}]},{\"@type\":\"ImageObject\",\"inLanguage\":\"es\",\"@id\":\"https:\/\/puntodincontro.mx\/2023\/11\/06\/il-messico-e-litalia-tra-i-paesi-che-piu-temono-i-cambiamenti-climatici\/#primaryimage\",\"url\":\"https:\/\/puntodincontro.mx\/wp-content\/uploads\/2023\/11\/uraganootisvert.webp\",\"contentUrl\":\"https:\/\/puntodincontro.mx\/wp-content\/uploads\/2023\/11\/uraganootisvert.webp\",\"width\":423,\"height\":488,\"caption\":\"Il Messico e l'Italia tra i Paesi che pi\u00f9 temono i cambiamenti climatici \/ Foto: ABI imagery from NOAA's GOES-16 Satellite\"},{\"@type\":\"BreadcrumbList\",\"@id\":\"https:\/\/puntodincontro.mx\/2023\/11\/06\/il-messico-e-litalia-tra-i-paesi-che-piu-temono-i-cambiamenti-climatici\/#breadcrumb\",\"itemListElement\":[{\"@type\":\"ListItem\",\"position\":1,\"name\":\"Home\",\"item\":\"https:\/\/puntodincontro.mx\/\"},{\"@type\":\"ListItem\",\"position\":2,\"name\":\"Il Messico e l&#8217;Italia tra i Paesi che pi\u00f9 temono i cambiamenti climatici\"}]},{\"@type\":\"WebSite\",\"@id\":\"https:\/\/puntodincontro.mx\/#website\",\"url\":\"https:\/\/puntodincontro.mx\/\",\"name\":\"Puntodincontro\",\"description\":\"Dal 2006 notizie sui rapporti Italia-Messico \/ Desde 2006 noticias sobre las relaciones entre Italia y M\u00e9xico\",\"publisher\":{\"@id\":\"https:\/\/puntodincontro.mx\/#organization\"},\"potentialAction\":[{\"@type\":\"SearchAction\",\"target\":{\"@type\":\"EntryPoint\",\"urlTemplate\":\"https:\/\/puntodincontro.mx\/?s={search_term_string}\"},\"query-input\":{\"@type\":\"PropertyValueSpecification\",\"valueRequired\":true,\"valueName\":\"search_term_string\"}}],\"inLanguage\":\"es\"},{\"@type\":\"Organization\",\"@id\":\"https:\/\/puntodincontro.mx\/#organization\",\"name\":\"Puntodincontro\",\"url\":\"https:\/\/puntodincontro.mx\/\",\"logo\":{\"@type\":\"ImageObject\",\"inLanguage\":\"es\",\"@id\":\"https:\/\/puntodincontro.mx\/#\/schema\/logo\/image\/\",\"url\":\"https:\/\/puntodincontro.mx\/wp-content\/uploads\/2021\/08\/Default-image-for-open-graph-settings.jpg\",\"contentUrl\":\"https:\/\/puntodincontro.mx\/wp-content\/uploads\/2021\/08\/Default-image-for-open-graph-settings.jpg\",\"width\":1200,\"height\":630,\"caption\":\"Puntodincontro\"},\"image\":{\"@id\":\"https:\/\/puntodincontro.mx\/#\/schema\/logo\/image\/\"},\"sameAs\":[\"https:\/\/www.facebook.com\/puntodincontro.mx\",\"https:\/\/x.com\/puntodincontro\",\"https:\/\/www.instagram.com\/puntodincontro.mx\/\",\"https:\/\/www.linkedin.com\/company\/puntodincontro\/\",\"https:\/\/www.youtube.com\/c\/puntodincontromessico\",\"https:\/\/www.patreon.com\/puntodincontro\",\"https:\/\/www.threads.net\/@puntodincontro.mx\"]},{\"@type\":\"Person\",\"@id\":\"https:\/\/puntodincontro.mx\/#\/schema\/person\/d3066d18a16259cbb0c29b0d0e93b556\",\"name\":\"Puntodincontro\",\"image\":{\"@type\":\"ImageObject\",\"inLanguage\":\"es\",\"@id\":\"https:\/\/puntodincontro.mx\/#\/schema\/person\/image\/\",\"url\":\"https:\/\/secure.gravatar.com\/avatar\/0e85b4b3b5e9d6bfcec6a4956d8cc63a?s=96&d=mm&r=g\",\"contentUrl\":\"https:\/\/secure.gravatar.com\/avatar\/0e85b4b3b5e9d6bfcec6a4956d8cc63a?s=96&d=mm&r=g\",\"caption\":\"Puntodincontro\"},\"url\":\"https:\/\/puntodincontro.mx\/es\/author\/puntodincontro\/\"}]}<\/script>\n<!-- \/ Yoast SEO Premium plugin. -->","yoast_head_json":{"title":"M\u00e9xico e Italia entre los pa\u00edses que m\u00e1s temen el cambio clim\u00e1tico","description":"I Paesi membri dell'OCSE che temono maggiormente le conseguenze causate dai cambiamenti climatici sono il Messico, l'Italia e la Spagna.","robots":{"index":"index","follow":"follow","max-snippet":"max-snippet:-1","max-image-preview":"max-image-preview:large","max-video-preview":"max-video-preview:-1"},"canonical":"https:\/\/puntodincontro.mx\/es\/2023\/11\/06\/mexico-e-italia-entre-los-paises-que-mas-temen-el-cambio-climatico\/","og_locale":"es_MX","og_type":"article","og_title":"Il Messico e l'Italia tra i Paesi che pi\u00f9 temono i cambiamenti climatici","og_description":"I Paesi membri dell'OCSE che temono maggiormente le conseguenze causate dai cambiamenti climatici sono il Messico, l'Italia e la Spagna.","og_url":"https:\/\/puntodincontro.mx\/es\/2023\/11\/06\/mexico-e-italia-entre-los-paises-que-mas-temen-el-cambio-climatico\/","og_site_name":"Puntodincontro","article_publisher":"https:\/\/www.facebook.com\/puntodincontro.mx","article_published_time":"2023-11-06T21:59:24+00:00","article_modified_time":"2023-11-06T22:00:22+00:00","og_image":[{"width":932,"height":488,"url":"https:\/\/puntodincontro.mx\/wp-content\/uploads\/2023\/11\/uraganootiscomp.jpg","type":"image\/jpeg"}],"author":"Puntodincontro","twitter_card":"summary_large_image","twitter_creator":"@puntodincontro","twitter_site":"@puntodincontro","twitter_misc":{"Escrito por":"Puntodincontro","Tiempo de lectura":"1 minuto"},"schema":{"@context":"https:\/\/schema.org","@graph":[{"@type":"NewsArticle","@id":"https:\/\/puntodincontro.mx\/2023\/11\/06\/il-messico-e-litalia-tra-i-paesi-che-piu-temono-i-cambiamenti-climatici\/#article","isPartOf":{"@id":"https:\/\/puntodincontro.mx\/2023\/11\/06\/il-messico-e-litalia-tra-i-paesi-che-piu-temono-i-cambiamenti-climatici\/"},"author":{"name":"Puntodincontro","@id":"https:\/\/puntodincontro.mx\/#\/schema\/person\/d3066d18a16259cbb0c29b0d0e93b556"},"headline":"Il Messico e l&#8217;Italia tra i Paesi che pi\u00f9 temono i cambiamenti climatici","datePublished":"2023-11-06T21:59:24+00:00","dateModified":"2023-11-06T22:00:22+00:00","mainEntityOfPage":{"@id":"https:\/\/puntodincontro.mx\/2023\/11\/06\/il-messico-e-litalia-tra-i-paesi-che-piu-temono-i-cambiamenti-climatici\/"},"wordCount":315,"commentCount":0,"publisher":{"@id":"https:\/\/puntodincontro.mx\/#organization"},"image":{"@id":"https:\/\/puntodincontro.mx\/2023\/11\/06\/il-messico-e-litalia-tra-i-paesi-che-piu-temono-i-cambiamenti-climatici\/#primaryimage"},"thumbnailUrl":"https:\/\/puntodincontro.mx\/wp-content\/uploads\/2023\/11\/uraganootisvert.webp","articleSection":["Cronaca"],"inLanguage":"es","potentialAction":[{"@type":"CommentAction","name":"Comment","target":["https:\/\/puntodincontro.mx\/2023\/11\/06\/il-messico-e-litalia-tra-i-paesi-che-piu-temono-i-cambiamenti-climatici\/#respond"]}]},{"@type":"WebPage","@id":"https:\/\/puntodincontro.mx\/2023\/11\/06\/il-messico-e-litalia-tra-i-paesi-che-piu-temono-i-cambiamenti-climatici\/","url":"https:\/\/puntodincontro.mx\/2023\/11\/06\/il-messico-e-litalia-tra-i-paesi-che-piu-temono-i-cambiamenti-climatici\/","name":"M\u00e9xico e Italia entre los pa\u00edses que m\u00e1s temen el cambio clim\u00e1tico","isPartOf":{"@id":"https:\/\/puntodincontro.mx\/#website"},"primaryImageOfPage":{"@id":"https:\/\/puntodincontro.mx\/2023\/11\/06\/il-messico-e-litalia-tra-i-paesi-che-piu-temono-i-cambiamenti-climatici\/#primaryimage"},"image":{"@id":"https:\/\/puntodincontro.mx\/2023\/11\/06\/il-messico-e-litalia-tra-i-paesi-che-piu-temono-i-cambiamenti-climatici\/#primaryimage"},"thumbnailUrl":"https:\/\/puntodincontro.mx\/wp-content\/uploads\/2023\/11\/uraganootisvert.webp","datePublished":"2023-11-06T21:59:24+00:00","dateModified":"2023-11-06T22:00:22+00:00","description":"I Paesi membri dell'OCSE che temono maggiormente le conseguenze causate dai cambiamenti climatici sono il Messico, l'Italia e la Spagna.","breadcrumb":{"@id":"https:\/\/puntodincontro.mx\/2023\/11\/06\/il-messico-e-litalia-tra-i-paesi-che-piu-temono-i-cambiamenti-climatici\/#breadcrumb"},"inLanguage":"es","potentialAction":[{"@type":"ReadAction","target":["https:\/\/puntodincontro.mx\/2023\/11\/06\/il-messico-e-litalia-tra-i-paesi-che-piu-temono-i-cambiamenti-climatici\/"]}]},{"@type":"ImageObject","inLanguage":"es","@id":"https:\/\/puntodincontro.mx\/2023\/11\/06\/il-messico-e-litalia-tra-i-paesi-che-piu-temono-i-cambiamenti-climatici\/#primaryimage","url":"https:\/\/puntodincontro.mx\/wp-content\/uploads\/2023\/11\/uraganootisvert.webp","contentUrl":"https:\/\/puntodincontro.mx\/wp-content\/uploads\/2023\/11\/uraganootisvert.webp","width":423,"height":488,"caption":"Il Messico e l'Italia tra i Paesi che pi\u00f9 temono i cambiamenti climatici \/ Foto: ABI imagery from NOAA's GOES-16 Satellite"},{"@type":"BreadcrumbList","@id":"https:\/\/puntodincontro.mx\/2023\/11\/06\/il-messico-e-litalia-tra-i-paesi-che-piu-temono-i-cambiamenti-climatici\/#breadcrumb","itemListElement":[{"@type":"ListItem","position":1,"name":"Home","item":"https:\/\/puntodincontro.mx\/"},{"@type":"ListItem","position":2,"name":"Il Messico e l&#8217;Italia tra i Paesi che pi\u00f9 temono i cambiamenti climatici"}]},{"@type":"WebSite","@id":"https:\/\/puntodincontro.mx\/#website","url":"https:\/\/puntodincontro.mx\/","name":"Puntodincontro","description":"Desde el 2006 noticias sobre las relaciones entre Italia y M\u00e9xico \/ Dal 2006 notizie sui rapporti Italia-Messico","publisher":{"@id":"https:\/\/puntodincontro.mx\/#organization"},"potentialAction":[{"@type":"SearchAction","target":{"@type":"EntryPoint","urlTemplate":"https:\/\/puntodincontro.mx\/?s={search_term_string}"},"query-input":{"@type":"PropertyValueSpecification","valueRequired":true,"valueName":"search_term_string"}}],"inLanguage":"es"},{"@type":"Organization","@id":"https:\/\/puntodincontro.mx\/#organization","name":"Puntodincontro","url":"https:\/\/puntodincontro.mx\/","logo":{"@type":"ImageObject","inLanguage":"es","@id":"https:\/\/puntodincontro.mx\/#\/schema\/logo\/image\/","url":"https:\/\/puntodincontro.mx\/wp-content\/uploads\/2021\/08\/Default-image-for-open-graph-settings.jpg","contentUrl":"https:\/\/puntodincontro.mx\/wp-content\/uploads\/2021\/08\/Default-image-for-open-graph-settings.jpg","width":1200,"height":630,"caption":"Puntodincontro"},"image":{"@id":"https:\/\/puntodincontro.mx\/#\/schema\/logo\/image\/"},"sameAs":["https:\/\/www.facebook.com\/puntodincontro.mx","https:\/\/x.com\/puntodincontro","https:\/\/www.instagram.com\/puntodincontro.mx\/","https:\/\/www.linkedin.com\/company\/puntodincontro\/","https:\/\/www.youtube.com\/c\/puntodincontromessico","https:\/\/www.patreon.com\/puntodincontro","https:\/\/www.threads.net\/@puntodincontro.mx"]},{"@type":"Person","@id":"https:\/\/puntodincontro.mx\/#\/schema\/person\/d3066d18a16259cbb0c29b0d0e93b556","name":"Puntodincontro","image":{"@type":"ImageObject","inLanguage":"es","@id":"https:\/\/puntodincontro.mx\/#\/schema\/person\/image\/","url":"https:\/\/secure.gravatar.com\/avatar\/0e85b4b3b5e9d6bfcec6a4956d8cc63a?s=96&d=mm&r=g","contentUrl":"https:\/\/secure.gravatar.com\/avatar\/0e85b4b3b5e9d6bfcec6a4956d8cc63a?s=96&d=mm&r=g","caption":"Puntodincontro"},"url":"https:\/\/puntodincontro.mx\/es\/author\/puntodincontro\/"}]}},"_links":{"self":[{"href":"https:\/\/puntodincontro.mx\/es\/wp-json\/wp\/v2\/posts\/16351"}],"collection":[{"href":"https:\/\/puntodincontro.mx\/es\/wp-json\/wp\/v2\/posts"}],"about":[{"href":"https:\/\/puntodincontro.mx\/es\/wp-json\/wp\/v2\/types\/post"}],"author":[{"embeddable":true,"href":"https:\/\/puntodincontro.mx\/es\/wp-json\/wp\/v2\/users\/2"}],"replies":[{"embeddable":true,"href":"https:\/\/puntodincontro.mx\/es\/wp-json\/wp\/v2\/comments?post=16351"}],"version-history":[{"count":6,"href":"https:\/\/puntodincontro.mx\/es\/wp-json\/wp\/v2\/posts\/16351\/revisions"}],"predecessor-version":[{"id":16360,"href":"https:\/\/puntodincontro.mx\/es\/wp-json\/wp\/v2\/posts\/16351\/revisions\/16360"}],"wp:featuredmedia":[{"embeddable":true,"href":"https:\/\/puntodincontro.mx\/es\/wp-json\/wp\/v2\/media\/16357"}],"wp:attachment":[{"href":"https:\/\/puntodincontro.mx\/es\/wp-json\/wp\/v2\/media?parent=16351"}],"wp:term":[{"taxonomy":"category","embeddable":true,"href":"https:\/\/puntodincontro.mx\/es\/wp-json\/wp\/v2\/categories?post=16351"},{"taxonomy":"post_tag","embeddable":true,"href":"https:\/\/puntodincontro.mx\/es\/wp-json\/wp\/v2\/tags?post=16351"}],"curies":[{"name":"wp","href":"https:\/\/api.w.org\/{rel}","templated":true}]}}