{"id":16427,"date":"2023-11-08T11:31:47","date_gmt":"2023-11-08T17:31:47","guid":{"rendered":"https:\/\/puntodincontro.mx\/?p=16427"},"modified":"2023-11-08T12:45:12","modified_gmt":"2023-11-08T18:45:12","slug":"en-la-ciudad-de-mexico-se-acerca-la-edicion-2023-del-mercatino-di-natale","status":"publish","type":"post","link":"https:\/\/puntodincontro.mx\/es\/2023\/11\/08\/a-citta-del-messico-si-avvicina-ledizione-2023-del-mercatino-di-natale\/","title":{"rendered":"En la Ciudad de M\u00e9xico se acerca la edici\u00f3n 2023 del \u201cMercatino di Natale\u201d"},"content":{"rendered":"<p class=\"translation-block\"><strong>10:59 hrs.<\/strong> - Los d\u00edas s\u00e1bado 25 y domingo 26 de noviembre se llevar\u00e1 a cabo en el Instituto Italiano de Cultura de la Ciudad de M\u00e9xico el tradicional <em>Mercatino di Natale<\/em> organizado por la Asociaci\u00f3n Italiana de Asistencia.<\/p>\n\n\n\n<p>En esta ocasi\u00f3n, como en a\u00f1os recientes, el evento ser\u00e1 tambi\u00e9n el marco de un festival gastron\u00f3mico en el que se ofrecer\u00e1n productos de la enogastronom\u00eda y platillos regionales del Bel Paese preparados por reconocidos restaurantes.<\/p>\n\n\n\n<p>El p\u00fablico \u2014que podr\u00e1 ingresar gratuitamente durante ambos d\u00edas de 11 a 18:30 hrs.\u2014 tendr\u00e1 la posibilidad de adquirir objetos de artesan\u00eda, bolsas, ropa, joyer\u00eda, y varios otros regalos navide\u00f1os, adem\u00e1s de una gran variedad de vinos, vinos espumosos y especialidades.<\/p>\n\n\n\n<p class=\"translation-block\">Habr\u00e1 actividades para ni\u00f1os \u2014con la presencia de Santa Claus, cuentacuentos y fabricaci\u00f3n de t\u00edteres\u2014 y el domingo 26 a las 15.30 horas se llevar\u00e1 a cabo un concierto protagonizado por el grupo <em>Accento italiano<\/em> encabezado por Giovanni Buzzurro.<\/p>\n\n\n\n<p>Todos los fondos recaudados ser\u00e1n utilizados para mejorar la calidad de vida de familias que se encuentran en situaci\u00f3n de dificultad, con base en los lineamientos que gu\u00edan la actividad de la Asociaci\u00f3n Italiana de Asistencia, una de las m\u00e1s antiguas instituciones del Bel Paese que operan en territorio mexicano.<\/p>\n\n\n\n<p>La tradici\u00f3n de los <em>Mercatini<\/em> navide\u00f1os se remonta en Europa a \u00e9pocas en las que no era posible comprar en los grandes centros comerciales, por lo que era habitual esperar los grandes eventos y ferias que se celebraban en determinadas \u00e9pocas del a\u00f1o, como el Adviento.<\/p>\n\n\n\n<p>Su nacimiento parece remontarse al siglo XV, en los territorios entre Alemania y Alsacia. Algunas fuentes hist\u00f3ricas identifican las primeras instalaciones de este tipo en Estrasburgo, Dresde y Nuremberg.<\/p>\n\n\n\n<p>La tradici\u00f3n lleg\u00f3 a Italia mucho m\u00e1s recientemente, hace unos treinta a\u00f1os, cuando los organizadores del Christkindlmarkt de Nuremberg decidieron crear una edici\u00f3n en Bolzano.<\/p>\n\n\n\n<p>Hoy la costumbre de los mercados navide\u00f1os est\u00e1 muy extendida en toda Europa y \u2014tal y como suceder\u00e1 en el IIC de la Ciudad de M\u00e9xico\u2014paseando entre sus puestos es posible encontrar productos artesanales y especialidades gastron\u00f3micas t\u00edpicas.<\/p>\n\n\n\n<p class=\"has-small-font-size\">Immagine: AIA &#8211; Puntodincontro<\/p>\n\n\n\n<div style=\"height:12px\" aria-hidden=\"true\" class=\"wp-block-spacer\"><\/div>\n\n\n\n\n\n<div style=\"height:12px\" aria-hidden=\"true\" class=\"wp-block-spacer\"><\/div>","protected":false},"excerpt":{"rendered":"<p>Ore 10.59 &#8211; Sabato 25 e domenica 26 novembre si svolger\u00e0 presso l&#8217;Istituto Italiano di Cultura (IIC) di Citt\u00e0 del Messico il tradizionale Mercatino di Natale organizzato dall&#8217;Associazione Italiana Assistenza. In questa occasione, come negli scorsi anni, l&#8217;evento sar\u00e0 anche la cornice di una kermesse gastronomica in cui verranno proposti prodotti alimentari e piatti regionali del Bel Paese preparati da rinomati ristoranti. Il pubblico \u2014che potr\u00e0 entrare gratuitamente in entrambe le giornate dalle 11.00 alle 18.30\u2014 avr\u00e0 la possibilit\u00e0 di acquistare oggetti di artigianato, borse, abbigliamento, gioielli e vari altri regali natalizi, oltre ad un&#8217;ampia variet\u00e0 di vini, spumanti e&#8230; <\/p>","protected":false},"author":2,"featured_media":16432,"comment_status":"open","ping_status":"open","sticky":false,"template":"","format":"standard","meta":{"_monsterinsights_skip_tracking":false,"_monsterinsights_sitenote_active":false,"_monsterinsights_sitenote_note":"","_monsterinsights_sitenote_category":0,"footnotes":""},"categories":[4],"tags":[],"class_list":["post-16427","post","type-post","status-publish","format-standard","has-post-thumbnail","hentry","category-italia-in-messico"],"yoast_head":"<!-- This site is optimized with the Yoast SEO Premium plugin v18.4 (Yoast SEO v25.6) - https:\/\/yoast.com\/wordpress\/plugins\/seo\/ -->\n<title>Messico, si avvicina l&#039;edizione 2023 del Mercatino di Natale<\/title>\n<meta name=\"description\" content=\"Il 25 e 26 novembre si svolger\u00e0 all&#039;Istituto Italiano di Cultura il tradizionale Mercatino di Natale dell&#039;Associazione Italiana Assistenza.\" \/>\n<meta name=\"robots\" content=\"index, follow, max-snippet:-1, max-image-preview:large, max-video-preview:-1\" \/>\n<link rel=\"canonical\" href=\"https:\/\/puntodincontro.mx\/es\/2023\/11\/08\/en-la-ciudad-de-mexico-se-acerca-la-edicion-2023-del-mercatino-di-natale\/\" \/>\n<meta property=\"og:locale\" content=\"es_MX\" \/>\n<meta property=\"og:type\" content=\"article\" \/>\n<meta property=\"og:title\" content=\"A Citt\u00e0 del Messico si avvicina l&#039;edizione 2023 del Mercatino di Natale\" \/>\n<meta property=\"og:description\" content=\"Il 25 e 26 novembre si svolger\u00e0 all&#039;Istituto Italiano di Cultura il tradizionale Mercatino di Natale dell&#039;Associazione Italiana Assistenza.\" \/>\n<meta property=\"og:url\" content=\"https:\/\/puntodincontro.mx\/es\/2023\/11\/08\/en-la-ciudad-de-mexico-se-acerca-la-edicion-2023-del-mercatino-di-natale\/\" \/>\n<meta property=\"og:site_name\" content=\"Puntodincontro\" \/>\n<meta property=\"article:publisher\" content=\"https:\/\/www.facebook.com\/puntodincontro.mx\" \/>\n<meta property=\"article:published_time\" content=\"2023-11-08T17:31:47+00:00\" \/>\n<meta property=\"article:modified_time\" content=\"2023-11-08T18:45:12+00:00\" \/>\n<meta property=\"og:image\" content=\"https:\/\/puntodincontro.mx\/wp-content\/uploads\/2023\/11\/mercatinodinatalecomp.jpg\" \/>\n\t<meta property=\"og:image:width\" content=\"932\" \/>\n\t<meta property=\"og:image:height\" content=\"488\" \/>\n\t<meta property=\"og:image:type\" content=\"image\/jpeg\" \/>\n<meta name=\"author\" content=\"Puntodincontro\" \/>\n<meta name=\"twitter:card\" content=\"summary_large_image\" \/>\n<meta name=\"twitter:creator\" content=\"@puntodincontro\" \/>\n<meta name=\"twitter:site\" content=\"@puntodincontro\" \/>\n<meta name=\"twitter:label1\" content=\"Escrito por\" \/>\n\t<meta name=\"twitter:data1\" content=\"Puntodincontro\" \/>\n\t<meta name=\"twitter:label2\" content=\"Tiempo de lectura\" \/>\n\t<meta name=\"twitter:data2\" content=\"2 minutos\" \/>\n<script type=\"application\/ld+json\" class=\"yoast-schema-graph\">{\"@context\":\"https:\/\/schema.org\",\"@graph\":[{\"@type\":\"NewsArticle\",\"@id\":\"https:\/\/puntodincontro.mx\/2023\/11\/08\/a-citta-del-messico-si-avvicina-ledizione-2023-del-mercatino-di-natale\/#article\",\"isPartOf\":{\"@id\":\"https:\/\/puntodincontro.mx\/2023\/11\/08\/a-citta-del-messico-si-avvicina-ledizione-2023-del-mercatino-di-natale\/\"},\"author\":{\"name\":\"Puntodincontro\",\"@id\":\"https:\/\/puntodincontro.mx\/#\/schema\/person\/d3066d18a16259cbb0c29b0d0e93b556\"},\"headline\":\"A Citt\u00e0 del Messico si avvicina l&#8217;edizione 2023 del Mercatino di Natale\",\"datePublished\":\"2023-11-08T17:31:47+00:00\",\"dateModified\":\"2023-11-08T18:45:12+00:00\",\"mainEntityOfPage\":{\"@id\":\"https:\/\/puntodincontro.mx\/2023\/11\/08\/a-citta-del-messico-si-avvicina-ledizione-2023-del-mercatino-di-natale\/\"},\"wordCount\":329,\"commentCount\":0,\"publisher\":{\"@id\":\"https:\/\/puntodincontro.mx\/#organization\"},\"image\":{\"@id\":\"https:\/\/puntodincontro.mx\/2023\/11\/08\/a-citta-del-messico-si-avvicina-ledizione-2023-del-mercatino-di-natale\/#primaryimage\"},\"thumbnailUrl\":\"https:\/\/puntodincontro.mx\/wp-content\/uploads\/2023\/11\/mercatinodinatalevert.webp\",\"articleSection\":[\"Italia in Messico\"],\"inLanguage\":\"es\",\"potentialAction\":[{\"@type\":\"CommentAction\",\"name\":\"Comment\",\"target\":[\"https:\/\/puntodincontro.mx\/2023\/11\/08\/a-citta-del-messico-si-avvicina-ledizione-2023-del-mercatino-di-natale\/#respond\"]}]},{\"@type\":\"WebPage\",\"@id\":\"https:\/\/puntodincontro.mx\/2023\/11\/08\/a-citta-del-messico-si-avvicina-ledizione-2023-del-mercatino-di-natale\/\",\"url\":\"https:\/\/puntodincontro.mx\/2023\/11\/08\/a-citta-del-messico-si-avvicina-ledizione-2023-del-mercatino-di-natale\/\",\"name\":\"Messico, si avvicina l'edizione 2023 del Mercatino di Natale\",\"isPartOf\":{\"@id\":\"https:\/\/puntodincontro.mx\/#website\"},\"primaryImageOfPage\":{\"@id\":\"https:\/\/puntodincontro.mx\/2023\/11\/08\/a-citta-del-messico-si-avvicina-ledizione-2023-del-mercatino-di-natale\/#primaryimage\"},\"image\":{\"@id\":\"https:\/\/puntodincontro.mx\/2023\/11\/08\/a-citta-del-messico-si-avvicina-ledizione-2023-del-mercatino-di-natale\/#primaryimage\"},\"thumbnailUrl\":\"https:\/\/puntodincontro.mx\/wp-content\/uploads\/2023\/11\/mercatinodinatalevert.webp\",\"datePublished\":\"2023-11-08T17:31:47+00:00\",\"dateModified\":\"2023-11-08T18:45:12+00:00\",\"description\":\"Il 25 e 26 novembre si svolger\u00e0 all'Istituto Italiano di Cultura il tradizionale Mercatino di Natale dell'Associazione Italiana Assistenza.\",\"breadcrumb\":{\"@id\":\"https:\/\/puntodincontro.mx\/2023\/11\/08\/a-citta-del-messico-si-avvicina-ledizione-2023-del-mercatino-di-natale\/#breadcrumb\"},\"inLanguage\":\"es\",\"potentialAction\":[{\"@type\":\"ReadAction\",\"target\":[\"https:\/\/puntodincontro.mx\/2023\/11\/08\/a-citta-del-messico-si-avvicina-ledizione-2023-del-mercatino-di-natale\/\"]}]},{\"@type\":\"ImageObject\",\"inLanguage\":\"es\",\"@id\":\"https:\/\/puntodincontro.mx\/2023\/11\/08\/a-citta-del-messico-si-avvicina-ledizione-2023-del-mercatino-di-natale\/#primaryimage\",\"url\":\"https:\/\/puntodincontro.mx\/wp-content\/uploads\/2023\/11\/mercatinodinatalevert.webp\",\"contentUrl\":\"https:\/\/puntodincontro.mx\/wp-content\/uploads\/2023\/11\/mercatinodinatalevert.webp\",\"width\":423,\"height\":488,\"caption\":\"A Citt\u00e0 del Messico si avvicina l'edizione 2023 del Mercatino di Natale \/ Immagine: AIA - Puntodincontro\"},{\"@type\":\"BreadcrumbList\",\"@id\":\"https:\/\/puntodincontro.mx\/2023\/11\/08\/a-citta-del-messico-si-avvicina-ledizione-2023-del-mercatino-di-natale\/#breadcrumb\",\"itemListElement\":[{\"@type\":\"ListItem\",\"position\":1,\"name\":\"Home\",\"item\":\"https:\/\/puntodincontro.mx\/\"},{\"@type\":\"ListItem\",\"position\":2,\"name\":\"A Citt\u00e0 del Messico si avvicina l&#8217;edizione 2023 del Mercatino di Natale\"}]},{\"@type\":\"WebSite\",\"@id\":\"https:\/\/puntodincontro.mx\/#website\",\"url\":\"https:\/\/puntodincontro.mx\/\",\"name\":\"Puntodincontro\",\"description\":\"Dal 2006 notizie sui rapporti Italia-Messico \/ Desde 2006 noticias sobre las relaciones entre Italia y M\u00e9xico\",\"publisher\":{\"@id\":\"https:\/\/puntodincontro.mx\/#organization\"},\"potentialAction\":[{\"@type\":\"SearchAction\",\"target\":{\"@type\":\"EntryPoint\",\"urlTemplate\":\"https:\/\/puntodincontro.mx\/?s={search_term_string}\"},\"query-input\":{\"@type\":\"PropertyValueSpecification\",\"valueRequired\":true,\"valueName\":\"search_term_string\"}}],\"inLanguage\":\"es\"},{\"@type\":\"Organization\",\"@id\":\"https:\/\/puntodincontro.mx\/#organization\",\"name\":\"Puntodincontro\",\"url\":\"https:\/\/puntodincontro.mx\/\",\"logo\":{\"@type\":\"ImageObject\",\"inLanguage\":\"es\",\"@id\":\"https:\/\/puntodincontro.mx\/#\/schema\/logo\/image\/\",\"url\":\"https:\/\/puntodincontro.mx\/wp-content\/uploads\/2021\/08\/Default-image-for-open-graph-settings.jpg\",\"contentUrl\":\"https:\/\/puntodincontro.mx\/wp-content\/uploads\/2021\/08\/Default-image-for-open-graph-settings.jpg\",\"width\":1200,\"height\":630,\"caption\":\"Puntodincontro\"},\"image\":{\"@id\":\"https:\/\/puntodincontro.mx\/#\/schema\/logo\/image\/\"},\"sameAs\":[\"https:\/\/www.facebook.com\/puntodincontro.mx\",\"https:\/\/x.com\/puntodincontro\",\"https:\/\/www.instagram.com\/puntodincontro.mx\/\",\"https:\/\/www.linkedin.com\/company\/puntodincontro\/\",\"https:\/\/www.youtube.com\/c\/puntodincontromessico\",\"https:\/\/www.patreon.com\/puntodincontro\",\"https:\/\/www.threads.net\/@puntodincontro.mx\"]},{\"@type\":\"Person\",\"@id\":\"https:\/\/puntodincontro.mx\/#\/schema\/person\/d3066d18a16259cbb0c29b0d0e93b556\",\"name\":\"Puntodincontro\",\"image\":{\"@type\":\"ImageObject\",\"inLanguage\":\"es\",\"@id\":\"https:\/\/puntodincontro.mx\/#\/schema\/person\/image\/\",\"url\":\"https:\/\/secure.gravatar.com\/avatar\/0e85b4b3b5e9d6bfcec6a4956d8cc63a?s=96&d=mm&r=g\",\"contentUrl\":\"https:\/\/secure.gravatar.com\/avatar\/0e85b4b3b5e9d6bfcec6a4956d8cc63a?s=96&d=mm&r=g\",\"caption\":\"Puntodincontro\"},\"url\":\"https:\/\/puntodincontro.mx\/es\/author\/puntodincontro\/\"}]}<\/script>\n<!-- \/ Yoast SEO Premium plugin. -->","yoast_head_json":{"title":"Messico, si avvicina l'edizione 2023 del Mercatino di Natale","description":"Il 25 e 26 novembre si svolger\u00e0 all'Istituto Italiano di Cultura il tradizionale Mercatino di Natale dell'Associazione Italiana Assistenza.","robots":{"index":"index","follow":"follow","max-snippet":"max-snippet:-1","max-image-preview":"max-image-preview:large","max-video-preview":"max-video-preview:-1"},"canonical":"https:\/\/puntodincontro.mx\/es\/2023\/11\/08\/en-la-ciudad-de-mexico-se-acerca-la-edicion-2023-del-mercatino-di-natale\/","og_locale":"es_MX","og_type":"article","og_title":"A Citt\u00e0 del Messico si avvicina l'edizione 2023 del Mercatino di Natale","og_description":"Il 25 e 26 novembre si svolger\u00e0 all'Istituto Italiano di Cultura il tradizionale Mercatino di Natale dell'Associazione Italiana Assistenza.","og_url":"https:\/\/puntodincontro.mx\/es\/2023\/11\/08\/en-la-ciudad-de-mexico-se-acerca-la-edicion-2023-del-mercatino-di-natale\/","og_site_name":"Puntodincontro","article_publisher":"https:\/\/www.facebook.com\/puntodincontro.mx","article_published_time":"2023-11-08T17:31:47+00:00","article_modified_time":"2023-11-08T18:45:12+00:00","og_image":[{"width":932,"height":488,"url":"https:\/\/puntodincontro.mx\/wp-content\/uploads\/2023\/11\/mercatinodinatalecomp.jpg","type":"image\/jpeg"}],"author":"Puntodincontro","twitter_card":"summary_large_image","twitter_creator":"@puntodincontro","twitter_site":"@puntodincontro","twitter_misc":{"Escrito por":"Puntodincontro","Tiempo de lectura":"2 minutos"},"schema":{"@context":"https:\/\/schema.org","@graph":[{"@type":"NewsArticle","@id":"https:\/\/puntodincontro.mx\/2023\/11\/08\/a-citta-del-messico-si-avvicina-ledizione-2023-del-mercatino-di-natale\/#article","isPartOf":{"@id":"https:\/\/puntodincontro.mx\/2023\/11\/08\/a-citta-del-messico-si-avvicina-ledizione-2023-del-mercatino-di-natale\/"},"author":{"name":"Puntodincontro","@id":"https:\/\/puntodincontro.mx\/#\/schema\/person\/d3066d18a16259cbb0c29b0d0e93b556"},"headline":"A Citt\u00e0 del Messico si avvicina l&#8217;edizione 2023 del Mercatino di Natale","datePublished":"2023-11-08T17:31:47+00:00","dateModified":"2023-11-08T18:45:12+00:00","mainEntityOfPage":{"@id":"https:\/\/puntodincontro.mx\/2023\/11\/08\/a-citta-del-messico-si-avvicina-ledizione-2023-del-mercatino-di-natale\/"},"wordCount":329,"commentCount":0,"publisher":{"@id":"https:\/\/puntodincontro.mx\/#organization"},"image":{"@id":"https:\/\/puntodincontro.mx\/2023\/11\/08\/a-citta-del-messico-si-avvicina-ledizione-2023-del-mercatino-di-natale\/#primaryimage"},"thumbnailUrl":"https:\/\/puntodincontro.mx\/wp-content\/uploads\/2023\/11\/mercatinodinatalevert.webp","articleSection":["Italia in Messico"],"inLanguage":"es","potentialAction":[{"@type":"CommentAction","name":"Comment","target":["https:\/\/puntodincontro.mx\/2023\/11\/08\/a-citta-del-messico-si-avvicina-ledizione-2023-del-mercatino-di-natale\/#respond"]}]},{"@type":"WebPage","@id":"https:\/\/puntodincontro.mx\/2023\/11\/08\/a-citta-del-messico-si-avvicina-ledizione-2023-del-mercatino-di-natale\/","url":"https:\/\/puntodincontro.mx\/2023\/11\/08\/a-citta-del-messico-si-avvicina-ledizione-2023-del-mercatino-di-natale\/","name":"Messico, si avvicina l'edizione 2023 del Mercatino di Natale","isPartOf":{"@id":"https:\/\/puntodincontro.mx\/#website"},"primaryImageOfPage":{"@id":"https:\/\/puntodincontro.mx\/2023\/11\/08\/a-citta-del-messico-si-avvicina-ledizione-2023-del-mercatino-di-natale\/#primaryimage"},"image":{"@id":"https:\/\/puntodincontro.mx\/2023\/11\/08\/a-citta-del-messico-si-avvicina-ledizione-2023-del-mercatino-di-natale\/#primaryimage"},"thumbnailUrl":"https:\/\/puntodincontro.mx\/wp-content\/uploads\/2023\/11\/mercatinodinatalevert.webp","datePublished":"2023-11-08T17:31:47+00:00","dateModified":"2023-11-08T18:45:12+00:00","description":"Il 25 e 26 novembre si svolger\u00e0 all'Istituto Italiano di Cultura il tradizionale Mercatino di Natale dell'Associazione Italiana Assistenza.","breadcrumb":{"@id":"https:\/\/puntodincontro.mx\/2023\/11\/08\/a-citta-del-messico-si-avvicina-ledizione-2023-del-mercatino-di-natale\/#breadcrumb"},"inLanguage":"es","potentialAction":[{"@type":"ReadAction","target":["https:\/\/puntodincontro.mx\/2023\/11\/08\/a-citta-del-messico-si-avvicina-ledizione-2023-del-mercatino-di-natale\/"]}]},{"@type":"ImageObject","inLanguage":"es","@id":"https:\/\/puntodincontro.mx\/2023\/11\/08\/a-citta-del-messico-si-avvicina-ledizione-2023-del-mercatino-di-natale\/#primaryimage","url":"https:\/\/puntodincontro.mx\/wp-content\/uploads\/2023\/11\/mercatinodinatalevert.webp","contentUrl":"https:\/\/puntodincontro.mx\/wp-content\/uploads\/2023\/11\/mercatinodinatalevert.webp","width":423,"height":488,"caption":"A Citt\u00e0 del Messico si avvicina l'edizione 2023 del Mercatino di Natale \/ Immagine: AIA - Puntodincontro"},{"@type":"BreadcrumbList","@id":"https:\/\/puntodincontro.mx\/2023\/11\/08\/a-citta-del-messico-si-avvicina-ledizione-2023-del-mercatino-di-natale\/#breadcrumb","itemListElement":[{"@type":"ListItem","position":1,"name":"Home","item":"https:\/\/puntodincontro.mx\/"},{"@type":"ListItem","position":2,"name":"A Citt\u00e0 del Messico si avvicina l&#8217;edizione 2023 del Mercatino di Natale"}]},{"@type":"WebSite","@id":"https:\/\/puntodincontro.mx\/#website","url":"https:\/\/puntodincontro.mx\/","name":"Puntodincontro","description":"Desde el 2006 noticias sobre las relaciones entre Italia y M\u00e9xico \/ Dal 2006 notizie sui rapporti Italia-Messico","publisher":{"@id":"https:\/\/puntodincontro.mx\/#organization"},"potentialAction":[{"@type":"SearchAction","target":{"@type":"EntryPoint","urlTemplate":"https:\/\/puntodincontro.mx\/?s={search_term_string}"},"query-input":{"@type":"PropertyValueSpecification","valueRequired":true,"valueName":"search_term_string"}}],"inLanguage":"es"},{"@type":"Organization","@id":"https:\/\/puntodincontro.mx\/#organization","name":"Puntodincontro","url":"https:\/\/puntodincontro.mx\/","logo":{"@type":"ImageObject","inLanguage":"es","@id":"https:\/\/puntodincontro.mx\/#\/schema\/logo\/image\/","url":"https:\/\/puntodincontro.mx\/wp-content\/uploads\/2021\/08\/Default-image-for-open-graph-settings.jpg","contentUrl":"https:\/\/puntodincontro.mx\/wp-content\/uploads\/2021\/08\/Default-image-for-open-graph-settings.jpg","width":1200,"height":630,"caption":"Puntodincontro"},"image":{"@id":"https:\/\/puntodincontro.mx\/#\/schema\/logo\/image\/"},"sameAs":["https:\/\/www.facebook.com\/puntodincontro.mx","https:\/\/x.com\/puntodincontro","https:\/\/www.instagram.com\/puntodincontro.mx\/","https:\/\/www.linkedin.com\/company\/puntodincontro\/","https:\/\/www.youtube.com\/c\/puntodincontromessico","https:\/\/www.patreon.com\/puntodincontro","https:\/\/www.threads.net\/@puntodincontro.mx"]},{"@type":"Person","@id":"https:\/\/puntodincontro.mx\/#\/schema\/person\/d3066d18a16259cbb0c29b0d0e93b556","name":"Puntodincontro","image":{"@type":"ImageObject","inLanguage":"es","@id":"https:\/\/puntodincontro.mx\/#\/schema\/person\/image\/","url":"https:\/\/secure.gravatar.com\/avatar\/0e85b4b3b5e9d6bfcec6a4956d8cc63a?s=96&d=mm&r=g","contentUrl":"https:\/\/secure.gravatar.com\/avatar\/0e85b4b3b5e9d6bfcec6a4956d8cc63a?s=96&d=mm&r=g","caption":"Puntodincontro"},"url":"https:\/\/puntodincontro.mx\/es\/author\/puntodincontro\/"}]}},"_links":{"self":[{"href":"https:\/\/puntodincontro.mx\/es\/wp-json\/wp\/v2\/posts\/16427"}],"collection":[{"href":"https:\/\/puntodincontro.mx\/es\/wp-json\/wp\/v2\/posts"}],"about":[{"href":"https:\/\/puntodincontro.mx\/es\/wp-json\/wp\/v2\/types\/post"}],"author":[{"embeddable":true,"href":"https:\/\/puntodincontro.mx\/es\/wp-json\/wp\/v2\/users\/2"}],"replies":[{"embeddable":true,"href":"https:\/\/puntodincontro.mx\/es\/wp-json\/wp\/v2\/comments?post=16427"}],"version-history":[{"count":5,"href":"https:\/\/puntodincontro.mx\/es\/wp-json\/wp\/v2\/posts\/16427\/revisions"}],"predecessor-version":[{"id":16436,"href":"https:\/\/puntodincontro.mx\/es\/wp-json\/wp\/v2\/posts\/16427\/revisions\/16436"}],"wp:featuredmedia":[{"embeddable":true,"href":"https:\/\/puntodincontro.mx\/es\/wp-json\/wp\/v2\/media\/16432"}],"wp:attachment":[{"href":"https:\/\/puntodincontro.mx\/es\/wp-json\/wp\/v2\/media?parent=16427"}],"wp:term":[{"taxonomy":"category","embeddable":true,"href":"https:\/\/puntodincontro.mx\/es\/wp-json\/wp\/v2\/categories?post=16427"},{"taxonomy":"post_tag","embeddable":true,"href":"https:\/\/puntodincontro.mx\/es\/wp-json\/wp\/v2\/tags?post=16427"}],"curies":[{"name":"wp","href":"https:\/\/api.w.org\/{rel}","templated":true}]}}