{"id":16561,"date":"2023-11-12T13:50:38","date_gmt":"2023-11-12T19:50:38","guid":{"rendered":"https:\/\/puntodincontro.mx\/?p=16561"},"modified":"2023-11-12T13:51:34","modified_gmt":"2023-11-12T19:51:34","slug":"bandakadabra-una-fanfarria-urbana-turinesa-en-el-iic-de-coyoacan","status":"publish","type":"post","link":"https:\/\/puntodincontro.mx\/es\/2023\/11\/12\/bandakadabra-una-fanfara-urbana-torinese-alliic-di-coyoacan\/","title":{"rendered":"Bandakadabra, una \u201cfanfarria urbana\u201d turinesa en el IIC de Coyoac\u00e1n"},"content":{"rendered":"<p class=\"translation-block\"><strong>13:03 hrs.<\/strong> - Con motivo de la VIII Semana de la Cocina Italiana en el Mundo y como parte de una serie de eventos organizados para este repaso tem\u00e1tico por la Embajada de Italia en M\u00e9xico, el viernes 17 de noviembre el grupo italiano Bandakadabra se presentar\u00e1 a las 21 horas en el Instituto Italiano de Cultura de Coyoac\u00e1n.<\/p>\n\n\n\n<p>Carlo Petrini, periodista y fundador de Slow Food, se refiri\u00f3 a este conjunto con el t\u00e9rmino \u00abfanfarria urbana\u00bb, una definici\u00f3n acertada para una banda que hace de la ciudad su tel\u00f3n de fondo ideal y de la calle no s\u00f3lo el escenario en el que actuar, sino tambi\u00e9n el lugar del cual inspirarse.<\/p>\n\n\n\n<p class=\"translation-block\">Caracterizada por instrumentos de viento y percusi\u00f3n, esta surrealista orquesta de bolsillo es capaz de abordar cualquier lenguaje musical con un arrollador br\u00edo c\u00f3mico-teatral. Nacida en Tur\u00edn, Bandakadabra hace alarde de una actividad fren\u00e9tica que la ha llevado a actuar por toda Europa y a ganarse la creciente atenci\u00f3n de los aficionados.<\/p>\n\n\n\n<p>El esp\u00edritu es siempre irreverente porque el rasgo principal del conjunto es su capacidad de involucrar al p\u00fablico en un di\u00e1logo continuo inspirado en el arte callejero, compuesto por sketches c\u00f3micos, improvisaciones teatrales y bailes salvajes.<\/p>\n\n\n\n<p class=\"translation-block\">Desde el Paleo Festival hasta <em>Suoni delle Dolomiti<\/em>, pasando por <em>Jazz sous les pommiers<\/em>, el Premio Tenco, el Festival de la Mente, Musicultura, el Festival de Jazz y Blues de Edimburgo y el Festival de Eurovisi\u00f3n, en pocos a\u00f1os el grupo ha acumulado cientos de actuaciones, entre rese\u00f1as teatrales y musicales, espect\u00e1culos callejeros y eventos privados, consolid\u00e1ndose como una realidad \u00fanica.<\/p>\n\n\n\n<p class=\"translation-block\">En d\u00edas pasados Daniele Raimondi, Elia Conti, Gipo Di Napoli, Jack Bertocchi, Paolo Inserra y Giulio Piola encontraron M\u00e9xico en el Estado de Michoac\u00e1n, el 10 de noviembre en Uruapan y el s\u00e1bado en el marco de la edici\u00f3n 35 del Festival de M\u00fasica de Morelia.<\/p>\n\n\n\n<p>\u00abM\u00e9xico es un gran pa\u00eds con muchos artistas\u00bb \u2014dijo Raimondi en entrevista\u2014 \u00abaqu\u00ed hay mucha m\u00fasica y estilos muy variados, que queremos seguir descubriendo\u00bb.<\/p>\n\n\n\n<div style=\"height:12px\" aria-hidden=\"true\" class=\"wp-block-spacer\"><\/div>\n\n\n<!-- Ad space powered by WP AdCenter v2.5.7 - https:\/\/wpadcenter.com\/ --><div class=\"wpadcenter-adgroup\" ><div class=\"wpadcenter-adgroup__row wpadcenter-aligncenter\"><div class=\"wpadcenter-ad-container\" ><div id=\"wpadcenter-ad-18464\" class=\"ad-placement\"><div class=\"wpadcenter-ad-inner\" ><a id=\"wpadcenter_ad\" data-value=\"18464\" data-placement=\"\" href=\"https:\/\/www.productosremo.com\/\" target=\"_blank\" class=\"wpadcenter-ad-inner__item\" ><img decoding=\"async\"   src=\"https:\/\/puntodincontro.mx\/wp-content\/uploads\/2021\/08\/remobanner.jpg\" class=\"attachment-post-thumbnail size-post-thumbnail wp-post-image\" alt=\"\" srcset=\"https:\/\/puntodincontro.mx\/wp-content\/uploads\/2021\/08\/remobanner.jpg 200w, https:\/\/puntodincontro.mx\/wp-content\/uploads\/2021\/08\/remobanner-16x5.jpg 16w\" sizes=\"(max-width: 200px) 100vw, 200px\" \/><\/a><\/div><\/div><\/div><div class=\"wpadcenter-ad-container\" ><div id=\"wpadcenter-ad-5305\" class=\"ad-placement\"><div class=\"wpadcenter-ad-inner\" ><a id=\"wpadcenter_ad\" data-value=\"5305\" data-placement=\"\" href=\"https:\/\/ambcittadelmessico.esteri.it\/ambasciata_cittadelmessico\/it\/\" target=\"_blank\" class=\"wpadcenter-ad-inner__item\" ><img decoding=\"async\"   src=\"https:\/\/puntodincontro.mx\/wp-content\/uploads\/2022\/05\/Ambasciata.jpg\" class=\"attachment-post-thumbnail size-post-thumbnail wp-post-image\" alt=\"\" srcset=\"https:\/\/puntodincontro.mx\/wp-content\/uploads\/2022\/05\/Ambasciata.jpg 200w, https:\/\/puntodincontro.mx\/wp-content\/uploads\/2022\/05\/Ambasciata-18x5.jpg 18w\" sizes=\"(max-width: 200px) 100vw, 200px\" \/><\/a><\/div><\/div><\/div><div class=\"wpadcenter-ad-container\" ><div id=\"wpadcenter-ad-3781\" class=\"ad-placement\"><div class=\"wpadcenter-ad-inner\" ><a id=\"wpadcenter_ad\" data-value=\"3781\" data-placement=\"\" href=\"https:\/\/cannizzo.com.mx\/\" target=\"_blank\" class=\"wpadcenter-ad-inner__item\" ><img decoding=\"async\"   src=\"https:\/\/puntodincontro.mx\/wp-content\/uploads\/2022\/03\/cannizzo2.jpg\" class=\"attachment-post-thumbnail size-post-thumbnail wp-post-image\" alt=\"\" srcset=\"https:\/\/puntodincontro.mx\/wp-content\/uploads\/2022\/03\/cannizzo2.jpg 200w, https:\/\/puntodincontro.mx\/wp-content\/uploads\/2022\/03\/cannizzo2-18x5.jpg 18w\" sizes=\"(max-width: 200px) 100vw, 200px\" \/><\/a><\/div><\/div><\/div><\/div><div class=\"wpadcenter-adgroup__row wpadcenter-aligncenter\"><div class=\"wpadcenter-ad-container\" ><div id=\"wpadcenter-ad-1704\" class=\"ad-placement\"><div class=\"wpadcenter-ad-inner\" ><a id=\"wpadcenter_ad\" data-value=\"1704\" data-placement=\"\" href=\"https:\/\/puntodincontro.mx\/es\/2021\/12\/24\/inps-verificacion-de-supervivencia-de-los-pensionados-en-el-extranjero\/\" target=\"_blank\" class=\"wpadcenter-ad-inner__item\" ><img decoding=\"async\"   src=\"https:\/\/puntodincontro.mx\/wp-content\/uploads\/2021\/11\/logo-ital.jpg\" class=\"attachment-post-thumbnail size-post-thumbnail wp-post-image\" alt=\"Patronato ITAL Messico\" srcset=\"https:\/\/puntodincontro.mx\/wp-content\/uploads\/2021\/11\/logo-ital.jpg 200w, https:\/\/puntodincontro.mx\/wp-content\/uploads\/2021\/11\/logo-ital-16x5.jpg 16w\" sizes=\"(max-width: 200px) 100vw, 200px\" \/><\/a><\/div><\/div><\/div><div class=\"wpadcenter-ad-container\" ><div id=\"wpadcenter-ad-1538\" class=\"ad-placement\"><div class=\"wpadcenter-ad-inner\" ><a id=\"wpadcenter_ad\" data-value=\"1538\" data-placement=\"\" href=\"https:\/\/asociacionitaliana.org\/\" target=\"_blank\" class=\"wpadcenter-ad-inner__item\" ><img decoding=\"async\"   src=\"https:\/\/puntodincontro.mx\/wp-content\/uploads\/2021\/11\/aialogo.jpg\" class=\"attachment-post-thumbnail size-post-thumbnail wp-post-image\" alt=\"Associazione Italiana di Assistenza IAP\" srcset=\"https:\/\/puntodincontro.mx\/wp-content\/uploads\/2021\/11\/aialogo.jpg 200w, https:\/\/puntodincontro.mx\/wp-content\/uploads\/2021\/11\/aialogo-18x5.jpg 18w\" sizes=\"(max-width: 200px) 100vw, 200px\" \/><\/a><\/div><\/div><\/div><div class=\"wpadcenter-ad-container\" ><div id=\"wpadcenter-ad-1513\" class=\"ad-placement\"><div class=\"wpadcenter-ad-inner\" ><a id=\"wpadcenter_ad\" data-value=\"1513\" data-placement=\"\" href=\"https:\/\/gcinmuebles.mx\" target=\"_blank\" class=\"wpadcenter-ad-inner__item\" ><img decoding=\"async\"   src=\"https:\/\/puntodincontro.mx\/wp-content\/uploads\/2021\/10\/gcinmuebleslogopunto-1.jpg\" class=\"attachment-post-thumbnail size-post-thumbnail wp-post-image\" alt=\"\" srcset=\"https:\/\/puntodincontro.mx\/wp-content\/uploads\/2021\/10\/gcinmuebleslogopunto-1.jpg 200w, https:\/\/puntodincontro.mx\/wp-content\/uploads\/2021\/10\/gcinmuebleslogopunto-1-18x5.jpg 18w\" sizes=\"(max-width: 200px) 100vw, 200px\" \/><\/a><\/div><\/div><\/div><\/div><div class=\"wpadcenter-adgroup__row wpadcenter-aligncenter\"><div class=\"wpadcenter-ad-container\" ><div id=\"wpadcenter-ad-1374\" class=\"ad-placement\"><div class=\"wpadcenter-ad-inner\" ><a id=\"wpadcenter_ad\" data-value=\"1374\" data-placement=\"\" href=\"https:\/\/www.9colonne.it\/\" target=\"_blank\" class=\"wpadcenter-ad-inner__item\" ><img decoding=\"async\"   src=\"https:\/\/puntodincontro.mx\/wp-content\/uploads\/2021\/10\/Banner9colonne.gif\" class=\"attachment-post-thumbnail size-post-thumbnail wp-post-image\" alt=\"\" \/><\/a><\/div><\/div><\/div><div class=\"wpadcenter-ad-container\" ><div id=\"wpadcenter-ad-276\" class=\"ad-placement\"><div class=\"wpadcenter-ad-inner\" ><a id=\"wpadcenter_ad\" data-value=\"276\" data-placement=\"\" href=\"http:\/\/www.camaraitaliana.mx\/\" target=\"_blank\" class=\"wpadcenter-ad-inner__item\" ><img decoding=\"async\"   src=\"https:\/\/puntodincontro.mx\/wp-content\/uploads\/2021\/08\/ccimnuovo.jpg\" class=\"attachment-post-thumbnail size-post-thumbnail wp-post-image\" alt=\"\" srcset=\"https:\/\/puntodincontro.mx\/wp-content\/uploads\/2021\/08\/ccimnuovo.jpg 200w, https:\/\/puntodincontro.mx\/wp-content\/uploads\/2021\/08\/ccimnuovo-18x5.jpg 18w\" sizes=\"(max-width: 200px) 100vw, 200px\" \/><\/a><\/div><\/div><\/div><div class=\"wpadcenter-ad-container\" ><div id=\"wpadcenter-ad-272\" class=\"ad-placement\"><div class=\"wpadcenter-ad-inner\" ><a id=\"wpadcenter_ad\" data-value=\"272\" data-placement=\"\" href=\"http:\/\/corix.us\/\" target=\"_blank\" class=\"wpadcenter-ad-inner__item\" ><img decoding=\"async\"   src=\"https:\/\/puntodincontro.mx\/wp-content\/uploads\/2021\/08\/corixbanner-1.jpg\" class=\"attachment-post-thumbnail size-post-thumbnail wp-post-image\" alt=\"\" srcset=\"https:\/\/puntodincontro.mx\/wp-content\/uploads\/2021\/08\/corixbanner-1.jpg 200w, https:\/\/puntodincontro.mx\/wp-content\/uploads\/2021\/08\/corixbanner-1-16x5.jpg 16w\" sizes=\"(max-width: 200px) 100vw, 200px\" \/><\/a><\/div><\/div><\/div><\/div><div class=\"wpadcenter-adgroup__row wpadcenter-aligncenter\"><div class=\"wpadcenter-ad-container\" ><div id=\"wpadcenter-ad-266\" class=\"ad-placement\"><div class=\"wpadcenter-ad-inner\" ><a id=\"wpadcenter_ad\" data-value=\"266\" data-placement=\"\" href=\"https:\/\/www.prinsel.com.mx\/\" target=\"_blank\" class=\"wpadcenter-ad-inner__item\" ><img decoding=\"async\"   src=\"https:\/\/puntodincontro.mx\/wp-content\/uploads\/2021\/08\/prinselbanner-1.jpg\" class=\"attachment-post-thumbnail size-post-thumbnail wp-post-image\" alt=\"\" srcset=\"https:\/\/puntodincontro.mx\/wp-content\/uploads\/2021\/08\/prinselbanner-1.jpg 200w, https:\/\/puntodincontro.mx\/wp-content\/uploads\/2021\/08\/prinselbanner-1-16x5.jpg 16w\" sizes=\"(max-width: 200px) 100vw, 200px\" \/><\/a><\/div><\/div><\/div><div class=\"wpadcenter-ad-container\" ><div id=\"wpadcenter-ad-261\" class=\"ad-placement\"><div class=\"wpadcenter-ad-inner\" ><a id=\"wpadcenter_ad\" data-value=\"261\" data-placement=\"\" href=\"https:\/\/faitalia.com.mx\/\" target=\"_blank\" class=\"wpadcenter-ad-inner__item\" ><img decoding=\"async\"   src=\"https:\/\/puntodincontro.mx\/wp-content\/uploads\/2021\/08\/gruppodino.jpg\" class=\"attachment-post-thumbnail size-post-thumbnail wp-post-image\" alt=\"\" srcset=\"https:\/\/puntodincontro.mx\/wp-content\/uploads\/2021\/08\/gruppodino.jpg 200w, https:\/\/puntodincontro.mx\/wp-content\/uploads\/2021\/08\/gruppodino-18x5.jpg 18w\" sizes=\"(max-width: 200px) 100vw, 200px\" \/><\/a><\/div><\/div><\/div><\/div><\/div>\n\n\n<div style=\"height:12px\" aria-hidden=\"true\" class=\"wp-block-spacer\"><\/div>","protected":false},"excerpt":{"rendered":"<p>Ore 13.03 &#8211; In occasione dell&#8217;VIII Settimana della Cucina Italiana nel Mondo e nell&#8217;ambito di una serie di eventi organizzati per questa rassegna tematica dall&#8217;Ambasciata d&#8217;Italia in Messico, venerd\u00ec 17 novembre il gruppo italiano Bandakadabra si esibir\u00e0 alle 21 all&#8217;stituto Italiano di Cultura di Coyoac\u00e1n. Carlo Petrini, giornalista e fondatore di Slow Food, ha parlato di questo ensemble come di una \u00abfanfara urbana\u00bb, una calzante definizione per una band che fa della citt\u00e0 il suo sfondo ideale e della strada non solo lo scenario in cui esibirsi, ma anche il luogo da cui trarre ispirazione. Caratterizzata da fiati e percussioni,&#8230; <\/p>","protected":false},"author":2,"featured_media":16565,"comment_status":"open","ping_status":"open","sticky":false,"template":"","format":"standard","meta":{"_monsterinsights_skip_tracking":false,"_monsterinsights_sitenote_active":false,"_monsterinsights_sitenote_note":"","_monsterinsights_sitenote_category":0,"footnotes":""},"categories":[25],"tags":[],"class_list":["post-16561","post","type-post","status-publish","format-standard","has-post-thumbnail","hentry","category-cultura"],"yoast_head":"<!-- This site is optimized with the Yoast SEO Premium plugin v18.4 (Yoast SEO v25.6) - https:\/\/yoast.com\/wordpress\/plugins\/seo\/ -->\n<title>Bandakadabra, una \u201cfanfara urbana\u201d torinese all&#039;IIC di Coyoac\u00e1n<\/title>\n<meta name=\"description\" content=\"In occasione della Settimana della Cucina Italiana nel Mondo, il 17 novembre il gruppo italiano Bandakadabra si esibir\u00e0 all&#039;IIC di Coyoac\u00e1n.\" \/>\n<meta name=\"robots\" content=\"index, follow, max-snippet:-1, max-image-preview:large, max-video-preview:-1\" \/>\n<link rel=\"canonical\" href=\"https:\/\/puntodincontro.mx\/es\/2023\/11\/12\/bandakadabra-una-fanfarria-urbana-turinesa-en-el-iic-de-coyoacan\/\" \/>\n<meta property=\"og:locale\" content=\"es_MX\" \/>\n<meta property=\"og:type\" content=\"article\" \/>\n<meta property=\"og:title\" content=\"Bandakadabra, una \u201cfanfara urbana\u201d torinese all&#039;IIC di Coyoac\u00e1n\" \/>\n<meta property=\"og:description\" content=\"In occasione della Settimana della Cucina Italiana nel Mondo, il 17 novembre il gruppo italiano Bandakadabra si esibir\u00e0 all&#039;IIC di Coyoac\u00e1n.\" \/>\n<meta property=\"og:url\" content=\"https:\/\/puntodincontro.mx\/es\/2023\/11\/12\/bandakadabra-una-fanfarria-urbana-turinesa-en-el-iic-de-coyoacan\/\" \/>\n<meta property=\"og:site_name\" content=\"Puntodincontro\" \/>\n<meta property=\"article:publisher\" content=\"https:\/\/www.facebook.com\/puntodincontro.mx\" \/>\n<meta property=\"article:published_time\" content=\"2023-11-12T19:50:38+00:00\" \/>\n<meta property=\"article:modified_time\" content=\"2023-11-12T19:51:34+00:00\" \/>\n<meta property=\"og:image\" content=\"https:\/\/puntodincontro.mx\/wp-content\/uploads\/2023\/11\/bandakadabracomp.jpg\" \/>\n\t<meta property=\"og:image:width\" content=\"932\" \/>\n\t<meta property=\"og:image:height\" content=\"488\" \/>\n\t<meta property=\"og:image:type\" content=\"image\/jpeg\" \/>\n<meta name=\"author\" content=\"Puntodincontro\" \/>\n<meta name=\"twitter:card\" content=\"summary_large_image\" \/>\n<meta name=\"twitter:creator\" content=\"@puntodincontro\" \/>\n<meta name=\"twitter:site\" content=\"@puntodincontro\" \/>\n<meta name=\"twitter:label1\" content=\"Escrito por\" \/>\n\t<meta name=\"twitter:data1\" content=\"Puntodincontro\" \/>\n\t<meta name=\"twitter:label2\" content=\"Tiempo de lectura\" \/>\n\t<meta name=\"twitter:data2\" content=\"2 minutos\" \/>\n<script type=\"application\/ld+json\" class=\"yoast-schema-graph\">{\"@context\":\"https:\/\/schema.org\",\"@graph\":[{\"@type\":\"NewsArticle\",\"@id\":\"https:\/\/puntodincontro.mx\/2023\/11\/12\/bandakadabra-una-fanfara-urbana-torinese-alliic-di-coyoacan\/#article\",\"isPartOf\":{\"@id\":\"https:\/\/puntodincontro.mx\/2023\/11\/12\/bandakadabra-una-fanfara-urbana-torinese-alliic-di-coyoacan\/\"},\"author\":{\"name\":\"Puntodincontro\",\"@id\":\"https:\/\/puntodincontro.mx\/#\/schema\/person\/d3066d18a16259cbb0c29b0d0e93b556\"},\"headline\":\"Bandakadabra, una \u201cfanfara urbana\u201d torinese all&#8217;IIC di Coyoac\u00e1n\",\"datePublished\":\"2023-11-12T19:50:38+00:00\",\"dateModified\":\"2023-11-12T19:51:34+00:00\",\"mainEntityOfPage\":{\"@id\":\"https:\/\/puntodincontro.mx\/2023\/11\/12\/bandakadabra-una-fanfara-urbana-torinese-alliic-di-coyoacan\/\"},\"wordCount\":326,\"commentCount\":0,\"publisher\":{\"@id\":\"https:\/\/puntodincontro.mx\/#organization\"},\"image\":{\"@id\":\"https:\/\/puntodincontro.mx\/2023\/11\/12\/bandakadabra-una-fanfara-urbana-torinese-alliic-di-coyoacan\/#primaryimage\"},\"thumbnailUrl\":\"https:\/\/puntodincontro.mx\/wp-content\/uploads\/2023\/11\/bandakadabravert.webp\",\"articleSection\":[\"Cultura\"],\"inLanguage\":\"es\",\"potentialAction\":[{\"@type\":\"CommentAction\",\"name\":\"Comment\",\"target\":[\"https:\/\/puntodincontro.mx\/2023\/11\/12\/bandakadabra-una-fanfara-urbana-torinese-alliic-di-coyoacan\/#respond\"]}]},{\"@type\":\"WebPage\",\"@id\":\"https:\/\/puntodincontro.mx\/2023\/11\/12\/bandakadabra-una-fanfara-urbana-torinese-alliic-di-coyoacan\/\",\"url\":\"https:\/\/puntodincontro.mx\/2023\/11\/12\/bandakadabra-una-fanfara-urbana-torinese-alliic-di-coyoacan\/\",\"name\":\"Bandakadabra, una \u201cfanfara urbana\u201d torinese all'IIC di Coyoac\u00e1n\",\"isPartOf\":{\"@id\":\"https:\/\/puntodincontro.mx\/#website\"},\"primaryImageOfPage\":{\"@id\":\"https:\/\/puntodincontro.mx\/2023\/11\/12\/bandakadabra-una-fanfara-urbana-torinese-alliic-di-coyoacan\/#primaryimage\"},\"image\":{\"@id\":\"https:\/\/puntodincontro.mx\/2023\/11\/12\/bandakadabra-una-fanfara-urbana-torinese-alliic-di-coyoacan\/#primaryimage\"},\"thumbnailUrl\":\"https:\/\/puntodincontro.mx\/wp-content\/uploads\/2023\/11\/bandakadabravert.webp\",\"datePublished\":\"2023-11-12T19:50:38+00:00\",\"dateModified\":\"2023-11-12T19:51:34+00:00\",\"description\":\"In occasione della Settimana della Cucina Italiana nel Mondo, il 17 novembre il gruppo italiano Bandakadabra si esibir\u00e0 all'IIC di Coyoac\u00e1n.\",\"breadcrumb\":{\"@id\":\"https:\/\/puntodincontro.mx\/2023\/11\/12\/bandakadabra-una-fanfara-urbana-torinese-alliic-di-coyoacan\/#breadcrumb\"},\"inLanguage\":\"es\",\"potentialAction\":[{\"@type\":\"ReadAction\",\"target\":[\"https:\/\/puntodincontro.mx\/2023\/11\/12\/bandakadabra-una-fanfara-urbana-torinese-alliic-di-coyoacan\/\"]}]},{\"@type\":\"ImageObject\",\"inLanguage\":\"es\",\"@id\":\"https:\/\/puntodincontro.mx\/2023\/11\/12\/bandakadabra-una-fanfara-urbana-torinese-alliic-di-coyoacan\/#primaryimage\",\"url\":\"https:\/\/puntodincontro.mx\/wp-content\/uploads\/2023\/11\/bandakadabravert.webp\",\"contentUrl\":\"https:\/\/puntodincontro.mx\/wp-content\/uploads\/2023\/11\/bandakadabravert.webp\",\"width\":423,\"height\":488,\"caption\":\"Bandakadabra, una \u201cfanfara urbana\u201d torinese all'IIC di Coyoac\u00e1n \/ Foto: Bandakadabra\"},{\"@type\":\"BreadcrumbList\",\"@id\":\"https:\/\/puntodincontro.mx\/2023\/11\/12\/bandakadabra-una-fanfara-urbana-torinese-alliic-di-coyoacan\/#breadcrumb\",\"itemListElement\":[{\"@type\":\"ListItem\",\"position\":1,\"name\":\"Home\",\"item\":\"https:\/\/puntodincontro.mx\/\"},{\"@type\":\"ListItem\",\"position\":2,\"name\":\"Bandakadabra, una \u201cfanfara urbana\u201d torinese all&#8217;IIC di Coyoac\u00e1n\"}]},{\"@type\":\"WebSite\",\"@id\":\"https:\/\/puntodincontro.mx\/#website\",\"url\":\"https:\/\/puntodincontro.mx\/\",\"name\":\"Puntodincontro\",\"description\":\"Dal 2006 notizie sui rapporti Italia-Messico \/ Desde 2006 noticias sobre las relaciones entre Italia y M\u00e9xico\",\"publisher\":{\"@id\":\"https:\/\/puntodincontro.mx\/#organization\"},\"potentialAction\":[{\"@type\":\"SearchAction\",\"target\":{\"@type\":\"EntryPoint\",\"urlTemplate\":\"https:\/\/puntodincontro.mx\/?s={search_term_string}\"},\"query-input\":{\"@type\":\"PropertyValueSpecification\",\"valueRequired\":true,\"valueName\":\"search_term_string\"}}],\"inLanguage\":\"es\"},{\"@type\":\"Organization\",\"@id\":\"https:\/\/puntodincontro.mx\/#organization\",\"name\":\"Puntodincontro\",\"url\":\"https:\/\/puntodincontro.mx\/\",\"logo\":{\"@type\":\"ImageObject\",\"inLanguage\":\"es\",\"@id\":\"https:\/\/puntodincontro.mx\/#\/schema\/logo\/image\/\",\"url\":\"https:\/\/puntodincontro.mx\/wp-content\/uploads\/2021\/08\/Default-image-for-open-graph-settings.jpg\",\"contentUrl\":\"https:\/\/puntodincontro.mx\/wp-content\/uploads\/2021\/08\/Default-image-for-open-graph-settings.jpg\",\"width\":1200,\"height\":630,\"caption\":\"Puntodincontro\"},\"image\":{\"@id\":\"https:\/\/puntodincontro.mx\/#\/schema\/logo\/image\/\"},\"sameAs\":[\"https:\/\/www.facebook.com\/puntodincontro.mx\",\"https:\/\/x.com\/puntodincontro\",\"https:\/\/www.instagram.com\/puntodincontro.mx\/\",\"https:\/\/www.linkedin.com\/company\/puntodincontro\/\",\"https:\/\/www.youtube.com\/c\/puntodincontromessico\",\"https:\/\/www.patreon.com\/puntodincontro\",\"https:\/\/www.threads.net\/@puntodincontro.mx\"]},{\"@type\":\"Person\",\"@id\":\"https:\/\/puntodincontro.mx\/#\/schema\/person\/d3066d18a16259cbb0c29b0d0e93b556\",\"name\":\"Puntodincontro\",\"image\":{\"@type\":\"ImageObject\",\"inLanguage\":\"es\",\"@id\":\"https:\/\/puntodincontro.mx\/#\/schema\/person\/image\/\",\"url\":\"https:\/\/secure.gravatar.com\/avatar\/0e85b4b3b5e9d6bfcec6a4956d8cc63a?s=96&d=mm&r=g\",\"contentUrl\":\"https:\/\/secure.gravatar.com\/avatar\/0e85b4b3b5e9d6bfcec6a4956d8cc63a?s=96&d=mm&r=g\",\"caption\":\"Puntodincontro\"},\"url\":\"https:\/\/puntodincontro.mx\/es\/author\/puntodincontro\/\"}]}<\/script>\n<!-- \/ Yoast SEO Premium plugin. -->","yoast_head_json":{"title":"Bandakadabra, una \u201cfanfara urbana\u201d torinese all'IIC di Coyoac\u00e1n","description":"In occasione della Settimana della Cucina Italiana nel Mondo, il 17 novembre il gruppo italiano Bandakadabra si esibir\u00e0 all'IIC di Coyoac\u00e1n.","robots":{"index":"index","follow":"follow","max-snippet":"max-snippet:-1","max-image-preview":"max-image-preview:large","max-video-preview":"max-video-preview:-1"},"canonical":"https:\/\/puntodincontro.mx\/es\/2023\/11\/12\/bandakadabra-una-fanfarria-urbana-turinesa-en-el-iic-de-coyoacan\/","og_locale":"es_MX","og_type":"article","og_title":"Bandakadabra, una \u201cfanfara urbana\u201d torinese all'IIC di Coyoac\u00e1n","og_description":"In occasione della Settimana della Cucina Italiana nel Mondo, il 17 novembre il gruppo italiano Bandakadabra si esibir\u00e0 all'IIC di Coyoac\u00e1n.","og_url":"https:\/\/puntodincontro.mx\/es\/2023\/11\/12\/bandakadabra-una-fanfarria-urbana-turinesa-en-el-iic-de-coyoacan\/","og_site_name":"Puntodincontro","article_publisher":"https:\/\/www.facebook.com\/puntodincontro.mx","article_published_time":"2023-11-12T19:50:38+00:00","article_modified_time":"2023-11-12T19:51:34+00:00","og_image":[{"width":932,"height":488,"url":"https:\/\/puntodincontro.mx\/wp-content\/uploads\/2023\/11\/bandakadabracomp.jpg","type":"image\/jpeg"}],"author":"Puntodincontro","twitter_card":"summary_large_image","twitter_creator":"@puntodincontro","twitter_site":"@puntodincontro","twitter_misc":{"Escrito por":"Puntodincontro","Tiempo de lectura":"2 minutos"},"schema":{"@context":"https:\/\/schema.org","@graph":[{"@type":"NewsArticle","@id":"https:\/\/puntodincontro.mx\/2023\/11\/12\/bandakadabra-una-fanfara-urbana-torinese-alliic-di-coyoacan\/#article","isPartOf":{"@id":"https:\/\/puntodincontro.mx\/2023\/11\/12\/bandakadabra-una-fanfara-urbana-torinese-alliic-di-coyoacan\/"},"author":{"name":"Puntodincontro","@id":"https:\/\/puntodincontro.mx\/#\/schema\/person\/d3066d18a16259cbb0c29b0d0e93b556"},"headline":"Bandakadabra, una \u201cfanfara urbana\u201d torinese all&#8217;IIC di Coyoac\u00e1n","datePublished":"2023-11-12T19:50:38+00:00","dateModified":"2023-11-12T19:51:34+00:00","mainEntityOfPage":{"@id":"https:\/\/puntodincontro.mx\/2023\/11\/12\/bandakadabra-una-fanfara-urbana-torinese-alliic-di-coyoacan\/"},"wordCount":326,"commentCount":0,"publisher":{"@id":"https:\/\/puntodincontro.mx\/#organization"},"image":{"@id":"https:\/\/puntodincontro.mx\/2023\/11\/12\/bandakadabra-una-fanfara-urbana-torinese-alliic-di-coyoacan\/#primaryimage"},"thumbnailUrl":"https:\/\/puntodincontro.mx\/wp-content\/uploads\/2023\/11\/bandakadabravert.webp","articleSection":["Cultura"],"inLanguage":"es","potentialAction":[{"@type":"CommentAction","name":"Comment","target":["https:\/\/puntodincontro.mx\/2023\/11\/12\/bandakadabra-una-fanfara-urbana-torinese-alliic-di-coyoacan\/#respond"]}]},{"@type":"WebPage","@id":"https:\/\/puntodincontro.mx\/2023\/11\/12\/bandakadabra-una-fanfara-urbana-torinese-alliic-di-coyoacan\/","url":"https:\/\/puntodincontro.mx\/2023\/11\/12\/bandakadabra-una-fanfara-urbana-torinese-alliic-di-coyoacan\/","name":"Bandakadabra, una \u201cfanfara urbana\u201d torinese all'IIC di Coyoac\u00e1n","isPartOf":{"@id":"https:\/\/puntodincontro.mx\/#website"},"primaryImageOfPage":{"@id":"https:\/\/puntodincontro.mx\/2023\/11\/12\/bandakadabra-una-fanfara-urbana-torinese-alliic-di-coyoacan\/#primaryimage"},"image":{"@id":"https:\/\/puntodincontro.mx\/2023\/11\/12\/bandakadabra-una-fanfara-urbana-torinese-alliic-di-coyoacan\/#primaryimage"},"thumbnailUrl":"https:\/\/puntodincontro.mx\/wp-content\/uploads\/2023\/11\/bandakadabravert.webp","datePublished":"2023-11-12T19:50:38+00:00","dateModified":"2023-11-12T19:51:34+00:00","description":"In occasione della Settimana della Cucina Italiana nel Mondo, il 17 novembre il gruppo italiano Bandakadabra si esibir\u00e0 all'IIC di Coyoac\u00e1n.","breadcrumb":{"@id":"https:\/\/puntodincontro.mx\/2023\/11\/12\/bandakadabra-una-fanfara-urbana-torinese-alliic-di-coyoacan\/#breadcrumb"},"inLanguage":"es","potentialAction":[{"@type":"ReadAction","target":["https:\/\/puntodincontro.mx\/2023\/11\/12\/bandakadabra-una-fanfara-urbana-torinese-alliic-di-coyoacan\/"]}]},{"@type":"ImageObject","inLanguage":"es","@id":"https:\/\/puntodincontro.mx\/2023\/11\/12\/bandakadabra-una-fanfara-urbana-torinese-alliic-di-coyoacan\/#primaryimage","url":"https:\/\/puntodincontro.mx\/wp-content\/uploads\/2023\/11\/bandakadabravert.webp","contentUrl":"https:\/\/puntodincontro.mx\/wp-content\/uploads\/2023\/11\/bandakadabravert.webp","width":423,"height":488,"caption":"Bandakadabra, una \u201cfanfara urbana\u201d torinese all'IIC di Coyoac\u00e1n \/ Foto: Bandakadabra"},{"@type":"BreadcrumbList","@id":"https:\/\/puntodincontro.mx\/2023\/11\/12\/bandakadabra-una-fanfara-urbana-torinese-alliic-di-coyoacan\/#breadcrumb","itemListElement":[{"@type":"ListItem","position":1,"name":"Home","item":"https:\/\/puntodincontro.mx\/"},{"@type":"ListItem","position":2,"name":"Bandakadabra, una \u201cfanfara urbana\u201d torinese all&#8217;IIC di Coyoac\u00e1n"}]},{"@type":"WebSite","@id":"https:\/\/puntodincontro.mx\/#website","url":"https:\/\/puntodincontro.mx\/","name":"Puntodincontro","description":"Desde el 2006 noticias sobre las relaciones entre Italia y M\u00e9xico \/ Dal 2006 notizie sui rapporti Italia-Messico","publisher":{"@id":"https:\/\/puntodincontro.mx\/#organization"},"potentialAction":[{"@type":"SearchAction","target":{"@type":"EntryPoint","urlTemplate":"https:\/\/puntodincontro.mx\/?s={search_term_string}"},"query-input":{"@type":"PropertyValueSpecification","valueRequired":true,"valueName":"search_term_string"}}],"inLanguage":"es"},{"@type":"Organization","@id":"https:\/\/puntodincontro.mx\/#organization","name":"Puntodincontro","url":"https:\/\/puntodincontro.mx\/","logo":{"@type":"ImageObject","inLanguage":"es","@id":"https:\/\/puntodincontro.mx\/#\/schema\/logo\/image\/","url":"https:\/\/puntodincontro.mx\/wp-content\/uploads\/2021\/08\/Default-image-for-open-graph-settings.jpg","contentUrl":"https:\/\/puntodincontro.mx\/wp-content\/uploads\/2021\/08\/Default-image-for-open-graph-settings.jpg","width":1200,"height":630,"caption":"Puntodincontro"},"image":{"@id":"https:\/\/puntodincontro.mx\/#\/schema\/logo\/image\/"},"sameAs":["https:\/\/www.facebook.com\/puntodincontro.mx","https:\/\/x.com\/puntodincontro","https:\/\/www.instagram.com\/puntodincontro.mx\/","https:\/\/www.linkedin.com\/company\/puntodincontro\/","https:\/\/www.youtube.com\/c\/puntodincontromessico","https:\/\/www.patreon.com\/puntodincontro","https:\/\/www.threads.net\/@puntodincontro.mx"]},{"@type":"Person","@id":"https:\/\/puntodincontro.mx\/#\/schema\/person\/d3066d18a16259cbb0c29b0d0e93b556","name":"Puntodincontro","image":{"@type":"ImageObject","inLanguage":"es","@id":"https:\/\/puntodincontro.mx\/#\/schema\/person\/image\/","url":"https:\/\/secure.gravatar.com\/avatar\/0e85b4b3b5e9d6bfcec6a4956d8cc63a?s=96&d=mm&r=g","contentUrl":"https:\/\/secure.gravatar.com\/avatar\/0e85b4b3b5e9d6bfcec6a4956d8cc63a?s=96&d=mm&r=g","caption":"Puntodincontro"},"url":"https:\/\/puntodincontro.mx\/es\/author\/puntodincontro\/"}]}},"_links":{"self":[{"href":"https:\/\/puntodincontro.mx\/es\/wp-json\/wp\/v2\/posts\/16561"}],"collection":[{"href":"https:\/\/puntodincontro.mx\/es\/wp-json\/wp\/v2\/posts"}],"about":[{"href":"https:\/\/puntodincontro.mx\/es\/wp-json\/wp\/v2\/types\/post"}],"author":[{"embeddable":true,"href":"https:\/\/puntodincontro.mx\/es\/wp-json\/wp\/v2\/users\/2"}],"replies":[{"embeddable":true,"href":"https:\/\/puntodincontro.mx\/es\/wp-json\/wp\/v2\/comments?post=16561"}],"version-history":[{"count":5,"href":"https:\/\/puntodincontro.mx\/es\/wp-json\/wp\/v2\/posts\/16561\/revisions"}],"predecessor-version":[{"id":16569,"href":"https:\/\/puntodincontro.mx\/es\/wp-json\/wp\/v2\/posts\/16561\/revisions\/16569"}],"wp:featuredmedia":[{"embeddable":true,"href":"https:\/\/puntodincontro.mx\/es\/wp-json\/wp\/v2\/media\/16565"}],"wp:attachment":[{"href":"https:\/\/puntodincontro.mx\/es\/wp-json\/wp\/v2\/media?parent=16561"}],"wp:term":[{"taxonomy":"category","embeddable":true,"href":"https:\/\/puntodincontro.mx\/es\/wp-json\/wp\/v2\/categories?post=16561"},{"taxonomy":"post_tag","embeddable":true,"href":"https:\/\/puntodincontro.mx\/es\/wp-json\/wp\/v2\/tags?post=16561"}],"curies":[{"name":"wp","href":"https:\/\/api.w.org\/{rel}","templated":true}]}}