{"id":16606,"date":"2023-11-14T10:09:27","date_gmt":"2023-11-14T16:09:27","guid":{"rendered":"https:\/\/puntodincontro.mx\/?p=16606"},"modified":"2023-11-14T10:15:35","modified_gmt":"2023-11-14T16:15:35","slug":"proyectan-en-florencia-dioses-de-mexico-del-director-italiano-dosantos","status":"publish","type":"post","link":"https:\/\/puntodincontro.mx\/es\/2023\/11\/14\/dioses-de-mexico-del-regista-italiano-dosantos-in-sala-a-firenze\/","title":{"rendered":"Proyectan en Florencia \u201cDioses de M\u00e9xico\u201d, del director italiano Dosantos"},"content":{"rendered":"<p class=\"translation-block\"><strong>09:40 hrs.<\/strong> - <em>Dioses de M\u00e9xico<\/em>, el documental estrenado en Italia durante la edici\u00f3n 2022 del Festival de Cine Iberoamericano de Florencia <em>Entre dos Mundos<\/em> y ganador del Premio Ariel 2023 estar\u00e1 en el cine <em>La Compagnia<\/em> de la capital toscana esta noche, martes 14 de noviembre, a las 21.00 horas (con subt\u00edtulos en italiano) en proyecci\u00f3n \u00fanica, en presencia del director Helmut Dosantos. Gabriele Rizza presentar\u00e1 evento.<\/p>\n\n\n\n<p class=\"translation-block\">Proyectado en muchos otros festivales internacionales de documentales, <em>Dioses de M\u00e9xico<\/em> es un viaje en la biodiversidad natural, humana y cultural de M\u00e9xico, un himno a la laboriosidad campesina y a la resistencia contra la estandarizaci\u00f3n de la modernidad.<\/p>\n\n\n\n<p>La pel\u00edcula, con sus paisajes visualmente impresionantes, lleva a los espectadores a trav\u00e9s de salinas, desiertos, mesetas, selvas y minas subterr\u00e1neas, en un relato convincente que ofrece una perspectiva fresca y \u00fanica sobre M\u00e9xico y la identidad de sus habitantes. Una investigaci\u00f3n po\u00e9tica que dur\u00f3 nueve a\u00f1os para una producci\u00f3n que celebra la rica diversidad de la tradici\u00f3n del pa\u00eds.<\/p>\n\n\n\n<p class=\"translation-block\">Ambientado en el M\u00e9xico rural, <em>Dioses de M\u00e9xico<\/em> explora los diferentes modos de resistencia a la modernizaci\u00f3n, retratando la gran diversidad de comunidades nativas y afrodescendientes. Es un homenaje al ser humano, a su trabajo diario y a quienes luchan por preservar su identidad cultural.<\/p>\n\n\n\n<p class=\"translation-block\">Helmut Dosantos es guionista, director, productor y fot\u00f3grafo. Su primer documental como productor, <em>Tony Driver<\/em> de Ascanio Petrini (producido con Dugong Films), se estren\u00f3 en 2019 en la Semana de la Cr\u00edtica del Festival de Cine de Venecia. Tambi\u00e9n es coproductor de <em>Noches de Fuego<\/em> de Tatiana Huezo (Cannes, Un Certain Regard, 2021) y productor ejecutivo de <em>Atlantide<\/em> de Yuri Ancarani (Venecia, Orizzonti, 2021). Dioses de M\u00e9xico es su primer documental como director (portalegiovani.comune.fi.it).<\/p>\n\n\n\n<p class=\"has-small-font-size\">Foto: cinemalacompagnia.it<\/p>\n\n\n\n<div style=\"height:12px\" aria-hidden=\"true\" class=\"wp-block-spacer\"><\/div>\n\n\n<!-- Ad space powered by WP AdCenter v2.5.7 - https:\/\/wpadcenter.com\/ --><div class=\"wpadcenter-adgroup\" ><div class=\"wpadcenter-adgroup__row wpadcenter-aligncenter\"><div class=\"wpadcenter-ad-container\" ><div id=\"wpadcenter-ad-18464\" class=\"ad-placement\"><div class=\"wpadcenter-ad-inner\" ><a id=\"wpadcenter_ad\" data-value=\"18464\" data-placement=\"\" href=\"https:\/\/www.productosremo.com\/\" target=\"_blank\" class=\"wpadcenter-ad-inner__item\" ><img decoding=\"async\"   src=\"https:\/\/puntodincontro.mx\/wp-content\/uploads\/2021\/08\/remobanner.jpg\" class=\"attachment-post-thumbnail size-post-thumbnail wp-post-image\" alt=\"\" srcset=\"https:\/\/puntodincontro.mx\/wp-content\/uploads\/2021\/08\/remobanner.jpg 200w, https:\/\/puntodincontro.mx\/wp-content\/uploads\/2021\/08\/remobanner-16x5.jpg 16w\" sizes=\"(max-width: 200px) 100vw, 200px\" \/><\/a><\/div><\/div><\/div><div class=\"wpadcenter-ad-container\" ><div id=\"wpadcenter-ad-5305\" class=\"ad-placement\"><div class=\"wpadcenter-ad-inner\" ><a id=\"wpadcenter_ad\" data-value=\"5305\" data-placement=\"\" href=\"https:\/\/faitalia.com.mx\/\" target=\"_blank\" class=\"wpadcenter-ad-inner__item\" ><img decoding=\"async\"   src=\"https:\/\/puntodincontro.mx\/wp-content\/uploads\/2022\/05\/gruppodino.jpg\" class=\"attachment-post-thumbnail size-post-thumbnail wp-post-image\" alt=\"\" srcset=\"https:\/\/puntodincontro.mx\/wp-content\/uploads\/2022\/05\/gruppodino.jpg 200w, https:\/\/puntodincontro.mx\/wp-content\/uploads\/2022\/05\/gruppodino-18x5.jpg 18w\" sizes=\"(max-width: 200px) 100vw, 200px\" \/><\/a><\/div><\/div><\/div><div class=\"wpadcenter-ad-container\" ><div id=\"wpadcenter-ad-3781\" class=\"ad-placement\"><div class=\"wpadcenter-ad-inner\" ><a id=\"wpadcenter_ad\" data-value=\"3781\" data-placement=\"\" href=\"https:\/\/cannizzo.com.mx\/\" target=\"_blank\" class=\"wpadcenter-ad-inner__item\" ><img decoding=\"async\"   src=\"https:\/\/puntodincontro.mx\/wp-content\/uploads\/2022\/03\/cannizzo2.jpg\" class=\"attachment-post-thumbnail size-post-thumbnail wp-post-image\" alt=\"\" srcset=\"https:\/\/puntodincontro.mx\/wp-content\/uploads\/2022\/03\/cannizzo2.jpg 200w, https:\/\/puntodincontro.mx\/wp-content\/uploads\/2022\/03\/cannizzo2-18x5.jpg 18w\" sizes=\"(max-width: 200px) 100vw, 200px\" \/><\/a><\/div><\/div><\/div><\/div><div class=\"wpadcenter-adgroup__row wpadcenter-aligncenter\"><div class=\"wpadcenter-ad-container\" ><div id=\"wpadcenter-ad-1704\" class=\"ad-placement\"><div class=\"wpadcenter-ad-inner\" ><a id=\"wpadcenter_ad\" data-value=\"1704\" data-placement=\"\" href=\"https:\/\/puntodincontro.mx\/es\/2021\/12\/24\/inps-verificacion-de-supervivencia-de-los-pensionados-en-el-extranjero\/\" target=\"_blank\" class=\"wpadcenter-ad-inner__item\" ><img decoding=\"async\"   src=\"https:\/\/puntodincontro.mx\/wp-content\/uploads\/2021\/11\/logo-ital.jpg\" class=\"attachment-post-thumbnail size-post-thumbnail wp-post-image\" alt=\"Patronato ITAL Messico\" srcset=\"https:\/\/puntodincontro.mx\/wp-content\/uploads\/2021\/11\/logo-ital.jpg 200w, https:\/\/puntodincontro.mx\/wp-content\/uploads\/2021\/11\/logo-ital-16x5.jpg 16w\" sizes=\"(max-width: 200px) 100vw, 200px\" \/><\/a><\/div><\/div><\/div><div class=\"wpadcenter-ad-container\" ><div id=\"wpadcenter-ad-1538\" class=\"ad-placement\"><div class=\"wpadcenter-ad-inner\" ><a id=\"wpadcenter_ad\" data-value=\"1538\" data-placement=\"\" href=\"https:\/\/asociacionitaliana.org\/\" target=\"_blank\" class=\"wpadcenter-ad-inner__item\" ><img decoding=\"async\"   src=\"https:\/\/puntodincontro.mx\/wp-content\/uploads\/2021\/11\/aialogo.jpg\" class=\"attachment-post-thumbnail size-post-thumbnail wp-post-image\" alt=\"Associazione Italiana di Assistenza IAP\" srcset=\"https:\/\/puntodincontro.mx\/wp-content\/uploads\/2021\/11\/aialogo.jpg 200w, https:\/\/puntodincontro.mx\/wp-content\/uploads\/2021\/11\/aialogo-18x5.jpg 18w\" sizes=\"(max-width: 200px) 100vw, 200px\" \/><\/a><\/div><\/div><\/div><div class=\"wpadcenter-ad-container\" ><div id=\"wpadcenter-ad-1513\" class=\"ad-placement\"><div class=\"wpadcenter-ad-inner\" ><a id=\"wpadcenter_ad\" data-value=\"1513\" data-placement=\"\" href=\"https:\/\/gcinmuebles.mx\" target=\"_blank\" class=\"wpadcenter-ad-inner__item\" ><img decoding=\"async\"   src=\"https:\/\/puntodincontro.mx\/wp-content\/uploads\/2021\/10\/gcinmuebleslogopunto-1.jpg\" class=\"attachment-post-thumbnail size-post-thumbnail wp-post-image\" alt=\"\" srcset=\"https:\/\/puntodincontro.mx\/wp-content\/uploads\/2021\/10\/gcinmuebleslogopunto-1.jpg 200w, https:\/\/puntodincontro.mx\/wp-content\/uploads\/2021\/10\/gcinmuebleslogopunto-1-18x5.jpg 18w\" sizes=\"(max-width: 200px) 100vw, 200px\" \/><\/a><\/div><\/div><\/div><\/div><div class=\"wpadcenter-adgroup__row wpadcenter-aligncenter\"><div class=\"wpadcenter-ad-container\" ><div id=\"wpadcenter-ad-1374\" class=\"ad-placement\"><div class=\"wpadcenter-ad-inner\" ><a id=\"wpadcenter_ad\" data-value=\"1374\" data-placement=\"\" href=\"https:\/\/www.9colonne.it\/\" target=\"_blank\" class=\"wpadcenter-ad-inner__item\" ><img decoding=\"async\"   src=\"https:\/\/puntodincontro.mx\/wp-content\/uploads\/2021\/10\/Banner9colonne.gif\" class=\"attachment-post-thumbnail size-post-thumbnail wp-post-image\" alt=\"\" \/><\/a><\/div><\/div><\/div><div class=\"wpadcenter-ad-container\" ><div id=\"wpadcenter-ad-276\" class=\"ad-placement\"><div class=\"wpadcenter-ad-inner\" ><a id=\"wpadcenter_ad\" data-value=\"276\" data-placement=\"\" href=\"http:\/\/www.camaraitaliana.mx\/\" target=\"_blank\" class=\"wpadcenter-ad-inner__item\" ><img decoding=\"async\"   src=\"https:\/\/puntodincontro.mx\/wp-content\/uploads\/2021\/08\/ccimnuovo.jpg\" class=\"attachment-post-thumbnail size-post-thumbnail wp-post-image\" alt=\"\" srcset=\"https:\/\/puntodincontro.mx\/wp-content\/uploads\/2021\/08\/ccimnuovo.jpg 200w, https:\/\/puntodincontro.mx\/wp-content\/uploads\/2021\/08\/ccimnuovo-18x5.jpg 18w\" sizes=\"(max-width: 200px) 100vw, 200px\" \/><\/a><\/div><\/div><\/div><div class=\"wpadcenter-ad-container\" ><div id=\"wpadcenter-ad-272\" class=\"ad-placement\"><div class=\"wpadcenter-ad-inner\" ><a id=\"wpadcenter_ad\" data-value=\"272\" data-placement=\"\" href=\"http:\/\/corix.us\/\" target=\"_blank\" class=\"wpadcenter-ad-inner__item\" ><img decoding=\"async\"   src=\"https:\/\/puntodincontro.mx\/wp-content\/uploads\/2021\/08\/corixbanner-1.jpg\" class=\"attachment-post-thumbnail size-post-thumbnail wp-post-image\" alt=\"\" srcset=\"https:\/\/puntodincontro.mx\/wp-content\/uploads\/2021\/08\/corixbanner-1.jpg 200w, https:\/\/puntodincontro.mx\/wp-content\/uploads\/2021\/08\/corixbanner-1-16x5.jpg 16w\" sizes=\"(max-width: 200px) 100vw, 200px\" \/><\/a><\/div><\/div><\/div><\/div><div class=\"wpadcenter-adgroup__row wpadcenter-aligncenter\"><div class=\"wpadcenter-ad-container\" ><div id=\"wpadcenter-ad-266\" class=\"ad-placement\"><div class=\"wpadcenter-ad-inner\" ><a id=\"wpadcenter_ad\" data-value=\"266\" data-placement=\"\" href=\"https:\/\/www.prinsel.com.mx\/\" target=\"_blank\" class=\"wpadcenter-ad-inner__item\" ><img decoding=\"async\"   src=\"https:\/\/puntodincontro.mx\/wp-content\/uploads\/2021\/08\/prinselbanner-1.jpg\" class=\"attachment-post-thumbnail size-post-thumbnail wp-post-image\" alt=\"\" srcset=\"https:\/\/puntodincontro.mx\/wp-content\/uploads\/2021\/08\/prinselbanner-1.jpg 200w, https:\/\/puntodincontro.mx\/wp-content\/uploads\/2021\/08\/prinselbanner-1-16x5.jpg 16w\" sizes=\"(max-width: 200px) 100vw, 200px\" \/><\/a><\/div><\/div><\/div><div class=\"wpadcenter-ad-container\" ><div id=\"wpadcenter-ad-261\" class=\"ad-placement\"><div class=\"wpadcenter-ad-inner\" ><a id=\"wpadcenter_ad\" data-value=\"261\" data-placement=\"\" href=\"https:\/\/ambcittadelmessico.esteri.it\/ambasciata_cittadelmessico\/it\/\" target=\"_blank\" class=\"wpadcenter-ad-inner__item\" ><img decoding=\"async\"   src=\"https:\/\/puntodincontro.mx\/wp-content\/uploads\/2021\/08\/ambasciatabanner-1.jpg\" class=\"attachment-post-thumbnail size-post-thumbnail wp-post-image\" alt=\"\" srcset=\"https:\/\/puntodincontro.mx\/wp-content\/uploads\/2021\/08\/ambasciatabanner-1.jpg 200w, https:\/\/puntodincontro.mx\/wp-content\/uploads\/2021\/08\/ambasciatabanner-1-16x5.jpg 16w\" sizes=\"(max-width: 200px) 100vw, 200px\" \/><\/a><\/div><\/div><\/div><\/div><\/div>\n\n\n<div style=\"height:12px\" aria-hidden=\"true\" class=\"wp-block-spacer\"><\/div>","protected":false},"excerpt":{"rendered":"<p>Ore 09.40 &#8211; Dioses de Mexico, il documentario presentato in anteprima italiana nell\u2019edizione 2022 del Festival del Cinema Iberoamericano di Firenze Entre dos Mundos e vincitore del Premio Ariel 2023 sar\u00e0 al cinema La Compagnia del capoluogo toscano stasera, marted\u00ec 14 novembre, alle ore 21.00 (con sottotitoli in italiano) per un\u2019unica proiezione, alla presenza del regista Helmut Dosantos. Introdurr\u00e0 l\u2019incontro Gabriele Rizza. Presentato in altri numerosi festival internazionali di documentari Dioses de M\u00e9xico \u00e8 un viaggio nella biodiversit\u00e0 naturale, umana e culturale del Messico, un inno alla operosit\u00e0 contadina e alla resistenza contro l&#8217;omologazione della modernit\u00e0. Il film, con i&#8230; <\/p>","protected":false},"author":2,"featured_media":16615,"comment_status":"open","ping_status":"open","sticky":false,"template":"","format":"standard","meta":{"_monsterinsights_skip_tracking":false,"_monsterinsights_sitenote_active":false,"_monsterinsights_sitenote_note":"","_monsterinsights_sitenote_category":0,"footnotes":""},"categories":[25],"tags":[],"class_list":["post-16606","post","type-post","status-publish","format-standard","has-post-thumbnail","hentry","category-cultura"],"yoast_head":"<!-- This site is optimized with the Yoast SEO Premium plugin v18.4 (Yoast SEO v25.6) - https:\/\/yoast.com\/wordpress\/plugins\/seo\/ -->\n<title>\u201cDioses de M\u00e9xico\u201d, del regista italiano Dosantos, in sala a Firenze<\/title>\n<meta name=\"description\" content=\"Dioses de M\u00e9xico, il documentario del regista italiano Helmut Dosantos, sar\u00e0 proiettato stasera al cinema La Compagnia di Firenze.\" \/>\n<meta name=\"robots\" content=\"index, follow, max-snippet:-1, max-image-preview:large, max-video-preview:-1\" \/>\n<link rel=\"canonical\" href=\"https:\/\/puntodincontro.mx\/es\/2023\/11\/14\/proyectan-en-florencia-dioses-de-mexico-del-director-italiano-dosantos\/\" \/>\n<meta property=\"og:locale\" content=\"es_MX\" \/>\n<meta property=\"og:type\" content=\"article\" \/>\n<meta property=\"og:title\" content=\"\u201cDioses de M\u00e9xico\u201d, del regista italiano Dosantos, in sala a Firenze\" \/>\n<meta property=\"og:description\" content=\"Dioses de M\u00e9xico, il documentario del regista italiano Helmut Dosantos, sar\u00e0 proiettato stasera al cinema La Compagnia di Firenze.\" \/>\n<meta property=\"og:url\" content=\"https:\/\/puntodincontro.mx\/es\/2023\/11\/14\/proyectan-en-florencia-dioses-de-mexico-del-director-italiano-dosantos\/\" \/>\n<meta property=\"og:site_name\" content=\"Puntodincontro\" \/>\n<meta property=\"article:publisher\" content=\"https:\/\/www.facebook.com\/puntodincontro.mx\" \/>\n<meta property=\"article:published_time\" content=\"2023-11-14T16:09:27+00:00\" \/>\n<meta property=\"article:modified_time\" content=\"2023-11-14T16:15:35+00:00\" \/>\n<meta property=\"og:image\" content=\"https:\/\/puntodincontro.mx\/wp-content\/uploads\/2023\/11\/cinemalacompagniacomp.jpg\" \/>\n\t<meta property=\"og:image:width\" content=\"932\" \/>\n\t<meta property=\"og:image:height\" content=\"488\" \/>\n\t<meta property=\"og:image:type\" content=\"image\/jpeg\" \/>\n<meta name=\"author\" content=\"Puntodincontro\" \/>\n<meta name=\"twitter:card\" content=\"summary_large_image\" \/>\n<meta name=\"twitter:creator\" content=\"@puntodincontro\" \/>\n<meta name=\"twitter:site\" content=\"@puntodincontro\" \/>\n<meta name=\"twitter:label1\" content=\"Escrito por\" \/>\n\t<meta name=\"twitter:data1\" content=\"Puntodincontro\" \/>\n\t<meta name=\"twitter:label2\" content=\"Tiempo de lectura\" \/>\n\t<meta name=\"twitter:data2\" content=\"1 minuto\" \/>\n<script type=\"application\/ld+json\" class=\"yoast-schema-graph\">{\"@context\":\"https:\/\/schema.org\",\"@graph\":[{\"@type\":\"NewsArticle\",\"@id\":\"https:\/\/puntodincontro.mx\/2023\/11\/14\/dioses-de-mexico-del-regista-italiano-dosantos-in-sala-a-firenze\/#article\",\"isPartOf\":{\"@id\":\"https:\/\/puntodincontro.mx\/2023\/11\/14\/dioses-de-mexico-del-regista-italiano-dosantos-in-sala-a-firenze\/\"},\"author\":{\"name\":\"Puntodincontro\",\"@id\":\"https:\/\/puntodincontro.mx\/#\/schema\/person\/d3066d18a16259cbb0c29b0d0e93b556\"},\"headline\":\"\u201cDioses de M\u00e9xico\u201d, del regista italiano Dosantos, in sala a Firenze\",\"datePublished\":\"2023-11-14T16:09:27+00:00\",\"dateModified\":\"2023-11-14T16:15:35+00:00\",\"mainEntityOfPage\":{\"@id\":\"https:\/\/puntodincontro.mx\/2023\/11\/14\/dioses-de-mexico-del-regista-italiano-dosantos-in-sala-a-firenze\/\"},\"wordCount\":285,\"commentCount\":0,\"publisher\":{\"@id\":\"https:\/\/puntodincontro.mx\/#organization\"},\"image\":{\"@id\":\"https:\/\/puntodincontro.mx\/2023\/11\/14\/dioses-de-mexico-del-regista-italiano-dosantos-in-sala-a-firenze\/#primaryimage\"},\"thumbnailUrl\":\"https:\/\/puntodincontro.mx\/wp-content\/uploads\/2023\/11\/cinemalacompagniavert.webp\",\"articleSection\":[\"Cultura\"],\"inLanguage\":\"es\",\"potentialAction\":[{\"@type\":\"CommentAction\",\"name\":\"Comment\",\"target\":[\"https:\/\/puntodincontro.mx\/2023\/11\/14\/dioses-de-mexico-del-regista-italiano-dosantos-in-sala-a-firenze\/#respond\"]}]},{\"@type\":\"WebPage\",\"@id\":\"https:\/\/puntodincontro.mx\/2023\/11\/14\/dioses-de-mexico-del-regista-italiano-dosantos-in-sala-a-firenze\/\",\"url\":\"https:\/\/puntodincontro.mx\/2023\/11\/14\/dioses-de-mexico-del-regista-italiano-dosantos-in-sala-a-firenze\/\",\"name\":\"\u201cDioses de M\u00e9xico\u201d, del regista italiano Dosantos, in sala a Firenze\",\"isPartOf\":{\"@id\":\"https:\/\/puntodincontro.mx\/#website\"},\"primaryImageOfPage\":{\"@id\":\"https:\/\/puntodincontro.mx\/2023\/11\/14\/dioses-de-mexico-del-regista-italiano-dosantos-in-sala-a-firenze\/#primaryimage\"},\"image\":{\"@id\":\"https:\/\/puntodincontro.mx\/2023\/11\/14\/dioses-de-mexico-del-regista-italiano-dosantos-in-sala-a-firenze\/#primaryimage\"},\"thumbnailUrl\":\"https:\/\/puntodincontro.mx\/wp-content\/uploads\/2023\/11\/cinemalacompagniavert.webp\",\"datePublished\":\"2023-11-14T16:09:27+00:00\",\"dateModified\":\"2023-11-14T16:15:35+00:00\",\"description\":\"Dioses de M\u00e9xico, il documentario del regista italiano Helmut Dosantos, sar\u00e0 proiettato stasera al cinema La Compagnia di Firenze.\",\"breadcrumb\":{\"@id\":\"https:\/\/puntodincontro.mx\/2023\/11\/14\/dioses-de-mexico-del-regista-italiano-dosantos-in-sala-a-firenze\/#breadcrumb\"},\"inLanguage\":\"es\",\"potentialAction\":[{\"@type\":\"ReadAction\",\"target\":[\"https:\/\/puntodincontro.mx\/2023\/11\/14\/dioses-de-mexico-del-regista-italiano-dosantos-in-sala-a-firenze\/\"]}]},{\"@type\":\"ImageObject\",\"inLanguage\":\"es\",\"@id\":\"https:\/\/puntodincontro.mx\/2023\/11\/14\/dioses-de-mexico-del-regista-italiano-dosantos-in-sala-a-firenze\/#primaryimage\",\"url\":\"https:\/\/puntodincontro.mx\/wp-content\/uploads\/2023\/11\/cinemalacompagniavert.webp\",\"contentUrl\":\"https:\/\/puntodincontro.mx\/wp-content\/uploads\/2023\/11\/cinemalacompagniavert.webp\",\"width\":423,\"height\":488,\"caption\":\"\u201cDioses de M\u00e9xico\u201d, del regista italiano Dosantos, in sala a Firenze \/ Foto: cinemalacompagnia.it\"},{\"@type\":\"BreadcrumbList\",\"@id\":\"https:\/\/puntodincontro.mx\/2023\/11\/14\/dioses-de-mexico-del-regista-italiano-dosantos-in-sala-a-firenze\/#breadcrumb\",\"itemListElement\":[{\"@type\":\"ListItem\",\"position\":1,\"name\":\"Home\",\"item\":\"https:\/\/puntodincontro.mx\/\"},{\"@type\":\"ListItem\",\"position\":2,\"name\":\"\u201cDioses de M\u00e9xico\u201d, del regista italiano Dosantos, in sala a Firenze\"}]},{\"@type\":\"WebSite\",\"@id\":\"https:\/\/puntodincontro.mx\/#website\",\"url\":\"https:\/\/puntodincontro.mx\/\",\"name\":\"Puntodincontro\",\"description\":\"Dal 2006 notizie sui rapporti Italia-Messico \/ Desde 2006 noticias sobre las relaciones entre Italia y M\u00e9xico\",\"publisher\":{\"@id\":\"https:\/\/puntodincontro.mx\/#organization\"},\"potentialAction\":[{\"@type\":\"SearchAction\",\"target\":{\"@type\":\"EntryPoint\",\"urlTemplate\":\"https:\/\/puntodincontro.mx\/?s={search_term_string}\"},\"query-input\":{\"@type\":\"PropertyValueSpecification\",\"valueRequired\":true,\"valueName\":\"search_term_string\"}}],\"inLanguage\":\"es\"},{\"@type\":\"Organization\",\"@id\":\"https:\/\/puntodincontro.mx\/#organization\",\"name\":\"Puntodincontro\",\"url\":\"https:\/\/puntodincontro.mx\/\",\"logo\":{\"@type\":\"ImageObject\",\"inLanguage\":\"es\",\"@id\":\"https:\/\/puntodincontro.mx\/#\/schema\/logo\/image\/\",\"url\":\"https:\/\/puntodincontro.mx\/wp-content\/uploads\/2021\/08\/Default-image-for-open-graph-settings.jpg\",\"contentUrl\":\"https:\/\/puntodincontro.mx\/wp-content\/uploads\/2021\/08\/Default-image-for-open-graph-settings.jpg\",\"width\":1200,\"height\":630,\"caption\":\"Puntodincontro\"},\"image\":{\"@id\":\"https:\/\/puntodincontro.mx\/#\/schema\/logo\/image\/\"},\"sameAs\":[\"https:\/\/www.facebook.com\/puntodincontro.mx\",\"https:\/\/x.com\/puntodincontro\",\"https:\/\/www.instagram.com\/puntodincontro.mx\/\",\"https:\/\/www.linkedin.com\/company\/puntodincontro\/\",\"https:\/\/www.youtube.com\/c\/puntodincontromessico\",\"https:\/\/www.patreon.com\/puntodincontro\",\"https:\/\/www.threads.net\/@puntodincontro.mx\"]},{\"@type\":\"Person\",\"@id\":\"https:\/\/puntodincontro.mx\/#\/schema\/person\/d3066d18a16259cbb0c29b0d0e93b556\",\"name\":\"Puntodincontro\",\"image\":{\"@type\":\"ImageObject\",\"inLanguage\":\"es\",\"@id\":\"https:\/\/puntodincontro.mx\/#\/schema\/person\/image\/\",\"url\":\"https:\/\/secure.gravatar.com\/avatar\/0e85b4b3b5e9d6bfcec6a4956d8cc63a?s=96&d=mm&r=g\",\"contentUrl\":\"https:\/\/secure.gravatar.com\/avatar\/0e85b4b3b5e9d6bfcec6a4956d8cc63a?s=96&d=mm&r=g\",\"caption\":\"Puntodincontro\"},\"url\":\"https:\/\/puntodincontro.mx\/es\/author\/puntodincontro\/\"}]}<\/script>\n<!-- \/ Yoast SEO Premium plugin. -->","yoast_head_json":{"title":"Proyectan en Florencia \u201cDioses de M\u00e9xico\u201d, del director italiano Dosantos","description":"Dioses de M\u00e9xico, el documental del director italiano Helmut Dosantos, se proyectar\u00e1 esta noche en el cine La Compagnia de Florencia.","robots":{"index":"index","follow":"follow","max-snippet":"max-snippet:-1","max-image-preview":"max-image-preview:large","max-video-preview":"max-video-preview:-1"},"canonical":"https:\/\/puntodincontro.mx\/es\/2023\/11\/14\/proyectan-en-florencia-dioses-de-mexico-del-director-italiano-dosantos\/","og_locale":"es_MX","og_type":"article","og_title":"\u201cDioses de M\u00e9xico\u201d, del regista italiano Dosantos, in sala a Firenze","og_description":"Dioses de M\u00e9xico, il documentario del regista italiano Helmut Dosantos, sar\u00e0 proiettato stasera al cinema La Compagnia di Firenze.","og_url":"https:\/\/puntodincontro.mx\/es\/2023\/11\/14\/proyectan-en-florencia-dioses-de-mexico-del-director-italiano-dosantos\/","og_site_name":"Puntodincontro","article_publisher":"https:\/\/www.facebook.com\/puntodincontro.mx","article_published_time":"2023-11-14T16:09:27+00:00","article_modified_time":"2023-11-14T16:15:35+00:00","og_image":[{"width":932,"height":488,"url":"https:\/\/puntodincontro.mx\/wp-content\/uploads\/2023\/11\/cinemalacompagniacomp.jpg","type":"image\/jpeg"}],"author":"Puntodincontro","twitter_card":"summary_large_image","twitter_creator":"@puntodincontro","twitter_site":"@puntodincontro","twitter_misc":{"Escrito por":"Puntodincontro","Tiempo de lectura":"1 minuto"},"schema":{"@context":"https:\/\/schema.org","@graph":[{"@type":"NewsArticle","@id":"https:\/\/puntodincontro.mx\/2023\/11\/14\/dioses-de-mexico-del-regista-italiano-dosantos-in-sala-a-firenze\/#article","isPartOf":{"@id":"https:\/\/puntodincontro.mx\/2023\/11\/14\/dioses-de-mexico-del-regista-italiano-dosantos-in-sala-a-firenze\/"},"author":{"name":"Puntodincontro","@id":"https:\/\/puntodincontro.mx\/#\/schema\/person\/d3066d18a16259cbb0c29b0d0e93b556"},"headline":"\u201cDioses de M\u00e9xico\u201d, del regista italiano Dosantos, in sala a Firenze","datePublished":"2023-11-14T16:09:27+00:00","dateModified":"2023-11-14T16:15:35+00:00","mainEntityOfPage":{"@id":"https:\/\/puntodincontro.mx\/2023\/11\/14\/dioses-de-mexico-del-regista-italiano-dosantos-in-sala-a-firenze\/"},"wordCount":285,"commentCount":0,"publisher":{"@id":"https:\/\/puntodincontro.mx\/#organization"},"image":{"@id":"https:\/\/puntodincontro.mx\/2023\/11\/14\/dioses-de-mexico-del-regista-italiano-dosantos-in-sala-a-firenze\/#primaryimage"},"thumbnailUrl":"https:\/\/puntodincontro.mx\/wp-content\/uploads\/2023\/11\/cinemalacompagniavert.webp","articleSection":["Cultura"],"inLanguage":"es","potentialAction":[{"@type":"CommentAction","name":"Comment","target":["https:\/\/puntodincontro.mx\/2023\/11\/14\/dioses-de-mexico-del-regista-italiano-dosantos-in-sala-a-firenze\/#respond"]}]},{"@type":"WebPage","@id":"https:\/\/puntodincontro.mx\/2023\/11\/14\/dioses-de-mexico-del-regista-italiano-dosantos-in-sala-a-firenze\/","url":"https:\/\/puntodincontro.mx\/2023\/11\/14\/dioses-de-mexico-del-regista-italiano-dosantos-in-sala-a-firenze\/","name":"Proyectan en Florencia \u201cDioses de M\u00e9xico\u201d, del director italiano Dosantos","isPartOf":{"@id":"https:\/\/puntodincontro.mx\/#website"},"primaryImageOfPage":{"@id":"https:\/\/puntodincontro.mx\/2023\/11\/14\/dioses-de-mexico-del-regista-italiano-dosantos-in-sala-a-firenze\/#primaryimage"},"image":{"@id":"https:\/\/puntodincontro.mx\/2023\/11\/14\/dioses-de-mexico-del-regista-italiano-dosantos-in-sala-a-firenze\/#primaryimage"},"thumbnailUrl":"https:\/\/puntodincontro.mx\/wp-content\/uploads\/2023\/11\/cinemalacompagniavert.webp","datePublished":"2023-11-14T16:09:27+00:00","dateModified":"2023-11-14T16:15:35+00:00","description":"Dioses de M\u00e9xico, el documental del director italiano Helmut Dosantos, se proyectar\u00e1 esta noche en el cine La Compagnia de Florencia.","breadcrumb":{"@id":"https:\/\/puntodincontro.mx\/2023\/11\/14\/dioses-de-mexico-del-regista-italiano-dosantos-in-sala-a-firenze\/#breadcrumb"},"inLanguage":"es","potentialAction":[{"@type":"ReadAction","target":["https:\/\/puntodincontro.mx\/2023\/11\/14\/dioses-de-mexico-del-regista-italiano-dosantos-in-sala-a-firenze\/"]}]},{"@type":"ImageObject","inLanguage":"es","@id":"https:\/\/puntodincontro.mx\/2023\/11\/14\/dioses-de-mexico-del-regista-italiano-dosantos-in-sala-a-firenze\/#primaryimage","url":"https:\/\/puntodincontro.mx\/wp-content\/uploads\/2023\/11\/cinemalacompagniavert.webp","contentUrl":"https:\/\/puntodincontro.mx\/wp-content\/uploads\/2023\/11\/cinemalacompagniavert.webp","width":423,"height":488,"caption":"\u201cDioses de M\u00e9xico\u201d, del regista italiano Dosantos, in sala a Firenze \/ Foto: cinemalacompagnia.it"},{"@type":"BreadcrumbList","@id":"https:\/\/puntodincontro.mx\/2023\/11\/14\/dioses-de-mexico-del-regista-italiano-dosantos-in-sala-a-firenze\/#breadcrumb","itemListElement":[{"@type":"ListItem","position":1,"name":"Home","item":"https:\/\/puntodincontro.mx\/"},{"@type":"ListItem","position":2,"name":"\u201cDioses de M\u00e9xico\u201d, del regista italiano Dosantos, in sala a Firenze"}]},{"@type":"WebSite","@id":"https:\/\/puntodincontro.mx\/#website","url":"https:\/\/puntodincontro.mx\/","name":"Puntodincontro","description":"Desde el 2006 noticias sobre las relaciones entre Italia y M\u00e9xico \/ Dal 2006 notizie sui rapporti Italia-Messico","publisher":{"@id":"https:\/\/puntodincontro.mx\/#organization"},"potentialAction":[{"@type":"SearchAction","target":{"@type":"EntryPoint","urlTemplate":"https:\/\/puntodincontro.mx\/?s={search_term_string}"},"query-input":{"@type":"PropertyValueSpecification","valueRequired":true,"valueName":"search_term_string"}}],"inLanguage":"es"},{"@type":"Organization","@id":"https:\/\/puntodincontro.mx\/#organization","name":"Puntodincontro","url":"https:\/\/puntodincontro.mx\/","logo":{"@type":"ImageObject","inLanguage":"es","@id":"https:\/\/puntodincontro.mx\/#\/schema\/logo\/image\/","url":"https:\/\/puntodincontro.mx\/wp-content\/uploads\/2021\/08\/Default-image-for-open-graph-settings.jpg","contentUrl":"https:\/\/puntodincontro.mx\/wp-content\/uploads\/2021\/08\/Default-image-for-open-graph-settings.jpg","width":1200,"height":630,"caption":"Puntodincontro"},"image":{"@id":"https:\/\/puntodincontro.mx\/#\/schema\/logo\/image\/"},"sameAs":["https:\/\/www.facebook.com\/puntodincontro.mx","https:\/\/x.com\/puntodincontro","https:\/\/www.instagram.com\/puntodincontro.mx\/","https:\/\/www.linkedin.com\/company\/puntodincontro\/","https:\/\/www.youtube.com\/c\/puntodincontromessico","https:\/\/www.patreon.com\/puntodincontro","https:\/\/www.threads.net\/@puntodincontro.mx"]},{"@type":"Person","@id":"https:\/\/puntodincontro.mx\/#\/schema\/person\/d3066d18a16259cbb0c29b0d0e93b556","name":"Puntodincontro","image":{"@type":"ImageObject","inLanguage":"es","@id":"https:\/\/puntodincontro.mx\/#\/schema\/person\/image\/","url":"https:\/\/secure.gravatar.com\/avatar\/0e85b4b3b5e9d6bfcec6a4956d8cc63a?s=96&d=mm&r=g","contentUrl":"https:\/\/secure.gravatar.com\/avatar\/0e85b4b3b5e9d6bfcec6a4956d8cc63a?s=96&d=mm&r=g","caption":"Puntodincontro"},"url":"https:\/\/puntodincontro.mx\/es\/author\/puntodincontro\/"}]}},"_links":{"self":[{"href":"https:\/\/puntodincontro.mx\/es\/wp-json\/wp\/v2\/posts\/16606"}],"collection":[{"href":"https:\/\/puntodincontro.mx\/es\/wp-json\/wp\/v2\/posts"}],"about":[{"href":"https:\/\/puntodincontro.mx\/es\/wp-json\/wp\/v2\/types\/post"}],"author":[{"embeddable":true,"href":"https:\/\/puntodincontro.mx\/es\/wp-json\/wp\/v2\/users\/2"}],"replies":[{"embeddable":true,"href":"https:\/\/puntodincontro.mx\/es\/wp-json\/wp\/v2\/comments?post=16606"}],"version-history":[{"count":8,"href":"https:\/\/puntodincontro.mx\/es\/wp-json\/wp\/v2\/posts\/16606\/revisions"}],"predecessor-version":[{"id":16617,"href":"https:\/\/puntodincontro.mx\/es\/wp-json\/wp\/v2\/posts\/16606\/revisions\/16617"}],"wp:featuredmedia":[{"embeddable":true,"href":"https:\/\/puntodincontro.mx\/es\/wp-json\/wp\/v2\/media\/16615"}],"wp:attachment":[{"href":"https:\/\/puntodincontro.mx\/es\/wp-json\/wp\/v2\/media?parent=16606"}],"wp:term":[{"taxonomy":"category","embeddable":true,"href":"https:\/\/puntodincontro.mx\/es\/wp-json\/wp\/v2\/categories?post=16606"},{"taxonomy":"post_tag","embeddable":true,"href":"https:\/\/puntodincontro.mx\/es\/wp-json\/wp\/v2\/tags?post=16606"}],"curies":[{"name":"wp","href":"https:\/\/api.w.org\/{rel}","templated":true}]}}