{"id":16618,"date":"2023-11-15T09:24:54","date_gmt":"2023-11-15T15:24:54","guid":{"rendered":"https:\/\/puntodincontro.mx\/?p=16618"},"modified":"2023-11-15T15:15:24","modified_gmt":"2023-11-15T21:15:24","slug":"en-mexico-la-viii-edicion-de-la-semana-de-la-cocina-italiana","status":"publish","type":"post","link":"https:\/\/puntodincontro.mx\/es\/2023\/11\/15\/in-messico-lviii-edizione-della-settimana-della-cucina-italiana\/","title":{"rendered":"En M\u00e9xico la VIII edici\u00f3n de la Semana de la Cocina Italiana"},"content":{"rendered":"<p class=\"translation-block\"><strong>07:04 hrs.<\/strong> - La Semana de la Cocina Italiana en el Mundo representa una ocasi\u00f3n para redescubrir una de las gastronom\u00edas m\u00e1s populares del planeta en todas de sus facetas. La VIII edici\u00f3n se celebra en M\u00e9xico con varias manifestaciones, organizadas por la Embajada de Italia en colaboraci\u00f3n con el Instituto Italiano de Cultura, la C\u00e1mara de Comercio Italiana, el Instituto de Comercio Exterior y la Sociedad Dante Alighieri.<\/p>\n\n\n\n<p>Promovida por el ministerio de Asuntos Exteriores y de la Cooperaci\u00f3n Internacional y realizada por las representaciones diplom\u00e1ticas en los cinco continentes, la iniciativa tiene el prop\u00f3sito de difundir la tradici\u00f3n y las perspectivas de la gastronom\u00eda del Bel Paese.<\/p>\n\n\n\n<p class=\"translation-block\">El tema en el 2023 es <em>En la mesa con la cocina italiana: bienestar con gusto<\/em> y en este contexto las citas del programa miran a promover la aut\u00e9ntica cultura culinaria del pa\u00eds de la bota, as\u00ed como los principios de la <em>dieta mediterr\u00e1nea<\/em>, un modelo alimentario equilibrado, basado en ingredientes y productos con denominaci\u00f3n protegida y controlada.<\/p>\n\n\n\n<p>La finalidad es involucrar a un n\u00famero cada vez m\u00e1s amplio de empresas, interlocutores institucionales, asociaciones del mundo de la gastronom\u00eda y operadores del sector, favoreciendo su acercamiento a Italia.<\/p>\n\n\n\n<p>Ulteriores objetivos de la manifestaci\u00f3n son el contraste al fen\u00f3meno de la imitaci\u00f3n de productos y la internacionalizaci\u00f3n de la oferta formativa en el sector de la cocina y del hospedaje, junto con la difusi\u00f3n del principio de conexi\u00f3n entre los alimentos, la sostenibilidad, la biodiversidad, la heterogeneidad alimentaria, la protecci\u00f3n de las denominaciones controladas, las tradiciones gastron\u00f3micas y la cultura vin\u00edcola de las Regiones italianas.<\/p>\n\n\n\n<p>Estar\u00e1n presentes en M\u00e9xico para conferencias y demostraciones dos maestros chocolateros: Pierpaolo Ruta, de la Antica Dolceria Bonajuto \u2014la primera f\u00e1brica de chocolate de Sicilia, fundada en M\u00f3dica en 1880\u2014, e Innocenzo Pluchino, director de Dolci Fonderie Ciomod \u2014empresa productora de chocolates y licores\u2014, acompa\u00f1ados por Eugenio Guarducci, fundador y presidente de Eurochocolate.<\/p>\n\n\n\n<p class=\"translation-block\">El programa prev\u00e9, adem\u00e1s, la inauguraci\u00f3n de la muestra <em>Gusto! Italianos en la mesa. 1970-2050<\/em>\u2014exposici\u00f3n que M9 - Museo del '900 dedica a una de las mayores pasiones italianas para una comparaci\u00f3n con el pasado, el presente y el futuro, entre la investigaci\u00f3n cient\u00edfica, la experiencia pop, el juego y la investigaci\u00f3n cr\u00edtica\u2014y la presentaci\u00f3n del libro <em>La historia de la cocina italiana en c\u00f3mics<\/em>, publicado por la <em>Accademia Italiana della Cucina<\/em>.<\/p>\n\n\n\n<p>El evento de este a\u00f1o es tambi\u00e9n una excelente oportunidad para recordar que el pasado mes de marzo los ministerios de Agricultura y de Cultura lanzaron la candidatura a la UNESCO de la cocina italiana para la lista representativa del Patrimonio Cultural Inmaterial de la Humanidad.<\/p>\n\n\n\n<p><strong>Programa de la VIII Semana de la Cocina Italiana en M\u00e9xico<\/strong><\/p>\n\n\n\n<p>15-17 de noviembre - XII edici\u00f3n del Festival del Chocolate Tabasco en Villaheromosa. Italia es el pa\u00eds invitado.<\/p>\n\n\n\n<p>17 de noviembre a las 16 hrs. - Masterclass de los maestros chocolateros Pierpaolo Ruta e Innocenzo Pluchino \u2014acompa\u00f1ados por Eugenio Guarducci, fundador y presidente de Eurochocolate\u2014 dirigida a los estudiantes del Claustro de Sor Juana, la Universidad An\u00e1huac y otras casas de estudio.<\/p>\n\n\n\n<p class=\"translation-block\">17 de noviembre a las 18 hrs. - Conferencia del profesor Massimo De Giuseppe (Universidad IULM de Mil\u00e1n) <em>El cacao y su historia entre M\u00e9xico e Italia<\/em><\/p>\n\n\n\n<p class=\"translation-block\">17 de noviembre a las 19 hrs. - Inauguraci\u00f3n de la exposici\u00f3n <em>\u00a1GUSTO! Los italianos en la mesa (1970-2050)<\/em> en el Instituto Italiano de Cultura de la Ciudad de M\u00e9xico.<\/p>\n\n\n\n<p class=\"translation-block\">17 de noviembre a las 19 hrs. - Aperitivo en el Instituto Italiano de Cultura de la Ciudad de M\u00e9xico con degustaci\u00f3n inspirada en el libro <em>La historia de la cocina italiana en el c\u00f3mic<\/em>, editado por la Academia Italiana de Cocina.<\/p>\n\n\n\n<p>17 de noviembre a las 19 hrs. - Show cooking de Innocenzo Pluchino y Pierpaolo Ruta presentado por Eugenio Guarducci.<\/p>\n\n\n\n<p>17 de noviembre a las 21 hrs. - Concierto del grupo italiano Bandakadabra<\/p>\n\n\n\n<p>18 de noviembre en la ma\u00f1ana - Masterclass \u201cManos en pasta\u201d. Los ni\u00f1os de los cursos de italiano de la Sociedad Dante Alighieri de la Ciudad de M\u00e9xico aprender\u00e1n a hacer pasta supervisados por el chef Alessandro Comito en las instalaciones de la escuela Hanseatik Pizza de Santa Fe.<\/p>\n\n\n\n<p>23 de noviembre a las 20 hrs.- Cena sensorial en la Sociedad Dante Alighieri de la Ciudad de M\u00e9xico preparada por el chef Umberto Fregoni con la intervenci\u00f3n del sommelier Vicente Mendoza. La cena en 4 tiempos ser\u00e1 degustada con todos los sentidos, menos el de la vista, ya que cada invitado llevar\u00e1 antifaz.<\/p>\n\n\n\n<p>25 y 26 novembre - Bazar navide\u00f1o y festival gastron\u00f3mico organizado por la Asociaci\u00f3n Italiana de Asistencia en el Instituto Italiano de Cultura.<\/p>\n\n\n\n<p class=\"translation-block\">28 de noviembre a las 15:00 hrs. <em>The Authentic Italian Table<\/em> en el Instituto Italiano de Cultura de la Ciudad de M\u00e9xico. Evento organizado en colaboraci\u00f3n con la C\u00e1mara de Comercio y dirigido a <em>influencers<\/em> y periodistas para promover el uso de productos gastron\u00f3micos aut\u00e9nticos italianos.<\/p>\n\n\n\n<p><strong>Restaurantes participantes con men\u00fas t\u00edpicos a precios bajos (hasta el 13 de diciembre de 2023)<\/strong><\/p>\n\n\n\n<p class=\"translation-block\">Ardente \u2013 Laredo 13, Colonia Hip\u00f3dromo Condesa, Citt\u00e0 del Messico<br>Belfiore \u2013 Presidente Masaryk 514, Polanco, Citt\u00e0 del Messico<br>Belforno \u2013 Alfonso Reyes 108 angolo Puerto Real, Colonia Hip\u00f3dromo Condesa, Citt\u00e0 del Messico<br>Cantinetta del Becco \u2013 Javier Barros Sierra 540, Park Plaza, Santa Fe, Citt\u00e0 del Messico<br>Di Pace \u2013 Felipe Villanueva 802, Colonia Morelos 2da Sezione, Toluca, Stato del Messico<br>Forneria del Becco \u2013 Blvd. Adolfo Ruiz Cortines 3720, Jardines del Pedregal, \u00c1lvaro Obreg\u00f3n, Citt\u00e0 del Messico<br>Forno di Casa \u2013 Parque La Mexicana, Av. Luis Barrag\u00e1n 505, Santa Fe, Citt\u00e0 del Messico<br>Galea \u2013 Sinaloa 67 Colonia Roma Norte, Citt\u00e0 del Messico<br>Maria 138 \u2013 Santa Mar\u00eda la Ribera 138, Colonia Cuauht\u00e9moc, Citt\u00e0 del Messico<br>Mr. Lasagna \u2013 Avenida del Bosque, SM. 503, MZ.1, LT.10, Canc\u00fan, Quintana Roo<br>Osteria del Becco \u2013 Goldsmith No. 103, Colonia Polanco, Miguel Hidalgo, 11550 Ciudad de M\u00e9xico<br>Quattro \u2013 Av. Santa Fe 160, Santa Fe, Alvaro Obreg\u00f3n, 01219 Ciudad de M\u00e9xico, (en el interior del hotel JW Marriott Santa Fe)<br>Santino \u2013 Av. Presidente Mazaryk 178 esquina Emerson, Colonia Polanco, Ciudad de M\u00e9xico<br>Sartoria \u2013 Orizaba 42, Colonia Roma Norte, Ciudad de M\u00e9xico<br>Sepia \u2013 Sinaloa 170, Colonia Roma Norte, Ciudad de M\u00e9xico<br>Trattoria Palacio \u2013 Palacio de Hierro, Calle Plat\u00f3n 270, Colonia Polanco, Ciudad de M\u00e9xico<\/p>\n\n\n\n<p><\/p>\n\n\n\n<p class=\"has-small-font-size\">Immagine: esteri.it<\/p>\n\n\n\n<div style=\"height:12px\" aria-hidden=\"true\" class=\"wp-block-spacer\"><\/div>\n\n\n<!-- Ad space powered by WP AdCenter v2.5.7 - https:\/\/wpadcenter.com\/ --><div class=\"wpadcenter-adgroup\" ><div class=\"wpadcenter-adgroup__row wpadcenter-aligncenter\"><div class=\"wpadcenter-ad-container\" ><div id=\"wpadcenter-ad-18464\" class=\"ad-placement\"><div class=\"wpadcenter-ad-inner\" ><a id=\"wpadcenter_ad\" data-value=\"18464\" data-placement=\"\" href=\"https:\/\/www.productosremo.com\/\" target=\"_blank\" class=\"wpadcenter-ad-inner__item\" ><img decoding=\"async\"   src=\"https:\/\/puntodincontro.mx\/wp-content\/uploads\/2021\/08\/remobanner.jpg\" class=\"attachment-post-thumbnail size-post-thumbnail wp-post-image\" alt=\"\" srcset=\"https:\/\/puntodincontro.mx\/wp-content\/uploads\/2021\/08\/remobanner.jpg 200w, https:\/\/puntodincontro.mx\/wp-content\/uploads\/2021\/08\/remobanner-16x5.jpg 16w\" sizes=\"(max-width: 200px) 100vw, 200px\" \/><\/a><\/div><\/div><\/div><div class=\"wpadcenter-ad-container\" ><div id=\"wpadcenter-ad-5305\" class=\"ad-placement\"><div class=\"wpadcenter-ad-inner\" ><a id=\"wpadcenter_ad\" data-value=\"5305\" data-placement=\"\" href=\"https:\/\/faitalia.com.mx\/\" target=\"_blank\" class=\"wpadcenter-ad-inner__item\" ><img decoding=\"async\"   src=\"https:\/\/puntodincontro.mx\/wp-content\/uploads\/2022\/05\/gruppodino.jpg\" class=\"attachment-post-thumbnail size-post-thumbnail wp-post-image\" alt=\"\" srcset=\"https:\/\/puntodincontro.mx\/wp-content\/uploads\/2022\/05\/gruppodino.jpg 200w, https:\/\/puntodincontro.mx\/wp-content\/uploads\/2022\/05\/gruppodino-18x5.jpg 18w\" sizes=\"(max-width: 200px) 100vw, 200px\" \/><\/a><\/div><\/div><\/div><div class=\"wpadcenter-ad-container\" ><div id=\"wpadcenter-ad-3781\" class=\"ad-placement\"><div class=\"wpadcenter-ad-inner\" ><a id=\"wpadcenter_ad\" data-value=\"3781\" data-placement=\"\" href=\"https:\/\/cannizzo.com.mx\/\" target=\"_blank\" class=\"wpadcenter-ad-inner__item\" ><img decoding=\"async\"   src=\"https:\/\/puntodincontro.mx\/wp-content\/uploads\/2022\/03\/cannizzo2.jpg\" class=\"attachment-post-thumbnail size-post-thumbnail wp-post-image\" alt=\"\" srcset=\"https:\/\/puntodincontro.mx\/wp-content\/uploads\/2022\/03\/cannizzo2.jpg 200w, https:\/\/puntodincontro.mx\/wp-content\/uploads\/2022\/03\/cannizzo2-18x5.jpg 18w\" sizes=\"(max-width: 200px) 100vw, 200px\" \/><\/a><\/div><\/div><\/div><\/div><div class=\"wpadcenter-adgroup__row wpadcenter-aligncenter\"><div class=\"wpadcenter-ad-container\" ><div id=\"wpadcenter-ad-1704\" class=\"ad-placement\"><div class=\"wpadcenter-ad-inner\" ><a id=\"wpadcenter_ad\" data-value=\"1704\" data-placement=\"\" href=\"https:\/\/puntodincontro.mx\/es\/2021\/12\/24\/inps-verificacion-de-supervivencia-de-los-pensionados-en-el-extranjero\/\" target=\"_blank\" class=\"wpadcenter-ad-inner__item\" ><img decoding=\"async\"   src=\"https:\/\/puntodincontro.mx\/wp-content\/uploads\/2021\/11\/logo-ital.jpg\" class=\"attachment-post-thumbnail size-post-thumbnail wp-post-image\" alt=\"Patronato ITAL Messico\" srcset=\"https:\/\/puntodincontro.mx\/wp-content\/uploads\/2021\/11\/logo-ital.jpg 200w, https:\/\/puntodincontro.mx\/wp-content\/uploads\/2021\/11\/logo-ital-16x5.jpg 16w\" sizes=\"(max-width: 200px) 100vw, 200px\" \/><\/a><\/div><\/div><\/div><div class=\"wpadcenter-ad-container\" ><div id=\"wpadcenter-ad-1538\" class=\"ad-placement\"><div class=\"wpadcenter-ad-inner\" ><a id=\"wpadcenter_ad\" data-value=\"1538\" data-placement=\"\" href=\"https:\/\/asociacionitaliana.org\/\" target=\"_blank\" class=\"wpadcenter-ad-inner__item\" ><img decoding=\"async\"   src=\"https:\/\/puntodincontro.mx\/wp-content\/uploads\/2021\/11\/aialogo.jpg\" class=\"attachment-post-thumbnail size-post-thumbnail wp-post-image\" alt=\"Associazione Italiana di Assistenza IAP\" srcset=\"https:\/\/puntodincontro.mx\/wp-content\/uploads\/2021\/11\/aialogo.jpg 200w, https:\/\/puntodincontro.mx\/wp-content\/uploads\/2021\/11\/aialogo-18x5.jpg 18w\" sizes=\"(max-width: 200px) 100vw, 200px\" \/><\/a><\/div><\/div><\/div><div class=\"wpadcenter-ad-container\" ><div id=\"wpadcenter-ad-1513\" class=\"ad-placement\"><div class=\"wpadcenter-ad-inner\" ><a id=\"wpadcenter_ad\" data-value=\"1513\" data-placement=\"\" href=\"https:\/\/gcinmuebles.mx\" target=\"_blank\" class=\"wpadcenter-ad-inner__item\" ><img decoding=\"async\"   src=\"https:\/\/puntodincontro.mx\/wp-content\/uploads\/2021\/10\/gcinmuebleslogopunto-1.jpg\" class=\"attachment-post-thumbnail size-post-thumbnail wp-post-image\" alt=\"\" srcset=\"https:\/\/puntodincontro.mx\/wp-content\/uploads\/2021\/10\/gcinmuebleslogopunto-1.jpg 200w, https:\/\/puntodincontro.mx\/wp-content\/uploads\/2021\/10\/gcinmuebleslogopunto-1-18x5.jpg 18w\" sizes=\"(max-width: 200px) 100vw, 200px\" \/><\/a><\/div><\/div><\/div><\/div><div class=\"wpadcenter-adgroup__row wpadcenter-aligncenter\"><div class=\"wpadcenter-ad-container\" ><div id=\"wpadcenter-ad-1374\" class=\"ad-placement\"><div class=\"wpadcenter-ad-inner\" ><a id=\"wpadcenter_ad\" data-value=\"1374\" data-placement=\"\" href=\"https:\/\/www.9colonne.it\/\" target=\"_blank\" class=\"wpadcenter-ad-inner__item\" ><img decoding=\"async\"   src=\"https:\/\/puntodincontro.mx\/wp-content\/uploads\/2021\/10\/Banner9colonne.gif\" class=\"attachment-post-thumbnail size-post-thumbnail wp-post-image\" alt=\"\" \/><\/a><\/div><\/div><\/div><div class=\"wpadcenter-ad-container\" ><div id=\"wpadcenter-ad-276\" class=\"ad-placement\"><div class=\"wpadcenter-ad-inner\" ><a id=\"wpadcenter_ad\" data-value=\"276\" data-placement=\"\" href=\"http:\/\/www.camaraitaliana.mx\/\" target=\"_blank\" class=\"wpadcenter-ad-inner__item\" ><img decoding=\"async\"   src=\"https:\/\/puntodincontro.mx\/wp-content\/uploads\/2021\/08\/ccimnuovo.jpg\" class=\"attachment-post-thumbnail size-post-thumbnail wp-post-image\" alt=\"\" srcset=\"https:\/\/puntodincontro.mx\/wp-content\/uploads\/2021\/08\/ccimnuovo.jpg 200w, https:\/\/puntodincontro.mx\/wp-content\/uploads\/2021\/08\/ccimnuovo-18x5.jpg 18w\" sizes=\"(max-width: 200px) 100vw, 200px\" \/><\/a><\/div><\/div><\/div><div class=\"wpadcenter-ad-container\" ><div id=\"wpadcenter-ad-272\" class=\"ad-placement\"><div class=\"wpadcenter-ad-inner\" ><a id=\"wpadcenter_ad\" data-value=\"272\" data-placement=\"\" href=\"http:\/\/corix.us\/\" target=\"_blank\" class=\"wpadcenter-ad-inner__item\" ><img decoding=\"async\"   src=\"https:\/\/puntodincontro.mx\/wp-content\/uploads\/2021\/08\/corixbanner-1.jpg\" class=\"attachment-post-thumbnail size-post-thumbnail wp-post-image\" alt=\"\" srcset=\"https:\/\/puntodincontro.mx\/wp-content\/uploads\/2021\/08\/corixbanner-1.jpg 200w, https:\/\/puntodincontro.mx\/wp-content\/uploads\/2021\/08\/corixbanner-1-16x5.jpg 16w\" sizes=\"(max-width: 200px) 100vw, 200px\" \/><\/a><\/div><\/div><\/div><\/div><div class=\"wpadcenter-adgroup__row wpadcenter-aligncenter\"><div class=\"wpadcenter-ad-container\" ><div id=\"wpadcenter-ad-266\" class=\"ad-placement\"><div class=\"wpadcenter-ad-inner\" ><a id=\"wpadcenter_ad\" data-value=\"266\" data-placement=\"\" href=\"https:\/\/www.prinsel.com.mx\/\" target=\"_blank\" class=\"wpadcenter-ad-inner__item\" ><img decoding=\"async\"   src=\"https:\/\/puntodincontro.mx\/wp-content\/uploads\/2021\/08\/prinselbanner-1.jpg\" class=\"attachment-post-thumbnail size-post-thumbnail wp-post-image\" alt=\"\" srcset=\"https:\/\/puntodincontro.mx\/wp-content\/uploads\/2021\/08\/prinselbanner-1.jpg 200w, https:\/\/puntodincontro.mx\/wp-content\/uploads\/2021\/08\/prinselbanner-1-16x5.jpg 16w\" sizes=\"(max-width: 200px) 100vw, 200px\" \/><\/a><\/div><\/div><\/div><div class=\"wpadcenter-ad-container\" ><div id=\"wpadcenter-ad-261\" class=\"ad-placement\"><div class=\"wpadcenter-ad-inner\" ><a id=\"wpadcenter_ad\" data-value=\"261\" data-placement=\"\" href=\"https:\/\/ambcittadelmessico.esteri.it\/ambasciata_cittadelmessico\/it\/\" target=\"_blank\" class=\"wpadcenter-ad-inner__item\" ><img decoding=\"async\"   src=\"https:\/\/puntodincontro.mx\/wp-content\/uploads\/2021\/08\/ambasciatabanner-1.jpg\" class=\"attachment-post-thumbnail size-post-thumbnail wp-post-image\" alt=\"\" srcset=\"https:\/\/puntodincontro.mx\/wp-content\/uploads\/2021\/08\/ambasciatabanner-1.jpg 200w, https:\/\/puntodincontro.mx\/wp-content\/uploads\/2021\/08\/ambasciatabanner-1-16x5.jpg 16w\" sizes=\"(max-width: 200px) 100vw, 200px\" \/><\/a><\/div><\/div><\/div><\/div><\/div>\n\n\n<div style=\"height:12px\" aria-hidden=\"true\" class=\"wp-block-spacer\"><\/div>","protected":false},"excerpt":{"rendered":"<p>Ore 07.04 &#8211; La Settimana della Cucina Italiana nel Mondo rappresenta un&#8217;occasione per riscoprire una delle gastronomie pi\u00f9 apprezzate del pianeta in tutte le sue sfaccettature. L&#8217;VIII edizione si celebra in Messico con numerose manifestazioni, organizzate dall&#8217;Ambasciata d&#8217;Italia in collaborazione con l&#8217;Istituto Italiano di Cultura, la Camera di Commercio Italiana, l&#8217;Istituto per il Commercio Estero e la Societ\u00e0 Dante Alighieri. Promossa dal ministero degli Affari Esteri e della Cooperazione Internazionale attraverso le rappresentanze diplomatiche nei cinque continenti, l&#8217;iniziativa ha la missione di diffondere la tradizione e le prospettive della gastronomia del Bel Paese. Il tema nel 2023 \u00e8 A tavola&#8230; <\/p>","protected":false},"author":2,"featured_media":16629,"comment_status":"open","ping_status":"open","sticky":false,"template":"","format":"standard","meta":{"_monsterinsights_skip_tracking":false,"_monsterinsights_sitenote_active":false,"_monsterinsights_sitenote_note":"","_monsterinsights_sitenote_category":0,"footnotes":""},"categories":[4],"tags":[],"class_list":["post-16618","post","type-post","status-publish","format-standard","has-post-thumbnail","hentry","category-italia-in-messico"],"yoast_head":"<!-- This site is optimized with the Yoast SEO Premium plugin v18.4 (Yoast SEO v25.6) - https:\/\/yoast.com\/wordpress\/plugins\/seo\/ -->\n<title>In Messico l&#039;VIII edizione della Settimana della Cucina Italiana<\/title>\n<meta name=\"description\" content=\"La Settimana della Cucina Italiana nel Mondo \u00e8 un&#039;occasione per riscoprire una delle gastronomie pi\u00f9 apprezzate del pianeta.\" \/>\n<meta name=\"robots\" content=\"index, follow, max-snippet:-1, max-image-preview:large, max-video-preview:-1\" \/>\n<link rel=\"canonical\" href=\"https:\/\/puntodincontro.mx\/es\/2023\/11\/15\/en-mexico-la-viii-edicion-de-la-semana-de-la-cocina-italiana\/\" \/>\n<meta property=\"og:locale\" content=\"es_MX\" \/>\n<meta property=\"og:type\" content=\"article\" \/>\n<meta property=\"og:title\" content=\"In Messico l&#039;VIII edizione della Settimana della Cucina Italiana\" \/>\n<meta property=\"og:description\" content=\"La Settimana della Cucina Italiana nel Mondo \u00e8 un&#039;occasione per riscoprire una delle gastronomie pi\u00f9 apprezzate del pianeta.\" \/>\n<meta property=\"og:url\" content=\"https:\/\/puntodincontro.mx\/es\/2023\/11\/15\/en-mexico-la-viii-edicion-de-la-semana-de-la-cocina-italiana\/\" \/>\n<meta property=\"og:site_name\" content=\"Puntodincontro\" \/>\n<meta property=\"article:publisher\" content=\"https:\/\/www.facebook.com\/puntodincontro.mx\" \/>\n<meta property=\"article:published_time\" content=\"2023-11-15T15:24:54+00:00\" \/>\n<meta property=\"article:modified_time\" content=\"2023-11-15T21:15:24+00:00\" \/>\n<meta property=\"og:image\" content=\"https:\/\/puntodincontro.mx\/wp-content\/uploads\/2023\/11\/settimanacucinacomp.jpg\" \/>\n\t<meta property=\"og:image:width\" content=\"932\" \/>\n\t<meta property=\"og:image:height\" content=\"488\" \/>\n\t<meta property=\"og:image:type\" content=\"image\/jpeg\" \/>\n<meta name=\"author\" content=\"Puntodincontro\" \/>\n<meta name=\"twitter:card\" content=\"summary_large_image\" \/>\n<meta name=\"twitter:creator\" content=\"@puntodincontro\" \/>\n<meta name=\"twitter:site\" content=\"@puntodincontro\" \/>\n<meta name=\"twitter:label1\" content=\"Escrito por\" \/>\n\t<meta name=\"twitter:data1\" content=\"Puntodincontro\" \/>\n\t<meta name=\"twitter:label2\" content=\"Tiempo de lectura\" \/>\n\t<meta name=\"twitter:data2\" content=\"4 minutos\" \/>\n<script type=\"application\/ld+json\" class=\"yoast-schema-graph\">{\"@context\":\"https:\/\/schema.org\",\"@graph\":[{\"@type\":\"NewsArticle\",\"@id\":\"https:\/\/puntodincontro.mx\/2023\/11\/15\/in-messico-lviii-edizione-della-settimana-della-cucina-italiana\/#article\",\"isPartOf\":{\"@id\":\"https:\/\/puntodincontro.mx\/2023\/11\/15\/in-messico-lviii-edizione-della-settimana-della-cucina-italiana\/\"},\"author\":{\"name\":\"Puntodincontro\",\"@id\":\"https:\/\/puntodincontro.mx\/#\/schema\/person\/d3066d18a16259cbb0c29b0d0e93b556\"},\"headline\":\"In Messico l&#8217;VIII edizione della Settimana della Cucina Italiana\",\"datePublished\":\"2023-11-15T15:24:54+00:00\",\"dateModified\":\"2023-11-15T21:15:24+00:00\",\"mainEntityOfPage\":{\"@id\":\"https:\/\/puntodincontro.mx\/2023\/11\/15\/in-messico-lviii-edizione-della-settimana-della-cucina-italiana\/\"},\"wordCount\":919,\"commentCount\":0,\"publisher\":{\"@id\":\"https:\/\/puntodincontro.mx\/#organization\"},\"image\":{\"@id\":\"https:\/\/puntodincontro.mx\/2023\/11\/15\/in-messico-lviii-edizione-della-settimana-della-cucina-italiana\/#primaryimage\"},\"thumbnailUrl\":\"https:\/\/puntodincontro.mx\/wp-content\/uploads\/2023\/11\/settimanacucinavert.webp\",\"articleSection\":[\"Italia in Messico\"],\"inLanguage\":\"es\",\"potentialAction\":[{\"@type\":\"CommentAction\",\"name\":\"Comment\",\"target\":[\"https:\/\/puntodincontro.mx\/2023\/11\/15\/in-messico-lviii-edizione-della-settimana-della-cucina-italiana\/#respond\"]}]},{\"@type\":\"WebPage\",\"@id\":\"https:\/\/puntodincontro.mx\/2023\/11\/15\/in-messico-lviii-edizione-della-settimana-della-cucina-italiana\/\",\"url\":\"https:\/\/puntodincontro.mx\/2023\/11\/15\/in-messico-lviii-edizione-della-settimana-della-cucina-italiana\/\",\"name\":\"In Messico l'VIII edizione della Settimana della Cucina Italiana\",\"isPartOf\":{\"@id\":\"https:\/\/puntodincontro.mx\/#website\"},\"primaryImageOfPage\":{\"@id\":\"https:\/\/puntodincontro.mx\/2023\/11\/15\/in-messico-lviii-edizione-della-settimana-della-cucina-italiana\/#primaryimage\"},\"image\":{\"@id\":\"https:\/\/puntodincontro.mx\/2023\/11\/15\/in-messico-lviii-edizione-della-settimana-della-cucina-italiana\/#primaryimage\"},\"thumbnailUrl\":\"https:\/\/puntodincontro.mx\/wp-content\/uploads\/2023\/11\/settimanacucinavert.webp\",\"datePublished\":\"2023-11-15T15:24:54+00:00\",\"dateModified\":\"2023-11-15T21:15:24+00:00\",\"description\":\"La Settimana della Cucina Italiana nel Mondo \u00e8 un'occasione per riscoprire una delle gastronomie pi\u00f9 apprezzate del pianeta.\",\"breadcrumb\":{\"@id\":\"https:\/\/puntodincontro.mx\/2023\/11\/15\/in-messico-lviii-edizione-della-settimana-della-cucina-italiana\/#breadcrumb\"},\"inLanguage\":\"es\",\"potentialAction\":[{\"@type\":\"ReadAction\",\"target\":[\"https:\/\/puntodincontro.mx\/2023\/11\/15\/in-messico-lviii-edizione-della-settimana-della-cucina-italiana\/\"]}]},{\"@type\":\"ImageObject\",\"inLanguage\":\"es\",\"@id\":\"https:\/\/puntodincontro.mx\/2023\/11\/15\/in-messico-lviii-edizione-della-settimana-della-cucina-italiana\/#primaryimage\",\"url\":\"https:\/\/puntodincontro.mx\/wp-content\/uploads\/2023\/11\/settimanacucinavert.webp\",\"contentUrl\":\"https:\/\/puntodincontro.mx\/wp-content\/uploads\/2023\/11\/settimanacucinavert.webp\",\"width\":423,\"height\":488,\"caption\":\"In Messico l'VIII edizione della Settimana della Cucina Italiana \/ Immagine: esteri.it\"},{\"@type\":\"BreadcrumbList\",\"@id\":\"https:\/\/puntodincontro.mx\/2023\/11\/15\/in-messico-lviii-edizione-della-settimana-della-cucina-italiana\/#breadcrumb\",\"itemListElement\":[{\"@type\":\"ListItem\",\"position\":1,\"name\":\"Home\",\"item\":\"https:\/\/puntodincontro.mx\/\"},{\"@type\":\"ListItem\",\"position\":2,\"name\":\"In Messico l&#8217;VIII edizione della Settimana della Cucina Italiana\"}]},{\"@type\":\"WebSite\",\"@id\":\"https:\/\/puntodincontro.mx\/#website\",\"url\":\"https:\/\/puntodincontro.mx\/\",\"name\":\"Puntodincontro\",\"description\":\"Dal 2006 notizie sui rapporti Italia-Messico \/ Desde 2006 noticias sobre las relaciones entre Italia y M\u00e9xico\",\"publisher\":{\"@id\":\"https:\/\/puntodincontro.mx\/#organization\"},\"potentialAction\":[{\"@type\":\"SearchAction\",\"target\":{\"@type\":\"EntryPoint\",\"urlTemplate\":\"https:\/\/puntodincontro.mx\/?s={search_term_string}\"},\"query-input\":{\"@type\":\"PropertyValueSpecification\",\"valueRequired\":true,\"valueName\":\"search_term_string\"}}],\"inLanguage\":\"es\"},{\"@type\":\"Organization\",\"@id\":\"https:\/\/puntodincontro.mx\/#organization\",\"name\":\"Puntodincontro\",\"url\":\"https:\/\/puntodincontro.mx\/\",\"logo\":{\"@type\":\"ImageObject\",\"inLanguage\":\"es\",\"@id\":\"https:\/\/puntodincontro.mx\/#\/schema\/logo\/image\/\",\"url\":\"https:\/\/puntodincontro.mx\/wp-content\/uploads\/2021\/08\/Default-image-for-open-graph-settings.jpg\",\"contentUrl\":\"https:\/\/puntodincontro.mx\/wp-content\/uploads\/2021\/08\/Default-image-for-open-graph-settings.jpg\",\"width\":1200,\"height\":630,\"caption\":\"Puntodincontro\"},\"image\":{\"@id\":\"https:\/\/puntodincontro.mx\/#\/schema\/logo\/image\/\"},\"sameAs\":[\"https:\/\/www.facebook.com\/puntodincontro.mx\",\"https:\/\/x.com\/puntodincontro\",\"https:\/\/www.instagram.com\/puntodincontro.mx\/\",\"https:\/\/www.linkedin.com\/company\/puntodincontro\/\",\"https:\/\/www.youtube.com\/c\/puntodincontromessico\",\"https:\/\/www.patreon.com\/puntodincontro\",\"https:\/\/www.threads.net\/@puntodincontro.mx\"]},{\"@type\":\"Person\",\"@id\":\"https:\/\/puntodincontro.mx\/#\/schema\/person\/d3066d18a16259cbb0c29b0d0e93b556\",\"name\":\"Puntodincontro\",\"image\":{\"@type\":\"ImageObject\",\"inLanguage\":\"es\",\"@id\":\"https:\/\/puntodincontro.mx\/#\/schema\/person\/image\/\",\"url\":\"https:\/\/secure.gravatar.com\/avatar\/0e85b4b3b5e9d6bfcec6a4956d8cc63a?s=96&d=mm&r=g\",\"contentUrl\":\"https:\/\/secure.gravatar.com\/avatar\/0e85b4b3b5e9d6bfcec6a4956d8cc63a?s=96&d=mm&r=g\",\"caption\":\"Puntodincontro\"},\"url\":\"https:\/\/puntodincontro.mx\/es\/author\/puntodincontro\/\"}]}<\/script>\n<!-- \/ Yoast SEO Premium plugin. -->","yoast_head_json":{"title":"In Messico l'VIII edizione della Settimana della Cucina Italiana","description":"La Settimana della Cucina Italiana nel Mondo \u00e8 un'occasione per riscoprire una delle gastronomie pi\u00f9 apprezzate del pianeta.","robots":{"index":"index","follow":"follow","max-snippet":"max-snippet:-1","max-image-preview":"max-image-preview:large","max-video-preview":"max-video-preview:-1"},"canonical":"https:\/\/puntodincontro.mx\/es\/2023\/11\/15\/en-mexico-la-viii-edicion-de-la-semana-de-la-cocina-italiana\/","og_locale":"es_MX","og_type":"article","og_title":"In Messico l'VIII edizione della Settimana della Cucina Italiana","og_description":"La Settimana della Cucina Italiana nel Mondo \u00e8 un'occasione per riscoprire una delle gastronomie pi\u00f9 apprezzate del pianeta.","og_url":"https:\/\/puntodincontro.mx\/es\/2023\/11\/15\/en-mexico-la-viii-edicion-de-la-semana-de-la-cocina-italiana\/","og_site_name":"Puntodincontro","article_publisher":"https:\/\/www.facebook.com\/puntodincontro.mx","article_published_time":"2023-11-15T15:24:54+00:00","article_modified_time":"2023-11-15T21:15:24+00:00","og_image":[{"width":932,"height":488,"url":"https:\/\/puntodincontro.mx\/wp-content\/uploads\/2023\/11\/settimanacucinacomp.jpg","type":"image\/jpeg"}],"author":"Puntodincontro","twitter_card":"summary_large_image","twitter_creator":"@puntodincontro","twitter_site":"@puntodincontro","twitter_misc":{"Escrito por":"Puntodincontro","Tiempo de lectura":"4 minutos"},"schema":{"@context":"https:\/\/schema.org","@graph":[{"@type":"NewsArticle","@id":"https:\/\/puntodincontro.mx\/2023\/11\/15\/in-messico-lviii-edizione-della-settimana-della-cucina-italiana\/#article","isPartOf":{"@id":"https:\/\/puntodincontro.mx\/2023\/11\/15\/in-messico-lviii-edizione-della-settimana-della-cucina-italiana\/"},"author":{"name":"Puntodincontro","@id":"https:\/\/puntodincontro.mx\/#\/schema\/person\/d3066d18a16259cbb0c29b0d0e93b556"},"headline":"In Messico l&#8217;VIII edizione della Settimana della Cucina Italiana","datePublished":"2023-11-15T15:24:54+00:00","dateModified":"2023-11-15T21:15:24+00:00","mainEntityOfPage":{"@id":"https:\/\/puntodincontro.mx\/2023\/11\/15\/in-messico-lviii-edizione-della-settimana-della-cucina-italiana\/"},"wordCount":919,"commentCount":0,"publisher":{"@id":"https:\/\/puntodincontro.mx\/#organization"},"image":{"@id":"https:\/\/puntodincontro.mx\/2023\/11\/15\/in-messico-lviii-edizione-della-settimana-della-cucina-italiana\/#primaryimage"},"thumbnailUrl":"https:\/\/puntodincontro.mx\/wp-content\/uploads\/2023\/11\/settimanacucinavert.webp","articleSection":["Italia in Messico"],"inLanguage":"es","potentialAction":[{"@type":"CommentAction","name":"Comment","target":["https:\/\/puntodincontro.mx\/2023\/11\/15\/in-messico-lviii-edizione-della-settimana-della-cucina-italiana\/#respond"]}]},{"@type":"WebPage","@id":"https:\/\/puntodincontro.mx\/2023\/11\/15\/in-messico-lviii-edizione-della-settimana-della-cucina-italiana\/","url":"https:\/\/puntodincontro.mx\/2023\/11\/15\/in-messico-lviii-edizione-della-settimana-della-cucina-italiana\/","name":"In Messico l'VIII edizione della Settimana della Cucina Italiana","isPartOf":{"@id":"https:\/\/puntodincontro.mx\/#website"},"primaryImageOfPage":{"@id":"https:\/\/puntodincontro.mx\/2023\/11\/15\/in-messico-lviii-edizione-della-settimana-della-cucina-italiana\/#primaryimage"},"image":{"@id":"https:\/\/puntodincontro.mx\/2023\/11\/15\/in-messico-lviii-edizione-della-settimana-della-cucina-italiana\/#primaryimage"},"thumbnailUrl":"https:\/\/puntodincontro.mx\/wp-content\/uploads\/2023\/11\/settimanacucinavert.webp","datePublished":"2023-11-15T15:24:54+00:00","dateModified":"2023-11-15T21:15:24+00:00","description":"La Settimana della Cucina Italiana nel Mondo \u00e8 un'occasione per riscoprire una delle gastronomie pi\u00f9 apprezzate del pianeta.","breadcrumb":{"@id":"https:\/\/puntodincontro.mx\/2023\/11\/15\/in-messico-lviii-edizione-della-settimana-della-cucina-italiana\/#breadcrumb"},"inLanguage":"es","potentialAction":[{"@type":"ReadAction","target":["https:\/\/puntodincontro.mx\/2023\/11\/15\/in-messico-lviii-edizione-della-settimana-della-cucina-italiana\/"]}]},{"@type":"ImageObject","inLanguage":"es","@id":"https:\/\/puntodincontro.mx\/2023\/11\/15\/in-messico-lviii-edizione-della-settimana-della-cucina-italiana\/#primaryimage","url":"https:\/\/puntodincontro.mx\/wp-content\/uploads\/2023\/11\/settimanacucinavert.webp","contentUrl":"https:\/\/puntodincontro.mx\/wp-content\/uploads\/2023\/11\/settimanacucinavert.webp","width":423,"height":488,"caption":"In Messico l'VIII edizione della Settimana della Cucina Italiana \/ Immagine: esteri.it"},{"@type":"BreadcrumbList","@id":"https:\/\/puntodincontro.mx\/2023\/11\/15\/in-messico-lviii-edizione-della-settimana-della-cucina-italiana\/#breadcrumb","itemListElement":[{"@type":"ListItem","position":1,"name":"Home","item":"https:\/\/puntodincontro.mx\/"},{"@type":"ListItem","position":2,"name":"In Messico l&#8217;VIII edizione della Settimana della Cucina Italiana"}]},{"@type":"WebSite","@id":"https:\/\/puntodincontro.mx\/#website","url":"https:\/\/puntodincontro.mx\/","name":"Puntodincontro","description":"Desde el 2006 noticias sobre las relaciones entre Italia y M\u00e9xico \/ Dal 2006 notizie sui rapporti Italia-Messico","publisher":{"@id":"https:\/\/puntodincontro.mx\/#organization"},"potentialAction":[{"@type":"SearchAction","target":{"@type":"EntryPoint","urlTemplate":"https:\/\/puntodincontro.mx\/?s={search_term_string}"},"query-input":{"@type":"PropertyValueSpecification","valueRequired":true,"valueName":"search_term_string"}}],"inLanguage":"es"},{"@type":"Organization","@id":"https:\/\/puntodincontro.mx\/#organization","name":"Puntodincontro","url":"https:\/\/puntodincontro.mx\/","logo":{"@type":"ImageObject","inLanguage":"es","@id":"https:\/\/puntodincontro.mx\/#\/schema\/logo\/image\/","url":"https:\/\/puntodincontro.mx\/wp-content\/uploads\/2021\/08\/Default-image-for-open-graph-settings.jpg","contentUrl":"https:\/\/puntodincontro.mx\/wp-content\/uploads\/2021\/08\/Default-image-for-open-graph-settings.jpg","width":1200,"height":630,"caption":"Puntodincontro"},"image":{"@id":"https:\/\/puntodincontro.mx\/#\/schema\/logo\/image\/"},"sameAs":["https:\/\/www.facebook.com\/puntodincontro.mx","https:\/\/x.com\/puntodincontro","https:\/\/www.instagram.com\/puntodincontro.mx\/","https:\/\/www.linkedin.com\/company\/puntodincontro\/","https:\/\/www.youtube.com\/c\/puntodincontromessico","https:\/\/www.patreon.com\/puntodincontro","https:\/\/www.threads.net\/@puntodincontro.mx"]},{"@type":"Person","@id":"https:\/\/puntodincontro.mx\/#\/schema\/person\/d3066d18a16259cbb0c29b0d0e93b556","name":"Puntodincontro","image":{"@type":"ImageObject","inLanguage":"es","@id":"https:\/\/puntodincontro.mx\/#\/schema\/person\/image\/","url":"https:\/\/secure.gravatar.com\/avatar\/0e85b4b3b5e9d6bfcec6a4956d8cc63a?s=96&d=mm&r=g","contentUrl":"https:\/\/secure.gravatar.com\/avatar\/0e85b4b3b5e9d6bfcec6a4956d8cc63a?s=96&d=mm&r=g","caption":"Puntodincontro"},"url":"https:\/\/puntodincontro.mx\/es\/author\/puntodincontro\/"}]}},"_links":{"self":[{"href":"https:\/\/puntodincontro.mx\/es\/wp-json\/wp\/v2\/posts\/16618"}],"collection":[{"href":"https:\/\/puntodincontro.mx\/es\/wp-json\/wp\/v2\/posts"}],"about":[{"href":"https:\/\/puntodincontro.mx\/es\/wp-json\/wp\/v2\/types\/post"}],"author":[{"embeddable":true,"href":"https:\/\/puntodincontro.mx\/es\/wp-json\/wp\/v2\/users\/2"}],"replies":[{"embeddable":true,"href":"https:\/\/puntodincontro.mx\/es\/wp-json\/wp\/v2\/comments?post=16618"}],"version-history":[{"count":29,"href":"https:\/\/puntodincontro.mx\/es\/wp-json\/wp\/v2\/posts\/16618\/revisions"}],"predecessor-version":[{"id":16654,"href":"https:\/\/puntodincontro.mx\/es\/wp-json\/wp\/v2\/posts\/16618\/revisions\/16654"}],"wp:featuredmedia":[{"embeddable":true,"href":"https:\/\/puntodincontro.mx\/es\/wp-json\/wp\/v2\/media\/16629"}],"wp:attachment":[{"href":"https:\/\/puntodincontro.mx\/es\/wp-json\/wp\/v2\/media?parent=16618"}],"wp:term":[{"taxonomy":"category","embeddable":true,"href":"https:\/\/puntodincontro.mx\/es\/wp-json\/wp\/v2\/categories?post=16618"},{"taxonomy":"post_tag","embeddable":true,"href":"https:\/\/puntodincontro.mx\/es\/wp-json\/wp\/v2\/tags?post=16618"}],"curies":[{"name":"wp","href":"https:\/\/api.w.org\/{rel}","templated":true}]}}