{"id":16655,"date":"2023-11-16T02:37:06","date_gmt":"2023-11-16T08:37:06","guid":{"rendered":"https:\/\/puntodincontro.mx\/?p=16655"},"modified":"2023-11-16T06:32:41","modified_gmt":"2023-11-16T12:32:41","slug":"turismo-de-retorno-mexico-presente-en-roots-in-2023","status":"publish","type":"post","link":"https:\/\/puntodincontro.mx\/es\/2023\/11\/16\/turismo-di-ritorno-il-messico-presente-a-roots-in-2023\/","title":{"rendered":"Turismo de retorno, M\u00e9xico presente en Roots-in 2023"},"content":{"rendered":"<p class=\"translation-block\"><strong>01:35 hrs.<\/strong> - Saldr\u00e1n hoy en la noche del Aeropuerto Internacional Benito Ju\u00e1rez los 5 operadores tur\u00edsticos que, junto con Massimo Barzizza, director de Puntodincontro, representar\u00e1n a M\u00e9xico en la segunda edici\u00f3n de Roots-In, el evento internacional dedicado al turismo de retorno que se celebrar\u00e1 en Matera los d\u00edas 20 y 21 de noviembre.<\/p>\n\n\n\n<p>El encuentro vuelve tras el \u00e9xito del a\u00f1o pasado y en v\u00edsperas del 2024, declarado \u201cA\u00f1o de las ra\u00edces italianas en el mundo\u201d.<\/p>\n\n\n\n<p>Seg\u00fan dijo a ANSA la ministra del Turismo Daniela Santanch\u00e8, \u00abRoots-In representa un momento de discusi\u00f3n muy importante para un segmento, el de las ra\u00edces, que \u2014involucrando a m\u00e1s de 60 millones de viajeros y generando un gasto anual previsto de alrededor de 8 mil millones de euros\u2014 constituye sin ninguna duda una palanca estrat\u00e9gica para la industria, ya que favorece, entre otras cosas, la revitalizaci\u00f3n de los espl\u00e9ndidos pueblos italianos y la desestacionalizaci\u00f3n de los flujos\u00bb.<\/p>\n\n\n\n<p>El programa del primer d\u00eda incluye los saludos institucionales de Vito Bardi, presidente de la Regi\u00f3n de Bas\u00edlicata, Domenico Bennardi, alcalde de Matera, y Carmine Cicala, presidente de la Comisi\u00f3n <em>Lucani nel mondo<\/em>.<\/p>\n\n\n\n<p>A continuaci\u00f3n intervendr\u00e1n Luigi Maria Vignali, director general para los italianos en el extranjero del Ministerio de Asuntos Exteriores, Antonio Nicoletti, director general de la Agencia de Promoci\u00f3n Territorial de Bas\u00edlicata, y Sandro Pappalardo, representante de la Conferencia Estado-Regiones en el consejo de administraci\u00f3n de ENIT, la agencia nacional italiana del turismo.<\/p>\n\n\n\n<p>Seguir\u00e1n presentaciones sobre las aldeas de Italia, el 2024 como a\u00f1o de las ra\u00edces italianas, las investigaciones de Confcommercio sobre el turismo de ra\u00edces y una comparaci\u00f3n de las diferentes estrategias que en este contexto est\u00e1n preparando las Regiones del Bel Paese.<\/p>\n\n\n\n<p><strong>La presencia de M\u00e9xico<\/strong><\/p>\n\n\n\n<p>La novedad de la edici\u00f3n 2023 ser\u00e1n los Roots-in Labs, una serie de laboratorios interactivos de comercializaci\u00f3n, comunicaci\u00f3n, investigaci\u00f3n y tecnolog\u00eda para crear habilidades destinadas a administrar mejor el turismo de ra\u00edces.<\/p>\n\n\n\n<p class=\"translation-block\">En este contexto, el 21 de noviembre \u2014con la participaci\u00f3n de <a href=\"https:\/\/www.roots-in.com\/speaker\/caterina-orlando\/\" target=\"_blank\" rel=\"noreferrer noopener\">Caterina Orlando<\/a>, responsable de Enit en Estados Unidos y M\u00e9xico\u2014 est\u00e1 prevista una presentaci\u00f3n de <a href=\"https:\/\/www.roots-in.com\/speaker\/maria-laura-boldini-creal\/\" target=\"_blank\" rel=\"noreferrer noopener\">MariaLaura Boldini<\/a>, fundadora de Fantastica Italia en Phoenix (Arizona), y <a href=\"https:\/\/www.roots-in.com\/speaker\/massimo-barzizza\/\" target=\"_blank\" rel=\"noreferrer noopener\">Massimo Barzizza<\/a>, director del sitio informativo online Puntodcontro, sobre las caracter\u00edsticas y potencial del sector para los mercados de Estados Unidos y M\u00e9xico.<\/p>\n\n\n\n<p>Adem\u00e1s, los operadores mexicanos \u2014representantes de las empresas Juli\u00e1 Tours, Petra Travel, Travel Shop, Infinity Dreams y Euromundo\u2014 participar\u00e1n en citas espec\u00edficas con representantes italianos del sector tur\u00edstico y hotelero.<\/p>\n\n\n\n<div style=\"height:6px\" aria-hidden=\"true\" class=\"wp-block-spacer\"><\/div>\n\n\n<div class=\"wp-block-image\">\n<figure class=\"aligncenter size-full\"><a href=\"https:\/\/www.roots-in.com\/speaker\/\" target=\"_blank\" rel=\"noreferrer noopener\"><img loading=\"lazy\" decoding=\"async\" width=\"600\" height=\"723\" src=\"https:\/\/puntodincontro.mx\/wp-content\/uploads\/2023\/11\/rootsinimmagine.webp\" alt=\"\" class=\"wp-image-16670\" srcset=\"https:\/\/puntodincontro.mx\/wp-content\/uploads\/2023\/11\/rootsinimmagine.webp 600w, https:\/\/puntodincontro.mx\/wp-content\/uploads\/2023\/11\/rootsinimmagine-249x300.webp 249w, https:\/\/puntodincontro.mx\/wp-content\/uploads\/2023\/11\/rootsinimmagine-10x12.webp 10w\" sizes=\"(max-width: 600px) 100vw, 600px\" \/><\/a><\/figure><\/div>\n\n\n<div style=\"height:12px\" aria-hidden=\"true\" class=\"wp-block-spacer\"><\/div>\n\n\n<!-- Ad space powered by WP AdCenter v2.5.7 - https:\/\/wpadcenter.com\/ --><div class=\"wpadcenter-adgroup\" ><div class=\"wpadcenter-adgroup__row wpadcenter-aligncenter\"><div class=\"wpadcenter-ad-container\" ><div id=\"wpadcenter-ad-18464\" class=\"ad-placement\"><div class=\"wpadcenter-ad-inner\" ><a id=\"wpadcenter_ad\" data-value=\"18464\" data-placement=\"\" href=\"https:\/\/www.productosremo.com\/\" target=\"_blank\" class=\"wpadcenter-ad-inner__item\" ><img decoding=\"async\"   src=\"https:\/\/puntodincontro.mx\/wp-content\/uploads\/2021\/08\/remobanner.jpg\" class=\"attachment-post-thumbnail size-post-thumbnail wp-post-image\" alt=\"\" srcset=\"https:\/\/puntodincontro.mx\/wp-content\/uploads\/2021\/08\/remobanner.jpg 200w, https:\/\/puntodincontro.mx\/wp-content\/uploads\/2021\/08\/remobanner-16x5.jpg 16w\" sizes=\"(max-width: 200px) 100vw, 200px\" \/><\/a><\/div><\/div><\/div><div class=\"wpadcenter-ad-container\" ><div id=\"wpadcenter-ad-5305\" class=\"ad-placement\"><div class=\"wpadcenter-ad-inner\" ><a id=\"wpadcenter_ad\" data-value=\"5305\" data-placement=\"\" href=\"https:\/\/ambcittadelmessico.esteri.it\/ambasciata_cittadelmessico\/it\/\" target=\"_blank\" class=\"wpadcenter-ad-inner__item\" ><img decoding=\"async\"   src=\"https:\/\/puntodincontro.mx\/wp-content\/uploads\/2022\/05\/Ambasciata.jpg\" class=\"attachment-post-thumbnail size-post-thumbnail wp-post-image\" alt=\"\" srcset=\"https:\/\/puntodincontro.mx\/wp-content\/uploads\/2022\/05\/Ambasciata.jpg 200w, https:\/\/puntodincontro.mx\/wp-content\/uploads\/2022\/05\/Ambasciata-18x5.jpg 18w\" sizes=\"(max-width: 200px) 100vw, 200px\" \/><\/a><\/div><\/div><\/div><div class=\"wpadcenter-ad-container\" ><div id=\"wpadcenter-ad-3781\" class=\"ad-placement\"><div class=\"wpadcenter-ad-inner\" ><a id=\"wpadcenter_ad\" data-value=\"3781\" data-placement=\"\" href=\"https:\/\/cannizzo.com.mx\/\" target=\"_blank\" class=\"wpadcenter-ad-inner__item\" ><img decoding=\"async\"   src=\"https:\/\/puntodincontro.mx\/wp-content\/uploads\/2022\/03\/cannizzo2.jpg\" class=\"attachment-post-thumbnail size-post-thumbnail wp-post-image\" alt=\"\" srcset=\"https:\/\/puntodincontro.mx\/wp-content\/uploads\/2022\/03\/cannizzo2.jpg 200w, https:\/\/puntodincontro.mx\/wp-content\/uploads\/2022\/03\/cannizzo2-18x5.jpg 18w\" sizes=\"(max-width: 200px) 100vw, 200px\" \/><\/a><\/div><\/div><\/div><\/div><div class=\"wpadcenter-adgroup__row wpadcenter-aligncenter\"><div class=\"wpadcenter-ad-container\" ><div id=\"wpadcenter-ad-1704\" class=\"ad-placement\"><div class=\"wpadcenter-ad-inner\" ><a id=\"wpadcenter_ad\" data-value=\"1704\" data-placement=\"\" href=\"https:\/\/puntodincontro.mx\/es\/2021\/12\/24\/inps-verificacion-de-supervivencia-de-los-pensionados-en-el-extranjero\/\" target=\"_blank\" class=\"wpadcenter-ad-inner__item\" ><img decoding=\"async\"   src=\"https:\/\/puntodincontro.mx\/wp-content\/uploads\/2021\/11\/logo-ital.jpg\" class=\"attachment-post-thumbnail size-post-thumbnail wp-post-image\" alt=\"Patronato ITAL Messico\" srcset=\"https:\/\/puntodincontro.mx\/wp-content\/uploads\/2021\/11\/logo-ital.jpg 200w, https:\/\/puntodincontro.mx\/wp-content\/uploads\/2021\/11\/logo-ital-16x5.jpg 16w\" sizes=\"(max-width: 200px) 100vw, 200px\" \/><\/a><\/div><\/div><\/div><div class=\"wpadcenter-ad-container\" ><div id=\"wpadcenter-ad-1538\" class=\"ad-placement\"><div class=\"wpadcenter-ad-inner\" ><a id=\"wpadcenter_ad\" data-value=\"1538\" data-placement=\"\" href=\"https:\/\/asociacionitaliana.org\/\" target=\"_blank\" class=\"wpadcenter-ad-inner__item\" ><img decoding=\"async\"   src=\"https:\/\/puntodincontro.mx\/wp-content\/uploads\/2021\/11\/aialogo.jpg\" class=\"attachment-post-thumbnail size-post-thumbnail wp-post-image\" alt=\"Associazione Italiana di Assistenza IAP\" srcset=\"https:\/\/puntodincontro.mx\/wp-content\/uploads\/2021\/11\/aialogo.jpg 200w, https:\/\/puntodincontro.mx\/wp-content\/uploads\/2021\/11\/aialogo-18x5.jpg 18w\" sizes=\"(max-width: 200px) 100vw, 200px\" \/><\/a><\/div><\/div><\/div><div class=\"wpadcenter-ad-container\" ><div id=\"wpadcenter-ad-1513\" class=\"ad-placement\"><div class=\"wpadcenter-ad-inner\" ><a id=\"wpadcenter_ad\" data-value=\"1513\" data-placement=\"\" href=\"https:\/\/gcinmuebles.mx\" target=\"_blank\" class=\"wpadcenter-ad-inner__item\" ><img decoding=\"async\"   src=\"https:\/\/puntodincontro.mx\/wp-content\/uploads\/2021\/10\/gcinmuebleslogopunto-1.jpg\" class=\"attachment-post-thumbnail size-post-thumbnail wp-post-image\" alt=\"\" srcset=\"https:\/\/puntodincontro.mx\/wp-content\/uploads\/2021\/10\/gcinmuebleslogopunto-1.jpg 200w, https:\/\/puntodincontro.mx\/wp-content\/uploads\/2021\/10\/gcinmuebleslogopunto-1-18x5.jpg 18w\" sizes=\"(max-width: 200px) 100vw, 200px\" \/><\/a><\/div><\/div><\/div><\/div><div class=\"wpadcenter-adgroup__row wpadcenter-aligncenter\"><div class=\"wpadcenter-ad-container\" ><div id=\"wpadcenter-ad-1374\" class=\"ad-placement\"><div class=\"wpadcenter-ad-inner\" ><a id=\"wpadcenter_ad\" data-value=\"1374\" data-placement=\"\" href=\"https:\/\/www.9colonne.it\/\" target=\"_blank\" class=\"wpadcenter-ad-inner__item\" ><img decoding=\"async\"   src=\"https:\/\/puntodincontro.mx\/wp-content\/uploads\/2021\/10\/Banner9colonne.gif\" class=\"attachment-post-thumbnail size-post-thumbnail wp-post-image\" alt=\"\" \/><\/a><\/div><\/div><\/div><div class=\"wpadcenter-ad-container\" ><div id=\"wpadcenter-ad-276\" class=\"ad-placement\"><div class=\"wpadcenter-ad-inner\" ><a id=\"wpadcenter_ad\" data-value=\"276\" data-placement=\"\" href=\"http:\/\/www.camaraitaliana.mx\/\" target=\"_blank\" class=\"wpadcenter-ad-inner__item\" ><img decoding=\"async\"   src=\"https:\/\/puntodincontro.mx\/wp-content\/uploads\/2021\/08\/ccimnuovo.jpg\" class=\"attachment-post-thumbnail size-post-thumbnail wp-post-image\" alt=\"\" srcset=\"https:\/\/puntodincontro.mx\/wp-content\/uploads\/2021\/08\/ccimnuovo.jpg 200w, https:\/\/puntodincontro.mx\/wp-content\/uploads\/2021\/08\/ccimnuovo-18x5.jpg 18w\" sizes=\"(max-width: 200px) 100vw, 200px\" \/><\/a><\/div><\/div><\/div><div class=\"wpadcenter-ad-container\" ><div id=\"wpadcenter-ad-272\" class=\"ad-placement\"><div class=\"wpadcenter-ad-inner\" ><a id=\"wpadcenter_ad\" data-value=\"272\" data-placement=\"\" href=\"http:\/\/corix.us\/\" target=\"_blank\" class=\"wpadcenter-ad-inner__item\" ><img decoding=\"async\"   src=\"https:\/\/puntodincontro.mx\/wp-content\/uploads\/2021\/08\/corixbanner-1.jpg\" class=\"attachment-post-thumbnail size-post-thumbnail wp-post-image\" alt=\"\" srcset=\"https:\/\/puntodincontro.mx\/wp-content\/uploads\/2021\/08\/corixbanner-1.jpg 200w, https:\/\/puntodincontro.mx\/wp-content\/uploads\/2021\/08\/corixbanner-1-16x5.jpg 16w\" sizes=\"(max-width: 200px) 100vw, 200px\" \/><\/a><\/div><\/div><\/div><\/div><div class=\"wpadcenter-adgroup__row wpadcenter-aligncenter\"><div class=\"wpadcenter-ad-container\" ><div id=\"wpadcenter-ad-266\" class=\"ad-placement\"><div class=\"wpadcenter-ad-inner\" ><a id=\"wpadcenter_ad\" data-value=\"266\" data-placement=\"\" href=\"https:\/\/www.prinsel.com.mx\/\" target=\"_blank\" class=\"wpadcenter-ad-inner__item\" ><img decoding=\"async\"   src=\"https:\/\/puntodincontro.mx\/wp-content\/uploads\/2021\/08\/prinselbanner-1.jpg\" class=\"attachment-post-thumbnail size-post-thumbnail wp-post-image\" alt=\"\" srcset=\"https:\/\/puntodincontro.mx\/wp-content\/uploads\/2021\/08\/prinselbanner-1.jpg 200w, https:\/\/puntodincontro.mx\/wp-content\/uploads\/2021\/08\/prinselbanner-1-16x5.jpg 16w\" sizes=\"(max-width: 200px) 100vw, 200px\" \/><\/a><\/div><\/div><\/div><div class=\"wpadcenter-ad-container\" ><div id=\"wpadcenter-ad-261\" class=\"ad-placement\"><div class=\"wpadcenter-ad-inner\" ><a id=\"wpadcenter_ad\" data-value=\"261\" data-placement=\"\" href=\"https:\/\/faitalia.com.mx\/\" target=\"_blank\" class=\"wpadcenter-ad-inner__item\" ><img decoding=\"async\"   src=\"https:\/\/puntodincontro.mx\/wp-content\/uploads\/2021\/08\/gruppodino.jpg\" class=\"attachment-post-thumbnail size-post-thumbnail wp-post-image\" alt=\"\" srcset=\"https:\/\/puntodincontro.mx\/wp-content\/uploads\/2021\/08\/gruppodino.jpg 200w, https:\/\/puntodincontro.mx\/wp-content\/uploads\/2021\/08\/gruppodino-18x5.jpg 18w\" sizes=\"(max-width: 200px) 100vw, 200px\" \/><\/a><\/div><\/div><\/div><\/div><\/div>\n\n\n<div style=\"height:12px\" aria-hidden=\"true\" class=\"wp-block-spacer\"><\/div>","protected":false},"excerpt":{"rendered":"<p>Ore 01.35 &#8211; Partiranno stasera dall&#8217;Aeroporto Internazionale Benito Ju\u00e1rez i 5 operatori turistici che, insieme a Massimo Barzizza, direttore di Puntodincontro, rappresenteranno il Messico nella seconda edizione di Roots-In, l&#8217;evento internazionale dedicato al turismo di ritorno che si terr\u00e0 a Matera il 20 e 21 novembre. L&#8217;incontro torna dopo il successo dello scorso anno e alla vigilia del 2024, dichiarato \u201cAnno delle radici italiane nel mondo\u201d. Secondo quanto dichiarato all&#8217;ANSA dalla ministra del Turismo Daniela Santanch\u00e8, \u00abRoots-In rappresenta un momento di confronto molto importante per un segmento, quello delle radici, che coinvolgendo oltre 60 milioni di viaggiatori e generando una&#8230; <\/p>","protected":false},"author":2,"featured_media":16668,"comment_status":"open","ping_status":"open","sticky":false,"template":"","format":"standard","meta":{"_monsterinsights_skip_tracking":false,"_monsterinsights_sitenote_active":false,"_monsterinsights_sitenote_note":"","_monsterinsights_sitenote_category":0,"footnotes":""},"categories":[8],"tags":[],"class_list":["post-16655","post","type-post","status-publish","format-standard","has-post-thumbnail","hentry","category-viaggi"],"yoast_head":"<!-- This site is optimized with the Yoast SEO Premium plugin v18.4 (Yoast SEO v25.6) - https:\/\/yoast.com\/wordpress\/plugins\/seo\/ -->\n<title>Turismo di ritorno, il Messico presente a Roots-in 2023<\/title>\n<meta name=\"description\" content=\"Partiranno stasera i 5 operatori turistici che \u2014insieme a Massimo Barzizza di Puntodincontro\u2014 rappresenteranno il Messico a Roots-In 2023.\" \/>\n<meta name=\"robots\" content=\"index, follow, max-snippet:-1, max-image-preview:large, max-video-preview:-1\" \/>\n<link rel=\"canonical\" href=\"https:\/\/puntodincontro.mx\/es\/2023\/11\/16\/turismo-de-retorno-mexico-presente-en-roots-in-2023\/\" \/>\n<meta property=\"og:locale\" content=\"es_MX\" \/>\n<meta property=\"og:type\" content=\"article\" \/>\n<meta property=\"og:title\" content=\"Turismo di ritorno, il Messico presente a Roots-in 2023\" \/>\n<meta property=\"og:description\" content=\"Partiranno stasera i 5 operatori turistici che \u2014insieme a Massimo Barzizza di Puntodincontro\u2014 rappresenteranno il Messico a Roots-In 2023.\" \/>\n<meta property=\"og:url\" content=\"https:\/\/puntodincontro.mx\/es\/2023\/11\/16\/turismo-de-retorno-mexico-presente-en-roots-in-2023\/\" \/>\n<meta property=\"og:site_name\" content=\"Puntodincontro\" \/>\n<meta property=\"article:publisher\" content=\"https:\/\/www.facebook.com\/puntodincontro.mx\" \/>\n<meta property=\"article:published_time\" content=\"2023-11-16T08:37:06+00:00\" \/>\n<meta property=\"article:modified_time\" content=\"2023-11-16T12:32:41+00:00\" \/>\n<meta property=\"og:image\" content=\"https:\/\/puntodincontro.mx\/wp-content\/uploads\/2023\/11\/rootsincomp.jpg\" \/>\n\t<meta property=\"og:image:width\" content=\"932\" \/>\n\t<meta property=\"og:image:height\" content=\"488\" \/>\n\t<meta property=\"og:image:type\" content=\"image\/jpeg\" \/>\n<meta name=\"author\" content=\"Puntodincontro\" \/>\n<meta name=\"twitter:card\" content=\"summary_large_image\" \/>\n<meta name=\"twitter:creator\" content=\"@puntodincontro\" \/>\n<meta name=\"twitter:site\" content=\"@puntodincontro\" \/>\n<meta name=\"twitter:label1\" content=\"Escrito por\" \/>\n\t<meta name=\"twitter:data1\" content=\"Puntodincontro\" \/>\n\t<meta name=\"twitter:label2\" content=\"Tiempo de lectura\" \/>\n\t<meta name=\"twitter:data2\" content=\"2 minutos\" \/>\n<script type=\"application\/ld+json\" class=\"yoast-schema-graph\">{\"@context\":\"https:\/\/schema.org\",\"@graph\":[{\"@type\":\"NewsArticle\",\"@id\":\"https:\/\/puntodincontro.mx\/2023\/11\/16\/turismo-di-ritorno-il-messico-presente-a-roots-in-2023\/#article\",\"isPartOf\":{\"@id\":\"https:\/\/puntodincontro.mx\/2023\/11\/16\/turismo-di-ritorno-il-messico-presente-a-roots-in-2023\/\"},\"author\":{\"name\":\"Puntodincontro\",\"@id\":\"https:\/\/puntodincontro.mx\/#\/schema\/person\/d3066d18a16259cbb0c29b0d0e93b556\"},\"headline\":\"Turismo di ritorno, il Messico presente a Roots-in 2023\",\"datePublished\":\"2023-11-16T08:37:06+00:00\",\"dateModified\":\"2023-11-16T12:32:41+00:00\",\"mainEntityOfPage\":{\"@id\":\"https:\/\/puntodincontro.mx\/2023\/11\/16\/turismo-di-ritorno-il-messico-presente-a-roots-in-2023\/\"},\"wordCount\":374,\"commentCount\":2,\"publisher\":{\"@id\":\"https:\/\/puntodincontro.mx\/#organization\"},\"image\":{\"@id\":\"https:\/\/puntodincontro.mx\/2023\/11\/16\/turismo-di-ritorno-il-messico-presente-a-roots-in-2023\/#primaryimage\"},\"thumbnailUrl\":\"https:\/\/puntodincontro.mx\/wp-content\/uploads\/2023\/11\/rootsinvert.webp\",\"articleSection\":[\"Viaggi\"],\"inLanguage\":\"es\",\"potentialAction\":[{\"@type\":\"CommentAction\",\"name\":\"Comment\",\"target\":[\"https:\/\/puntodincontro.mx\/2023\/11\/16\/turismo-di-ritorno-il-messico-presente-a-roots-in-2023\/#respond\"]}]},{\"@type\":\"WebPage\",\"@id\":\"https:\/\/puntodincontro.mx\/2023\/11\/16\/turismo-di-ritorno-il-messico-presente-a-roots-in-2023\/\",\"url\":\"https:\/\/puntodincontro.mx\/2023\/11\/16\/turismo-di-ritorno-il-messico-presente-a-roots-in-2023\/\",\"name\":\"Turismo di ritorno, il Messico presente a Roots-in 2023\",\"isPartOf\":{\"@id\":\"https:\/\/puntodincontro.mx\/#website\"},\"primaryImageOfPage\":{\"@id\":\"https:\/\/puntodincontro.mx\/2023\/11\/16\/turismo-di-ritorno-il-messico-presente-a-roots-in-2023\/#primaryimage\"},\"image\":{\"@id\":\"https:\/\/puntodincontro.mx\/2023\/11\/16\/turismo-di-ritorno-il-messico-presente-a-roots-in-2023\/#primaryimage\"},\"thumbnailUrl\":\"https:\/\/puntodincontro.mx\/wp-content\/uploads\/2023\/11\/rootsinvert.webp\",\"datePublished\":\"2023-11-16T08:37:06+00:00\",\"dateModified\":\"2023-11-16T12:32:41+00:00\",\"description\":\"Partiranno stasera i 5 operatori turistici che \u2014insieme a Massimo Barzizza di Puntodincontro\u2014 rappresenteranno il Messico a Roots-In 2023.\",\"breadcrumb\":{\"@id\":\"https:\/\/puntodincontro.mx\/2023\/11\/16\/turismo-di-ritorno-il-messico-presente-a-roots-in-2023\/#breadcrumb\"},\"inLanguage\":\"es\",\"potentialAction\":[{\"@type\":\"ReadAction\",\"target\":[\"https:\/\/puntodincontro.mx\/2023\/11\/16\/turismo-di-ritorno-il-messico-presente-a-roots-in-2023\/\"]}]},{\"@type\":\"ImageObject\",\"inLanguage\":\"es\",\"@id\":\"https:\/\/puntodincontro.mx\/2023\/11\/16\/turismo-di-ritorno-il-messico-presente-a-roots-in-2023\/#primaryimage\",\"url\":\"https:\/\/puntodincontro.mx\/wp-content\/uploads\/2023\/11\/rootsinvert.webp\",\"contentUrl\":\"https:\/\/puntodincontro.mx\/wp-content\/uploads\/2023\/11\/rootsinvert.webp\",\"width\":423,\"height\":488,\"caption\":\"Turismo di ritorno, il Messico presente a Roots-in 2023 \/ Immagini: roots-in.com\"},{\"@type\":\"BreadcrumbList\",\"@id\":\"https:\/\/puntodincontro.mx\/2023\/11\/16\/turismo-di-ritorno-il-messico-presente-a-roots-in-2023\/#breadcrumb\",\"itemListElement\":[{\"@type\":\"ListItem\",\"position\":1,\"name\":\"Home\",\"item\":\"https:\/\/puntodincontro.mx\/\"},{\"@type\":\"ListItem\",\"position\":2,\"name\":\"Turismo di ritorno, il Messico presente a Roots-in 2023\"}]},{\"@type\":\"WebSite\",\"@id\":\"https:\/\/puntodincontro.mx\/#website\",\"url\":\"https:\/\/puntodincontro.mx\/\",\"name\":\"Puntodincontro\",\"description\":\"Dal 2006 notizie sui rapporti Italia-Messico \/ Desde 2006 noticias sobre las relaciones entre Italia y M\u00e9xico\",\"publisher\":{\"@id\":\"https:\/\/puntodincontro.mx\/#organization\"},\"potentialAction\":[{\"@type\":\"SearchAction\",\"target\":{\"@type\":\"EntryPoint\",\"urlTemplate\":\"https:\/\/puntodincontro.mx\/?s={search_term_string}\"},\"query-input\":{\"@type\":\"PropertyValueSpecification\",\"valueRequired\":true,\"valueName\":\"search_term_string\"}}],\"inLanguage\":\"es\"},{\"@type\":\"Organization\",\"@id\":\"https:\/\/puntodincontro.mx\/#organization\",\"name\":\"Puntodincontro\",\"url\":\"https:\/\/puntodincontro.mx\/\",\"logo\":{\"@type\":\"ImageObject\",\"inLanguage\":\"es\",\"@id\":\"https:\/\/puntodincontro.mx\/#\/schema\/logo\/image\/\",\"url\":\"https:\/\/puntodincontro.mx\/wp-content\/uploads\/2021\/08\/Default-image-for-open-graph-settings.jpg\",\"contentUrl\":\"https:\/\/puntodincontro.mx\/wp-content\/uploads\/2021\/08\/Default-image-for-open-graph-settings.jpg\",\"width\":1200,\"height\":630,\"caption\":\"Puntodincontro\"},\"image\":{\"@id\":\"https:\/\/puntodincontro.mx\/#\/schema\/logo\/image\/\"},\"sameAs\":[\"https:\/\/www.facebook.com\/puntodincontro.mx\",\"https:\/\/x.com\/puntodincontro\",\"https:\/\/www.instagram.com\/puntodincontro.mx\/\",\"https:\/\/www.linkedin.com\/company\/puntodincontro\/\",\"https:\/\/www.youtube.com\/c\/puntodincontromessico\",\"https:\/\/www.patreon.com\/puntodincontro\",\"https:\/\/www.threads.net\/@puntodincontro.mx\"]},{\"@type\":\"Person\",\"@id\":\"https:\/\/puntodincontro.mx\/#\/schema\/person\/d3066d18a16259cbb0c29b0d0e93b556\",\"name\":\"Puntodincontro\",\"image\":{\"@type\":\"ImageObject\",\"inLanguage\":\"es\",\"@id\":\"https:\/\/puntodincontro.mx\/#\/schema\/person\/image\/\",\"url\":\"https:\/\/secure.gravatar.com\/avatar\/0e85b4b3b5e9d6bfcec6a4956d8cc63a?s=96&d=mm&r=g\",\"contentUrl\":\"https:\/\/secure.gravatar.com\/avatar\/0e85b4b3b5e9d6bfcec6a4956d8cc63a?s=96&d=mm&r=g\",\"caption\":\"Puntodincontro\"},\"url\":\"https:\/\/puntodincontro.mx\/es\/author\/puntodincontro\/\"}]}<\/script>\n<!-- \/ Yoast SEO Premium plugin. -->","yoast_head_json":{"title":"Turismo de retorno, M\u00e9xico presente en Roots-in 2023","description":"Saldr\u00e1n hoy en la noche los 5 operadores tur\u00edsticos que \u2014junto con Massimo Barzizza de Puntodincontro\u2014 representar\u00e1n a M\u00e9xico en Roots-In 2023.","robots":{"index":"index","follow":"follow","max-snippet":"max-snippet:-1","max-image-preview":"max-image-preview:large","max-video-preview":"max-video-preview:-1"},"canonical":"https:\/\/puntodincontro.mx\/es\/2023\/11\/16\/turismo-de-retorno-mexico-presente-en-roots-in-2023\/","og_locale":"es_MX","og_type":"article","og_title":"Turismo di ritorno, il Messico presente a Roots-in 2023","og_description":"Partiranno stasera i 5 operatori turistici che \u2014insieme a Massimo Barzizza di Puntodincontro\u2014 rappresenteranno il Messico a Roots-In 2023.","og_url":"https:\/\/puntodincontro.mx\/es\/2023\/11\/16\/turismo-de-retorno-mexico-presente-en-roots-in-2023\/","og_site_name":"Puntodincontro","article_publisher":"https:\/\/www.facebook.com\/puntodincontro.mx","article_published_time":"2023-11-16T08:37:06+00:00","article_modified_time":"2023-11-16T12:32:41+00:00","og_image":[{"width":932,"height":488,"url":"https:\/\/puntodincontro.mx\/wp-content\/uploads\/2023\/11\/rootsincomp.jpg","type":"image\/jpeg"}],"author":"Puntodincontro","twitter_card":"summary_large_image","twitter_creator":"@puntodincontro","twitter_site":"@puntodincontro","twitter_misc":{"Escrito por":"Puntodincontro","Tiempo de lectura":"2 minutos"},"schema":{"@context":"https:\/\/schema.org","@graph":[{"@type":"NewsArticle","@id":"https:\/\/puntodincontro.mx\/2023\/11\/16\/turismo-di-ritorno-il-messico-presente-a-roots-in-2023\/#article","isPartOf":{"@id":"https:\/\/puntodincontro.mx\/2023\/11\/16\/turismo-di-ritorno-il-messico-presente-a-roots-in-2023\/"},"author":{"name":"Puntodincontro","@id":"https:\/\/puntodincontro.mx\/#\/schema\/person\/d3066d18a16259cbb0c29b0d0e93b556"},"headline":"Turismo di ritorno, il Messico presente a Roots-in 2023","datePublished":"2023-11-16T08:37:06+00:00","dateModified":"2023-11-16T12:32:41+00:00","mainEntityOfPage":{"@id":"https:\/\/puntodincontro.mx\/2023\/11\/16\/turismo-di-ritorno-il-messico-presente-a-roots-in-2023\/"},"wordCount":374,"commentCount":2,"publisher":{"@id":"https:\/\/puntodincontro.mx\/#organization"},"image":{"@id":"https:\/\/puntodincontro.mx\/2023\/11\/16\/turismo-di-ritorno-il-messico-presente-a-roots-in-2023\/#primaryimage"},"thumbnailUrl":"https:\/\/puntodincontro.mx\/wp-content\/uploads\/2023\/11\/rootsinvert.webp","articleSection":["Viaggi"],"inLanguage":"es","potentialAction":[{"@type":"CommentAction","name":"Comment","target":["https:\/\/puntodincontro.mx\/2023\/11\/16\/turismo-di-ritorno-il-messico-presente-a-roots-in-2023\/#respond"]}]},{"@type":"WebPage","@id":"https:\/\/puntodincontro.mx\/2023\/11\/16\/turismo-di-ritorno-il-messico-presente-a-roots-in-2023\/","url":"https:\/\/puntodincontro.mx\/2023\/11\/16\/turismo-di-ritorno-il-messico-presente-a-roots-in-2023\/","name":"Turismo de retorno, M\u00e9xico presente en Roots-in 2023","isPartOf":{"@id":"https:\/\/puntodincontro.mx\/#website"},"primaryImageOfPage":{"@id":"https:\/\/puntodincontro.mx\/2023\/11\/16\/turismo-di-ritorno-il-messico-presente-a-roots-in-2023\/#primaryimage"},"image":{"@id":"https:\/\/puntodincontro.mx\/2023\/11\/16\/turismo-di-ritorno-il-messico-presente-a-roots-in-2023\/#primaryimage"},"thumbnailUrl":"https:\/\/puntodincontro.mx\/wp-content\/uploads\/2023\/11\/rootsinvert.webp","datePublished":"2023-11-16T08:37:06+00:00","dateModified":"2023-11-16T12:32:41+00:00","description":"Saldr\u00e1n hoy en la noche los 5 operadores tur\u00edsticos que \u2014junto con Massimo Barzizza de Puntodincontro\u2014 representar\u00e1n a M\u00e9xico en Roots-In 2023.","breadcrumb":{"@id":"https:\/\/puntodincontro.mx\/2023\/11\/16\/turismo-di-ritorno-il-messico-presente-a-roots-in-2023\/#breadcrumb"},"inLanguage":"es","potentialAction":[{"@type":"ReadAction","target":["https:\/\/puntodincontro.mx\/2023\/11\/16\/turismo-di-ritorno-il-messico-presente-a-roots-in-2023\/"]}]},{"@type":"ImageObject","inLanguage":"es","@id":"https:\/\/puntodincontro.mx\/2023\/11\/16\/turismo-di-ritorno-il-messico-presente-a-roots-in-2023\/#primaryimage","url":"https:\/\/puntodincontro.mx\/wp-content\/uploads\/2023\/11\/rootsinvert.webp","contentUrl":"https:\/\/puntodincontro.mx\/wp-content\/uploads\/2023\/11\/rootsinvert.webp","width":423,"height":488,"caption":"Turismo di ritorno, il Messico presente a Roots-in 2023 \/ Immagini: roots-in.com"},{"@type":"BreadcrumbList","@id":"https:\/\/puntodincontro.mx\/2023\/11\/16\/turismo-di-ritorno-il-messico-presente-a-roots-in-2023\/#breadcrumb","itemListElement":[{"@type":"ListItem","position":1,"name":"Home","item":"https:\/\/puntodincontro.mx\/"},{"@type":"ListItem","position":2,"name":"Turismo di ritorno, il Messico presente a Roots-in 2023"}]},{"@type":"WebSite","@id":"https:\/\/puntodincontro.mx\/#website","url":"https:\/\/puntodincontro.mx\/","name":"Puntodincontro","description":"Desde el 2006 noticias sobre las relaciones entre Italia y M\u00e9xico \/ Dal 2006 notizie sui rapporti Italia-Messico","publisher":{"@id":"https:\/\/puntodincontro.mx\/#organization"},"potentialAction":[{"@type":"SearchAction","target":{"@type":"EntryPoint","urlTemplate":"https:\/\/puntodincontro.mx\/?s={search_term_string}"},"query-input":{"@type":"PropertyValueSpecification","valueRequired":true,"valueName":"search_term_string"}}],"inLanguage":"es"},{"@type":"Organization","@id":"https:\/\/puntodincontro.mx\/#organization","name":"Puntodincontro","url":"https:\/\/puntodincontro.mx\/","logo":{"@type":"ImageObject","inLanguage":"es","@id":"https:\/\/puntodincontro.mx\/#\/schema\/logo\/image\/","url":"https:\/\/puntodincontro.mx\/wp-content\/uploads\/2021\/08\/Default-image-for-open-graph-settings.jpg","contentUrl":"https:\/\/puntodincontro.mx\/wp-content\/uploads\/2021\/08\/Default-image-for-open-graph-settings.jpg","width":1200,"height":630,"caption":"Puntodincontro"},"image":{"@id":"https:\/\/puntodincontro.mx\/#\/schema\/logo\/image\/"},"sameAs":["https:\/\/www.facebook.com\/puntodincontro.mx","https:\/\/x.com\/puntodincontro","https:\/\/www.instagram.com\/puntodincontro.mx\/","https:\/\/www.linkedin.com\/company\/puntodincontro\/","https:\/\/www.youtube.com\/c\/puntodincontromessico","https:\/\/www.patreon.com\/puntodincontro","https:\/\/www.threads.net\/@puntodincontro.mx"]},{"@type":"Person","@id":"https:\/\/puntodincontro.mx\/#\/schema\/person\/d3066d18a16259cbb0c29b0d0e93b556","name":"Puntodincontro","image":{"@type":"ImageObject","inLanguage":"es","@id":"https:\/\/puntodincontro.mx\/#\/schema\/person\/image\/","url":"https:\/\/secure.gravatar.com\/avatar\/0e85b4b3b5e9d6bfcec6a4956d8cc63a?s=96&d=mm&r=g","contentUrl":"https:\/\/secure.gravatar.com\/avatar\/0e85b4b3b5e9d6bfcec6a4956d8cc63a?s=96&d=mm&r=g","caption":"Puntodincontro"},"url":"https:\/\/puntodincontro.mx\/es\/author\/puntodincontro\/"}]}},"_links":{"self":[{"href":"https:\/\/puntodincontro.mx\/es\/wp-json\/wp\/v2\/posts\/16655"}],"collection":[{"href":"https:\/\/puntodincontro.mx\/es\/wp-json\/wp\/v2\/posts"}],"about":[{"href":"https:\/\/puntodincontro.mx\/es\/wp-json\/wp\/v2\/types\/post"}],"author":[{"embeddable":true,"href":"https:\/\/puntodincontro.mx\/es\/wp-json\/wp\/v2\/users\/2"}],"replies":[{"embeddable":true,"href":"https:\/\/puntodincontro.mx\/es\/wp-json\/wp\/v2\/comments?post=16655"}],"version-history":[{"count":17,"href":"https:\/\/puntodincontro.mx\/es\/wp-json\/wp\/v2\/posts\/16655\/revisions"}],"predecessor-version":[{"id":16676,"href":"https:\/\/puntodincontro.mx\/es\/wp-json\/wp\/v2\/posts\/16655\/revisions\/16676"}],"wp:featuredmedia":[{"embeddable":true,"href":"https:\/\/puntodincontro.mx\/es\/wp-json\/wp\/v2\/media\/16668"}],"wp:attachment":[{"href":"https:\/\/puntodincontro.mx\/es\/wp-json\/wp\/v2\/media?parent=16655"}],"wp:term":[{"taxonomy":"category","embeddable":true,"href":"https:\/\/puntodincontro.mx\/es\/wp-json\/wp\/v2\/categories?post=16655"},{"taxonomy":"post_tag","embeddable":true,"href":"https:\/\/puntodincontro.mx\/es\/wp-json\/wp\/v2\/tags?post=16655"}],"curies":[{"name":"wp","href":"https:\/\/api.w.org\/{rel}","templated":true}]}}