{"id":16832,"date":"2023-12-22T09:02:27","date_gmt":"2023-12-22T15:02:27","guid":{"rendered":"https:\/\/puntodincontro.mx\/?p=16832"},"modified":"2023-12-22T09:07:29","modified_gmt":"2023-12-22T15:07:29","slug":"terzi-fdi-fortalezcamos-las-relaciones-entre-mexico-e-italia","status":"publish","type":"post","link":"https:\/\/puntodincontro.mx\/es\/2023\/12\/22\/terzi-fdi-approfondire-i-rapporti-tra-il-messico-e-l-italia\/","title":{"rendered":"Terzi (FdI): \u00abFortalezcamos las relaciones entre M\u00e9xico e Italia\u00bb"},"content":{"rendered":"<p class=\"translation-block\"><strong>08:41 hrs.<\/strong> - Durante la reuni\u00f3n interparlamentaria Italia-M\u00e9xico \u2014a la que asisti\u00f3 el senador mexicano Reyes Flores Hurtado (Morena), representante del estado mexicano de Coahuila\u2014 el senador Giulio Terzi (FdI) subray\u00f3 la importancia de profundizar las <a href=\"https:\/\/ambcittadelmessico.esteri.it\/it\/italia-e-messico\/\" target=\"_blank\">relaciones entre los dos pa\u00edses<\/a> con vistas a la celebraci\u00f3n de los 150 a\u00f1os de relaciones diplom\u00e1ticas en 2024.<\/p>\n\n\n\n<p>Entre los temas abordados en el encuentro destacan los crecientes intercambios comerciales, la importancia de la diplomacia cultural y la inmigraci\u00f3n.<\/p>\n\n\n\n<p>\u00abM\u00e9xico es un miembro relevante del G20 y de la OCDE, la 12\u00aa econom\u00eda del mundo y la 2\u00aa econom\u00eda de Am\u00e9rica Latina. Mantiene importantes relaciones con la Uni\u00f3n Europea reguladas por un Acuerdo de Asociaci\u00f3n vigente desde el a\u00f1o 2000, cuyo pilar econ\u00f3mico-comercial se ha modernizado tras una larga negociaci\u00f3n que a\u00fan no se ha firmado. Es un acuerdo que tiene como objetivo facilitar las exportaciones y las inversiones en los respectivos mercados, por lo que Italia est\u00e1 a favor de su oportuna entrada en vigor\u00bb, afirm\u00f3 Terzi.<\/p>\n\n\n\n<p>El senador continu\u00f3 compartiendo las palabras del senador Hurtado sobre la urgencia de seguir desarrollando la econom\u00eda mexicana para contener cada vez m\u00e1s los poderosos flujos migratorios que se dirigen hacia Estados Unidos y que afectan tambi\u00e9n al estado de Coahuila, fronterizo con Estados Unidos.<\/p>\n\n\n\n<p>En este sentido, Terzi record\u00f3 que \u00aben d\u00edas recientes, la Uni\u00f3n Europea aprob\u00f3 un nuevo pacto para la gesti\u00f3n de los fen\u00f3menos migratorios que puede proporcionar un marco m\u00e1s actualizado para la soluci\u00f3n de los problemas\u00bb.<\/p>\n\n\n\n<p class=\"translation-block\">Tambi\u00e9n es de gran importancia el cap\u00edtulo de diplomacia cultural que se promover\u00e1 con iniciativas en ambos pa\u00edses destinadas a subrayar la amistad que los une hist\u00f3ricamente. Esta es una acci\u00f3n que tambi\u00e9n ser\u00e1 impulsada a trav\u00e9s del <em>Foro de Cooperaci\u00f3n M\u00e9xico-Italia<\/em> que est\u00e1 por lanzarse en el Congreso mexicano y que tambi\u00e9n incluye temas relacionados con la promoci\u00f3n del comercio, el turismo, la cooperaci\u00f3n en la lucha al narcotr\u00e1fico y a la igualdad de g\u00e9nero en cargos de elecci\u00f3n popular, un aspecto en el que M\u00e9xico es un ejemplo a seguir.<\/p>\n\n\n\n<p class=\"has-small-font-size\">Imagen: Puntodincontro<\/p>\n\n\n\n<div style=\"height:12px\" aria-hidden=\"true\" class=\"wp-block-spacer\"><\/div>\n\n\n<!-- Ad space powered by WP AdCenter v2.5.7 - https:\/\/wpadcenter.com\/ --><div class=\"wpadcenter-adgroup\" ><div class=\"wpadcenter-adgroup__row wpadcenter-aligncenter\"><div class=\"wpadcenter-ad-container\" ><div id=\"wpadcenter-ad-18464\" class=\"ad-placement\"><div class=\"wpadcenter-ad-inner\" ><a id=\"wpadcenter_ad\" data-value=\"18464\" data-placement=\"\" href=\"https:\/\/www.productosremo.com\/\" target=\"_blank\" class=\"wpadcenter-ad-inner__item\" ><img decoding=\"async\"   src=\"https:\/\/puntodincontro.mx\/wp-content\/uploads\/2021\/08\/remobanner.jpg\" class=\"attachment-post-thumbnail size-post-thumbnail wp-post-image\" alt=\"\" srcset=\"https:\/\/puntodincontro.mx\/wp-content\/uploads\/2021\/08\/remobanner.jpg 200w, https:\/\/puntodincontro.mx\/wp-content\/uploads\/2021\/08\/remobanner-16x5.jpg 16w\" sizes=\"(max-width: 200px) 100vw, 200px\" \/><\/a><\/div><\/div><\/div><div class=\"wpadcenter-ad-container\" ><div id=\"wpadcenter-ad-5305\" class=\"ad-placement\"><div class=\"wpadcenter-ad-inner\" ><a id=\"wpadcenter_ad\" data-value=\"5305\" data-placement=\"\" href=\"https:\/\/ambcittadelmessico.esteri.it\/ambasciata_cittadelmessico\/it\/\" target=\"_blank\" class=\"wpadcenter-ad-inner__item\" ><img decoding=\"async\"   src=\"https:\/\/puntodincontro.mx\/wp-content\/uploads\/2022\/05\/Ambasciata.jpg\" class=\"attachment-post-thumbnail size-post-thumbnail wp-post-image\" alt=\"\" srcset=\"https:\/\/puntodincontro.mx\/wp-content\/uploads\/2022\/05\/Ambasciata.jpg 200w, https:\/\/puntodincontro.mx\/wp-content\/uploads\/2022\/05\/Ambasciata-18x5.jpg 18w\" sizes=\"(max-width: 200px) 100vw, 200px\" \/><\/a><\/div><\/div><\/div><div class=\"wpadcenter-ad-container\" ><div id=\"wpadcenter-ad-3781\" class=\"ad-placement\"><div class=\"wpadcenter-ad-inner\" ><a id=\"wpadcenter_ad\" data-value=\"3781\" data-placement=\"\" href=\"https:\/\/cannizzo.com.mx\/\" target=\"_blank\" class=\"wpadcenter-ad-inner__item\" ><img decoding=\"async\"   src=\"https:\/\/puntodincontro.mx\/wp-content\/uploads\/2022\/03\/cannizzo2.jpg\" class=\"attachment-post-thumbnail size-post-thumbnail wp-post-image\" alt=\"\" srcset=\"https:\/\/puntodincontro.mx\/wp-content\/uploads\/2022\/03\/cannizzo2.jpg 200w, https:\/\/puntodincontro.mx\/wp-content\/uploads\/2022\/03\/cannizzo2-18x5.jpg 18w\" sizes=\"(max-width: 200px) 100vw, 200px\" \/><\/a><\/div><\/div><\/div><\/div><div class=\"wpadcenter-adgroup__row wpadcenter-aligncenter\"><div class=\"wpadcenter-ad-container\" ><div id=\"wpadcenter-ad-1704\" class=\"ad-placement\"><div class=\"wpadcenter-ad-inner\" ><a id=\"wpadcenter_ad\" data-value=\"1704\" data-placement=\"\" href=\"https:\/\/puntodincontro.mx\/es\/2021\/12\/24\/inps-verificacion-de-supervivencia-de-los-pensionados-en-el-extranjero\/\" target=\"_blank\" class=\"wpadcenter-ad-inner__item\" ><img decoding=\"async\"   src=\"https:\/\/puntodincontro.mx\/wp-content\/uploads\/2021\/11\/logo-ital.jpg\" class=\"attachment-post-thumbnail size-post-thumbnail wp-post-image\" alt=\"Patronato ITAL Messico\" srcset=\"https:\/\/puntodincontro.mx\/wp-content\/uploads\/2021\/11\/logo-ital.jpg 200w, https:\/\/puntodincontro.mx\/wp-content\/uploads\/2021\/11\/logo-ital-16x5.jpg 16w\" sizes=\"(max-width: 200px) 100vw, 200px\" \/><\/a><\/div><\/div><\/div><div class=\"wpadcenter-ad-container\" ><div id=\"wpadcenter-ad-1538\" class=\"ad-placement\"><div class=\"wpadcenter-ad-inner\" ><a id=\"wpadcenter_ad\" data-value=\"1538\" data-placement=\"\" href=\"https:\/\/asociacionitaliana.org\/\" target=\"_blank\" class=\"wpadcenter-ad-inner__item\" ><img decoding=\"async\"   src=\"https:\/\/puntodincontro.mx\/wp-content\/uploads\/2021\/11\/aialogo.jpg\" class=\"attachment-post-thumbnail size-post-thumbnail wp-post-image\" alt=\"Associazione Italiana di Assistenza IAP\" srcset=\"https:\/\/puntodincontro.mx\/wp-content\/uploads\/2021\/11\/aialogo.jpg 200w, https:\/\/puntodincontro.mx\/wp-content\/uploads\/2021\/11\/aialogo-18x5.jpg 18w\" sizes=\"(max-width: 200px) 100vw, 200px\" \/><\/a><\/div><\/div><\/div><div class=\"wpadcenter-ad-container\" ><div id=\"wpadcenter-ad-1513\" class=\"ad-placement\"><div class=\"wpadcenter-ad-inner\" ><a id=\"wpadcenter_ad\" data-value=\"1513\" data-placement=\"\" href=\"https:\/\/gcinmuebles.mx\" target=\"_blank\" class=\"wpadcenter-ad-inner__item\" ><img decoding=\"async\"   src=\"https:\/\/puntodincontro.mx\/wp-content\/uploads\/2021\/10\/gcinmuebleslogopunto-1.jpg\" class=\"attachment-post-thumbnail size-post-thumbnail wp-post-image\" alt=\"\" srcset=\"https:\/\/puntodincontro.mx\/wp-content\/uploads\/2021\/10\/gcinmuebleslogopunto-1.jpg 200w, https:\/\/puntodincontro.mx\/wp-content\/uploads\/2021\/10\/gcinmuebleslogopunto-1-18x5.jpg 18w\" sizes=\"(max-width: 200px) 100vw, 200px\" \/><\/a><\/div><\/div><\/div><\/div><div class=\"wpadcenter-adgroup__row wpadcenter-aligncenter\"><div class=\"wpadcenter-ad-container\" ><div id=\"wpadcenter-ad-1374\" class=\"ad-placement\"><div class=\"wpadcenter-ad-inner\" ><a id=\"wpadcenter_ad\" data-value=\"1374\" data-placement=\"\" href=\"https:\/\/www.9colonne.it\/\" target=\"_blank\" class=\"wpadcenter-ad-inner__item\" ><img decoding=\"async\"   src=\"https:\/\/puntodincontro.mx\/wp-content\/uploads\/2021\/10\/Banner9colonne.gif\" class=\"attachment-post-thumbnail size-post-thumbnail wp-post-image\" alt=\"\" \/><\/a><\/div><\/div><\/div><div class=\"wpadcenter-ad-container\" ><div id=\"wpadcenter-ad-276\" class=\"ad-placement\"><div class=\"wpadcenter-ad-inner\" ><a id=\"wpadcenter_ad\" data-value=\"276\" data-placement=\"\" href=\"http:\/\/www.camaraitaliana.mx\/\" target=\"_blank\" class=\"wpadcenter-ad-inner__item\" ><img decoding=\"async\"   src=\"https:\/\/puntodincontro.mx\/wp-content\/uploads\/2021\/08\/ccimnuovo.jpg\" class=\"attachment-post-thumbnail size-post-thumbnail wp-post-image\" alt=\"\" srcset=\"https:\/\/puntodincontro.mx\/wp-content\/uploads\/2021\/08\/ccimnuovo.jpg 200w, https:\/\/puntodincontro.mx\/wp-content\/uploads\/2021\/08\/ccimnuovo-18x5.jpg 18w\" sizes=\"(max-width: 200px) 100vw, 200px\" \/><\/a><\/div><\/div><\/div><div class=\"wpadcenter-ad-container\" ><div id=\"wpadcenter-ad-272\" class=\"ad-placement\"><div class=\"wpadcenter-ad-inner\" ><a id=\"wpadcenter_ad\" data-value=\"272\" data-placement=\"\" href=\"http:\/\/corix.us\/\" target=\"_blank\" class=\"wpadcenter-ad-inner__item\" ><img decoding=\"async\"   src=\"https:\/\/puntodincontro.mx\/wp-content\/uploads\/2021\/08\/corixbanner-1.jpg\" class=\"attachment-post-thumbnail size-post-thumbnail wp-post-image\" alt=\"\" srcset=\"https:\/\/puntodincontro.mx\/wp-content\/uploads\/2021\/08\/corixbanner-1.jpg 200w, https:\/\/puntodincontro.mx\/wp-content\/uploads\/2021\/08\/corixbanner-1-16x5.jpg 16w\" sizes=\"(max-width: 200px) 100vw, 200px\" \/><\/a><\/div><\/div><\/div><\/div><div class=\"wpadcenter-adgroup__row wpadcenter-aligncenter\"><div class=\"wpadcenter-ad-container\" ><div id=\"wpadcenter-ad-266\" class=\"ad-placement\"><div class=\"wpadcenter-ad-inner\" ><a id=\"wpadcenter_ad\" data-value=\"266\" data-placement=\"\" href=\"https:\/\/www.prinsel.com.mx\/\" target=\"_blank\" class=\"wpadcenter-ad-inner__item\" ><img decoding=\"async\"   src=\"https:\/\/puntodincontro.mx\/wp-content\/uploads\/2021\/08\/prinselbanner-1.jpg\" class=\"attachment-post-thumbnail size-post-thumbnail wp-post-image\" alt=\"\" srcset=\"https:\/\/puntodincontro.mx\/wp-content\/uploads\/2021\/08\/prinselbanner-1.jpg 200w, https:\/\/puntodincontro.mx\/wp-content\/uploads\/2021\/08\/prinselbanner-1-16x5.jpg 16w\" sizes=\"(max-width: 200px) 100vw, 200px\" \/><\/a><\/div><\/div><\/div><div class=\"wpadcenter-ad-container\" ><div id=\"wpadcenter-ad-261\" class=\"ad-placement\"><div class=\"wpadcenter-ad-inner\" ><a id=\"wpadcenter_ad\" data-value=\"261\" data-placement=\"\" href=\"https:\/\/faitalia.com.mx\/\" target=\"_blank\" class=\"wpadcenter-ad-inner__item\" ><img decoding=\"async\"   src=\"https:\/\/puntodincontro.mx\/wp-content\/uploads\/2021\/08\/gruppodino.jpg\" class=\"attachment-post-thumbnail size-post-thumbnail wp-post-image\" alt=\"\" srcset=\"https:\/\/puntodincontro.mx\/wp-content\/uploads\/2021\/08\/gruppodino.jpg 200w, https:\/\/puntodincontro.mx\/wp-content\/uploads\/2021\/08\/gruppodino-18x5.jpg 18w\" sizes=\"(max-width: 200px) 100vw, 200px\" \/><\/a><\/div><\/div><\/div><\/div><\/div>\n\n\n<div style=\"height:12px\" aria-hidden=\"true\" class=\"wp-block-spacer\"><\/div>","protected":false},"excerpt":{"rendered":"<p>Ore 08.41 &#8211; In occasione della riunione interparlamentare Italia-Messico \u2014a cui ha partecipato il Senatore messicano Reyes Flores Hurtado (Morena), rappresentante dello Stato messicano di Coahuila\u2014 il Sen. Giulio Terzi (FdI) ha sottolineato l\u2019importanza di un\u2019azione di approfondimento dei rapporti tra i due Paesi in vista della celebrazione dei 150 anni di relazioni diplomatiche nel 2024. Tra i temi toccati nell\u2019incontro risaltano i crescenti scambi commerciali, l\u2019importanza della diplomazia culturale e l\u2019immigrazione. \u00abIl Messico \u00e8 un membro rilevante del G20 e dell\u2019OCSE, 12\u00aa economia mondiale e 2\u00aa economia dell\u2019America Latina. Ha importanti rapporti con l\u2019Unione Europea regolati da un Accordo&#8230; <\/p>","protected":false},"author":2,"featured_media":16838,"comment_status":"open","ping_status":"open","sticky":false,"template":"","format":"standard","meta":{"_monsterinsights_skip_tracking":false,"_monsterinsights_sitenote_active":false,"_monsterinsights_sitenote_note":"","_monsterinsights_sitenote_category":0,"footnotes":""},"categories":[18],"tags":[],"class_list":["post-16832","post","type-post","status-publish","format-standard","has-post-thumbnail","hentry","category-cronaca"],"yoast_head":"<!-- This site is optimized with the Yoast SEO Premium plugin v18.4 (Yoast SEO v25.6) - https:\/\/yoast.com\/wordpress\/plugins\/seo\/ -->\n<title>Terzi (FdI): \u00abApprofondire i rapporti tra il Messico e l&#039;Italia\u00bb<\/title>\n<meta name=\"description\" content=\"In occasione della riunione interparlamentare Italia-Messico il sen. Terzi ha sottolineato l\u2019importanza di approfondire i rapporti bilaterali\" \/>\n<meta name=\"robots\" content=\"index, follow, max-snippet:-1, max-image-preview:large, max-video-preview:-1\" \/>\n<link rel=\"canonical\" href=\"https:\/\/puntodincontro.mx\/es\/2023\/12\/22\/terzi-fdi-fortalezcamos-las-relaciones-entre-mexico-e-italia\/\" \/>\n<meta property=\"og:locale\" content=\"es_MX\" \/>\n<meta property=\"og:type\" content=\"article\" \/>\n<meta property=\"og:title\" content=\"Terzi (FdI): \u00abApprofondire i rapporti tra il Messico e l&#039;Italia\u00bb\" \/>\n<meta property=\"og:description\" content=\"In occasione della riunione interparlamentare Italia-Messico il sen. Terzi ha sottolineato l\u2019importanza di approfondire i rapporti bilaterali\" \/>\n<meta property=\"og:url\" content=\"https:\/\/puntodincontro.mx\/es\/2023\/12\/22\/terzi-fdi-fortalezcamos-las-relaciones-entre-mexico-e-italia\/\" \/>\n<meta property=\"og:site_name\" content=\"Puntodincontro\" \/>\n<meta property=\"article:publisher\" content=\"https:\/\/www.facebook.com\/puntodincontro.mx\" \/>\n<meta property=\"article:published_time\" content=\"2023-12-22T15:02:27+00:00\" \/>\n<meta property=\"article:modified_time\" content=\"2023-12-22T15:07:29+00:00\" \/>\n<meta property=\"og:image\" content=\"https:\/\/puntodincontro.mx\/wp-content\/uploads\/2023\/12\/italiamessicocomp.jpg\" \/>\n\t<meta property=\"og:image:width\" content=\"932\" \/>\n\t<meta property=\"og:image:height\" content=\"488\" \/>\n\t<meta property=\"og:image:type\" content=\"image\/jpeg\" \/>\n<meta name=\"author\" content=\"Puntodincontro\" \/>\n<meta name=\"twitter:card\" content=\"summary_large_image\" \/>\n<meta name=\"twitter:creator\" content=\"@puntodincontro\" \/>\n<meta name=\"twitter:site\" content=\"@puntodincontro\" \/>\n<meta name=\"twitter:label1\" content=\"Escrito por\" \/>\n\t<meta name=\"twitter:data1\" content=\"Puntodincontro\" \/>\n\t<meta name=\"twitter:label2\" content=\"Tiempo de lectura\" \/>\n\t<meta name=\"twitter:data2\" content=\"2 minutos\" \/>\n<script type=\"application\/ld+json\" class=\"yoast-schema-graph\">{\"@context\":\"https:\/\/schema.org\",\"@graph\":[{\"@type\":\"NewsArticle\",\"@id\":\"https:\/\/puntodincontro.mx\/2023\/12\/22\/terzi-fdi-approfondire-i-rapporti-tra-il-messico-e-l-italia\/#article\",\"isPartOf\":{\"@id\":\"https:\/\/puntodincontro.mx\/2023\/12\/22\/terzi-fdi-approfondire-i-rapporti-tra-il-messico-e-l-italia\/\"},\"author\":{\"name\":\"Puntodincontro\",\"@id\":\"https:\/\/puntodincontro.mx\/#\/schema\/person\/d3066d18a16259cbb0c29b0d0e93b556\"},\"headline\":\"Terzi (FdI): \u00abApprofondire i rapporti tra il Messico e l&#8217;Italia\u00bb\",\"datePublished\":\"2023-12-22T15:02:27+00:00\",\"dateModified\":\"2023-12-22T15:07:29+00:00\",\"mainEntityOfPage\":{\"@id\":\"https:\/\/puntodincontro.mx\/2023\/12\/22\/terzi-fdi-approfondire-i-rapporti-tra-il-messico-e-l-italia\/\"},\"wordCount\":335,\"commentCount\":0,\"publisher\":{\"@id\":\"https:\/\/puntodincontro.mx\/#organization\"},\"image\":{\"@id\":\"https:\/\/puntodincontro.mx\/2023\/12\/22\/terzi-fdi-approfondire-i-rapporti-tra-il-messico-e-l-italia\/#primaryimage\"},\"thumbnailUrl\":\"https:\/\/puntodincontro.mx\/wp-content\/uploads\/2023\/12\/italiamessicovert.webp\",\"articleSection\":[\"Cronaca\"],\"inLanguage\":\"es\",\"potentialAction\":[{\"@type\":\"CommentAction\",\"name\":\"Comment\",\"target\":[\"https:\/\/puntodincontro.mx\/2023\/12\/22\/terzi-fdi-approfondire-i-rapporti-tra-il-messico-e-l-italia\/#respond\"]}]},{\"@type\":\"WebPage\",\"@id\":\"https:\/\/puntodincontro.mx\/2023\/12\/22\/terzi-fdi-approfondire-i-rapporti-tra-il-messico-e-l-italia\/\",\"url\":\"https:\/\/puntodincontro.mx\/2023\/12\/22\/terzi-fdi-approfondire-i-rapporti-tra-il-messico-e-l-italia\/\",\"name\":\"Terzi (FdI): \u00abApprofondire i rapporti tra il Messico e l'Italia\u00bb\",\"isPartOf\":{\"@id\":\"https:\/\/puntodincontro.mx\/#website\"},\"primaryImageOfPage\":{\"@id\":\"https:\/\/puntodincontro.mx\/2023\/12\/22\/terzi-fdi-approfondire-i-rapporti-tra-il-messico-e-l-italia\/#primaryimage\"},\"image\":{\"@id\":\"https:\/\/puntodincontro.mx\/2023\/12\/22\/terzi-fdi-approfondire-i-rapporti-tra-il-messico-e-l-italia\/#primaryimage\"},\"thumbnailUrl\":\"https:\/\/puntodincontro.mx\/wp-content\/uploads\/2023\/12\/italiamessicovert.webp\",\"datePublished\":\"2023-12-22T15:02:27+00:00\",\"dateModified\":\"2023-12-22T15:07:29+00:00\",\"description\":\"In occasione della riunione interparlamentare Italia-Messico il sen. Terzi ha sottolineato l\u2019importanza di approfondire i rapporti bilaterali\",\"breadcrumb\":{\"@id\":\"https:\/\/puntodincontro.mx\/2023\/12\/22\/terzi-fdi-approfondire-i-rapporti-tra-il-messico-e-l-italia\/#breadcrumb\"},\"inLanguage\":\"es\",\"potentialAction\":[{\"@type\":\"ReadAction\",\"target\":[\"https:\/\/puntodincontro.mx\/2023\/12\/22\/terzi-fdi-approfondire-i-rapporti-tra-il-messico-e-l-italia\/\"]}]},{\"@type\":\"ImageObject\",\"inLanguage\":\"es\",\"@id\":\"https:\/\/puntodincontro.mx\/2023\/12\/22\/terzi-fdi-approfondire-i-rapporti-tra-il-messico-e-l-italia\/#primaryimage\",\"url\":\"https:\/\/puntodincontro.mx\/wp-content\/uploads\/2023\/12\/italiamessicovert.webp\",\"contentUrl\":\"https:\/\/puntodincontro.mx\/wp-content\/uploads\/2023\/12\/italiamessicovert.webp\",\"width\":423,\"height\":488,\"caption\":\"Terzi (FdI): \u00abApprofondire i rapporti tra il Messico e l'Italia\u00bb \/ Immagine: Puntodincontro\"},{\"@type\":\"BreadcrumbList\",\"@id\":\"https:\/\/puntodincontro.mx\/2023\/12\/22\/terzi-fdi-approfondire-i-rapporti-tra-il-messico-e-l-italia\/#breadcrumb\",\"itemListElement\":[{\"@type\":\"ListItem\",\"position\":1,\"name\":\"Home\",\"item\":\"https:\/\/puntodincontro.mx\/\"},{\"@type\":\"ListItem\",\"position\":2,\"name\":\"Terzi (FdI): \u00abApprofondire i rapporti tra il Messico e l&#8217;Italia\u00bb\"}]},{\"@type\":\"WebSite\",\"@id\":\"https:\/\/puntodincontro.mx\/#website\",\"url\":\"https:\/\/puntodincontro.mx\/\",\"name\":\"Puntodincontro\",\"description\":\"Dal 2006 notizie sui rapporti Italia-Messico \/ Desde 2006 noticias sobre las relaciones entre Italia y M\u00e9xico\",\"publisher\":{\"@id\":\"https:\/\/puntodincontro.mx\/#organization\"},\"potentialAction\":[{\"@type\":\"SearchAction\",\"target\":{\"@type\":\"EntryPoint\",\"urlTemplate\":\"https:\/\/puntodincontro.mx\/?s={search_term_string}\"},\"query-input\":{\"@type\":\"PropertyValueSpecification\",\"valueRequired\":true,\"valueName\":\"search_term_string\"}}],\"inLanguage\":\"es\"},{\"@type\":\"Organization\",\"@id\":\"https:\/\/puntodincontro.mx\/#organization\",\"name\":\"Puntodincontro\",\"url\":\"https:\/\/puntodincontro.mx\/\",\"logo\":{\"@type\":\"ImageObject\",\"inLanguage\":\"es\",\"@id\":\"https:\/\/puntodincontro.mx\/#\/schema\/logo\/image\/\",\"url\":\"https:\/\/puntodincontro.mx\/wp-content\/uploads\/2021\/08\/Default-image-for-open-graph-settings.jpg\",\"contentUrl\":\"https:\/\/puntodincontro.mx\/wp-content\/uploads\/2021\/08\/Default-image-for-open-graph-settings.jpg\",\"width\":1200,\"height\":630,\"caption\":\"Puntodincontro\"},\"image\":{\"@id\":\"https:\/\/puntodincontro.mx\/#\/schema\/logo\/image\/\"},\"sameAs\":[\"https:\/\/www.facebook.com\/puntodincontro.mx\",\"https:\/\/x.com\/puntodincontro\",\"https:\/\/www.instagram.com\/puntodincontro.mx\/\",\"https:\/\/www.linkedin.com\/company\/puntodincontro\/\",\"https:\/\/www.youtube.com\/c\/puntodincontromessico\",\"https:\/\/www.patreon.com\/puntodincontro\",\"https:\/\/www.threads.net\/@puntodincontro.mx\"]},{\"@type\":\"Person\",\"@id\":\"https:\/\/puntodincontro.mx\/#\/schema\/person\/d3066d18a16259cbb0c29b0d0e93b556\",\"name\":\"Puntodincontro\",\"image\":{\"@type\":\"ImageObject\",\"inLanguage\":\"es\",\"@id\":\"https:\/\/puntodincontro.mx\/#\/schema\/person\/image\/\",\"url\":\"https:\/\/secure.gravatar.com\/avatar\/0e85b4b3b5e9d6bfcec6a4956d8cc63a?s=96&d=mm&r=g\",\"contentUrl\":\"https:\/\/secure.gravatar.com\/avatar\/0e85b4b3b5e9d6bfcec6a4956d8cc63a?s=96&d=mm&r=g\",\"caption\":\"Puntodincontro\"},\"url\":\"https:\/\/puntodincontro.mx\/es\/author\/puntodincontro\/\"}]}<\/script>\n<!-- \/ Yoast SEO Premium plugin. -->","yoast_head_json":{"title":"Terzi (FdI): \u00abApprofondire i rapporti tra il Messico e l'Italia\u00bb","description":"En ocasi\u00f3n de la reuni\u00f3n interparlamentaria Italia-M\u00e9xico, el Sen. Terzi destac\u00f3 la importancia de profundizar las relaciones bilaterales","robots":{"index":"index","follow":"follow","max-snippet":"max-snippet:-1","max-image-preview":"max-image-preview:large","max-video-preview":"max-video-preview:-1"},"canonical":"https:\/\/puntodincontro.mx\/es\/2023\/12\/22\/terzi-fdi-fortalezcamos-las-relaciones-entre-mexico-e-italia\/","og_locale":"es_MX","og_type":"article","og_title":"Terzi (FdI): \u00abApprofondire i rapporti tra il Messico e l'Italia\u00bb","og_description":"In occasione della riunione interparlamentare Italia-Messico il sen. Terzi ha sottolineato l\u2019importanza di approfondire i rapporti bilaterali","og_url":"https:\/\/puntodincontro.mx\/es\/2023\/12\/22\/terzi-fdi-fortalezcamos-las-relaciones-entre-mexico-e-italia\/","og_site_name":"Puntodincontro","article_publisher":"https:\/\/www.facebook.com\/puntodincontro.mx","article_published_time":"2023-12-22T15:02:27+00:00","article_modified_time":"2023-12-22T15:07:29+00:00","og_image":[{"width":932,"height":488,"url":"https:\/\/puntodincontro.mx\/wp-content\/uploads\/2023\/12\/italiamessicocomp.jpg","type":"image\/jpeg"}],"author":"Puntodincontro","twitter_card":"summary_large_image","twitter_creator":"@puntodincontro","twitter_site":"@puntodincontro","twitter_misc":{"Escrito por":"Puntodincontro","Tiempo de lectura":"2 minutos"},"schema":{"@context":"https:\/\/schema.org","@graph":[{"@type":"NewsArticle","@id":"https:\/\/puntodincontro.mx\/2023\/12\/22\/terzi-fdi-approfondire-i-rapporti-tra-il-messico-e-l-italia\/#article","isPartOf":{"@id":"https:\/\/puntodincontro.mx\/2023\/12\/22\/terzi-fdi-approfondire-i-rapporti-tra-il-messico-e-l-italia\/"},"author":{"name":"Puntodincontro","@id":"https:\/\/puntodincontro.mx\/#\/schema\/person\/d3066d18a16259cbb0c29b0d0e93b556"},"headline":"Terzi (FdI): \u00abApprofondire i rapporti tra il Messico e l&#8217;Italia\u00bb","datePublished":"2023-12-22T15:02:27+00:00","dateModified":"2023-12-22T15:07:29+00:00","mainEntityOfPage":{"@id":"https:\/\/puntodincontro.mx\/2023\/12\/22\/terzi-fdi-approfondire-i-rapporti-tra-il-messico-e-l-italia\/"},"wordCount":335,"commentCount":0,"publisher":{"@id":"https:\/\/puntodincontro.mx\/#organization"},"image":{"@id":"https:\/\/puntodincontro.mx\/2023\/12\/22\/terzi-fdi-approfondire-i-rapporti-tra-il-messico-e-l-italia\/#primaryimage"},"thumbnailUrl":"https:\/\/puntodincontro.mx\/wp-content\/uploads\/2023\/12\/italiamessicovert.webp","articleSection":["Cronaca"],"inLanguage":"es","potentialAction":[{"@type":"CommentAction","name":"Comment","target":["https:\/\/puntodincontro.mx\/2023\/12\/22\/terzi-fdi-approfondire-i-rapporti-tra-il-messico-e-l-italia\/#respond"]}]},{"@type":"WebPage","@id":"https:\/\/puntodincontro.mx\/2023\/12\/22\/terzi-fdi-approfondire-i-rapporti-tra-il-messico-e-l-italia\/","url":"https:\/\/puntodincontro.mx\/2023\/12\/22\/terzi-fdi-approfondire-i-rapporti-tra-il-messico-e-l-italia\/","name":"Terzi (FdI): \u00abApprofondire i rapporti tra il Messico e l'Italia\u00bb","isPartOf":{"@id":"https:\/\/puntodincontro.mx\/#website"},"primaryImageOfPage":{"@id":"https:\/\/puntodincontro.mx\/2023\/12\/22\/terzi-fdi-approfondire-i-rapporti-tra-il-messico-e-l-italia\/#primaryimage"},"image":{"@id":"https:\/\/puntodincontro.mx\/2023\/12\/22\/terzi-fdi-approfondire-i-rapporti-tra-il-messico-e-l-italia\/#primaryimage"},"thumbnailUrl":"https:\/\/puntodincontro.mx\/wp-content\/uploads\/2023\/12\/italiamessicovert.webp","datePublished":"2023-12-22T15:02:27+00:00","dateModified":"2023-12-22T15:07:29+00:00","description":"En ocasi\u00f3n de la reuni\u00f3n interparlamentaria Italia-M\u00e9xico, el Sen. Terzi destac\u00f3 la importancia de profundizar las relaciones bilaterales","breadcrumb":{"@id":"https:\/\/puntodincontro.mx\/2023\/12\/22\/terzi-fdi-approfondire-i-rapporti-tra-il-messico-e-l-italia\/#breadcrumb"},"inLanguage":"es","potentialAction":[{"@type":"ReadAction","target":["https:\/\/puntodincontro.mx\/2023\/12\/22\/terzi-fdi-approfondire-i-rapporti-tra-il-messico-e-l-italia\/"]}]},{"@type":"ImageObject","inLanguage":"es","@id":"https:\/\/puntodincontro.mx\/2023\/12\/22\/terzi-fdi-approfondire-i-rapporti-tra-il-messico-e-l-italia\/#primaryimage","url":"https:\/\/puntodincontro.mx\/wp-content\/uploads\/2023\/12\/italiamessicovert.webp","contentUrl":"https:\/\/puntodincontro.mx\/wp-content\/uploads\/2023\/12\/italiamessicovert.webp","width":423,"height":488,"caption":"Terzi (FdI): \u00abApprofondire i rapporti tra il Messico e l'Italia\u00bb \/ Immagine: Puntodincontro"},{"@type":"BreadcrumbList","@id":"https:\/\/puntodincontro.mx\/2023\/12\/22\/terzi-fdi-approfondire-i-rapporti-tra-il-messico-e-l-italia\/#breadcrumb","itemListElement":[{"@type":"ListItem","position":1,"name":"Home","item":"https:\/\/puntodincontro.mx\/"},{"@type":"ListItem","position":2,"name":"Terzi (FdI): \u00abApprofondire i rapporti tra il Messico e l&#8217;Italia\u00bb"}]},{"@type":"WebSite","@id":"https:\/\/puntodincontro.mx\/#website","url":"https:\/\/puntodincontro.mx\/","name":"Puntodincontro","description":"Desde el 2006 noticias sobre las relaciones entre Italia y M\u00e9xico \/ Dal 2006 notizie sui rapporti Italia-Messico","publisher":{"@id":"https:\/\/puntodincontro.mx\/#organization"},"potentialAction":[{"@type":"SearchAction","target":{"@type":"EntryPoint","urlTemplate":"https:\/\/puntodincontro.mx\/?s={search_term_string}"},"query-input":{"@type":"PropertyValueSpecification","valueRequired":true,"valueName":"search_term_string"}}],"inLanguage":"es"},{"@type":"Organization","@id":"https:\/\/puntodincontro.mx\/#organization","name":"Puntodincontro","url":"https:\/\/puntodincontro.mx\/","logo":{"@type":"ImageObject","inLanguage":"es","@id":"https:\/\/puntodincontro.mx\/#\/schema\/logo\/image\/","url":"https:\/\/puntodincontro.mx\/wp-content\/uploads\/2021\/08\/Default-image-for-open-graph-settings.jpg","contentUrl":"https:\/\/puntodincontro.mx\/wp-content\/uploads\/2021\/08\/Default-image-for-open-graph-settings.jpg","width":1200,"height":630,"caption":"Puntodincontro"},"image":{"@id":"https:\/\/puntodincontro.mx\/#\/schema\/logo\/image\/"},"sameAs":["https:\/\/www.facebook.com\/puntodincontro.mx","https:\/\/x.com\/puntodincontro","https:\/\/www.instagram.com\/puntodincontro.mx\/","https:\/\/www.linkedin.com\/company\/puntodincontro\/","https:\/\/www.youtube.com\/c\/puntodincontromessico","https:\/\/www.patreon.com\/puntodincontro","https:\/\/www.threads.net\/@puntodincontro.mx"]},{"@type":"Person","@id":"https:\/\/puntodincontro.mx\/#\/schema\/person\/d3066d18a16259cbb0c29b0d0e93b556","name":"Puntodincontro","image":{"@type":"ImageObject","inLanguage":"es","@id":"https:\/\/puntodincontro.mx\/#\/schema\/person\/image\/","url":"https:\/\/secure.gravatar.com\/avatar\/0e85b4b3b5e9d6bfcec6a4956d8cc63a?s=96&d=mm&r=g","contentUrl":"https:\/\/secure.gravatar.com\/avatar\/0e85b4b3b5e9d6bfcec6a4956d8cc63a?s=96&d=mm&r=g","caption":"Puntodincontro"},"url":"https:\/\/puntodincontro.mx\/es\/author\/puntodincontro\/"}]}},"_links":{"self":[{"href":"https:\/\/puntodincontro.mx\/es\/wp-json\/wp\/v2\/posts\/16832"}],"collection":[{"href":"https:\/\/puntodincontro.mx\/es\/wp-json\/wp\/v2\/posts"}],"about":[{"href":"https:\/\/puntodincontro.mx\/es\/wp-json\/wp\/v2\/types\/post"}],"author":[{"embeddable":true,"href":"https:\/\/puntodincontro.mx\/es\/wp-json\/wp\/v2\/users\/2"}],"replies":[{"embeddable":true,"href":"https:\/\/puntodincontro.mx\/es\/wp-json\/wp\/v2\/comments?post=16832"}],"version-history":[{"count":6,"href":"https:\/\/puntodincontro.mx\/es\/wp-json\/wp\/v2\/posts\/16832\/revisions"}],"predecessor-version":[{"id":16841,"href":"https:\/\/puntodincontro.mx\/es\/wp-json\/wp\/v2\/posts\/16832\/revisions\/16841"}],"wp:featuredmedia":[{"embeddable":true,"href":"https:\/\/puntodincontro.mx\/es\/wp-json\/wp\/v2\/media\/16838"}],"wp:attachment":[{"href":"https:\/\/puntodincontro.mx\/es\/wp-json\/wp\/v2\/media?parent=16832"}],"wp:term":[{"taxonomy":"category","embeddable":true,"href":"https:\/\/puntodincontro.mx\/es\/wp-json\/wp\/v2\/categories?post=16832"},{"taxonomy":"post_tag","embeddable":true,"href":"https:\/\/puntodincontro.mx\/es\/wp-json\/wp\/v2\/tags?post=16832"}],"curies":[{"name":"wp","href":"https:\/\/api.w.org\/{rel}","templated":true}]}}